{"id":41307,"date":"2023-04-25T16:19:31","date_gmt":"2023-04-25T21:19:31","guid":{"rendered":"https:\/\/www.uartes.edu.ec\/sitio\/?p=41307"},"modified":"2024-07-04T11:21:16","modified_gmt":"2024-07-04T16:21:16","slug":"uartes-firma-convenio-con-instituto-confucio-de-la-usfq-biblioteca-recibe-una-donacion-de-libros","status":"publish","type":"post","link":"https:\/\/www.uartes.edu.ec\/sitio\/blog\/2023\/04\/25\/uartes-firma-convenio-con-instituto-confucio-de-la-usfq-biblioteca-recibe-una-donacion-de-libros\/","title":{"rendered":"La UArtes y el Instituto Confucio de la USFQ firman convenio de cooperaci\u00f3n; biblioteca recibe donaci\u00f3n de libros"},"content":{"rendered":"\n<p>La Universidad de las Artes y el Instituto Confucio de la Universidad San Francisco de Quito (USFQ) suscribieron a mediados del presente mes un Convenio Espec\u00edfico que busca la cooperaci\u00f3n entre ambas instituciones en distintos \u00e1mbitos.<\/p>\n\n\n\n<p>Impulsada desde la Direcci\u00f3n de Relaciones Internacionales de la UArtes, esta alianza permitir\u00e1 que estudiantes del Programa de Becas Ni Hao, quienes actualmente cursan clases en modalidad h\u00edbrida, puedan tener clases de forma presencial cada cierto tiempo en los espacios de nuestra instituci\u00f3n de educaci\u00f3n superior.<\/p>\n\n\n\n<p>Entre otros beneficios, la comunidad estudiantil UArtes tendr\u00e1 un descuento del 50% en los m\u00f3dulos de chino y, adicionalmente, se ofertar\u00e1n siete becas completas dirigidas a igual n\u00famero de nuestros alumnos para cinco m\u00f3dulos consecutivos de clases de chino con el Instituto Confucio. La convocatoria a este programa ser\u00e1 difundida pr\u00f3ximamente a trav\u00e9s de los canales de la Universidad de las Artes.<\/p>\n\n\n<div class=\"wp-block-image\">\n<figure class=\"aligncenter size-large\"><img fetchpriority=\"high\" decoding=\"async\" width=\"644\" height=\"429\" src=\"https:\/\/www.uartes.edu.ec\/sitio\/wp-content\/uploads\/2023\/04\/CONFUCIO-03-644x429.jpg\" alt=\"\" class=\"wp-image-41534\" srcset=\"https:\/\/www.uartes.edu.ec\/sitio\/wp-content\/uploads\/2023\/04\/CONFUCIO-03-644x429.jpg 644w, https:\/\/www.uartes.edu.ec\/sitio\/wp-content\/uploads\/2023\/04\/CONFUCIO-03-768x511.jpg 768w, https:\/\/www.uartes.edu.ec\/sitio\/wp-content\/uploads\/2023\/04\/CONFUCIO-03.jpg 2000w, https:\/\/www.uartes.edu.ec\/sitio\/wp-content\/uploads\/2023\/04\/CONFUCIO-03-600x399.jpg 600w, https:\/\/www.uartes.edu.ec\/sitio\/wp-content\/uploads\/2023\/04\/CONFUCIO-03-272x182.jpg 272w\" sizes=\"(max-width: 644px) 100vw, 644px\" \/><\/figure>\n<\/div>\n\n<div class=\"wp-block-image\">\n<figure class=\"aligncenter size-large\"><img decoding=\"async\" width=\"644\" height=\"429\" src=\"https:\/\/www.uartes.edu.ec\/sitio\/wp-content\/uploads\/2023\/04\/CONFUCIO-02-644x429.jpg\" alt=\"\" class=\"wp-image-41535\" srcset=\"https:\/\/www.uartes.edu.ec\/sitio\/wp-content\/uploads\/2023\/04\/CONFUCIO-02-644x429.jpg 644w, https:\/\/www.uartes.edu.ec\/sitio\/wp-content\/uploads\/2023\/04\/CONFUCIO-02-768x511.jpg 768w, https:\/\/www.uartes.edu.ec\/sitio\/wp-content\/uploads\/2023\/04\/CONFUCIO-02.jpg 2000w, https:\/\/www.uartes.edu.ec\/sitio\/wp-content\/uploads\/2023\/04\/CONFUCIO-02-600x399.jpg 600w, https:\/\/www.uartes.edu.ec\/sitio\/wp-content\/uploads\/2023\/04\/CONFUCIO-02-272x182.jpg 272w\" sizes=\"(max-width: 644px) 100vw, 644px\" \/><\/figure>\n<\/div>\n\n\n<p>Posterior a la suscripci\u00f3n del convenio, la directora del Instituto Confucio de la USFQ, Kiara Guerra, visit\u00f3 \u2013el pasado 17 de abril\u2013 la UArtes y realiz\u00f3 un recorrido por sus instalaciones junto a la directora de RRII, Susan Togra. Seguidamente, reunidas con el rector, doctor William Herrera, se identificaron espacios para la incorporaci\u00f3n de actividades culturales y art\u00edsticas de la cultura china en la agenda de nuestra instituci\u00f3n, dirigidas estas a la comunidad universitaria y al p\u00fablico guayaquile\u00f1o en general, a fin de fortalecer el relacionamiento Ecuador-China.<\/p>\n\n\n\n<p>En representaci\u00f3n del Instituto Confucio, Guerra entreg\u00f3 a la directora de la Biblioteca de las Artes, Soraya Campos, una donaci\u00f3n de veinticinco libros de diferentes autores y g\u00e9neros y material audiovisual. Constan, entre otros t\u00edtulos: \u201cChina hermosos paisajes\u201d, \u201cChinese Calligraphy\u201d, \u201cElementos de China\u201d, \u201cChinese Knots DVD\u201d, \u201cTo Write Chinese Words DVD\u201d, \u201cCinco Milenios de Caracteres Chinos\u201d, \u201cChina\u00b4s Museums\u201d, \u201cChinese Literature\u201d y \u201cSabios Antiguos de China-Mencio\u201d.<\/p>\n\n\n\n<p>Hubo tambi\u00e9n una charla con la comunidad universitaria para presentar al Instituto Confucio y dar a conocer los beneficios derivados del Convenio Espec\u00edfico. Se resalt\u00f3, entre otros temas, la importancia de la ense\u00f1anza del idioma chino y de que los alumnos UArtes puedan aprovechar las becas para estudios superiores en China.<\/p>\n\n\n<div class=\"wp-block-image\">\n<figure class=\"aligncenter size-large\"><img decoding=\"async\" width=\"644\" height=\"429\" src=\"https:\/\/www.uartes.edu.ec\/sitio\/wp-content\/uploads\/2023\/04\/CONFUCIO-04-644x429.jpg\" alt=\"\" class=\"wp-image-41536\" srcset=\"https:\/\/www.uartes.edu.ec\/sitio\/wp-content\/uploads\/2023\/04\/CONFUCIO-04-644x429.jpg 644w, https:\/\/www.uartes.edu.ec\/sitio\/wp-content\/uploads\/2023\/04\/CONFUCIO-04-768x511.jpg 768w, https:\/\/www.uartes.edu.ec\/sitio\/wp-content\/uploads\/2023\/04\/CONFUCIO-04.jpg 2000w, https:\/\/www.uartes.edu.ec\/sitio\/wp-content\/uploads\/2023\/04\/CONFUCIO-04-600x399.jpg 600w, https:\/\/www.uartes.edu.ec\/sitio\/wp-content\/uploads\/2023\/04\/CONFUCIO-04-272x182.jpg 272w\" sizes=\"(max-width: 644px) 100vw, 644px\" \/><\/figure>\n<\/div>","protected":false},"excerpt":{"rendered":"<p>La UArtes y el Instituto Confucio de la Universidad San Francisco de Quito suscribieron un convenio de mutua cooperaci\u00f3n en distintos \u00e1mbitos. Impulsada por la Direcci\u00f3n de Relaciones Internacionales de la UArtes, esta alianza permitir\u00e1 que estudiantes del Programa de Becas Ni Hao puedan tener clases presenciales cada cierto tiempo en nuestros espacios. La directora del instituto, Kiara Guerra, don\u00f3 libros a la Biblioteca.<\/p>\n","protected":false},"author":10,"featured_media":41533,"comment_status":"open","ping_status":"open","sticky":false,"template":"","format":"standard","meta":{"_acf_changed":false,"_uag_custom_page_level_css":"","_monsterinsights_skip_tracking":false,"_monsterinsights_sitenote_active":false,"_monsterinsights_sitenote_note":"","_monsterinsights_sitenote_category":0,"cybocfi_hide_featured_image":"","footnotes":""},"categories":[722,80,159,150,157,147,76,77,175],"tags":[543],"infouartes":[],"class_list":["post-41307","post","type-post","status-publish","format-standard","has-post-thumbnail","hentry","category-1f","category-academico","category-artes-escenicas","category-artes-sonoras","category-artes-visuales","category-cine","category-estudiantes","category-gestion","category-literatura","tag-convenio"],"acf":[],"yoast_head":"<!-- This site is optimized with the Yoast SEO plugin v27.4 - https:\/\/yoast.com\/product\/yoast-seo-wordpress\/ -->\n<title>Universidad de las Artes - La UArtes y el Instituto Confucio de la USFQ firman convenio de cooperaci\u00f3n; biblioteca recibe donaci\u00f3n de libros<\/title>\n<meta name=\"description\" content=\"Universidad de las Artes - La UArtes y el Instituto Confucio de la USFQ firman convenio de cooperaci\u00f3n; biblioteca recibe donaci\u00f3n de libros\" \/>\n<meta name=\"robots\" content=\"index, follow, max-snippet:-1, max-image-preview:large, max-video-preview:-1\" \/>\n<link rel=\"canonical\" href=\"https:\/\/www.uartes.edu.ec\/sitio\/blog\/2023\/04\/25\/uartes-firma-convenio-con-instituto-confucio-de-la-usfq-biblioteca-recibe-una-donacion-de-libros\/\" \/>\n<meta property=\"og:locale\" content=\"es_ES\" \/>\n<meta property=\"og:type\" content=\"article\" \/>\n<meta property=\"og:title\" content=\"Universidad de las Artes - La UArtes y el Instituto Confucio de la USFQ firman convenio de cooperaci\u00f3n; biblioteca recibe donaci\u00f3n de libros\" \/>\n<meta property=\"og:description\" content=\"Universidad de las Artes - La UArtes y el Instituto Confucio de la USFQ firman convenio de cooperaci\u00f3n; biblioteca recibe donaci\u00f3n de libros\" \/>\n<meta property=\"og:url\" content=\"https:\/\/www.uartes.edu.ec\/sitio\/blog\/2023\/04\/25\/uartes-firma-convenio-con-instituto-confucio-de-la-usfq-biblioteca-recibe-una-donacion-de-libros\/\" \/>\n<meta property=\"og:site_name\" content=\"Universidad de las Artes\" \/>\n<meta property=\"article:publisher\" content=\"https:\/\/www.facebook.com\/uartesec\" \/>\n<meta property=\"article:published_time\" content=\"2023-04-25T21:19:31+00:00\" \/>\n<meta property=\"article:modified_time\" content=\"2024-07-04T16:21:16+00:00\" \/>\n<meta property=\"og:image\" content=\"https:\/\/www.uartes.edu.ec\/sitio\/wp-content\/uploads\/2023\/04\/CONFUCIO-01.jpg\" \/>\n\t<meta property=\"og:image:width\" content=\"2000\" \/>\n\t<meta property=\"og:image:height\" content=\"1333\" \/>\n\t<meta property=\"og:image:type\" content=\"image\/jpeg\" \/>\n<meta name=\"author\" content=\"ccortez\" \/>\n<meta name=\"twitter:card\" content=\"summary_large_image\" \/>\n<meta name=\"twitter:creator\" content=\"@uartesec\" \/>\n<meta name=\"twitter:site\" content=\"@uartesec\" \/>\n<meta name=\"twitter:label1\" content=\"Escrito por\" \/>\n\t<meta name=\"twitter:data1\" content=\"ccortez\" \/>\n\t<meta name=\"twitter:label2\" content=\"Tiempo de lectura\" \/>\n\t<meta name=\"twitter:data2\" content=\"3 minutos\" \/>\n<script type=\"application\/ld+json\" class=\"yoast-schema-graph\">{\"@context\":\"https:\\\/\\\/schema.org\",\"@graph\":[{\"@type\":\"Article\",\"@id\":\"https:\\\/\\\/www.uartes.edu.ec\\\/sitio\\\/blog\\\/2023\\\/04\\\/25\\\/uartes-firma-convenio-con-instituto-confucio-de-la-usfq-biblioteca-recibe-una-donacion-de-libros\\\/#article\",\"isPartOf\":{\"@id\":\"https:\\\/\\\/www.uartes.edu.ec\\\/sitio\\\/blog\\\/2023\\\/04\\\/25\\\/uartes-firma-convenio-con-instituto-confucio-de-la-usfq-biblioteca-recibe-una-donacion-de-libros\\\/\"},\"author\":{\"name\":\"ccortez\",\"@id\":\"https:\\\/\\\/www.uartes.edu.ec\\\/sitio\\\/#\\\/schema\\\/person\\\/efa1b8275797664fd7f13a79ccc0b1f4\"},\"headline\":\"La UArtes y el Instituto Confucio de la USFQ firman convenio de cooperaci\u00f3n; biblioteca recibe donaci\u00f3n de libros\",\"datePublished\":\"2023-04-25T21:19:31+00:00\",\"dateModified\":\"2024-07-04T16:21:16+00:00\",\"mainEntityOfPage\":{\"@id\":\"https:\\\/\\\/www.uartes.edu.ec\\\/sitio\\\/blog\\\/2023\\\/04\\\/25\\\/uartes-firma-convenio-con-instituto-confucio-de-la-usfq-biblioteca-recibe-una-donacion-de-libros\\\/\"},\"wordCount\":391,\"commentCount\":0,\"publisher\":{\"@id\":\"https:\\\/\\\/www.uartes.edu.ec\\\/sitio\\\/#organization\"},\"image\":{\"@id\":\"https:\\\/\\\/www.uartes.edu.ec\\\/sitio\\\/blog\\\/2023\\\/04\\\/25\\\/uartes-firma-convenio-con-instituto-confucio-de-la-usfq-biblioteca-recibe-una-donacion-de-libros\\\/#primaryimage\"},\"thumbnailUrl\":\"https:\\\/\\\/www.uartes.edu.ec\\\/sitio\\\/wp-content\\\/uploads\\\/2023\\\/04\\\/CONFUCIO-01.jpg\",\"keywords\":[\"convenio\"],\"articleSection\":[\"1F\",\"Acad\u00e9mico\",\"Artes Esc\u00e9nicas\",\"Artes Sonoras\",\"Artes Visuales\",\"Cine\",\"Estudiantes\",\"Gesti\u00f3n\",\"Literatura\"],\"inLanguage\":\"es\",\"potentialAction\":[{\"@type\":\"CommentAction\",\"name\":\"Comment\",\"target\":[\"https:\\\/\\\/www.uartes.edu.ec\\\/sitio\\\/blog\\\/2023\\\/04\\\/25\\\/uartes-firma-convenio-con-instituto-confucio-de-la-usfq-biblioteca-recibe-una-donacion-de-libros\\\/#respond\"]}]},{\"@type\":[\"WebPage\",\"ItemPage\"],\"@id\":\"https:\\\/\\\/www.uartes.edu.ec\\\/sitio\\\/blog\\\/2023\\\/04\\\/25\\\/uartes-firma-convenio-con-instituto-confucio-de-la-usfq-biblioteca-recibe-una-donacion-de-libros\\\/\",\"url\":\"https:\\\/\\\/www.uartes.edu.ec\\\/sitio\\\/blog\\\/2023\\\/04\\\/25\\\/uartes-firma-convenio-con-instituto-confucio-de-la-usfq-biblioteca-recibe-una-donacion-de-libros\\\/\",\"name\":\"Universidad de las Artes - La UArtes y el Instituto Confucio de la USFQ firman convenio de cooperaci\u00f3n; biblioteca recibe donaci\u00f3n de libros\",\"isPartOf\":{\"@id\":\"https:\\\/\\\/www.uartes.edu.ec\\\/sitio\\\/#website\"},\"primaryImageOfPage\":{\"@id\":\"https:\\\/\\\/www.uartes.edu.ec\\\/sitio\\\/blog\\\/2023\\\/04\\\/25\\\/uartes-firma-convenio-con-instituto-confucio-de-la-usfq-biblioteca-recibe-una-donacion-de-libros\\\/#primaryimage\"},\"image\":{\"@id\":\"https:\\\/\\\/www.uartes.edu.ec\\\/sitio\\\/blog\\\/2023\\\/04\\\/25\\\/uartes-firma-convenio-con-instituto-confucio-de-la-usfq-biblioteca-recibe-una-donacion-de-libros\\\/#primaryimage\"},\"thumbnailUrl\":\"https:\\\/\\\/www.uartes.edu.ec\\\/sitio\\\/wp-content\\\/uploads\\\/2023\\\/04\\\/CONFUCIO-01.jpg\",\"datePublished\":\"2023-04-25T21:19:31+00:00\",\"dateModified\":\"2024-07-04T16:21:16+00:00\",\"description\":\"Universidad de las Artes - La UArtes y el Instituto Confucio de la USFQ firman convenio de cooperaci\u00f3n; biblioteca recibe donaci\u00f3n de libros\",\"breadcrumb\":{\"@id\":\"https:\\\/\\\/www.uartes.edu.ec\\\/sitio\\\/blog\\\/2023\\\/04\\\/25\\\/uartes-firma-convenio-con-instituto-confucio-de-la-usfq-biblioteca-recibe-una-donacion-de-libros\\\/#breadcrumb\"},\"inLanguage\":\"es\",\"potentialAction\":[{\"@type\":\"ReadAction\",\"target\":[\"https:\\\/\\\/www.uartes.edu.ec\\\/sitio\\\/blog\\\/2023\\\/04\\\/25\\\/uartes-firma-convenio-con-instituto-confucio-de-la-usfq-biblioteca-recibe-una-donacion-de-libros\\\/\"]}]},{\"@type\":\"ImageObject\",\"inLanguage\":\"es\",\"@id\":\"https:\\\/\\\/www.uartes.edu.ec\\\/sitio\\\/blog\\\/2023\\\/04\\\/25\\\/uartes-firma-convenio-con-instituto-confucio-de-la-usfq-biblioteca-recibe-una-donacion-de-libros\\\/#primaryimage\",\"url\":\"https:\\\/\\\/www.uartes.edu.ec\\\/sitio\\\/wp-content\\\/uploads\\\/2023\\\/04\\\/CONFUCIO-01.jpg\",\"contentUrl\":\"https:\\\/\\\/www.uartes.edu.ec\\\/sitio\\\/wp-content\\\/uploads\\\/2023\\\/04\\\/CONFUCIO-01.jpg\",\"width\":2000,\"height\":1333},{\"@type\":\"BreadcrumbList\",\"@id\":\"https:\\\/\\\/www.uartes.edu.ec\\\/sitio\\\/blog\\\/2023\\\/04\\\/25\\\/uartes-firma-convenio-con-instituto-confucio-de-la-usfq-biblioteca-recibe-una-donacion-de-libros\\\/#breadcrumb\",\"itemListElement\":[{\"@type\":\"ListItem\",\"position\":1,\"name\":\"Inicio\",\"item\":\"https:\\\/\\\/www.uartes.edu.ec\\\/sitio\\\/\"},{\"@type\":\"ListItem\",\"position\":2,\"name\":\"La UArtes y el Instituto Confucio de la USFQ firman convenio de cooperaci\u00f3n; biblioteca recibe donaci\u00f3n de libros\"}]},{\"@type\":\"WebSite\",\"@id\":\"https:\\\/\\\/www.uartes.edu.ec\\\/sitio\\\/#website\",\"url\":\"https:\\\/\\\/www.uartes.edu.ec\\\/sitio\\\/\",\"name\":\"Universidad de las Artes\",\"description\":\"Sitio oficial de la Universidad Nacional de las Artes del Ecuador\",\"publisher\":{\"@id\":\"https:\\\/\\\/www.uartes.edu.ec\\\/sitio\\\/#organization\"},\"potentialAction\":[{\"@type\":\"SearchAction\",\"target\":{\"@type\":\"EntryPoint\",\"urlTemplate\":\"https:\\\/\\\/www.uartes.edu.ec\\\/sitio\\\/?s={search_term_string}\"},\"query-input\":{\"@type\":\"PropertyValueSpecification\",\"valueRequired\":true,\"valueName\":\"search_term_string\"}}],\"inLanguage\":\"es\"},{\"@type\":\"Organization\",\"@id\":\"https:\\\/\\\/www.uartes.edu.ec\\\/sitio\\\/#organization\",\"name\":\"Universidad de las Artes\",\"url\":\"https:\\\/\\\/www.uartes.edu.ec\\\/sitio\\\/\",\"logo\":{\"@type\":\"ImageObject\",\"inLanguage\":\"es\",\"@id\":\"https:\\\/\\\/www.uartes.edu.ec\\\/sitio\\\/#\\\/schema\\\/logo\\\/image\\\/\",\"url\":\"https:\\\/\\\/www.uartes.edu.ec\\\/sitio\\\/wp-content\\\/uploads\\\/2022\\\/07\\\/logo-ua-horizontal.png\",\"contentUrl\":\"https:\\\/\\\/www.uartes.edu.ec\\\/sitio\\\/wp-content\\\/uploads\\\/2022\\\/07\\\/logo-ua-horizontal.png\",\"width\":800,\"height\":276,\"caption\":\"Universidad de las Artes\"},\"image\":{\"@id\":\"https:\\\/\\\/www.uartes.edu.ec\\\/sitio\\\/#\\\/schema\\\/logo\\\/image\\\/\"},\"sameAs\":[\"https:\\\/\\\/www.facebook.com\\\/uartesec\",\"https:\\\/\\\/x.com\\\/uartesec\",\"https:\\\/\\\/www.tiktok.com\\\/@uartesec\"]},{\"@type\":\"Person\",\"@id\":\"https:\\\/\\\/www.uartes.edu.ec\\\/sitio\\\/#\\\/schema\\\/person\\\/efa1b8275797664fd7f13a79ccc0b1f4\",\"name\":\"ccortez\",\"image\":{\"@type\":\"ImageObject\",\"inLanguage\":\"es\",\"@id\":\"https:\\\/\\\/secure.gravatar.com\\\/avatar\\\/b2a6f664a3ae8e074346ef91775736c5ec479e637ecced6842de9dc98b5da9cd?s=96&d=mm&r=g\",\"url\":\"https:\\\/\\\/secure.gravatar.com\\\/avatar\\\/b2a6f664a3ae8e074346ef91775736c5ec479e637ecced6842de9dc98b5da9cd?s=96&d=mm&r=g\",\"contentUrl\":\"https:\\\/\\\/secure.gravatar.com\\\/avatar\\\/b2a6f664a3ae8e074346ef91775736c5ec479e637ecced6842de9dc98b5da9cd?s=96&d=mm&r=g\",\"caption\":\"ccortez\"},\"url\":\"https:\\\/\\\/www.uartes.edu.ec\\\/sitio\\\/blog\\\/author\\\/ccortez\\\/\"}]}<\/script>\n<!-- \/ Yoast SEO plugin. -->","yoast_head_json":{"title":"Universidad de las Artes - La UArtes y el Instituto Confucio de la USFQ firman convenio de cooperaci\u00f3n; biblioteca recibe donaci\u00f3n de libros","description":"Universidad de las Artes - La UArtes y el Instituto Confucio de la USFQ firman convenio de cooperaci\u00f3n; biblioteca recibe donaci\u00f3n de libros","robots":{"index":"index","follow":"follow","max-snippet":"max-snippet:-1","max-image-preview":"max-image-preview:large","max-video-preview":"max-video-preview:-1"},"canonical":"https:\/\/www.uartes.edu.ec\/sitio\/blog\/2023\/04\/25\/uartes-firma-convenio-con-instituto-confucio-de-la-usfq-biblioteca-recibe-una-donacion-de-libros\/","og_locale":"es_ES","og_type":"article","og_title":"Universidad de las Artes - La UArtes y el Instituto Confucio de la USFQ firman convenio de cooperaci\u00f3n; biblioteca recibe donaci\u00f3n de libros","og_description":"Universidad de las Artes - La UArtes y el Instituto Confucio de la USFQ firman convenio de cooperaci\u00f3n; biblioteca recibe donaci\u00f3n de libros","og_url":"https:\/\/www.uartes.edu.ec\/sitio\/blog\/2023\/04\/25\/uartes-firma-convenio-con-instituto-confucio-de-la-usfq-biblioteca-recibe-una-donacion-de-libros\/","og_site_name":"Universidad de las Artes","article_publisher":"https:\/\/www.facebook.com\/uartesec","article_published_time":"2023-04-25T21:19:31+00:00","article_modified_time":"2024-07-04T16:21:16+00:00","og_image":[{"width":2000,"height":1333,"url":"https:\/\/www.uartes.edu.ec\/sitio\/wp-content\/uploads\/2023\/04\/CONFUCIO-01.jpg","type":"image\/jpeg"}],"author":"ccortez","twitter_card":"summary_large_image","twitter_creator":"@uartesec","twitter_site":"@uartesec","twitter_misc":{"Escrito por":"ccortez","Tiempo de lectura":"3 minutos"},"schema":{"@context":"https:\/\/schema.org","@graph":[{"@type":"Article","@id":"https:\/\/www.uartes.edu.ec\/sitio\/blog\/2023\/04\/25\/uartes-firma-convenio-con-instituto-confucio-de-la-usfq-biblioteca-recibe-una-donacion-de-libros\/#article","isPartOf":{"@id":"https:\/\/www.uartes.edu.ec\/sitio\/blog\/2023\/04\/25\/uartes-firma-convenio-con-instituto-confucio-de-la-usfq-biblioteca-recibe-una-donacion-de-libros\/"},"author":{"name":"ccortez","@id":"https:\/\/www.uartes.edu.ec\/sitio\/#\/schema\/person\/efa1b8275797664fd7f13a79ccc0b1f4"},"headline":"La UArtes y el Instituto Confucio de la USFQ firman convenio de cooperaci\u00f3n; biblioteca recibe donaci\u00f3n de libros","datePublished":"2023-04-25T21:19:31+00:00","dateModified":"2024-07-04T16:21:16+00:00","mainEntityOfPage":{"@id":"https:\/\/www.uartes.edu.ec\/sitio\/blog\/2023\/04\/25\/uartes-firma-convenio-con-instituto-confucio-de-la-usfq-biblioteca-recibe-una-donacion-de-libros\/"},"wordCount":391,"commentCount":0,"publisher":{"@id":"https:\/\/www.uartes.edu.ec\/sitio\/#organization"},"image":{"@id":"https:\/\/www.uartes.edu.ec\/sitio\/blog\/2023\/04\/25\/uartes-firma-convenio-con-instituto-confucio-de-la-usfq-biblioteca-recibe-una-donacion-de-libros\/#primaryimage"},"thumbnailUrl":"https:\/\/www.uartes.edu.ec\/sitio\/wp-content\/uploads\/2023\/04\/CONFUCIO-01.jpg","keywords":["convenio"],"articleSection":["1F","Acad\u00e9mico","Artes Esc\u00e9nicas","Artes Sonoras","Artes Visuales","Cine","Estudiantes","Gesti\u00f3n","Literatura"],"inLanguage":"es","potentialAction":[{"@type":"CommentAction","name":"Comment","target":["https:\/\/www.uartes.edu.ec\/sitio\/blog\/2023\/04\/25\/uartes-firma-convenio-con-instituto-confucio-de-la-usfq-biblioteca-recibe-una-donacion-de-libros\/#respond"]}]},{"@type":["WebPage","ItemPage"],"@id":"https:\/\/www.uartes.edu.ec\/sitio\/blog\/2023\/04\/25\/uartes-firma-convenio-con-instituto-confucio-de-la-usfq-biblioteca-recibe-una-donacion-de-libros\/","url":"https:\/\/www.uartes.edu.ec\/sitio\/blog\/2023\/04\/25\/uartes-firma-convenio-con-instituto-confucio-de-la-usfq-biblioteca-recibe-una-donacion-de-libros\/","name":"Universidad de las Artes - La UArtes y el Instituto Confucio de la USFQ firman convenio de cooperaci\u00f3n; biblioteca recibe donaci\u00f3n de libros","isPartOf":{"@id":"https:\/\/www.uartes.edu.ec\/sitio\/#website"},"primaryImageOfPage":{"@id":"https:\/\/www.uartes.edu.ec\/sitio\/blog\/2023\/04\/25\/uartes-firma-convenio-con-instituto-confucio-de-la-usfq-biblioteca-recibe-una-donacion-de-libros\/#primaryimage"},"image":{"@id":"https:\/\/www.uartes.edu.ec\/sitio\/blog\/2023\/04\/25\/uartes-firma-convenio-con-instituto-confucio-de-la-usfq-biblioteca-recibe-una-donacion-de-libros\/#primaryimage"},"thumbnailUrl":"https:\/\/www.uartes.edu.ec\/sitio\/wp-content\/uploads\/2023\/04\/CONFUCIO-01.jpg","datePublished":"2023-04-25T21:19:31+00:00","dateModified":"2024-07-04T16:21:16+00:00","description":"Universidad de las Artes - La UArtes y el Instituto Confucio de la USFQ firman convenio de cooperaci\u00f3n; biblioteca recibe donaci\u00f3n de libros","breadcrumb":{"@id":"https:\/\/www.uartes.edu.ec\/sitio\/blog\/2023\/04\/25\/uartes-firma-convenio-con-instituto-confucio-de-la-usfq-biblioteca-recibe-una-donacion-de-libros\/#breadcrumb"},"inLanguage":"es","potentialAction":[{"@type":"ReadAction","target":["https:\/\/www.uartes.edu.ec\/sitio\/blog\/2023\/04\/25\/uartes-firma-convenio-con-instituto-confucio-de-la-usfq-biblioteca-recibe-una-donacion-de-libros\/"]}]},{"@type":"ImageObject","inLanguage":"es","@id":"https:\/\/www.uartes.edu.ec\/sitio\/blog\/2023\/04\/25\/uartes-firma-convenio-con-instituto-confucio-de-la-usfq-biblioteca-recibe-una-donacion-de-libros\/#primaryimage","url":"https:\/\/www.uartes.edu.ec\/sitio\/wp-content\/uploads\/2023\/04\/CONFUCIO-01.jpg","contentUrl":"https:\/\/www.uartes.edu.ec\/sitio\/wp-content\/uploads\/2023\/04\/CONFUCIO-01.jpg","width":2000,"height":1333},{"@type":"BreadcrumbList","@id":"https:\/\/www.uartes.edu.ec\/sitio\/blog\/2023\/04\/25\/uartes-firma-convenio-con-instituto-confucio-de-la-usfq-biblioteca-recibe-una-donacion-de-libros\/#breadcrumb","itemListElement":[{"@type":"ListItem","position":1,"name":"Inicio","item":"https:\/\/www.uartes.edu.ec\/sitio\/"},{"@type":"ListItem","position":2,"name":"La UArtes y el Instituto Confucio de la USFQ firman convenio de cooperaci\u00f3n; biblioteca recibe donaci\u00f3n de libros"}]},{"@type":"WebSite","@id":"https:\/\/www.uartes.edu.ec\/sitio\/#website","url":"https:\/\/www.uartes.edu.ec\/sitio\/","name":"Universidad de las Artes","description":"Sitio oficial de la Universidad Nacional de las Artes del Ecuador","publisher":{"@id":"https:\/\/www.uartes.edu.ec\/sitio\/#organization"},"potentialAction":[{"@type":"SearchAction","target":{"@type":"EntryPoint","urlTemplate":"https:\/\/www.uartes.edu.ec\/sitio\/?s={search_term_string}"},"query-input":{"@type":"PropertyValueSpecification","valueRequired":true,"valueName":"search_term_string"}}],"inLanguage":"es"},{"@type":"Organization","@id":"https:\/\/www.uartes.edu.ec\/sitio\/#organization","name":"Universidad de las Artes","url":"https:\/\/www.uartes.edu.ec\/sitio\/","logo":{"@type":"ImageObject","inLanguage":"es","@id":"https:\/\/www.uartes.edu.ec\/sitio\/#\/schema\/logo\/image\/","url":"https:\/\/www.uartes.edu.ec\/sitio\/wp-content\/uploads\/2022\/07\/logo-ua-horizontal.png","contentUrl":"https:\/\/www.uartes.edu.ec\/sitio\/wp-content\/uploads\/2022\/07\/logo-ua-horizontal.png","width":800,"height":276,"caption":"Universidad de las Artes"},"image":{"@id":"https:\/\/www.uartes.edu.ec\/sitio\/#\/schema\/logo\/image\/"},"sameAs":["https:\/\/www.facebook.com\/uartesec","https:\/\/x.com\/uartesec","https:\/\/www.tiktok.com\/@uartesec"]},{"@type":"Person","@id":"https:\/\/www.uartes.edu.ec\/sitio\/#\/schema\/person\/efa1b8275797664fd7f13a79ccc0b1f4","name":"ccortez","image":{"@type":"ImageObject","inLanguage":"es","@id":"https:\/\/secure.gravatar.com\/avatar\/b2a6f664a3ae8e074346ef91775736c5ec479e637ecced6842de9dc98b5da9cd?s=96&d=mm&r=g","url":"https:\/\/secure.gravatar.com\/avatar\/b2a6f664a3ae8e074346ef91775736c5ec479e637ecced6842de9dc98b5da9cd?s=96&d=mm&r=g","contentUrl":"https:\/\/secure.gravatar.com\/avatar\/b2a6f664a3ae8e074346ef91775736c5ec479e637ecced6842de9dc98b5da9cd?s=96&d=mm&r=g","caption":"ccortez"},"url":"https:\/\/www.uartes.edu.ec\/sitio\/blog\/author\/ccortez\/"}]}},"uagb_featured_image_src":{"full":["https:\/\/www.uartes.edu.ec\/sitio\/wp-content\/uploads\/2023\/04\/CONFUCIO-01.jpg",2000,1333,false],"thumbnail":["https:\/\/www.uartes.edu.ec\/sitio\/wp-content\/uploads\/2023\/04\/CONFUCIO-01-150x150.jpg",150,150,true],"medium":["https:\/\/www.uartes.edu.ec\/sitio\/wp-content\/uploads\/2023\/04\/CONFUCIO-01-300x200.jpg",300,200,true],"medium_large":["https:\/\/www.uartes.edu.ec\/sitio\/wp-content\/uploads\/2023\/04\/CONFUCIO-01-768x512.jpg",768,512,true],"large":["https:\/\/www.uartes.edu.ec\/sitio\/wp-content\/uploads\/2023\/04\/CONFUCIO-01-644x429.jpg",644,429,true],"1536x1536":["https:\/\/www.uartes.edu.ec\/sitio\/wp-content\/uploads\/2023\/04\/CONFUCIO-01-1536x1024.jpg",1536,1024,true],"2048x2048":["https:\/\/www.uartes.edu.ec\/sitio\/wp-content\/uploads\/2023\/04\/CONFUCIO-01.jpg",2000,1333,false],"trp-custom-language-flag":["https:\/\/www.uartes.edu.ec\/sitio\/wp-content\/uploads\/2023\/04\/CONFUCIO-01.jpg",18,12,false],"htmega_size_585x295":["https:\/\/www.uartes.edu.ec\/sitio\/wp-content\/uploads\/2023\/04\/CONFUCIO-01-585x295.jpg",585,295,true],"htmega_size_1170x536":["https:\/\/www.uartes.edu.ec\/sitio\/wp-content\/uploads\/2023\/04\/CONFUCIO-01-1170x536.jpg",1170,536,true],"htmega_size_396x360":["https:\/\/www.uartes.edu.ec\/sitio\/wp-content\/uploads\/2023\/04\/CONFUCIO-01-396x360.jpg",396,360,true],"gb-block-post-grid-landscape":["https:\/\/www.uartes.edu.ec\/sitio\/wp-content\/uploads\/2023\/04\/CONFUCIO-01-600x400.jpg",600,400,true],"gb-block-post-grid-square":["https:\/\/www.uartes.edu.ec\/sitio\/wp-content\/uploads\/2023\/04\/CONFUCIO-01-600x600.jpg",600,600,true],"university-hub-thumb":["https:\/\/www.uartes.edu.ec\/sitio\/wp-content\/uploads\/2023\/04\/CONFUCIO-01-400x267.jpg",400,267,true]},"uagb_author_info":{"display_name":"ccortez","author_link":"https:\/\/www.uartes.edu.ec\/sitio\/blog\/author\/ccortez\/"},"uagb_comment_info":0,"uagb_excerpt":"La UArtes y el Instituto Confucio de la Universidad San Francisco de Quito suscribieron un convenio de mutua cooperaci\u00f3n en distintos \u00e1mbitos. Impulsada por la Direcci\u00f3n de Relaciones Internacionales de la UArtes, esta alianza permitir\u00e1 que estudiantes del Programa de Becas Ni Hao puedan tener clases presenciales cada cierto tiempo en nuestros espacios. La directora&hellip;","featured_image_src":"https:\/\/www.uartes.edu.ec\/sitio\/wp-content\/uploads\/2023\/04\/CONFUCIO-01-600x400.jpg","featured_image_src_square":"https:\/\/www.uartes.edu.ec\/sitio\/wp-content\/uploads\/2023\/04\/CONFUCIO-01-600x600.jpg","author_info":{"display_name":"ccortez","author_link":"https:\/\/www.uartes.edu.ec\/sitio\/blog\/author\/ccortez\/"},"publishpress_future_workflow_manual_trigger":{"enabledWorkflows":[]},"distributor_meta":false,"distributor_terms":false,"distributor_media":false,"distributor_original_site_name":"Universidad de las Artes","distributor_original_site_url":"https:\/\/www.uartes.edu.ec\/sitio","push-errors":false,"_links":{"self":[{"href":"https:\/\/www.uartes.edu.ec\/sitio\/wp-json\/wp\/v2\/posts\/41307","targetHints":{"allow":["GET"]}}],"collection":[{"href":"https:\/\/www.uartes.edu.ec\/sitio\/wp-json\/wp\/v2\/posts"}],"about":[{"href":"https:\/\/www.uartes.edu.ec\/sitio\/wp-json\/wp\/v2\/types\/post"}],"author":[{"embeddable":true,"href":"https:\/\/www.uartes.edu.ec\/sitio\/wp-json\/wp\/v2\/users\/10"}],"replies":[{"embeddable":true,"href":"https:\/\/www.uartes.edu.ec\/sitio\/wp-json\/wp\/v2\/comments?post=41307"}],"version-history":[{"count":8,"href":"https:\/\/www.uartes.edu.ec\/sitio\/wp-json\/wp\/v2\/posts\/41307\/revisions"}],"predecessor-version":[{"id":41548,"href":"https:\/\/www.uartes.edu.ec\/sitio\/wp-json\/wp\/v2\/posts\/41307\/revisions\/41548"}],"wp:featuredmedia":[{"embeddable":true,"href":"https:\/\/www.uartes.edu.ec\/sitio\/wp-json\/wp\/v2\/media\/41533"}],"wp:attachment":[{"href":"https:\/\/www.uartes.edu.ec\/sitio\/wp-json\/wp\/v2\/media?parent=41307"}],"wp:term":[{"taxonomy":"category","embeddable":true,"href":"https:\/\/www.uartes.edu.ec\/sitio\/wp-json\/wp\/v2\/categories?post=41307"},{"taxonomy":"post_tag","embeddable":true,"href":"https:\/\/www.uartes.edu.ec\/sitio\/wp-json\/wp\/v2\/tags?post=41307"},{"taxonomy":"infouartes","embeddable":true,"href":"https:\/\/www.uartes.edu.ec\/sitio\/wp-json\/wp\/v2\/infouartes?post=41307"}],"curies":[{"name":"wp","href":"https:\/\/api.w.org\/{rel}","templated":true}]}}