{"id":41422,"date":"2023-04-28T09:15:00","date_gmt":"2023-04-28T14:15:00","guid":{"rendered":"https:\/\/www.uartes.edu.ec\/sitio\/?p=41422"},"modified":"2024-07-04T11:21:15","modified_gmt":"2024-07-04T16:21:15","slug":"organo-colegiado-superior-uartes-inauguro-con-sesion-presencial-su-sala-en-el-telegrafo","status":"publish","type":"post","link":"https:\/\/www.uartes.edu.ec\/sitio\/blog\/2023\/04\/28\/organo-colegiado-superior-uartes-inauguro-con-sesion-presencial-su-sala-en-el-telegrafo\/","title":{"rendered":"OCS de la UArtes inaugur\u00f3 con sesi\u00f3n presencial su sala en El Tel\u00e9grafo"},"content":{"rendered":"\n<p>El \u00d3rgano Colegiado Superior de la Universidad de las Artes ha venido sesionando sin descanso desde inicios del 2021. Lo ha hecho de manera virtual, pero este mi\u00e9rcoles 26 de abril de 2023 la sesi\u00f3n No. UA-OCS-SO-2023-08 se realiz\u00f3 de manera presencial. Sus miembros: el rector, quien lo preside, los vicerrectores, directores de las escuelas de pregrado y posgrado y los representantes estudiantiles, acad\u00e9micos y de servidores y trabajadores de la UArtes, se reunieron por primera vez en la sala destinada para el OCS.<\/p>\n\n\n\n<p>\u201cEs un momento que tiene un significado muy especial\u201d, indic\u00f3 el doctor William Herrera a InfoUArtes, pues con la sesi\u00f3n de este mi\u00e9rcoles la Sala del OCS qued\u00f3 inaugurada. \u201cEs, de cierta manera, materializar el cogobierno en un espacio que est\u00e1 seguro se va a convertir en un s\u00edmbolo para la universidad\u201d, agreg\u00f3.<\/p>\n\n\n\n<p>Si bien las herramientas virtuales son importantes y le ha permitido al OCS sesionar cada mi\u00e9rcoles de manera ordinaria, y sumarle m\u00e1s d\u00edas cuando se han requerido reuniones extraordinarias, \u201cesta forma de trabajar activa otros canales de di\u00e1logo, otras formas de debatir y de reflexionar sobre los desaf\u00edos que tiene la universidad y que forma parte de la agenda del \u00d3rgano Colegiado Superior. Nos va a permitir activar otros tipos de din\u00e1micas entre los distintos estamentos de la universidad\u201d, refiri\u00f3 el rector.<\/p>\n\n\n<div class=\"wp-block-image\">\n<figure class=\"aligncenter size-large\"><img fetchpriority=\"high\" decoding=\"async\" width=\"644\" height=\"429\" src=\"https:\/\/www.uartes.edu.ec\/sitio\/wp-content\/uploads\/2023\/04\/03-REUNION-OCS-PARA-WEB-644x429.jpg\" alt=\"\" class=\"wp-image-41424\" srcset=\"https:\/\/www.uartes.edu.ec\/sitio\/wp-content\/uploads\/2023\/04\/03-REUNION-OCS-PARA-WEB-644x429.jpg 644w, https:\/\/www.uartes.edu.ec\/sitio\/wp-content\/uploads\/2023\/04\/03-REUNION-OCS-PARA-WEB-768x511.jpg 768w, https:\/\/www.uartes.edu.ec\/sitio\/wp-content\/uploads\/2023\/04\/03-REUNION-OCS-PARA-WEB.jpg 2000w, https:\/\/www.uartes.edu.ec\/sitio\/wp-content\/uploads\/2023\/04\/03-REUNION-OCS-PARA-WEB-600x399.jpg 600w, https:\/\/www.uartes.edu.ec\/sitio\/wp-content\/uploads\/2023\/04\/03-REUNION-OCS-PARA-WEB-272x182.jpg 272w\" sizes=\"(max-width: 644px) 100vw, 644px\" \/><\/figure>\n<\/div>\n\n\n<p>Tambi\u00e9n expres\u00f3 que la inauguraci\u00f3n de la Sala del OCS, m\u00e1xima autoridad de la Universidad de las Artes, es el resultado de la contribuci\u00f3n y aportes de muchas \u00e1reas: Infraestructura, TICs y Comunicaci\u00f3n, en su ensamblaje; los vicerrectores y sus miembros. Todos han participado de alguna manera para la activaci\u00f3n del espacio.<\/p>\n\n\n\n<p>Ubicada en el primer piso de El Tel\u00e9grafo, la Sala del OCS ofrece condiciones materiales y simb\u00f3licas de solemnidad. Se siente all\u00ed la historia que ha tenido el patrimonial edificio y, por medio de este \u2013inaugurado en 1923\u2013 la memoria de la ciudad.<\/p>\n\n\n\n<p>Antes de dar inicio al orden del d\u00eda de este 26 de abril, el rector invit\u00f3 a los miembros del OCS a identificarse ya en la presencialidad. Asistieron los vicerrrectores Olga L\u00f3pez y Bradley Hilgert. Los directores de escuelas: Xavier Pati\u00f1o, de Artes Visuales; Andrey Astaiza, de Artes Sonoras; Alejandra Zambrano, de Literatura; Pedro Cagigal, de Cine; Bertha D\u00edaz, de Artes Esc\u00e9nicas; y, Diana Medina, de Posgrados.<\/p>\n\n\n<div class=\"wp-block-image\">\n<figure class=\"aligncenter size-large\"><img decoding=\"async\" width=\"644\" height=\"429\" src=\"https:\/\/www.uartes.edu.ec\/sitio\/wp-content\/uploads\/2023\/04\/01-REUNION-OCS-PARA-WEB-644x429.jpg\" alt=\"\" class=\"wp-image-41425\" srcset=\"https:\/\/www.uartes.edu.ec\/sitio\/wp-content\/uploads\/2023\/04\/01-REUNION-OCS-PARA-WEB-644x429.jpg 644w, https:\/\/www.uartes.edu.ec\/sitio\/wp-content\/uploads\/2023\/04\/01-REUNION-OCS-PARA-WEB-768x511.jpg 768w, https:\/\/www.uartes.edu.ec\/sitio\/wp-content\/uploads\/2023\/04\/01-REUNION-OCS-PARA-WEB.jpg 2000w, https:\/\/www.uartes.edu.ec\/sitio\/wp-content\/uploads\/2023\/04\/01-REUNION-OCS-PARA-WEB-600x399.jpg 600w, https:\/\/www.uartes.edu.ec\/sitio\/wp-content\/uploads\/2023\/04\/01-REUNION-OCS-PARA-WEB-272x182.jpg 272w\" sizes=\"(max-width: 644px) 100vw, 644px\" \/><\/figure>\n<\/div>\n\n\n<p>Los representantes acad\u00e9micos: Jorge Aycart (rector del ITAE), carrera de Artes Visuales, alterno de Saidel Brito; Elizabeth Medina, carrera de Danza, alterna de Lorena Delgado; Adina Izarra, carrera de Artes Musicales, alterna de Fredy Vallejos; Andr\u00e9s Land\u00e1zuri, carrera de Literatura, alterno de Solange Rodr\u00edguez; Gabriela Rivadeneira, carrera de Cine; Meining Cheung, carrera de Producci\u00f3n Musical; Benjam\u00edn Cort\u00e9s, carrera de Creaci\u00f3n Teatral; Ybelice Brice\u00f1o, de la Unidad Transversal; y, Fernando Intriago, de Lenguas Extranjeras.<\/p>\n\n\n\n<p>Los representantes estudiantiles: Danny Robles, de Artes Sonoras; Adriana Gavilanes, de Literatura, alterna de Rosa Quiroz; Noem\u00ed Villena, de la Unidad Transversal; Giovanni Contero, de Cine; y, Abel Berm\u00fadez, de Artes Esc\u00e9nicas. Los representantes de servidores y trabajadores: Mar\u00eda Ver\u00f3nica Mateus, administrativa.<\/p>\n\n\n\n<p>Con ellos, la abogada Patricia Ayala, secretaria ad hoc del OCS. Presentes tambi\u00e9n en la sala y mencionados por el rector, los funcionarios Narcisa Barzola, de rectorado; Jeffry Luna, de Producci\u00f3n; Bryan Lazo, de TICs; y, Roc\u00edo Mart\u00ednez y Carmen Cortez, de Comunicaci\u00f3n.<\/p>\n\n\n\n<p>*Cabe recordar que los miembros del OCS, al igual que los rectores y vicerrectores y Consejos Directivos de Escuela, son elegidos de manera democr\u00e1tica. El pasado 1 de marzo de 2023 fueron posesionados los nuevos representantes estudiantiles, cuyo periodo es de un a\u00f1o; y de los servidores y trabajadores, que duran dos. Los representantes acad\u00e9micos tienen tres a\u00f1os de funciones.<\/p>\n","protected":false},"excerpt":{"rendered":"<p>El \u00d3rgano Colegiado Superior ha venido sesionando sin descanso desde inicios del 2021. Lo ha hecho de manera virtual, pero este mi\u00e9rcoles 26 de abril la sesi\u00f3n No. UA-OCS-SO-2023-08 fue presencial. Sus miembros: el rector, quien lo preside, los vicerrectores, directores de las escuelas de pregrado y posgrado y los representantes estudiantiles, acad\u00e9micos y de servidores y trabajadores, se reunieron por primera vez en la sala destinada para el OCS.<\/p>\n","protected":false},"author":10,"featured_media":41423,"comment_status":"open","ping_status":"open","sticky":false,"template":"","format":"standard","meta":{"_acf_changed":false,"_uag_custom_page_level_css":"","_monsterinsights_skip_tracking":false,"_monsterinsights_sitenote_active":false,"_monsterinsights_sitenote_note":"","_monsterinsights_sitenote_category":0,"cybocfi_hide_featured_image":"","footnotes":""},"categories":[712,438,75,76,465],"tags":[969],"infouartes":[],"class_list":["post-41422","post","type-post","status-publish","format-standard","has-post-thumbnail","hentry","category-1a","category-administrativos","category-docentes","category-estudiantes","category-ocs","tag-inauguracion-sala-ocs"],"acf":[],"yoast_head":"<!-- This site is optimized with the Yoast SEO plugin v27.4 - https:\/\/yoast.com\/product\/yoast-seo-wordpress\/ -->\n<title>Universidad de las Artes - OCS de la UArtes inaugur\u00f3 con sesi\u00f3n presencial su sala en El Tel\u00e9grafo<\/title>\n<meta name=\"description\" content=\"Universidad de las Artes - OCS de la UArtes inaugur\u00f3 con sesi\u00f3n presencial su sala en El Tel\u00e9grafo\" \/>\n<meta name=\"robots\" content=\"index, follow, max-snippet:-1, max-image-preview:large, max-video-preview:-1\" \/>\n<link rel=\"canonical\" href=\"https:\/\/www.uartes.edu.ec\/sitio\/blog\/2023\/04\/28\/organo-colegiado-superior-uartes-inauguro-con-sesion-presencial-su-sala-en-el-telegrafo\/\" \/>\n<meta property=\"og:locale\" content=\"es_ES\" \/>\n<meta property=\"og:type\" content=\"article\" \/>\n<meta property=\"og:title\" content=\"Universidad de las Artes - OCS de la UArtes inaugur\u00f3 con sesi\u00f3n presencial su sala en El Tel\u00e9grafo\" \/>\n<meta property=\"og:description\" content=\"Universidad de las Artes - OCS de la UArtes inaugur\u00f3 con sesi\u00f3n presencial su sala en El Tel\u00e9grafo\" \/>\n<meta property=\"og:url\" content=\"https:\/\/www.uartes.edu.ec\/sitio\/blog\/2023\/04\/28\/organo-colegiado-superior-uartes-inauguro-con-sesion-presencial-su-sala-en-el-telegrafo\/\" \/>\n<meta property=\"og:site_name\" content=\"Universidad de las Artes\" \/>\n<meta property=\"article:publisher\" content=\"https:\/\/www.facebook.com\/uartesec\" \/>\n<meta property=\"article:published_time\" content=\"2023-04-28T14:15:00+00:00\" \/>\n<meta property=\"article:modified_time\" content=\"2024-07-04T16:21:15+00:00\" \/>\n<meta property=\"og:image\" content=\"https:\/\/www.uartes.edu.ec\/sitio\/wp-content\/uploads\/2023\/04\/02-REUNION-OCS-PARA-WEB.jpg\" \/>\n\t<meta property=\"og:image:width\" content=\"2000\" \/>\n\t<meta property=\"og:image:height\" content=\"1333\" \/>\n\t<meta property=\"og:image:type\" content=\"image\/jpeg\" \/>\n<meta name=\"author\" content=\"ccortez\" \/>\n<meta name=\"twitter:card\" content=\"summary_large_image\" \/>\n<meta name=\"twitter:creator\" content=\"@uartesec\" \/>\n<meta name=\"twitter:site\" content=\"@uartesec\" \/>\n<meta name=\"twitter:label1\" content=\"Escrito por\" \/>\n\t<meta name=\"twitter:data1\" content=\"ccortez\" \/>\n\t<meta name=\"twitter:label2\" content=\"Tiempo de lectura\" \/>\n\t<meta name=\"twitter:data2\" content=\"4 minutos\" \/>\n<script type=\"application\/ld+json\" class=\"yoast-schema-graph\">{\"@context\":\"https:\\\/\\\/schema.org\",\"@graph\":[{\"@type\":\"Article\",\"@id\":\"https:\\\/\\\/www.uartes.edu.ec\\\/sitio\\\/blog\\\/2023\\\/04\\\/28\\\/organo-colegiado-superior-uartes-inauguro-con-sesion-presencial-su-sala-en-el-telegrafo\\\/#article\",\"isPartOf\":{\"@id\":\"https:\\\/\\\/www.uartes.edu.ec\\\/sitio\\\/blog\\\/2023\\\/04\\\/28\\\/organo-colegiado-superior-uartes-inauguro-con-sesion-presencial-su-sala-en-el-telegrafo\\\/\"},\"author\":{\"name\":\"ccortez\",\"@id\":\"https:\\\/\\\/www.uartes.edu.ec\\\/sitio\\\/#\\\/schema\\\/person\\\/efa1b8275797664fd7f13a79ccc0b1f4\"},\"headline\":\"OCS de la UArtes inaugur\u00f3 con sesi\u00f3n presencial su sala en El Tel\u00e9grafo\",\"datePublished\":\"2023-04-28T14:15:00+00:00\",\"dateModified\":\"2024-07-04T16:21:15+00:00\",\"mainEntityOfPage\":{\"@id\":\"https:\\\/\\\/www.uartes.edu.ec\\\/sitio\\\/blog\\\/2023\\\/04\\\/28\\\/organo-colegiado-superior-uartes-inauguro-con-sesion-presencial-su-sala-en-el-telegrafo\\\/\"},\"wordCount\":655,\"commentCount\":0,\"publisher\":{\"@id\":\"https:\\\/\\\/www.uartes.edu.ec\\\/sitio\\\/#organization\"},\"image\":{\"@id\":\"https:\\\/\\\/www.uartes.edu.ec\\\/sitio\\\/blog\\\/2023\\\/04\\\/28\\\/organo-colegiado-superior-uartes-inauguro-con-sesion-presencial-su-sala-en-el-telegrafo\\\/#primaryimage\"},\"thumbnailUrl\":\"https:\\\/\\\/www.uartes.edu.ec\\\/sitio\\\/wp-content\\\/uploads\\\/2023\\\/04\\\/02-REUNION-OCS-PARA-WEB.jpg\",\"keywords\":[\"inauguraci\u00f3n sala OCS\"],\"articleSection\":[\"1A\",\"Administrativos\",\"Docentes\",\"Estudiantes\",\"\u00d3rgano Colegiado Superior\"],\"inLanguage\":\"es\",\"potentialAction\":[{\"@type\":\"CommentAction\",\"name\":\"Comment\",\"target\":[\"https:\\\/\\\/www.uartes.edu.ec\\\/sitio\\\/blog\\\/2023\\\/04\\\/28\\\/organo-colegiado-superior-uartes-inauguro-con-sesion-presencial-su-sala-en-el-telegrafo\\\/#respond\"]}]},{\"@type\":[\"WebPage\",\"ItemPage\"],\"@id\":\"https:\\\/\\\/www.uartes.edu.ec\\\/sitio\\\/blog\\\/2023\\\/04\\\/28\\\/organo-colegiado-superior-uartes-inauguro-con-sesion-presencial-su-sala-en-el-telegrafo\\\/\",\"url\":\"https:\\\/\\\/www.uartes.edu.ec\\\/sitio\\\/blog\\\/2023\\\/04\\\/28\\\/organo-colegiado-superior-uartes-inauguro-con-sesion-presencial-su-sala-en-el-telegrafo\\\/\",\"name\":\"Universidad de las Artes - OCS de la UArtes inaugur\u00f3 con sesi\u00f3n presencial su sala en El Tel\u00e9grafo\",\"isPartOf\":{\"@id\":\"https:\\\/\\\/www.uartes.edu.ec\\\/sitio\\\/#website\"},\"primaryImageOfPage\":{\"@id\":\"https:\\\/\\\/www.uartes.edu.ec\\\/sitio\\\/blog\\\/2023\\\/04\\\/28\\\/organo-colegiado-superior-uartes-inauguro-con-sesion-presencial-su-sala-en-el-telegrafo\\\/#primaryimage\"},\"image\":{\"@id\":\"https:\\\/\\\/www.uartes.edu.ec\\\/sitio\\\/blog\\\/2023\\\/04\\\/28\\\/organo-colegiado-superior-uartes-inauguro-con-sesion-presencial-su-sala-en-el-telegrafo\\\/#primaryimage\"},\"thumbnailUrl\":\"https:\\\/\\\/www.uartes.edu.ec\\\/sitio\\\/wp-content\\\/uploads\\\/2023\\\/04\\\/02-REUNION-OCS-PARA-WEB.jpg\",\"datePublished\":\"2023-04-28T14:15:00+00:00\",\"dateModified\":\"2024-07-04T16:21:15+00:00\",\"description\":\"Universidad de las Artes - OCS de la UArtes inaugur\u00f3 con sesi\u00f3n presencial su sala en El Tel\u00e9grafo\",\"breadcrumb\":{\"@id\":\"https:\\\/\\\/www.uartes.edu.ec\\\/sitio\\\/blog\\\/2023\\\/04\\\/28\\\/organo-colegiado-superior-uartes-inauguro-con-sesion-presencial-su-sala-en-el-telegrafo\\\/#breadcrumb\"},\"inLanguage\":\"es\",\"potentialAction\":[{\"@type\":\"ReadAction\",\"target\":[\"https:\\\/\\\/www.uartes.edu.ec\\\/sitio\\\/blog\\\/2023\\\/04\\\/28\\\/organo-colegiado-superior-uartes-inauguro-con-sesion-presencial-su-sala-en-el-telegrafo\\\/\"]}]},{\"@type\":\"ImageObject\",\"inLanguage\":\"es\",\"@id\":\"https:\\\/\\\/www.uartes.edu.ec\\\/sitio\\\/blog\\\/2023\\\/04\\\/28\\\/organo-colegiado-superior-uartes-inauguro-con-sesion-presencial-su-sala-en-el-telegrafo\\\/#primaryimage\",\"url\":\"https:\\\/\\\/www.uartes.edu.ec\\\/sitio\\\/wp-content\\\/uploads\\\/2023\\\/04\\\/02-REUNION-OCS-PARA-WEB.jpg\",\"contentUrl\":\"https:\\\/\\\/www.uartes.edu.ec\\\/sitio\\\/wp-content\\\/uploads\\\/2023\\\/04\\\/02-REUNION-OCS-PARA-WEB.jpg\",\"width\":2000,\"height\":1333},{\"@type\":\"BreadcrumbList\",\"@id\":\"https:\\\/\\\/www.uartes.edu.ec\\\/sitio\\\/blog\\\/2023\\\/04\\\/28\\\/organo-colegiado-superior-uartes-inauguro-con-sesion-presencial-su-sala-en-el-telegrafo\\\/#breadcrumb\",\"itemListElement\":[{\"@type\":\"ListItem\",\"position\":1,\"name\":\"Inicio\",\"item\":\"https:\\\/\\\/www.uartes.edu.ec\\\/sitio\\\/\"},{\"@type\":\"ListItem\",\"position\":2,\"name\":\"OCS de la UArtes inaugur\u00f3 con sesi\u00f3n presencial su sala en El Tel\u00e9grafo\"}]},{\"@type\":\"WebSite\",\"@id\":\"https:\\\/\\\/www.uartes.edu.ec\\\/sitio\\\/#website\",\"url\":\"https:\\\/\\\/www.uartes.edu.ec\\\/sitio\\\/\",\"name\":\"Universidad de las Artes\",\"description\":\"Sitio oficial de la Universidad Nacional de las Artes del Ecuador\",\"publisher\":{\"@id\":\"https:\\\/\\\/www.uartes.edu.ec\\\/sitio\\\/#organization\"},\"potentialAction\":[{\"@type\":\"SearchAction\",\"target\":{\"@type\":\"EntryPoint\",\"urlTemplate\":\"https:\\\/\\\/www.uartes.edu.ec\\\/sitio\\\/?s={search_term_string}\"},\"query-input\":{\"@type\":\"PropertyValueSpecification\",\"valueRequired\":true,\"valueName\":\"search_term_string\"}}],\"inLanguage\":\"es\"},{\"@type\":\"Organization\",\"@id\":\"https:\\\/\\\/www.uartes.edu.ec\\\/sitio\\\/#organization\",\"name\":\"Universidad de las Artes\",\"url\":\"https:\\\/\\\/www.uartes.edu.ec\\\/sitio\\\/\",\"logo\":{\"@type\":\"ImageObject\",\"inLanguage\":\"es\",\"@id\":\"https:\\\/\\\/www.uartes.edu.ec\\\/sitio\\\/#\\\/schema\\\/logo\\\/image\\\/\",\"url\":\"https:\\\/\\\/www.uartes.edu.ec\\\/sitio\\\/wp-content\\\/uploads\\\/2022\\\/07\\\/logo-ua-horizontal.png\",\"contentUrl\":\"https:\\\/\\\/www.uartes.edu.ec\\\/sitio\\\/wp-content\\\/uploads\\\/2022\\\/07\\\/logo-ua-horizontal.png\",\"width\":800,\"height\":276,\"caption\":\"Universidad de las Artes\"},\"image\":{\"@id\":\"https:\\\/\\\/www.uartes.edu.ec\\\/sitio\\\/#\\\/schema\\\/logo\\\/image\\\/\"},\"sameAs\":[\"https:\\\/\\\/www.facebook.com\\\/uartesec\",\"https:\\\/\\\/x.com\\\/uartesec\",\"https:\\\/\\\/www.tiktok.com\\\/@uartesec\"]},{\"@type\":\"Person\",\"@id\":\"https:\\\/\\\/www.uartes.edu.ec\\\/sitio\\\/#\\\/schema\\\/person\\\/efa1b8275797664fd7f13a79ccc0b1f4\",\"name\":\"ccortez\",\"image\":{\"@type\":\"ImageObject\",\"inLanguage\":\"es\",\"@id\":\"https:\\\/\\\/secure.gravatar.com\\\/avatar\\\/b2a6f664a3ae8e074346ef91775736c5ec479e637ecced6842de9dc98b5da9cd?s=96&d=mm&r=g\",\"url\":\"https:\\\/\\\/secure.gravatar.com\\\/avatar\\\/b2a6f664a3ae8e074346ef91775736c5ec479e637ecced6842de9dc98b5da9cd?s=96&d=mm&r=g\",\"contentUrl\":\"https:\\\/\\\/secure.gravatar.com\\\/avatar\\\/b2a6f664a3ae8e074346ef91775736c5ec479e637ecced6842de9dc98b5da9cd?s=96&d=mm&r=g\",\"caption\":\"ccortez\"},\"url\":\"https:\\\/\\\/www.uartes.edu.ec\\\/sitio\\\/blog\\\/author\\\/ccortez\\\/\"}]}<\/script>\n<!-- \/ Yoast SEO plugin. -->","yoast_head_json":{"title":"Universidad de las Artes - OCS de la UArtes inaugur\u00f3 con sesi\u00f3n presencial su sala en El Tel\u00e9grafo","description":"Universidad de las Artes - OCS de la UArtes inaugur\u00f3 con sesi\u00f3n presencial su sala en El Tel\u00e9grafo","robots":{"index":"index","follow":"follow","max-snippet":"max-snippet:-1","max-image-preview":"max-image-preview:large","max-video-preview":"max-video-preview:-1"},"canonical":"https:\/\/www.uartes.edu.ec\/sitio\/blog\/2023\/04\/28\/organo-colegiado-superior-uartes-inauguro-con-sesion-presencial-su-sala-en-el-telegrafo\/","og_locale":"es_ES","og_type":"article","og_title":"Universidad de las Artes - OCS de la UArtes inaugur\u00f3 con sesi\u00f3n presencial su sala en El Tel\u00e9grafo","og_description":"Universidad de las Artes - OCS de la UArtes inaugur\u00f3 con sesi\u00f3n presencial su sala en El Tel\u00e9grafo","og_url":"https:\/\/www.uartes.edu.ec\/sitio\/blog\/2023\/04\/28\/organo-colegiado-superior-uartes-inauguro-con-sesion-presencial-su-sala-en-el-telegrafo\/","og_site_name":"Universidad de las Artes","article_publisher":"https:\/\/www.facebook.com\/uartesec","article_published_time":"2023-04-28T14:15:00+00:00","article_modified_time":"2024-07-04T16:21:15+00:00","og_image":[{"width":2000,"height":1333,"url":"https:\/\/www.uartes.edu.ec\/sitio\/wp-content\/uploads\/2023\/04\/02-REUNION-OCS-PARA-WEB.jpg","type":"image\/jpeg"}],"author":"ccortez","twitter_card":"summary_large_image","twitter_creator":"@uartesec","twitter_site":"@uartesec","twitter_misc":{"Escrito por":"ccortez","Tiempo de lectura":"4 minutos"},"schema":{"@context":"https:\/\/schema.org","@graph":[{"@type":"Article","@id":"https:\/\/www.uartes.edu.ec\/sitio\/blog\/2023\/04\/28\/organo-colegiado-superior-uartes-inauguro-con-sesion-presencial-su-sala-en-el-telegrafo\/#article","isPartOf":{"@id":"https:\/\/www.uartes.edu.ec\/sitio\/blog\/2023\/04\/28\/organo-colegiado-superior-uartes-inauguro-con-sesion-presencial-su-sala-en-el-telegrafo\/"},"author":{"name":"ccortez","@id":"https:\/\/www.uartes.edu.ec\/sitio\/#\/schema\/person\/efa1b8275797664fd7f13a79ccc0b1f4"},"headline":"OCS de la UArtes inaugur\u00f3 con sesi\u00f3n presencial su sala en El Tel\u00e9grafo","datePublished":"2023-04-28T14:15:00+00:00","dateModified":"2024-07-04T16:21:15+00:00","mainEntityOfPage":{"@id":"https:\/\/www.uartes.edu.ec\/sitio\/blog\/2023\/04\/28\/organo-colegiado-superior-uartes-inauguro-con-sesion-presencial-su-sala-en-el-telegrafo\/"},"wordCount":655,"commentCount":0,"publisher":{"@id":"https:\/\/www.uartes.edu.ec\/sitio\/#organization"},"image":{"@id":"https:\/\/www.uartes.edu.ec\/sitio\/blog\/2023\/04\/28\/organo-colegiado-superior-uartes-inauguro-con-sesion-presencial-su-sala-en-el-telegrafo\/#primaryimage"},"thumbnailUrl":"https:\/\/www.uartes.edu.ec\/sitio\/wp-content\/uploads\/2023\/04\/02-REUNION-OCS-PARA-WEB.jpg","keywords":["inauguraci\u00f3n sala OCS"],"articleSection":["1A","Administrativos","Docentes","Estudiantes","\u00d3rgano Colegiado Superior"],"inLanguage":"es","potentialAction":[{"@type":"CommentAction","name":"Comment","target":["https:\/\/www.uartes.edu.ec\/sitio\/blog\/2023\/04\/28\/organo-colegiado-superior-uartes-inauguro-con-sesion-presencial-su-sala-en-el-telegrafo\/#respond"]}]},{"@type":["WebPage","ItemPage"],"@id":"https:\/\/www.uartes.edu.ec\/sitio\/blog\/2023\/04\/28\/organo-colegiado-superior-uartes-inauguro-con-sesion-presencial-su-sala-en-el-telegrafo\/","url":"https:\/\/www.uartes.edu.ec\/sitio\/blog\/2023\/04\/28\/organo-colegiado-superior-uartes-inauguro-con-sesion-presencial-su-sala-en-el-telegrafo\/","name":"Universidad de las Artes - OCS de la UArtes inaugur\u00f3 con sesi\u00f3n presencial su sala en El Tel\u00e9grafo","isPartOf":{"@id":"https:\/\/www.uartes.edu.ec\/sitio\/#website"},"primaryImageOfPage":{"@id":"https:\/\/www.uartes.edu.ec\/sitio\/blog\/2023\/04\/28\/organo-colegiado-superior-uartes-inauguro-con-sesion-presencial-su-sala-en-el-telegrafo\/#primaryimage"},"image":{"@id":"https:\/\/www.uartes.edu.ec\/sitio\/blog\/2023\/04\/28\/organo-colegiado-superior-uartes-inauguro-con-sesion-presencial-su-sala-en-el-telegrafo\/#primaryimage"},"thumbnailUrl":"https:\/\/www.uartes.edu.ec\/sitio\/wp-content\/uploads\/2023\/04\/02-REUNION-OCS-PARA-WEB.jpg","datePublished":"2023-04-28T14:15:00+00:00","dateModified":"2024-07-04T16:21:15+00:00","description":"Universidad de las Artes - OCS de la UArtes inaugur\u00f3 con sesi\u00f3n presencial su sala en El Tel\u00e9grafo","breadcrumb":{"@id":"https:\/\/www.uartes.edu.ec\/sitio\/blog\/2023\/04\/28\/organo-colegiado-superior-uartes-inauguro-con-sesion-presencial-su-sala-en-el-telegrafo\/#breadcrumb"},"inLanguage":"es","potentialAction":[{"@type":"ReadAction","target":["https:\/\/www.uartes.edu.ec\/sitio\/blog\/2023\/04\/28\/organo-colegiado-superior-uartes-inauguro-con-sesion-presencial-su-sala-en-el-telegrafo\/"]}]},{"@type":"ImageObject","inLanguage":"es","@id":"https:\/\/www.uartes.edu.ec\/sitio\/blog\/2023\/04\/28\/organo-colegiado-superior-uartes-inauguro-con-sesion-presencial-su-sala-en-el-telegrafo\/#primaryimage","url":"https:\/\/www.uartes.edu.ec\/sitio\/wp-content\/uploads\/2023\/04\/02-REUNION-OCS-PARA-WEB.jpg","contentUrl":"https:\/\/www.uartes.edu.ec\/sitio\/wp-content\/uploads\/2023\/04\/02-REUNION-OCS-PARA-WEB.jpg","width":2000,"height":1333},{"@type":"BreadcrumbList","@id":"https:\/\/www.uartes.edu.ec\/sitio\/blog\/2023\/04\/28\/organo-colegiado-superior-uartes-inauguro-con-sesion-presencial-su-sala-en-el-telegrafo\/#breadcrumb","itemListElement":[{"@type":"ListItem","position":1,"name":"Inicio","item":"https:\/\/www.uartes.edu.ec\/sitio\/"},{"@type":"ListItem","position":2,"name":"OCS de la UArtes inaugur\u00f3 con sesi\u00f3n presencial su sala en El Tel\u00e9grafo"}]},{"@type":"WebSite","@id":"https:\/\/www.uartes.edu.ec\/sitio\/#website","url":"https:\/\/www.uartes.edu.ec\/sitio\/","name":"Universidad de las Artes","description":"Sitio oficial de la Universidad Nacional de las Artes del Ecuador","publisher":{"@id":"https:\/\/www.uartes.edu.ec\/sitio\/#organization"},"potentialAction":[{"@type":"SearchAction","target":{"@type":"EntryPoint","urlTemplate":"https:\/\/www.uartes.edu.ec\/sitio\/?s={search_term_string}"},"query-input":{"@type":"PropertyValueSpecification","valueRequired":true,"valueName":"search_term_string"}}],"inLanguage":"es"},{"@type":"Organization","@id":"https:\/\/www.uartes.edu.ec\/sitio\/#organization","name":"Universidad de las Artes","url":"https:\/\/www.uartes.edu.ec\/sitio\/","logo":{"@type":"ImageObject","inLanguage":"es","@id":"https:\/\/www.uartes.edu.ec\/sitio\/#\/schema\/logo\/image\/","url":"https:\/\/www.uartes.edu.ec\/sitio\/wp-content\/uploads\/2022\/07\/logo-ua-horizontal.png","contentUrl":"https:\/\/www.uartes.edu.ec\/sitio\/wp-content\/uploads\/2022\/07\/logo-ua-horizontal.png","width":800,"height":276,"caption":"Universidad de las Artes"},"image":{"@id":"https:\/\/www.uartes.edu.ec\/sitio\/#\/schema\/logo\/image\/"},"sameAs":["https:\/\/www.facebook.com\/uartesec","https:\/\/x.com\/uartesec","https:\/\/www.tiktok.com\/@uartesec"]},{"@type":"Person","@id":"https:\/\/www.uartes.edu.ec\/sitio\/#\/schema\/person\/efa1b8275797664fd7f13a79ccc0b1f4","name":"ccortez","image":{"@type":"ImageObject","inLanguage":"es","@id":"https:\/\/secure.gravatar.com\/avatar\/b2a6f664a3ae8e074346ef91775736c5ec479e637ecced6842de9dc98b5da9cd?s=96&d=mm&r=g","url":"https:\/\/secure.gravatar.com\/avatar\/b2a6f664a3ae8e074346ef91775736c5ec479e637ecced6842de9dc98b5da9cd?s=96&d=mm&r=g","contentUrl":"https:\/\/secure.gravatar.com\/avatar\/b2a6f664a3ae8e074346ef91775736c5ec479e637ecced6842de9dc98b5da9cd?s=96&d=mm&r=g","caption":"ccortez"},"url":"https:\/\/www.uartes.edu.ec\/sitio\/blog\/author\/ccortez\/"}]}},"uagb_featured_image_src":{"full":["https:\/\/www.uartes.edu.ec\/sitio\/wp-content\/uploads\/2023\/04\/02-REUNION-OCS-PARA-WEB.jpg",2000,1333,false],"thumbnail":["https:\/\/www.uartes.edu.ec\/sitio\/wp-content\/uploads\/2023\/04\/02-REUNION-OCS-PARA-WEB-150x150.jpg",150,150,true],"medium":["https:\/\/www.uartes.edu.ec\/sitio\/wp-content\/uploads\/2023\/04\/02-REUNION-OCS-PARA-WEB-300x200.jpg",300,200,true],"medium_large":["https:\/\/www.uartes.edu.ec\/sitio\/wp-content\/uploads\/2023\/04\/02-REUNION-OCS-PARA-WEB-768x512.jpg",768,512,true],"large":["https:\/\/www.uartes.edu.ec\/sitio\/wp-content\/uploads\/2023\/04\/02-REUNION-OCS-PARA-WEB-644x429.jpg",644,429,true],"1536x1536":["https:\/\/www.uartes.edu.ec\/sitio\/wp-content\/uploads\/2023\/04\/02-REUNION-OCS-PARA-WEB-1536x1024.jpg",1536,1024,true],"2048x2048":["https:\/\/www.uartes.edu.ec\/sitio\/wp-content\/uploads\/2023\/04\/02-REUNION-OCS-PARA-WEB.jpg",2000,1333,false],"trp-custom-language-flag":["https:\/\/www.uartes.edu.ec\/sitio\/wp-content\/uploads\/2023\/04\/02-REUNION-OCS-PARA-WEB.jpg",18,12,false],"htmega_size_585x295":["https:\/\/www.uartes.edu.ec\/sitio\/wp-content\/uploads\/2023\/04\/02-REUNION-OCS-PARA-WEB-585x295.jpg",585,295,true],"htmega_size_1170x536":["https:\/\/www.uartes.edu.ec\/sitio\/wp-content\/uploads\/2023\/04\/02-REUNION-OCS-PARA-WEB-1170x536.jpg",1170,536,true],"htmega_size_396x360":["https:\/\/www.uartes.edu.ec\/sitio\/wp-content\/uploads\/2023\/04\/02-REUNION-OCS-PARA-WEB-396x360.jpg",396,360,true],"gb-block-post-grid-landscape":["https:\/\/www.uartes.edu.ec\/sitio\/wp-content\/uploads\/2023\/04\/02-REUNION-OCS-PARA-WEB-600x400.jpg",600,400,true],"gb-block-post-grid-square":["https:\/\/www.uartes.edu.ec\/sitio\/wp-content\/uploads\/2023\/04\/02-REUNION-OCS-PARA-WEB-600x600.jpg",600,600,true],"university-hub-thumb":["https:\/\/www.uartes.edu.ec\/sitio\/wp-content\/uploads\/2023\/04\/02-REUNION-OCS-PARA-WEB-400x267.jpg",400,267,true]},"uagb_author_info":{"display_name":"ccortez","author_link":"https:\/\/www.uartes.edu.ec\/sitio\/blog\/author\/ccortez\/"},"uagb_comment_info":0,"uagb_excerpt":"El \u00d3rgano Colegiado Superior ha venido sesionando sin descanso desde inicios del 2021. Lo ha hecho de manera virtual, pero este mi\u00e9rcoles 26 de abril la sesi\u00f3n No. UA-OCS-SO-2023-08 fue presencial. Sus miembros: el rector, quien lo preside, los vicerrectores, directores de las escuelas de pregrado y posgrado y los representantes estudiantiles, acad\u00e9micos y de&hellip;","featured_image_src":"https:\/\/www.uartes.edu.ec\/sitio\/wp-content\/uploads\/2023\/04\/02-REUNION-OCS-PARA-WEB-600x400.jpg","featured_image_src_square":"https:\/\/www.uartes.edu.ec\/sitio\/wp-content\/uploads\/2023\/04\/02-REUNION-OCS-PARA-WEB-600x600.jpg","author_info":{"display_name":"ccortez","author_link":"https:\/\/www.uartes.edu.ec\/sitio\/blog\/author\/ccortez\/"},"publishpress_future_workflow_manual_trigger":{"enabledWorkflows":[]},"distributor_meta":false,"distributor_terms":false,"distributor_media":false,"distributor_original_site_name":"Universidad de las Artes","distributor_original_site_url":"https:\/\/www.uartes.edu.ec\/sitio","push-errors":false,"_links":{"self":[{"href":"https:\/\/www.uartes.edu.ec\/sitio\/wp-json\/wp\/v2\/posts\/41422","targetHints":{"allow":["GET"]}}],"collection":[{"href":"https:\/\/www.uartes.edu.ec\/sitio\/wp-json\/wp\/v2\/posts"}],"about":[{"href":"https:\/\/www.uartes.edu.ec\/sitio\/wp-json\/wp\/v2\/types\/post"}],"author":[{"embeddable":true,"href":"https:\/\/www.uartes.edu.ec\/sitio\/wp-json\/wp\/v2\/users\/10"}],"replies":[{"embeddable":true,"href":"https:\/\/www.uartes.edu.ec\/sitio\/wp-json\/wp\/v2\/comments?post=41422"}],"version-history":[{"count":9,"href":"https:\/\/www.uartes.edu.ec\/sitio\/wp-json\/wp\/v2\/posts\/41422\/revisions"}],"predecessor-version":[{"id":41528,"href":"https:\/\/www.uartes.edu.ec\/sitio\/wp-json\/wp\/v2\/posts\/41422\/revisions\/41528"}],"wp:featuredmedia":[{"embeddable":true,"href":"https:\/\/www.uartes.edu.ec\/sitio\/wp-json\/wp\/v2\/media\/41423"}],"wp:attachment":[{"href":"https:\/\/www.uartes.edu.ec\/sitio\/wp-json\/wp\/v2\/media?parent=41422"}],"wp:term":[{"taxonomy":"category","embeddable":true,"href":"https:\/\/www.uartes.edu.ec\/sitio\/wp-json\/wp\/v2\/categories?post=41422"},{"taxonomy":"post_tag","embeddable":true,"href":"https:\/\/www.uartes.edu.ec\/sitio\/wp-json\/wp\/v2\/tags?post=41422"},{"taxonomy":"infouartes","embeddable":true,"href":"https:\/\/www.uartes.edu.ec\/sitio\/wp-json\/wp\/v2\/infouartes?post=41422"}],"curies":[{"name":"wp","href":"https:\/\/api.w.org\/{rel}","templated":true}]}}