{"id":4174,"date":"2019-08-14T10:08:42","date_gmt":"2019-08-14T15:08:42","guid":{"rendered":"http:\/\/www.uartes.edu.ec\/sitio\/?p=4174"},"modified":"2024-07-04T11:50:34","modified_gmt":"2024-07-04T16:50:34","slug":"maria-fernanda-lopez-docente-de-la-uartes-presente-en-binacional-de-arte-urbano-ecuador-colombia","status":"publish","type":"post","link":"https:\/\/www.uartes.edu.ec\/sitio\/blog\/2019\/08\/14\/maria-fernanda-lopez-docente-de-la-uartes-presente-en-binacional-de-arte-urbano-ecuador-colombia\/","title":{"rendered":"Mar\u00eda Fernanda L\u00f3pez, docente de la UArtes, presente en Binacional de Arte Urbano Ecuador-Colombia"},"content":{"rendered":"\n<p style=\"text-align:right\"><em>Denominada *Cartograf\u00edas Paganas&#8221; y organizada por el MAAC, la cita binacional constar\u00e1 de una exhibici\u00f3n y jornadas de di\u00e1logos. Estas muestran el trabajo de m\u00e1s de 40 artistas de calle, entre ecuatorianos y colombianos. La exposici\u00f3n se mantendr\u00e1 hasta el 30 de septiembre.<\/em><\/p>\n\n\n\n<p>Ma\u00f1ana, jueves 15 de agosto, se inaugurar\u00e1 a las 19h00 en el Museo Antropol\u00f3gico y de Arte Contempor\u00e1neo (MAAC) el Encuentro Binacional de Arte Urbano Ecuador-Colombia, cita en la cual la Universidad de las Artes (UArtes) est\u00e1 presente con la participaci\u00f3n de la docente Mar\u00eda Fernanda L\u00f3pez, curadora e investigadora ecuatoriana.<\/p>\n\n\n\n<p>Organizada por el MAAC, la actividad denominada &#8220;Cartograf\u00edas Paganas&#8221;, exhibir\u00e1 hasta el 30 de septiembre una muestra de igual nombre, la cual propicia un intercambio de visualidades e inquietudes respecto a las manifestaciones pol\u00edticas y est\u00e9ticas realizadas en espacio p\u00fablico urbano.<\/p>\n\n\n\n<div class=\"wp-block-image\"><figure class=\"aligncenter\"><img fetchpriority=\"high\" decoding=\"async\" width=\"700\" height=\"467\" src=\"http:\/\/www.uartes.edu.ec\/sitio\/wp-content\/uploads\/2019\/08\/WhatsApp-Image-2019-08-14-at-06-3-700x467.jpg\" alt=\"\" class=\"wp-image-4178\" srcset=\"https:\/\/www.uartes.edu.ec\/sitio\/wp-content\/uploads\/2019\/08\/WhatsApp-Image-2019-08-14-at-06-3-700x467.jpg 700w, https:\/\/www.uartes.edu.ec\/sitio\/wp-content\/uploads\/2019\/08\/WhatsApp-Image-2019-08-14-at-06-3-250x167.jpg 250w, https:\/\/www.uartes.edu.ec\/sitio\/wp-content\/uploads\/2019\/08\/WhatsApp-Image-2019-08-14-at-06-3-768x512.jpg 768w, https:\/\/www.uartes.edu.ec\/sitio\/wp-content\/uploads\/2019\/08\/WhatsApp-Image-2019-08-14-at-06-3-120x80.jpg 120w, https:\/\/www.uartes.edu.ec\/sitio\/wp-content\/uploads\/2019\/08\/WhatsApp-Image-2019-08-14-at-06-3-272x182.jpg 272w, https:\/\/www.uartes.edu.ec\/sitio\/wp-content\/uploads\/2019\/08\/WhatsApp-Image-2019-08-14-at-06-3.jpg 933w\" sizes=\"(max-width: 700px) 100vw, 700px\" \/><\/figure><\/div>\n\n\n\n<p>Junto a la docente Mar\u00eda Fernanda L\u00f3pez, el equipo que est\u00e1 detr\u00e1s del proyecto lo integran los colombianos Juan David Quintero y David Bar\u00f3n, curador y productor, respectivamente; y la tambi\u00e9n ecuatoriana Elsa Cort\u00e9s Rada, comunicadora.<\/p>\n\n\n\n<p>Partiendo de un di\u00e1logo horizontal entre los espacios institucionales, los artistas y las expresiones culturales urbanas, se busca presentar el ejercicio del graffiti lejos de las narrativas estigmatizantes a la vez que se fomenta la inclusi\u00f3n de diversidades en el espacio museo.<\/p>\n\n\n\n<p>Compuesta por la obra y experiencias de writers, taggers, graffers, crews, vandals y referentes regionales y regionales y locales de arte urbano, la exhibici\u00f3n y las jornadas muestran el espectro de las expresiones paganas que transforman nuestras urbes.<\/p>\n\n\n\n<div class=\"wp-block-image\"><figure class=\"aligncenter\"><img decoding=\"async\" width=\"700\" height=\"467\" src=\"http:\/\/www.uartes.edu.ec\/sitio\/wp-content\/uploads\/2019\/08\/WhatsApp-Image-2019-08-14-at-06-2-700x467.jpg\" alt=\"\" class=\"wp-image-4179\" srcset=\"https:\/\/www.uartes.edu.ec\/sitio\/wp-content\/uploads\/2019\/08\/WhatsApp-Image-2019-08-14-at-06-2-700x467.jpg 700w, https:\/\/www.uartes.edu.ec\/sitio\/wp-content\/uploads\/2019\/08\/WhatsApp-Image-2019-08-14-at-06-2-250x167.jpg 250w, https:\/\/www.uartes.edu.ec\/sitio\/wp-content\/uploads\/2019\/08\/WhatsApp-Image-2019-08-14-at-06-2-768x512.jpg 768w, https:\/\/www.uartes.edu.ec\/sitio\/wp-content\/uploads\/2019\/08\/WhatsApp-Image-2019-08-14-at-06-2-120x80.jpg 120w, https:\/\/www.uartes.edu.ec\/sitio\/wp-content\/uploads\/2019\/08\/WhatsApp-Image-2019-08-14-at-06-2-272x182.jpg 272w, https:\/\/www.uartes.edu.ec\/sitio\/wp-content\/uploads\/2019\/08\/WhatsApp-Image-2019-08-14-at-06-2.jpg 933w\" sizes=\"(max-width: 700px) 100vw, 700px\" \/><\/figure><\/div>\n\n\n\n<p>De distintos or\u00edgenes y trayectorias, cada uno de los invitados aportar\u00e1 con diferentes miradas que permiten entender las manifestaciones en calle desde la ilegalidad, marginalidad y honestidad que estas presentan.<\/p>\n\n\n\n<p>Son 26 los artistas que realizar\u00e1n intervenciones in-situ, mientras que 14 m\u00e1s aportar\u00e1n con fotos, carteles, fanzine y videos. Habr\u00e1, adem\u00e1s, actividades paralelas, como lanzamiento de videos y libros, portafolios abiertos, visitas guiadas y talleres relacionados con arte urbano y graffiti. <\/p>\n\n\n\n<div class=\"wp-block-image\"><figure class=\"aligncenter\"><img decoding=\"async\" width=\"700\" height=\"467\" src=\"http:\/\/www.uartes.edu.ec\/sitio\/wp-content\/uploads\/2019\/08\/WhatsApp-Image-2019-08-14-at-06-700x467.jpg\" alt=\"\" class=\"wp-image-4180\" srcset=\"https:\/\/www.uartes.edu.ec\/sitio\/wp-content\/uploads\/2019\/08\/WhatsApp-Image-2019-08-14-at-06-700x467.jpg 700w, https:\/\/www.uartes.edu.ec\/sitio\/wp-content\/uploads\/2019\/08\/WhatsApp-Image-2019-08-14-at-06-250x167.jpg 250w, https:\/\/www.uartes.edu.ec\/sitio\/wp-content\/uploads\/2019\/08\/WhatsApp-Image-2019-08-14-at-06-768x512.jpg 768w, https:\/\/www.uartes.edu.ec\/sitio\/wp-content\/uploads\/2019\/08\/WhatsApp-Image-2019-08-14-at-06-120x80.jpg 120w, https:\/\/www.uartes.edu.ec\/sitio\/wp-content\/uploads\/2019\/08\/WhatsApp-Image-2019-08-14-at-06-272x182.jpg 272w, https:\/\/www.uartes.edu.ec\/sitio\/wp-content\/uploads\/2019\/08\/WhatsApp-Image-2019-08-14-at-06.jpg 933w\" sizes=\"(max-width: 700px) 100vw, 700px\" \/><\/figure><\/div>\n","protected":false},"excerpt":{"rendered":"<p>Denominada *Cartograf\u00edas Paganas&#8221; y organizada por el MAAC, la cita binacional constar\u00e1 de una exhibici\u00f3n y jornadas de di\u00e1logos. Estas muestran el trabajo de m\u00e1s de 40 artistas de calle, entre ecuatorianos y colombianos. La exposici\u00f3n se mantendr\u00e1 hasta el 30 de septiembre.<\/p>\n","protected":false},"author":1,"featured_media":4181,"comment_status":"closed","ping_status":"closed","sticky":false,"template":"","format":"standard","meta":{"_acf_changed":false,"_uag_custom_page_level_css":"","_monsterinsights_skip_tracking":false,"_monsterinsights_sitenote_active":false,"_monsterinsights_sitenote_note":"","_monsterinsights_sitenote_category":0,"cybocfi_hide_featured_image":"","footnotes":""},"categories":[75],"tags":[],"infouartes":[],"class_list":["post-4174","post","type-post","status-publish","format-standard","has-post-thumbnail","hentry","category-docentes"],"acf":[],"yoast_head":"<!-- This site is optimized with the Yoast SEO plugin v27.4 - https:\/\/yoast.com\/product\/yoast-seo-wordpress\/ -->\n<title>Universidad de las Artes - Mar\u00eda Fernanda L\u00f3pez, docente de la UArtes, presente en Binacional de Arte Urbano Ecuador-Colombia<\/title>\n<meta name=\"description\" content=\"Universidad de las Artes - Mar\u00eda Fernanda L\u00f3pez, docente de la UArtes, presente en Binacional de Arte Urbano Ecuador-Colombia\" \/>\n<meta name=\"robots\" content=\"index, follow, max-snippet:-1, max-image-preview:large, max-video-preview:-1\" \/>\n<link rel=\"canonical\" href=\"https:\/\/www.uartes.edu.ec\/sitio\/blog\/2019\/08\/14\/maria-fernanda-lopez-docente-de-la-uartes-presente-en-binacional-de-arte-urbano-ecuador-colombia\/\" \/>\n<meta property=\"og:locale\" content=\"es_ES\" \/>\n<meta property=\"og:type\" content=\"article\" \/>\n<meta property=\"og:title\" content=\"Universidad de las Artes - Mar\u00eda Fernanda L\u00f3pez, docente de la UArtes, presente en Binacional de Arte Urbano Ecuador-Colombia\" \/>\n<meta property=\"og:description\" content=\"Universidad de las Artes - Mar\u00eda Fernanda L\u00f3pez, docente de la UArtes, presente en Binacional de Arte Urbano Ecuador-Colombia\" \/>\n<meta property=\"og:url\" content=\"https:\/\/www.uartes.edu.ec\/sitio\/blog\/2019\/08\/14\/maria-fernanda-lopez-docente-de-la-uartes-presente-en-binacional-de-arte-urbano-ecuador-colombia\/\" \/>\n<meta property=\"og:site_name\" content=\"Universidad de las Artes\" \/>\n<meta property=\"article:publisher\" content=\"https:\/\/www.facebook.com\/uartesec\" \/>\n<meta property=\"article:published_time\" content=\"2019-08-14T15:08:42+00:00\" \/>\n<meta property=\"article:modified_time\" content=\"2024-07-04T16:50:34+00:00\" \/>\n<meta property=\"og:image\" content=\"https:\/\/www.uartes.edu.ec\/sitio\/wp-content\/uploads\/2019\/08\/WhatsApp-Image-2019-08-14-at-06-4.jpg\" \/>\n\t<meta property=\"og:image:width\" content=\"933\" \/>\n\t<meta property=\"og:image:height\" content=\"622\" \/>\n\t<meta property=\"og:image:type\" content=\"image\/jpeg\" \/>\n<meta name=\"author\" content=\"Universidad de las Artes\" \/>\n<meta name=\"twitter:card\" content=\"summary_large_image\" \/>\n<meta name=\"twitter:creator\" content=\"@uartesec\" \/>\n<meta name=\"twitter:site\" content=\"@uartesec\" \/>\n<meta name=\"twitter:label1\" content=\"Escrito por\" \/>\n\t<meta name=\"twitter:data1\" content=\"Universidad de las Artes\" \/>\n\t<meta name=\"twitter:label2\" content=\"Tiempo de lectura\" \/>\n\t<meta name=\"twitter:data2\" content=\"2 minutos\" \/>\n<script type=\"application\/ld+json\" class=\"yoast-schema-graph\">{\"@context\":\"https:\\\/\\\/schema.org\",\"@graph\":[{\"@type\":\"Article\",\"@id\":\"https:\\\/\\\/www.uartes.edu.ec\\\/sitio\\\/blog\\\/2019\\\/08\\\/14\\\/maria-fernanda-lopez-docente-de-la-uartes-presente-en-binacional-de-arte-urbano-ecuador-colombia\\\/#article\",\"isPartOf\":{\"@id\":\"https:\\\/\\\/www.uartes.edu.ec\\\/sitio\\\/blog\\\/2019\\\/08\\\/14\\\/maria-fernanda-lopez-docente-de-la-uartes-presente-en-binacional-de-arte-urbano-ecuador-colombia\\\/\"},\"author\":{\"name\":\"Universidad de las Artes\",\"@id\":\"https:\\\/\\\/www.uartes.edu.ec\\\/sitio\\\/#\\\/schema\\\/person\\\/f33f8c1d2af0d5c80a38c8abf458184a\"},\"headline\":\"Mar\u00eda Fernanda L\u00f3pez, docente de la UArtes, presente en Binacional de Arte Urbano Ecuador-Colombia\",\"datePublished\":\"2019-08-14T15:08:42+00:00\",\"dateModified\":\"2024-07-04T16:50:34+00:00\",\"mainEntityOfPage\":{\"@id\":\"https:\\\/\\\/www.uartes.edu.ec\\\/sitio\\\/blog\\\/2019\\\/08\\\/14\\\/maria-fernanda-lopez-docente-de-la-uartes-presente-en-binacional-de-arte-urbano-ecuador-colombia\\\/\"},\"wordCount\":361,\"publisher\":{\"@id\":\"https:\\\/\\\/www.uartes.edu.ec\\\/sitio\\\/#organization\"},\"image\":{\"@id\":\"https:\\\/\\\/www.uartes.edu.ec\\\/sitio\\\/blog\\\/2019\\\/08\\\/14\\\/maria-fernanda-lopez-docente-de-la-uartes-presente-en-binacional-de-arte-urbano-ecuador-colombia\\\/#primaryimage\"},\"thumbnailUrl\":\"https:\\\/\\\/www.uartes.edu.ec\\\/sitio\\\/wp-content\\\/uploads\\\/2019\\\/08\\\/WhatsApp-Image-2019-08-14-at-06-4.jpg\",\"articleSection\":[\"Docentes\"],\"inLanguage\":\"es\"},{\"@type\":[\"WebPage\",\"ItemPage\"],\"@id\":\"https:\\\/\\\/www.uartes.edu.ec\\\/sitio\\\/blog\\\/2019\\\/08\\\/14\\\/maria-fernanda-lopez-docente-de-la-uartes-presente-en-binacional-de-arte-urbano-ecuador-colombia\\\/\",\"url\":\"https:\\\/\\\/www.uartes.edu.ec\\\/sitio\\\/blog\\\/2019\\\/08\\\/14\\\/maria-fernanda-lopez-docente-de-la-uartes-presente-en-binacional-de-arte-urbano-ecuador-colombia\\\/\",\"name\":\"Universidad de las Artes - Mar\u00eda Fernanda L\u00f3pez, docente de la UArtes, presente en Binacional de Arte Urbano Ecuador-Colombia\",\"isPartOf\":{\"@id\":\"https:\\\/\\\/www.uartes.edu.ec\\\/sitio\\\/#website\"},\"primaryImageOfPage\":{\"@id\":\"https:\\\/\\\/www.uartes.edu.ec\\\/sitio\\\/blog\\\/2019\\\/08\\\/14\\\/maria-fernanda-lopez-docente-de-la-uartes-presente-en-binacional-de-arte-urbano-ecuador-colombia\\\/#primaryimage\"},\"image\":{\"@id\":\"https:\\\/\\\/www.uartes.edu.ec\\\/sitio\\\/blog\\\/2019\\\/08\\\/14\\\/maria-fernanda-lopez-docente-de-la-uartes-presente-en-binacional-de-arte-urbano-ecuador-colombia\\\/#primaryimage\"},\"thumbnailUrl\":\"https:\\\/\\\/www.uartes.edu.ec\\\/sitio\\\/wp-content\\\/uploads\\\/2019\\\/08\\\/WhatsApp-Image-2019-08-14-at-06-4.jpg\",\"datePublished\":\"2019-08-14T15:08:42+00:00\",\"dateModified\":\"2024-07-04T16:50:34+00:00\",\"description\":\"Universidad de las Artes - Mar\u00eda Fernanda L\u00f3pez, docente de la UArtes, presente en Binacional de Arte Urbano Ecuador-Colombia\",\"breadcrumb\":{\"@id\":\"https:\\\/\\\/www.uartes.edu.ec\\\/sitio\\\/blog\\\/2019\\\/08\\\/14\\\/maria-fernanda-lopez-docente-de-la-uartes-presente-en-binacional-de-arte-urbano-ecuador-colombia\\\/#breadcrumb\"},\"inLanguage\":\"es\",\"potentialAction\":[{\"@type\":\"ReadAction\",\"target\":[\"https:\\\/\\\/www.uartes.edu.ec\\\/sitio\\\/blog\\\/2019\\\/08\\\/14\\\/maria-fernanda-lopez-docente-de-la-uartes-presente-en-binacional-de-arte-urbano-ecuador-colombia\\\/\"]}]},{\"@type\":\"ImageObject\",\"inLanguage\":\"es\",\"@id\":\"https:\\\/\\\/www.uartes.edu.ec\\\/sitio\\\/blog\\\/2019\\\/08\\\/14\\\/maria-fernanda-lopez-docente-de-la-uartes-presente-en-binacional-de-arte-urbano-ecuador-colombia\\\/#primaryimage\",\"url\":\"https:\\\/\\\/www.uartes.edu.ec\\\/sitio\\\/wp-content\\\/uploads\\\/2019\\\/08\\\/WhatsApp-Image-2019-08-14-at-06-4.jpg\",\"contentUrl\":\"https:\\\/\\\/www.uartes.edu.ec\\\/sitio\\\/wp-content\\\/uploads\\\/2019\\\/08\\\/WhatsApp-Image-2019-08-14-at-06-4.jpg\",\"width\":933,\"height\":622},{\"@type\":\"BreadcrumbList\",\"@id\":\"https:\\\/\\\/www.uartes.edu.ec\\\/sitio\\\/blog\\\/2019\\\/08\\\/14\\\/maria-fernanda-lopez-docente-de-la-uartes-presente-en-binacional-de-arte-urbano-ecuador-colombia\\\/#breadcrumb\",\"itemListElement\":[{\"@type\":\"ListItem\",\"position\":1,\"name\":\"Inicio\",\"item\":\"https:\\\/\\\/www.uartes.edu.ec\\\/sitio\\\/\"},{\"@type\":\"ListItem\",\"position\":2,\"name\":\"Mar\u00eda Fernanda L\u00f3pez, docente de la UArtes, presente en Binacional de Arte Urbano Ecuador-Colombia\"}]},{\"@type\":\"WebSite\",\"@id\":\"https:\\\/\\\/www.uartes.edu.ec\\\/sitio\\\/#website\",\"url\":\"https:\\\/\\\/www.uartes.edu.ec\\\/sitio\\\/\",\"name\":\"Universidad de las Artes\",\"description\":\"Sitio oficial de la Universidad Nacional de las Artes del Ecuador\",\"publisher\":{\"@id\":\"https:\\\/\\\/www.uartes.edu.ec\\\/sitio\\\/#organization\"},\"potentialAction\":[{\"@type\":\"SearchAction\",\"target\":{\"@type\":\"EntryPoint\",\"urlTemplate\":\"https:\\\/\\\/www.uartes.edu.ec\\\/sitio\\\/?s={search_term_string}\"},\"query-input\":{\"@type\":\"PropertyValueSpecification\",\"valueRequired\":true,\"valueName\":\"search_term_string\"}}],\"inLanguage\":\"es\"},{\"@type\":\"Organization\",\"@id\":\"https:\\\/\\\/www.uartes.edu.ec\\\/sitio\\\/#organization\",\"name\":\"Universidad de las Artes\",\"url\":\"https:\\\/\\\/www.uartes.edu.ec\\\/sitio\\\/\",\"logo\":{\"@type\":\"ImageObject\",\"inLanguage\":\"es\",\"@id\":\"https:\\\/\\\/www.uartes.edu.ec\\\/sitio\\\/#\\\/schema\\\/logo\\\/image\\\/\",\"url\":\"https:\\\/\\\/www.uartes.edu.ec\\\/sitio\\\/wp-content\\\/uploads\\\/2022\\\/07\\\/logo-ua-horizontal.png\",\"contentUrl\":\"https:\\\/\\\/www.uartes.edu.ec\\\/sitio\\\/wp-content\\\/uploads\\\/2022\\\/07\\\/logo-ua-horizontal.png\",\"width\":800,\"height\":276,\"caption\":\"Universidad de las Artes\"},\"image\":{\"@id\":\"https:\\\/\\\/www.uartes.edu.ec\\\/sitio\\\/#\\\/schema\\\/logo\\\/image\\\/\"},\"sameAs\":[\"https:\\\/\\\/www.facebook.com\\\/uartesec\",\"https:\\\/\\\/x.com\\\/uartesec\",\"https:\\\/\\\/www.tiktok.com\\\/@uartesec\"]},{\"@type\":\"Person\",\"@id\":\"https:\\\/\\\/www.uartes.edu.ec\\\/sitio\\\/#\\\/schema\\\/person\\\/f33f8c1d2af0d5c80a38c8abf458184a\",\"name\":\"Universidad de las Artes\",\"image\":{\"@type\":\"ImageObject\",\"inLanguage\":\"es\",\"@id\":\"https:\\\/\\\/secure.gravatar.com\\\/avatar\\\/52e4757902f5cfa5ac52d020e5be83cae5487519154b6c35482fe08d589f3c13?s=96&d=mm&r=g\",\"url\":\"https:\\\/\\\/secure.gravatar.com\\\/avatar\\\/52e4757902f5cfa5ac52d020e5be83cae5487519154b6c35482fe08d589f3c13?s=96&d=mm&r=g\",\"contentUrl\":\"https:\\\/\\\/secure.gravatar.com\\\/avatar\\\/52e4757902f5cfa5ac52d020e5be83cae5487519154b6c35482fe08d589f3c13?s=96&d=mm&r=g\",\"caption\":\"Universidad de las Artes\"},\"url\":\"https:\\\/\\\/www.uartes.edu.ec\\\/sitio\\\/blog\\\/author\\\/dircomadm\\\/\"}]}<\/script>\n<!-- \/ Yoast SEO plugin. -->","yoast_head_json":{"title":"Universidad de las Artes - Mar\u00eda Fernanda L\u00f3pez, docente de la UArtes, presente en Binacional de Arte Urbano Ecuador-Colombia","description":"Universidad de las Artes - Mar\u00eda Fernanda L\u00f3pez, docente de la UArtes, presente en Binacional de Arte Urbano Ecuador-Colombia","robots":{"index":"index","follow":"follow","max-snippet":"max-snippet:-1","max-image-preview":"max-image-preview:large","max-video-preview":"max-video-preview:-1"},"canonical":"https:\/\/www.uartes.edu.ec\/sitio\/blog\/2019\/08\/14\/maria-fernanda-lopez-docente-de-la-uartes-presente-en-binacional-de-arte-urbano-ecuador-colombia\/","og_locale":"es_ES","og_type":"article","og_title":"Universidad de las Artes - Mar\u00eda Fernanda L\u00f3pez, docente de la UArtes, presente en Binacional de Arte Urbano Ecuador-Colombia","og_description":"Universidad de las Artes - Mar\u00eda Fernanda L\u00f3pez, docente de la UArtes, presente en Binacional de Arte Urbano Ecuador-Colombia","og_url":"https:\/\/www.uartes.edu.ec\/sitio\/blog\/2019\/08\/14\/maria-fernanda-lopez-docente-de-la-uartes-presente-en-binacional-de-arte-urbano-ecuador-colombia\/","og_site_name":"Universidad de las Artes","article_publisher":"https:\/\/www.facebook.com\/uartesec","article_published_time":"2019-08-14T15:08:42+00:00","article_modified_time":"2024-07-04T16:50:34+00:00","og_image":[{"width":933,"height":622,"url":"https:\/\/www.uartes.edu.ec\/sitio\/wp-content\/uploads\/2019\/08\/WhatsApp-Image-2019-08-14-at-06-4.jpg","type":"image\/jpeg"}],"author":"Universidad de las Artes","twitter_card":"summary_large_image","twitter_creator":"@uartesec","twitter_site":"@uartesec","twitter_misc":{"Escrito por":"Universidad de las Artes","Tiempo de lectura":"2 minutos"},"schema":{"@context":"https:\/\/schema.org","@graph":[{"@type":"Article","@id":"https:\/\/www.uartes.edu.ec\/sitio\/blog\/2019\/08\/14\/maria-fernanda-lopez-docente-de-la-uartes-presente-en-binacional-de-arte-urbano-ecuador-colombia\/#article","isPartOf":{"@id":"https:\/\/www.uartes.edu.ec\/sitio\/blog\/2019\/08\/14\/maria-fernanda-lopez-docente-de-la-uartes-presente-en-binacional-de-arte-urbano-ecuador-colombia\/"},"author":{"name":"Universidad de las Artes","@id":"https:\/\/www.uartes.edu.ec\/sitio\/#\/schema\/person\/f33f8c1d2af0d5c80a38c8abf458184a"},"headline":"Mar\u00eda Fernanda L\u00f3pez, docente de la UArtes, presente en Binacional de Arte Urbano Ecuador-Colombia","datePublished":"2019-08-14T15:08:42+00:00","dateModified":"2024-07-04T16:50:34+00:00","mainEntityOfPage":{"@id":"https:\/\/www.uartes.edu.ec\/sitio\/blog\/2019\/08\/14\/maria-fernanda-lopez-docente-de-la-uartes-presente-en-binacional-de-arte-urbano-ecuador-colombia\/"},"wordCount":361,"publisher":{"@id":"https:\/\/www.uartes.edu.ec\/sitio\/#organization"},"image":{"@id":"https:\/\/www.uartes.edu.ec\/sitio\/blog\/2019\/08\/14\/maria-fernanda-lopez-docente-de-la-uartes-presente-en-binacional-de-arte-urbano-ecuador-colombia\/#primaryimage"},"thumbnailUrl":"https:\/\/www.uartes.edu.ec\/sitio\/wp-content\/uploads\/2019\/08\/WhatsApp-Image-2019-08-14-at-06-4.jpg","articleSection":["Docentes"],"inLanguage":"es"},{"@type":["WebPage","ItemPage"],"@id":"https:\/\/www.uartes.edu.ec\/sitio\/blog\/2019\/08\/14\/maria-fernanda-lopez-docente-de-la-uartes-presente-en-binacional-de-arte-urbano-ecuador-colombia\/","url":"https:\/\/www.uartes.edu.ec\/sitio\/blog\/2019\/08\/14\/maria-fernanda-lopez-docente-de-la-uartes-presente-en-binacional-de-arte-urbano-ecuador-colombia\/","name":"Universidad de las Artes - Mar\u00eda Fernanda L\u00f3pez, docente de la UArtes, presente en Binacional de Arte Urbano Ecuador-Colombia","isPartOf":{"@id":"https:\/\/www.uartes.edu.ec\/sitio\/#website"},"primaryImageOfPage":{"@id":"https:\/\/www.uartes.edu.ec\/sitio\/blog\/2019\/08\/14\/maria-fernanda-lopez-docente-de-la-uartes-presente-en-binacional-de-arte-urbano-ecuador-colombia\/#primaryimage"},"image":{"@id":"https:\/\/www.uartes.edu.ec\/sitio\/blog\/2019\/08\/14\/maria-fernanda-lopez-docente-de-la-uartes-presente-en-binacional-de-arte-urbano-ecuador-colombia\/#primaryimage"},"thumbnailUrl":"https:\/\/www.uartes.edu.ec\/sitio\/wp-content\/uploads\/2019\/08\/WhatsApp-Image-2019-08-14-at-06-4.jpg","datePublished":"2019-08-14T15:08:42+00:00","dateModified":"2024-07-04T16:50:34+00:00","description":"Universidad de las Artes - Mar\u00eda Fernanda L\u00f3pez, docente de la UArtes, presente en Binacional de Arte Urbano Ecuador-Colombia","breadcrumb":{"@id":"https:\/\/www.uartes.edu.ec\/sitio\/blog\/2019\/08\/14\/maria-fernanda-lopez-docente-de-la-uartes-presente-en-binacional-de-arte-urbano-ecuador-colombia\/#breadcrumb"},"inLanguage":"es","potentialAction":[{"@type":"ReadAction","target":["https:\/\/www.uartes.edu.ec\/sitio\/blog\/2019\/08\/14\/maria-fernanda-lopez-docente-de-la-uartes-presente-en-binacional-de-arte-urbano-ecuador-colombia\/"]}]},{"@type":"ImageObject","inLanguage":"es","@id":"https:\/\/www.uartes.edu.ec\/sitio\/blog\/2019\/08\/14\/maria-fernanda-lopez-docente-de-la-uartes-presente-en-binacional-de-arte-urbano-ecuador-colombia\/#primaryimage","url":"https:\/\/www.uartes.edu.ec\/sitio\/wp-content\/uploads\/2019\/08\/WhatsApp-Image-2019-08-14-at-06-4.jpg","contentUrl":"https:\/\/www.uartes.edu.ec\/sitio\/wp-content\/uploads\/2019\/08\/WhatsApp-Image-2019-08-14-at-06-4.jpg","width":933,"height":622},{"@type":"BreadcrumbList","@id":"https:\/\/www.uartes.edu.ec\/sitio\/blog\/2019\/08\/14\/maria-fernanda-lopez-docente-de-la-uartes-presente-en-binacional-de-arte-urbano-ecuador-colombia\/#breadcrumb","itemListElement":[{"@type":"ListItem","position":1,"name":"Inicio","item":"https:\/\/www.uartes.edu.ec\/sitio\/"},{"@type":"ListItem","position":2,"name":"Mar\u00eda Fernanda L\u00f3pez, docente de la UArtes, presente en Binacional de Arte Urbano Ecuador-Colombia"}]},{"@type":"WebSite","@id":"https:\/\/www.uartes.edu.ec\/sitio\/#website","url":"https:\/\/www.uartes.edu.ec\/sitio\/","name":"Universidad de las Artes","description":"Sitio oficial de la Universidad Nacional de las Artes del Ecuador","publisher":{"@id":"https:\/\/www.uartes.edu.ec\/sitio\/#organization"},"potentialAction":[{"@type":"SearchAction","target":{"@type":"EntryPoint","urlTemplate":"https:\/\/www.uartes.edu.ec\/sitio\/?s={search_term_string}"},"query-input":{"@type":"PropertyValueSpecification","valueRequired":true,"valueName":"search_term_string"}}],"inLanguage":"es"},{"@type":"Organization","@id":"https:\/\/www.uartes.edu.ec\/sitio\/#organization","name":"Universidad de las Artes","url":"https:\/\/www.uartes.edu.ec\/sitio\/","logo":{"@type":"ImageObject","inLanguage":"es","@id":"https:\/\/www.uartes.edu.ec\/sitio\/#\/schema\/logo\/image\/","url":"https:\/\/www.uartes.edu.ec\/sitio\/wp-content\/uploads\/2022\/07\/logo-ua-horizontal.png","contentUrl":"https:\/\/www.uartes.edu.ec\/sitio\/wp-content\/uploads\/2022\/07\/logo-ua-horizontal.png","width":800,"height":276,"caption":"Universidad de las Artes"},"image":{"@id":"https:\/\/www.uartes.edu.ec\/sitio\/#\/schema\/logo\/image\/"},"sameAs":["https:\/\/www.facebook.com\/uartesec","https:\/\/x.com\/uartesec","https:\/\/www.tiktok.com\/@uartesec"]},{"@type":"Person","@id":"https:\/\/www.uartes.edu.ec\/sitio\/#\/schema\/person\/f33f8c1d2af0d5c80a38c8abf458184a","name":"Universidad de las Artes","image":{"@type":"ImageObject","inLanguage":"es","@id":"https:\/\/secure.gravatar.com\/avatar\/52e4757902f5cfa5ac52d020e5be83cae5487519154b6c35482fe08d589f3c13?s=96&d=mm&r=g","url":"https:\/\/secure.gravatar.com\/avatar\/52e4757902f5cfa5ac52d020e5be83cae5487519154b6c35482fe08d589f3c13?s=96&d=mm&r=g","contentUrl":"https:\/\/secure.gravatar.com\/avatar\/52e4757902f5cfa5ac52d020e5be83cae5487519154b6c35482fe08d589f3c13?s=96&d=mm&r=g","caption":"Universidad de las Artes"},"url":"https:\/\/www.uartes.edu.ec\/sitio\/blog\/author\/dircomadm\/"}]}},"uagb_featured_image_src":{"full":["https:\/\/www.uartes.edu.ec\/sitio\/wp-content\/uploads\/2019\/08\/WhatsApp-Image-2019-08-14-at-06-4.jpg",933,622,false],"thumbnail":["https:\/\/www.uartes.edu.ec\/sitio\/wp-content\/uploads\/2019\/08\/WhatsApp-Image-2019-08-14-at-06-4-150x150.jpg",150,150,true],"medium":["https:\/\/www.uartes.edu.ec\/sitio\/wp-content\/uploads\/2019\/08\/WhatsApp-Image-2019-08-14-at-06-4-250x167.jpg",250,167,true],"medium_large":["https:\/\/www.uartes.edu.ec\/sitio\/wp-content\/uploads\/2019\/08\/WhatsApp-Image-2019-08-14-at-06-4-768x512.jpg",768,512,true],"large":["https:\/\/www.uartes.edu.ec\/sitio\/wp-content\/uploads\/2019\/08\/WhatsApp-Image-2019-08-14-at-06-4-700x467.jpg",644,430,true],"1536x1536":["https:\/\/www.uartes.edu.ec\/sitio\/wp-content\/uploads\/2019\/08\/WhatsApp-Image-2019-08-14-at-06-4.jpg",933,622,false],"2048x2048":["https:\/\/www.uartes.edu.ec\/sitio\/wp-content\/uploads\/2019\/08\/WhatsApp-Image-2019-08-14-at-06-4.jpg",933,622,false],"trp-custom-language-flag":["https:\/\/www.uartes.edu.ec\/sitio\/wp-content\/uploads\/2019\/08\/WhatsApp-Image-2019-08-14-at-06-4.jpg",18,12,false],"htmega_size_585x295":["https:\/\/www.uartes.edu.ec\/sitio\/wp-content\/uploads\/2019\/08\/WhatsApp-Image-2019-08-14-at-06-4.jpg",443,295,false],"htmega_size_1170x536":["https:\/\/www.uartes.edu.ec\/sitio\/wp-content\/uploads\/2019\/08\/WhatsApp-Image-2019-08-14-at-06-4.jpg",804,536,false],"htmega_size_396x360":["https:\/\/www.uartes.edu.ec\/sitio\/wp-content\/uploads\/2019\/08\/WhatsApp-Image-2019-08-14-at-06-4.jpg",396,264,false],"gb-block-post-grid-landscape":["https:\/\/www.uartes.edu.ec\/sitio\/wp-content\/uploads\/2019\/08\/WhatsApp-Image-2019-08-14-at-06-4.jpg",600,400,false],"gb-block-post-grid-square":["https:\/\/www.uartes.edu.ec\/sitio\/wp-content\/uploads\/2019\/08\/WhatsApp-Image-2019-08-14-at-06-4.jpg",600,400,false],"university-hub-thumb":["https:\/\/www.uartes.edu.ec\/sitio\/wp-content\/uploads\/2019\/08\/WhatsApp-Image-2019-08-14-at-06-4.jpg",400,267,false]},"uagb_author_info":{"display_name":"Universidad de las Artes","author_link":"https:\/\/www.uartes.edu.ec\/sitio\/blog\/author\/dircomadm\/"},"uagb_comment_info":0,"uagb_excerpt":"Denominada *Cartograf\u00edas Paganas\" y organizada por el MAAC, la cita binacional constar\u00e1 de una exhibici\u00f3n y jornadas de di\u00e1logos. Estas muestran el trabajo de m\u00e1s de 40 artistas de calle, entre ecuatorianos y colombianos. La exposici\u00f3n se mantendr\u00e1 hasta el 30 de septiembre.","featured_image_src":"https:\/\/www.uartes.edu.ec\/sitio\/wp-content\/uploads\/2019\/08\/WhatsApp-Image-2019-08-14-at-06-4.jpg","featured_image_src_square":"https:\/\/www.uartes.edu.ec\/sitio\/wp-content\/uploads\/2019\/08\/WhatsApp-Image-2019-08-14-at-06-4.jpg","author_info":{"display_name":"Universidad de las Artes","author_link":"https:\/\/www.uartes.edu.ec\/sitio\/blog\/author\/dircomadm\/"},"publishpress_future_workflow_manual_trigger":{"enabledWorkflows":[]},"distributor_meta":false,"distributor_terms":false,"distributor_media":false,"distributor_original_site_name":"Universidad de las Artes","distributor_original_site_url":"https:\/\/www.uartes.edu.ec\/sitio","push-errors":false,"_links":{"self":[{"href":"https:\/\/www.uartes.edu.ec\/sitio\/wp-json\/wp\/v2\/posts\/4174","targetHints":{"allow":["GET"]}}],"collection":[{"href":"https:\/\/www.uartes.edu.ec\/sitio\/wp-json\/wp\/v2\/posts"}],"about":[{"href":"https:\/\/www.uartes.edu.ec\/sitio\/wp-json\/wp\/v2\/types\/post"}],"author":[{"embeddable":true,"href":"https:\/\/www.uartes.edu.ec\/sitio\/wp-json\/wp\/v2\/users\/1"}],"replies":[{"embeddable":true,"href":"https:\/\/www.uartes.edu.ec\/sitio\/wp-json\/wp\/v2\/comments?post=4174"}],"version-history":[{"count":3,"href":"https:\/\/www.uartes.edu.ec\/sitio\/wp-json\/wp\/v2\/posts\/4174\/revisions"}],"predecessor-version":[{"id":57763,"href":"https:\/\/www.uartes.edu.ec\/sitio\/wp-json\/wp\/v2\/posts\/4174\/revisions\/57763"}],"wp:featuredmedia":[{"embeddable":true,"href":"https:\/\/www.uartes.edu.ec\/sitio\/wp-json\/wp\/v2\/media\/4181"}],"wp:attachment":[{"href":"https:\/\/www.uartes.edu.ec\/sitio\/wp-json\/wp\/v2\/media?parent=4174"}],"wp:term":[{"taxonomy":"category","embeddable":true,"href":"https:\/\/www.uartes.edu.ec\/sitio\/wp-json\/wp\/v2\/categories?post=4174"},{"taxonomy":"post_tag","embeddable":true,"href":"https:\/\/www.uartes.edu.ec\/sitio\/wp-json\/wp\/v2\/tags?post=4174"},{"taxonomy":"infouartes","embeddable":true,"href":"https:\/\/www.uartes.edu.ec\/sitio\/wp-json\/wp\/v2\/infouartes?post=4174"}],"curies":[{"name":"wp","href":"https:\/\/api.w.org\/{rel}","templated":true}]}}