{"id":41883,"date":"2023-05-10T11:18:00","date_gmt":"2023-05-10T16:18:00","guid":{"rendered":"https:\/\/www.uartes.edu.ec\/sitio\/?p=41883"},"modified":"2024-07-04T11:21:13","modified_gmt":"2024-07-04T16:21:13","slug":"carlos-caballero-docente-del-itm-presente-en-case-hablo-de-los-escenarios-tridimensionales-de-grabacion","status":"publish","type":"post","link":"https:\/\/www.uartes.edu.ec\/sitio\/blog\/2023\/05\/10\/carlos-caballero-docente-del-itm-presente-en-case-hablo-de-los-escenarios-tridimensionales-de-grabacion\/","title":{"rendered":"Carlos Caballero, del ITM, particip\u00f3 en CASE con la tem\u00e1tica \u201cLos escenarios tridimensionales de grabaci\u00f3n\u201d"},"content":{"rendered":"\n<p>\u201cLa importancia del espacio ac\u00fastico en las producciones discogr\u00e1ficas y el cambio tecnol\u00f3gico\u201d. El decano de la Facultad de Artes y Humanidades del Instituto Tecnol\u00f3gico Metropolitano de Medell\u00edn (ITM), Carlos Andr\u00e9s Caballero, propuso y abord\u00f3 el tema este 9 de mayo de 2023, en el primer d\u00eda de las VI Conferencias de Audio y Sonido del Ecuador (CASE) organizadas por la Escuela de Artes Sonoras de la Universidad de las Artes.<\/p>\n\n\n\n<p>Caballero, quien en abril de 2022 particip\u00f3 en las jornadas del \u201cEncuentro de ciudades a trav\u00e9s de las artes: Guayaquil-Medell\u00edn\u201d que propici\u00f3 la UArtes, lleg\u00f3 en esta ocasi\u00f3n con el rector del ITM, Alejandro Villa G\u00f3mez, y tom\u00f3 parte el lunes 8 del conversatorio \u201cLa universidad en red: una perspectiva de la ciudad a trav\u00e9s de las artes\u201d.<\/p>\n\n\n<div class=\"wp-block-image\">\n<figure class=\"aligncenter size-large\"><img fetchpriority=\"high\" decoding=\"async\" width=\"644\" height=\"429\" src=\"https:\/\/www.uartes.edu.ec\/sitio\/wp-content\/uploads\/2023\/05\/CARLOS-CABALLERO-02-644x429.jpg\" alt=\"\" class=\"wp-image-41885\" srcset=\"https:\/\/www.uartes.edu.ec\/sitio\/wp-content\/uploads\/2023\/05\/CARLOS-CABALLERO-02-644x429.jpg 644w, https:\/\/www.uartes.edu.ec\/sitio\/wp-content\/uploads\/2023\/05\/CARLOS-CABALLERO-02-300x200.jpg 300w, https:\/\/www.uartes.edu.ec\/sitio\/wp-content\/uploads\/2023\/05\/CARLOS-CABALLERO-02-768x512.jpg 768w, https:\/\/www.uartes.edu.ec\/sitio\/wp-content\/uploads\/2023\/05\/CARLOS-CABALLERO-02-1536x1024.jpg 1536w, https:\/\/www.uartes.edu.ec\/sitio\/wp-content\/uploads\/2023\/05\/CARLOS-CABALLERO-02-600x400.jpg 600w, https:\/\/www.uartes.edu.ec\/sitio\/wp-content\/uploads\/2023\/05\/CARLOS-CABALLERO-02-400x267.jpg 400w, https:\/\/www.uartes.edu.ec\/sitio\/wp-content\/uploads\/2023\/05\/CARLOS-CABALLERO-02-272x182.jpg 272w, https:\/\/www.uartes.edu.ec\/sitio\/wp-content\/uploads\/2023\/05\/CARLOS-CABALLERO-02.jpg 2000w\" sizes=\"(max-width: 644px) 100vw, 644px\" \/><\/figure>\n<\/div>\n\n\n<p>Su charla en el CASE se desarroll\u00f3 en el Estudio de Grabaci\u00f3n B de la EAS, en el MZ14 Centro de Producci\u00f3n e Innovaci\u00f3n UArtes. All\u00ed, teniendo como audiencia a estudiantes, docentes y profesionales del audio y del sonido interesados en actualizar conocimientos, Caballero se\u00f1al\u00f3 la importancia de seguir teniendo en cuenta los escenarios tridimensionales de grabaci\u00f3n, es decir, \u201cel espacio ac\u00fastico del estudio de grabaci\u00f3n, sea un cuarto chiquito que se tenga en casa o en los grandes, como los que posee vuestra universidad\u201d.&nbsp;<\/p>\n\n\n\n<p>La exposici\u00f3n que comparti\u00f3, dijo a InfoUArtes, tiene que ver con parte de su trabajo de tesis doctoral, que sustent\u00f3 a inicios de a\u00f1o y en la que investig\u00f3 sobre la producci\u00f3n discogr\u00e1fica de su pa\u00eds, Colombia, entre las d\u00e9cadas del sesenta y setenta. \u201cTraje varios ejemplos de hace mucho tiempo y tambi\u00e9n contempor\u00e1neos para evidenciar que sea donde sea que se grabe no hay que olvidar eso tan importante: el espacio sonoro donde poder ubicar cada uno de esos elementos en la mezcla\u201d.<\/p>\n\n\n\n<p>\u201cAprovechen los espacios que tienen para que puedan explotar todo su potencial\u201d fue la recomendaci\u00f3n que Caballero hizo a quienes asistieron a la charla, en especial a los estudiantes de la EAS, en su proceso de aprendizaje y profesionalizaci\u00f3n, y en referencia a los estudios de grabaci\u00f3n A y B con los que cuenta la UArtes.&nbsp;&nbsp;<\/p>\n","protected":false},"excerpt":{"rendered":"<p>\u201cLa importancia del espacio ac\u00fastico en las producciones discogr\u00e1ficas y el cambio tecnol\u00f3gico\u201d. El decano de la Facultad de Artes y Humanidades del Instituto Tecnol\u00f3gico Metropolitano de Medell\u00edn (ITM), Carlos Andr\u00e9s Caballero, propuso y abord\u00f3 el tema este 9 de mayo de 2023, en el primer d\u00eda de las VI Conferencias de Audio y Sonido del Ecuador (CASE) organizadas por la Escuela de Artes Sonoras.<\/p>\n","protected":false},"author":10,"featured_media":41884,"comment_status":"open","ping_status":"open","sticky":false,"template":"","format":"standard","meta":{"_acf_changed":false,"_uag_custom_page_level_css":"","_monsterinsights_skip_tracking":false,"_monsterinsights_sitenote_active":false,"_monsterinsights_sitenote_note":"","_monsterinsights_sitenote_category":0,"cybocfi_hide_featured_image":"","footnotes":""},"categories":[80,82,150,75,76],"tags":[454],"infouartes":[],"class_list":["post-41883","post","type-post","status-publish","format-standard","has-post-thumbnail","hentry","category-academico","category-artes","category-artes-sonoras","category-docentes","category-estudiantes","tag-case"],"acf":[],"yoast_head":"<!-- This site is optimized with the Yoast SEO plugin v27.4 - https:\/\/yoast.com\/product\/yoast-seo-wordpress\/ -->\n<title>Universidad de las Artes - Carlos Caballero, del ITM, particip\u00f3 en CASE con la tem\u00e1tica \u201cLos escenarios tridimensionales de grabaci\u00f3n\u201d<\/title>\n<meta name=\"description\" content=\"Universidad de las Artes - Carlos Caballero, del ITM, particip\u00f3 en CASE con la tem\u00e1tica \u201cLos escenarios tridimensionales de grabaci\u00f3n\u201d\" \/>\n<meta name=\"robots\" content=\"index, follow, max-snippet:-1, max-image-preview:large, max-video-preview:-1\" \/>\n<link rel=\"canonical\" href=\"https:\/\/www.uartes.edu.ec\/sitio\/blog\/2023\/05\/10\/carlos-caballero-docente-del-itm-presente-en-case-hablo-de-los-escenarios-tridimensionales-de-grabacion\/\" \/>\n<meta property=\"og:locale\" content=\"es_ES\" \/>\n<meta property=\"og:type\" content=\"article\" \/>\n<meta property=\"og:title\" content=\"Universidad de las Artes - Carlos Caballero, del ITM, particip\u00f3 en CASE con la tem\u00e1tica \u201cLos escenarios tridimensionales de grabaci\u00f3n\u201d\" \/>\n<meta property=\"og:description\" content=\"Universidad de las Artes - Carlos Caballero, del ITM, particip\u00f3 en CASE con la tem\u00e1tica \u201cLos escenarios tridimensionales de grabaci\u00f3n\u201d\" \/>\n<meta property=\"og:url\" content=\"https:\/\/www.uartes.edu.ec\/sitio\/blog\/2023\/05\/10\/carlos-caballero-docente-del-itm-presente-en-case-hablo-de-los-escenarios-tridimensionales-de-grabacion\/\" \/>\n<meta property=\"og:site_name\" content=\"Universidad de las Artes\" \/>\n<meta property=\"article:publisher\" content=\"https:\/\/www.facebook.com\/uartesec\" \/>\n<meta property=\"article:published_time\" content=\"2023-05-10T16:18:00+00:00\" \/>\n<meta property=\"article:modified_time\" content=\"2024-07-04T16:21:13+00:00\" \/>\n<meta property=\"og:image\" content=\"https:\/\/www.uartes.edu.ec\/sitio\/wp-content\/uploads\/2023\/05\/CARLOS-CABALLERO-01.jpg\" \/>\n\t<meta property=\"og:image:width\" content=\"2000\" \/>\n\t<meta property=\"og:image:height\" content=\"1333\" \/>\n\t<meta property=\"og:image:type\" content=\"image\/jpeg\" \/>\n<meta name=\"author\" content=\"ccortez\" \/>\n<meta name=\"twitter:card\" content=\"summary_large_image\" \/>\n<meta name=\"twitter:creator\" content=\"@uartesec\" \/>\n<meta name=\"twitter:site\" content=\"@uartesec\" \/>\n<meta name=\"twitter:label1\" content=\"Escrito por\" \/>\n\t<meta name=\"twitter:data1\" content=\"ccortez\" \/>\n\t<meta name=\"twitter:label2\" content=\"Tiempo de lectura\" \/>\n\t<meta name=\"twitter:data2\" content=\"2 minutos\" \/>\n<script type=\"application\/ld+json\" class=\"yoast-schema-graph\">{\"@context\":\"https:\\\/\\\/schema.org\",\"@graph\":[{\"@type\":\"Article\",\"@id\":\"https:\\\/\\\/www.uartes.edu.ec\\\/sitio\\\/blog\\\/2023\\\/05\\\/10\\\/carlos-caballero-docente-del-itm-presente-en-case-hablo-de-los-escenarios-tridimensionales-de-grabacion\\\/#article\",\"isPartOf\":{\"@id\":\"https:\\\/\\\/www.uartes.edu.ec\\\/sitio\\\/blog\\\/2023\\\/05\\\/10\\\/carlos-caballero-docente-del-itm-presente-en-case-hablo-de-los-escenarios-tridimensionales-de-grabacion\\\/\"},\"author\":{\"name\":\"ccortez\",\"@id\":\"https:\\\/\\\/www.uartes.edu.ec\\\/sitio\\\/#\\\/schema\\\/person\\\/efa1b8275797664fd7f13a79ccc0b1f4\"},\"headline\":\"Carlos Caballero, del ITM, particip\u00f3 en CASE con la tem\u00e1tica \u201cLos escenarios tridimensionales de grabaci\u00f3n\u201d\",\"datePublished\":\"2023-05-10T16:18:00+00:00\",\"dateModified\":\"2024-07-04T16:21:13+00:00\",\"mainEntityOfPage\":{\"@id\":\"https:\\\/\\\/www.uartes.edu.ec\\\/sitio\\\/blog\\\/2023\\\/05\\\/10\\\/carlos-caballero-docente-del-itm-presente-en-case-hablo-de-los-escenarios-tridimensionales-de-grabacion\\\/\"},\"wordCount\":400,\"commentCount\":0,\"publisher\":{\"@id\":\"https:\\\/\\\/www.uartes.edu.ec\\\/sitio\\\/#organization\"},\"image\":{\"@id\":\"https:\\\/\\\/www.uartes.edu.ec\\\/sitio\\\/blog\\\/2023\\\/05\\\/10\\\/carlos-caballero-docente-del-itm-presente-en-case-hablo-de-los-escenarios-tridimensionales-de-grabacion\\\/#primaryimage\"},\"thumbnailUrl\":\"https:\\\/\\\/www.uartes.edu.ec\\\/sitio\\\/wp-content\\\/uploads\\\/2023\\\/05\\\/CARLOS-CABALLERO-01.jpg\",\"keywords\":[\"case\"],\"articleSection\":[\"Acad\u00e9mico\",\"Artes\",\"Artes Sonoras\",\"Docentes\",\"Estudiantes\"],\"inLanguage\":\"es\",\"potentialAction\":[{\"@type\":\"CommentAction\",\"name\":\"Comment\",\"target\":[\"https:\\\/\\\/www.uartes.edu.ec\\\/sitio\\\/blog\\\/2023\\\/05\\\/10\\\/carlos-caballero-docente-del-itm-presente-en-case-hablo-de-los-escenarios-tridimensionales-de-grabacion\\\/#respond\"]}]},{\"@type\":[\"WebPage\",\"ItemPage\"],\"@id\":\"https:\\\/\\\/www.uartes.edu.ec\\\/sitio\\\/blog\\\/2023\\\/05\\\/10\\\/carlos-caballero-docente-del-itm-presente-en-case-hablo-de-los-escenarios-tridimensionales-de-grabacion\\\/\",\"url\":\"https:\\\/\\\/www.uartes.edu.ec\\\/sitio\\\/blog\\\/2023\\\/05\\\/10\\\/carlos-caballero-docente-del-itm-presente-en-case-hablo-de-los-escenarios-tridimensionales-de-grabacion\\\/\",\"name\":\"Universidad de las Artes - Carlos Caballero, del ITM, particip\u00f3 en CASE con la tem\u00e1tica \u201cLos escenarios tridimensionales de grabaci\u00f3n\u201d\",\"isPartOf\":{\"@id\":\"https:\\\/\\\/www.uartes.edu.ec\\\/sitio\\\/#website\"},\"primaryImageOfPage\":{\"@id\":\"https:\\\/\\\/www.uartes.edu.ec\\\/sitio\\\/blog\\\/2023\\\/05\\\/10\\\/carlos-caballero-docente-del-itm-presente-en-case-hablo-de-los-escenarios-tridimensionales-de-grabacion\\\/#primaryimage\"},\"image\":{\"@id\":\"https:\\\/\\\/www.uartes.edu.ec\\\/sitio\\\/blog\\\/2023\\\/05\\\/10\\\/carlos-caballero-docente-del-itm-presente-en-case-hablo-de-los-escenarios-tridimensionales-de-grabacion\\\/#primaryimage\"},\"thumbnailUrl\":\"https:\\\/\\\/www.uartes.edu.ec\\\/sitio\\\/wp-content\\\/uploads\\\/2023\\\/05\\\/CARLOS-CABALLERO-01.jpg\",\"datePublished\":\"2023-05-10T16:18:00+00:00\",\"dateModified\":\"2024-07-04T16:21:13+00:00\",\"description\":\"Universidad de las Artes - Carlos Caballero, del ITM, particip\u00f3 en CASE con la tem\u00e1tica \u201cLos escenarios tridimensionales de grabaci\u00f3n\u201d\",\"breadcrumb\":{\"@id\":\"https:\\\/\\\/www.uartes.edu.ec\\\/sitio\\\/blog\\\/2023\\\/05\\\/10\\\/carlos-caballero-docente-del-itm-presente-en-case-hablo-de-los-escenarios-tridimensionales-de-grabacion\\\/#breadcrumb\"},\"inLanguage\":\"es\",\"potentialAction\":[{\"@type\":\"ReadAction\",\"target\":[\"https:\\\/\\\/www.uartes.edu.ec\\\/sitio\\\/blog\\\/2023\\\/05\\\/10\\\/carlos-caballero-docente-del-itm-presente-en-case-hablo-de-los-escenarios-tridimensionales-de-grabacion\\\/\"]}]},{\"@type\":\"ImageObject\",\"inLanguage\":\"es\",\"@id\":\"https:\\\/\\\/www.uartes.edu.ec\\\/sitio\\\/blog\\\/2023\\\/05\\\/10\\\/carlos-caballero-docente-del-itm-presente-en-case-hablo-de-los-escenarios-tridimensionales-de-grabacion\\\/#primaryimage\",\"url\":\"https:\\\/\\\/www.uartes.edu.ec\\\/sitio\\\/wp-content\\\/uploads\\\/2023\\\/05\\\/CARLOS-CABALLERO-01.jpg\",\"contentUrl\":\"https:\\\/\\\/www.uartes.edu.ec\\\/sitio\\\/wp-content\\\/uploads\\\/2023\\\/05\\\/CARLOS-CABALLERO-01.jpg\",\"width\":2000,\"height\":1333},{\"@type\":\"BreadcrumbList\",\"@id\":\"https:\\\/\\\/www.uartes.edu.ec\\\/sitio\\\/blog\\\/2023\\\/05\\\/10\\\/carlos-caballero-docente-del-itm-presente-en-case-hablo-de-los-escenarios-tridimensionales-de-grabacion\\\/#breadcrumb\",\"itemListElement\":[{\"@type\":\"ListItem\",\"position\":1,\"name\":\"Inicio\",\"item\":\"https:\\\/\\\/www.uartes.edu.ec\\\/sitio\\\/\"},{\"@type\":\"ListItem\",\"position\":2,\"name\":\"Carlos Caballero, del ITM, particip\u00f3 en CASE con la tem\u00e1tica \u201cLos escenarios tridimensionales de grabaci\u00f3n\u201d\"}]},{\"@type\":\"WebSite\",\"@id\":\"https:\\\/\\\/www.uartes.edu.ec\\\/sitio\\\/#website\",\"url\":\"https:\\\/\\\/www.uartes.edu.ec\\\/sitio\\\/\",\"name\":\"Universidad de las Artes\",\"description\":\"Sitio oficial de la Universidad Nacional de las Artes del Ecuador\",\"publisher\":{\"@id\":\"https:\\\/\\\/www.uartes.edu.ec\\\/sitio\\\/#organization\"},\"potentialAction\":[{\"@type\":\"SearchAction\",\"target\":{\"@type\":\"EntryPoint\",\"urlTemplate\":\"https:\\\/\\\/www.uartes.edu.ec\\\/sitio\\\/?s={search_term_string}\"},\"query-input\":{\"@type\":\"PropertyValueSpecification\",\"valueRequired\":true,\"valueName\":\"search_term_string\"}}],\"inLanguage\":\"es\"},{\"@type\":\"Organization\",\"@id\":\"https:\\\/\\\/www.uartes.edu.ec\\\/sitio\\\/#organization\",\"name\":\"Universidad de las Artes\",\"url\":\"https:\\\/\\\/www.uartes.edu.ec\\\/sitio\\\/\",\"logo\":{\"@type\":\"ImageObject\",\"inLanguage\":\"es\",\"@id\":\"https:\\\/\\\/www.uartes.edu.ec\\\/sitio\\\/#\\\/schema\\\/logo\\\/image\\\/\",\"url\":\"https:\\\/\\\/www.uartes.edu.ec\\\/sitio\\\/wp-content\\\/uploads\\\/2022\\\/07\\\/logo-ua-horizontal.png\",\"contentUrl\":\"https:\\\/\\\/www.uartes.edu.ec\\\/sitio\\\/wp-content\\\/uploads\\\/2022\\\/07\\\/logo-ua-horizontal.png\",\"width\":800,\"height\":276,\"caption\":\"Universidad de las Artes\"},\"image\":{\"@id\":\"https:\\\/\\\/www.uartes.edu.ec\\\/sitio\\\/#\\\/schema\\\/logo\\\/image\\\/\"},\"sameAs\":[\"https:\\\/\\\/www.facebook.com\\\/uartesec\",\"https:\\\/\\\/x.com\\\/uartesec\",\"https:\\\/\\\/www.tiktok.com\\\/@uartesec\"]},{\"@type\":\"Person\",\"@id\":\"https:\\\/\\\/www.uartes.edu.ec\\\/sitio\\\/#\\\/schema\\\/person\\\/efa1b8275797664fd7f13a79ccc0b1f4\",\"name\":\"ccortez\",\"image\":{\"@type\":\"ImageObject\",\"inLanguage\":\"es\",\"@id\":\"https:\\\/\\\/secure.gravatar.com\\\/avatar\\\/b2a6f664a3ae8e074346ef91775736c5ec479e637ecced6842de9dc98b5da9cd?s=96&d=mm&r=g\",\"url\":\"https:\\\/\\\/secure.gravatar.com\\\/avatar\\\/b2a6f664a3ae8e074346ef91775736c5ec479e637ecced6842de9dc98b5da9cd?s=96&d=mm&r=g\",\"contentUrl\":\"https:\\\/\\\/secure.gravatar.com\\\/avatar\\\/b2a6f664a3ae8e074346ef91775736c5ec479e637ecced6842de9dc98b5da9cd?s=96&d=mm&r=g\",\"caption\":\"ccortez\"},\"url\":\"https:\\\/\\\/www.uartes.edu.ec\\\/sitio\\\/blog\\\/author\\\/ccortez\\\/\"}]}<\/script>\n<!-- \/ Yoast SEO plugin. -->","yoast_head_json":{"title":"Universidad de las Artes - Carlos Caballero, del ITM, particip\u00f3 en CASE con la tem\u00e1tica \u201cLos escenarios tridimensionales de grabaci\u00f3n\u201d","description":"Universidad de las Artes - Carlos Caballero, del ITM, particip\u00f3 en CASE con la tem\u00e1tica \u201cLos escenarios tridimensionales de grabaci\u00f3n\u201d","robots":{"index":"index","follow":"follow","max-snippet":"max-snippet:-1","max-image-preview":"max-image-preview:large","max-video-preview":"max-video-preview:-1"},"canonical":"https:\/\/www.uartes.edu.ec\/sitio\/blog\/2023\/05\/10\/carlos-caballero-docente-del-itm-presente-en-case-hablo-de-los-escenarios-tridimensionales-de-grabacion\/","og_locale":"es_ES","og_type":"article","og_title":"Universidad de las Artes - Carlos Caballero, del ITM, particip\u00f3 en CASE con la tem\u00e1tica \u201cLos escenarios tridimensionales de grabaci\u00f3n\u201d","og_description":"Universidad de las Artes - Carlos Caballero, del ITM, particip\u00f3 en CASE con la tem\u00e1tica \u201cLos escenarios tridimensionales de grabaci\u00f3n\u201d","og_url":"https:\/\/www.uartes.edu.ec\/sitio\/blog\/2023\/05\/10\/carlos-caballero-docente-del-itm-presente-en-case-hablo-de-los-escenarios-tridimensionales-de-grabacion\/","og_site_name":"Universidad de las Artes","article_publisher":"https:\/\/www.facebook.com\/uartesec","article_published_time":"2023-05-10T16:18:00+00:00","article_modified_time":"2024-07-04T16:21:13+00:00","og_image":[{"width":2000,"height":1333,"url":"https:\/\/www.uartes.edu.ec\/sitio\/wp-content\/uploads\/2023\/05\/CARLOS-CABALLERO-01.jpg","type":"image\/jpeg"}],"author":"ccortez","twitter_card":"summary_large_image","twitter_creator":"@uartesec","twitter_site":"@uartesec","twitter_misc":{"Escrito por":"ccortez","Tiempo de lectura":"2 minutos"},"schema":{"@context":"https:\/\/schema.org","@graph":[{"@type":"Article","@id":"https:\/\/www.uartes.edu.ec\/sitio\/blog\/2023\/05\/10\/carlos-caballero-docente-del-itm-presente-en-case-hablo-de-los-escenarios-tridimensionales-de-grabacion\/#article","isPartOf":{"@id":"https:\/\/www.uartes.edu.ec\/sitio\/blog\/2023\/05\/10\/carlos-caballero-docente-del-itm-presente-en-case-hablo-de-los-escenarios-tridimensionales-de-grabacion\/"},"author":{"name":"ccortez","@id":"https:\/\/www.uartes.edu.ec\/sitio\/#\/schema\/person\/efa1b8275797664fd7f13a79ccc0b1f4"},"headline":"Carlos Caballero, del ITM, particip\u00f3 en CASE con la tem\u00e1tica \u201cLos escenarios tridimensionales de grabaci\u00f3n\u201d","datePublished":"2023-05-10T16:18:00+00:00","dateModified":"2024-07-04T16:21:13+00:00","mainEntityOfPage":{"@id":"https:\/\/www.uartes.edu.ec\/sitio\/blog\/2023\/05\/10\/carlos-caballero-docente-del-itm-presente-en-case-hablo-de-los-escenarios-tridimensionales-de-grabacion\/"},"wordCount":400,"commentCount":0,"publisher":{"@id":"https:\/\/www.uartes.edu.ec\/sitio\/#organization"},"image":{"@id":"https:\/\/www.uartes.edu.ec\/sitio\/blog\/2023\/05\/10\/carlos-caballero-docente-del-itm-presente-en-case-hablo-de-los-escenarios-tridimensionales-de-grabacion\/#primaryimage"},"thumbnailUrl":"https:\/\/www.uartes.edu.ec\/sitio\/wp-content\/uploads\/2023\/05\/CARLOS-CABALLERO-01.jpg","keywords":["case"],"articleSection":["Acad\u00e9mico","Artes","Artes Sonoras","Docentes","Estudiantes"],"inLanguage":"es","potentialAction":[{"@type":"CommentAction","name":"Comment","target":["https:\/\/www.uartes.edu.ec\/sitio\/blog\/2023\/05\/10\/carlos-caballero-docente-del-itm-presente-en-case-hablo-de-los-escenarios-tridimensionales-de-grabacion\/#respond"]}]},{"@type":["WebPage","ItemPage"],"@id":"https:\/\/www.uartes.edu.ec\/sitio\/blog\/2023\/05\/10\/carlos-caballero-docente-del-itm-presente-en-case-hablo-de-los-escenarios-tridimensionales-de-grabacion\/","url":"https:\/\/www.uartes.edu.ec\/sitio\/blog\/2023\/05\/10\/carlos-caballero-docente-del-itm-presente-en-case-hablo-de-los-escenarios-tridimensionales-de-grabacion\/","name":"Universidad de las Artes - Carlos Caballero, del ITM, particip\u00f3 en CASE con la tem\u00e1tica \u201cLos escenarios tridimensionales de grabaci\u00f3n\u201d","isPartOf":{"@id":"https:\/\/www.uartes.edu.ec\/sitio\/#website"},"primaryImageOfPage":{"@id":"https:\/\/www.uartes.edu.ec\/sitio\/blog\/2023\/05\/10\/carlos-caballero-docente-del-itm-presente-en-case-hablo-de-los-escenarios-tridimensionales-de-grabacion\/#primaryimage"},"image":{"@id":"https:\/\/www.uartes.edu.ec\/sitio\/blog\/2023\/05\/10\/carlos-caballero-docente-del-itm-presente-en-case-hablo-de-los-escenarios-tridimensionales-de-grabacion\/#primaryimage"},"thumbnailUrl":"https:\/\/www.uartes.edu.ec\/sitio\/wp-content\/uploads\/2023\/05\/CARLOS-CABALLERO-01.jpg","datePublished":"2023-05-10T16:18:00+00:00","dateModified":"2024-07-04T16:21:13+00:00","description":"Universidad de las Artes - Carlos Caballero, del ITM, particip\u00f3 en CASE con la tem\u00e1tica \u201cLos escenarios tridimensionales de grabaci\u00f3n\u201d","breadcrumb":{"@id":"https:\/\/www.uartes.edu.ec\/sitio\/blog\/2023\/05\/10\/carlos-caballero-docente-del-itm-presente-en-case-hablo-de-los-escenarios-tridimensionales-de-grabacion\/#breadcrumb"},"inLanguage":"es","potentialAction":[{"@type":"ReadAction","target":["https:\/\/www.uartes.edu.ec\/sitio\/blog\/2023\/05\/10\/carlos-caballero-docente-del-itm-presente-en-case-hablo-de-los-escenarios-tridimensionales-de-grabacion\/"]}]},{"@type":"ImageObject","inLanguage":"es","@id":"https:\/\/www.uartes.edu.ec\/sitio\/blog\/2023\/05\/10\/carlos-caballero-docente-del-itm-presente-en-case-hablo-de-los-escenarios-tridimensionales-de-grabacion\/#primaryimage","url":"https:\/\/www.uartes.edu.ec\/sitio\/wp-content\/uploads\/2023\/05\/CARLOS-CABALLERO-01.jpg","contentUrl":"https:\/\/www.uartes.edu.ec\/sitio\/wp-content\/uploads\/2023\/05\/CARLOS-CABALLERO-01.jpg","width":2000,"height":1333},{"@type":"BreadcrumbList","@id":"https:\/\/www.uartes.edu.ec\/sitio\/blog\/2023\/05\/10\/carlos-caballero-docente-del-itm-presente-en-case-hablo-de-los-escenarios-tridimensionales-de-grabacion\/#breadcrumb","itemListElement":[{"@type":"ListItem","position":1,"name":"Inicio","item":"https:\/\/www.uartes.edu.ec\/sitio\/"},{"@type":"ListItem","position":2,"name":"Carlos Caballero, del ITM, particip\u00f3 en CASE con la tem\u00e1tica \u201cLos escenarios tridimensionales de grabaci\u00f3n\u201d"}]},{"@type":"WebSite","@id":"https:\/\/www.uartes.edu.ec\/sitio\/#website","url":"https:\/\/www.uartes.edu.ec\/sitio\/","name":"Universidad de las Artes","description":"Sitio oficial de la Universidad Nacional de las Artes del Ecuador","publisher":{"@id":"https:\/\/www.uartes.edu.ec\/sitio\/#organization"},"potentialAction":[{"@type":"SearchAction","target":{"@type":"EntryPoint","urlTemplate":"https:\/\/www.uartes.edu.ec\/sitio\/?s={search_term_string}"},"query-input":{"@type":"PropertyValueSpecification","valueRequired":true,"valueName":"search_term_string"}}],"inLanguage":"es"},{"@type":"Organization","@id":"https:\/\/www.uartes.edu.ec\/sitio\/#organization","name":"Universidad de las Artes","url":"https:\/\/www.uartes.edu.ec\/sitio\/","logo":{"@type":"ImageObject","inLanguage":"es","@id":"https:\/\/www.uartes.edu.ec\/sitio\/#\/schema\/logo\/image\/","url":"https:\/\/www.uartes.edu.ec\/sitio\/wp-content\/uploads\/2022\/07\/logo-ua-horizontal.png","contentUrl":"https:\/\/www.uartes.edu.ec\/sitio\/wp-content\/uploads\/2022\/07\/logo-ua-horizontal.png","width":800,"height":276,"caption":"Universidad de las Artes"},"image":{"@id":"https:\/\/www.uartes.edu.ec\/sitio\/#\/schema\/logo\/image\/"},"sameAs":["https:\/\/www.facebook.com\/uartesec","https:\/\/x.com\/uartesec","https:\/\/www.tiktok.com\/@uartesec"]},{"@type":"Person","@id":"https:\/\/www.uartes.edu.ec\/sitio\/#\/schema\/person\/efa1b8275797664fd7f13a79ccc0b1f4","name":"ccortez","image":{"@type":"ImageObject","inLanguage":"es","@id":"https:\/\/secure.gravatar.com\/avatar\/b2a6f664a3ae8e074346ef91775736c5ec479e637ecced6842de9dc98b5da9cd?s=96&d=mm&r=g","url":"https:\/\/secure.gravatar.com\/avatar\/b2a6f664a3ae8e074346ef91775736c5ec479e637ecced6842de9dc98b5da9cd?s=96&d=mm&r=g","contentUrl":"https:\/\/secure.gravatar.com\/avatar\/b2a6f664a3ae8e074346ef91775736c5ec479e637ecced6842de9dc98b5da9cd?s=96&d=mm&r=g","caption":"ccortez"},"url":"https:\/\/www.uartes.edu.ec\/sitio\/blog\/author\/ccortez\/"}]}},"uagb_featured_image_src":{"full":["https:\/\/www.uartes.edu.ec\/sitio\/wp-content\/uploads\/2023\/05\/CARLOS-CABALLERO-01.jpg",2000,1333,false],"thumbnail":["https:\/\/www.uartes.edu.ec\/sitio\/wp-content\/uploads\/2023\/05\/CARLOS-CABALLERO-01-150x150.jpg",150,150,true],"medium":["https:\/\/www.uartes.edu.ec\/sitio\/wp-content\/uploads\/2023\/05\/CARLOS-CABALLERO-01-300x200.jpg",300,200,true],"medium_large":["https:\/\/www.uartes.edu.ec\/sitio\/wp-content\/uploads\/2023\/05\/CARLOS-CABALLERO-01-768x512.jpg",768,512,true],"large":["https:\/\/www.uartes.edu.ec\/sitio\/wp-content\/uploads\/2023\/05\/CARLOS-CABALLERO-01-644x429.jpg",644,429,true],"1536x1536":["https:\/\/www.uartes.edu.ec\/sitio\/wp-content\/uploads\/2023\/05\/CARLOS-CABALLERO-01-1536x1024.jpg",1536,1024,true],"2048x2048":["https:\/\/www.uartes.edu.ec\/sitio\/wp-content\/uploads\/2023\/05\/CARLOS-CABALLERO-01.jpg",2000,1333,false],"trp-custom-language-flag":["https:\/\/www.uartes.edu.ec\/sitio\/wp-content\/uploads\/2023\/05\/CARLOS-CABALLERO-01.jpg",18,12,false],"htmega_size_585x295":["https:\/\/www.uartes.edu.ec\/sitio\/wp-content\/uploads\/2023\/05\/CARLOS-CABALLERO-01-585x295.jpg",585,295,true],"htmega_size_1170x536":["https:\/\/www.uartes.edu.ec\/sitio\/wp-content\/uploads\/2023\/05\/CARLOS-CABALLERO-01-1170x536.jpg",1170,536,true],"htmega_size_396x360":["https:\/\/www.uartes.edu.ec\/sitio\/wp-content\/uploads\/2023\/05\/CARLOS-CABALLERO-01-396x360.jpg",396,360,true],"gb-block-post-grid-landscape":["https:\/\/www.uartes.edu.ec\/sitio\/wp-content\/uploads\/2023\/05\/CARLOS-CABALLERO-01-600x400.jpg",600,400,true],"gb-block-post-grid-square":["https:\/\/www.uartes.edu.ec\/sitio\/wp-content\/uploads\/2023\/05\/CARLOS-CABALLERO-01-600x600.jpg",600,600,true],"university-hub-thumb":["https:\/\/www.uartes.edu.ec\/sitio\/wp-content\/uploads\/2023\/05\/CARLOS-CABALLERO-01-400x267.jpg",400,267,true]},"uagb_author_info":{"display_name":"ccortez","author_link":"https:\/\/www.uartes.edu.ec\/sitio\/blog\/author\/ccortez\/"},"uagb_comment_info":0,"uagb_excerpt":"\u201cLa importancia del espacio ac\u00fastico en las producciones discogr\u00e1ficas y el cambio tecnol\u00f3gico\u201d. El decano de la Facultad de Artes y Humanidades del Instituto Tecnol\u00f3gico Metropolitano de Medell\u00edn (ITM), Carlos Andr\u00e9s Caballero, propuso y abord\u00f3 el tema este 9 de mayo de 2023, en el primer d\u00eda de las VI Conferencias de Audio y Sonido&hellip;","featured_image_src":"https:\/\/www.uartes.edu.ec\/sitio\/wp-content\/uploads\/2023\/05\/CARLOS-CABALLERO-01-600x400.jpg","featured_image_src_square":"https:\/\/www.uartes.edu.ec\/sitio\/wp-content\/uploads\/2023\/05\/CARLOS-CABALLERO-01-600x600.jpg","author_info":{"display_name":"ccortez","author_link":"https:\/\/www.uartes.edu.ec\/sitio\/blog\/author\/ccortez\/"},"publishpress_future_workflow_manual_trigger":{"enabledWorkflows":[]},"distributor_meta":false,"distributor_terms":false,"distributor_media":false,"distributor_original_site_name":"Universidad de las Artes","distributor_original_site_url":"https:\/\/www.uartes.edu.ec\/sitio","push-errors":false,"_links":{"self":[{"href":"https:\/\/www.uartes.edu.ec\/sitio\/wp-json\/wp\/v2\/posts\/41883","targetHints":{"allow":["GET"]}}],"collection":[{"href":"https:\/\/www.uartes.edu.ec\/sitio\/wp-json\/wp\/v2\/posts"}],"about":[{"href":"https:\/\/www.uartes.edu.ec\/sitio\/wp-json\/wp\/v2\/types\/post"}],"author":[{"embeddable":true,"href":"https:\/\/www.uartes.edu.ec\/sitio\/wp-json\/wp\/v2\/users\/10"}],"replies":[{"embeddable":true,"href":"https:\/\/www.uartes.edu.ec\/sitio\/wp-json\/wp\/v2\/comments?post=41883"}],"version-history":[{"count":5,"href":"https:\/\/www.uartes.edu.ec\/sitio\/wp-json\/wp\/v2\/posts\/41883\/revisions"}],"predecessor-version":[{"id":41904,"href":"https:\/\/www.uartes.edu.ec\/sitio\/wp-json\/wp\/v2\/posts\/41883\/revisions\/41904"}],"wp:featuredmedia":[{"embeddable":true,"href":"https:\/\/www.uartes.edu.ec\/sitio\/wp-json\/wp\/v2\/media\/41884"}],"wp:attachment":[{"href":"https:\/\/www.uartes.edu.ec\/sitio\/wp-json\/wp\/v2\/media?parent=41883"}],"wp:term":[{"taxonomy":"category","embeddable":true,"href":"https:\/\/www.uartes.edu.ec\/sitio\/wp-json\/wp\/v2\/categories?post=41883"},{"taxonomy":"post_tag","embeddable":true,"href":"https:\/\/www.uartes.edu.ec\/sitio\/wp-json\/wp\/v2\/tags?post=41883"},{"taxonomy":"infouartes","embeddable":true,"href":"https:\/\/www.uartes.edu.ec\/sitio\/wp-json\/wp\/v2\/infouartes?post=41883"}],"curies":[{"name":"wp","href":"https:\/\/api.w.org\/{rel}","templated":true}]}}