{"id":4205,"date":"2019-08-16T09:36:27","date_gmt":"2019-08-16T14:36:27","guid":{"rendered":"http:\/\/www.uartes.edu.ec\/sitio\/?p=4205"},"modified":"2024-07-04T11:50:34","modified_gmt":"2024-07-04T16:50:34","slug":"jose-cianca-estudiante-de-la-uartes-participara-en-la-iv-edicion-del-festival-inedito-coreografia-nueva","status":"publish","type":"post","link":"https:\/\/www.uartes.edu.ec\/sitio\/blog\/2019\/08\/16\/jose-cianca-estudiante-de-la-uartes-participara-en-la-iv-edicion-del-festival-inedito-coreografia-nueva\/","title":{"rendered":"Jos\u00e9 Cianca, estudiante de la UArtes, participar\u00e1 en  la IV edici\u00f3n del Festival In\u00e9dito Coreograf\u00eda Nueva"},"content":{"rendered":"\n<p>Jos\u00e9\nCianca, estudiante de s\u00e9ptimo semestre de la Escuela de Artes Sonoras de la\nUniversidad de las Artes, fue seleccionado&nbsp;junto a la bailarina&nbsp;quite\u00f1a&nbsp;Gardenia\nMu\u00f1oz&nbsp;para participar en la etapa final de presentaciones p\u00fablicas\nen&nbsp;la IV edici\u00f3n del Festival In\u00e9dito Coreograf\u00eda Nueva.&nbsp;<\/p>\n\n\n\n<p>Este\nfestival&nbsp;se plantea como una alternativa para creadores y p\u00fablicos j\u00f3venes\nque buscan&nbsp;promover e incentivar nuevos procesos de creaci\u00f3n art\u00edstica en\ndanza contempor\u00e1nea.&nbsp;<\/p>\n\n\n\n<p>El\nestudiante de la UArtes y Gardenia Mu\u00f1oz intervienen con la obra \u201cNIDO\u201d, que se\nestrenar\u00e1 en el Teatro Variedades de la ciudad de Quito el pr\u00f3ximo 28 de\nseptiembre. Dos funciones m\u00e1s se presentar\u00e1n en el teatro Calder\u00f3n de la Barca,\nde la Universidad San Francisco de Quito, el 30 de septiembre y el 1 de\noctubre.&nbsp;<\/p>\n\n\n\n<p>La\npropuesta trabaja el cuerpo, la conciencia y las emociones humanas a trav\u00e9s del\nbailar\u00edn, con frases de movimiento que se centra en la relaci\u00f3n entre las\narticulaciones, el centro y el principio b\u00e1sico de cohesi\u00f3n y expansi\u00f3n.\nAll\u00ed\u202fdonde confluyen diversas cadencias e intenciones corporales.&nbsp;<\/p>\n\n\n\n<p>\u201cNIDO\u201d\nnace a partir de los tres cuerpos sutiles que moran en el ser: Emocional, Mental\ny Espiritual. Estos a su vez experimentan constantemente las 27 emociones que\ntiene el ser humano. En el transcurso de la obra, que consta de tres\nfases&nbsp;y que tiene una duraci\u00f3n de 15 minutos, se busca mimetizar\npercepciones sonoras que se van adhiriendo al cuerpo del bailar\u00edn en un proceso\nde exploraci\u00f3n emocional&nbsp;que&nbsp;trata de llevar&nbsp;al espectador\na&nbsp;encontrar&nbsp;recursos sensoriales que&nbsp;forman parte de&nbsp;la\nobra.&nbsp;<\/p>\n\n\n\n<p>Los\nrecursos sensoriales utilizados&nbsp;est\u00e1n basados en c\u00f3mo las notas y las\nfrecuencias que forman parte de la escala mayor de DO (C) tienen una incidencia\ntransformadora en el ser humano; se han utilizado frecuencias que est\u00e1n entre\nel cuarto y quinto arm\u00f3nico de la escala, tambi\u00e9n se utilizan herramientas de\nprogramaci\u00f3n como MAX MSP que generan un di\u00e1logo entre&nbsp;los nuevos medios\ndigitales,&nbsp;la m\u00fasica acad\u00e9mica&nbsp;y la danza contempor\u00e1nea.&nbsp;<\/p>\n\n\n\n<p>La\nnota DO (C) vibra en 396 hertzios de frecuencia y se utiliza para la liberaci\u00f3n\ndel miedo y la culpabilidad.&nbsp;<\/p>\n\n\n\n<p>La\nnota RE (D) vibra en 417 hertzios de frecuencia y se utiliza para la\ntransformaci\u00f3n, transmutaci\u00f3n y conversi\u00f3n de nuestro estado mental, para poder\nllegar a la aceptaci\u00f3n de lo divino.&nbsp;<\/p>\n\n\n\n<p>La\nnota MI (E) vibra en 528 hertzios de frecuencia y se utiliza para la\ntransformaci\u00f3n y reparaci\u00f3n del ADN.&nbsp;<\/p>\n\n\n\n<p>La\nnota FA (F) vibra en 639 hertzios de frecuencia y se utiliza para El\nQuantum&nbsp;Cognition, esto es, mejorar el conocimiento, acelerar la\ninteligencia.&nbsp;<\/p>\n\n\n\n<p>La\nnota SOL (G) vibra en 741 hertzios de frecuencia e incide en la expansi\u00f3n de la\nconciencia humana.&nbsp;<\/p>\n\n\n\n<p>La\nnota LA (A) vibra en 852 hertzios y despierta la intuici\u00f3n, la nota LA afecta\nla gl\u00e1ndula pineal o ep\u00edfisis, la llamada tercer ojo, que constituye la antena\ndel ser humano, no solo la intuici\u00f3n como parte de las habilidades del hombre,\nsino la telepat\u00eda, la&nbsp;psicoquinesis&nbsp;y otras capacidades del\nhombre.&nbsp;<\/p>\n\n\n\n<p>La\nnota SI&nbsp;(B)&nbsp;vibra en 963 hertzios de frecuencia e incide en el\nsistema nervioso, estabiliz\u00e1ndolo y equilibrando las energ\u00edas acumuladas por el\nestr\u00e9s y otros factores.&nbsp;\n\nEn la fase Emocional se utilizan las notas DO y SI, en la fase Mental\nlas notas FA y LA, y en la fase Espiritual las notas SOL, RE y MI, todo esto\ncombinado con las po\u00e9ticas del movimiento de la danza contempor\u00e1nea\ninterpretadas por el bailar\u00edn con sus variadas t\u00e9cnicas.\n\n\n\n<\/p>\n","protected":false},"excerpt":{"rendered":"<p>Jos\u00e9 Cianca, estudiante de s\u00e9ptimo semestre de la Escuela de Artes Sonoras de la Universidad de las Artes, fue seleccionado&nbsp;junto a la bailarina&nbsp;quite\u00f1a&nbsp;Gardenia Mu\u00f1oz&nbsp;para participar en la etapa final de presentaciones p\u00fablicas en&nbsp;la IV edici\u00f3n del Festival In\u00e9dito Coreograf\u00eda Nueva.&nbsp; Este festival&nbsp;se plantea como una alternativa para creadores y p\u00fablicos j\u00f3venes que buscan&nbsp;promover e incentivar [&hellip;]<\/p>\n","protected":false},"author":1,"featured_media":4202,"comment_status":"closed","ping_status":"closed","sticky":false,"template":"","format":"standard","meta":{"_acf_changed":false,"_uag_custom_page_level_css":"","_monsterinsights_skip_tracking":false,"_monsterinsights_sitenote_active":false,"_monsterinsights_sitenote_note":"","_monsterinsights_sitenote_category":0,"cybocfi_hide_featured_image":"","footnotes":""},"categories":[76],"tags":[],"infouartes":[],"class_list":["post-4205","post","type-post","status-publish","format-standard","has-post-thumbnail","hentry","category-estudiantes"],"acf":[],"yoast_head":"<!-- This site is optimized with the Yoast SEO plugin v27.4 - https:\/\/yoast.com\/product\/yoast-seo-wordpress\/ -->\n<title>Universidad de las Artes - Jos\u00e9 Cianca, estudiante de la UArtes, participar\u00e1 en la IV edici\u00f3n del Festival In\u00e9dito Coreograf\u00eda Nueva<\/title>\n<meta name=\"description\" content=\"Universidad de las Artes - Jos\u00e9 Cianca, estudiante de la UArtes, participar\u00e1 en la IV edici\u00f3n del Festival In\u00e9dito Coreograf\u00eda Nueva\" \/>\n<meta name=\"robots\" content=\"index, follow, max-snippet:-1, max-image-preview:large, max-video-preview:-1\" \/>\n<link rel=\"canonical\" href=\"https:\/\/www.uartes.edu.ec\/sitio\/blog\/2019\/08\/16\/jose-cianca-estudiante-de-la-uartes-participara-en-la-iv-edicion-del-festival-inedito-coreografia-nueva\/\" \/>\n<meta property=\"og:locale\" content=\"es_ES\" \/>\n<meta property=\"og:type\" content=\"article\" \/>\n<meta property=\"og:title\" content=\"Universidad de las Artes - Jos\u00e9 Cianca, estudiante de la UArtes, participar\u00e1 en la IV edici\u00f3n del Festival In\u00e9dito Coreograf\u00eda Nueva\" \/>\n<meta property=\"og:description\" content=\"Universidad de las Artes - Jos\u00e9 Cianca, estudiante de la UArtes, participar\u00e1 en la IV edici\u00f3n del Festival In\u00e9dito Coreograf\u00eda Nueva\" \/>\n<meta property=\"og:url\" content=\"https:\/\/www.uartes.edu.ec\/sitio\/blog\/2019\/08\/16\/jose-cianca-estudiante-de-la-uartes-participara-en-la-iv-edicion-del-festival-inedito-coreografia-nueva\/\" \/>\n<meta property=\"og:site_name\" content=\"Universidad de las Artes\" \/>\n<meta property=\"article:publisher\" content=\"https:\/\/www.facebook.com\/uartesec\" \/>\n<meta property=\"article:published_time\" content=\"2019-08-16T14:36:27+00:00\" \/>\n<meta property=\"article:modified_time\" content=\"2024-07-04T16:50:34+00:00\" \/>\n<meta property=\"og:image\" content=\"https:\/\/www.uartes.edu.ec\/sitio\/wp-content\/uploads\/2019\/08\/Jose-Cianca-ok.jpg\" \/>\n\t<meta property=\"og:image:width\" content=\"1080\" \/>\n\t<meta property=\"og:image:height\" content=\"720\" \/>\n\t<meta property=\"og:image:type\" content=\"image\/jpeg\" \/>\n<meta name=\"author\" content=\"Universidad de las Artes\" \/>\n<meta name=\"twitter:card\" content=\"summary_large_image\" \/>\n<meta name=\"twitter:creator\" content=\"@uartesec\" \/>\n<meta name=\"twitter:site\" content=\"@uartesec\" \/>\n<meta name=\"twitter:label1\" content=\"Escrito por\" \/>\n\t<meta name=\"twitter:data1\" content=\"Universidad de las Artes\" \/>\n\t<meta name=\"twitter:label2\" content=\"Tiempo de lectura\" \/>\n\t<meta name=\"twitter:data2\" content=\"3 minutos\" \/>\n<script type=\"application\/ld+json\" class=\"yoast-schema-graph\">{\"@context\":\"https:\\\/\\\/schema.org\",\"@graph\":[{\"@type\":\"Article\",\"@id\":\"https:\\\/\\\/www.uartes.edu.ec\\\/sitio\\\/blog\\\/2019\\\/08\\\/16\\\/jose-cianca-estudiante-de-la-uartes-participara-en-la-iv-edicion-del-festival-inedito-coreografia-nueva\\\/#article\",\"isPartOf\":{\"@id\":\"https:\\\/\\\/www.uartes.edu.ec\\\/sitio\\\/blog\\\/2019\\\/08\\\/16\\\/jose-cianca-estudiante-de-la-uartes-participara-en-la-iv-edicion-del-festival-inedito-coreografia-nueva\\\/\"},\"author\":{\"name\":\"Universidad de las Artes\",\"@id\":\"https:\\\/\\\/www.uartes.edu.ec\\\/sitio\\\/#\\\/schema\\\/person\\\/f33f8c1d2af0d5c80a38c8abf458184a\"},\"headline\":\"Jos\u00e9 Cianca, estudiante de la UArtes, participar\u00e1 en la IV edici\u00f3n del Festival In\u00e9dito Coreograf\u00eda Nueva\",\"datePublished\":\"2019-08-16T14:36:27+00:00\",\"dateModified\":\"2024-07-04T16:50:34+00:00\",\"mainEntityOfPage\":{\"@id\":\"https:\\\/\\\/www.uartes.edu.ec\\\/sitio\\\/blog\\\/2019\\\/08\\\/16\\\/jose-cianca-estudiante-de-la-uartes-participara-en-la-iv-edicion-del-festival-inedito-coreografia-nueva\\\/\"},\"wordCount\":680,\"publisher\":{\"@id\":\"https:\\\/\\\/www.uartes.edu.ec\\\/sitio\\\/#organization\"},\"image\":{\"@id\":\"https:\\\/\\\/www.uartes.edu.ec\\\/sitio\\\/blog\\\/2019\\\/08\\\/16\\\/jose-cianca-estudiante-de-la-uartes-participara-en-la-iv-edicion-del-festival-inedito-coreografia-nueva\\\/#primaryimage\"},\"thumbnailUrl\":\"https:\\\/\\\/www.uartes.edu.ec\\\/sitio\\\/wp-content\\\/uploads\\\/2019\\\/08\\\/Jose-Cianca-ok.jpg\",\"articleSection\":[\"Estudiantes\"],\"inLanguage\":\"es\"},{\"@type\":[\"WebPage\",\"ItemPage\"],\"@id\":\"https:\\\/\\\/www.uartes.edu.ec\\\/sitio\\\/blog\\\/2019\\\/08\\\/16\\\/jose-cianca-estudiante-de-la-uartes-participara-en-la-iv-edicion-del-festival-inedito-coreografia-nueva\\\/\",\"url\":\"https:\\\/\\\/www.uartes.edu.ec\\\/sitio\\\/blog\\\/2019\\\/08\\\/16\\\/jose-cianca-estudiante-de-la-uartes-participara-en-la-iv-edicion-del-festival-inedito-coreografia-nueva\\\/\",\"name\":\"Universidad de las Artes - Jos\u00e9 Cianca, estudiante de la UArtes, participar\u00e1 en la IV edici\u00f3n del Festival In\u00e9dito Coreograf\u00eda Nueva\",\"isPartOf\":{\"@id\":\"https:\\\/\\\/www.uartes.edu.ec\\\/sitio\\\/#website\"},\"primaryImageOfPage\":{\"@id\":\"https:\\\/\\\/www.uartes.edu.ec\\\/sitio\\\/blog\\\/2019\\\/08\\\/16\\\/jose-cianca-estudiante-de-la-uartes-participara-en-la-iv-edicion-del-festival-inedito-coreografia-nueva\\\/#primaryimage\"},\"image\":{\"@id\":\"https:\\\/\\\/www.uartes.edu.ec\\\/sitio\\\/blog\\\/2019\\\/08\\\/16\\\/jose-cianca-estudiante-de-la-uartes-participara-en-la-iv-edicion-del-festival-inedito-coreografia-nueva\\\/#primaryimage\"},\"thumbnailUrl\":\"https:\\\/\\\/www.uartes.edu.ec\\\/sitio\\\/wp-content\\\/uploads\\\/2019\\\/08\\\/Jose-Cianca-ok.jpg\",\"datePublished\":\"2019-08-16T14:36:27+00:00\",\"dateModified\":\"2024-07-04T16:50:34+00:00\",\"description\":\"Universidad de las Artes - Jos\u00e9 Cianca, estudiante de la UArtes, participar\u00e1 en la IV edici\u00f3n del Festival In\u00e9dito Coreograf\u00eda Nueva\",\"breadcrumb\":{\"@id\":\"https:\\\/\\\/www.uartes.edu.ec\\\/sitio\\\/blog\\\/2019\\\/08\\\/16\\\/jose-cianca-estudiante-de-la-uartes-participara-en-la-iv-edicion-del-festival-inedito-coreografia-nueva\\\/#breadcrumb\"},\"inLanguage\":\"es\",\"potentialAction\":[{\"@type\":\"ReadAction\",\"target\":[\"https:\\\/\\\/www.uartes.edu.ec\\\/sitio\\\/blog\\\/2019\\\/08\\\/16\\\/jose-cianca-estudiante-de-la-uartes-participara-en-la-iv-edicion-del-festival-inedito-coreografia-nueva\\\/\"]}]},{\"@type\":\"ImageObject\",\"inLanguage\":\"es\",\"@id\":\"https:\\\/\\\/www.uartes.edu.ec\\\/sitio\\\/blog\\\/2019\\\/08\\\/16\\\/jose-cianca-estudiante-de-la-uartes-participara-en-la-iv-edicion-del-festival-inedito-coreografia-nueva\\\/#primaryimage\",\"url\":\"https:\\\/\\\/www.uartes.edu.ec\\\/sitio\\\/wp-content\\\/uploads\\\/2019\\\/08\\\/Jose-Cianca-ok.jpg\",\"contentUrl\":\"https:\\\/\\\/www.uartes.edu.ec\\\/sitio\\\/wp-content\\\/uploads\\\/2019\\\/08\\\/Jose-Cianca-ok.jpg\",\"width\":1080,\"height\":720},{\"@type\":\"BreadcrumbList\",\"@id\":\"https:\\\/\\\/www.uartes.edu.ec\\\/sitio\\\/blog\\\/2019\\\/08\\\/16\\\/jose-cianca-estudiante-de-la-uartes-participara-en-la-iv-edicion-del-festival-inedito-coreografia-nueva\\\/#breadcrumb\",\"itemListElement\":[{\"@type\":\"ListItem\",\"position\":1,\"name\":\"Inicio\",\"item\":\"https:\\\/\\\/www.uartes.edu.ec\\\/sitio\\\/\"},{\"@type\":\"ListItem\",\"position\":2,\"name\":\"Jos\u00e9 Cianca, estudiante de la UArtes, participar\u00e1 en la IV edici\u00f3n del Festival In\u00e9dito Coreograf\u00eda Nueva\"}]},{\"@type\":\"WebSite\",\"@id\":\"https:\\\/\\\/www.uartes.edu.ec\\\/sitio\\\/#website\",\"url\":\"https:\\\/\\\/www.uartes.edu.ec\\\/sitio\\\/\",\"name\":\"Universidad de las Artes\",\"description\":\"Sitio oficial de la Universidad Nacional de las Artes del Ecuador\",\"publisher\":{\"@id\":\"https:\\\/\\\/www.uartes.edu.ec\\\/sitio\\\/#organization\"},\"potentialAction\":[{\"@type\":\"SearchAction\",\"target\":{\"@type\":\"EntryPoint\",\"urlTemplate\":\"https:\\\/\\\/www.uartes.edu.ec\\\/sitio\\\/?s={search_term_string}\"},\"query-input\":{\"@type\":\"PropertyValueSpecification\",\"valueRequired\":true,\"valueName\":\"search_term_string\"}}],\"inLanguage\":\"es\"},{\"@type\":\"Organization\",\"@id\":\"https:\\\/\\\/www.uartes.edu.ec\\\/sitio\\\/#organization\",\"name\":\"Universidad de las Artes\",\"url\":\"https:\\\/\\\/www.uartes.edu.ec\\\/sitio\\\/\",\"logo\":{\"@type\":\"ImageObject\",\"inLanguage\":\"es\",\"@id\":\"https:\\\/\\\/www.uartes.edu.ec\\\/sitio\\\/#\\\/schema\\\/logo\\\/image\\\/\",\"url\":\"https:\\\/\\\/www.uartes.edu.ec\\\/sitio\\\/wp-content\\\/uploads\\\/2022\\\/07\\\/logo-ua-horizontal.png\",\"contentUrl\":\"https:\\\/\\\/www.uartes.edu.ec\\\/sitio\\\/wp-content\\\/uploads\\\/2022\\\/07\\\/logo-ua-horizontal.png\",\"width\":800,\"height\":276,\"caption\":\"Universidad de las Artes\"},\"image\":{\"@id\":\"https:\\\/\\\/www.uartes.edu.ec\\\/sitio\\\/#\\\/schema\\\/logo\\\/image\\\/\"},\"sameAs\":[\"https:\\\/\\\/www.facebook.com\\\/uartesec\",\"https:\\\/\\\/x.com\\\/uartesec\",\"https:\\\/\\\/www.tiktok.com\\\/@uartesec\"]},{\"@type\":\"Person\",\"@id\":\"https:\\\/\\\/www.uartes.edu.ec\\\/sitio\\\/#\\\/schema\\\/person\\\/f33f8c1d2af0d5c80a38c8abf458184a\",\"name\":\"Universidad de las Artes\",\"image\":{\"@type\":\"ImageObject\",\"inLanguage\":\"es\",\"@id\":\"https:\\\/\\\/secure.gravatar.com\\\/avatar\\\/52e4757902f5cfa5ac52d020e5be83cae5487519154b6c35482fe08d589f3c13?s=96&d=mm&r=g\",\"url\":\"https:\\\/\\\/secure.gravatar.com\\\/avatar\\\/52e4757902f5cfa5ac52d020e5be83cae5487519154b6c35482fe08d589f3c13?s=96&d=mm&r=g\",\"contentUrl\":\"https:\\\/\\\/secure.gravatar.com\\\/avatar\\\/52e4757902f5cfa5ac52d020e5be83cae5487519154b6c35482fe08d589f3c13?s=96&d=mm&r=g\",\"caption\":\"Universidad de las Artes\"},\"url\":\"https:\\\/\\\/www.uartes.edu.ec\\\/sitio\\\/blog\\\/author\\\/dircomadm\\\/\"}]}<\/script>\n<!-- \/ Yoast SEO plugin. -->","yoast_head_json":{"title":"Universidad de las Artes - Jos\u00e9 Cianca, estudiante de la UArtes, participar\u00e1 en la IV edici\u00f3n del Festival In\u00e9dito Coreograf\u00eda Nueva","description":"Universidad de las Artes - Jos\u00e9 Cianca, estudiante de la UArtes, participar\u00e1 en la IV edici\u00f3n del Festival In\u00e9dito Coreograf\u00eda Nueva","robots":{"index":"index","follow":"follow","max-snippet":"max-snippet:-1","max-image-preview":"max-image-preview:large","max-video-preview":"max-video-preview:-1"},"canonical":"https:\/\/www.uartes.edu.ec\/sitio\/blog\/2019\/08\/16\/jose-cianca-estudiante-de-la-uartes-participara-en-la-iv-edicion-del-festival-inedito-coreografia-nueva\/","og_locale":"es_ES","og_type":"article","og_title":"Universidad de las Artes - Jos\u00e9 Cianca, estudiante de la UArtes, participar\u00e1 en la IV edici\u00f3n del Festival In\u00e9dito Coreograf\u00eda Nueva","og_description":"Universidad de las Artes - Jos\u00e9 Cianca, estudiante de la UArtes, participar\u00e1 en la IV edici\u00f3n del Festival In\u00e9dito Coreograf\u00eda Nueva","og_url":"https:\/\/www.uartes.edu.ec\/sitio\/blog\/2019\/08\/16\/jose-cianca-estudiante-de-la-uartes-participara-en-la-iv-edicion-del-festival-inedito-coreografia-nueva\/","og_site_name":"Universidad de las Artes","article_publisher":"https:\/\/www.facebook.com\/uartesec","article_published_time":"2019-08-16T14:36:27+00:00","article_modified_time":"2024-07-04T16:50:34+00:00","og_image":[{"width":1080,"height":720,"url":"https:\/\/www.uartes.edu.ec\/sitio\/wp-content\/uploads\/2019\/08\/Jose-Cianca-ok.jpg","type":"image\/jpeg"}],"author":"Universidad de las Artes","twitter_card":"summary_large_image","twitter_creator":"@uartesec","twitter_site":"@uartesec","twitter_misc":{"Escrito por":"Universidad de las Artes","Tiempo de lectura":"3 minutos"},"schema":{"@context":"https:\/\/schema.org","@graph":[{"@type":"Article","@id":"https:\/\/www.uartes.edu.ec\/sitio\/blog\/2019\/08\/16\/jose-cianca-estudiante-de-la-uartes-participara-en-la-iv-edicion-del-festival-inedito-coreografia-nueva\/#article","isPartOf":{"@id":"https:\/\/www.uartes.edu.ec\/sitio\/blog\/2019\/08\/16\/jose-cianca-estudiante-de-la-uartes-participara-en-la-iv-edicion-del-festival-inedito-coreografia-nueva\/"},"author":{"name":"Universidad de las Artes","@id":"https:\/\/www.uartes.edu.ec\/sitio\/#\/schema\/person\/f33f8c1d2af0d5c80a38c8abf458184a"},"headline":"Jos\u00e9 Cianca, estudiante de la UArtes, participar\u00e1 en la IV edici\u00f3n del Festival In\u00e9dito Coreograf\u00eda Nueva","datePublished":"2019-08-16T14:36:27+00:00","dateModified":"2024-07-04T16:50:34+00:00","mainEntityOfPage":{"@id":"https:\/\/www.uartes.edu.ec\/sitio\/blog\/2019\/08\/16\/jose-cianca-estudiante-de-la-uartes-participara-en-la-iv-edicion-del-festival-inedito-coreografia-nueva\/"},"wordCount":680,"publisher":{"@id":"https:\/\/www.uartes.edu.ec\/sitio\/#organization"},"image":{"@id":"https:\/\/www.uartes.edu.ec\/sitio\/blog\/2019\/08\/16\/jose-cianca-estudiante-de-la-uartes-participara-en-la-iv-edicion-del-festival-inedito-coreografia-nueva\/#primaryimage"},"thumbnailUrl":"https:\/\/www.uartes.edu.ec\/sitio\/wp-content\/uploads\/2019\/08\/Jose-Cianca-ok.jpg","articleSection":["Estudiantes"],"inLanguage":"es"},{"@type":["WebPage","ItemPage"],"@id":"https:\/\/www.uartes.edu.ec\/sitio\/blog\/2019\/08\/16\/jose-cianca-estudiante-de-la-uartes-participara-en-la-iv-edicion-del-festival-inedito-coreografia-nueva\/","url":"https:\/\/www.uartes.edu.ec\/sitio\/blog\/2019\/08\/16\/jose-cianca-estudiante-de-la-uartes-participara-en-la-iv-edicion-del-festival-inedito-coreografia-nueva\/","name":"Universidad de las Artes - Jos\u00e9 Cianca, estudiante de la UArtes, participar\u00e1 en la IV edici\u00f3n del Festival In\u00e9dito Coreograf\u00eda Nueva","isPartOf":{"@id":"https:\/\/www.uartes.edu.ec\/sitio\/#website"},"primaryImageOfPage":{"@id":"https:\/\/www.uartes.edu.ec\/sitio\/blog\/2019\/08\/16\/jose-cianca-estudiante-de-la-uartes-participara-en-la-iv-edicion-del-festival-inedito-coreografia-nueva\/#primaryimage"},"image":{"@id":"https:\/\/www.uartes.edu.ec\/sitio\/blog\/2019\/08\/16\/jose-cianca-estudiante-de-la-uartes-participara-en-la-iv-edicion-del-festival-inedito-coreografia-nueva\/#primaryimage"},"thumbnailUrl":"https:\/\/www.uartes.edu.ec\/sitio\/wp-content\/uploads\/2019\/08\/Jose-Cianca-ok.jpg","datePublished":"2019-08-16T14:36:27+00:00","dateModified":"2024-07-04T16:50:34+00:00","description":"Universidad de las Artes - Jos\u00e9 Cianca, estudiante de la UArtes, participar\u00e1 en la IV edici\u00f3n del Festival In\u00e9dito Coreograf\u00eda Nueva","breadcrumb":{"@id":"https:\/\/www.uartes.edu.ec\/sitio\/blog\/2019\/08\/16\/jose-cianca-estudiante-de-la-uartes-participara-en-la-iv-edicion-del-festival-inedito-coreografia-nueva\/#breadcrumb"},"inLanguage":"es","potentialAction":[{"@type":"ReadAction","target":["https:\/\/www.uartes.edu.ec\/sitio\/blog\/2019\/08\/16\/jose-cianca-estudiante-de-la-uartes-participara-en-la-iv-edicion-del-festival-inedito-coreografia-nueva\/"]}]},{"@type":"ImageObject","inLanguage":"es","@id":"https:\/\/www.uartes.edu.ec\/sitio\/blog\/2019\/08\/16\/jose-cianca-estudiante-de-la-uartes-participara-en-la-iv-edicion-del-festival-inedito-coreografia-nueva\/#primaryimage","url":"https:\/\/www.uartes.edu.ec\/sitio\/wp-content\/uploads\/2019\/08\/Jose-Cianca-ok.jpg","contentUrl":"https:\/\/www.uartes.edu.ec\/sitio\/wp-content\/uploads\/2019\/08\/Jose-Cianca-ok.jpg","width":1080,"height":720},{"@type":"BreadcrumbList","@id":"https:\/\/www.uartes.edu.ec\/sitio\/blog\/2019\/08\/16\/jose-cianca-estudiante-de-la-uartes-participara-en-la-iv-edicion-del-festival-inedito-coreografia-nueva\/#breadcrumb","itemListElement":[{"@type":"ListItem","position":1,"name":"Inicio","item":"https:\/\/www.uartes.edu.ec\/sitio\/"},{"@type":"ListItem","position":2,"name":"Jos\u00e9 Cianca, estudiante de la UArtes, participar\u00e1 en la IV edici\u00f3n del Festival In\u00e9dito Coreograf\u00eda Nueva"}]},{"@type":"WebSite","@id":"https:\/\/www.uartes.edu.ec\/sitio\/#website","url":"https:\/\/www.uartes.edu.ec\/sitio\/","name":"Universidad de las Artes","description":"Sitio oficial de la Universidad Nacional de las Artes del Ecuador","publisher":{"@id":"https:\/\/www.uartes.edu.ec\/sitio\/#organization"},"potentialAction":[{"@type":"SearchAction","target":{"@type":"EntryPoint","urlTemplate":"https:\/\/www.uartes.edu.ec\/sitio\/?s={search_term_string}"},"query-input":{"@type":"PropertyValueSpecification","valueRequired":true,"valueName":"search_term_string"}}],"inLanguage":"es"},{"@type":"Organization","@id":"https:\/\/www.uartes.edu.ec\/sitio\/#organization","name":"Universidad de las Artes","url":"https:\/\/www.uartes.edu.ec\/sitio\/","logo":{"@type":"ImageObject","inLanguage":"es","@id":"https:\/\/www.uartes.edu.ec\/sitio\/#\/schema\/logo\/image\/","url":"https:\/\/www.uartes.edu.ec\/sitio\/wp-content\/uploads\/2022\/07\/logo-ua-horizontal.png","contentUrl":"https:\/\/www.uartes.edu.ec\/sitio\/wp-content\/uploads\/2022\/07\/logo-ua-horizontal.png","width":800,"height":276,"caption":"Universidad de las Artes"},"image":{"@id":"https:\/\/www.uartes.edu.ec\/sitio\/#\/schema\/logo\/image\/"},"sameAs":["https:\/\/www.facebook.com\/uartesec","https:\/\/x.com\/uartesec","https:\/\/www.tiktok.com\/@uartesec"]},{"@type":"Person","@id":"https:\/\/www.uartes.edu.ec\/sitio\/#\/schema\/person\/f33f8c1d2af0d5c80a38c8abf458184a","name":"Universidad de las Artes","image":{"@type":"ImageObject","inLanguage":"es","@id":"https:\/\/secure.gravatar.com\/avatar\/52e4757902f5cfa5ac52d020e5be83cae5487519154b6c35482fe08d589f3c13?s=96&d=mm&r=g","url":"https:\/\/secure.gravatar.com\/avatar\/52e4757902f5cfa5ac52d020e5be83cae5487519154b6c35482fe08d589f3c13?s=96&d=mm&r=g","contentUrl":"https:\/\/secure.gravatar.com\/avatar\/52e4757902f5cfa5ac52d020e5be83cae5487519154b6c35482fe08d589f3c13?s=96&d=mm&r=g","caption":"Universidad de las Artes"},"url":"https:\/\/www.uartes.edu.ec\/sitio\/blog\/author\/dircomadm\/"}]}},"uagb_featured_image_src":{"full":["https:\/\/www.uartes.edu.ec\/sitio\/wp-content\/uploads\/2019\/08\/Jose-Cianca-ok.jpg",1080,720,false],"thumbnail":["https:\/\/www.uartes.edu.ec\/sitio\/wp-content\/uploads\/2019\/08\/Jose-Cianca-ok-150x150.jpg",150,150,true],"medium":["https:\/\/www.uartes.edu.ec\/sitio\/wp-content\/uploads\/2019\/08\/Jose-Cianca-ok-250x167.jpg",250,167,true],"medium_large":["https:\/\/www.uartes.edu.ec\/sitio\/wp-content\/uploads\/2019\/08\/Jose-Cianca-ok-768x512.jpg",768,512,true],"large":["https:\/\/www.uartes.edu.ec\/sitio\/wp-content\/uploads\/2019\/08\/Jose-Cianca-ok-700x467.jpg",644,430,true],"1536x1536":["https:\/\/www.uartes.edu.ec\/sitio\/wp-content\/uploads\/2019\/08\/Jose-Cianca-ok.jpg",1080,720,false],"2048x2048":["https:\/\/www.uartes.edu.ec\/sitio\/wp-content\/uploads\/2019\/08\/Jose-Cianca-ok.jpg",1080,720,false],"trp-custom-language-flag":["https:\/\/www.uartes.edu.ec\/sitio\/wp-content\/uploads\/2019\/08\/Jose-Cianca-ok.jpg",18,12,false],"htmega_size_585x295":["https:\/\/www.uartes.edu.ec\/sitio\/wp-content\/uploads\/2019\/08\/Jose-Cianca-ok.jpg",443,295,false],"htmega_size_1170x536":["https:\/\/www.uartes.edu.ec\/sitio\/wp-content\/uploads\/2019\/08\/Jose-Cianca-ok.jpg",804,536,false],"htmega_size_396x360":["https:\/\/www.uartes.edu.ec\/sitio\/wp-content\/uploads\/2019\/08\/Jose-Cianca-ok.jpg",396,264,false],"gb-block-post-grid-landscape":["https:\/\/www.uartes.edu.ec\/sitio\/wp-content\/uploads\/2019\/08\/Jose-Cianca-ok.jpg",600,400,false],"gb-block-post-grid-square":["https:\/\/www.uartes.edu.ec\/sitio\/wp-content\/uploads\/2019\/08\/Jose-Cianca-ok.jpg",600,400,false],"university-hub-thumb":["https:\/\/www.uartes.edu.ec\/sitio\/wp-content\/uploads\/2019\/08\/Jose-Cianca-ok.jpg",400,267,false]},"uagb_author_info":{"display_name":"Universidad de las Artes","author_link":"https:\/\/www.uartes.edu.ec\/sitio\/blog\/author\/dircomadm\/"},"uagb_comment_info":0,"uagb_excerpt":"Jos\u00e9 Cianca, estudiante de s\u00e9ptimo semestre de la Escuela de Artes Sonoras de la Universidad de las Artes, fue seleccionado&nbsp;junto a la bailarina&nbsp;quite\u00f1a&nbsp;Gardenia Mu\u00f1oz&nbsp;para participar en la etapa final de presentaciones p\u00fablicas en&nbsp;la IV edici\u00f3n del Festival In\u00e9dito Coreograf\u00eda Nueva.&nbsp; Este festival&nbsp;se plantea como una alternativa para creadores y p\u00fablicos j\u00f3venes que buscan&nbsp;promover e incentivar&hellip;","featured_image_src":"https:\/\/www.uartes.edu.ec\/sitio\/wp-content\/uploads\/2019\/08\/Jose-Cianca-ok.jpg","featured_image_src_square":"https:\/\/www.uartes.edu.ec\/sitio\/wp-content\/uploads\/2019\/08\/Jose-Cianca-ok.jpg","author_info":{"display_name":"Universidad de las Artes","author_link":"https:\/\/www.uartes.edu.ec\/sitio\/blog\/author\/dircomadm\/"},"publishpress_future_workflow_manual_trigger":{"enabledWorkflows":[]},"distributor_meta":false,"distributor_terms":false,"distributor_media":false,"distributor_original_site_name":"Universidad de las Artes","distributor_original_site_url":"https:\/\/www.uartes.edu.ec\/sitio","push-errors":false,"_links":{"self":[{"href":"https:\/\/www.uartes.edu.ec\/sitio\/wp-json\/wp\/v2\/posts\/4205","targetHints":{"allow":["GET"]}}],"collection":[{"href":"https:\/\/www.uartes.edu.ec\/sitio\/wp-json\/wp\/v2\/posts"}],"about":[{"href":"https:\/\/www.uartes.edu.ec\/sitio\/wp-json\/wp\/v2\/types\/post"}],"author":[{"embeddable":true,"href":"https:\/\/www.uartes.edu.ec\/sitio\/wp-json\/wp\/v2\/users\/1"}],"replies":[{"embeddable":true,"href":"https:\/\/www.uartes.edu.ec\/sitio\/wp-json\/wp\/v2\/comments?post=4205"}],"version-history":[{"count":1,"href":"https:\/\/www.uartes.edu.ec\/sitio\/wp-json\/wp\/v2\/posts\/4205\/revisions"}],"predecessor-version":[{"id":4206,"href":"https:\/\/www.uartes.edu.ec\/sitio\/wp-json\/wp\/v2\/posts\/4205\/revisions\/4206"}],"wp:featuredmedia":[{"embeddable":true,"href":"https:\/\/www.uartes.edu.ec\/sitio\/wp-json\/wp\/v2\/media\/4202"}],"wp:attachment":[{"href":"https:\/\/www.uartes.edu.ec\/sitio\/wp-json\/wp\/v2\/media?parent=4205"}],"wp:term":[{"taxonomy":"category","embeddable":true,"href":"https:\/\/www.uartes.edu.ec\/sitio\/wp-json\/wp\/v2\/categories?post=4205"},{"taxonomy":"post_tag","embeddable":true,"href":"https:\/\/www.uartes.edu.ec\/sitio\/wp-json\/wp\/v2\/tags?post=4205"},{"taxonomy":"infouartes","embeddable":true,"href":"https:\/\/www.uartes.edu.ec\/sitio\/wp-json\/wp\/v2\/infouartes?post=4205"}],"curies":[{"name":"wp","href":"https:\/\/api.w.org\/{rel}","templated":true}]}}