{"id":4219,"date":"2019-08-22T16:29:15","date_gmt":"2019-08-22T21:29:15","guid":{"rendered":"http:\/\/www.uartes.edu.ec\/sitio\/?p=4219"},"modified":"2024-07-04T11:50:33","modified_gmt":"2024-07-04T16:50:33","slug":"minga-de-multimedia-de-arte-y-tecnologia-mmat-en-la-uartes","status":"publish","type":"post","link":"https:\/\/www.uartes.edu.ec\/sitio\/blog\/2019\/08\/22\/minga-de-multimedia-de-arte-y-tecnologia-mmat-en-la-uartes\/","title":{"rendered":"Minga de Multimedia de Arte y Tecnolog\u00eda (mMAT) en la UArtes"},"content":{"rendered":"\n<p style=\"text-align:right\"><em>Organizada por la Escuela de Artes Sonoras de la Universidad de las Artes y Cosmoaudici\u00f3n, la actividad se desarrollar\u00e1 este viernes 23 y s\u00e1bado 24 de agosto del 2019. Ser\u00e1 su quinta edici\u00f3n.<\/em><\/p>\n\n\n\n<p>Mostrar\nproyectos colectivos interdisciplinares con \u00e9nfasis en las tecnolog\u00edas y los\nnuevos medios es uno de los prop\u00f3sitos de la Minga de Multimedia de Arte y\nTecnolog\u00eda (mMAT) que se desarrollar\u00e1 este viernes 23 y s\u00e1bado 24 de agosto del\n20019, en la Plataforma Cultural MZ14, ubicada en 9 de Octubre y Panam\u00e1.&nbsp; <\/p>\n\n\n\n<p>Organizada\npor la Escuela de Artes Sonoras de la Universidad de las Artes y Cosmoaudici\u00f3n,\nla actividad permitir\u00e1 presentar los proyectos creativos que buscan explorar\nnuevos significados entre p\u00fablico y las nuevas tecnolog\u00edas, y conocer,\nasimismo, las estrategias metodol\u00f3gicas de composici\u00f3n y creaci\u00f3n\ncontempor\u00e1neas en base a la experimentaci\u00f3n sonora, visual y corporal.<\/p>\n\n\n\n<p>El mMAT se\nrealiz\u00f3 el 19 de agosto pasado en Quito y el 21 en Cuenca. En Guayaquil ser\u00e1 su\nedici\u00f3n n\u00famero cinco y est\u00e1n convocados experimentados exponentes del arte y la\ntecnolog\u00eda, del audio y la academia, dise\u00f1adores y artistas sonoros del Ecuador\n-muchos de ellos docentes de la UArtes- y procedentes de Alemania, Argentina,\nColombia y Francia. <\/p>\n\n\n\n<p>La Minga de\nMultimedia de Arte y Tecnolog\u00eda se iniciar\u00e1 el viernes 23, a las 18h00, con su\nrespectiva inauguraci\u00f3n. Le seguir\u00e1n, a las 19h00, las intervenciones de Diego\nBenalc\u00e1zar y Jodk Barber\u00e1n; y, a las 20h00, Deaf Punk (Argentina)&nbsp;+ FCL\n(Colombia). <\/p>\n\n\n\n<p>El 24, a las\n19h00, se presentar\u00e1n Adina Izarra + Rub\u00e9n Riera (de Venezuela); y, a las\n20h00, UNSTUMM&nbsp;+ Fredy Vallejos&nbsp;+ Gusanos Telem\u00e1ticos (de Alemania,\nColombia y Ecuador). La coordinaci\u00f3n del mMAT corre a cargo de Fredy Vallejos,\nla producci\u00f3n de Remigio V\u00e1sconez, Dar\u00edo Buitr\u00f3n y Diego Benalc\u00e1zar, y la\ncomunicaci\u00f3n de Andr\u00e9s Bracero, todos docentes de la UArtes. La quinta edici\u00f3n\ndel mMAT se realizar\u00e1 en colaboraci\u00f3n con el Festival Est\u00e9ticas Expandidas\n(Colombia).<\/p>\n","protected":false},"excerpt":{"rendered":"<p>Organizada por la Escuela de Artes Sonoras de la Universidad de las Artes y Cosmoaudici\u00f3n, la actividad se desarrollar\u00e1 este viernes 23 y s\u00e1bado 24 de agosto del 2019. Ser\u00e1 su quinta edici\u00f3n. Mostrar proyectos colectivos interdisciplinares con \u00e9nfasis en las tecnolog\u00edas y los nuevos medios es uno de los prop\u00f3sitos de la Minga de [&hellip;]<\/p>\n","protected":false},"author":1,"featured_media":4221,"comment_status":"closed","ping_status":"closed","sticky":false,"template":"","format":"standard","meta":{"_acf_changed":false,"_uag_custom_page_level_css":"","_monsterinsights_skip_tracking":false,"_monsterinsights_sitenote_active":false,"_monsterinsights_sitenote_note":"","_monsterinsights_sitenote_category":0,"cybocfi_hide_featured_image":"","footnotes":""},"categories":[80],"tags":[],"infouartes":[],"class_list":["post-4219","post","type-post","status-publish","format-standard","has-post-thumbnail","hentry","category-academico"],"acf":[],"yoast_head":"<!-- This site is optimized with the Yoast SEO plugin v27.4 - https:\/\/yoast.com\/product\/yoast-seo-wordpress\/ -->\n<title>Universidad de las Artes - Minga de Multimedia de Arte y Tecnolog\u00eda (mMAT) en la UArtes<\/title>\n<meta name=\"description\" content=\"Universidad de las Artes - Minga de Multimedia de Arte y Tecnolog\u00eda (mMAT) en la UArtes\" \/>\n<meta name=\"robots\" content=\"index, follow, max-snippet:-1, max-image-preview:large, max-video-preview:-1\" \/>\n<link rel=\"canonical\" href=\"https:\/\/www.uartes.edu.ec\/sitio\/blog\/2019\/08\/22\/minga-de-multimedia-de-arte-y-tecnologia-mmat-en-la-uartes\/\" \/>\n<meta property=\"og:locale\" content=\"es_ES\" \/>\n<meta property=\"og:type\" content=\"article\" \/>\n<meta property=\"og:title\" content=\"Universidad de las Artes - Minga de Multimedia de Arte y Tecnolog\u00eda (mMAT) en la UArtes\" \/>\n<meta property=\"og:description\" content=\"Universidad de las Artes - Minga de Multimedia de Arte y Tecnolog\u00eda (mMAT) en la UArtes\" \/>\n<meta property=\"og:url\" content=\"https:\/\/www.uartes.edu.ec\/sitio\/blog\/2019\/08\/22\/minga-de-multimedia-de-arte-y-tecnologia-mmat-en-la-uartes\/\" \/>\n<meta property=\"og:site_name\" content=\"Universidad de las Artes\" \/>\n<meta property=\"article:publisher\" content=\"https:\/\/www.facebook.com\/uartesec\" \/>\n<meta property=\"article:published_time\" content=\"2019-08-22T21:29:15+00:00\" \/>\n<meta property=\"article:modified_time\" content=\"2024-07-04T16:50:33+00:00\" \/>\n<meta property=\"og:image\" content=\"https:\/\/www.uartes.edu.ec\/sitio\/wp-content\/uploads\/2019\/08\/Consola.jpg\" \/>\n\t<meta property=\"og:image:width\" content=\"1320\" \/>\n\t<meta property=\"og:image:height\" content=\"880\" \/>\n\t<meta property=\"og:image:type\" content=\"image\/jpeg\" \/>\n<meta name=\"author\" content=\"Universidad de las Artes\" \/>\n<meta name=\"twitter:card\" content=\"summary_large_image\" \/>\n<meta name=\"twitter:creator\" content=\"@uartesec\" \/>\n<meta name=\"twitter:site\" content=\"@uartesec\" \/>\n<meta name=\"twitter:label1\" content=\"Escrito por\" \/>\n\t<meta name=\"twitter:data1\" content=\"Universidad de las Artes\" \/>\n\t<meta name=\"twitter:label2\" content=\"Tiempo de lectura\" \/>\n\t<meta name=\"twitter:data2\" content=\"2 minutos\" \/>\n<script type=\"application\/ld+json\" class=\"yoast-schema-graph\">{\"@context\":\"https:\\\/\\\/schema.org\",\"@graph\":[{\"@type\":\"Article\",\"@id\":\"https:\\\/\\\/www.uartes.edu.ec\\\/sitio\\\/blog\\\/2019\\\/08\\\/22\\\/minga-de-multimedia-de-arte-y-tecnologia-mmat-en-la-uartes\\\/#article\",\"isPartOf\":{\"@id\":\"https:\\\/\\\/www.uartes.edu.ec\\\/sitio\\\/blog\\\/2019\\\/08\\\/22\\\/minga-de-multimedia-de-arte-y-tecnologia-mmat-en-la-uartes\\\/\"},\"author\":{\"name\":\"Universidad de las Artes\",\"@id\":\"https:\\\/\\\/www.uartes.edu.ec\\\/sitio\\\/#\\\/schema\\\/person\\\/f33f8c1d2af0d5c80a38c8abf458184a\"},\"headline\":\"Minga de Multimedia de Arte y Tecnolog\u00eda (mMAT) en la UArtes\",\"datePublished\":\"2019-08-22T21:29:15+00:00\",\"dateModified\":\"2024-07-04T16:50:33+00:00\",\"mainEntityOfPage\":{\"@id\":\"https:\\\/\\\/www.uartes.edu.ec\\\/sitio\\\/blog\\\/2019\\\/08\\\/22\\\/minga-de-multimedia-de-arte-y-tecnologia-mmat-en-la-uartes\\\/\"},\"wordCount\":357,\"publisher\":{\"@id\":\"https:\\\/\\\/www.uartes.edu.ec\\\/sitio\\\/#organization\"},\"image\":{\"@id\":\"https:\\\/\\\/www.uartes.edu.ec\\\/sitio\\\/blog\\\/2019\\\/08\\\/22\\\/minga-de-multimedia-de-arte-y-tecnologia-mmat-en-la-uartes\\\/#primaryimage\"},\"thumbnailUrl\":\"https:\\\/\\\/www.uartes.edu.ec\\\/sitio\\\/wp-content\\\/uploads\\\/2019\\\/08\\\/Consola.jpg\",\"articleSection\":[\"Acad\u00e9mico\"],\"inLanguage\":\"es\"},{\"@type\":[\"WebPage\",\"ItemPage\"],\"@id\":\"https:\\\/\\\/www.uartes.edu.ec\\\/sitio\\\/blog\\\/2019\\\/08\\\/22\\\/minga-de-multimedia-de-arte-y-tecnologia-mmat-en-la-uartes\\\/\",\"url\":\"https:\\\/\\\/www.uartes.edu.ec\\\/sitio\\\/blog\\\/2019\\\/08\\\/22\\\/minga-de-multimedia-de-arte-y-tecnologia-mmat-en-la-uartes\\\/\",\"name\":\"Universidad de las Artes - Minga de Multimedia de Arte y Tecnolog\u00eda (mMAT) en la UArtes\",\"isPartOf\":{\"@id\":\"https:\\\/\\\/www.uartes.edu.ec\\\/sitio\\\/#website\"},\"primaryImageOfPage\":{\"@id\":\"https:\\\/\\\/www.uartes.edu.ec\\\/sitio\\\/blog\\\/2019\\\/08\\\/22\\\/minga-de-multimedia-de-arte-y-tecnologia-mmat-en-la-uartes\\\/#primaryimage\"},\"image\":{\"@id\":\"https:\\\/\\\/www.uartes.edu.ec\\\/sitio\\\/blog\\\/2019\\\/08\\\/22\\\/minga-de-multimedia-de-arte-y-tecnologia-mmat-en-la-uartes\\\/#primaryimage\"},\"thumbnailUrl\":\"https:\\\/\\\/www.uartes.edu.ec\\\/sitio\\\/wp-content\\\/uploads\\\/2019\\\/08\\\/Consola.jpg\",\"datePublished\":\"2019-08-22T21:29:15+00:00\",\"dateModified\":\"2024-07-04T16:50:33+00:00\",\"description\":\"Universidad de las Artes - Minga de Multimedia de Arte y Tecnolog\u00eda (mMAT) en la UArtes\",\"breadcrumb\":{\"@id\":\"https:\\\/\\\/www.uartes.edu.ec\\\/sitio\\\/blog\\\/2019\\\/08\\\/22\\\/minga-de-multimedia-de-arte-y-tecnologia-mmat-en-la-uartes\\\/#breadcrumb\"},\"inLanguage\":\"es\",\"potentialAction\":[{\"@type\":\"ReadAction\",\"target\":[\"https:\\\/\\\/www.uartes.edu.ec\\\/sitio\\\/blog\\\/2019\\\/08\\\/22\\\/minga-de-multimedia-de-arte-y-tecnologia-mmat-en-la-uartes\\\/\"]}]},{\"@type\":\"ImageObject\",\"inLanguage\":\"es\",\"@id\":\"https:\\\/\\\/www.uartes.edu.ec\\\/sitio\\\/blog\\\/2019\\\/08\\\/22\\\/minga-de-multimedia-de-arte-y-tecnologia-mmat-en-la-uartes\\\/#primaryimage\",\"url\":\"https:\\\/\\\/www.uartes.edu.ec\\\/sitio\\\/wp-content\\\/uploads\\\/2019\\\/08\\\/Consola.jpg\",\"contentUrl\":\"https:\\\/\\\/www.uartes.edu.ec\\\/sitio\\\/wp-content\\\/uploads\\\/2019\\\/08\\\/Consola.jpg\",\"width\":1320,\"height\":880},{\"@type\":\"BreadcrumbList\",\"@id\":\"https:\\\/\\\/www.uartes.edu.ec\\\/sitio\\\/blog\\\/2019\\\/08\\\/22\\\/minga-de-multimedia-de-arte-y-tecnologia-mmat-en-la-uartes\\\/#breadcrumb\",\"itemListElement\":[{\"@type\":\"ListItem\",\"position\":1,\"name\":\"Inicio\",\"item\":\"https:\\\/\\\/www.uartes.edu.ec\\\/sitio\\\/\"},{\"@type\":\"ListItem\",\"position\":2,\"name\":\"Minga de Multimedia de Arte y Tecnolog\u00eda (mMAT) en la UArtes\"}]},{\"@type\":\"WebSite\",\"@id\":\"https:\\\/\\\/www.uartes.edu.ec\\\/sitio\\\/#website\",\"url\":\"https:\\\/\\\/www.uartes.edu.ec\\\/sitio\\\/\",\"name\":\"Universidad de las Artes\",\"description\":\"Sitio oficial de la Universidad Nacional de las Artes del Ecuador\",\"publisher\":{\"@id\":\"https:\\\/\\\/www.uartes.edu.ec\\\/sitio\\\/#organization\"},\"potentialAction\":[{\"@type\":\"SearchAction\",\"target\":{\"@type\":\"EntryPoint\",\"urlTemplate\":\"https:\\\/\\\/www.uartes.edu.ec\\\/sitio\\\/?s={search_term_string}\"},\"query-input\":{\"@type\":\"PropertyValueSpecification\",\"valueRequired\":true,\"valueName\":\"search_term_string\"}}],\"inLanguage\":\"es\"},{\"@type\":\"Organization\",\"@id\":\"https:\\\/\\\/www.uartes.edu.ec\\\/sitio\\\/#organization\",\"name\":\"Universidad de las Artes\",\"url\":\"https:\\\/\\\/www.uartes.edu.ec\\\/sitio\\\/\",\"logo\":{\"@type\":\"ImageObject\",\"inLanguage\":\"es\",\"@id\":\"https:\\\/\\\/www.uartes.edu.ec\\\/sitio\\\/#\\\/schema\\\/logo\\\/image\\\/\",\"url\":\"https:\\\/\\\/www.uartes.edu.ec\\\/sitio\\\/wp-content\\\/uploads\\\/2022\\\/07\\\/logo-ua-horizontal.png\",\"contentUrl\":\"https:\\\/\\\/www.uartes.edu.ec\\\/sitio\\\/wp-content\\\/uploads\\\/2022\\\/07\\\/logo-ua-horizontal.png\",\"width\":800,\"height\":276,\"caption\":\"Universidad de las Artes\"},\"image\":{\"@id\":\"https:\\\/\\\/www.uartes.edu.ec\\\/sitio\\\/#\\\/schema\\\/logo\\\/image\\\/\"},\"sameAs\":[\"https:\\\/\\\/www.facebook.com\\\/uartesec\",\"https:\\\/\\\/x.com\\\/uartesec\",\"https:\\\/\\\/www.tiktok.com\\\/@uartesec\"]},{\"@type\":\"Person\",\"@id\":\"https:\\\/\\\/www.uartes.edu.ec\\\/sitio\\\/#\\\/schema\\\/person\\\/f33f8c1d2af0d5c80a38c8abf458184a\",\"name\":\"Universidad de las Artes\",\"image\":{\"@type\":\"ImageObject\",\"inLanguage\":\"es\",\"@id\":\"https:\\\/\\\/secure.gravatar.com\\\/avatar\\\/52e4757902f5cfa5ac52d020e5be83cae5487519154b6c35482fe08d589f3c13?s=96&d=mm&r=g\",\"url\":\"https:\\\/\\\/secure.gravatar.com\\\/avatar\\\/52e4757902f5cfa5ac52d020e5be83cae5487519154b6c35482fe08d589f3c13?s=96&d=mm&r=g\",\"contentUrl\":\"https:\\\/\\\/secure.gravatar.com\\\/avatar\\\/52e4757902f5cfa5ac52d020e5be83cae5487519154b6c35482fe08d589f3c13?s=96&d=mm&r=g\",\"caption\":\"Universidad de las Artes\"},\"url\":\"https:\\\/\\\/www.uartes.edu.ec\\\/sitio\\\/blog\\\/author\\\/dircomadm\\\/\"}]}<\/script>\n<!-- \/ Yoast SEO plugin. -->","yoast_head_json":{"title":"Universidad de las Artes - Minga de Multimedia de Arte y Tecnolog\u00eda (mMAT) en la UArtes","description":"Universidad de las Artes - Minga de Multimedia de Arte y Tecnolog\u00eda (mMAT) en la UArtes","robots":{"index":"index","follow":"follow","max-snippet":"max-snippet:-1","max-image-preview":"max-image-preview:large","max-video-preview":"max-video-preview:-1"},"canonical":"https:\/\/www.uartes.edu.ec\/sitio\/blog\/2019\/08\/22\/minga-de-multimedia-de-arte-y-tecnologia-mmat-en-la-uartes\/","og_locale":"es_ES","og_type":"article","og_title":"Universidad de las Artes - Minga de Multimedia de Arte y Tecnolog\u00eda (mMAT) en la UArtes","og_description":"Universidad de las Artes - Minga de Multimedia de Arte y Tecnolog\u00eda (mMAT) en la UArtes","og_url":"https:\/\/www.uartes.edu.ec\/sitio\/blog\/2019\/08\/22\/minga-de-multimedia-de-arte-y-tecnologia-mmat-en-la-uartes\/","og_site_name":"Universidad de las Artes","article_publisher":"https:\/\/www.facebook.com\/uartesec","article_published_time":"2019-08-22T21:29:15+00:00","article_modified_time":"2024-07-04T16:50:33+00:00","og_image":[{"width":1320,"height":880,"url":"https:\/\/www.uartes.edu.ec\/sitio\/wp-content\/uploads\/2019\/08\/Consola.jpg","type":"image\/jpeg"}],"author":"Universidad de las Artes","twitter_card":"summary_large_image","twitter_creator":"@uartesec","twitter_site":"@uartesec","twitter_misc":{"Escrito por":"Universidad de las Artes","Tiempo de lectura":"2 minutos"},"schema":{"@context":"https:\/\/schema.org","@graph":[{"@type":"Article","@id":"https:\/\/www.uartes.edu.ec\/sitio\/blog\/2019\/08\/22\/minga-de-multimedia-de-arte-y-tecnologia-mmat-en-la-uartes\/#article","isPartOf":{"@id":"https:\/\/www.uartes.edu.ec\/sitio\/blog\/2019\/08\/22\/minga-de-multimedia-de-arte-y-tecnologia-mmat-en-la-uartes\/"},"author":{"name":"Universidad de las Artes","@id":"https:\/\/www.uartes.edu.ec\/sitio\/#\/schema\/person\/f33f8c1d2af0d5c80a38c8abf458184a"},"headline":"Minga de Multimedia de Arte y Tecnolog\u00eda (mMAT) en la UArtes","datePublished":"2019-08-22T21:29:15+00:00","dateModified":"2024-07-04T16:50:33+00:00","mainEntityOfPage":{"@id":"https:\/\/www.uartes.edu.ec\/sitio\/blog\/2019\/08\/22\/minga-de-multimedia-de-arte-y-tecnologia-mmat-en-la-uartes\/"},"wordCount":357,"publisher":{"@id":"https:\/\/www.uartes.edu.ec\/sitio\/#organization"},"image":{"@id":"https:\/\/www.uartes.edu.ec\/sitio\/blog\/2019\/08\/22\/minga-de-multimedia-de-arte-y-tecnologia-mmat-en-la-uartes\/#primaryimage"},"thumbnailUrl":"https:\/\/www.uartes.edu.ec\/sitio\/wp-content\/uploads\/2019\/08\/Consola.jpg","articleSection":["Acad\u00e9mico"],"inLanguage":"es"},{"@type":["WebPage","ItemPage"],"@id":"https:\/\/www.uartes.edu.ec\/sitio\/blog\/2019\/08\/22\/minga-de-multimedia-de-arte-y-tecnologia-mmat-en-la-uartes\/","url":"https:\/\/www.uartes.edu.ec\/sitio\/blog\/2019\/08\/22\/minga-de-multimedia-de-arte-y-tecnologia-mmat-en-la-uartes\/","name":"Universidad de las Artes - Minga de Multimedia de Arte y Tecnolog\u00eda (mMAT) en la UArtes","isPartOf":{"@id":"https:\/\/www.uartes.edu.ec\/sitio\/#website"},"primaryImageOfPage":{"@id":"https:\/\/www.uartes.edu.ec\/sitio\/blog\/2019\/08\/22\/minga-de-multimedia-de-arte-y-tecnologia-mmat-en-la-uartes\/#primaryimage"},"image":{"@id":"https:\/\/www.uartes.edu.ec\/sitio\/blog\/2019\/08\/22\/minga-de-multimedia-de-arte-y-tecnologia-mmat-en-la-uartes\/#primaryimage"},"thumbnailUrl":"https:\/\/www.uartes.edu.ec\/sitio\/wp-content\/uploads\/2019\/08\/Consola.jpg","datePublished":"2019-08-22T21:29:15+00:00","dateModified":"2024-07-04T16:50:33+00:00","description":"Universidad de las Artes - Minga de Multimedia de Arte y Tecnolog\u00eda (mMAT) en la UArtes","breadcrumb":{"@id":"https:\/\/www.uartes.edu.ec\/sitio\/blog\/2019\/08\/22\/minga-de-multimedia-de-arte-y-tecnologia-mmat-en-la-uartes\/#breadcrumb"},"inLanguage":"es","potentialAction":[{"@type":"ReadAction","target":["https:\/\/www.uartes.edu.ec\/sitio\/blog\/2019\/08\/22\/minga-de-multimedia-de-arte-y-tecnologia-mmat-en-la-uartes\/"]}]},{"@type":"ImageObject","inLanguage":"es","@id":"https:\/\/www.uartes.edu.ec\/sitio\/blog\/2019\/08\/22\/minga-de-multimedia-de-arte-y-tecnologia-mmat-en-la-uartes\/#primaryimage","url":"https:\/\/www.uartes.edu.ec\/sitio\/wp-content\/uploads\/2019\/08\/Consola.jpg","contentUrl":"https:\/\/www.uartes.edu.ec\/sitio\/wp-content\/uploads\/2019\/08\/Consola.jpg","width":1320,"height":880},{"@type":"BreadcrumbList","@id":"https:\/\/www.uartes.edu.ec\/sitio\/blog\/2019\/08\/22\/minga-de-multimedia-de-arte-y-tecnologia-mmat-en-la-uartes\/#breadcrumb","itemListElement":[{"@type":"ListItem","position":1,"name":"Inicio","item":"https:\/\/www.uartes.edu.ec\/sitio\/"},{"@type":"ListItem","position":2,"name":"Minga de Multimedia de Arte y Tecnolog\u00eda (mMAT) en la UArtes"}]},{"@type":"WebSite","@id":"https:\/\/www.uartes.edu.ec\/sitio\/#website","url":"https:\/\/www.uartes.edu.ec\/sitio\/","name":"Universidad de las Artes","description":"Sitio oficial de la Universidad Nacional de las Artes del Ecuador","publisher":{"@id":"https:\/\/www.uartes.edu.ec\/sitio\/#organization"},"potentialAction":[{"@type":"SearchAction","target":{"@type":"EntryPoint","urlTemplate":"https:\/\/www.uartes.edu.ec\/sitio\/?s={search_term_string}"},"query-input":{"@type":"PropertyValueSpecification","valueRequired":true,"valueName":"search_term_string"}}],"inLanguage":"es"},{"@type":"Organization","@id":"https:\/\/www.uartes.edu.ec\/sitio\/#organization","name":"Universidad de las Artes","url":"https:\/\/www.uartes.edu.ec\/sitio\/","logo":{"@type":"ImageObject","inLanguage":"es","@id":"https:\/\/www.uartes.edu.ec\/sitio\/#\/schema\/logo\/image\/","url":"https:\/\/www.uartes.edu.ec\/sitio\/wp-content\/uploads\/2022\/07\/logo-ua-horizontal.png","contentUrl":"https:\/\/www.uartes.edu.ec\/sitio\/wp-content\/uploads\/2022\/07\/logo-ua-horizontal.png","width":800,"height":276,"caption":"Universidad de las Artes"},"image":{"@id":"https:\/\/www.uartes.edu.ec\/sitio\/#\/schema\/logo\/image\/"},"sameAs":["https:\/\/www.facebook.com\/uartesec","https:\/\/x.com\/uartesec","https:\/\/www.tiktok.com\/@uartesec"]},{"@type":"Person","@id":"https:\/\/www.uartes.edu.ec\/sitio\/#\/schema\/person\/f33f8c1d2af0d5c80a38c8abf458184a","name":"Universidad de las Artes","image":{"@type":"ImageObject","inLanguage":"es","@id":"https:\/\/secure.gravatar.com\/avatar\/52e4757902f5cfa5ac52d020e5be83cae5487519154b6c35482fe08d589f3c13?s=96&d=mm&r=g","url":"https:\/\/secure.gravatar.com\/avatar\/52e4757902f5cfa5ac52d020e5be83cae5487519154b6c35482fe08d589f3c13?s=96&d=mm&r=g","contentUrl":"https:\/\/secure.gravatar.com\/avatar\/52e4757902f5cfa5ac52d020e5be83cae5487519154b6c35482fe08d589f3c13?s=96&d=mm&r=g","caption":"Universidad de las Artes"},"url":"https:\/\/www.uartes.edu.ec\/sitio\/blog\/author\/dircomadm\/"}]}},"uagb_featured_image_src":{"full":["https:\/\/www.uartes.edu.ec\/sitio\/wp-content\/uploads\/2019\/08\/Consola.jpg",1320,880,false],"thumbnail":["https:\/\/www.uartes.edu.ec\/sitio\/wp-content\/uploads\/2019\/08\/Consola-150x150.jpg",150,150,true],"medium":["https:\/\/www.uartes.edu.ec\/sitio\/wp-content\/uploads\/2019\/08\/Consola-250x167.jpg",250,167,true],"medium_large":["https:\/\/www.uartes.edu.ec\/sitio\/wp-content\/uploads\/2019\/08\/Consola-768x512.jpg",768,512,true],"large":["https:\/\/www.uartes.edu.ec\/sitio\/wp-content\/uploads\/2019\/08\/Consola-700x467.jpg",644,430,true],"1536x1536":["https:\/\/www.uartes.edu.ec\/sitio\/wp-content\/uploads\/2019\/08\/Consola.jpg",1320,880,false],"2048x2048":["https:\/\/www.uartes.edu.ec\/sitio\/wp-content\/uploads\/2019\/08\/Consola.jpg",1320,880,false],"trp-custom-language-flag":["https:\/\/www.uartes.edu.ec\/sitio\/wp-content\/uploads\/2019\/08\/Consola.jpg",18,12,false],"htmega_size_585x295":["https:\/\/www.uartes.edu.ec\/sitio\/wp-content\/uploads\/2019\/08\/Consola.jpg",443,295,false],"htmega_size_1170x536":["https:\/\/www.uartes.edu.ec\/sitio\/wp-content\/uploads\/2019\/08\/Consola.jpg",804,536,false],"htmega_size_396x360":["https:\/\/www.uartes.edu.ec\/sitio\/wp-content\/uploads\/2019\/08\/Consola.jpg",396,264,false],"gb-block-post-grid-landscape":["https:\/\/www.uartes.edu.ec\/sitio\/wp-content\/uploads\/2019\/08\/Consola.jpg",600,400,false],"gb-block-post-grid-square":["https:\/\/www.uartes.edu.ec\/sitio\/wp-content\/uploads\/2019\/08\/Consola.jpg",600,400,false],"university-hub-thumb":["https:\/\/www.uartes.edu.ec\/sitio\/wp-content\/uploads\/2019\/08\/Consola.jpg",400,267,false]},"uagb_author_info":{"display_name":"Universidad de las Artes","author_link":"https:\/\/www.uartes.edu.ec\/sitio\/blog\/author\/dircomadm\/"},"uagb_comment_info":0,"uagb_excerpt":"Organizada por la Escuela de Artes Sonoras de la Universidad de las Artes y Cosmoaudici\u00f3n, la actividad se desarrollar\u00e1 este viernes 23 y s\u00e1bado 24 de agosto del 2019. Ser\u00e1 su quinta edici\u00f3n. Mostrar proyectos colectivos interdisciplinares con \u00e9nfasis en las tecnolog\u00edas y los nuevos medios es uno de los prop\u00f3sitos de la Minga de&hellip;","featured_image_src":"https:\/\/www.uartes.edu.ec\/sitio\/wp-content\/uploads\/2019\/08\/Consola.jpg","featured_image_src_square":"https:\/\/www.uartes.edu.ec\/sitio\/wp-content\/uploads\/2019\/08\/Consola.jpg","author_info":{"display_name":"Universidad de las Artes","author_link":"https:\/\/www.uartes.edu.ec\/sitio\/blog\/author\/dircomadm\/"},"publishpress_future_workflow_manual_trigger":{"enabledWorkflows":[]},"distributor_meta":false,"distributor_terms":false,"distributor_media":false,"distributor_original_site_name":"Universidad de las Artes","distributor_original_site_url":"https:\/\/www.uartes.edu.ec\/sitio","push-errors":false,"_links":{"self":[{"href":"https:\/\/www.uartes.edu.ec\/sitio\/wp-json\/wp\/v2\/posts\/4219","targetHints":{"allow":["GET"]}}],"collection":[{"href":"https:\/\/www.uartes.edu.ec\/sitio\/wp-json\/wp\/v2\/posts"}],"about":[{"href":"https:\/\/www.uartes.edu.ec\/sitio\/wp-json\/wp\/v2\/types\/post"}],"author":[{"embeddable":true,"href":"https:\/\/www.uartes.edu.ec\/sitio\/wp-json\/wp\/v2\/users\/1"}],"replies":[{"embeddable":true,"href":"https:\/\/www.uartes.edu.ec\/sitio\/wp-json\/wp\/v2\/comments?post=4219"}],"version-history":[{"count":1,"href":"https:\/\/www.uartes.edu.ec\/sitio\/wp-json\/wp\/v2\/posts\/4219\/revisions"}],"predecessor-version":[{"id":4224,"href":"https:\/\/www.uartes.edu.ec\/sitio\/wp-json\/wp\/v2\/posts\/4219\/revisions\/4224"}],"wp:featuredmedia":[{"embeddable":true,"href":"https:\/\/www.uartes.edu.ec\/sitio\/wp-json\/wp\/v2\/media\/4221"}],"wp:attachment":[{"href":"https:\/\/www.uartes.edu.ec\/sitio\/wp-json\/wp\/v2\/media?parent=4219"}],"wp:term":[{"taxonomy":"category","embeddable":true,"href":"https:\/\/www.uartes.edu.ec\/sitio\/wp-json\/wp\/v2\/categories?post=4219"},{"taxonomy":"post_tag","embeddable":true,"href":"https:\/\/www.uartes.edu.ec\/sitio\/wp-json\/wp\/v2\/tags?post=4219"},{"taxonomy":"infouartes","embeddable":true,"href":"https:\/\/www.uartes.edu.ec\/sitio\/wp-json\/wp\/v2\/infouartes?post=4219"}],"curies":[{"name":"wp","href":"https:\/\/api.w.org\/{rel}","templated":true}]}}