{"id":4258,"date":"2019-08-29T15:55:07","date_gmt":"2019-08-29T20:55:07","guid":{"rendered":"http:\/\/www.uartes.edu.ec\/sitio\/?p=4258"},"modified":"2024-07-04T11:50:31","modified_gmt":"2024-07-04T16:50:31","slug":"estudiantes-de-la-unae-en-el-periodo-intensivo-de-verano-2019","status":"publish","type":"post","link":"https:\/\/www.uartes.edu.ec\/sitio\/blog\/2019\/08\/29\/estudiantes-de-la-unae-en-el-periodo-intensivo-de-verano-2019\/","title":{"rendered":"Estudiantes de la UNAE, en el periodo intensivo de verano 2019"},"content":{"rendered":"\n<p>Iniciaron clases este 20 de agosto y las concluir\u00e1n el 6 de\nseptiembre. Son los alumnos de la Licenciatura en Pedagog\u00eda de las Artes y\nHumanidades, carrera compartida en el marco del convenio entre la Universidad\nNacional de Educaci\u00f3n (UNAE) y la Universidad de las Artes, quienes llegaron\ndesde Azogues \u2013donde se ubica la UNAE\u2013 con muchas expectativas de las\nense\u00f1anzas que recibir\u00edan de las docentes Janina Su\u00e1rez y Elena Gui, en la\nasignatura Laboratorio Interdisciplinario I. Estas, en el periodo intensivo de\nverano 2019 para continuar con su proceso formativo en la ciudad de Guayaquil,\nsede de la UArtes.<\/p>\n\n\n\n<p>En total son nueve los semestres de preparaci\u00f3n acad\u00e9mica de\nla Licenciatura en Pedagog\u00eda de las Artes y Humanidades, incluyendo la Unidad\nde Titulaci\u00f3n. El proceso formativo que siguen los estudiantes se inicia con la\noferta acad\u00e9mica que hace la UNAE, tambi\u00e9n a cargo del proceso de admisi\u00f3n y\nmatriculaci\u00f3n para el primero, segundo y tercer nivel de la carrera. Luego, en\nla Universidad de las Artes contin\u00faan su formaci\u00f3n desde el cuarto al s\u00e9ptimo\nnivel, donde abordar\u00e1n el estudio de las artes en sus diversos contextos\nsociales e hist\u00f3ricos. El octavo y noveno lo concluyen en la UNAE. <\/p>\n\n\n\n<div class=\"wp-block-image\"><figure class=\"aligncenter\"><img fetchpriority=\"high\" decoding=\"async\" width=\"700\" height=\"467\" src=\"http:\/\/www.uartes.edu.ec\/sitio\/wp-content\/uploads\/2019\/08\/UNAE-UARTES-1-700x467.jpg\" alt=\"\" class=\"wp-image-4260\" srcset=\"https:\/\/www.uartes.edu.ec\/sitio\/wp-content\/uploads\/2019\/08\/UNAE-UARTES-1-700x467.jpg 700w, https:\/\/www.uartes.edu.ec\/sitio\/wp-content\/uploads\/2019\/08\/UNAE-UARTES-1-250x167.jpg 250w, https:\/\/www.uartes.edu.ec\/sitio\/wp-content\/uploads\/2019\/08\/UNAE-UARTES-1-768x512.jpg 768w, https:\/\/www.uartes.edu.ec\/sitio\/wp-content\/uploads\/2019\/08\/UNAE-UARTES-1-120x80.jpg 120w, https:\/\/www.uartes.edu.ec\/sitio\/wp-content\/uploads\/2019\/08\/UNAE-UARTES-1-272x182.jpg 272w, https:\/\/www.uartes.edu.ec\/sitio\/wp-content\/uploads\/2019\/08\/UNAE-UARTES-1.jpg 933w\" sizes=\"(max-width: 700px) 100vw, 700px\" \/><\/figure><\/div>\n\n\n\n<p>Acorde a los reportes de la UNAE, actualmente se registra un\ntotal de 80 estudiantes. Al primer semestre 2019, 39 est\u00e1n en primer nivel (y\nla UArtes los recibir\u00e1 en el segundo semestre del 2020); 15, en segundo nivel\n(la UArtes los recibir\u00e1 en el primer semestre del 2020); y 26, en tercer nivel\n(la UArtes los recibi\u00f3 en el segundo semestre del 2019).<\/p>\n\n\n\n<p>As\u00ed, desde el sal\u00f3n de Uso M\u00faltiple, ubicado en el pabell\u00f3n Araceli Gilbert, de la Universidad de las Artes, y el auditorio de la Biblioteca de las Artes, los 21 estudiantes de la UNAE reciben la formaci\u00f3n de su carrera compartida con la UArtes.<\/p>\n\n\n\n<div class=\"wp-block-image\"><figure class=\"aligncenter\"><img decoding=\"async\" width=\"700\" height=\"467\" src=\"http:\/\/www.uartes.edu.ec\/sitio\/wp-content\/uploads\/2019\/08\/UNAE-UARTES-700x467.jpg\" alt=\"\" class=\"wp-image-4259\" srcset=\"https:\/\/www.uartes.edu.ec\/sitio\/wp-content\/uploads\/2019\/08\/UNAE-UARTES-700x467.jpg 700w, https:\/\/www.uartes.edu.ec\/sitio\/wp-content\/uploads\/2019\/08\/UNAE-UARTES-250x167.jpg 250w, https:\/\/www.uartes.edu.ec\/sitio\/wp-content\/uploads\/2019\/08\/UNAE-UARTES-768x512.jpg 768w, https:\/\/www.uartes.edu.ec\/sitio\/wp-content\/uploads\/2019\/08\/UNAE-UARTES-120x80.jpg 120w, https:\/\/www.uartes.edu.ec\/sitio\/wp-content\/uploads\/2019\/08\/UNAE-UARTES-272x182.jpg 272w, https:\/\/www.uartes.edu.ec\/sitio\/wp-content\/uploads\/2019\/08\/UNAE-UARTES.jpg 1008w\" sizes=\"(max-width: 700px) 100vw, 700px\" \/><\/figure><\/div>\n","protected":false},"excerpt":{"rendered":"<p>Iniciaron clases este 20 de agosto y las concluir\u00e1n el 6 de septiembre. Son los alumnos de la Licenciatura en Pedagog\u00eda de las Artes y Humanidades, carrera compartida en el marco del convenio entre la Universidad Nacional de Educaci\u00f3n (UNAE) y la Universidad de las Artes, quienes llegaron desde Azogues \u2013donde se ubica la UNAE\u2013 [&hellip;]<\/p>\n","protected":false},"author":1,"featured_media":4261,"comment_status":"closed","ping_status":"closed","sticky":false,"template":"","format":"standard","meta":{"_acf_changed":false,"_uag_custom_page_level_css":"","_monsterinsights_skip_tracking":false,"_monsterinsights_sitenote_active":false,"_monsterinsights_sitenote_note":"","_monsterinsights_sitenote_category":0,"cybocfi_hide_featured_image":"","footnotes":""},"categories":[76,77],"tags":[229],"infouartes":[],"class_list":["post-4258","post","type-post","status-publish","format-standard","has-post-thumbnail","hentry","category-estudiantes","category-gestion","tag-pedagogia-de-las-artes-y-humanidades"],"acf":[],"yoast_head":"<!-- This site is optimized with the Yoast SEO plugin v27.4 - https:\/\/yoast.com\/product\/yoast-seo-wordpress\/ -->\n<title>Universidad de las Artes - Estudiantes de la UNAE, en el periodo intensivo de verano 2019<\/title>\n<meta name=\"description\" content=\"Universidad de las Artes - Estudiantes de la UNAE, en el periodo intensivo de verano 2019\" \/>\n<meta name=\"robots\" content=\"index, follow, max-snippet:-1, max-image-preview:large, max-video-preview:-1\" \/>\n<link rel=\"canonical\" href=\"https:\/\/www.uartes.edu.ec\/sitio\/blog\/2019\/08\/29\/estudiantes-de-la-unae-en-el-periodo-intensivo-de-verano-2019\/\" \/>\n<meta property=\"og:locale\" content=\"es_ES\" \/>\n<meta property=\"og:type\" content=\"article\" \/>\n<meta property=\"og:title\" content=\"Universidad de las Artes - Estudiantes de la UNAE, en el periodo intensivo de verano 2019\" \/>\n<meta property=\"og:description\" content=\"Universidad de las Artes - Estudiantes de la UNAE, en el periodo intensivo de verano 2019\" \/>\n<meta property=\"og:url\" content=\"https:\/\/www.uartes.edu.ec\/sitio\/blog\/2019\/08\/29\/estudiantes-de-la-unae-en-el-periodo-intensivo-de-verano-2019\/\" \/>\n<meta property=\"og:site_name\" content=\"Universidad de las Artes\" \/>\n<meta property=\"article:publisher\" content=\"https:\/\/www.facebook.com\/uartesec\" \/>\n<meta property=\"article:published_time\" content=\"2019-08-29T20:55:07+00:00\" \/>\n<meta property=\"article:modified_time\" content=\"2024-07-04T16:50:31+00:00\" \/>\n<meta property=\"og:image\" content=\"https:\/\/www.uartes.edu.ec\/sitio\/wp-content\/uploads\/2019\/08\/UNAE-UARTES-2.jpg\" \/>\n\t<meta property=\"og:image:width\" content=\"721\" \/>\n\t<meta property=\"og:image:height\" content=\"481\" \/>\n\t<meta property=\"og:image:type\" content=\"image\/jpeg\" \/>\n<meta name=\"author\" content=\"Universidad de las Artes\" \/>\n<meta name=\"twitter:card\" content=\"summary_large_image\" \/>\n<meta name=\"twitter:creator\" content=\"@uartesec\" \/>\n<meta name=\"twitter:site\" content=\"@uartesec\" \/>\n<meta name=\"twitter:label1\" content=\"Escrito por\" \/>\n\t<meta name=\"twitter:data1\" content=\"Universidad de las Artes\" \/>\n\t<meta name=\"twitter:label2\" content=\"Tiempo de lectura\" \/>\n\t<meta name=\"twitter:data2\" content=\"2 minutos\" \/>\n<script type=\"application\/ld+json\" class=\"yoast-schema-graph\">{\"@context\":\"https:\\\/\\\/schema.org\",\"@graph\":[{\"@type\":\"Article\",\"@id\":\"https:\\\/\\\/www.uartes.edu.ec\\\/sitio\\\/blog\\\/2019\\\/08\\\/29\\\/estudiantes-de-la-unae-en-el-periodo-intensivo-de-verano-2019\\\/#article\",\"isPartOf\":{\"@id\":\"https:\\\/\\\/www.uartes.edu.ec\\\/sitio\\\/blog\\\/2019\\\/08\\\/29\\\/estudiantes-de-la-unae-en-el-periodo-intensivo-de-verano-2019\\\/\"},\"author\":{\"name\":\"Universidad de las Artes\",\"@id\":\"https:\\\/\\\/www.uartes.edu.ec\\\/sitio\\\/#\\\/schema\\\/person\\\/f33f8c1d2af0d5c80a38c8abf458184a\"},\"headline\":\"Estudiantes de la UNAE, en el periodo intensivo de verano 2019\",\"datePublished\":\"2019-08-29T20:55:07+00:00\",\"dateModified\":\"2024-07-04T16:50:31+00:00\",\"mainEntityOfPage\":{\"@id\":\"https:\\\/\\\/www.uartes.edu.ec\\\/sitio\\\/blog\\\/2019\\\/08\\\/29\\\/estudiantes-de-la-unae-en-el-periodo-intensivo-de-verano-2019\\\/\"},\"wordCount\":329,\"publisher\":{\"@id\":\"https:\\\/\\\/www.uartes.edu.ec\\\/sitio\\\/#organization\"},\"image\":{\"@id\":\"https:\\\/\\\/www.uartes.edu.ec\\\/sitio\\\/blog\\\/2019\\\/08\\\/29\\\/estudiantes-de-la-unae-en-el-periodo-intensivo-de-verano-2019\\\/#primaryimage\"},\"thumbnailUrl\":\"https:\\\/\\\/www.uartes.edu.ec\\\/sitio\\\/wp-content\\\/uploads\\\/2019\\\/08\\\/UNAE-UARTES-2.jpg\",\"keywords\":[\"Pedagog\u00eda de las Artes y Humanidades\"],\"articleSection\":[\"Estudiantes\",\"Gesti\u00f3n\"],\"inLanguage\":\"es\"},{\"@type\":[\"WebPage\",\"ItemPage\"],\"@id\":\"https:\\\/\\\/www.uartes.edu.ec\\\/sitio\\\/blog\\\/2019\\\/08\\\/29\\\/estudiantes-de-la-unae-en-el-periodo-intensivo-de-verano-2019\\\/\",\"url\":\"https:\\\/\\\/www.uartes.edu.ec\\\/sitio\\\/blog\\\/2019\\\/08\\\/29\\\/estudiantes-de-la-unae-en-el-periodo-intensivo-de-verano-2019\\\/\",\"name\":\"Universidad de las Artes - Estudiantes de la UNAE, en el periodo intensivo de verano 2019\",\"isPartOf\":{\"@id\":\"https:\\\/\\\/www.uartes.edu.ec\\\/sitio\\\/#website\"},\"primaryImageOfPage\":{\"@id\":\"https:\\\/\\\/www.uartes.edu.ec\\\/sitio\\\/blog\\\/2019\\\/08\\\/29\\\/estudiantes-de-la-unae-en-el-periodo-intensivo-de-verano-2019\\\/#primaryimage\"},\"image\":{\"@id\":\"https:\\\/\\\/www.uartes.edu.ec\\\/sitio\\\/blog\\\/2019\\\/08\\\/29\\\/estudiantes-de-la-unae-en-el-periodo-intensivo-de-verano-2019\\\/#primaryimage\"},\"thumbnailUrl\":\"https:\\\/\\\/www.uartes.edu.ec\\\/sitio\\\/wp-content\\\/uploads\\\/2019\\\/08\\\/UNAE-UARTES-2.jpg\",\"datePublished\":\"2019-08-29T20:55:07+00:00\",\"dateModified\":\"2024-07-04T16:50:31+00:00\",\"description\":\"Universidad de las Artes - Estudiantes de la UNAE, en el periodo intensivo de verano 2019\",\"breadcrumb\":{\"@id\":\"https:\\\/\\\/www.uartes.edu.ec\\\/sitio\\\/blog\\\/2019\\\/08\\\/29\\\/estudiantes-de-la-unae-en-el-periodo-intensivo-de-verano-2019\\\/#breadcrumb\"},\"inLanguage\":\"es\",\"potentialAction\":[{\"@type\":\"ReadAction\",\"target\":[\"https:\\\/\\\/www.uartes.edu.ec\\\/sitio\\\/blog\\\/2019\\\/08\\\/29\\\/estudiantes-de-la-unae-en-el-periodo-intensivo-de-verano-2019\\\/\"]}]},{\"@type\":\"ImageObject\",\"inLanguage\":\"es\",\"@id\":\"https:\\\/\\\/www.uartes.edu.ec\\\/sitio\\\/blog\\\/2019\\\/08\\\/29\\\/estudiantes-de-la-unae-en-el-periodo-intensivo-de-verano-2019\\\/#primaryimage\",\"url\":\"https:\\\/\\\/www.uartes.edu.ec\\\/sitio\\\/wp-content\\\/uploads\\\/2019\\\/08\\\/UNAE-UARTES-2.jpg\",\"contentUrl\":\"https:\\\/\\\/www.uartes.edu.ec\\\/sitio\\\/wp-content\\\/uploads\\\/2019\\\/08\\\/UNAE-UARTES-2.jpg\",\"width\":721,\"height\":481},{\"@type\":\"BreadcrumbList\",\"@id\":\"https:\\\/\\\/www.uartes.edu.ec\\\/sitio\\\/blog\\\/2019\\\/08\\\/29\\\/estudiantes-de-la-unae-en-el-periodo-intensivo-de-verano-2019\\\/#breadcrumb\",\"itemListElement\":[{\"@type\":\"ListItem\",\"position\":1,\"name\":\"Inicio\",\"item\":\"https:\\\/\\\/www.uartes.edu.ec\\\/sitio\\\/\"},{\"@type\":\"ListItem\",\"position\":2,\"name\":\"Estudiantes de la UNAE, en el periodo intensivo de verano 2019\"}]},{\"@type\":\"WebSite\",\"@id\":\"https:\\\/\\\/www.uartes.edu.ec\\\/sitio\\\/#website\",\"url\":\"https:\\\/\\\/www.uartes.edu.ec\\\/sitio\\\/\",\"name\":\"Universidad de las Artes\",\"description\":\"Sitio oficial de la Universidad Nacional de las Artes del Ecuador\",\"publisher\":{\"@id\":\"https:\\\/\\\/www.uartes.edu.ec\\\/sitio\\\/#organization\"},\"potentialAction\":[{\"@type\":\"SearchAction\",\"target\":{\"@type\":\"EntryPoint\",\"urlTemplate\":\"https:\\\/\\\/www.uartes.edu.ec\\\/sitio\\\/?s={search_term_string}\"},\"query-input\":{\"@type\":\"PropertyValueSpecification\",\"valueRequired\":true,\"valueName\":\"search_term_string\"}}],\"inLanguage\":\"es\"},{\"@type\":\"Organization\",\"@id\":\"https:\\\/\\\/www.uartes.edu.ec\\\/sitio\\\/#organization\",\"name\":\"Universidad de las Artes\",\"url\":\"https:\\\/\\\/www.uartes.edu.ec\\\/sitio\\\/\",\"logo\":{\"@type\":\"ImageObject\",\"inLanguage\":\"es\",\"@id\":\"https:\\\/\\\/www.uartes.edu.ec\\\/sitio\\\/#\\\/schema\\\/logo\\\/image\\\/\",\"url\":\"https:\\\/\\\/www.uartes.edu.ec\\\/sitio\\\/wp-content\\\/uploads\\\/2022\\\/07\\\/logo-ua-horizontal.png\",\"contentUrl\":\"https:\\\/\\\/www.uartes.edu.ec\\\/sitio\\\/wp-content\\\/uploads\\\/2022\\\/07\\\/logo-ua-horizontal.png\",\"width\":800,\"height\":276,\"caption\":\"Universidad de las Artes\"},\"image\":{\"@id\":\"https:\\\/\\\/www.uartes.edu.ec\\\/sitio\\\/#\\\/schema\\\/logo\\\/image\\\/\"},\"sameAs\":[\"https:\\\/\\\/www.facebook.com\\\/uartesec\",\"https:\\\/\\\/x.com\\\/uartesec\",\"https:\\\/\\\/www.tiktok.com\\\/@uartesec\"]},{\"@type\":\"Person\",\"@id\":\"https:\\\/\\\/www.uartes.edu.ec\\\/sitio\\\/#\\\/schema\\\/person\\\/f33f8c1d2af0d5c80a38c8abf458184a\",\"name\":\"Universidad de las Artes\",\"image\":{\"@type\":\"ImageObject\",\"inLanguage\":\"es\",\"@id\":\"https:\\\/\\\/secure.gravatar.com\\\/avatar\\\/52e4757902f5cfa5ac52d020e5be83cae5487519154b6c35482fe08d589f3c13?s=96&d=mm&r=g\",\"url\":\"https:\\\/\\\/secure.gravatar.com\\\/avatar\\\/52e4757902f5cfa5ac52d020e5be83cae5487519154b6c35482fe08d589f3c13?s=96&d=mm&r=g\",\"contentUrl\":\"https:\\\/\\\/secure.gravatar.com\\\/avatar\\\/52e4757902f5cfa5ac52d020e5be83cae5487519154b6c35482fe08d589f3c13?s=96&d=mm&r=g\",\"caption\":\"Universidad de las Artes\"},\"url\":\"https:\\\/\\\/www.uartes.edu.ec\\\/sitio\\\/blog\\\/author\\\/dircomadm\\\/\"}]}<\/script>\n<!-- \/ Yoast SEO plugin. -->","yoast_head_json":{"title":"Universidad de las Artes - Estudiantes de la UNAE, en el periodo intensivo de verano 2019","description":"Universidad de las Artes - Estudiantes de la UNAE, en el periodo intensivo de verano 2019","robots":{"index":"index","follow":"follow","max-snippet":"max-snippet:-1","max-image-preview":"max-image-preview:large","max-video-preview":"max-video-preview:-1"},"canonical":"https:\/\/www.uartes.edu.ec\/sitio\/blog\/2019\/08\/29\/estudiantes-de-la-unae-en-el-periodo-intensivo-de-verano-2019\/","og_locale":"es_ES","og_type":"article","og_title":"Universidad de las Artes - Estudiantes de la UNAE, en el periodo intensivo de verano 2019","og_description":"Universidad de las Artes - Estudiantes de la UNAE, en el periodo intensivo de verano 2019","og_url":"https:\/\/www.uartes.edu.ec\/sitio\/blog\/2019\/08\/29\/estudiantes-de-la-unae-en-el-periodo-intensivo-de-verano-2019\/","og_site_name":"Universidad de las Artes","article_publisher":"https:\/\/www.facebook.com\/uartesec","article_published_time":"2019-08-29T20:55:07+00:00","article_modified_time":"2024-07-04T16:50:31+00:00","og_image":[{"width":721,"height":481,"url":"https:\/\/www.uartes.edu.ec\/sitio\/wp-content\/uploads\/2019\/08\/UNAE-UARTES-2.jpg","type":"image\/jpeg"}],"author":"Universidad de las Artes","twitter_card":"summary_large_image","twitter_creator":"@uartesec","twitter_site":"@uartesec","twitter_misc":{"Escrito por":"Universidad de las Artes","Tiempo de lectura":"2 minutos"},"schema":{"@context":"https:\/\/schema.org","@graph":[{"@type":"Article","@id":"https:\/\/www.uartes.edu.ec\/sitio\/blog\/2019\/08\/29\/estudiantes-de-la-unae-en-el-periodo-intensivo-de-verano-2019\/#article","isPartOf":{"@id":"https:\/\/www.uartes.edu.ec\/sitio\/blog\/2019\/08\/29\/estudiantes-de-la-unae-en-el-periodo-intensivo-de-verano-2019\/"},"author":{"name":"Universidad de las Artes","@id":"https:\/\/www.uartes.edu.ec\/sitio\/#\/schema\/person\/f33f8c1d2af0d5c80a38c8abf458184a"},"headline":"Estudiantes de la UNAE, en el periodo intensivo de verano 2019","datePublished":"2019-08-29T20:55:07+00:00","dateModified":"2024-07-04T16:50:31+00:00","mainEntityOfPage":{"@id":"https:\/\/www.uartes.edu.ec\/sitio\/blog\/2019\/08\/29\/estudiantes-de-la-unae-en-el-periodo-intensivo-de-verano-2019\/"},"wordCount":329,"publisher":{"@id":"https:\/\/www.uartes.edu.ec\/sitio\/#organization"},"image":{"@id":"https:\/\/www.uartes.edu.ec\/sitio\/blog\/2019\/08\/29\/estudiantes-de-la-unae-en-el-periodo-intensivo-de-verano-2019\/#primaryimage"},"thumbnailUrl":"https:\/\/www.uartes.edu.ec\/sitio\/wp-content\/uploads\/2019\/08\/UNAE-UARTES-2.jpg","keywords":["Pedagog\u00eda de las Artes y Humanidades"],"articleSection":["Estudiantes","Gesti\u00f3n"],"inLanguage":"es"},{"@type":["WebPage","ItemPage"],"@id":"https:\/\/www.uartes.edu.ec\/sitio\/blog\/2019\/08\/29\/estudiantes-de-la-unae-en-el-periodo-intensivo-de-verano-2019\/","url":"https:\/\/www.uartes.edu.ec\/sitio\/blog\/2019\/08\/29\/estudiantes-de-la-unae-en-el-periodo-intensivo-de-verano-2019\/","name":"Universidad de las Artes - Estudiantes de la UNAE, en el periodo intensivo de verano 2019","isPartOf":{"@id":"https:\/\/www.uartes.edu.ec\/sitio\/#website"},"primaryImageOfPage":{"@id":"https:\/\/www.uartes.edu.ec\/sitio\/blog\/2019\/08\/29\/estudiantes-de-la-unae-en-el-periodo-intensivo-de-verano-2019\/#primaryimage"},"image":{"@id":"https:\/\/www.uartes.edu.ec\/sitio\/blog\/2019\/08\/29\/estudiantes-de-la-unae-en-el-periodo-intensivo-de-verano-2019\/#primaryimage"},"thumbnailUrl":"https:\/\/www.uartes.edu.ec\/sitio\/wp-content\/uploads\/2019\/08\/UNAE-UARTES-2.jpg","datePublished":"2019-08-29T20:55:07+00:00","dateModified":"2024-07-04T16:50:31+00:00","description":"Universidad de las Artes - Estudiantes de la UNAE, en el periodo intensivo de verano 2019","breadcrumb":{"@id":"https:\/\/www.uartes.edu.ec\/sitio\/blog\/2019\/08\/29\/estudiantes-de-la-unae-en-el-periodo-intensivo-de-verano-2019\/#breadcrumb"},"inLanguage":"es","potentialAction":[{"@type":"ReadAction","target":["https:\/\/www.uartes.edu.ec\/sitio\/blog\/2019\/08\/29\/estudiantes-de-la-unae-en-el-periodo-intensivo-de-verano-2019\/"]}]},{"@type":"ImageObject","inLanguage":"es","@id":"https:\/\/www.uartes.edu.ec\/sitio\/blog\/2019\/08\/29\/estudiantes-de-la-unae-en-el-periodo-intensivo-de-verano-2019\/#primaryimage","url":"https:\/\/www.uartes.edu.ec\/sitio\/wp-content\/uploads\/2019\/08\/UNAE-UARTES-2.jpg","contentUrl":"https:\/\/www.uartes.edu.ec\/sitio\/wp-content\/uploads\/2019\/08\/UNAE-UARTES-2.jpg","width":721,"height":481},{"@type":"BreadcrumbList","@id":"https:\/\/www.uartes.edu.ec\/sitio\/blog\/2019\/08\/29\/estudiantes-de-la-unae-en-el-periodo-intensivo-de-verano-2019\/#breadcrumb","itemListElement":[{"@type":"ListItem","position":1,"name":"Inicio","item":"https:\/\/www.uartes.edu.ec\/sitio\/"},{"@type":"ListItem","position":2,"name":"Estudiantes de la UNAE, en el periodo intensivo de verano 2019"}]},{"@type":"WebSite","@id":"https:\/\/www.uartes.edu.ec\/sitio\/#website","url":"https:\/\/www.uartes.edu.ec\/sitio\/","name":"Universidad de las Artes","description":"Sitio oficial de la Universidad Nacional de las Artes del Ecuador","publisher":{"@id":"https:\/\/www.uartes.edu.ec\/sitio\/#organization"},"potentialAction":[{"@type":"SearchAction","target":{"@type":"EntryPoint","urlTemplate":"https:\/\/www.uartes.edu.ec\/sitio\/?s={search_term_string}"},"query-input":{"@type":"PropertyValueSpecification","valueRequired":true,"valueName":"search_term_string"}}],"inLanguage":"es"},{"@type":"Organization","@id":"https:\/\/www.uartes.edu.ec\/sitio\/#organization","name":"Universidad de las Artes","url":"https:\/\/www.uartes.edu.ec\/sitio\/","logo":{"@type":"ImageObject","inLanguage":"es","@id":"https:\/\/www.uartes.edu.ec\/sitio\/#\/schema\/logo\/image\/","url":"https:\/\/www.uartes.edu.ec\/sitio\/wp-content\/uploads\/2022\/07\/logo-ua-horizontal.png","contentUrl":"https:\/\/www.uartes.edu.ec\/sitio\/wp-content\/uploads\/2022\/07\/logo-ua-horizontal.png","width":800,"height":276,"caption":"Universidad de las Artes"},"image":{"@id":"https:\/\/www.uartes.edu.ec\/sitio\/#\/schema\/logo\/image\/"},"sameAs":["https:\/\/www.facebook.com\/uartesec","https:\/\/x.com\/uartesec","https:\/\/www.tiktok.com\/@uartesec"]},{"@type":"Person","@id":"https:\/\/www.uartes.edu.ec\/sitio\/#\/schema\/person\/f33f8c1d2af0d5c80a38c8abf458184a","name":"Universidad de las Artes","image":{"@type":"ImageObject","inLanguage":"es","@id":"https:\/\/secure.gravatar.com\/avatar\/52e4757902f5cfa5ac52d020e5be83cae5487519154b6c35482fe08d589f3c13?s=96&d=mm&r=g","url":"https:\/\/secure.gravatar.com\/avatar\/52e4757902f5cfa5ac52d020e5be83cae5487519154b6c35482fe08d589f3c13?s=96&d=mm&r=g","contentUrl":"https:\/\/secure.gravatar.com\/avatar\/52e4757902f5cfa5ac52d020e5be83cae5487519154b6c35482fe08d589f3c13?s=96&d=mm&r=g","caption":"Universidad de las Artes"},"url":"https:\/\/www.uartes.edu.ec\/sitio\/blog\/author\/dircomadm\/"}]}},"uagb_featured_image_src":{"full":["https:\/\/www.uartes.edu.ec\/sitio\/wp-content\/uploads\/2019\/08\/UNAE-UARTES-2.jpg",721,481,false],"thumbnail":["https:\/\/www.uartes.edu.ec\/sitio\/wp-content\/uploads\/2019\/08\/UNAE-UARTES-2-150x150.jpg",150,150,true],"medium":["https:\/\/www.uartes.edu.ec\/sitio\/wp-content\/uploads\/2019\/08\/UNAE-UARTES-2-250x167.jpg",250,167,true],"medium_large":["https:\/\/www.uartes.edu.ec\/sitio\/wp-content\/uploads\/2019\/08\/UNAE-UARTES-2.jpg",721,481,false],"large":["https:\/\/www.uartes.edu.ec\/sitio\/wp-content\/uploads\/2019\/08\/UNAE-UARTES-2-700x467.jpg",644,430,true],"1536x1536":["https:\/\/www.uartes.edu.ec\/sitio\/wp-content\/uploads\/2019\/08\/UNAE-UARTES-2.jpg",721,481,false],"2048x2048":["https:\/\/www.uartes.edu.ec\/sitio\/wp-content\/uploads\/2019\/08\/UNAE-UARTES-2.jpg",721,481,false],"trp-custom-language-flag":["https:\/\/www.uartes.edu.ec\/sitio\/wp-content\/uploads\/2019\/08\/UNAE-UARTES-2.jpg",18,12,false],"htmega_size_585x295":["https:\/\/www.uartes.edu.ec\/sitio\/wp-content\/uploads\/2019\/08\/UNAE-UARTES-2.jpg",442,295,false],"htmega_size_1170x536":["https:\/\/www.uartes.edu.ec\/sitio\/wp-content\/uploads\/2019\/08\/UNAE-UARTES-2.jpg",721,481,false],"htmega_size_396x360":["https:\/\/www.uartes.edu.ec\/sitio\/wp-content\/uploads\/2019\/08\/UNAE-UARTES-2.jpg",396,264,false],"gb-block-post-grid-landscape":["https:\/\/www.uartes.edu.ec\/sitio\/wp-content\/uploads\/2019\/08\/UNAE-UARTES-2.jpg",600,400,false],"gb-block-post-grid-square":["https:\/\/www.uartes.edu.ec\/sitio\/wp-content\/uploads\/2019\/08\/UNAE-UARTES-2.jpg",600,400,false],"university-hub-thumb":["https:\/\/www.uartes.edu.ec\/sitio\/wp-content\/uploads\/2019\/08\/UNAE-UARTES-2.jpg",400,267,false]},"uagb_author_info":{"display_name":"Universidad de las Artes","author_link":"https:\/\/www.uartes.edu.ec\/sitio\/blog\/author\/dircomadm\/"},"uagb_comment_info":0,"uagb_excerpt":"Iniciaron clases este 20 de agosto y las concluir\u00e1n el 6 de septiembre. Son los alumnos de la Licenciatura en Pedagog\u00eda de las Artes y Humanidades, carrera compartida en el marco del convenio entre la Universidad Nacional de Educaci\u00f3n (UNAE) y la Universidad de las Artes, quienes llegaron desde Azogues \u2013donde se ubica la UNAE\u2013&hellip;","featured_image_src":"https:\/\/www.uartes.edu.ec\/sitio\/wp-content\/uploads\/2019\/08\/UNAE-UARTES-2.jpg","featured_image_src_square":"https:\/\/www.uartes.edu.ec\/sitio\/wp-content\/uploads\/2019\/08\/UNAE-UARTES-2.jpg","author_info":{"display_name":"Universidad de las Artes","author_link":"https:\/\/www.uartes.edu.ec\/sitio\/blog\/author\/dircomadm\/"},"publishpress_future_workflow_manual_trigger":{"enabledWorkflows":[]},"distributor_meta":false,"distributor_terms":false,"distributor_media":false,"distributor_original_site_name":"Universidad de las Artes","distributor_original_site_url":"https:\/\/www.uartes.edu.ec\/sitio","push-errors":false,"_links":{"self":[{"href":"https:\/\/www.uartes.edu.ec\/sitio\/wp-json\/wp\/v2\/posts\/4258","targetHints":{"allow":["GET"]}}],"collection":[{"href":"https:\/\/www.uartes.edu.ec\/sitio\/wp-json\/wp\/v2\/posts"}],"about":[{"href":"https:\/\/www.uartes.edu.ec\/sitio\/wp-json\/wp\/v2\/types\/post"}],"author":[{"embeddable":true,"href":"https:\/\/www.uartes.edu.ec\/sitio\/wp-json\/wp\/v2\/users\/1"}],"replies":[{"embeddable":true,"href":"https:\/\/www.uartes.edu.ec\/sitio\/wp-json\/wp\/v2\/comments?post=4258"}],"version-history":[{"count":2,"href":"https:\/\/www.uartes.edu.ec\/sitio\/wp-json\/wp\/v2\/posts\/4258\/revisions"}],"predecessor-version":[{"id":57761,"href":"https:\/\/www.uartes.edu.ec\/sitio\/wp-json\/wp\/v2\/posts\/4258\/revisions\/57761"}],"wp:featuredmedia":[{"embeddable":true,"href":"https:\/\/www.uartes.edu.ec\/sitio\/wp-json\/wp\/v2\/media\/4261"}],"wp:attachment":[{"href":"https:\/\/www.uartes.edu.ec\/sitio\/wp-json\/wp\/v2\/media?parent=4258"}],"wp:term":[{"taxonomy":"category","embeddable":true,"href":"https:\/\/www.uartes.edu.ec\/sitio\/wp-json\/wp\/v2\/categories?post=4258"},{"taxonomy":"post_tag","embeddable":true,"href":"https:\/\/www.uartes.edu.ec\/sitio\/wp-json\/wp\/v2\/tags?post=4258"},{"taxonomy":"infouartes","embeddable":true,"href":"https:\/\/www.uartes.edu.ec\/sitio\/wp-json\/wp\/v2\/infouartes?post=4258"}],"curies":[{"name":"wp","href":"https:\/\/api.w.org\/{rel}","templated":true}]}}