{"id":4263,"date":"2019-08-29T16:26:40","date_gmt":"2019-08-29T21:26:40","guid":{"rendered":"http:\/\/www.uartes.edu.ec\/sitio\/?p=4263"},"modified":"2024-07-04T11:50:31","modified_gmt":"2024-07-04T16:50:31","slug":"diagramas-de-vuelo-reflexiones-somaticas-desde-la-integracion-corporal","status":"publish","type":"post","link":"https:\/\/www.uartes.edu.ec\/sitio\/blog\/2019\/08\/29\/diagramas-de-vuelo-reflexiones-somaticas-desde-la-integracion-corporal\/","title":{"rendered":"Diagramas de Vuelo: reflexiones som\u00e1ticas desde la integraci\u00f3n corporal"},"content":{"rendered":"\n<p>En el Mini Teatro del Campus Sur de la\nUniversidad de las Artes se efectu\u00f3, del 19 al 23 de agosto pasado, el taller\nde improvisaci\u00f3n teatral <em>Diagramas de\nVuelo, <\/em>enfocado en t\u00e9cnicas de danza de contacto y el clown. Sergio\nMendoza, instructor y estudiante de la carrera de Creaci\u00f3n Teatral, quien est\u00e1 pr\u00f3ximo\na graduarse de la Escuela de Artes Esc\u00e9nicas de la UArtes, propuso este\nentrenamiento para que el aspirante a una pr\u00e1ctica actoral pueda adquirir\nhabilidades motoras, sensibles y reflexivas, revelando sus capacidades a partir\nde pr\u00e1cticas de improvisaci\u00f3n vinculadas a la b\u00fasqueda de la libertad del\ncuerpo y sus lenguajes, el contacto con el otro y el enriquecimiento de\naspectos emocionales desde su individualidad.<\/p>\n\n\n\n<p>Para\nSantiago Harris, docente y tutor del estudiante, estos dos lenguajes art\u00edsticos\ntienen en com\u00fan el \u00e9nfasis en la relaci\u00f3n, la comunicaci\u00f3n instant\u00e1nea y la\nimprovisaci\u00f3n. A su vez, lo inesperado, la ca\u00edda, el error y el azar son fuentes\nde inspiraci\u00f3n y creaci\u00f3n que se entretejen con la t\u00e9cnica. Tambi\u00e9n se\u00f1al\u00f3 que,\nen un proceso de aprendizaje, la pr\u00e1ctica de la payaser\u00eda, del contact o la\ncombinaci\u00f3n de las dos, aporta profundamente a un conocimiento psicosom\u00e1tico y\na la capacidad de recuperar la curiosidad esencial de la persona.<\/p>\n\n\n\n<p>El taller se focaliz\u00f3 en la predisposici\u00f3n de trabajar en equipo y la reacci\u00f3n constante a los est\u00edmulos. Esto teniendo como objetivo la formaci\u00f3n de una plataforma creativa que sirva de veh\u00edculo potenciador de una propia po\u00e9tica personal y de sus capacidades dramat\u00fargicas como individuo teatral, se\u00f1al\u00f3 Mendoza. Por su parte, Santiago Harris coment\u00f3 que <em>Diagramas de Vuelo<\/em> es un taller experiencial \u201cque integra tambi\u00e9n aportes de las artes visuales, respondiendo a una b\u00fasqueda de referentes y ejercicios creativos que Sergio ha encontrado para ampliar el inter\u00e9s, la presencia y honestidad del actor en escena\u201d.<\/p>\n\n\n\n<p>La convocatoria fue dirigida a estudiantes\nde teatro de primeros niveles, con quienes luego de cada sesi\u00f3n se produjeron\nespacios reflexivos enfocados a unir la experiencia de los ejercicios con su\nformaci\u00f3n propia. \u201cDespu\u00e9s de cada sesi\u00f3n construimos diagramas visuales como\nun intento de descubrir como conectamos mentalmente la informaci\u00f3n adquirida,\nde hecho, es de ah\u00ed de donde proviene el nombre Diagramas de Vuelo\u201d, concluy\u00f3\nMendoza.<\/p>\n","protected":false},"excerpt":{"rendered":"<p>En el Mini Teatro del Campus Sur de la Universidad de las Artes se efectu\u00f3, del 19 al 23 de agosto pasado, el taller de improvisaci\u00f3n teatral Diagramas de Vuelo, enfocado en t\u00e9cnicas de danza de contacto y el clown. Sergio Mendoza, instructor y estudiante de la carrera de Creaci\u00f3n Teatral, quien est\u00e1 pr\u00f3ximo a [&hellip;]<\/p>\n","protected":false},"author":1,"featured_media":4264,"comment_status":"closed","ping_status":"closed","sticky":false,"template":"","format":"standard","meta":{"_acf_changed":false,"_uag_custom_page_level_css":"","_monsterinsights_skip_tracking":false,"_monsterinsights_sitenote_active":false,"_monsterinsights_sitenote_note":"","_monsterinsights_sitenote_category":0,"cybocfi_hide_featured_image":"","footnotes":""},"categories":[80],"tags":[],"infouartes":[],"class_list":["post-4263","post","type-post","status-publish","format-standard","has-post-thumbnail","hentry","category-academico"],"acf":[],"yoast_head":"<!-- This site is optimized with the Yoast SEO plugin v27.4 - https:\/\/yoast.com\/product\/yoast-seo-wordpress\/ -->\n<title>Universidad de las Artes - Diagramas de Vuelo: reflexiones som\u00e1ticas desde la integraci\u00f3n corporal<\/title>\n<meta name=\"description\" content=\"Universidad de las Artes - Diagramas de Vuelo: reflexiones som\u00e1ticas desde la integraci\u00f3n corporal\" \/>\n<meta name=\"robots\" content=\"index, follow, max-snippet:-1, max-image-preview:large, max-video-preview:-1\" \/>\n<link rel=\"canonical\" href=\"https:\/\/www.uartes.edu.ec\/sitio\/blog\/2019\/08\/29\/diagramas-de-vuelo-reflexiones-somaticas-desde-la-integracion-corporal\/\" \/>\n<meta property=\"og:locale\" content=\"es_ES\" \/>\n<meta property=\"og:type\" content=\"article\" \/>\n<meta property=\"og:title\" content=\"Universidad de las Artes - Diagramas de Vuelo: reflexiones som\u00e1ticas desde la integraci\u00f3n corporal\" \/>\n<meta property=\"og:description\" content=\"Universidad de las Artes - Diagramas de Vuelo: reflexiones som\u00e1ticas desde la integraci\u00f3n corporal\" \/>\n<meta property=\"og:url\" content=\"https:\/\/www.uartes.edu.ec\/sitio\/blog\/2019\/08\/29\/diagramas-de-vuelo-reflexiones-somaticas-desde-la-integracion-corporal\/\" \/>\n<meta property=\"og:site_name\" content=\"Universidad de las Artes\" \/>\n<meta property=\"article:publisher\" content=\"https:\/\/www.facebook.com\/uartesec\" \/>\n<meta property=\"article:published_time\" content=\"2019-08-29T21:26:40+00:00\" \/>\n<meta property=\"article:modified_time\" content=\"2024-07-04T16:50:31+00:00\" \/>\n<meta property=\"og:image\" content=\"https:\/\/www.uartes.edu.ec\/sitio\/wp-content\/uploads\/2019\/08\/Diagramas-de-vuelo.jpg\" \/>\n\t<meta property=\"og:image:width\" content=\"1500\" \/>\n\t<meta property=\"og:image:height\" content=\"1000\" \/>\n\t<meta property=\"og:image:type\" content=\"image\/jpeg\" \/>\n<meta name=\"author\" content=\"Universidad de las Artes\" \/>\n<meta name=\"twitter:card\" content=\"summary_large_image\" \/>\n<meta name=\"twitter:creator\" content=\"@uartesec\" \/>\n<meta name=\"twitter:site\" content=\"@uartesec\" \/>\n<meta name=\"twitter:label1\" content=\"Escrito por\" \/>\n\t<meta name=\"twitter:data1\" content=\"Universidad de las Artes\" \/>\n\t<meta name=\"twitter:label2\" content=\"Tiempo de lectura\" \/>\n\t<meta name=\"twitter:data2\" content=\"2 minutos\" \/>\n<script type=\"application\/ld+json\" class=\"yoast-schema-graph\">{\"@context\":\"https:\\\/\\\/schema.org\",\"@graph\":[{\"@type\":\"Article\",\"@id\":\"https:\\\/\\\/www.uartes.edu.ec\\\/sitio\\\/blog\\\/2019\\\/08\\\/29\\\/diagramas-de-vuelo-reflexiones-somaticas-desde-la-integracion-corporal\\\/#article\",\"isPartOf\":{\"@id\":\"https:\\\/\\\/www.uartes.edu.ec\\\/sitio\\\/blog\\\/2019\\\/08\\\/29\\\/diagramas-de-vuelo-reflexiones-somaticas-desde-la-integracion-corporal\\\/\"},\"author\":{\"name\":\"Universidad de las Artes\",\"@id\":\"https:\\\/\\\/www.uartes.edu.ec\\\/sitio\\\/#\\\/schema\\\/person\\\/f33f8c1d2af0d5c80a38c8abf458184a\"},\"headline\":\"Diagramas de Vuelo: reflexiones som\u00e1ticas desde la integraci\u00f3n corporal\",\"datePublished\":\"2019-08-29T21:26:40+00:00\",\"dateModified\":\"2024-07-04T16:50:31+00:00\",\"mainEntityOfPage\":{\"@id\":\"https:\\\/\\\/www.uartes.edu.ec\\\/sitio\\\/blog\\\/2019\\\/08\\\/29\\\/diagramas-de-vuelo-reflexiones-somaticas-desde-la-integracion-corporal\\\/\"},\"wordCount\":418,\"publisher\":{\"@id\":\"https:\\\/\\\/www.uartes.edu.ec\\\/sitio\\\/#organization\"},\"image\":{\"@id\":\"https:\\\/\\\/www.uartes.edu.ec\\\/sitio\\\/blog\\\/2019\\\/08\\\/29\\\/diagramas-de-vuelo-reflexiones-somaticas-desde-la-integracion-corporal\\\/#primaryimage\"},\"thumbnailUrl\":\"https:\\\/\\\/www.uartes.edu.ec\\\/sitio\\\/wp-content\\\/uploads\\\/2019\\\/08\\\/Diagramas-de-vuelo.jpg\",\"articleSection\":[\"Acad\u00e9mico\"],\"inLanguage\":\"es\"},{\"@type\":[\"WebPage\",\"ItemPage\"],\"@id\":\"https:\\\/\\\/www.uartes.edu.ec\\\/sitio\\\/blog\\\/2019\\\/08\\\/29\\\/diagramas-de-vuelo-reflexiones-somaticas-desde-la-integracion-corporal\\\/\",\"url\":\"https:\\\/\\\/www.uartes.edu.ec\\\/sitio\\\/blog\\\/2019\\\/08\\\/29\\\/diagramas-de-vuelo-reflexiones-somaticas-desde-la-integracion-corporal\\\/\",\"name\":\"Universidad de las Artes - Diagramas de Vuelo: reflexiones som\u00e1ticas desde la integraci\u00f3n corporal\",\"isPartOf\":{\"@id\":\"https:\\\/\\\/www.uartes.edu.ec\\\/sitio\\\/#website\"},\"primaryImageOfPage\":{\"@id\":\"https:\\\/\\\/www.uartes.edu.ec\\\/sitio\\\/blog\\\/2019\\\/08\\\/29\\\/diagramas-de-vuelo-reflexiones-somaticas-desde-la-integracion-corporal\\\/#primaryimage\"},\"image\":{\"@id\":\"https:\\\/\\\/www.uartes.edu.ec\\\/sitio\\\/blog\\\/2019\\\/08\\\/29\\\/diagramas-de-vuelo-reflexiones-somaticas-desde-la-integracion-corporal\\\/#primaryimage\"},\"thumbnailUrl\":\"https:\\\/\\\/www.uartes.edu.ec\\\/sitio\\\/wp-content\\\/uploads\\\/2019\\\/08\\\/Diagramas-de-vuelo.jpg\",\"datePublished\":\"2019-08-29T21:26:40+00:00\",\"dateModified\":\"2024-07-04T16:50:31+00:00\",\"description\":\"Universidad de las Artes - Diagramas de Vuelo: reflexiones som\u00e1ticas desde la integraci\u00f3n corporal\",\"breadcrumb\":{\"@id\":\"https:\\\/\\\/www.uartes.edu.ec\\\/sitio\\\/blog\\\/2019\\\/08\\\/29\\\/diagramas-de-vuelo-reflexiones-somaticas-desde-la-integracion-corporal\\\/#breadcrumb\"},\"inLanguage\":\"es\",\"potentialAction\":[{\"@type\":\"ReadAction\",\"target\":[\"https:\\\/\\\/www.uartes.edu.ec\\\/sitio\\\/blog\\\/2019\\\/08\\\/29\\\/diagramas-de-vuelo-reflexiones-somaticas-desde-la-integracion-corporal\\\/\"]}]},{\"@type\":\"ImageObject\",\"inLanguage\":\"es\",\"@id\":\"https:\\\/\\\/www.uartes.edu.ec\\\/sitio\\\/blog\\\/2019\\\/08\\\/29\\\/diagramas-de-vuelo-reflexiones-somaticas-desde-la-integracion-corporal\\\/#primaryimage\",\"url\":\"https:\\\/\\\/www.uartes.edu.ec\\\/sitio\\\/wp-content\\\/uploads\\\/2019\\\/08\\\/Diagramas-de-vuelo.jpg\",\"contentUrl\":\"https:\\\/\\\/www.uartes.edu.ec\\\/sitio\\\/wp-content\\\/uploads\\\/2019\\\/08\\\/Diagramas-de-vuelo.jpg\",\"width\":1500,\"height\":1000},{\"@type\":\"BreadcrumbList\",\"@id\":\"https:\\\/\\\/www.uartes.edu.ec\\\/sitio\\\/blog\\\/2019\\\/08\\\/29\\\/diagramas-de-vuelo-reflexiones-somaticas-desde-la-integracion-corporal\\\/#breadcrumb\",\"itemListElement\":[{\"@type\":\"ListItem\",\"position\":1,\"name\":\"Inicio\",\"item\":\"https:\\\/\\\/www.uartes.edu.ec\\\/sitio\\\/\"},{\"@type\":\"ListItem\",\"position\":2,\"name\":\"Diagramas de Vuelo: reflexiones som\u00e1ticas desde la integraci\u00f3n corporal\"}]},{\"@type\":\"WebSite\",\"@id\":\"https:\\\/\\\/www.uartes.edu.ec\\\/sitio\\\/#website\",\"url\":\"https:\\\/\\\/www.uartes.edu.ec\\\/sitio\\\/\",\"name\":\"Universidad de las Artes\",\"description\":\"Sitio oficial de la Universidad Nacional de las Artes del Ecuador\",\"publisher\":{\"@id\":\"https:\\\/\\\/www.uartes.edu.ec\\\/sitio\\\/#organization\"},\"potentialAction\":[{\"@type\":\"SearchAction\",\"target\":{\"@type\":\"EntryPoint\",\"urlTemplate\":\"https:\\\/\\\/www.uartes.edu.ec\\\/sitio\\\/?s={search_term_string}\"},\"query-input\":{\"@type\":\"PropertyValueSpecification\",\"valueRequired\":true,\"valueName\":\"search_term_string\"}}],\"inLanguage\":\"es\"},{\"@type\":\"Organization\",\"@id\":\"https:\\\/\\\/www.uartes.edu.ec\\\/sitio\\\/#organization\",\"name\":\"Universidad de las Artes\",\"url\":\"https:\\\/\\\/www.uartes.edu.ec\\\/sitio\\\/\",\"logo\":{\"@type\":\"ImageObject\",\"inLanguage\":\"es\",\"@id\":\"https:\\\/\\\/www.uartes.edu.ec\\\/sitio\\\/#\\\/schema\\\/logo\\\/image\\\/\",\"url\":\"https:\\\/\\\/www.uartes.edu.ec\\\/sitio\\\/wp-content\\\/uploads\\\/2022\\\/07\\\/logo-ua-horizontal.png\",\"contentUrl\":\"https:\\\/\\\/www.uartes.edu.ec\\\/sitio\\\/wp-content\\\/uploads\\\/2022\\\/07\\\/logo-ua-horizontal.png\",\"width\":800,\"height\":276,\"caption\":\"Universidad de las Artes\"},\"image\":{\"@id\":\"https:\\\/\\\/www.uartes.edu.ec\\\/sitio\\\/#\\\/schema\\\/logo\\\/image\\\/\"},\"sameAs\":[\"https:\\\/\\\/www.facebook.com\\\/uartesec\",\"https:\\\/\\\/x.com\\\/uartesec\",\"https:\\\/\\\/www.tiktok.com\\\/@uartesec\"]},{\"@type\":\"Person\",\"@id\":\"https:\\\/\\\/www.uartes.edu.ec\\\/sitio\\\/#\\\/schema\\\/person\\\/f33f8c1d2af0d5c80a38c8abf458184a\",\"name\":\"Universidad de las Artes\",\"image\":{\"@type\":\"ImageObject\",\"inLanguage\":\"es\",\"@id\":\"https:\\\/\\\/secure.gravatar.com\\\/avatar\\\/52e4757902f5cfa5ac52d020e5be83cae5487519154b6c35482fe08d589f3c13?s=96&d=mm&r=g\",\"url\":\"https:\\\/\\\/secure.gravatar.com\\\/avatar\\\/52e4757902f5cfa5ac52d020e5be83cae5487519154b6c35482fe08d589f3c13?s=96&d=mm&r=g\",\"contentUrl\":\"https:\\\/\\\/secure.gravatar.com\\\/avatar\\\/52e4757902f5cfa5ac52d020e5be83cae5487519154b6c35482fe08d589f3c13?s=96&d=mm&r=g\",\"caption\":\"Universidad de las Artes\"},\"url\":\"https:\\\/\\\/www.uartes.edu.ec\\\/sitio\\\/blog\\\/author\\\/dircomadm\\\/\"}]}<\/script>\n<!-- \/ Yoast SEO plugin. -->","yoast_head_json":{"title":"Universidad de las Artes - Diagramas de Vuelo: reflexiones som\u00e1ticas desde la integraci\u00f3n corporal","description":"Universidad de las Artes - Diagramas de Vuelo: reflexiones som\u00e1ticas desde la integraci\u00f3n corporal","robots":{"index":"index","follow":"follow","max-snippet":"max-snippet:-1","max-image-preview":"max-image-preview:large","max-video-preview":"max-video-preview:-1"},"canonical":"https:\/\/www.uartes.edu.ec\/sitio\/blog\/2019\/08\/29\/diagramas-de-vuelo-reflexiones-somaticas-desde-la-integracion-corporal\/","og_locale":"es_ES","og_type":"article","og_title":"Universidad de las Artes - Diagramas de Vuelo: reflexiones som\u00e1ticas desde la integraci\u00f3n corporal","og_description":"Universidad de las Artes - Diagramas de Vuelo: reflexiones som\u00e1ticas desde la integraci\u00f3n corporal","og_url":"https:\/\/www.uartes.edu.ec\/sitio\/blog\/2019\/08\/29\/diagramas-de-vuelo-reflexiones-somaticas-desde-la-integracion-corporal\/","og_site_name":"Universidad de las Artes","article_publisher":"https:\/\/www.facebook.com\/uartesec","article_published_time":"2019-08-29T21:26:40+00:00","article_modified_time":"2024-07-04T16:50:31+00:00","og_image":[{"width":1500,"height":1000,"url":"https:\/\/www.uartes.edu.ec\/sitio\/wp-content\/uploads\/2019\/08\/Diagramas-de-vuelo.jpg","type":"image\/jpeg"}],"author":"Universidad de las Artes","twitter_card":"summary_large_image","twitter_creator":"@uartesec","twitter_site":"@uartesec","twitter_misc":{"Escrito por":"Universidad de las Artes","Tiempo de lectura":"2 minutos"},"schema":{"@context":"https:\/\/schema.org","@graph":[{"@type":"Article","@id":"https:\/\/www.uartes.edu.ec\/sitio\/blog\/2019\/08\/29\/diagramas-de-vuelo-reflexiones-somaticas-desde-la-integracion-corporal\/#article","isPartOf":{"@id":"https:\/\/www.uartes.edu.ec\/sitio\/blog\/2019\/08\/29\/diagramas-de-vuelo-reflexiones-somaticas-desde-la-integracion-corporal\/"},"author":{"name":"Universidad de las Artes","@id":"https:\/\/www.uartes.edu.ec\/sitio\/#\/schema\/person\/f33f8c1d2af0d5c80a38c8abf458184a"},"headline":"Diagramas de Vuelo: reflexiones som\u00e1ticas desde la integraci\u00f3n corporal","datePublished":"2019-08-29T21:26:40+00:00","dateModified":"2024-07-04T16:50:31+00:00","mainEntityOfPage":{"@id":"https:\/\/www.uartes.edu.ec\/sitio\/blog\/2019\/08\/29\/diagramas-de-vuelo-reflexiones-somaticas-desde-la-integracion-corporal\/"},"wordCount":418,"publisher":{"@id":"https:\/\/www.uartes.edu.ec\/sitio\/#organization"},"image":{"@id":"https:\/\/www.uartes.edu.ec\/sitio\/blog\/2019\/08\/29\/diagramas-de-vuelo-reflexiones-somaticas-desde-la-integracion-corporal\/#primaryimage"},"thumbnailUrl":"https:\/\/www.uartes.edu.ec\/sitio\/wp-content\/uploads\/2019\/08\/Diagramas-de-vuelo.jpg","articleSection":["Acad\u00e9mico"],"inLanguage":"es"},{"@type":["WebPage","ItemPage"],"@id":"https:\/\/www.uartes.edu.ec\/sitio\/blog\/2019\/08\/29\/diagramas-de-vuelo-reflexiones-somaticas-desde-la-integracion-corporal\/","url":"https:\/\/www.uartes.edu.ec\/sitio\/blog\/2019\/08\/29\/diagramas-de-vuelo-reflexiones-somaticas-desde-la-integracion-corporal\/","name":"Universidad de las Artes - Diagramas de Vuelo: reflexiones som\u00e1ticas desde la integraci\u00f3n corporal","isPartOf":{"@id":"https:\/\/www.uartes.edu.ec\/sitio\/#website"},"primaryImageOfPage":{"@id":"https:\/\/www.uartes.edu.ec\/sitio\/blog\/2019\/08\/29\/diagramas-de-vuelo-reflexiones-somaticas-desde-la-integracion-corporal\/#primaryimage"},"image":{"@id":"https:\/\/www.uartes.edu.ec\/sitio\/blog\/2019\/08\/29\/diagramas-de-vuelo-reflexiones-somaticas-desde-la-integracion-corporal\/#primaryimage"},"thumbnailUrl":"https:\/\/www.uartes.edu.ec\/sitio\/wp-content\/uploads\/2019\/08\/Diagramas-de-vuelo.jpg","datePublished":"2019-08-29T21:26:40+00:00","dateModified":"2024-07-04T16:50:31+00:00","description":"Universidad de las Artes - Diagramas de Vuelo: reflexiones som\u00e1ticas desde la integraci\u00f3n corporal","breadcrumb":{"@id":"https:\/\/www.uartes.edu.ec\/sitio\/blog\/2019\/08\/29\/diagramas-de-vuelo-reflexiones-somaticas-desde-la-integracion-corporal\/#breadcrumb"},"inLanguage":"es","potentialAction":[{"@type":"ReadAction","target":["https:\/\/www.uartes.edu.ec\/sitio\/blog\/2019\/08\/29\/diagramas-de-vuelo-reflexiones-somaticas-desde-la-integracion-corporal\/"]}]},{"@type":"ImageObject","inLanguage":"es","@id":"https:\/\/www.uartes.edu.ec\/sitio\/blog\/2019\/08\/29\/diagramas-de-vuelo-reflexiones-somaticas-desde-la-integracion-corporal\/#primaryimage","url":"https:\/\/www.uartes.edu.ec\/sitio\/wp-content\/uploads\/2019\/08\/Diagramas-de-vuelo.jpg","contentUrl":"https:\/\/www.uartes.edu.ec\/sitio\/wp-content\/uploads\/2019\/08\/Diagramas-de-vuelo.jpg","width":1500,"height":1000},{"@type":"BreadcrumbList","@id":"https:\/\/www.uartes.edu.ec\/sitio\/blog\/2019\/08\/29\/diagramas-de-vuelo-reflexiones-somaticas-desde-la-integracion-corporal\/#breadcrumb","itemListElement":[{"@type":"ListItem","position":1,"name":"Inicio","item":"https:\/\/www.uartes.edu.ec\/sitio\/"},{"@type":"ListItem","position":2,"name":"Diagramas de Vuelo: reflexiones som\u00e1ticas desde la integraci\u00f3n corporal"}]},{"@type":"WebSite","@id":"https:\/\/www.uartes.edu.ec\/sitio\/#website","url":"https:\/\/www.uartes.edu.ec\/sitio\/","name":"Universidad de las Artes","description":"Sitio oficial de la Universidad Nacional de las Artes del Ecuador","publisher":{"@id":"https:\/\/www.uartes.edu.ec\/sitio\/#organization"},"potentialAction":[{"@type":"SearchAction","target":{"@type":"EntryPoint","urlTemplate":"https:\/\/www.uartes.edu.ec\/sitio\/?s={search_term_string}"},"query-input":{"@type":"PropertyValueSpecification","valueRequired":true,"valueName":"search_term_string"}}],"inLanguage":"es"},{"@type":"Organization","@id":"https:\/\/www.uartes.edu.ec\/sitio\/#organization","name":"Universidad de las Artes","url":"https:\/\/www.uartes.edu.ec\/sitio\/","logo":{"@type":"ImageObject","inLanguage":"es","@id":"https:\/\/www.uartes.edu.ec\/sitio\/#\/schema\/logo\/image\/","url":"https:\/\/www.uartes.edu.ec\/sitio\/wp-content\/uploads\/2022\/07\/logo-ua-horizontal.png","contentUrl":"https:\/\/www.uartes.edu.ec\/sitio\/wp-content\/uploads\/2022\/07\/logo-ua-horizontal.png","width":800,"height":276,"caption":"Universidad de las Artes"},"image":{"@id":"https:\/\/www.uartes.edu.ec\/sitio\/#\/schema\/logo\/image\/"},"sameAs":["https:\/\/www.facebook.com\/uartesec","https:\/\/x.com\/uartesec","https:\/\/www.tiktok.com\/@uartesec"]},{"@type":"Person","@id":"https:\/\/www.uartes.edu.ec\/sitio\/#\/schema\/person\/f33f8c1d2af0d5c80a38c8abf458184a","name":"Universidad de las Artes","image":{"@type":"ImageObject","inLanguage":"es","@id":"https:\/\/secure.gravatar.com\/avatar\/52e4757902f5cfa5ac52d020e5be83cae5487519154b6c35482fe08d589f3c13?s=96&d=mm&r=g","url":"https:\/\/secure.gravatar.com\/avatar\/52e4757902f5cfa5ac52d020e5be83cae5487519154b6c35482fe08d589f3c13?s=96&d=mm&r=g","contentUrl":"https:\/\/secure.gravatar.com\/avatar\/52e4757902f5cfa5ac52d020e5be83cae5487519154b6c35482fe08d589f3c13?s=96&d=mm&r=g","caption":"Universidad de las Artes"},"url":"https:\/\/www.uartes.edu.ec\/sitio\/blog\/author\/dircomadm\/"}]}},"uagb_featured_image_src":{"full":["https:\/\/www.uartes.edu.ec\/sitio\/wp-content\/uploads\/2019\/08\/Diagramas-de-vuelo.jpg",1500,1000,false],"thumbnail":["https:\/\/www.uartes.edu.ec\/sitio\/wp-content\/uploads\/2019\/08\/Diagramas-de-vuelo-150x150.jpg",150,150,true],"medium":["https:\/\/www.uartes.edu.ec\/sitio\/wp-content\/uploads\/2019\/08\/Diagramas-de-vuelo-250x167.jpg",250,167,true],"medium_large":["https:\/\/www.uartes.edu.ec\/sitio\/wp-content\/uploads\/2019\/08\/Diagramas-de-vuelo-768x512.jpg",768,512,true],"large":["https:\/\/www.uartes.edu.ec\/sitio\/wp-content\/uploads\/2019\/08\/Diagramas-de-vuelo-700x467.jpg",644,430,true],"1536x1536":["https:\/\/www.uartes.edu.ec\/sitio\/wp-content\/uploads\/2019\/08\/Diagramas-de-vuelo.jpg",1500,1000,false],"2048x2048":["https:\/\/www.uartes.edu.ec\/sitio\/wp-content\/uploads\/2019\/08\/Diagramas-de-vuelo.jpg",1500,1000,false],"trp-custom-language-flag":["https:\/\/www.uartes.edu.ec\/sitio\/wp-content\/uploads\/2019\/08\/Diagramas-de-vuelo.jpg",18,12,false],"htmega_size_585x295":["https:\/\/www.uartes.edu.ec\/sitio\/wp-content\/uploads\/2019\/08\/Diagramas-de-vuelo.jpg",443,295,false],"htmega_size_1170x536":["https:\/\/www.uartes.edu.ec\/sitio\/wp-content\/uploads\/2019\/08\/Diagramas-de-vuelo.jpg",804,536,false],"htmega_size_396x360":["https:\/\/www.uartes.edu.ec\/sitio\/wp-content\/uploads\/2019\/08\/Diagramas-de-vuelo.jpg",396,264,false],"gb-block-post-grid-landscape":["https:\/\/www.uartes.edu.ec\/sitio\/wp-content\/uploads\/2019\/08\/Diagramas-de-vuelo.jpg",600,400,false],"gb-block-post-grid-square":["https:\/\/www.uartes.edu.ec\/sitio\/wp-content\/uploads\/2019\/08\/Diagramas-de-vuelo.jpg",600,400,false],"university-hub-thumb":["https:\/\/www.uartes.edu.ec\/sitio\/wp-content\/uploads\/2019\/08\/Diagramas-de-vuelo.jpg",400,267,false]},"uagb_author_info":{"display_name":"Universidad de las Artes","author_link":"https:\/\/www.uartes.edu.ec\/sitio\/blog\/author\/dircomadm\/"},"uagb_comment_info":0,"uagb_excerpt":"En el Mini Teatro del Campus Sur de la Universidad de las Artes se efectu\u00f3, del 19 al 23 de agosto pasado, el taller de improvisaci\u00f3n teatral Diagramas de Vuelo, enfocado en t\u00e9cnicas de danza de contacto y el clown. Sergio Mendoza, instructor y estudiante de la carrera de Creaci\u00f3n Teatral, quien est\u00e1 pr\u00f3ximo a&hellip;","featured_image_src":"https:\/\/www.uartes.edu.ec\/sitio\/wp-content\/uploads\/2019\/08\/Diagramas-de-vuelo.jpg","featured_image_src_square":"https:\/\/www.uartes.edu.ec\/sitio\/wp-content\/uploads\/2019\/08\/Diagramas-de-vuelo.jpg","author_info":{"display_name":"Universidad de las Artes","author_link":"https:\/\/www.uartes.edu.ec\/sitio\/blog\/author\/dircomadm\/"},"publishpress_future_workflow_manual_trigger":{"enabledWorkflows":[]},"distributor_meta":false,"distributor_terms":false,"distributor_media":false,"distributor_original_site_name":"Universidad de las Artes","distributor_original_site_url":"https:\/\/www.uartes.edu.ec\/sitio","push-errors":false,"_links":{"self":[{"href":"https:\/\/www.uartes.edu.ec\/sitio\/wp-json\/wp\/v2\/posts\/4263","targetHints":{"allow":["GET"]}}],"collection":[{"href":"https:\/\/www.uartes.edu.ec\/sitio\/wp-json\/wp\/v2\/posts"}],"about":[{"href":"https:\/\/www.uartes.edu.ec\/sitio\/wp-json\/wp\/v2\/types\/post"}],"author":[{"embeddable":true,"href":"https:\/\/www.uartes.edu.ec\/sitio\/wp-json\/wp\/v2\/users\/1"}],"replies":[{"embeddable":true,"href":"https:\/\/www.uartes.edu.ec\/sitio\/wp-json\/wp\/v2\/comments?post=4263"}],"version-history":[{"count":1,"href":"https:\/\/www.uartes.edu.ec\/sitio\/wp-json\/wp\/v2\/posts\/4263\/revisions"}],"predecessor-version":[{"id":4265,"href":"https:\/\/www.uartes.edu.ec\/sitio\/wp-json\/wp\/v2\/posts\/4263\/revisions\/4265"}],"wp:featuredmedia":[{"embeddable":true,"href":"https:\/\/www.uartes.edu.ec\/sitio\/wp-json\/wp\/v2\/media\/4264"}],"wp:attachment":[{"href":"https:\/\/www.uartes.edu.ec\/sitio\/wp-json\/wp\/v2\/media?parent=4263"}],"wp:term":[{"taxonomy":"category","embeddable":true,"href":"https:\/\/www.uartes.edu.ec\/sitio\/wp-json\/wp\/v2\/categories?post=4263"},{"taxonomy":"post_tag","embeddable":true,"href":"https:\/\/www.uartes.edu.ec\/sitio\/wp-json\/wp\/v2\/tags?post=4263"},{"taxonomy":"infouartes","embeddable":true,"href":"https:\/\/www.uartes.edu.ec\/sitio\/wp-json\/wp\/v2\/infouartes?post=4263"}],"curies":[{"name":"wp","href":"https:\/\/api.w.org\/{rel}","templated":true}]}}