{"id":42834,"date":"2023-05-02T17:06:00","date_gmt":"2023-05-02T22:06:00","guid":{"rendered":"https:\/\/www.uartes.edu.ec\/sitio\/?p=42834"},"modified":"2024-07-04T11:21:15","modified_gmt":"2024-07-04T16:21:15","slug":"biblioteca-de-las-artes-realizo-la-feria-de-material-didactico-y-educativo-por-los-usuarios-de-sala-ria","status":"publish","type":"post","link":"https:\/\/www.uartes.edu.ec\/sitio\/blog\/2023\/05\/02\/biblioteca-de-las-artes-realizo-la-feria-de-material-didactico-y-educativo-por-los-usuarios-de-sala-ria\/","title":{"rendered":"Biblioteca de las Artes realiz\u00f3 la Feria de Material Did\u00e1ctico y Educativo por inquietudes de los usuarios de Sala R\u00eda"},"content":{"rendered":"\n<p>La constante pregunta de los usuarios de la Sala R\u00eda de d\u00f3nde encontrar los materiales que se prestan en este espacio, dedicado a la creaci\u00f3n y educaci\u00f3n en artes para ni\u00f1as y ni\u00f1os, llev\u00f3 a la Biblioteca de las Artes a organizar una feria de este tipo de recursos y herramientas.<\/p>\n\n\n\n<p>La actividad se realiz\u00f3 el s\u00e1bado 29 de abril y const\u00f3 en la segunda edici\u00f3n de Lanfor Abierta, iniciada el lunes 24 con eventos culturales y art\u00edsticos de variada tem\u00e1tica y formato, como conversatorios, charlas, talleres, cursos, sesiones y un concurso de poes\u00eda.<\/p>\n\n\n<div class=\"wp-block-image\">\n<figure class=\"aligncenter size-large\"><img fetchpriority=\"high\" decoding=\"async\" width=\"644\" height=\"429\" src=\"https:\/\/www.uartes.edu.ec\/sitio\/wp-content\/uploads\/2023\/06\/FERIA-MATERIAL-DIDACTICO-EDUCATIVO-WEB-02-644x429.jpg\" alt=\"\" class=\"wp-image-42836\" srcset=\"https:\/\/www.uartes.edu.ec\/sitio\/wp-content\/uploads\/2023\/06\/FERIA-MATERIAL-DIDACTICO-EDUCATIVO-WEB-02-644x429.jpg 644w, https:\/\/www.uartes.edu.ec\/sitio\/wp-content\/uploads\/2023\/06\/FERIA-MATERIAL-DIDACTICO-EDUCATIVO-WEB-02-768x511.jpg 768w, https:\/\/www.uartes.edu.ec\/sitio\/wp-content\/uploads\/2023\/06\/FERIA-MATERIAL-DIDACTICO-EDUCATIVO-WEB-02.jpg 2000w, https:\/\/www.uartes.edu.ec\/sitio\/wp-content\/uploads\/2023\/06\/FERIA-MATERIAL-DIDACTICO-EDUCATIVO-WEB-02-600x399.jpg 600w, https:\/\/www.uartes.edu.ec\/sitio\/wp-content\/uploads\/2023\/06\/FERIA-MATERIAL-DIDACTICO-EDUCATIVO-WEB-02-272x182.jpg 272w\" sizes=\"(max-width: 644px) 100vw, 644px\" \/><\/figure>\n<\/div>\n\n\n<p>Ana Mar\u00eda Gonz\u00e1lez, directora de la Sala R\u00eda, comenta que conjuntamente con el equipo que la acompa\u00f1a, organizaron la Feria de Material Did\u00e1ctico y Educativo pensando en los ni\u00f1os y en el p\u00fablico y usuarios de todas las edades. \u201cDesde rodillos para practicar el gateo en beb\u00e9s hasta rompecabezas complejos que son usados por adultos, grupos de ni\u00f1as y ni\u00f1os que los arman en equipo e incluso los estudiantes de la UArtes que a veces vienen a distraerse un momento\u201d.&nbsp;<\/p>\n\n\n\n<p>Para realizar la feria, agrega, hicieron una encuesta a usuarios de la Sala R\u00eda y el 51% se\u00f1al\u00f3 \u201cUsar material did\u00e1ctico disponible&#8221; entre las principales razones por las que visita espacio. Tambi\u00e9n cuando solicitaron que se nombren cinco beneficios que percibe junto con sus familiares de la Biblioteca de las Artes, el &#8220;Acceso a material did\u00e1ctico&#8221; const\u00f3 entre los tres primeros lugares.&nbsp;&nbsp;<\/p>\n\n\n<div class=\"wp-block-image\">\n<figure class=\"aligncenter size-large\"><img decoding=\"async\" width=\"644\" height=\"429\" src=\"https:\/\/www.uartes.edu.ec\/sitio\/wp-content\/uploads\/2023\/06\/FERIA-MATERIAL-DIDACTICO-EDUCATIVO-WEB-03-644x429.jpg\" alt=\"\" class=\"wp-image-42837\" srcset=\"https:\/\/www.uartes.edu.ec\/sitio\/wp-content\/uploads\/2023\/06\/FERIA-MATERIAL-DIDACTICO-EDUCATIVO-WEB-03-644x429.jpg 644w, https:\/\/www.uartes.edu.ec\/sitio\/wp-content\/uploads\/2023\/06\/FERIA-MATERIAL-DIDACTICO-EDUCATIVO-WEB-03-768x511.jpg 768w, https:\/\/www.uartes.edu.ec\/sitio\/wp-content\/uploads\/2023\/06\/FERIA-MATERIAL-DIDACTICO-EDUCATIVO-WEB-03.jpg 2000w, https:\/\/www.uartes.edu.ec\/sitio\/wp-content\/uploads\/2023\/06\/FERIA-MATERIAL-DIDACTICO-EDUCATIVO-WEB-03-600x399.jpg 600w, https:\/\/www.uartes.edu.ec\/sitio\/wp-content\/uploads\/2023\/06\/FERIA-MATERIAL-DIDACTICO-EDUCATIVO-WEB-03-272x182.jpg 272w\" sizes=\"(max-width: 644px) 100vw, 644px\" \/><\/figure>\n<\/div>\n\n\n<p>La directora de la Sala R\u00eda se\u00f1ala que el juego es una actividad fundamental para el desarrollo y aprendizaje de las ni\u00f1as y los ni\u00f1os y de sus familias, porque les permite explorar y probar sus capacidades de pensamiento cr\u00edtico, creativo y l\u00f3gico, usar su lenguaje corporal, as\u00ed como desarrollar habilidades socioemocionales y psicomotoras mientras crean comunidad y se relacionan con sus cuidadores y otros menores de su entorno.&nbsp;<\/p>\n\n\n\n<p>No obstante, considera que no todos los juguetes necesariamente \u201ccrean estos ambientes que buscamos dentro de la biblioteca y es importante promocionar espacios donde s\u00ed se hace material did\u00e1ctico de calidad, consciente con el ambiente y con su potencial en la educaci\u00f3n y acercamiento a las artes. En la Feria de Material Did\u00e1ctico y Educativo que se realiz\u00f3 en la reciente Lanfor Abierta participaron siete proveedores. \u201cEsperamos poder continuar organiz\u00e1ndola cada a\u00f1o e ir agregando m\u00e1s proveedores y visitantes\u201d, indica Ana Mar\u00eda Gonz\u00e1lez.&nbsp;<\/p>\n\n\n<div class=\"wp-block-image\">\n<figure class=\"aligncenter size-large\"><img decoding=\"async\" width=\"644\" height=\"429\" src=\"https:\/\/www.uartes.edu.ec\/sitio\/wp-content\/uploads\/2023\/06\/FERIA-MATERIAL-DIDACTICO-EDUCATIVO-WEB-04-644x429.jpg\" alt=\"\" class=\"wp-image-42838\" srcset=\"https:\/\/www.uartes.edu.ec\/sitio\/wp-content\/uploads\/2023\/06\/FERIA-MATERIAL-DIDACTICO-EDUCATIVO-WEB-04-644x429.jpg 644w, https:\/\/www.uartes.edu.ec\/sitio\/wp-content\/uploads\/2023\/06\/FERIA-MATERIAL-DIDACTICO-EDUCATIVO-WEB-04-768x511.jpg 768w, https:\/\/www.uartes.edu.ec\/sitio\/wp-content\/uploads\/2023\/06\/FERIA-MATERIAL-DIDACTICO-EDUCATIVO-WEB-04.jpg 2000w, https:\/\/www.uartes.edu.ec\/sitio\/wp-content\/uploads\/2023\/06\/FERIA-MATERIAL-DIDACTICO-EDUCATIVO-WEB-04-600x399.jpg 600w, https:\/\/www.uartes.edu.ec\/sitio\/wp-content\/uploads\/2023\/06\/FERIA-MATERIAL-DIDACTICO-EDUCATIVO-WEB-04-272x182.jpg 272w\" sizes=\"(max-width: 644px) 100vw, 644px\" \/><\/figure>\n<\/div>","protected":false},"excerpt":{"rendered":"<p>La constante pregunta de los usuarios de la Sala R\u00eda de d\u00f3nde hallar los materiales que se prestan en este espacio, dedicado a la creaci\u00f3n y educaci\u00f3n en artes para ni\u00f1as y ni\u00f1os, llev\u00f3 a la Biblioteca de las Artes a organizar una feria de recursos did\u00e1cticos. Se realiz\u00f3 el s\u00e1bado 29 de abril y const\u00f3 en la segunda edici\u00f3n de Lanfor Abierta, iniciada el lunes 24 con eventos culturales y art\u00edsticos de variada tem\u00e1tica.<\/p>\n","protected":false},"author":10,"featured_media":42835,"comment_status":"open","ping_status":"open","sticky":false,"template":"","format":"standard","meta":{"_acf_changed":false,"_uag_custom_page_level_css":"","_monsterinsights_skip_tracking":false,"_monsterinsights_sitenote_active":false,"_monsterinsights_sitenote_note":"","_monsterinsights_sitenote_category":0,"cybocfi_hide_featured_image":"","footnotes":""},"categories":[82,77,83,85],"tags":[785],"infouartes":[],"class_list":["post-42834","post","type-post","status-publish","format-standard","has-post-thumbnail","hentry","category-artes","category-gestion","category-sedes","category-servicios","tag-feria"],"acf":[],"yoast_head":"<!-- This site is optimized with the Yoast SEO plugin v27.4 - https:\/\/yoast.com\/product\/yoast-seo-wordpress\/ -->\n<title>Universidad de las Artes - Biblioteca de las Artes realiz\u00f3 la Feria de Material Did\u00e1ctico y Educativo por inquietudes de los usuarios de Sala R\u00eda<\/title>\n<meta name=\"description\" content=\"Universidad de las Artes - Biblioteca de las Artes realiz\u00f3 la Feria de Material Did\u00e1ctico y Educativo por inquietudes de los usuarios de Sala R\u00eda\" \/>\n<meta name=\"robots\" content=\"index, follow, max-snippet:-1, max-image-preview:large, max-video-preview:-1\" \/>\n<link rel=\"canonical\" href=\"https:\/\/www.uartes.edu.ec\/sitio\/blog\/2023\/05\/02\/biblioteca-de-las-artes-realizo-la-feria-de-material-didactico-y-educativo-por-los-usuarios-de-sala-ria\/\" \/>\n<meta property=\"og:locale\" content=\"es_ES\" \/>\n<meta property=\"og:type\" content=\"article\" \/>\n<meta property=\"og:title\" content=\"Universidad de las Artes - Biblioteca de las Artes realiz\u00f3 la Feria de Material Did\u00e1ctico y Educativo por inquietudes de los usuarios de Sala R\u00eda\" \/>\n<meta property=\"og:description\" content=\"Universidad de las Artes - Biblioteca de las Artes realiz\u00f3 la Feria de Material Did\u00e1ctico y Educativo por inquietudes de los usuarios de Sala R\u00eda\" \/>\n<meta property=\"og:url\" content=\"https:\/\/www.uartes.edu.ec\/sitio\/blog\/2023\/05\/02\/biblioteca-de-las-artes-realizo-la-feria-de-material-didactico-y-educativo-por-los-usuarios-de-sala-ria\/\" \/>\n<meta property=\"og:site_name\" content=\"Universidad de las Artes\" \/>\n<meta property=\"article:publisher\" content=\"https:\/\/www.facebook.com\/uartesec\" \/>\n<meta property=\"article:published_time\" content=\"2023-05-02T22:06:00+00:00\" \/>\n<meta property=\"article:modified_time\" content=\"2024-07-04T16:21:15+00:00\" \/>\n<meta property=\"og:image\" content=\"https:\/\/www.uartes.edu.ec\/sitio\/wp-content\/uploads\/2023\/06\/FERIA-MATERIAL-DIDACTICO-EDUCATIVO-WEB-01.jpg\" \/>\n\t<meta property=\"og:image:width\" content=\"2000\" \/>\n\t<meta property=\"og:image:height\" content=\"1333\" \/>\n\t<meta property=\"og:image:type\" content=\"image\/jpeg\" \/>\n<meta name=\"author\" content=\"ccortez\" \/>\n<meta name=\"twitter:card\" content=\"summary_large_image\" \/>\n<meta name=\"twitter:creator\" content=\"@uartesec\" \/>\n<meta name=\"twitter:site\" content=\"@uartesec\" \/>\n<meta name=\"twitter:label1\" content=\"Escrito por\" \/>\n\t<meta name=\"twitter:data1\" content=\"ccortez\" \/>\n\t<meta name=\"twitter:label2\" content=\"Tiempo de lectura\" \/>\n\t<meta name=\"twitter:data2\" content=\"3 minutos\" \/>\n<script type=\"application\/ld+json\" class=\"yoast-schema-graph\">{\"@context\":\"https:\\\/\\\/schema.org\",\"@graph\":[{\"@type\":\"Article\",\"@id\":\"https:\\\/\\\/www.uartes.edu.ec\\\/sitio\\\/blog\\\/2023\\\/05\\\/02\\\/biblioteca-de-las-artes-realizo-la-feria-de-material-didactico-y-educativo-por-los-usuarios-de-sala-ria\\\/#article\",\"isPartOf\":{\"@id\":\"https:\\\/\\\/www.uartes.edu.ec\\\/sitio\\\/blog\\\/2023\\\/05\\\/02\\\/biblioteca-de-las-artes-realizo-la-feria-de-material-didactico-y-educativo-por-los-usuarios-de-sala-ria\\\/\"},\"author\":{\"name\":\"ccortez\",\"@id\":\"https:\\\/\\\/www.uartes.edu.ec\\\/sitio\\\/#\\\/schema\\\/person\\\/efa1b8275797664fd7f13a79ccc0b1f4\"},\"headline\":\"Biblioteca de las Artes realiz\u00f3 la Feria de Material Did\u00e1ctico y Educativo por inquietudes de los usuarios de Sala R\u00eda\",\"datePublished\":\"2023-05-02T22:06:00+00:00\",\"dateModified\":\"2024-07-04T16:21:15+00:00\",\"mainEntityOfPage\":{\"@id\":\"https:\\\/\\\/www.uartes.edu.ec\\\/sitio\\\/blog\\\/2023\\\/05\\\/02\\\/biblioteca-de-las-artes-realizo-la-feria-de-material-didactico-y-educativo-por-los-usuarios-de-sala-ria\\\/\"},\"wordCount\":452,\"commentCount\":0,\"publisher\":{\"@id\":\"https:\\\/\\\/www.uartes.edu.ec\\\/sitio\\\/#organization\"},\"image\":{\"@id\":\"https:\\\/\\\/www.uartes.edu.ec\\\/sitio\\\/blog\\\/2023\\\/05\\\/02\\\/biblioteca-de-las-artes-realizo-la-feria-de-material-didactico-y-educativo-por-los-usuarios-de-sala-ria\\\/#primaryimage\"},\"thumbnailUrl\":\"https:\\\/\\\/www.uartes.edu.ec\\\/sitio\\\/wp-content\\\/uploads\\\/2023\\\/06\\\/FERIA-MATERIAL-DIDACTICO-EDUCATIVO-WEB-01.jpg\",\"keywords\":[\"feria\"],\"articleSection\":[\"Artes\",\"Gesti\u00f3n\",\"Sedes\",\"Servicios\"],\"inLanguage\":\"es\",\"potentialAction\":[{\"@type\":\"CommentAction\",\"name\":\"Comment\",\"target\":[\"https:\\\/\\\/www.uartes.edu.ec\\\/sitio\\\/blog\\\/2023\\\/05\\\/02\\\/biblioteca-de-las-artes-realizo-la-feria-de-material-didactico-y-educativo-por-los-usuarios-de-sala-ria\\\/#respond\"]}]},{\"@type\":[\"WebPage\",\"ItemPage\"],\"@id\":\"https:\\\/\\\/www.uartes.edu.ec\\\/sitio\\\/blog\\\/2023\\\/05\\\/02\\\/biblioteca-de-las-artes-realizo-la-feria-de-material-didactico-y-educativo-por-los-usuarios-de-sala-ria\\\/\",\"url\":\"https:\\\/\\\/www.uartes.edu.ec\\\/sitio\\\/blog\\\/2023\\\/05\\\/02\\\/biblioteca-de-las-artes-realizo-la-feria-de-material-didactico-y-educativo-por-los-usuarios-de-sala-ria\\\/\",\"name\":\"Universidad de las Artes - Biblioteca de las Artes realiz\u00f3 la Feria de Material Did\u00e1ctico y Educativo por inquietudes de los usuarios de Sala R\u00eda\",\"isPartOf\":{\"@id\":\"https:\\\/\\\/www.uartes.edu.ec\\\/sitio\\\/#website\"},\"primaryImageOfPage\":{\"@id\":\"https:\\\/\\\/www.uartes.edu.ec\\\/sitio\\\/blog\\\/2023\\\/05\\\/02\\\/biblioteca-de-las-artes-realizo-la-feria-de-material-didactico-y-educativo-por-los-usuarios-de-sala-ria\\\/#primaryimage\"},\"image\":{\"@id\":\"https:\\\/\\\/www.uartes.edu.ec\\\/sitio\\\/blog\\\/2023\\\/05\\\/02\\\/biblioteca-de-las-artes-realizo-la-feria-de-material-didactico-y-educativo-por-los-usuarios-de-sala-ria\\\/#primaryimage\"},\"thumbnailUrl\":\"https:\\\/\\\/www.uartes.edu.ec\\\/sitio\\\/wp-content\\\/uploads\\\/2023\\\/06\\\/FERIA-MATERIAL-DIDACTICO-EDUCATIVO-WEB-01.jpg\",\"datePublished\":\"2023-05-02T22:06:00+00:00\",\"dateModified\":\"2024-07-04T16:21:15+00:00\",\"description\":\"Universidad de las Artes - Biblioteca de las Artes realiz\u00f3 la Feria de Material Did\u00e1ctico y Educativo por inquietudes de los usuarios de Sala R\u00eda\",\"breadcrumb\":{\"@id\":\"https:\\\/\\\/www.uartes.edu.ec\\\/sitio\\\/blog\\\/2023\\\/05\\\/02\\\/biblioteca-de-las-artes-realizo-la-feria-de-material-didactico-y-educativo-por-los-usuarios-de-sala-ria\\\/#breadcrumb\"},\"inLanguage\":\"es\",\"potentialAction\":[{\"@type\":\"ReadAction\",\"target\":[\"https:\\\/\\\/www.uartes.edu.ec\\\/sitio\\\/blog\\\/2023\\\/05\\\/02\\\/biblioteca-de-las-artes-realizo-la-feria-de-material-didactico-y-educativo-por-los-usuarios-de-sala-ria\\\/\"]}]},{\"@type\":\"ImageObject\",\"inLanguage\":\"es\",\"@id\":\"https:\\\/\\\/www.uartes.edu.ec\\\/sitio\\\/blog\\\/2023\\\/05\\\/02\\\/biblioteca-de-las-artes-realizo-la-feria-de-material-didactico-y-educativo-por-los-usuarios-de-sala-ria\\\/#primaryimage\",\"url\":\"https:\\\/\\\/www.uartes.edu.ec\\\/sitio\\\/wp-content\\\/uploads\\\/2023\\\/06\\\/FERIA-MATERIAL-DIDACTICO-EDUCATIVO-WEB-01.jpg\",\"contentUrl\":\"https:\\\/\\\/www.uartes.edu.ec\\\/sitio\\\/wp-content\\\/uploads\\\/2023\\\/06\\\/FERIA-MATERIAL-DIDACTICO-EDUCATIVO-WEB-01.jpg\",\"width\":2000,\"height\":1333},{\"@type\":\"BreadcrumbList\",\"@id\":\"https:\\\/\\\/www.uartes.edu.ec\\\/sitio\\\/blog\\\/2023\\\/05\\\/02\\\/biblioteca-de-las-artes-realizo-la-feria-de-material-didactico-y-educativo-por-los-usuarios-de-sala-ria\\\/#breadcrumb\",\"itemListElement\":[{\"@type\":\"ListItem\",\"position\":1,\"name\":\"Inicio\",\"item\":\"https:\\\/\\\/www.uartes.edu.ec\\\/sitio\\\/\"},{\"@type\":\"ListItem\",\"position\":2,\"name\":\"Biblioteca de las Artes realiz\u00f3 la Feria de Material Did\u00e1ctico y Educativo por inquietudes de los usuarios de Sala R\u00eda\"}]},{\"@type\":\"WebSite\",\"@id\":\"https:\\\/\\\/www.uartes.edu.ec\\\/sitio\\\/#website\",\"url\":\"https:\\\/\\\/www.uartes.edu.ec\\\/sitio\\\/\",\"name\":\"Universidad de las Artes\",\"description\":\"Sitio oficial de la Universidad Nacional de las Artes del Ecuador\",\"publisher\":{\"@id\":\"https:\\\/\\\/www.uartes.edu.ec\\\/sitio\\\/#organization\"},\"potentialAction\":[{\"@type\":\"SearchAction\",\"target\":{\"@type\":\"EntryPoint\",\"urlTemplate\":\"https:\\\/\\\/www.uartes.edu.ec\\\/sitio\\\/?s={search_term_string}\"},\"query-input\":{\"@type\":\"PropertyValueSpecification\",\"valueRequired\":true,\"valueName\":\"search_term_string\"}}],\"inLanguage\":\"es\"},{\"@type\":\"Organization\",\"@id\":\"https:\\\/\\\/www.uartes.edu.ec\\\/sitio\\\/#organization\",\"name\":\"Universidad de las Artes\",\"url\":\"https:\\\/\\\/www.uartes.edu.ec\\\/sitio\\\/\",\"logo\":{\"@type\":\"ImageObject\",\"inLanguage\":\"es\",\"@id\":\"https:\\\/\\\/www.uartes.edu.ec\\\/sitio\\\/#\\\/schema\\\/logo\\\/image\\\/\",\"url\":\"https:\\\/\\\/www.uartes.edu.ec\\\/sitio\\\/wp-content\\\/uploads\\\/2022\\\/07\\\/logo-ua-horizontal.png\",\"contentUrl\":\"https:\\\/\\\/www.uartes.edu.ec\\\/sitio\\\/wp-content\\\/uploads\\\/2022\\\/07\\\/logo-ua-horizontal.png\",\"width\":800,\"height\":276,\"caption\":\"Universidad de las Artes\"},\"image\":{\"@id\":\"https:\\\/\\\/www.uartes.edu.ec\\\/sitio\\\/#\\\/schema\\\/logo\\\/image\\\/\"},\"sameAs\":[\"https:\\\/\\\/www.facebook.com\\\/uartesec\",\"https:\\\/\\\/x.com\\\/uartesec\",\"https:\\\/\\\/www.tiktok.com\\\/@uartesec\"]},{\"@type\":\"Person\",\"@id\":\"https:\\\/\\\/www.uartes.edu.ec\\\/sitio\\\/#\\\/schema\\\/person\\\/efa1b8275797664fd7f13a79ccc0b1f4\",\"name\":\"ccortez\",\"image\":{\"@type\":\"ImageObject\",\"inLanguage\":\"es\",\"@id\":\"https:\\\/\\\/secure.gravatar.com\\\/avatar\\\/b2a6f664a3ae8e074346ef91775736c5ec479e637ecced6842de9dc98b5da9cd?s=96&d=mm&r=g\",\"url\":\"https:\\\/\\\/secure.gravatar.com\\\/avatar\\\/b2a6f664a3ae8e074346ef91775736c5ec479e637ecced6842de9dc98b5da9cd?s=96&d=mm&r=g\",\"contentUrl\":\"https:\\\/\\\/secure.gravatar.com\\\/avatar\\\/b2a6f664a3ae8e074346ef91775736c5ec479e637ecced6842de9dc98b5da9cd?s=96&d=mm&r=g\",\"caption\":\"ccortez\"},\"url\":\"https:\\\/\\\/www.uartes.edu.ec\\\/sitio\\\/blog\\\/author\\\/ccortez\\\/\"}]}<\/script>\n<!-- \/ Yoast SEO plugin. -->","yoast_head_json":{"title":"Universidad de las Artes - Biblioteca de las Artes realiz\u00f3 la Feria de Material Did\u00e1ctico y Educativo por inquietudes de los usuarios de Sala R\u00eda","description":"Universidad de las Artes - Biblioteca de las Artes realiz\u00f3 la Feria de Material Did\u00e1ctico y Educativo por inquietudes de los usuarios de Sala R\u00eda","robots":{"index":"index","follow":"follow","max-snippet":"max-snippet:-1","max-image-preview":"max-image-preview:large","max-video-preview":"max-video-preview:-1"},"canonical":"https:\/\/www.uartes.edu.ec\/sitio\/blog\/2023\/05\/02\/biblioteca-de-las-artes-realizo-la-feria-de-material-didactico-y-educativo-por-los-usuarios-de-sala-ria\/","og_locale":"es_ES","og_type":"article","og_title":"Universidad de las Artes - Biblioteca de las Artes realiz\u00f3 la Feria de Material Did\u00e1ctico y Educativo por inquietudes de los usuarios de Sala R\u00eda","og_description":"Universidad de las Artes - Biblioteca de las Artes realiz\u00f3 la Feria de Material Did\u00e1ctico y Educativo por inquietudes de los usuarios de Sala R\u00eda","og_url":"https:\/\/www.uartes.edu.ec\/sitio\/blog\/2023\/05\/02\/biblioteca-de-las-artes-realizo-la-feria-de-material-didactico-y-educativo-por-los-usuarios-de-sala-ria\/","og_site_name":"Universidad de las Artes","article_publisher":"https:\/\/www.facebook.com\/uartesec","article_published_time":"2023-05-02T22:06:00+00:00","article_modified_time":"2024-07-04T16:21:15+00:00","og_image":[{"width":2000,"height":1333,"url":"https:\/\/www.uartes.edu.ec\/sitio\/wp-content\/uploads\/2023\/06\/FERIA-MATERIAL-DIDACTICO-EDUCATIVO-WEB-01.jpg","type":"image\/jpeg"}],"author":"ccortez","twitter_card":"summary_large_image","twitter_creator":"@uartesec","twitter_site":"@uartesec","twitter_misc":{"Escrito por":"ccortez","Tiempo de lectura":"3 minutos"},"schema":{"@context":"https:\/\/schema.org","@graph":[{"@type":"Article","@id":"https:\/\/www.uartes.edu.ec\/sitio\/blog\/2023\/05\/02\/biblioteca-de-las-artes-realizo-la-feria-de-material-didactico-y-educativo-por-los-usuarios-de-sala-ria\/#article","isPartOf":{"@id":"https:\/\/www.uartes.edu.ec\/sitio\/blog\/2023\/05\/02\/biblioteca-de-las-artes-realizo-la-feria-de-material-didactico-y-educativo-por-los-usuarios-de-sala-ria\/"},"author":{"name":"ccortez","@id":"https:\/\/www.uartes.edu.ec\/sitio\/#\/schema\/person\/efa1b8275797664fd7f13a79ccc0b1f4"},"headline":"Biblioteca de las Artes realiz\u00f3 la Feria de Material Did\u00e1ctico y Educativo por inquietudes de los usuarios de Sala R\u00eda","datePublished":"2023-05-02T22:06:00+00:00","dateModified":"2024-07-04T16:21:15+00:00","mainEntityOfPage":{"@id":"https:\/\/www.uartes.edu.ec\/sitio\/blog\/2023\/05\/02\/biblioteca-de-las-artes-realizo-la-feria-de-material-didactico-y-educativo-por-los-usuarios-de-sala-ria\/"},"wordCount":452,"commentCount":0,"publisher":{"@id":"https:\/\/www.uartes.edu.ec\/sitio\/#organization"},"image":{"@id":"https:\/\/www.uartes.edu.ec\/sitio\/blog\/2023\/05\/02\/biblioteca-de-las-artes-realizo-la-feria-de-material-didactico-y-educativo-por-los-usuarios-de-sala-ria\/#primaryimage"},"thumbnailUrl":"https:\/\/www.uartes.edu.ec\/sitio\/wp-content\/uploads\/2023\/06\/FERIA-MATERIAL-DIDACTICO-EDUCATIVO-WEB-01.jpg","keywords":["feria"],"articleSection":["Artes","Gesti\u00f3n","Sedes","Servicios"],"inLanguage":"es","potentialAction":[{"@type":"CommentAction","name":"Comment","target":["https:\/\/www.uartes.edu.ec\/sitio\/blog\/2023\/05\/02\/biblioteca-de-las-artes-realizo-la-feria-de-material-didactico-y-educativo-por-los-usuarios-de-sala-ria\/#respond"]}]},{"@type":["WebPage","ItemPage"],"@id":"https:\/\/www.uartes.edu.ec\/sitio\/blog\/2023\/05\/02\/biblioteca-de-las-artes-realizo-la-feria-de-material-didactico-y-educativo-por-los-usuarios-de-sala-ria\/","url":"https:\/\/www.uartes.edu.ec\/sitio\/blog\/2023\/05\/02\/biblioteca-de-las-artes-realizo-la-feria-de-material-didactico-y-educativo-por-los-usuarios-de-sala-ria\/","name":"Universidad de las Artes - Biblioteca de las Artes realiz\u00f3 la Feria de Material Did\u00e1ctico y Educativo por inquietudes de los usuarios de Sala R\u00eda","isPartOf":{"@id":"https:\/\/www.uartes.edu.ec\/sitio\/#website"},"primaryImageOfPage":{"@id":"https:\/\/www.uartes.edu.ec\/sitio\/blog\/2023\/05\/02\/biblioteca-de-las-artes-realizo-la-feria-de-material-didactico-y-educativo-por-los-usuarios-de-sala-ria\/#primaryimage"},"image":{"@id":"https:\/\/www.uartes.edu.ec\/sitio\/blog\/2023\/05\/02\/biblioteca-de-las-artes-realizo-la-feria-de-material-didactico-y-educativo-por-los-usuarios-de-sala-ria\/#primaryimage"},"thumbnailUrl":"https:\/\/www.uartes.edu.ec\/sitio\/wp-content\/uploads\/2023\/06\/FERIA-MATERIAL-DIDACTICO-EDUCATIVO-WEB-01.jpg","datePublished":"2023-05-02T22:06:00+00:00","dateModified":"2024-07-04T16:21:15+00:00","description":"Universidad de las Artes - Biblioteca de las Artes realiz\u00f3 la Feria de Material Did\u00e1ctico y Educativo por inquietudes de los usuarios de Sala R\u00eda","breadcrumb":{"@id":"https:\/\/www.uartes.edu.ec\/sitio\/blog\/2023\/05\/02\/biblioteca-de-las-artes-realizo-la-feria-de-material-didactico-y-educativo-por-los-usuarios-de-sala-ria\/#breadcrumb"},"inLanguage":"es","potentialAction":[{"@type":"ReadAction","target":["https:\/\/www.uartes.edu.ec\/sitio\/blog\/2023\/05\/02\/biblioteca-de-las-artes-realizo-la-feria-de-material-didactico-y-educativo-por-los-usuarios-de-sala-ria\/"]}]},{"@type":"ImageObject","inLanguage":"es","@id":"https:\/\/www.uartes.edu.ec\/sitio\/blog\/2023\/05\/02\/biblioteca-de-las-artes-realizo-la-feria-de-material-didactico-y-educativo-por-los-usuarios-de-sala-ria\/#primaryimage","url":"https:\/\/www.uartes.edu.ec\/sitio\/wp-content\/uploads\/2023\/06\/FERIA-MATERIAL-DIDACTICO-EDUCATIVO-WEB-01.jpg","contentUrl":"https:\/\/www.uartes.edu.ec\/sitio\/wp-content\/uploads\/2023\/06\/FERIA-MATERIAL-DIDACTICO-EDUCATIVO-WEB-01.jpg","width":2000,"height":1333},{"@type":"BreadcrumbList","@id":"https:\/\/www.uartes.edu.ec\/sitio\/blog\/2023\/05\/02\/biblioteca-de-las-artes-realizo-la-feria-de-material-didactico-y-educativo-por-los-usuarios-de-sala-ria\/#breadcrumb","itemListElement":[{"@type":"ListItem","position":1,"name":"Inicio","item":"https:\/\/www.uartes.edu.ec\/sitio\/"},{"@type":"ListItem","position":2,"name":"Biblioteca de las Artes realiz\u00f3 la Feria de Material Did\u00e1ctico y Educativo por inquietudes de los usuarios de Sala R\u00eda"}]},{"@type":"WebSite","@id":"https:\/\/www.uartes.edu.ec\/sitio\/#website","url":"https:\/\/www.uartes.edu.ec\/sitio\/","name":"Universidad de las Artes","description":"Sitio oficial de la Universidad Nacional de las Artes del Ecuador","publisher":{"@id":"https:\/\/www.uartes.edu.ec\/sitio\/#organization"},"potentialAction":[{"@type":"SearchAction","target":{"@type":"EntryPoint","urlTemplate":"https:\/\/www.uartes.edu.ec\/sitio\/?s={search_term_string}"},"query-input":{"@type":"PropertyValueSpecification","valueRequired":true,"valueName":"search_term_string"}}],"inLanguage":"es"},{"@type":"Organization","@id":"https:\/\/www.uartes.edu.ec\/sitio\/#organization","name":"Universidad de las Artes","url":"https:\/\/www.uartes.edu.ec\/sitio\/","logo":{"@type":"ImageObject","inLanguage":"es","@id":"https:\/\/www.uartes.edu.ec\/sitio\/#\/schema\/logo\/image\/","url":"https:\/\/www.uartes.edu.ec\/sitio\/wp-content\/uploads\/2022\/07\/logo-ua-horizontal.png","contentUrl":"https:\/\/www.uartes.edu.ec\/sitio\/wp-content\/uploads\/2022\/07\/logo-ua-horizontal.png","width":800,"height":276,"caption":"Universidad de las Artes"},"image":{"@id":"https:\/\/www.uartes.edu.ec\/sitio\/#\/schema\/logo\/image\/"},"sameAs":["https:\/\/www.facebook.com\/uartesec","https:\/\/x.com\/uartesec","https:\/\/www.tiktok.com\/@uartesec"]},{"@type":"Person","@id":"https:\/\/www.uartes.edu.ec\/sitio\/#\/schema\/person\/efa1b8275797664fd7f13a79ccc0b1f4","name":"ccortez","image":{"@type":"ImageObject","inLanguage":"es","@id":"https:\/\/secure.gravatar.com\/avatar\/b2a6f664a3ae8e074346ef91775736c5ec479e637ecced6842de9dc98b5da9cd?s=96&d=mm&r=g","url":"https:\/\/secure.gravatar.com\/avatar\/b2a6f664a3ae8e074346ef91775736c5ec479e637ecced6842de9dc98b5da9cd?s=96&d=mm&r=g","contentUrl":"https:\/\/secure.gravatar.com\/avatar\/b2a6f664a3ae8e074346ef91775736c5ec479e637ecced6842de9dc98b5da9cd?s=96&d=mm&r=g","caption":"ccortez"},"url":"https:\/\/www.uartes.edu.ec\/sitio\/blog\/author\/ccortez\/"}]}},"uagb_featured_image_src":{"full":["https:\/\/www.uartes.edu.ec\/sitio\/wp-content\/uploads\/2023\/06\/FERIA-MATERIAL-DIDACTICO-EDUCATIVO-WEB-01.jpg",2000,1333,false],"thumbnail":["https:\/\/www.uartes.edu.ec\/sitio\/wp-content\/uploads\/2023\/06\/FERIA-MATERIAL-DIDACTICO-EDUCATIVO-WEB-01-150x150.jpg",150,150,true],"medium":["https:\/\/www.uartes.edu.ec\/sitio\/wp-content\/uploads\/2023\/06\/FERIA-MATERIAL-DIDACTICO-EDUCATIVO-WEB-01-300x200.jpg",300,200,true],"medium_large":["https:\/\/www.uartes.edu.ec\/sitio\/wp-content\/uploads\/2023\/06\/FERIA-MATERIAL-DIDACTICO-EDUCATIVO-WEB-01-768x512.jpg",768,512,true],"large":["https:\/\/www.uartes.edu.ec\/sitio\/wp-content\/uploads\/2023\/06\/FERIA-MATERIAL-DIDACTICO-EDUCATIVO-WEB-01-644x429.jpg",644,429,true],"1536x1536":["https:\/\/www.uartes.edu.ec\/sitio\/wp-content\/uploads\/2023\/06\/FERIA-MATERIAL-DIDACTICO-EDUCATIVO-WEB-01-1536x1024.jpg",1536,1024,true],"2048x2048":["https:\/\/www.uartes.edu.ec\/sitio\/wp-content\/uploads\/2023\/06\/FERIA-MATERIAL-DIDACTICO-EDUCATIVO-WEB-01.jpg",2000,1333,false],"trp-custom-language-flag":["https:\/\/www.uartes.edu.ec\/sitio\/wp-content\/uploads\/2023\/06\/FERIA-MATERIAL-DIDACTICO-EDUCATIVO-WEB-01.jpg",18,12,false],"htmega_size_585x295":["https:\/\/www.uartes.edu.ec\/sitio\/wp-content\/uploads\/2023\/06\/FERIA-MATERIAL-DIDACTICO-EDUCATIVO-WEB-01-585x295.jpg",585,295,true],"htmega_size_1170x536":["https:\/\/www.uartes.edu.ec\/sitio\/wp-content\/uploads\/2023\/06\/FERIA-MATERIAL-DIDACTICO-EDUCATIVO-WEB-01-1170x536.jpg",1170,536,true],"htmega_size_396x360":["https:\/\/www.uartes.edu.ec\/sitio\/wp-content\/uploads\/2023\/06\/FERIA-MATERIAL-DIDACTICO-EDUCATIVO-WEB-01-396x360.jpg",396,360,true],"gb-block-post-grid-landscape":["https:\/\/www.uartes.edu.ec\/sitio\/wp-content\/uploads\/2023\/06\/FERIA-MATERIAL-DIDACTICO-EDUCATIVO-WEB-01-600x400.jpg",600,400,true],"gb-block-post-grid-square":["https:\/\/www.uartes.edu.ec\/sitio\/wp-content\/uploads\/2023\/06\/FERIA-MATERIAL-DIDACTICO-EDUCATIVO-WEB-01-600x600.jpg",600,600,true],"university-hub-thumb":["https:\/\/www.uartes.edu.ec\/sitio\/wp-content\/uploads\/2023\/06\/FERIA-MATERIAL-DIDACTICO-EDUCATIVO-WEB-01-400x267.jpg",400,267,true]},"uagb_author_info":{"display_name":"ccortez","author_link":"https:\/\/www.uartes.edu.ec\/sitio\/blog\/author\/ccortez\/"},"uagb_comment_info":0,"uagb_excerpt":"La constante pregunta de los usuarios de la Sala R\u00eda de d\u00f3nde hallar los materiales que se prestan en este espacio, dedicado a la creaci\u00f3n y educaci\u00f3n en artes para ni\u00f1as y ni\u00f1os, llev\u00f3 a la Biblioteca de las Artes a organizar una feria de recursos did\u00e1cticos. Se realiz\u00f3 el s\u00e1bado 29 de abril y&hellip;","featured_image_src":"https:\/\/www.uartes.edu.ec\/sitio\/wp-content\/uploads\/2023\/06\/FERIA-MATERIAL-DIDACTICO-EDUCATIVO-WEB-01-600x400.jpg","featured_image_src_square":"https:\/\/www.uartes.edu.ec\/sitio\/wp-content\/uploads\/2023\/06\/FERIA-MATERIAL-DIDACTICO-EDUCATIVO-WEB-01-600x600.jpg","author_info":{"display_name":"ccortez","author_link":"https:\/\/www.uartes.edu.ec\/sitio\/blog\/author\/ccortez\/"},"publishpress_future_workflow_manual_trigger":{"enabledWorkflows":[]},"distributor_meta":false,"distributor_terms":false,"distributor_media":false,"distributor_original_site_name":"Universidad de las Artes","distributor_original_site_url":"https:\/\/www.uartes.edu.ec\/sitio","push-errors":false,"_links":{"self":[{"href":"https:\/\/www.uartes.edu.ec\/sitio\/wp-json\/wp\/v2\/posts\/42834","targetHints":{"allow":["GET"]}}],"collection":[{"href":"https:\/\/www.uartes.edu.ec\/sitio\/wp-json\/wp\/v2\/posts"}],"about":[{"href":"https:\/\/www.uartes.edu.ec\/sitio\/wp-json\/wp\/v2\/types\/post"}],"author":[{"embeddable":true,"href":"https:\/\/www.uartes.edu.ec\/sitio\/wp-json\/wp\/v2\/users\/10"}],"replies":[{"embeddable":true,"href":"https:\/\/www.uartes.edu.ec\/sitio\/wp-json\/wp\/v2\/comments?post=42834"}],"version-history":[{"count":6,"href":"https:\/\/www.uartes.edu.ec\/sitio\/wp-json\/wp\/v2\/posts\/42834\/revisions"}],"predecessor-version":[{"id":42851,"href":"https:\/\/www.uartes.edu.ec\/sitio\/wp-json\/wp\/v2\/posts\/42834\/revisions\/42851"}],"wp:featuredmedia":[{"embeddable":true,"href":"https:\/\/www.uartes.edu.ec\/sitio\/wp-json\/wp\/v2\/media\/42835"}],"wp:attachment":[{"href":"https:\/\/www.uartes.edu.ec\/sitio\/wp-json\/wp\/v2\/media?parent=42834"}],"wp:term":[{"taxonomy":"category","embeddable":true,"href":"https:\/\/www.uartes.edu.ec\/sitio\/wp-json\/wp\/v2\/categories?post=42834"},{"taxonomy":"post_tag","embeddable":true,"href":"https:\/\/www.uartes.edu.ec\/sitio\/wp-json\/wp\/v2\/tags?post=42834"},{"taxonomy":"infouartes","embeddable":true,"href":"https:\/\/www.uartes.edu.ec\/sitio\/wp-json\/wp\/v2\/infouartes?post=42834"}],"curies":[{"name":"wp","href":"https:\/\/api.w.org\/{rel}","templated":true}]}}