{"id":43614,"date":"2023-06-23T11:50:03","date_gmt":"2023-06-23T16:50:03","guid":{"rendered":"https:\/\/www.uartes.edu.ec\/sitio\/?p=43614"},"modified":"2024-07-04T11:21:03","modified_gmt":"2024-07-04T16:21:03","slug":"el-3er-encuentro-de-politicas-y-economia-de-la-cultura-activa-agendas-de-trabajo-conjuntas","status":"publish","type":"post","link":"https:\/\/www.uartes.edu.ec\/sitio\/blog\/2023\/06\/23\/el-3er-encuentro-de-politicas-y-economia-de-la-cultura-activa-agendas-de-trabajo-conjuntas\/","title":{"rendered":"3er Encuentro de Pol\u00edticas y Econom\u00eda de la Cultura del Observatorio UArtes activa agendas de trabajo conjuntas"},"content":{"rendered":"\n<p>El 3er Encuentro de Pol\u00edticas y Econom\u00eda de la Cultura, organizado por el Observatorio de la Universidad de las Artes, arranc\u00f3 este mi\u00e9rcoles 21 de junio en la Plaza P\u00fablica del MZ14 con Micr\u00f3fono Abierto, un espacio al que fueron convocados representantes de colectivos, centros culturales, instituciones y gestores independientes de cultura para analizar las formas de hacer y los modelos de gesti\u00f3n para las artes.<\/p>\n\n\n\n<p>Result\u00f3 un di\u00e1logo enriquecido por las experiencias de sus ponentes y los varios planteamientos que se hicieron para la generaci\u00f3n de propuestas que consoliden y fortalezcan el sector, y que llev\u00f3, asimismo, a la intervenci\u00f3n del p\u00fablico, para cuestionar y reflexionar en conjunto sobre los temas expuestos y la situaci\u00f3n por la que atraviesan el arte y la cultura.<\/p>\n\n\n\n<p>Entrada la tarde, y acorde a lo programado, tuvo lugar en la misma Plaza P\u00fablica la inauguraci\u00f3n del encuentro. Junto a las autoridades de la UArtes, el rector William Herrera y los vicerrectores Bradley Hilgert y Olga L\u00f3pez; el director del Observatorio, Pablo Cardoso; la comunidad universitaria y un p\u00fablico diverso inmerso en la actividad art\u00edstica y cultural, estuvo la vicealcadesa de Guayaquil, Blanca L\u00f3pez.<\/p>\n\n\n<div class=\"wp-block-image\">\n<figure class=\"aligncenter size-large\"><img fetchpriority=\"high\" decoding=\"async\" width=\"644\" height=\"429\" src=\"https:\/\/www.uartes.edu.ec\/sitio\/wp-content\/uploads\/2023\/06\/02-TERCER-ENCUENTRO-POLITICAS-Y-ECONOMIA-644x429.jpg\" alt=\"\" class=\"wp-image-43617\" srcset=\"https:\/\/www.uartes.edu.ec\/sitio\/wp-content\/uploads\/2023\/06\/02-TERCER-ENCUENTRO-POLITICAS-Y-ECONOMIA-644x429.jpg 644w, https:\/\/www.uartes.edu.ec\/sitio\/wp-content\/uploads\/2023\/06\/02-TERCER-ENCUENTRO-POLITICAS-Y-ECONOMIA-768x511.jpg 768w, https:\/\/www.uartes.edu.ec\/sitio\/wp-content\/uploads\/2023\/06\/02-TERCER-ENCUENTRO-POLITICAS-Y-ECONOMIA.jpg 2000w, https:\/\/www.uartes.edu.ec\/sitio\/wp-content\/uploads\/2023\/06\/02-TERCER-ENCUENTRO-POLITICAS-Y-ECONOMIA-600x399.jpg 600w, https:\/\/www.uartes.edu.ec\/sitio\/wp-content\/uploads\/2023\/06\/02-TERCER-ENCUENTRO-POLITICAS-Y-ECONOMIA-272x182.jpg 272w\" sizes=\"(max-width: 644px) 100vw, 644px\" \/><\/figure>\n<\/div>\n\n\n<p>En su intervenci\u00f3n, el rector William Herrera, mencion\u00f3 el \u201cEncuentro&nbsp;Nacional de Gobiernos Locales por la Paz, una respuesta estructural a la violencia\u201d realizado el d\u00eda anterior \u2013martes 20 de junio\u2013, &nbsp;iniciativa de la UArtes y la Sede Nacional de la Casa de las Culturas. Abierto a gobiernos locales, tanto municipales como provinciales, apunt\u00f3 a la necesidad de trabajar una agenda com\u00fan desde quienes formamos parte del Sistema de Educaci\u00f3n Superior, del Sistema de Cultura y desde los GADs, precis\u00f3.<\/p>\n\n\n\n<p>Esa agenda apunta a la necesidad de activar diversos espacios de reflexi\u00f3n para pensar cualquier iniciativa para luchar contra la inseguridad y la violencia desde una visi\u00f3n amplia e integral de sociedad. Bien dec\u00edamos que cualquier apuesta de esa lucha se direcciona a m\u00e1s polic\u00edas, a m\u00e1s c\u00e1maras, etc., puede ser necesarios, pero, sin duda, insuficientes para responder a las grandes necesidades de la sociedad ecuatoriana si no contempla, incluye y da el valor a la educaci\u00f3n y acceso a las culturas y las artes, y si no se trabaja desde una perspectiva de derecho.<\/p>\n\n\n\n<p>Esa misma apuesta, a\u00f1adi\u00f3 Herrera, se la trajo a la discusi\u00f3n e inauguraci\u00f3n del tercer encuentro. \u201cForma parte de la agenda de trabajo del Observatorio, con el que desde sus inicios nos planteamos dar visibilidad a discusiones que muchas veces se quedan en la universidad y los sectores art\u00edsticos culturales y tiene que ver con la necesidad de pensar en las pol\u00edticas p\u00fablicas de la cultura a nivel local y nacional, con una mirada a lo que ocurre en Am\u00e9rica Latina. Funciona como plataforma para poner estas ideas y activar las discusiones y tambi\u00e9n como un encuentro que circule en el pa\u00eds. El a\u00f1o pasado se hizo en Quito y el siguiente se har\u00e1 en Cuenca\u201d.<\/p>\n\n\n<div class=\"wp-block-image\">\n<figure class=\"aligncenter size-large\"><img decoding=\"async\" width=\"644\" height=\"429\" src=\"https:\/\/www.uartes.edu.ec\/sitio\/wp-content\/uploads\/2023\/06\/04-TERCER-ENCUENTRO-POLITICAS-Y-ECONOMIA-644x429.jpg\" alt=\"\" class=\"wp-image-43618\" srcset=\"https:\/\/www.uartes.edu.ec\/sitio\/wp-content\/uploads\/2023\/06\/04-TERCER-ENCUENTRO-POLITICAS-Y-ECONOMIA-644x429.jpg 644w, https:\/\/www.uartes.edu.ec\/sitio\/wp-content\/uploads\/2023\/06\/04-TERCER-ENCUENTRO-POLITICAS-Y-ECONOMIA-768x511.jpg 768w, https:\/\/www.uartes.edu.ec\/sitio\/wp-content\/uploads\/2023\/06\/04-TERCER-ENCUENTRO-POLITICAS-Y-ECONOMIA.jpg 2000w, https:\/\/www.uartes.edu.ec\/sitio\/wp-content\/uploads\/2023\/06\/04-TERCER-ENCUENTRO-POLITICAS-Y-ECONOMIA-600x399.jpg 600w, https:\/\/www.uartes.edu.ec\/sitio\/wp-content\/uploads\/2023\/06\/04-TERCER-ENCUENTRO-POLITICAS-Y-ECONOMIA-272x182.jpg 272w\" sizes=\"(max-width: 644px) 100vw, 644px\" \/><\/figure>\n<\/div>\n\n\n<p>Que tambi\u00e9n funcione como ese espacio donde artistas, gestores culturales, la academia y quienes est\u00e1n en la formulaci\u00f3n, decisi\u00f3n y ejecuci\u00f3n de la pol\u00edtica p\u00fablica puedan encontrarse, con sus distintas trayectorias y perspectivas, anot\u00f3 el rector UArtes, quien sustent\u00f3 como raz\u00f3n para que sea en Guayaquil la coyuntura una vez realizadas las elecciones a nivel local, \u201chay all\u00ed una oportunidad de activar agendas de trabajo con el Municipio, instituciones y actores que all\u00ed trabajen\u201d.<\/p>\n\n\n\n<p>No es una agenda para deprimirnos, al ver los diagn\u00f3sticos y presupuestos para la cultura a nivel local y nacional; cuando hablamos de los trabajadores\/as puede ser dif\u00edcil de aceptar, pero lo que proponemos para estos tres d\u00edas esperamos nos llene de ideas e ilusi\u00f3n de las capacidades por activar para desarrollar esas propuestas, enfatiz\u00f3.<\/p>\n\n\n\n<p>\u201cCualquier iniciativa que quiera impulsar el Municipio tendr\u00e1 \u00e9xito si toma en cuenta la participaci\u00f3n activa de los artistas y gestores de la ciudad, del estudiantado de la UArtes, de sus graduados, de sus propuestas y visiones de ciudad que no dejan de sorprender y enorgullecer porque son formas distintas de hacer sociedad y activar el espacio p\u00fablico, y esa es la mejor manera de crear seguridad, confianza y recuperar el espacio p\u00fablico\u201d, refiri\u00f3 William Herrera.<\/p>\n\n\n\n<p>Concluy\u00f3 con la propuesta de activar agendas de trabajo conjuntas para levantar sistemas locales, provinciales de educaci\u00f3n art\u00edstica y pol\u00edtica p\u00fablica que involucre a todas y todos. Cobertura\/Texto: Carmen Cortez<\/p>\n\n\n<div class=\"wp-block-image\">\n<figure class=\"aligncenter size-large\"><img decoding=\"async\" width=\"644\" height=\"429\" src=\"https:\/\/www.uartes.edu.ec\/sitio\/wp-content\/uploads\/2023\/06\/11-TERCER-ENCUENTRO-POLITICAS-Y-ECONOMIA-644x429.jpg\" alt=\"\" class=\"wp-image-43620\" srcset=\"https:\/\/www.uartes.edu.ec\/sitio\/wp-content\/uploads\/2023\/06\/11-TERCER-ENCUENTRO-POLITICAS-Y-ECONOMIA-644x429.jpg 644w, https:\/\/www.uartes.edu.ec\/sitio\/wp-content\/uploads\/2023\/06\/11-TERCER-ENCUENTRO-POLITICAS-Y-ECONOMIA-768x511.jpg 768w, https:\/\/www.uartes.edu.ec\/sitio\/wp-content\/uploads\/2023\/06\/11-TERCER-ENCUENTRO-POLITICAS-Y-ECONOMIA.jpg 2000w, https:\/\/www.uartes.edu.ec\/sitio\/wp-content\/uploads\/2023\/06\/11-TERCER-ENCUENTRO-POLITICAS-Y-ECONOMIA-600x399.jpg 600w, https:\/\/www.uartes.edu.ec\/sitio\/wp-content\/uploads\/2023\/06\/11-TERCER-ENCUENTRO-POLITICAS-Y-ECONOMIA-272x182.jpg 272w\" sizes=\"(max-width: 644px) 100vw, 644px\" \/><\/figure>\n<\/div>","protected":false},"excerpt":{"rendered":"<p>El 3er Encuentro de Pol\u00edticas y Econom\u00eda de la Cultura, organizado por el Observatorio de la UArtes, arranc\u00f3 el 21 de junio en la Plaza P\u00fablica del MZ14 con Micr\u00f3fono Abierto, donde se analizaron las formas de hacer y los modelos de gesti\u00f3n para las artes. Entrada la tarde fue su inauguraci\u00f3n. Junto a las autoridades UArtes, la comunidad universitaria y p\u00fablico en general estuvo la vicealcadesa de Guayaquil, Blanca L\u00f3pez.<\/p>\n","protected":false},"author":10,"featured_media":43616,"comment_status":"open","ping_status":"open","sticky":false,"template":"","format":"standard","meta":{"_acf_changed":false,"_uag_custom_page_level_css":"","_monsterinsights_skip_tracking":false,"_monsterinsights_sitenote_active":false,"_monsterinsights_sitenote_note":"","_monsterinsights_sitenote_category":0,"cybocfi_hide_featured_image":"","footnotes":""},"categories":[80,438,490,75,76,77,284],"tags":[1005],"infouartes":[],"class_list":["post-43614","post","type-post","status-publish","format-standard","has-post-thumbnail","hentry","category-academico","category-administrativos","category-alumni","category-docentes","category-estudiantes","category-gestion","category-investigacion","tag-encuentro-del-observatorio"],"acf":[],"yoast_head":"<!-- This site is optimized with the Yoast SEO plugin v27.4 - https:\/\/yoast.com\/product\/yoast-seo-wordpress\/ -->\n<title>Universidad de las Artes - 3er Encuentro de Pol\u00edticas y Econom\u00eda de la Cultura del Observatorio UArtes activa agendas de trabajo conjuntas<\/title>\n<meta name=\"description\" content=\"Universidad de las Artes - 3er Encuentro de Pol\u00edticas y Econom\u00eda de la Cultura del Observatorio UArtes activa agendas de trabajo conjuntas\" \/>\n<meta name=\"robots\" content=\"index, follow, max-snippet:-1, max-image-preview:large, max-video-preview:-1\" \/>\n<link rel=\"canonical\" href=\"https:\/\/www.uartes.edu.ec\/sitio\/blog\/2023\/06\/23\/el-3er-encuentro-de-politicas-y-economia-de-la-cultura-activa-agendas-de-trabajo-conjuntas\/\" \/>\n<meta property=\"og:locale\" content=\"es_ES\" \/>\n<meta property=\"og:type\" content=\"article\" \/>\n<meta property=\"og:title\" content=\"Universidad de las Artes - 3er Encuentro de Pol\u00edticas y Econom\u00eda de la Cultura del Observatorio UArtes activa agendas de trabajo conjuntas\" \/>\n<meta property=\"og:description\" content=\"Universidad de las Artes - 3er Encuentro de Pol\u00edticas y Econom\u00eda de la Cultura del Observatorio UArtes activa agendas de trabajo conjuntas\" \/>\n<meta property=\"og:url\" content=\"https:\/\/www.uartes.edu.ec\/sitio\/blog\/2023\/06\/23\/el-3er-encuentro-de-politicas-y-economia-de-la-cultura-activa-agendas-de-trabajo-conjuntas\/\" \/>\n<meta property=\"og:site_name\" content=\"Universidad de las Artes\" \/>\n<meta property=\"article:publisher\" content=\"https:\/\/www.facebook.com\/uartesec\" \/>\n<meta property=\"article:published_time\" content=\"2023-06-23T16:50:03+00:00\" \/>\n<meta property=\"article:modified_time\" content=\"2024-07-04T16:21:03+00:00\" \/>\n<meta property=\"og:image\" content=\"https:\/\/www.uartes.edu.ec\/sitio\/wp-content\/uploads\/2023\/06\/01-TERCER-ENCUENTRO-POLITICAS-Y-ECONOMIA.jpg\" \/>\n\t<meta property=\"og:image:width\" content=\"2000\" \/>\n\t<meta property=\"og:image:height\" content=\"1333\" \/>\n\t<meta property=\"og:image:type\" content=\"image\/jpeg\" \/>\n<meta name=\"author\" content=\"ccortez\" \/>\n<meta name=\"twitter:card\" content=\"summary_large_image\" \/>\n<meta name=\"twitter:creator\" content=\"@uartesec\" \/>\n<meta name=\"twitter:site\" content=\"@uartesec\" \/>\n<meta name=\"twitter:label1\" content=\"Escrito por\" \/>\n\t<meta name=\"twitter:data1\" content=\"ccortez\" \/>\n\t<meta name=\"twitter:label2\" content=\"Tiempo de lectura\" \/>\n\t<meta name=\"twitter:data2\" content=\"4 minutos\" \/>\n<script type=\"application\/ld+json\" class=\"yoast-schema-graph\">{\"@context\":\"https:\\\/\\\/schema.org\",\"@graph\":[{\"@type\":\"Article\",\"@id\":\"https:\\\/\\\/www.uartes.edu.ec\\\/sitio\\\/blog\\\/2023\\\/06\\\/23\\\/el-3er-encuentro-de-politicas-y-economia-de-la-cultura-activa-agendas-de-trabajo-conjuntas\\\/#article\",\"isPartOf\":{\"@id\":\"https:\\\/\\\/www.uartes.edu.ec\\\/sitio\\\/blog\\\/2023\\\/06\\\/23\\\/el-3er-encuentro-de-politicas-y-economia-de-la-cultura-activa-agendas-de-trabajo-conjuntas\\\/\"},\"author\":{\"name\":\"ccortez\",\"@id\":\"https:\\\/\\\/www.uartes.edu.ec\\\/sitio\\\/#\\\/schema\\\/person\\\/efa1b8275797664fd7f13a79ccc0b1f4\"},\"headline\":\"3er Encuentro de Pol\u00edticas y Econom\u00eda de la Cultura del Observatorio UArtes activa agendas de trabajo conjuntas\",\"datePublished\":\"2023-06-23T16:50:03+00:00\",\"dateModified\":\"2024-07-04T16:21:03+00:00\",\"mainEntityOfPage\":{\"@id\":\"https:\\\/\\\/www.uartes.edu.ec\\\/sitio\\\/blog\\\/2023\\\/06\\\/23\\\/el-3er-encuentro-de-politicas-y-economia-de-la-cultura-activa-agendas-de-trabajo-conjuntas\\\/\"},\"wordCount\":795,\"commentCount\":0,\"publisher\":{\"@id\":\"https:\\\/\\\/www.uartes.edu.ec\\\/sitio\\\/#organization\"},\"image\":{\"@id\":\"https:\\\/\\\/www.uartes.edu.ec\\\/sitio\\\/blog\\\/2023\\\/06\\\/23\\\/el-3er-encuentro-de-politicas-y-economia-de-la-cultura-activa-agendas-de-trabajo-conjuntas\\\/#primaryimage\"},\"thumbnailUrl\":\"https:\\\/\\\/www.uartes.edu.ec\\\/sitio\\\/wp-content\\\/uploads\\\/2023\\\/06\\\/01-TERCER-ENCUENTRO-POLITICAS-Y-ECONOMIA.jpg\",\"keywords\":[\"encuentro del Observatorio\"],\"articleSection\":[\"Acad\u00e9mico\",\"Administrativos\",\"Alumni\",\"Docentes\",\"Estudiantes\",\"Gesti\u00f3n\",\"Investigaci\u00f3n\"],\"inLanguage\":\"es\",\"potentialAction\":[{\"@type\":\"CommentAction\",\"name\":\"Comment\",\"target\":[\"https:\\\/\\\/www.uartes.edu.ec\\\/sitio\\\/blog\\\/2023\\\/06\\\/23\\\/el-3er-encuentro-de-politicas-y-economia-de-la-cultura-activa-agendas-de-trabajo-conjuntas\\\/#respond\"]}]},{\"@type\":[\"WebPage\",\"ItemPage\"],\"@id\":\"https:\\\/\\\/www.uartes.edu.ec\\\/sitio\\\/blog\\\/2023\\\/06\\\/23\\\/el-3er-encuentro-de-politicas-y-economia-de-la-cultura-activa-agendas-de-trabajo-conjuntas\\\/\",\"url\":\"https:\\\/\\\/www.uartes.edu.ec\\\/sitio\\\/blog\\\/2023\\\/06\\\/23\\\/el-3er-encuentro-de-politicas-y-economia-de-la-cultura-activa-agendas-de-trabajo-conjuntas\\\/\",\"name\":\"Universidad de las Artes - 3er Encuentro de Pol\u00edticas y Econom\u00eda de la Cultura del Observatorio UArtes activa agendas de trabajo conjuntas\",\"isPartOf\":{\"@id\":\"https:\\\/\\\/www.uartes.edu.ec\\\/sitio\\\/#website\"},\"primaryImageOfPage\":{\"@id\":\"https:\\\/\\\/www.uartes.edu.ec\\\/sitio\\\/blog\\\/2023\\\/06\\\/23\\\/el-3er-encuentro-de-politicas-y-economia-de-la-cultura-activa-agendas-de-trabajo-conjuntas\\\/#primaryimage\"},\"image\":{\"@id\":\"https:\\\/\\\/www.uartes.edu.ec\\\/sitio\\\/blog\\\/2023\\\/06\\\/23\\\/el-3er-encuentro-de-politicas-y-economia-de-la-cultura-activa-agendas-de-trabajo-conjuntas\\\/#primaryimage\"},\"thumbnailUrl\":\"https:\\\/\\\/www.uartes.edu.ec\\\/sitio\\\/wp-content\\\/uploads\\\/2023\\\/06\\\/01-TERCER-ENCUENTRO-POLITICAS-Y-ECONOMIA.jpg\",\"datePublished\":\"2023-06-23T16:50:03+00:00\",\"dateModified\":\"2024-07-04T16:21:03+00:00\",\"description\":\"Universidad de las Artes - 3er Encuentro de Pol\u00edticas y Econom\u00eda de la Cultura del Observatorio UArtes activa agendas de trabajo conjuntas\",\"breadcrumb\":{\"@id\":\"https:\\\/\\\/www.uartes.edu.ec\\\/sitio\\\/blog\\\/2023\\\/06\\\/23\\\/el-3er-encuentro-de-politicas-y-economia-de-la-cultura-activa-agendas-de-trabajo-conjuntas\\\/#breadcrumb\"},\"inLanguage\":\"es\",\"potentialAction\":[{\"@type\":\"ReadAction\",\"target\":[\"https:\\\/\\\/www.uartes.edu.ec\\\/sitio\\\/blog\\\/2023\\\/06\\\/23\\\/el-3er-encuentro-de-politicas-y-economia-de-la-cultura-activa-agendas-de-trabajo-conjuntas\\\/\"]}]},{\"@type\":\"ImageObject\",\"inLanguage\":\"es\",\"@id\":\"https:\\\/\\\/www.uartes.edu.ec\\\/sitio\\\/blog\\\/2023\\\/06\\\/23\\\/el-3er-encuentro-de-politicas-y-economia-de-la-cultura-activa-agendas-de-trabajo-conjuntas\\\/#primaryimage\",\"url\":\"https:\\\/\\\/www.uartes.edu.ec\\\/sitio\\\/wp-content\\\/uploads\\\/2023\\\/06\\\/01-TERCER-ENCUENTRO-POLITICAS-Y-ECONOMIA.jpg\",\"contentUrl\":\"https:\\\/\\\/www.uartes.edu.ec\\\/sitio\\\/wp-content\\\/uploads\\\/2023\\\/06\\\/01-TERCER-ENCUENTRO-POLITICAS-Y-ECONOMIA.jpg\",\"width\":2000,\"height\":1333},{\"@type\":\"BreadcrumbList\",\"@id\":\"https:\\\/\\\/www.uartes.edu.ec\\\/sitio\\\/blog\\\/2023\\\/06\\\/23\\\/el-3er-encuentro-de-politicas-y-economia-de-la-cultura-activa-agendas-de-trabajo-conjuntas\\\/#breadcrumb\",\"itemListElement\":[{\"@type\":\"ListItem\",\"position\":1,\"name\":\"Inicio\",\"item\":\"https:\\\/\\\/www.uartes.edu.ec\\\/sitio\\\/\"},{\"@type\":\"ListItem\",\"position\":2,\"name\":\"3er Encuentro de Pol\u00edticas y Econom\u00eda de la Cultura del Observatorio UArtes activa agendas de trabajo conjuntas\"}]},{\"@type\":\"WebSite\",\"@id\":\"https:\\\/\\\/www.uartes.edu.ec\\\/sitio\\\/#website\",\"url\":\"https:\\\/\\\/www.uartes.edu.ec\\\/sitio\\\/\",\"name\":\"Universidad de las Artes\",\"description\":\"Sitio oficial de la Universidad Nacional de las Artes del Ecuador\",\"publisher\":{\"@id\":\"https:\\\/\\\/www.uartes.edu.ec\\\/sitio\\\/#organization\"},\"potentialAction\":[{\"@type\":\"SearchAction\",\"target\":{\"@type\":\"EntryPoint\",\"urlTemplate\":\"https:\\\/\\\/www.uartes.edu.ec\\\/sitio\\\/?s={search_term_string}\"},\"query-input\":{\"@type\":\"PropertyValueSpecification\",\"valueRequired\":true,\"valueName\":\"search_term_string\"}}],\"inLanguage\":\"es\"},{\"@type\":\"Organization\",\"@id\":\"https:\\\/\\\/www.uartes.edu.ec\\\/sitio\\\/#organization\",\"name\":\"Universidad de las Artes\",\"url\":\"https:\\\/\\\/www.uartes.edu.ec\\\/sitio\\\/\",\"logo\":{\"@type\":\"ImageObject\",\"inLanguage\":\"es\",\"@id\":\"https:\\\/\\\/www.uartes.edu.ec\\\/sitio\\\/#\\\/schema\\\/logo\\\/image\\\/\",\"url\":\"https:\\\/\\\/www.uartes.edu.ec\\\/sitio\\\/wp-content\\\/uploads\\\/2022\\\/07\\\/logo-ua-horizontal.png\",\"contentUrl\":\"https:\\\/\\\/www.uartes.edu.ec\\\/sitio\\\/wp-content\\\/uploads\\\/2022\\\/07\\\/logo-ua-horizontal.png\",\"width\":800,\"height\":276,\"caption\":\"Universidad de las Artes\"},\"image\":{\"@id\":\"https:\\\/\\\/www.uartes.edu.ec\\\/sitio\\\/#\\\/schema\\\/logo\\\/image\\\/\"},\"sameAs\":[\"https:\\\/\\\/www.facebook.com\\\/uartesec\",\"https:\\\/\\\/x.com\\\/uartesec\",\"https:\\\/\\\/www.tiktok.com\\\/@uartesec\"]},{\"@type\":\"Person\",\"@id\":\"https:\\\/\\\/www.uartes.edu.ec\\\/sitio\\\/#\\\/schema\\\/person\\\/efa1b8275797664fd7f13a79ccc0b1f4\",\"name\":\"ccortez\",\"image\":{\"@type\":\"ImageObject\",\"inLanguage\":\"es\",\"@id\":\"https:\\\/\\\/secure.gravatar.com\\\/avatar\\\/b2a6f664a3ae8e074346ef91775736c5ec479e637ecced6842de9dc98b5da9cd?s=96&d=mm&r=g\",\"url\":\"https:\\\/\\\/secure.gravatar.com\\\/avatar\\\/b2a6f664a3ae8e074346ef91775736c5ec479e637ecced6842de9dc98b5da9cd?s=96&d=mm&r=g\",\"contentUrl\":\"https:\\\/\\\/secure.gravatar.com\\\/avatar\\\/b2a6f664a3ae8e074346ef91775736c5ec479e637ecced6842de9dc98b5da9cd?s=96&d=mm&r=g\",\"caption\":\"ccortez\"},\"url\":\"https:\\\/\\\/www.uartes.edu.ec\\\/sitio\\\/blog\\\/author\\\/ccortez\\\/\"}]}<\/script>\n<!-- \/ Yoast SEO plugin. -->","yoast_head_json":{"title":"Universidad de las Artes - 3er Encuentro de Pol\u00edticas y Econom\u00eda de la Cultura del Observatorio UArtes activa agendas de trabajo conjuntas","description":"Universidad de las Artes - 3er Encuentro de Pol\u00edticas y Econom\u00eda de la Cultura del Observatorio UArtes activa agendas de trabajo conjuntas","robots":{"index":"index","follow":"follow","max-snippet":"max-snippet:-1","max-image-preview":"max-image-preview:large","max-video-preview":"max-video-preview:-1"},"canonical":"https:\/\/www.uartes.edu.ec\/sitio\/blog\/2023\/06\/23\/el-3er-encuentro-de-politicas-y-economia-de-la-cultura-activa-agendas-de-trabajo-conjuntas\/","og_locale":"es_ES","og_type":"article","og_title":"Universidad de las Artes - 3er Encuentro de Pol\u00edticas y Econom\u00eda de la Cultura del Observatorio UArtes activa agendas de trabajo conjuntas","og_description":"Universidad de las Artes - 3er Encuentro de Pol\u00edticas y Econom\u00eda de la Cultura del Observatorio UArtes activa agendas de trabajo conjuntas","og_url":"https:\/\/www.uartes.edu.ec\/sitio\/blog\/2023\/06\/23\/el-3er-encuentro-de-politicas-y-economia-de-la-cultura-activa-agendas-de-trabajo-conjuntas\/","og_site_name":"Universidad de las Artes","article_publisher":"https:\/\/www.facebook.com\/uartesec","article_published_time":"2023-06-23T16:50:03+00:00","article_modified_time":"2024-07-04T16:21:03+00:00","og_image":[{"width":2000,"height":1333,"url":"https:\/\/www.uartes.edu.ec\/sitio\/wp-content\/uploads\/2023\/06\/01-TERCER-ENCUENTRO-POLITICAS-Y-ECONOMIA.jpg","type":"image\/jpeg"}],"author":"ccortez","twitter_card":"summary_large_image","twitter_creator":"@uartesec","twitter_site":"@uartesec","twitter_misc":{"Escrito por":"ccortez","Tiempo de lectura":"4 minutos"},"schema":{"@context":"https:\/\/schema.org","@graph":[{"@type":"Article","@id":"https:\/\/www.uartes.edu.ec\/sitio\/blog\/2023\/06\/23\/el-3er-encuentro-de-politicas-y-economia-de-la-cultura-activa-agendas-de-trabajo-conjuntas\/#article","isPartOf":{"@id":"https:\/\/www.uartes.edu.ec\/sitio\/blog\/2023\/06\/23\/el-3er-encuentro-de-politicas-y-economia-de-la-cultura-activa-agendas-de-trabajo-conjuntas\/"},"author":{"name":"ccortez","@id":"https:\/\/www.uartes.edu.ec\/sitio\/#\/schema\/person\/efa1b8275797664fd7f13a79ccc0b1f4"},"headline":"3er Encuentro de Pol\u00edticas y Econom\u00eda de la Cultura del Observatorio UArtes activa agendas de trabajo conjuntas","datePublished":"2023-06-23T16:50:03+00:00","dateModified":"2024-07-04T16:21:03+00:00","mainEntityOfPage":{"@id":"https:\/\/www.uartes.edu.ec\/sitio\/blog\/2023\/06\/23\/el-3er-encuentro-de-politicas-y-economia-de-la-cultura-activa-agendas-de-trabajo-conjuntas\/"},"wordCount":795,"commentCount":0,"publisher":{"@id":"https:\/\/www.uartes.edu.ec\/sitio\/#organization"},"image":{"@id":"https:\/\/www.uartes.edu.ec\/sitio\/blog\/2023\/06\/23\/el-3er-encuentro-de-politicas-y-economia-de-la-cultura-activa-agendas-de-trabajo-conjuntas\/#primaryimage"},"thumbnailUrl":"https:\/\/www.uartes.edu.ec\/sitio\/wp-content\/uploads\/2023\/06\/01-TERCER-ENCUENTRO-POLITICAS-Y-ECONOMIA.jpg","keywords":["encuentro del Observatorio"],"articleSection":["Acad\u00e9mico","Administrativos","Alumni","Docentes","Estudiantes","Gesti\u00f3n","Investigaci\u00f3n"],"inLanguage":"es","potentialAction":[{"@type":"CommentAction","name":"Comment","target":["https:\/\/www.uartes.edu.ec\/sitio\/blog\/2023\/06\/23\/el-3er-encuentro-de-politicas-y-economia-de-la-cultura-activa-agendas-de-trabajo-conjuntas\/#respond"]}]},{"@type":["WebPage","ItemPage"],"@id":"https:\/\/www.uartes.edu.ec\/sitio\/blog\/2023\/06\/23\/el-3er-encuentro-de-politicas-y-economia-de-la-cultura-activa-agendas-de-trabajo-conjuntas\/","url":"https:\/\/www.uartes.edu.ec\/sitio\/blog\/2023\/06\/23\/el-3er-encuentro-de-politicas-y-economia-de-la-cultura-activa-agendas-de-trabajo-conjuntas\/","name":"Universidad de las Artes - 3er Encuentro de Pol\u00edticas y Econom\u00eda de la Cultura del Observatorio UArtes activa agendas de trabajo conjuntas","isPartOf":{"@id":"https:\/\/www.uartes.edu.ec\/sitio\/#website"},"primaryImageOfPage":{"@id":"https:\/\/www.uartes.edu.ec\/sitio\/blog\/2023\/06\/23\/el-3er-encuentro-de-politicas-y-economia-de-la-cultura-activa-agendas-de-trabajo-conjuntas\/#primaryimage"},"image":{"@id":"https:\/\/www.uartes.edu.ec\/sitio\/blog\/2023\/06\/23\/el-3er-encuentro-de-politicas-y-economia-de-la-cultura-activa-agendas-de-trabajo-conjuntas\/#primaryimage"},"thumbnailUrl":"https:\/\/www.uartes.edu.ec\/sitio\/wp-content\/uploads\/2023\/06\/01-TERCER-ENCUENTRO-POLITICAS-Y-ECONOMIA.jpg","datePublished":"2023-06-23T16:50:03+00:00","dateModified":"2024-07-04T16:21:03+00:00","description":"Universidad de las Artes - 3er Encuentro de Pol\u00edticas y Econom\u00eda de la Cultura del Observatorio UArtes activa agendas de trabajo conjuntas","breadcrumb":{"@id":"https:\/\/www.uartes.edu.ec\/sitio\/blog\/2023\/06\/23\/el-3er-encuentro-de-politicas-y-economia-de-la-cultura-activa-agendas-de-trabajo-conjuntas\/#breadcrumb"},"inLanguage":"es","potentialAction":[{"@type":"ReadAction","target":["https:\/\/www.uartes.edu.ec\/sitio\/blog\/2023\/06\/23\/el-3er-encuentro-de-politicas-y-economia-de-la-cultura-activa-agendas-de-trabajo-conjuntas\/"]}]},{"@type":"ImageObject","inLanguage":"es","@id":"https:\/\/www.uartes.edu.ec\/sitio\/blog\/2023\/06\/23\/el-3er-encuentro-de-politicas-y-economia-de-la-cultura-activa-agendas-de-trabajo-conjuntas\/#primaryimage","url":"https:\/\/www.uartes.edu.ec\/sitio\/wp-content\/uploads\/2023\/06\/01-TERCER-ENCUENTRO-POLITICAS-Y-ECONOMIA.jpg","contentUrl":"https:\/\/www.uartes.edu.ec\/sitio\/wp-content\/uploads\/2023\/06\/01-TERCER-ENCUENTRO-POLITICAS-Y-ECONOMIA.jpg","width":2000,"height":1333},{"@type":"BreadcrumbList","@id":"https:\/\/www.uartes.edu.ec\/sitio\/blog\/2023\/06\/23\/el-3er-encuentro-de-politicas-y-economia-de-la-cultura-activa-agendas-de-trabajo-conjuntas\/#breadcrumb","itemListElement":[{"@type":"ListItem","position":1,"name":"Inicio","item":"https:\/\/www.uartes.edu.ec\/sitio\/"},{"@type":"ListItem","position":2,"name":"3er Encuentro de Pol\u00edticas y Econom\u00eda de la Cultura del Observatorio UArtes activa agendas de trabajo conjuntas"}]},{"@type":"WebSite","@id":"https:\/\/www.uartes.edu.ec\/sitio\/#website","url":"https:\/\/www.uartes.edu.ec\/sitio\/","name":"Universidad de las Artes","description":"Sitio oficial de la Universidad Nacional de las Artes del Ecuador","publisher":{"@id":"https:\/\/www.uartes.edu.ec\/sitio\/#organization"},"potentialAction":[{"@type":"SearchAction","target":{"@type":"EntryPoint","urlTemplate":"https:\/\/www.uartes.edu.ec\/sitio\/?s={search_term_string}"},"query-input":{"@type":"PropertyValueSpecification","valueRequired":true,"valueName":"search_term_string"}}],"inLanguage":"es"},{"@type":"Organization","@id":"https:\/\/www.uartes.edu.ec\/sitio\/#organization","name":"Universidad de las Artes","url":"https:\/\/www.uartes.edu.ec\/sitio\/","logo":{"@type":"ImageObject","inLanguage":"es","@id":"https:\/\/www.uartes.edu.ec\/sitio\/#\/schema\/logo\/image\/","url":"https:\/\/www.uartes.edu.ec\/sitio\/wp-content\/uploads\/2022\/07\/logo-ua-horizontal.png","contentUrl":"https:\/\/www.uartes.edu.ec\/sitio\/wp-content\/uploads\/2022\/07\/logo-ua-horizontal.png","width":800,"height":276,"caption":"Universidad de las Artes"},"image":{"@id":"https:\/\/www.uartes.edu.ec\/sitio\/#\/schema\/logo\/image\/"},"sameAs":["https:\/\/www.facebook.com\/uartesec","https:\/\/x.com\/uartesec","https:\/\/www.tiktok.com\/@uartesec"]},{"@type":"Person","@id":"https:\/\/www.uartes.edu.ec\/sitio\/#\/schema\/person\/efa1b8275797664fd7f13a79ccc0b1f4","name":"ccortez","image":{"@type":"ImageObject","inLanguage":"es","@id":"https:\/\/secure.gravatar.com\/avatar\/b2a6f664a3ae8e074346ef91775736c5ec479e637ecced6842de9dc98b5da9cd?s=96&d=mm&r=g","url":"https:\/\/secure.gravatar.com\/avatar\/b2a6f664a3ae8e074346ef91775736c5ec479e637ecced6842de9dc98b5da9cd?s=96&d=mm&r=g","contentUrl":"https:\/\/secure.gravatar.com\/avatar\/b2a6f664a3ae8e074346ef91775736c5ec479e637ecced6842de9dc98b5da9cd?s=96&d=mm&r=g","caption":"ccortez"},"url":"https:\/\/www.uartes.edu.ec\/sitio\/blog\/author\/ccortez\/"}]}},"uagb_featured_image_src":{"full":["https:\/\/www.uartes.edu.ec\/sitio\/wp-content\/uploads\/2023\/06\/01-TERCER-ENCUENTRO-POLITICAS-Y-ECONOMIA.jpg",2000,1333,false],"thumbnail":["https:\/\/www.uartes.edu.ec\/sitio\/wp-content\/uploads\/2023\/06\/01-TERCER-ENCUENTRO-POLITICAS-Y-ECONOMIA-150x150.jpg",150,150,true],"medium":["https:\/\/www.uartes.edu.ec\/sitio\/wp-content\/uploads\/2023\/06\/01-TERCER-ENCUENTRO-POLITICAS-Y-ECONOMIA-300x200.jpg",300,200,true],"medium_large":["https:\/\/www.uartes.edu.ec\/sitio\/wp-content\/uploads\/2023\/06\/01-TERCER-ENCUENTRO-POLITICAS-Y-ECONOMIA-768x512.jpg",768,512,true],"large":["https:\/\/www.uartes.edu.ec\/sitio\/wp-content\/uploads\/2023\/06\/01-TERCER-ENCUENTRO-POLITICAS-Y-ECONOMIA-644x429.jpg",644,429,true],"1536x1536":["https:\/\/www.uartes.edu.ec\/sitio\/wp-content\/uploads\/2023\/06\/01-TERCER-ENCUENTRO-POLITICAS-Y-ECONOMIA-1536x1024.jpg",1536,1024,true],"2048x2048":["https:\/\/www.uartes.edu.ec\/sitio\/wp-content\/uploads\/2023\/06\/01-TERCER-ENCUENTRO-POLITICAS-Y-ECONOMIA.jpg",2000,1333,false],"trp-custom-language-flag":["https:\/\/www.uartes.edu.ec\/sitio\/wp-content\/uploads\/2023\/06\/01-TERCER-ENCUENTRO-POLITICAS-Y-ECONOMIA.jpg",18,12,false],"htmega_size_585x295":["https:\/\/www.uartes.edu.ec\/sitio\/wp-content\/uploads\/2023\/06\/01-TERCER-ENCUENTRO-POLITICAS-Y-ECONOMIA-585x295.jpg",585,295,true],"htmega_size_1170x536":["https:\/\/www.uartes.edu.ec\/sitio\/wp-content\/uploads\/2023\/06\/01-TERCER-ENCUENTRO-POLITICAS-Y-ECONOMIA-1170x536.jpg",1170,536,true],"htmega_size_396x360":["https:\/\/www.uartes.edu.ec\/sitio\/wp-content\/uploads\/2023\/06\/01-TERCER-ENCUENTRO-POLITICAS-Y-ECONOMIA-396x360.jpg",396,360,true],"gb-block-post-grid-landscape":["https:\/\/www.uartes.edu.ec\/sitio\/wp-content\/uploads\/2023\/06\/01-TERCER-ENCUENTRO-POLITICAS-Y-ECONOMIA-600x400.jpg",600,400,true],"gb-block-post-grid-square":["https:\/\/www.uartes.edu.ec\/sitio\/wp-content\/uploads\/2023\/06\/01-TERCER-ENCUENTRO-POLITICAS-Y-ECONOMIA-600x600.jpg",600,600,true],"university-hub-thumb":["https:\/\/www.uartes.edu.ec\/sitio\/wp-content\/uploads\/2023\/06\/01-TERCER-ENCUENTRO-POLITICAS-Y-ECONOMIA-400x267.jpg",400,267,true]},"uagb_author_info":{"display_name":"ccortez","author_link":"https:\/\/www.uartes.edu.ec\/sitio\/blog\/author\/ccortez\/"},"uagb_comment_info":0,"uagb_excerpt":"El 3er Encuentro de Pol\u00edticas y Econom\u00eda de la Cultura, organizado por el Observatorio de la UArtes, arranc\u00f3 el 21 de junio en la Plaza P\u00fablica del MZ14 con Micr\u00f3fono Abierto, donde se analizaron las formas de hacer y los modelos de gesti\u00f3n para las artes. Entrada la tarde fue su inauguraci\u00f3n. Junto a las&hellip;","featured_image_src":"https:\/\/www.uartes.edu.ec\/sitio\/wp-content\/uploads\/2023\/06\/01-TERCER-ENCUENTRO-POLITICAS-Y-ECONOMIA-600x400.jpg","featured_image_src_square":"https:\/\/www.uartes.edu.ec\/sitio\/wp-content\/uploads\/2023\/06\/01-TERCER-ENCUENTRO-POLITICAS-Y-ECONOMIA-600x600.jpg","author_info":{"display_name":"ccortez","author_link":"https:\/\/www.uartes.edu.ec\/sitio\/blog\/author\/ccortez\/"},"publishpress_future_workflow_manual_trigger":{"enabledWorkflows":[]},"distributor_meta":false,"distributor_terms":false,"distributor_media":false,"distributor_original_site_name":"Universidad de las Artes","distributor_original_site_url":"https:\/\/www.uartes.edu.ec\/sitio","push-errors":false,"_links":{"self":[{"href":"https:\/\/www.uartes.edu.ec\/sitio\/wp-json\/wp\/v2\/posts\/43614","targetHints":{"allow":["GET"]}}],"collection":[{"href":"https:\/\/www.uartes.edu.ec\/sitio\/wp-json\/wp\/v2\/posts"}],"about":[{"href":"https:\/\/www.uartes.edu.ec\/sitio\/wp-json\/wp\/v2\/types\/post"}],"author":[{"embeddable":true,"href":"https:\/\/www.uartes.edu.ec\/sitio\/wp-json\/wp\/v2\/users\/10"}],"replies":[{"embeddable":true,"href":"https:\/\/www.uartes.edu.ec\/sitio\/wp-json\/wp\/v2\/comments?post=43614"}],"version-history":[{"count":7,"href":"https:\/\/www.uartes.edu.ec\/sitio\/wp-json\/wp\/v2\/posts\/43614\/revisions"}],"predecessor-version":[{"id":43921,"href":"https:\/\/www.uartes.edu.ec\/sitio\/wp-json\/wp\/v2\/posts\/43614\/revisions\/43921"}],"wp:featuredmedia":[{"embeddable":true,"href":"https:\/\/www.uartes.edu.ec\/sitio\/wp-json\/wp\/v2\/media\/43616"}],"wp:attachment":[{"href":"https:\/\/www.uartes.edu.ec\/sitio\/wp-json\/wp\/v2\/media?parent=43614"}],"wp:term":[{"taxonomy":"category","embeddable":true,"href":"https:\/\/www.uartes.edu.ec\/sitio\/wp-json\/wp\/v2\/categories?post=43614"},{"taxonomy":"post_tag","embeddable":true,"href":"https:\/\/www.uartes.edu.ec\/sitio\/wp-json\/wp\/v2\/tags?post=43614"},{"taxonomy":"infouartes","embeddable":true,"href":"https:\/\/www.uartes.edu.ec\/sitio\/wp-json\/wp\/v2\/infouartes?post=43614"}],"curies":[{"name":"wp","href":"https:\/\/api.w.org\/{rel}","templated":true}]}}