{"id":43657,"date":"2023-06-23T12:49:47","date_gmt":"2023-06-23T17:49:47","guid":{"rendered":"https:\/\/www.uartes.edu.ec\/sitio\/?p=43657"},"modified":"2024-07-04T11:21:03","modified_gmt":"2024-07-04T16:21:03","slug":"observatorio-uartes-un-punto-de-diagnostico-y-partida-para-autoimponernos-un-trabajo-colectivo","status":"publish","type":"post","link":"https:\/\/www.uartes.edu.ec\/sitio\/blog\/2023\/06\/23\/observatorio-uartes-un-punto-de-diagnostico-y-partida-para-autoimponernos-un-trabajo-colectivo\/","title":{"rendered":"El Observatorio de la UArtes es un punto de diagn\u00f3stico y partida para autoimponernos un trabajo colectivo"},"content":{"rendered":"\n<p>Como una fecha especial se\u00f1al\u00f3 el doctor Pablo Cardoso, director del Observatorio de la Universidad de las Artes, la realizaci\u00f3n del 3er Encuentro de Pol\u00edticas y Econom\u00eda de la Cultura, cuya inauguraci\u00f3n tuvo lugar este mi\u00e9rcoles 21 de junio en la Plaza P\u00fablica del MZ14. Especial porque conmemora los tres a\u00f1os de creaci\u00f3n de la unidad de investigaci\u00f3n de la UArtes.<\/p>\n\n\n\n<p>Cardoso trajo a la memoria que, hace tres a\u00f1os y en medio de la pandemia, las autoridades universitarias de entonces apoyaron la creaci\u00f3n del Observatorio, entendiendo que la responsabilidad de una instituci\u00f3n de educaci\u00f3n superior p\u00fablica en artes no est\u00e1 solo enfocada en la formaci\u00f3n de una nueva generaci\u00f3n de estudiantes con cualidades en sus competencias art\u00edsticas y en sus distintas disciplinas, sino que el compromiso est\u00e1 tambi\u00e9n en la pol\u00edtica p\u00fablica nacional relacionada con la cultura, que est\u00e1 en deuda y que est\u00e1 al final de las agendas gubernamentales.<\/p>\n\n\n\n<p>En pandemia se hizo m\u00e1s urgente estar en esa agenda porque la primera constataci\u00f3n que se hizo fue que los trabajadores\/as la sufr\u00edan de manera brutal porque el confinamiento lo primero que afectaba era la capacidad de reunirse y hacerlo es hacer cultura y arte. \u201cFue a trav\u00e9s de una encuesta que propusimos desde el Observatorio para establecer y medir las condiciones labores de trabajadores\/as que pudimos dar nacimiento a esta estructura de investigaci\u00f3n\u201d.<\/p>\n\n\n\n<p>Agreg\u00f3 que la encuesta se replic\u00f3 a a\u00f1o seguido y continu\u00f3 con un proyecto de investigaci\u00f3n, convocando a investigadores\/as de distintas universidades del pa\u00eds y a periodistas culturales, el cual \u201cnos permiti\u00f3 realizar nuestra primera investigaci\u00f3n \u2013Trabajadores de la cultura: condiciones y perspectivas\u2013 que abri\u00f3 una ruta para que el Observatorio pueda incubarse como una estructura de investigaci\u00f3n de la universidad\u201d.<\/p>\n\n\n\n<p>Cardoso agradeci\u00f3 al rector y a los vicerrectores el apoyo que han dado a esta unidad de investigaci\u00f3n para fortalecerse y crecer y tener un futuro en la estructura universitaria del ILIA. Igual al equipo que lo conforman, Mario Maquil\u00f3n y Malena Goya, y a los muchos estudiantes que se han sumado a sus propuestas de acci\u00f3n e investigaci\u00f3n sobre pol\u00edticas culturales.<\/p>\n\n\n<div class=\"wp-block-image\">\n<figure class=\"aligncenter size-large\"><img fetchpriority=\"high\" decoding=\"async\" width=\"644\" height=\"429\" src=\"https:\/\/www.uartes.edu.ec\/sitio\/wp-content\/uploads\/2023\/06\/09-TERCER-ENCUENTRO-POLITICAS-Y-ECONOMIA-644x429.jpg\" alt=\"\" class=\"wp-image-43662\" srcset=\"https:\/\/www.uartes.edu.ec\/sitio\/wp-content\/uploads\/2023\/06\/09-TERCER-ENCUENTRO-POLITICAS-Y-ECONOMIA-644x429.jpg 644w, https:\/\/www.uartes.edu.ec\/sitio\/wp-content\/uploads\/2023\/06\/09-TERCER-ENCUENTRO-POLITICAS-Y-ECONOMIA-768x511.jpg 768w, https:\/\/www.uartes.edu.ec\/sitio\/wp-content\/uploads\/2023\/06\/09-TERCER-ENCUENTRO-POLITICAS-Y-ECONOMIA.jpg 2000w, https:\/\/www.uartes.edu.ec\/sitio\/wp-content\/uploads\/2023\/06\/09-TERCER-ENCUENTRO-POLITICAS-Y-ECONOMIA-600x399.jpg 600w, https:\/\/www.uartes.edu.ec\/sitio\/wp-content\/uploads\/2023\/06\/09-TERCER-ENCUENTRO-POLITICAS-Y-ECONOMIA-272x182.jpg 272w\" sizes=\"(max-width: 644px) 100vw, 644px\" \/><\/figure>\n<\/div>\n\n\n<p>\u201cLa posibilidad que brinda la UArtes para generar ese espacio de investigaci\u00f3n con la acci\u00f3n coordinada de docentes, artistas, equipos t\u00e9cnico y administrativo, estudiantes y actores externos es muy importante porque el Observatorio ha comenzado a generar resonancias a nivel nacional, convocado por gobiernos locales para trabajar \u2013en base a algunas de las investigaciones\u2013 iniciativas y acciones propuestas que no se quedan en el aula de clase, el seminario o el establecimiento de diagn\u00f3sticos\u201d.<\/p>\n\n\n\n<p>Intentamos tambi\u00e9n, a\u00f1adi\u00f3, tener el compromiso de aportar a las soluciones de plantear alternativas a distintos nudos que hemos identificado en la acci\u00f3n de las pol\u00edticas culturales o las din\u00e1micas del arte y de la cultura en el pa\u00eds. Puso como ejemplo que el primer estudio realizado ha llevado al Observatorio a pedir respuestas concretas al Ministerio de Trabajo y al IESS en relaci\u00f3n a la baja tasa de afiliaci\u00f3n de trabajadores\/as de la cultura al Sistema de Seguridad Social \u201cy la instituci\u00f3n ha tenido las puertas abiertas para comenzar a pensar c\u00f3mo mejorar esa situaci\u00f3n. Firm\u00f3 con la UArtes un convenio para buscar alternativas. Igual hemos hecho con la Asociaci\u00f3n de Municipalidades del Ecuador\u201d.<\/p>\n\n\n\n<p>Refiri\u00f3 que otro de los diagn\u00f3sticos es que los GADs est\u00e1n a cargo del 80% de las compras p\u00fablicas en el \u00e1mbito de la cultura, el rol que tienen entonces es amplio.<\/p>\n\n\n\n<p>\u201cEste encuentro es un punto de diagn\u00f3stico. En su primer d\u00eda dedicado enteramente a la gesti\u00f3n cultural p\u00fablica y privada en Guayaquil, para comprender mejor cu\u00e1les son las din\u00e1micas que tiene el sector frente a las crisis: econ\u00f3mica, desde 2017 cuando el petr\u00f3leo empieza a descender; sanitaria, a partir de la pandemia y que no acaba de recuperarse; y, de inseguridad y violencia\u201d.<\/p>\n\n\n<div class=\"wp-block-image\">\n<figure class=\"aligncenter size-large\"><img decoding=\"async\" width=\"644\" height=\"429\" src=\"https:\/\/www.uartes.edu.ec\/sitio\/wp-content\/uploads\/2023\/06\/10-TERCER-ENCUENTRO-POLITICAS-Y-ECONOMIA-1-644x429.jpg\" alt=\"\" class=\"wp-image-43663\" srcset=\"https:\/\/www.uartes.edu.ec\/sitio\/wp-content\/uploads\/2023\/06\/10-TERCER-ENCUENTRO-POLITICAS-Y-ECONOMIA-1-644x429.jpg 644w, https:\/\/www.uartes.edu.ec\/sitio\/wp-content\/uploads\/2023\/06\/10-TERCER-ENCUENTRO-POLITICAS-Y-ECONOMIA-1-768x511.jpg 768w, https:\/\/www.uartes.edu.ec\/sitio\/wp-content\/uploads\/2023\/06\/10-TERCER-ENCUENTRO-POLITICAS-Y-ECONOMIA-1.jpg 2000w, https:\/\/www.uartes.edu.ec\/sitio\/wp-content\/uploads\/2023\/06\/10-TERCER-ENCUENTRO-POLITICAS-Y-ECONOMIA-1-600x399.jpg 600w, https:\/\/www.uartes.edu.ec\/sitio\/wp-content\/uploads\/2023\/06\/10-TERCER-ENCUENTRO-POLITICAS-Y-ECONOMIA-1-272x182.jpg 272w\" sizes=\"(max-width: 644px) 100vw, 644px\" \/><\/figure>\n<\/div>\n\n\n<p>Seguidamente (el jueves 22), se plante\u00f3 hacer un diagn\u00f3stico de las pol\u00edticas p\u00fablicas culturales a nivel nacional. \u201cLa UArtes no puede olvidar su compromiso y origen latinoamericanista, por ello para el tercer d\u00eda del encuentro (viernes 23) preguntaremos cu\u00e1l es el balance de las pol\u00edticas culturales en la regi\u00f3n junto a invitados internacionales (\u2026). Cerraremos con esa b\u00fasqueda de un mensaje positivo de c\u00f3mo la creatividad y el arte pueden proponer soluciones a los distintos problemas que atraviesa la sociedad\u201d.<\/p>\n\n\n\n<p>Destac\u00f3, asimismo, los talleres dise\u00f1ados con temas claves, entre otros: C\u00f3mo relacionarse con el mercado del arte ecuatoriano, actores, din\u00e1micas y perspectivas; las lecciones aprendidas para la (re)constituci\u00f3n del Instituto de Cine y Creaci\u00f3n Audiovisual, lo cual est\u00e1 en proyecto de hacerse tras el fallido proceso de fusi\u00f3n generado en plena pandemia; o, el fortalecimiento gremial con la Asamblea del libro de Ecuador, estructuraci\u00f3n interna y propuestas para organizar las ferias.<\/p>\n\n\n\n<p>Anot\u00f3 tambi\u00e9n la clase magistral de pol\u00edtica de Arte Urbano: Pared en blanco, clase inmersiva sobre arte urbano y pol\u00edticas p\u00fablicas en perspectiva, efectuada en el primer d\u00eda de la cita; as\u00ed como el taller concebido para repensar las Claves para la m\u00fasica en vivo en Ecuador, diagn\u00f3sticos y propuestas\u201d.<\/p>\n\n\n\n<p>As\u00ed, sostuvo Cardoso, el tercer encuentro busca no solo ser un punto de diagn\u00f3stico, sino de partida para autoimponernos una agenda de trabajo colectivo, El director del Observatorio agradeci\u00f3 a la vicealcaldesa Blanca L\u00f3pez por la propuesta del trabajo en conjunto. Se\u00f1al\u00f3 a la unidad de investigaci\u00f3n como \u201cun aliado, un compa\u00f1ero de camino para tratar de que el sector cultural sea mejor, con mejores salidas y mayor espacio de la pol\u00edtica p\u00fablica nacional y podamos trabajadores\/as estar en mejores condiciones\u201d.<\/p>\n\n\n\n<p>Cobertura\/Texto: Carmen Cortez<\/p>\n","protected":false},"excerpt":{"rendered":"<p>Como especial se\u00f1al\u00f3 Pablo Cardoso, director del Observatorio, la realizaci\u00f3n del 3er Encuentro de Pol\u00edticas y Econom\u00eda de la Cultura. En su inauguraci\u00f3n record\u00f3 que se cre\u00f3 en medio de la pandemia, entendiendo que la responsabilidad de una IES p\u00fablica en artes no est\u00e1 solo en formar una nueva generaci\u00f3n de estudiantes con cualidades art\u00edsticas, sino en la pol\u00edtica p\u00fablica nacional relacionada con la cultura. <\/p>\n","protected":false},"author":10,"featured_media":43661,"comment_status":"open","ping_status":"open","sticky":false,"template":"","format":"standard","meta":{"_acf_changed":false,"_uag_custom_page_level_css":"","_monsterinsights_skip_tracking":false,"_monsterinsights_sitenote_active":false,"_monsterinsights_sitenote_note":"","_monsterinsights_sitenote_category":0,"cybocfi_hide_featured_image":"","footnotes":""},"categories":[80,438,490,75,76,77,284],"tags":[1005],"infouartes":[],"class_list":["post-43657","post","type-post","status-publish","format-standard","has-post-thumbnail","hentry","category-academico","category-administrativos","category-alumni","category-docentes","category-estudiantes","category-gestion","category-investigacion","tag-encuentro-del-observatorio"],"acf":[],"yoast_head":"<!-- This site is optimized with the Yoast SEO plugin v27.4 - https:\/\/yoast.com\/product\/yoast-seo-wordpress\/ -->\n<title>Universidad de las Artes - El Observatorio de la UArtes es un punto de diagn\u00f3stico y partida para autoimponernos un trabajo colectivo<\/title>\n<meta name=\"description\" content=\"Universidad de las Artes - El Observatorio de la UArtes es un punto de diagn\u00f3stico y partida para autoimponernos un trabajo colectivo\" \/>\n<meta name=\"robots\" content=\"index, follow, max-snippet:-1, max-image-preview:large, max-video-preview:-1\" \/>\n<link rel=\"canonical\" href=\"https:\/\/www.uartes.edu.ec\/sitio\/blog\/2023\/06\/23\/observatorio-uartes-un-punto-de-diagnostico-y-partida-para-autoimponernos-un-trabajo-colectivo\/\" \/>\n<meta property=\"og:locale\" content=\"es_ES\" \/>\n<meta property=\"og:type\" content=\"article\" \/>\n<meta property=\"og:title\" content=\"Universidad de las Artes - El Observatorio de la UArtes es un punto de diagn\u00f3stico y partida para autoimponernos un trabajo colectivo\" \/>\n<meta property=\"og:description\" content=\"Universidad de las Artes - El Observatorio de la UArtes es un punto de diagn\u00f3stico y partida para autoimponernos un trabajo colectivo\" \/>\n<meta property=\"og:url\" content=\"https:\/\/www.uartes.edu.ec\/sitio\/blog\/2023\/06\/23\/observatorio-uartes-un-punto-de-diagnostico-y-partida-para-autoimponernos-un-trabajo-colectivo\/\" \/>\n<meta property=\"og:site_name\" content=\"Universidad de las Artes\" \/>\n<meta property=\"article:publisher\" content=\"https:\/\/www.facebook.com\/uartesec\" \/>\n<meta property=\"article:published_time\" content=\"2023-06-23T17:49:47+00:00\" \/>\n<meta property=\"article:modified_time\" content=\"2024-07-04T16:21:03+00:00\" \/>\n<meta property=\"og:image\" content=\"https:\/\/www.uartes.edu.ec\/sitio\/wp-content\/uploads\/2023\/06\/10-TERCER-ENCUENTRO-POLITICAS-Y-ECONOMIA.jpg\" \/>\n\t<meta property=\"og:image:width\" content=\"2000\" \/>\n\t<meta property=\"og:image:height\" content=\"1333\" \/>\n\t<meta property=\"og:image:type\" content=\"image\/jpeg\" \/>\n<meta name=\"author\" content=\"ccortez\" \/>\n<meta name=\"twitter:card\" content=\"summary_large_image\" \/>\n<meta name=\"twitter:creator\" content=\"@uartesec\" \/>\n<meta name=\"twitter:site\" content=\"@uartesec\" \/>\n<meta name=\"twitter:label1\" content=\"Escrito por\" \/>\n\t<meta name=\"twitter:data1\" content=\"ccortez\" \/>\n\t<meta name=\"twitter:label2\" content=\"Tiempo de lectura\" \/>\n\t<meta name=\"twitter:data2\" content=\"5 minutos\" \/>\n<script type=\"application\/ld+json\" class=\"yoast-schema-graph\">{\"@context\":\"https:\\\/\\\/schema.org\",\"@graph\":[{\"@type\":\"Article\",\"@id\":\"https:\\\/\\\/www.uartes.edu.ec\\\/sitio\\\/blog\\\/2023\\\/06\\\/23\\\/observatorio-uartes-un-punto-de-diagnostico-y-partida-para-autoimponernos-un-trabajo-colectivo\\\/#article\",\"isPartOf\":{\"@id\":\"https:\\\/\\\/www.uartes.edu.ec\\\/sitio\\\/blog\\\/2023\\\/06\\\/23\\\/observatorio-uartes-un-punto-de-diagnostico-y-partida-para-autoimponernos-un-trabajo-colectivo\\\/\"},\"author\":{\"name\":\"ccortez\",\"@id\":\"https:\\\/\\\/www.uartes.edu.ec\\\/sitio\\\/#\\\/schema\\\/person\\\/efa1b8275797664fd7f13a79ccc0b1f4\"},\"headline\":\"El Observatorio de la UArtes es un punto de diagn\u00f3stico y partida para autoimponernos un trabajo colectivo\",\"datePublished\":\"2023-06-23T17:49:47+00:00\",\"dateModified\":\"2024-07-04T16:21:03+00:00\",\"mainEntityOfPage\":{\"@id\":\"https:\\\/\\\/www.uartes.edu.ec\\\/sitio\\\/blog\\\/2023\\\/06\\\/23\\\/observatorio-uartes-un-punto-de-diagnostico-y-partida-para-autoimponernos-un-trabajo-colectivo\\\/\"},\"wordCount\":1029,\"commentCount\":0,\"publisher\":{\"@id\":\"https:\\\/\\\/www.uartes.edu.ec\\\/sitio\\\/#organization\"},\"image\":{\"@id\":\"https:\\\/\\\/www.uartes.edu.ec\\\/sitio\\\/blog\\\/2023\\\/06\\\/23\\\/observatorio-uartes-un-punto-de-diagnostico-y-partida-para-autoimponernos-un-trabajo-colectivo\\\/#primaryimage\"},\"thumbnailUrl\":\"https:\\\/\\\/www.uartes.edu.ec\\\/sitio\\\/wp-content\\\/uploads\\\/2023\\\/06\\\/10-TERCER-ENCUENTRO-POLITICAS-Y-ECONOMIA.jpg\",\"keywords\":[\"encuentro del Observatorio\"],\"articleSection\":[\"Acad\u00e9mico\",\"Administrativos\",\"Alumni\",\"Docentes\",\"Estudiantes\",\"Gesti\u00f3n\",\"Investigaci\u00f3n\"],\"inLanguage\":\"es\",\"potentialAction\":[{\"@type\":\"CommentAction\",\"name\":\"Comment\",\"target\":[\"https:\\\/\\\/www.uartes.edu.ec\\\/sitio\\\/blog\\\/2023\\\/06\\\/23\\\/observatorio-uartes-un-punto-de-diagnostico-y-partida-para-autoimponernos-un-trabajo-colectivo\\\/#respond\"]}]},{\"@type\":[\"WebPage\",\"ItemPage\"],\"@id\":\"https:\\\/\\\/www.uartes.edu.ec\\\/sitio\\\/blog\\\/2023\\\/06\\\/23\\\/observatorio-uartes-un-punto-de-diagnostico-y-partida-para-autoimponernos-un-trabajo-colectivo\\\/\",\"url\":\"https:\\\/\\\/www.uartes.edu.ec\\\/sitio\\\/blog\\\/2023\\\/06\\\/23\\\/observatorio-uartes-un-punto-de-diagnostico-y-partida-para-autoimponernos-un-trabajo-colectivo\\\/\",\"name\":\"Universidad de las Artes - El Observatorio de la UArtes es un punto de diagn\u00f3stico y partida para autoimponernos un trabajo colectivo\",\"isPartOf\":{\"@id\":\"https:\\\/\\\/www.uartes.edu.ec\\\/sitio\\\/#website\"},\"primaryImageOfPage\":{\"@id\":\"https:\\\/\\\/www.uartes.edu.ec\\\/sitio\\\/blog\\\/2023\\\/06\\\/23\\\/observatorio-uartes-un-punto-de-diagnostico-y-partida-para-autoimponernos-un-trabajo-colectivo\\\/#primaryimage\"},\"image\":{\"@id\":\"https:\\\/\\\/www.uartes.edu.ec\\\/sitio\\\/blog\\\/2023\\\/06\\\/23\\\/observatorio-uartes-un-punto-de-diagnostico-y-partida-para-autoimponernos-un-trabajo-colectivo\\\/#primaryimage\"},\"thumbnailUrl\":\"https:\\\/\\\/www.uartes.edu.ec\\\/sitio\\\/wp-content\\\/uploads\\\/2023\\\/06\\\/10-TERCER-ENCUENTRO-POLITICAS-Y-ECONOMIA.jpg\",\"datePublished\":\"2023-06-23T17:49:47+00:00\",\"dateModified\":\"2024-07-04T16:21:03+00:00\",\"description\":\"Universidad de las Artes - El Observatorio de la UArtes es un punto de diagn\u00f3stico y partida para autoimponernos un trabajo colectivo\",\"breadcrumb\":{\"@id\":\"https:\\\/\\\/www.uartes.edu.ec\\\/sitio\\\/blog\\\/2023\\\/06\\\/23\\\/observatorio-uartes-un-punto-de-diagnostico-y-partida-para-autoimponernos-un-trabajo-colectivo\\\/#breadcrumb\"},\"inLanguage\":\"es\",\"potentialAction\":[{\"@type\":\"ReadAction\",\"target\":[\"https:\\\/\\\/www.uartes.edu.ec\\\/sitio\\\/blog\\\/2023\\\/06\\\/23\\\/observatorio-uartes-un-punto-de-diagnostico-y-partida-para-autoimponernos-un-trabajo-colectivo\\\/\"]}]},{\"@type\":\"ImageObject\",\"inLanguage\":\"es\",\"@id\":\"https:\\\/\\\/www.uartes.edu.ec\\\/sitio\\\/blog\\\/2023\\\/06\\\/23\\\/observatorio-uartes-un-punto-de-diagnostico-y-partida-para-autoimponernos-un-trabajo-colectivo\\\/#primaryimage\",\"url\":\"https:\\\/\\\/www.uartes.edu.ec\\\/sitio\\\/wp-content\\\/uploads\\\/2023\\\/06\\\/10-TERCER-ENCUENTRO-POLITICAS-Y-ECONOMIA.jpg\",\"contentUrl\":\"https:\\\/\\\/www.uartes.edu.ec\\\/sitio\\\/wp-content\\\/uploads\\\/2023\\\/06\\\/10-TERCER-ENCUENTRO-POLITICAS-Y-ECONOMIA.jpg\",\"width\":2000,\"height\":1333},{\"@type\":\"BreadcrumbList\",\"@id\":\"https:\\\/\\\/www.uartes.edu.ec\\\/sitio\\\/blog\\\/2023\\\/06\\\/23\\\/observatorio-uartes-un-punto-de-diagnostico-y-partida-para-autoimponernos-un-trabajo-colectivo\\\/#breadcrumb\",\"itemListElement\":[{\"@type\":\"ListItem\",\"position\":1,\"name\":\"Inicio\",\"item\":\"https:\\\/\\\/www.uartes.edu.ec\\\/sitio\\\/\"},{\"@type\":\"ListItem\",\"position\":2,\"name\":\"El Observatorio de la UArtes es un punto de diagn\u00f3stico y partida para autoimponernos un trabajo colectivo\"}]},{\"@type\":\"WebSite\",\"@id\":\"https:\\\/\\\/www.uartes.edu.ec\\\/sitio\\\/#website\",\"url\":\"https:\\\/\\\/www.uartes.edu.ec\\\/sitio\\\/\",\"name\":\"Universidad de las Artes\",\"description\":\"Sitio oficial de la Universidad Nacional de las Artes del Ecuador\",\"publisher\":{\"@id\":\"https:\\\/\\\/www.uartes.edu.ec\\\/sitio\\\/#organization\"},\"potentialAction\":[{\"@type\":\"SearchAction\",\"target\":{\"@type\":\"EntryPoint\",\"urlTemplate\":\"https:\\\/\\\/www.uartes.edu.ec\\\/sitio\\\/?s={search_term_string}\"},\"query-input\":{\"@type\":\"PropertyValueSpecification\",\"valueRequired\":true,\"valueName\":\"search_term_string\"}}],\"inLanguage\":\"es\"},{\"@type\":\"Organization\",\"@id\":\"https:\\\/\\\/www.uartes.edu.ec\\\/sitio\\\/#organization\",\"name\":\"Universidad de las Artes\",\"url\":\"https:\\\/\\\/www.uartes.edu.ec\\\/sitio\\\/\",\"logo\":{\"@type\":\"ImageObject\",\"inLanguage\":\"es\",\"@id\":\"https:\\\/\\\/www.uartes.edu.ec\\\/sitio\\\/#\\\/schema\\\/logo\\\/image\\\/\",\"url\":\"https:\\\/\\\/www.uartes.edu.ec\\\/sitio\\\/wp-content\\\/uploads\\\/2022\\\/07\\\/logo-ua-horizontal.png\",\"contentUrl\":\"https:\\\/\\\/www.uartes.edu.ec\\\/sitio\\\/wp-content\\\/uploads\\\/2022\\\/07\\\/logo-ua-horizontal.png\",\"width\":800,\"height\":276,\"caption\":\"Universidad de las Artes\"},\"image\":{\"@id\":\"https:\\\/\\\/www.uartes.edu.ec\\\/sitio\\\/#\\\/schema\\\/logo\\\/image\\\/\"},\"sameAs\":[\"https:\\\/\\\/www.facebook.com\\\/uartesec\",\"https:\\\/\\\/x.com\\\/uartesec\",\"https:\\\/\\\/www.tiktok.com\\\/@uartesec\"]},{\"@type\":\"Person\",\"@id\":\"https:\\\/\\\/www.uartes.edu.ec\\\/sitio\\\/#\\\/schema\\\/person\\\/efa1b8275797664fd7f13a79ccc0b1f4\",\"name\":\"ccortez\",\"image\":{\"@type\":\"ImageObject\",\"inLanguage\":\"es\",\"@id\":\"https:\\\/\\\/secure.gravatar.com\\\/avatar\\\/b2a6f664a3ae8e074346ef91775736c5ec479e637ecced6842de9dc98b5da9cd?s=96&d=mm&r=g\",\"url\":\"https:\\\/\\\/secure.gravatar.com\\\/avatar\\\/b2a6f664a3ae8e074346ef91775736c5ec479e637ecced6842de9dc98b5da9cd?s=96&d=mm&r=g\",\"contentUrl\":\"https:\\\/\\\/secure.gravatar.com\\\/avatar\\\/b2a6f664a3ae8e074346ef91775736c5ec479e637ecced6842de9dc98b5da9cd?s=96&d=mm&r=g\",\"caption\":\"ccortez\"},\"url\":\"https:\\\/\\\/www.uartes.edu.ec\\\/sitio\\\/blog\\\/author\\\/ccortez\\\/\"}]}<\/script>\n<!-- \/ Yoast SEO plugin. -->","yoast_head_json":{"title":"Universidad de las Artes - El Observatorio de la UArtes es un punto de diagn\u00f3stico y partida para autoimponernos un trabajo colectivo","description":"Universidad de las Artes - El Observatorio de la UArtes es un punto de diagn\u00f3stico y partida para autoimponernos un trabajo colectivo","robots":{"index":"index","follow":"follow","max-snippet":"max-snippet:-1","max-image-preview":"max-image-preview:large","max-video-preview":"max-video-preview:-1"},"canonical":"https:\/\/www.uartes.edu.ec\/sitio\/blog\/2023\/06\/23\/observatorio-uartes-un-punto-de-diagnostico-y-partida-para-autoimponernos-un-trabajo-colectivo\/","og_locale":"es_ES","og_type":"article","og_title":"Universidad de las Artes - El Observatorio de la UArtes es un punto de diagn\u00f3stico y partida para autoimponernos un trabajo colectivo","og_description":"Universidad de las Artes - El Observatorio de la UArtes es un punto de diagn\u00f3stico y partida para autoimponernos un trabajo colectivo","og_url":"https:\/\/www.uartes.edu.ec\/sitio\/blog\/2023\/06\/23\/observatorio-uartes-un-punto-de-diagnostico-y-partida-para-autoimponernos-un-trabajo-colectivo\/","og_site_name":"Universidad de las Artes","article_publisher":"https:\/\/www.facebook.com\/uartesec","article_published_time":"2023-06-23T17:49:47+00:00","article_modified_time":"2024-07-04T16:21:03+00:00","og_image":[{"width":2000,"height":1333,"url":"https:\/\/www.uartes.edu.ec\/sitio\/wp-content\/uploads\/2023\/06\/10-TERCER-ENCUENTRO-POLITICAS-Y-ECONOMIA.jpg","type":"image\/jpeg"}],"author":"ccortez","twitter_card":"summary_large_image","twitter_creator":"@uartesec","twitter_site":"@uartesec","twitter_misc":{"Escrito por":"ccortez","Tiempo de lectura":"5 minutos"},"schema":{"@context":"https:\/\/schema.org","@graph":[{"@type":"Article","@id":"https:\/\/www.uartes.edu.ec\/sitio\/blog\/2023\/06\/23\/observatorio-uartes-un-punto-de-diagnostico-y-partida-para-autoimponernos-un-trabajo-colectivo\/#article","isPartOf":{"@id":"https:\/\/www.uartes.edu.ec\/sitio\/blog\/2023\/06\/23\/observatorio-uartes-un-punto-de-diagnostico-y-partida-para-autoimponernos-un-trabajo-colectivo\/"},"author":{"name":"ccortez","@id":"https:\/\/www.uartes.edu.ec\/sitio\/#\/schema\/person\/efa1b8275797664fd7f13a79ccc0b1f4"},"headline":"El Observatorio de la UArtes es un punto de diagn\u00f3stico y partida para autoimponernos un trabajo colectivo","datePublished":"2023-06-23T17:49:47+00:00","dateModified":"2024-07-04T16:21:03+00:00","mainEntityOfPage":{"@id":"https:\/\/www.uartes.edu.ec\/sitio\/blog\/2023\/06\/23\/observatorio-uartes-un-punto-de-diagnostico-y-partida-para-autoimponernos-un-trabajo-colectivo\/"},"wordCount":1029,"commentCount":0,"publisher":{"@id":"https:\/\/www.uartes.edu.ec\/sitio\/#organization"},"image":{"@id":"https:\/\/www.uartes.edu.ec\/sitio\/blog\/2023\/06\/23\/observatorio-uartes-un-punto-de-diagnostico-y-partida-para-autoimponernos-un-trabajo-colectivo\/#primaryimage"},"thumbnailUrl":"https:\/\/www.uartes.edu.ec\/sitio\/wp-content\/uploads\/2023\/06\/10-TERCER-ENCUENTRO-POLITICAS-Y-ECONOMIA.jpg","keywords":["encuentro del Observatorio"],"articleSection":["Acad\u00e9mico","Administrativos","Alumni","Docentes","Estudiantes","Gesti\u00f3n","Investigaci\u00f3n"],"inLanguage":"es","potentialAction":[{"@type":"CommentAction","name":"Comment","target":["https:\/\/www.uartes.edu.ec\/sitio\/blog\/2023\/06\/23\/observatorio-uartes-un-punto-de-diagnostico-y-partida-para-autoimponernos-un-trabajo-colectivo\/#respond"]}]},{"@type":["WebPage","ItemPage"],"@id":"https:\/\/www.uartes.edu.ec\/sitio\/blog\/2023\/06\/23\/observatorio-uartes-un-punto-de-diagnostico-y-partida-para-autoimponernos-un-trabajo-colectivo\/","url":"https:\/\/www.uartes.edu.ec\/sitio\/blog\/2023\/06\/23\/observatorio-uartes-un-punto-de-diagnostico-y-partida-para-autoimponernos-un-trabajo-colectivo\/","name":"Universidad de las Artes - El Observatorio de la UArtes es un punto de diagn\u00f3stico y partida para autoimponernos un trabajo colectivo","isPartOf":{"@id":"https:\/\/www.uartes.edu.ec\/sitio\/#website"},"primaryImageOfPage":{"@id":"https:\/\/www.uartes.edu.ec\/sitio\/blog\/2023\/06\/23\/observatorio-uartes-un-punto-de-diagnostico-y-partida-para-autoimponernos-un-trabajo-colectivo\/#primaryimage"},"image":{"@id":"https:\/\/www.uartes.edu.ec\/sitio\/blog\/2023\/06\/23\/observatorio-uartes-un-punto-de-diagnostico-y-partida-para-autoimponernos-un-trabajo-colectivo\/#primaryimage"},"thumbnailUrl":"https:\/\/www.uartes.edu.ec\/sitio\/wp-content\/uploads\/2023\/06\/10-TERCER-ENCUENTRO-POLITICAS-Y-ECONOMIA.jpg","datePublished":"2023-06-23T17:49:47+00:00","dateModified":"2024-07-04T16:21:03+00:00","description":"Universidad de las Artes - El Observatorio de la UArtes es un punto de diagn\u00f3stico y partida para autoimponernos un trabajo colectivo","breadcrumb":{"@id":"https:\/\/www.uartes.edu.ec\/sitio\/blog\/2023\/06\/23\/observatorio-uartes-un-punto-de-diagnostico-y-partida-para-autoimponernos-un-trabajo-colectivo\/#breadcrumb"},"inLanguage":"es","potentialAction":[{"@type":"ReadAction","target":["https:\/\/www.uartes.edu.ec\/sitio\/blog\/2023\/06\/23\/observatorio-uartes-un-punto-de-diagnostico-y-partida-para-autoimponernos-un-trabajo-colectivo\/"]}]},{"@type":"ImageObject","inLanguage":"es","@id":"https:\/\/www.uartes.edu.ec\/sitio\/blog\/2023\/06\/23\/observatorio-uartes-un-punto-de-diagnostico-y-partida-para-autoimponernos-un-trabajo-colectivo\/#primaryimage","url":"https:\/\/www.uartes.edu.ec\/sitio\/wp-content\/uploads\/2023\/06\/10-TERCER-ENCUENTRO-POLITICAS-Y-ECONOMIA.jpg","contentUrl":"https:\/\/www.uartes.edu.ec\/sitio\/wp-content\/uploads\/2023\/06\/10-TERCER-ENCUENTRO-POLITICAS-Y-ECONOMIA.jpg","width":2000,"height":1333},{"@type":"BreadcrumbList","@id":"https:\/\/www.uartes.edu.ec\/sitio\/blog\/2023\/06\/23\/observatorio-uartes-un-punto-de-diagnostico-y-partida-para-autoimponernos-un-trabajo-colectivo\/#breadcrumb","itemListElement":[{"@type":"ListItem","position":1,"name":"Inicio","item":"https:\/\/www.uartes.edu.ec\/sitio\/"},{"@type":"ListItem","position":2,"name":"El Observatorio de la UArtes es un punto de diagn\u00f3stico y partida para autoimponernos un trabajo colectivo"}]},{"@type":"WebSite","@id":"https:\/\/www.uartes.edu.ec\/sitio\/#website","url":"https:\/\/www.uartes.edu.ec\/sitio\/","name":"Universidad de las Artes","description":"Sitio oficial de la Universidad Nacional de las Artes del Ecuador","publisher":{"@id":"https:\/\/www.uartes.edu.ec\/sitio\/#organization"},"potentialAction":[{"@type":"SearchAction","target":{"@type":"EntryPoint","urlTemplate":"https:\/\/www.uartes.edu.ec\/sitio\/?s={search_term_string}"},"query-input":{"@type":"PropertyValueSpecification","valueRequired":true,"valueName":"search_term_string"}}],"inLanguage":"es"},{"@type":"Organization","@id":"https:\/\/www.uartes.edu.ec\/sitio\/#organization","name":"Universidad de las Artes","url":"https:\/\/www.uartes.edu.ec\/sitio\/","logo":{"@type":"ImageObject","inLanguage":"es","@id":"https:\/\/www.uartes.edu.ec\/sitio\/#\/schema\/logo\/image\/","url":"https:\/\/www.uartes.edu.ec\/sitio\/wp-content\/uploads\/2022\/07\/logo-ua-horizontal.png","contentUrl":"https:\/\/www.uartes.edu.ec\/sitio\/wp-content\/uploads\/2022\/07\/logo-ua-horizontal.png","width":800,"height":276,"caption":"Universidad de las Artes"},"image":{"@id":"https:\/\/www.uartes.edu.ec\/sitio\/#\/schema\/logo\/image\/"},"sameAs":["https:\/\/www.facebook.com\/uartesec","https:\/\/x.com\/uartesec","https:\/\/www.tiktok.com\/@uartesec"]},{"@type":"Person","@id":"https:\/\/www.uartes.edu.ec\/sitio\/#\/schema\/person\/efa1b8275797664fd7f13a79ccc0b1f4","name":"ccortez","image":{"@type":"ImageObject","inLanguage":"es","@id":"https:\/\/secure.gravatar.com\/avatar\/b2a6f664a3ae8e074346ef91775736c5ec479e637ecced6842de9dc98b5da9cd?s=96&d=mm&r=g","url":"https:\/\/secure.gravatar.com\/avatar\/b2a6f664a3ae8e074346ef91775736c5ec479e637ecced6842de9dc98b5da9cd?s=96&d=mm&r=g","contentUrl":"https:\/\/secure.gravatar.com\/avatar\/b2a6f664a3ae8e074346ef91775736c5ec479e637ecced6842de9dc98b5da9cd?s=96&d=mm&r=g","caption":"ccortez"},"url":"https:\/\/www.uartes.edu.ec\/sitio\/blog\/author\/ccortez\/"}]}},"uagb_featured_image_src":{"full":["https:\/\/www.uartes.edu.ec\/sitio\/wp-content\/uploads\/2023\/06\/10-TERCER-ENCUENTRO-POLITICAS-Y-ECONOMIA.jpg",2000,1333,false],"thumbnail":["https:\/\/www.uartes.edu.ec\/sitio\/wp-content\/uploads\/2023\/06\/10-TERCER-ENCUENTRO-POLITICAS-Y-ECONOMIA-150x150.jpg",150,150,true],"medium":["https:\/\/www.uartes.edu.ec\/sitio\/wp-content\/uploads\/2023\/06\/10-TERCER-ENCUENTRO-POLITICAS-Y-ECONOMIA-300x200.jpg",300,200,true],"medium_large":["https:\/\/www.uartes.edu.ec\/sitio\/wp-content\/uploads\/2023\/06\/10-TERCER-ENCUENTRO-POLITICAS-Y-ECONOMIA-768x512.jpg",768,512,true],"large":["https:\/\/www.uartes.edu.ec\/sitio\/wp-content\/uploads\/2023\/06\/10-TERCER-ENCUENTRO-POLITICAS-Y-ECONOMIA-644x429.jpg",644,429,true],"1536x1536":["https:\/\/www.uartes.edu.ec\/sitio\/wp-content\/uploads\/2023\/06\/10-TERCER-ENCUENTRO-POLITICAS-Y-ECONOMIA-1536x1024.jpg",1536,1024,true],"2048x2048":["https:\/\/www.uartes.edu.ec\/sitio\/wp-content\/uploads\/2023\/06\/10-TERCER-ENCUENTRO-POLITICAS-Y-ECONOMIA.jpg",2000,1333,false],"trp-custom-language-flag":["https:\/\/www.uartes.edu.ec\/sitio\/wp-content\/uploads\/2023\/06\/10-TERCER-ENCUENTRO-POLITICAS-Y-ECONOMIA.jpg",18,12,false],"htmega_size_585x295":["https:\/\/www.uartes.edu.ec\/sitio\/wp-content\/uploads\/2023\/06\/10-TERCER-ENCUENTRO-POLITICAS-Y-ECONOMIA-585x295.jpg",585,295,true],"htmega_size_1170x536":["https:\/\/www.uartes.edu.ec\/sitio\/wp-content\/uploads\/2023\/06\/10-TERCER-ENCUENTRO-POLITICAS-Y-ECONOMIA-1170x536.jpg",1170,536,true],"htmega_size_396x360":["https:\/\/www.uartes.edu.ec\/sitio\/wp-content\/uploads\/2023\/06\/10-TERCER-ENCUENTRO-POLITICAS-Y-ECONOMIA-396x360.jpg",396,360,true],"gb-block-post-grid-landscape":["https:\/\/www.uartes.edu.ec\/sitio\/wp-content\/uploads\/2023\/06\/10-TERCER-ENCUENTRO-POLITICAS-Y-ECONOMIA-600x400.jpg",600,400,true],"gb-block-post-grid-square":["https:\/\/www.uartes.edu.ec\/sitio\/wp-content\/uploads\/2023\/06\/10-TERCER-ENCUENTRO-POLITICAS-Y-ECONOMIA-600x600.jpg",600,600,true],"university-hub-thumb":["https:\/\/www.uartes.edu.ec\/sitio\/wp-content\/uploads\/2023\/06\/10-TERCER-ENCUENTRO-POLITICAS-Y-ECONOMIA-400x267.jpg",400,267,true]},"uagb_author_info":{"display_name":"ccortez","author_link":"https:\/\/www.uartes.edu.ec\/sitio\/blog\/author\/ccortez\/"},"uagb_comment_info":0,"uagb_excerpt":"Como especial se\u00f1al\u00f3 Pablo Cardoso, director del Observatorio, la realizaci\u00f3n del 3er Encuentro de Pol\u00edticas y Econom\u00eda de la Cultura. En su inauguraci\u00f3n record\u00f3 que se cre\u00f3 en medio de la pandemia, entendiendo que la responsabilidad de una IES p\u00fablica en artes no est\u00e1 solo en formar una nueva generaci\u00f3n de estudiantes con cualidades art\u00edsticas,&hellip;","featured_image_src":"https:\/\/www.uartes.edu.ec\/sitio\/wp-content\/uploads\/2023\/06\/10-TERCER-ENCUENTRO-POLITICAS-Y-ECONOMIA-600x400.jpg","featured_image_src_square":"https:\/\/www.uartes.edu.ec\/sitio\/wp-content\/uploads\/2023\/06\/10-TERCER-ENCUENTRO-POLITICAS-Y-ECONOMIA-600x600.jpg","author_info":{"display_name":"ccortez","author_link":"https:\/\/www.uartes.edu.ec\/sitio\/blog\/author\/ccortez\/"},"publishpress_future_workflow_manual_trigger":{"enabledWorkflows":[]},"distributor_meta":false,"distributor_terms":false,"distributor_media":false,"distributor_original_site_name":"Universidad de las Artes","distributor_original_site_url":"https:\/\/www.uartes.edu.ec\/sitio","push-errors":false,"_links":{"self":[{"href":"https:\/\/www.uartes.edu.ec\/sitio\/wp-json\/wp\/v2\/posts\/43657","targetHints":{"allow":["GET"]}}],"collection":[{"href":"https:\/\/www.uartes.edu.ec\/sitio\/wp-json\/wp\/v2\/posts"}],"about":[{"href":"https:\/\/www.uartes.edu.ec\/sitio\/wp-json\/wp\/v2\/types\/post"}],"author":[{"embeddable":true,"href":"https:\/\/www.uartes.edu.ec\/sitio\/wp-json\/wp\/v2\/users\/10"}],"replies":[{"embeddable":true,"href":"https:\/\/www.uartes.edu.ec\/sitio\/wp-json\/wp\/v2\/comments?post=43657"}],"version-history":[{"count":10,"href":"https:\/\/www.uartes.edu.ec\/sitio\/wp-json\/wp\/v2\/posts\/43657\/revisions"}],"predecessor-version":[{"id":43925,"href":"https:\/\/www.uartes.edu.ec\/sitio\/wp-json\/wp\/v2\/posts\/43657\/revisions\/43925"}],"wp:featuredmedia":[{"embeddable":true,"href":"https:\/\/www.uartes.edu.ec\/sitio\/wp-json\/wp\/v2\/media\/43661"}],"wp:attachment":[{"href":"https:\/\/www.uartes.edu.ec\/sitio\/wp-json\/wp\/v2\/media?parent=43657"}],"wp:term":[{"taxonomy":"category","embeddable":true,"href":"https:\/\/www.uartes.edu.ec\/sitio\/wp-json\/wp\/v2\/categories?post=43657"},{"taxonomy":"post_tag","embeddable":true,"href":"https:\/\/www.uartes.edu.ec\/sitio\/wp-json\/wp\/v2\/tags?post=43657"},{"taxonomy":"infouartes","embeddable":true,"href":"https:\/\/www.uartes.edu.ec\/sitio\/wp-json\/wp\/v2\/infouartes?post=43657"}],"curies":[{"name":"wp","href":"https:\/\/api.w.org\/{rel}","templated":true}]}}