{"id":43784,"date":"2023-06-26T17:18:00","date_gmt":"2023-06-26T22:18:00","guid":{"rendered":"https:\/\/www.uartes.edu.ec\/sitio\/?p=43784"},"modified":"2024-07-04T11:21:02","modified_gmt":"2024-07-04T16:21:02","slug":"la-gestion-de-las-artes-en-el-analisis-de-los-representantes-de-espacios-y-centros-culturales","status":"publish","type":"post","link":"https:\/\/www.uartes.edu.ec\/sitio\/blog\/2023\/06\/26\/la-gestion-de-las-artes-en-el-analisis-de-los-representantes-de-espacios-y-centros-culturales\/","title":{"rendered":"Representantes de espacios y centros culturales analizan gesti\u00f3n en artes"},"content":{"rendered":"\n<p>Con la participaci\u00f3n de Juan Carlos Vargas, de Espacio Onder; Paulina Briones, de Casa Morada; y Jorge Osinaga, del Centro Cultural Mango, se desarroll\u00f3 este mi\u00e9rcoles 21 de junio el tercer Micr\u00f3fono Abierto, como parte de la jornada inaugural del 3er Encuentro de Pol\u00edticas y Econom\u00eda de la Cultura, organizado por el Observatorio de la UArtes.<\/p>\n\n\n\n<p>El estudiante UArtes Juan Felipe Paredes, quien es tambi\u00e9n curador y editor, intervino como moderador. El di\u00e1logo con Vargas, Briones y Osinaga fue en torno a los centros culturales y espacios para la gesti\u00f3n de las artes, a fin de conocer los modelos de gesti\u00f3n que cohabitan en la ciudad y saber de sus experiencias, retos y aportes para sostener las propuestas.<\/p>\n\n\n\n<p>\u00bfC\u00f3mo entienden la sostenibilidad de sus proyectos espec\u00edficos pospandemia y en medio de la crisis de inseguridad que vive la ciudad y el pa\u00eds?, pregunt\u00f3 Paredes a los panelistas. Osinaga coment\u00f3 que el poscovid los golpe\u00f3 bastante y que han estado un poco como malabaristas, lo cual es importante. La supervivencia se enfoca en esa persistencia.<\/p>\n\n\n\n<p>En lo econ\u00f3mico, agreg\u00f3, la librer\u00eda y el centro cultural tuvo su auge en la venta en l\u00ednea porque la coyuntura de la pandemia permiti\u00f3 que se desarrollar\u00e1. El proyecto se ha sostenido con otras formas de financiamiento, como montar un espacio caf\u00e9-restaurante y, por la noche, a partir del mi\u00e9rcoles, la realizaci\u00f3n de eventos. Respecto a la violencia cont\u00f3 que todos los negocios de donde se encuentra \u2013Urdesa\u2013 han sido asaltados, lo cual los limita a atender solo actividades espec\u00edficas. \u201cPerjudica porque la noche es cuando se producen las actividades art\u00edsticas\u201d.<\/p>\n\n\n<div class=\"wp-block-image\">\n<figure class=\"aligncenter size-large\"><img fetchpriority=\"high\" decoding=\"async\" width=\"644\" height=\"429\" src=\"https:\/\/www.uartes.edu.ec\/sitio\/wp-content\/uploads\/2023\/06\/11-MICROFONO-ABIERTO-TERCER-ENCUENTRO-1-644x429.jpg\" alt=\"\" class=\"wp-image-43998\" srcset=\"https:\/\/www.uartes.edu.ec\/sitio\/wp-content\/uploads\/2023\/06\/11-MICROFONO-ABIERTO-TERCER-ENCUENTRO-1-644x429.jpg 644w, https:\/\/www.uartes.edu.ec\/sitio\/wp-content\/uploads\/2023\/06\/11-MICROFONO-ABIERTO-TERCER-ENCUENTRO-1-768x511.jpg 768w, https:\/\/www.uartes.edu.ec\/sitio\/wp-content\/uploads\/2023\/06\/11-MICROFONO-ABIERTO-TERCER-ENCUENTRO-1.jpg 2000w, https:\/\/www.uartes.edu.ec\/sitio\/wp-content\/uploads\/2023\/06\/11-MICROFONO-ABIERTO-TERCER-ENCUENTRO-1-600x399.jpg 600w, https:\/\/www.uartes.edu.ec\/sitio\/wp-content\/uploads\/2023\/06\/11-MICROFONO-ABIERTO-TERCER-ENCUENTRO-1-272x182.jpg 272w\" sizes=\"(max-width: 644px) 100vw, 644px\" \/><\/figure>\n<\/div>\n\n\n<p>Acerca del trabajo de la Casa Morada, Briones manifest\u00f3 que ha sido itinerante, pues ha estado en diferentes lugares del Norte y Sur de la ciudad; se ha basado en la autogesti\u00f3n y dado una nueva cadena de valor a los libros usados, lo cual ayuda a sustentarse, pues desde los inicios tiene el espacio Garaje de Libros. \u201cCuando pienso en ese modelo, que en un momento fue el \u00fanico que ten\u00edamos, pienso tambi\u00e9n en esa pregunta de si est\u00e1 por dentro o por fuera de lo institucional, mi respuesta es que est\u00e1 m\u00e1s all\u00e1 de la institucionalizaci\u00f3n, pero que termina institucionaliz\u00e1ndose\u201d.<\/p>\n\n\n\n<p>Briones se\u00f1al\u00f3 que cuando se piensa en un modelo cultural lo que al principio puede ser una emoci\u00f3n, un deseo que convoca, tiene que replantearse todas las veces que sean necesarias. Eso ha ocurrido con la Casa Morada. En pandemia, como librer\u00eda funcionaron bien y como editorial fue el tiempo que m\u00e1s publicaron. Acabada la pandemia volvieron al inicio. Realizan actividades que tienen que ver con formaci\u00f3n, hacen lectura y escritura, as\u00ed como un trabajo editorial que les obligaba a pensar m\u00e1s all\u00e1 de su espacio. El a\u00f1o pasado ganaron fondos concursables y agilit\u00f3 muchas cosas y llev\u00f3 a pensar en otras posibilidades desde lo p\u00fablico. &nbsp;<\/p>\n\n\n\n<p>Vargas manifest\u00f3 que en tiempos de pandemia Espacio Onder se tuvo que replantear. \u201c(\u2026) Fue el mejor momento para la venta de obras y difusi\u00f3n en redes, hasta pensamos que se qued\u00e9 (brome\u00f3), pero se extra\u00f1aba ya la presencialidad y el contacto con la gente\u201d. Los replanteamientos no concluyeron, a\u00f1adi\u00f3, pues surgieron m\u00e1s necesidades de cambios y formatos. Junto con su socio hicieron una casa para artistas, generaron talleres y surgieron m\u00e1s interrogantes. Hay que asumir esos cambios, desde el lugar que se habita. Ahora est\u00e1n pensando, incluso, de quiz\u00e1s hacer un alto.<\/p>\n\n\n<div class=\"wp-block-image\">\n<figure class=\"aligncenter size-large\"><img decoding=\"async\" width=\"644\" height=\"429\" src=\"https:\/\/www.uartes.edu.ec\/sitio\/wp-content\/uploads\/2023\/06\/MICRO-ABIERTO-01-644x429.jpg\" alt=\"\" class=\"wp-image-43996\" srcset=\"https:\/\/www.uartes.edu.ec\/sitio\/wp-content\/uploads\/2023\/06\/MICRO-ABIERTO-01-644x429.jpg 644w, https:\/\/www.uartes.edu.ec\/sitio\/wp-content\/uploads\/2023\/06\/MICRO-ABIERTO-01-768x511.jpg 768w, https:\/\/www.uartes.edu.ec\/sitio\/wp-content\/uploads\/2023\/06\/MICRO-ABIERTO-01.jpg 2000w, https:\/\/www.uartes.edu.ec\/sitio\/wp-content\/uploads\/2023\/06\/MICRO-ABIERTO-01-600x399.jpg 600w, https:\/\/www.uartes.edu.ec\/sitio\/wp-content\/uploads\/2023\/06\/MICRO-ABIERTO-01-272x182.jpg 272w\" sizes=\"(max-width: 644px) 100vw, 644px\" \/><\/figure>\n<\/div>\n\n\n<p>Por la experiencia en tiempos de pandemia, que a las librer\u00edas no les fue mal porque la gente quer\u00eda material de lectura en el confinamiento, Vargas dijo que se sigue relacionando el consumo del arte con el ocio, lo cual lo lleva a reflexionar en que hay que trabajar m\u00e1s con los p\u00fablicos en ese aspecto.<\/p>\n\n\n\n<p>Osinaga coment\u00f3 haber coincidido con Briones en que mayo y junio han sido malos para las librer\u00edas. Se han activado un circuito de peque\u00f1as ferias a nivel local, provincial y nacional. Lo dijo porque consider\u00f3 que en estos momentos la itinerancia es una opci\u00f3n. \u201cEs m\u00e1s complejo porque hay que sacar presupuesto para movilizaci\u00f3n\u201d, expres\u00f3, pero hay que hacerlo, como tambi\u00e9n el replanteamiento de las estrategias y de los modelos para sostenerse.<\/p>\n\n\n\n<p>Briones hizo referencia a todos los espacios que existen en Guayaquil para hacer diferentes actividades art\u00edsticas, como las \u00e1goras de los parques. Casi todas est\u00e1n de cara a lo externo, a la vida fuera de la interioridad de un espacio espec\u00edfico, lo cual es v\u00e1lido y nos hace pensar en el siglo XXI y no en el IXX, pero el problema de inseguridad hace que esos espacios sean imposibles. \u201cEs cuando pensamos en la integralidad, importante cuando se piensa en los proyectos culturales; es un tema de educaci\u00f3n constante y que nos atraviesa el tiempo y puede ser desgastante\u201d.<\/p>\n\n\n\n<p>Cobertura\/Texto: Carmen Cortez<\/p>\n","protected":false},"excerpt":{"rendered":"<p>\u201cLos centros culturales y espacios para la gesti\u00f3n de las artes\u201d. El tema se abord\u00f3 en la tercera cita de Micr\u00f3fono Abierto que tuvo lugar en la jornada inaugural del 3er Encuentro de Pol\u00edticas y Econom\u00eda de la Cultura, organizado por el Observatorio de la UArtes. Participaron Juan Carlos Vargas, de Espacio Onder; Paulina Briones, de Casa Morada; y Jorge Osinaga, del Centro Cultural Mango. Intervino como moderador Juan Felipe Paredes.<\/p>\n","protected":false},"author":10,"featured_media":43785,"comment_status":"open","ping_status":"open","sticky":false,"template":"","format":"standard","meta":{"_acf_changed":false,"_uag_custom_page_level_css":"","_monsterinsights_skip_tracking":false,"_monsterinsights_sitenote_active":false,"_monsterinsights_sitenote_note":"","_monsterinsights_sitenote_category":0,"cybocfi_hide_featured_image":"","footnotes":""},"categories":[80,438,490,75,76,77,284,83],"tags":[1005],"infouartes":[],"class_list":["post-43784","post","type-post","status-publish","format-standard","has-post-thumbnail","hentry","category-academico","category-administrativos","category-alumni","category-docentes","category-estudiantes","category-gestion","category-investigacion","category-sedes","tag-encuentro-del-observatorio"],"acf":[],"yoast_head":"<!-- This site is optimized with the Yoast SEO plugin v27.4 - https:\/\/yoast.com\/product\/yoast-seo-wordpress\/ -->\n<title>Universidad de las Artes - Representantes de espacios y centros culturales analizan gesti\u00f3n en artes<\/title>\n<meta name=\"description\" content=\"Universidad de las Artes - Representantes de espacios y centros culturales analizan gesti\u00f3n en artes\" \/>\n<meta name=\"robots\" content=\"index, follow, max-snippet:-1, max-image-preview:large, max-video-preview:-1\" \/>\n<link rel=\"canonical\" href=\"https:\/\/www.uartes.edu.ec\/sitio\/blog\/2023\/06\/26\/la-gestion-de-las-artes-en-el-analisis-de-los-representantes-de-espacios-y-centros-culturales\/\" \/>\n<meta property=\"og:locale\" content=\"es_ES\" \/>\n<meta property=\"og:type\" content=\"article\" \/>\n<meta property=\"og:title\" content=\"Universidad de las Artes - Representantes de espacios y centros culturales analizan gesti\u00f3n en artes\" \/>\n<meta property=\"og:description\" content=\"Universidad de las Artes - Representantes de espacios y centros culturales analizan gesti\u00f3n en artes\" \/>\n<meta property=\"og:url\" content=\"https:\/\/www.uartes.edu.ec\/sitio\/blog\/2023\/06\/26\/la-gestion-de-las-artes-en-el-analisis-de-los-representantes-de-espacios-y-centros-culturales\/\" \/>\n<meta property=\"og:site_name\" content=\"Universidad de las Artes\" \/>\n<meta property=\"article:publisher\" content=\"https:\/\/www.facebook.com\/uartesec\" \/>\n<meta property=\"article:published_time\" content=\"2023-06-26T22:18:00+00:00\" \/>\n<meta property=\"article:modified_time\" content=\"2024-07-04T16:21:02+00:00\" \/>\n<meta property=\"og:image\" content=\"https:\/\/www.uartes.edu.ec\/sitio\/wp-content\/uploads\/2023\/06\/11-MICROFONO-ABIERTO-TERCER-ENCUENTRO.jpg\" \/>\n\t<meta property=\"og:image:width\" content=\"2000\" \/>\n\t<meta property=\"og:image:height\" content=\"1333\" \/>\n\t<meta property=\"og:image:type\" content=\"image\/jpeg\" \/>\n<meta name=\"author\" content=\"ccortez\" \/>\n<meta name=\"twitter:card\" content=\"summary_large_image\" \/>\n<meta name=\"twitter:creator\" content=\"@uartesec\" \/>\n<meta name=\"twitter:site\" content=\"@uartesec\" \/>\n<meta name=\"twitter:label1\" content=\"Escrito por\" \/>\n\t<meta name=\"twitter:data1\" content=\"ccortez\" \/>\n\t<meta name=\"twitter:label2\" content=\"Tiempo de lectura\" \/>\n\t<meta name=\"twitter:data2\" content=\"5 minutos\" \/>\n<script type=\"application\/ld+json\" class=\"yoast-schema-graph\">{\"@context\":\"https:\\\/\\\/schema.org\",\"@graph\":[{\"@type\":\"Article\",\"@id\":\"https:\\\/\\\/www.uartes.edu.ec\\\/sitio\\\/blog\\\/2023\\\/06\\\/26\\\/la-gestion-de-las-artes-en-el-analisis-de-los-representantes-de-espacios-y-centros-culturales\\\/#article\",\"isPartOf\":{\"@id\":\"https:\\\/\\\/www.uartes.edu.ec\\\/sitio\\\/blog\\\/2023\\\/06\\\/26\\\/la-gestion-de-las-artes-en-el-analisis-de-los-representantes-de-espacios-y-centros-culturales\\\/\"},\"author\":{\"name\":\"ccortez\",\"@id\":\"https:\\\/\\\/www.uartes.edu.ec\\\/sitio\\\/#\\\/schema\\\/person\\\/efa1b8275797664fd7f13a79ccc0b1f4\"},\"headline\":\"Representantes de espacios y centros culturales analizan gesti\u00f3n en artes\",\"datePublished\":\"2023-06-26T22:18:00+00:00\",\"dateModified\":\"2024-07-04T16:21:02+00:00\",\"mainEntityOfPage\":{\"@id\":\"https:\\\/\\\/www.uartes.edu.ec\\\/sitio\\\/blog\\\/2023\\\/06\\\/26\\\/la-gestion-de-las-artes-en-el-analisis-de-los-representantes-de-espacios-y-centros-culturales\\\/\"},\"wordCount\":864,\"commentCount\":0,\"publisher\":{\"@id\":\"https:\\\/\\\/www.uartes.edu.ec\\\/sitio\\\/#organization\"},\"image\":{\"@id\":\"https:\\\/\\\/www.uartes.edu.ec\\\/sitio\\\/blog\\\/2023\\\/06\\\/26\\\/la-gestion-de-las-artes-en-el-analisis-de-los-representantes-de-espacios-y-centros-culturales\\\/#primaryimage\"},\"thumbnailUrl\":\"https:\\\/\\\/www.uartes.edu.ec\\\/sitio\\\/wp-content\\\/uploads\\\/2023\\\/06\\\/11-MICROFONO-ABIERTO-TERCER-ENCUENTRO.jpg\",\"keywords\":[\"encuentro del Observatorio\"],\"articleSection\":[\"Acad\u00e9mico\",\"Administrativos\",\"Alumni\",\"Docentes\",\"Estudiantes\",\"Gesti\u00f3n\",\"Investigaci\u00f3n\",\"Sedes\"],\"inLanguage\":\"es\",\"potentialAction\":[{\"@type\":\"CommentAction\",\"name\":\"Comment\",\"target\":[\"https:\\\/\\\/www.uartes.edu.ec\\\/sitio\\\/blog\\\/2023\\\/06\\\/26\\\/la-gestion-de-las-artes-en-el-analisis-de-los-representantes-de-espacios-y-centros-culturales\\\/#respond\"]}]},{\"@type\":[\"WebPage\",\"ItemPage\"],\"@id\":\"https:\\\/\\\/www.uartes.edu.ec\\\/sitio\\\/blog\\\/2023\\\/06\\\/26\\\/la-gestion-de-las-artes-en-el-analisis-de-los-representantes-de-espacios-y-centros-culturales\\\/\",\"url\":\"https:\\\/\\\/www.uartes.edu.ec\\\/sitio\\\/blog\\\/2023\\\/06\\\/26\\\/la-gestion-de-las-artes-en-el-analisis-de-los-representantes-de-espacios-y-centros-culturales\\\/\",\"name\":\"Universidad de las Artes - Representantes de espacios y centros culturales analizan gesti\u00f3n en artes\",\"isPartOf\":{\"@id\":\"https:\\\/\\\/www.uartes.edu.ec\\\/sitio\\\/#website\"},\"primaryImageOfPage\":{\"@id\":\"https:\\\/\\\/www.uartes.edu.ec\\\/sitio\\\/blog\\\/2023\\\/06\\\/26\\\/la-gestion-de-las-artes-en-el-analisis-de-los-representantes-de-espacios-y-centros-culturales\\\/#primaryimage\"},\"image\":{\"@id\":\"https:\\\/\\\/www.uartes.edu.ec\\\/sitio\\\/blog\\\/2023\\\/06\\\/26\\\/la-gestion-de-las-artes-en-el-analisis-de-los-representantes-de-espacios-y-centros-culturales\\\/#primaryimage\"},\"thumbnailUrl\":\"https:\\\/\\\/www.uartes.edu.ec\\\/sitio\\\/wp-content\\\/uploads\\\/2023\\\/06\\\/11-MICROFONO-ABIERTO-TERCER-ENCUENTRO.jpg\",\"datePublished\":\"2023-06-26T22:18:00+00:00\",\"dateModified\":\"2024-07-04T16:21:02+00:00\",\"description\":\"Universidad de las Artes - Representantes de espacios y centros culturales analizan gesti\u00f3n en artes\",\"breadcrumb\":{\"@id\":\"https:\\\/\\\/www.uartes.edu.ec\\\/sitio\\\/blog\\\/2023\\\/06\\\/26\\\/la-gestion-de-las-artes-en-el-analisis-de-los-representantes-de-espacios-y-centros-culturales\\\/#breadcrumb\"},\"inLanguage\":\"es\",\"potentialAction\":[{\"@type\":\"ReadAction\",\"target\":[\"https:\\\/\\\/www.uartes.edu.ec\\\/sitio\\\/blog\\\/2023\\\/06\\\/26\\\/la-gestion-de-las-artes-en-el-analisis-de-los-representantes-de-espacios-y-centros-culturales\\\/\"]}]},{\"@type\":\"ImageObject\",\"inLanguage\":\"es\",\"@id\":\"https:\\\/\\\/www.uartes.edu.ec\\\/sitio\\\/blog\\\/2023\\\/06\\\/26\\\/la-gestion-de-las-artes-en-el-analisis-de-los-representantes-de-espacios-y-centros-culturales\\\/#primaryimage\",\"url\":\"https:\\\/\\\/www.uartes.edu.ec\\\/sitio\\\/wp-content\\\/uploads\\\/2023\\\/06\\\/11-MICROFONO-ABIERTO-TERCER-ENCUENTRO.jpg\",\"contentUrl\":\"https:\\\/\\\/www.uartes.edu.ec\\\/sitio\\\/wp-content\\\/uploads\\\/2023\\\/06\\\/11-MICROFONO-ABIERTO-TERCER-ENCUENTRO.jpg\",\"width\":2000,\"height\":1333},{\"@type\":\"BreadcrumbList\",\"@id\":\"https:\\\/\\\/www.uartes.edu.ec\\\/sitio\\\/blog\\\/2023\\\/06\\\/26\\\/la-gestion-de-las-artes-en-el-analisis-de-los-representantes-de-espacios-y-centros-culturales\\\/#breadcrumb\",\"itemListElement\":[{\"@type\":\"ListItem\",\"position\":1,\"name\":\"Inicio\",\"item\":\"https:\\\/\\\/www.uartes.edu.ec\\\/sitio\\\/\"},{\"@type\":\"ListItem\",\"position\":2,\"name\":\"Representantes de espacios y centros culturales analizan gesti\u00f3n en artes\"}]},{\"@type\":\"WebSite\",\"@id\":\"https:\\\/\\\/www.uartes.edu.ec\\\/sitio\\\/#website\",\"url\":\"https:\\\/\\\/www.uartes.edu.ec\\\/sitio\\\/\",\"name\":\"Universidad de las Artes\",\"description\":\"Sitio oficial de la Universidad Nacional de las Artes del Ecuador\",\"publisher\":{\"@id\":\"https:\\\/\\\/www.uartes.edu.ec\\\/sitio\\\/#organization\"},\"potentialAction\":[{\"@type\":\"SearchAction\",\"target\":{\"@type\":\"EntryPoint\",\"urlTemplate\":\"https:\\\/\\\/www.uartes.edu.ec\\\/sitio\\\/?s={search_term_string}\"},\"query-input\":{\"@type\":\"PropertyValueSpecification\",\"valueRequired\":true,\"valueName\":\"search_term_string\"}}],\"inLanguage\":\"es\"},{\"@type\":\"Organization\",\"@id\":\"https:\\\/\\\/www.uartes.edu.ec\\\/sitio\\\/#organization\",\"name\":\"Universidad de las Artes\",\"url\":\"https:\\\/\\\/www.uartes.edu.ec\\\/sitio\\\/\",\"logo\":{\"@type\":\"ImageObject\",\"inLanguage\":\"es\",\"@id\":\"https:\\\/\\\/www.uartes.edu.ec\\\/sitio\\\/#\\\/schema\\\/logo\\\/image\\\/\",\"url\":\"https:\\\/\\\/www.uartes.edu.ec\\\/sitio\\\/wp-content\\\/uploads\\\/2022\\\/07\\\/logo-ua-horizontal.png\",\"contentUrl\":\"https:\\\/\\\/www.uartes.edu.ec\\\/sitio\\\/wp-content\\\/uploads\\\/2022\\\/07\\\/logo-ua-horizontal.png\",\"width\":800,\"height\":276,\"caption\":\"Universidad de las Artes\"},\"image\":{\"@id\":\"https:\\\/\\\/www.uartes.edu.ec\\\/sitio\\\/#\\\/schema\\\/logo\\\/image\\\/\"},\"sameAs\":[\"https:\\\/\\\/www.facebook.com\\\/uartesec\",\"https:\\\/\\\/x.com\\\/uartesec\",\"https:\\\/\\\/www.tiktok.com\\\/@uartesec\"]},{\"@type\":\"Person\",\"@id\":\"https:\\\/\\\/www.uartes.edu.ec\\\/sitio\\\/#\\\/schema\\\/person\\\/efa1b8275797664fd7f13a79ccc0b1f4\",\"name\":\"ccortez\",\"image\":{\"@type\":\"ImageObject\",\"inLanguage\":\"es\",\"@id\":\"https:\\\/\\\/secure.gravatar.com\\\/avatar\\\/b2a6f664a3ae8e074346ef91775736c5ec479e637ecced6842de9dc98b5da9cd?s=96&d=mm&r=g\",\"url\":\"https:\\\/\\\/secure.gravatar.com\\\/avatar\\\/b2a6f664a3ae8e074346ef91775736c5ec479e637ecced6842de9dc98b5da9cd?s=96&d=mm&r=g\",\"contentUrl\":\"https:\\\/\\\/secure.gravatar.com\\\/avatar\\\/b2a6f664a3ae8e074346ef91775736c5ec479e637ecced6842de9dc98b5da9cd?s=96&d=mm&r=g\",\"caption\":\"ccortez\"},\"url\":\"https:\\\/\\\/www.uartes.edu.ec\\\/sitio\\\/blog\\\/author\\\/ccortez\\\/\"}]}<\/script>\n<!-- \/ Yoast SEO plugin. -->","yoast_head_json":{"title":"Universidad de las Artes - Representantes de espacios y centros culturales analizan gesti\u00f3n en artes","description":"Universidad de las Artes - Representantes de espacios y centros culturales analizan gesti\u00f3n en artes","robots":{"index":"index","follow":"follow","max-snippet":"max-snippet:-1","max-image-preview":"max-image-preview:large","max-video-preview":"max-video-preview:-1"},"canonical":"https:\/\/www.uartes.edu.ec\/sitio\/blog\/2023\/06\/26\/la-gestion-de-las-artes-en-el-analisis-de-los-representantes-de-espacios-y-centros-culturales\/","og_locale":"es_ES","og_type":"article","og_title":"Universidad de las Artes - Representantes de espacios y centros culturales analizan gesti\u00f3n en artes","og_description":"Universidad de las Artes - Representantes de espacios y centros culturales analizan gesti\u00f3n en artes","og_url":"https:\/\/www.uartes.edu.ec\/sitio\/blog\/2023\/06\/26\/la-gestion-de-las-artes-en-el-analisis-de-los-representantes-de-espacios-y-centros-culturales\/","og_site_name":"Universidad de las Artes","article_publisher":"https:\/\/www.facebook.com\/uartesec","article_published_time":"2023-06-26T22:18:00+00:00","article_modified_time":"2024-07-04T16:21:02+00:00","og_image":[{"width":2000,"height":1333,"url":"https:\/\/www.uartes.edu.ec\/sitio\/wp-content\/uploads\/2023\/06\/11-MICROFONO-ABIERTO-TERCER-ENCUENTRO.jpg","type":"image\/jpeg"}],"author":"ccortez","twitter_card":"summary_large_image","twitter_creator":"@uartesec","twitter_site":"@uartesec","twitter_misc":{"Escrito por":"ccortez","Tiempo de lectura":"5 minutos"},"schema":{"@context":"https:\/\/schema.org","@graph":[{"@type":"Article","@id":"https:\/\/www.uartes.edu.ec\/sitio\/blog\/2023\/06\/26\/la-gestion-de-las-artes-en-el-analisis-de-los-representantes-de-espacios-y-centros-culturales\/#article","isPartOf":{"@id":"https:\/\/www.uartes.edu.ec\/sitio\/blog\/2023\/06\/26\/la-gestion-de-las-artes-en-el-analisis-de-los-representantes-de-espacios-y-centros-culturales\/"},"author":{"name":"ccortez","@id":"https:\/\/www.uartes.edu.ec\/sitio\/#\/schema\/person\/efa1b8275797664fd7f13a79ccc0b1f4"},"headline":"Representantes de espacios y centros culturales analizan gesti\u00f3n en artes","datePublished":"2023-06-26T22:18:00+00:00","dateModified":"2024-07-04T16:21:02+00:00","mainEntityOfPage":{"@id":"https:\/\/www.uartes.edu.ec\/sitio\/blog\/2023\/06\/26\/la-gestion-de-las-artes-en-el-analisis-de-los-representantes-de-espacios-y-centros-culturales\/"},"wordCount":864,"commentCount":0,"publisher":{"@id":"https:\/\/www.uartes.edu.ec\/sitio\/#organization"},"image":{"@id":"https:\/\/www.uartes.edu.ec\/sitio\/blog\/2023\/06\/26\/la-gestion-de-las-artes-en-el-analisis-de-los-representantes-de-espacios-y-centros-culturales\/#primaryimage"},"thumbnailUrl":"https:\/\/www.uartes.edu.ec\/sitio\/wp-content\/uploads\/2023\/06\/11-MICROFONO-ABIERTO-TERCER-ENCUENTRO.jpg","keywords":["encuentro del Observatorio"],"articleSection":["Acad\u00e9mico","Administrativos","Alumni","Docentes","Estudiantes","Gesti\u00f3n","Investigaci\u00f3n","Sedes"],"inLanguage":"es","potentialAction":[{"@type":"CommentAction","name":"Comment","target":["https:\/\/www.uartes.edu.ec\/sitio\/blog\/2023\/06\/26\/la-gestion-de-las-artes-en-el-analisis-de-los-representantes-de-espacios-y-centros-culturales\/#respond"]}]},{"@type":["WebPage","ItemPage"],"@id":"https:\/\/www.uartes.edu.ec\/sitio\/blog\/2023\/06\/26\/la-gestion-de-las-artes-en-el-analisis-de-los-representantes-de-espacios-y-centros-culturales\/","url":"https:\/\/www.uartes.edu.ec\/sitio\/blog\/2023\/06\/26\/la-gestion-de-las-artes-en-el-analisis-de-los-representantes-de-espacios-y-centros-culturales\/","name":"Universidad de las Artes - Representantes de espacios y centros culturales analizan gesti\u00f3n en artes","isPartOf":{"@id":"https:\/\/www.uartes.edu.ec\/sitio\/#website"},"primaryImageOfPage":{"@id":"https:\/\/www.uartes.edu.ec\/sitio\/blog\/2023\/06\/26\/la-gestion-de-las-artes-en-el-analisis-de-los-representantes-de-espacios-y-centros-culturales\/#primaryimage"},"image":{"@id":"https:\/\/www.uartes.edu.ec\/sitio\/blog\/2023\/06\/26\/la-gestion-de-las-artes-en-el-analisis-de-los-representantes-de-espacios-y-centros-culturales\/#primaryimage"},"thumbnailUrl":"https:\/\/www.uartes.edu.ec\/sitio\/wp-content\/uploads\/2023\/06\/11-MICROFONO-ABIERTO-TERCER-ENCUENTRO.jpg","datePublished":"2023-06-26T22:18:00+00:00","dateModified":"2024-07-04T16:21:02+00:00","description":"Universidad de las Artes - Representantes de espacios y centros culturales analizan gesti\u00f3n en artes","breadcrumb":{"@id":"https:\/\/www.uartes.edu.ec\/sitio\/blog\/2023\/06\/26\/la-gestion-de-las-artes-en-el-analisis-de-los-representantes-de-espacios-y-centros-culturales\/#breadcrumb"},"inLanguage":"es","potentialAction":[{"@type":"ReadAction","target":["https:\/\/www.uartes.edu.ec\/sitio\/blog\/2023\/06\/26\/la-gestion-de-las-artes-en-el-analisis-de-los-representantes-de-espacios-y-centros-culturales\/"]}]},{"@type":"ImageObject","inLanguage":"es","@id":"https:\/\/www.uartes.edu.ec\/sitio\/blog\/2023\/06\/26\/la-gestion-de-las-artes-en-el-analisis-de-los-representantes-de-espacios-y-centros-culturales\/#primaryimage","url":"https:\/\/www.uartes.edu.ec\/sitio\/wp-content\/uploads\/2023\/06\/11-MICROFONO-ABIERTO-TERCER-ENCUENTRO.jpg","contentUrl":"https:\/\/www.uartes.edu.ec\/sitio\/wp-content\/uploads\/2023\/06\/11-MICROFONO-ABIERTO-TERCER-ENCUENTRO.jpg","width":2000,"height":1333},{"@type":"BreadcrumbList","@id":"https:\/\/www.uartes.edu.ec\/sitio\/blog\/2023\/06\/26\/la-gestion-de-las-artes-en-el-analisis-de-los-representantes-de-espacios-y-centros-culturales\/#breadcrumb","itemListElement":[{"@type":"ListItem","position":1,"name":"Inicio","item":"https:\/\/www.uartes.edu.ec\/sitio\/"},{"@type":"ListItem","position":2,"name":"Representantes de espacios y centros culturales analizan gesti\u00f3n en artes"}]},{"@type":"WebSite","@id":"https:\/\/www.uartes.edu.ec\/sitio\/#website","url":"https:\/\/www.uartes.edu.ec\/sitio\/","name":"Universidad de las Artes","description":"Sitio oficial de la Universidad Nacional de las Artes del Ecuador","publisher":{"@id":"https:\/\/www.uartes.edu.ec\/sitio\/#organization"},"potentialAction":[{"@type":"SearchAction","target":{"@type":"EntryPoint","urlTemplate":"https:\/\/www.uartes.edu.ec\/sitio\/?s={search_term_string}"},"query-input":{"@type":"PropertyValueSpecification","valueRequired":true,"valueName":"search_term_string"}}],"inLanguage":"es"},{"@type":"Organization","@id":"https:\/\/www.uartes.edu.ec\/sitio\/#organization","name":"Universidad de las Artes","url":"https:\/\/www.uartes.edu.ec\/sitio\/","logo":{"@type":"ImageObject","inLanguage":"es","@id":"https:\/\/www.uartes.edu.ec\/sitio\/#\/schema\/logo\/image\/","url":"https:\/\/www.uartes.edu.ec\/sitio\/wp-content\/uploads\/2022\/07\/logo-ua-horizontal.png","contentUrl":"https:\/\/www.uartes.edu.ec\/sitio\/wp-content\/uploads\/2022\/07\/logo-ua-horizontal.png","width":800,"height":276,"caption":"Universidad de las Artes"},"image":{"@id":"https:\/\/www.uartes.edu.ec\/sitio\/#\/schema\/logo\/image\/"},"sameAs":["https:\/\/www.facebook.com\/uartesec","https:\/\/x.com\/uartesec","https:\/\/www.tiktok.com\/@uartesec"]},{"@type":"Person","@id":"https:\/\/www.uartes.edu.ec\/sitio\/#\/schema\/person\/efa1b8275797664fd7f13a79ccc0b1f4","name":"ccortez","image":{"@type":"ImageObject","inLanguage":"es","@id":"https:\/\/secure.gravatar.com\/avatar\/b2a6f664a3ae8e074346ef91775736c5ec479e637ecced6842de9dc98b5da9cd?s=96&d=mm&r=g","url":"https:\/\/secure.gravatar.com\/avatar\/b2a6f664a3ae8e074346ef91775736c5ec479e637ecced6842de9dc98b5da9cd?s=96&d=mm&r=g","contentUrl":"https:\/\/secure.gravatar.com\/avatar\/b2a6f664a3ae8e074346ef91775736c5ec479e637ecced6842de9dc98b5da9cd?s=96&d=mm&r=g","caption":"ccortez"},"url":"https:\/\/www.uartes.edu.ec\/sitio\/blog\/author\/ccortez\/"}]}},"uagb_featured_image_src":{"full":["https:\/\/www.uartes.edu.ec\/sitio\/wp-content\/uploads\/2023\/06\/11-MICROFONO-ABIERTO-TERCER-ENCUENTRO.jpg",2000,1333,false],"thumbnail":["https:\/\/www.uartes.edu.ec\/sitio\/wp-content\/uploads\/2023\/06\/11-MICROFONO-ABIERTO-TERCER-ENCUENTRO-150x150.jpg",150,150,true],"medium":["https:\/\/www.uartes.edu.ec\/sitio\/wp-content\/uploads\/2023\/06\/11-MICROFONO-ABIERTO-TERCER-ENCUENTRO-300x200.jpg",300,200,true],"medium_large":["https:\/\/www.uartes.edu.ec\/sitio\/wp-content\/uploads\/2023\/06\/11-MICROFONO-ABIERTO-TERCER-ENCUENTRO-768x512.jpg",768,512,true],"large":["https:\/\/www.uartes.edu.ec\/sitio\/wp-content\/uploads\/2023\/06\/11-MICROFONO-ABIERTO-TERCER-ENCUENTRO-644x429.jpg",644,429,true],"1536x1536":["https:\/\/www.uartes.edu.ec\/sitio\/wp-content\/uploads\/2023\/06\/11-MICROFONO-ABIERTO-TERCER-ENCUENTRO-1536x1024.jpg",1536,1024,true],"2048x2048":["https:\/\/www.uartes.edu.ec\/sitio\/wp-content\/uploads\/2023\/06\/11-MICROFONO-ABIERTO-TERCER-ENCUENTRO.jpg",2000,1333,false],"trp-custom-language-flag":["https:\/\/www.uartes.edu.ec\/sitio\/wp-content\/uploads\/2023\/06\/11-MICROFONO-ABIERTO-TERCER-ENCUENTRO.jpg",18,12,false],"htmega_size_585x295":["https:\/\/www.uartes.edu.ec\/sitio\/wp-content\/uploads\/2023\/06\/11-MICROFONO-ABIERTO-TERCER-ENCUENTRO-585x295.jpg",585,295,true],"htmega_size_1170x536":["https:\/\/www.uartes.edu.ec\/sitio\/wp-content\/uploads\/2023\/06\/11-MICROFONO-ABIERTO-TERCER-ENCUENTRO-1170x536.jpg",1170,536,true],"htmega_size_396x360":["https:\/\/www.uartes.edu.ec\/sitio\/wp-content\/uploads\/2023\/06\/11-MICROFONO-ABIERTO-TERCER-ENCUENTRO-396x360.jpg",396,360,true],"gb-block-post-grid-landscape":["https:\/\/www.uartes.edu.ec\/sitio\/wp-content\/uploads\/2023\/06\/11-MICROFONO-ABIERTO-TERCER-ENCUENTRO-600x400.jpg",600,400,true],"gb-block-post-grid-square":["https:\/\/www.uartes.edu.ec\/sitio\/wp-content\/uploads\/2023\/06\/11-MICROFONO-ABIERTO-TERCER-ENCUENTRO-600x600.jpg",600,600,true],"university-hub-thumb":["https:\/\/www.uartes.edu.ec\/sitio\/wp-content\/uploads\/2023\/06\/11-MICROFONO-ABIERTO-TERCER-ENCUENTRO-400x267.jpg",400,267,true]},"uagb_author_info":{"display_name":"ccortez","author_link":"https:\/\/www.uartes.edu.ec\/sitio\/blog\/author\/ccortez\/"},"uagb_comment_info":0,"uagb_excerpt":"\u201cLos centros culturales y espacios para la gesti\u00f3n de las artes\u201d. El tema se abord\u00f3 en la tercera cita de Micr\u00f3fono Abierto que tuvo lugar en la jornada inaugural del 3er Encuentro de Pol\u00edticas y Econom\u00eda de la Cultura, organizado por el Observatorio de la UArtes. Participaron Juan Carlos Vargas, de Espacio Onder; Paulina Briones,&hellip;","featured_image_src":"https:\/\/www.uartes.edu.ec\/sitio\/wp-content\/uploads\/2023\/06\/11-MICROFONO-ABIERTO-TERCER-ENCUENTRO-600x400.jpg","featured_image_src_square":"https:\/\/www.uartes.edu.ec\/sitio\/wp-content\/uploads\/2023\/06\/11-MICROFONO-ABIERTO-TERCER-ENCUENTRO-600x600.jpg","author_info":{"display_name":"ccortez","author_link":"https:\/\/www.uartes.edu.ec\/sitio\/blog\/author\/ccortez\/"},"publishpress_future_workflow_manual_trigger":{"enabledWorkflows":[]},"distributor_meta":false,"distributor_terms":false,"distributor_media":false,"distributor_original_site_name":"Universidad de las Artes","distributor_original_site_url":"https:\/\/www.uartes.edu.ec\/sitio","push-errors":false,"_links":{"self":[{"href":"https:\/\/www.uartes.edu.ec\/sitio\/wp-json\/wp\/v2\/posts\/43784","targetHints":{"allow":["GET"]}}],"collection":[{"href":"https:\/\/www.uartes.edu.ec\/sitio\/wp-json\/wp\/v2\/posts"}],"about":[{"href":"https:\/\/www.uartes.edu.ec\/sitio\/wp-json\/wp\/v2\/types\/post"}],"author":[{"embeddable":true,"href":"https:\/\/www.uartes.edu.ec\/sitio\/wp-json\/wp\/v2\/users\/10"}],"replies":[{"embeddable":true,"href":"https:\/\/www.uartes.edu.ec\/sitio\/wp-json\/wp\/v2\/comments?post=43784"}],"version-history":[{"count":9,"href":"https:\/\/www.uartes.edu.ec\/sitio\/wp-json\/wp\/v2\/posts\/43784\/revisions"}],"predecessor-version":[{"id":45777,"href":"https:\/\/www.uartes.edu.ec\/sitio\/wp-json\/wp\/v2\/posts\/43784\/revisions\/45777"}],"wp:featuredmedia":[{"embeddable":true,"href":"https:\/\/www.uartes.edu.ec\/sitio\/wp-json\/wp\/v2\/media\/43785"}],"wp:attachment":[{"href":"https:\/\/www.uartes.edu.ec\/sitio\/wp-json\/wp\/v2\/media?parent=43784"}],"wp:term":[{"taxonomy":"category","embeddable":true,"href":"https:\/\/www.uartes.edu.ec\/sitio\/wp-json\/wp\/v2\/categories?post=43784"},{"taxonomy":"post_tag","embeddable":true,"href":"https:\/\/www.uartes.edu.ec\/sitio\/wp-json\/wp\/v2\/tags?post=43784"},{"taxonomy":"infouartes","embeddable":true,"href":"https:\/\/www.uartes.edu.ec\/sitio\/wp-json\/wp\/v2\/infouartes?post=43784"}],"curies":[{"name":"wp","href":"https:\/\/api.w.org\/{rel}","templated":true}]}}