{"id":4498,"date":"2019-10-16T15:52:16","date_gmt":"2019-10-16T20:52:16","guid":{"rendered":"http:\/\/www.uartes.edu.ec\/sitio\/?p=4498"},"modified":"2024-07-04T11:50:00","modified_gmt":"2024-07-04T16:50:00","slug":"abierta-en-ria-la-libreria-rita-lecumberri-del-fce","status":"publish","type":"post","link":"https:\/\/www.uartes.edu.ec\/sitio\/blog\/2019\/10\/16\/abierta-en-ria-la-libreria-rita-lecumberri-del-fce\/","title":{"rendered":"Abierta en R\u00eda la librer\u00eda Rita Lecumberri del FCE"},"content":{"rendered":"\n<p style=\"text-align:right\"><em>Atiende de martes a domingo. Se pueden encontrar publicaciones\ndirigidas a lectores desde los 4 hasta los 14 a\u00f1os. En su mayor\u00eda pertenecen a\nla editorial Fondo de Cultura Econ\u00f3mica, que naci\u00f3 en M\u00e9xico, pero tambi\u00e9n hay\nde sellos nacionales, como El Conejo, Eskeletra y Libresa.<\/em><\/p>\n\n\n\n<p>A la entrada de R\u00eda, el espacio de creaci\u00f3n y educaci\u00f3n en\nartes con ni\u00f1as y ni\u00f1os ubicado en la planta baja de la Biblioteca de las\nArtes, se encuentra la librer\u00eda del Fondo de Cultura Econ\u00f3mica (FCE) que hoy\nabri\u00f3 sus puertas. Provisto de cientos de publicaciones para lectores de 4 a 14\na\u00f1os, el sitio resulta acogedor y sus estanter\u00edas son una invitaci\u00f3n para ver\nde cerca libros de t\u00edtulos e ilustraciones atrayentes.<\/p>\n\n\n\n<p>All\u00ed, a\u00fan ordenando los ejemplares, Ramiro Freire Mayorga,\ncoordinador en Guayas del FCE, explica que la inauguraci\u00f3n de la librer\u00eda est\u00e1\nprevista para este s\u00e1bado 19 de octubre, pero desde ya los padres de familia\npueden acudir con sus j\u00f3venes lectores para conocer los libros con los que\ncuenta el Fondo de Cultura Econ\u00f3mica, una editorial que naci\u00f3 en M\u00e9xico y que\nahora, as\u00ed como en Ecuador, se encuentra en varios pa\u00edses, &nbsp;<\/p>\n\n\n\n<p>\u201cLa librer\u00eda se caracteriza por tener libros infantiles y juveniles;\nla propuesta es dar a conocer al lector guayaquile\u00f1o nuestro fondo, as\u00ed como a\nlas y los ilustradores y escritores nacionales e internacionales que est\u00e1n en\nla editorial\u201d, anota Freire y menciona, entre otros, a autores como Anthony\nBrowne, Oliver Jeffers, Adolfo Serra, Sebasti\u00e1n Meschenmoser y Mar\u00eda Fernanda\nHeredia. \u201cContamos con libros de colecci\u00f3n para primeros lectores y para\nlectores avanzados\u201d, a\u00f1ade.<\/p>\n\n\n\n<p>El coordinador en Guayas del FCE no cuantifica los libros\nque en su apertura tiene la librer\u00eda del FCE en R\u00eda. \u201cSon cientos\u201d, anota al\ntiempo de asegurar que llegar\u00e1n muchos m\u00e1s y que los precios son asequibles,\npues fluct\u00faan entre 5 y 15 d\u00f3lares.<\/p>\n\n\n\n<p>Tambi\u00e9n menciona que, aunque inicialmente se anunci\u00f3 que la\nlibrer\u00eda llevar\u00eda el nombre del escritor guayaquile\u00f1o Miguel Donoso Pareja\n(1931-2015), esta abre sus puertas como Rita Lecumberri (1831-1910), la poeta\ntambi\u00e9n de Guayaquil que tuvo una gran preocupaci\u00f3n por la educaci\u00f3n de las\nni\u00f1as. \u201cEs justamente por su trabajo que se decidi\u00f3 hacer el cambio de nombre\u201d.<\/p>\n\n\n\n<p>A\u00f1ade que Miguel Donoso Pareja se llamar\u00e1 la librer\u00eda que el\nFCE tambi\u00e9n abrir\u00e1 en el Centro de Producci\u00f3n e Innovaci\u00f3n MZ14, ubicado en\nPanam\u00e1 y 9 de Octubre. \u201cLos libros que pondremos all\u00ed ser\u00e1n de tem\u00e1tica variada\ne inter\u00e9s general\u201d. En R\u00eda, la librer\u00eda Rita Lecumberri del Fondo de Cultura\nEcon\u00f3mica atender\u00e1 de martes a viernes, desde las 09h00 hasta las 18h00;\ns\u00e1bado, de 10h00 a 18h00; y, domingo, de 10h00 a 14h00.<\/p>\n\n\n\n<div class=\"wp-block-image\"><figure class=\"aligncenter\"><img fetchpriority=\"high\" decoding=\"async\" width=\"644\" height=\"429\" src=\"http:\/\/www.uartes.edu.ec\/sitio\/wp-content\/uploads\/2019\/10\/FONDO-RIA-OK-2-644x429.jpg\" alt=\"\" class=\"wp-image-4499\" srcset=\"https:\/\/www.uartes.edu.ec\/sitio\/wp-content\/uploads\/2019\/10\/FONDO-RIA-OK-2-644x429.jpg 644w, https:\/\/www.uartes.edu.ec\/sitio\/wp-content\/uploads\/2019\/10\/FONDO-RIA-OK-2-300x200.jpg 300w, https:\/\/www.uartes.edu.ec\/sitio\/wp-content\/uploads\/2019\/10\/FONDO-RIA-OK-2-768x512.jpg 768w, https:\/\/www.uartes.edu.ec\/sitio\/wp-content\/uploads\/2019\/10\/FONDO-RIA-OK-2-400x267.jpg 400w, https:\/\/www.uartes.edu.ec\/sitio\/wp-content\/uploads\/2019\/10\/FONDO-RIA-OK-2-272x182.jpg 272w, https:\/\/www.uartes.edu.ec\/sitio\/wp-content\/uploads\/2019\/10\/FONDO-RIA-OK-2.jpg 1280w\" sizes=\"(max-width: 644px) 100vw, 644px\" \/><\/figure><\/div>\n\n\n\n<p><strong>Algunos t\u00edtulos<\/strong><\/p>\n\n\n\n<p>\u201cGorila\u201d, \u201cWilly y la nube\u201d, \u201cWilly el t\u00edmido\u201d, \u201cWilly el\nmago\u201d y \u201cEl t\u00fanel\u201d, de Anthony Browne; \u201c22 Hu\u00e9rfanos\u201d, de Tjibbe Veldkamp y\nPhilip Hopman; \u201cCaperucita Roja\u201d, de Adolfo Serra; \u201cRomeo y Julieta\u201d, de\nWilliam Shakespeare, con ilustraciones de Merc\u00e9 L\u00f3pez; \u201cImposible\u201d y\n\u201cAbecedario a mano\u201d, de Isol; \u201cEma y el silencio\u201d, de Laura Escudero Tobler y\nRoger Ycaza; \u201cLos siete tremendos cabritos\u201d, de Sebasti\u00e1n Meschenmoser; \u201cEl\ncoraz\u00f3n y la botella\u201d, de Oliver Jeffers; y, \u201cCocodrilo va al dentista\u201d, de\nTaro Gomi. Tambi\u00e9n consta \u201c\u00c1rbol de la vida\u201d, de Marco Aurelio Chavezmaya, con\nilustraciones de Manuel Monroy, libro que recibi\u00f3 el Premio Hispanoamericano de\nPoes\u00eda para Ni\u00f1os en 2009.<\/p>\n","protected":false},"excerpt":{"rendered":"<p>Atiende de martes a domingo. Se pueden encontrar publicaciones dirigidas a lectores desde los 4 hasta los 14 a\u00f1os. En su mayor\u00eda pertenecen a la editorial Fondo de Cultura Econ\u00f3mica, que naci\u00f3 en M\u00e9xico, pero tambi\u00e9n hay de sellos nacionales, como El Conejo, Eskeletra y Libresa.<\/p>\n","protected":false},"author":1,"featured_media":4500,"comment_status":"closed","ping_status":"closed","sticky":false,"template":"","format":"standard","meta":{"_acf_changed":false,"_uag_custom_page_level_css":"","_monsterinsights_skip_tracking":false,"_monsterinsights_sitenote_active":false,"_monsterinsights_sitenote_note":"","_monsterinsights_sitenote_category":0,"cybocfi_hide_featured_image":"","footnotes":""},"categories":[79],"tags":[41],"infouartes":[],"class_list":["post-4498","post","type-post","status-publish","format-standard","has-post-thumbnail","hentry","category-vinculo","tag-biblioteca"],"acf":[],"yoast_head":"<!-- This site is optimized with the Yoast SEO plugin v27.4 - https:\/\/yoast.com\/product\/yoast-seo-wordpress\/ -->\n<title>Universidad de las Artes - Abierta en R\u00eda la librer\u00eda Rita Lecumberri del FCE<\/title>\n<meta name=\"description\" content=\"Universidad de las Artes - Abierta en R\u00eda la librer\u00eda Rita Lecumberri del FCE\" \/>\n<meta name=\"robots\" content=\"index, follow, max-snippet:-1, max-image-preview:large, max-video-preview:-1\" \/>\n<link rel=\"canonical\" href=\"https:\/\/www.uartes.edu.ec\/sitio\/blog\/2019\/10\/16\/abierta-en-ria-la-libreria-rita-lecumberri-del-fce\/\" \/>\n<meta property=\"og:locale\" content=\"es_ES\" \/>\n<meta property=\"og:type\" content=\"article\" \/>\n<meta property=\"og:title\" content=\"Universidad de las Artes - Abierta en R\u00eda la librer\u00eda Rita Lecumberri del FCE\" \/>\n<meta property=\"og:description\" content=\"Universidad de las Artes - Abierta en R\u00eda la librer\u00eda Rita Lecumberri del FCE\" \/>\n<meta property=\"og:url\" content=\"https:\/\/www.uartes.edu.ec\/sitio\/blog\/2019\/10\/16\/abierta-en-ria-la-libreria-rita-lecumberri-del-fce\/\" \/>\n<meta property=\"og:site_name\" content=\"Universidad de las Artes\" \/>\n<meta property=\"article:publisher\" content=\"https:\/\/www.facebook.com\/uartesec\" \/>\n<meta property=\"article:published_time\" content=\"2019-10-16T20:52:16+00:00\" \/>\n<meta property=\"article:modified_time\" content=\"2024-07-04T16:50:00+00:00\" \/>\n<meta property=\"og:image\" content=\"https:\/\/www.uartes.edu.ec\/sitio\/wp-content\/uploads\/2019\/10\/FONDO-RIA-OK.jpg\" \/>\n\t<meta property=\"og:image:width\" content=\"1280\" \/>\n\t<meta property=\"og:image:height\" content=\"854\" \/>\n\t<meta property=\"og:image:type\" content=\"image\/jpeg\" \/>\n<meta name=\"author\" content=\"Universidad de las Artes\" \/>\n<meta name=\"twitter:card\" content=\"summary_large_image\" \/>\n<meta name=\"twitter:creator\" content=\"@uartesec\" \/>\n<meta name=\"twitter:site\" content=\"@uartesec\" \/>\n<meta name=\"twitter:label1\" content=\"Escrito por\" \/>\n\t<meta name=\"twitter:data1\" content=\"Universidad de las Artes\" \/>\n\t<meta name=\"twitter:label2\" content=\"Tiempo de lectura\" \/>\n\t<meta name=\"twitter:data2\" content=\"3 minutos\" \/>\n<script type=\"application\/ld+json\" class=\"yoast-schema-graph\">{\"@context\":\"https:\\\/\\\/schema.org\",\"@graph\":[{\"@type\":\"Article\",\"@id\":\"https:\\\/\\\/www.uartes.edu.ec\\\/sitio\\\/blog\\\/2019\\\/10\\\/16\\\/abierta-en-ria-la-libreria-rita-lecumberri-del-fce\\\/#article\",\"isPartOf\":{\"@id\":\"https:\\\/\\\/www.uartes.edu.ec\\\/sitio\\\/blog\\\/2019\\\/10\\\/16\\\/abierta-en-ria-la-libreria-rita-lecumberri-del-fce\\\/\"},\"author\":{\"name\":\"Universidad de las Artes\",\"@id\":\"https:\\\/\\\/www.uartes.edu.ec\\\/sitio\\\/#\\\/schema\\\/person\\\/f33f8c1d2af0d5c80a38c8abf458184a\"},\"headline\":\"Abierta en R\u00eda la librer\u00eda Rita Lecumberri del FCE\",\"datePublished\":\"2019-10-16T20:52:16+00:00\",\"dateModified\":\"2024-07-04T16:50:00+00:00\",\"mainEntityOfPage\":{\"@id\":\"https:\\\/\\\/www.uartes.edu.ec\\\/sitio\\\/blog\\\/2019\\\/10\\\/16\\\/abierta-en-ria-la-libreria-rita-lecumberri-del-fce\\\/\"},\"wordCount\":621,\"publisher\":{\"@id\":\"https:\\\/\\\/www.uartes.edu.ec\\\/sitio\\\/#organization\"},\"image\":{\"@id\":\"https:\\\/\\\/www.uartes.edu.ec\\\/sitio\\\/blog\\\/2019\\\/10\\\/16\\\/abierta-en-ria-la-libreria-rita-lecumberri-del-fce\\\/#primaryimage\"},\"thumbnailUrl\":\"https:\\\/\\\/www.uartes.edu.ec\\\/sitio\\\/wp-content\\\/uploads\\\/2019\\\/10\\\/FONDO-RIA-OK.jpg\",\"keywords\":[\"biblioteca\"],\"articleSection\":[\"V\u00ednculo\"],\"inLanguage\":\"es\"},{\"@type\":[\"WebPage\",\"ItemPage\"],\"@id\":\"https:\\\/\\\/www.uartes.edu.ec\\\/sitio\\\/blog\\\/2019\\\/10\\\/16\\\/abierta-en-ria-la-libreria-rita-lecumberri-del-fce\\\/\",\"url\":\"https:\\\/\\\/www.uartes.edu.ec\\\/sitio\\\/blog\\\/2019\\\/10\\\/16\\\/abierta-en-ria-la-libreria-rita-lecumberri-del-fce\\\/\",\"name\":\"Universidad de las Artes - Abierta en R\u00eda la librer\u00eda Rita Lecumberri del FCE\",\"isPartOf\":{\"@id\":\"https:\\\/\\\/www.uartes.edu.ec\\\/sitio\\\/#website\"},\"primaryImageOfPage\":{\"@id\":\"https:\\\/\\\/www.uartes.edu.ec\\\/sitio\\\/blog\\\/2019\\\/10\\\/16\\\/abierta-en-ria-la-libreria-rita-lecumberri-del-fce\\\/#primaryimage\"},\"image\":{\"@id\":\"https:\\\/\\\/www.uartes.edu.ec\\\/sitio\\\/blog\\\/2019\\\/10\\\/16\\\/abierta-en-ria-la-libreria-rita-lecumberri-del-fce\\\/#primaryimage\"},\"thumbnailUrl\":\"https:\\\/\\\/www.uartes.edu.ec\\\/sitio\\\/wp-content\\\/uploads\\\/2019\\\/10\\\/FONDO-RIA-OK.jpg\",\"datePublished\":\"2019-10-16T20:52:16+00:00\",\"dateModified\":\"2024-07-04T16:50:00+00:00\",\"description\":\"Universidad de las Artes - Abierta en R\u00eda la librer\u00eda Rita Lecumberri del FCE\",\"breadcrumb\":{\"@id\":\"https:\\\/\\\/www.uartes.edu.ec\\\/sitio\\\/blog\\\/2019\\\/10\\\/16\\\/abierta-en-ria-la-libreria-rita-lecumberri-del-fce\\\/#breadcrumb\"},\"inLanguage\":\"es\",\"potentialAction\":[{\"@type\":\"ReadAction\",\"target\":[\"https:\\\/\\\/www.uartes.edu.ec\\\/sitio\\\/blog\\\/2019\\\/10\\\/16\\\/abierta-en-ria-la-libreria-rita-lecumberri-del-fce\\\/\"]}]},{\"@type\":\"ImageObject\",\"inLanguage\":\"es\",\"@id\":\"https:\\\/\\\/www.uartes.edu.ec\\\/sitio\\\/blog\\\/2019\\\/10\\\/16\\\/abierta-en-ria-la-libreria-rita-lecumberri-del-fce\\\/#primaryimage\",\"url\":\"https:\\\/\\\/www.uartes.edu.ec\\\/sitio\\\/wp-content\\\/uploads\\\/2019\\\/10\\\/FONDO-RIA-OK.jpg\",\"contentUrl\":\"https:\\\/\\\/www.uartes.edu.ec\\\/sitio\\\/wp-content\\\/uploads\\\/2019\\\/10\\\/FONDO-RIA-OK.jpg\",\"width\":1280,\"height\":854},{\"@type\":\"BreadcrumbList\",\"@id\":\"https:\\\/\\\/www.uartes.edu.ec\\\/sitio\\\/blog\\\/2019\\\/10\\\/16\\\/abierta-en-ria-la-libreria-rita-lecumberri-del-fce\\\/#breadcrumb\",\"itemListElement\":[{\"@type\":\"ListItem\",\"position\":1,\"name\":\"Inicio\",\"item\":\"https:\\\/\\\/www.uartes.edu.ec\\\/sitio\\\/\"},{\"@type\":\"ListItem\",\"position\":2,\"name\":\"Abierta en R\u00eda la librer\u00eda Rita Lecumberri del FCE\"}]},{\"@type\":\"WebSite\",\"@id\":\"https:\\\/\\\/www.uartes.edu.ec\\\/sitio\\\/#website\",\"url\":\"https:\\\/\\\/www.uartes.edu.ec\\\/sitio\\\/\",\"name\":\"Universidad de las Artes\",\"description\":\"Sitio oficial de la Universidad Nacional de las Artes del Ecuador\",\"publisher\":{\"@id\":\"https:\\\/\\\/www.uartes.edu.ec\\\/sitio\\\/#organization\"},\"potentialAction\":[{\"@type\":\"SearchAction\",\"target\":{\"@type\":\"EntryPoint\",\"urlTemplate\":\"https:\\\/\\\/www.uartes.edu.ec\\\/sitio\\\/?s={search_term_string}\"},\"query-input\":{\"@type\":\"PropertyValueSpecification\",\"valueRequired\":true,\"valueName\":\"search_term_string\"}}],\"inLanguage\":\"es\"},{\"@type\":\"Organization\",\"@id\":\"https:\\\/\\\/www.uartes.edu.ec\\\/sitio\\\/#organization\",\"name\":\"Universidad de las Artes\",\"url\":\"https:\\\/\\\/www.uartes.edu.ec\\\/sitio\\\/\",\"logo\":{\"@type\":\"ImageObject\",\"inLanguage\":\"es\",\"@id\":\"https:\\\/\\\/www.uartes.edu.ec\\\/sitio\\\/#\\\/schema\\\/logo\\\/image\\\/\",\"url\":\"https:\\\/\\\/www.uartes.edu.ec\\\/sitio\\\/wp-content\\\/uploads\\\/2022\\\/07\\\/logo-ua-horizontal.png\",\"contentUrl\":\"https:\\\/\\\/www.uartes.edu.ec\\\/sitio\\\/wp-content\\\/uploads\\\/2022\\\/07\\\/logo-ua-horizontal.png\",\"width\":800,\"height\":276,\"caption\":\"Universidad de las Artes\"},\"image\":{\"@id\":\"https:\\\/\\\/www.uartes.edu.ec\\\/sitio\\\/#\\\/schema\\\/logo\\\/image\\\/\"},\"sameAs\":[\"https:\\\/\\\/www.facebook.com\\\/uartesec\",\"https:\\\/\\\/x.com\\\/uartesec\",\"https:\\\/\\\/www.tiktok.com\\\/@uartesec\"]},{\"@type\":\"Person\",\"@id\":\"https:\\\/\\\/www.uartes.edu.ec\\\/sitio\\\/#\\\/schema\\\/person\\\/f33f8c1d2af0d5c80a38c8abf458184a\",\"name\":\"Universidad de las Artes\",\"image\":{\"@type\":\"ImageObject\",\"inLanguage\":\"es\",\"@id\":\"https:\\\/\\\/secure.gravatar.com\\\/avatar\\\/52e4757902f5cfa5ac52d020e5be83cae5487519154b6c35482fe08d589f3c13?s=96&d=mm&r=g\",\"url\":\"https:\\\/\\\/secure.gravatar.com\\\/avatar\\\/52e4757902f5cfa5ac52d020e5be83cae5487519154b6c35482fe08d589f3c13?s=96&d=mm&r=g\",\"contentUrl\":\"https:\\\/\\\/secure.gravatar.com\\\/avatar\\\/52e4757902f5cfa5ac52d020e5be83cae5487519154b6c35482fe08d589f3c13?s=96&d=mm&r=g\",\"caption\":\"Universidad de las Artes\"},\"url\":\"https:\\\/\\\/www.uartes.edu.ec\\\/sitio\\\/blog\\\/author\\\/dircomadm\\\/\"}]}<\/script>\n<!-- \/ Yoast SEO plugin. -->","yoast_head_json":{"title":"Universidad de las Artes - Abierta en R\u00eda la librer\u00eda Rita Lecumberri del FCE","description":"Universidad de las Artes - Abierta en R\u00eda la librer\u00eda Rita Lecumberri del FCE","robots":{"index":"index","follow":"follow","max-snippet":"max-snippet:-1","max-image-preview":"max-image-preview:large","max-video-preview":"max-video-preview:-1"},"canonical":"https:\/\/www.uartes.edu.ec\/sitio\/blog\/2019\/10\/16\/abierta-en-ria-la-libreria-rita-lecumberri-del-fce\/","og_locale":"es_ES","og_type":"article","og_title":"Universidad de las Artes - Abierta en R\u00eda la librer\u00eda Rita Lecumberri del FCE","og_description":"Universidad de las Artes - Abierta en R\u00eda la librer\u00eda Rita Lecumberri del FCE","og_url":"https:\/\/www.uartes.edu.ec\/sitio\/blog\/2019\/10\/16\/abierta-en-ria-la-libreria-rita-lecumberri-del-fce\/","og_site_name":"Universidad de las Artes","article_publisher":"https:\/\/www.facebook.com\/uartesec","article_published_time":"2019-10-16T20:52:16+00:00","article_modified_time":"2024-07-04T16:50:00+00:00","og_image":[{"width":1280,"height":854,"url":"https:\/\/www.uartes.edu.ec\/sitio\/wp-content\/uploads\/2019\/10\/FONDO-RIA-OK.jpg","type":"image\/jpeg"}],"author":"Universidad de las Artes","twitter_card":"summary_large_image","twitter_creator":"@uartesec","twitter_site":"@uartesec","twitter_misc":{"Escrito por":"Universidad de las Artes","Tiempo de lectura":"3 minutos"},"schema":{"@context":"https:\/\/schema.org","@graph":[{"@type":"Article","@id":"https:\/\/www.uartes.edu.ec\/sitio\/blog\/2019\/10\/16\/abierta-en-ria-la-libreria-rita-lecumberri-del-fce\/#article","isPartOf":{"@id":"https:\/\/www.uartes.edu.ec\/sitio\/blog\/2019\/10\/16\/abierta-en-ria-la-libreria-rita-lecumberri-del-fce\/"},"author":{"name":"Universidad de las Artes","@id":"https:\/\/www.uartes.edu.ec\/sitio\/#\/schema\/person\/f33f8c1d2af0d5c80a38c8abf458184a"},"headline":"Abierta en R\u00eda la librer\u00eda Rita Lecumberri del FCE","datePublished":"2019-10-16T20:52:16+00:00","dateModified":"2024-07-04T16:50:00+00:00","mainEntityOfPage":{"@id":"https:\/\/www.uartes.edu.ec\/sitio\/blog\/2019\/10\/16\/abierta-en-ria-la-libreria-rita-lecumberri-del-fce\/"},"wordCount":621,"publisher":{"@id":"https:\/\/www.uartes.edu.ec\/sitio\/#organization"},"image":{"@id":"https:\/\/www.uartes.edu.ec\/sitio\/blog\/2019\/10\/16\/abierta-en-ria-la-libreria-rita-lecumberri-del-fce\/#primaryimage"},"thumbnailUrl":"https:\/\/www.uartes.edu.ec\/sitio\/wp-content\/uploads\/2019\/10\/FONDO-RIA-OK.jpg","keywords":["biblioteca"],"articleSection":["V\u00ednculo"],"inLanguage":"es"},{"@type":["WebPage","ItemPage"],"@id":"https:\/\/www.uartes.edu.ec\/sitio\/blog\/2019\/10\/16\/abierta-en-ria-la-libreria-rita-lecumberri-del-fce\/","url":"https:\/\/www.uartes.edu.ec\/sitio\/blog\/2019\/10\/16\/abierta-en-ria-la-libreria-rita-lecumberri-del-fce\/","name":"Universidad de las Artes - Abierta en R\u00eda la librer\u00eda Rita Lecumberri del FCE","isPartOf":{"@id":"https:\/\/www.uartes.edu.ec\/sitio\/#website"},"primaryImageOfPage":{"@id":"https:\/\/www.uartes.edu.ec\/sitio\/blog\/2019\/10\/16\/abierta-en-ria-la-libreria-rita-lecumberri-del-fce\/#primaryimage"},"image":{"@id":"https:\/\/www.uartes.edu.ec\/sitio\/blog\/2019\/10\/16\/abierta-en-ria-la-libreria-rita-lecumberri-del-fce\/#primaryimage"},"thumbnailUrl":"https:\/\/www.uartes.edu.ec\/sitio\/wp-content\/uploads\/2019\/10\/FONDO-RIA-OK.jpg","datePublished":"2019-10-16T20:52:16+00:00","dateModified":"2024-07-04T16:50:00+00:00","description":"Universidad de las Artes - Abierta en R\u00eda la librer\u00eda Rita Lecumberri del FCE","breadcrumb":{"@id":"https:\/\/www.uartes.edu.ec\/sitio\/blog\/2019\/10\/16\/abierta-en-ria-la-libreria-rita-lecumberri-del-fce\/#breadcrumb"},"inLanguage":"es","potentialAction":[{"@type":"ReadAction","target":["https:\/\/www.uartes.edu.ec\/sitio\/blog\/2019\/10\/16\/abierta-en-ria-la-libreria-rita-lecumberri-del-fce\/"]}]},{"@type":"ImageObject","inLanguage":"es","@id":"https:\/\/www.uartes.edu.ec\/sitio\/blog\/2019\/10\/16\/abierta-en-ria-la-libreria-rita-lecumberri-del-fce\/#primaryimage","url":"https:\/\/www.uartes.edu.ec\/sitio\/wp-content\/uploads\/2019\/10\/FONDO-RIA-OK.jpg","contentUrl":"https:\/\/www.uartes.edu.ec\/sitio\/wp-content\/uploads\/2019\/10\/FONDO-RIA-OK.jpg","width":1280,"height":854},{"@type":"BreadcrumbList","@id":"https:\/\/www.uartes.edu.ec\/sitio\/blog\/2019\/10\/16\/abierta-en-ria-la-libreria-rita-lecumberri-del-fce\/#breadcrumb","itemListElement":[{"@type":"ListItem","position":1,"name":"Inicio","item":"https:\/\/www.uartes.edu.ec\/sitio\/"},{"@type":"ListItem","position":2,"name":"Abierta en R\u00eda la librer\u00eda Rita Lecumberri del FCE"}]},{"@type":"WebSite","@id":"https:\/\/www.uartes.edu.ec\/sitio\/#website","url":"https:\/\/www.uartes.edu.ec\/sitio\/","name":"Universidad de las Artes","description":"Sitio oficial de la Universidad Nacional de las Artes del Ecuador","publisher":{"@id":"https:\/\/www.uartes.edu.ec\/sitio\/#organization"},"potentialAction":[{"@type":"SearchAction","target":{"@type":"EntryPoint","urlTemplate":"https:\/\/www.uartes.edu.ec\/sitio\/?s={search_term_string}"},"query-input":{"@type":"PropertyValueSpecification","valueRequired":true,"valueName":"search_term_string"}}],"inLanguage":"es"},{"@type":"Organization","@id":"https:\/\/www.uartes.edu.ec\/sitio\/#organization","name":"Universidad de las Artes","url":"https:\/\/www.uartes.edu.ec\/sitio\/","logo":{"@type":"ImageObject","inLanguage":"es","@id":"https:\/\/www.uartes.edu.ec\/sitio\/#\/schema\/logo\/image\/","url":"https:\/\/www.uartes.edu.ec\/sitio\/wp-content\/uploads\/2022\/07\/logo-ua-horizontal.png","contentUrl":"https:\/\/www.uartes.edu.ec\/sitio\/wp-content\/uploads\/2022\/07\/logo-ua-horizontal.png","width":800,"height":276,"caption":"Universidad de las Artes"},"image":{"@id":"https:\/\/www.uartes.edu.ec\/sitio\/#\/schema\/logo\/image\/"},"sameAs":["https:\/\/www.facebook.com\/uartesec","https:\/\/x.com\/uartesec","https:\/\/www.tiktok.com\/@uartesec"]},{"@type":"Person","@id":"https:\/\/www.uartes.edu.ec\/sitio\/#\/schema\/person\/f33f8c1d2af0d5c80a38c8abf458184a","name":"Universidad de las Artes","image":{"@type":"ImageObject","inLanguage":"es","@id":"https:\/\/secure.gravatar.com\/avatar\/52e4757902f5cfa5ac52d020e5be83cae5487519154b6c35482fe08d589f3c13?s=96&d=mm&r=g","url":"https:\/\/secure.gravatar.com\/avatar\/52e4757902f5cfa5ac52d020e5be83cae5487519154b6c35482fe08d589f3c13?s=96&d=mm&r=g","contentUrl":"https:\/\/secure.gravatar.com\/avatar\/52e4757902f5cfa5ac52d020e5be83cae5487519154b6c35482fe08d589f3c13?s=96&d=mm&r=g","caption":"Universidad de las Artes"},"url":"https:\/\/www.uartes.edu.ec\/sitio\/blog\/author\/dircomadm\/"}]}},"uagb_featured_image_src":{"full":["https:\/\/www.uartes.edu.ec\/sitio\/wp-content\/uploads\/2019\/10\/FONDO-RIA-OK.jpg",1280,854,false],"thumbnail":["https:\/\/www.uartes.edu.ec\/sitio\/wp-content\/uploads\/2019\/10\/FONDO-RIA-OK-150x150.jpg",150,150,true],"medium":["https:\/\/www.uartes.edu.ec\/sitio\/wp-content\/uploads\/2019\/10\/FONDO-RIA-OK-300x200.jpg",300,200,true],"medium_large":["https:\/\/www.uartes.edu.ec\/sitio\/wp-content\/uploads\/2019\/10\/FONDO-RIA-OK-768x512.jpg",768,512,true],"large":["https:\/\/www.uartes.edu.ec\/sitio\/wp-content\/uploads\/2019\/10\/FONDO-RIA-OK-644x430.jpg",644,430,true],"1536x1536":["https:\/\/www.uartes.edu.ec\/sitio\/wp-content\/uploads\/2019\/10\/FONDO-RIA-OK.jpg",1280,854,false],"2048x2048":["https:\/\/www.uartes.edu.ec\/sitio\/wp-content\/uploads\/2019\/10\/FONDO-RIA-OK.jpg",1280,854,false],"trp-custom-language-flag":["https:\/\/www.uartes.edu.ec\/sitio\/wp-content\/uploads\/2019\/10\/FONDO-RIA-OK.jpg",18,12,false],"htmega_size_585x295":["https:\/\/www.uartes.edu.ec\/sitio\/wp-content\/uploads\/2019\/10\/FONDO-RIA-OK.jpg",442,295,false],"htmega_size_1170x536":["https:\/\/www.uartes.edu.ec\/sitio\/wp-content\/uploads\/2019\/10\/FONDO-RIA-OK.jpg",803,536,false],"htmega_size_396x360":["https:\/\/www.uartes.edu.ec\/sitio\/wp-content\/uploads\/2019\/10\/FONDO-RIA-OK.jpg",396,264,false],"gb-block-post-grid-landscape":["https:\/\/www.uartes.edu.ec\/sitio\/wp-content\/uploads\/2019\/10\/FONDO-RIA-OK.jpg",600,400,false],"gb-block-post-grid-square":["https:\/\/www.uartes.edu.ec\/sitio\/wp-content\/uploads\/2019\/10\/FONDO-RIA-OK.jpg",600,400,false],"university-hub-thumb":["https:\/\/www.uartes.edu.ec\/sitio\/wp-content\/uploads\/2019\/10\/FONDO-RIA-OK-400x267.jpg",400,267,true],"mailpoet_newsletter_max":["https:\/\/www.uartes.edu.ec\/sitio\/wp-content\/uploads\/2019\/10\/FONDO-RIA-OK.jpg",1280,854,false]},"uagb_author_info":{"display_name":"Universidad de las Artes","author_link":"https:\/\/www.uartes.edu.ec\/sitio\/blog\/author\/dircomadm\/"},"uagb_comment_info":0,"uagb_excerpt":"Atiende de martes a domingo. Se pueden encontrar publicaciones dirigidas a lectores desde los 4 hasta los 14 a\u00f1os. En su mayor\u00eda pertenecen a la editorial Fondo de Cultura Econ\u00f3mica, que naci\u00f3 en M\u00e9xico, pero tambi\u00e9n hay de sellos nacionales, como El Conejo, Eskeletra y Libresa.","featured_image_src":"https:\/\/www.uartes.edu.ec\/sitio\/wp-content\/uploads\/2019\/10\/FONDO-RIA-OK.jpg","featured_image_src_square":"https:\/\/www.uartes.edu.ec\/sitio\/wp-content\/uploads\/2019\/10\/FONDO-RIA-OK.jpg","author_info":{"display_name":"Universidad de las Artes","author_link":"https:\/\/www.uartes.edu.ec\/sitio\/blog\/author\/dircomadm\/"},"publishpress_future_workflow_manual_trigger":{"enabledWorkflows":[]},"distributor_meta":false,"distributor_terms":false,"distributor_media":false,"distributor_original_site_name":"Universidad de las Artes","distributor_original_site_url":"https:\/\/www.uartes.edu.ec\/sitio","push-errors":false,"_links":{"self":[{"href":"https:\/\/www.uartes.edu.ec\/sitio\/wp-json\/wp\/v2\/posts\/4498","targetHints":{"allow":["GET"]}}],"collection":[{"href":"https:\/\/www.uartes.edu.ec\/sitio\/wp-json\/wp\/v2\/posts"}],"about":[{"href":"https:\/\/www.uartes.edu.ec\/sitio\/wp-json\/wp\/v2\/types\/post"}],"author":[{"embeddable":true,"href":"https:\/\/www.uartes.edu.ec\/sitio\/wp-json\/wp\/v2\/users\/1"}],"replies":[{"embeddable":true,"href":"https:\/\/www.uartes.edu.ec\/sitio\/wp-json\/wp\/v2\/comments?post=4498"}],"version-history":[{"count":2,"href":"https:\/\/www.uartes.edu.ec\/sitio\/wp-json\/wp\/v2\/posts\/4498\/revisions"}],"predecessor-version":[{"id":57737,"href":"https:\/\/www.uartes.edu.ec\/sitio\/wp-json\/wp\/v2\/posts\/4498\/revisions\/57737"}],"wp:featuredmedia":[{"embeddable":true,"href":"https:\/\/www.uartes.edu.ec\/sitio\/wp-json\/wp\/v2\/media\/4500"}],"wp:attachment":[{"href":"https:\/\/www.uartes.edu.ec\/sitio\/wp-json\/wp\/v2\/media?parent=4498"}],"wp:term":[{"taxonomy":"category","embeddable":true,"href":"https:\/\/www.uartes.edu.ec\/sitio\/wp-json\/wp\/v2\/categories?post=4498"},{"taxonomy":"post_tag","embeddable":true,"href":"https:\/\/www.uartes.edu.ec\/sitio\/wp-json\/wp\/v2\/tags?post=4498"},{"taxonomy":"infouartes","embeddable":true,"href":"https:\/\/www.uartes.edu.ec\/sitio\/wp-json\/wp\/v2\/infouartes?post=4498"}],"curies":[{"name":"wp","href":"https:\/\/api.w.org\/{rel}","templated":true}]}}