{"id":45281,"date":"2023-07-20T20:22:00","date_gmt":"2023-07-21T01:22:00","guid":{"rendered":"https:\/\/www.uartes.edu.ec\/sitio\/?p=45281"},"modified":"2024-07-04T11:20:55","modified_gmt":"2024-07-04T16:20:55","slug":"jornada-inaugural-del-i-congreso-internacional-de-educacion-artistica-e-interculturalidad","status":"publish","type":"post","link":"https:\/\/www.uartes.edu.ec\/sitio\/blog\/2023\/07\/20\/jornada-inaugural-del-i-congreso-internacional-de-educacion-artistica-e-interculturalidad\/","title":{"rendered":"En el I Congreso Internacional de Educaci\u00f3n Art\u00edstica e Interculturalidad"},"content":{"rendered":"\n<p>El rector de la Universidad de las Artes, doctor William Herrera, y la directora de la Escuela de Literatura, doctora Mar\u00eda Alejandra Zambrano, dieron la bienvenida la ma\u00f1ana de este jueves 20 de julio a los ponentes y participantes de Manglar: I Congreso Internacional de Educaci\u00f3n Art\u00edstica e Interculturalidad, espacio acad\u00e9mico pensado para construir instancias de intercambios de saberes, aprendizajes y experiencias a trav\u00e9s de charlas magistrales, paneles y talleres.<\/p>\n\n\n\n<p>En la jornada inaugural de la cita \u2013que concluir\u00e1 ma\u00f1ana, viernes 21\u2013, Zambrano adelant\u00f3 que su intervenci\u00f3n ser\u00eda breve. La inici\u00f3 agradeciendo al equipo de docentes de Literatura y la carrera de Pedagog\u00eda de las Artes y Humanidades, que la UArtes comparte con la UNAE, por hacer posible el congreso, as\u00ed como a los equipos del MZ14 Centro de Producci\u00f3n e Innovaci\u00f3n, Comunicaci\u00f3n, V\u00ednculo con la Comunidad y otras unidades.<\/p>\n\n\n\n<p>Refiri\u00e9ndose a los ponentes y a la participaci\u00f3n presencial y virtual, pues el congreso es h\u00edbrido, Zambrano se\u00f1al\u00f3 que este tipo de eventos est\u00e1n hechos \u201cpara poder dialogar, cuestionar y reflexionar sobre la pr\u00e1ctica pedag\u00f3gica art\u00edstica\u201d.<\/p>\n\n\n<div class=\"wp-block-image\">\n<figure class=\"aligncenter size-large\"><img fetchpriority=\"high\" decoding=\"async\" width=\"644\" height=\"429\" src=\"https:\/\/www.uartes.edu.ec\/sitio\/wp-content\/uploads\/2023\/07\/02-MANGLAR-644x429.jpg\" alt=\"\" class=\"wp-image-45289\" srcset=\"https:\/\/www.uartes.edu.ec\/sitio\/wp-content\/uploads\/2023\/07\/02-MANGLAR-644x429.jpg 644w, https:\/\/www.uartes.edu.ec\/sitio\/wp-content\/uploads\/2023\/07\/02-MANGLAR-300x200.jpg 300w, https:\/\/www.uartes.edu.ec\/sitio\/wp-content\/uploads\/2023\/07\/02-MANGLAR-768x512.jpg 768w, https:\/\/www.uartes.edu.ec\/sitio\/wp-content\/uploads\/2023\/07\/02-MANGLAR-1536x1024.jpg 1536w, https:\/\/www.uartes.edu.ec\/sitio\/wp-content\/uploads\/2023\/07\/02-MANGLAR-2048x1365.jpg 2048w, https:\/\/www.uartes.edu.ec\/sitio\/wp-content\/uploads\/2023\/07\/02-MANGLAR-600x400.jpg 600w, https:\/\/www.uartes.edu.ec\/sitio\/wp-content\/uploads\/2023\/07\/02-MANGLAR-400x267.jpg 400w, https:\/\/www.uartes.edu.ec\/sitio\/wp-content\/uploads\/2023\/07\/02-MANGLAR-272x182.jpg 272w\" sizes=\"(max-width: 644px) 100vw, 644px\" \/><\/figure>\n<\/div>\n\n\n<p>Celebr\u00f3 estar en la Plaza P\u00fablica del MZ14, donde se puede desarrollar desde un concierto con performance y danza hasta di\u00e1logos y encuentros. \u201cEstamos aqu\u00ed porque creemos en la educaci\u00f3n p\u00fablica en artes y en que esta ciudad se merece este tipo de oportunidades\u201d.<\/p>\n\n\n\n<p>Hizo referencia a la crisis que atravesamos debido a la violencia y a las historias que se cuentan de Guayaquil \u201cy estamos aqu\u00ed tambi\u00e9n para cambiar esa narrativa porque creemos que el arte y, sobre todo, el trabajo que est\u00e1n haciendo en las comunidades y los territorios puede ayudar a transformar nuestras formas de relacionarnos; formas m\u00e1s emp\u00e1ticas, respetuosas y justas\u201d.<\/p>\n\n\n\n<p>William Herrera indic\u00f3, por su parte, que la activaci\u00f3n de iniciativas como el congreso es fundamental para la agenda acad\u00e9mica y art\u00edstica de la universidad. Son espacios que tienen un valor igual de importante que la malla curricular y lo que sucede en las aulas. Son estos espacios que permiten al estudiantado tener acceso directo a artistas y acad\u00e9micos que plantean discusiones y propuestas pertinentes para el quehacer de la UArtes, en el marco de nuestras carreras.<\/p>\n\n\n\t\t\t\t\t<div\n\t\t\t\t\t\tclass=\"wp-block-uagb-image-gallery uagb-block-776beb15     \"\n\t\t\t\t\t\tstyle=\"\"\n\t\t\t\t\t>\n\t\t\t\t\t\t\t\t\t\t\t<div class=\"spectra-image-gallery spectra-image-gallery__layout--grid spectra-image-gallery__layout--grid-col-2 spectra-image-gallery__layout--grid-col-tab-2 spectra-image-gallery__layout--grid-col-mob-2\">\n\t\t\t\t\t\t\t\t\t\t\t<div class='spectra-image-gallery__media-wrapper' data-spectra-gallery-image-id='45290' tabindex=\"0\">\n\t\t\t\t\t\t\t<div class=\"spectra-image-gallery__media spectra-image-gallery__media--grid\">\n\t\t\t\t<picture>\n\t\t\t\t\t<source media=\"(min-width: 1024px)\" srcset=\"https:\/\/www.uartes.edu.ec\/sitio\/wp-content\/uploads\/2023\/07\/03-MANGLAR-644x429.jpg\">\n\t\t\t\t\t<source media=\"(min-width: 768px)\" srcset=\"https:\/\/www.uartes.edu.ec\/sitio\/wp-content\/uploads\/2023\/07\/03-MANGLAR-644x429.jpg\">\n\t\t\t\t\t<img decoding=\"async\" class=\"spectra-image-gallery__media-thumbnail spectra-image-gallery__media-thumbnail--grid\" src=\"https:\/\/www.uartes.edu.ec\/sitio\/wp-content\/uploads\/2023\/07\/03-MANGLAR-300x200.jpg\" alt=\"\" loading=\"lazy\" \/>\n\t\t\t\t<\/picture>\n\t\t\t\t<div class=\"spectra-image-gallery__media-thumbnail-blurrer\"><\/div>\n\t\t\t\t\t\t\t\t\t\t\t<div class=\"spectra-image-gallery__media-thumbnail-caption-wrapper spectra-image-gallery__media-thumbnail-caption-wrapper--overlay\">\n\t\t\t\t\t\t\t\t\t\t\t<div class=\"spectra-image-gallery__media-thumbnail-caption spectra-image-gallery__media-thumbnail-caption--overlay\">\n\t\t\t\t\tSin leyenda\t\t\t\t<\/div>\n\t\t\t\t\t\t\t\t\t\t<\/div>\n\t\t\t\t\t\t\t\t\t<\/div>\n\t\t\t\t\t\t<\/div>\n\t\t\t\t\t\t<div class='spectra-image-gallery__media-wrapper' data-spectra-gallery-image-id='45284' tabindex=\"0\">\n\t\t\t\t\t\t\t<div class=\"spectra-image-gallery__media spectra-image-gallery__media--grid\">\n\t\t\t\t<picture>\n\t\t\t\t\t<source media=\"(min-width: 1024px)\" srcset=\"https:\/\/www.uartes.edu.ec\/sitio\/wp-content\/uploads\/2023\/07\/05-MANGLAR-644x429.jpg\">\n\t\t\t\t\t<source media=\"(min-width: 768px)\" srcset=\"https:\/\/www.uartes.edu.ec\/sitio\/wp-content\/uploads\/2023\/07\/05-MANGLAR-644x429.jpg\">\n\t\t\t\t\t<img decoding=\"async\" class=\"spectra-image-gallery__media-thumbnail spectra-image-gallery__media-thumbnail--grid\" src=\"https:\/\/www.uartes.edu.ec\/sitio\/wp-content\/uploads\/2023\/07\/05-MANGLAR-300x200.jpg\" alt=\"\" loading=\"lazy\" \/>\n\t\t\t\t<\/picture>\n\t\t\t\t<div class=\"spectra-image-gallery__media-thumbnail-blurrer\"><\/div>\n\t\t\t\t\t\t\t\t\t\t\t<div class=\"spectra-image-gallery__media-thumbnail-caption-wrapper spectra-image-gallery__media-thumbnail-caption-wrapper--overlay\">\n\t\t\t\t\t\t\t\t\t\t\t<div class=\"spectra-image-gallery__media-thumbnail-caption spectra-image-gallery__media-thumbnail-caption--overlay\">\n\t\t\t\t\tSin leyenda\t\t\t\t<\/div>\n\t\t\t\t\t\t\t\t\t\t<\/div>\n\t\t\t\t\t\t\t\t\t<\/div>\n\t\t\t\t\t\t<\/div>\n\t\t\t\t\t\t\t\t\t\t<\/div>\n\t\t\t\t\t\t\t\t\t\t\t\t\t\t\t\t\t\t<\/div>\n\t\t\t\t\t\t\t\t\t\n\n\n<p>Agradeciendo la presencia de Mar\u00eda Augusta Hermida, rectora de la Universidad de Cuenca, quien seguidamente dar\u00eda la ponencia \u201c\u00bfC\u00f3mo queremos vivir?, desaf\u00edos de las universidades en el siglo XXI\u201d, el rector indic\u00f3 que ella forma parte del grupo de rectoras que ha asumido con mucho liderazgo temas fundamentales de la educaci\u00f3n superior. Que esperaba que dentro de poco tambi\u00e9n haya una rectora UArtes. Que su presencia ten\u00eda mucho sentido en Manglar, dijo, pues son reveladores los problemas estructurales que atraviesa el Sistema de Educaci\u00f3n Superior del pa\u00eds. &nbsp;<\/p>\n\n\n\n<p>Mencion\u00f3 una an\u00e9cdota contada por la doctora Hermida de un di\u00e1logo que ella mantuvo con rectores de universidades de Espa\u00f1a. Le llam\u00f3 la atenci\u00f3n la ausencia de rectoras en esos espacios y como respuesta recibi\u00f3 que a las acad\u00e9micas no les interesa ese tipo de trabajo.<\/p>\n\n\n\n<p>Del SES, el rector se\u00f1al\u00f3 dos conceptos en disputa. La pertinencia, en disputa cuando vemos las posturas o la forma de utilizarla. \u201c(\u2026) Recuerdo hace un par de a\u00f1os, en una conferencia de prensa, un secretario de Educaci\u00f3n Superior cog\u00eda los datos de postulaciones a distintas carreras del pa\u00eds y en algunas, como Bibliotecolog\u00eda, hab\u00eda pocos postulantes y la conclusi\u00f3n fue: tenemos que cerrar\u201d.<\/p>\n\n\n<div class=\"wp-block-image\">\n<figure class=\"aligncenter size-large\"><img decoding=\"async\" width=\"644\" height=\"429\" src=\"https:\/\/www.uartes.edu.ec\/sitio\/wp-content\/uploads\/2023\/07\/07-MANGLAR-1-644x429.jpg\" alt=\"\" class=\"wp-image-45292\" srcset=\"https:\/\/www.uartes.edu.ec\/sitio\/wp-content\/uploads\/2023\/07\/07-MANGLAR-1-644x429.jpg 644w, https:\/\/www.uartes.edu.ec\/sitio\/wp-content\/uploads\/2023\/07\/07-MANGLAR-1-768x512.jpg 768w, https:\/\/www.uartes.edu.ec\/sitio\/wp-content\/uploads\/2023\/07\/07-MANGLAR-1-600x400.jpg 600w, https:\/\/www.uartes.edu.ec\/sitio\/wp-content\/uploads\/2023\/07\/07-MANGLAR-1-272x182.jpg 272w\" sizes=\"(max-width: 644px) 100vw, 644px\" \/><\/figure>\n<\/div>\n\n<div class=\"wp-block-image\">\n<figure class=\"aligncenter size-large\"><img decoding=\"async\" width=\"644\" height=\"429\" src=\"https:\/\/www.uartes.edu.ec\/sitio\/wp-content\/uploads\/2023\/07\/04-MANGLAR-644x429.jpg\" alt=\"\" class=\"wp-image-45293\" srcset=\"https:\/\/www.uartes.edu.ec\/sitio\/wp-content\/uploads\/2023\/07\/04-MANGLAR-644x429.jpg 644w, https:\/\/www.uartes.edu.ec\/sitio\/wp-content\/uploads\/2023\/07\/04-MANGLAR-768x512.jpg 768w, https:\/\/www.uartes.edu.ec\/sitio\/wp-content\/uploads\/2023\/07\/04-MANGLAR-600x400.jpg 600w, https:\/\/www.uartes.edu.ec\/sitio\/wp-content\/uploads\/2023\/07\/04-MANGLAR-272x182.jpg 272w\" sizes=\"(max-width: 644px) 100vw, 644px\" \/><\/figure>\n<\/div>\n\n\n<p>No se puede limitar la pertinencia de la oferta acad\u00e9mica de las universidades a ese tipo de criterios ni tampoco limitarla a las necesidades de las grandes industrias y empresas del pa\u00eds. \u201cEso me hace pensar en que lo que estamos haciendo es hablar de la pertinencia de la educaci\u00f3n art\u00edstica dentro del Sistema de Educaci\u00f3n Superior, de la pertenencia de hablar de la educaci\u00f3n de lo sensible\u201d. Lo sensible genera conocimiento, agreg\u00f3, nos permite conocernos de otras maneras. \u201cCreo que en este congreso y despu\u00e9s tenemos que seguir dici\u00e9ndolo: la educaci\u00f3n art\u00edstica y de lo sensible son importantes, necesarios y pertinentes para la sociedad ecuatoriana\u201d.<\/p>\n\n\n\n<p>Otro concepto en disputa es la calidad, cuya definici\u00f3n se limita a la publicaci\u00f3n de art\u00edculos en revistas indexadas. No digo que no haya que hacerlo porque es una forma, internacional incluso, de poner en circulaci\u00f3n los conocimientos. Sin embargo, la universidad ecuatoriana no se puede reducir solamente a eso en nuestra forma de entender la calidad, expres\u00f3. <\/p>\n\n\n\n<p>\u201cCuando hablamos de la Universidad de las Artes hablamos de un proyecto de transformaci\u00f3n social, lo cual medimos desde muchas formas. Abrir, por ejemplo, la posibilidad de acceso a una persona a nuestras licenciaturas cuando proviene de familias que nunca hab\u00edan tenido acceso a la educaci\u00f3n superior en el pa\u00eds, ah\u00ed estamos impactando en la vida de una persona, una familia, unos territorios\u201d.<\/p>\n\n\n\n\n\n<p>El rector habl\u00f3 de la inauguraci\u00f3n de una biblioteca comunitaria en el barrio Cisne 2 de la Isla Trinitaria, efectuada el fin de semana anterior, posible gracias a un proyecto de vinculaci\u00f3n de la UArtes en trabajo conjunto con las comunidades. \u201cEsos espacios e iniciativas tambi\u00e9n nos conducen a hablar de estos temas fundamentales para la sociedad ecuatoriana y, sobre todo, en una coyuntura electoral como la que estamos viviendo. Tenemos que hablar mucho m\u00e1s de educaci\u00f3n, de educaci\u00f3n p\u00fablica, de servicios y derechos culturales, de infraestructuras culturales\u201d.<\/p>\n\n\n\n<p>En la agenda de Manglar, detr\u00e1s de cada ponencia y panel estas nociones atraviesan las discusiones. El rector coincidi\u00f3 con la directora de la Escuela de Literatura respecto al MZ14, de cuya Plaza P\u00fablica destac\u00f3 su plasticidad para acoger propuestas art\u00edsticas y discusiones. \u201cHace dos semanas est\u00e1bamos cerrando Universos Sonoros con la primera banda de pueblo femenina, Las Pioneras del Austro, y despu\u00e9s con Swing Original Monks. Tuvimos a 300 personas bailando aqu\u00ed\u201d.<\/p>\n\n\n\n<p>Se\u00f1al\u00f3 tambi\u00e9n la muestra de la maestr\u00eda de Artes Visuales y Nuevos Medios de la UArtes \u201cPrompt me\/ si lo imaginas\u201d, a la cual invit\u00f3 a los presentes visitar. \u201cEsas son las propuestas art\u00edsticas que atraviesan la Universidad de las Artes y que el MZ14 las puede acoger gracias a sus equipos de trabajo y capacidades que hemos podido desarrollar en la universidad\u201d.<\/p>\n\n\n\n<p>Trajo a la memoria, asimismo, el encuentro con los GADs, donde intervino el colombiano Lucho Garz\u00f3n, exalcalde de Bogot\u00e1, quien habl\u00f3 de la agenda de derechos. Es imposible, anot\u00f3, hablar de cualquier propuesta relacionada con la seguridad sin hablar de derechos. Hizo alusi\u00f3n al derecho de la noche, al derecho para que los ciudadanos disfruten de la noche, as\u00ed como disfrutan del d\u00eda.<\/p>\n\n\n\n<p>La principal crisis que estamos viviendo es una con respecto al acceso y las garant\u00edas de los derechos de los ciudadanos de este pa\u00eds, nunca lo perdemos de vista, expres\u00f3, agradeciendo al comit\u00e9 organizador por poner esa problem\u00e1tica en el centro de la agenda de trabajo de la UArtes.<\/p>\n","protected":false},"excerpt":{"rendered":"<p>La cita de Manglar fue pensada como un espacio acad\u00e9mico para construir instancias de intercambios de saberes, aprendizajes y experiencias a trav\u00e9s de charlas magistrales, paneles y talleres. En su jornada inaugural, la ma\u00f1ana de hoy, el rector de la UArtes, doctor William Herrera, y la directora de la Escuela de Literatura, doctora Mar\u00eda Alejandra Zambrano, coincidieron en la importancia de dialogar, cuestionar y reflexionar sobre la pr\u00e1ctica pedag\u00f3gica art\u00edstica.<\/p>\n","protected":false},"author":10,"featured_media":45291,"comment_status":"open","ping_status":"open","sticky":false,"template":"","format":"standard","meta":{"_acf_changed":false,"_uag_custom_page_level_css":"","_monsterinsights_skip_tracking":false,"_monsterinsights_sitenote_active":false,"_monsterinsights_sitenote_note":"","_monsterinsights_sitenote_category":0,"cybocfi_hide_featured_image":"","footnotes":""},"categories":[80,490,82,75,76,284,175,83],"tags":[1204,822],"infouartes":[],"class_list":["post-45281","post","type-post","status-publish","format-standard","has-post-thumbnail","hentry","category-academico","category-alumni","category-artes","category-docentes","category-estudiantes","category-investigacion","category-literatura","category-sedes","tag-educacion-artistica-intercultural","tag-manglar"],"acf":[],"yoast_head":"<!-- This site is optimized with the Yoast SEO plugin v27.4 - https:\/\/yoast.com\/product\/yoast-seo-wordpress\/ -->\n<title>Universidad de las Artes - En el I Congreso Internacional de Educaci\u00f3n Art\u00edstica e Interculturalidad<\/title>\n<meta name=\"description\" content=\"Universidad de las Artes - En el I Congreso Internacional de Educaci\u00f3n Art\u00edstica e Interculturalidad\" \/>\n<meta name=\"robots\" content=\"index, follow, max-snippet:-1, max-image-preview:large, max-video-preview:-1\" \/>\n<link rel=\"canonical\" href=\"https:\/\/www.uartes.edu.ec\/sitio\/blog\/2023\/07\/20\/jornada-inaugural-del-i-congreso-internacional-de-educacion-artistica-e-interculturalidad\/\" \/>\n<meta property=\"og:locale\" content=\"es_ES\" \/>\n<meta property=\"og:type\" content=\"article\" \/>\n<meta property=\"og:title\" content=\"Universidad de las Artes - En el I Congreso Internacional de Educaci\u00f3n Art\u00edstica e Interculturalidad\" \/>\n<meta property=\"og:description\" content=\"Universidad de las Artes - En el I Congreso Internacional de Educaci\u00f3n Art\u00edstica e Interculturalidad\" \/>\n<meta property=\"og:url\" content=\"https:\/\/www.uartes.edu.ec\/sitio\/blog\/2023\/07\/20\/jornada-inaugural-del-i-congreso-internacional-de-educacion-artistica-e-interculturalidad\/\" \/>\n<meta property=\"og:site_name\" content=\"Universidad de las Artes\" \/>\n<meta property=\"article:publisher\" content=\"https:\/\/www.facebook.com\/uartesec\" \/>\n<meta property=\"article:published_time\" content=\"2023-07-21T01:22:00+00:00\" \/>\n<meta property=\"article:modified_time\" content=\"2024-07-04T16:20:55+00:00\" \/>\n<meta property=\"og:image\" content=\"https:\/\/www.uartes.edu.ec\/sitio\/wp-content\/uploads\/2023\/07\/06-MANGLAR-1-scaled.jpg\" \/>\n\t<meta property=\"og:image:width\" content=\"2560\" \/>\n\t<meta property=\"og:image:height\" content=\"1707\" \/>\n\t<meta property=\"og:image:type\" content=\"image\/jpeg\" \/>\n<meta name=\"author\" content=\"ccortez\" \/>\n<meta name=\"twitter:card\" content=\"summary_large_image\" \/>\n<meta name=\"twitter:creator\" content=\"@uartesec\" \/>\n<meta name=\"twitter:site\" content=\"@uartesec\" \/>\n<meta name=\"twitter:label1\" content=\"Escrito por\" \/>\n\t<meta name=\"twitter:data1\" content=\"ccortez\" \/>\n\t<meta name=\"twitter:label2\" content=\"Tiempo de lectura\" \/>\n\t<meta name=\"twitter:data2\" content=\"6 minutos\" \/>\n<script type=\"application\/ld+json\" class=\"yoast-schema-graph\">{\"@context\":\"https:\\\/\\\/schema.org\",\"@graph\":[{\"@type\":\"Article\",\"@id\":\"https:\\\/\\\/www.uartes.edu.ec\\\/sitio\\\/blog\\\/2023\\\/07\\\/20\\\/jornada-inaugural-del-i-congreso-internacional-de-educacion-artistica-e-interculturalidad\\\/#article\",\"isPartOf\":{\"@id\":\"https:\\\/\\\/www.uartes.edu.ec\\\/sitio\\\/blog\\\/2023\\\/07\\\/20\\\/jornada-inaugural-del-i-congreso-internacional-de-educacion-artistica-e-interculturalidad\\\/\"},\"author\":{\"name\":\"ccortez\",\"@id\":\"https:\\\/\\\/www.uartes.edu.ec\\\/sitio\\\/#\\\/schema\\\/person\\\/efa1b8275797664fd7f13a79ccc0b1f4\"},\"headline\":\"En el I Congreso Internacional de Educaci\u00f3n Art\u00edstica e Interculturalidad\",\"datePublished\":\"2023-07-21T01:22:00+00:00\",\"dateModified\":\"2024-07-04T16:20:55+00:00\",\"mainEntityOfPage\":{\"@id\":\"https:\\\/\\\/www.uartes.edu.ec\\\/sitio\\\/blog\\\/2023\\\/07\\\/20\\\/jornada-inaugural-del-i-congreso-internacional-de-educacion-artistica-e-interculturalidad\\\/\"},\"wordCount\":1222,\"commentCount\":0,\"publisher\":{\"@id\":\"https:\\\/\\\/www.uartes.edu.ec\\\/sitio\\\/#organization\"},\"image\":{\"@id\":\"https:\\\/\\\/www.uartes.edu.ec\\\/sitio\\\/blog\\\/2023\\\/07\\\/20\\\/jornada-inaugural-del-i-congreso-internacional-de-educacion-artistica-e-interculturalidad\\\/#primaryimage\"},\"thumbnailUrl\":\"https:\\\/\\\/www.uartes.edu.ec\\\/sitio\\\/wp-content\\\/uploads\\\/2023\\\/07\\\/06-MANGLAR-1-scaled.jpg\",\"keywords\":[\"educaci\u00f3n art\u00edstica intercultural\",\"Manglar\"],\"articleSection\":[\"Acad\u00e9mico\",\"Alumni\",\"Artes\",\"Docentes\",\"Estudiantes\",\"Investigaci\u00f3n\",\"Literatura\",\"Sedes\"],\"inLanguage\":\"es\",\"potentialAction\":[{\"@type\":\"CommentAction\",\"name\":\"Comment\",\"target\":[\"https:\\\/\\\/www.uartes.edu.ec\\\/sitio\\\/blog\\\/2023\\\/07\\\/20\\\/jornada-inaugural-del-i-congreso-internacional-de-educacion-artistica-e-interculturalidad\\\/#respond\"]}]},{\"@type\":[\"WebPage\",\"ItemPage\"],\"@id\":\"https:\\\/\\\/www.uartes.edu.ec\\\/sitio\\\/blog\\\/2023\\\/07\\\/20\\\/jornada-inaugural-del-i-congreso-internacional-de-educacion-artistica-e-interculturalidad\\\/\",\"url\":\"https:\\\/\\\/www.uartes.edu.ec\\\/sitio\\\/blog\\\/2023\\\/07\\\/20\\\/jornada-inaugural-del-i-congreso-internacional-de-educacion-artistica-e-interculturalidad\\\/\",\"name\":\"Universidad de las Artes - En el I Congreso Internacional de Educaci\u00f3n Art\u00edstica e Interculturalidad\",\"isPartOf\":{\"@id\":\"https:\\\/\\\/www.uartes.edu.ec\\\/sitio\\\/#website\"},\"primaryImageOfPage\":{\"@id\":\"https:\\\/\\\/www.uartes.edu.ec\\\/sitio\\\/blog\\\/2023\\\/07\\\/20\\\/jornada-inaugural-del-i-congreso-internacional-de-educacion-artistica-e-interculturalidad\\\/#primaryimage\"},\"image\":{\"@id\":\"https:\\\/\\\/www.uartes.edu.ec\\\/sitio\\\/blog\\\/2023\\\/07\\\/20\\\/jornada-inaugural-del-i-congreso-internacional-de-educacion-artistica-e-interculturalidad\\\/#primaryimage\"},\"thumbnailUrl\":\"https:\\\/\\\/www.uartes.edu.ec\\\/sitio\\\/wp-content\\\/uploads\\\/2023\\\/07\\\/06-MANGLAR-1-scaled.jpg\",\"datePublished\":\"2023-07-21T01:22:00+00:00\",\"dateModified\":\"2024-07-04T16:20:55+00:00\",\"description\":\"Universidad de las Artes - En el I Congreso Internacional de Educaci\u00f3n Art\u00edstica e Interculturalidad\",\"breadcrumb\":{\"@id\":\"https:\\\/\\\/www.uartes.edu.ec\\\/sitio\\\/blog\\\/2023\\\/07\\\/20\\\/jornada-inaugural-del-i-congreso-internacional-de-educacion-artistica-e-interculturalidad\\\/#breadcrumb\"},\"inLanguage\":\"es\",\"potentialAction\":[{\"@type\":\"ReadAction\",\"target\":[\"https:\\\/\\\/www.uartes.edu.ec\\\/sitio\\\/blog\\\/2023\\\/07\\\/20\\\/jornada-inaugural-del-i-congreso-internacional-de-educacion-artistica-e-interculturalidad\\\/\"]}]},{\"@type\":\"ImageObject\",\"inLanguage\":\"es\",\"@id\":\"https:\\\/\\\/www.uartes.edu.ec\\\/sitio\\\/blog\\\/2023\\\/07\\\/20\\\/jornada-inaugural-del-i-congreso-internacional-de-educacion-artistica-e-interculturalidad\\\/#primaryimage\",\"url\":\"https:\\\/\\\/www.uartes.edu.ec\\\/sitio\\\/wp-content\\\/uploads\\\/2023\\\/07\\\/06-MANGLAR-1-scaled.jpg\",\"contentUrl\":\"https:\\\/\\\/www.uartes.edu.ec\\\/sitio\\\/wp-content\\\/uploads\\\/2023\\\/07\\\/06-MANGLAR-1-scaled.jpg\",\"width\":2560,\"height\":1707},{\"@type\":\"BreadcrumbList\",\"@id\":\"https:\\\/\\\/www.uartes.edu.ec\\\/sitio\\\/blog\\\/2023\\\/07\\\/20\\\/jornada-inaugural-del-i-congreso-internacional-de-educacion-artistica-e-interculturalidad\\\/#breadcrumb\",\"itemListElement\":[{\"@type\":\"ListItem\",\"position\":1,\"name\":\"Inicio\",\"item\":\"https:\\\/\\\/www.uartes.edu.ec\\\/sitio\\\/\"},{\"@type\":\"ListItem\",\"position\":2,\"name\":\"En el I Congreso Internacional de Educaci\u00f3n Art\u00edstica e Interculturalidad\"}]},{\"@type\":\"WebSite\",\"@id\":\"https:\\\/\\\/www.uartes.edu.ec\\\/sitio\\\/#website\",\"url\":\"https:\\\/\\\/www.uartes.edu.ec\\\/sitio\\\/\",\"name\":\"Universidad de las Artes\",\"description\":\"Sitio oficial de la Universidad Nacional de las Artes del Ecuador\",\"publisher\":{\"@id\":\"https:\\\/\\\/www.uartes.edu.ec\\\/sitio\\\/#organization\"},\"potentialAction\":[{\"@type\":\"SearchAction\",\"target\":{\"@type\":\"EntryPoint\",\"urlTemplate\":\"https:\\\/\\\/www.uartes.edu.ec\\\/sitio\\\/?s={search_term_string}\"},\"query-input\":{\"@type\":\"PropertyValueSpecification\",\"valueRequired\":true,\"valueName\":\"search_term_string\"}}],\"inLanguage\":\"es\"},{\"@type\":\"Organization\",\"@id\":\"https:\\\/\\\/www.uartes.edu.ec\\\/sitio\\\/#organization\",\"name\":\"Universidad de las Artes\",\"url\":\"https:\\\/\\\/www.uartes.edu.ec\\\/sitio\\\/\",\"logo\":{\"@type\":\"ImageObject\",\"inLanguage\":\"es\",\"@id\":\"https:\\\/\\\/www.uartes.edu.ec\\\/sitio\\\/#\\\/schema\\\/logo\\\/image\\\/\",\"url\":\"https:\\\/\\\/www.uartes.edu.ec\\\/sitio\\\/wp-content\\\/uploads\\\/2022\\\/07\\\/logo-ua-horizontal.png\",\"contentUrl\":\"https:\\\/\\\/www.uartes.edu.ec\\\/sitio\\\/wp-content\\\/uploads\\\/2022\\\/07\\\/logo-ua-horizontal.png\",\"width\":800,\"height\":276,\"caption\":\"Universidad de las Artes\"},\"image\":{\"@id\":\"https:\\\/\\\/www.uartes.edu.ec\\\/sitio\\\/#\\\/schema\\\/logo\\\/image\\\/\"},\"sameAs\":[\"https:\\\/\\\/www.facebook.com\\\/uartesec\",\"https:\\\/\\\/x.com\\\/uartesec\",\"https:\\\/\\\/www.tiktok.com\\\/@uartesec\"]},{\"@type\":\"Person\",\"@id\":\"https:\\\/\\\/www.uartes.edu.ec\\\/sitio\\\/#\\\/schema\\\/person\\\/efa1b8275797664fd7f13a79ccc0b1f4\",\"name\":\"ccortez\",\"image\":{\"@type\":\"ImageObject\",\"inLanguage\":\"es\",\"@id\":\"https:\\\/\\\/secure.gravatar.com\\\/avatar\\\/b2a6f664a3ae8e074346ef91775736c5ec479e637ecced6842de9dc98b5da9cd?s=96&d=mm&r=g\",\"url\":\"https:\\\/\\\/secure.gravatar.com\\\/avatar\\\/b2a6f664a3ae8e074346ef91775736c5ec479e637ecced6842de9dc98b5da9cd?s=96&d=mm&r=g\",\"contentUrl\":\"https:\\\/\\\/secure.gravatar.com\\\/avatar\\\/b2a6f664a3ae8e074346ef91775736c5ec479e637ecced6842de9dc98b5da9cd?s=96&d=mm&r=g\",\"caption\":\"ccortez\"},\"url\":\"https:\\\/\\\/www.uartes.edu.ec\\\/sitio\\\/blog\\\/author\\\/ccortez\\\/\"}]}<\/script>\n<!-- \/ Yoast SEO plugin. -->","yoast_head_json":{"title":"Universidad de las Artes - En el I Congreso Internacional de Educaci\u00f3n Art\u00edstica e Interculturalidad","description":"Universidad de las Artes - En el I Congreso Internacional de Educaci\u00f3n Art\u00edstica e Interculturalidad","robots":{"index":"index","follow":"follow","max-snippet":"max-snippet:-1","max-image-preview":"max-image-preview:large","max-video-preview":"max-video-preview:-1"},"canonical":"https:\/\/www.uartes.edu.ec\/sitio\/blog\/2023\/07\/20\/jornada-inaugural-del-i-congreso-internacional-de-educacion-artistica-e-interculturalidad\/","og_locale":"es_ES","og_type":"article","og_title":"Universidad de las Artes - En el I Congreso Internacional de Educaci\u00f3n Art\u00edstica e Interculturalidad","og_description":"Universidad de las Artes - En el I Congreso Internacional de Educaci\u00f3n Art\u00edstica e Interculturalidad","og_url":"https:\/\/www.uartes.edu.ec\/sitio\/blog\/2023\/07\/20\/jornada-inaugural-del-i-congreso-internacional-de-educacion-artistica-e-interculturalidad\/","og_site_name":"Universidad de las Artes","article_publisher":"https:\/\/www.facebook.com\/uartesec","article_published_time":"2023-07-21T01:22:00+00:00","article_modified_time":"2024-07-04T16:20:55+00:00","og_image":[{"width":2560,"height":1707,"url":"https:\/\/www.uartes.edu.ec\/sitio\/wp-content\/uploads\/2023\/07\/06-MANGLAR-1-scaled.jpg","type":"image\/jpeg"}],"author":"ccortez","twitter_card":"summary_large_image","twitter_creator":"@uartesec","twitter_site":"@uartesec","twitter_misc":{"Escrito por":"ccortez","Tiempo de lectura":"6 minutos"},"schema":{"@context":"https:\/\/schema.org","@graph":[{"@type":"Article","@id":"https:\/\/www.uartes.edu.ec\/sitio\/blog\/2023\/07\/20\/jornada-inaugural-del-i-congreso-internacional-de-educacion-artistica-e-interculturalidad\/#article","isPartOf":{"@id":"https:\/\/www.uartes.edu.ec\/sitio\/blog\/2023\/07\/20\/jornada-inaugural-del-i-congreso-internacional-de-educacion-artistica-e-interculturalidad\/"},"author":{"name":"ccortez","@id":"https:\/\/www.uartes.edu.ec\/sitio\/#\/schema\/person\/efa1b8275797664fd7f13a79ccc0b1f4"},"headline":"En el I Congreso Internacional de Educaci\u00f3n Art\u00edstica e Interculturalidad","datePublished":"2023-07-21T01:22:00+00:00","dateModified":"2024-07-04T16:20:55+00:00","mainEntityOfPage":{"@id":"https:\/\/www.uartes.edu.ec\/sitio\/blog\/2023\/07\/20\/jornada-inaugural-del-i-congreso-internacional-de-educacion-artistica-e-interculturalidad\/"},"wordCount":1222,"commentCount":0,"publisher":{"@id":"https:\/\/www.uartes.edu.ec\/sitio\/#organization"},"image":{"@id":"https:\/\/www.uartes.edu.ec\/sitio\/blog\/2023\/07\/20\/jornada-inaugural-del-i-congreso-internacional-de-educacion-artistica-e-interculturalidad\/#primaryimage"},"thumbnailUrl":"https:\/\/www.uartes.edu.ec\/sitio\/wp-content\/uploads\/2023\/07\/06-MANGLAR-1-scaled.jpg","keywords":["educaci\u00f3n art\u00edstica intercultural","Manglar"],"articleSection":["Acad\u00e9mico","Alumni","Artes","Docentes","Estudiantes","Investigaci\u00f3n","Literatura","Sedes"],"inLanguage":"es","potentialAction":[{"@type":"CommentAction","name":"Comment","target":["https:\/\/www.uartes.edu.ec\/sitio\/blog\/2023\/07\/20\/jornada-inaugural-del-i-congreso-internacional-de-educacion-artistica-e-interculturalidad\/#respond"]}]},{"@type":["WebPage","ItemPage"],"@id":"https:\/\/www.uartes.edu.ec\/sitio\/blog\/2023\/07\/20\/jornada-inaugural-del-i-congreso-internacional-de-educacion-artistica-e-interculturalidad\/","url":"https:\/\/www.uartes.edu.ec\/sitio\/blog\/2023\/07\/20\/jornada-inaugural-del-i-congreso-internacional-de-educacion-artistica-e-interculturalidad\/","name":"Universidad de las Artes - En el I Congreso Internacional de Educaci\u00f3n Art\u00edstica e Interculturalidad","isPartOf":{"@id":"https:\/\/www.uartes.edu.ec\/sitio\/#website"},"primaryImageOfPage":{"@id":"https:\/\/www.uartes.edu.ec\/sitio\/blog\/2023\/07\/20\/jornada-inaugural-del-i-congreso-internacional-de-educacion-artistica-e-interculturalidad\/#primaryimage"},"image":{"@id":"https:\/\/www.uartes.edu.ec\/sitio\/blog\/2023\/07\/20\/jornada-inaugural-del-i-congreso-internacional-de-educacion-artistica-e-interculturalidad\/#primaryimage"},"thumbnailUrl":"https:\/\/www.uartes.edu.ec\/sitio\/wp-content\/uploads\/2023\/07\/06-MANGLAR-1-scaled.jpg","datePublished":"2023-07-21T01:22:00+00:00","dateModified":"2024-07-04T16:20:55+00:00","description":"Universidad de las Artes - En el I Congreso Internacional de Educaci\u00f3n Art\u00edstica e Interculturalidad","breadcrumb":{"@id":"https:\/\/www.uartes.edu.ec\/sitio\/blog\/2023\/07\/20\/jornada-inaugural-del-i-congreso-internacional-de-educacion-artistica-e-interculturalidad\/#breadcrumb"},"inLanguage":"es","potentialAction":[{"@type":"ReadAction","target":["https:\/\/www.uartes.edu.ec\/sitio\/blog\/2023\/07\/20\/jornada-inaugural-del-i-congreso-internacional-de-educacion-artistica-e-interculturalidad\/"]}]},{"@type":"ImageObject","inLanguage":"es","@id":"https:\/\/www.uartes.edu.ec\/sitio\/blog\/2023\/07\/20\/jornada-inaugural-del-i-congreso-internacional-de-educacion-artistica-e-interculturalidad\/#primaryimage","url":"https:\/\/www.uartes.edu.ec\/sitio\/wp-content\/uploads\/2023\/07\/06-MANGLAR-1-scaled.jpg","contentUrl":"https:\/\/www.uartes.edu.ec\/sitio\/wp-content\/uploads\/2023\/07\/06-MANGLAR-1-scaled.jpg","width":2560,"height":1707},{"@type":"BreadcrumbList","@id":"https:\/\/www.uartes.edu.ec\/sitio\/blog\/2023\/07\/20\/jornada-inaugural-del-i-congreso-internacional-de-educacion-artistica-e-interculturalidad\/#breadcrumb","itemListElement":[{"@type":"ListItem","position":1,"name":"Inicio","item":"https:\/\/www.uartes.edu.ec\/sitio\/"},{"@type":"ListItem","position":2,"name":"En el I Congreso Internacional de Educaci\u00f3n Art\u00edstica e Interculturalidad"}]},{"@type":"WebSite","@id":"https:\/\/www.uartes.edu.ec\/sitio\/#website","url":"https:\/\/www.uartes.edu.ec\/sitio\/","name":"Universidad de las Artes","description":"Sitio oficial de la Universidad Nacional de las Artes del Ecuador","publisher":{"@id":"https:\/\/www.uartes.edu.ec\/sitio\/#organization"},"potentialAction":[{"@type":"SearchAction","target":{"@type":"EntryPoint","urlTemplate":"https:\/\/www.uartes.edu.ec\/sitio\/?s={search_term_string}"},"query-input":{"@type":"PropertyValueSpecification","valueRequired":true,"valueName":"search_term_string"}}],"inLanguage":"es"},{"@type":"Organization","@id":"https:\/\/www.uartes.edu.ec\/sitio\/#organization","name":"Universidad de las Artes","url":"https:\/\/www.uartes.edu.ec\/sitio\/","logo":{"@type":"ImageObject","inLanguage":"es","@id":"https:\/\/www.uartes.edu.ec\/sitio\/#\/schema\/logo\/image\/","url":"https:\/\/www.uartes.edu.ec\/sitio\/wp-content\/uploads\/2022\/07\/logo-ua-horizontal.png","contentUrl":"https:\/\/www.uartes.edu.ec\/sitio\/wp-content\/uploads\/2022\/07\/logo-ua-horizontal.png","width":800,"height":276,"caption":"Universidad de las Artes"},"image":{"@id":"https:\/\/www.uartes.edu.ec\/sitio\/#\/schema\/logo\/image\/"},"sameAs":["https:\/\/www.facebook.com\/uartesec","https:\/\/x.com\/uartesec","https:\/\/www.tiktok.com\/@uartesec"]},{"@type":"Person","@id":"https:\/\/www.uartes.edu.ec\/sitio\/#\/schema\/person\/efa1b8275797664fd7f13a79ccc0b1f4","name":"ccortez","image":{"@type":"ImageObject","inLanguage":"es","@id":"https:\/\/secure.gravatar.com\/avatar\/b2a6f664a3ae8e074346ef91775736c5ec479e637ecced6842de9dc98b5da9cd?s=96&d=mm&r=g","url":"https:\/\/secure.gravatar.com\/avatar\/b2a6f664a3ae8e074346ef91775736c5ec479e637ecced6842de9dc98b5da9cd?s=96&d=mm&r=g","contentUrl":"https:\/\/secure.gravatar.com\/avatar\/b2a6f664a3ae8e074346ef91775736c5ec479e637ecced6842de9dc98b5da9cd?s=96&d=mm&r=g","caption":"ccortez"},"url":"https:\/\/www.uartes.edu.ec\/sitio\/blog\/author\/ccortez\/"}]}},"uagb_featured_image_src":{"full":["https:\/\/www.uartes.edu.ec\/sitio\/wp-content\/uploads\/2023\/07\/06-MANGLAR-1-scaled.jpg",2560,1707,false],"thumbnail":["https:\/\/www.uartes.edu.ec\/sitio\/wp-content\/uploads\/2023\/07\/06-MANGLAR-1-150x150.jpg",150,150,true],"medium":["https:\/\/www.uartes.edu.ec\/sitio\/wp-content\/uploads\/2023\/07\/06-MANGLAR-1-300x200.jpg",300,200,true],"medium_large":["https:\/\/www.uartes.edu.ec\/sitio\/wp-content\/uploads\/2023\/07\/06-MANGLAR-1-768x512.jpg",768,512,true],"large":["https:\/\/www.uartes.edu.ec\/sitio\/wp-content\/uploads\/2023\/07\/06-MANGLAR-1-644x429.jpg",644,429,true],"1536x1536":["https:\/\/www.uartes.edu.ec\/sitio\/wp-content\/uploads\/2023\/07\/06-MANGLAR-1-1536x1024.jpg",1536,1024,true],"2048x2048":["https:\/\/www.uartes.edu.ec\/sitio\/wp-content\/uploads\/2023\/07\/06-MANGLAR-1-2048x1365.jpg",2048,1365,true],"trp-custom-language-flag":["https:\/\/www.uartes.edu.ec\/sitio\/wp-content\/uploads\/2023\/07\/06-MANGLAR-1-scaled.jpg",18,12,false],"htmega_size_585x295":["https:\/\/www.uartes.edu.ec\/sitio\/wp-content\/uploads\/2023\/07\/06-MANGLAR-1-585x295.jpg",585,295,true],"htmega_size_1170x536":["https:\/\/www.uartes.edu.ec\/sitio\/wp-content\/uploads\/2023\/07\/06-MANGLAR-1-1170x536.jpg",1170,536,true],"htmega_size_396x360":["https:\/\/www.uartes.edu.ec\/sitio\/wp-content\/uploads\/2023\/07\/06-MANGLAR-1-396x360.jpg",396,360,true],"gb-block-post-grid-landscape":["https:\/\/www.uartes.edu.ec\/sitio\/wp-content\/uploads\/2023\/07\/06-MANGLAR-1-600x400.jpg",600,400,true],"gb-block-post-grid-square":["https:\/\/www.uartes.edu.ec\/sitio\/wp-content\/uploads\/2023\/07\/06-MANGLAR-1-600x600.jpg",600,600,true],"university-hub-thumb":["https:\/\/www.uartes.edu.ec\/sitio\/wp-content\/uploads\/2023\/07\/06-MANGLAR-1-400x267.jpg",400,267,true]},"uagb_author_info":{"display_name":"ccortez","author_link":"https:\/\/www.uartes.edu.ec\/sitio\/blog\/author\/ccortez\/"},"uagb_comment_info":0,"uagb_excerpt":"La cita de Manglar fue pensada como un espacio acad\u00e9mico para construir instancias de intercambios de saberes, aprendizajes y experiencias a trav\u00e9s de charlas magistrales, paneles y talleres. En su jornada inaugural, la ma\u00f1ana de hoy, el rector de la UArtes, doctor William Herrera, y la directora de la Escuela de Literatura, doctora Mar\u00eda Alejandra&hellip;","featured_image_src":"https:\/\/www.uartes.edu.ec\/sitio\/wp-content\/uploads\/2023\/07\/06-MANGLAR-1-600x400.jpg","featured_image_src_square":"https:\/\/www.uartes.edu.ec\/sitio\/wp-content\/uploads\/2023\/07\/06-MANGLAR-1-600x600.jpg","author_info":{"display_name":"ccortez","author_link":"https:\/\/www.uartes.edu.ec\/sitio\/blog\/author\/ccortez\/"},"publishpress_future_workflow_manual_trigger":{"enabledWorkflows":[]},"distributor_meta":false,"distributor_terms":false,"distributor_media":false,"distributor_original_site_name":"Universidad de las Artes","distributor_original_site_url":"https:\/\/www.uartes.edu.ec\/sitio","push-errors":false,"_links":{"self":[{"href":"https:\/\/www.uartes.edu.ec\/sitio\/wp-json\/wp\/v2\/posts\/45281","targetHints":{"allow":["GET"]}}],"collection":[{"href":"https:\/\/www.uartes.edu.ec\/sitio\/wp-json\/wp\/v2\/posts"}],"about":[{"href":"https:\/\/www.uartes.edu.ec\/sitio\/wp-json\/wp\/v2\/types\/post"}],"author":[{"embeddable":true,"href":"https:\/\/www.uartes.edu.ec\/sitio\/wp-json\/wp\/v2\/users\/10"}],"replies":[{"embeddable":true,"href":"https:\/\/www.uartes.edu.ec\/sitio\/wp-json\/wp\/v2\/comments?post=45281"}],"version-history":[{"count":5,"href":"https:\/\/www.uartes.edu.ec\/sitio\/wp-json\/wp\/v2\/posts\/45281\/revisions"}],"predecessor-version":[{"id":45467,"href":"https:\/\/www.uartes.edu.ec\/sitio\/wp-json\/wp\/v2\/posts\/45281\/revisions\/45467"}],"wp:featuredmedia":[{"embeddable":true,"href":"https:\/\/www.uartes.edu.ec\/sitio\/wp-json\/wp\/v2\/media\/45291"}],"wp:attachment":[{"href":"https:\/\/www.uartes.edu.ec\/sitio\/wp-json\/wp\/v2\/media?parent=45281"}],"wp:term":[{"taxonomy":"category","embeddable":true,"href":"https:\/\/www.uartes.edu.ec\/sitio\/wp-json\/wp\/v2\/categories?post=45281"},{"taxonomy":"post_tag","embeddable":true,"href":"https:\/\/www.uartes.edu.ec\/sitio\/wp-json\/wp\/v2\/tags?post=45281"},{"taxonomy":"infouartes","embeddable":true,"href":"https:\/\/www.uartes.edu.ec\/sitio\/wp-json\/wp\/v2\/infouartes?post=45281"}],"curies":[{"name":"wp","href":"https:\/\/api.w.org\/{rel}","templated":true}]}}