{"id":45897,"date":"2023-08-08T18:42:00","date_gmt":"2023-08-08T23:42:00","guid":{"rendered":"https:\/\/www.uartes.edu.ec\/sitio\/?p=45897"},"modified":"2024-07-04T11:20:51","modified_gmt":"2024-07-04T16:20:51","slug":"recinto-lab-se-inaugura-e-integra-al-circuito-de-laboratorios-de-artes-y-tecnologias-de-la-uartes","status":"publish","type":"post","link":"https:\/\/www.uartes.edu.ec\/sitio\/blog\/2023\/08\/08\/recinto-lab-se-inaugura-e-integra-al-circuito-de-laboratorios-de-artes-y-tecnologias-de-la-uartes\/","title":{"rendered":"Recinto Lab se integra al circuito de laboratorios de artes y tecnolog\u00edas; est\u00e1 en el cuarto piso del MZ14"},"content":{"rendered":"\n<p>Un nuevo espacio se incorpora a los laboratorios de la Universidad de las Artes. Su nombre es Recinto Lab, se encuentra en el cuarto piso del MZ14 Centro de Producci\u00f3n e Innovaci\u00f3n y forma parte de un circuito de laboratorios de artes y tecnolog\u00edas, concebidos para desarrollar proyectos diferentes e incluso interconectados.<\/p>\n\n\n\n<p>Yulianela P\u00e9rez, directora del Departamento Transversal de Teor\u00edas Cr\u00edticas y Pr\u00e1cticas Experimentales, indica que la iniciativa de nuestras autoridades universitarias de potenciar este circuito de laboratorios es contribuir a los procesos de experimentaci\u00f3n, formaci\u00f3n y creaci\u00f3n-investigaci\u00f3n.<\/p>\n\n\n<div class=\"wp-block-image\">\n<figure class=\"aligncenter size-large\"><img fetchpriority=\"high\" decoding=\"async\" width=\"644\" height=\"429\" src=\"https:\/\/www.uartes.edu.ec\/sitio\/wp-content\/uploads\/2023\/08\/RUTH-07-644x429.jpg\" alt=\"\" class=\"wp-image-45902\" srcset=\"https:\/\/www.uartes.edu.ec\/sitio\/wp-content\/uploads\/2023\/08\/RUTH-07-644x429.jpg 644w, https:\/\/www.uartes.edu.ec\/sitio\/wp-content\/uploads\/2023\/08\/RUTH-07-768x511.jpg 768w, https:\/\/www.uartes.edu.ec\/sitio\/wp-content\/uploads\/2023\/08\/RUTH-07.jpg 2000w, https:\/\/www.uartes.edu.ec\/sitio\/wp-content\/uploads\/2023\/08\/RUTH-07-600x399.jpg 600w, https:\/\/www.uartes.edu.ec\/sitio\/wp-content\/uploads\/2023\/08\/RUTH-07-272x182.jpg 272w\" sizes=\"(max-width: 644px) 100vw, 644px\" \/><\/figure>\n<\/div>\n\n\n<p>La presentaci\u00f3n de la instalaci\u00f3n interactiva \u201cHermes Bot\u201d que d\u00edas atr\u00e1s hizo en el cuarto piso del MZ14 la artista Ruth Cruz (foto sobre estas l\u00edneas), como parte de la muestra \u201cPrompt me\/ si lo imaginas\u201d en la que particip\u00f3 junto a sus compa\u00f1eros de la maestr\u00eda de Artes Visuales y Nuevos Medios, fue el abreboca de lo que se ven\u00eda preparando, agrega P\u00e9rez.<\/p>\n\n\n\n<p>La oficializaci\u00f3n del nuevo laboratorio experimental multimedia UArtes se da en el marco del Primer Encuentro de Laboratorios Ciudadanos que se inaugur\u00f3 este lunes 7 de agosto y mantendr\u00e1 hasta el jueves 10, con seminarios, charlas y talleres. Para Recinto Lab se programaron, por ejemplo, el taller 1 \u201cPensar los laboratorios\u201d con Camilo Cantor del Exploratorio de Medell\u00edn (hoy, martes 8) y \u201cLa cocina como laboratorio de prototipado colectivo\u201d, el jueves 10.<\/p>\n\n\n<div class=\"wp-block-image\">\n<figure class=\"aligncenter size-large\"><img decoding=\"async\" src=\"https:\/\/www.uartes.edu.ec\/sitio\/wp-content\/uploads\/2023\/08\/04-RECINTO-MZ14-1-644x429.jpg\" alt=\"\" class=\"wp-image-45903\" \/><\/figure>\n<\/div>\n\n\n<p>As\u00ed tambi\u00e9n, el taller 2 \u201cAprende a conectar con las audiencias\u201d que Eduardo V\u00e9lez Arauz desarrollar\u00e1 ma\u00f1ana, mi\u00e9rcoles 9, y el jueves 10.<\/p>\n\n\n\n<p>Retomando el surgimiento e implementaci\u00f3n de Recinto Lab, Yulianela P\u00e9rez manifiesta que un aporte decisivo del departamento a su cargo ha sido el trabajo colegiado con las autoridades UArtes, los equipos de Infraestructura y Bienes y la Direcci\u00f3n de Producci\u00f3n del MZ14 para la habilitaci\u00f3n del laboratorio experimental de multimedia.<\/p>\n\n\n\n<p>Entre sus prop\u00f3sitos consta el ofrecer din\u00e1micas de formaci\u00f3n a nivel de pre y posgrado; propiciar la experimentaci\u00f3n e investigaci\u00f3n que generen nuevos usos y herramientas al servicio de las y los estudiantes de artes, artistas y productores culturales; y, fortalecer los espacios de conversaci\u00f3n sobre las artes y lo tecnol\u00f3gico desde aproximaciones transdisciplinarias.<\/p>\n\n\n<div class=\"wp-block-image\">\n<figure class=\"aligncenter size-large\"><img decoding=\"async\" width=\"644\" height=\"429\" src=\"https:\/\/www.uartes.edu.ec\/sitio\/wp-content\/uploads\/2023\/08\/03-RECINTO-MZ14-644x429.jpg\" alt=\"\" class=\"wp-image-45900\" srcset=\"https:\/\/www.uartes.edu.ec\/sitio\/wp-content\/uploads\/2023\/08\/03-RECINTO-MZ14-644x429.jpg 644w, https:\/\/www.uartes.edu.ec\/sitio\/wp-content\/uploads\/2023\/08\/03-RECINTO-MZ14-300x200.jpg 300w, https:\/\/www.uartes.edu.ec\/sitio\/wp-content\/uploads\/2023\/08\/03-RECINTO-MZ14-768x512.jpg 768w, https:\/\/www.uartes.edu.ec\/sitio\/wp-content\/uploads\/2023\/08\/03-RECINTO-MZ14-1536x1024.jpg 1536w, https:\/\/www.uartes.edu.ec\/sitio\/wp-content\/uploads\/2023\/08\/03-RECINTO-MZ14-600x400.jpg 600w, https:\/\/www.uartes.edu.ec\/sitio\/wp-content\/uploads\/2023\/08\/03-RECINTO-MZ14-400x267.jpg 400w, https:\/\/www.uartes.edu.ec\/sitio\/wp-content\/uploads\/2023\/08\/03-RECINTO-MZ14-272x182.jpg 272w, https:\/\/www.uartes.edu.ec\/sitio\/wp-content\/uploads\/2023\/08\/03-RECINTO-MZ14.jpg 2000w\" sizes=\"(max-width: 644px) 100vw, 644px\" \/><\/figure>\n<\/div>\n\n\n<p>Agrega que los usuarios podr\u00e1n trabajar en este espacio en proyectos de audio y sonido, im\u00e1genes en movimiento, electr\u00f3nica, publicaciones digitales, videoarte, instalaciones multimedia, net.art, fotomontaje digital, realidad virtual, mediaperformances, cine expandido y experimental, e inteligencia artificial.<\/p>\n\n\n\n<p>La directora del Departamento Transversal de Teor\u00edas Cr\u00edticas y Pr\u00e1cticas Experimentales destaca el apoyo del MZ14 y sus equipos para el establecimiento de Recinto Lab, un trabajo conjunto y dedicado que logr\u00f3 hacer realidad la propuesta.<\/p>\n\n\n<div class=\"wp-block-image\">\n<figure class=\"aligncenter size-large\"><img decoding=\"async\" width=\"644\" height=\"429\" src=\"https:\/\/www.uartes.edu.ec\/sitio\/wp-content\/uploads\/2023\/08\/01-RECINTO-MZ14-644x429.jpg\" alt=\"\" class=\"wp-image-45899\" srcset=\"https:\/\/www.uartes.edu.ec\/sitio\/wp-content\/uploads\/2023\/08\/01-RECINTO-MZ14-644x429.jpg 644w, https:\/\/www.uartes.edu.ec\/sitio\/wp-content\/uploads\/2023\/08\/01-RECINTO-MZ14-300x200.jpg 300w, https:\/\/www.uartes.edu.ec\/sitio\/wp-content\/uploads\/2023\/08\/01-RECINTO-MZ14-768x512.jpg 768w, https:\/\/www.uartes.edu.ec\/sitio\/wp-content\/uploads\/2023\/08\/01-RECINTO-MZ14-1536x1024.jpg 1536w, https:\/\/www.uartes.edu.ec\/sitio\/wp-content\/uploads\/2023\/08\/01-RECINTO-MZ14-600x400.jpg 600w, https:\/\/www.uartes.edu.ec\/sitio\/wp-content\/uploads\/2023\/08\/01-RECINTO-MZ14-400x267.jpg 400w, https:\/\/www.uartes.edu.ec\/sitio\/wp-content\/uploads\/2023\/08\/01-RECINTO-MZ14-272x182.jpg 272w, https:\/\/www.uartes.edu.ec\/sitio\/wp-content\/uploads\/2023\/08\/01-RECINTO-MZ14.jpg 2000w\" sizes=\"(max-width: 644px) 100vw, 644px\" \/><\/figure>\n<\/div>\n\n\n<p>Fotos: Luisa Pozo, MZ14 Centro de Producci\u00f3n e Innovaci\u00f3n de la UArtes.<\/p>\n","protected":false},"excerpt":{"rendered":"<p>Se encuentra en el cuarto piso del MZ14 Centro de Producci\u00f3n e Innovaci\u00f3n y forma parte de un circuito de laboratorios de artes y tecnolog\u00edas de la UArtes, concebidos para desarrollar proyectos diferentes e incluso interconectados. Con el nombre de Recinto Lab el espacio qued\u00f3 inaugurado en el marco del \u201cPrimer Encuentro de Laboratorios Ciudadanos\u201d que inici\u00f3 ayer y concluye este jueves 10.<\/p>\n","protected":false},"author":10,"featured_media":45898,"comment_status":"open","ping_status":"open","sticky":false,"template":"","format":"standard","meta":{"_acf_changed":false,"_uag_custom_page_level_css":"","_monsterinsights_skip_tracking":false,"_monsterinsights_sitenote_active":false,"_monsterinsights_sitenote_note":"","_monsterinsights_sitenote_category":0,"cybocfi_hide_featured_image":"","footnotes":""},"categories":[80,82,77,284,83],"tags":[1032,106],"infouartes":[],"class_list":["post-45897","post","type-post","status-publish","format-standard","has-post-thumbnail","hentry","category-academico","category-artes","category-gestion","category-investigacion","category-sedes","tag-laboratorios","tag-mz14"],"acf":[],"yoast_head":"<!-- This site is optimized with the Yoast SEO plugin v27.4 - https:\/\/yoast.com\/product\/yoast-seo-wordpress\/ -->\n<title>Universidad de las Artes - Recinto Lab se integra al circuito de laboratorios de artes y tecnolog\u00edas; est\u00e1 en el cuarto piso del MZ14<\/title>\n<meta name=\"description\" content=\"Universidad de las Artes - Recinto Lab se integra al circuito de laboratorios de artes y tecnolog\u00edas; est\u00e1 en el cuarto piso del MZ14\" \/>\n<meta name=\"robots\" content=\"index, follow, max-snippet:-1, max-image-preview:large, max-video-preview:-1\" \/>\n<link rel=\"canonical\" href=\"https:\/\/www.uartes.edu.ec\/sitio\/blog\/2023\/08\/08\/recinto-lab-se-inaugura-e-integra-al-circuito-de-laboratorios-de-artes-y-tecnologias-de-la-uartes\/\" \/>\n<meta property=\"og:locale\" content=\"es_ES\" \/>\n<meta property=\"og:type\" content=\"article\" \/>\n<meta property=\"og:title\" content=\"Universidad de las Artes - Recinto Lab se integra al circuito de laboratorios de artes y tecnolog\u00edas; est\u00e1 en el cuarto piso del MZ14\" \/>\n<meta property=\"og:description\" content=\"Universidad de las Artes - Recinto Lab se integra al circuito de laboratorios de artes y tecnolog\u00edas; est\u00e1 en el cuarto piso del MZ14\" \/>\n<meta property=\"og:url\" content=\"https:\/\/www.uartes.edu.ec\/sitio\/blog\/2023\/08\/08\/recinto-lab-se-inaugura-e-integra-al-circuito-de-laboratorios-de-artes-y-tecnologias-de-la-uartes\/\" \/>\n<meta property=\"og:site_name\" content=\"Universidad de las Artes\" \/>\n<meta property=\"article:publisher\" content=\"https:\/\/www.facebook.com\/uartesec\" \/>\n<meta property=\"article:published_time\" content=\"2023-08-08T23:42:00+00:00\" \/>\n<meta property=\"article:modified_time\" content=\"2024-07-04T16:20:51+00:00\" \/>\n<meta property=\"og:image\" content=\"https:\/\/www.uartes.edu.ec\/sitio\/wp-content\/uploads\/2023\/08\/02-RECINTO-MZ14.jpg\" \/>\n\t<meta property=\"og:image:width\" content=\"2000\" \/>\n\t<meta property=\"og:image:height\" content=\"1333\" \/>\n\t<meta property=\"og:image:type\" content=\"image\/jpeg\" \/>\n<meta name=\"author\" content=\"ccortez\" \/>\n<meta name=\"twitter:card\" content=\"summary_large_image\" \/>\n<meta name=\"twitter:creator\" content=\"@uartesec\" \/>\n<meta name=\"twitter:site\" content=\"@uartesec\" \/>\n<meta name=\"twitter:label1\" content=\"Escrito por\" \/>\n\t<meta name=\"twitter:data1\" content=\"ccortez\" \/>\n\t<meta name=\"twitter:label2\" content=\"Tiempo de lectura\" \/>\n\t<meta name=\"twitter:data2\" content=\"3 minutos\" \/>\n<script type=\"application\/ld+json\" class=\"yoast-schema-graph\">{\"@context\":\"https:\\\/\\\/schema.org\",\"@graph\":[{\"@type\":\"Article\",\"@id\":\"https:\\\/\\\/www.uartes.edu.ec\\\/sitio\\\/blog\\\/2023\\\/08\\\/08\\\/recinto-lab-se-inaugura-e-integra-al-circuito-de-laboratorios-de-artes-y-tecnologias-de-la-uartes\\\/#article\",\"isPartOf\":{\"@id\":\"https:\\\/\\\/www.uartes.edu.ec\\\/sitio\\\/blog\\\/2023\\\/08\\\/08\\\/recinto-lab-se-inaugura-e-integra-al-circuito-de-laboratorios-de-artes-y-tecnologias-de-la-uartes\\\/\"},\"author\":{\"name\":\"ccortez\",\"@id\":\"https:\\\/\\\/www.uartes.edu.ec\\\/sitio\\\/#\\\/schema\\\/person\\\/efa1b8275797664fd7f13a79ccc0b1f4\"},\"headline\":\"Recinto Lab se integra al circuito de laboratorios de artes y tecnolog\u00edas; est\u00e1 en el cuarto piso del MZ14\",\"datePublished\":\"2023-08-08T23:42:00+00:00\",\"dateModified\":\"2024-07-04T16:20:51+00:00\",\"mainEntityOfPage\":{\"@id\":\"https:\\\/\\\/www.uartes.edu.ec\\\/sitio\\\/blog\\\/2023\\\/08\\\/08\\\/recinto-lab-se-inaugura-e-integra-al-circuito-de-laboratorios-de-artes-y-tecnologias-de-la-uartes\\\/\"},\"wordCount\":495,\"commentCount\":0,\"publisher\":{\"@id\":\"https:\\\/\\\/www.uartes.edu.ec\\\/sitio\\\/#organization\"},\"image\":{\"@id\":\"https:\\\/\\\/www.uartes.edu.ec\\\/sitio\\\/blog\\\/2023\\\/08\\\/08\\\/recinto-lab-se-inaugura-e-integra-al-circuito-de-laboratorios-de-artes-y-tecnologias-de-la-uartes\\\/#primaryimage\"},\"thumbnailUrl\":\"https:\\\/\\\/www.uartes.edu.ec\\\/sitio\\\/wp-content\\\/uploads\\\/2023\\\/08\\\/02-RECINTO-MZ14.jpg\",\"keywords\":[\"laboratorios\",\"mz14\"],\"articleSection\":[\"Acad\u00e9mico\",\"Artes\",\"Gesti\u00f3n\",\"Investigaci\u00f3n\",\"Sedes\"],\"inLanguage\":\"es\",\"potentialAction\":[{\"@type\":\"CommentAction\",\"name\":\"Comment\",\"target\":[\"https:\\\/\\\/www.uartes.edu.ec\\\/sitio\\\/blog\\\/2023\\\/08\\\/08\\\/recinto-lab-se-inaugura-e-integra-al-circuito-de-laboratorios-de-artes-y-tecnologias-de-la-uartes\\\/#respond\"]}]},{\"@type\":[\"WebPage\",\"ItemPage\"],\"@id\":\"https:\\\/\\\/www.uartes.edu.ec\\\/sitio\\\/blog\\\/2023\\\/08\\\/08\\\/recinto-lab-se-inaugura-e-integra-al-circuito-de-laboratorios-de-artes-y-tecnologias-de-la-uartes\\\/\",\"url\":\"https:\\\/\\\/www.uartes.edu.ec\\\/sitio\\\/blog\\\/2023\\\/08\\\/08\\\/recinto-lab-se-inaugura-e-integra-al-circuito-de-laboratorios-de-artes-y-tecnologias-de-la-uartes\\\/\",\"name\":\"Universidad de las Artes - Recinto Lab se integra al circuito de laboratorios de artes y tecnolog\u00edas; est\u00e1 en el cuarto piso del MZ14\",\"isPartOf\":{\"@id\":\"https:\\\/\\\/www.uartes.edu.ec\\\/sitio\\\/#website\"},\"primaryImageOfPage\":{\"@id\":\"https:\\\/\\\/www.uartes.edu.ec\\\/sitio\\\/blog\\\/2023\\\/08\\\/08\\\/recinto-lab-se-inaugura-e-integra-al-circuito-de-laboratorios-de-artes-y-tecnologias-de-la-uartes\\\/#primaryimage\"},\"image\":{\"@id\":\"https:\\\/\\\/www.uartes.edu.ec\\\/sitio\\\/blog\\\/2023\\\/08\\\/08\\\/recinto-lab-se-inaugura-e-integra-al-circuito-de-laboratorios-de-artes-y-tecnologias-de-la-uartes\\\/#primaryimage\"},\"thumbnailUrl\":\"https:\\\/\\\/www.uartes.edu.ec\\\/sitio\\\/wp-content\\\/uploads\\\/2023\\\/08\\\/02-RECINTO-MZ14.jpg\",\"datePublished\":\"2023-08-08T23:42:00+00:00\",\"dateModified\":\"2024-07-04T16:20:51+00:00\",\"description\":\"Universidad de las Artes - Recinto Lab se integra al circuito de laboratorios de artes y tecnolog\u00edas; est\u00e1 en el cuarto piso del MZ14\",\"breadcrumb\":{\"@id\":\"https:\\\/\\\/www.uartes.edu.ec\\\/sitio\\\/blog\\\/2023\\\/08\\\/08\\\/recinto-lab-se-inaugura-e-integra-al-circuito-de-laboratorios-de-artes-y-tecnologias-de-la-uartes\\\/#breadcrumb\"},\"inLanguage\":\"es\",\"potentialAction\":[{\"@type\":\"ReadAction\",\"target\":[\"https:\\\/\\\/www.uartes.edu.ec\\\/sitio\\\/blog\\\/2023\\\/08\\\/08\\\/recinto-lab-se-inaugura-e-integra-al-circuito-de-laboratorios-de-artes-y-tecnologias-de-la-uartes\\\/\"]}]},{\"@type\":\"ImageObject\",\"inLanguage\":\"es\",\"@id\":\"https:\\\/\\\/www.uartes.edu.ec\\\/sitio\\\/blog\\\/2023\\\/08\\\/08\\\/recinto-lab-se-inaugura-e-integra-al-circuito-de-laboratorios-de-artes-y-tecnologias-de-la-uartes\\\/#primaryimage\",\"url\":\"https:\\\/\\\/www.uartes.edu.ec\\\/sitio\\\/wp-content\\\/uploads\\\/2023\\\/08\\\/02-RECINTO-MZ14.jpg\",\"contentUrl\":\"https:\\\/\\\/www.uartes.edu.ec\\\/sitio\\\/wp-content\\\/uploads\\\/2023\\\/08\\\/02-RECINTO-MZ14.jpg\",\"width\":2000,\"height\":1333},{\"@type\":\"BreadcrumbList\",\"@id\":\"https:\\\/\\\/www.uartes.edu.ec\\\/sitio\\\/blog\\\/2023\\\/08\\\/08\\\/recinto-lab-se-inaugura-e-integra-al-circuito-de-laboratorios-de-artes-y-tecnologias-de-la-uartes\\\/#breadcrumb\",\"itemListElement\":[{\"@type\":\"ListItem\",\"position\":1,\"name\":\"Inicio\",\"item\":\"https:\\\/\\\/www.uartes.edu.ec\\\/sitio\\\/\"},{\"@type\":\"ListItem\",\"position\":2,\"name\":\"Recinto Lab se integra al circuito de laboratorios de artes y tecnolog\u00edas; est\u00e1 en el cuarto piso del MZ14\"}]},{\"@type\":\"WebSite\",\"@id\":\"https:\\\/\\\/www.uartes.edu.ec\\\/sitio\\\/#website\",\"url\":\"https:\\\/\\\/www.uartes.edu.ec\\\/sitio\\\/\",\"name\":\"Universidad de las Artes\",\"description\":\"Sitio oficial de la Universidad Nacional de las Artes del Ecuador\",\"publisher\":{\"@id\":\"https:\\\/\\\/www.uartes.edu.ec\\\/sitio\\\/#organization\"},\"potentialAction\":[{\"@type\":\"SearchAction\",\"target\":{\"@type\":\"EntryPoint\",\"urlTemplate\":\"https:\\\/\\\/www.uartes.edu.ec\\\/sitio\\\/?s={search_term_string}\"},\"query-input\":{\"@type\":\"PropertyValueSpecification\",\"valueRequired\":true,\"valueName\":\"search_term_string\"}}],\"inLanguage\":\"es\"},{\"@type\":\"Organization\",\"@id\":\"https:\\\/\\\/www.uartes.edu.ec\\\/sitio\\\/#organization\",\"name\":\"Universidad de las Artes\",\"url\":\"https:\\\/\\\/www.uartes.edu.ec\\\/sitio\\\/\",\"logo\":{\"@type\":\"ImageObject\",\"inLanguage\":\"es\",\"@id\":\"https:\\\/\\\/www.uartes.edu.ec\\\/sitio\\\/#\\\/schema\\\/logo\\\/image\\\/\",\"url\":\"https:\\\/\\\/www.uartes.edu.ec\\\/sitio\\\/wp-content\\\/uploads\\\/2022\\\/07\\\/logo-ua-horizontal.png\",\"contentUrl\":\"https:\\\/\\\/www.uartes.edu.ec\\\/sitio\\\/wp-content\\\/uploads\\\/2022\\\/07\\\/logo-ua-horizontal.png\",\"width\":800,\"height\":276,\"caption\":\"Universidad de las Artes\"},\"image\":{\"@id\":\"https:\\\/\\\/www.uartes.edu.ec\\\/sitio\\\/#\\\/schema\\\/logo\\\/image\\\/\"},\"sameAs\":[\"https:\\\/\\\/www.facebook.com\\\/uartesec\",\"https:\\\/\\\/x.com\\\/uartesec\",\"https:\\\/\\\/www.tiktok.com\\\/@uartesec\"]},{\"@type\":\"Person\",\"@id\":\"https:\\\/\\\/www.uartes.edu.ec\\\/sitio\\\/#\\\/schema\\\/person\\\/efa1b8275797664fd7f13a79ccc0b1f4\",\"name\":\"ccortez\",\"image\":{\"@type\":\"ImageObject\",\"inLanguage\":\"es\",\"@id\":\"https:\\\/\\\/secure.gravatar.com\\\/avatar\\\/b2a6f664a3ae8e074346ef91775736c5ec479e637ecced6842de9dc98b5da9cd?s=96&d=mm&r=g\",\"url\":\"https:\\\/\\\/secure.gravatar.com\\\/avatar\\\/b2a6f664a3ae8e074346ef91775736c5ec479e637ecced6842de9dc98b5da9cd?s=96&d=mm&r=g\",\"contentUrl\":\"https:\\\/\\\/secure.gravatar.com\\\/avatar\\\/b2a6f664a3ae8e074346ef91775736c5ec479e637ecced6842de9dc98b5da9cd?s=96&d=mm&r=g\",\"caption\":\"ccortez\"},\"url\":\"https:\\\/\\\/www.uartes.edu.ec\\\/sitio\\\/blog\\\/author\\\/ccortez\\\/\"}]}<\/script>\n<!-- \/ Yoast SEO plugin. -->","yoast_head_json":{"title":"Universidad de las Artes - Recinto Lab se integra al circuito de laboratorios de artes y tecnolog\u00edas; est\u00e1 en el cuarto piso del MZ14","description":"Universidad de las Artes - Recinto Lab se integra al circuito de laboratorios de artes y tecnolog\u00edas; est\u00e1 en el cuarto piso del MZ14","robots":{"index":"index","follow":"follow","max-snippet":"max-snippet:-1","max-image-preview":"max-image-preview:large","max-video-preview":"max-video-preview:-1"},"canonical":"https:\/\/www.uartes.edu.ec\/sitio\/blog\/2023\/08\/08\/recinto-lab-se-inaugura-e-integra-al-circuito-de-laboratorios-de-artes-y-tecnologias-de-la-uartes\/","og_locale":"es_ES","og_type":"article","og_title":"Universidad de las Artes - Recinto Lab se integra al circuito de laboratorios de artes y tecnolog\u00edas; est\u00e1 en el cuarto piso del MZ14","og_description":"Universidad de las Artes - Recinto Lab se integra al circuito de laboratorios de artes y tecnolog\u00edas; est\u00e1 en el cuarto piso del MZ14","og_url":"https:\/\/www.uartes.edu.ec\/sitio\/blog\/2023\/08\/08\/recinto-lab-se-inaugura-e-integra-al-circuito-de-laboratorios-de-artes-y-tecnologias-de-la-uartes\/","og_site_name":"Universidad de las Artes","article_publisher":"https:\/\/www.facebook.com\/uartesec","article_published_time":"2023-08-08T23:42:00+00:00","article_modified_time":"2024-07-04T16:20:51+00:00","og_image":[{"width":2000,"height":1333,"url":"https:\/\/www.uartes.edu.ec\/sitio\/wp-content\/uploads\/2023\/08\/02-RECINTO-MZ14.jpg","type":"image\/jpeg"}],"author":"ccortez","twitter_card":"summary_large_image","twitter_creator":"@uartesec","twitter_site":"@uartesec","twitter_misc":{"Escrito por":"ccortez","Tiempo de lectura":"3 minutos"},"schema":{"@context":"https:\/\/schema.org","@graph":[{"@type":"Article","@id":"https:\/\/www.uartes.edu.ec\/sitio\/blog\/2023\/08\/08\/recinto-lab-se-inaugura-e-integra-al-circuito-de-laboratorios-de-artes-y-tecnologias-de-la-uartes\/#article","isPartOf":{"@id":"https:\/\/www.uartes.edu.ec\/sitio\/blog\/2023\/08\/08\/recinto-lab-se-inaugura-e-integra-al-circuito-de-laboratorios-de-artes-y-tecnologias-de-la-uartes\/"},"author":{"name":"ccortez","@id":"https:\/\/www.uartes.edu.ec\/sitio\/#\/schema\/person\/efa1b8275797664fd7f13a79ccc0b1f4"},"headline":"Recinto Lab se integra al circuito de laboratorios de artes y tecnolog\u00edas; est\u00e1 en el cuarto piso del MZ14","datePublished":"2023-08-08T23:42:00+00:00","dateModified":"2024-07-04T16:20:51+00:00","mainEntityOfPage":{"@id":"https:\/\/www.uartes.edu.ec\/sitio\/blog\/2023\/08\/08\/recinto-lab-se-inaugura-e-integra-al-circuito-de-laboratorios-de-artes-y-tecnologias-de-la-uartes\/"},"wordCount":495,"commentCount":0,"publisher":{"@id":"https:\/\/www.uartes.edu.ec\/sitio\/#organization"},"image":{"@id":"https:\/\/www.uartes.edu.ec\/sitio\/blog\/2023\/08\/08\/recinto-lab-se-inaugura-e-integra-al-circuito-de-laboratorios-de-artes-y-tecnologias-de-la-uartes\/#primaryimage"},"thumbnailUrl":"https:\/\/www.uartes.edu.ec\/sitio\/wp-content\/uploads\/2023\/08\/02-RECINTO-MZ14.jpg","keywords":["laboratorios","mz14"],"articleSection":["Acad\u00e9mico","Artes","Gesti\u00f3n","Investigaci\u00f3n","Sedes"],"inLanguage":"es","potentialAction":[{"@type":"CommentAction","name":"Comment","target":["https:\/\/www.uartes.edu.ec\/sitio\/blog\/2023\/08\/08\/recinto-lab-se-inaugura-e-integra-al-circuito-de-laboratorios-de-artes-y-tecnologias-de-la-uartes\/#respond"]}]},{"@type":["WebPage","ItemPage"],"@id":"https:\/\/www.uartes.edu.ec\/sitio\/blog\/2023\/08\/08\/recinto-lab-se-inaugura-e-integra-al-circuito-de-laboratorios-de-artes-y-tecnologias-de-la-uartes\/","url":"https:\/\/www.uartes.edu.ec\/sitio\/blog\/2023\/08\/08\/recinto-lab-se-inaugura-e-integra-al-circuito-de-laboratorios-de-artes-y-tecnologias-de-la-uartes\/","name":"Universidad de las Artes - Recinto Lab se integra al circuito de laboratorios de artes y tecnolog\u00edas; est\u00e1 en el cuarto piso del MZ14","isPartOf":{"@id":"https:\/\/www.uartes.edu.ec\/sitio\/#website"},"primaryImageOfPage":{"@id":"https:\/\/www.uartes.edu.ec\/sitio\/blog\/2023\/08\/08\/recinto-lab-se-inaugura-e-integra-al-circuito-de-laboratorios-de-artes-y-tecnologias-de-la-uartes\/#primaryimage"},"image":{"@id":"https:\/\/www.uartes.edu.ec\/sitio\/blog\/2023\/08\/08\/recinto-lab-se-inaugura-e-integra-al-circuito-de-laboratorios-de-artes-y-tecnologias-de-la-uartes\/#primaryimage"},"thumbnailUrl":"https:\/\/www.uartes.edu.ec\/sitio\/wp-content\/uploads\/2023\/08\/02-RECINTO-MZ14.jpg","datePublished":"2023-08-08T23:42:00+00:00","dateModified":"2024-07-04T16:20:51+00:00","description":"Universidad de las Artes - Recinto Lab se integra al circuito de laboratorios de artes y tecnolog\u00edas; est\u00e1 en el cuarto piso del MZ14","breadcrumb":{"@id":"https:\/\/www.uartes.edu.ec\/sitio\/blog\/2023\/08\/08\/recinto-lab-se-inaugura-e-integra-al-circuito-de-laboratorios-de-artes-y-tecnologias-de-la-uartes\/#breadcrumb"},"inLanguage":"es","potentialAction":[{"@type":"ReadAction","target":["https:\/\/www.uartes.edu.ec\/sitio\/blog\/2023\/08\/08\/recinto-lab-se-inaugura-e-integra-al-circuito-de-laboratorios-de-artes-y-tecnologias-de-la-uartes\/"]}]},{"@type":"ImageObject","inLanguage":"es","@id":"https:\/\/www.uartes.edu.ec\/sitio\/blog\/2023\/08\/08\/recinto-lab-se-inaugura-e-integra-al-circuito-de-laboratorios-de-artes-y-tecnologias-de-la-uartes\/#primaryimage","url":"https:\/\/www.uartes.edu.ec\/sitio\/wp-content\/uploads\/2023\/08\/02-RECINTO-MZ14.jpg","contentUrl":"https:\/\/www.uartes.edu.ec\/sitio\/wp-content\/uploads\/2023\/08\/02-RECINTO-MZ14.jpg","width":2000,"height":1333},{"@type":"BreadcrumbList","@id":"https:\/\/www.uartes.edu.ec\/sitio\/blog\/2023\/08\/08\/recinto-lab-se-inaugura-e-integra-al-circuito-de-laboratorios-de-artes-y-tecnologias-de-la-uartes\/#breadcrumb","itemListElement":[{"@type":"ListItem","position":1,"name":"Inicio","item":"https:\/\/www.uartes.edu.ec\/sitio\/"},{"@type":"ListItem","position":2,"name":"Recinto Lab se integra al circuito de laboratorios de artes y tecnolog\u00edas; est\u00e1 en el cuarto piso del MZ14"}]},{"@type":"WebSite","@id":"https:\/\/www.uartes.edu.ec\/sitio\/#website","url":"https:\/\/www.uartes.edu.ec\/sitio\/","name":"Universidad de las Artes","description":"Sitio oficial de la Universidad Nacional de las Artes del Ecuador","publisher":{"@id":"https:\/\/www.uartes.edu.ec\/sitio\/#organization"},"potentialAction":[{"@type":"SearchAction","target":{"@type":"EntryPoint","urlTemplate":"https:\/\/www.uartes.edu.ec\/sitio\/?s={search_term_string}"},"query-input":{"@type":"PropertyValueSpecification","valueRequired":true,"valueName":"search_term_string"}}],"inLanguage":"es"},{"@type":"Organization","@id":"https:\/\/www.uartes.edu.ec\/sitio\/#organization","name":"Universidad de las Artes","url":"https:\/\/www.uartes.edu.ec\/sitio\/","logo":{"@type":"ImageObject","inLanguage":"es","@id":"https:\/\/www.uartes.edu.ec\/sitio\/#\/schema\/logo\/image\/","url":"https:\/\/www.uartes.edu.ec\/sitio\/wp-content\/uploads\/2022\/07\/logo-ua-horizontal.png","contentUrl":"https:\/\/www.uartes.edu.ec\/sitio\/wp-content\/uploads\/2022\/07\/logo-ua-horizontal.png","width":800,"height":276,"caption":"Universidad de las Artes"},"image":{"@id":"https:\/\/www.uartes.edu.ec\/sitio\/#\/schema\/logo\/image\/"},"sameAs":["https:\/\/www.facebook.com\/uartesec","https:\/\/x.com\/uartesec","https:\/\/www.tiktok.com\/@uartesec"]},{"@type":"Person","@id":"https:\/\/www.uartes.edu.ec\/sitio\/#\/schema\/person\/efa1b8275797664fd7f13a79ccc0b1f4","name":"ccortez","image":{"@type":"ImageObject","inLanguage":"es","@id":"https:\/\/secure.gravatar.com\/avatar\/b2a6f664a3ae8e074346ef91775736c5ec479e637ecced6842de9dc98b5da9cd?s=96&d=mm&r=g","url":"https:\/\/secure.gravatar.com\/avatar\/b2a6f664a3ae8e074346ef91775736c5ec479e637ecced6842de9dc98b5da9cd?s=96&d=mm&r=g","contentUrl":"https:\/\/secure.gravatar.com\/avatar\/b2a6f664a3ae8e074346ef91775736c5ec479e637ecced6842de9dc98b5da9cd?s=96&d=mm&r=g","caption":"ccortez"},"url":"https:\/\/www.uartes.edu.ec\/sitio\/blog\/author\/ccortez\/"}]}},"uagb_featured_image_src":{"full":["https:\/\/www.uartes.edu.ec\/sitio\/wp-content\/uploads\/2023\/08\/02-RECINTO-MZ14.jpg",2000,1333,false],"thumbnail":["https:\/\/www.uartes.edu.ec\/sitio\/wp-content\/uploads\/2023\/08\/02-RECINTO-MZ14-150x150.jpg",150,150,true],"medium":["https:\/\/www.uartes.edu.ec\/sitio\/wp-content\/uploads\/2023\/08\/02-RECINTO-MZ14-300x200.jpg",300,200,true],"medium_large":["https:\/\/www.uartes.edu.ec\/sitio\/wp-content\/uploads\/2023\/08\/02-RECINTO-MZ14-768x512.jpg",768,512,true],"large":["https:\/\/www.uartes.edu.ec\/sitio\/wp-content\/uploads\/2023\/08\/02-RECINTO-MZ14-644x429.jpg",644,429,true],"1536x1536":["https:\/\/www.uartes.edu.ec\/sitio\/wp-content\/uploads\/2023\/08\/02-RECINTO-MZ14-1536x1024.jpg",1536,1024,true],"2048x2048":["https:\/\/www.uartes.edu.ec\/sitio\/wp-content\/uploads\/2023\/08\/02-RECINTO-MZ14.jpg",2000,1333,false],"trp-custom-language-flag":["https:\/\/www.uartes.edu.ec\/sitio\/wp-content\/uploads\/2023\/08\/02-RECINTO-MZ14.jpg",18,12,false],"htmega_size_585x295":["https:\/\/www.uartes.edu.ec\/sitio\/wp-content\/uploads\/2023\/08\/02-RECINTO-MZ14-585x295.jpg",585,295,true],"htmega_size_1170x536":["https:\/\/www.uartes.edu.ec\/sitio\/wp-content\/uploads\/2023\/08\/02-RECINTO-MZ14-1170x536.jpg",1170,536,true],"htmega_size_396x360":["https:\/\/www.uartes.edu.ec\/sitio\/wp-content\/uploads\/2023\/08\/02-RECINTO-MZ14-396x360.jpg",396,360,true],"gb-block-post-grid-landscape":["https:\/\/www.uartes.edu.ec\/sitio\/wp-content\/uploads\/2023\/08\/02-RECINTO-MZ14-600x400.jpg",600,400,true],"gb-block-post-grid-square":["https:\/\/www.uartes.edu.ec\/sitio\/wp-content\/uploads\/2023\/08\/02-RECINTO-MZ14-600x600.jpg",600,600,true],"university-hub-thumb":["https:\/\/www.uartes.edu.ec\/sitio\/wp-content\/uploads\/2023\/08\/02-RECINTO-MZ14-400x267.jpg",400,267,true]},"uagb_author_info":{"display_name":"ccortez","author_link":"https:\/\/www.uartes.edu.ec\/sitio\/blog\/author\/ccortez\/"},"uagb_comment_info":0,"uagb_excerpt":"Se encuentra en el cuarto piso del MZ14 Centro de Producci\u00f3n e Innovaci\u00f3n y forma parte de un circuito de laboratorios de artes y tecnolog\u00edas de la UArtes, concebidos para desarrollar proyectos diferentes e incluso interconectados. Con el nombre de Recinto Lab el espacio qued\u00f3 inaugurado en el marco del \u201cPrimer Encuentro de Laboratorios Ciudadanos\u201d&hellip;","featured_image_src":"https:\/\/www.uartes.edu.ec\/sitio\/wp-content\/uploads\/2023\/08\/02-RECINTO-MZ14-600x400.jpg","featured_image_src_square":"https:\/\/www.uartes.edu.ec\/sitio\/wp-content\/uploads\/2023\/08\/02-RECINTO-MZ14-600x600.jpg","author_info":{"display_name":"ccortez","author_link":"https:\/\/www.uartes.edu.ec\/sitio\/blog\/author\/ccortez\/"},"publishpress_future_workflow_manual_trigger":{"enabledWorkflows":[]},"distributor_meta":false,"distributor_terms":false,"distributor_media":false,"distributor_original_site_name":"Universidad de las Artes","distributor_original_site_url":"https:\/\/www.uartes.edu.ec\/sitio","push-errors":false,"_links":{"self":[{"href":"https:\/\/www.uartes.edu.ec\/sitio\/wp-json\/wp\/v2\/posts\/45897","targetHints":{"allow":["GET"]}}],"collection":[{"href":"https:\/\/www.uartes.edu.ec\/sitio\/wp-json\/wp\/v2\/posts"}],"about":[{"href":"https:\/\/www.uartes.edu.ec\/sitio\/wp-json\/wp\/v2\/types\/post"}],"author":[{"embeddable":true,"href":"https:\/\/www.uartes.edu.ec\/sitio\/wp-json\/wp\/v2\/users\/10"}],"replies":[{"embeddable":true,"href":"https:\/\/www.uartes.edu.ec\/sitio\/wp-json\/wp\/v2\/comments?post=45897"}],"version-history":[{"count":8,"href":"https:\/\/www.uartes.edu.ec\/sitio\/wp-json\/wp\/v2\/posts\/45897\/revisions"}],"predecessor-version":[{"id":45923,"href":"https:\/\/www.uartes.edu.ec\/sitio\/wp-json\/wp\/v2\/posts\/45897\/revisions\/45923"}],"wp:featuredmedia":[{"embeddable":true,"href":"https:\/\/www.uartes.edu.ec\/sitio\/wp-json\/wp\/v2\/media\/45898"}],"wp:attachment":[{"href":"https:\/\/www.uartes.edu.ec\/sitio\/wp-json\/wp\/v2\/media?parent=45897"}],"wp:term":[{"taxonomy":"category","embeddable":true,"href":"https:\/\/www.uartes.edu.ec\/sitio\/wp-json\/wp\/v2\/categories?post=45897"},{"taxonomy":"post_tag","embeddable":true,"href":"https:\/\/www.uartes.edu.ec\/sitio\/wp-json\/wp\/v2\/tags?post=45897"},{"taxonomy":"infouartes","embeddable":true,"href":"https:\/\/www.uartes.edu.ec\/sitio\/wp-json\/wp\/v2\/infouartes?post=45897"}],"curies":[{"name":"wp","href":"https:\/\/api.w.org\/{rel}","templated":true}]}}