{"id":45979,"date":"2023-08-10T15:58:00","date_gmt":"2023-08-10T20:58:00","guid":{"rendered":"https:\/\/www.uartes.edu.ec\/sitio\/?p=45979"},"modified":"2024-07-04T11:20:50","modified_gmt":"2024-07-04T16:20:50","slug":"yuliana-ortiz-ruano-gana-convocatoria-internacional-y-cumplira-una-residencia-en-la-universidad-de-granada","status":"publish","type":"post","link":"https:\/\/www.uartes.edu.ec\/sitio\/blog\/2023\/08\/10\/yuliana-ortiz-ruano-gana-convocatoria-internacional-y-cumplira-una-residencia-en-la-universidad-de-granada\/","title":{"rendered":"Autora y alumnus Yuliana Ortiz gana convocatoria internacional y cumplir\u00e1 residencia en Universidad de Granada"},"content":{"rendered":"\n<p>Supo de la convocatoria por una amiga que realiza su doctorado en la Universidad de Granada y su siguiente paso fue informarse acerca de las bases del concurso para aplicar y al constatar que cumpl\u00eda con todos los requisitos llen\u00f3 el formulario y envi\u00f3 el primer cap\u00edtulo de su novela &#8220;Fiebre de carnaval&#8221;. La escritora Yuliana Ortiz, graduada en la Escuela de Literatura de la Universidad de las Artes, detalla as\u00ed el proceso que sigui\u00f3 para postularse a la sexta edici\u00f3n del Programa Internacional de Escritores en Residencia de Granada (2023), la cual gan\u00f3.<\/p>\n\n\n\n<p>Cont\u00f3 tambi\u00e9n que como parte de los requisitos constaban dos cartas de recomendaci\u00f3n. Ella las solicit\u00f3 a la doctora Olga L\u00f3pez, vicerrectora de Posgrado e Investigaci\u00f3n en Artes, quien hab\u00eda dirigido una investigaci\u00f3n suya cuando era estudiante; y, a la cr\u00edtica literaria Alicia Ortega, docente de la Universidad Andina, pues le hab\u00eda manifestado que presentar\u00eda una ponencia en la Universidad de Colorado, Estados Unidos, sobre su novela.<\/p>\n\n\n\n<p>En el correo electr\u00f3nico donde Ortiz fue notificada de su selecci\u00f3n, de un total de&nbsp;123 candidaturas procedentes de&nbsp;48 pa\u00edses, le informaron que acorde a las bases de la convocatoria internacional ella cumplir\u00e1 del 3 de noviembre al 2 de diciembre pr\u00f3ximos una residencia universitaria en Corrala de Santiago.<\/p>\n\n\n\n<p>El Programa Internacional de Escritores en Residencia de Granada es un proyecto conjunto de Granada, designada en 2014 por la UNESCO como Ciudad Creativa en el \u00e1mbito de la Literatura. Es dependiente del \u00c1rea de Cultura del Ayuntamiento de Granada y de la Universidad de Granada, a trav\u00e9s de los vicerrectorados de Extensi\u00f3n Universitaria y Patrimonio, de Internacionalizaci\u00f3n y de Responsabilidad Social, Igualdad e Inclusi\u00f3n y de la Residencia Universitaria Corrala de Santiago, que es donde pernoctar\u00e1 Ortiz.<\/p>\n\n\n\n<p>Seg\u00fan el sitio web <a href=\"https:\/\/granadaciudaddeliteratura.com\/es\">https:\/\/granadaciudaddeliteratura.com\/es<\/a>, nuestra alumni gan\u00f3 la selecci\u00f3n final de la sexta edici\u00f3n del Programa Internacional de Escritores en Residencia de Granada junto a Nell Leyshon, novelista y dramaturga brit\u00e1nica.&nbsp;<\/p>\n\n\n\n<p>La p\u00e1gina se\u00f1ala tambi\u00e9n que, tras su designaci\u00f3n, Granada ha venido desarrollando un conjunto de proyectos y actividades internacionales vinculados con la literatura. Justamente, uno de estos proyectos es el Programa Internacional de Residencias de Escritores en Granada, iniciado en 2017.<\/p>\n\n\n\n<p>Nacida en Esmeraldas en 1992, la tambi\u00e9n funcionaria UArtes obtuvo su licenciatura en Literatura con menci\u00f3n en Artes y Escritura en 2022. Ha publicado en poes\u00eda&nbsp;\u201cCanciones desde el fin del mundo\u201d&nbsp;(Libero Editorial, Madrid, 2021) y&nbsp;\u201cCuaderno del imposible retorno a Pangea\u201d&nbsp;(Ediciones Libros del Cardo, Valpara\u00edso, 2021 \u2013 Recodo Press, Quito, 2021 \u2013 Amauta &amp; Yaguar, Buenos Aires, 2022). Ha sido seleccionada en el Translator Choice II del Festival de Literatura Latinoamericana LATINALE, organizado por el Instituto Cervantes de Berl\u00edn.&nbsp;\u201cFiebre de carnaval\u201d&nbsp;(La Navaja Suiza, Madrid), su primera novela, ha concitado la atenci\u00f3n de la cr\u00edtica y ha ganado el premio IESS Primo Romanzo Latinoamericano en Italia este 2023.<\/p>\n","protected":false},"excerpt":{"rendered":"<p>La escritora Yuliana Ortiz, graduada en la Escuela de Literatura, postul\u00f3 para la sexta edici\u00f3n del Programa Internacional de Escritores en Residencia de Granada (2023) y de un total de 123 candidaturas procedentes de 48 pa\u00edses gan\u00f3 la convocatoria; la hoy funcionaria UArtes cumplir\u00e1 del 3 de noviembre al 2 de diciembre pr\u00f3ximos una residencia universitaria en Corrala de Santiago. <\/p>\n","protected":false},"author":10,"featured_media":45980,"comment_status":"open","ping_status":"open","sticky":false,"template":"","format":"standard","meta":{"_acf_changed":false,"_uag_custom_page_level_css":"","_monsterinsights_skip_tracking":false,"_monsterinsights_sitenote_active":false,"_monsterinsights_sitenote_note":"","_monsterinsights_sitenote_category":0,"cybocfi_hide_featured_image":"","footnotes":""},"categories":[80,438,490,77],"tags":[943],"infouartes":[],"class_list":["post-45979","post","type-post","status-publish","format-standard","has-post-thumbnail","hentry","category-academico","category-administrativos","category-alumni","category-gestion","tag-residencia"],"acf":[],"yoast_head":"<!-- This site is optimized with the Yoast SEO plugin v27.4 - https:\/\/yoast.com\/product\/yoast-seo-wordpress\/ -->\n<title>Universidad de las Artes - Autora y alumnus Yuliana Ortiz gana convocatoria internacional y cumplir\u00e1 residencia en Universidad de Granada<\/title>\n<meta name=\"description\" content=\"Universidad de las Artes - Autora y alumnus Yuliana Ortiz gana convocatoria internacional y cumplir\u00e1 residencia en Universidad de Granada\" \/>\n<meta name=\"robots\" content=\"index, follow, max-snippet:-1, max-image-preview:large, max-video-preview:-1\" \/>\n<link rel=\"canonical\" href=\"https:\/\/www.uartes.edu.ec\/sitio\/blog\/2023\/08\/10\/yuliana-ortiz-ruano-gana-convocatoria-internacional-y-cumplira-una-residencia-en-la-universidad-de-granada\/\" \/>\n<meta property=\"og:locale\" content=\"es_ES\" \/>\n<meta property=\"og:type\" content=\"article\" \/>\n<meta property=\"og:title\" content=\"Universidad de las Artes - Autora y alumnus Yuliana Ortiz gana convocatoria internacional y cumplir\u00e1 residencia en Universidad de Granada\" \/>\n<meta property=\"og:description\" content=\"Universidad de las Artes - Autora y alumnus Yuliana Ortiz gana convocatoria internacional y cumplir\u00e1 residencia en Universidad de Granada\" \/>\n<meta property=\"og:url\" content=\"https:\/\/www.uartes.edu.ec\/sitio\/blog\/2023\/08\/10\/yuliana-ortiz-ruano-gana-convocatoria-internacional-y-cumplira-una-residencia-en-la-universidad-de-granada\/\" \/>\n<meta property=\"og:site_name\" content=\"Universidad de las Artes\" \/>\n<meta property=\"article:publisher\" content=\"https:\/\/www.facebook.com\/uartesec\" \/>\n<meta property=\"article:published_time\" content=\"2023-08-10T20:58:00+00:00\" \/>\n<meta property=\"article:modified_time\" content=\"2024-07-04T16:20:50+00:00\" \/>\n<meta property=\"og:image\" content=\"https:\/\/www.uartes.edu.ec\/sitio\/wp-content\/uploads\/2023\/08\/YULIANA-ORTIZ-1.jpg\" \/>\n\t<meta property=\"og:image:width\" content=\"2000\" \/>\n\t<meta property=\"og:image:height\" content=\"1333\" \/>\n\t<meta property=\"og:image:type\" content=\"image\/jpeg\" \/>\n<meta name=\"author\" content=\"ccortez\" \/>\n<meta name=\"twitter:card\" content=\"summary_large_image\" \/>\n<meta name=\"twitter:creator\" content=\"@uartesec\" \/>\n<meta name=\"twitter:site\" content=\"@uartesec\" \/>\n<meta name=\"twitter:label1\" content=\"Escrito por\" \/>\n\t<meta name=\"twitter:data1\" content=\"ccortez\" \/>\n\t<meta name=\"twitter:label2\" content=\"Tiempo de lectura\" \/>\n\t<meta name=\"twitter:data2\" content=\"3 minutos\" \/>\n<script type=\"application\/ld+json\" class=\"yoast-schema-graph\">{\"@context\":\"https:\\\/\\\/schema.org\",\"@graph\":[{\"@type\":\"Article\",\"@id\":\"https:\\\/\\\/www.uartes.edu.ec\\\/sitio\\\/blog\\\/2023\\\/08\\\/10\\\/yuliana-ortiz-ruano-gana-convocatoria-internacional-y-cumplira-una-residencia-en-la-universidad-de-granada\\\/#article\",\"isPartOf\":{\"@id\":\"https:\\\/\\\/www.uartes.edu.ec\\\/sitio\\\/blog\\\/2023\\\/08\\\/10\\\/yuliana-ortiz-ruano-gana-convocatoria-internacional-y-cumplira-una-residencia-en-la-universidad-de-granada\\\/\"},\"author\":{\"name\":\"ccortez\",\"@id\":\"https:\\\/\\\/www.uartes.edu.ec\\\/sitio\\\/#\\\/schema\\\/person\\\/efa1b8275797664fd7f13a79ccc0b1f4\"},\"headline\":\"Autora y alumnus Yuliana Ortiz gana convocatoria internacional y cumplir\u00e1 residencia en Universidad de Granada\",\"datePublished\":\"2023-08-10T20:58:00+00:00\",\"dateModified\":\"2024-07-04T16:20:50+00:00\",\"mainEntityOfPage\":{\"@id\":\"https:\\\/\\\/www.uartes.edu.ec\\\/sitio\\\/blog\\\/2023\\\/08\\\/10\\\/yuliana-ortiz-ruano-gana-convocatoria-internacional-y-cumplira-una-residencia-en-la-universidad-de-granada\\\/\"},\"wordCount\":520,\"commentCount\":0,\"publisher\":{\"@id\":\"https:\\\/\\\/www.uartes.edu.ec\\\/sitio\\\/#organization\"},\"image\":{\"@id\":\"https:\\\/\\\/www.uartes.edu.ec\\\/sitio\\\/blog\\\/2023\\\/08\\\/10\\\/yuliana-ortiz-ruano-gana-convocatoria-internacional-y-cumplira-una-residencia-en-la-universidad-de-granada\\\/#primaryimage\"},\"thumbnailUrl\":\"https:\\\/\\\/www.uartes.edu.ec\\\/sitio\\\/wp-content\\\/uploads\\\/2023\\\/08\\\/YULIANA-ORTIZ-1.jpg\",\"keywords\":[\"residencia\"],\"articleSection\":[\"Acad\u00e9mico\",\"Administrativos\",\"Alumni\",\"Gesti\u00f3n\"],\"inLanguage\":\"es\",\"potentialAction\":[{\"@type\":\"CommentAction\",\"name\":\"Comment\",\"target\":[\"https:\\\/\\\/www.uartes.edu.ec\\\/sitio\\\/blog\\\/2023\\\/08\\\/10\\\/yuliana-ortiz-ruano-gana-convocatoria-internacional-y-cumplira-una-residencia-en-la-universidad-de-granada\\\/#respond\"]}]},{\"@type\":[\"WebPage\",\"ItemPage\"],\"@id\":\"https:\\\/\\\/www.uartes.edu.ec\\\/sitio\\\/blog\\\/2023\\\/08\\\/10\\\/yuliana-ortiz-ruano-gana-convocatoria-internacional-y-cumplira-una-residencia-en-la-universidad-de-granada\\\/\",\"url\":\"https:\\\/\\\/www.uartes.edu.ec\\\/sitio\\\/blog\\\/2023\\\/08\\\/10\\\/yuliana-ortiz-ruano-gana-convocatoria-internacional-y-cumplira-una-residencia-en-la-universidad-de-granada\\\/\",\"name\":\"Universidad de las Artes - Autora y alumnus Yuliana Ortiz gana convocatoria internacional y cumplir\u00e1 residencia en Universidad de Granada\",\"isPartOf\":{\"@id\":\"https:\\\/\\\/www.uartes.edu.ec\\\/sitio\\\/#website\"},\"primaryImageOfPage\":{\"@id\":\"https:\\\/\\\/www.uartes.edu.ec\\\/sitio\\\/blog\\\/2023\\\/08\\\/10\\\/yuliana-ortiz-ruano-gana-convocatoria-internacional-y-cumplira-una-residencia-en-la-universidad-de-granada\\\/#primaryimage\"},\"image\":{\"@id\":\"https:\\\/\\\/www.uartes.edu.ec\\\/sitio\\\/blog\\\/2023\\\/08\\\/10\\\/yuliana-ortiz-ruano-gana-convocatoria-internacional-y-cumplira-una-residencia-en-la-universidad-de-granada\\\/#primaryimage\"},\"thumbnailUrl\":\"https:\\\/\\\/www.uartes.edu.ec\\\/sitio\\\/wp-content\\\/uploads\\\/2023\\\/08\\\/YULIANA-ORTIZ-1.jpg\",\"datePublished\":\"2023-08-10T20:58:00+00:00\",\"dateModified\":\"2024-07-04T16:20:50+00:00\",\"description\":\"Universidad de las Artes - Autora y alumnus Yuliana Ortiz gana convocatoria internacional y cumplir\u00e1 residencia en Universidad de Granada\",\"breadcrumb\":{\"@id\":\"https:\\\/\\\/www.uartes.edu.ec\\\/sitio\\\/blog\\\/2023\\\/08\\\/10\\\/yuliana-ortiz-ruano-gana-convocatoria-internacional-y-cumplira-una-residencia-en-la-universidad-de-granada\\\/#breadcrumb\"},\"inLanguage\":\"es\",\"potentialAction\":[{\"@type\":\"ReadAction\",\"target\":[\"https:\\\/\\\/www.uartes.edu.ec\\\/sitio\\\/blog\\\/2023\\\/08\\\/10\\\/yuliana-ortiz-ruano-gana-convocatoria-internacional-y-cumplira-una-residencia-en-la-universidad-de-granada\\\/\"]}]},{\"@type\":\"ImageObject\",\"inLanguage\":\"es\",\"@id\":\"https:\\\/\\\/www.uartes.edu.ec\\\/sitio\\\/blog\\\/2023\\\/08\\\/10\\\/yuliana-ortiz-ruano-gana-convocatoria-internacional-y-cumplira-una-residencia-en-la-universidad-de-granada\\\/#primaryimage\",\"url\":\"https:\\\/\\\/www.uartes.edu.ec\\\/sitio\\\/wp-content\\\/uploads\\\/2023\\\/08\\\/YULIANA-ORTIZ-1.jpg\",\"contentUrl\":\"https:\\\/\\\/www.uartes.edu.ec\\\/sitio\\\/wp-content\\\/uploads\\\/2023\\\/08\\\/YULIANA-ORTIZ-1.jpg\",\"width\":2000,\"height\":1333},{\"@type\":\"BreadcrumbList\",\"@id\":\"https:\\\/\\\/www.uartes.edu.ec\\\/sitio\\\/blog\\\/2023\\\/08\\\/10\\\/yuliana-ortiz-ruano-gana-convocatoria-internacional-y-cumplira-una-residencia-en-la-universidad-de-granada\\\/#breadcrumb\",\"itemListElement\":[{\"@type\":\"ListItem\",\"position\":1,\"name\":\"Inicio\",\"item\":\"https:\\\/\\\/www.uartes.edu.ec\\\/sitio\\\/\"},{\"@type\":\"ListItem\",\"position\":2,\"name\":\"Autora y alumnus Yuliana Ortiz gana convocatoria internacional y cumplir\u00e1 residencia en Universidad de Granada\"}]},{\"@type\":\"WebSite\",\"@id\":\"https:\\\/\\\/www.uartes.edu.ec\\\/sitio\\\/#website\",\"url\":\"https:\\\/\\\/www.uartes.edu.ec\\\/sitio\\\/\",\"name\":\"Universidad de las Artes\",\"description\":\"Sitio oficial de la Universidad Nacional de las Artes del Ecuador\",\"publisher\":{\"@id\":\"https:\\\/\\\/www.uartes.edu.ec\\\/sitio\\\/#organization\"},\"potentialAction\":[{\"@type\":\"SearchAction\",\"target\":{\"@type\":\"EntryPoint\",\"urlTemplate\":\"https:\\\/\\\/www.uartes.edu.ec\\\/sitio\\\/?s={search_term_string}\"},\"query-input\":{\"@type\":\"PropertyValueSpecification\",\"valueRequired\":true,\"valueName\":\"search_term_string\"}}],\"inLanguage\":\"es\"},{\"@type\":\"Organization\",\"@id\":\"https:\\\/\\\/www.uartes.edu.ec\\\/sitio\\\/#organization\",\"name\":\"Universidad de las Artes\",\"url\":\"https:\\\/\\\/www.uartes.edu.ec\\\/sitio\\\/\",\"logo\":{\"@type\":\"ImageObject\",\"inLanguage\":\"es\",\"@id\":\"https:\\\/\\\/www.uartes.edu.ec\\\/sitio\\\/#\\\/schema\\\/logo\\\/image\\\/\",\"url\":\"https:\\\/\\\/www.uartes.edu.ec\\\/sitio\\\/wp-content\\\/uploads\\\/2022\\\/07\\\/logo-ua-horizontal.png\",\"contentUrl\":\"https:\\\/\\\/www.uartes.edu.ec\\\/sitio\\\/wp-content\\\/uploads\\\/2022\\\/07\\\/logo-ua-horizontal.png\",\"width\":800,\"height\":276,\"caption\":\"Universidad de las Artes\"},\"image\":{\"@id\":\"https:\\\/\\\/www.uartes.edu.ec\\\/sitio\\\/#\\\/schema\\\/logo\\\/image\\\/\"},\"sameAs\":[\"https:\\\/\\\/www.facebook.com\\\/uartesec\",\"https:\\\/\\\/x.com\\\/uartesec\",\"https:\\\/\\\/www.tiktok.com\\\/@uartesec\"]},{\"@type\":\"Person\",\"@id\":\"https:\\\/\\\/www.uartes.edu.ec\\\/sitio\\\/#\\\/schema\\\/person\\\/efa1b8275797664fd7f13a79ccc0b1f4\",\"name\":\"ccortez\",\"image\":{\"@type\":\"ImageObject\",\"inLanguage\":\"es\",\"@id\":\"https:\\\/\\\/secure.gravatar.com\\\/avatar\\\/b2a6f664a3ae8e074346ef91775736c5ec479e637ecced6842de9dc98b5da9cd?s=96&d=mm&r=g\",\"url\":\"https:\\\/\\\/secure.gravatar.com\\\/avatar\\\/b2a6f664a3ae8e074346ef91775736c5ec479e637ecced6842de9dc98b5da9cd?s=96&d=mm&r=g\",\"contentUrl\":\"https:\\\/\\\/secure.gravatar.com\\\/avatar\\\/b2a6f664a3ae8e074346ef91775736c5ec479e637ecced6842de9dc98b5da9cd?s=96&d=mm&r=g\",\"caption\":\"ccortez\"},\"url\":\"https:\\\/\\\/www.uartes.edu.ec\\\/sitio\\\/blog\\\/author\\\/ccortez\\\/\"}]}<\/script>\n<!-- \/ Yoast SEO plugin. -->","yoast_head_json":{"title":"Universidad de las Artes - Autora y alumnus Yuliana Ortiz gana convocatoria internacional y cumplir\u00e1 residencia en Universidad de Granada","description":"Universidad de las Artes - Autora y alumnus Yuliana Ortiz gana convocatoria internacional y cumplir\u00e1 residencia en Universidad de Granada","robots":{"index":"index","follow":"follow","max-snippet":"max-snippet:-1","max-image-preview":"max-image-preview:large","max-video-preview":"max-video-preview:-1"},"canonical":"https:\/\/www.uartes.edu.ec\/sitio\/blog\/2023\/08\/10\/yuliana-ortiz-ruano-gana-convocatoria-internacional-y-cumplira-una-residencia-en-la-universidad-de-granada\/","og_locale":"es_ES","og_type":"article","og_title":"Universidad de las Artes - Autora y alumnus Yuliana Ortiz gana convocatoria internacional y cumplir\u00e1 residencia en Universidad de Granada","og_description":"Universidad de las Artes - Autora y alumnus Yuliana Ortiz gana convocatoria internacional y cumplir\u00e1 residencia en Universidad de Granada","og_url":"https:\/\/www.uartes.edu.ec\/sitio\/blog\/2023\/08\/10\/yuliana-ortiz-ruano-gana-convocatoria-internacional-y-cumplira-una-residencia-en-la-universidad-de-granada\/","og_site_name":"Universidad de las Artes","article_publisher":"https:\/\/www.facebook.com\/uartesec","article_published_time":"2023-08-10T20:58:00+00:00","article_modified_time":"2024-07-04T16:20:50+00:00","og_image":[{"width":2000,"height":1333,"url":"https:\/\/www.uartes.edu.ec\/sitio\/wp-content\/uploads\/2023\/08\/YULIANA-ORTIZ-1.jpg","type":"image\/jpeg"}],"author":"ccortez","twitter_card":"summary_large_image","twitter_creator":"@uartesec","twitter_site":"@uartesec","twitter_misc":{"Escrito por":"ccortez","Tiempo de lectura":"3 minutos"},"schema":{"@context":"https:\/\/schema.org","@graph":[{"@type":"Article","@id":"https:\/\/www.uartes.edu.ec\/sitio\/blog\/2023\/08\/10\/yuliana-ortiz-ruano-gana-convocatoria-internacional-y-cumplira-una-residencia-en-la-universidad-de-granada\/#article","isPartOf":{"@id":"https:\/\/www.uartes.edu.ec\/sitio\/blog\/2023\/08\/10\/yuliana-ortiz-ruano-gana-convocatoria-internacional-y-cumplira-una-residencia-en-la-universidad-de-granada\/"},"author":{"name":"ccortez","@id":"https:\/\/www.uartes.edu.ec\/sitio\/#\/schema\/person\/efa1b8275797664fd7f13a79ccc0b1f4"},"headline":"Autora y alumnus Yuliana Ortiz gana convocatoria internacional y cumplir\u00e1 residencia en Universidad de Granada","datePublished":"2023-08-10T20:58:00+00:00","dateModified":"2024-07-04T16:20:50+00:00","mainEntityOfPage":{"@id":"https:\/\/www.uartes.edu.ec\/sitio\/blog\/2023\/08\/10\/yuliana-ortiz-ruano-gana-convocatoria-internacional-y-cumplira-una-residencia-en-la-universidad-de-granada\/"},"wordCount":520,"commentCount":0,"publisher":{"@id":"https:\/\/www.uartes.edu.ec\/sitio\/#organization"},"image":{"@id":"https:\/\/www.uartes.edu.ec\/sitio\/blog\/2023\/08\/10\/yuliana-ortiz-ruano-gana-convocatoria-internacional-y-cumplira-una-residencia-en-la-universidad-de-granada\/#primaryimage"},"thumbnailUrl":"https:\/\/www.uartes.edu.ec\/sitio\/wp-content\/uploads\/2023\/08\/YULIANA-ORTIZ-1.jpg","keywords":["residencia"],"articleSection":["Acad\u00e9mico","Administrativos","Alumni","Gesti\u00f3n"],"inLanguage":"es","potentialAction":[{"@type":"CommentAction","name":"Comment","target":["https:\/\/www.uartes.edu.ec\/sitio\/blog\/2023\/08\/10\/yuliana-ortiz-ruano-gana-convocatoria-internacional-y-cumplira-una-residencia-en-la-universidad-de-granada\/#respond"]}]},{"@type":["WebPage","ItemPage"],"@id":"https:\/\/www.uartes.edu.ec\/sitio\/blog\/2023\/08\/10\/yuliana-ortiz-ruano-gana-convocatoria-internacional-y-cumplira-una-residencia-en-la-universidad-de-granada\/","url":"https:\/\/www.uartes.edu.ec\/sitio\/blog\/2023\/08\/10\/yuliana-ortiz-ruano-gana-convocatoria-internacional-y-cumplira-una-residencia-en-la-universidad-de-granada\/","name":"Universidad de las Artes - Autora y alumnus Yuliana Ortiz gana convocatoria internacional y cumplir\u00e1 residencia en Universidad de Granada","isPartOf":{"@id":"https:\/\/www.uartes.edu.ec\/sitio\/#website"},"primaryImageOfPage":{"@id":"https:\/\/www.uartes.edu.ec\/sitio\/blog\/2023\/08\/10\/yuliana-ortiz-ruano-gana-convocatoria-internacional-y-cumplira-una-residencia-en-la-universidad-de-granada\/#primaryimage"},"image":{"@id":"https:\/\/www.uartes.edu.ec\/sitio\/blog\/2023\/08\/10\/yuliana-ortiz-ruano-gana-convocatoria-internacional-y-cumplira-una-residencia-en-la-universidad-de-granada\/#primaryimage"},"thumbnailUrl":"https:\/\/www.uartes.edu.ec\/sitio\/wp-content\/uploads\/2023\/08\/YULIANA-ORTIZ-1.jpg","datePublished":"2023-08-10T20:58:00+00:00","dateModified":"2024-07-04T16:20:50+00:00","description":"Universidad de las Artes - Autora y alumnus Yuliana Ortiz gana convocatoria internacional y cumplir\u00e1 residencia en Universidad de Granada","breadcrumb":{"@id":"https:\/\/www.uartes.edu.ec\/sitio\/blog\/2023\/08\/10\/yuliana-ortiz-ruano-gana-convocatoria-internacional-y-cumplira-una-residencia-en-la-universidad-de-granada\/#breadcrumb"},"inLanguage":"es","potentialAction":[{"@type":"ReadAction","target":["https:\/\/www.uartes.edu.ec\/sitio\/blog\/2023\/08\/10\/yuliana-ortiz-ruano-gana-convocatoria-internacional-y-cumplira-una-residencia-en-la-universidad-de-granada\/"]}]},{"@type":"ImageObject","inLanguage":"es","@id":"https:\/\/www.uartes.edu.ec\/sitio\/blog\/2023\/08\/10\/yuliana-ortiz-ruano-gana-convocatoria-internacional-y-cumplira-una-residencia-en-la-universidad-de-granada\/#primaryimage","url":"https:\/\/www.uartes.edu.ec\/sitio\/wp-content\/uploads\/2023\/08\/YULIANA-ORTIZ-1.jpg","contentUrl":"https:\/\/www.uartes.edu.ec\/sitio\/wp-content\/uploads\/2023\/08\/YULIANA-ORTIZ-1.jpg","width":2000,"height":1333},{"@type":"BreadcrumbList","@id":"https:\/\/www.uartes.edu.ec\/sitio\/blog\/2023\/08\/10\/yuliana-ortiz-ruano-gana-convocatoria-internacional-y-cumplira-una-residencia-en-la-universidad-de-granada\/#breadcrumb","itemListElement":[{"@type":"ListItem","position":1,"name":"Inicio","item":"https:\/\/www.uartes.edu.ec\/sitio\/"},{"@type":"ListItem","position":2,"name":"Autora y alumnus Yuliana Ortiz gana convocatoria internacional y cumplir\u00e1 residencia en Universidad de Granada"}]},{"@type":"WebSite","@id":"https:\/\/www.uartes.edu.ec\/sitio\/#website","url":"https:\/\/www.uartes.edu.ec\/sitio\/","name":"Universidad de las Artes","description":"Sitio oficial de la Universidad Nacional de las Artes del Ecuador","publisher":{"@id":"https:\/\/www.uartes.edu.ec\/sitio\/#organization"},"potentialAction":[{"@type":"SearchAction","target":{"@type":"EntryPoint","urlTemplate":"https:\/\/www.uartes.edu.ec\/sitio\/?s={search_term_string}"},"query-input":{"@type":"PropertyValueSpecification","valueRequired":true,"valueName":"search_term_string"}}],"inLanguage":"es"},{"@type":"Organization","@id":"https:\/\/www.uartes.edu.ec\/sitio\/#organization","name":"Universidad de las Artes","url":"https:\/\/www.uartes.edu.ec\/sitio\/","logo":{"@type":"ImageObject","inLanguage":"es","@id":"https:\/\/www.uartes.edu.ec\/sitio\/#\/schema\/logo\/image\/","url":"https:\/\/www.uartes.edu.ec\/sitio\/wp-content\/uploads\/2022\/07\/logo-ua-horizontal.png","contentUrl":"https:\/\/www.uartes.edu.ec\/sitio\/wp-content\/uploads\/2022\/07\/logo-ua-horizontal.png","width":800,"height":276,"caption":"Universidad de las Artes"},"image":{"@id":"https:\/\/www.uartes.edu.ec\/sitio\/#\/schema\/logo\/image\/"},"sameAs":["https:\/\/www.facebook.com\/uartesec","https:\/\/x.com\/uartesec","https:\/\/www.tiktok.com\/@uartesec"]},{"@type":"Person","@id":"https:\/\/www.uartes.edu.ec\/sitio\/#\/schema\/person\/efa1b8275797664fd7f13a79ccc0b1f4","name":"ccortez","image":{"@type":"ImageObject","inLanguage":"es","@id":"https:\/\/secure.gravatar.com\/avatar\/b2a6f664a3ae8e074346ef91775736c5ec479e637ecced6842de9dc98b5da9cd?s=96&d=mm&r=g","url":"https:\/\/secure.gravatar.com\/avatar\/b2a6f664a3ae8e074346ef91775736c5ec479e637ecced6842de9dc98b5da9cd?s=96&d=mm&r=g","contentUrl":"https:\/\/secure.gravatar.com\/avatar\/b2a6f664a3ae8e074346ef91775736c5ec479e637ecced6842de9dc98b5da9cd?s=96&d=mm&r=g","caption":"ccortez"},"url":"https:\/\/www.uartes.edu.ec\/sitio\/blog\/author\/ccortez\/"}]}},"uagb_featured_image_src":{"full":["https:\/\/www.uartes.edu.ec\/sitio\/wp-content\/uploads\/2023\/08\/YULIANA-ORTIZ-1.jpg",2000,1333,false],"thumbnail":["https:\/\/www.uartes.edu.ec\/sitio\/wp-content\/uploads\/2023\/08\/YULIANA-ORTIZ-1-150x150.jpg",150,150,true],"medium":["https:\/\/www.uartes.edu.ec\/sitio\/wp-content\/uploads\/2023\/08\/YULIANA-ORTIZ-1-300x200.jpg",300,200,true],"medium_large":["https:\/\/www.uartes.edu.ec\/sitio\/wp-content\/uploads\/2023\/08\/YULIANA-ORTIZ-1-768x512.jpg",768,512,true],"large":["https:\/\/www.uartes.edu.ec\/sitio\/wp-content\/uploads\/2023\/08\/YULIANA-ORTIZ-1-644x429.jpg",644,429,true],"1536x1536":["https:\/\/www.uartes.edu.ec\/sitio\/wp-content\/uploads\/2023\/08\/YULIANA-ORTIZ-1-1536x1024.jpg",1536,1024,true],"2048x2048":["https:\/\/www.uartes.edu.ec\/sitio\/wp-content\/uploads\/2023\/08\/YULIANA-ORTIZ-1.jpg",2000,1333,false],"trp-custom-language-flag":["https:\/\/www.uartes.edu.ec\/sitio\/wp-content\/uploads\/2023\/08\/YULIANA-ORTIZ-1.jpg",18,12,false],"htmega_size_585x295":["https:\/\/www.uartes.edu.ec\/sitio\/wp-content\/uploads\/2023\/08\/YULIANA-ORTIZ-1-585x295.jpg",585,295,true],"htmega_size_1170x536":["https:\/\/www.uartes.edu.ec\/sitio\/wp-content\/uploads\/2023\/08\/YULIANA-ORTIZ-1-1170x536.jpg",1170,536,true],"htmega_size_396x360":["https:\/\/www.uartes.edu.ec\/sitio\/wp-content\/uploads\/2023\/08\/YULIANA-ORTIZ-1-396x360.jpg",396,360,true],"gb-block-post-grid-landscape":["https:\/\/www.uartes.edu.ec\/sitio\/wp-content\/uploads\/2023\/08\/YULIANA-ORTIZ-1-600x400.jpg",600,400,true],"gb-block-post-grid-square":["https:\/\/www.uartes.edu.ec\/sitio\/wp-content\/uploads\/2023\/08\/YULIANA-ORTIZ-1-600x600.jpg",600,600,true],"university-hub-thumb":["https:\/\/www.uartes.edu.ec\/sitio\/wp-content\/uploads\/2023\/08\/YULIANA-ORTIZ-1-400x267.jpg",400,267,true]},"uagb_author_info":{"display_name":"ccortez","author_link":"https:\/\/www.uartes.edu.ec\/sitio\/blog\/author\/ccortez\/"},"uagb_comment_info":0,"uagb_excerpt":"La escritora Yuliana Ortiz, graduada en la Escuela de Literatura, postul\u00f3 para la sexta edici\u00f3n del Programa Internacional de Escritores en Residencia de Granada (2023) y de un total de 123 candidaturas procedentes de 48 pa\u00edses gan\u00f3 la convocatoria; la hoy funcionaria UArtes cumplir\u00e1 del 3 de noviembre al 2 de diciembre pr\u00f3ximos una residencia&hellip;","featured_image_src":"https:\/\/www.uartes.edu.ec\/sitio\/wp-content\/uploads\/2023\/08\/YULIANA-ORTIZ-1-600x400.jpg","featured_image_src_square":"https:\/\/www.uartes.edu.ec\/sitio\/wp-content\/uploads\/2023\/08\/YULIANA-ORTIZ-1-600x600.jpg","author_info":{"display_name":"ccortez","author_link":"https:\/\/www.uartes.edu.ec\/sitio\/blog\/author\/ccortez\/"},"publishpress_future_workflow_manual_trigger":{"enabledWorkflows":[]},"distributor_meta":false,"distributor_terms":false,"distributor_media":false,"distributor_original_site_name":"Universidad de las Artes","distributor_original_site_url":"https:\/\/www.uartes.edu.ec\/sitio","push-errors":false,"_links":{"self":[{"href":"https:\/\/www.uartes.edu.ec\/sitio\/wp-json\/wp\/v2\/posts\/45979","targetHints":{"allow":["GET"]}}],"collection":[{"href":"https:\/\/www.uartes.edu.ec\/sitio\/wp-json\/wp\/v2\/posts"}],"about":[{"href":"https:\/\/www.uartes.edu.ec\/sitio\/wp-json\/wp\/v2\/types\/post"}],"author":[{"embeddable":true,"href":"https:\/\/www.uartes.edu.ec\/sitio\/wp-json\/wp\/v2\/users\/10"}],"replies":[{"embeddable":true,"href":"https:\/\/www.uartes.edu.ec\/sitio\/wp-json\/wp\/v2\/comments?post=45979"}],"version-history":[{"count":8,"href":"https:\/\/www.uartes.edu.ec\/sitio\/wp-json\/wp\/v2\/posts\/45979\/revisions"}],"predecessor-version":[{"id":53303,"href":"https:\/\/www.uartes.edu.ec\/sitio\/wp-json\/wp\/v2\/posts\/45979\/revisions\/53303"}],"wp:featuredmedia":[{"embeddable":true,"href":"https:\/\/www.uartes.edu.ec\/sitio\/wp-json\/wp\/v2\/media\/45980"}],"wp:attachment":[{"href":"https:\/\/www.uartes.edu.ec\/sitio\/wp-json\/wp\/v2\/media?parent=45979"}],"wp:term":[{"taxonomy":"category","embeddable":true,"href":"https:\/\/www.uartes.edu.ec\/sitio\/wp-json\/wp\/v2\/categories?post=45979"},{"taxonomy":"post_tag","embeddable":true,"href":"https:\/\/www.uartes.edu.ec\/sitio\/wp-json\/wp\/v2\/tags?post=45979"},{"taxonomy":"infouartes","embeddable":true,"href":"https:\/\/www.uartes.edu.ec\/sitio\/wp-json\/wp\/v2\/infouartes?post=45979"}],"curies":[{"name":"wp","href":"https:\/\/api.w.org\/{rel}","templated":true}]}}