{"id":46446,"date":"2023-08-26T14:13:00","date_gmt":"2023-08-26T19:13:00","guid":{"rendered":"https:\/\/www.uartes.edu.ec\/sitio\/?p=46446"},"modified":"2024-07-04T11:20:48","modified_gmt":"2024-07-04T16:20:48","slug":"los-conciertos-de-grado-de-los-estudiantes-de-la-eas","status":"publish","type":"post","link":"https:\/\/www.uartes.edu.ec\/sitio\/blog\/2023\/08\/26\/los-conciertos-de-grado-de-los-estudiantes-de-la-eas\/","title":{"rendered":"En los conciertos de grado de la EAS"},"content":{"rendered":"\n<p>Desde el 15 de agosto pasado, los estudiantes de la Escuela de Artes Sonoras de la Universidad de las Artes han venido ofreciendo sus conciertos de grado en los varios espacios de la UArtes, como parte del proceso de titulaci\u00f3n para obtener sus licenciaturas en las carreras de Artes Musicales y Sonoras y de Producci\u00f3n Musical y Sonora. A continuaci\u00f3n, las presentaciones desarrolladas hasta ese viernes 25.<\/p>\n\n\n\n<p>\u201cDespu\u00e9s de Muertos Amarnos Sax\u201d de Luis Andr\u00e9s Hinojosa Mora, con la tutor\u00eda del docente Juan Posso. Tuvo lugar el 15 de agosto en el sal\u00f3n de Usos M\u00faltiples del Pabell\u00f3n Araceli Gilbert. Acerca de este proyecto, la EAS destac\u00f3 la adaptaci\u00f3n musical para piano, viol\u00edn 1, viol\u00edn 2, viola, violonchelo y contrabajo de cuatro pasillos ecuatorianos.<\/p>\n\n\n\n<p>Con Hinojosa Mora en su concierto de grado intervinieron los tambi\u00e9n estudiantes de la Escuela de Artes Sonoras: Anna Flores, en el piano; Emilio Mor\u00e1n, viol\u00edn 2; Limor Lucas, viola; y, Cristhian Murillo, violonchelo. De la Orquesta Sinf\u00f3nica de Guayaquil intervinieron Isaac Pruna, viol\u00edn 1; y, Pablo Maldonado, contrabajo.<\/p>\n\n\n<div class=\"wp-block-image\">\n<figure class=\"aligncenter size-large\"><img fetchpriority=\"high\" decoding=\"async\" width=\"644\" height=\"429\" src=\"https:\/\/www.uartes.edu.ec\/sitio\/wp-content\/uploads\/2023\/09\/02-ANNA-FLORES-644x429.jpg\" alt=\"\" class=\"wp-image-46448\" srcset=\"https:\/\/www.uartes.edu.ec\/sitio\/wp-content\/uploads\/2023\/09\/02-ANNA-FLORES-644x429.jpg 644w, https:\/\/www.uartes.edu.ec\/sitio\/wp-content\/uploads\/2023\/09\/02-ANNA-FLORES-768x511.jpg 768w, https:\/\/www.uartes.edu.ec\/sitio\/wp-content\/uploads\/2023\/09\/02-ANNA-FLORES.jpg 2000w, https:\/\/www.uartes.edu.ec\/sitio\/wp-content\/uploads\/2023\/09\/02-ANNA-FLORES-600x399.jpg 600w, https:\/\/www.uartes.edu.ec\/sitio\/wp-content\/uploads\/2023\/09\/02-ANNA-FLORES-272x182.jpg 272w\" sizes=\"(max-width: 644px) 100vw, 644px\" \/><\/figure>\n<\/div>\n\n\n<p>\u201cPasillos para piano y quinteto de cuerdas\u201dde Anna Gabriela Flores Lucin, con la tutor\u00eda del docente Juan Carlos Franco. Se efectu\u00f3 el 17 de agosto, en el Sal\u00f3n Patrimonial de MZ14 Centro de Producci\u00f3n e Innovaci\u00f3n UArtes.<\/p>\n\n\n\n<p>\u201cCuerdas Silentes\u201d de Jorge Daniel Adum Molina, con la tutor\u00eda de Adina Izarra, se realiz\u00f3 el 18 de agosto en la Sala Experimentaci\u00f3n Sonora de MZ14. Con este proyecto art\u00edstico su proponente rindi\u00f3 homenaje al cine silente ecuatoriano y a las comunidades de la serran\u00eda. Lo hizo con la creaci\u00f3n de una banda sonora para musicalizar en vivo el documental silente &#8220;Comunidades Ind\u00edgenas de la Sierra&#8221;, realizado en 1970 por la SENDIP (Secretar\u00eda Nacional de Informaci\u00f3n P\u00fablica) y que reposa en los archivos de la Cinemateca Nacional del Ecuador. Justamente; durante la presentaci\u00f3n del cuarteto de cuerdas, el audiovisual fue proyectado.<\/p>\n\n\n<div class=\"wp-block-image\">\n<figure class=\"aligncenter size-large\"><img decoding=\"async\" width=\"644\" height=\"429\" src=\"https:\/\/www.uartes.edu.ec\/sitio\/wp-content\/uploads\/2023\/09\/03-JORGE-ADUM-644x429.jpg\" alt=\"\" class=\"wp-image-46449\" srcset=\"https:\/\/www.uartes.edu.ec\/sitio\/wp-content\/uploads\/2023\/09\/03-JORGE-ADUM-644x429.jpg 644w, https:\/\/www.uartes.edu.ec\/sitio\/wp-content\/uploads\/2023\/09\/03-JORGE-ADUM-768x511.jpg 768w, https:\/\/www.uartes.edu.ec\/sitio\/wp-content\/uploads\/2023\/09\/03-JORGE-ADUM.jpg 2000w, https:\/\/www.uartes.edu.ec\/sitio\/wp-content\/uploads\/2023\/09\/03-JORGE-ADUM-600x399.jpg 600w, https:\/\/www.uartes.edu.ec\/sitio\/wp-content\/uploads\/2023\/09\/03-JORGE-ADUM-272x182.jpg 272w\" sizes=\"(max-width: 644px) 100vw, 644px\" \/><\/figure>\n<\/div>\n\n<div class=\"wp-block-image\">\n<figure class=\"aligncenter size-large\"><img decoding=\"async\" width=\"644\" height=\"429\" src=\"https:\/\/www.uartes.edu.ec\/sitio\/wp-content\/uploads\/2023\/09\/01-ALEXANDER-SANDOVAL-644x429.jpg\" alt=\"\" class=\"wp-image-46450\" srcset=\"https:\/\/www.uartes.edu.ec\/sitio\/wp-content\/uploads\/2023\/09\/01-ALEXANDER-SANDOVAL-644x429.jpg 644w, https:\/\/www.uartes.edu.ec\/sitio\/wp-content\/uploads\/2023\/09\/01-ALEXANDER-SANDOVAL-768x511.jpg 768w, https:\/\/www.uartes.edu.ec\/sitio\/wp-content\/uploads\/2023\/09\/01-ALEXANDER-SANDOVAL.jpg 2000w, https:\/\/www.uartes.edu.ec\/sitio\/wp-content\/uploads\/2023\/09\/01-ALEXANDER-SANDOVAL-600x399.jpg 600w, https:\/\/www.uartes.edu.ec\/sitio\/wp-content\/uploads\/2023\/09\/01-ALEXANDER-SANDOVAL-272x182.jpg 272w\" sizes=\"(max-width: 644px) 100vw, 644px\" \/><\/figure>\n<\/div>\n\n\n<p>\u201cCreaci\u00f3n de 3 obras para bajo el\u00e9ctrico y ensamble\u201d de Alexander Gabriel Sandoval Aguilar; se bas\u00f3 en el sistema r\u00edtmico de la m\u00fasica carn\u00e1tica y cont\u00f3 con la tutor\u00eda de Rafael Guzm\u00e1n. Desarrollado en el sal\u00f3n de Usos M\u00faltiples del Pabell\u00f3n Araceli Gilbert, en este concierto participaron con el proponente Michael Bowen, guitarra el\u00e9ctrica; Daniel Sandoval, piano y sintetizador; Yiyer Astudillo, percusi\u00f3n menor; Kelvin Reyes, percusi\u00f3n; y, Benyi Romero, congas y tumbas. El proponente interpret\u00f3 el bajo el\u00e9ctrico.<\/p>\n\n\n\n<p>\u201cGuitarra Porte\u00f1a\u201d de Jonathan Josu\u00e9 Aguilar Inga, con la tutor\u00eda de Juan Isidro Mej\u00eda. Se desarroll\u00f3 el 22 de agosto en El Spot (Plaza Prema, Samborond\u00f3n) y para su desarrollo el proponente trabaj\u00f3 en la creaci\u00f3n de cuatro obras para guitarra, con t\u00e9cnicas de composici\u00f3n de Juan Carlos Urrutia y t\u00e9cnicas arregl\u00edsticas de Ryuhei Kobayashi. Intervinieron con Aguilar los estudiantes de la EAS Nicol\u00e1s Ajila, Alfredo Mu\u00f1oz, Eduardo Cede\u00f1o y Nuria Meza.<\/p>\n\n\n\n<p>Instalaci\u00f3n Sonora \u201cSonidos de los Mainstream\u201d de Aar\u00f3n Amaro Fuentes Elizalde, con la tutor\u00eda de Pablo Cardoso, director del ILIA, y la co-tutor\u00eda de Fredy Vallejos, docente de la EAS. Se registr\u00f3 el 23 de agosto, en la Sala de Experimentaci\u00f3n Sonora del MZ14 UArtes. Su realizaci\u00f3n fue concebida como una propuesta para el repensar sonoro del consumo musical de estudiantes de la Universidad de las Artes en la plataforma <em>Spotify<\/em> durante el 2022. A trav\u00e9s de las herramientas de las nuevas tecnolog\u00edas musicales, en \u201cSonidos de lo Mainstream\u201d se configuraron la resonorizaci\u00f3n que interpreta las preferencias musicales vigentes, a partir de una reflexi\u00f3n te\u00f3rica y un proceso de investigaci\u00f3n-creaci\u00f3n interdisciplinar.<\/p>\n\n\n<div class=\"wp-block-image\">\n<figure class=\"aligncenter size-large\"><img loading=\"lazy\" decoding=\"async\" width=\"644\" height=\"429\" src=\"https:\/\/www.uartes.edu.ec\/sitio\/wp-content\/uploads\/2023\/09\/05-ANNA-FLORES-1-644x429.jpg\" alt=\"\" class=\"wp-image-46452\" srcset=\"https:\/\/www.uartes.edu.ec\/sitio\/wp-content\/uploads\/2023\/09\/05-ANNA-FLORES-1-644x429.jpg 644w, https:\/\/www.uartes.edu.ec\/sitio\/wp-content\/uploads\/2023\/09\/05-ANNA-FLORES-1-768x511.jpg 768w, https:\/\/www.uartes.edu.ec\/sitio\/wp-content\/uploads\/2023\/09\/05-ANNA-FLORES-1.jpg 2000w, https:\/\/www.uartes.edu.ec\/sitio\/wp-content\/uploads\/2023\/09\/05-ANNA-FLORES-1-600x399.jpg 600w, https:\/\/www.uartes.edu.ec\/sitio\/wp-content\/uploads\/2023\/09\/05-ANNA-FLORES-1-272x182.jpg 272w\" sizes=\"(max-width: 644px) 100vw, 644px\" \/><\/figure>\n<\/div>\n\n\n<p>\u201cRomance Nativo para Cuerdas\u201ddel tesista Jos\u00e9 Ricardo Murillo S\u00e1nchez, con la tutor\u00eda de Roberto Moscoso. Se realiz\u00f3 tambi\u00e9n este viernes 25, en Sal\u00f3n de Usos M\u00faltiples del Pabell\u00f3n Araceli Gilbert. Para este proyecto se tom\u00f3 como referencia la obra del compositor ecuatoriano Luis Humberto Salgado para, a trav\u00e9s del an\u00e1lisis, generar una propuesta que dialogara con las t\u00e9cnicas del reconocido creador y la experiencia personal del autor de la nueva obra.<\/p>\n\n\n\n<p>\u201cCuatro piezas musicales para cuerpos inquietos\u201d de Elsy Beatriz Sotomayor, con la tutor\u00eda de Jos\u00e9 Antonio Cepeda. Tuvo lugar este viernes 25, en el Sal\u00f3n de Usos M\u00faltiples del Pabell\u00f3n Araceli Gilbert, campus centro UArtes.<\/p>\n\n\n\n<p>Para la interpretaci\u00f3n de las piezas en menci\u00f3n, se cont\u00f3 con la intervenci\u00f3n de un piano cl\u00e1sico, un contrabajo, un viol\u00edn y cuatro j\u00f3venes que mantuvieron la r\u00edtmica realizando patrones r\u00edtmicos con el cuerpo (percusi\u00f3n corporal). La primera obra, un performance con la participaci\u00f3n del p\u00fablico. La segunda obra fue Yaku-Taki, primer danzante ejecutado con los m\u00fasicos ya en escena. La tercera obra, Pacha-Taki, segundo danzante con los m\u00fasicos en vivo. Y, la cuarta obra, Al-Bakuna, un albazo tambi\u00e9n ejecutado con la intervenci\u00f3n de m\u00fasicos en escena.<\/p>\n","protected":false},"excerpt":{"rendered":"<p>Desde el 15 de agosto pasado, los estudiantes de la Escuela de Artes Sonoras de la UArtes han venido ofreciendo sus conciertos de grado en los varios de nuestros espacios. Constan, entre otros, \u201cDespu\u00e9s de Muertos Amarnos Sax\u201d, \u201cPasillos para piano y quinteto de cuerdas\u201d, \u201cCuerdas Silentes\u201d, \u201cCreaci\u00f3n de 3 obras para bajo el\u00e9ctrico y ensamble\u201d, \u201cGuitarra Porte\u00f1a\u201d , \u201cSonidos de los Mainstream\u201d, \u201cCuatro piezas musicales para cuerpos inquietos\u201d y \u201cRomance Nativo para Cuerdas\u201d.<\/p>\n","protected":false},"author":10,"featured_media":46447,"comment_status":"open","ping_status":"open","sticky":false,"template":"","format":"standard","meta":{"_acf_changed":false,"_uag_custom_page_level_css":"","_monsterinsights_skip_tracking":false,"_monsterinsights_sitenote_active":false,"_monsterinsights_sitenote_note":"","_monsterinsights_sitenote_category":0,"cybocfi_hide_featured_image":"","footnotes":""},"categories":[80,82,150,75,76],"tags":[200],"infouartes":[],"class_list":["post-46446","post","type-post","status-publish","format-standard","has-post-thumbnail","hentry","category-academico","category-artes","category-artes-sonoras","category-docentes","category-estudiantes","tag-titulacion"],"acf":[],"yoast_head":"<!-- This site is optimized with the Yoast SEO plugin v27.4 - https:\/\/yoast.com\/product\/yoast-seo-wordpress\/ -->\n<title>Universidad de las Artes - En los conciertos de grado de la EAS<\/title>\n<meta name=\"description\" content=\"Universidad de las Artes - En los conciertos de grado de la EAS\" \/>\n<meta name=\"robots\" content=\"index, follow, max-snippet:-1, max-image-preview:large, max-video-preview:-1\" \/>\n<link rel=\"canonical\" href=\"https:\/\/www.uartes.edu.ec\/sitio\/blog\/2023\/08\/26\/los-conciertos-de-grado-de-los-estudiantes-de-la-eas\/\" \/>\n<meta property=\"og:locale\" content=\"es_ES\" \/>\n<meta property=\"og:type\" content=\"article\" \/>\n<meta property=\"og:title\" content=\"Universidad de las Artes - En los conciertos de grado de la EAS\" \/>\n<meta property=\"og:description\" content=\"Universidad de las Artes - En los conciertos de grado de la EAS\" \/>\n<meta property=\"og:url\" content=\"https:\/\/www.uartes.edu.ec\/sitio\/blog\/2023\/08\/26\/los-conciertos-de-grado-de-los-estudiantes-de-la-eas\/\" \/>\n<meta property=\"og:site_name\" content=\"Universidad de las Artes\" \/>\n<meta property=\"article:publisher\" content=\"https:\/\/www.facebook.com\/uartesec\" \/>\n<meta property=\"article:published_time\" content=\"2023-08-26T19:13:00+00:00\" \/>\n<meta property=\"article:modified_time\" content=\"2024-07-04T16:20:48+00:00\" \/>\n<meta property=\"og:image\" content=\"https:\/\/www.uartes.edu.ec\/sitio\/wp-content\/uploads\/2023\/09\/04-RICARDO-MURILLO.jpg\" \/>\n\t<meta property=\"og:image:width\" content=\"2000\" \/>\n\t<meta property=\"og:image:height\" content=\"1333\" \/>\n\t<meta property=\"og:image:type\" content=\"image\/jpeg\" \/>\n<meta name=\"author\" content=\"ccortez\" \/>\n<meta name=\"twitter:card\" content=\"summary_large_image\" \/>\n<meta name=\"twitter:creator\" content=\"@uartesec\" \/>\n<meta name=\"twitter:site\" content=\"@uartesec\" \/>\n<meta name=\"twitter:label1\" content=\"Escrito por\" \/>\n\t<meta name=\"twitter:data1\" content=\"ccortez\" \/>\n\t<meta name=\"twitter:label2\" content=\"Tiempo de lectura\" \/>\n\t<meta name=\"twitter:data2\" content=\"5 minutos\" \/>\n<script type=\"application\/ld+json\" class=\"yoast-schema-graph\">{\"@context\":\"https:\\\/\\\/schema.org\",\"@graph\":[{\"@type\":\"Article\",\"@id\":\"https:\\\/\\\/www.uartes.edu.ec\\\/sitio\\\/blog\\\/2023\\\/08\\\/26\\\/los-conciertos-de-grado-de-los-estudiantes-de-la-eas\\\/#article\",\"isPartOf\":{\"@id\":\"https:\\\/\\\/www.uartes.edu.ec\\\/sitio\\\/blog\\\/2023\\\/08\\\/26\\\/los-conciertos-de-grado-de-los-estudiantes-de-la-eas\\\/\"},\"author\":{\"name\":\"ccortez\",\"@id\":\"https:\\\/\\\/www.uartes.edu.ec\\\/sitio\\\/#\\\/schema\\\/person\\\/efa1b8275797664fd7f13a79ccc0b1f4\"},\"headline\":\"En los conciertos de grado de la EAS\",\"datePublished\":\"2023-08-26T19:13:00+00:00\",\"dateModified\":\"2024-07-04T16:20:48+00:00\",\"mainEntityOfPage\":{\"@id\":\"https:\\\/\\\/www.uartes.edu.ec\\\/sitio\\\/blog\\\/2023\\\/08\\\/26\\\/los-conciertos-de-grado-de-los-estudiantes-de-la-eas\\\/\"},\"wordCount\":858,\"commentCount\":0,\"publisher\":{\"@id\":\"https:\\\/\\\/www.uartes.edu.ec\\\/sitio\\\/#organization\"},\"image\":{\"@id\":\"https:\\\/\\\/www.uartes.edu.ec\\\/sitio\\\/blog\\\/2023\\\/08\\\/26\\\/los-conciertos-de-grado-de-los-estudiantes-de-la-eas\\\/#primaryimage\"},\"thumbnailUrl\":\"https:\\\/\\\/www.uartes.edu.ec\\\/sitio\\\/wp-content\\\/uploads\\\/2023\\\/09\\\/04-RICARDO-MURILLO.jpg\",\"keywords\":[\"titulaci\u00f3n\"],\"articleSection\":[\"Acad\u00e9mico\",\"Artes\",\"Artes Sonoras\",\"Docentes\",\"Estudiantes\"],\"inLanguage\":\"es\",\"potentialAction\":[{\"@type\":\"CommentAction\",\"name\":\"Comment\",\"target\":[\"https:\\\/\\\/www.uartes.edu.ec\\\/sitio\\\/blog\\\/2023\\\/08\\\/26\\\/los-conciertos-de-grado-de-los-estudiantes-de-la-eas\\\/#respond\"]}]},{\"@type\":[\"WebPage\",\"ItemPage\"],\"@id\":\"https:\\\/\\\/www.uartes.edu.ec\\\/sitio\\\/blog\\\/2023\\\/08\\\/26\\\/los-conciertos-de-grado-de-los-estudiantes-de-la-eas\\\/\",\"url\":\"https:\\\/\\\/www.uartes.edu.ec\\\/sitio\\\/blog\\\/2023\\\/08\\\/26\\\/los-conciertos-de-grado-de-los-estudiantes-de-la-eas\\\/\",\"name\":\"Universidad de las Artes - En los conciertos de grado de la EAS\",\"isPartOf\":{\"@id\":\"https:\\\/\\\/www.uartes.edu.ec\\\/sitio\\\/#website\"},\"primaryImageOfPage\":{\"@id\":\"https:\\\/\\\/www.uartes.edu.ec\\\/sitio\\\/blog\\\/2023\\\/08\\\/26\\\/los-conciertos-de-grado-de-los-estudiantes-de-la-eas\\\/#primaryimage\"},\"image\":{\"@id\":\"https:\\\/\\\/www.uartes.edu.ec\\\/sitio\\\/blog\\\/2023\\\/08\\\/26\\\/los-conciertos-de-grado-de-los-estudiantes-de-la-eas\\\/#primaryimage\"},\"thumbnailUrl\":\"https:\\\/\\\/www.uartes.edu.ec\\\/sitio\\\/wp-content\\\/uploads\\\/2023\\\/09\\\/04-RICARDO-MURILLO.jpg\",\"datePublished\":\"2023-08-26T19:13:00+00:00\",\"dateModified\":\"2024-07-04T16:20:48+00:00\",\"description\":\"Universidad de las Artes - En los conciertos de grado de la EAS\",\"breadcrumb\":{\"@id\":\"https:\\\/\\\/www.uartes.edu.ec\\\/sitio\\\/blog\\\/2023\\\/08\\\/26\\\/los-conciertos-de-grado-de-los-estudiantes-de-la-eas\\\/#breadcrumb\"},\"inLanguage\":\"es\",\"potentialAction\":[{\"@type\":\"ReadAction\",\"target\":[\"https:\\\/\\\/www.uartes.edu.ec\\\/sitio\\\/blog\\\/2023\\\/08\\\/26\\\/los-conciertos-de-grado-de-los-estudiantes-de-la-eas\\\/\"]}]},{\"@type\":\"ImageObject\",\"inLanguage\":\"es\",\"@id\":\"https:\\\/\\\/www.uartes.edu.ec\\\/sitio\\\/blog\\\/2023\\\/08\\\/26\\\/los-conciertos-de-grado-de-los-estudiantes-de-la-eas\\\/#primaryimage\",\"url\":\"https:\\\/\\\/www.uartes.edu.ec\\\/sitio\\\/wp-content\\\/uploads\\\/2023\\\/09\\\/04-RICARDO-MURILLO.jpg\",\"contentUrl\":\"https:\\\/\\\/www.uartes.edu.ec\\\/sitio\\\/wp-content\\\/uploads\\\/2023\\\/09\\\/04-RICARDO-MURILLO.jpg\",\"width\":2000,\"height\":1333},{\"@type\":\"BreadcrumbList\",\"@id\":\"https:\\\/\\\/www.uartes.edu.ec\\\/sitio\\\/blog\\\/2023\\\/08\\\/26\\\/los-conciertos-de-grado-de-los-estudiantes-de-la-eas\\\/#breadcrumb\",\"itemListElement\":[{\"@type\":\"ListItem\",\"position\":1,\"name\":\"Inicio\",\"item\":\"https:\\\/\\\/www.uartes.edu.ec\\\/sitio\\\/\"},{\"@type\":\"ListItem\",\"position\":2,\"name\":\"En los conciertos de grado de la EAS\"}]},{\"@type\":\"WebSite\",\"@id\":\"https:\\\/\\\/www.uartes.edu.ec\\\/sitio\\\/#website\",\"url\":\"https:\\\/\\\/www.uartes.edu.ec\\\/sitio\\\/\",\"name\":\"Universidad de las Artes\",\"description\":\"Sitio oficial de la Universidad Nacional de las Artes del Ecuador\",\"publisher\":{\"@id\":\"https:\\\/\\\/www.uartes.edu.ec\\\/sitio\\\/#organization\"},\"potentialAction\":[{\"@type\":\"SearchAction\",\"target\":{\"@type\":\"EntryPoint\",\"urlTemplate\":\"https:\\\/\\\/www.uartes.edu.ec\\\/sitio\\\/?s={search_term_string}\"},\"query-input\":{\"@type\":\"PropertyValueSpecification\",\"valueRequired\":true,\"valueName\":\"search_term_string\"}}],\"inLanguage\":\"es\"},{\"@type\":\"Organization\",\"@id\":\"https:\\\/\\\/www.uartes.edu.ec\\\/sitio\\\/#organization\",\"name\":\"Universidad de las Artes\",\"url\":\"https:\\\/\\\/www.uartes.edu.ec\\\/sitio\\\/\",\"logo\":{\"@type\":\"ImageObject\",\"inLanguage\":\"es\",\"@id\":\"https:\\\/\\\/www.uartes.edu.ec\\\/sitio\\\/#\\\/schema\\\/logo\\\/image\\\/\",\"url\":\"https:\\\/\\\/www.uartes.edu.ec\\\/sitio\\\/wp-content\\\/uploads\\\/2022\\\/07\\\/logo-ua-horizontal.png\",\"contentUrl\":\"https:\\\/\\\/www.uartes.edu.ec\\\/sitio\\\/wp-content\\\/uploads\\\/2022\\\/07\\\/logo-ua-horizontal.png\",\"width\":800,\"height\":276,\"caption\":\"Universidad de las Artes\"},\"image\":{\"@id\":\"https:\\\/\\\/www.uartes.edu.ec\\\/sitio\\\/#\\\/schema\\\/logo\\\/image\\\/\"},\"sameAs\":[\"https:\\\/\\\/www.facebook.com\\\/uartesec\",\"https:\\\/\\\/x.com\\\/uartesec\",\"https:\\\/\\\/www.tiktok.com\\\/@uartesec\"]},{\"@type\":\"Person\",\"@id\":\"https:\\\/\\\/www.uartes.edu.ec\\\/sitio\\\/#\\\/schema\\\/person\\\/efa1b8275797664fd7f13a79ccc0b1f4\",\"name\":\"ccortez\",\"image\":{\"@type\":\"ImageObject\",\"inLanguage\":\"es\",\"@id\":\"https:\\\/\\\/secure.gravatar.com\\\/avatar\\\/b2a6f664a3ae8e074346ef91775736c5ec479e637ecced6842de9dc98b5da9cd?s=96&d=mm&r=g\",\"url\":\"https:\\\/\\\/secure.gravatar.com\\\/avatar\\\/b2a6f664a3ae8e074346ef91775736c5ec479e637ecced6842de9dc98b5da9cd?s=96&d=mm&r=g\",\"contentUrl\":\"https:\\\/\\\/secure.gravatar.com\\\/avatar\\\/b2a6f664a3ae8e074346ef91775736c5ec479e637ecced6842de9dc98b5da9cd?s=96&d=mm&r=g\",\"caption\":\"ccortez\"},\"url\":\"https:\\\/\\\/www.uartes.edu.ec\\\/sitio\\\/blog\\\/author\\\/ccortez\\\/\"}]}<\/script>\n<!-- \/ Yoast SEO plugin. -->","yoast_head_json":{"title":"Universidad de las Artes - En los conciertos de grado de la EAS","description":"Universidad de las Artes - En los conciertos de grado de la EAS","robots":{"index":"index","follow":"follow","max-snippet":"max-snippet:-1","max-image-preview":"max-image-preview:large","max-video-preview":"max-video-preview:-1"},"canonical":"https:\/\/www.uartes.edu.ec\/sitio\/blog\/2023\/08\/26\/los-conciertos-de-grado-de-los-estudiantes-de-la-eas\/","og_locale":"es_ES","og_type":"article","og_title":"Universidad de las Artes - En los conciertos de grado de la EAS","og_description":"Universidad de las Artes - En los conciertos de grado de la EAS","og_url":"https:\/\/www.uartes.edu.ec\/sitio\/blog\/2023\/08\/26\/los-conciertos-de-grado-de-los-estudiantes-de-la-eas\/","og_site_name":"Universidad de las Artes","article_publisher":"https:\/\/www.facebook.com\/uartesec","article_published_time":"2023-08-26T19:13:00+00:00","article_modified_time":"2024-07-04T16:20:48+00:00","og_image":[{"width":2000,"height":1333,"url":"https:\/\/www.uartes.edu.ec\/sitio\/wp-content\/uploads\/2023\/09\/04-RICARDO-MURILLO.jpg","type":"image\/jpeg"}],"author":"ccortez","twitter_card":"summary_large_image","twitter_creator":"@uartesec","twitter_site":"@uartesec","twitter_misc":{"Escrito por":"ccortez","Tiempo de lectura":"5 minutos"},"schema":{"@context":"https:\/\/schema.org","@graph":[{"@type":"Article","@id":"https:\/\/www.uartes.edu.ec\/sitio\/blog\/2023\/08\/26\/los-conciertos-de-grado-de-los-estudiantes-de-la-eas\/#article","isPartOf":{"@id":"https:\/\/www.uartes.edu.ec\/sitio\/blog\/2023\/08\/26\/los-conciertos-de-grado-de-los-estudiantes-de-la-eas\/"},"author":{"name":"ccortez","@id":"https:\/\/www.uartes.edu.ec\/sitio\/#\/schema\/person\/efa1b8275797664fd7f13a79ccc0b1f4"},"headline":"En los conciertos de grado de la EAS","datePublished":"2023-08-26T19:13:00+00:00","dateModified":"2024-07-04T16:20:48+00:00","mainEntityOfPage":{"@id":"https:\/\/www.uartes.edu.ec\/sitio\/blog\/2023\/08\/26\/los-conciertos-de-grado-de-los-estudiantes-de-la-eas\/"},"wordCount":858,"commentCount":0,"publisher":{"@id":"https:\/\/www.uartes.edu.ec\/sitio\/#organization"},"image":{"@id":"https:\/\/www.uartes.edu.ec\/sitio\/blog\/2023\/08\/26\/los-conciertos-de-grado-de-los-estudiantes-de-la-eas\/#primaryimage"},"thumbnailUrl":"https:\/\/www.uartes.edu.ec\/sitio\/wp-content\/uploads\/2023\/09\/04-RICARDO-MURILLO.jpg","keywords":["titulaci\u00f3n"],"articleSection":["Acad\u00e9mico","Artes","Artes Sonoras","Docentes","Estudiantes"],"inLanguage":"es","potentialAction":[{"@type":"CommentAction","name":"Comment","target":["https:\/\/www.uartes.edu.ec\/sitio\/blog\/2023\/08\/26\/los-conciertos-de-grado-de-los-estudiantes-de-la-eas\/#respond"]}]},{"@type":["WebPage","ItemPage"],"@id":"https:\/\/www.uartes.edu.ec\/sitio\/blog\/2023\/08\/26\/los-conciertos-de-grado-de-los-estudiantes-de-la-eas\/","url":"https:\/\/www.uartes.edu.ec\/sitio\/blog\/2023\/08\/26\/los-conciertos-de-grado-de-los-estudiantes-de-la-eas\/","name":"Universidad de las Artes - En los conciertos de grado de la EAS","isPartOf":{"@id":"https:\/\/www.uartes.edu.ec\/sitio\/#website"},"primaryImageOfPage":{"@id":"https:\/\/www.uartes.edu.ec\/sitio\/blog\/2023\/08\/26\/los-conciertos-de-grado-de-los-estudiantes-de-la-eas\/#primaryimage"},"image":{"@id":"https:\/\/www.uartes.edu.ec\/sitio\/blog\/2023\/08\/26\/los-conciertos-de-grado-de-los-estudiantes-de-la-eas\/#primaryimage"},"thumbnailUrl":"https:\/\/www.uartes.edu.ec\/sitio\/wp-content\/uploads\/2023\/09\/04-RICARDO-MURILLO.jpg","datePublished":"2023-08-26T19:13:00+00:00","dateModified":"2024-07-04T16:20:48+00:00","description":"Universidad de las Artes - En los conciertos de grado de la EAS","breadcrumb":{"@id":"https:\/\/www.uartes.edu.ec\/sitio\/blog\/2023\/08\/26\/los-conciertos-de-grado-de-los-estudiantes-de-la-eas\/#breadcrumb"},"inLanguage":"es","potentialAction":[{"@type":"ReadAction","target":["https:\/\/www.uartes.edu.ec\/sitio\/blog\/2023\/08\/26\/los-conciertos-de-grado-de-los-estudiantes-de-la-eas\/"]}]},{"@type":"ImageObject","inLanguage":"es","@id":"https:\/\/www.uartes.edu.ec\/sitio\/blog\/2023\/08\/26\/los-conciertos-de-grado-de-los-estudiantes-de-la-eas\/#primaryimage","url":"https:\/\/www.uartes.edu.ec\/sitio\/wp-content\/uploads\/2023\/09\/04-RICARDO-MURILLO.jpg","contentUrl":"https:\/\/www.uartes.edu.ec\/sitio\/wp-content\/uploads\/2023\/09\/04-RICARDO-MURILLO.jpg","width":2000,"height":1333},{"@type":"BreadcrumbList","@id":"https:\/\/www.uartes.edu.ec\/sitio\/blog\/2023\/08\/26\/los-conciertos-de-grado-de-los-estudiantes-de-la-eas\/#breadcrumb","itemListElement":[{"@type":"ListItem","position":1,"name":"Inicio","item":"https:\/\/www.uartes.edu.ec\/sitio\/"},{"@type":"ListItem","position":2,"name":"En los conciertos de grado de la EAS"}]},{"@type":"WebSite","@id":"https:\/\/www.uartes.edu.ec\/sitio\/#website","url":"https:\/\/www.uartes.edu.ec\/sitio\/","name":"Universidad de las Artes","description":"Sitio oficial de la Universidad Nacional de las Artes del Ecuador","publisher":{"@id":"https:\/\/www.uartes.edu.ec\/sitio\/#organization"},"potentialAction":[{"@type":"SearchAction","target":{"@type":"EntryPoint","urlTemplate":"https:\/\/www.uartes.edu.ec\/sitio\/?s={search_term_string}"},"query-input":{"@type":"PropertyValueSpecification","valueRequired":true,"valueName":"search_term_string"}}],"inLanguage":"es"},{"@type":"Organization","@id":"https:\/\/www.uartes.edu.ec\/sitio\/#organization","name":"Universidad de las Artes","url":"https:\/\/www.uartes.edu.ec\/sitio\/","logo":{"@type":"ImageObject","inLanguage":"es","@id":"https:\/\/www.uartes.edu.ec\/sitio\/#\/schema\/logo\/image\/","url":"https:\/\/www.uartes.edu.ec\/sitio\/wp-content\/uploads\/2022\/07\/logo-ua-horizontal.png","contentUrl":"https:\/\/www.uartes.edu.ec\/sitio\/wp-content\/uploads\/2022\/07\/logo-ua-horizontal.png","width":800,"height":276,"caption":"Universidad de las Artes"},"image":{"@id":"https:\/\/www.uartes.edu.ec\/sitio\/#\/schema\/logo\/image\/"},"sameAs":["https:\/\/www.facebook.com\/uartesec","https:\/\/x.com\/uartesec","https:\/\/www.tiktok.com\/@uartesec"]},{"@type":"Person","@id":"https:\/\/www.uartes.edu.ec\/sitio\/#\/schema\/person\/efa1b8275797664fd7f13a79ccc0b1f4","name":"ccortez","image":{"@type":"ImageObject","inLanguage":"es","@id":"https:\/\/secure.gravatar.com\/avatar\/b2a6f664a3ae8e074346ef91775736c5ec479e637ecced6842de9dc98b5da9cd?s=96&d=mm&r=g","url":"https:\/\/secure.gravatar.com\/avatar\/b2a6f664a3ae8e074346ef91775736c5ec479e637ecced6842de9dc98b5da9cd?s=96&d=mm&r=g","contentUrl":"https:\/\/secure.gravatar.com\/avatar\/b2a6f664a3ae8e074346ef91775736c5ec479e637ecced6842de9dc98b5da9cd?s=96&d=mm&r=g","caption":"ccortez"},"url":"https:\/\/www.uartes.edu.ec\/sitio\/blog\/author\/ccortez\/"}]}},"uagb_featured_image_src":{"full":["https:\/\/www.uartes.edu.ec\/sitio\/wp-content\/uploads\/2023\/09\/04-RICARDO-MURILLO.jpg",2000,1333,false],"thumbnail":["https:\/\/www.uartes.edu.ec\/sitio\/wp-content\/uploads\/2023\/09\/04-RICARDO-MURILLO-150x150.jpg",150,150,true],"medium":["https:\/\/www.uartes.edu.ec\/sitio\/wp-content\/uploads\/2023\/09\/04-RICARDO-MURILLO-300x200.jpg",300,200,true],"medium_large":["https:\/\/www.uartes.edu.ec\/sitio\/wp-content\/uploads\/2023\/09\/04-RICARDO-MURILLO-768x512.jpg",768,512,true],"large":["https:\/\/www.uartes.edu.ec\/sitio\/wp-content\/uploads\/2023\/09\/04-RICARDO-MURILLO-644x429.jpg",644,429,true],"1536x1536":["https:\/\/www.uartes.edu.ec\/sitio\/wp-content\/uploads\/2023\/09\/04-RICARDO-MURILLO-1536x1024.jpg",1536,1024,true],"2048x2048":["https:\/\/www.uartes.edu.ec\/sitio\/wp-content\/uploads\/2023\/09\/04-RICARDO-MURILLO.jpg",2000,1333,false],"trp-custom-language-flag":["https:\/\/www.uartes.edu.ec\/sitio\/wp-content\/uploads\/2023\/09\/04-RICARDO-MURILLO.jpg",18,12,false],"htmega_size_585x295":["https:\/\/www.uartes.edu.ec\/sitio\/wp-content\/uploads\/2023\/09\/04-RICARDO-MURILLO-585x295.jpg",585,295,true],"htmega_size_1170x536":["https:\/\/www.uartes.edu.ec\/sitio\/wp-content\/uploads\/2023\/09\/04-RICARDO-MURILLO-1170x536.jpg",1170,536,true],"htmega_size_396x360":["https:\/\/www.uartes.edu.ec\/sitio\/wp-content\/uploads\/2023\/09\/04-RICARDO-MURILLO-396x360.jpg",396,360,true],"gb-block-post-grid-landscape":["https:\/\/www.uartes.edu.ec\/sitio\/wp-content\/uploads\/2023\/09\/04-RICARDO-MURILLO-600x400.jpg",600,400,true],"gb-block-post-grid-square":["https:\/\/www.uartes.edu.ec\/sitio\/wp-content\/uploads\/2023\/09\/04-RICARDO-MURILLO-600x600.jpg",600,600,true],"university-hub-thumb":["https:\/\/www.uartes.edu.ec\/sitio\/wp-content\/uploads\/2023\/09\/04-RICARDO-MURILLO-400x267.jpg",400,267,true]},"uagb_author_info":{"display_name":"ccortez","author_link":"https:\/\/www.uartes.edu.ec\/sitio\/blog\/author\/ccortez\/"},"uagb_comment_info":0,"uagb_excerpt":"Desde el 15 de agosto pasado, los estudiantes de la Escuela de Artes Sonoras de la UArtes han venido ofreciendo sus conciertos de grado en los varios de nuestros espacios. Constan, entre otros, \u201cDespu\u00e9s de Muertos Amarnos Sax\u201d, \u201cPasillos para piano y quinteto de cuerdas\u201d, \u201cCuerdas Silentes\u201d, \u201cCreaci\u00f3n de 3 obras para bajo el\u00e9ctrico y&hellip;","featured_image_src":"https:\/\/www.uartes.edu.ec\/sitio\/wp-content\/uploads\/2023\/09\/04-RICARDO-MURILLO-600x400.jpg","featured_image_src_square":"https:\/\/www.uartes.edu.ec\/sitio\/wp-content\/uploads\/2023\/09\/04-RICARDO-MURILLO-600x600.jpg","author_info":{"display_name":"ccortez","author_link":"https:\/\/www.uartes.edu.ec\/sitio\/blog\/author\/ccortez\/"},"publishpress_future_workflow_manual_trigger":{"enabledWorkflows":[]},"distributor_meta":false,"distributor_terms":false,"distributor_media":false,"distributor_original_site_name":"Universidad de las Artes","distributor_original_site_url":"https:\/\/www.uartes.edu.ec\/sitio","push-errors":false,"_links":{"self":[{"href":"https:\/\/www.uartes.edu.ec\/sitio\/wp-json\/wp\/v2\/posts\/46446","targetHints":{"allow":["GET"]}}],"collection":[{"href":"https:\/\/www.uartes.edu.ec\/sitio\/wp-json\/wp\/v2\/posts"}],"about":[{"href":"https:\/\/www.uartes.edu.ec\/sitio\/wp-json\/wp\/v2\/types\/post"}],"author":[{"embeddable":true,"href":"https:\/\/www.uartes.edu.ec\/sitio\/wp-json\/wp\/v2\/users\/10"}],"replies":[{"embeddable":true,"href":"https:\/\/www.uartes.edu.ec\/sitio\/wp-json\/wp\/v2\/comments?post=46446"}],"version-history":[{"count":3,"href":"https:\/\/www.uartes.edu.ec\/sitio\/wp-json\/wp\/v2\/posts\/46446\/revisions"}],"predecessor-version":[{"id":46455,"href":"https:\/\/www.uartes.edu.ec\/sitio\/wp-json\/wp\/v2\/posts\/46446\/revisions\/46455"}],"wp:featuredmedia":[{"embeddable":true,"href":"https:\/\/www.uartes.edu.ec\/sitio\/wp-json\/wp\/v2\/media\/46447"}],"wp:attachment":[{"href":"https:\/\/www.uartes.edu.ec\/sitio\/wp-json\/wp\/v2\/media?parent=46446"}],"wp:term":[{"taxonomy":"category","embeddable":true,"href":"https:\/\/www.uartes.edu.ec\/sitio\/wp-json\/wp\/v2\/categories?post=46446"},{"taxonomy":"post_tag","embeddable":true,"href":"https:\/\/www.uartes.edu.ec\/sitio\/wp-json\/wp\/v2\/tags?post=46446"},{"taxonomy":"infouartes","embeddable":true,"href":"https:\/\/www.uartes.edu.ec\/sitio\/wp-json\/wp\/v2\/infouartes?post=46446"}],"curies":[{"name":"wp","href":"https:\/\/api.w.org\/{rel}","templated":true}]}}