{"id":4651,"date":"2019-10-18T16:52:45","date_gmt":"2019-10-18T21:52:45","guid":{"rendered":"http:\/\/www.uartes.edu.ec\/sitio\/?p=4651"},"modified":"2024-07-04T11:49:08","modified_gmt":"2024-07-04T16:49:08","slug":"uartes-en-el-encuentro-del-observatorio-laboratorio-de-politicas-culturales-de-medellin","status":"publish","type":"post","link":"https:\/\/www.uartes.edu.ec\/sitio\/blog\/2019\/10\/18\/uartes-en-el-encuentro-del-observatorio-laboratorio-de-politicas-culturales-de-medellin\/","title":{"rendered":"UArtes, en el Encuentro del Observatorio-Laboratorio de Pol\u00edticas Culturales de Medell\u00edn"},"content":{"rendered":"\n<p>Nuestra vicerrectora acad\u00e9mica, doctora\nMar\u00eda Paulina Soto Labb\u00e9, fue invitada por la Alcald\u00eda de Medell\u00edn, Colombia,\npara dar inicio al Primer Encuentro Acad\u00e9mico del Observatorio-Laboratorio de\nPol\u00edticas Culturales de esa ciudad, organizado entre el 30 de septiembre y 3 de\noctubre, en el marco de la IV Conferencia Internacional de Ciudades del\nAprendizaje. <\/p>\n\n\n\n<p>Los observatorios culturales se\nconstituyen como los nuevos desaf\u00edos para la co-creaci\u00f3n de conocimientos y\naprendizajes desde las pol\u00edticas culturales locales. Por ello, el encuentro\ncont\u00f3 con la participaci\u00f3n de referentes y expertos locales, nacionales e\ninternacionales, quienes trazaron l\u00edneas estrat\u00e9gicas que permitan avanzar en\nla implementaci\u00f3n de dichas instancias.&nbsp; <\/p>\n\n\n\n<p>La doctora Mar\u00eda Paulina Soto intervino\ncon la conferencia magistral \u201cEl c\u00edclope de los s\u00edmbolos y sus pr\u00f3ximas\nbatallas II\u201d, en la que present\u00f3 un balance hist\u00f3rico y cr\u00edtico en torno a las\ninstancias de investigaci\u00f3n que en las \u00faltimas dos d\u00e9cadas han realizado\nacompa\u00f1amiento a la gesti\u00f3n de pol\u00edticas culturales de nuestros pa\u00edses,\naportando un conjunto de propuestas para la nueva etapa que se abre en el\ncontinente. Con esta introducci\u00f3n se dio inicio a un intercambio de\nexperiencias de observatorios culturales colombianos e internacionales. <\/p>\n\n\n\n<figure class=\"wp-block-image\"><img fetchpriority=\"high\" decoding=\"async\" width=\"644\" height=\"429\" src=\"http:\/\/www.uartes.edu.ec\/sitio\/wp-content\/uploads\/2019\/10\/R4A8913-644x429.jpg\" alt=\"\" class=\"wp-image-4649\" srcset=\"https:\/\/www.uartes.edu.ec\/sitio\/wp-content\/uploads\/2019\/10\/R4A8913-644x429.jpg 644w, https:\/\/www.uartes.edu.ec\/sitio\/wp-content\/uploads\/2019\/10\/R4A8913-300x200.jpg 300w, https:\/\/www.uartes.edu.ec\/sitio\/wp-content\/uploads\/2019\/10\/R4A8913-768x512.jpg 768w, https:\/\/www.uartes.edu.ec\/sitio\/wp-content\/uploads\/2019\/10\/R4A8913-400x267.jpg 400w, https:\/\/www.uartes.edu.ec\/sitio\/wp-content\/uploads\/2019\/10\/R4A8913-272x182.jpg 272w, https:\/\/www.uartes.edu.ec\/sitio\/wp-content\/uploads\/2019\/10\/R4A8913.jpg 1200w\" sizes=\"(max-width: 644px) 100vw, 644px\" \/><\/figure>\n\n\n\n<p>El balance parti\u00f3 se\u00f1alando que,\nen nuestro continente, los centros de estudios nunca pudieron desprenderse de\nsu matriz acad\u00e9mica y que los observatorios solo han pretendido una autonom\u00eda\nde opini\u00f3n que nunca lleg\u00f3, esto a causa de su fr\u00e1gil dependencia financiera. Que\nexperimentamos cambios que generan nuevos desaf\u00edos, tales como la necesidad de\nrevisitar conceptos naturalizados que ya no nombran la realidad que observamos (territorio,\nidentidades, naci\u00f3n, p\u00fablico, etc.); o que el gestor cultural actual, debe ser\nun agente de mediaci\u00f3n y transformaci\u00f3n en una sociedad con conflictos\ninterculturales y violencias de origen simb\u00f3lico (de g\u00e9nero, religiosas,\nind\u00edgenas, etarias, discapacidades, etc.); y que se hace imprescindible conjugar\n\u00e9tica y est\u00e9ticamente las pol\u00edticas culturales que acogen distintas\ncosmovisiones (agenda de convivencia, de educaci\u00f3n inclusiva, de cuidado\nmedioambiental, de di\u00e1logo inter-especies, etc.)<\/p>\n\n\n\n<p>Finalmente, la doctora Mar\u00eda\nPaulina Soto se\u00f1al\u00f3 que en la \u00faltima d\u00e9cada han surgido observatorios p\u00fablicos asociados\na los gobiernos locales y que habr\u00e1 que evaluar sus agendas y <del>prioridades&nbsp;\npara<\/del>prioridades para verificar si esa \u201cestabilidad\u201d\nfacilita que cumplan su rol sin sacrificar la autonom\u00eda de opini\u00f3n.<\/p>\n","protected":false},"excerpt":{"rendered":"<p>Nuestra vicerrectora acad\u00e9mica, doctora Mar\u00eda Paulina Soto Labb\u00e9, fue invitada por la Alcald\u00eda de Medell\u00edn, Colombia, para dar inicio al Primer Encuentro Acad\u00e9mico del Observatorio-Laboratorio de Pol\u00edticas Culturales de esa ciudad, organizado entre el 30 de septiembre y 3 de octubre, en el marco de la IV Conferencia Internacional de Ciudades del Aprendizaje. Los observatorios [&hellip;]<\/p>\n","protected":false},"author":1,"featured_media":4648,"comment_status":"closed","ping_status":"closed","sticky":false,"template":"","format":"standard","meta":{"_acf_changed":false,"_uag_custom_page_level_css":"","_monsterinsights_skip_tracking":false,"_monsterinsights_sitenote_active":false,"_monsterinsights_sitenote_note":"","_monsterinsights_sitenote_category":0,"cybocfi_hide_featured_image":"","footnotes":""},"categories":[80,79],"tags":[],"infouartes":[],"class_list":["post-4651","post","type-post","status-publish","format-standard","has-post-thumbnail","hentry","category-academico","category-vinculo"],"acf":[],"yoast_head":"<!-- This site is optimized with the Yoast SEO plugin v27.4 - https:\/\/yoast.com\/product\/yoast-seo-wordpress\/ -->\n<title>Universidad de las Artes - UArtes, en el Encuentro del Observatorio-Laboratorio de Pol\u00edticas Culturales de Medell\u00edn<\/title>\n<meta name=\"description\" content=\"Universidad de las Artes - UArtes, en el Encuentro del Observatorio-Laboratorio de Pol\u00edticas Culturales de Medell\u00edn\" \/>\n<meta name=\"robots\" content=\"index, follow, max-snippet:-1, max-image-preview:large, max-video-preview:-1\" \/>\n<link rel=\"canonical\" href=\"https:\/\/www.uartes.edu.ec\/sitio\/blog\/2019\/10\/18\/uartes-en-el-encuentro-del-observatorio-laboratorio-de-politicas-culturales-de-medellin\/\" \/>\n<meta property=\"og:locale\" content=\"es_ES\" \/>\n<meta property=\"og:type\" content=\"article\" \/>\n<meta property=\"og:title\" content=\"Universidad de las Artes - UArtes, en el Encuentro del Observatorio-Laboratorio de Pol\u00edticas Culturales de Medell\u00edn\" \/>\n<meta property=\"og:description\" content=\"Universidad de las Artes - UArtes, en el Encuentro del Observatorio-Laboratorio de Pol\u00edticas Culturales de Medell\u00edn\" \/>\n<meta property=\"og:url\" content=\"https:\/\/www.uartes.edu.ec\/sitio\/blog\/2019\/10\/18\/uartes-en-el-encuentro-del-observatorio-laboratorio-de-politicas-culturales-de-medellin\/\" \/>\n<meta property=\"og:site_name\" content=\"Universidad de las Artes\" \/>\n<meta property=\"article:publisher\" content=\"https:\/\/www.facebook.com\/uartesec\" \/>\n<meta property=\"article:published_time\" content=\"2019-10-18T21:52:45+00:00\" \/>\n<meta property=\"article:modified_time\" content=\"2024-07-04T16:49:08+00:00\" \/>\n<meta property=\"og:image\" content=\"https:\/\/www.uartes.edu.ec\/sitio\/wp-content\/uploads\/2019\/10\/R4A8902.jpg\" \/>\n\t<meta property=\"og:image:width\" content=\"1200\" \/>\n\t<meta property=\"og:image:height\" content=\"800\" \/>\n\t<meta property=\"og:image:type\" content=\"image\/jpeg\" \/>\n<meta name=\"author\" content=\"Universidad de las Artes\" \/>\n<meta name=\"twitter:card\" content=\"summary_large_image\" \/>\n<meta name=\"twitter:creator\" content=\"@uartesec\" \/>\n<meta name=\"twitter:site\" content=\"@uartesec\" \/>\n<meta name=\"twitter:label1\" content=\"Escrito por\" \/>\n\t<meta name=\"twitter:data1\" content=\"Universidad de las Artes\" \/>\n\t<meta name=\"twitter:label2\" content=\"Tiempo de lectura\" \/>\n\t<meta name=\"twitter:data2\" content=\"2 minutos\" \/>\n<script type=\"application\/ld+json\" class=\"yoast-schema-graph\">{\"@context\":\"https:\\\/\\\/schema.org\",\"@graph\":[{\"@type\":\"Article\",\"@id\":\"https:\\\/\\\/www.uartes.edu.ec\\\/sitio\\\/blog\\\/2019\\\/10\\\/18\\\/uartes-en-el-encuentro-del-observatorio-laboratorio-de-politicas-culturales-de-medellin\\\/#article\",\"isPartOf\":{\"@id\":\"https:\\\/\\\/www.uartes.edu.ec\\\/sitio\\\/blog\\\/2019\\\/10\\\/18\\\/uartes-en-el-encuentro-del-observatorio-laboratorio-de-politicas-culturales-de-medellin\\\/\"},\"author\":{\"name\":\"Universidad de las Artes\",\"@id\":\"https:\\\/\\\/www.uartes.edu.ec\\\/sitio\\\/#\\\/schema\\\/person\\\/f33f8c1d2af0d5c80a38c8abf458184a\"},\"headline\":\"UArtes, en el Encuentro del Observatorio-Laboratorio de Pol\u00edticas Culturales de Medell\u00edn\",\"datePublished\":\"2019-10-18T21:52:45+00:00\",\"dateModified\":\"2024-07-04T16:49:08+00:00\",\"mainEntityOfPage\":{\"@id\":\"https:\\\/\\\/www.uartes.edu.ec\\\/sitio\\\/blog\\\/2019\\\/10\\\/18\\\/uartes-en-el-encuentro-del-observatorio-laboratorio-de-politicas-culturales-de-medellin\\\/\"},\"wordCount\":428,\"publisher\":{\"@id\":\"https:\\\/\\\/www.uartes.edu.ec\\\/sitio\\\/#organization\"},\"image\":{\"@id\":\"https:\\\/\\\/www.uartes.edu.ec\\\/sitio\\\/blog\\\/2019\\\/10\\\/18\\\/uartes-en-el-encuentro-del-observatorio-laboratorio-de-politicas-culturales-de-medellin\\\/#primaryimage\"},\"thumbnailUrl\":\"https:\\\/\\\/www.uartes.edu.ec\\\/sitio\\\/wp-content\\\/uploads\\\/2019\\\/10\\\/R4A8902.jpg\",\"articleSection\":[\"Acad\u00e9mico\",\"V\u00ednculo\"],\"inLanguage\":\"es\"},{\"@type\":[\"WebPage\",\"ItemPage\"],\"@id\":\"https:\\\/\\\/www.uartes.edu.ec\\\/sitio\\\/blog\\\/2019\\\/10\\\/18\\\/uartes-en-el-encuentro-del-observatorio-laboratorio-de-politicas-culturales-de-medellin\\\/\",\"url\":\"https:\\\/\\\/www.uartes.edu.ec\\\/sitio\\\/blog\\\/2019\\\/10\\\/18\\\/uartes-en-el-encuentro-del-observatorio-laboratorio-de-politicas-culturales-de-medellin\\\/\",\"name\":\"Universidad de las Artes - UArtes, en el Encuentro del Observatorio-Laboratorio de Pol\u00edticas Culturales de Medell\u00edn\",\"isPartOf\":{\"@id\":\"https:\\\/\\\/www.uartes.edu.ec\\\/sitio\\\/#website\"},\"primaryImageOfPage\":{\"@id\":\"https:\\\/\\\/www.uartes.edu.ec\\\/sitio\\\/blog\\\/2019\\\/10\\\/18\\\/uartes-en-el-encuentro-del-observatorio-laboratorio-de-politicas-culturales-de-medellin\\\/#primaryimage\"},\"image\":{\"@id\":\"https:\\\/\\\/www.uartes.edu.ec\\\/sitio\\\/blog\\\/2019\\\/10\\\/18\\\/uartes-en-el-encuentro-del-observatorio-laboratorio-de-politicas-culturales-de-medellin\\\/#primaryimage\"},\"thumbnailUrl\":\"https:\\\/\\\/www.uartes.edu.ec\\\/sitio\\\/wp-content\\\/uploads\\\/2019\\\/10\\\/R4A8902.jpg\",\"datePublished\":\"2019-10-18T21:52:45+00:00\",\"dateModified\":\"2024-07-04T16:49:08+00:00\",\"description\":\"Universidad de las Artes - UArtes, en el Encuentro del Observatorio-Laboratorio de Pol\u00edticas Culturales de Medell\u00edn\",\"breadcrumb\":{\"@id\":\"https:\\\/\\\/www.uartes.edu.ec\\\/sitio\\\/blog\\\/2019\\\/10\\\/18\\\/uartes-en-el-encuentro-del-observatorio-laboratorio-de-politicas-culturales-de-medellin\\\/#breadcrumb\"},\"inLanguage\":\"es\",\"potentialAction\":[{\"@type\":\"ReadAction\",\"target\":[\"https:\\\/\\\/www.uartes.edu.ec\\\/sitio\\\/blog\\\/2019\\\/10\\\/18\\\/uartes-en-el-encuentro-del-observatorio-laboratorio-de-politicas-culturales-de-medellin\\\/\"]}]},{\"@type\":\"ImageObject\",\"inLanguage\":\"es\",\"@id\":\"https:\\\/\\\/www.uartes.edu.ec\\\/sitio\\\/blog\\\/2019\\\/10\\\/18\\\/uartes-en-el-encuentro-del-observatorio-laboratorio-de-politicas-culturales-de-medellin\\\/#primaryimage\",\"url\":\"https:\\\/\\\/www.uartes.edu.ec\\\/sitio\\\/wp-content\\\/uploads\\\/2019\\\/10\\\/R4A8902.jpg\",\"contentUrl\":\"https:\\\/\\\/www.uartes.edu.ec\\\/sitio\\\/wp-content\\\/uploads\\\/2019\\\/10\\\/R4A8902.jpg\",\"width\":1200,\"height\":800},{\"@type\":\"BreadcrumbList\",\"@id\":\"https:\\\/\\\/www.uartes.edu.ec\\\/sitio\\\/blog\\\/2019\\\/10\\\/18\\\/uartes-en-el-encuentro-del-observatorio-laboratorio-de-politicas-culturales-de-medellin\\\/#breadcrumb\",\"itemListElement\":[{\"@type\":\"ListItem\",\"position\":1,\"name\":\"Inicio\",\"item\":\"https:\\\/\\\/www.uartes.edu.ec\\\/sitio\\\/\"},{\"@type\":\"ListItem\",\"position\":2,\"name\":\"UArtes, en el Encuentro del Observatorio-Laboratorio de Pol\u00edticas Culturales de Medell\u00edn\"}]},{\"@type\":\"WebSite\",\"@id\":\"https:\\\/\\\/www.uartes.edu.ec\\\/sitio\\\/#website\",\"url\":\"https:\\\/\\\/www.uartes.edu.ec\\\/sitio\\\/\",\"name\":\"Universidad de las Artes\",\"description\":\"Sitio oficial de la Universidad Nacional de las Artes del Ecuador\",\"publisher\":{\"@id\":\"https:\\\/\\\/www.uartes.edu.ec\\\/sitio\\\/#organization\"},\"potentialAction\":[{\"@type\":\"SearchAction\",\"target\":{\"@type\":\"EntryPoint\",\"urlTemplate\":\"https:\\\/\\\/www.uartes.edu.ec\\\/sitio\\\/?s={search_term_string}\"},\"query-input\":{\"@type\":\"PropertyValueSpecification\",\"valueRequired\":true,\"valueName\":\"search_term_string\"}}],\"inLanguage\":\"es\"},{\"@type\":\"Organization\",\"@id\":\"https:\\\/\\\/www.uartes.edu.ec\\\/sitio\\\/#organization\",\"name\":\"Universidad de las Artes\",\"url\":\"https:\\\/\\\/www.uartes.edu.ec\\\/sitio\\\/\",\"logo\":{\"@type\":\"ImageObject\",\"inLanguage\":\"es\",\"@id\":\"https:\\\/\\\/www.uartes.edu.ec\\\/sitio\\\/#\\\/schema\\\/logo\\\/image\\\/\",\"url\":\"https:\\\/\\\/www.uartes.edu.ec\\\/sitio\\\/wp-content\\\/uploads\\\/2022\\\/07\\\/logo-ua-horizontal.png\",\"contentUrl\":\"https:\\\/\\\/www.uartes.edu.ec\\\/sitio\\\/wp-content\\\/uploads\\\/2022\\\/07\\\/logo-ua-horizontal.png\",\"width\":800,\"height\":276,\"caption\":\"Universidad de las Artes\"},\"image\":{\"@id\":\"https:\\\/\\\/www.uartes.edu.ec\\\/sitio\\\/#\\\/schema\\\/logo\\\/image\\\/\"},\"sameAs\":[\"https:\\\/\\\/www.facebook.com\\\/uartesec\",\"https:\\\/\\\/x.com\\\/uartesec\",\"https:\\\/\\\/www.tiktok.com\\\/@uartesec\"]},{\"@type\":\"Person\",\"@id\":\"https:\\\/\\\/www.uartes.edu.ec\\\/sitio\\\/#\\\/schema\\\/person\\\/f33f8c1d2af0d5c80a38c8abf458184a\",\"name\":\"Universidad de las Artes\",\"image\":{\"@type\":\"ImageObject\",\"inLanguage\":\"es\",\"@id\":\"https:\\\/\\\/secure.gravatar.com\\\/avatar\\\/52e4757902f5cfa5ac52d020e5be83cae5487519154b6c35482fe08d589f3c13?s=96&d=mm&r=g\",\"url\":\"https:\\\/\\\/secure.gravatar.com\\\/avatar\\\/52e4757902f5cfa5ac52d020e5be83cae5487519154b6c35482fe08d589f3c13?s=96&d=mm&r=g\",\"contentUrl\":\"https:\\\/\\\/secure.gravatar.com\\\/avatar\\\/52e4757902f5cfa5ac52d020e5be83cae5487519154b6c35482fe08d589f3c13?s=96&d=mm&r=g\",\"caption\":\"Universidad de las Artes\"},\"url\":\"https:\\\/\\\/www.uartes.edu.ec\\\/sitio\\\/blog\\\/author\\\/dircomadm\\\/\"}]}<\/script>\n<!-- \/ Yoast SEO plugin. -->","yoast_head_json":{"title":"Universidad de las Artes - UArtes, en el Encuentro del Observatorio-Laboratorio de Pol\u00edticas Culturales de Medell\u00edn","description":"Universidad de las Artes - UArtes, en el Encuentro del Observatorio-Laboratorio de Pol\u00edticas Culturales de Medell\u00edn","robots":{"index":"index","follow":"follow","max-snippet":"max-snippet:-1","max-image-preview":"max-image-preview:large","max-video-preview":"max-video-preview:-1"},"canonical":"https:\/\/www.uartes.edu.ec\/sitio\/blog\/2019\/10\/18\/uartes-en-el-encuentro-del-observatorio-laboratorio-de-politicas-culturales-de-medellin\/","og_locale":"es_ES","og_type":"article","og_title":"Universidad de las Artes - UArtes, en el Encuentro del Observatorio-Laboratorio de Pol\u00edticas Culturales de Medell\u00edn","og_description":"Universidad de las Artes - UArtes, en el Encuentro del Observatorio-Laboratorio de Pol\u00edticas Culturales de Medell\u00edn","og_url":"https:\/\/www.uartes.edu.ec\/sitio\/blog\/2019\/10\/18\/uartes-en-el-encuentro-del-observatorio-laboratorio-de-politicas-culturales-de-medellin\/","og_site_name":"Universidad de las Artes","article_publisher":"https:\/\/www.facebook.com\/uartesec","article_published_time":"2019-10-18T21:52:45+00:00","article_modified_time":"2024-07-04T16:49:08+00:00","og_image":[{"width":1200,"height":800,"url":"https:\/\/www.uartes.edu.ec\/sitio\/wp-content\/uploads\/2019\/10\/R4A8902.jpg","type":"image\/jpeg"}],"author":"Universidad de las Artes","twitter_card":"summary_large_image","twitter_creator":"@uartesec","twitter_site":"@uartesec","twitter_misc":{"Escrito por":"Universidad de las Artes","Tiempo de lectura":"2 minutos"},"schema":{"@context":"https:\/\/schema.org","@graph":[{"@type":"Article","@id":"https:\/\/www.uartes.edu.ec\/sitio\/blog\/2019\/10\/18\/uartes-en-el-encuentro-del-observatorio-laboratorio-de-politicas-culturales-de-medellin\/#article","isPartOf":{"@id":"https:\/\/www.uartes.edu.ec\/sitio\/blog\/2019\/10\/18\/uartes-en-el-encuentro-del-observatorio-laboratorio-de-politicas-culturales-de-medellin\/"},"author":{"name":"Universidad de las Artes","@id":"https:\/\/www.uartes.edu.ec\/sitio\/#\/schema\/person\/f33f8c1d2af0d5c80a38c8abf458184a"},"headline":"UArtes, en el Encuentro del Observatorio-Laboratorio de Pol\u00edticas Culturales de Medell\u00edn","datePublished":"2019-10-18T21:52:45+00:00","dateModified":"2024-07-04T16:49:08+00:00","mainEntityOfPage":{"@id":"https:\/\/www.uartes.edu.ec\/sitio\/blog\/2019\/10\/18\/uartes-en-el-encuentro-del-observatorio-laboratorio-de-politicas-culturales-de-medellin\/"},"wordCount":428,"publisher":{"@id":"https:\/\/www.uartes.edu.ec\/sitio\/#organization"},"image":{"@id":"https:\/\/www.uartes.edu.ec\/sitio\/blog\/2019\/10\/18\/uartes-en-el-encuentro-del-observatorio-laboratorio-de-politicas-culturales-de-medellin\/#primaryimage"},"thumbnailUrl":"https:\/\/www.uartes.edu.ec\/sitio\/wp-content\/uploads\/2019\/10\/R4A8902.jpg","articleSection":["Acad\u00e9mico","V\u00ednculo"],"inLanguage":"es"},{"@type":["WebPage","ItemPage"],"@id":"https:\/\/www.uartes.edu.ec\/sitio\/blog\/2019\/10\/18\/uartes-en-el-encuentro-del-observatorio-laboratorio-de-politicas-culturales-de-medellin\/","url":"https:\/\/www.uartes.edu.ec\/sitio\/blog\/2019\/10\/18\/uartes-en-el-encuentro-del-observatorio-laboratorio-de-politicas-culturales-de-medellin\/","name":"Universidad de las Artes - UArtes, en el Encuentro del Observatorio-Laboratorio de Pol\u00edticas Culturales de Medell\u00edn","isPartOf":{"@id":"https:\/\/www.uartes.edu.ec\/sitio\/#website"},"primaryImageOfPage":{"@id":"https:\/\/www.uartes.edu.ec\/sitio\/blog\/2019\/10\/18\/uartes-en-el-encuentro-del-observatorio-laboratorio-de-politicas-culturales-de-medellin\/#primaryimage"},"image":{"@id":"https:\/\/www.uartes.edu.ec\/sitio\/blog\/2019\/10\/18\/uartes-en-el-encuentro-del-observatorio-laboratorio-de-politicas-culturales-de-medellin\/#primaryimage"},"thumbnailUrl":"https:\/\/www.uartes.edu.ec\/sitio\/wp-content\/uploads\/2019\/10\/R4A8902.jpg","datePublished":"2019-10-18T21:52:45+00:00","dateModified":"2024-07-04T16:49:08+00:00","description":"Universidad de las Artes - UArtes, en el Encuentro del Observatorio-Laboratorio de Pol\u00edticas Culturales de Medell\u00edn","breadcrumb":{"@id":"https:\/\/www.uartes.edu.ec\/sitio\/blog\/2019\/10\/18\/uartes-en-el-encuentro-del-observatorio-laboratorio-de-politicas-culturales-de-medellin\/#breadcrumb"},"inLanguage":"es","potentialAction":[{"@type":"ReadAction","target":["https:\/\/www.uartes.edu.ec\/sitio\/blog\/2019\/10\/18\/uartes-en-el-encuentro-del-observatorio-laboratorio-de-politicas-culturales-de-medellin\/"]}]},{"@type":"ImageObject","inLanguage":"es","@id":"https:\/\/www.uartes.edu.ec\/sitio\/blog\/2019\/10\/18\/uartes-en-el-encuentro-del-observatorio-laboratorio-de-politicas-culturales-de-medellin\/#primaryimage","url":"https:\/\/www.uartes.edu.ec\/sitio\/wp-content\/uploads\/2019\/10\/R4A8902.jpg","contentUrl":"https:\/\/www.uartes.edu.ec\/sitio\/wp-content\/uploads\/2019\/10\/R4A8902.jpg","width":1200,"height":800},{"@type":"BreadcrumbList","@id":"https:\/\/www.uartes.edu.ec\/sitio\/blog\/2019\/10\/18\/uartes-en-el-encuentro-del-observatorio-laboratorio-de-politicas-culturales-de-medellin\/#breadcrumb","itemListElement":[{"@type":"ListItem","position":1,"name":"Inicio","item":"https:\/\/www.uartes.edu.ec\/sitio\/"},{"@type":"ListItem","position":2,"name":"UArtes, en el Encuentro del Observatorio-Laboratorio de Pol\u00edticas Culturales de Medell\u00edn"}]},{"@type":"WebSite","@id":"https:\/\/www.uartes.edu.ec\/sitio\/#website","url":"https:\/\/www.uartes.edu.ec\/sitio\/","name":"Universidad de las Artes","description":"Sitio oficial de la Universidad Nacional de las Artes del Ecuador","publisher":{"@id":"https:\/\/www.uartes.edu.ec\/sitio\/#organization"},"potentialAction":[{"@type":"SearchAction","target":{"@type":"EntryPoint","urlTemplate":"https:\/\/www.uartes.edu.ec\/sitio\/?s={search_term_string}"},"query-input":{"@type":"PropertyValueSpecification","valueRequired":true,"valueName":"search_term_string"}}],"inLanguage":"es"},{"@type":"Organization","@id":"https:\/\/www.uartes.edu.ec\/sitio\/#organization","name":"Universidad de las Artes","url":"https:\/\/www.uartes.edu.ec\/sitio\/","logo":{"@type":"ImageObject","inLanguage":"es","@id":"https:\/\/www.uartes.edu.ec\/sitio\/#\/schema\/logo\/image\/","url":"https:\/\/www.uartes.edu.ec\/sitio\/wp-content\/uploads\/2022\/07\/logo-ua-horizontal.png","contentUrl":"https:\/\/www.uartes.edu.ec\/sitio\/wp-content\/uploads\/2022\/07\/logo-ua-horizontal.png","width":800,"height":276,"caption":"Universidad de las Artes"},"image":{"@id":"https:\/\/www.uartes.edu.ec\/sitio\/#\/schema\/logo\/image\/"},"sameAs":["https:\/\/www.facebook.com\/uartesec","https:\/\/x.com\/uartesec","https:\/\/www.tiktok.com\/@uartesec"]},{"@type":"Person","@id":"https:\/\/www.uartes.edu.ec\/sitio\/#\/schema\/person\/f33f8c1d2af0d5c80a38c8abf458184a","name":"Universidad de las Artes","image":{"@type":"ImageObject","inLanguage":"es","@id":"https:\/\/secure.gravatar.com\/avatar\/52e4757902f5cfa5ac52d020e5be83cae5487519154b6c35482fe08d589f3c13?s=96&d=mm&r=g","url":"https:\/\/secure.gravatar.com\/avatar\/52e4757902f5cfa5ac52d020e5be83cae5487519154b6c35482fe08d589f3c13?s=96&d=mm&r=g","contentUrl":"https:\/\/secure.gravatar.com\/avatar\/52e4757902f5cfa5ac52d020e5be83cae5487519154b6c35482fe08d589f3c13?s=96&d=mm&r=g","caption":"Universidad de las Artes"},"url":"https:\/\/www.uartes.edu.ec\/sitio\/blog\/author\/dircomadm\/"}]}},"uagb_featured_image_src":{"full":["https:\/\/www.uartes.edu.ec\/sitio\/wp-content\/uploads\/2019\/10\/R4A8902.jpg",1200,800,false],"thumbnail":["https:\/\/www.uartes.edu.ec\/sitio\/wp-content\/uploads\/2019\/10\/R4A8902-150x150.jpg",150,150,true],"medium":["https:\/\/www.uartes.edu.ec\/sitio\/wp-content\/uploads\/2019\/10\/R4A8902-300x200.jpg",300,200,true],"medium_large":["https:\/\/www.uartes.edu.ec\/sitio\/wp-content\/uploads\/2019\/10\/R4A8902-768x512.jpg",768,512,true],"large":["https:\/\/www.uartes.edu.ec\/sitio\/wp-content\/uploads\/2019\/10\/R4A8902-644x429.jpg",644,429,true],"1536x1536":["https:\/\/www.uartes.edu.ec\/sitio\/wp-content\/uploads\/2019\/10\/R4A8902.jpg",1200,800,false],"2048x2048":["https:\/\/www.uartes.edu.ec\/sitio\/wp-content\/uploads\/2019\/10\/R4A8902.jpg",1200,800,false],"trp-custom-language-flag":["https:\/\/www.uartes.edu.ec\/sitio\/wp-content\/uploads\/2019\/10\/R4A8902.jpg",18,12,false],"htmega_size_585x295":["https:\/\/www.uartes.edu.ec\/sitio\/wp-content\/uploads\/2019\/10\/R4A8902.jpg",443,295,false],"htmega_size_1170x536":["https:\/\/www.uartes.edu.ec\/sitio\/wp-content\/uploads\/2019\/10\/R4A8902.jpg",804,536,false],"htmega_size_396x360":["https:\/\/www.uartes.edu.ec\/sitio\/wp-content\/uploads\/2019\/10\/R4A8902.jpg",396,264,false],"gb-block-post-grid-landscape":["https:\/\/www.uartes.edu.ec\/sitio\/wp-content\/uploads\/2019\/10\/R4A8902.jpg",600,400,false],"gb-block-post-grid-square":["https:\/\/www.uartes.edu.ec\/sitio\/wp-content\/uploads\/2019\/10\/R4A8902.jpg",600,400,false],"university-hub-thumb":["https:\/\/www.uartes.edu.ec\/sitio\/wp-content\/uploads\/2019\/10\/R4A8902-400x267.jpg",400,267,true],"mailpoet_newsletter_max":["https:\/\/www.uartes.edu.ec\/sitio\/wp-content\/uploads\/2019\/10\/R4A8902.jpg",1200,800,false]},"uagb_author_info":{"display_name":"Universidad de las Artes","author_link":"https:\/\/www.uartes.edu.ec\/sitio\/blog\/author\/dircomadm\/"},"uagb_comment_info":0,"uagb_excerpt":"Nuestra vicerrectora acad\u00e9mica, doctora Mar\u00eda Paulina Soto Labb\u00e9, fue invitada por la Alcald\u00eda de Medell\u00edn, Colombia, para dar inicio al Primer Encuentro Acad\u00e9mico del Observatorio-Laboratorio de Pol\u00edticas Culturales de esa ciudad, organizado entre el 30 de septiembre y 3 de octubre, en el marco de la IV Conferencia Internacional de Ciudades del Aprendizaje. Los observatorios&hellip;","featured_image_src":"https:\/\/www.uartes.edu.ec\/sitio\/wp-content\/uploads\/2019\/10\/R4A8902.jpg","featured_image_src_square":"https:\/\/www.uartes.edu.ec\/sitio\/wp-content\/uploads\/2019\/10\/R4A8902.jpg","author_info":{"display_name":"Universidad de las Artes","author_link":"https:\/\/www.uartes.edu.ec\/sitio\/blog\/author\/dircomadm\/"},"publishpress_future_workflow_manual_trigger":{"enabledWorkflows":[]},"distributor_meta":false,"distributor_terms":false,"distributor_media":false,"distributor_original_site_name":"Universidad de las Artes","distributor_original_site_url":"https:\/\/www.uartes.edu.ec\/sitio","push-errors":false,"_links":{"self":[{"href":"https:\/\/www.uartes.edu.ec\/sitio\/wp-json\/wp\/v2\/posts\/4651","targetHints":{"allow":["GET"]}}],"collection":[{"href":"https:\/\/www.uartes.edu.ec\/sitio\/wp-json\/wp\/v2\/posts"}],"about":[{"href":"https:\/\/www.uartes.edu.ec\/sitio\/wp-json\/wp\/v2\/types\/post"}],"author":[{"embeddable":true,"href":"https:\/\/www.uartes.edu.ec\/sitio\/wp-json\/wp\/v2\/users\/1"}],"replies":[{"embeddable":true,"href":"https:\/\/www.uartes.edu.ec\/sitio\/wp-json\/wp\/v2\/comments?post=4651"}],"version-history":[{"count":2,"href":"https:\/\/www.uartes.edu.ec\/sitio\/wp-json\/wp\/v2\/posts\/4651\/revisions"}],"predecessor-version":[{"id":57732,"href":"https:\/\/www.uartes.edu.ec\/sitio\/wp-json\/wp\/v2\/posts\/4651\/revisions\/57732"}],"wp:featuredmedia":[{"embeddable":true,"href":"https:\/\/www.uartes.edu.ec\/sitio\/wp-json\/wp\/v2\/media\/4648"}],"wp:attachment":[{"href":"https:\/\/www.uartes.edu.ec\/sitio\/wp-json\/wp\/v2\/media?parent=4651"}],"wp:term":[{"taxonomy":"category","embeddable":true,"href":"https:\/\/www.uartes.edu.ec\/sitio\/wp-json\/wp\/v2\/categories?post=4651"},{"taxonomy":"post_tag","embeddable":true,"href":"https:\/\/www.uartes.edu.ec\/sitio\/wp-json\/wp\/v2\/tags?post=4651"},{"taxonomy":"infouartes","embeddable":true,"href":"https:\/\/www.uartes.edu.ec\/sitio\/wp-json\/wp\/v2\/infouartes?post=4651"}],"curies":[{"name":"wp","href":"https:\/\/api.w.org\/{rel}","templated":true}]}}