{"id":47487,"date":"2023-10-02T17:01:00","date_gmt":"2023-10-02T22:01:00","guid":{"rendered":"https:\/\/www.uartes.edu.ec\/sitio\/?p=47487"},"modified":"2024-07-04T11:20:39","modified_gmt":"2024-07-04T16:20:39","slug":"delegacion-de-la-uartes-en-el-xi-congreso-ecuatoriano-de-historia","status":"publish","type":"post","link":"https:\/\/www.uartes.edu.ec\/sitio\/blog\/2023\/10\/02\/delegacion-de-la-uartes-en-el-xi-congreso-ecuatoriano-de-historia\/","title":{"rendered":"Delegaci\u00f3n de la UArtes en el XI Congreso Ecuatoriano de Historia"},"content":{"rendered":"\n<p>Las docentes de la Universidad de las Artes Mar\u00eda Fajardo, de Nivelaci\u00f3n, y Natalia Tamayo y Yulianela P\u00e9rez, del Departamento Transversal de Teor\u00edas Cr\u00edticas y Pr\u00e1cticas Experimentales en Artes, participaron en el XI Congreso Ecuatoriano de Historia, desarrollado en la Universidad Andina Sim\u00f3n Bol\u00edvar de Quito del 20 al 23 de septiembre de 2023.<\/p>\n\n\n\n<p>En el Simposio Especializado \u201cLa prensa como productora de sentidos e imaginarios sociales\u201d, coordinado por Natalia Tamayo, se habl\u00f3 acerca de la prensa escrita como fuente de informaci\u00f3n y como objeto de estudio.\u00a0<\/p>\n\n\n\n<p>As\u00ed, el historiador Miguel Cantos, con su ponencia \u201cEl papel de la prensa de la izquierda comunista en la resistencia durante la dictadura militar de 1963 en Ecuador\u201d, rescat\u00f3 el papel y la importancia de la prensa antihegem\u00f3nica a trav\u00e9s de <em>El Semanario El Pueblo<\/em>, publicado por el Partido Comunista del Ecuador.<\/p>\n\n\n<div class=\"wp-block-image\">\n<figure class=\"aligncenter size-large\"><img fetchpriority=\"high\" decoding=\"async\" width=\"644\" height=\"429\" src=\"https:\/\/www.uartes.edu.ec\/sitio\/wp-content\/uploads\/2023\/10\/2-YULIANELA-644x429.jpg\" alt=\"\" class=\"wp-image-47489\" srcset=\"https:\/\/www.uartes.edu.ec\/sitio\/wp-content\/uploads\/2023\/10\/2-YULIANELA-644x429.jpg 644w, https:\/\/www.uartes.edu.ec\/sitio\/wp-content\/uploads\/2023\/10\/2-YULIANELA-300x200.jpg 300w, https:\/\/www.uartes.edu.ec\/sitio\/wp-content\/uploads\/2023\/10\/2-YULIANELA-768x512.jpg 768w, https:\/\/www.uartes.edu.ec\/sitio\/wp-content\/uploads\/2023\/10\/2-YULIANELA-1536x1024.jpg 1536w, https:\/\/www.uartes.edu.ec\/sitio\/wp-content\/uploads\/2023\/10\/2-YULIANELA-600x400.jpg 600w, https:\/\/www.uartes.edu.ec\/sitio\/wp-content\/uploads\/2023\/10\/2-YULIANELA-400x267.jpg 400w, https:\/\/www.uartes.edu.ec\/sitio\/wp-content\/uploads\/2023\/10\/2-YULIANELA-272x182.jpg 272w, https:\/\/www.uartes.edu.ec\/sitio\/wp-content\/uploads\/2023\/10\/2-YULIANELA.jpg 2000w\" sizes=\"(max-width: 644px) 100vw, 644px\" \/><\/figure>\n<\/div>\n\n<div class=\"wp-block-image\">\n<figure class=\"aligncenter size-large\"><img decoding=\"async\" width=\"644\" height=\"429\" src=\"https:\/\/www.uartes.edu.ec\/sitio\/wp-content\/uploads\/2023\/10\/6-YULIANELA-1-644x429.jpg\" alt=\"\" class=\"wp-image-47494\" srcset=\"https:\/\/www.uartes.edu.ec\/sitio\/wp-content\/uploads\/2023\/10\/6-YULIANELA-1-644x429.jpg 644w, https:\/\/www.uartes.edu.ec\/sitio\/wp-content\/uploads\/2023\/10\/6-YULIANELA-1-768x511.jpg 768w, https:\/\/www.uartes.edu.ec\/sitio\/wp-content\/uploads\/2023\/10\/6-YULIANELA-1.jpg 2000w, https:\/\/www.uartes.edu.ec\/sitio\/wp-content\/uploads\/2023\/10\/6-YULIANELA-1-600x399.jpg 600w, https:\/\/www.uartes.edu.ec\/sitio\/wp-content\/uploads\/2023\/10\/6-YULIANELA-1-272x182.jpg 272w\" sizes=\"(max-width: 644px) 100vw, 644px\" \/><\/figure>\n<\/div>\n\n\n<p>Tania Mu\u00f1oz, m\u00e1ster en Fotograf\u00eda y Sociedad en Am\u00e9rica Latina por la UArtes, rescat\u00f3 la representaci\u00f3n gr\u00e1fica de Guayaquil en su ponencia &#8220;La influencia de la prensa y los libros en la construcci\u00f3n de los imaginarios urbanos: El caso de Guayaquil en los libros fotogr\u00e1ficos del siglo XIX y XX&#8221;.<\/p>\n\n\n\n<p>En los enfoques m\u00e1s contempor\u00e1neos de la historia, Mar\u00eda Fajardo, docente de Nivelaci\u00f3n, abord\u00f3 la forma en que la prensa construy\u00f3 las representaciones ideol\u00f3gicas de los candidatos presidenciales de finales de siglo XX. Su ponencia se llam\u00f3: &#8220;Representaciones medi\u00e1ticas de presidentes y presidenciables durante el periodo de inestabilidad 1995-2005&#8221;<\/p>\n\n\n\n<p>Adriam Camacho Dom\u00ednguez, decano de la facultad de Comunicaci\u00f3n Social de la Universidad Laica, se enfoc\u00f3 en la forma en que la prensa caracteriz\u00f3 a los ind\u00edgenas a fines del siglo pasado. A trav\u00e9s de caricaturas present\u00f3 &#8220;La construcci\u00f3n visual de estereotipos ind\u00edgenas en la prensa: una mirada al levantamiento de 1990&#8221;.<\/p>\n\n\n\n<p>La directora del Departamento Transversal UArtes, Yulianela P\u00e9rez, present\u00f3 un an\u00e1lisis de la migraci\u00f3n ecuatoriana en dos tiempos diferentes. La primera, cuando ocurri\u00f3 la crisis financiera a finales del siglo XX; la actual, en la que se registra una considerable salida de ecuatorianos por rutas ilegales. Su ponencia se denomin\u00f3 &#8220;Las narrativas construidas sobre la migraci\u00f3n desde la prensa nacional&#8221;.<\/p>\n\n\n<div class=\"wp-block-image\">\n<figure class=\"aligncenter size-large\"><img decoding=\"async\" width=\"644\" height=\"429\" src=\"https:\/\/www.uartes.edu.ec\/sitio\/wp-content\/uploads\/2023\/10\/5-YULIANELA-644x429.jpg\" alt=\"\" class=\"wp-image-47492\" srcset=\"https:\/\/www.uartes.edu.ec\/sitio\/wp-content\/uploads\/2023\/10\/5-YULIANELA-644x429.jpg 644w, https:\/\/www.uartes.edu.ec\/sitio\/wp-content\/uploads\/2023\/10\/5-YULIANELA-300x200.jpg 300w, https:\/\/www.uartes.edu.ec\/sitio\/wp-content\/uploads\/2023\/10\/5-YULIANELA-768x512.jpg 768w, https:\/\/www.uartes.edu.ec\/sitio\/wp-content\/uploads\/2023\/10\/5-YULIANELA-1536x1024.jpg 1536w, https:\/\/www.uartes.edu.ec\/sitio\/wp-content\/uploads\/2023\/10\/5-YULIANELA-600x400.jpg 600w, https:\/\/www.uartes.edu.ec\/sitio\/wp-content\/uploads\/2023\/10\/5-YULIANELA-400x267.jpg 400w, https:\/\/www.uartes.edu.ec\/sitio\/wp-content\/uploads\/2023\/10\/5-YULIANELA-272x182.jpg 272w, https:\/\/www.uartes.edu.ec\/sitio\/wp-content\/uploads\/2023\/10\/5-YULIANELA.jpg 2000w\" sizes=\"(max-width: 644px) 100vw, 644px\" \/><\/figure>\n<\/div>\n\n<div class=\"wp-block-image\">\n<figure class=\"aligncenter size-large\"><img loading=\"lazy\" decoding=\"async\" width=\"644\" height=\"429\" src=\"https:\/\/www.uartes.edu.ec\/sitio\/wp-content\/uploads\/2023\/10\/4-YULIANELA-644x429.jpg\" alt=\"\" class=\"wp-image-47491\" srcset=\"https:\/\/www.uartes.edu.ec\/sitio\/wp-content\/uploads\/2023\/10\/4-YULIANELA-644x429.jpg 644w, https:\/\/www.uartes.edu.ec\/sitio\/wp-content\/uploads\/2023\/10\/4-YULIANELA-300x200.jpg 300w, https:\/\/www.uartes.edu.ec\/sitio\/wp-content\/uploads\/2023\/10\/4-YULIANELA-768x512.jpg 768w, https:\/\/www.uartes.edu.ec\/sitio\/wp-content\/uploads\/2023\/10\/4-YULIANELA-1536x1024.jpg 1536w, https:\/\/www.uartes.edu.ec\/sitio\/wp-content\/uploads\/2023\/10\/4-YULIANELA-600x400.jpg 600w, https:\/\/www.uartes.edu.ec\/sitio\/wp-content\/uploads\/2023\/10\/4-YULIANELA-400x267.jpg 400w, https:\/\/www.uartes.edu.ec\/sitio\/wp-content\/uploads\/2023\/10\/4-YULIANELA-272x182.jpg 272w, https:\/\/www.uartes.edu.ec\/sitio\/wp-content\/uploads\/2023\/10\/4-YULIANELA.jpg 2000w\" sizes=\"(max-width: 644px) 100vw, 644px\" \/><\/figure>\n<\/div>\n\n\n<p>En la prensa ecuatoriana no es mucho el espacio dedicado al an\u00e1lisis sobre la migraci\u00f3n internacional. Proceso de larga data que atraviesa a la sociedad y que no ha constituido un eje articulador fundamental de las pol\u00edticas p\u00fablicas, dijo y anot\u00f3: \u201cMomentos de crisis como las vividas entre 2000-2002 y 2021-2023 han sido los marcos para suscitar un mayor abordaje period\u00edstico sobre este tema. Se promueven determinadas narrativas textuales y visuales (con apoyo de caricaturas e im\u00e1genes) que sostienen una representaci\u00f3n social de la migraci\u00f3n como espont\u00e1nea, desordenada y emergente ante la coyuntura econ\u00f3mica y no como un proceso constante arraigado a las cadenas y redes construidos y perpetuados por movimientos precedentes y por las l\u00f3gicas de concentraci\u00f3n del capital mundial\u201d.&nbsp;<\/p>\n\n\n\n<p>Finalmente, Natalia Tamayo, docente de Transversal, present\u00f3 un an\u00e1lisis comparativo de la forma en que dos diarios nacionales informaron y a la vez participaron en las destituciones presidenciales que ocurrieron en Ecuador entre 1997 y 2005. Todos los temas presentados fueron parte de las nuevas lecturas de la historia ecuatoriana que incorporan miradas multidisciplinarias y que buscan comprender de una perspectiva mucho m\u00e1s amplia los acontecimientos recientes en el pa\u00eds. La UArtes est\u00e1 presente participa as\u00ed, en otros espacios acad\u00e9micos, como el XI Congreso Ecuatoriano de Historia.<\/p>\n\n\n\n<p>Texto y Fotos: Departamento Transversal.<\/p>\n","protected":false},"excerpt":{"rendered":"<p>Las docentes UArtes Mar\u00eda Fajardo, de Nivelaci\u00f3n, y Natalia Tamayo y Yulianela P\u00e9rez, del Departamento Transversal, participaron en el XI Congreso Ecuatoriano de Historia, desarrollado en la Universidad Andina Sim\u00f3n Bol\u00edvar de Quito del 20 al 23 de septiembre. En el Simposio Especializado \u201cLa prensa como productora de sentidos e imaginarios sociales\u201d, coordinado por Tamayo, se habl\u00f3 de la prensa escrita como fuente de informaci\u00f3n y objeto de estudio.<\/p>\n","protected":false},"author":10,"featured_media":47488,"comment_status":"open","ping_status":"open","sticky":false,"template":"","format":"standard","meta":{"_acf_changed":false,"_uag_custom_page_level_css":"","_monsterinsights_skip_tracking":false,"_monsterinsights_sitenote_active":false,"_monsterinsights_sitenote_note":"","_monsterinsights_sitenote_category":0,"cybocfi_hide_featured_image":"","footnotes":""},"categories":[80,490,75,77,284,174],"tags":[1055],"infouartes":[],"class_list":["post-47487","post","type-post","status-publish","format-standard","has-post-thumbnail","hentry","category-academico","category-alumni","category-docentes","category-gestion","category-investigacion","category-transversal","tag-participacion"],"acf":[],"yoast_head":"<!-- This site is optimized with the Yoast SEO plugin v27.4 - https:\/\/yoast.com\/product\/yoast-seo-wordpress\/ -->\n<title>Universidad de las Artes - Delegaci\u00f3n de la UArtes en el XI Congreso Ecuatoriano de Historia<\/title>\n<meta name=\"description\" content=\"Universidad de las Artes - Delegaci\u00f3n de la UArtes en el XI Congreso Ecuatoriano de Historia\" \/>\n<meta name=\"robots\" content=\"index, follow, max-snippet:-1, max-image-preview:large, max-video-preview:-1\" \/>\n<link rel=\"canonical\" href=\"https:\/\/www.uartes.edu.ec\/sitio\/blog\/2023\/10\/02\/delegacion-de-la-uartes-en-el-xi-congreso-ecuatoriano-de-historia\/\" \/>\n<meta property=\"og:locale\" content=\"es_ES\" \/>\n<meta property=\"og:type\" content=\"article\" \/>\n<meta property=\"og:title\" content=\"Universidad de las Artes - Delegaci\u00f3n de la UArtes en el XI Congreso Ecuatoriano de Historia\" \/>\n<meta property=\"og:description\" content=\"Universidad de las Artes - Delegaci\u00f3n de la UArtes en el XI Congreso Ecuatoriano de Historia\" \/>\n<meta property=\"og:url\" content=\"https:\/\/www.uartes.edu.ec\/sitio\/blog\/2023\/10\/02\/delegacion-de-la-uartes-en-el-xi-congreso-ecuatoriano-de-historia\/\" \/>\n<meta property=\"og:site_name\" content=\"Universidad de las Artes\" \/>\n<meta property=\"article:publisher\" content=\"https:\/\/www.facebook.com\/uartesec\" \/>\n<meta property=\"article:published_time\" content=\"2023-10-02T22:01:00+00:00\" \/>\n<meta property=\"article:modified_time\" content=\"2024-07-04T16:20:39+00:00\" \/>\n<meta property=\"og:image\" content=\"https:\/\/www.uartes.edu.ec\/sitio\/wp-content\/uploads\/2023\/10\/1-YULIANELA.jpg\" \/>\n\t<meta property=\"og:image:width\" content=\"2000\" \/>\n\t<meta property=\"og:image:height\" content=\"1333\" \/>\n\t<meta property=\"og:image:type\" content=\"image\/jpeg\" \/>\n<meta name=\"author\" content=\"ccortez\" \/>\n<meta name=\"twitter:card\" content=\"summary_large_image\" \/>\n<meta name=\"twitter:creator\" content=\"@uartesec\" \/>\n<meta name=\"twitter:site\" content=\"@uartesec\" \/>\n<meta name=\"twitter:label1\" content=\"Escrito por\" \/>\n\t<meta name=\"twitter:data1\" content=\"ccortez\" \/>\n\t<meta name=\"twitter:label2\" content=\"Tiempo de lectura\" \/>\n\t<meta name=\"twitter:data2\" content=\"4 minutos\" \/>\n<script type=\"application\/ld+json\" class=\"yoast-schema-graph\">{\"@context\":\"https:\\\/\\\/schema.org\",\"@graph\":[{\"@type\":\"Article\",\"@id\":\"https:\\\/\\\/www.uartes.edu.ec\\\/sitio\\\/blog\\\/2023\\\/10\\\/02\\\/delegacion-de-la-uartes-en-el-xi-congreso-ecuatoriano-de-historia\\\/#article\",\"isPartOf\":{\"@id\":\"https:\\\/\\\/www.uartes.edu.ec\\\/sitio\\\/blog\\\/2023\\\/10\\\/02\\\/delegacion-de-la-uartes-en-el-xi-congreso-ecuatoriano-de-historia\\\/\"},\"author\":{\"name\":\"ccortez\",\"@id\":\"https:\\\/\\\/www.uartes.edu.ec\\\/sitio\\\/#\\\/schema\\\/person\\\/efa1b8275797664fd7f13a79ccc0b1f4\"},\"headline\":\"Delegaci\u00f3n de la UArtes en el XI Congreso Ecuatoriano de Historia\",\"datePublished\":\"2023-10-02T22:01:00+00:00\",\"dateModified\":\"2024-07-04T16:20:39+00:00\",\"mainEntityOfPage\":{\"@id\":\"https:\\\/\\\/www.uartes.edu.ec\\\/sitio\\\/blog\\\/2023\\\/10\\\/02\\\/delegacion-de-la-uartes-en-el-xi-congreso-ecuatoriano-de-historia\\\/\"},\"wordCount\":620,\"commentCount\":0,\"publisher\":{\"@id\":\"https:\\\/\\\/www.uartes.edu.ec\\\/sitio\\\/#organization\"},\"image\":{\"@id\":\"https:\\\/\\\/www.uartes.edu.ec\\\/sitio\\\/blog\\\/2023\\\/10\\\/02\\\/delegacion-de-la-uartes-en-el-xi-congreso-ecuatoriano-de-historia\\\/#primaryimage\"},\"thumbnailUrl\":\"https:\\\/\\\/www.uartes.edu.ec\\\/sitio\\\/wp-content\\\/uploads\\\/2023\\\/10\\\/1-YULIANELA.jpg\",\"keywords\":[\"participaci\u00f3n\"],\"articleSection\":[\"Acad\u00e9mico\",\"Alumni\",\"Docentes\",\"Gesti\u00f3n\",\"Investigaci\u00f3n\",\"Transversal\"],\"inLanguage\":\"es\",\"potentialAction\":[{\"@type\":\"CommentAction\",\"name\":\"Comment\",\"target\":[\"https:\\\/\\\/www.uartes.edu.ec\\\/sitio\\\/blog\\\/2023\\\/10\\\/02\\\/delegacion-de-la-uartes-en-el-xi-congreso-ecuatoriano-de-historia\\\/#respond\"]}]},{\"@type\":[\"WebPage\",\"ItemPage\"],\"@id\":\"https:\\\/\\\/www.uartes.edu.ec\\\/sitio\\\/blog\\\/2023\\\/10\\\/02\\\/delegacion-de-la-uartes-en-el-xi-congreso-ecuatoriano-de-historia\\\/\",\"url\":\"https:\\\/\\\/www.uartes.edu.ec\\\/sitio\\\/blog\\\/2023\\\/10\\\/02\\\/delegacion-de-la-uartes-en-el-xi-congreso-ecuatoriano-de-historia\\\/\",\"name\":\"Universidad de las Artes - Delegaci\u00f3n de la UArtes en el XI Congreso Ecuatoriano de Historia\",\"isPartOf\":{\"@id\":\"https:\\\/\\\/www.uartes.edu.ec\\\/sitio\\\/#website\"},\"primaryImageOfPage\":{\"@id\":\"https:\\\/\\\/www.uartes.edu.ec\\\/sitio\\\/blog\\\/2023\\\/10\\\/02\\\/delegacion-de-la-uartes-en-el-xi-congreso-ecuatoriano-de-historia\\\/#primaryimage\"},\"image\":{\"@id\":\"https:\\\/\\\/www.uartes.edu.ec\\\/sitio\\\/blog\\\/2023\\\/10\\\/02\\\/delegacion-de-la-uartes-en-el-xi-congreso-ecuatoriano-de-historia\\\/#primaryimage\"},\"thumbnailUrl\":\"https:\\\/\\\/www.uartes.edu.ec\\\/sitio\\\/wp-content\\\/uploads\\\/2023\\\/10\\\/1-YULIANELA.jpg\",\"datePublished\":\"2023-10-02T22:01:00+00:00\",\"dateModified\":\"2024-07-04T16:20:39+00:00\",\"description\":\"Universidad de las Artes - Delegaci\u00f3n de la UArtes en el XI Congreso Ecuatoriano de Historia\",\"breadcrumb\":{\"@id\":\"https:\\\/\\\/www.uartes.edu.ec\\\/sitio\\\/blog\\\/2023\\\/10\\\/02\\\/delegacion-de-la-uartes-en-el-xi-congreso-ecuatoriano-de-historia\\\/#breadcrumb\"},\"inLanguage\":\"es\",\"potentialAction\":[{\"@type\":\"ReadAction\",\"target\":[\"https:\\\/\\\/www.uartes.edu.ec\\\/sitio\\\/blog\\\/2023\\\/10\\\/02\\\/delegacion-de-la-uartes-en-el-xi-congreso-ecuatoriano-de-historia\\\/\"]}]},{\"@type\":\"ImageObject\",\"inLanguage\":\"es\",\"@id\":\"https:\\\/\\\/www.uartes.edu.ec\\\/sitio\\\/blog\\\/2023\\\/10\\\/02\\\/delegacion-de-la-uartes-en-el-xi-congreso-ecuatoriano-de-historia\\\/#primaryimage\",\"url\":\"https:\\\/\\\/www.uartes.edu.ec\\\/sitio\\\/wp-content\\\/uploads\\\/2023\\\/10\\\/1-YULIANELA.jpg\",\"contentUrl\":\"https:\\\/\\\/www.uartes.edu.ec\\\/sitio\\\/wp-content\\\/uploads\\\/2023\\\/10\\\/1-YULIANELA.jpg\",\"width\":2000,\"height\":1333},{\"@type\":\"BreadcrumbList\",\"@id\":\"https:\\\/\\\/www.uartes.edu.ec\\\/sitio\\\/blog\\\/2023\\\/10\\\/02\\\/delegacion-de-la-uartes-en-el-xi-congreso-ecuatoriano-de-historia\\\/#breadcrumb\",\"itemListElement\":[{\"@type\":\"ListItem\",\"position\":1,\"name\":\"Inicio\",\"item\":\"https:\\\/\\\/www.uartes.edu.ec\\\/sitio\\\/\"},{\"@type\":\"ListItem\",\"position\":2,\"name\":\"Delegaci\u00f3n de la UArtes en el XI Congreso Ecuatoriano de Historia\"}]},{\"@type\":\"WebSite\",\"@id\":\"https:\\\/\\\/www.uartes.edu.ec\\\/sitio\\\/#website\",\"url\":\"https:\\\/\\\/www.uartes.edu.ec\\\/sitio\\\/\",\"name\":\"Universidad de las Artes\",\"description\":\"Sitio oficial de la Universidad Nacional de las Artes del Ecuador\",\"publisher\":{\"@id\":\"https:\\\/\\\/www.uartes.edu.ec\\\/sitio\\\/#organization\"},\"potentialAction\":[{\"@type\":\"SearchAction\",\"target\":{\"@type\":\"EntryPoint\",\"urlTemplate\":\"https:\\\/\\\/www.uartes.edu.ec\\\/sitio\\\/?s={search_term_string}\"},\"query-input\":{\"@type\":\"PropertyValueSpecification\",\"valueRequired\":true,\"valueName\":\"search_term_string\"}}],\"inLanguage\":\"es\"},{\"@type\":\"Organization\",\"@id\":\"https:\\\/\\\/www.uartes.edu.ec\\\/sitio\\\/#organization\",\"name\":\"Universidad de las Artes\",\"url\":\"https:\\\/\\\/www.uartes.edu.ec\\\/sitio\\\/\",\"logo\":{\"@type\":\"ImageObject\",\"inLanguage\":\"es\",\"@id\":\"https:\\\/\\\/www.uartes.edu.ec\\\/sitio\\\/#\\\/schema\\\/logo\\\/image\\\/\",\"url\":\"https:\\\/\\\/www.uartes.edu.ec\\\/sitio\\\/wp-content\\\/uploads\\\/2022\\\/07\\\/logo-ua-horizontal.png\",\"contentUrl\":\"https:\\\/\\\/www.uartes.edu.ec\\\/sitio\\\/wp-content\\\/uploads\\\/2022\\\/07\\\/logo-ua-horizontal.png\",\"width\":800,\"height\":276,\"caption\":\"Universidad de las Artes\"},\"image\":{\"@id\":\"https:\\\/\\\/www.uartes.edu.ec\\\/sitio\\\/#\\\/schema\\\/logo\\\/image\\\/\"},\"sameAs\":[\"https:\\\/\\\/www.facebook.com\\\/uartesec\",\"https:\\\/\\\/x.com\\\/uartesec\",\"https:\\\/\\\/www.tiktok.com\\\/@uartesec\"]},{\"@type\":\"Person\",\"@id\":\"https:\\\/\\\/www.uartes.edu.ec\\\/sitio\\\/#\\\/schema\\\/person\\\/efa1b8275797664fd7f13a79ccc0b1f4\",\"name\":\"ccortez\",\"image\":{\"@type\":\"ImageObject\",\"inLanguage\":\"es\",\"@id\":\"https:\\\/\\\/secure.gravatar.com\\\/avatar\\\/b2a6f664a3ae8e074346ef91775736c5ec479e637ecced6842de9dc98b5da9cd?s=96&d=mm&r=g\",\"url\":\"https:\\\/\\\/secure.gravatar.com\\\/avatar\\\/b2a6f664a3ae8e074346ef91775736c5ec479e637ecced6842de9dc98b5da9cd?s=96&d=mm&r=g\",\"contentUrl\":\"https:\\\/\\\/secure.gravatar.com\\\/avatar\\\/b2a6f664a3ae8e074346ef91775736c5ec479e637ecced6842de9dc98b5da9cd?s=96&d=mm&r=g\",\"caption\":\"ccortez\"},\"url\":\"https:\\\/\\\/www.uartes.edu.ec\\\/sitio\\\/blog\\\/author\\\/ccortez\\\/\"}]}<\/script>\n<!-- \/ Yoast SEO plugin. -->","yoast_head_json":{"title":"Universidad de las Artes - Delegaci\u00f3n de la UArtes en el XI Congreso Ecuatoriano de Historia","description":"Universidad de las Artes - Delegaci\u00f3n de la UArtes en el XI Congreso Ecuatoriano de Historia","robots":{"index":"index","follow":"follow","max-snippet":"max-snippet:-1","max-image-preview":"max-image-preview:large","max-video-preview":"max-video-preview:-1"},"canonical":"https:\/\/www.uartes.edu.ec\/sitio\/blog\/2023\/10\/02\/delegacion-de-la-uartes-en-el-xi-congreso-ecuatoriano-de-historia\/","og_locale":"es_ES","og_type":"article","og_title":"Universidad de las Artes - Delegaci\u00f3n de la UArtes en el XI Congreso Ecuatoriano de Historia","og_description":"Universidad de las Artes - Delegaci\u00f3n de la UArtes en el XI Congreso Ecuatoriano de Historia","og_url":"https:\/\/www.uartes.edu.ec\/sitio\/blog\/2023\/10\/02\/delegacion-de-la-uartes-en-el-xi-congreso-ecuatoriano-de-historia\/","og_site_name":"Universidad de las Artes","article_publisher":"https:\/\/www.facebook.com\/uartesec","article_published_time":"2023-10-02T22:01:00+00:00","article_modified_time":"2024-07-04T16:20:39+00:00","og_image":[{"width":2000,"height":1333,"url":"https:\/\/www.uartes.edu.ec\/sitio\/wp-content\/uploads\/2023\/10\/1-YULIANELA.jpg","type":"image\/jpeg"}],"author":"ccortez","twitter_card":"summary_large_image","twitter_creator":"@uartesec","twitter_site":"@uartesec","twitter_misc":{"Escrito por":"ccortez","Tiempo de lectura":"4 minutos"},"schema":{"@context":"https:\/\/schema.org","@graph":[{"@type":"Article","@id":"https:\/\/www.uartes.edu.ec\/sitio\/blog\/2023\/10\/02\/delegacion-de-la-uartes-en-el-xi-congreso-ecuatoriano-de-historia\/#article","isPartOf":{"@id":"https:\/\/www.uartes.edu.ec\/sitio\/blog\/2023\/10\/02\/delegacion-de-la-uartes-en-el-xi-congreso-ecuatoriano-de-historia\/"},"author":{"name":"ccortez","@id":"https:\/\/www.uartes.edu.ec\/sitio\/#\/schema\/person\/efa1b8275797664fd7f13a79ccc0b1f4"},"headline":"Delegaci\u00f3n de la UArtes en el XI Congreso Ecuatoriano de Historia","datePublished":"2023-10-02T22:01:00+00:00","dateModified":"2024-07-04T16:20:39+00:00","mainEntityOfPage":{"@id":"https:\/\/www.uartes.edu.ec\/sitio\/blog\/2023\/10\/02\/delegacion-de-la-uartes-en-el-xi-congreso-ecuatoriano-de-historia\/"},"wordCount":620,"commentCount":0,"publisher":{"@id":"https:\/\/www.uartes.edu.ec\/sitio\/#organization"},"image":{"@id":"https:\/\/www.uartes.edu.ec\/sitio\/blog\/2023\/10\/02\/delegacion-de-la-uartes-en-el-xi-congreso-ecuatoriano-de-historia\/#primaryimage"},"thumbnailUrl":"https:\/\/www.uartes.edu.ec\/sitio\/wp-content\/uploads\/2023\/10\/1-YULIANELA.jpg","keywords":["participaci\u00f3n"],"articleSection":["Acad\u00e9mico","Alumni","Docentes","Gesti\u00f3n","Investigaci\u00f3n","Transversal"],"inLanguage":"es","potentialAction":[{"@type":"CommentAction","name":"Comment","target":["https:\/\/www.uartes.edu.ec\/sitio\/blog\/2023\/10\/02\/delegacion-de-la-uartes-en-el-xi-congreso-ecuatoriano-de-historia\/#respond"]}]},{"@type":["WebPage","ItemPage"],"@id":"https:\/\/www.uartes.edu.ec\/sitio\/blog\/2023\/10\/02\/delegacion-de-la-uartes-en-el-xi-congreso-ecuatoriano-de-historia\/","url":"https:\/\/www.uartes.edu.ec\/sitio\/blog\/2023\/10\/02\/delegacion-de-la-uartes-en-el-xi-congreso-ecuatoriano-de-historia\/","name":"Universidad de las Artes - Delegaci\u00f3n de la UArtes en el XI Congreso Ecuatoriano de Historia","isPartOf":{"@id":"https:\/\/www.uartes.edu.ec\/sitio\/#website"},"primaryImageOfPage":{"@id":"https:\/\/www.uartes.edu.ec\/sitio\/blog\/2023\/10\/02\/delegacion-de-la-uartes-en-el-xi-congreso-ecuatoriano-de-historia\/#primaryimage"},"image":{"@id":"https:\/\/www.uartes.edu.ec\/sitio\/blog\/2023\/10\/02\/delegacion-de-la-uartes-en-el-xi-congreso-ecuatoriano-de-historia\/#primaryimage"},"thumbnailUrl":"https:\/\/www.uartes.edu.ec\/sitio\/wp-content\/uploads\/2023\/10\/1-YULIANELA.jpg","datePublished":"2023-10-02T22:01:00+00:00","dateModified":"2024-07-04T16:20:39+00:00","description":"Universidad de las Artes - Delegaci\u00f3n de la UArtes en el XI Congreso Ecuatoriano de Historia","breadcrumb":{"@id":"https:\/\/www.uartes.edu.ec\/sitio\/blog\/2023\/10\/02\/delegacion-de-la-uartes-en-el-xi-congreso-ecuatoriano-de-historia\/#breadcrumb"},"inLanguage":"es","potentialAction":[{"@type":"ReadAction","target":["https:\/\/www.uartes.edu.ec\/sitio\/blog\/2023\/10\/02\/delegacion-de-la-uartes-en-el-xi-congreso-ecuatoriano-de-historia\/"]}]},{"@type":"ImageObject","inLanguage":"es","@id":"https:\/\/www.uartes.edu.ec\/sitio\/blog\/2023\/10\/02\/delegacion-de-la-uartes-en-el-xi-congreso-ecuatoriano-de-historia\/#primaryimage","url":"https:\/\/www.uartes.edu.ec\/sitio\/wp-content\/uploads\/2023\/10\/1-YULIANELA.jpg","contentUrl":"https:\/\/www.uartes.edu.ec\/sitio\/wp-content\/uploads\/2023\/10\/1-YULIANELA.jpg","width":2000,"height":1333},{"@type":"BreadcrumbList","@id":"https:\/\/www.uartes.edu.ec\/sitio\/blog\/2023\/10\/02\/delegacion-de-la-uartes-en-el-xi-congreso-ecuatoriano-de-historia\/#breadcrumb","itemListElement":[{"@type":"ListItem","position":1,"name":"Inicio","item":"https:\/\/www.uartes.edu.ec\/sitio\/"},{"@type":"ListItem","position":2,"name":"Delegaci\u00f3n de la UArtes en el XI Congreso Ecuatoriano de Historia"}]},{"@type":"WebSite","@id":"https:\/\/www.uartes.edu.ec\/sitio\/#website","url":"https:\/\/www.uartes.edu.ec\/sitio\/","name":"Universidad de las Artes","description":"Sitio oficial de la Universidad Nacional de las Artes del Ecuador","publisher":{"@id":"https:\/\/www.uartes.edu.ec\/sitio\/#organization"},"potentialAction":[{"@type":"SearchAction","target":{"@type":"EntryPoint","urlTemplate":"https:\/\/www.uartes.edu.ec\/sitio\/?s={search_term_string}"},"query-input":{"@type":"PropertyValueSpecification","valueRequired":true,"valueName":"search_term_string"}}],"inLanguage":"es"},{"@type":"Organization","@id":"https:\/\/www.uartes.edu.ec\/sitio\/#organization","name":"Universidad de las Artes","url":"https:\/\/www.uartes.edu.ec\/sitio\/","logo":{"@type":"ImageObject","inLanguage":"es","@id":"https:\/\/www.uartes.edu.ec\/sitio\/#\/schema\/logo\/image\/","url":"https:\/\/www.uartes.edu.ec\/sitio\/wp-content\/uploads\/2022\/07\/logo-ua-horizontal.png","contentUrl":"https:\/\/www.uartes.edu.ec\/sitio\/wp-content\/uploads\/2022\/07\/logo-ua-horizontal.png","width":800,"height":276,"caption":"Universidad de las Artes"},"image":{"@id":"https:\/\/www.uartes.edu.ec\/sitio\/#\/schema\/logo\/image\/"},"sameAs":["https:\/\/www.facebook.com\/uartesec","https:\/\/x.com\/uartesec","https:\/\/www.tiktok.com\/@uartesec"]},{"@type":"Person","@id":"https:\/\/www.uartes.edu.ec\/sitio\/#\/schema\/person\/efa1b8275797664fd7f13a79ccc0b1f4","name":"ccortez","image":{"@type":"ImageObject","inLanguage":"es","@id":"https:\/\/secure.gravatar.com\/avatar\/b2a6f664a3ae8e074346ef91775736c5ec479e637ecced6842de9dc98b5da9cd?s=96&d=mm&r=g","url":"https:\/\/secure.gravatar.com\/avatar\/b2a6f664a3ae8e074346ef91775736c5ec479e637ecced6842de9dc98b5da9cd?s=96&d=mm&r=g","contentUrl":"https:\/\/secure.gravatar.com\/avatar\/b2a6f664a3ae8e074346ef91775736c5ec479e637ecced6842de9dc98b5da9cd?s=96&d=mm&r=g","caption":"ccortez"},"url":"https:\/\/www.uartes.edu.ec\/sitio\/blog\/author\/ccortez\/"}]}},"uagb_featured_image_src":{"full":["https:\/\/www.uartes.edu.ec\/sitio\/wp-content\/uploads\/2023\/10\/1-YULIANELA.jpg",2000,1333,false],"thumbnail":["https:\/\/www.uartes.edu.ec\/sitio\/wp-content\/uploads\/2023\/10\/1-YULIANELA-150x150.jpg",150,150,true],"medium":["https:\/\/www.uartes.edu.ec\/sitio\/wp-content\/uploads\/2023\/10\/1-YULIANELA-300x200.jpg",300,200,true],"medium_large":["https:\/\/www.uartes.edu.ec\/sitio\/wp-content\/uploads\/2023\/10\/1-YULIANELA-768x512.jpg",768,512,true],"large":["https:\/\/www.uartes.edu.ec\/sitio\/wp-content\/uploads\/2023\/10\/1-YULIANELA-644x429.jpg",644,429,true],"1536x1536":["https:\/\/www.uartes.edu.ec\/sitio\/wp-content\/uploads\/2023\/10\/1-YULIANELA-1536x1024.jpg",1536,1024,true],"2048x2048":["https:\/\/www.uartes.edu.ec\/sitio\/wp-content\/uploads\/2023\/10\/1-YULIANELA.jpg",2000,1333,false],"trp-custom-language-flag":["https:\/\/www.uartes.edu.ec\/sitio\/wp-content\/uploads\/2023\/10\/1-YULIANELA.jpg",18,12,false],"htmega_size_585x295":["https:\/\/www.uartes.edu.ec\/sitio\/wp-content\/uploads\/2023\/10\/1-YULIANELA-585x295.jpg",585,295,true],"htmega_size_1170x536":["https:\/\/www.uartes.edu.ec\/sitio\/wp-content\/uploads\/2023\/10\/1-YULIANELA-1170x536.jpg",1170,536,true],"htmega_size_396x360":["https:\/\/www.uartes.edu.ec\/sitio\/wp-content\/uploads\/2023\/10\/1-YULIANELA-396x360.jpg",396,360,true],"gb-block-post-grid-landscape":["https:\/\/www.uartes.edu.ec\/sitio\/wp-content\/uploads\/2023\/10\/1-YULIANELA-600x400.jpg",600,400,true],"gb-block-post-grid-square":["https:\/\/www.uartes.edu.ec\/sitio\/wp-content\/uploads\/2023\/10\/1-YULIANELA-600x600.jpg",600,600,true],"university-hub-thumb":["https:\/\/www.uartes.edu.ec\/sitio\/wp-content\/uploads\/2023\/10\/1-YULIANELA-400x267.jpg",400,267,true]},"uagb_author_info":{"display_name":"ccortez","author_link":"https:\/\/www.uartes.edu.ec\/sitio\/blog\/author\/ccortez\/"},"uagb_comment_info":0,"uagb_excerpt":"Las docentes UArtes Mar\u00eda Fajardo, de Nivelaci\u00f3n, y Natalia Tamayo y Yulianela P\u00e9rez, del Departamento Transversal, participaron en el XI Congreso Ecuatoriano de Historia, desarrollado en la Universidad Andina Sim\u00f3n Bol\u00edvar de Quito del 20 al 23 de septiembre. En el Simposio Especializado \u201cLa prensa como productora de sentidos e imaginarios sociales\u201d, coordinado por Tamayo,&hellip;","featured_image_src":"https:\/\/www.uartes.edu.ec\/sitio\/wp-content\/uploads\/2023\/10\/1-YULIANELA-600x400.jpg","featured_image_src_square":"https:\/\/www.uartes.edu.ec\/sitio\/wp-content\/uploads\/2023\/10\/1-YULIANELA-600x600.jpg","author_info":{"display_name":"ccortez","author_link":"https:\/\/www.uartes.edu.ec\/sitio\/blog\/author\/ccortez\/"},"publishpress_future_workflow_manual_trigger":{"enabledWorkflows":[]},"distributor_meta":false,"distributor_terms":false,"distributor_media":false,"distributor_original_site_name":"Universidad de las Artes","distributor_original_site_url":"https:\/\/www.uartes.edu.ec\/sitio","push-errors":false,"_links":{"self":[{"href":"https:\/\/www.uartes.edu.ec\/sitio\/wp-json\/wp\/v2\/posts\/47487","targetHints":{"allow":["GET"]}}],"collection":[{"href":"https:\/\/www.uartes.edu.ec\/sitio\/wp-json\/wp\/v2\/posts"}],"about":[{"href":"https:\/\/www.uartes.edu.ec\/sitio\/wp-json\/wp\/v2\/types\/post"}],"author":[{"embeddable":true,"href":"https:\/\/www.uartes.edu.ec\/sitio\/wp-json\/wp\/v2\/users\/10"}],"replies":[{"embeddable":true,"href":"https:\/\/www.uartes.edu.ec\/sitio\/wp-json\/wp\/v2\/comments?post=47487"}],"version-history":[{"count":3,"href":"https:\/\/www.uartes.edu.ec\/sitio\/wp-json\/wp\/v2\/posts\/47487\/revisions"}],"predecessor-version":[{"id":47497,"href":"https:\/\/www.uartes.edu.ec\/sitio\/wp-json\/wp\/v2\/posts\/47487\/revisions\/47497"}],"wp:featuredmedia":[{"embeddable":true,"href":"https:\/\/www.uartes.edu.ec\/sitio\/wp-json\/wp\/v2\/media\/47488"}],"wp:attachment":[{"href":"https:\/\/www.uartes.edu.ec\/sitio\/wp-json\/wp\/v2\/media?parent=47487"}],"wp:term":[{"taxonomy":"category","embeddable":true,"href":"https:\/\/www.uartes.edu.ec\/sitio\/wp-json\/wp\/v2\/categories?post=47487"},{"taxonomy":"post_tag","embeddable":true,"href":"https:\/\/www.uartes.edu.ec\/sitio\/wp-json\/wp\/v2\/tags?post=47487"},{"taxonomy":"infouartes","embeddable":true,"href":"https:\/\/www.uartes.edu.ec\/sitio\/wp-json\/wp\/v2\/infouartes?post=47487"}],"curies":[{"name":"wp","href":"https:\/\/api.w.org\/{rel}","templated":true}]}}