{"id":48097,"date":"2023-11-08T11:27:11","date_gmt":"2023-11-08T16:27:11","guid":{"rendered":"https:\/\/www.uartes.edu.ec\/sitio\/?p=48097"},"modified":"2024-07-04T11:20:32","modified_gmt":"2024-07-04T16:20:32","slug":"casas-comunitarias-de-las-artes-proyecto-uartes-ganador-de-concurso-de-practicas-ejemplares-ecuador","status":"publish","type":"post","link":"https:\/\/www.uartes.edu.ec\/sitio\/blog\/2023\/11\/08\/casas-comunitarias-de-las-artes-proyecto-uartes-ganador-de-concurso-de-practicas-ejemplares-ecuador\/","title":{"rendered":"Casas Comunitarias de las Artes, proyecto UArtes ganador de Concurso de Pr\u00e1cticas Ejemplares Ecuador"},"content":{"rendered":"\n<p>El&nbsp;proyecto Casas Comunitarias de las Artes, que dirige el doctor Byron Cevallos, docente y coordinador de la carrera de Pedagog\u00eda de las Artes y Humanidades, gan\u00f3 el&nbsp;Concurso de Pr\u00e1cticas Ejemplares Ecuador, en la categor\u00eda Uso y Recuperaci\u00f3n de Espacios P\u00fablicos.<\/p>\n\n\n\n<p>En ese apartado concursaron tambi\u00e9n con sus proyectos la Casa de la Cultura Ecuatoriana Benjam\u00edn Carri\u00f3n, los GAD municipales de los cantones de Santa Rosa y Chone y los GAD provinciales de Cotopaxi y Azuay, el Instituto Superior Tecnol\u00f3gico Babahoyo, Senescyt\/Instituto Superior Tecnol\u00f3gico Vicente Fierro, el gobierno parroquial de La Merced y la Empresa P\u00fablica de Tr\u00e1nsito y Movilidad de Guayaquil.<\/p>\n\n\n\n<p>La premiaci\u00f3n se realiza hoy, 8 de noviembre de 2023, a las 17:30, en el Hotel Hilton Col\u00f3n de Quito. En el acto intervendr\u00e1n Camilo Pinz\u00f3n y Daniela Ugazzi, presidente y directora ejecutiva de la Corporaci\u00f3n L\u00edderes para Gobernar; y Lena Savelli, coordinadora residente de Naciones Unidas Ecuador. Concluido el acto, los invitados contar\u00e1n con un espacio de networking.<\/p>\n\n\n\n<h3 class=\"wp-block-heading\">El proyecto contin\u00faa<\/h3>\n\n\n\n<p>Acerca del proyecto ganador, el docente UArtes revela haber postulado anteriormente y llegado hasta la segunda etapa. \u201cEste a\u00f1o participamos con el mismo proyecto porque contin\u00faa. Este semestre seguimos trabajando con la comunidad y en ese ejercicio de ir potenciando nuestro accionar estamos aplicando a premios y a convocatorias de fondos, entonces nos anim\u00f3 eso: seguir fortaleciendo nuestro proyecto\u201d.<\/p>\n\n\n\n<p>Confiesa haberle hecho seguimiento al concurso Pr\u00e1cticas Ejemplares, un reconocimiento a las instituciones p\u00fablicas que trabajan en distintas \u00edndoles. Cevallos anota que se decidieron por la categor\u00eda Uso y Recuperaci\u00f3n de Espacios P\u00fablicos \u201cporque nuestro proyecto se centra en que las comunidades los ocupen, revitalicen, habiten&#8230;\u201d. En ese sentido, \u201cCasas Comunitarias de las Artes\u201d recuper\u00f3 el espacio comunal en Puerto Engabao, dot\u00e1ndolo de murales y pinturas y realizando talleres permanentes para ni\u00f1os y j\u00f3venes.<\/p>\n\n\n\n<p>En el proyecto participan docentes de la rama de Pedagog\u00eda, como Dar\u00edo Jim\u00e9nez y Johnny Guerra. Cevallos anota que tambi\u00e9n han recibido respaldo de la carrera de Creaci\u00f3n Teatral, con el docente Marcelo Leyton, y vinculado con Carol Arosemena, Camila Corral y Juan Carlos Gonz\u00e1lez, con la finalidad de ampliar esta propuesta con la comuna de Ol\u00f3n. \u201cEstamos trabajando con los estudiantes del paralelo 2 del s\u00e9ptimo semestre de Pedagog\u00eda\u201d, anota.<\/p>\n\n\n\n<h3 class=\"wp-block-heading\">Desde 2021 en Engabao<\/h3>\n\n\n\n<p>Al mencionar periodos, Cevallos comenta que con \u201cCasas Comunitarias de las Artes\u201d se viene trabajando en la comuna Engabao desde el Semestre 2021-A. All\u00ed se han desarrollado varios procesos y talleres. La metodolog\u00eda aplicada, agrega, tiene cuatro pasos: planteamiento de un diagn\u00f3stico, contextualizaci\u00f3n, acercamiento con la comunidad y planteamiento de la problematizaci\u00f3n que sirve de an\u00e1lisis con la realidad. \u201cPara eso hemos logrado un informe de diagn\u00f3stico (que sirve como base de documentos), trabajado con los estudiantes. A partir del diagn\u00f3stico y del an\u00e1lisis desarrollamos un proyecto que, en un plan m\u00e1s grande, buscamos implementar en planes educativos con las artes para la comuna\u201d.<\/p>\n\n\n\n<p>Cevallos menciona varios ejes: socio-cultural, ambiental, econ\u00f3mico, cultural, salud, pues tiene que ser integral. Buscamos, argumenta, que la comunidad se plantee su realidad y busque soluciones a trav\u00e9s de las artes. Como resultado del proyecto, que lleva ya dos a\u00f1os y medio, se ha creado un lazo afectivo entre la comunidad y la universidad muy importante. \u201cPrimero por reconocer que esta es una comuna ancestral que pertenece a una confraternidad de pueblos y nacionalidades del Ecuador. Se la reconoce como una comunidad ind\u00edgena de la Costa, descendiente del cacique T\u00fambala y de la cultura Huancavilca\u201d.<\/p>\n\n\n\n<p>El docente UArtes destaca tambi\u00e9n el reconocimiento que se debe dar a estas comunidades como Patrimonio Cultural del pa\u00eds. \u201cNuestra misi\u00f3n como Universidad de las Artes es acompa\u00f1ar a la comuna en su proceso de fortalecimiento de su memoria e identidad, en eso estamos trabajando con nuestros talleres para ni\u00f1os y j\u00f3venes, a cargo de nuestros estudiantes\u201d.<\/p>\n\n\n\n<p>Cevallos aspira a que la metodolog\u00eda implementada en el proyecto pueda ser aplicada en cada parroquia del pa\u00eds \u201cpara que cada una pueda tener una casa comunitaria de las artes, donde los gobiernos locales, municipios y prefecturas inviertan en infraestructuras, equipamiento, personal, educadores y artistas, a fin de generar en espacios de educaci\u00f3n no formal alternativas para ni\u00f1as y ni\u00f1os, que sean de libre acceso y semilleros en la UArtes, que tambi\u00e9n ser\u00eda nuestro prop\u00f3sito a largo plazo\u201d.<\/p>\n\n\n\n<h3 class=\"wp-block-heading\">El concurso y sus organizadores<\/h3>\n\n\n\n<p>El Concurso de Pr\u00e1cticas Ejemplares Ecuador es anual y lo organiza la Corporaci\u00f3n L\u00edderes para Gobernar (CLPG). Busca, seg\u00fan sus organizadores, que las Instituciones P\u00fablicas y sus funcionarios sean reconocidos p\u00fablicamente por su liderazgo, gesti\u00f3n y perseverancia en llevar a cabo pr\u00e1cticas eficientes, eficaces e innovadoras que sean de beneficio para la ciudadan\u00eda.<\/p>\n\n\n\n<p>Adem\u00e1s de la categor\u00eda Uso y Recuperaci\u00f3n de Espacios P\u00fablicos, la CLPG tambi\u00e9n premia el Desarrollo Productivo, empleo y emprendimiento; Econom\u00eda Circular y Territorios Sostenibles; Gesti\u00f3n Comunitaria de Agua, Saneamiento e Higiene en las zonas rurales del Ecuador; Lucha contra el comercio il\u00edcito; Uso y Recuperaci\u00f3n de Espacios P\u00fablicos; Prevenci\u00f3n y reducci\u00f3n de la DCI; y Seguridad Ciudadana.<\/p>\n","protected":false},"excerpt":{"rendered":"<p>El proyecto Casas Comunitarias de las Artes, que dirige Byron Cevallos, docente y coordinador de la carrera de Pedagog\u00eda de las Artes y Humanidades, gan\u00f3 el Concurso de Pr\u00e1cticas Ejemplares Ecuador, en la categor\u00eda Uso y Recuperaci\u00f3n de Espacios P\u00fablicos. La propuesta UArtes se viene desarrollando en la comuna Engabao desde 2021, all\u00ed se han desarrollado varios procesos y talleres.<\/p>\n","protected":false},"author":10,"featured_media":48098,"comment_status":"open","ping_status":"open","sticky":false,"template":"","format":"standard","meta":{"_acf_changed":false,"_uag_custom_page_level_css":"","_monsterinsights_skip_tracking":false,"_monsterinsights_sitenote_active":false,"_monsterinsights_sitenote_note":"","_monsterinsights_sitenote_category":0,"cybocfi_hide_featured_image":"","footnotes":""},"categories":[82,75,76,77,175,79],"tags":[709],"infouartes":[],"class_list":["post-48097","post","type-post","status-publish","format-standard","has-post-thumbnail","hentry","category-artes","category-docentes","category-estudiantes","category-gestion","category-literatura","category-vinculo","tag-reconocimiento"],"acf":[],"yoast_head":"<!-- This site is optimized with the Yoast SEO plugin v27.4 - https:\/\/yoast.com\/product\/yoast-seo-wordpress\/ -->\n<title>Universidad de las Artes - Casas Comunitarias de las Artes, proyecto UArtes ganador de Concurso de Pr\u00e1cticas Ejemplares Ecuador<\/title>\n<meta name=\"description\" content=\"Universidad de las Artes - Casas Comunitarias de las Artes, proyecto UArtes ganador de Concurso de Pr\u00e1cticas Ejemplares Ecuador\" \/>\n<meta name=\"robots\" content=\"index, follow, max-snippet:-1, max-image-preview:large, max-video-preview:-1\" \/>\n<link rel=\"canonical\" href=\"https:\/\/www.uartes.edu.ec\/sitio\/blog\/2023\/11\/08\/casas-comunitarias-de-las-artes-proyecto-uartes-ganador-de-concurso-de-practicas-ejemplares-ecuador\/\" \/>\n<meta property=\"og:locale\" content=\"es_ES\" \/>\n<meta property=\"og:type\" content=\"article\" \/>\n<meta property=\"og:title\" content=\"Universidad de las Artes - Casas Comunitarias de las Artes, proyecto UArtes ganador de Concurso de Pr\u00e1cticas Ejemplares Ecuador\" \/>\n<meta property=\"og:description\" content=\"Universidad de las Artes - Casas Comunitarias de las Artes, proyecto UArtes ganador de Concurso de Pr\u00e1cticas Ejemplares Ecuador\" \/>\n<meta property=\"og:url\" content=\"https:\/\/www.uartes.edu.ec\/sitio\/blog\/2023\/11\/08\/casas-comunitarias-de-las-artes-proyecto-uartes-ganador-de-concurso-de-practicas-ejemplares-ecuador\/\" \/>\n<meta property=\"og:site_name\" content=\"Universidad de las Artes\" \/>\n<meta property=\"article:publisher\" content=\"https:\/\/www.facebook.com\/uartesec\" \/>\n<meta property=\"article:published_time\" content=\"2023-11-08T16:27:11+00:00\" \/>\n<meta property=\"article:modified_time\" content=\"2024-07-04T16:20:32+00:00\" \/>\n<meta property=\"og:image\" content=\"https:\/\/www.uartes.edu.ec\/sitio\/wp-content\/uploads\/2023\/11\/BYRON-CEVALLOS.jpg\" \/>\n\t<meta property=\"og:image:width\" content=\"2000\" \/>\n\t<meta property=\"og:image:height\" content=\"1333\" \/>\n\t<meta property=\"og:image:type\" content=\"image\/jpeg\" \/>\n<meta name=\"author\" content=\"ccortez\" \/>\n<meta name=\"twitter:card\" content=\"summary_large_image\" \/>\n<meta name=\"twitter:creator\" content=\"@uartesec\" \/>\n<meta name=\"twitter:site\" content=\"@uartesec\" \/>\n<meta name=\"twitter:label1\" content=\"Escrito por\" \/>\n\t<meta name=\"twitter:data1\" content=\"ccortez\" \/>\n\t<meta name=\"twitter:label2\" content=\"Tiempo de lectura\" \/>\n\t<meta name=\"twitter:data2\" content=\"4 minutos\" \/>\n<script type=\"application\/ld+json\" class=\"yoast-schema-graph\">{\"@context\":\"https:\\\/\\\/schema.org\",\"@graph\":[{\"@type\":\"Article\",\"@id\":\"https:\\\/\\\/www.uartes.edu.ec\\\/sitio\\\/blog\\\/2023\\\/11\\\/08\\\/casas-comunitarias-de-las-artes-proyecto-uartes-ganador-de-concurso-de-practicas-ejemplares-ecuador\\\/#article\",\"isPartOf\":{\"@id\":\"https:\\\/\\\/www.uartes.edu.ec\\\/sitio\\\/blog\\\/2023\\\/11\\\/08\\\/casas-comunitarias-de-las-artes-proyecto-uartes-ganador-de-concurso-de-practicas-ejemplares-ecuador\\\/\"},\"author\":{\"name\":\"ccortez\",\"@id\":\"https:\\\/\\\/www.uartes.edu.ec\\\/sitio\\\/#\\\/schema\\\/person\\\/efa1b8275797664fd7f13a79ccc0b1f4\"},\"headline\":\"Casas Comunitarias de las Artes, proyecto UArtes ganador de Concurso de Pr\u00e1cticas Ejemplares Ecuador\",\"datePublished\":\"2023-11-08T16:27:11+00:00\",\"dateModified\":\"2024-07-04T16:20:32+00:00\",\"mainEntityOfPage\":{\"@id\":\"https:\\\/\\\/www.uartes.edu.ec\\\/sitio\\\/blog\\\/2023\\\/11\\\/08\\\/casas-comunitarias-de-las-artes-proyecto-uartes-ganador-de-concurso-de-practicas-ejemplares-ecuador\\\/\"},\"wordCount\":924,\"commentCount\":0,\"publisher\":{\"@id\":\"https:\\\/\\\/www.uartes.edu.ec\\\/sitio\\\/#organization\"},\"image\":{\"@id\":\"https:\\\/\\\/www.uartes.edu.ec\\\/sitio\\\/blog\\\/2023\\\/11\\\/08\\\/casas-comunitarias-de-las-artes-proyecto-uartes-ganador-de-concurso-de-practicas-ejemplares-ecuador\\\/#primaryimage\"},\"thumbnailUrl\":\"https:\\\/\\\/www.uartes.edu.ec\\\/sitio\\\/wp-content\\\/uploads\\\/2023\\\/11\\\/BYRON-CEVALLOS.jpg\",\"keywords\":[\"reconocimiento\"],\"articleSection\":[\"Artes\",\"Docentes\",\"Estudiantes\",\"Gesti\u00f3n\",\"Literatura\",\"V\u00ednculo\"],\"inLanguage\":\"es\",\"potentialAction\":[{\"@type\":\"CommentAction\",\"name\":\"Comment\",\"target\":[\"https:\\\/\\\/www.uartes.edu.ec\\\/sitio\\\/blog\\\/2023\\\/11\\\/08\\\/casas-comunitarias-de-las-artes-proyecto-uartes-ganador-de-concurso-de-practicas-ejemplares-ecuador\\\/#respond\"]}]},{\"@type\":[\"WebPage\",\"ItemPage\"],\"@id\":\"https:\\\/\\\/www.uartes.edu.ec\\\/sitio\\\/blog\\\/2023\\\/11\\\/08\\\/casas-comunitarias-de-las-artes-proyecto-uartes-ganador-de-concurso-de-practicas-ejemplares-ecuador\\\/\",\"url\":\"https:\\\/\\\/www.uartes.edu.ec\\\/sitio\\\/blog\\\/2023\\\/11\\\/08\\\/casas-comunitarias-de-las-artes-proyecto-uartes-ganador-de-concurso-de-practicas-ejemplares-ecuador\\\/\",\"name\":\"Universidad de las Artes - Casas Comunitarias de las Artes, proyecto UArtes ganador de Concurso de Pr\u00e1cticas Ejemplares Ecuador\",\"isPartOf\":{\"@id\":\"https:\\\/\\\/www.uartes.edu.ec\\\/sitio\\\/#website\"},\"primaryImageOfPage\":{\"@id\":\"https:\\\/\\\/www.uartes.edu.ec\\\/sitio\\\/blog\\\/2023\\\/11\\\/08\\\/casas-comunitarias-de-las-artes-proyecto-uartes-ganador-de-concurso-de-practicas-ejemplares-ecuador\\\/#primaryimage\"},\"image\":{\"@id\":\"https:\\\/\\\/www.uartes.edu.ec\\\/sitio\\\/blog\\\/2023\\\/11\\\/08\\\/casas-comunitarias-de-las-artes-proyecto-uartes-ganador-de-concurso-de-practicas-ejemplares-ecuador\\\/#primaryimage\"},\"thumbnailUrl\":\"https:\\\/\\\/www.uartes.edu.ec\\\/sitio\\\/wp-content\\\/uploads\\\/2023\\\/11\\\/BYRON-CEVALLOS.jpg\",\"datePublished\":\"2023-11-08T16:27:11+00:00\",\"dateModified\":\"2024-07-04T16:20:32+00:00\",\"description\":\"Universidad de las Artes - Casas Comunitarias de las Artes, proyecto UArtes ganador de Concurso de Pr\u00e1cticas Ejemplares Ecuador\",\"breadcrumb\":{\"@id\":\"https:\\\/\\\/www.uartes.edu.ec\\\/sitio\\\/blog\\\/2023\\\/11\\\/08\\\/casas-comunitarias-de-las-artes-proyecto-uartes-ganador-de-concurso-de-practicas-ejemplares-ecuador\\\/#breadcrumb\"},\"inLanguage\":\"es\",\"potentialAction\":[{\"@type\":\"ReadAction\",\"target\":[\"https:\\\/\\\/www.uartes.edu.ec\\\/sitio\\\/blog\\\/2023\\\/11\\\/08\\\/casas-comunitarias-de-las-artes-proyecto-uartes-ganador-de-concurso-de-practicas-ejemplares-ecuador\\\/\"]}]},{\"@type\":\"ImageObject\",\"inLanguage\":\"es\",\"@id\":\"https:\\\/\\\/www.uartes.edu.ec\\\/sitio\\\/blog\\\/2023\\\/11\\\/08\\\/casas-comunitarias-de-las-artes-proyecto-uartes-ganador-de-concurso-de-practicas-ejemplares-ecuador\\\/#primaryimage\",\"url\":\"https:\\\/\\\/www.uartes.edu.ec\\\/sitio\\\/wp-content\\\/uploads\\\/2023\\\/11\\\/BYRON-CEVALLOS.jpg\",\"contentUrl\":\"https:\\\/\\\/www.uartes.edu.ec\\\/sitio\\\/wp-content\\\/uploads\\\/2023\\\/11\\\/BYRON-CEVALLOS.jpg\",\"width\":2000,\"height\":1333},{\"@type\":\"BreadcrumbList\",\"@id\":\"https:\\\/\\\/www.uartes.edu.ec\\\/sitio\\\/blog\\\/2023\\\/11\\\/08\\\/casas-comunitarias-de-las-artes-proyecto-uartes-ganador-de-concurso-de-practicas-ejemplares-ecuador\\\/#breadcrumb\",\"itemListElement\":[{\"@type\":\"ListItem\",\"position\":1,\"name\":\"Inicio\",\"item\":\"https:\\\/\\\/www.uartes.edu.ec\\\/sitio\\\/\"},{\"@type\":\"ListItem\",\"position\":2,\"name\":\"Casas Comunitarias de las Artes, proyecto UArtes ganador de Concurso de Pr\u00e1cticas Ejemplares Ecuador\"}]},{\"@type\":\"WebSite\",\"@id\":\"https:\\\/\\\/www.uartes.edu.ec\\\/sitio\\\/#website\",\"url\":\"https:\\\/\\\/www.uartes.edu.ec\\\/sitio\\\/\",\"name\":\"Universidad de las Artes\",\"description\":\"Sitio oficial de la Universidad Nacional de las Artes del Ecuador\",\"publisher\":{\"@id\":\"https:\\\/\\\/www.uartes.edu.ec\\\/sitio\\\/#organization\"},\"potentialAction\":[{\"@type\":\"SearchAction\",\"target\":{\"@type\":\"EntryPoint\",\"urlTemplate\":\"https:\\\/\\\/www.uartes.edu.ec\\\/sitio\\\/?s={search_term_string}\"},\"query-input\":{\"@type\":\"PropertyValueSpecification\",\"valueRequired\":true,\"valueName\":\"search_term_string\"}}],\"inLanguage\":\"es\"},{\"@type\":\"Organization\",\"@id\":\"https:\\\/\\\/www.uartes.edu.ec\\\/sitio\\\/#organization\",\"name\":\"Universidad de las Artes\",\"url\":\"https:\\\/\\\/www.uartes.edu.ec\\\/sitio\\\/\",\"logo\":{\"@type\":\"ImageObject\",\"inLanguage\":\"es\",\"@id\":\"https:\\\/\\\/www.uartes.edu.ec\\\/sitio\\\/#\\\/schema\\\/logo\\\/image\\\/\",\"url\":\"https:\\\/\\\/www.uartes.edu.ec\\\/sitio\\\/wp-content\\\/uploads\\\/2022\\\/07\\\/logo-ua-horizontal.png\",\"contentUrl\":\"https:\\\/\\\/www.uartes.edu.ec\\\/sitio\\\/wp-content\\\/uploads\\\/2022\\\/07\\\/logo-ua-horizontal.png\",\"width\":800,\"height\":276,\"caption\":\"Universidad de las Artes\"},\"image\":{\"@id\":\"https:\\\/\\\/www.uartes.edu.ec\\\/sitio\\\/#\\\/schema\\\/logo\\\/image\\\/\"},\"sameAs\":[\"https:\\\/\\\/www.facebook.com\\\/uartesec\",\"https:\\\/\\\/x.com\\\/uartesec\",\"https:\\\/\\\/www.tiktok.com\\\/@uartesec\"]},{\"@type\":\"Person\",\"@id\":\"https:\\\/\\\/www.uartes.edu.ec\\\/sitio\\\/#\\\/schema\\\/person\\\/efa1b8275797664fd7f13a79ccc0b1f4\",\"name\":\"ccortez\",\"image\":{\"@type\":\"ImageObject\",\"inLanguage\":\"es\",\"@id\":\"https:\\\/\\\/secure.gravatar.com\\\/avatar\\\/b2a6f664a3ae8e074346ef91775736c5ec479e637ecced6842de9dc98b5da9cd?s=96&d=mm&r=g\",\"url\":\"https:\\\/\\\/secure.gravatar.com\\\/avatar\\\/b2a6f664a3ae8e074346ef91775736c5ec479e637ecced6842de9dc98b5da9cd?s=96&d=mm&r=g\",\"contentUrl\":\"https:\\\/\\\/secure.gravatar.com\\\/avatar\\\/b2a6f664a3ae8e074346ef91775736c5ec479e637ecced6842de9dc98b5da9cd?s=96&d=mm&r=g\",\"caption\":\"ccortez\"},\"url\":\"https:\\\/\\\/www.uartes.edu.ec\\\/sitio\\\/blog\\\/author\\\/ccortez\\\/\"}]}<\/script>\n<!-- \/ Yoast SEO plugin. -->","yoast_head_json":{"title":"Universidad de las Artes - Casas Comunitarias de las Artes, proyecto UArtes ganador de Concurso de Pr\u00e1cticas Ejemplares Ecuador","description":"Universidad de las Artes - Casas Comunitarias de las Artes, proyecto UArtes ganador de Concurso de Pr\u00e1cticas Ejemplares Ecuador","robots":{"index":"index","follow":"follow","max-snippet":"max-snippet:-1","max-image-preview":"max-image-preview:large","max-video-preview":"max-video-preview:-1"},"canonical":"https:\/\/www.uartes.edu.ec\/sitio\/blog\/2023\/11\/08\/casas-comunitarias-de-las-artes-proyecto-uartes-ganador-de-concurso-de-practicas-ejemplares-ecuador\/","og_locale":"es_ES","og_type":"article","og_title":"Universidad de las Artes - Casas Comunitarias de las Artes, proyecto UArtes ganador de Concurso de Pr\u00e1cticas Ejemplares Ecuador","og_description":"Universidad de las Artes - Casas Comunitarias de las Artes, proyecto UArtes ganador de Concurso de Pr\u00e1cticas Ejemplares Ecuador","og_url":"https:\/\/www.uartes.edu.ec\/sitio\/blog\/2023\/11\/08\/casas-comunitarias-de-las-artes-proyecto-uartes-ganador-de-concurso-de-practicas-ejemplares-ecuador\/","og_site_name":"Universidad de las Artes","article_publisher":"https:\/\/www.facebook.com\/uartesec","article_published_time":"2023-11-08T16:27:11+00:00","article_modified_time":"2024-07-04T16:20:32+00:00","og_image":[{"width":2000,"height":1333,"url":"https:\/\/www.uartes.edu.ec\/sitio\/wp-content\/uploads\/2023\/11\/BYRON-CEVALLOS.jpg","type":"image\/jpeg"}],"author":"ccortez","twitter_card":"summary_large_image","twitter_creator":"@uartesec","twitter_site":"@uartesec","twitter_misc":{"Escrito por":"ccortez","Tiempo de lectura":"4 minutos"},"schema":{"@context":"https:\/\/schema.org","@graph":[{"@type":"Article","@id":"https:\/\/www.uartes.edu.ec\/sitio\/blog\/2023\/11\/08\/casas-comunitarias-de-las-artes-proyecto-uartes-ganador-de-concurso-de-practicas-ejemplares-ecuador\/#article","isPartOf":{"@id":"https:\/\/www.uartes.edu.ec\/sitio\/blog\/2023\/11\/08\/casas-comunitarias-de-las-artes-proyecto-uartes-ganador-de-concurso-de-practicas-ejemplares-ecuador\/"},"author":{"name":"ccortez","@id":"https:\/\/www.uartes.edu.ec\/sitio\/#\/schema\/person\/efa1b8275797664fd7f13a79ccc0b1f4"},"headline":"Casas Comunitarias de las Artes, proyecto UArtes ganador de Concurso de Pr\u00e1cticas Ejemplares Ecuador","datePublished":"2023-11-08T16:27:11+00:00","dateModified":"2024-07-04T16:20:32+00:00","mainEntityOfPage":{"@id":"https:\/\/www.uartes.edu.ec\/sitio\/blog\/2023\/11\/08\/casas-comunitarias-de-las-artes-proyecto-uartes-ganador-de-concurso-de-practicas-ejemplares-ecuador\/"},"wordCount":924,"commentCount":0,"publisher":{"@id":"https:\/\/www.uartes.edu.ec\/sitio\/#organization"},"image":{"@id":"https:\/\/www.uartes.edu.ec\/sitio\/blog\/2023\/11\/08\/casas-comunitarias-de-las-artes-proyecto-uartes-ganador-de-concurso-de-practicas-ejemplares-ecuador\/#primaryimage"},"thumbnailUrl":"https:\/\/www.uartes.edu.ec\/sitio\/wp-content\/uploads\/2023\/11\/BYRON-CEVALLOS.jpg","keywords":["reconocimiento"],"articleSection":["Artes","Docentes","Estudiantes","Gesti\u00f3n","Literatura","V\u00ednculo"],"inLanguage":"es","potentialAction":[{"@type":"CommentAction","name":"Comment","target":["https:\/\/www.uartes.edu.ec\/sitio\/blog\/2023\/11\/08\/casas-comunitarias-de-las-artes-proyecto-uartes-ganador-de-concurso-de-practicas-ejemplares-ecuador\/#respond"]}]},{"@type":["WebPage","ItemPage"],"@id":"https:\/\/www.uartes.edu.ec\/sitio\/blog\/2023\/11\/08\/casas-comunitarias-de-las-artes-proyecto-uartes-ganador-de-concurso-de-practicas-ejemplares-ecuador\/","url":"https:\/\/www.uartes.edu.ec\/sitio\/blog\/2023\/11\/08\/casas-comunitarias-de-las-artes-proyecto-uartes-ganador-de-concurso-de-practicas-ejemplares-ecuador\/","name":"Universidad de las Artes - Casas Comunitarias de las Artes, proyecto UArtes ganador de Concurso de Pr\u00e1cticas Ejemplares Ecuador","isPartOf":{"@id":"https:\/\/www.uartes.edu.ec\/sitio\/#website"},"primaryImageOfPage":{"@id":"https:\/\/www.uartes.edu.ec\/sitio\/blog\/2023\/11\/08\/casas-comunitarias-de-las-artes-proyecto-uartes-ganador-de-concurso-de-practicas-ejemplares-ecuador\/#primaryimage"},"image":{"@id":"https:\/\/www.uartes.edu.ec\/sitio\/blog\/2023\/11\/08\/casas-comunitarias-de-las-artes-proyecto-uartes-ganador-de-concurso-de-practicas-ejemplares-ecuador\/#primaryimage"},"thumbnailUrl":"https:\/\/www.uartes.edu.ec\/sitio\/wp-content\/uploads\/2023\/11\/BYRON-CEVALLOS.jpg","datePublished":"2023-11-08T16:27:11+00:00","dateModified":"2024-07-04T16:20:32+00:00","description":"Universidad de las Artes - Casas Comunitarias de las Artes, proyecto UArtes ganador de Concurso de Pr\u00e1cticas Ejemplares Ecuador","breadcrumb":{"@id":"https:\/\/www.uartes.edu.ec\/sitio\/blog\/2023\/11\/08\/casas-comunitarias-de-las-artes-proyecto-uartes-ganador-de-concurso-de-practicas-ejemplares-ecuador\/#breadcrumb"},"inLanguage":"es","potentialAction":[{"@type":"ReadAction","target":["https:\/\/www.uartes.edu.ec\/sitio\/blog\/2023\/11\/08\/casas-comunitarias-de-las-artes-proyecto-uartes-ganador-de-concurso-de-practicas-ejemplares-ecuador\/"]}]},{"@type":"ImageObject","inLanguage":"es","@id":"https:\/\/www.uartes.edu.ec\/sitio\/blog\/2023\/11\/08\/casas-comunitarias-de-las-artes-proyecto-uartes-ganador-de-concurso-de-practicas-ejemplares-ecuador\/#primaryimage","url":"https:\/\/www.uartes.edu.ec\/sitio\/wp-content\/uploads\/2023\/11\/BYRON-CEVALLOS.jpg","contentUrl":"https:\/\/www.uartes.edu.ec\/sitio\/wp-content\/uploads\/2023\/11\/BYRON-CEVALLOS.jpg","width":2000,"height":1333},{"@type":"BreadcrumbList","@id":"https:\/\/www.uartes.edu.ec\/sitio\/blog\/2023\/11\/08\/casas-comunitarias-de-las-artes-proyecto-uartes-ganador-de-concurso-de-practicas-ejemplares-ecuador\/#breadcrumb","itemListElement":[{"@type":"ListItem","position":1,"name":"Inicio","item":"https:\/\/www.uartes.edu.ec\/sitio\/"},{"@type":"ListItem","position":2,"name":"Casas Comunitarias de las Artes, proyecto UArtes ganador de Concurso de Pr\u00e1cticas Ejemplares Ecuador"}]},{"@type":"WebSite","@id":"https:\/\/www.uartes.edu.ec\/sitio\/#website","url":"https:\/\/www.uartes.edu.ec\/sitio\/","name":"Universidad de las Artes","description":"Sitio oficial de la Universidad Nacional de las Artes del Ecuador","publisher":{"@id":"https:\/\/www.uartes.edu.ec\/sitio\/#organization"},"potentialAction":[{"@type":"SearchAction","target":{"@type":"EntryPoint","urlTemplate":"https:\/\/www.uartes.edu.ec\/sitio\/?s={search_term_string}"},"query-input":{"@type":"PropertyValueSpecification","valueRequired":true,"valueName":"search_term_string"}}],"inLanguage":"es"},{"@type":"Organization","@id":"https:\/\/www.uartes.edu.ec\/sitio\/#organization","name":"Universidad de las Artes","url":"https:\/\/www.uartes.edu.ec\/sitio\/","logo":{"@type":"ImageObject","inLanguage":"es","@id":"https:\/\/www.uartes.edu.ec\/sitio\/#\/schema\/logo\/image\/","url":"https:\/\/www.uartes.edu.ec\/sitio\/wp-content\/uploads\/2022\/07\/logo-ua-horizontal.png","contentUrl":"https:\/\/www.uartes.edu.ec\/sitio\/wp-content\/uploads\/2022\/07\/logo-ua-horizontal.png","width":800,"height":276,"caption":"Universidad de las Artes"},"image":{"@id":"https:\/\/www.uartes.edu.ec\/sitio\/#\/schema\/logo\/image\/"},"sameAs":["https:\/\/www.facebook.com\/uartesec","https:\/\/x.com\/uartesec","https:\/\/www.tiktok.com\/@uartesec"]},{"@type":"Person","@id":"https:\/\/www.uartes.edu.ec\/sitio\/#\/schema\/person\/efa1b8275797664fd7f13a79ccc0b1f4","name":"ccortez","image":{"@type":"ImageObject","inLanguage":"es","@id":"https:\/\/secure.gravatar.com\/avatar\/b2a6f664a3ae8e074346ef91775736c5ec479e637ecced6842de9dc98b5da9cd?s=96&d=mm&r=g","url":"https:\/\/secure.gravatar.com\/avatar\/b2a6f664a3ae8e074346ef91775736c5ec479e637ecced6842de9dc98b5da9cd?s=96&d=mm&r=g","contentUrl":"https:\/\/secure.gravatar.com\/avatar\/b2a6f664a3ae8e074346ef91775736c5ec479e637ecced6842de9dc98b5da9cd?s=96&d=mm&r=g","caption":"ccortez"},"url":"https:\/\/www.uartes.edu.ec\/sitio\/blog\/author\/ccortez\/"}]}},"uagb_featured_image_src":{"full":["https:\/\/www.uartes.edu.ec\/sitio\/wp-content\/uploads\/2023\/11\/BYRON-CEVALLOS.jpg",2000,1333,false],"thumbnail":["https:\/\/www.uartes.edu.ec\/sitio\/wp-content\/uploads\/2023\/11\/BYRON-CEVALLOS-150x150.jpg",150,150,true],"medium":["https:\/\/www.uartes.edu.ec\/sitio\/wp-content\/uploads\/2023\/11\/BYRON-CEVALLOS-300x200.jpg",300,200,true],"medium_large":["https:\/\/www.uartes.edu.ec\/sitio\/wp-content\/uploads\/2023\/11\/BYRON-CEVALLOS-768x512.jpg",768,512,true],"large":["https:\/\/www.uartes.edu.ec\/sitio\/wp-content\/uploads\/2023\/11\/BYRON-CEVALLOS-644x429.jpg",644,429,true],"1536x1536":["https:\/\/www.uartes.edu.ec\/sitio\/wp-content\/uploads\/2023\/11\/BYRON-CEVALLOS-1536x1024.jpg",1536,1024,true],"2048x2048":["https:\/\/www.uartes.edu.ec\/sitio\/wp-content\/uploads\/2023\/11\/BYRON-CEVALLOS.jpg",2000,1333,false],"trp-custom-language-flag":["https:\/\/www.uartes.edu.ec\/sitio\/wp-content\/uploads\/2023\/11\/BYRON-CEVALLOS.jpg",18,12,false],"htmega_size_585x295":["https:\/\/www.uartes.edu.ec\/sitio\/wp-content\/uploads\/2023\/11\/BYRON-CEVALLOS-585x295.jpg",585,295,true],"htmega_size_1170x536":["https:\/\/www.uartes.edu.ec\/sitio\/wp-content\/uploads\/2023\/11\/BYRON-CEVALLOS-1170x536.jpg",1170,536,true],"htmega_size_396x360":["https:\/\/www.uartes.edu.ec\/sitio\/wp-content\/uploads\/2023\/11\/BYRON-CEVALLOS-396x360.jpg",396,360,true],"gb-block-post-grid-landscape":["https:\/\/www.uartes.edu.ec\/sitio\/wp-content\/uploads\/2023\/11\/BYRON-CEVALLOS-600x400.jpg",600,400,true],"gb-block-post-grid-square":["https:\/\/www.uartes.edu.ec\/sitio\/wp-content\/uploads\/2023\/11\/BYRON-CEVALLOS-600x600.jpg",600,600,true],"university-hub-thumb":["https:\/\/www.uartes.edu.ec\/sitio\/wp-content\/uploads\/2023\/11\/BYRON-CEVALLOS-400x267.jpg",400,267,true]},"uagb_author_info":{"display_name":"ccortez","author_link":"https:\/\/www.uartes.edu.ec\/sitio\/blog\/author\/ccortez\/"},"uagb_comment_info":0,"uagb_excerpt":"El proyecto Casas Comunitarias de las Artes, que dirige Byron Cevallos, docente y coordinador de la carrera de Pedagog\u00eda de las Artes y Humanidades, gan\u00f3 el Concurso de Pr\u00e1cticas Ejemplares Ecuador, en la categor\u00eda Uso y Recuperaci\u00f3n de Espacios P\u00fablicos. La propuesta UArtes se viene desarrollando en la comuna Engabao desde 2021, all\u00ed se han&hellip;","featured_image_src":"https:\/\/www.uartes.edu.ec\/sitio\/wp-content\/uploads\/2023\/11\/BYRON-CEVALLOS-600x400.jpg","featured_image_src_square":"https:\/\/www.uartes.edu.ec\/sitio\/wp-content\/uploads\/2023\/11\/BYRON-CEVALLOS-600x600.jpg","author_info":{"display_name":"ccortez","author_link":"https:\/\/www.uartes.edu.ec\/sitio\/blog\/author\/ccortez\/"},"publishpress_future_workflow_manual_trigger":{"enabledWorkflows":[]},"distributor_meta":false,"distributor_terms":false,"distributor_media":false,"distributor_original_site_name":"Universidad de las Artes","distributor_original_site_url":"https:\/\/www.uartes.edu.ec\/sitio","push-errors":false,"_links":{"self":[{"href":"https:\/\/www.uartes.edu.ec\/sitio\/wp-json\/wp\/v2\/posts\/48097","targetHints":{"allow":["GET"]}}],"collection":[{"href":"https:\/\/www.uartes.edu.ec\/sitio\/wp-json\/wp\/v2\/posts"}],"about":[{"href":"https:\/\/www.uartes.edu.ec\/sitio\/wp-json\/wp\/v2\/types\/post"}],"author":[{"embeddable":true,"href":"https:\/\/www.uartes.edu.ec\/sitio\/wp-json\/wp\/v2\/users\/10"}],"replies":[{"embeddable":true,"href":"https:\/\/www.uartes.edu.ec\/sitio\/wp-json\/wp\/v2\/comments?post=48097"}],"version-history":[{"count":4,"href":"https:\/\/www.uartes.edu.ec\/sitio\/wp-json\/wp\/v2\/posts\/48097\/revisions"}],"predecessor-version":[{"id":56933,"href":"https:\/\/www.uartes.edu.ec\/sitio\/wp-json\/wp\/v2\/posts\/48097\/revisions\/56933"}],"wp:featuredmedia":[{"embeddable":true,"href":"https:\/\/www.uartes.edu.ec\/sitio\/wp-json\/wp\/v2\/media\/48098"}],"wp:attachment":[{"href":"https:\/\/www.uartes.edu.ec\/sitio\/wp-json\/wp\/v2\/media?parent=48097"}],"wp:term":[{"taxonomy":"category","embeddable":true,"href":"https:\/\/www.uartes.edu.ec\/sitio\/wp-json\/wp\/v2\/categories?post=48097"},{"taxonomy":"post_tag","embeddable":true,"href":"https:\/\/www.uartes.edu.ec\/sitio\/wp-json\/wp\/v2\/tags?post=48097"},{"taxonomy":"infouartes","embeddable":true,"href":"https:\/\/www.uartes.edu.ec\/sitio\/wp-json\/wp\/v2\/infouartes?post=48097"}],"curies":[{"name":"wp","href":"https:\/\/api.w.org\/{rel}","templated":true}]}}