{"id":48114,"date":"2023-11-08T15:07:33","date_gmt":"2023-11-08T20:07:33","guid":{"rendered":"https:\/\/www.uartes.edu.ec\/sitio\/?p=48114"},"modified":"2024-07-04T11:20:31","modified_gmt":"2024-07-04T16:20:31","slug":"artistas-y-docentes-uartes-con-practicas-situadas-en-encuentro-de-ciudades-a-traves-de-las-artes-colombiano","status":"publish","type":"post","link":"https:\/\/www.uartes.edu.ec\/sitio\/blog\/2023\/11\/08\/artistas-y-docentes-uartes-con-practicas-situadas-en-encuentro-de-ciudades-a-traves-de-las-artes-colombiano\/","title":{"rendered":"Artistas y docentes UArtes llevaron \u201cpr\u00e1cticas situadas\u201d al encuentro de ciudades a trav\u00e9s de las artes Medell\u00edn"},"content":{"rendered":"\n<p>Los artistas y docentes de la Universidad de las Artes Cristian Villavicencio, Gabriela Rivadeneira Crespo y Gabriela Fabre y las alumni Ruth Cruz y Paulina Romero participaron con la exposici\u00f3n colectiva \u201cPr\u00e1cticas Situadas: colisi\u00f3n dislocaci\u00f3n de territorio, tecnolog\u00eda y ciudad\u201d en el \u201cEncuentro de ciudades a trav\u00e9s de las artes: Medell\u00edn \u2013 Envigado \u2013 Guayaquil. Arte, Resistencia y Ciudad\u201d.<\/p>\n\n\n\n<p>Se realiz\u00f3 del 31 de octubre al 3 de noviembre pasados en Medell\u00edn, donde se congregaron artistas visuales, bailarines, performers, literatos, m\u00fasicos, fot\u00f3grafos y cineastas. Tambi\u00e9n estudiosos cuyas reflexiones principales versan sobre el arte y la ciudad, anotaron los organizadores de la cita en sus sitios web, trayendo a la memoria, adem\u00e1s, que el encuentro dio seguimiento a la construcci\u00f3n de lazos entre la comunidad acad\u00e9mica de la UArtes y del Instituto Tecnol\u00f3gico Metropolitano (ITM) de la ciudad colombiana anfitriona.<\/p>\n\n\n\n<p>Acerca de la muestra colectiva, nuestra vicerrectora de Posgrado e Investigaci\u00f3n en Artes, doctora Olga L\u00f3pez, quien hizo la curadur\u00eda y particip\u00f3 en el encuentro, se\u00f1al\u00f3 en el texto curatorial que \u201cPr\u00e1cticas Situadas: colisi\u00f3n dislocaci\u00f3n de territorio, tecnolog\u00eda y ciudad\u201d reun\u00eda a artistas que despliegan su pr\u00e1ctica en la ciudad de Guayaquil y permiten afirmar que el ejercicio de las artes se concibe en territorios afectivos que marcan, trazan y signan la creaci\u00f3n.<\/p>\n\n\n\t\t\t\t\t<div\n\t\t\t\t\t\tclass=\"wp-block-uagb-image-gallery uagb-block-b6d8ff69     \"\n\t\t\t\t\t\tstyle=\"\"\n\t\t\t\t\t>\n\t\t\t\t\t\t\t\t\t\t\t<div class=\"spectra-image-gallery spectra-image-gallery__layout--grid spectra-image-gallery__layout--grid-col-2 spectra-image-gallery__layout--grid-col-tab-2 spectra-image-gallery__layout--grid-col-mob-2\">\n\t\t\t\t\t\t\t\t\t\t\t<div class='spectra-image-gallery__media-wrapper' data-spectra-gallery-image-id='48116' tabindex=\"0\">\n\t\t\t\t\t\t\t<div class=\"spectra-image-gallery__media spectra-image-gallery__media--grid\">\n\t\t\t\t<picture>\n\t\t\t\t\t<source media=\"(min-width: 1024px)\" srcset=\"https:\/\/www.uartes.edu.ec\/sitio\/wp-content\/uploads\/2023\/11\/07-ENCUENTRO-DE-CIUDADES-MEDELLIN-GUAYAQUIL-644x429.jpg\">\n\t\t\t\t\t<source media=\"(min-width: 768px)\" srcset=\"https:\/\/www.uartes.edu.ec\/sitio\/wp-content\/uploads\/2023\/11\/07-ENCUENTRO-DE-CIUDADES-MEDELLIN-GUAYAQUIL-644x429.jpg\">\n\t\t\t\t\t<img decoding=\"async\" class=\"spectra-image-gallery__media-thumbnail spectra-image-gallery__media-thumbnail--grid\" src=\"https:\/\/www.uartes.edu.ec\/sitio\/wp-content\/uploads\/2023\/11\/07-ENCUENTRO-DE-CIUDADES-MEDELLIN-GUAYAQUIL-300x200.jpg\" alt=\"\" loading=\"lazy\" \/>\n\t\t\t\t<\/picture>\n\t\t\t\t<div class=\"spectra-image-gallery__media-thumbnail-blurrer\"><\/div>\n\t\t\t\t\t\t\t\t\t\t\t<div class=\"spectra-image-gallery__media-thumbnail-caption-wrapper spectra-image-gallery__media-thumbnail-caption-wrapper--overlay\">\n\t\t\t\t\t\t\t\t\t\t\t<div class=\"spectra-image-gallery__media-thumbnail-caption spectra-image-gallery__media-thumbnail-caption--overlay\">\n\t\t\t\t\tSin leyenda\t\t\t\t<\/div>\n\t\t\t\t\t\t\t\t\t\t<\/div>\n\t\t\t\t\t\t\t\t\t<\/div>\n\t\t\t\t\t\t<\/div>\n\t\t\t\t\t\t<div class='spectra-image-gallery__media-wrapper' data-spectra-gallery-image-id='48117' tabindex=\"0\">\n\t\t\t\t\t\t\t<div class=\"spectra-image-gallery__media spectra-image-gallery__media--grid\">\n\t\t\t\t<picture>\n\t\t\t\t\t<source media=\"(min-width: 1024px)\" srcset=\"https:\/\/www.uartes.edu.ec\/sitio\/wp-content\/uploads\/2023\/11\/06-ENCUENTRO-DE-CIUDADES-MEDELLIN-GUAYAQUIL-644x429.jpg\">\n\t\t\t\t\t<source media=\"(min-width: 768px)\" srcset=\"https:\/\/www.uartes.edu.ec\/sitio\/wp-content\/uploads\/2023\/11\/06-ENCUENTRO-DE-CIUDADES-MEDELLIN-GUAYAQUIL-644x429.jpg\">\n\t\t\t\t\t<img decoding=\"async\" class=\"spectra-image-gallery__media-thumbnail spectra-image-gallery__media-thumbnail--grid\" src=\"https:\/\/www.uartes.edu.ec\/sitio\/wp-content\/uploads\/2023\/11\/06-ENCUENTRO-DE-CIUDADES-MEDELLIN-GUAYAQUIL-300x200.jpg\" alt=\"\" loading=\"lazy\" \/>\n\t\t\t\t<\/picture>\n\t\t\t\t<div class=\"spectra-image-gallery__media-thumbnail-blurrer\"><\/div>\n\t\t\t\t\t\t\t\t\t\t\t<div class=\"spectra-image-gallery__media-thumbnail-caption-wrapper spectra-image-gallery__media-thumbnail-caption-wrapper--overlay\">\n\t\t\t\t\t\t\t\t\t\t\t<div class=\"spectra-image-gallery__media-thumbnail-caption spectra-image-gallery__media-thumbnail-caption--overlay\">\n\t\t\t\t\tSin leyenda\t\t\t\t<\/div>\n\t\t\t\t\t\t\t\t\t\t<\/div>\n\t\t\t\t\t\t\t\t\t<\/div>\n\t\t\t\t\t\t<\/div>\n\t\t\t\t\t\t\t\t\t\t<\/div>\n\t\t\t\t\t\t\t\t\t\t\t\t\t\t\t\t\t\t<\/div>\n\t\t\t\t\t\t\t\t\t\n\n\t\t\t\t\t<div\n\t\t\t\t\t\tclass=\"wp-block-uagb-image-gallery uagb-block-af03f9ed     \"\n\t\t\t\t\t\tstyle=\"\"\n\t\t\t\t\t>\n\t\t\t\t\t\t\t\t\t\t\t<div class=\"spectra-image-gallery spectra-image-gallery__layout--grid spectra-image-gallery__layout--grid-col-2 spectra-image-gallery__layout--grid-col-tab-2 spectra-image-gallery__layout--grid-col-mob-2\">\n\t\t\t\t\t\t\t\t\t\t\t<div class='spectra-image-gallery__media-wrapper' data-spectra-gallery-image-id='48121' tabindex=\"0\">\n\t\t\t\t\t\t\t<div class=\"spectra-image-gallery__media spectra-image-gallery__media--grid\">\n\t\t\t\t<picture>\n\t\t\t\t\t<source media=\"(min-width: 1024px)\" srcset=\"https:\/\/www.uartes.edu.ec\/sitio\/wp-content\/uploads\/2023\/11\/04-ENCUENTRO-DE-CIUDADES-MEDELLIN-GUAYAQUIL-644x429.jpg\">\n\t\t\t\t\t<source media=\"(min-width: 768px)\" srcset=\"https:\/\/www.uartes.edu.ec\/sitio\/wp-content\/uploads\/2023\/11\/04-ENCUENTRO-DE-CIUDADES-MEDELLIN-GUAYAQUIL-644x429.jpg\">\n\t\t\t\t\t<img decoding=\"async\" class=\"spectra-image-gallery__media-thumbnail spectra-image-gallery__media-thumbnail--grid\" src=\"https:\/\/www.uartes.edu.ec\/sitio\/wp-content\/uploads\/2023\/11\/04-ENCUENTRO-DE-CIUDADES-MEDELLIN-GUAYAQUIL-300x200.jpg\" alt=\"\" loading=\"lazy\" \/>\n\t\t\t\t<\/picture>\n\t\t\t\t<div class=\"spectra-image-gallery__media-thumbnail-blurrer\"><\/div>\n\t\t\t\t\t\t\t\t\t\t\t<div class=\"spectra-image-gallery__media-thumbnail-caption-wrapper spectra-image-gallery__media-thumbnail-caption-wrapper--overlay\">\n\t\t\t\t\t\t\t\t\t\t\t<div class=\"spectra-image-gallery__media-thumbnail-caption spectra-image-gallery__media-thumbnail-caption--overlay\">\n\t\t\t\t\tSin leyenda\t\t\t\t<\/div>\n\t\t\t\t\t\t\t\t\t\t<\/div>\n\t\t\t\t\t\t\t\t\t<\/div>\n\t\t\t\t\t\t<\/div>\n\t\t\t\t\t\t<div class='spectra-image-gallery__media-wrapper' data-spectra-gallery-image-id='48120' tabindex=\"0\">\n\t\t\t\t\t\t\t<div class=\"spectra-image-gallery__media spectra-image-gallery__media--grid\">\n\t\t\t\t<picture>\n\t\t\t\t\t<source media=\"(min-width: 1024px)\" srcset=\"https:\/\/www.uartes.edu.ec\/sitio\/wp-content\/uploads\/2023\/11\/05-ENCUENTRO-DE-CIUDADES-MEDELLIN-GUAYAQUIL-644x429.jpg\">\n\t\t\t\t\t<source media=\"(min-width: 768px)\" srcset=\"https:\/\/www.uartes.edu.ec\/sitio\/wp-content\/uploads\/2023\/11\/05-ENCUENTRO-DE-CIUDADES-MEDELLIN-GUAYAQUIL-644x429.jpg\">\n\t\t\t\t\t<img decoding=\"async\" class=\"spectra-image-gallery__media-thumbnail spectra-image-gallery__media-thumbnail--grid\" src=\"https:\/\/www.uartes.edu.ec\/sitio\/wp-content\/uploads\/2023\/11\/05-ENCUENTRO-DE-CIUDADES-MEDELLIN-GUAYAQUIL-300x200.jpg\" alt=\"\" loading=\"lazy\" \/>\n\t\t\t\t<\/picture>\n\t\t\t\t<div class=\"spectra-image-gallery__media-thumbnail-blurrer\"><\/div>\n\t\t\t\t\t\t\t\t\t\t\t<div class=\"spectra-image-gallery__media-thumbnail-caption-wrapper spectra-image-gallery__media-thumbnail-caption-wrapper--overlay\">\n\t\t\t\t\t\t\t\t\t\t\t<div class=\"spectra-image-gallery__media-thumbnail-caption spectra-image-gallery__media-thumbnail-caption--overlay\">\n\t\t\t\t\tSin leyenda\t\t\t\t<\/div>\n\t\t\t\t\t\t\t\t\t\t<\/div>\n\t\t\t\t\t\t\t\t\t<\/div>\n\t\t\t\t\t\t<\/div>\n\t\t\t\t\t\t\t\t\t\t<\/div>\n\t\t\t\t\t\t\t\t\t\t\t\t\t\t\t\t\t\t<\/div>\n\t\t\t\t\t\t\t\t\t\n\n\n<p>Las fabulaciones parad\u00f3jicas de Ruth Cruz buscan pensar y experimentar con la tecnolog\u00eda a la vez que alude a elementos arcaicos y fantasmag\u00f3ricos, ajenos a cualquier racionalidad. \u201cUn perder el tiempo\u201d imaginando otros mundos, invisibles, pero con el apoyo de la materialidad tecnol\u00f3gica que permite acceder a tales ficciones, escribi\u00f3 la doctora L\u00f3pez.<\/p>\n\n\n\n<p>Agreg\u00f3 que Cristian Villavicencio explora el concepto de cosmot\u00e9cnica de un modo bien tangible al recontextualizar silbatos y objetos precolombinos con materiales y tecnolog\u00edas contempor\u00e1neas. Es as\u00ed que se evidencia y rescata los conocimientos locales los repiensa y resignifica con esta propuesta que une el barro, composiciones org\u00e1nicas, sistemas programados, impresiones 3D e incluso lo digital, entre otros elementos, para evidenciar la riqueza de los saberes precolombinos y la posibilidad de su re-uso y actualizaci\u00f3n.<\/p>\n\n\n\n<p>Paulina Romero explora, esta misma l\u00ednea, al sobreponer temporalidades y conocimientos diversos. Ella reactiva un patrimonio inmaterial: el tejido de paja de toquilla, el cual le servir\u00e1 para manipular el mundo del videojuego Minecraft. Mestizaje y reactualizaci\u00f3n que, entre la tradici\u00f3n y las recientes interfaces digitales, acompa\u00f1an nuestra realidad. Geolog\u00eda y arqueolog\u00eda de los medios, los saberes y las pr\u00e1cticas que, por contraste, rompen la dicotom\u00eda entre pasado y presente.<\/p>\n\n\n\t\t\t\t\t<div\n\t\t\t\t\t\tclass=\"wp-block-uagb-image-gallery uagb-block-5222fc63     \"\n\t\t\t\t\t\tstyle=\"\"\n\t\t\t\t\t>\n\t\t\t\t\t\t\t\t\t\t\t<div class=\"spectra-image-gallery spectra-image-gallery__layout--grid spectra-image-gallery__layout--grid-col-2 spectra-image-gallery__layout--grid-col-tab-2 spectra-image-gallery__layout--grid-col-mob-2\">\n\t\t\t\t\t\t\t\t\t\t\t<div class='spectra-image-gallery__media-wrapper' data-spectra-gallery-image-id='48134' tabindex=\"0\">\n\t\t\t\t\t\t\t<div class=\"spectra-image-gallery__media spectra-image-gallery__media--grid\">\n\t\t\t\t<picture>\n\t\t\t\t\t<source media=\"(min-width: 1024px)\" srcset=\"https:\/\/www.uartes.edu.ec\/sitio\/wp-content\/uploads\/2023\/11\/03-ENCUENTRO-DE-CIUDADES-MEDELLIN-GUAYAQUIL-644x429.jpg\">\n\t\t\t\t\t<source media=\"(min-width: 768px)\" srcset=\"https:\/\/www.uartes.edu.ec\/sitio\/wp-content\/uploads\/2023\/11\/03-ENCUENTRO-DE-CIUDADES-MEDELLIN-GUAYAQUIL-644x429.jpg\">\n\t\t\t\t\t<img decoding=\"async\" class=\"spectra-image-gallery__media-thumbnail spectra-image-gallery__media-thumbnail--grid\" src=\"https:\/\/www.uartes.edu.ec\/sitio\/wp-content\/uploads\/2023\/11\/03-ENCUENTRO-DE-CIUDADES-MEDELLIN-GUAYAQUIL-300x200.jpg\" alt=\"\" loading=\"lazy\" \/>\n\t\t\t\t<\/picture>\n\t\t\t\t<div class=\"spectra-image-gallery__media-thumbnail-blurrer\"><\/div>\n\t\t\t\t\t\t\t\t\t\t\t<div class=\"spectra-image-gallery__media-thumbnail-caption-wrapper spectra-image-gallery__media-thumbnail-caption-wrapper--overlay\">\n\t\t\t\t\t\t\t\t\t\t\t<div class=\"spectra-image-gallery__media-thumbnail-caption spectra-image-gallery__media-thumbnail-caption--overlay\">\n\t\t\t\t\tSin leyenda\t\t\t\t<\/div>\n\t\t\t\t\t\t\t\t\t\t<\/div>\n\t\t\t\t\t\t\t\t\t<\/div>\n\t\t\t\t\t\t<\/div>\n\t\t\t\t\t\t<div class='spectra-image-gallery__media-wrapper' data-spectra-gallery-image-id='48124' tabindex=\"0\">\n\t\t\t\t\t\t\t<div class=\"spectra-image-gallery__media spectra-image-gallery__media--grid\">\n\t\t\t\t<picture>\n\t\t\t\t\t<source media=\"(min-width: 1024px)\" srcset=\"https:\/\/www.uartes.edu.ec\/sitio\/wp-content\/uploads\/2023\/11\/09-ENCUENTRO-DE-CIUDADES-MEDELLIN-GUAYAQUIL-644x429.jpg\">\n\t\t\t\t\t<source media=\"(min-width: 768px)\" srcset=\"https:\/\/www.uartes.edu.ec\/sitio\/wp-content\/uploads\/2023\/11\/09-ENCUENTRO-DE-CIUDADES-MEDELLIN-GUAYAQUIL-644x429.jpg\">\n\t\t\t\t\t<img decoding=\"async\" class=\"spectra-image-gallery__media-thumbnail spectra-image-gallery__media-thumbnail--grid\" src=\"https:\/\/www.uartes.edu.ec\/sitio\/wp-content\/uploads\/2023\/11\/09-ENCUENTRO-DE-CIUDADES-MEDELLIN-GUAYAQUIL-300x200.jpg\" alt=\"\" loading=\"lazy\" \/>\n\t\t\t\t<\/picture>\n\t\t\t\t<div class=\"spectra-image-gallery__media-thumbnail-blurrer\"><\/div>\n\t\t\t\t\t\t\t\t\t\t\t<div class=\"spectra-image-gallery__media-thumbnail-caption-wrapper spectra-image-gallery__media-thumbnail-caption-wrapper--overlay\">\n\t\t\t\t\t\t\t\t\t\t\t<div class=\"spectra-image-gallery__media-thumbnail-caption spectra-image-gallery__media-thumbnail-caption--overlay\">\n\t\t\t\t\tSin leyenda\t\t\t\t<\/div>\n\t\t\t\t\t\t\t\t\t\t<\/div>\n\t\t\t\t\t\t\t\t\t<\/div>\n\t\t\t\t\t\t<\/div>\n\t\t\t\t\t\t\t\t\t\t<\/div>\n\t\t\t\t\t\t\t\t\t\t\t\t\t\t\t\t\t\t<\/div>\n\t\t\t\t\t\t\t\t\t\n\n\t\t\t\t\t<div\n\t\t\t\t\t\tclass=\"wp-block-uagb-image-gallery uagb-block-9c788140     \"\n\t\t\t\t\t\tstyle=\"\"\n\t\t\t\t\t>\n\t\t\t\t\t\t\t\t\t\t\t<div class=\"spectra-image-gallery spectra-image-gallery__layout--grid spectra-image-gallery__layout--grid-col-2 spectra-image-gallery__layout--grid-col-tab-2 spectra-image-gallery__layout--grid-col-mob-2\">\n\t\t\t\t\t\t\t\t\t\t\t<div class='spectra-image-gallery__media-wrapper' data-spectra-gallery-image-id='48122' tabindex=\"0\">\n\t\t\t\t\t\t\t<div class=\"spectra-image-gallery__media spectra-image-gallery__media--grid\">\n\t\t\t\t<picture>\n\t\t\t\t\t<source media=\"(min-width: 1024px)\" srcset=\"https:\/\/www.uartes.edu.ec\/sitio\/wp-content\/uploads\/2023\/11\/08-ENCUENTRO-DE-CIUDADES-MEDELLIN-GUAYAQUIL-644x429.jpg\">\n\t\t\t\t\t<source media=\"(min-width: 768px)\" srcset=\"https:\/\/www.uartes.edu.ec\/sitio\/wp-content\/uploads\/2023\/11\/08-ENCUENTRO-DE-CIUDADES-MEDELLIN-GUAYAQUIL-644x429.jpg\">\n\t\t\t\t\t<img decoding=\"async\" class=\"spectra-image-gallery__media-thumbnail spectra-image-gallery__media-thumbnail--grid\" src=\"https:\/\/www.uartes.edu.ec\/sitio\/wp-content\/uploads\/2023\/11\/08-ENCUENTRO-DE-CIUDADES-MEDELLIN-GUAYAQUIL-300x300.jpg\" alt=\"\" loading=\"lazy\" \/>\n\t\t\t\t<\/picture>\n\t\t\t\t<div class=\"spectra-image-gallery__media-thumbnail-blurrer\"><\/div>\n\t\t\t\t\t\t\t\t\t\t\t<div class=\"spectra-image-gallery__media-thumbnail-caption-wrapper spectra-image-gallery__media-thumbnail-caption-wrapper--overlay\">\n\t\t\t\t\t\t\t\t\t\t\t<div class=\"spectra-image-gallery__media-thumbnail-caption spectra-image-gallery__media-thumbnail-caption--overlay\">\n\t\t\t\t\tSin leyenda\t\t\t\t<\/div>\n\t\t\t\t\t\t\t\t\t\t<\/div>\n\t\t\t\t\t\t\t\t\t<\/div>\n\t\t\t\t\t\t<\/div>\n\t\t\t\t\t\t<div class='spectra-image-gallery__media-wrapper' data-spectra-gallery-image-id='48123' tabindex=\"0\">\n\t\t\t\t\t\t\t<div class=\"spectra-image-gallery__media spectra-image-gallery__media--grid\">\n\t\t\t\t<picture>\n\t\t\t\t\t<source media=\"(min-width: 1024px)\" srcset=\"https:\/\/www.uartes.edu.ec\/sitio\/wp-content\/uploads\/2023\/11\/01-ENCUENTRO-DE-CIUDADES-MEDELLIN-GUAYAQUIL-644x429.jpg\">\n\t\t\t\t\t<source media=\"(min-width: 768px)\" srcset=\"https:\/\/www.uartes.edu.ec\/sitio\/wp-content\/uploads\/2023\/11\/01-ENCUENTRO-DE-CIUDADES-MEDELLIN-GUAYAQUIL-644x429.jpg\">\n\t\t\t\t\t<img decoding=\"async\" class=\"spectra-image-gallery__media-thumbnail spectra-image-gallery__media-thumbnail--grid\" src=\"https:\/\/www.uartes.edu.ec\/sitio\/wp-content\/uploads\/2023\/11\/01-ENCUENTRO-DE-CIUDADES-MEDELLIN-GUAYAQUIL-300x200.jpg\" alt=\"\" loading=\"lazy\" \/>\n\t\t\t\t<\/picture>\n\t\t\t\t<div class=\"spectra-image-gallery__media-thumbnail-blurrer\"><\/div>\n\t\t\t\t\t\t\t\t\t\t\t<div class=\"spectra-image-gallery__media-thumbnail-caption-wrapper spectra-image-gallery__media-thumbnail-caption-wrapper--overlay\">\n\t\t\t\t\t\t\t\t\t\t\t<div class=\"spectra-image-gallery__media-thumbnail-caption spectra-image-gallery__media-thumbnail-caption--overlay\">\n\t\t\t\t\tSin leyenda\t\t\t\t<\/div>\n\t\t\t\t\t\t\t\t\t\t<\/div>\n\t\t\t\t\t\t\t\t\t<\/div>\n\t\t\t\t\t\t<\/div>\n\t\t\t\t\t\t\t\t\t\t<\/div>\n\t\t\t\t\t\t\t\t\t\t\t\t\t\t\t\t\t\t<\/div>\n\t\t\t\t\t\t\t\t\t\n\n\n<p>A partir de una po\u00e9tica de los lugares, Gabriela Fabre nos propone un recorrido por los interiores de las casas del centro de Guayaquil para pensar el contraste entre su antigua opulencia y su actual decadencia que obliga al hacer resignificaci\u00f3n de las viviendas. Percepci\u00f3n que busca hacernos sensibles a los habitantes ausentes, a los signos dejados en los espacios, a la historia contenida en la piedra y los sue\u00f1os que, alguna vez, provocaron la construcci\u00f3n de estas casas y del centro mismo de la ciudad.<\/p>\n\n\n\n<p>La mirada subjetiva sobre lo urbano se revisita desde otro lugar, en este caso desde la perspectiva de Gabriela Rivadeneira, quien nos invita a ver y escuchar los migrantes a trav\u00e9s de una videoinstalaci\u00f3n que retoma New York, la Babel contempor\u00e1nea. Material audiovisual que da forma a aquello que no lo tiene: los sentimientos encontrados de los migrantes, quienes habitan espacios intermedios entre la partida y la llegada, entre abandonar una vida y construir una nueva. Aqu\u00ed se siente el tejido abirragado, atigrado que compone el d\u00eda a d\u00eda de New York.<\/p>\n\n\n<div class=\"wp-block-image\">\n<figure class=\"aligncenter size-large\"><img fetchpriority=\"high\" decoding=\"async\" width=\"644\" height=\"429\" src=\"https:\/\/www.uartes.edu.ec\/sitio\/wp-content\/uploads\/2023\/11\/10-ENCUENTRO-DE-CIUDADES-MEDELLIN-GUAYAQUIL-644x429.jpg\" alt=\"\" class=\"wp-image-48125\" srcset=\"https:\/\/www.uartes.edu.ec\/sitio\/wp-content\/uploads\/2023\/11\/10-ENCUENTRO-DE-CIUDADES-MEDELLIN-GUAYAQUIL-644x429.jpg 644w, https:\/\/www.uartes.edu.ec\/sitio\/wp-content\/uploads\/2023\/11\/10-ENCUENTRO-DE-CIUDADES-MEDELLIN-GUAYAQUIL-300x200.jpg 300w, https:\/\/www.uartes.edu.ec\/sitio\/wp-content\/uploads\/2023\/11\/10-ENCUENTRO-DE-CIUDADES-MEDELLIN-GUAYAQUIL-768x512.jpg 768w, https:\/\/www.uartes.edu.ec\/sitio\/wp-content\/uploads\/2023\/11\/10-ENCUENTRO-DE-CIUDADES-MEDELLIN-GUAYAQUIL-1536x1024.jpg 1536w, https:\/\/www.uartes.edu.ec\/sitio\/wp-content\/uploads\/2023\/11\/10-ENCUENTRO-DE-CIUDADES-MEDELLIN-GUAYAQUIL-600x400.jpg 600w, https:\/\/www.uartes.edu.ec\/sitio\/wp-content\/uploads\/2023\/11\/10-ENCUENTRO-DE-CIUDADES-MEDELLIN-GUAYAQUIL-400x267.jpg 400w, https:\/\/www.uartes.edu.ec\/sitio\/wp-content\/uploads\/2023\/11\/10-ENCUENTRO-DE-CIUDADES-MEDELLIN-GUAYAQUIL-272x182.jpg 272w, https:\/\/www.uartes.edu.ec\/sitio\/wp-content\/uploads\/2023\/11\/10-ENCUENTRO-DE-CIUDADES-MEDELLIN-GUAYAQUIL.jpg 2000w\" sizes=\"(max-width: 644px) 100vw, 644px\" \/><\/figure>\n<\/div>\n\n\n<h3 class=\"wp-block-heading\">Primer encuentro en Guayaquil<\/h3>\n\n\n\n<p>Cabe anotar que el encuentro tuvo una primera experiencia en 2022, organizada por la Universidad de las Artes en Guayaquil, la cual teji\u00f3 y afianz\u00f3 relaciones entre docentes y estudiantes de la UArtes y del ITM, dando lugar a la planificaci\u00f3n de la segunda cita en Medell\u00edn, a fin de continuar con las indagaciones acerca de las pr\u00e1cticas art\u00edsticas contempor\u00e1neas como formas de resistencia en las ciudades latinoamericanas.<\/p>\n\n\n\n<p>\u201cTodo lo anterior se traduce en un evento pluridimensional y rico en interlocuciones, que, adem\u00e1s, creci\u00f3 este a\u00f1o con la participaci\u00f3n de otras dos instituciones colombianas: el Tecnol\u00f3gico de Artes D\u00e9bora Arango y la Fundaci\u00f3n Universitaria Bellas Artes, ambas dedicadas a la ense\u00f1anza art\u00edstica. La primera ubicada en el Municipio de Envigado, al sur de Medell\u00edn, y la segunda en el centro de la capital antioque\u00f1a, donde se desarroll\u00f3 una parte de los eventos. Esta expansi\u00f3n institucional y geogr\u00e1fica ha permitido, a su vez, la ampliaci\u00f3n de los alcances en las indagaciones conceptuales y en las intervenciones art\u00edsticas alrededor del tema que nos convoca\u201d, se lee en una de las publicaciones virtuales que se hizo del encuentro.<\/p>\n\n\n\n<p>Fotos, cortes\u00eda de los artistas expositores.<\/p>\n","protected":false},"excerpt":{"rendered":"<p>Los artistas y docentes de la Universidad de las Artes Cristian Villavicencio, Gabriela Rivadeneira Crespo y Gabriela Fabre y las alumni Ruth Cruz y Paulina Romero participaron con la exposici\u00f3n colectiva \u201cPr\u00e1cticas Situadas: colisi\u00f3n dislocaci\u00f3n de territorio, tecnolog\u00eda y ciudad\u201d en el \u201cEncuentro de ciudades a trav\u00e9s de las artes: Medell\u00edn \u2013 Envigado \u2013 Guayaquil. Arte, Resistencia y Ciudad\u201d.<\/p>\n","protected":false},"author":10,"featured_media":48115,"comment_status":"open","ping_status":"open","sticky":false,"template":"","format":"standard","meta":{"_acf_changed":false,"_uag_custom_page_level_css":"","_monsterinsights_skip_tracking":false,"_monsterinsights_sitenote_active":false,"_monsterinsights_sitenote_note":"","_monsterinsights_sitenote_category":0,"cybocfi_hide_featured_image":"","footnotes":""},"categories":[80,490,82,157,75,77,284,79],"tags":[1063],"infouartes":[],"class_list":["post-48114","post","type-post","status-publish","format-standard","has-post-thumbnail","hentry","category-academico","category-alumni","category-artes","category-artes-visuales","category-docentes","category-gestion","category-investigacion","category-vinculo","tag-vinculos"],"acf":[],"yoast_head":"<!-- This site is optimized with the Yoast SEO plugin v27.4 - https:\/\/yoast.com\/product\/yoast-seo-wordpress\/ -->\n<title>Universidad de las Artes - Artistas y docentes UArtes llevaron \u201cpr\u00e1cticas situadas\u201d al encuentro de ciudades a trav\u00e9s de las artes Medell\u00edn<\/title>\n<meta name=\"description\" content=\"Universidad de las Artes - Artistas y docentes UArtes llevaron \u201cpr\u00e1cticas situadas\u201d al encuentro de ciudades a trav\u00e9s de las artes Medell\u00edn\" \/>\n<meta name=\"robots\" content=\"index, follow, max-snippet:-1, max-image-preview:large, max-video-preview:-1\" \/>\n<link rel=\"canonical\" href=\"https:\/\/www.uartes.edu.ec\/sitio\/blog\/2023\/11\/08\/artistas-y-docentes-uartes-con-practicas-situadas-en-encuentro-de-ciudades-a-traves-de-las-artes-colombiano\/\" \/>\n<meta property=\"og:locale\" content=\"es_ES\" \/>\n<meta property=\"og:type\" content=\"article\" \/>\n<meta property=\"og:title\" content=\"Universidad de las Artes - Artistas y docentes UArtes llevaron \u201cpr\u00e1cticas situadas\u201d al encuentro de ciudades a trav\u00e9s de las artes Medell\u00edn\" \/>\n<meta property=\"og:description\" content=\"Universidad de las Artes - Artistas y docentes UArtes llevaron \u201cpr\u00e1cticas situadas\u201d al encuentro de ciudades a trav\u00e9s de las artes Medell\u00edn\" \/>\n<meta property=\"og:url\" content=\"https:\/\/www.uartes.edu.ec\/sitio\/blog\/2023\/11\/08\/artistas-y-docentes-uartes-con-practicas-situadas-en-encuentro-de-ciudades-a-traves-de-las-artes-colombiano\/\" \/>\n<meta property=\"og:site_name\" content=\"Universidad de las Artes\" \/>\n<meta property=\"article:publisher\" content=\"https:\/\/www.facebook.com\/uartesec\" \/>\n<meta property=\"article:published_time\" content=\"2023-11-08T20:07:33+00:00\" \/>\n<meta property=\"article:modified_time\" content=\"2024-07-04T16:20:31+00:00\" \/>\n<meta property=\"og:image\" content=\"https:\/\/www.uartes.edu.ec\/sitio\/wp-content\/uploads\/2023\/11\/02-ENCUENTRO-DE-CIUDADES-MEDELLIN-GUAYAQUIL.jpg\" \/>\n\t<meta property=\"og:image:width\" content=\"2000\" \/>\n\t<meta property=\"og:image:height\" content=\"1333\" \/>\n\t<meta property=\"og:image:type\" content=\"image\/jpeg\" \/>\n<meta name=\"author\" content=\"ccortez\" \/>\n<meta name=\"twitter:card\" content=\"summary_large_image\" \/>\n<meta name=\"twitter:creator\" content=\"@uartesec\" \/>\n<meta name=\"twitter:site\" content=\"@uartesec\" \/>\n<meta name=\"twitter:label1\" content=\"Escrito por\" \/>\n\t<meta name=\"twitter:data1\" content=\"ccortez\" \/>\n\t<meta name=\"twitter:label2\" content=\"Tiempo de lectura\" \/>\n\t<meta name=\"twitter:data2\" content=\"4 minutos\" \/>\n<script type=\"application\/ld+json\" class=\"yoast-schema-graph\">{\"@context\":\"https:\\\/\\\/schema.org\",\"@graph\":[{\"@type\":\"Article\",\"@id\":\"https:\\\/\\\/www.uartes.edu.ec\\\/sitio\\\/blog\\\/2023\\\/11\\\/08\\\/artistas-y-docentes-uartes-con-practicas-situadas-en-encuentro-de-ciudades-a-traves-de-las-artes-colombiano\\\/#article\",\"isPartOf\":{\"@id\":\"https:\\\/\\\/www.uartes.edu.ec\\\/sitio\\\/blog\\\/2023\\\/11\\\/08\\\/artistas-y-docentes-uartes-con-practicas-situadas-en-encuentro-de-ciudades-a-traves-de-las-artes-colombiano\\\/\"},\"author\":{\"name\":\"ccortez\",\"@id\":\"https:\\\/\\\/www.uartes.edu.ec\\\/sitio\\\/#\\\/schema\\\/person\\\/efa1b8275797664fd7f13a79ccc0b1f4\"},\"headline\":\"Artistas y docentes UArtes llevaron \u201cpr\u00e1cticas situadas\u201d al encuentro de ciudades a trav\u00e9s de las artes Medell\u00edn\",\"datePublished\":\"2023-11-08T20:07:33+00:00\",\"dateModified\":\"2024-07-04T16:20:31+00:00\",\"mainEntityOfPage\":{\"@id\":\"https:\\\/\\\/www.uartes.edu.ec\\\/sitio\\\/blog\\\/2023\\\/11\\\/08\\\/artistas-y-docentes-uartes-con-practicas-situadas-en-encuentro-de-ciudades-a-traves-de-las-artes-colombiano\\\/\"},\"wordCount\":872,\"commentCount\":0,\"publisher\":{\"@id\":\"https:\\\/\\\/www.uartes.edu.ec\\\/sitio\\\/#organization\"},\"image\":{\"@id\":\"https:\\\/\\\/www.uartes.edu.ec\\\/sitio\\\/blog\\\/2023\\\/11\\\/08\\\/artistas-y-docentes-uartes-con-practicas-situadas-en-encuentro-de-ciudades-a-traves-de-las-artes-colombiano\\\/#primaryimage\"},\"thumbnailUrl\":\"https:\\\/\\\/www.uartes.edu.ec\\\/sitio\\\/wp-content\\\/uploads\\\/2023\\\/11\\\/02-ENCUENTRO-DE-CIUDADES-MEDELLIN-GUAYAQUIL.jpg\",\"keywords\":[\"v\u00ednculos\"],\"articleSection\":[\"Acad\u00e9mico\",\"Alumni\",\"Artes\",\"Artes Visuales\",\"Docentes\",\"Gesti\u00f3n\",\"Investigaci\u00f3n\",\"V\u00ednculo\"],\"inLanguage\":\"es\",\"potentialAction\":[{\"@type\":\"CommentAction\",\"name\":\"Comment\",\"target\":[\"https:\\\/\\\/www.uartes.edu.ec\\\/sitio\\\/blog\\\/2023\\\/11\\\/08\\\/artistas-y-docentes-uartes-con-practicas-situadas-en-encuentro-de-ciudades-a-traves-de-las-artes-colombiano\\\/#respond\"]}]},{\"@type\":[\"WebPage\",\"ItemPage\"],\"@id\":\"https:\\\/\\\/www.uartes.edu.ec\\\/sitio\\\/blog\\\/2023\\\/11\\\/08\\\/artistas-y-docentes-uartes-con-practicas-situadas-en-encuentro-de-ciudades-a-traves-de-las-artes-colombiano\\\/\",\"url\":\"https:\\\/\\\/www.uartes.edu.ec\\\/sitio\\\/blog\\\/2023\\\/11\\\/08\\\/artistas-y-docentes-uartes-con-practicas-situadas-en-encuentro-de-ciudades-a-traves-de-las-artes-colombiano\\\/\",\"name\":\"Universidad de las Artes - Artistas y docentes UArtes llevaron \u201cpr\u00e1cticas situadas\u201d al encuentro de ciudades a trav\u00e9s de las artes Medell\u00edn\",\"isPartOf\":{\"@id\":\"https:\\\/\\\/www.uartes.edu.ec\\\/sitio\\\/#website\"},\"primaryImageOfPage\":{\"@id\":\"https:\\\/\\\/www.uartes.edu.ec\\\/sitio\\\/blog\\\/2023\\\/11\\\/08\\\/artistas-y-docentes-uartes-con-practicas-situadas-en-encuentro-de-ciudades-a-traves-de-las-artes-colombiano\\\/#primaryimage\"},\"image\":{\"@id\":\"https:\\\/\\\/www.uartes.edu.ec\\\/sitio\\\/blog\\\/2023\\\/11\\\/08\\\/artistas-y-docentes-uartes-con-practicas-situadas-en-encuentro-de-ciudades-a-traves-de-las-artes-colombiano\\\/#primaryimage\"},\"thumbnailUrl\":\"https:\\\/\\\/www.uartes.edu.ec\\\/sitio\\\/wp-content\\\/uploads\\\/2023\\\/11\\\/02-ENCUENTRO-DE-CIUDADES-MEDELLIN-GUAYAQUIL.jpg\",\"datePublished\":\"2023-11-08T20:07:33+00:00\",\"dateModified\":\"2024-07-04T16:20:31+00:00\",\"description\":\"Universidad de las Artes - Artistas y docentes UArtes llevaron \u201cpr\u00e1cticas situadas\u201d al encuentro de ciudades a trav\u00e9s de las artes Medell\u00edn\",\"breadcrumb\":{\"@id\":\"https:\\\/\\\/www.uartes.edu.ec\\\/sitio\\\/blog\\\/2023\\\/11\\\/08\\\/artistas-y-docentes-uartes-con-practicas-situadas-en-encuentro-de-ciudades-a-traves-de-las-artes-colombiano\\\/#breadcrumb\"},\"inLanguage\":\"es\",\"potentialAction\":[{\"@type\":\"ReadAction\",\"target\":[\"https:\\\/\\\/www.uartes.edu.ec\\\/sitio\\\/blog\\\/2023\\\/11\\\/08\\\/artistas-y-docentes-uartes-con-practicas-situadas-en-encuentro-de-ciudades-a-traves-de-las-artes-colombiano\\\/\"]}]},{\"@type\":\"ImageObject\",\"inLanguage\":\"es\",\"@id\":\"https:\\\/\\\/www.uartes.edu.ec\\\/sitio\\\/blog\\\/2023\\\/11\\\/08\\\/artistas-y-docentes-uartes-con-practicas-situadas-en-encuentro-de-ciudades-a-traves-de-las-artes-colombiano\\\/#primaryimage\",\"url\":\"https:\\\/\\\/www.uartes.edu.ec\\\/sitio\\\/wp-content\\\/uploads\\\/2023\\\/11\\\/02-ENCUENTRO-DE-CIUDADES-MEDELLIN-GUAYAQUIL.jpg\",\"contentUrl\":\"https:\\\/\\\/www.uartes.edu.ec\\\/sitio\\\/wp-content\\\/uploads\\\/2023\\\/11\\\/02-ENCUENTRO-DE-CIUDADES-MEDELLIN-GUAYAQUIL.jpg\",\"width\":2000,\"height\":1333},{\"@type\":\"BreadcrumbList\",\"@id\":\"https:\\\/\\\/www.uartes.edu.ec\\\/sitio\\\/blog\\\/2023\\\/11\\\/08\\\/artistas-y-docentes-uartes-con-practicas-situadas-en-encuentro-de-ciudades-a-traves-de-las-artes-colombiano\\\/#breadcrumb\",\"itemListElement\":[{\"@type\":\"ListItem\",\"position\":1,\"name\":\"Inicio\",\"item\":\"https:\\\/\\\/www.uartes.edu.ec\\\/sitio\\\/\"},{\"@type\":\"ListItem\",\"position\":2,\"name\":\"Artistas y docentes UArtes llevaron \u201cpr\u00e1cticas situadas\u201d al encuentro de ciudades a trav\u00e9s de las artes Medell\u00edn\"}]},{\"@type\":\"WebSite\",\"@id\":\"https:\\\/\\\/www.uartes.edu.ec\\\/sitio\\\/#website\",\"url\":\"https:\\\/\\\/www.uartes.edu.ec\\\/sitio\\\/\",\"name\":\"Universidad de las Artes\",\"description\":\"Sitio oficial de la Universidad Nacional de las Artes del Ecuador\",\"publisher\":{\"@id\":\"https:\\\/\\\/www.uartes.edu.ec\\\/sitio\\\/#organization\"},\"potentialAction\":[{\"@type\":\"SearchAction\",\"target\":{\"@type\":\"EntryPoint\",\"urlTemplate\":\"https:\\\/\\\/www.uartes.edu.ec\\\/sitio\\\/?s={search_term_string}\"},\"query-input\":{\"@type\":\"PropertyValueSpecification\",\"valueRequired\":true,\"valueName\":\"search_term_string\"}}],\"inLanguage\":\"es\"},{\"@type\":\"Organization\",\"@id\":\"https:\\\/\\\/www.uartes.edu.ec\\\/sitio\\\/#organization\",\"name\":\"Universidad de las Artes\",\"url\":\"https:\\\/\\\/www.uartes.edu.ec\\\/sitio\\\/\",\"logo\":{\"@type\":\"ImageObject\",\"inLanguage\":\"es\",\"@id\":\"https:\\\/\\\/www.uartes.edu.ec\\\/sitio\\\/#\\\/schema\\\/logo\\\/image\\\/\",\"url\":\"https:\\\/\\\/www.uartes.edu.ec\\\/sitio\\\/wp-content\\\/uploads\\\/2022\\\/07\\\/logo-ua-horizontal.png\",\"contentUrl\":\"https:\\\/\\\/www.uartes.edu.ec\\\/sitio\\\/wp-content\\\/uploads\\\/2022\\\/07\\\/logo-ua-horizontal.png\",\"width\":800,\"height\":276,\"caption\":\"Universidad de las Artes\"},\"image\":{\"@id\":\"https:\\\/\\\/www.uartes.edu.ec\\\/sitio\\\/#\\\/schema\\\/logo\\\/image\\\/\"},\"sameAs\":[\"https:\\\/\\\/www.facebook.com\\\/uartesec\",\"https:\\\/\\\/x.com\\\/uartesec\",\"https:\\\/\\\/www.tiktok.com\\\/@uartesec\"]},{\"@type\":\"Person\",\"@id\":\"https:\\\/\\\/www.uartes.edu.ec\\\/sitio\\\/#\\\/schema\\\/person\\\/efa1b8275797664fd7f13a79ccc0b1f4\",\"name\":\"ccortez\",\"image\":{\"@type\":\"ImageObject\",\"inLanguage\":\"es\",\"@id\":\"https:\\\/\\\/secure.gravatar.com\\\/avatar\\\/b2a6f664a3ae8e074346ef91775736c5ec479e637ecced6842de9dc98b5da9cd?s=96&d=mm&r=g\",\"url\":\"https:\\\/\\\/secure.gravatar.com\\\/avatar\\\/b2a6f664a3ae8e074346ef91775736c5ec479e637ecced6842de9dc98b5da9cd?s=96&d=mm&r=g\",\"contentUrl\":\"https:\\\/\\\/secure.gravatar.com\\\/avatar\\\/b2a6f664a3ae8e074346ef91775736c5ec479e637ecced6842de9dc98b5da9cd?s=96&d=mm&r=g\",\"caption\":\"ccortez\"},\"url\":\"https:\\\/\\\/www.uartes.edu.ec\\\/sitio\\\/blog\\\/author\\\/ccortez\\\/\"}]}<\/script>\n<!-- \/ Yoast SEO plugin. -->","yoast_head_json":{"title":"Universidad de las Artes - Artistas y docentes UArtes llevaron \u201cpr\u00e1cticas situadas\u201d al encuentro de ciudades a trav\u00e9s de las artes Medell\u00edn","description":"Universidad de las Artes - Artistas y docentes UArtes llevaron \u201cpr\u00e1cticas situadas\u201d al encuentro de ciudades a trav\u00e9s de las artes Medell\u00edn","robots":{"index":"index","follow":"follow","max-snippet":"max-snippet:-1","max-image-preview":"max-image-preview:large","max-video-preview":"max-video-preview:-1"},"canonical":"https:\/\/www.uartes.edu.ec\/sitio\/blog\/2023\/11\/08\/artistas-y-docentes-uartes-con-practicas-situadas-en-encuentro-de-ciudades-a-traves-de-las-artes-colombiano\/","og_locale":"es_ES","og_type":"article","og_title":"Universidad de las Artes - Artistas y docentes UArtes llevaron \u201cpr\u00e1cticas situadas\u201d al encuentro de ciudades a trav\u00e9s de las artes Medell\u00edn","og_description":"Universidad de las Artes - Artistas y docentes UArtes llevaron \u201cpr\u00e1cticas situadas\u201d al encuentro de ciudades a trav\u00e9s de las artes Medell\u00edn","og_url":"https:\/\/www.uartes.edu.ec\/sitio\/blog\/2023\/11\/08\/artistas-y-docentes-uartes-con-practicas-situadas-en-encuentro-de-ciudades-a-traves-de-las-artes-colombiano\/","og_site_name":"Universidad de las Artes","article_publisher":"https:\/\/www.facebook.com\/uartesec","article_published_time":"2023-11-08T20:07:33+00:00","article_modified_time":"2024-07-04T16:20:31+00:00","og_image":[{"width":2000,"height":1333,"url":"https:\/\/www.uartes.edu.ec\/sitio\/wp-content\/uploads\/2023\/11\/02-ENCUENTRO-DE-CIUDADES-MEDELLIN-GUAYAQUIL.jpg","type":"image\/jpeg"}],"author":"ccortez","twitter_card":"summary_large_image","twitter_creator":"@uartesec","twitter_site":"@uartesec","twitter_misc":{"Escrito por":"ccortez","Tiempo de lectura":"4 minutos"},"schema":{"@context":"https:\/\/schema.org","@graph":[{"@type":"Article","@id":"https:\/\/www.uartes.edu.ec\/sitio\/blog\/2023\/11\/08\/artistas-y-docentes-uartes-con-practicas-situadas-en-encuentro-de-ciudades-a-traves-de-las-artes-colombiano\/#article","isPartOf":{"@id":"https:\/\/www.uartes.edu.ec\/sitio\/blog\/2023\/11\/08\/artistas-y-docentes-uartes-con-practicas-situadas-en-encuentro-de-ciudades-a-traves-de-las-artes-colombiano\/"},"author":{"name":"ccortez","@id":"https:\/\/www.uartes.edu.ec\/sitio\/#\/schema\/person\/efa1b8275797664fd7f13a79ccc0b1f4"},"headline":"Artistas y docentes UArtes llevaron \u201cpr\u00e1cticas situadas\u201d al encuentro de ciudades a trav\u00e9s de las artes Medell\u00edn","datePublished":"2023-11-08T20:07:33+00:00","dateModified":"2024-07-04T16:20:31+00:00","mainEntityOfPage":{"@id":"https:\/\/www.uartes.edu.ec\/sitio\/blog\/2023\/11\/08\/artistas-y-docentes-uartes-con-practicas-situadas-en-encuentro-de-ciudades-a-traves-de-las-artes-colombiano\/"},"wordCount":872,"commentCount":0,"publisher":{"@id":"https:\/\/www.uartes.edu.ec\/sitio\/#organization"},"image":{"@id":"https:\/\/www.uartes.edu.ec\/sitio\/blog\/2023\/11\/08\/artistas-y-docentes-uartes-con-practicas-situadas-en-encuentro-de-ciudades-a-traves-de-las-artes-colombiano\/#primaryimage"},"thumbnailUrl":"https:\/\/www.uartes.edu.ec\/sitio\/wp-content\/uploads\/2023\/11\/02-ENCUENTRO-DE-CIUDADES-MEDELLIN-GUAYAQUIL.jpg","keywords":["v\u00ednculos"],"articleSection":["Acad\u00e9mico","Alumni","Artes","Artes Visuales","Docentes","Gesti\u00f3n","Investigaci\u00f3n","V\u00ednculo"],"inLanguage":"es","potentialAction":[{"@type":"CommentAction","name":"Comment","target":["https:\/\/www.uartes.edu.ec\/sitio\/blog\/2023\/11\/08\/artistas-y-docentes-uartes-con-practicas-situadas-en-encuentro-de-ciudades-a-traves-de-las-artes-colombiano\/#respond"]}]},{"@type":["WebPage","ItemPage"],"@id":"https:\/\/www.uartes.edu.ec\/sitio\/blog\/2023\/11\/08\/artistas-y-docentes-uartes-con-practicas-situadas-en-encuentro-de-ciudades-a-traves-de-las-artes-colombiano\/","url":"https:\/\/www.uartes.edu.ec\/sitio\/blog\/2023\/11\/08\/artistas-y-docentes-uartes-con-practicas-situadas-en-encuentro-de-ciudades-a-traves-de-las-artes-colombiano\/","name":"Universidad de las Artes - Artistas y docentes UArtes llevaron \u201cpr\u00e1cticas situadas\u201d al encuentro de ciudades a trav\u00e9s de las artes Medell\u00edn","isPartOf":{"@id":"https:\/\/www.uartes.edu.ec\/sitio\/#website"},"primaryImageOfPage":{"@id":"https:\/\/www.uartes.edu.ec\/sitio\/blog\/2023\/11\/08\/artistas-y-docentes-uartes-con-practicas-situadas-en-encuentro-de-ciudades-a-traves-de-las-artes-colombiano\/#primaryimage"},"image":{"@id":"https:\/\/www.uartes.edu.ec\/sitio\/blog\/2023\/11\/08\/artistas-y-docentes-uartes-con-practicas-situadas-en-encuentro-de-ciudades-a-traves-de-las-artes-colombiano\/#primaryimage"},"thumbnailUrl":"https:\/\/www.uartes.edu.ec\/sitio\/wp-content\/uploads\/2023\/11\/02-ENCUENTRO-DE-CIUDADES-MEDELLIN-GUAYAQUIL.jpg","datePublished":"2023-11-08T20:07:33+00:00","dateModified":"2024-07-04T16:20:31+00:00","description":"Universidad de las Artes - Artistas y docentes UArtes llevaron \u201cpr\u00e1cticas situadas\u201d al encuentro de ciudades a trav\u00e9s de las artes Medell\u00edn","breadcrumb":{"@id":"https:\/\/www.uartes.edu.ec\/sitio\/blog\/2023\/11\/08\/artistas-y-docentes-uartes-con-practicas-situadas-en-encuentro-de-ciudades-a-traves-de-las-artes-colombiano\/#breadcrumb"},"inLanguage":"es","potentialAction":[{"@type":"ReadAction","target":["https:\/\/www.uartes.edu.ec\/sitio\/blog\/2023\/11\/08\/artistas-y-docentes-uartes-con-practicas-situadas-en-encuentro-de-ciudades-a-traves-de-las-artes-colombiano\/"]}]},{"@type":"ImageObject","inLanguage":"es","@id":"https:\/\/www.uartes.edu.ec\/sitio\/blog\/2023\/11\/08\/artistas-y-docentes-uartes-con-practicas-situadas-en-encuentro-de-ciudades-a-traves-de-las-artes-colombiano\/#primaryimage","url":"https:\/\/www.uartes.edu.ec\/sitio\/wp-content\/uploads\/2023\/11\/02-ENCUENTRO-DE-CIUDADES-MEDELLIN-GUAYAQUIL.jpg","contentUrl":"https:\/\/www.uartes.edu.ec\/sitio\/wp-content\/uploads\/2023\/11\/02-ENCUENTRO-DE-CIUDADES-MEDELLIN-GUAYAQUIL.jpg","width":2000,"height":1333},{"@type":"BreadcrumbList","@id":"https:\/\/www.uartes.edu.ec\/sitio\/blog\/2023\/11\/08\/artistas-y-docentes-uartes-con-practicas-situadas-en-encuentro-de-ciudades-a-traves-de-las-artes-colombiano\/#breadcrumb","itemListElement":[{"@type":"ListItem","position":1,"name":"Inicio","item":"https:\/\/www.uartes.edu.ec\/sitio\/"},{"@type":"ListItem","position":2,"name":"Artistas y docentes UArtes llevaron \u201cpr\u00e1cticas situadas\u201d al encuentro de ciudades a trav\u00e9s de las artes Medell\u00edn"}]},{"@type":"WebSite","@id":"https:\/\/www.uartes.edu.ec\/sitio\/#website","url":"https:\/\/www.uartes.edu.ec\/sitio\/","name":"Universidad de las Artes","description":"Sitio oficial de la Universidad Nacional de las Artes del Ecuador","publisher":{"@id":"https:\/\/www.uartes.edu.ec\/sitio\/#organization"},"potentialAction":[{"@type":"SearchAction","target":{"@type":"EntryPoint","urlTemplate":"https:\/\/www.uartes.edu.ec\/sitio\/?s={search_term_string}"},"query-input":{"@type":"PropertyValueSpecification","valueRequired":true,"valueName":"search_term_string"}}],"inLanguage":"es"},{"@type":"Organization","@id":"https:\/\/www.uartes.edu.ec\/sitio\/#organization","name":"Universidad de las Artes","url":"https:\/\/www.uartes.edu.ec\/sitio\/","logo":{"@type":"ImageObject","inLanguage":"es","@id":"https:\/\/www.uartes.edu.ec\/sitio\/#\/schema\/logo\/image\/","url":"https:\/\/www.uartes.edu.ec\/sitio\/wp-content\/uploads\/2022\/07\/logo-ua-horizontal.png","contentUrl":"https:\/\/www.uartes.edu.ec\/sitio\/wp-content\/uploads\/2022\/07\/logo-ua-horizontal.png","width":800,"height":276,"caption":"Universidad de las Artes"},"image":{"@id":"https:\/\/www.uartes.edu.ec\/sitio\/#\/schema\/logo\/image\/"},"sameAs":["https:\/\/www.facebook.com\/uartesec","https:\/\/x.com\/uartesec","https:\/\/www.tiktok.com\/@uartesec"]},{"@type":"Person","@id":"https:\/\/www.uartes.edu.ec\/sitio\/#\/schema\/person\/efa1b8275797664fd7f13a79ccc0b1f4","name":"ccortez","image":{"@type":"ImageObject","inLanguage":"es","@id":"https:\/\/secure.gravatar.com\/avatar\/b2a6f664a3ae8e074346ef91775736c5ec479e637ecced6842de9dc98b5da9cd?s=96&d=mm&r=g","url":"https:\/\/secure.gravatar.com\/avatar\/b2a6f664a3ae8e074346ef91775736c5ec479e637ecced6842de9dc98b5da9cd?s=96&d=mm&r=g","contentUrl":"https:\/\/secure.gravatar.com\/avatar\/b2a6f664a3ae8e074346ef91775736c5ec479e637ecced6842de9dc98b5da9cd?s=96&d=mm&r=g","caption":"ccortez"},"url":"https:\/\/www.uartes.edu.ec\/sitio\/blog\/author\/ccortez\/"}]}},"uagb_featured_image_src":{"full":["https:\/\/www.uartes.edu.ec\/sitio\/wp-content\/uploads\/2023\/11\/02-ENCUENTRO-DE-CIUDADES-MEDELLIN-GUAYAQUIL.jpg",2000,1333,false],"thumbnail":["https:\/\/www.uartes.edu.ec\/sitio\/wp-content\/uploads\/2023\/11\/02-ENCUENTRO-DE-CIUDADES-MEDELLIN-GUAYAQUIL-150x150.jpg",150,150,true],"medium":["https:\/\/www.uartes.edu.ec\/sitio\/wp-content\/uploads\/2023\/11\/02-ENCUENTRO-DE-CIUDADES-MEDELLIN-GUAYAQUIL-300x200.jpg",300,200,true],"medium_large":["https:\/\/www.uartes.edu.ec\/sitio\/wp-content\/uploads\/2023\/11\/02-ENCUENTRO-DE-CIUDADES-MEDELLIN-GUAYAQUIL-768x512.jpg",768,512,true],"large":["https:\/\/www.uartes.edu.ec\/sitio\/wp-content\/uploads\/2023\/11\/02-ENCUENTRO-DE-CIUDADES-MEDELLIN-GUAYAQUIL-644x429.jpg",644,429,true],"1536x1536":["https:\/\/www.uartes.edu.ec\/sitio\/wp-content\/uploads\/2023\/11\/02-ENCUENTRO-DE-CIUDADES-MEDELLIN-GUAYAQUIL-1536x1024.jpg",1536,1024,true],"2048x2048":["https:\/\/www.uartes.edu.ec\/sitio\/wp-content\/uploads\/2023\/11\/02-ENCUENTRO-DE-CIUDADES-MEDELLIN-GUAYAQUIL.jpg",2000,1333,false],"trp-custom-language-flag":["https:\/\/www.uartes.edu.ec\/sitio\/wp-content\/uploads\/2023\/11\/02-ENCUENTRO-DE-CIUDADES-MEDELLIN-GUAYAQUIL.jpg",18,12,false],"htmega_size_585x295":["https:\/\/www.uartes.edu.ec\/sitio\/wp-content\/uploads\/2023\/11\/02-ENCUENTRO-DE-CIUDADES-MEDELLIN-GUAYAQUIL-585x295.jpg",585,295,true],"htmega_size_1170x536":["https:\/\/www.uartes.edu.ec\/sitio\/wp-content\/uploads\/2023\/11\/02-ENCUENTRO-DE-CIUDADES-MEDELLIN-GUAYAQUIL-1170x536.jpg",1170,536,true],"htmega_size_396x360":["https:\/\/www.uartes.edu.ec\/sitio\/wp-content\/uploads\/2023\/11\/02-ENCUENTRO-DE-CIUDADES-MEDELLIN-GUAYAQUIL-396x360.jpg",396,360,true],"gb-block-post-grid-landscape":["https:\/\/www.uartes.edu.ec\/sitio\/wp-content\/uploads\/2023\/11\/02-ENCUENTRO-DE-CIUDADES-MEDELLIN-GUAYAQUIL-600x400.jpg",600,400,true],"gb-block-post-grid-square":["https:\/\/www.uartes.edu.ec\/sitio\/wp-content\/uploads\/2023\/11\/02-ENCUENTRO-DE-CIUDADES-MEDELLIN-GUAYAQUIL-600x600.jpg",600,600,true],"university-hub-thumb":["https:\/\/www.uartes.edu.ec\/sitio\/wp-content\/uploads\/2023\/11\/02-ENCUENTRO-DE-CIUDADES-MEDELLIN-GUAYAQUIL-400x267.jpg",400,267,true]},"uagb_author_info":{"display_name":"ccortez","author_link":"https:\/\/www.uartes.edu.ec\/sitio\/blog\/author\/ccortez\/"},"uagb_comment_info":0,"uagb_excerpt":"Los artistas y docentes de la Universidad de las Artes Cristian Villavicencio, Gabriela Rivadeneira Crespo y Gabriela Fabre y las alumni Ruth Cruz y Paulina Romero participaron con la exposici\u00f3n colectiva \u201cPr\u00e1cticas Situadas: colisi\u00f3n dislocaci\u00f3n de territorio, tecnolog\u00eda y ciudad\u201d en el \u201cEncuentro de ciudades a trav\u00e9s de las artes: Medell\u00edn \u2013 Envigado \u2013 Guayaquil.&hellip;","featured_image_src":"https:\/\/www.uartes.edu.ec\/sitio\/wp-content\/uploads\/2023\/11\/02-ENCUENTRO-DE-CIUDADES-MEDELLIN-GUAYAQUIL-600x400.jpg","featured_image_src_square":"https:\/\/www.uartes.edu.ec\/sitio\/wp-content\/uploads\/2023\/11\/02-ENCUENTRO-DE-CIUDADES-MEDELLIN-GUAYAQUIL-600x600.jpg","author_info":{"display_name":"ccortez","author_link":"https:\/\/www.uartes.edu.ec\/sitio\/blog\/author\/ccortez\/"},"publishpress_future_workflow_manual_trigger":{"enabledWorkflows":[]},"distributor_meta":false,"distributor_terms":false,"distributor_media":false,"distributor_original_site_name":"Universidad de las Artes","distributor_original_site_url":"https:\/\/www.uartes.edu.ec\/sitio","push-errors":false,"_links":{"self":[{"href":"https:\/\/www.uartes.edu.ec\/sitio\/wp-json\/wp\/v2\/posts\/48114","targetHints":{"allow":["GET"]}}],"collection":[{"href":"https:\/\/www.uartes.edu.ec\/sitio\/wp-json\/wp\/v2\/posts"}],"about":[{"href":"https:\/\/www.uartes.edu.ec\/sitio\/wp-json\/wp\/v2\/types\/post"}],"author":[{"embeddable":true,"href":"https:\/\/www.uartes.edu.ec\/sitio\/wp-json\/wp\/v2\/users\/10"}],"replies":[{"embeddable":true,"href":"https:\/\/www.uartes.edu.ec\/sitio\/wp-json\/wp\/v2\/comments?post=48114"}],"version-history":[{"count":8,"href":"https:\/\/www.uartes.edu.ec\/sitio\/wp-json\/wp\/v2\/posts\/48114\/revisions"}],"predecessor-version":[{"id":56932,"href":"https:\/\/www.uartes.edu.ec\/sitio\/wp-json\/wp\/v2\/posts\/48114\/revisions\/56932"}],"wp:featuredmedia":[{"embeddable":true,"href":"https:\/\/www.uartes.edu.ec\/sitio\/wp-json\/wp\/v2\/media\/48115"}],"wp:attachment":[{"href":"https:\/\/www.uartes.edu.ec\/sitio\/wp-json\/wp\/v2\/media?parent=48114"}],"wp:term":[{"taxonomy":"category","embeddable":true,"href":"https:\/\/www.uartes.edu.ec\/sitio\/wp-json\/wp\/v2\/categories?post=48114"},{"taxonomy":"post_tag","embeddable":true,"href":"https:\/\/www.uartes.edu.ec\/sitio\/wp-json\/wp\/v2\/tags?post=48114"},{"taxonomy":"infouartes","embeddable":true,"href":"https:\/\/www.uartes.edu.ec\/sitio\/wp-json\/wp\/v2\/infouartes?post=48114"}],"curies":[{"name":"wp","href":"https:\/\/api.w.org\/{rel}","templated":true}]}}