{"id":48237,"date":"2023-11-09T17:47:00","date_gmt":"2023-11-09T22:47:00","guid":{"rendered":"https:\/\/www.uartes.edu.ec\/sitio\/?p=48237"},"modified":"2025-08-07T10:04:18","modified_gmt":"2025-08-07T15:04:18","slug":"muestra-homonima-del-libro-sonar-y-vivir-la-selva-poesia-desde-el-yasuni-en-el-cif-del-mz14","status":"publish","type":"post","link":"https:\/\/www.uartes.edu.ec\/sitio\/blog\/2023\/11\/09\/muestra-homonima-del-libro-sonar-y-vivir-la-selva-poesia-desde-el-yasuni-en-el-cif-del-mz14\/","title":{"rendered":"Muestra hom\u00f3nima de obra \u201cSo\u00f1ar y vivir la selva: poes\u00eda desde el Yasun\u00ed\u201d, en MZ14 por Libre Libro hasta este 23"},"content":{"rendered":"\n<p>Una puerta abierta a la imaginaci\u00f3n. Es la sensaci\u00f3n que produce ingresar a MZ14, el Centro de Producci\u00f3n e Innovaci\u00f3n de la Universidad de las Artes que desde este mi\u00e9rcoles 8 de noviembre alberga en su Plaza P\u00fablica los stands de las librer\u00edas y editoriales independientes presentes en la novena edici\u00f3n de Libre Libro, as\u00ed como la mayor\u00eda de las m\u00e1s de 40 actividades programadas hasta este s\u00e1bado 11; otra de las sedes es la Biblioteca de las Artes.<\/p>\n\n\n\n<p>Tras surcar por los stands y el gran n\u00famero de obras esperando ser requeridas, hojeadas y adquiridas, en la Galer\u00eda del CIF, cercana al epicentro del recinto ferial, est\u00e1 la exposici\u00f3n de \u201cSo\u00f1ar y vivir la selva: poes\u00eda desde el Yasun\u00ed\u201d, que deriva del libro del mismo nombre editado por Mar\u00eda Alejandra Zambrano, escritora, docente y directora de la Escuela de Literatura de la UArtes; dise\u00f1ado por Mar\u00eda Mercedes Salgado; y publicado por UArtes Ediciones, colecci\u00f3n Infancias.<\/p>\n\n\n<div class=\"wp-block-image\">\n<figure class=\"aligncenter size-large\"><img fetchpriority=\"high\" decoding=\"async\" width=\"644\" height=\"429\" src=\"https:\/\/www.uartes.edu.ec\/sitio\/wp-content\/uploads\/2023\/11\/09-LIBRE-LIBRO-2023-644x429.jpg\" alt=\"\" class=\"wp-image-48239\" srcset=\"https:\/\/www.uartes.edu.ec\/sitio\/wp-content\/uploads\/2023\/11\/09-LIBRE-LIBRO-2023-644x429.jpg 644w, https:\/\/www.uartes.edu.ec\/sitio\/wp-content\/uploads\/2023\/11\/09-LIBRE-LIBRO-2023-768x511.jpg 768w, https:\/\/www.uartes.edu.ec\/sitio\/wp-content\/uploads\/2023\/11\/09-LIBRE-LIBRO-2023.jpg 2000w, https:\/\/www.uartes.edu.ec\/sitio\/wp-content\/uploads\/2023\/11\/09-LIBRE-LIBRO-2023-600x399.jpg 600w, https:\/\/www.uartes.edu.ec\/sitio\/wp-content\/uploads\/2023\/11\/09-LIBRE-LIBRO-2023-272x182.jpg 272w\" sizes=\"(max-width: 644px) 100vw, 644px\" \/><\/figure>\n<\/div>\n\n\t\t\t\t\t<div\n\t\t\t\t\t\tclass=\"wp-block-uagb-image-gallery uagb-block-0b39509d     \"\n\t\t\t\t\t\tstyle=\"\"\n\t\t\t\t\t>\n\t\t\t\t\t\t\t\t\t\t\t<div class=\"spectra-image-gallery spectra-image-gallery__layout--grid spectra-image-gallery__layout--grid-col-2 spectra-image-gallery__layout--grid-col-tab-2 spectra-image-gallery__layout--grid-col-mob-2\">\n\t\t\t\t\t\t\t\t\t\t\t<div class='spectra-image-gallery__media-wrapper' data-spectra-gallery-image-id='48241' tabindex=\"0\">\n\t\t\t\t\t\t\t<div class=\"spectra-image-gallery__media spectra-image-gallery__media--grid\">\n\t\t\t\t<picture>\n\t\t\t\t\t<source media=\"(min-width: 1024px)\" srcset=\"https:\/\/www.uartes.edu.ec\/sitio\/wp-content\/uploads\/2023\/11\/14-LIBRE-LIBRO-2023-644x429.jpg\">\n\t\t\t\t\t<source media=\"(min-width: 768px)\" srcset=\"https:\/\/www.uartes.edu.ec\/sitio\/wp-content\/uploads\/2023\/11\/14-LIBRE-LIBRO-2023-644x429.jpg\">\n\t\t\t\t\t<img decoding=\"async\" class=\"spectra-image-gallery__media-thumbnail spectra-image-gallery__media-thumbnail--grid\" src=\"https:\/\/www.uartes.edu.ec\/sitio\/wp-content\/uploads\/2023\/11\/14-LIBRE-LIBRO-2023-300x200.jpg\" alt=\"\" loading=\"lazy\" \/>\n\t\t\t\t<\/picture>\n\t\t\t\t<div class=\"spectra-image-gallery__media-thumbnail-blurrer\"><\/div>\n\t\t\t\t\t\t\t\t\t\t\t<div class=\"spectra-image-gallery__media-thumbnail-caption-wrapper spectra-image-gallery__media-thumbnail-caption-wrapper--overlay\">\n\t\t\t\t\t\t\t\t\t\t\t<div class=\"spectra-image-gallery__media-thumbnail-caption spectra-image-gallery__media-thumbnail-caption--overlay\">\n\t\t\t\t\tSin leyenda\t\t\t\t<\/div>\n\t\t\t\t\t\t\t\t\t\t<\/div>\n\t\t\t\t\t\t\t\t\t<\/div>\n\t\t\t\t\t\t<\/div>\n\t\t\t\t\t\t<div class='spectra-image-gallery__media-wrapper' data-spectra-gallery-image-id='48242' tabindex=\"0\">\n\t\t\t\t\t\t\t<div class=\"spectra-image-gallery__media spectra-image-gallery__media--grid\">\n\t\t\t\t<picture>\n\t\t\t\t\t<source media=\"(min-width: 1024px)\" srcset=\"https:\/\/www.uartes.edu.ec\/sitio\/wp-content\/uploads\/2023\/11\/12-LIBRE-LIBRO-2023-644x429.jpg\">\n\t\t\t\t\t<source media=\"(min-width: 768px)\" srcset=\"https:\/\/www.uartes.edu.ec\/sitio\/wp-content\/uploads\/2023\/11\/12-LIBRE-LIBRO-2023-644x429.jpg\">\n\t\t\t\t\t<img decoding=\"async\" class=\"spectra-image-gallery__media-thumbnail spectra-image-gallery__media-thumbnail--grid\" src=\"https:\/\/www.uartes.edu.ec\/sitio\/wp-content\/uploads\/2023\/11\/12-LIBRE-LIBRO-2023-300x200.jpg\" alt=\"\" loading=\"lazy\" \/>\n\t\t\t\t<\/picture>\n\t\t\t\t<div class=\"spectra-image-gallery__media-thumbnail-blurrer\"><\/div>\n\t\t\t\t\t\t\t\t\t\t\t<div class=\"spectra-image-gallery__media-thumbnail-caption-wrapper spectra-image-gallery__media-thumbnail-caption-wrapper--overlay\">\n\t\t\t\t\t\t\t\t\t\t\t<div class=\"spectra-image-gallery__media-thumbnail-caption spectra-image-gallery__media-thumbnail-caption--overlay\">\n\t\t\t\t\tSin leyenda\t\t\t\t<\/div>\n\t\t\t\t\t\t\t\t\t\t<\/div>\n\t\t\t\t\t\t\t\t\t<\/div>\n\t\t\t\t\t\t<\/div>\n\t\t\t\t\t\t\t\t\t\t<\/div>\n\t\t\t\t\t\t\t\t\t\t\t\t\t\t\t\t\t\t<\/div>\n\t\t\t\t\t\t\t\t\t\n\n\n<p><\/p>\n\n\n\n<p>Al ingresar, las ampliaciones de parte de su contenido, tanto de texto como de fotograf\u00edas, plasmadas de pared a pared y de piso a techo, recibe al visitante para sumergirlo en fant\u00e1sticas creaciones. Los poemas \u201cEl animal que no existe\u201d, de Mar\u00eda Auxiliadora Balladares; \u201cUna jirafa me encuentra\u201d, de Mar\u00eda Fernanda Mart\u00ednez; \u201cExteriores\u201d, de Maritza Cino; \u201cAbuelos en la maleza\u201d, de Yuliana Ortiz; y \u201cLo que es\u201d, de Giulianna Zambrano. Un ejemplar del libro en un pedestal esperando ser le\u00eddo, una barca con el nombre Priscila, videos instalaciones, igualmente en grandes dimensiones el ep\u00edlogo de Diego Mosquera y el escrito \u201cQu\u00e9 clase de bosques son los de tras de los Andes\u201d, cuyo autor es Juan Le\u00f3n Mera.<\/p>\n\n\n\n<p>La muestra fue inaugurada en la jornada vespertina del primer d\u00eda de la IX edici\u00f3n de Libre Libro, el encuentro de editoriales independientes y feria de publicaciones 2023 que la UArtes y su Escuela de Literatura realizan anualmente. Previamente hubo un conversatorio moderado por Jos\u00e9 Miguel Cabrera, director del sello editorial de la universidad y en el que el ec\u00f3logo Diego Mosquera, el docente Nicolas Schvarzberg y Mar\u00eda Alejandra Zambrano, hablaron de la producci\u00f3n de la obra, iniciada en 2019.&nbsp;<\/p>\n\n\n\n<p>\u201cSo\u00f1ar y vivir la selva: poes\u00eda desde el Yasun\u00ed\u201d nace de una iniciativa art\u00edstisco-ambiental llevada a cabo en la comunidad Waorani de Guiyero en la provincia de Orellana, dentro del bloque de Repsol; la coordinaci\u00f3n del proyecto cont\u00f3 con el apoyo de la Universidad de Houston-Downtown y la Estaci\u00f3n de Biodiversidad Tiputini de la Universidad San Francisco de Quito. &nbsp;<\/p>\n\n\n\t\t\t\t\t<div\n\t\t\t\t\t\tclass=\"wp-block-uagb-image-gallery uagb-block-011f62a7     \"\n\t\t\t\t\t\tstyle=\"\"\n\t\t\t\t\t>\n\t\t\t\t\t\t\t\t\t\t\t<div class=\"spectra-image-gallery spectra-image-gallery__layout--grid spectra-image-gallery__layout--grid-col-2 spectra-image-gallery__layout--grid-col-tab-2 spectra-image-gallery__layout--grid-col-mob-2\">\n\t\t\t\t\t\t\t\t\t\t\t<div class='spectra-image-gallery__media-wrapper' data-spectra-gallery-image-id='48243' tabindex=\"0\">\n\t\t\t\t\t\t\t<div class=\"spectra-image-gallery__media spectra-image-gallery__media--grid\">\n\t\t\t\t<picture>\n\t\t\t\t\t<source media=\"(min-width: 1024px)\" srcset=\"https:\/\/www.uartes.edu.ec\/sitio\/wp-content\/uploads\/2023\/11\/18-LIBRE-LIBRO-2023-644x429.jpg\">\n\t\t\t\t\t<source media=\"(min-width: 768px)\" srcset=\"https:\/\/www.uartes.edu.ec\/sitio\/wp-content\/uploads\/2023\/11\/18-LIBRE-LIBRO-2023-644x429.jpg\">\n\t\t\t\t\t<img decoding=\"async\" class=\"spectra-image-gallery__media-thumbnail spectra-image-gallery__media-thumbnail--grid\" src=\"https:\/\/www.uartes.edu.ec\/sitio\/wp-content\/uploads\/2023\/11\/18-LIBRE-LIBRO-2023-300x200.jpg\" alt=\"\" loading=\"lazy\" \/>\n\t\t\t\t<\/picture>\n\t\t\t\t<div class=\"spectra-image-gallery__media-thumbnail-blurrer\"><\/div>\n\t\t\t\t\t\t\t\t\t\t\t<div class=\"spectra-image-gallery__media-thumbnail-caption-wrapper spectra-image-gallery__media-thumbnail-caption-wrapper--overlay\">\n\t\t\t\t\t\t\t\t\t\t\t<div class=\"spectra-image-gallery__media-thumbnail-caption spectra-image-gallery__media-thumbnail-caption--overlay\">\n\t\t\t\t\tSin leyenda\t\t\t\t<\/div>\n\t\t\t\t\t\t\t\t\t\t<\/div>\n\t\t\t\t\t\t\t\t\t<\/div>\n\t\t\t\t\t\t<\/div>\n\t\t\t\t\t\t<div class='spectra-image-gallery__media-wrapper' data-spectra-gallery-image-id='48244' tabindex=\"0\">\n\t\t\t\t\t\t\t<div class=\"spectra-image-gallery__media spectra-image-gallery__media--grid\">\n\t\t\t\t<picture>\n\t\t\t\t\t<source media=\"(min-width: 1024px)\" srcset=\"https:\/\/www.uartes.edu.ec\/sitio\/wp-content\/uploads\/2023\/11\/17-LIBRE-LIBRO-2023-644x429.jpg\">\n\t\t\t\t\t<source media=\"(min-width: 768px)\" srcset=\"https:\/\/www.uartes.edu.ec\/sitio\/wp-content\/uploads\/2023\/11\/17-LIBRE-LIBRO-2023-644x429.jpg\">\n\t\t\t\t\t<img decoding=\"async\" class=\"spectra-image-gallery__media-thumbnail spectra-image-gallery__media-thumbnail--grid\" src=\"https:\/\/www.uartes.edu.ec\/sitio\/wp-content\/uploads\/2023\/11\/17-LIBRE-LIBRO-2023-300x200.jpg\" alt=\"\" loading=\"lazy\" \/>\n\t\t\t\t<\/picture>\n\t\t\t\t<div class=\"spectra-image-gallery__media-thumbnail-blurrer\"><\/div>\n\t\t\t\t\t\t\t\t\t\t\t<div class=\"spectra-image-gallery__media-thumbnail-caption-wrapper spectra-image-gallery__media-thumbnail-caption-wrapper--overlay\">\n\t\t\t\t\t\t\t\t\t\t\t<div class=\"spectra-image-gallery__media-thumbnail-caption spectra-image-gallery__media-thumbnail-caption--overlay\">\n\t\t\t\t\tSin leyenda\t\t\t\t<\/div>\n\t\t\t\t\t\t\t\t\t\t<\/div>\n\t\t\t\t\t\t\t\t\t<\/div>\n\t\t\t\t\t\t<\/div>\n\t\t\t\t\t\t\t\t\t\t<\/div>\n\t\t\t\t\t\t\t\t\t\t\t\t\t\t\t\t\t\t<\/div>\n\t\t\t\t\t\t\t\t\t\n\n<div class=\"wp-block-image\">\n<figure class=\"aligncenter size-large\"><img decoding=\"async\" width=\"644\" height=\"429\" src=\"https:\/\/www.uartes.edu.ec\/sitio\/wp-content\/uploads\/2023\/11\/13-LIBRE-LIBRO-2023-644x429.jpg\" alt=\"\" class=\"wp-image-48240\" srcset=\"https:\/\/www.uartes.edu.ec\/sitio\/wp-content\/uploads\/2023\/11\/13-LIBRE-LIBRO-2023-644x429.jpg 644w, https:\/\/www.uartes.edu.ec\/sitio\/wp-content\/uploads\/2023\/11\/13-LIBRE-LIBRO-2023-768x511.jpg 768w, https:\/\/www.uartes.edu.ec\/sitio\/wp-content\/uploads\/2023\/11\/13-LIBRE-LIBRO-2023.jpg 2000w, https:\/\/www.uartes.edu.ec\/sitio\/wp-content\/uploads\/2023\/11\/13-LIBRE-LIBRO-2023-600x399.jpg 600w, https:\/\/www.uartes.edu.ec\/sitio\/wp-content\/uploads\/2023\/11\/13-LIBRE-LIBRO-2023-272x182.jpg 272w\" sizes=\"(max-width: 644px) 100vw, 644px\" \/><\/figure>\n<\/div>\n\n\n<p>En la muestra del CIF, la selecci\u00f3n de fotograf\u00edas de animales y paisaje son del ec\u00f3logo Mosquera, logradas en la Tiputini Biodiversity Station de la USFQ, as\u00ed como sonidos del bosque amaz\u00f3nico y videos de ni\u00f1os y ni\u00f1as de la comunidad Waorani de Guiyero que participaron de los talleres de educaci\u00f3n art\u00edstico-ambiental.&nbsp;<\/p>\n\n\n\n<p>El libro en el que se sustenta la muestra est\u00e1, justamente, concebido para ni\u00f1os y ni\u00f1as, mas ning\u00fan adulto debe perd\u00e9rsela, incluso preciso es tomarla como herramienta para el aprendizaje. La publicaci\u00f3n, se anot\u00f3 en el conversatorio, es posible gracias a la beca SAPPI: Ideas That Matter 2022. La propuesta presentada por la Prof. Natacha Poggio de la Universidad de Houston-Downtown, becaria Fulbright en la Escuela de Literatura en el per\u00edodo 2022B, fue uno de los seis proyectos seleccionados a nivel mundial. La organizaci\u00f3n beneficiaria fue La Poderosa Media Project, integrada, entre otros, por Mosquera, Schvarzberg y Zambrano.<\/p>\n\n\n\n<p>La muestra \u201cSo\u00f1ar y vivir la selva: poes\u00eda desde el Yasun\u00ed\u201d estar\u00e1 abierta al p\u00fablico hasta el 23 de noviembre y tendr\u00e1 actividades l\u00fadicas todos los d\u00edas, como mediaciones lectoras, taller de t\u00edteres, conversaciones sobre ecolog\u00eda, lectura de poes\u00eda, etc.<\/p>\n","protected":false},"excerpt":{"rendered":"<p>Una puerta abierta a la imaginaci\u00f3n. Es la sensaci\u00f3n que produce ingresar a MZ14, que desde este 8 de noviembre alberga en su Plaza P\u00fablica los stands de las librer\u00edas y editoriales independientes presentes en la IX edici\u00f3n de Libre Libro. Se han agendado m\u00e1s de 40 actividades hasta el s\u00e1bado 11, como la muestra \u201cSo\u00f1ar y vivir la selva: poes\u00eda desde el Yasun\u00ed\u201d de la publicaci\u00f3n hom\u00f3nima de UArtes Ediciones.<\/p>\n","protected":false},"author":10,"featured_media":48238,"comment_status":"open","ping_status":"open","sticky":false,"template":"","format":"standard","meta":{"_acf_changed":false,"_uag_custom_page_level_css":"","_monsterinsights_skip_tracking":false,"_monsterinsights_sitenote_active":false,"_monsterinsights_sitenote_note":"","_monsterinsights_sitenote_category":0,"cybocfi_hide_featured_image":"","footnotes":""},"categories":[80,438,490,75,76,77,175,83],"tags":[547,106],"infouartes":[],"class_list":["post-48237","post","type-post","status-publish","format-standard","has-post-thumbnail","hentry","category-academico","category-administrativos","category-alumni","category-docentes","category-estudiantes","category-gestion","category-literatura","category-sedes","tag-libre-libro","tag-mz14"],"acf":[],"yoast_head":"<!-- This site is optimized with the Yoast SEO plugin v27.4 - https:\/\/yoast.com\/product\/yoast-seo-wordpress\/ -->\n<title>Universidad de las Artes - Muestra hom\u00f3nima de obra \u201cSo\u00f1ar y vivir la selva: poes\u00eda desde el Yasun\u00ed\u201d, en MZ14 por Libre Libro hasta este 23<\/title>\n<meta name=\"description\" content=\"Universidad de las Artes - Muestra hom\u00f3nima de obra \u201cSo\u00f1ar y vivir la selva: poes\u00eda desde el Yasun\u00ed\u201d, en MZ14 por Libre Libro hasta este 23\" \/>\n<meta name=\"robots\" content=\"index, follow, max-snippet:-1, max-image-preview:large, max-video-preview:-1\" \/>\n<link rel=\"canonical\" href=\"https:\/\/www.uartes.edu.ec\/sitio\/blog\/2023\/11\/09\/muestra-homonima-del-libro-sonar-y-vivir-la-selva-poesia-desde-el-yasuni-en-el-cif-del-mz14\/\" \/>\n<meta property=\"og:locale\" content=\"es_ES\" \/>\n<meta property=\"og:type\" content=\"article\" \/>\n<meta property=\"og:title\" content=\"Universidad de las Artes - Muestra hom\u00f3nima de obra \u201cSo\u00f1ar y vivir la selva: poes\u00eda desde el Yasun\u00ed\u201d, en MZ14 por Libre Libro hasta este 23\" \/>\n<meta property=\"og:description\" content=\"Universidad de las Artes - Muestra hom\u00f3nima de obra \u201cSo\u00f1ar y vivir la selva: poes\u00eda desde el Yasun\u00ed\u201d, en MZ14 por Libre Libro hasta este 23\" \/>\n<meta property=\"og:url\" content=\"https:\/\/www.uartes.edu.ec\/sitio\/blog\/2023\/11\/09\/muestra-homonima-del-libro-sonar-y-vivir-la-selva-poesia-desde-el-yasuni-en-el-cif-del-mz14\/\" \/>\n<meta property=\"og:site_name\" content=\"Universidad de las Artes\" \/>\n<meta property=\"article:publisher\" content=\"https:\/\/www.facebook.com\/uartesec\" \/>\n<meta property=\"article:published_time\" content=\"2023-11-09T22:47:00+00:00\" \/>\n<meta property=\"article:modified_time\" content=\"2025-08-07T15:04:18+00:00\" \/>\n<meta property=\"og:image\" content=\"https:\/\/www.uartes.edu.ec\/sitio\/wp-content\/uploads\/2023\/11\/10-LIBRE-LIBRO-2023-1.jpg\" \/>\n\t<meta property=\"og:image:width\" content=\"2000\" \/>\n\t<meta property=\"og:image:height\" content=\"1333\" \/>\n\t<meta property=\"og:image:type\" content=\"image\/jpeg\" \/>\n<meta name=\"author\" content=\"ccortez\" \/>\n<meta name=\"twitter:card\" content=\"summary_large_image\" \/>\n<meta name=\"twitter:creator\" content=\"@uartesec\" \/>\n<meta name=\"twitter:site\" content=\"@uartesec\" \/>\n<meta name=\"twitter:label1\" content=\"Escrito por\" \/>\n\t<meta name=\"twitter:data1\" content=\"ccortez\" \/>\n\t<meta name=\"twitter:label2\" content=\"Tiempo de lectura\" \/>\n\t<meta name=\"twitter:data2\" content=\"4 minutos\" \/>\n<script type=\"application\/ld+json\" class=\"yoast-schema-graph\">{\"@context\":\"https:\\\/\\\/schema.org\",\"@graph\":[{\"@type\":\"Article\",\"@id\":\"https:\\\/\\\/www.uartes.edu.ec\\\/sitio\\\/blog\\\/2023\\\/11\\\/09\\\/muestra-homonima-del-libro-sonar-y-vivir-la-selva-poesia-desde-el-yasuni-en-el-cif-del-mz14\\\/#article\",\"isPartOf\":{\"@id\":\"https:\\\/\\\/www.uartes.edu.ec\\\/sitio\\\/blog\\\/2023\\\/11\\\/09\\\/muestra-homonima-del-libro-sonar-y-vivir-la-selva-poesia-desde-el-yasuni-en-el-cif-del-mz14\\\/\"},\"author\":{\"name\":\"ccortez\",\"@id\":\"https:\\\/\\\/www.uartes.edu.ec\\\/sitio\\\/#\\\/schema\\\/person\\\/efa1b8275797664fd7f13a79ccc0b1f4\"},\"headline\":\"Muestra hom\u00f3nima de obra \u201cSo\u00f1ar y vivir la selva: poes\u00eda desde el Yasun\u00ed\u201d, en MZ14 por Libre Libro hasta este 23\",\"datePublished\":\"2023-11-09T22:47:00+00:00\",\"dateModified\":\"2025-08-07T15:04:18+00:00\",\"mainEntityOfPage\":{\"@id\":\"https:\\\/\\\/www.uartes.edu.ec\\\/sitio\\\/blog\\\/2023\\\/11\\\/09\\\/muestra-homonima-del-libro-sonar-y-vivir-la-selva-poesia-desde-el-yasuni-en-el-cif-del-mz14\\\/\"},\"wordCount\":682,\"commentCount\":0,\"publisher\":{\"@id\":\"https:\\\/\\\/www.uartes.edu.ec\\\/sitio\\\/#organization\"},\"image\":{\"@id\":\"https:\\\/\\\/www.uartes.edu.ec\\\/sitio\\\/blog\\\/2023\\\/11\\\/09\\\/muestra-homonima-del-libro-sonar-y-vivir-la-selva-poesia-desde-el-yasuni-en-el-cif-del-mz14\\\/#primaryimage\"},\"thumbnailUrl\":\"https:\\\/\\\/www.uartes.edu.ec\\\/sitio\\\/wp-content\\\/uploads\\\/2023\\\/11\\\/10-LIBRE-LIBRO-2023-1.jpg\",\"keywords\":[\"Libre Libro\",\"mz14\"],\"articleSection\":[\"Acad\u00e9mico\",\"Administrativos\",\"Alumni\",\"Docentes\",\"Estudiantes\",\"Gesti\u00f3n\",\"Literatura\",\"Sedes\"],\"inLanguage\":\"es\",\"potentialAction\":[{\"@type\":\"CommentAction\",\"name\":\"Comment\",\"target\":[\"https:\\\/\\\/www.uartes.edu.ec\\\/sitio\\\/blog\\\/2023\\\/11\\\/09\\\/muestra-homonima-del-libro-sonar-y-vivir-la-selva-poesia-desde-el-yasuni-en-el-cif-del-mz14\\\/#respond\"]}]},{\"@type\":[\"WebPage\",\"ItemPage\"],\"@id\":\"https:\\\/\\\/www.uartes.edu.ec\\\/sitio\\\/blog\\\/2023\\\/11\\\/09\\\/muestra-homonima-del-libro-sonar-y-vivir-la-selva-poesia-desde-el-yasuni-en-el-cif-del-mz14\\\/\",\"url\":\"https:\\\/\\\/www.uartes.edu.ec\\\/sitio\\\/blog\\\/2023\\\/11\\\/09\\\/muestra-homonima-del-libro-sonar-y-vivir-la-selva-poesia-desde-el-yasuni-en-el-cif-del-mz14\\\/\",\"name\":\"Universidad de las Artes - Muestra hom\u00f3nima de obra \u201cSo\u00f1ar y vivir la selva: poes\u00eda desde el Yasun\u00ed\u201d, en MZ14 por Libre Libro hasta este 23\",\"isPartOf\":{\"@id\":\"https:\\\/\\\/www.uartes.edu.ec\\\/sitio\\\/#website\"},\"primaryImageOfPage\":{\"@id\":\"https:\\\/\\\/www.uartes.edu.ec\\\/sitio\\\/blog\\\/2023\\\/11\\\/09\\\/muestra-homonima-del-libro-sonar-y-vivir-la-selva-poesia-desde-el-yasuni-en-el-cif-del-mz14\\\/#primaryimage\"},\"image\":{\"@id\":\"https:\\\/\\\/www.uartes.edu.ec\\\/sitio\\\/blog\\\/2023\\\/11\\\/09\\\/muestra-homonima-del-libro-sonar-y-vivir-la-selva-poesia-desde-el-yasuni-en-el-cif-del-mz14\\\/#primaryimage\"},\"thumbnailUrl\":\"https:\\\/\\\/www.uartes.edu.ec\\\/sitio\\\/wp-content\\\/uploads\\\/2023\\\/11\\\/10-LIBRE-LIBRO-2023-1.jpg\",\"datePublished\":\"2023-11-09T22:47:00+00:00\",\"dateModified\":\"2025-08-07T15:04:18+00:00\",\"description\":\"Universidad de las Artes - Muestra hom\u00f3nima de obra \u201cSo\u00f1ar y vivir la selva: poes\u00eda desde el Yasun\u00ed\u201d, en MZ14 por Libre Libro hasta este 23\",\"breadcrumb\":{\"@id\":\"https:\\\/\\\/www.uartes.edu.ec\\\/sitio\\\/blog\\\/2023\\\/11\\\/09\\\/muestra-homonima-del-libro-sonar-y-vivir-la-selva-poesia-desde-el-yasuni-en-el-cif-del-mz14\\\/#breadcrumb\"},\"inLanguage\":\"es\",\"potentialAction\":[{\"@type\":\"ReadAction\",\"target\":[\"https:\\\/\\\/www.uartes.edu.ec\\\/sitio\\\/blog\\\/2023\\\/11\\\/09\\\/muestra-homonima-del-libro-sonar-y-vivir-la-selva-poesia-desde-el-yasuni-en-el-cif-del-mz14\\\/\"]}]},{\"@type\":\"ImageObject\",\"inLanguage\":\"es\",\"@id\":\"https:\\\/\\\/www.uartes.edu.ec\\\/sitio\\\/blog\\\/2023\\\/11\\\/09\\\/muestra-homonima-del-libro-sonar-y-vivir-la-selva-poesia-desde-el-yasuni-en-el-cif-del-mz14\\\/#primaryimage\",\"url\":\"https:\\\/\\\/www.uartes.edu.ec\\\/sitio\\\/wp-content\\\/uploads\\\/2023\\\/11\\\/10-LIBRE-LIBRO-2023-1.jpg\",\"contentUrl\":\"https:\\\/\\\/www.uartes.edu.ec\\\/sitio\\\/wp-content\\\/uploads\\\/2023\\\/11\\\/10-LIBRE-LIBRO-2023-1.jpg\",\"width\":2000,\"height\":1333},{\"@type\":\"BreadcrumbList\",\"@id\":\"https:\\\/\\\/www.uartes.edu.ec\\\/sitio\\\/blog\\\/2023\\\/11\\\/09\\\/muestra-homonima-del-libro-sonar-y-vivir-la-selva-poesia-desde-el-yasuni-en-el-cif-del-mz14\\\/#breadcrumb\",\"itemListElement\":[{\"@type\":\"ListItem\",\"position\":1,\"name\":\"Inicio\",\"item\":\"https:\\\/\\\/www.uartes.edu.ec\\\/sitio\\\/\"},{\"@type\":\"ListItem\",\"position\":2,\"name\":\"Muestra hom\u00f3nima de obra \u201cSo\u00f1ar y vivir la selva: poes\u00eda desde el Yasun\u00ed\u201d, en MZ14 por Libre Libro hasta este 23\"}]},{\"@type\":\"WebSite\",\"@id\":\"https:\\\/\\\/www.uartes.edu.ec\\\/sitio\\\/#website\",\"url\":\"https:\\\/\\\/www.uartes.edu.ec\\\/sitio\\\/\",\"name\":\"Universidad de las Artes\",\"description\":\"Sitio oficial de la Universidad Nacional de las Artes del Ecuador\",\"publisher\":{\"@id\":\"https:\\\/\\\/www.uartes.edu.ec\\\/sitio\\\/#organization\"},\"potentialAction\":[{\"@type\":\"SearchAction\",\"target\":{\"@type\":\"EntryPoint\",\"urlTemplate\":\"https:\\\/\\\/www.uartes.edu.ec\\\/sitio\\\/?s={search_term_string}\"},\"query-input\":{\"@type\":\"PropertyValueSpecification\",\"valueRequired\":true,\"valueName\":\"search_term_string\"}}],\"inLanguage\":\"es\"},{\"@type\":\"Organization\",\"@id\":\"https:\\\/\\\/www.uartes.edu.ec\\\/sitio\\\/#organization\",\"name\":\"Universidad de las Artes\",\"url\":\"https:\\\/\\\/www.uartes.edu.ec\\\/sitio\\\/\",\"logo\":{\"@type\":\"ImageObject\",\"inLanguage\":\"es\",\"@id\":\"https:\\\/\\\/www.uartes.edu.ec\\\/sitio\\\/#\\\/schema\\\/logo\\\/image\\\/\",\"url\":\"https:\\\/\\\/www.uartes.edu.ec\\\/sitio\\\/wp-content\\\/uploads\\\/2022\\\/07\\\/logo-ua-horizontal.png\",\"contentUrl\":\"https:\\\/\\\/www.uartes.edu.ec\\\/sitio\\\/wp-content\\\/uploads\\\/2022\\\/07\\\/logo-ua-horizontal.png\",\"width\":800,\"height\":276,\"caption\":\"Universidad de las Artes\"},\"image\":{\"@id\":\"https:\\\/\\\/www.uartes.edu.ec\\\/sitio\\\/#\\\/schema\\\/logo\\\/image\\\/\"},\"sameAs\":[\"https:\\\/\\\/www.facebook.com\\\/uartesec\",\"https:\\\/\\\/x.com\\\/uartesec\",\"https:\\\/\\\/www.tiktok.com\\\/@uartesec\"]},{\"@type\":\"Person\",\"@id\":\"https:\\\/\\\/www.uartes.edu.ec\\\/sitio\\\/#\\\/schema\\\/person\\\/efa1b8275797664fd7f13a79ccc0b1f4\",\"name\":\"ccortez\",\"image\":{\"@type\":\"ImageObject\",\"inLanguage\":\"es\",\"@id\":\"https:\\\/\\\/secure.gravatar.com\\\/avatar\\\/b2a6f664a3ae8e074346ef91775736c5ec479e637ecced6842de9dc98b5da9cd?s=96&d=mm&r=g\",\"url\":\"https:\\\/\\\/secure.gravatar.com\\\/avatar\\\/b2a6f664a3ae8e074346ef91775736c5ec479e637ecced6842de9dc98b5da9cd?s=96&d=mm&r=g\",\"contentUrl\":\"https:\\\/\\\/secure.gravatar.com\\\/avatar\\\/b2a6f664a3ae8e074346ef91775736c5ec479e637ecced6842de9dc98b5da9cd?s=96&d=mm&r=g\",\"caption\":\"ccortez\"},\"url\":\"https:\\\/\\\/www.uartes.edu.ec\\\/sitio\\\/blog\\\/author\\\/ccortez\\\/\"}]}<\/script>\n<!-- \/ Yoast SEO plugin. -->","yoast_head_json":{"title":"Universidad de las Artes - Muestra hom\u00f3nima de obra \u201cSo\u00f1ar y vivir la selva: poes\u00eda desde el Yasun\u00ed\u201d, en MZ14 por Libre Libro hasta este 23","description":"Universidad de las Artes - Muestra hom\u00f3nima de obra \u201cSo\u00f1ar y vivir la selva: poes\u00eda desde el Yasun\u00ed\u201d, en MZ14 por Libre Libro hasta este 23","robots":{"index":"index","follow":"follow","max-snippet":"max-snippet:-1","max-image-preview":"max-image-preview:large","max-video-preview":"max-video-preview:-1"},"canonical":"https:\/\/www.uartes.edu.ec\/sitio\/blog\/2023\/11\/09\/muestra-homonima-del-libro-sonar-y-vivir-la-selva-poesia-desde-el-yasuni-en-el-cif-del-mz14\/","og_locale":"es_ES","og_type":"article","og_title":"Universidad de las Artes - Muestra hom\u00f3nima de obra \u201cSo\u00f1ar y vivir la selva: poes\u00eda desde el Yasun\u00ed\u201d, en MZ14 por Libre Libro hasta este 23","og_description":"Universidad de las Artes - Muestra hom\u00f3nima de obra \u201cSo\u00f1ar y vivir la selva: poes\u00eda desde el Yasun\u00ed\u201d, en MZ14 por Libre Libro hasta este 23","og_url":"https:\/\/www.uartes.edu.ec\/sitio\/blog\/2023\/11\/09\/muestra-homonima-del-libro-sonar-y-vivir-la-selva-poesia-desde-el-yasuni-en-el-cif-del-mz14\/","og_site_name":"Universidad de las Artes","article_publisher":"https:\/\/www.facebook.com\/uartesec","article_published_time":"2023-11-09T22:47:00+00:00","article_modified_time":"2025-08-07T15:04:18+00:00","og_image":[{"width":2000,"height":1333,"url":"https:\/\/www.uartes.edu.ec\/sitio\/wp-content\/uploads\/2023\/11\/10-LIBRE-LIBRO-2023-1.jpg","type":"image\/jpeg"}],"author":"ccortez","twitter_card":"summary_large_image","twitter_creator":"@uartesec","twitter_site":"@uartesec","twitter_misc":{"Escrito por":"ccortez","Tiempo de lectura":"4 minutos"},"schema":{"@context":"https:\/\/schema.org","@graph":[{"@type":"Article","@id":"https:\/\/www.uartes.edu.ec\/sitio\/blog\/2023\/11\/09\/muestra-homonima-del-libro-sonar-y-vivir-la-selva-poesia-desde-el-yasuni-en-el-cif-del-mz14\/#article","isPartOf":{"@id":"https:\/\/www.uartes.edu.ec\/sitio\/blog\/2023\/11\/09\/muestra-homonima-del-libro-sonar-y-vivir-la-selva-poesia-desde-el-yasuni-en-el-cif-del-mz14\/"},"author":{"name":"ccortez","@id":"https:\/\/www.uartes.edu.ec\/sitio\/#\/schema\/person\/efa1b8275797664fd7f13a79ccc0b1f4"},"headline":"Muestra hom\u00f3nima de obra \u201cSo\u00f1ar y vivir la selva: poes\u00eda desde el Yasun\u00ed\u201d, en MZ14 por Libre Libro hasta este 23","datePublished":"2023-11-09T22:47:00+00:00","dateModified":"2025-08-07T15:04:18+00:00","mainEntityOfPage":{"@id":"https:\/\/www.uartes.edu.ec\/sitio\/blog\/2023\/11\/09\/muestra-homonima-del-libro-sonar-y-vivir-la-selva-poesia-desde-el-yasuni-en-el-cif-del-mz14\/"},"wordCount":682,"commentCount":0,"publisher":{"@id":"https:\/\/www.uartes.edu.ec\/sitio\/#organization"},"image":{"@id":"https:\/\/www.uartes.edu.ec\/sitio\/blog\/2023\/11\/09\/muestra-homonima-del-libro-sonar-y-vivir-la-selva-poesia-desde-el-yasuni-en-el-cif-del-mz14\/#primaryimage"},"thumbnailUrl":"https:\/\/www.uartes.edu.ec\/sitio\/wp-content\/uploads\/2023\/11\/10-LIBRE-LIBRO-2023-1.jpg","keywords":["Libre Libro","mz14"],"articleSection":["Acad\u00e9mico","Administrativos","Alumni","Docentes","Estudiantes","Gesti\u00f3n","Literatura","Sedes"],"inLanguage":"es","potentialAction":[{"@type":"CommentAction","name":"Comment","target":["https:\/\/www.uartes.edu.ec\/sitio\/blog\/2023\/11\/09\/muestra-homonima-del-libro-sonar-y-vivir-la-selva-poesia-desde-el-yasuni-en-el-cif-del-mz14\/#respond"]}]},{"@type":["WebPage","ItemPage"],"@id":"https:\/\/www.uartes.edu.ec\/sitio\/blog\/2023\/11\/09\/muestra-homonima-del-libro-sonar-y-vivir-la-selva-poesia-desde-el-yasuni-en-el-cif-del-mz14\/","url":"https:\/\/www.uartes.edu.ec\/sitio\/blog\/2023\/11\/09\/muestra-homonima-del-libro-sonar-y-vivir-la-selva-poesia-desde-el-yasuni-en-el-cif-del-mz14\/","name":"Universidad de las Artes - Muestra hom\u00f3nima de obra \u201cSo\u00f1ar y vivir la selva: poes\u00eda desde el Yasun\u00ed\u201d, en MZ14 por Libre Libro hasta este 23","isPartOf":{"@id":"https:\/\/www.uartes.edu.ec\/sitio\/#website"},"primaryImageOfPage":{"@id":"https:\/\/www.uartes.edu.ec\/sitio\/blog\/2023\/11\/09\/muestra-homonima-del-libro-sonar-y-vivir-la-selva-poesia-desde-el-yasuni-en-el-cif-del-mz14\/#primaryimage"},"image":{"@id":"https:\/\/www.uartes.edu.ec\/sitio\/blog\/2023\/11\/09\/muestra-homonima-del-libro-sonar-y-vivir-la-selva-poesia-desde-el-yasuni-en-el-cif-del-mz14\/#primaryimage"},"thumbnailUrl":"https:\/\/www.uartes.edu.ec\/sitio\/wp-content\/uploads\/2023\/11\/10-LIBRE-LIBRO-2023-1.jpg","datePublished":"2023-11-09T22:47:00+00:00","dateModified":"2025-08-07T15:04:18+00:00","description":"Universidad de las Artes - Muestra hom\u00f3nima de obra \u201cSo\u00f1ar y vivir la selva: poes\u00eda desde el Yasun\u00ed\u201d, en MZ14 por Libre Libro hasta este 23","breadcrumb":{"@id":"https:\/\/www.uartes.edu.ec\/sitio\/blog\/2023\/11\/09\/muestra-homonima-del-libro-sonar-y-vivir-la-selva-poesia-desde-el-yasuni-en-el-cif-del-mz14\/#breadcrumb"},"inLanguage":"es","potentialAction":[{"@type":"ReadAction","target":["https:\/\/www.uartes.edu.ec\/sitio\/blog\/2023\/11\/09\/muestra-homonima-del-libro-sonar-y-vivir-la-selva-poesia-desde-el-yasuni-en-el-cif-del-mz14\/"]}]},{"@type":"ImageObject","inLanguage":"es","@id":"https:\/\/www.uartes.edu.ec\/sitio\/blog\/2023\/11\/09\/muestra-homonima-del-libro-sonar-y-vivir-la-selva-poesia-desde-el-yasuni-en-el-cif-del-mz14\/#primaryimage","url":"https:\/\/www.uartes.edu.ec\/sitio\/wp-content\/uploads\/2023\/11\/10-LIBRE-LIBRO-2023-1.jpg","contentUrl":"https:\/\/www.uartes.edu.ec\/sitio\/wp-content\/uploads\/2023\/11\/10-LIBRE-LIBRO-2023-1.jpg","width":2000,"height":1333},{"@type":"BreadcrumbList","@id":"https:\/\/www.uartes.edu.ec\/sitio\/blog\/2023\/11\/09\/muestra-homonima-del-libro-sonar-y-vivir-la-selva-poesia-desde-el-yasuni-en-el-cif-del-mz14\/#breadcrumb","itemListElement":[{"@type":"ListItem","position":1,"name":"Inicio","item":"https:\/\/www.uartes.edu.ec\/sitio\/"},{"@type":"ListItem","position":2,"name":"Muestra hom\u00f3nima de obra \u201cSo\u00f1ar y vivir la selva: poes\u00eda desde el Yasun\u00ed\u201d, en MZ14 por Libre Libro hasta este 23"}]},{"@type":"WebSite","@id":"https:\/\/www.uartes.edu.ec\/sitio\/#website","url":"https:\/\/www.uartes.edu.ec\/sitio\/","name":"Universidad de las Artes","description":"Sitio oficial de la Universidad Nacional de las Artes del Ecuador","publisher":{"@id":"https:\/\/www.uartes.edu.ec\/sitio\/#organization"},"potentialAction":[{"@type":"SearchAction","target":{"@type":"EntryPoint","urlTemplate":"https:\/\/www.uartes.edu.ec\/sitio\/?s={search_term_string}"},"query-input":{"@type":"PropertyValueSpecification","valueRequired":true,"valueName":"search_term_string"}}],"inLanguage":"es"},{"@type":"Organization","@id":"https:\/\/www.uartes.edu.ec\/sitio\/#organization","name":"Universidad de las Artes","url":"https:\/\/www.uartes.edu.ec\/sitio\/","logo":{"@type":"ImageObject","inLanguage":"es","@id":"https:\/\/www.uartes.edu.ec\/sitio\/#\/schema\/logo\/image\/","url":"https:\/\/www.uartes.edu.ec\/sitio\/wp-content\/uploads\/2022\/07\/logo-ua-horizontal.png","contentUrl":"https:\/\/www.uartes.edu.ec\/sitio\/wp-content\/uploads\/2022\/07\/logo-ua-horizontal.png","width":800,"height":276,"caption":"Universidad de las Artes"},"image":{"@id":"https:\/\/www.uartes.edu.ec\/sitio\/#\/schema\/logo\/image\/"},"sameAs":["https:\/\/www.facebook.com\/uartesec","https:\/\/x.com\/uartesec","https:\/\/www.tiktok.com\/@uartesec"]},{"@type":"Person","@id":"https:\/\/www.uartes.edu.ec\/sitio\/#\/schema\/person\/efa1b8275797664fd7f13a79ccc0b1f4","name":"ccortez","image":{"@type":"ImageObject","inLanguage":"es","@id":"https:\/\/secure.gravatar.com\/avatar\/b2a6f664a3ae8e074346ef91775736c5ec479e637ecced6842de9dc98b5da9cd?s=96&d=mm&r=g","url":"https:\/\/secure.gravatar.com\/avatar\/b2a6f664a3ae8e074346ef91775736c5ec479e637ecced6842de9dc98b5da9cd?s=96&d=mm&r=g","contentUrl":"https:\/\/secure.gravatar.com\/avatar\/b2a6f664a3ae8e074346ef91775736c5ec479e637ecced6842de9dc98b5da9cd?s=96&d=mm&r=g","caption":"ccortez"},"url":"https:\/\/www.uartes.edu.ec\/sitio\/blog\/author\/ccortez\/"}]}},"uagb_featured_image_src":{"full":["https:\/\/www.uartes.edu.ec\/sitio\/wp-content\/uploads\/2023\/11\/10-LIBRE-LIBRO-2023-1.jpg",2000,1333,false],"thumbnail":["https:\/\/www.uartes.edu.ec\/sitio\/wp-content\/uploads\/2023\/11\/10-LIBRE-LIBRO-2023-1-150x150.jpg",150,150,true],"medium":["https:\/\/www.uartes.edu.ec\/sitio\/wp-content\/uploads\/2023\/11\/10-LIBRE-LIBRO-2023-1-300x200.jpg",300,200,true],"medium_large":["https:\/\/www.uartes.edu.ec\/sitio\/wp-content\/uploads\/2023\/11\/10-LIBRE-LIBRO-2023-1-768x512.jpg",768,512,true],"large":["https:\/\/www.uartes.edu.ec\/sitio\/wp-content\/uploads\/2023\/11\/10-LIBRE-LIBRO-2023-1-644x429.jpg",644,429,true],"1536x1536":["https:\/\/www.uartes.edu.ec\/sitio\/wp-content\/uploads\/2023\/11\/10-LIBRE-LIBRO-2023-1-1536x1024.jpg",1536,1024,true],"2048x2048":["https:\/\/www.uartes.edu.ec\/sitio\/wp-content\/uploads\/2023\/11\/10-LIBRE-LIBRO-2023-1.jpg",2000,1333,false],"trp-custom-language-flag":["https:\/\/www.uartes.edu.ec\/sitio\/wp-content\/uploads\/2023\/11\/10-LIBRE-LIBRO-2023-1.jpg",18,12,false],"htmega_size_585x295":["https:\/\/www.uartes.edu.ec\/sitio\/wp-content\/uploads\/2023\/11\/10-LIBRE-LIBRO-2023-1-585x295.jpg",585,295,true],"htmega_size_1170x536":["https:\/\/www.uartes.edu.ec\/sitio\/wp-content\/uploads\/2023\/11\/10-LIBRE-LIBRO-2023-1-1170x536.jpg",1170,536,true],"htmega_size_396x360":["https:\/\/www.uartes.edu.ec\/sitio\/wp-content\/uploads\/2023\/11\/10-LIBRE-LIBRO-2023-1-396x360.jpg",396,360,true],"gb-block-post-grid-landscape":["https:\/\/www.uartes.edu.ec\/sitio\/wp-content\/uploads\/2023\/11\/10-LIBRE-LIBRO-2023-1-600x400.jpg",600,400,true],"gb-block-post-grid-square":["https:\/\/www.uartes.edu.ec\/sitio\/wp-content\/uploads\/2023\/11\/10-LIBRE-LIBRO-2023-1-600x600.jpg",600,600,true],"university-hub-thumb":["https:\/\/www.uartes.edu.ec\/sitio\/wp-content\/uploads\/2023\/11\/10-LIBRE-LIBRO-2023-1-400x267.jpg",400,267,true]},"uagb_author_info":{"display_name":"ccortez","author_link":"https:\/\/www.uartes.edu.ec\/sitio\/blog\/author\/ccortez\/"},"uagb_comment_info":0,"uagb_excerpt":"Una puerta abierta a la imaginaci\u00f3n. Es la sensaci\u00f3n que produce ingresar a MZ14, que desde este 8 de noviembre alberga en su Plaza P\u00fablica los stands de las librer\u00edas y editoriales independientes presentes en la IX edici\u00f3n de Libre Libro. Se han agendado m\u00e1s de 40 actividades hasta el s\u00e1bado 11, como la muestra&hellip;","featured_image_src":"https:\/\/www.uartes.edu.ec\/sitio\/wp-content\/uploads\/2023\/11\/10-LIBRE-LIBRO-2023-1-600x400.jpg","featured_image_src_square":"https:\/\/www.uartes.edu.ec\/sitio\/wp-content\/uploads\/2023\/11\/10-LIBRE-LIBRO-2023-1-600x600.jpg","author_info":{"display_name":"ccortez","author_link":"https:\/\/www.uartes.edu.ec\/sitio\/blog\/author\/ccortez\/"},"publishpress_future_workflow_manual_trigger":{"enabledWorkflows":[]},"distributor_meta":false,"distributor_terms":false,"distributor_media":false,"distributor_original_site_name":"Universidad de las Artes","distributor_original_site_url":"https:\/\/www.uartes.edu.ec\/sitio","push-errors":false,"_links":{"self":[{"href":"https:\/\/www.uartes.edu.ec\/sitio\/wp-json\/wp\/v2\/posts\/48237","targetHints":{"allow":["GET"]}}],"collection":[{"href":"https:\/\/www.uartes.edu.ec\/sitio\/wp-json\/wp\/v2\/posts"}],"about":[{"href":"https:\/\/www.uartes.edu.ec\/sitio\/wp-json\/wp\/v2\/types\/post"}],"author":[{"embeddable":true,"href":"https:\/\/www.uartes.edu.ec\/sitio\/wp-json\/wp\/v2\/users\/10"}],"replies":[{"embeddable":true,"href":"https:\/\/www.uartes.edu.ec\/sitio\/wp-json\/wp\/v2\/comments?post=48237"}],"version-history":[{"count":17,"href":"https:\/\/www.uartes.edu.ec\/sitio\/wp-json\/wp\/v2\/posts\/48237\/revisions"}],"predecessor-version":[{"id":76392,"href":"https:\/\/www.uartes.edu.ec\/sitio\/wp-json\/wp\/v2\/posts\/48237\/revisions\/76392"}],"wp:featuredmedia":[{"embeddable":true,"href":"https:\/\/www.uartes.edu.ec\/sitio\/wp-json\/wp\/v2\/media\/48238"}],"wp:attachment":[{"href":"https:\/\/www.uartes.edu.ec\/sitio\/wp-json\/wp\/v2\/media?parent=48237"}],"wp:term":[{"taxonomy":"category","embeddable":true,"href":"https:\/\/www.uartes.edu.ec\/sitio\/wp-json\/wp\/v2\/categories?post=48237"},{"taxonomy":"post_tag","embeddable":true,"href":"https:\/\/www.uartes.edu.ec\/sitio\/wp-json\/wp\/v2\/tags?post=48237"},{"taxonomy":"infouartes","embeddable":true,"href":"https:\/\/www.uartes.edu.ec\/sitio\/wp-json\/wp\/v2\/infouartes?post=48237"}],"curies":[{"name":"wp","href":"https:\/\/api.w.org\/{rel}","templated":true}]}}