{"id":48864,"date":"2023-12-12T12:20:29","date_gmt":"2023-12-12T17:20:29","guid":{"rendered":"https:\/\/www.uartes.edu.ec\/sitio\/?p=48864"},"modified":"2024-07-04T11:20:20","modified_gmt":"2024-07-04T16:20:20","slug":"uartes-autonoma-regulada-por-el-cogobierno-y-abierta-a-la-innovacion-y-experimentacion-pedagogica-y-artistica","status":"publish","type":"post","link":"https:\/\/www.uartes.edu.ec\/sitio\/blog\/2023\/12\/12\/uartes-autonoma-regulada-por-el-cogobierno-y-abierta-a-la-innovacion-y-experimentacion-pedagogica-y-artistica\/","title":{"rendered":"El rector William Herrera se\u00f1ala a la UArtes como conquista social y proyecto de transformaci\u00f3n social"},"content":{"rendered":"\n<p>\u201cEsta sesi\u00f3n no representa tanto una celebraci\u00f3n, sino m\u00e1s bien un acto de reconocimiento\u201d, indic\u00f3 el doctor William Herrera en su intervenci\u00f3n en el acto solemne por los 10 a\u00f1os de creaci\u00f3n de la Universidad de las Artes, registrado el jueves 7 de diciembre en el Pasaje Illingworth. All\u00ed, como lo anticipaba el rector, se reconoci\u00f3 a todas las personas que han aportado con su compromiso, trabajo, ideas e ilusiones, a la construcci\u00f3n de un proyecto al que conocemos hoy como la Universidad de las Artes del Ecuador.<\/p>\n\n\n\n<p>Es por esta misma raz\u00f3n que decidimos hacer la sesi\u00f3n solemne aqu\u00ed donde la Universidad dio sus primeros pasos, primero en 2014 como una gerencia de proyecto con un programa de nivelaci\u00f3n en curso, y despu\u00e9s \u2013en 2015\u2013 ya como instituci\u00f3n de educaci\u00f3n superior, bajo la figura de una Comisi\u00f3n Gestora durante su etapa de institucionalizaci\u00f3n.<\/p>\n\n\n\n<p>Desde entonces, expres\u00f3 Herrera, la universidad ha cambiado y crecido en su oferta acad\u00e9mica de grado y posgrado, con ocho \u2013pronto nueve\u2013 licenciaturas y ocho maestr\u00edas. \u201cHa crecido en su infraestructura, por medio de la rehabilitaci\u00f3n de varios edificios patrimoniales en el centro de Guayaquil, ha crecido por medio de sus propuestas de investigaci\u00f3n art\u00edstica y vinculaci\u00f3n con la sociedad y, sobre todo, ha crecido con respecto a su comunidad universitaria. Somos hoy una comunidad de 2200 personas, 3000 incluyendo a nuestras graduadas y graduados\u201d.<\/p>\n\n\n<div class=\"wp-block-image\">\n<figure class=\"aligncenter size-large\"><img decoding=\"async\" src=\"https:\/\/www.uartes.edu.ec\/sitio\/wp-content\/uploads\/2023\/12\/26-SESION-10mo-GENERAL-644x429.jpg\" alt=\"\" class=\"wp-image-48873\" \/><\/figure>\n<\/div>\n\n\n<h3 class=\"wp-block-heading\">Tres ideas que han marcado la ruta de la UArtes<\/h3>\n\n\n\n<p>Una comunidad de artistas, creadores, educadores y trabajadores, quienes nos hemos convocado para trabajar por un proyecto universitario atravesado por unas ideas muy sencillas en su formulaci\u00f3n, pero radicales en cuanto a lo que significan para la sociedad y la posibilidad de un futuro distinto, refiri\u00f3 William Herrera y detall\u00f3 tres ideas.<\/p>\n\n\n\n<p>Como primera idea mencion\u00f3 en creer en la educaci\u00f3n p\u00fablica como la v\u00eda fundamental para la transformaci\u00f3n de las condiciones de vida de la poblaci\u00f3n. Todo proyecto pol\u00edtico de sociedad que no la considere como un eje prioritario de trabajo y de pol\u00edtica p\u00fablica estar\u00e1 condenado al fracaso. Es ahora, m\u00e1s que nunca, necesario un compromiso serio, firme y radical de las autoridades de gobierno, de las autoridades locales, para defender la educaci\u00f3n p\u00fablica.<\/p>\n\n\n\n<p>\u201cSabemos bien, porque ya lo hemos vivido, como por ejemplo durante la pandemia, que, en contextos de crisis econ\u00f3mica y de austeridad presupuestaria, donde siempre golpean es en educaci\u00f3n, salud y cultura. Eso no puede seguir sucediendo. En la coyuntura actual, en nuestro pa\u00eds, golpeado por la pobreza, la violencia y el aumento de las desigualdades, quitarle presupuesto a las escuelas y universidades p\u00fablicas, es quitarle sencillamente a la sociedad la posibilidad de plantearnos un futuro distinto, un futuro de paz y de bienestar\u201d, dijo.<\/p>\n\n\n\n<p>Como segunda idea anot\u00f3 que las artes producen conocimiento, lo cual ha sido uno de los principales elementos de disputa. \u201cNo con respecto a los sectores art\u00edsticos, culturales, ni con respecto a d\u00e9cadas de procesos de formaci\u00f3n art\u00edstica donde esta idea es una obviedad. Ha sido un elemento de disputa con respecto y dentro del Sistema de Educaci\u00f3n Superior. Desde 2018, el art\u00edculo 8 de la Ley Org\u00e1nica de Educaci\u00f3n Superior dice claramente y reconoce a la cultura y las artes como productoras de conocimiento y generadoras de nuevas memorias.<\/p>\n\n\n<div class=\"wp-block-image\">\n<figure class=\"aligncenter size-large\"><img fetchpriority=\"high\" decoding=\"async\" width=\"644\" height=\"429\" src=\"https:\/\/www.uartes.edu.ec\/sitio\/wp-content\/uploads\/2023\/12\/22-SESION-10mo-WILLIAM-HERRERA-644x429.jpg\" alt=\"\" class=\"wp-image-48842\" srcset=\"https:\/\/www.uartes.edu.ec\/sitio\/wp-content\/uploads\/2023\/12\/22-SESION-10mo-WILLIAM-HERRERA-644x429.jpg 644w, https:\/\/www.uartes.edu.ec\/sitio\/wp-content\/uploads\/2023\/12\/22-SESION-10mo-WILLIAM-HERRERA-300x200.jpg 300w, https:\/\/www.uartes.edu.ec\/sitio\/wp-content\/uploads\/2023\/12\/22-SESION-10mo-WILLIAM-HERRERA-768x512.jpg 768w, https:\/\/www.uartes.edu.ec\/sitio\/wp-content\/uploads\/2023\/12\/22-SESION-10mo-WILLIAM-HERRERA-1536x1024.jpg 1536w, https:\/\/www.uartes.edu.ec\/sitio\/wp-content\/uploads\/2023\/12\/22-SESION-10mo-WILLIAM-HERRERA-600x400.jpg 600w, https:\/\/www.uartes.edu.ec\/sitio\/wp-content\/uploads\/2023\/12\/22-SESION-10mo-WILLIAM-HERRERA-400x267.jpg 400w, https:\/\/www.uartes.edu.ec\/sitio\/wp-content\/uploads\/2023\/12\/22-SESION-10mo-WILLIAM-HERRERA-272x182.jpg 272w, https:\/\/www.uartes.edu.ec\/sitio\/wp-content\/uploads\/2023\/12\/22-SESION-10mo-WILLIAM-HERRERA.jpg 2000w\" sizes=\"(max-width: 644px) 100vw, 644px\" \/><\/figure>\n<\/div>\n\n\n<p>El rector se\u00f1al\u00f3 que se haya expresado en la reforma de la LOES de 2018 fue una disputa y un proceso pol\u00edtico. \u201cSin embargo, sabemos bien que no es suficiente que algo conste en una ley para que funcione en la realidad. Han sido as\u00ed a\u00f1os de conversaciones, intercambios y agendas de trabajo con los \u00d3rganos Rectores del Sistema de Educaci\u00f3n Superior para que esa idea se concretice y traduzca en mecanismos espec\u00edficos de reconocimiento\u201d.<\/p>\n\n\n\n<p>Como ejemplo de lo expuesto, el rector UArtes se refiri\u00f3 al valor y aporte que tiene el artista por su trayectoria para el Sistema de Educaci\u00f3n Superior, para que las producciones art\u00edsticas sean reconocidas como resultados de procesos de investigaci\u00f3n\u2026 y, por lo tanto, sean reconocidas como una de las fuentes de informaci\u00f3n que alimentan las variables por medio de las cuales se decide la distribuci\u00f3n de recursos para las universidades p\u00fablicas.<\/p>\n\n\n\n<p>Como tercera idea, William Herrera sostuvo que la UArtes es una conquista social y un proyecto de transformaci\u00f3n social. La entendemos como parte de un proceso hist\u00f3rico de d\u00e9cadas, impulsado por artistas y formadores de artistas que han luchado por el desarrollo y reconocimiento de procesos de formaci\u00f3n superior en artes. La Universidad de las Artes se alimenta e inscribe en esa historia, que es la historia, por ejemplo, del ITAE, aqu\u00ed en Guayaquil, y que ha sido fundamental en el proceso constitutivo de la universidad por medio de la presencia de sus artistas-docentes, personal administrativo y estudiantes, quienes fueron parte de las primeras promociones de graduadas y graduados.<\/p>\n\n\n\n<p>Es la historia tambi\u00e9n de procesos de formaci\u00f3n superior en artes de facultades de arte del pa\u00eds, como de la Universidad Central, donde se formaron varias de las artistas docentes que hoy trabajan en la UArtes. Tambi\u00e9n es la historia de procesos de educaci\u00f3n no formal, de talleres de escritura, de grabado, laboratorios de teatro, etc. Podr\u00edamos incluso identificar c\u00f3mo la universidad se inscribe tambi\u00e9n en la historia de los procesos de formaci\u00f3n superior en artes de Am\u00e9rica Latina, en Cuba, en Colombia, lo que nos deber\u00eda conducir siempre al fortalecimiento de las agendas internacionales de trabajo con nuestros pa\u00edses vecinos y en la regi\u00f3n.<\/p>\n\n\n\n<p>Adem\u00e1s de estas historias, Herrera mencion\u00f3 que el proyecto de Universidad de las Artes \u2013as\u00ed como UNAE, Ikiam y Yachay\u2013 toma fuerza en el contexto de una apuesta por reformar el Sistema de Educaci\u00f3n Superior, transformar la matriz productiva del pa\u00eds y construir una econom\u00eda y sociedad del conocimiento. Es solamente cuando tenemos en cuenta los distintos or\u00edgenes, procesos hist\u00f3ricos y contextos m\u00faltiples de creaci\u00f3n de la universidad que nos podemos hacer una idea de c\u00f3mo puede ser, es y ser\u00e1 un proyecto de transformaci\u00f3n social.<\/p>\n\n\n<div class=\"wp-block-image\">\n<figure class=\"aligncenter size-large\"><img decoding=\"async\" width=\"644\" height=\"429\" src=\"https:\/\/www.uartes.edu.ec\/sitio\/wp-content\/uploads\/2023\/12\/25-SESION-10mo-PUBLICO-644x429.jpg\" alt=\"\" class=\"wp-image-48874\" srcset=\"https:\/\/www.uartes.edu.ec\/sitio\/wp-content\/uploads\/2023\/12\/25-SESION-10mo-PUBLICO-644x429.jpg 644w, https:\/\/www.uartes.edu.ec\/sitio\/wp-content\/uploads\/2023\/12\/25-SESION-10mo-PUBLICO-300x200.jpg 300w, https:\/\/www.uartes.edu.ec\/sitio\/wp-content\/uploads\/2023\/12\/25-SESION-10mo-PUBLICO-768x512.jpg 768w, https:\/\/www.uartes.edu.ec\/sitio\/wp-content\/uploads\/2023\/12\/25-SESION-10mo-PUBLICO-1536x1024.jpg 1536w, https:\/\/www.uartes.edu.ec\/sitio\/wp-content\/uploads\/2023\/12\/25-SESION-10mo-PUBLICO-600x400.jpg 600w, https:\/\/www.uartes.edu.ec\/sitio\/wp-content\/uploads\/2023\/12\/25-SESION-10mo-PUBLICO-400x267.jpg 400w, https:\/\/www.uartes.edu.ec\/sitio\/wp-content\/uploads\/2023\/12\/25-SESION-10mo-PUBLICO-272x182.jpg 272w, https:\/\/www.uartes.edu.ec\/sitio\/wp-content\/uploads\/2023\/12\/25-SESION-10mo-PUBLICO.jpg 2000w\" sizes=\"(max-width: 644px) 100vw, 644px\" \/><\/figure>\n<\/div>\n\n\n<h2 class=\"wp-block-heading\">M\u00e1s que sesi\u00f3n solemne, un acto de reconocimiento<\/h2>\n\n\n\n<p>Las tres ideas: creer en la educaci\u00f3n p\u00fablica, las artes producen conocimiento y la Universidad de las Artes como conquista social y proyecto de transformaci\u00f3n social, dijo William Herrera, han marcado la ruta de estos diez a\u00f1os y gu\u00edan nuestra labor del d\u00eda a d\u00eda. El camino no ha sido f\u00e1cil. Como toda instituci\u00f3n, tenemos nuestros logros, debilidades, conflictos internos, \u201cpero debo decirlo, porque he sido testigo de aquello, en los momentos m\u00e1s cr\u00edticos, ha sido la comunidad universitaria la que se ha levantado y ha permitido que la universidad sea lo que es hoy, una universidad aut\u00f3noma, regulada por el cogobierno, abierta a la innovaci\u00f3n y a la experimentaci\u00f3n pedag\u00f3gica y art\u00edstica\u201d.<\/p>\n\n\n\n<p>El rector concluy\u00f3 su intervenci\u00f3n reconociendo el trabajo de todas las personas que a lo largo de estos a\u00f1os han participado en la construcci\u00f3n de la Universidad de las Artes, empezando por las autoridades de los inicios: Mar\u00eda Fernanda De Luca, como gerente del proyecto; Ramiro Noriega, como rector fundador; y Mar\u00eda Paulina Soto, como rectora de la etapa final de institucionalizaci\u00f3n. \u201cMis compa\u00f1eros vicerrectores, directores de escuela, jefes de \u00e1rea; mi reconocimiento a todo el personal acad\u00e9mico que ha participado en la formulaci\u00f3n, puesta en marcha, ejecuci\u00f3n y reforma de las mallas curriculares, syllabus, proyectos de investigaci\u00f3n, proyectos de vinculaci\u00f3n, propuestas de titulaci\u00f3n, etc; todo el personal administrativo y trabajadores, quienes han levantado normativas, procesos y lineamientos administrativos que han permitido que la universidad funcione como instituci\u00f3n p\u00fablica\u201d.<\/p>\n\n\n\n<p>Tambi\u00e9n reconoci\u00f3 el rector a los compa\u00f1eros de limpieza y seguridad por su labor cotidiana y su trabajo al servicio de la comunidad; a las organizaciones e instituciones con quienes la UArtes ha podido activar agendas de trabajo y proyectos de investigaci\u00f3n y vinculaci\u00f3n. \u201cSobre todo, mi reconocimiento al estudiantado, a cada estudiante que tom\u00f3 la decisi\u00f3n valiente de estudiar una licenciatura en artes, muchas veces sin el apoyo de sus familias, y que son quienes llenan de energ\u00eda y de creatividad cada pasillo, aula y laboratorio de la universidad. Mi reconocimiento para todas y todos ustedes\u201d.<\/p>\n","protected":false},"excerpt":{"rendered":"<p>En la sesi\u00f3n solemne por los 10 a\u00f1os de creaci\u00f3n de la UArtes, el rector William Herrera expuso tres ideas que han marcado su ruta: creer en la educaci\u00f3n p\u00fablica, las artes producen conocimiento y la Universidad de las Artes como conquista social y proyecto de transformaci\u00f3n social. En los momentos m\u00e1s cr\u00edticos ha sido la comunidad universitaria la que se ha levantado y permitido que sea lo que es hoy, expres\u00f3. <\/p>\n","protected":false},"author":10,"featured_media":48886,"comment_status":"open","ping_status":"open","sticky":false,"template":"","format":"standard","meta":{"_acf_changed":false,"_uag_custom_page_level_css":"","_monsterinsights_skip_tracking":false,"_monsterinsights_sitenote_active":false,"_monsterinsights_sitenote_note":"","_monsterinsights_sitenote_category":0,"cybocfi_hide_featured_image":"","footnotes":""},"categories":[80,438,490,82,75,76,77,84,79],"tags":[872],"infouartes":[],"class_list":["post-48864","post","type-post","status-publish","format-standard","has-post-thumbnail","hentry","category-academico","category-administrativos","category-alumni","category-artes","category-docentes","category-estudiantes","category-gestion","category-rectorado","category-vinculo","tag-aniversario"],"acf":[],"yoast_head":"<!-- This site is optimized with the Yoast SEO plugin v27.4 - https:\/\/yoast.com\/product\/yoast-seo-wordpress\/ -->\n<title>Universidad de las Artes - El rector William Herrera se\u00f1ala a la UArtes como conquista social y proyecto de transformaci\u00f3n social<\/title>\n<meta name=\"description\" content=\"Universidad de las Artes - El rector William Herrera se\u00f1ala a la UArtes como conquista social y proyecto de transformaci\u00f3n social\" \/>\n<meta name=\"robots\" content=\"index, follow, max-snippet:-1, max-image-preview:large, max-video-preview:-1\" \/>\n<link rel=\"canonical\" href=\"https:\/\/www.uartes.edu.ec\/sitio\/blog\/2023\/12\/12\/uartes-autonoma-regulada-por-el-cogobierno-y-abierta-a-la-innovacion-y-experimentacion-pedagogica-y-artistica\/\" \/>\n<meta property=\"og:locale\" content=\"es_ES\" \/>\n<meta property=\"og:type\" content=\"article\" \/>\n<meta property=\"og:title\" content=\"Universidad de las Artes - El rector William Herrera se\u00f1ala a la UArtes como conquista social y proyecto de transformaci\u00f3n social\" \/>\n<meta property=\"og:description\" content=\"Universidad de las Artes - El rector William Herrera se\u00f1ala a la UArtes como conquista social y proyecto de transformaci\u00f3n social\" \/>\n<meta property=\"og:url\" content=\"https:\/\/www.uartes.edu.ec\/sitio\/blog\/2023\/12\/12\/uartes-autonoma-regulada-por-el-cogobierno-y-abierta-a-la-innovacion-y-experimentacion-pedagogica-y-artistica\/\" \/>\n<meta property=\"og:site_name\" content=\"Universidad de las Artes\" \/>\n<meta property=\"article:publisher\" content=\"https:\/\/www.facebook.com\/uartesec\" \/>\n<meta property=\"article:published_time\" content=\"2023-12-12T17:20:29+00:00\" \/>\n<meta property=\"article:modified_time\" content=\"2024-07-04T16:20:20+00:00\" \/>\n<meta property=\"og:image\" content=\"https:\/\/www.uartes.edu.ec\/sitio\/wp-content\/uploads\/2023\/12\/GENERAL-GRADUACION-2023.jpg\" \/>\n\t<meta property=\"og:image:width\" content=\"2000\" \/>\n\t<meta property=\"og:image:height\" content=\"1333\" \/>\n\t<meta property=\"og:image:type\" content=\"image\/jpeg\" \/>\n<meta name=\"author\" content=\"ccortez\" \/>\n<meta name=\"twitter:card\" content=\"summary_large_image\" \/>\n<meta name=\"twitter:creator\" content=\"@uartesec\" \/>\n<meta name=\"twitter:site\" content=\"@uartesec\" \/>\n<meta name=\"twitter:label1\" content=\"Escrito por\" \/>\n\t<meta name=\"twitter:data1\" content=\"ccortez\" \/>\n\t<meta name=\"twitter:label2\" content=\"Tiempo de lectura\" \/>\n\t<meta name=\"twitter:data2\" content=\"7 minutos\" \/>\n<script type=\"application\/ld+json\" class=\"yoast-schema-graph\">{\"@context\":\"https:\\\/\\\/schema.org\",\"@graph\":[{\"@type\":\"Article\",\"@id\":\"https:\\\/\\\/www.uartes.edu.ec\\\/sitio\\\/blog\\\/2023\\\/12\\\/12\\\/uartes-autonoma-regulada-por-el-cogobierno-y-abierta-a-la-innovacion-y-experimentacion-pedagogica-y-artistica\\\/#article\",\"isPartOf\":{\"@id\":\"https:\\\/\\\/www.uartes.edu.ec\\\/sitio\\\/blog\\\/2023\\\/12\\\/12\\\/uartes-autonoma-regulada-por-el-cogobierno-y-abierta-a-la-innovacion-y-experimentacion-pedagogica-y-artistica\\\/\"},\"author\":{\"name\":\"ccortez\",\"@id\":\"https:\\\/\\\/www.uartes.edu.ec\\\/sitio\\\/#\\\/schema\\\/person\\\/efa1b8275797664fd7f13a79ccc0b1f4\"},\"headline\":\"El rector William Herrera se\u00f1ala a la UArtes como conquista social y proyecto de transformaci\u00f3n social\",\"datePublished\":\"2023-12-12T17:20:29+00:00\",\"dateModified\":\"2024-07-04T16:20:20+00:00\",\"mainEntityOfPage\":{\"@id\":\"https:\\\/\\\/www.uartes.edu.ec\\\/sitio\\\/blog\\\/2023\\\/12\\\/12\\\/uartes-autonoma-regulada-por-el-cogobierno-y-abierta-a-la-innovacion-y-experimentacion-pedagogica-y-artistica\\\/\"},\"wordCount\":1465,\"commentCount\":0,\"publisher\":{\"@id\":\"https:\\\/\\\/www.uartes.edu.ec\\\/sitio\\\/#organization\"},\"image\":{\"@id\":\"https:\\\/\\\/www.uartes.edu.ec\\\/sitio\\\/blog\\\/2023\\\/12\\\/12\\\/uartes-autonoma-regulada-por-el-cogobierno-y-abierta-a-la-innovacion-y-experimentacion-pedagogica-y-artistica\\\/#primaryimage\"},\"thumbnailUrl\":\"https:\\\/\\\/www.uartes.edu.ec\\\/sitio\\\/wp-content\\\/uploads\\\/2023\\\/12\\\/GENERAL-GRADUACION-2023.jpg\",\"keywords\":[\"aniversario\"],\"articleSection\":[\"Acad\u00e9mico\",\"Administrativos\",\"Alumni\",\"Artes\",\"Docentes\",\"Estudiantes\",\"Gesti\u00f3n\",\"Rectorado\",\"V\u00ednculo\"],\"inLanguage\":\"es\",\"potentialAction\":[{\"@type\":\"CommentAction\",\"name\":\"Comment\",\"target\":[\"https:\\\/\\\/www.uartes.edu.ec\\\/sitio\\\/blog\\\/2023\\\/12\\\/12\\\/uartes-autonoma-regulada-por-el-cogobierno-y-abierta-a-la-innovacion-y-experimentacion-pedagogica-y-artistica\\\/#respond\"]}]},{\"@type\":[\"WebPage\",\"ItemPage\"],\"@id\":\"https:\\\/\\\/www.uartes.edu.ec\\\/sitio\\\/blog\\\/2023\\\/12\\\/12\\\/uartes-autonoma-regulada-por-el-cogobierno-y-abierta-a-la-innovacion-y-experimentacion-pedagogica-y-artistica\\\/\",\"url\":\"https:\\\/\\\/www.uartes.edu.ec\\\/sitio\\\/blog\\\/2023\\\/12\\\/12\\\/uartes-autonoma-regulada-por-el-cogobierno-y-abierta-a-la-innovacion-y-experimentacion-pedagogica-y-artistica\\\/\",\"name\":\"Universidad de las Artes - El rector William Herrera se\u00f1ala a la UArtes como conquista social y proyecto de transformaci\u00f3n social\",\"isPartOf\":{\"@id\":\"https:\\\/\\\/www.uartes.edu.ec\\\/sitio\\\/#website\"},\"primaryImageOfPage\":{\"@id\":\"https:\\\/\\\/www.uartes.edu.ec\\\/sitio\\\/blog\\\/2023\\\/12\\\/12\\\/uartes-autonoma-regulada-por-el-cogobierno-y-abierta-a-la-innovacion-y-experimentacion-pedagogica-y-artistica\\\/#primaryimage\"},\"image\":{\"@id\":\"https:\\\/\\\/www.uartes.edu.ec\\\/sitio\\\/blog\\\/2023\\\/12\\\/12\\\/uartes-autonoma-regulada-por-el-cogobierno-y-abierta-a-la-innovacion-y-experimentacion-pedagogica-y-artistica\\\/#primaryimage\"},\"thumbnailUrl\":\"https:\\\/\\\/www.uartes.edu.ec\\\/sitio\\\/wp-content\\\/uploads\\\/2023\\\/12\\\/GENERAL-GRADUACION-2023.jpg\",\"datePublished\":\"2023-12-12T17:20:29+00:00\",\"dateModified\":\"2024-07-04T16:20:20+00:00\",\"description\":\"Universidad de las Artes - El rector William Herrera se\u00f1ala a la UArtes como conquista social y proyecto de transformaci\u00f3n social\",\"breadcrumb\":{\"@id\":\"https:\\\/\\\/www.uartes.edu.ec\\\/sitio\\\/blog\\\/2023\\\/12\\\/12\\\/uartes-autonoma-regulada-por-el-cogobierno-y-abierta-a-la-innovacion-y-experimentacion-pedagogica-y-artistica\\\/#breadcrumb\"},\"inLanguage\":\"es\",\"potentialAction\":[{\"@type\":\"ReadAction\",\"target\":[\"https:\\\/\\\/www.uartes.edu.ec\\\/sitio\\\/blog\\\/2023\\\/12\\\/12\\\/uartes-autonoma-regulada-por-el-cogobierno-y-abierta-a-la-innovacion-y-experimentacion-pedagogica-y-artistica\\\/\"]}]},{\"@type\":\"ImageObject\",\"inLanguage\":\"es\",\"@id\":\"https:\\\/\\\/www.uartes.edu.ec\\\/sitio\\\/blog\\\/2023\\\/12\\\/12\\\/uartes-autonoma-regulada-por-el-cogobierno-y-abierta-a-la-innovacion-y-experimentacion-pedagogica-y-artistica\\\/#primaryimage\",\"url\":\"https:\\\/\\\/www.uartes.edu.ec\\\/sitio\\\/wp-content\\\/uploads\\\/2023\\\/12\\\/GENERAL-GRADUACION-2023.jpg\",\"contentUrl\":\"https:\\\/\\\/www.uartes.edu.ec\\\/sitio\\\/wp-content\\\/uploads\\\/2023\\\/12\\\/GENERAL-GRADUACION-2023.jpg\",\"width\":2000,\"height\":1333},{\"@type\":\"BreadcrumbList\",\"@id\":\"https:\\\/\\\/www.uartes.edu.ec\\\/sitio\\\/blog\\\/2023\\\/12\\\/12\\\/uartes-autonoma-regulada-por-el-cogobierno-y-abierta-a-la-innovacion-y-experimentacion-pedagogica-y-artistica\\\/#breadcrumb\",\"itemListElement\":[{\"@type\":\"ListItem\",\"position\":1,\"name\":\"Inicio\",\"item\":\"https:\\\/\\\/www.uartes.edu.ec\\\/sitio\\\/\"},{\"@type\":\"ListItem\",\"position\":2,\"name\":\"El rector William Herrera se\u00f1ala a la UArtes como conquista social y proyecto de transformaci\u00f3n social\"}]},{\"@type\":\"WebSite\",\"@id\":\"https:\\\/\\\/www.uartes.edu.ec\\\/sitio\\\/#website\",\"url\":\"https:\\\/\\\/www.uartes.edu.ec\\\/sitio\\\/\",\"name\":\"Universidad de las Artes\",\"description\":\"Sitio oficial de la Universidad Nacional de las Artes del Ecuador\",\"publisher\":{\"@id\":\"https:\\\/\\\/www.uartes.edu.ec\\\/sitio\\\/#organization\"},\"potentialAction\":[{\"@type\":\"SearchAction\",\"target\":{\"@type\":\"EntryPoint\",\"urlTemplate\":\"https:\\\/\\\/www.uartes.edu.ec\\\/sitio\\\/?s={search_term_string}\"},\"query-input\":{\"@type\":\"PropertyValueSpecification\",\"valueRequired\":true,\"valueName\":\"search_term_string\"}}],\"inLanguage\":\"es\"},{\"@type\":\"Organization\",\"@id\":\"https:\\\/\\\/www.uartes.edu.ec\\\/sitio\\\/#organization\",\"name\":\"Universidad de las Artes\",\"url\":\"https:\\\/\\\/www.uartes.edu.ec\\\/sitio\\\/\",\"logo\":{\"@type\":\"ImageObject\",\"inLanguage\":\"es\",\"@id\":\"https:\\\/\\\/www.uartes.edu.ec\\\/sitio\\\/#\\\/schema\\\/logo\\\/image\\\/\",\"url\":\"https:\\\/\\\/www.uartes.edu.ec\\\/sitio\\\/wp-content\\\/uploads\\\/2022\\\/07\\\/logo-ua-horizontal.png\",\"contentUrl\":\"https:\\\/\\\/www.uartes.edu.ec\\\/sitio\\\/wp-content\\\/uploads\\\/2022\\\/07\\\/logo-ua-horizontal.png\",\"width\":800,\"height\":276,\"caption\":\"Universidad de las Artes\"},\"image\":{\"@id\":\"https:\\\/\\\/www.uartes.edu.ec\\\/sitio\\\/#\\\/schema\\\/logo\\\/image\\\/\"},\"sameAs\":[\"https:\\\/\\\/www.facebook.com\\\/uartesec\",\"https:\\\/\\\/x.com\\\/uartesec\",\"https:\\\/\\\/www.tiktok.com\\\/@uartesec\"]},{\"@type\":\"Person\",\"@id\":\"https:\\\/\\\/www.uartes.edu.ec\\\/sitio\\\/#\\\/schema\\\/person\\\/efa1b8275797664fd7f13a79ccc0b1f4\",\"name\":\"ccortez\",\"image\":{\"@type\":\"ImageObject\",\"inLanguage\":\"es\",\"@id\":\"https:\\\/\\\/secure.gravatar.com\\\/avatar\\\/b2a6f664a3ae8e074346ef91775736c5ec479e637ecced6842de9dc98b5da9cd?s=96&d=mm&r=g\",\"url\":\"https:\\\/\\\/secure.gravatar.com\\\/avatar\\\/b2a6f664a3ae8e074346ef91775736c5ec479e637ecced6842de9dc98b5da9cd?s=96&d=mm&r=g\",\"contentUrl\":\"https:\\\/\\\/secure.gravatar.com\\\/avatar\\\/b2a6f664a3ae8e074346ef91775736c5ec479e637ecced6842de9dc98b5da9cd?s=96&d=mm&r=g\",\"caption\":\"ccortez\"},\"url\":\"https:\\\/\\\/www.uartes.edu.ec\\\/sitio\\\/blog\\\/author\\\/ccortez\\\/\"}]}<\/script>\n<!-- \/ Yoast SEO plugin. -->","yoast_head_json":{"title":"Universidad de las Artes - El rector William Herrera se\u00f1ala a la UArtes como conquista social y proyecto de transformaci\u00f3n social","description":"Universidad de las Artes - El rector William Herrera se\u00f1ala a la UArtes como conquista social y proyecto de transformaci\u00f3n social","robots":{"index":"index","follow":"follow","max-snippet":"max-snippet:-1","max-image-preview":"max-image-preview:large","max-video-preview":"max-video-preview:-1"},"canonical":"https:\/\/www.uartes.edu.ec\/sitio\/blog\/2023\/12\/12\/uartes-autonoma-regulada-por-el-cogobierno-y-abierta-a-la-innovacion-y-experimentacion-pedagogica-y-artistica\/","og_locale":"es_ES","og_type":"article","og_title":"Universidad de las Artes - El rector William Herrera se\u00f1ala a la UArtes como conquista social y proyecto de transformaci\u00f3n social","og_description":"Universidad de las Artes - El rector William Herrera se\u00f1ala a la UArtes como conquista social y proyecto de transformaci\u00f3n social","og_url":"https:\/\/www.uartes.edu.ec\/sitio\/blog\/2023\/12\/12\/uartes-autonoma-regulada-por-el-cogobierno-y-abierta-a-la-innovacion-y-experimentacion-pedagogica-y-artistica\/","og_site_name":"Universidad de las Artes","article_publisher":"https:\/\/www.facebook.com\/uartesec","article_published_time":"2023-12-12T17:20:29+00:00","article_modified_time":"2024-07-04T16:20:20+00:00","og_image":[{"width":2000,"height":1333,"url":"https:\/\/www.uartes.edu.ec\/sitio\/wp-content\/uploads\/2023\/12\/GENERAL-GRADUACION-2023.jpg","type":"image\/jpeg"}],"author":"ccortez","twitter_card":"summary_large_image","twitter_creator":"@uartesec","twitter_site":"@uartesec","twitter_misc":{"Escrito por":"ccortez","Tiempo de lectura":"7 minutos"},"schema":{"@context":"https:\/\/schema.org","@graph":[{"@type":"Article","@id":"https:\/\/www.uartes.edu.ec\/sitio\/blog\/2023\/12\/12\/uartes-autonoma-regulada-por-el-cogobierno-y-abierta-a-la-innovacion-y-experimentacion-pedagogica-y-artistica\/#article","isPartOf":{"@id":"https:\/\/www.uartes.edu.ec\/sitio\/blog\/2023\/12\/12\/uartes-autonoma-regulada-por-el-cogobierno-y-abierta-a-la-innovacion-y-experimentacion-pedagogica-y-artistica\/"},"author":{"name":"ccortez","@id":"https:\/\/www.uartes.edu.ec\/sitio\/#\/schema\/person\/efa1b8275797664fd7f13a79ccc0b1f4"},"headline":"El rector William Herrera se\u00f1ala a la UArtes como conquista social y proyecto de transformaci\u00f3n social","datePublished":"2023-12-12T17:20:29+00:00","dateModified":"2024-07-04T16:20:20+00:00","mainEntityOfPage":{"@id":"https:\/\/www.uartes.edu.ec\/sitio\/blog\/2023\/12\/12\/uartes-autonoma-regulada-por-el-cogobierno-y-abierta-a-la-innovacion-y-experimentacion-pedagogica-y-artistica\/"},"wordCount":1465,"commentCount":0,"publisher":{"@id":"https:\/\/www.uartes.edu.ec\/sitio\/#organization"},"image":{"@id":"https:\/\/www.uartes.edu.ec\/sitio\/blog\/2023\/12\/12\/uartes-autonoma-regulada-por-el-cogobierno-y-abierta-a-la-innovacion-y-experimentacion-pedagogica-y-artistica\/#primaryimage"},"thumbnailUrl":"https:\/\/www.uartes.edu.ec\/sitio\/wp-content\/uploads\/2023\/12\/GENERAL-GRADUACION-2023.jpg","keywords":["aniversario"],"articleSection":["Acad\u00e9mico","Administrativos","Alumni","Artes","Docentes","Estudiantes","Gesti\u00f3n","Rectorado","V\u00ednculo"],"inLanguage":"es","potentialAction":[{"@type":"CommentAction","name":"Comment","target":["https:\/\/www.uartes.edu.ec\/sitio\/blog\/2023\/12\/12\/uartes-autonoma-regulada-por-el-cogobierno-y-abierta-a-la-innovacion-y-experimentacion-pedagogica-y-artistica\/#respond"]}]},{"@type":["WebPage","ItemPage"],"@id":"https:\/\/www.uartes.edu.ec\/sitio\/blog\/2023\/12\/12\/uartes-autonoma-regulada-por-el-cogobierno-y-abierta-a-la-innovacion-y-experimentacion-pedagogica-y-artistica\/","url":"https:\/\/www.uartes.edu.ec\/sitio\/blog\/2023\/12\/12\/uartes-autonoma-regulada-por-el-cogobierno-y-abierta-a-la-innovacion-y-experimentacion-pedagogica-y-artistica\/","name":"Universidad de las Artes - El rector William Herrera se\u00f1ala a la UArtes como conquista social y proyecto de transformaci\u00f3n social","isPartOf":{"@id":"https:\/\/www.uartes.edu.ec\/sitio\/#website"},"primaryImageOfPage":{"@id":"https:\/\/www.uartes.edu.ec\/sitio\/blog\/2023\/12\/12\/uartes-autonoma-regulada-por-el-cogobierno-y-abierta-a-la-innovacion-y-experimentacion-pedagogica-y-artistica\/#primaryimage"},"image":{"@id":"https:\/\/www.uartes.edu.ec\/sitio\/blog\/2023\/12\/12\/uartes-autonoma-regulada-por-el-cogobierno-y-abierta-a-la-innovacion-y-experimentacion-pedagogica-y-artistica\/#primaryimage"},"thumbnailUrl":"https:\/\/www.uartes.edu.ec\/sitio\/wp-content\/uploads\/2023\/12\/GENERAL-GRADUACION-2023.jpg","datePublished":"2023-12-12T17:20:29+00:00","dateModified":"2024-07-04T16:20:20+00:00","description":"Universidad de las Artes - El rector William Herrera se\u00f1ala a la UArtes como conquista social y proyecto de transformaci\u00f3n social","breadcrumb":{"@id":"https:\/\/www.uartes.edu.ec\/sitio\/blog\/2023\/12\/12\/uartes-autonoma-regulada-por-el-cogobierno-y-abierta-a-la-innovacion-y-experimentacion-pedagogica-y-artistica\/#breadcrumb"},"inLanguage":"es","potentialAction":[{"@type":"ReadAction","target":["https:\/\/www.uartes.edu.ec\/sitio\/blog\/2023\/12\/12\/uartes-autonoma-regulada-por-el-cogobierno-y-abierta-a-la-innovacion-y-experimentacion-pedagogica-y-artistica\/"]}]},{"@type":"ImageObject","inLanguage":"es","@id":"https:\/\/www.uartes.edu.ec\/sitio\/blog\/2023\/12\/12\/uartes-autonoma-regulada-por-el-cogobierno-y-abierta-a-la-innovacion-y-experimentacion-pedagogica-y-artistica\/#primaryimage","url":"https:\/\/www.uartes.edu.ec\/sitio\/wp-content\/uploads\/2023\/12\/GENERAL-GRADUACION-2023.jpg","contentUrl":"https:\/\/www.uartes.edu.ec\/sitio\/wp-content\/uploads\/2023\/12\/GENERAL-GRADUACION-2023.jpg","width":2000,"height":1333},{"@type":"BreadcrumbList","@id":"https:\/\/www.uartes.edu.ec\/sitio\/blog\/2023\/12\/12\/uartes-autonoma-regulada-por-el-cogobierno-y-abierta-a-la-innovacion-y-experimentacion-pedagogica-y-artistica\/#breadcrumb","itemListElement":[{"@type":"ListItem","position":1,"name":"Inicio","item":"https:\/\/www.uartes.edu.ec\/sitio\/"},{"@type":"ListItem","position":2,"name":"El rector William Herrera se\u00f1ala a la UArtes como conquista social y proyecto de transformaci\u00f3n social"}]},{"@type":"WebSite","@id":"https:\/\/www.uartes.edu.ec\/sitio\/#website","url":"https:\/\/www.uartes.edu.ec\/sitio\/","name":"Universidad de las Artes","description":"Sitio oficial de la Universidad Nacional de las Artes del Ecuador","publisher":{"@id":"https:\/\/www.uartes.edu.ec\/sitio\/#organization"},"potentialAction":[{"@type":"SearchAction","target":{"@type":"EntryPoint","urlTemplate":"https:\/\/www.uartes.edu.ec\/sitio\/?s={search_term_string}"},"query-input":{"@type":"PropertyValueSpecification","valueRequired":true,"valueName":"search_term_string"}}],"inLanguage":"es"},{"@type":"Organization","@id":"https:\/\/www.uartes.edu.ec\/sitio\/#organization","name":"Universidad de las Artes","url":"https:\/\/www.uartes.edu.ec\/sitio\/","logo":{"@type":"ImageObject","inLanguage":"es","@id":"https:\/\/www.uartes.edu.ec\/sitio\/#\/schema\/logo\/image\/","url":"https:\/\/www.uartes.edu.ec\/sitio\/wp-content\/uploads\/2022\/07\/logo-ua-horizontal.png","contentUrl":"https:\/\/www.uartes.edu.ec\/sitio\/wp-content\/uploads\/2022\/07\/logo-ua-horizontal.png","width":800,"height":276,"caption":"Universidad de las Artes"},"image":{"@id":"https:\/\/www.uartes.edu.ec\/sitio\/#\/schema\/logo\/image\/"},"sameAs":["https:\/\/www.facebook.com\/uartesec","https:\/\/x.com\/uartesec","https:\/\/www.tiktok.com\/@uartesec"]},{"@type":"Person","@id":"https:\/\/www.uartes.edu.ec\/sitio\/#\/schema\/person\/efa1b8275797664fd7f13a79ccc0b1f4","name":"ccortez","image":{"@type":"ImageObject","inLanguage":"es","@id":"https:\/\/secure.gravatar.com\/avatar\/b2a6f664a3ae8e074346ef91775736c5ec479e637ecced6842de9dc98b5da9cd?s=96&d=mm&r=g","url":"https:\/\/secure.gravatar.com\/avatar\/b2a6f664a3ae8e074346ef91775736c5ec479e637ecced6842de9dc98b5da9cd?s=96&d=mm&r=g","contentUrl":"https:\/\/secure.gravatar.com\/avatar\/b2a6f664a3ae8e074346ef91775736c5ec479e637ecced6842de9dc98b5da9cd?s=96&d=mm&r=g","caption":"ccortez"},"url":"https:\/\/www.uartes.edu.ec\/sitio\/blog\/author\/ccortez\/"}]}},"uagb_featured_image_src":{"full":["https:\/\/www.uartes.edu.ec\/sitio\/wp-content\/uploads\/2023\/12\/GENERAL-GRADUACION-2023.jpg",2000,1333,false],"thumbnail":["https:\/\/www.uartes.edu.ec\/sitio\/wp-content\/uploads\/2023\/12\/GENERAL-GRADUACION-2023-150x150.jpg",150,150,true],"medium":["https:\/\/www.uartes.edu.ec\/sitio\/wp-content\/uploads\/2023\/12\/GENERAL-GRADUACION-2023-300x200.jpg",300,200,true],"medium_large":["https:\/\/www.uartes.edu.ec\/sitio\/wp-content\/uploads\/2023\/12\/GENERAL-GRADUACION-2023-768x512.jpg",768,512,true],"large":["https:\/\/www.uartes.edu.ec\/sitio\/wp-content\/uploads\/2023\/12\/GENERAL-GRADUACION-2023-644x429.jpg",644,429,true],"1536x1536":["https:\/\/www.uartes.edu.ec\/sitio\/wp-content\/uploads\/2023\/12\/GENERAL-GRADUACION-2023-1536x1024.jpg",1536,1024,true],"2048x2048":["https:\/\/www.uartes.edu.ec\/sitio\/wp-content\/uploads\/2023\/12\/GENERAL-GRADUACION-2023.jpg",2000,1333,false],"trp-custom-language-flag":["https:\/\/www.uartes.edu.ec\/sitio\/wp-content\/uploads\/2023\/12\/GENERAL-GRADUACION-2023.jpg",18,12,false],"htmega_size_585x295":["https:\/\/www.uartes.edu.ec\/sitio\/wp-content\/uploads\/2023\/12\/GENERAL-GRADUACION-2023-585x295.jpg",585,295,true],"htmega_size_1170x536":["https:\/\/www.uartes.edu.ec\/sitio\/wp-content\/uploads\/2023\/12\/GENERAL-GRADUACION-2023-1170x536.jpg",1170,536,true],"htmega_size_396x360":["https:\/\/www.uartes.edu.ec\/sitio\/wp-content\/uploads\/2023\/12\/GENERAL-GRADUACION-2023-396x360.jpg",396,360,true],"gb-block-post-grid-landscape":["https:\/\/www.uartes.edu.ec\/sitio\/wp-content\/uploads\/2023\/12\/GENERAL-GRADUACION-2023-600x400.jpg",600,400,true],"gb-block-post-grid-square":["https:\/\/www.uartes.edu.ec\/sitio\/wp-content\/uploads\/2023\/12\/GENERAL-GRADUACION-2023-600x600.jpg",600,600,true],"university-hub-thumb":["https:\/\/www.uartes.edu.ec\/sitio\/wp-content\/uploads\/2023\/12\/GENERAL-GRADUACION-2023-400x267.jpg",400,267,true]},"uagb_author_info":{"display_name":"ccortez","author_link":"https:\/\/www.uartes.edu.ec\/sitio\/blog\/author\/ccortez\/"},"uagb_comment_info":0,"uagb_excerpt":"En la sesi\u00f3n solemne por los 10 a\u00f1os de creaci\u00f3n de la UArtes, el rector William Herrera expuso tres ideas que han marcado su ruta: creer en la educaci\u00f3n p\u00fablica, las artes producen conocimiento y la Universidad de las Artes como conquista social y proyecto de transformaci\u00f3n social. En los momentos m\u00e1s cr\u00edticos ha sido&hellip;","featured_image_src":"https:\/\/www.uartes.edu.ec\/sitio\/wp-content\/uploads\/2023\/12\/GENERAL-GRADUACION-2023-600x400.jpg","featured_image_src_square":"https:\/\/www.uartes.edu.ec\/sitio\/wp-content\/uploads\/2023\/12\/GENERAL-GRADUACION-2023-600x600.jpg","author_info":{"display_name":"ccortez","author_link":"https:\/\/www.uartes.edu.ec\/sitio\/blog\/author\/ccortez\/"},"publishpress_future_workflow_manual_trigger":{"enabledWorkflows":[]},"distributor_meta":false,"distributor_terms":false,"distributor_media":false,"distributor_original_site_name":"Universidad de las Artes","distributor_original_site_url":"https:\/\/www.uartes.edu.ec\/sitio","push-errors":false,"_links":{"self":[{"href":"https:\/\/www.uartes.edu.ec\/sitio\/wp-json\/wp\/v2\/posts\/48864","targetHints":{"allow":["GET"]}}],"collection":[{"href":"https:\/\/www.uartes.edu.ec\/sitio\/wp-json\/wp\/v2\/posts"}],"about":[{"href":"https:\/\/www.uartes.edu.ec\/sitio\/wp-json\/wp\/v2\/types\/post"}],"author":[{"embeddable":true,"href":"https:\/\/www.uartes.edu.ec\/sitio\/wp-json\/wp\/v2\/users\/10"}],"replies":[{"embeddable":true,"href":"https:\/\/www.uartes.edu.ec\/sitio\/wp-json\/wp\/v2\/comments?post=48864"}],"version-history":[{"count":3,"href":"https:\/\/www.uartes.edu.ec\/sitio\/wp-json\/wp\/v2\/posts\/48864\/revisions"}],"predecessor-version":[{"id":48942,"href":"https:\/\/www.uartes.edu.ec\/sitio\/wp-json\/wp\/v2\/posts\/48864\/revisions\/48942"}],"wp:featuredmedia":[{"embeddable":true,"href":"https:\/\/www.uartes.edu.ec\/sitio\/wp-json\/wp\/v2\/media\/48886"}],"wp:attachment":[{"href":"https:\/\/www.uartes.edu.ec\/sitio\/wp-json\/wp\/v2\/media?parent=48864"}],"wp:term":[{"taxonomy":"category","embeddable":true,"href":"https:\/\/www.uartes.edu.ec\/sitio\/wp-json\/wp\/v2\/categories?post=48864"},{"taxonomy":"post_tag","embeddable":true,"href":"https:\/\/www.uartes.edu.ec\/sitio\/wp-json\/wp\/v2\/tags?post=48864"},{"taxonomy":"infouartes","embeddable":true,"href":"https:\/\/www.uartes.edu.ec\/sitio\/wp-json\/wp\/v2\/infouartes?post=48864"}],"curies":[{"name":"wp","href":"https:\/\/api.w.org\/{rel}","templated":true}]}}