{"id":49376,"date":"2023-12-05T14:17:00","date_gmt":"2023-12-05T19:17:00","guid":{"rendered":"https:\/\/www.uartes.edu.ec\/sitio\/?p=49376"},"modified":"2024-07-04T11:20:21","modified_gmt":"2024-07-04T16:20:21","slug":"tia-serpe-formando-mediadores-de-lectura-para-transformar-comunidades","status":"publish","type":"post","link":"https:\/\/www.uartes.edu.ec\/sitio\/blog\/2023\/12\/05\/tia-serpe-formando-mediadores-de-lectura-para-transformar-comunidades\/","title":{"rendered":"T\u00eda Serpe: formando mediadores de lectura para transformar comunidades"},"content":{"rendered":"\n<p>En un emotivo cierre, Paola Franco Choez, Yuliana Yagual Delgado, Margarita de los \u00c1ngeles Zambrano, Mart\u00edn Riofr\u00edo, Mirella Cercado Merch\u00e1n, Michael Medina Chalco y Claudia Furiati P\u00e1ez, culminaron la capacitaci\u00f3n en mediaci\u00f3n lectora \u201cT\u00eda Serpe\u201d. Bajo la gu\u00eda del docente Pedro Mujica y la colaboraci\u00f3n de Gilda S\u00e1nchez, de Educaci\u00f3n Continua UArtes, estos estudiantes se sumergieron durante meses en un viaje de aprendizaje que los equip\u00f3 con las herramientas necesarias para convertirse en mediadores de lectura y difundir historias en sus comunidades.\u00a0<\/p>\n\n\n\n<p>El curso, que abarc\u00f3 un total de 24 horas distribuidas en s\u00e1bados de 13:30 a 16:30, no solo se centr\u00f3 en la teor\u00eda, sino que cont\u00f3 con la participaci\u00f3n activa de una artista invitada en cada sesi\u00f3n. Estos especialistas compartieron conocimientos complementarios destinados a despertar el inter\u00e9s de j\u00f3venes y ni\u00f1os por la lectura, marcando as\u00ed un antes y un despu\u00e9s en la vida de los participantes, provenientes de diversos \u00e1mbitos, como profesoras de educaci\u00f3n primaria, bibliotecarias jubiladas, youtubers especialistas en cr\u00edtica y rese\u00f1as literarias, entre otros.&nbsp;<\/p>\n\n\n\n<p>Los participantes no solo aprendieron t\u00e9cnicas de teatro de sombras, t\u00edteres y formas narrativas, sino que tambi\u00e9n exploraron figuras geom\u00e9tricas, como disparadores de historias, elaboraci\u00f3n de kamishibai y juegos l\u00fadicos. Estas din\u00e1micas enriquecieron sus conocimientos y sirvieron como catalizadores para que cada integrante del curso creara su propia historia infantil. &nbsp;<\/p>\n\n\n\n<p>El punto culminante del curso fue una presentaci\u00f3n final en la clausura de Libre Libro 2023: Comunidades Creativas de Lectura. Las historias inspiradas en la flora y fauna del pa\u00eds, como \u201cLa Tortuga y la isla\u201d, \u201cRosalindo y la pi\u00f1a m\u00e1gica\u201d o \u201cSalamandro, el caminante\u201d, cautivaron a los ni\u00f1os presentes. Cada tallerista aplic\u00f3 con destreza lo aprendido, desde el movimiento corporal hasta la modulaci\u00f3n de voz, transmitiendo naturalidad, realismo y empat\u00eda en la narraci\u00f3n.&nbsp;<\/p>\n\n\n\n<p>Entre aplausos y agradecimientos, el docente Pedro Mujica anunci\u00f3 que la funci\u00f3n hab\u00eda terminado, pero el cierre no fue el final del proyecto. Aunque se espera la emisi\u00f3n de los certificados de aprobaci\u00f3n del curso, el equipo ya est\u00e1 buscando financiamiento para una segunda fase que incluir\u00e1 giras y proyectos lectores en comunidades.&nbsp;<\/p>\n\n\n\n<p><strong>Pr\u00f3xima funci\u00f3n: m\u00e1s all\u00e1 del curso&nbsp;<\/strong><\/p>\n\n\n\n<p>El proyecto \u201cT\u00eda Serpe\u201d no se limita a la capacitaci\u00f3n. Con la intenci\u00f3n de actualizar las narrativas sobre la promoci\u00f3n lectora y vincularlas a estrategias que faciliten la mediaci\u00f3n cultural, se planea una segunda fase. En esta etapa se buscar\u00e1 activar espacios de lectura combinados con agendas culturales en comunidades con escasa programaci\u00f3n cultural.&nbsp;<\/p>\n\n\n\n<p>El taller se centrar\u00e1 en dos n\u00facleos transversales: la revisi\u00f3n actual de la promoci\u00f3n lectora y el desarrollo de propuestas interdisciplinarias que potencien la lectura infantil y adolescente, as\u00ed como la memoria local a trav\u00e9s de la tradici\u00f3n oral. Con sesiones que abarcan desde la promoci\u00f3n lectora hasta t\u00e9cnicas de clown, t\u00edteres y teatro de sombras, el proyecto busca transformar comunidades mediante la narraci\u00f3n y la lectura.&nbsp;<\/p>\n\n\n\n<p><strong>Aprendizajes m\u00e1s all\u00e1 de las sombras&nbsp;<\/strong><\/p>\n\n\n\n<p>El teatro de sombras, impartido por artistas como Karen Mendoza, se revel\u00f3 como un componente clave del curso. La creaci\u00f3n de h\u00e1bitats donde las sombras cobran vida a trav\u00e9s de luces variadas, titiriteros expertos en la proyecci\u00f3n y elementos como velas, sol o linternas, permiti\u00f3 a los participantes experimentar la magia de contar historias de una manera \u00fanica.&nbsp;<\/p>\n\n\n\n<p>Adem\u00e1s, gracias a la creatividad de los estudiantes, se incorporaron nuevos recursos, como la creaci\u00f3n de t\u00edteres con materiales de esponja, varilla o guante, bajo la direcci\u00f3n de la artista manabita Karen Mendoza. Estos recursos han abierto nuevas posibilidades para contar historias de manera m\u00e1s atractiva, especialmente para aquellos que disfrutan de actividades l\u00fadicas.&nbsp;<\/p>\n\n\n\n<p><strong>Hacia el futuro: Contadores de tradiciones orales&nbsp;<\/strong><\/p>\n\n\n\n<p>El proyecto buscar\u00e1 registrar las tradiciones orales y convertirlas en literatura. Los graduados de &#8220;T\u00eda Serpe&#8221; continuar\u00e1n difundiendo estas historias, utilizando las herramientas aprendidas durante el curso para crear textos que preserven y compartan la rica tradici\u00f3n de los pueblos.&nbsp;<\/p>\n\n\n\n<p>Aunque la funci\u00f3n de &#8220;T\u00eda Serpe&#8221; ha llegado a su fin, su legado perdurar\u00e1 a medida que estos nuevos mediadores de lectura se embarcan en la misi\u00f3n de enriquecer comunidades a trav\u00e9s de las historias y la lectura.&nbsp;<\/p>\n\n\n\n<p>Texto: Michael Medina Chalco, estudiante de la Escuela de Literatura<br>Fotos: Margarita de los \u00c1ngeles Zambrano Avil\u00e9s&nbsp;<\/p>\n","protected":false},"excerpt":{"rendered":"<p>En un emotivo cierre, Paola Franco, Yuliana Yagual, Margarita Zambrano, Mart\u00edn Riofr\u00edo, Mirella Cercado Merch\u00e1n, Michael Medina y Claudia Furiati culminaron la capacitaci\u00f3n en mediaci\u00f3n lectora \u201cT\u00eda Serpe\u201d. Bajo la gu\u00eda del docente Pedro Mujica y la colaboraci\u00f3n de Gilda S\u00e1nchez, de Educaci\u00f3n Continua, los estudiantes se sumergieron durante meses en un viaje de aprendizaje que los equip\u00f3 con las herramientas necesarias para ser mediadores de lectura.<\/p>\n","protected":false},"author":10,"featured_media":47051,"comment_status":"open","ping_status":"open","sticky":false,"template":"","format":"standard","meta":{"_acf_changed":false,"_uag_custom_page_level_css":"","_monsterinsights_skip_tracking":false,"_monsterinsights_sitenote_active":false,"_monsterinsights_sitenote_note":"","_monsterinsights_sitenote_category":0,"cybocfi_hide_featured_image":"","footnotes":""},"categories":[80,82,75,76,77,284,175,79],"tags":[1082],"infouartes":[],"class_list":["post-49376","post","type-post","status-publish","format-standard","has-post-thumbnail","hentry","category-academico","category-artes","category-docentes","category-estudiantes","category-gestion","category-investigacion","category-literatura","category-vinculo","tag-mediacion"],"acf":[],"yoast_head":"<!-- This site is optimized with the Yoast SEO plugin v27.4 - https:\/\/yoast.com\/product\/yoast-seo-wordpress\/ -->\n<title>Universidad de las Artes - T\u00eda Serpe: formando mediadores de lectura para transformar comunidades<\/title>\n<meta name=\"description\" content=\"Universidad de las Artes - T\u00eda Serpe: formando mediadores de lectura para transformar comunidades\" \/>\n<meta name=\"robots\" content=\"index, follow, max-snippet:-1, max-image-preview:large, max-video-preview:-1\" \/>\n<link rel=\"canonical\" href=\"https:\/\/www.uartes.edu.ec\/sitio\/blog\/2023\/12\/05\/tia-serpe-formando-mediadores-de-lectura-para-transformar-comunidades\/\" \/>\n<meta property=\"og:locale\" content=\"es_ES\" \/>\n<meta property=\"og:type\" content=\"article\" \/>\n<meta property=\"og:title\" content=\"Universidad de las Artes - T\u00eda Serpe: formando mediadores de lectura para transformar comunidades\" \/>\n<meta property=\"og:description\" content=\"Universidad de las Artes - T\u00eda Serpe: formando mediadores de lectura para transformar comunidades\" \/>\n<meta property=\"og:url\" content=\"https:\/\/www.uartes.edu.ec\/sitio\/blog\/2023\/12\/05\/tia-serpe-formando-mediadores-de-lectura-para-transformar-comunidades\/\" \/>\n<meta property=\"og:site_name\" content=\"Universidad de las Artes\" \/>\n<meta property=\"article:publisher\" content=\"https:\/\/www.facebook.com\/uartesec\" \/>\n<meta property=\"article:published_time\" content=\"2023-12-05T19:17:00+00:00\" \/>\n<meta property=\"article:modified_time\" content=\"2024-07-04T16:20:21+00:00\" \/>\n<meta property=\"og:image\" content=\"https:\/\/www.uartes.edu.ec\/sitio\/wp-content\/uploads\/2023\/09\/PROMOTORES-DE-LECTURA-TIA-SERPE-OK.jpg\" \/>\n\t<meta property=\"og:image:width\" content=\"2000\" \/>\n\t<meta property=\"og:image:height\" content=\"1333\" \/>\n\t<meta property=\"og:image:type\" content=\"image\/jpeg\" \/>\n<meta name=\"author\" content=\"ccortez\" \/>\n<meta name=\"twitter:card\" content=\"summary_large_image\" \/>\n<meta name=\"twitter:creator\" content=\"@uartesec\" \/>\n<meta name=\"twitter:site\" content=\"@uartesec\" \/>\n<meta name=\"twitter:label1\" content=\"Escrito por\" \/>\n\t<meta name=\"twitter:data1\" content=\"ccortez\" \/>\n\t<meta name=\"twitter:label2\" content=\"Tiempo de lectura\" \/>\n\t<meta name=\"twitter:data2\" content=\"4 minutos\" \/>\n<script type=\"application\/ld+json\" class=\"yoast-schema-graph\">{\"@context\":\"https:\\\/\\\/schema.org\",\"@graph\":[{\"@type\":\"Article\",\"@id\":\"https:\\\/\\\/www.uartes.edu.ec\\\/sitio\\\/blog\\\/2023\\\/12\\\/05\\\/tia-serpe-formando-mediadores-de-lectura-para-transformar-comunidades\\\/#article\",\"isPartOf\":{\"@id\":\"https:\\\/\\\/www.uartes.edu.ec\\\/sitio\\\/blog\\\/2023\\\/12\\\/05\\\/tia-serpe-formando-mediadores-de-lectura-para-transformar-comunidades\\\/\"},\"author\":{\"name\":\"ccortez\",\"@id\":\"https:\\\/\\\/www.uartes.edu.ec\\\/sitio\\\/#\\\/schema\\\/person\\\/efa1b8275797664fd7f13a79ccc0b1f4\"},\"headline\":\"T\u00eda Serpe: formando mediadores de lectura para transformar comunidades\",\"datePublished\":\"2023-12-05T19:17:00+00:00\",\"dateModified\":\"2024-07-04T16:20:21+00:00\",\"mainEntityOfPage\":{\"@id\":\"https:\\\/\\\/www.uartes.edu.ec\\\/sitio\\\/blog\\\/2023\\\/12\\\/05\\\/tia-serpe-formando-mediadores-de-lectura-para-transformar-comunidades\\\/\"},\"wordCount\":790,\"commentCount\":0,\"publisher\":{\"@id\":\"https:\\\/\\\/www.uartes.edu.ec\\\/sitio\\\/#organization\"},\"image\":{\"@id\":\"https:\\\/\\\/www.uartes.edu.ec\\\/sitio\\\/blog\\\/2023\\\/12\\\/05\\\/tia-serpe-formando-mediadores-de-lectura-para-transformar-comunidades\\\/#primaryimage\"},\"thumbnailUrl\":\"https:\\\/\\\/www.uartes.edu.ec\\\/sitio\\\/wp-content\\\/uploads\\\/2023\\\/09\\\/PROMOTORES-DE-LECTURA-TIA-SERPE-OK.jpg\",\"keywords\":[\"mediaci\u00f3n\"],\"articleSection\":[\"Acad\u00e9mico\",\"Artes\",\"Docentes\",\"Estudiantes\",\"Gesti\u00f3n\",\"Investigaci\u00f3n\",\"Literatura\",\"V\u00ednculo\"],\"inLanguage\":\"es\",\"potentialAction\":[{\"@type\":\"CommentAction\",\"name\":\"Comment\",\"target\":[\"https:\\\/\\\/www.uartes.edu.ec\\\/sitio\\\/blog\\\/2023\\\/12\\\/05\\\/tia-serpe-formando-mediadores-de-lectura-para-transformar-comunidades\\\/#respond\"]}]},{\"@type\":[\"WebPage\",\"ItemPage\"],\"@id\":\"https:\\\/\\\/www.uartes.edu.ec\\\/sitio\\\/blog\\\/2023\\\/12\\\/05\\\/tia-serpe-formando-mediadores-de-lectura-para-transformar-comunidades\\\/\",\"url\":\"https:\\\/\\\/www.uartes.edu.ec\\\/sitio\\\/blog\\\/2023\\\/12\\\/05\\\/tia-serpe-formando-mediadores-de-lectura-para-transformar-comunidades\\\/\",\"name\":\"Universidad de las Artes - T\u00eda Serpe: formando mediadores de lectura para transformar comunidades\",\"isPartOf\":{\"@id\":\"https:\\\/\\\/www.uartes.edu.ec\\\/sitio\\\/#website\"},\"primaryImageOfPage\":{\"@id\":\"https:\\\/\\\/www.uartes.edu.ec\\\/sitio\\\/blog\\\/2023\\\/12\\\/05\\\/tia-serpe-formando-mediadores-de-lectura-para-transformar-comunidades\\\/#primaryimage\"},\"image\":{\"@id\":\"https:\\\/\\\/www.uartes.edu.ec\\\/sitio\\\/blog\\\/2023\\\/12\\\/05\\\/tia-serpe-formando-mediadores-de-lectura-para-transformar-comunidades\\\/#primaryimage\"},\"thumbnailUrl\":\"https:\\\/\\\/www.uartes.edu.ec\\\/sitio\\\/wp-content\\\/uploads\\\/2023\\\/09\\\/PROMOTORES-DE-LECTURA-TIA-SERPE-OK.jpg\",\"datePublished\":\"2023-12-05T19:17:00+00:00\",\"dateModified\":\"2024-07-04T16:20:21+00:00\",\"description\":\"Universidad de las Artes - T\u00eda Serpe: formando mediadores de lectura para transformar comunidades\",\"breadcrumb\":{\"@id\":\"https:\\\/\\\/www.uartes.edu.ec\\\/sitio\\\/blog\\\/2023\\\/12\\\/05\\\/tia-serpe-formando-mediadores-de-lectura-para-transformar-comunidades\\\/#breadcrumb\"},\"inLanguage\":\"es\",\"potentialAction\":[{\"@type\":\"ReadAction\",\"target\":[\"https:\\\/\\\/www.uartes.edu.ec\\\/sitio\\\/blog\\\/2023\\\/12\\\/05\\\/tia-serpe-formando-mediadores-de-lectura-para-transformar-comunidades\\\/\"]}]},{\"@type\":\"ImageObject\",\"inLanguage\":\"es\",\"@id\":\"https:\\\/\\\/www.uartes.edu.ec\\\/sitio\\\/blog\\\/2023\\\/12\\\/05\\\/tia-serpe-formando-mediadores-de-lectura-para-transformar-comunidades\\\/#primaryimage\",\"url\":\"https:\\\/\\\/www.uartes.edu.ec\\\/sitio\\\/wp-content\\\/uploads\\\/2023\\\/09\\\/PROMOTORES-DE-LECTURA-TIA-SERPE-OK.jpg\",\"contentUrl\":\"https:\\\/\\\/www.uartes.edu.ec\\\/sitio\\\/wp-content\\\/uploads\\\/2023\\\/09\\\/PROMOTORES-DE-LECTURA-TIA-SERPE-OK.jpg\",\"width\":2000,\"height\":1333},{\"@type\":\"BreadcrumbList\",\"@id\":\"https:\\\/\\\/www.uartes.edu.ec\\\/sitio\\\/blog\\\/2023\\\/12\\\/05\\\/tia-serpe-formando-mediadores-de-lectura-para-transformar-comunidades\\\/#breadcrumb\",\"itemListElement\":[{\"@type\":\"ListItem\",\"position\":1,\"name\":\"Inicio\",\"item\":\"https:\\\/\\\/www.uartes.edu.ec\\\/sitio\\\/\"},{\"@type\":\"ListItem\",\"position\":2,\"name\":\"T\u00eda Serpe: formando mediadores de lectura para transformar comunidades\"}]},{\"@type\":\"WebSite\",\"@id\":\"https:\\\/\\\/www.uartes.edu.ec\\\/sitio\\\/#website\",\"url\":\"https:\\\/\\\/www.uartes.edu.ec\\\/sitio\\\/\",\"name\":\"Universidad de las Artes\",\"description\":\"Sitio oficial de la Universidad Nacional de las Artes del Ecuador\",\"publisher\":{\"@id\":\"https:\\\/\\\/www.uartes.edu.ec\\\/sitio\\\/#organization\"},\"potentialAction\":[{\"@type\":\"SearchAction\",\"target\":{\"@type\":\"EntryPoint\",\"urlTemplate\":\"https:\\\/\\\/www.uartes.edu.ec\\\/sitio\\\/?s={search_term_string}\"},\"query-input\":{\"@type\":\"PropertyValueSpecification\",\"valueRequired\":true,\"valueName\":\"search_term_string\"}}],\"inLanguage\":\"es\"},{\"@type\":\"Organization\",\"@id\":\"https:\\\/\\\/www.uartes.edu.ec\\\/sitio\\\/#organization\",\"name\":\"Universidad de las Artes\",\"url\":\"https:\\\/\\\/www.uartes.edu.ec\\\/sitio\\\/\",\"logo\":{\"@type\":\"ImageObject\",\"inLanguage\":\"es\",\"@id\":\"https:\\\/\\\/www.uartes.edu.ec\\\/sitio\\\/#\\\/schema\\\/logo\\\/image\\\/\",\"url\":\"https:\\\/\\\/www.uartes.edu.ec\\\/sitio\\\/wp-content\\\/uploads\\\/2022\\\/07\\\/logo-ua-horizontal.png\",\"contentUrl\":\"https:\\\/\\\/www.uartes.edu.ec\\\/sitio\\\/wp-content\\\/uploads\\\/2022\\\/07\\\/logo-ua-horizontal.png\",\"width\":800,\"height\":276,\"caption\":\"Universidad de las Artes\"},\"image\":{\"@id\":\"https:\\\/\\\/www.uartes.edu.ec\\\/sitio\\\/#\\\/schema\\\/logo\\\/image\\\/\"},\"sameAs\":[\"https:\\\/\\\/www.facebook.com\\\/uartesec\",\"https:\\\/\\\/x.com\\\/uartesec\",\"https:\\\/\\\/www.tiktok.com\\\/@uartesec\"]},{\"@type\":\"Person\",\"@id\":\"https:\\\/\\\/www.uartes.edu.ec\\\/sitio\\\/#\\\/schema\\\/person\\\/efa1b8275797664fd7f13a79ccc0b1f4\",\"name\":\"ccortez\",\"image\":{\"@type\":\"ImageObject\",\"inLanguage\":\"es\",\"@id\":\"https:\\\/\\\/secure.gravatar.com\\\/avatar\\\/b2a6f664a3ae8e074346ef91775736c5ec479e637ecced6842de9dc98b5da9cd?s=96&d=mm&r=g\",\"url\":\"https:\\\/\\\/secure.gravatar.com\\\/avatar\\\/b2a6f664a3ae8e074346ef91775736c5ec479e637ecced6842de9dc98b5da9cd?s=96&d=mm&r=g\",\"contentUrl\":\"https:\\\/\\\/secure.gravatar.com\\\/avatar\\\/b2a6f664a3ae8e074346ef91775736c5ec479e637ecced6842de9dc98b5da9cd?s=96&d=mm&r=g\",\"caption\":\"ccortez\"},\"url\":\"https:\\\/\\\/www.uartes.edu.ec\\\/sitio\\\/blog\\\/author\\\/ccortez\\\/\"}]}<\/script>\n<!-- \/ Yoast SEO plugin. -->","yoast_head_json":{"title":"Universidad de las Artes - T\u00eda Serpe: formando mediadores de lectura para transformar comunidades","description":"Universidad de las Artes - T\u00eda Serpe: formando mediadores de lectura para transformar comunidades","robots":{"index":"index","follow":"follow","max-snippet":"max-snippet:-1","max-image-preview":"max-image-preview:large","max-video-preview":"max-video-preview:-1"},"canonical":"https:\/\/www.uartes.edu.ec\/sitio\/blog\/2023\/12\/05\/tia-serpe-formando-mediadores-de-lectura-para-transformar-comunidades\/","og_locale":"es_ES","og_type":"article","og_title":"Universidad de las Artes - T\u00eda Serpe: formando mediadores de lectura para transformar comunidades","og_description":"Universidad de las Artes - T\u00eda Serpe: formando mediadores de lectura para transformar comunidades","og_url":"https:\/\/www.uartes.edu.ec\/sitio\/blog\/2023\/12\/05\/tia-serpe-formando-mediadores-de-lectura-para-transformar-comunidades\/","og_site_name":"Universidad de las Artes","article_publisher":"https:\/\/www.facebook.com\/uartesec","article_published_time":"2023-12-05T19:17:00+00:00","article_modified_time":"2024-07-04T16:20:21+00:00","og_image":[{"width":2000,"height":1333,"url":"https:\/\/www.uartes.edu.ec\/sitio\/wp-content\/uploads\/2023\/09\/PROMOTORES-DE-LECTURA-TIA-SERPE-OK.jpg","type":"image\/jpeg"}],"author":"ccortez","twitter_card":"summary_large_image","twitter_creator":"@uartesec","twitter_site":"@uartesec","twitter_misc":{"Escrito por":"ccortez","Tiempo de lectura":"4 minutos"},"schema":{"@context":"https:\/\/schema.org","@graph":[{"@type":"Article","@id":"https:\/\/www.uartes.edu.ec\/sitio\/blog\/2023\/12\/05\/tia-serpe-formando-mediadores-de-lectura-para-transformar-comunidades\/#article","isPartOf":{"@id":"https:\/\/www.uartes.edu.ec\/sitio\/blog\/2023\/12\/05\/tia-serpe-formando-mediadores-de-lectura-para-transformar-comunidades\/"},"author":{"name":"ccortez","@id":"https:\/\/www.uartes.edu.ec\/sitio\/#\/schema\/person\/efa1b8275797664fd7f13a79ccc0b1f4"},"headline":"T\u00eda Serpe: formando mediadores de lectura para transformar comunidades","datePublished":"2023-12-05T19:17:00+00:00","dateModified":"2024-07-04T16:20:21+00:00","mainEntityOfPage":{"@id":"https:\/\/www.uartes.edu.ec\/sitio\/blog\/2023\/12\/05\/tia-serpe-formando-mediadores-de-lectura-para-transformar-comunidades\/"},"wordCount":790,"commentCount":0,"publisher":{"@id":"https:\/\/www.uartes.edu.ec\/sitio\/#organization"},"image":{"@id":"https:\/\/www.uartes.edu.ec\/sitio\/blog\/2023\/12\/05\/tia-serpe-formando-mediadores-de-lectura-para-transformar-comunidades\/#primaryimage"},"thumbnailUrl":"https:\/\/www.uartes.edu.ec\/sitio\/wp-content\/uploads\/2023\/09\/PROMOTORES-DE-LECTURA-TIA-SERPE-OK.jpg","keywords":["mediaci\u00f3n"],"articleSection":["Acad\u00e9mico","Artes","Docentes","Estudiantes","Gesti\u00f3n","Investigaci\u00f3n","Literatura","V\u00ednculo"],"inLanguage":"es","potentialAction":[{"@type":"CommentAction","name":"Comment","target":["https:\/\/www.uartes.edu.ec\/sitio\/blog\/2023\/12\/05\/tia-serpe-formando-mediadores-de-lectura-para-transformar-comunidades\/#respond"]}]},{"@type":["WebPage","ItemPage"],"@id":"https:\/\/www.uartes.edu.ec\/sitio\/blog\/2023\/12\/05\/tia-serpe-formando-mediadores-de-lectura-para-transformar-comunidades\/","url":"https:\/\/www.uartes.edu.ec\/sitio\/blog\/2023\/12\/05\/tia-serpe-formando-mediadores-de-lectura-para-transformar-comunidades\/","name":"Universidad de las Artes - T\u00eda Serpe: formando mediadores de lectura para transformar comunidades","isPartOf":{"@id":"https:\/\/www.uartes.edu.ec\/sitio\/#website"},"primaryImageOfPage":{"@id":"https:\/\/www.uartes.edu.ec\/sitio\/blog\/2023\/12\/05\/tia-serpe-formando-mediadores-de-lectura-para-transformar-comunidades\/#primaryimage"},"image":{"@id":"https:\/\/www.uartes.edu.ec\/sitio\/blog\/2023\/12\/05\/tia-serpe-formando-mediadores-de-lectura-para-transformar-comunidades\/#primaryimage"},"thumbnailUrl":"https:\/\/www.uartes.edu.ec\/sitio\/wp-content\/uploads\/2023\/09\/PROMOTORES-DE-LECTURA-TIA-SERPE-OK.jpg","datePublished":"2023-12-05T19:17:00+00:00","dateModified":"2024-07-04T16:20:21+00:00","description":"Universidad de las Artes - T\u00eda Serpe: formando mediadores de lectura para transformar comunidades","breadcrumb":{"@id":"https:\/\/www.uartes.edu.ec\/sitio\/blog\/2023\/12\/05\/tia-serpe-formando-mediadores-de-lectura-para-transformar-comunidades\/#breadcrumb"},"inLanguage":"es","potentialAction":[{"@type":"ReadAction","target":["https:\/\/www.uartes.edu.ec\/sitio\/blog\/2023\/12\/05\/tia-serpe-formando-mediadores-de-lectura-para-transformar-comunidades\/"]}]},{"@type":"ImageObject","inLanguage":"es","@id":"https:\/\/www.uartes.edu.ec\/sitio\/blog\/2023\/12\/05\/tia-serpe-formando-mediadores-de-lectura-para-transformar-comunidades\/#primaryimage","url":"https:\/\/www.uartes.edu.ec\/sitio\/wp-content\/uploads\/2023\/09\/PROMOTORES-DE-LECTURA-TIA-SERPE-OK.jpg","contentUrl":"https:\/\/www.uartes.edu.ec\/sitio\/wp-content\/uploads\/2023\/09\/PROMOTORES-DE-LECTURA-TIA-SERPE-OK.jpg","width":2000,"height":1333},{"@type":"BreadcrumbList","@id":"https:\/\/www.uartes.edu.ec\/sitio\/blog\/2023\/12\/05\/tia-serpe-formando-mediadores-de-lectura-para-transformar-comunidades\/#breadcrumb","itemListElement":[{"@type":"ListItem","position":1,"name":"Inicio","item":"https:\/\/www.uartes.edu.ec\/sitio\/"},{"@type":"ListItem","position":2,"name":"T\u00eda Serpe: formando mediadores de lectura para transformar comunidades"}]},{"@type":"WebSite","@id":"https:\/\/www.uartes.edu.ec\/sitio\/#website","url":"https:\/\/www.uartes.edu.ec\/sitio\/","name":"Universidad de las Artes","description":"Sitio oficial de la Universidad Nacional de las Artes del Ecuador","publisher":{"@id":"https:\/\/www.uartes.edu.ec\/sitio\/#organization"},"potentialAction":[{"@type":"SearchAction","target":{"@type":"EntryPoint","urlTemplate":"https:\/\/www.uartes.edu.ec\/sitio\/?s={search_term_string}"},"query-input":{"@type":"PropertyValueSpecification","valueRequired":true,"valueName":"search_term_string"}}],"inLanguage":"es"},{"@type":"Organization","@id":"https:\/\/www.uartes.edu.ec\/sitio\/#organization","name":"Universidad de las Artes","url":"https:\/\/www.uartes.edu.ec\/sitio\/","logo":{"@type":"ImageObject","inLanguage":"es","@id":"https:\/\/www.uartes.edu.ec\/sitio\/#\/schema\/logo\/image\/","url":"https:\/\/www.uartes.edu.ec\/sitio\/wp-content\/uploads\/2022\/07\/logo-ua-horizontal.png","contentUrl":"https:\/\/www.uartes.edu.ec\/sitio\/wp-content\/uploads\/2022\/07\/logo-ua-horizontal.png","width":800,"height":276,"caption":"Universidad de las Artes"},"image":{"@id":"https:\/\/www.uartes.edu.ec\/sitio\/#\/schema\/logo\/image\/"},"sameAs":["https:\/\/www.facebook.com\/uartesec","https:\/\/x.com\/uartesec","https:\/\/www.tiktok.com\/@uartesec"]},{"@type":"Person","@id":"https:\/\/www.uartes.edu.ec\/sitio\/#\/schema\/person\/efa1b8275797664fd7f13a79ccc0b1f4","name":"ccortez","image":{"@type":"ImageObject","inLanguage":"es","@id":"https:\/\/secure.gravatar.com\/avatar\/b2a6f664a3ae8e074346ef91775736c5ec479e637ecced6842de9dc98b5da9cd?s=96&d=mm&r=g","url":"https:\/\/secure.gravatar.com\/avatar\/b2a6f664a3ae8e074346ef91775736c5ec479e637ecced6842de9dc98b5da9cd?s=96&d=mm&r=g","contentUrl":"https:\/\/secure.gravatar.com\/avatar\/b2a6f664a3ae8e074346ef91775736c5ec479e637ecced6842de9dc98b5da9cd?s=96&d=mm&r=g","caption":"ccortez"},"url":"https:\/\/www.uartes.edu.ec\/sitio\/blog\/author\/ccortez\/"}]}},"uagb_featured_image_src":{"full":["https:\/\/www.uartes.edu.ec\/sitio\/wp-content\/uploads\/2023\/09\/PROMOTORES-DE-LECTURA-TIA-SERPE-OK.jpg",2000,1333,false],"thumbnail":["https:\/\/www.uartes.edu.ec\/sitio\/wp-content\/uploads\/2023\/09\/PROMOTORES-DE-LECTURA-TIA-SERPE-OK-150x150.jpg",150,150,true],"medium":["https:\/\/www.uartes.edu.ec\/sitio\/wp-content\/uploads\/2023\/09\/PROMOTORES-DE-LECTURA-TIA-SERPE-OK-300x300.jpg",300,300,true],"medium_large":["https:\/\/www.uartes.edu.ec\/sitio\/wp-content\/uploads\/2023\/09\/PROMOTORES-DE-LECTURA-TIA-SERPE-OK-768x511.jpg",768,511,true],"large":["https:\/\/www.uartes.edu.ec\/sitio\/wp-content\/uploads\/2023\/09\/PROMOTORES-DE-LECTURA-TIA-SERPE-OK-644x429.jpg",644,429,true],"1536x1536":["https:\/\/www.uartes.edu.ec\/sitio\/wp-content\/uploads\/2023\/09\/PROMOTORES-DE-LECTURA-TIA-SERPE-OK-1536x1536.jpg",1536,1536,true],"2048x2048":["https:\/\/www.uartes.edu.ec\/sitio\/wp-content\/uploads\/2023\/09\/PROMOTORES-DE-LECTURA-TIA-SERPE-OK-2000x1333.jpg",2000,1333,true],"trp-custom-language-flag":["https:\/\/www.uartes.edu.ec\/sitio\/wp-content\/uploads\/2023\/09\/PROMOTORES-DE-LECTURA-TIA-SERPE-OK.jpg",18,12,false],"htmega_size_585x295":["https:\/\/www.uartes.edu.ec\/sitio\/wp-content\/uploads\/2023\/09\/PROMOTORES-DE-LECTURA-TIA-SERPE-OK-585x295.jpg",585,295,true],"htmega_size_1170x536":["https:\/\/www.uartes.edu.ec\/sitio\/wp-content\/uploads\/2023\/09\/PROMOTORES-DE-LECTURA-TIA-SERPE-OK-1170x536.jpg",1170,536,true],"htmega_size_396x360":["https:\/\/www.uartes.edu.ec\/sitio\/wp-content\/uploads\/2023\/09\/PROMOTORES-DE-LECTURA-TIA-SERPE-OK-396x360.jpg",396,360,true],"gb-block-post-grid-landscape":["https:\/\/www.uartes.edu.ec\/sitio\/wp-content\/uploads\/2023\/09\/PROMOTORES-DE-LECTURA-TIA-SERPE-OK-600x400.jpg",600,400,true],"gb-block-post-grid-square":["https:\/\/www.uartes.edu.ec\/sitio\/wp-content\/uploads\/2023\/09\/PROMOTORES-DE-LECTURA-TIA-SERPE-OK-600x600.jpg",600,600,true],"university-hub-thumb":["https:\/\/www.uartes.edu.ec\/sitio\/wp-content\/uploads\/2023\/09\/PROMOTORES-DE-LECTURA-TIA-SERPE-OK-400x300.jpg",400,300,true],"mailpoet_newsletter_max":["https:\/\/www.uartes.edu.ec\/sitio\/wp-content\/uploads\/2023\/09\/PROMOTORES-DE-LECTURA-TIA-SERPE-OK.jpg",1320,880,false]},"uagb_author_info":{"display_name":"ccortez","author_link":"https:\/\/www.uartes.edu.ec\/sitio\/blog\/author\/ccortez\/"},"uagb_comment_info":0,"uagb_excerpt":"En un emotivo cierre, Paola Franco, Yuliana Yagual, Margarita Zambrano, Mart\u00edn Riofr\u00edo, Mirella Cercado Merch\u00e1n, Michael Medina y Claudia Furiati culminaron la capacitaci\u00f3n en mediaci\u00f3n lectora \u201cT\u00eda Serpe\u201d. Bajo la gu\u00eda del docente Pedro Mujica y la colaboraci\u00f3n de Gilda S\u00e1nchez, de Educaci\u00f3n Continua, los estudiantes se sumergieron durante meses en un viaje de aprendizaje&hellip;","featured_image_src":"https:\/\/www.uartes.edu.ec\/sitio\/wp-content\/uploads\/2023\/09\/PROMOTORES-DE-LECTURA-TIA-SERPE-OK-600x400.jpg","featured_image_src_square":"https:\/\/www.uartes.edu.ec\/sitio\/wp-content\/uploads\/2023\/09\/PROMOTORES-DE-LECTURA-TIA-SERPE-OK-600x600.jpg","author_info":{"display_name":"ccortez","author_link":"https:\/\/www.uartes.edu.ec\/sitio\/blog\/author\/ccortez\/"},"publishpress_future_workflow_manual_trigger":{"enabledWorkflows":[]},"distributor_meta":false,"distributor_terms":false,"distributor_media":false,"distributor_original_site_name":"Universidad de las Artes","distributor_original_site_url":"https:\/\/www.uartes.edu.ec\/sitio","push-errors":false,"_links":{"self":[{"href":"https:\/\/www.uartes.edu.ec\/sitio\/wp-json\/wp\/v2\/posts\/49376","targetHints":{"allow":["GET"]}}],"collection":[{"href":"https:\/\/www.uartes.edu.ec\/sitio\/wp-json\/wp\/v2\/posts"}],"about":[{"href":"https:\/\/www.uartes.edu.ec\/sitio\/wp-json\/wp\/v2\/types\/post"}],"author":[{"embeddable":true,"href":"https:\/\/www.uartes.edu.ec\/sitio\/wp-json\/wp\/v2\/users\/10"}],"replies":[{"embeddable":true,"href":"https:\/\/www.uartes.edu.ec\/sitio\/wp-json\/wp\/v2\/comments?post=49376"}],"version-history":[{"count":3,"href":"https:\/\/www.uartes.edu.ec\/sitio\/wp-json\/wp\/v2\/posts\/49376\/revisions"}],"predecessor-version":[{"id":49401,"href":"https:\/\/www.uartes.edu.ec\/sitio\/wp-json\/wp\/v2\/posts\/49376\/revisions\/49401"}],"wp:featuredmedia":[{"embeddable":true,"href":"https:\/\/www.uartes.edu.ec\/sitio\/wp-json\/wp\/v2\/media\/47051"}],"wp:attachment":[{"href":"https:\/\/www.uartes.edu.ec\/sitio\/wp-json\/wp\/v2\/media?parent=49376"}],"wp:term":[{"taxonomy":"category","embeddable":true,"href":"https:\/\/www.uartes.edu.ec\/sitio\/wp-json\/wp\/v2\/categories?post=49376"},{"taxonomy":"post_tag","embeddable":true,"href":"https:\/\/www.uartes.edu.ec\/sitio\/wp-json\/wp\/v2\/tags?post=49376"},{"taxonomy":"infouartes","embeddable":true,"href":"https:\/\/www.uartes.edu.ec\/sitio\/wp-json\/wp\/v2\/infouartes?post=49376"}],"curies":[{"name":"wp","href":"https:\/\/api.w.org\/{rel}","templated":true}]}}