{"id":49465,"date":"2023-11-10T19:20:00","date_gmt":"2023-11-11T00:20:00","guid":{"rendered":"https:\/\/www.uartes.edu.ec\/sitio\/?p=49465"},"modified":"2024-07-04T11:20:28","modified_gmt":"2024-07-04T16:20:28","slug":"escuchatorio-de-suenos-por-la-comunidad-sonante","status":"publish","type":"post","link":"https:\/\/www.uartes.edu.ec\/sitio\/blog\/2023\/11\/10\/escuchatorio-de-suenos-por-la-comunidad-sonante\/","title":{"rendered":"En la IX edici\u00f3n de Libre Libro se vio materializado el \u201cEscuchatorio de sue\u00f1os por la comunidad so\u00f1ante\u201d"},"content":{"rendered":"\n<p>Con la participaci\u00f3n de Bertha D\u00edaz, Carolina Velasco y Juan Felipe Paredes, en la tercera de las cuatro jornadas de la IX edici\u00f3n de Libre Libro, organizada por la Universidad de las Artes y su Escuela de Literatura, se realiz\u00f3 la presentaci\u00f3n de la obra \u201cEscuchatorio de sue\u00f1os por la comunidad so\u00f1ante\u201d, editado por Recodo Press.<\/p>\n\n\n\n<p>Convocados a la Plaza P\u00fablica del MZ14 Centro de Producci\u00f3n e Innvoaci\u00f3n UArtes, Carolina Velasco mencion\u00f3 en su intervenci\u00f3n que el libro a presentar es una fortaleza para la escritura y la comunidad so\u00f1ante. Se trata de una apolog\u00eda de artistas que iniciaron una escucha por dos a\u00f1os. De manera org\u00e1nica surge un colectivo, una pr\u00e1ctica participativa, que crea una comunidad cronol\u00f3gica de expresiones que se integran a la vida cotidiana.<\/p>\n\n\n\n<figure class=\"wp-block-gallery has-nested-images columns-default is-cropped wp-block-gallery-1 is-layout-flex wp-block-gallery-is-layout-flex\">\n<figure class=\"wp-block-image size-large\"><img fetchpriority=\"high\" decoding=\"async\" width=\"644\" height=\"429\" data-id=\"49468\" src=\"https:\/\/www.uartes.edu.ec\/sitio\/wp-content\/uploads\/2024\/01\/03-ESCUCHATORIO-DE-SUENOS-POR-LA-COMUNIDAD-SONANTE-644x429.jpg\" alt=\"\" class=\"wp-image-49468\" srcset=\"https:\/\/www.uartes.edu.ec\/sitio\/wp-content\/uploads\/2024\/01\/03-ESCUCHATORIO-DE-SUENOS-POR-LA-COMUNIDAD-SONANTE-644x429.jpg 644w, https:\/\/www.uartes.edu.ec\/sitio\/wp-content\/uploads\/2024\/01\/03-ESCUCHATORIO-DE-SUENOS-POR-LA-COMUNIDAD-SONANTE-300x200.jpg 300w, https:\/\/www.uartes.edu.ec\/sitio\/wp-content\/uploads\/2024\/01\/03-ESCUCHATORIO-DE-SUENOS-POR-LA-COMUNIDAD-SONANTE-768x512.jpg 768w, https:\/\/www.uartes.edu.ec\/sitio\/wp-content\/uploads\/2024\/01\/03-ESCUCHATORIO-DE-SUENOS-POR-LA-COMUNIDAD-SONANTE-1536x1024.jpg 1536w, https:\/\/www.uartes.edu.ec\/sitio\/wp-content\/uploads\/2024\/01\/03-ESCUCHATORIO-DE-SUENOS-POR-LA-COMUNIDAD-SONANTE-600x400.jpg 600w, https:\/\/www.uartes.edu.ec\/sitio\/wp-content\/uploads\/2024\/01\/03-ESCUCHATORIO-DE-SUENOS-POR-LA-COMUNIDAD-SONANTE-400x267.jpg 400w, https:\/\/www.uartes.edu.ec\/sitio\/wp-content\/uploads\/2024\/01\/03-ESCUCHATORIO-DE-SUENOS-POR-LA-COMUNIDAD-SONANTE-272x182.jpg 272w, https:\/\/www.uartes.edu.ec\/sitio\/wp-content\/uploads\/2024\/01\/03-ESCUCHATORIO-DE-SUENOS-POR-LA-COMUNIDAD-SONANTE.jpg 2000w\" sizes=\"(max-width: 644px) 100vw, 644px\" \/><\/figure>\n\n\n\n<figure class=\"wp-block-image size-large\"><img decoding=\"async\" width=\"644\" height=\"429\" data-id=\"49467\" src=\"https:\/\/www.uartes.edu.ec\/sitio\/wp-content\/uploads\/2024\/01\/02-ESCUCHATORIO-DE-SUENOS-POR-LA-COMUNIDAD-SONANTE-644x429.jpg\" alt=\"\" class=\"wp-image-49467\" srcset=\"https:\/\/www.uartes.edu.ec\/sitio\/wp-content\/uploads\/2024\/01\/02-ESCUCHATORIO-DE-SUENOS-POR-LA-COMUNIDAD-SONANTE-644x429.jpg 644w, https:\/\/www.uartes.edu.ec\/sitio\/wp-content\/uploads\/2024\/01\/02-ESCUCHATORIO-DE-SUENOS-POR-LA-COMUNIDAD-SONANTE-300x200.jpg 300w, https:\/\/www.uartes.edu.ec\/sitio\/wp-content\/uploads\/2024\/01\/02-ESCUCHATORIO-DE-SUENOS-POR-LA-COMUNIDAD-SONANTE-768x512.jpg 768w, https:\/\/www.uartes.edu.ec\/sitio\/wp-content\/uploads\/2024\/01\/02-ESCUCHATORIO-DE-SUENOS-POR-LA-COMUNIDAD-SONANTE-1536x1024.jpg 1536w, https:\/\/www.uartes.edu.ec\/sitio\/wp-content\/uploads\/2024\/01\/02-ESCUCHATORIO-DE-SUENOS-POR-LA-COMUNIDAD-SONANTE-600x400.jpg 600w, https:\/\/www.uartes.edu.ec\/sitio\/wp-content\/uploads\/2024\/01\/02-ESCUCHATORIO-DE-SUENOS-POR-LA-COMUNIDAD-SONANTE-400x267.jpg 400w, https:\/\/www.uartes.edu.ec\/sitio\/wp-content\/uploads\/2024\/01\/02-ESCUCHATORIO-DE-SUENOS-POR-LA-COMUNIDAD-SONANTE-272x182.jpg 272w, https:\/\/www.uartes.edu.ec\/sitio\/wp-content\/uploads\/2024\/01\/02-ESCUCHATORIO-DE-SUENOS-POR-LA-COMUNIDAD-SONANTE.jpg 2000w\" sizes=\"(max-width: 644px) 100vw, 644px\" \/><\/figure>\n<\/figure>\n\n\n\n<p>Repensamos lo que so\u00f1\u00f3 el otro con mucha naturalidad. El proyecto es un trabajo interesante para la editorial Recodo, pues permite situar a la literatura en lugares que profundicen la nostalgia y ayuden a formar parte de la materia f\u00edsica. Adem\u00e1s, \u201cEscuchatorio de sue\u00f1os por la comunidad so\u00f1ante\u201d viene en tres formatos diferentes como A4, A5 y A6 para crear un efecto tipo postal en los glosarios. Esto implica una diversidad en el pensamiento del sujeto lector y el libro, Esta obra permite que seamos organizados al leer y recordar. replic\u00f3 Juan Felipe Paredes.<\/p>\n\n\n\n<p>Bertha D\u00edaz acot\u00f3 que esta escritura colectiva de la comunidad so\u00f1ante al comunicar las creaciones de una fuerza corporal on\u00edrica fomenta una escritura m\u00e1s natural. Los textos se organizan a partir del cuerpo de la escritura. Esta publicaci\u00f3n genera una vitrina radical de las zonas de lo no visible. Parten de las artes vivas y el pensamiento montaje para que la escritura sea m\u00e1s cr\u00edtica en la impresi\u00f3n del libro, da pautas para que la obra sea m\u00e1s esc\u00e9nica para guiar lugares, practicas m\u00edticas y euforias.<\/p>\n\n\n\n<p>Este libro ha dejado de ser un objeto. Su montaje ha permitido que el libro y el sujeto-lector tengan una funci\u00f3n colectiva. El lector es el observador del tiempo, los aspectos y las acciones. El acto de escribir un sue\u00f1o crea un factor infinito de posibilidades en el espacio lirico, art\u00edstico y s\u00f3nico. Los sue\u00f1os corresponden a la parte de la vigilia y el control de crear un archivo que contiene una cotidianidad en el plano afectivo.<\/p>\n\n\n\n<p>Texto: Michael Medina Chalco, estudiante de la Escuela de Literatura.<\/p>\n","protected":false},"excerpt":{"rendered":"<p>Con la participaci\u00f3n de Bertha D\u00edaz, Carolina Velasco y Juan Felipe Paredes, en la tercera de las cuatro jornadas de la IX edici\u00f3n de Libre Libro, organizada por la Universidad de las Artes y su Escuela de Literatura, se realiz\u00f3 la presentaci\u00f3n de la obra \u201cEscuchatorio de sue\u00f1os por la comunidad so\u00f1ante\u201d. Editada por Recodo Press, la publicaci\u00f3n genera una vitrina radical de las zonas de lo no visible. <\/p>\n","protected":false},"author":10,"featured_media":49466,"comment_status":"open","ping_status":"open","sticky":false,"template":"","format":"standard","meta":{"_acf_changed":false,"_uag_custom_page_level_css":"","_monsterinsights_skip_tracking":false,"_monsterinsights_sitenote_active":false,"_monsterinsights_sitenote_note":"","_monsterinsights_sitenote_category":0,"cybocfi_hide_featured_image":"","footnotes":""},"categories":[80,490,82,75,76,77,175,83,79],"tags":[547],"infouartes":[],"class_list":["post-49465","post","type-post","status-publish","format-standard","has-post-thumbnail","hentry","category-academico","category-alumni","category-artes","category-docentes","category-estudiantes","category-gestion","category-literatura","category-sedes","category-vinculo","tag-libre-libro"],"acf":[],"yoast_head":"<!-- This site is optimized with the Yoast SEO plugin v27.4 - https:\/\/yoast.com\/product\/yoast-seo-wordpress\/ -->\n<title>Universidad de las Artes - En la IX edici\u00f3n de Libre Libro se vio materializado el \u201cEscuchatorio de sue\u00f1os por la comunidad so\u00f1ante\u201d<\/title>\n<meta name=\"description\" content=\"Universidad de las Artes - En la IX edici\u00f3n de Libre Libro se vio materializado el \u201cEscuchatorio de sue\u00f1os por la comunidad so\u00f1ante\u201d\" \/>\n<meta name=\"robots\" content=\"index, follow, max-snippet:-1, max-image-preview:large, max-video-preview:-1\" \/>\n<link rel=\"canonical\" href=\"https:\/\/www.uartes.edu.ec\/sitio\/blog\/2023\/11\/10\/escuchatorio-de-suenos-por-la-comunidad-sonante\/\" \/>\n<meta property=\"og:locale\" content=\"es_ES\" \/>\n<meta property=\"og:type\" content=\"article\" \/>\n<meta property=\"og:title\" content=\"Universidad de las Artes - En la IX edici\u00f3n de Libre Libro se vio materializado el \u201cEscuchatorio de sue\u00f1os por la comunidad so\u00f1ante\u201d\" \/>\n<meta property=\"og:description\" content=\"Universidad de las Artes - En la IX edici\u00f3n de Libre Libro se vio materializado el \u201cEscuchatorio de sue\u00f1os por la comunidad so\u00f1ante\u201d\" \/>\n<meta property=\"og:url\" content=\"https:\/\/www.uartes.edu.ec\/sitio\/blog\/2023\/11\/10\/escuchatorio-de-suenos-por-la-comunidad-sonante\/\" \/>\n<meta property=\"og:site_name\" content=\"Universidad de las Artes\" \/>\n<meta property=\"article:publisher\" content=\"https:\/\/www.facebook.com\/uartesec\" \/>\n<meta property=\"article:published_time\" content=\"2023-11-11T00:20:00+00:00\" \/>\n<meta property=\"article:modified_time\" content=\"2024-07-04T16:20:28+00:00\" \/>\n<meta property=\"og:image\" content=\"https:\/\/www.uartes.edu.ec\/sitio\/wp-content\/uploads\/2024\/01\/01-ESCUCHATORIO-DE-SUENOS-POR-LA-COMUNIDAD-SONANTE.jpg\" \/>\n\t<meta property=\"og:image:width\" content=\"2000\" \/>\n\t<meta property=\"og:image:height\" content=\"1333\" \/>\n\t<meta property=\"og:image:type\" content=\"image\/jpeg\" \/>\n<meta name=\"author\" content=\"ccortez\" \/>\n<meta name=\"twitter:card\" content=\"summary_large_image\" \/>\n<meta name=\"twitter:creator\" content=\"@uartesec\" \/>\n<meta name=\"twitter:site\" content=\"@uartesec\" \/>\n<meta name=\"twitter:label1\" content=\"Escrito por\" \/>\n\t<meta name=\"twitter:data1\" content=\"ccortez\" \/>\n\t<meta name=\"twitter:label2\" content=\"Tiempo de lectura\" \/>\n\t<meta name=\"twitter:data2\" content=\"2 minutos\" \/>\n<script type=\"application\/ld+json\" class=\"yoast-schema-graph\">{\"@context\":\"https:\\\/\\\/schema.org\",\"@graph\":[{\"@type\":\"Article\",\"@id\":\"https:\\\/\\\/www.uartes.edu.ec\\\/sitio\\\/blog\\\/2023\\\/11\\\/10\\\/escuchatorio-de-suenos-por-la-comunidad-sonante\\\/#article\",\"isPartOf\":{\"@id\":\"https:\\\/\\\/www.uartes.edu.ec\\\/sitio\\\/blog\\\/2023\\\/11\\\/10\\\/escuchatorio-de-suenos-por-la-comunidad-sonante\\\/\"},\"author\":{\"name\":\"ccortez\",\"@id\":\"https:\\\/\\\/www.uartes.edu.ec\\\/sitio\\\/#\\\/schema\\\/person\\\/efa1b8275797664fd7f13a79ccc0b1f4\"},\"headline\":\"En la IX edici\u00f3n de Libre Libro se vio materializado el \u201cEscuchatorio de sue\u00f1os por la comunidad so\u00f1ante\u201d\",\"datePublished\":\"2023-11-11T00:20:00+00:00\",\"dateModified\":\"2024-07-04T16:20:28+00:00\",\"mainEntityOfPage\":{\"@id\":\"https:\\\/\\\/www.uartes.edu.ec\\\/sitio\\\/blog\\\/2023\\\/11\\\/10\\\/escuchatorio-de-suenos-por-la-comunidad-sonante\\\/\"},\"wordCount\":451,\"commentCount\":0,\"publisher\":{\"@id\":\"https:\\\/\\\/www.uartes.edu.ec\\\/sitio\\\/#organization\"},\"image\":{\"@id\":\"https:\\\/\\\/www.uartes.edu.ec\\\/sitio\\\/blog\\\/2023\\\/11\\\/10\\\/escuchatorio-de-suenos-por-la-comunidad-sonante\\\/#primaryimage\"},\"thumbnailUrl\":\"https:\\\/\\\/www.uartes.edu.ec\\\/sitio\\\/wp-content\\\/uploads\\\/2024\\\/01\\\/01-ESCUCHATORIO-DE-SUENOS-POR-LA-COMUNIDAD-SONANTE.jpg\",\"keywords\":[\"Libre Libro\"],\"articleSection\":[\"Acad\u00e9mico\",\"Alumni\",\"Artes\",\"Docentes\",\"Estudiantes\",\"Gesti\u00f3n\",\"Literatura\",\"Sedes\",\"V\u00ednculo\"],\"inLanguage\":\"es\",\"potentialAction\":[{\"@type\":\"CommentAction\",\"name\":\"Comment\",\"target\":[\"https:\\\/\\\/www.uartes.edu.ec\\\/sitio\\\/blog\\\/2023\\\/11\\\/10\\\/escuchatorio-de-suenos-por-la-comunidad-sonante\\\/#respond\"]}]},{\"@type\":[\"WebPage\",\"ItemPage\"],\"@id\":\"https:\\\/\\\/www.uartes.edu.ec\\\/sitio\\\/blog\\\/2023\\\/11\\\/10\\\/escuchatorio-de-suenos-por-la-comunidad-sonante\\\/\",\"url\":\"https:\\\/\\\/www.uartes.edu.ec\\\/sitio\\\/blog\\\/2023\\\/11\\\/10\\\/escuchatorio-de-suenos-por-la-comunidad-sonante\\\/\",\"name\":\"Universidad de las Artes - En la IX edici\u00f3n de Libre Libro se vio materializado el \u201cEscuchatorio de sue\u00f1os por la comunidad so\u00f1ante\u201d\",\"isPartOf\":{\"@id\":\"https:\\\/\\\/www.uartes.edu.ec\\\/sitio\\\/#website\"},\"primaryImageOfPage\":{\"@id\":\"https:\\\/\\\/www.uartes.edu.ec\\\/sitio\\\/blog\\\/2023\\\/11\\\/10\\\/escuchatorio-de-suenos-por-la-comunidad-sonante\\\/#primaryimage\"},\"image\":{\"@id\":\"https:\\\/\\\/www.uartes.edu.ec\\\/sitio\\\/blog\\\/2023\\\/11\\\/10\\\/escuchatorio-de-suenos-por-la-comunidad-sonante\\\/#primaryimage\"},\"thumbnailUrl\":\"https:\\\/\\\/www.uartes.edu.ec\\\/sitio\\\/wp-content\\\/uploads\\\/2024\\\/01\\\/01-ESCUCHATORIO-DE-SUENOS-POR-LA-COMUNIDAD-SONANTE.jpg\",\"datePublished\":\"2023-11-11T00:20:00+00:00\",\"dateModified\":\"2024-07-04T16:20:28+00:00\",\"description\":\"Universidad de las Artes - En la IX edici\u00f3n de Libre Libro se vio materializado el \u201cEscuchatorio de sue\u00f1os por la comunidad so\u00f1ante\u201d\",\"breadcrumb\":{\"@id\":\"https:\\\/\\\/www.uartes.edu.ec\\\/sitio\\\/blog\\\/2023\\\/11\\\/10\\\/escuchatorio-de-suenos-por-la-comunidad-sonante\\\/#breadcrumb\"},\"inLanguage\":\"es\",\"potentialAction\":[{\"@type\":\"ReadAction\",\"target\":[\"https:\\\/\\\/www.uartes.edu.ec\\\/sitio\\\/blog\\\/2023\\\/11\\\/10\\\/escuchatorio-de-suenos-por-la-comunidad-sonante\\\/\"]}]},{\"@type\":\"ImageObject\",\"inLanguage\":\"es\",\"@id\":\"https:\\\/\\\/www.uartes.edu.ec\\\/sitio\\\/blog\\\/2023\\\/11\\\/10\\\/escuchatorio-de-suenos-por-la-comunidad-sonante\\\/#primaryimage\",\"url\":\"https:\\\/\\\/www.uartes.edu.ec\\\/sitio\\\/wp-content\\\/uploads\\\/2024\\\/01\\\/01-ESCUCHATORIO-DE-SUENOS-POR-LA-COMUNIDAD-SONANTE.jpg\",\"contentUrl\":\"https:\\\/\\\/www.uartes.edu.ec\\\/sitio\\\/wp-content\\\/uploads\\\/2024\\\/01\\\/01-ESCUCHATORIO-DE-SUENOS-POR-LA-COMUNIDAD-SONANTE.jpg\",\"width\":2000,\"height\":1333},{\"@type\":\"BreadcrumbList\",\"@id\":\"https:\\\/\\\/www.uartes.edu.ec\\\/sitio\\\/blog\\\/2023\\\/11\\\/10\\\/escuchatorio-de-suenos-por-la-comunidad-sonante\\\/#breadcrumb\",\"itemListElement\":[{\"@type\":\"ListItem\",\"position\":1,\"name\":\"Inicio\",\"item\":\"https:\\\/\\\/www.uartes.edu.ec\\\/sitio\\\/\"},{\"@type\":\"ListItem\",\"position\":2,\"name\":\"En la IX edici\u00f3n de Libre Libro se vio materializado el \u201cEscuchatorio de sue\u00f1os por la comunidad so\u00f1ante\u201d\"}]},{\"@type\":\"WebSite\",\"@id\":\"https:\\\/\\\/www.uartes.edu.ec\\\/sitio\\\/#website\",\"url\":\"https:\\\/\\\/www.uartes.edu.ec\\\/sitio\\\/\",\"name\":\"Universidad de las Artes\",\"description\":\"Sitio oficial de la Universidad Nacional de las Artes del Ecuador\",\"publisher\":{\"@id\":\"https:\\\/\\\/www.uartes.edu.ec\\\/sitio\\\/#organization\"},\"potentialAction\":[{\"@type\":\"SearchAction\",\"target\":{\"@type\":\"EntryPoint\",\"urlTemplate\":\"https:\\\/\\\/www.uartes.edu.ec\\\/sitio\\\/?s={search_term_string}\"},\"query-input\":{\"@type\":\"PropertyValueSpecification\",\"valueRequired\":true,\"valueName\":\"search_term_string\"}}],\"inLanguage\":\"es\"},{\"@type\":\"Organization\",\"@id\":\"https:\\\/\\\/www.uartes.edu.ec\\\/sitio\\\/#organization\",\"name\":\"Universidad de las Artes\",\"url\":\"https:\\\/\\\/www.uartes.edu.ec\\\/sitio\\\/\",\"logo\":{\"@type\":\"ImageObject\",\"inLanguage\":\"es\",\"@id\":\"https:\\\/\\\/www.uartes.edu.ec\\\/sitio\\\/#\\\/schema\\\/logo\\\/image\\\/\",\"url\":\"https:\\\/\\\/www.uartes.edu.ec\\\/sitio\\\/wp-content\\\/uploads\\\/2022\\\/07\\\/logo-ua-horizontal.png\",\"contentUrl\":\"https:\\\/\\\/www.uartes.edu.ec\\\/sitio\\\/wp-content\\\/uploads\\\/2022\\\/07\\\/logo-ua-horizontal.png\",\"width\":800,\"height\":276,\"caption\":\"Universidad de las Artes\"},\"image\":{\"@id\":\"https:\\\/\\\/www.uartes.edu.ec\\\/sitio\\\/#\\\/schema\\\/logo\\\/image\\\/\"},\"sameAs\":[\"https:\\\/\\\/www.facebook.com\\\/uartesec\",\"https:\\\/\\\/x.com\\\/uartesec\",\"https:\\\/\\\/www.tiktok.com\\\/@uartesec\"]},{\"@type\":\"Person\",\"@id\":\"https:\\\/\\\/www.uartes.edu.ec\\\/sitio\\\/#\\\/schema\\\/person\\\/efa1b8275797664fd7f13a79ccc0b1f4\",\"name\":\"ccortez\",\"image\":{\"@type\":\"ImageObject\",\"inLanguage\":\"es\",\"@id\":\"https:\\\/\\\/secure.gravatar.com\\\/avatar\\\/b2a6f664a3ae8e074346ef91775736c5ec479e637ecced6842de9dc98b5da9cd?s=96&d=mm&r=g\",\"url\":\"https:\\\/\\\/secure.gravatar.com\\\/avatar\\\/b2a6f664a3ae8e074346ef91775736c5ec479e637ecced6842de9dc98b5da9cd?s=96&d=mm&r=g\",\"contentUrl\":\"https:\\\/\\\/secure.gravatar.com\\\/avatar\\\/b2a6f664a3ae8e074346ef91775736c5ec479e637ecced6842de9dc98b5da9cd?s=96&d=mm&r=g\",\"caption\":\"ccortez\"},\"url\":\"https:\\\/\\\/www.uartes.edu.ec\\\/sitio\\\/blog\\\/author\\\/ccortez\\\/\"}]}<\/script>\n<!-- \/ Yoast SEO plugin. -->","yoast_head_json":{"title":"Universidad de las Artes - En la IX edici\u00f3n de Libre Libro se vio materializado el \u201cEscuchatorio de sue\u00f1os por la comunidad so\u00f1ante\u201d","description":"Universidad de las Artes - En la IX edici\u00f3n de Libre Libro se vio materializado el \u201cEscuchatorio de sue\u00f1os por la comunidad so\u00f1ante\u201d","robots":{"index":"index","follow":"follow","max-snippet":"max-snippet:-1","max-image-preview":"max-image-preview:large","max-video-preview":"max-video-preview:-1"},"canonical":"https:\/\/www.uartes.edu.ec\/sitio\/blog\/2023\/11\/10\/escuchatorio-de-suenos-por-la-comunidad-sonante\/","og_locale":"es_ES","og_type":"article","og_title":"Universidad de las Artes - En la IX edici\u00f3n de Libre Libro se vio materializado el \u201cEscuchatorio de sue\u00f1os por la comunidad so\u00f1ante\u201d","og_description":"Universidad de las Artes - En la IX edici\u00f3n de Libre Libro se vio materializado el \u201cEscuchatorio de sue\u00f1os por la comunidad so\u00f1ante\u201d","og_url":"https:\/\/www.uartes.edu.ec\/sitio\/blog\/2023\/11\/10\/escuchatorio-de-suenos-por-la-comunidad-sonante\/","og_site_name":"Universidad de las Artes","article_publisher":"https:\/\/www.facebook.com\/uartesec","article_published_time":"2023-11-11T00:20:00+00:00","article_modified_time":"2024-07-04T16:20:28+00:00","og_image":[{"width":2000,"height":1333,"url":"https:\/\/www.uartes.edu.ec\/sitio\/wp-content\/uploads\/2024\/01\/01-ESCUCHATORIO-DE-SUENOS-POR-LA-COMUNIDAD-SONANTE.jpg","type":"image\/jpeg"}],"author":"ccortez","twitter_card":"summary_large_image","twitter_creator":"@uartesec","twitter_site":"@uartesec","twitter_misc":{"Escrito por":"ccortez","Tiempo de lectura":"2 minutos"},"schema":{"@context":"https:\/\/schema.org","@graph":[{"@type":"Article","@id":"https:\/\/www.uartes.edu.ec\/sitio\/blog\/2023\/11\/10\/escuchatorio-de-suenos-por-la-comunidad-sonante\/#article","isPartOf":{"@id":"https:\/\/www.uartes.edu.ec\/sitio\/blog\/2023\/11\/10\/escuchatorio-de-suenos-por-la-comunidad-sonante\/"},"author":{"name":"ccortez","@id":"https:\/\/www.uartes.edu.ec\/sitio\/#\/schema\/person\/efa1b8275797664fd7f13a79ccc0b1f4"},"headline":"En la IX edici\u00f3n de Libre Libro se vio materializado el \u201cEscuchatorio de sue\u00f1os por la comunidad so\u00f1ante\u201d","datePublished":"2023-11-11T00:20:00+00:00","dateModified":"2024-07-04T16:20:28+00:00","mainEntityOfPage":{"@id":"https:\/\/www.uartes.edu.ec\/sitio\/blog\/2023\/11\/10\/escuchatorio-de-suenos-por-la-comunidad-sonante\/"},"wordCount":451,"commentCount":0,"publisher":{"@id":"https:\/\/www.uartes.edu.ec\/sitio\/#organization"},"image":{"@id":"https:\/\/www.uartes.edu.ec\/sitio\/blog\/2023\/11\/10\/escuchatorio-de-suenos-por-la-comunidad-sonante\/#primaryimage"},"thumbnailUrl":"https:\/\/www.uartes.edu.ec\/sitio\/wp-content\/uploads\/2024\/01\/01-ESCUCHATORIO-DE-SUENOS-POR-LA-COMUNIDAD-SONANTE.jpg","keywords":["Libre Libro"],"articleSection":["Acad\u00e9mico","Alumni","Artes","Docentes","Estudiantes","Gesti\u00f3n","Literatura","Sedes","V\u00ednculo"],"inLanguage":"es","potentialAction":[{"@type":"CommentAction","name":"Comment","target":["https:\/\/www.uartes.edu.ec\/sitio\/blog\/2023\/11\/10\/escuchatorio-de-suenos-por-la-comunidad-sonante\/#respond"]}]},{"@type":["WebPage","ItemPage"],"@id":"https:\/\/www.uartes.edu.ec\/sitio\/blog\/2023\/11\/10\/escuchatorio-de-suenos-por-la-comunidad-sonante\/","url":"https:\/\/www.uartes.edu.ec\/sitio\/blog\/2023\/11\/10\/escuchatorio-de-suenos-por-la-comunidad-sonante\/","name":"Universidad de las Artes - En la IX edici\u00f3n de Libre Libro se vio materializado el \u201cEscuchatorio de sue\u00f1os por la comunidad so\u00f1ante\u201d","isPartOf":{"@id":"https:\/\/www.uartes.edu.ec\/sitio\/#website"},"primaryImageOfPage":{"@id":"https:\/\/www.uartes.edu.ec\/sitio\/blog\/2023\/11\/10\/escuchatorio-de-suenos-por-la-comunidad-sonante\/#primaryimage"},"image":{"@id":"https:\/\/www.uartes.edu.ec\/sitio\/blog\/2023\/11\/10\/escuchatorio-de-suenos-por-la-comunidad-sonante\/#primaryimage"},"thumbnailUrl":"https:\/\/www.uartes.edu.ec\/sitio\/wp-content\/uploads\/2024\/01\/01-ESCUCHATORIO-DE-SUENOS-POR-LA-COMUNIDAD-SONANTE.jpg","datePublished":"2023-11-11T00:20:00+00:00","dateModified":"2024-07-04T16:20:28+00:00","description":"Universidad de las Artes - En la IX edici\u00f3n de Libre Libro se vio materializado el \u201cEscuchatorio de sue\u00f1os por la comunidad so\u00f1ante\u201d","breadcrumb":{"@id":"https:\/\/www.uartes.edu.ec\/sitio\/blog\/2023\/11\/10\/escuchatorio-de-suenos-por-la-comunidad-sonante\/#breadcrumb"},"inLanguage":"es","potentialAction":[{"@type":"ReadAction","target":["https:\/\/www.uartes.edu.ec\/sitio\/blog\/2023\/11\/10\/escuchatorio-de-suenos-por-la-comunidad-sonante\/"]}]},{"@type":"ImageObject","inLanguage":"es","@id":"https:\/\/www.uartes.edu.ec\/sitio\/blog\/2023\/11\/10\/escuchatorio-de-suenos-por-la-comunidad-sonante\/#primaryimage","url":"https:\/\/www.uartes.edu.ec\/sitio\/wp-content\/uploads\/2024\/01\/01-ESCUCHATORIO-DE-SUENOS-POR-LA-COMUNIDAD-SONANTE.jpg","contentUrl":"https:\/\/www.uartes.edu.ec\/sitio\/wp-content\/uploads\/2024\/01\/01-ESCUCHATORIO-DE-SUENOS-POR-LA-COMUNIDAD-SONANTE.jpg","width":2000,"height":1333},{"@type":"BreadcrumbList","@id":"https:\/\/www.uartes.edu.ec\/sitio\/blog\/2023\/11\/10\/escuchatorio-de-suenos-por-la-comunidad-sonante\/#breadcrumb","itemListElement":[{"@type":"ListItem","position":1,"name":"Inicio","item":"https:\/\/www.uartes.edu.ec\/sitio\/"},{"@type":"ListItem","position":2,"name":"En la IX edici\u00f3n de Libre Libro se vio materializado el \u201cEscuchatorio de sue\u00f1os por la comunidad so\u00f1ante\u201d"}]},{"@type":"WebSite","@id":"https:\/\/www.uartes.edu.ec\/sitio\/#website","url":"https:\/\/www.uartes.edu.ec\/sitio\/","name":"Universidad de las Artes","description":"Sitio oficial de la Universidad Nacional de las Artes del Ecuador","publisher":{"@id":"https:\/\/www.uartes.edu.ec\/sitio\/#organization"},"potentialAction":[{"@type":"SearchAction","target":{"@type":"EntryPoint","urlTemplate":"https:\/\/www.uartes.edu.ec\/sitio\/?s={search_term_string}"},"query-input":{"@type":"PropertyValueSpecification","valueRequired":true,"valueName":"search_term_string"}}],"inLanguage":"es"},{"@type":"Organization","@id":"https:\/\/www.uartes.edu.ec\/sitio\/#organization","name":"Universidad de las Artes","url":"https:\/\/www.uartes.edu.ec\/sitio\/","logo":{"@type":"ImageObject","inLanguage":"es","@id":"https:\/\/www.uartes.edu.ec\/sitio\/#\/schema\/logo\/image\/","url":"https:\/\/www.uartes.edu.ec\/sitio\/wp-content\/uploads\/2022\/07\/logo-ua-horizontal.png","contentUrl":"https:\/\/www.uartes.edu.ec\/sitio\/wp-content\/uploads\/2022\/07\/logo-ua-horizontal.png","width":800,"height":276,"caption":"Universidad de las Artes"},"image":{"@id":"https:\/\/www.uartes.edu.ec\/sitio\/#\/schema\/logo\/image\/"},"sameAs":["https:\/\/www.facebook.com\/uartesec","https:\/\/x.com\/uartesec","https:\/\/www.tiktok.com\/@uartesec"]},{"@type":"Person","@id":"https:\/\/www.uartes.edu.ec\/sitio\/#\/schema\/person\/efa1b8275797664fd7f13a79ccc0b1f4","name":"ccortez","image":{"@type":"ImageObject","inLanguage":"es","@id":"https:\/\/secure.gravatar.com\/avatar\/b2a6f664a3ae8e074346ef91775736c5ec479e637ecced6842de9dc98b5da9cd?s=96&d=mm&r=g","url":"https:\/\/secure.gravatar.com\/avatar\/b2a6f664a3ae8e074346ef91775736c5ec479e637ecced6842de9dc98b5da9cd?s=96&d=mm&r=g","contentUrl":"https:\/\/secure.gravatar.com\/avatar\/b2a6f664a3ae8e074346ef91775736c5ec479e637ecced6842de9dc98b5da9cd?s=96&d=mm&r=g","caption":"ccortez"},"url":"https:\/\/www.uartes.edu.ec\/sitio\/blog\/author\/ccortez\/"}]}},"uagb_featured_image_src":{"full":["https:\/\/www.uartes.edu.ec\/sitio\/wp-content\/uploads\/2024\/01\/01-ESCUCHATORIO-DE-SUENOS-POR-LA-COMUNIDAD-SONANTE.jpg",2000,1333,false],"thumbnail":["https:\/\/www.uartes.edu.ec\/sitio\/wp-content\/uploads\/2024\/01\/01-ESCUCHATORIO-DE-SUENOS-POR-LA-COMUNIDAD-SONANTE-150x150.jpg",150,150,true],"medium":["https:\/\/www.uartes.edu.ec\/sitio\/wp-content\/uploads\/2024\/01\/01-ESCUCHATORIO-DE-SUENOS-POR-LA-COMUNIDAD-SONANTE-300x200.jpg",300,200,true],"medium_large":["https:\/\/www.uartes.edu.ec\/sitio\/wp-content\/uploads\/2024\/01\/01-ESCUCHATORIO-DE-SUENOS-POR-LA-COMUNIDAD-SONANTE-768x512.jpg",768,512,true],"large":["https:\/\/www.uartes.edu.ec\/sitio\/wp-content\/uploads\/2024\/01\/01-ESCUCHATORIO-DE-SUENOS-POR-LA-COMUNIDAD-SONANTE-644x429.jpg",644,429,true],"1536x1536":["https:\/\/www.uartes.edu.ec\/sitio\/wp-content\/uploads\/2024\/01\/01-ESCUCHATORIO-DE-SUENOS-POR-LA-COMUNIDAD-SONANTE-1536x1024.jpg",1536,1024,true],"2048x2048":["https:\/\/www.uartes.edu.ec\/sitio\/wp-content\/uploads\/2024\/01\/01-ESCUCHATORIO-DE-SUENOS-POR-LA-COMUNIDAD-SONANTE.jpg",2000,1333,false],"trp-custom-language-flag":["https:\/\/www.uartes.edu.ec\/sitio\/wp-content\/uploads\/2024\/01\/01-ESCUCHATORIO-DE-SUENOS-POR-LA-COMUNIDAD-SONANTE.jpg",18,12,false],"htmega_size_585x295":["https:\/\/www.uartes.edu.ec\/sitio\/wp-content\/uploads\/2024\/01\/01-ESCUCHATORIO-DE-SUENOS-POR-LA-COMUNIDAD-SONANTE-585x295.jpg",585,295,true],"htmega_size_1170x536":["https:\/\/www.uartes.edu.ec\/sitio\/wp-content\/uploads\/2024\/01\/01-ESCUCHATORIO-DE-SUENOS-POR-LA-COMUNIDAD-SONANTE-1170x536.jpg",1170,536,true],"htmega_size_396x360":["https:\/\/www.uartes.edu.ec\/sitio\/wp-content\/uploads\/2024\/01\/01-ESCUCHATORIO-DE-SUENOS-POR-LA-COMUNIDAD-SONANTE-396x360.jpg",396,360,true],"gb-block-post-grid-landscape":["https:\/\/www.uartes.edu.ec\/sitio\/wp-content\/uploads\/2024\/01\/01-ESCUCHATORIO-DE-SUENOS-POR-LA-COMUNIDAD-SONANTE-600x400.jpg",600,400,true],"gb-block-post-grid-square":["https:\/\/www.uartes.edu.ec\/sitio\/wp-content\/uploads\/2024\/01\/01-ESCUCHATORIO-DE-SUENOS-POR-LA-COMUNIDAD-SONANTE-600x600.jpg",600,600,true],"university-hub-thumb":["https:\/\/www.uartes.edu.ec\/sitio\/wp-content\/uploads\/2024\/01\/01-ESCUCHATORIO-DE-SUENOS-POR-LA-COMUNIDAD-SONANTE-400x267.jpg",400,267,true]},"uagb_author_info":{"display_name":"ccortez","author_link":"https:\/\/www.uartes.edu.ec\/sitio\/blog\/author\/ccortez\/"},"uagb_comment_info":0,"uagb_excerpt":"Con la participaci\u00f3n de Bertha D\u00edaz, Carolina Velasco y Juan Felipe Paredes, en la tercera de las cuatro jornadas de la IX edici\u00f3n de Libre Libro, organizada por la Universidad de las Artes y su Escuela de Literatura, se realiz\u00f3 la presentaci\u00f3n de la obra \u201cEscuchatorio de sue\u00f1os por la comunidad so\u00f1ante\u201d. Editada por Recodo&hellip;","featured_image_src":"https:\/\/www.uartes.edu.ec\/sitio\/wp-content\/uploads\/2024\/01\/01-ESCUCHATORIO-DE-SUENOS-POR-LA-COMUNIDAD-SONANTE-600x400.jpg","featured_image_src_square":"https:\/\/www.uartes.edu.ec\/sitio\/wp-content\/uploads\/2024\/01\/01-ESCUCHATORIO-DE-SUENOS-POR-LA-COMUNIDAD-SONANTE-600x600.jpg","author_info":{"display_name":"ccortez","author_link":"https:\/\/www.uartes.edu.ec\/sitio\/blog\/author\/ccortez\/"},"publishpress_future_workflow_manual_trigger":{"enabledWorkflows":[]},"distributor_meta":false,"distributor_terms":false,"distributor_media":false,"distributor_original_site_name":"Universidad de las Artes","distributor_original_site_url":"https:\/\/www.uartes.edu.ec\/sitio","push-errors":false,"_links":{"self":[{"href":"https:\/\/www.uartes.edu.ec\/sitio\/wp-json\/wp\/v2\/posts\/49465","targetHints":{"allow":["GET"]}}],"collection":[{"href":"https:\/\/www.uartes.edu.ec\/sitio\/wp-json\/wp\/v2\/posts"}],"about":[{"href":"https:\/\/www.uartes.edu.ec\/sitio\/wp-json\/wp\/v2\/types\/post"}],"author":[{"embeddable":true,"href":"https:\/\/www.uartes.edu.ec\/sitio\/wp-json\/wp\/v2\/users\/10"}],"replies":[{"embeddable":true,"href":"https:\/\/www.uartes.edu.ec\/sitio\/wp-json\/wp\/v2\/comments?post=49465"}],"version-history":[{"count":4,"href":"https:\/\/www.uartes.edu.ec\/sitio\/wp-json\/wp\/v2\/posts\/49465\/revisions"}],"predecessor-version":[{"id":49475,"href":"https:\/\/www.uartes.edu.ec\/sitio\/wp-json\/wp\/v2\/posts\/49465\/revisions\/49475"}],"wp:featuredmedia":[{"embeddable":true,"href":"https:\/\/www.uartes.edu.ec\/sitio\/wp-json\/wp\/v2\/media\/49466"}],"wp:attachment":[{"href":"https:\/\/www.uartes.edu.ec\/sitio\/wp-json\/wp\/v2\/media?parent=49465"}],"wp:term":[{"taxonomy":"category","embeddable":true,"href":"https:\/\/www.uartes.edu.ec\/sitio\/wp-json\/wp\/v2\/categories?post=49465"},{"taxonomy":"post_tag","embeddable":true,"href":"https:\/\/www.uartes.edu.ec\/sitio\/wp-json\/wp\/v2\/tags?post=49465"},{"taxonomy":"infouartes","embeddable":true,"href":"https:\/\/www.uartes.edu.ec\/sitio\/wp-json\/wp\/v2\/infouartes?post=49465"}],"curies":[{"name":"wp","href":"https:\/\/api.w.org\/{rel}","templated":true}]}}