{"id":49530,"date":"2023-10-04T18:03:45","date_gmt":"2023-10-04T23:03:45","guid":{"rendered":"https:\/\/www.uartes.edu.ec\/sitio\/?p=49530"},"modified":"2024-07-04T11:20:38","modified_gmt":"2024-07-04T16:20:38","slug":"conferencia-perfomatica-analiza-cuerpo-espacio-tiempo-en-la-creacion-investigacion-escenica","status":"publish","type":"post","link":"https:\/\/www.uartes.edu.ec\/sitio\/blog\/2023\/10\/04\/conferencia-perfomatica-analiza-cuerpo-espacio-tiempo-en-la-creacion-investigacion-escenica\/","title":{"rendered":"En conferencia perfom\u00e1tica del ILIA se habl\u00f3 del cuerpo-espacio-tiempo en la creaci\u00f3n-investigaci\u00f3n esc\u00e9nica"},"content":{"rendered":"\n<p>\u201cCuerpo-espacio-tiempo en la creaci\u00f3n-investigaci\u00f3n esc\u00e9nica\u201d es la conferencia perfom\u00e1tica desarrollada al mediod\u00eda de hoy, mi\u00e9rcoles 4 de octubre de 2023, en la Plaza P\u00fablica del MZ14 Centro de Producci\u00f3n e Innovaci\u00f3n, en el marco de la VII edici\u00f3n del Encuentro Internacional de Investigaci\u00f3n en Artes (ILIA). Participaron Lorena Toro, Vanessa P\u00e9rez, Diego Ortega, Christian Masabanda, Lorena Delgado, Carlos Cede\u00f1o y Bertha D\u00edaz, todos miembros de comunidad UArtes.<\/p>\n\n\n\n<p>La cita se inici\u00f3 con los participantes sentados entre s\u00ed, rodeados por un ruido ensordecedor, lo cual estableci\u00f3 un ambiente de inmediatez y conexi\u00f3n entre los artistas y la audiencia. Durante la presentaci\u00f3n, los artistas realizaron diversas acciones en el escenario, como arreglar una galer\u00eda de fotos en un tendedero, colocar objetos en el escenario y delinear con cinta de papel un c\u00edrculo en el suelo.<\/p>\n\n\n\n<p>El discurso se adentr\u00f3 en cuestiones filos\u00f3ficas y conceptuales, explorando la noci\u00f3n de espacio y tiempo en la creaci\u00f3n art\u00edstica. Se mencion\u00f3 la importancia de la voluntad, el deseo y la b\u00fasqueda en el proceso creativo, as\u00ed como la necesidad de confiar en el cuerpo para superar las adversidades y la incomodidad. El di\u00e1logo se centr\u00f3 en la relaci\u00f3n entre el cuerpo y la mente, destacando c\u00f3mo el cuerpo puede ser transformado, procesado y evolucionado a trav\u00e9s de la danza y la experimentaci\u00f3n. Se enfatiz\u00f3 la importancia de percibir, avanzar o ralentizar una frase, y completar palabras antes de que se terminen.<\/p>\n\n\n\n<p>Sandra: El Tiempo es un r\u00edo que me arrebata, pero yo soy el r\u00edo. Diego: Y el tiempo es un tigre que me destroza, pero yo soy el tigre. Gladys: Tambi\u00e9n es un fuego que me consume, pero yo soy el fuego.<\/p>\n\n\n\n<p>Vanessa: El mundo, desgraciadamente, es real. Lorena: Yo, desgraciadamente, soy Bertha. Alessandro: Pero afortunadamente soy Lorena. Carlitos: Yo desgraciadamente soy Marcos.<\/p>\n\n\n\n<p>No\u00e9: Desgraciadamente, soy Alessandro. Rub\u00e9n: Y, desgraciadamente, muchas veces, todo el tiempo soy Lorena. Santi: Yo, desgraciadamente, soy Paula. Cristofer: Pero, afortunadamente, soy f\u00e1brica.<\/p>\n\n\n\n<p>Bertha: Afortunadamente, esto era una conferencia perform\u00e1tica. Lorena: Y, afortunadamente, decidimos jugar. Diego: Gracias.<\/p>\n\n\n\n<p>El evento concluy\u00f3 con la idea de que los participantes son espejos entre s\u00ed, inspir\u00e1ndose mutuamente y preparando un territorio para el desastre creativo. Se hizo hincapi\u00e9 en la necesidad de aplicar una piedra y orientar relaciones en la danza que escribe un sistema y explora nuevos y desconocidos lugares.<\/p>\n\n\n\n<p>Texto: Eleinn Ewmanothva Rivera Sol\u00eds, estudiante de la Escuela de Literatura.<\/p>\n","protected":false},"excerpt":{"rendered":"<p>\u201cCuerpo-espacio-tiempo en la creaci\u00f3n-investigaci\u00f3n esc\u00e9nica\u201d es la conferencia perfom\u00e1tica desarrollada al mediod\u00eda de hoy en la Plaza P\u00fablica del MZ14, en el marco de la VII edici\u00f3n del Encuentro Internacional de Investigaci\u00f3n en Artes (ILIA). Participaron Lorena Toro, Vanessa P\u00e9rez, Diego Ortega, Christian Masabanda, Lorena Delgado, Carlos Cede\u00f1o y Bertha D\u00edaz, todos miembros de comunidad UArtes.<\/p>\n","protected":false},"author":10,"featured_media":49531,"comment_status":"open","ping_status":"open","sticky":false,"template":"","format":"standard","meta":{"_acf_changed":false,"_uag_custom_page_level_css":"","_monsterinsights_skip_tracking":false,"_monsterinsights_sitenote_active":false,"_monsterinsights_sitenote_note":"","_monsterinsights_sitenote_category":0,"cybocfi_hide_featured_image":"","footnotes":""},"categories":[80,159,75,284,83],"tags":[37],"infouartes":[],"class_list":["post-49530","post","type-post","status-publish","format-standard","has-post-thumbnail","hentry","category-academico","category-artes-escenicas","category-docentes","category-investigacion","category-sedes","tag-ilia"],"acf":[],"yoast_head":"<!-- This site is optimized with the Yoast SEO plugin v27.4 - https:\/\/yoast.com\/product\/yoast-seo-wordpress\/ -->\n<title>Universidad de las Artes - En conferencia perfom\u00e1tica del ILIA se habl\u00f3 del cuerpo-espacio-tiempo en la creaci\u00f3n-investigaci\u00f3n esc\u00e9nica<\/title>\n<meta name=\"description\" content=\"Universidad de las Artes - En conferencia perfom\u00e1tica del ILIA se habl\u00f3 del cuerpo-espacio-tiempo en la creaci\u00f3n-investigaci\u00f3n esc\u00e9nica\" \/>\n<meta name=\"robots\" content=\"index, follow, max-snippet:-1, max-image-preview:large, max-video-preview:-1\" \/>\n<link rel=\"canonical\" href=\"https:\/\/www.uartes.edu.ec\/sitio\/blog\/2023\/10\/04\/conferencia-perfomatica-analiza-cuerpo-espacio-tiempo-en-la-creacion-investigacion-escenica\/\" \/>\n<meta property=\"og:locale\" content=\"es_ES\" \/>\n<meta property=\"og:type\" content=\"article\" \/>\n<meta property=\"og:title\" content=\"Universidad de las Artes - En conferencia perfom\u00e1tica del ILIA se habl\u00f3 del cuerpo-espacio-tiempo en la creaci\u00f3n-investigaci\u00f3n esc\u00e9nica\" \/>\n<meta property=\"og:description\" content=\"Universidad de las Artes - En conferencia perfom\u00e1tica del ILIA se habl\u00f3 del cuerpo-espacio-tiempo en la creaci\u00f3n-investigaci\u00f3n esc\u00e9nica\" \/>\n<meta property=\"og:url\" content=\"https:\/\/www.uartes.edu.ec\/sitio\/blog\/2023\/10\/04\/conferencia-perfomatica-analiza-cuerpo-espacio-tiempo-en-la-creacion-investigacion-escenica\/\" \/>\n<meta property=\"og:site_name\" content=\"Universidad de las Artes\" \/>\n<meta property=\"article:publisher\" content=\"https:\/\/www.facebook.com\/uartesec\" \/>\n<meta property=\"article:published_time\" content=\"2023-10-04T23:03:45+00:00\" \/>\n<meta property=\"article:modified_time\" content=\"2024-07-04T16:20:38+00:00\" \/>\n<meta property=\"og:image\" content=\"https:\/\/www.uartes.edu.ec\/sitio\/wp-content\/uploads\/2024\/01\/01-ILIA-CONFERENCIA-PERFORMATICA.jpg\" \/>\n\t<meta property=\"og:image:width\" content=\"2000\" \/>\n\t<meta property=\"og:image:height\" content=\"1333\" \/>\n\t<meta property=\"og:image:type\" content=\"image\/jpeg\" \/>\n<meta name=\"author\" content=\"ccortez\" \/>\n<meta name=\"twitter:card\" content=\"summary_large_image\" \/>\n<meta name=\"twitter:creator\" content=\"@uartesec\" \/>\n<meta name=\"twitter:site\" content=\"@uartesec\" \/>\n<meta name=\"twitter:label1\" content=\"Escrito por\" \/>\n\t<meta name=\"twitter:data1\" content=\"ccortez\" \/>\n\t<meta name=\"twitter:label2\" content=\"Tiempo de lectura\" \/>\n\t<meta name=\"twitter:data2\" content=\"2 minutos\" \/>\n<script type=\"application\/ld+json\" class=\"yoast-schema-graph\">{\"@context\":\"https:\\\/\\\/schema.org\",\"@graph\":[{\"@type\":\"Article\",\"@id\":\"https:\\\/\\\/www.uartes.edu.ec\\\/sitio\\\/blog\\\/2023\\\/10\\\/04\\\/conferencia-perfomatica-analiza-cuerpo-espacio-tiempo-en-la-creacion-investigacion-escenica\\\/#article\",\"isPartOf\":{\"@id\":\"https:\\\/\\\/www.uartes.edu.ec\\\/sitio\\\/blog\\\/2023\\\/10\\\/04\\\/conferencia-perfomatica-analiza-cuerpo-espacio-tiempo-en-la-creacion-investigacion-escenica\\\/\"},\"author\":{\"name\":\"ccortez\",\"@id\":\"https:\\\/\\\/www.uartes.edu.ec\\\/sitio\\\/#\\\/schema\\\/person\\\/efa1b8275797664fd7f13a79ccc0b1f4\"},\"headline\":\"En conferencia perfom\u00e1tica del ILIA se habl\u00f3 del cuerpo-espacio-tiempo en la creaci\u00f3n-investigaci\u00f3n esc\u00e9nica\",\"datePublished\":\"2023-10-04T23:03:45+00:00\",\"dateModified\":\"2024-07-04T16:20:38+00:00\",\"mainEntityOfPage\":{\"@id\":\"https:\\\/\\\/www.uartes.edu.ec\\\/sitio\\\/blog\\\/2023\\\/10\\\/04\\\/conferencia-perfomatica-analiza-cuerpo-espacio-tiempo-en-la-creacion-investigacion-escenica\\\/\"},\"wordCount\":448,\"commentCount\":0,\"publisher\":{\"@id\":\"https:\\\/\\\/www.uartes.edu.ec\\\/sitio\\\/#organization\"},\"image\":{\"@id\":\"https:\\\/\\\/www.uartes.edu.ec\\\/sitio\\\/blog\\\/2023\\\/10\\\/04\\\/conferencia-perfomatica-analiza-cuerpo-espacio-tiempo-en-la-creacion-investigacion-escenica\\\/#primaryimage\"},\"thumbnailUrl\":\"https:\\\/\\\/www.uartes.edu.ec\\\/sitio\\\/wp-content\\\/uploads\\\/2024\\\/01\\\/01-ILIA-CONFERENCIA-PERFORMATICA.jpg\",\"keywords\":[\"ilia\"],\"articleSection\":[\"Acad\u00e9mico\",\"Artes Esc\u00e9nicas\",\"Docentes\",\"Investigaci\u00f3n\",\"Sedes\"],\"inLanguage\":\"es\",\"potentialAction\":[{\"@type\":\"CommentAction\",\"name\":\"Comment\",\"target\":[\"https:\\\/\\\/www.uartes.edu.ec\\\/sitio\\\/blog\\\/2023\\\/10\\\/04\\\/conferencia-perfomatica-analiza-cuerpo-espacio-tiempo-en-la-creacion-investigacion-escenica\\\/#respond\"]}]},{\"@type\":[\"WebPage\",\"ItemPage\"],\"@id\":\"https:\\\/\\\/www.uartes.edu.ec\\\/sitio\\\/blog\\\/2023\\\/10\\\/04\\\/conferencia-perfomatica-analiza-cuerpo-espacio-tiempo-en-la-creacion-investigacion-escenica\\\/\",\"url\":\"https:\\\/\\\/www.uartes.edu.ec\\\/sitio\\\/blog\\\/2023\\\/10\\\/04\\\/conferencia-perfomatica-analiza-cuerpo-espacio-tiempo-en-la-creacion-investigacion-escenica\\\/\",\"name\":\"Universidad de las Artes - En conferencia perfom\u00e1tica del ILIA se habl\u00f3 del cuerpo-espacio-tiempo en la creaci\u00f3n-investigaci\u00f3n esc\u00e9nica\",\"isPartOf\":{\"@id\":\"https:\\\/\\\/www.uartes.edu.ec\\\/sitio\\\/#website\"},\"primaryImageOfPage\":{\"@id\":\"https:\\\/\\\/www.uartes.edu.ec\\\/sitio\\\/blog\\\/2023\\\/10\\\/04\\\/conferencia-perfomatica-analiza-cuerpo-espacio-tiempo-en-la-creacion-investigacion-escenica\\\/#primaryimage\"},\"image\":{\"@id\":\"https:\\\/\\\/www.uartes.edu.ec\\\/sitio\\\/blog\\\/2023\\\/10\\\/04\\\/conferencia-perfomatica-analiza-cuerpo-espacio-tiempo-en-la-creacion-investigacion-escenica\\\/#primaryimage\"},\"thumbnailUrl\":\"https:\\\/\\\/www.uartes.edu.ec\\\/sitio\\\/wp-content\\\/uploads\\\/2024\\\/01\\\/01-ILIA-CONFERENCIA-PERFORMATICA.jpg\",\"datePublished\":\"2023-10-04T23:03:45+00:00\",\"dateModified\":\"2024-07-04T16:20:38+00:00\",\"description\":\"Universidad de las Artes - En conferencia perfom\u00e1tica del ILIA se habl\u00f3 del cuerpo-espacio-tiempo en la creaci\u00f3n-investigaci\u00f3n esc\u00e9nica\",\"breadcrumb\":{\"@id\":\"https:\\\/\\\/www.uartes.edu.ec\\\/sitio\\\/blog\\\/2023\\\/10\\\/04\\\/conferencia-perfomatica-analiza-cuerpo-espacio-tiempo-en-la-creacion-investigacion-escenica\\\/#breadcrumb\"},\"inLanguage\":\"es\",\"potentialAction\":[{\"@type\":\"ReadAction\",\"target\":[\"https:\\\/\\\/www.uartes.edu.ec\\\/sitio\\\/blog\\\/2023\\\/10\\\/04\\\/conferencia-perfomatica-analiza-cuerpo-espacio-tiempo-en-la-creacion-investigacion-escenica\\\/\"]}]},{\"@type\":\"ImageObject\",\"inLanguage\":\"es\",\"@id\":\"https:\\\/\\\/www.uartes.edu.ec\\\/sitio\\\/blog\\\/2023\\\/10\\\/04\\\/conferencia-perfomatica-analiza-cuerpo-espacio-tiempo-en-la-creacion-investigacion-escenica\\\/#primaryimage\",\"url\":\"https:\\\/\\\/www.uartes.edu.ec\\\/sitio\\\/wp-content\\\/uploads\\\/2024\\\/01\\\/01-ILIA-CONFERENCIA-PERFORMATICA.jpg\",\"contentUrl\":\"https:\\\/\\\/www.uartes.edu.ec\\\/sitio\\\/wp-content\\\/uploads\\\/2024\\\/01\\\/01-ILIA-CONFERENCIA-PERFORMATICA.jpg\",\"width\":2000,\"height\":1333},{\"@type\":\"BreadcrumbList\",\"@id\":\"https:\\\/\\\/www.uartes.edu.ec\\\/sitio\\\/blog\\\/2023\\\/10\\\/04\\\/conferencia-perfomatica-analiza-cuerpo-espacio-tiempo-en-la-creacion-investigacion-escenica\\\/#breadcrumb\",\"itemListElement\":[{\"@type\":\"ListItem\",\"position\":1,\"name\":\"Inicio\",\"item\":\"https:\\\/\\\/www.uartes.edu.ec\\\/sitio\\\/\"},{\"@type\":\"ListItem\",\"position\":2,\"name\":\"En conferencia perfom\u00e1tica del ILIA se habl\u00f3 del cuerpo-espacio-tiempo en la creaci\u00f3n-investigaci\u00f3n esc\u00e9nica\"}]},{\"@type\":\"WebSite\",\"@id\":\"https:\\\/\\\/www.uartes.edu.ec\\\/sitio\\\/#website\",\"url\":\"https:\\\/\\\/www.uartes.edu.ec\\\/sitio\\\/\",\"name\":\"Universidad de las Artes\",\"description\":\"Sitio oficial de la Universidad Nacional de las Artes del Ecuador\",\"publisher\":{\"@id\":\"https:\\\/\\\/www.uartes.edu.ec\\\/sitio\\\/#organization\"},\"potentialAction\":[{\"@type\":\"SearchAction\",\"target\":{\"@type\":\"EntryPoint\",\"urlTemplate\":\"https:\\\/\\\/www.uartes.edu.ec\\\/sitio\\\/?s={search_term_string}\"},\"query-input\":{\"@type\":\"PropertyValueSpecification\",\"valueRequired\":true,\"valueName\":\"search_term_string\"}}],\"inLanguage\":\"es\"},{\"@type\":\"Organization\",\"@id\":\"https:\\\/\\\/www.uartes.edu.ec\\\/sitio\\\/#organization\",\"name\":\"Universidad de las Artes\",\"url\":\"https:\\\/\\\/www.uartes.edu.ec\\\/sitio\\\/\",\"logo\":{\"@type\":\"ImageObject\",\"inLanguage\":\"es\",\"@id\":\"https:\\\/\\\/www.uartes.edu.ec\\\/sitio\\\/#\\\/schema\\\/logo\\\/image\\\/\",\"url\":\"https:\\\/\\\/www.uartes.edu.ec\\\/sitio\\\/wp-content\\\/uploads\\\/2022\\\/07\\\/logo-ua-horizontal.png\",\"contentUrl\":\"https:\\\/\\\/www.uartes.edu.ec\\\/sitio\\\/wp-content\\\/uploads\\\/2022\\\/07\\\/logo-ua-horizontal.png\",\"width\":800,\"height\":276,\"caption\":\"Universidad de las Artes\"},\"image\":{\"@id\":\"https:\\\/\\\/www.uartes.edu.ec\\\/sitio\\\/#\\\/schema\\\/logo\\\/image\\\/\"},\"sameAs\":[\"https:\\\/\\\/www.facebook.com\\\/uartesec\",\"https:\\\/\\\/x.com\\\/uartesec\",\"https:\\\/\\\/www.tiktok.com\\\/@uartesec\"]},{\"@type\":\"Person\",\"@id\":\"https:\\\/\\\/www.uartes.edu.ec\\\/sitio\\\/#\\\/schema\\\/person\\\/efa1b8275797664fd7f13a79ccc0b1f4\",\"name\":\"ccortez\",\"image\":{\"@type\":\"ImageObject\",\"inLanguage\":\"es\",\"@id\":\"https:\\\/\\\/secure.gravatar.com\\\/avatar\\\/b2a6f664a3ae8e074346ef91775736c5ec479e637ecced6842de9dc98b5da9cd?s=96&d=mm&r=g\",\"url\":\"https:\\\/\\\/secure.gravatar.com\\\/avatar\\\/b2a6f664a3ae8e074346ef91775736c5ec479e637ecced6842de9dc98b5da9cd?s=96&d=mm&r=g\",\"contentUrl\":\"https:\\\/\\\/secure.gravatar.com\\\/avatar\\\/b2a6f664a3ae8e074346ef91775736c5ec479e637ecced6842de9dc98b5da9cd?s=96&d=mm&r=g\",\"caption\":\"ccortez\"},\"url\":\"https:\\\/\\\/www.uartes.edu.ec\\\/sitio\\\/blog\\\/author\\\/ccortez\\\/\"}]}<\/script>\n<!-- \/ Yoast SEO plugin. -->","yoast_head_json":{"title":"Universidad de las Artes - En conferencia perfom\u00e1tica del ILIA se habl\u00f3 del cuerpo-espacio-tiempo en la creaci\u00f3n-investigaci\u00f3n esc\u00e9nica","description":"Universidad de las Artes - En conferencia perfom\u00e1tica del ILIA se habl\u00f3 del cuerpo-espacio-tiempo en la creaci\u00f3n-investigaci\u00f3n esc\u00e9nica","robots":{"index":"index","follow":"follow","max-snippet":"max-snippet:-1","max-image-preview":"max-image-preview:large","max-video-preview":"max-video-preview:-1"},"canonical":"https:\/\/www.uartes.edu.ec\/sitio\/blog\/2023\/10\/04\/conferencia-perfomatica-analiza-cuerpo-espacio-tiempo-en-la-creacion-investigacion-escenica\/","og_locale":"es_ES","og_type":"article","og_title":"Universidad de las Artes - En conferencia perfom\u00e1tica del ILIA se habl\u00f3 del cuerpo-espacio-tiempo en la creaci\u00f3n-investigaci\u00f3n esc\u00e9nica","og_description":"Universidad de las Artes - En conferencia perfom\u00e1tica del ILIA se habl\u00f3 del cuerpo-espacio-tiempo en la creaci\u00f3n-investigaci\u00f3n esc\u00e9nica","og_url":"https:\/\/www.uartes.edu.ec\/sitio\/blog\/2023\/10\/04\/conferencia-perfomatica-analiza-cuerpo-espacio-tiempo-en-la-creacion-investigacion-escenica\/","og_site_name":"Universidad de las Artes","article_publisher":"https:\/\/www.facebook.com\/uartesec","article_published_time":"2023-10-04T23:03:45+00:00","article_modified_time":"2024-07-04T16:20:38+00:00","og_image":[{"width":2000,"height":1333,"url":"https:\/\/www.uartes.edu.ec\/sitio\/wp-content\/uploads\/2024\/01\/01-ILIA-CONFERENCIA-PERFORMATICA.jpg","type":"image\/jpeg"}],"author":"ccortez","twitter_card":"summary_large_image","twitter_creator":"@uartesec","twitter_site":"@uartesec","twitter_misc":{"Escrito por":"ccortez","Tiempo de lectura":"2 minutos"},"schema":{"@context":"https:\/\/schema.org","@graph":[{"@type":"Article","@id":"https:\/\/www.uartes.edu.ec\/sitio\/blog\/2023\/10\/04\/conferencia-perfomatica-analiza-cuerpo-espacio-tiempo-en-la-creacion-investigacion-escenica\/#article","isPartOf":{"@id":"https:\/\/www.uartes.edu.ec\/sitio\/blog\/2023\/10\/04\/conferencia-perfomatica-analiza-cuerpo-espacio-tiempo-en-la-creacion-investigacion-escenica\/"},"author":{"name":"ccortez","@id":"https:\/\/www.uartes.edu.ec\/sitio\/#\/schema\/person\/efa1b8275797664fd7f13a79ccc0b1f4"},"headline":"En conferencia perfom\u00e1tica del ILIA se habl\u00f3 del cuerpo-espacio-tiempo en la creaci\u00f3n-investigaci\u00f3n esc\u00e9nica","datePublished":"2023-10-04T23:03:45+00:00","dateModified":"2024-07-04T16:20:38+00:00","mainEntityOfPage":{"@id":"https:\/\/www.uartes.edu.ec\/sitio\/blog\/2023\/10\/04\/conferencia-perfomatica-analiza-cuerpo-espacio-tiempo-en-la-creacion-investigacion-escenica\/"},"wordCount":448,"commentCount":0,"publisher":{"@id":"https:\/\/www.uartes.edu.ec\/sitio\/#organization"},"image":{"@id":"https:\/\/www.uartes.edu.ec\/sitio\/blog\/2023\/10\/04\/conferencia-perfomatica-analiza-cuerpo-espacio-tiempo-en-la-creacion-investigacion-escenica\/#primaryimage"},"thumbnailUrl":"https:\/\/www.uartes.edu.ec\/sitio\/wp-content\/uploads\/2024\/01\/01-ILIA-CONFERENCIA-PERFORMATICA.jpg","keywords":["ilia"],"articleSection":["Acad\u00e9mico","Artes Esc\u00e9nicas","Docentes","Investigaci\u00f3n","Sedes"],"inLanguage":"es","potentialAction":[{"@type":"CommentAction","name":"Comment","target":["https:\/\/www.uartes.edu.ec\/sitio\/blog\/2023\/10\/04\/conferencia-perfomatica-analiza-cuerpo-espacio-tiempo-en-la-creacion-investigacion-escenica\/#respond"]}]},{"@type":["WebPage","ItemPage"],"@id":"https:\/\/www.uartes.edu.ec\/sitio\/blog\/2023\/10\/04\/conferencia-perfomatica-analiza-cuerpo-espacio-tiempo-en-la-creacion-investigacion-escenica\/","url":"https:\/\/www.uartes.edu.ec\/sitio\/blog\/2023\/10\/04\/conferencia-perfomatica-analiza-cuerpo-espacio-tiempo-en-la-creacion-investigacion-escenica\/","name":"Universidad de las Artes - En conferencia perfom\u00e1tica del ILIA se habl\u00f3 del cuerpo-espacio-tiempo en la creaci\u00f3n-investigaci\u00f3n esc\u00e9nica","isPartOf":{"@id":"https:\/\/www.uartes.edu.ec\/sitio\/#website"},"primaryImageOfPage":{"@id":"https:\/\/www.uartes.edu.ec\/sitio\/blog\/2023\/10\/04\/conferencia-perfomatica-analiza-cuerpo-espacio-tiempo-en-la-creacion-investigacion-escenica\/#primaryimage"},"image":{"@id":"https:\/\/www.uartes.edu.ec\/sitio\/blog\/2023\/10\/04\/conferencia-perfomatica-analiza-cuerpo-espacio-tiempo-en-la-creacion-investigacion-escenica\/#primaryimage"},"thumbnailUrl":"https:\/\/www.uartes.edu.ec\/sitio\/wp-content\/uploads\/2024\/01\/01-ILIA-CONFERENCIA-PERFORMATICA.jpg","datePublished":"2023-10-04T23:03:45+00:00","dateModified":"2024-07-04T16:20:38+00:00","description":"Universidad de las Artes - En conferencia perfom\u00e1tica del ILIA se habl\u00f3 del cuerpo-espacio-tiempo en la creaci\u00f3n-investigaci\u00f3n esc\u00e9nica","breadcrumb":{"@id":"https:\/\/www.uartes.edu.ec\/sitio\/blog\/2023\/10\/04\/conferencia-perfomatica-analiza-cuerpo-espacio-tiempo-en-la-creacion-investigacion-escenica\/#breadcrumb"},"inLanguage":"es","potentialAction":[{"@type":"ReadAction","target":["https:\/\/www.uartes.edu.ec\/sitio\/blog\/2023\/10\/04\/conferencia-perfomatica-analiza-cuerpo-espacio-tiempo-en-la-creacion-investigacion-escenica\/"]}]},{"@type":"ImageObject","inLanguage":"es","@id":"https:\/\/www.uartes.edu.ec\/sitio\/blog\/2023\/10\/04\/conferencia-perfomatica-analiza-cuerpo-espacio-tiempo-en-la-creacion-investigacion-escenica\/#primaryimage","url":"https:\/\/www.uartes.edu.ec\/sitio\/wp-content\/uploads\/2024\/01\/01-ILIA-CONFERENCIA-PERFORMATICA.jpg","contentUrl":"https:\/\/www.uartes.edu.ec\/sitio\/wp-content\/uploads\/2024\/01\/01-ILIA-CONFERENCIA-PERFORMATICA.jpg","width":2000,"height":1333},{"@type":"BreadcrumbList","@id":"https:\/\/www.uartes.edu.ec\/sitio\/blog\/2023\/10\/04\/conferencia-perfomatica-analiza-cuerpo-espacio-tiempo-en-la-creacion-investigacion-escenica\/#breadcrumb","itemListElement":[{"@type":"ListItem","position":1,"name":"Inicio","item":"https:\/\/www.uartes.edu.ec\/sitio\/"},{"@type":"ListItem","position":2,"name":"En conferencia perfom\u00e1tica del ILIA se habl\u00f3 del cuerpo-espacio-tiempo en la creaci\u00f3n-investigaci\u00f3n esc\u00e9nica"}]},{"@type":"WebSite","@id":"https:\/\/www.uartes.edu.ec\/sitio\/#website","url":"https:\/\/www.uartes.edu.ec\/sitio\/","name":"Universidad de las Artes","description":"Sitio oficial de la Universidad Nacional de las Artes del Ecuador","publisher":{"@id":"https:\/\/www.uartes.edu.ec\/sitio\/#organization"},"potentialAction":[{"@type":"SearchAction","target":{"@type":"EntryPoint","urlTemplate":"https:\/\/www.uartes.edu.ec\/sitio\/?s={search_term_string}"},"query-input":{"@type":"PropertyValueSpecification","valueRequired":true,"valueName":"search_term_string"}}],"inLanguage":"es"},{"@type":"Organization","@id":"https:\/\/www.uartes.edu.ec\/sitio\/#organization","name":"Universidad de las Artes","url":"https:\/\/www.uartes.edu.ec\/sitio\/","logo":{"@type":"ImageObject","inLanguage":"es","@id":"https:\/\/www.uartes.edu.ec\/sitio\/#\/schema\/logo\/image\/","url":"https:\/\/www.uartes.edu.ec\/sitio\/wp-content\/uploads\/2022\/07\/logo-ua-horizontal.png","contentUrl":"https:\/\/www.uartes.edu.ec\/sitio\/wp-content\/uploads\/2022\/07\/logo-ua-horizontal.png","width":800,"height":276,"caption":"Universidad de las Artes"},"image":{"@id":"https:\/\/www.uartes.edu.ec\/sitio\/#\/schema\/logo\/image\/"},"sameAs":["https:\/\/www.facebook.com\/uartesec","https:\/\/x.com\/uartesec","https:\/\/www.tiktok.com\/@uartesec"]},{"@type":"Person","@id":"https:\/\/www.uartes.edu.ec\/sitio\/#\/schema\/person\/efa1b8275797664fd7f13a79ccc0b1f4","name":"ccortez","image":{"@type":"ImageObject","inLanguage":"es","@id":"https:\/\/secure.gravatar.com\/avatar\/b2a6f664a3ae8e074346ef91775736c5ec479e637ecced6842de9dc98b5da9cd?s=96&d=mm&r=g","url":"https:\/\/secure.gravatar.com\/avatar\/b2a6f664a3ae8e074346ef91775736c5ec479e637ecced6842de9dc98b5da9cd?s=96&d=mm&r=g","contentUrl":"https:\/\/secure.gravatar.com\/avatar\/b2a6f664a3ae8e074346ef91775736c5ec479e637ecced6842de9dc98b5da9cd?s=96&d=mm&r=g","caption":"ccortez"},"url":"https:\/\/www.uartes.edu.ec\/sitio\/blog\/author\/ccortez\/"}]}},"uagb_featured_image_src":{"full":["https:\/\/www.uartes.edu.ec\/sitio\/wp-content\/uploads\/2024\/01\/01-ILIA-CONFERENCIA-PERFORMATICA.jpg",2000,1333,false],"thumbnail":["https:\/\/www.uartes.edu.ec\/sitio\/wp-content\/uploads\/2024\/01\/01-ILIA-CONFERENCIA-PERFORMATICA-150x150.jpg",150,150,true],"medium":["https:\/\/www.uartes.edu.ec\/sitio\/wp-content\/uploads\/2024\/01\/01-ILIA-CONFERENCIA-PERFORMATICA-300x200.jpg",300,200,true],"medium_large":["https:\/\/www.uartes.edu.ec\/sitio\/wp-content\/uploads\/2024\/01\/01-ILIA-CONFERENCIA-PERFORMATICA-768x512.jpg",768,512,true],"large":["https:\/\/www.uartes.edu.ec\/sitio\/wp-content\/uploads\/2024\/01\/01-ILIA-CONFERENCIA-PERFORMATICA-644x429.jpg",644,429,true],"1536x1536":["https:\/\/www.uartes.edu.ec\/sitio\/wp-content\/uploads\/2024\/01\/01-ILIA-CONFERENCIA-PERFORMATICA-1536x1024.jpg",1536,1024,true],"2048x2048":["https:\/\/www.uartes.edu.ec\/sitio\/wp-content\/uploads\/2024\/01\/01-ILIA-CONFERENCIA-PERFORMATICA.jpg",2000,1333,false],"trp-custom-language-flag":["https:\/\/www.uartes.edu.ec\/sitio\/wp-content\/uploads\/2024\/01\/01-ILIA-CONFERENCIA-PERFORMATICA.jpg",18,12,false],"htmega_size_585x295":["https:\/\/www.uartes.edu.ec\/sitio\/wp-content\/uploads\/2024\/01\/01-ILIA-CONFERENCIA-PERFORMATICA-585x295.jpg",585,295,true],"htmega_size_1170x536":["https:\/\/www.uartes.edu.ec\/sitio\/wp-content\/uploads\/2024\/01\/01-ILIA-CONFERENCIA-PERFORMATICA-1170x536.jpg",1170,536,true],"htmega_size_396x360":["https:\/\/www.uartes.edu.ec\/sitio\/wp-content\/uploads\/2024\/01\/01-ILIA-CONFERENCIA-PERFORMATICA-396x360.jpg",396,360,true],"gb-block-post-grid-landscape":["https:\/\/www.uartes.edu.ec\/sitio\/wp-content\/uploads\/2024\/01\/01-ILIA-CONFERENCIA-PERFORMATICA-600x400.jpg",600,400,true],"gb-block-post-grid-square":["https:\/\/www.uartes.edu.ec\/sitio\/wp-content\/uploads\/2024\/01\/01-ILIA-CONFERENCIA-PERFORMATICA-600x600.jpg",600,600,true],"university-hub-thumb":["https:\/\/www.uartes.edu.ec\/sitio\/wp-content\/uploads\/2024\/01\/01-ILIA-CONFERENCIA-PERFORMATICA-400x267.jpg",400,267,true]},"uagb_author_info":{"display_name":"ccortez","author_link":"https:\/\/www.uartes.edu.ec\/sitio\/blog\/author\/ccortez\/"},"uagb_comment_info":0,"uagb_excerpt":"\u201cCuerpo-espacio-tiempo en la creaci\u00f3n-investigaci\u00f3n esc\u00e9nica\u201d es la conferencia perfom\u00e1tica desarrollada al mediod\u00eda de hoy en la Plaza P\u00fablica del MZ14, en el marco de la VII edici\u00f3n del Encuentro Internacional de Investigaci\u00f3n en Artes (ILIA). Participaron Lorena Toro, Vanessa P\u00e9rez, Diego Ortega, Christian Masabanda, Lorena Delgado, Carlos Cede\u00f1o y Bertha D\u00edaz, todos miembros de comunidad&hellip;","featured_image_src":"https:\/\/www.uartes.edu.ec\/sitio\/wp-content\/uploads\/2024\/01\/01-ILIA-CONFERENCIA-PERFORMATICA-600x400.jpg","featured_image_src_square":"https:\/\/www.uartes.edu.ec\/sitio\/wp-content\/uploads\/2024\/01\/01-ILIA-CONFERENCIA-PERFORMATICA-600x600.jpg","author_info":{"display_name":"ccortez","author_link":"https:\/\/www.uartes.edu.ec\/sitio\/blog\/author\/ccortez\/"},"publishpress_future_workflow_manual_trigger":{"enabledWorkflows":[]},"distributor_meta":false,"distributor_terms":false,"distributor_media":false,"distributor_original_site_name":"Universidad de las Artes","distributor_original_site_url":"https:\/\/www.uartes.edu.ec\/sitio","push-errors":false,"_links":{"self":[{"href":"https:\/\/www.uartes.edu.ec\/sitio\/wp-json\/wp\/v2\/posts\/49530","targetHints":{"allow":["GET"]}}],"collection":[{"href":"https:\/\/www.uartes.edu.ec\/sitio\/wp-json\/wp\/v2\/posts"}],"about":[{"href":"https:\/\/www.uartes.edu.ec\/sitio\/wp-json\/wp\/v2\/types\/post"}],"author":[{"embeddable":true,"href":"https:\/\/www.uartes.edu.ec\/sitio\/wp-json\/wp\/v2\/users\/10"}],"replies":[{"embeddable":true,"href":"https:\/\/www.uartes.edu.ec\/sitio\/wp-json\/wp\/v2\/comments?post=49530"}],"version-history":[{"count":4,"href":"https:\/\/www.uartes.edu.ec\/sitio\/wp-json\/wp\/v2\/posts\/49530\/revisions"}],"predecessor-version":[{"id":49537,"href":"https:\/\/www.uartes.edu.ec\/sitio\/wp-json\/wp\/v2\/posts\/49530\/revisions\/49537"}],"wp:featuredmedia":[{"embeddable":true,"href":"https:\/\/www.uartes.edu.ec\/sitio\/wp-json\/wp\/v2\/media\/49531"}],"wp:attachment":[{"href":"https:\/\/www.uartes.edu.ec\/sitio\/wp-json\/wp\/v2\/media?parent=49530"}],"wp:term":[{"taxonomy":"category","embeddable":true,"href":"https:\/\/www.uartes.edu.ec\/sitio\/wp-json\/wp\/v2\/categories?post=49530"},{"taxonomy":"post_tag","embeddable":true,"href":"https:\/\/www.uartes.edu.ec\/sitio\/wp-json\/wp\/v2\/tags?post=49530"},{"taxonomy":"infouartes","embeddable":true,"href":"https:\/\/www.uartes.edu.ec\/sitio\/wp-json\/wp\/v2\/infouartes?post=49530"}],"curies":[{"name":"wp","href":"https:\/\/api.w.org\/{rel}","templated":true}]}}