{"id":49558,"date":"2023-10-08T15:11:00","date_gmt":"2023-10-08T20:11:00","guid":{"rendered":"https:\/\/www.uartes.edu.ec\/sitio\/?p=49558"},"modified":"2024-07-04T11:20:37","modified_gmt":"2024-07-04T16:20:37","slug":"el-narcocorrido-colombiano-una-estetica-y-expresion-artistico-musical-cuestionable","status":"publish","type":"post","link":"https:\/\/www.uartes.edu.ec\/sitio\/blog\/2023\/10\/08\/el-narcocorrido-colombiano-una-estetica-y-expresion-artistico-musical-cuestionable\/","title":{"rendered":"En ILIA se analiz\u00f3: \u201cEl narcocorrido colombiano, una est\u00e9tica y expresi\u00f3n art\u00edstico-musical \u00bfcuestionable?\u201d"},"content":{"rendered":"\n<p>Con las intervenciones de David de los Reyes, docente de la Universidad de las Artes, y Omar Rinc\u00f3n, de la Universidad de los Andes, en el VII Encuentro Internacional de Investigaci\u00f3n en Artes se desarroll\u00f3 este 5 de octubre la mesa de di\u00e1logo \u201cEl narcocorrido colombiano, una est\u00e9tica y expresi\u00f3n art\u00edstico-musical \u00bfcuestionable?\u201d. Desde la Plaza P\u00fablica del MZ14, los ponentes analizaron el fen\u00f3meno de los narcocorridos en Colombia y Am\u00e9rica Latina.<\/p>\n\n\n\n<p>Como primer punto del abordaje, De los Reyes y Rinc\u00f3n se refirieron a la canci\u00f3n \u201cLa banda del carro rojo\u201d de la agrupaci\u00f3n Los Tigres del Norte, considerada un ejemplo representativo de los narcocorridos; destacaron la evoluci\u00f3n de este g\u00e9nero musical a lo largo de los a\u00f1os y su importancia en la cultura popular.<\/p>\n\n\n\n<p>Tambi\u00e9n hicieron referencia a Carlos Balbuena, un estudioso del narcocorrido que comenz\u00f3 a trabajar en el tema en Venezuela y recopil\u00f3 una gran cantidad de estas propuestas musicales en Colombia. Resulta evidente la relaci\u00f3n entre el narcocorrido y el negocio del narcotr\u00e1fico, convirtiendo a la producci\u00f3n de estos corridos en intensa y lucrativa.<\/p>\n\n\n\n<p>De los Reyes explor\u00f3 el t\u00e9rmino \u201ccorrido\u201d y su origen en el diccionario de la lengua castellana de 1726, donde se menciona como un te\u00f1ido de guitarras y una danza llamada \u201cjacara\u201d. Tambi\u00e9n cit\u00f3 el diccionario de autoridades de 1729, donde se define a \u201ccorrido\u201d como una frase metaf\u00f3rica que significa \u201cel hombre avisado a fuerza de experiencia\u201d, definici\u00f3n que se relaciona con los personajes y las historias que se narran en los narcocorridos.<\/p>\n\n\n\n<p>Agreg\u00f3 el acad\u00e9mico UArtes que los narcocorridos surgieron en Colombia cuando el Cartel de Sinaloa se estableci\u00f3 en el pa\u00eds y comenz\u00f3 a influenciar la cultura musical. Tambi\u00e9n destac\u00f3 que esta m\u00fasica es una forma de periodismo que informa sobre situaciones que los medios de comunicaci\u00f3n tradicionales tienden a silenciar. A la exposici\u00f3n, Omar Rinc\u00f3n abon\u00f3 que el narcocorrido es una manifestaci\u00f3n popular que a menudo presenta una est\u00e9tica machista, capitalista y consumista. Tambi\u00e9n est\u00e1n relacionados con la pol\u00edtica, para lo cual se mostr\u00f3 un video de un corrido hecho durante una campa\u00f1a electoral en Colombia.<\/p>\n\n\n\n<p>Se mencionaron, adem\u00e1s, la aparici\u00f3n de los \u201ccorridos tumbados\u201d, que son una variante del g\u00e9nero que a menudo presenta una est\u00e9tica m\u00e1s moderna y se enfoca en temas distintos, como el amor. Rinc\u00f3n coment\u00f3 c\u00f3mo esta evoluci\u00f3n estil\u00edstica puede estar relacionada con la b\u00fasqueda de un p\u00fablico m\u00e1s amplio.<\/p>\n\n\n\n<p>David de los Reyes y Omar Rinc\u00f3n centraron el di\u00e1logo en la influencia de los narcocorridos en la cultura y la pol\u00edtica, y c\u00f3mo estas canciones se han convertido en una forma de contrarrelato que desaf\u00eda la narrativa de los medios de comunicaci\u00f3n tradicionales, la importancia de la est\u00e9tica y la iconograf\u00eda en los narcocorridos y su papel en la construcci\u00f3n de identidades culturales y pol\u00edticas.<\/p>\n\n\n\n<p>Texto: Eleinn Ewmanothva Rivera Sol\u00eds, estudiante de la Escuela de Literatura.<\/p>\n","protected":false},"excerpt":{"rendered":"<p>Con las intervenciones de David de los Reyes, docente de la Universidad de las Artes, y Omar Rinc\u00f3n, de la Universidad de los Andes, en la VII edici\u00f3n del ILIA se desarroll\u00f3 la mesa de di\u00e1logo \u201cEl narcocorrido colombiano, una est\u00e9tica y expresi\u00f3n art\u00edstico-musical \u00bfcuestionable?\u201d. Desde la Plaza P\u00fablica del MZ14, los ponentes analizaron el fen\u00f3meno de los narcocorridos en Colombia y Am\u00e9rica Latina. <\/p>\n","protected":false},"author":10,"featured_media":49559,"comment_status":"open","ping_status":"open","sticky":false,"template":"","format":"standard","meta":{"_acf_changed":false,"_uag_custom_page_level_css":"","_monsterinsights_skip_tracking":false,"_monsterinsights_sitenote_active":false,"_monsterinsights_sitenote_note":"","_monsterinsights_sitenote_category":0,"cybocfi_hide_featured_image":"","footnotes":""},"categories":[80,490,82,75,76,77,284,83],"tags":[37],"infouartes":[],"class_list":["post-49558","post","type-post","status-publish","format-standard","has-post-thumbnail","hentry","category-academico","category-alumni","category-artes","category-docentes","category-estudiantes","category-gestion","category-investigacion","category-sedes","tag-ilia"],"acf":[],"yoast_head":"<!-- This site is optimized with the Yoast SEO plugin v27.4 - https:\/\/yoast.com\/product\/yoast-seo-wordpress\/ -->\n<title>Universidad de las Artes - En ILIA se analiz\u00f3: \u201cEl narcocorrido colombiano, una est\u00e9tica y expresi\u00f3n art\u00edstico-musical \u00bfcuestionable?\u201d<\/title>\n<meta name=\"description\" content=\"Universidad de las Artes - En ILIA se analiz\u00f3: \u201cEl narcocorrido colombiano, una est\u00e9tica y expresi\u00f3n art\u00edstico-musical \u00bfcuestionable?\u201d\" \/>\n<meta name=\"robots\" content=\"index, follow, max-snippet:-1, max-image-preview:large, max-video-preview:-1\" \/>\n<link rel=\"canonical\" href=\"https:\/\/www.uartes.edu.ec\/sitio\/blog\/2023\/10\/08\/el-narcocorrido-colombiano-una-estetica-y-expresion-artistico-musical-cuestionable\/\" \/>\n<meta property=\"og:locale\" content=\"es_ES\" \/>\n<meta property=\"og:type\" content=\"article\" \/>\n<meta property=\"og:title\" content=\"Universidad de las Artes - En ILIA se analiz\u00f3: \u201cEl narcocorrido colombiano, una est\u00e9tica y expresi\u00f3n art\u00edstico-musical \u00bfcuestionable?\u201d\" \/>\n<meta property=\"og:description\" content=\"Universidad de las Artes - En ILIA se analiz\u00f3: \u201cEl narcocorrido colombiano, una est\u00e9tica y expresi\u00f3n art\u00edstico-musical \u00bfcuestionable?\u201d\" \/>\n<meta property=\"og:url\" content=\"https:\/\/www.uartes.edu.ec\/sitio\/blog\/2023\/10\/08\/el-narcocorrido-colombiano-una-estetica-y-expresion-artistico-musical-cuestionable\/\" \/>\n<meta property=\"og:site_name\" content=\"Universidad de las Artes\" \/>\n<meta property=\"article:publisher\" content=\"https:\/\/www.facebook.com\/uartesec\" \/>\n<meta property=\"article:published_time\" content=\"2023-10-08T20:11:00+00:00\" \/>\n<meta property=\"article:modified_time\" content=\"2024-07-04T16:20:37+00:00\" \/>\n<meta property=\"og:image\" content=\"https:\/\/www.uartes.edu.ec\/sitio\/wp-content\/uploads\/2024\/01\/04-El-narcocorrido-colombiano-una-estetica-y-expresion-artistico-musical.jpg\" \/>\n\t<meta property=\"og:image:width\" content=\"2000\" \/>\n\t<meta property=\"og:image:height\" content=\"1333\" \/>\n\t<meta property=\"og:image:type\" content=\"image\/jpeg\" \/>\n<meta name=\"author\" content=\"ccortez\" \/>\n<meta name=\"twitter:card\" content=\"summary_large_image\" \/>\n<meta name=\"twitter:creator\" content=\"@uartesec\" \/>\n<meta name=\"twitter:site\" content=\"@uartesec\" \/>\n<meta name=\"twitter:label1\" content=\"Escrito por\" \/>\n\t<meta name=\"twitter:data1\" content=\"ccortez\" \/>\n\t<meta name=\"twitter:label2\" content=\"Tiempo de lectura\" \/>\n\t<meta name=\"twitter:data2\" content=\"3 minutos\" \/>\n<script type=\"application\/ld+json\" class=\"yoast-schema-graph\">{\"@context\":\"https:\\\/\\\/schema.org\",\"@graph\":[{\"@type\":\"Article\",\"@id\":\"https:\\\/\\\/www.uartes.edu.ec\\\/sitio\\\/blog\\\/2023\\\/10\\\/08\\\/el-narcocorrido-colombiano-una-estetica-y-expresion-artistico-musical-cuestionable\\\/#article\",\"isPartOf\":{\"@id\":\"https:\\\/\\\/www.uartes.edu.ec\\\/sitio\\\/blog\\\/2023\\\/10\\\/08\\\/el-narcocorrido-colombiano-una-estetica-y-expresion-artistico-musical-cuestionable\\\/\"},\"author\":{\"name\":\"ccortez\",\"@id\":\"https:\\\/\\\/www.uartes.edu.ec\\\/sitio\\\/#\\\/schema\\\/person\\\/efa1b8275797664fd7f13a79ccc0b1f4\"},\"headline\":\"En ILIA se analiz\u00f3: \u201cEl narcocorrido colombiano, una est\u00e9tica y expresi\u00f3n art\u00edstico-musical \u00bfcuestionable?\u201d\",\"datePublished\":\"2023-10-08T20:11:00+00:00\",\"dateModified\":\"2024-07-04T16:20:37+00:00\",\"mainEntityOfPage\":{\"@id\":\"https:\\\/\\\/www.uartes.edu.ec\\\/sitio\\\/blog\\\/2023\\\/10\\\/08\\\/el-narcocorrido-colombiano-una-estetica-y-expresion-artistico-musical-cuestionable\\\/\"},\"wordCount\":547,\"commentCount\":0,\"publisher\":{\"@id\":\"https:\\\/\\\/www.uartes.edu.ec\\\/sitio\\\/#organization\"},\"image\":{\"@id\":\"https:\\\/\\\/www.uartes.edu.ec\\\/sitio\\\/blog\\\/2023\\\/10\\\/08\\\/el-narcocorrido-colombiano-una-estetica-y-expresion-artistico-musical-cuestionable\\\/#primaryimage\"},\"thumbnailUrl\":\"https:\\\/\\\/www.uartes.edu.ec\\\/sitio\\\/wp-content\\\/uploads\\\/2024\\\/01\\\/04-El-narcocorrido-colombiano-una-estetica-y-expresion-artistico-musical.jpg\",\"keywords\":[\"ilia\"],\"articleSection\":[\"Acad\u00e9mico\",\"Alumni\",\"Artes\",\"Docentes\",\"Estudiantes\",\"Gesti\u00f3n\",\"Investigaci\u00f3n\",\"Sedes\"],\"inLanguage\":\"es\",\"potentialAction\":[{\"@type\":\"CommentAction\",\"name\":\"Comment\",\"target\":[\"https:\\\/\\\/www.uartes.edu.ec\\\/sitio\\\/blog\\\/2023\\\/10\\\/08\\\/el-narcocorrido-colombiano-una-estetica-y-expresion-artistico-musical-cuestionable\\\/#respond\"]}]},{\"@type\":[\"WebPage\",\"ItemPage\"],\"@id\":\"https:\\\/\\\/www.uartes.edu.ec\\\/sitio\\\/blog\\\/2023\\\/10\\\/08\\\/el-narcocorrido-colombiano-una-estetica-y-expresion-artistico-musical-cuestionable\\\/\",\"url\":\"https:\\\/\\\/www.uartes.edu.ec\\\/sitio\\\/blog\\\/2023\\\/10\\\/08\\\/el-narcocorrido-colombiano-una-estetica-y-expresion-artistico-musical-cuestionable\\\/\",\"name\":\"Universidad de las Artes - En ILIA se analiz\u00f3: \u201cEl narcocorrido colombiano, una est\u00e9tica y expresi\u00f3n art\u00edstico-musical \u00bfcuestionable?\u201d\",\"isPartOf\":{\"@id\":\"https:\\\/\\\/www.uartes.edu.ec\\\/sitio\\\/#website\"},\"primaryImageOfPage\":{\"@id\":\"https:\\\/\\\/www.uartes.edu.ec\\\/sitio\\\/blog\\\/2023\\\/10\\\/08\\\/el-narcocorrido-colombiano-una-estetica-y-expresion-artistico-musical-cuestionable\\\/#primaryimage\"},\"image\":{\"@id\":\"https:\\\/\\\/www.uartes.edu.ec\\\/sitio\\\/blog\\\/2023\\\/10\\\/08\\\/el-narcocorrido-colombiano-una-estetica-y-expresion-artistico-musical-cuestionable\\\/#primaryimage\"},\"thumbnailUrl\":\"https:\\\/\\\/www.uartes.edu.ec\\\/sitio\\\/wp-content\\\/uploads\\\/2024\\\/01\\\/04-El-narcocorrido-colombiano-una-estetica-y-expresion-artistico-musical.jpg\",\"datePublished\":\"2023-10-08T20:11:00+00:00\",\"dateModified\":\"2024-07-04T16:20:37+00:00\",\"description\":\"Universidad de las Artes - En ILIA se analiz\u00f3: \u201cEl narcocorrido colombiano, una est\u00e9tica y expresi\u00f3n art\u00edstico-musical \u00bfcuestionable?\u201d\",\"breadcrumb\":{\"@id\":\"https:\\\/\\\/www.uartes.edu.ec\\\/sitio\\\/blog\\\/2023\\\/10\\\/08\\\/el-narcocorrido-colombiano-una-estetica-y-expresion-artistico-musical-cuestionable\\\/#breadcrumb\"},\"inLanguage\":\"es\",\"potentialAction\":[{\"@type\":\"ReadAction\",\"target\":[\"https:\\\/\\\/www.uartes.edu.ec\\\/sitio\\\/blog\\\/2023\\\/10\\\/08\\\/el-narcocorrido-colombiano-una-estetica-y-expresion-artistico-musical-cuestionable\\\/\"]}]},{\"@type\":\"ImageObject\",\"inLanguage\":\"es\",\"@id\":\"https:\\\/\\\/www.uartes.edu.ec\\\/sitio\\\/blog\\\/2023\\\/10\\\/08\\\/el-narcocorrido-colombiano-una-estetica-y-expresion-artistico-musical-cuestionable\\\/#primaryimage\",\"url\":\"https:\\\/\\\/www.uartes.edu.ec\\\/sitio\\\/wp-content\\\/uploads\\\/2024\\\/01\\\/04-El-narcocorrido-colombiano-una-estetica-y-expresion-artistico-musical.jpg\",\"contentUrl\":\"https:\\\/\\\/www.uartes.edu.ec\\\/sitio\\\/wp-content\\\/uploads\\\/2024\\\/01\\\/04-El-narcocorrido-colombiano-una-estetica-y-expresion-artistico-musical.jpg\",\"width\":2000,\"height\":1333},{\"@type\":\"BreadcrumbList\",\"@id\":\"https:\\\/\\\/www.uartes.edu.ec\\\/sitio\\\/blog\\\/2023\\\/10\\\/08\\\/el-narcocorrido-colombiano-una-estetica-y-expresion-artistico-musical-cuestionable\\\/#breadcrumb\",\"itemListElement\":[{\"@type\":\"ListItem\",\"position\":1,\"name\":\"Inicio\",\"item\":\"https:\\\/\\\/www.uartes.edu.ec\\\/sitio\\\/\"},{\"@type\":\"ListItem\",\"position\":2,\"name\":\"En ILIA se analiz\u00f3: \u201cEl narcocorrido colombiano, una est\u00e9tica y expresi\u00f3n art\u00edstico-musical \u00bfcuestionable?\u201d\"}]},{\"@type\":\"WebSite\",\"@id\":\"https:\\\/\\\/www.uartes.edu.ec\\\/sitio\\\/#website\",\"url\":\"https:\\\/\\\/www.uartes.edu.ec\\\/sitio\\\/\",\"name\":\"Universidad de las Artes\",\"description\":\"Sitio oficial de la Universidad Nacional de las Artes del Ecuador\",\"publisher\":{\"@id\":\"https:\\\/\\\/www.uartes.edu.ec\\\/sitio\\\/#organization\"},\"potentialAction\":[{\"@type\":\"SearchAction\",\"target\":{\"@type\":\"EntryPoint\",\"urlTemplate\":\"https:\\\/\\\/www.uartes.edu.ec\\\/sitio\\\/?s={search_term_string}\"},\"query-input\":{\"@type\":\"PropertyValueSpecification\",\"valueRequired\":true,\"valueName\":\"search_term_string\"}}],\"inLanguage\":\"es\"},{\"@type\":\"Organization\",\"@id\":\"https:\\\/\\\/www.uartes.edu.ec\\\/sitio\\\/#organization\",\"name\":\"Universidad de las Artes\",\"url\":\"https:\\\/\\\/www.uartes.edu.ec\\\/sitio\\\/\",\"logo\":{\"@type\":\"ImageObject\",\"inLanguage\":\"es\",\"@id\":\"https:\\\/\\\/www.uartes.edu.ec\\\/sitio\\\/#\\\/schema\\\/logo\\\/image\\\/\",\"url\":\"https:\\\/\\\/www.uartes.edu.ec\\\/sitio\\\/wp-content\\\/uploads\\\/2022\\\/07\\\/logo-ua-horizontal.png\",\"contentUrl\":\"https:\\\/\\\/www.uartes.edu.ec\\\/sitio\\\/wp-content\\\/uploads\\\/2022\\\/07\\\/logo-ua-horizontal.png\",\"width\":800,\"height\":276,\"caption\":\"Universidad de las Artes\"},\"image\":{\"@id\":\"https:\\\/\\\/www.uartes.edu.ec\\\/sitio\\\/#\\\/schema\\\/logo\\\/image\\\/\"},\"sameAs\":[\"https:\\\/\\\/www.facebook.com\\\/uartesec\",\"https:\\\/\\\/x.com\\\/uartesec\",\"https:\\\/\\\/www.tiktok.com\\\/@uartesec\"]},{\"@type\":\"Person\",\"@id\":\"https:\\\/\\\/www.uartes.edu.ec\\\/sitio\\\/#\\\/schema\\\/person\\\/efa1b8275797664fd7f13a79ccc0b1f4\",\"name\":\"ccortez\",\"image\":{\"@type\":\"ImageObject\",\"inLanguage\":\"es\",\"@id\":\"https:\\\/\\\/secure.gravatar.com\\\/avatar\\\/b2a6f664a3ae8e074346ef91775736c5ec479e637ecced6842de9dc98b5da9cd?s=96&d=mm&r=g\",\"url\":\"https:\\\/\\\/secure.gravatar.com\\\/avatar\\\/b2a6f664a3ae8e074346ef91775736c5ec479e637ecced6842de9dc98b5da9cd?s=96&d=mm&r=g\",\"contentUrl\":\"https:\\\/\\\/secure.gravatar.com\\\/avatar\\\/b2a6f664a3ae8e074346ef91775736c5ec479e637ecced6842de9dc98b5da9cd?s=96&d=mm&r=g\",\"caption\":\"ccortez\"},\"url\":\"https:\\\/\\\/www.uartes.edu.ec\\\/sitio\\\/blog\\\/author\\\/ccortez\\\/\"}]}<\/script>\n<!-- \/ Yoast SEO plugin. -->","yoast_head_json":{"title":"Universidad de las Artes - En ILIA se analiz\u00f3: \u201cEl narcocorrido colombiano, una est\u00e9tica y expresi\u00f3n art\u00edstico-musical \u00bfcuestionable?\u201d","description":"Universidad de las Artes - En ILIA se analiz\u00f3: \u201cEl narcocorrido colombiano, una est\u00e9tica y expresi\u00f3n art\u00edstico-musical \u00bfcuestionable?\u201d","robots":{"index":"index","follow":"follow","max-snippet":"max-snippet:-1","max-image-preview":"max-image-preview:large","max-video-preview":"max-video-preview:-1"},"canonical":"https:\/\/www.uartes.edu.ec\/sitio\/blog\/2023\/10\/08\/el-narcocorrido-colombiano-una-estetica-y-expresion-artistico-musical-cuestionable\/","og_locale":"es_ES","og_type":"article","og_title":"Universidad de las Artes - En ILIA se analiz\u00f3: \u201cEl narcocorrido colombiano, una est\u00e9tica y expresi\u00f3n art\u00edstico-musical \u00bfcuestionable?\u201d","og_description":"Universidad de las Artes - En ILIA se analiz\u00f3: \u201cEl narcocorrido colombiano, una est\u00e9tica y expresi\u00f3n art\u00edstico-musical \u00bfcuestionable?\u201d","og_url":"https:\/\/www.uartes.edu.ec\/sitio\/blog\/2023\/10\/08\/el-narcocorrido-colombiano-una-estetica-y-expresion-artistico-musical-cuestionable\/","og_site_name":"Universidad de las Artes","article_publisher":"https:\/\/www.facebook.com\/uartesec","article_published_time":"2023-10-08T20:11:00+00:00","article_modified_time":"2024-07-04T16:20:37+00:00","og_image":[{"width":2000,"height":1333,"url":"https:\/\/www.uartes.edu.ec\/sitio\/wp-content\/uploads\/2024\/01\/04-El-narcocorrido-colombiano-una-estetica-y-expresion-artistico-musical.jpg","type":"image\/jpeg"}],"author":"ccortez","twitter_card":"summary_large_image","twitter_creator":"@uartesec","twitter_site":"@uartesec","twitter_misc":{"Escrito por":"ccortez","Tiempo de lectura":"3 minutos"},"schema":{"@context":"https:\/\/schema.org","@graph":[{"@type":"Article","@id":"https:\/\/www.uartes.edu.ec\/sitio\/blog\/2023\/10\/08\/el-narcocorrido-colombiano-una-estetica-y-expresion-artistico-musical-cuestionable\/#article","isPartOf":{"@id":"https:\/\/www.uartes.edu.ec\/sitio\/blog\/2023\/10\/08\/el-narcocorrido-colombiano-una-estetica-y-expresion-artistico-musical-cuestionable\/"},"author":{"name":"ccortez","@id":"https:\/\/www.uartes.edu.ec\/sitio\/#\/schema\/person\/efa1b8275797664fd7f13a79ccc0b1f4"},"headline":"En ILIA se analiz\u00f3: \u201cEl narcocorrido colombiano, una est\u00e9tica y expresi\u00f3n art\u00edstico-musical \u00bfcuestionable?\u201d","datePublished":"2023-10-08T20:11:00+00:00","dateModified":"2024-07-04T16:20:37+00:00","mainEntityOfPage":{"@id":"https:\/\/www.uartes.edu.ec\/sitio\/blog\/2023\/10\/08\/el-narcocorrido-colombiano-una-estetica-y-expresion-artistico-musical-cuestionable\/"},"wordCount":547,"commentCount":0,"publisher":{"@id":"https:\/\/www.uartes.edu.ec\/sitio\/#organization"},"image":{"@id":"https:\/\/www.uartes.edu.ec\/sitio\/blog\/2023\/10\/08\/el-narcocorrido-colombiano-una-estetica-y-expresion-artistico-musical-cuestionable\/#primaryimage"},"thumbnailUrl":"https:\/\/www.uartes.edu.ec\/sitio\/wp-content\/uploads\/2024\/01\/04-El-narcocorrido-colombiano-una-estetica-y-expresion-artistico-musical.jpg","keywords":["ilia"],"articleSection":["Acad\u00e9mico","Alumni","Artes","Docentes","Estudiantes","Gesti\u00f3n","Investigaci\u00f3n","Sedes"],"inLanguage":"es","potentialAction":[{"@type":"CommentAction","name":"Comment","target":["https:\/\/www.uartes.edu.ec\/sitio\/blog\/2023\/10\/08\/el-narcocorrido-colombiano-una-estetica-y-expresion-artistico-musical-cuestionable\/#respond"]}]},{"@type":["WebPage","ItemPage"],"@id":"https:\/\/www.uartes.edu.ec\/sitio\/blog\/2023\/10\/08\/el-narcocorrido-colombiano-una-estetica-y-expresion-artistico-musical-cuestionable\/","url":"https:\/\/www.uartes.edu.ec\/sitio\/blog\/2023\/10\/08\/el-narcocorrido-colombiano-una-estetica-y-expresion-artistico-musical-cuestionable\/","name":"Universidad de las Artes - En ILIA se analiz\u00f3: \u201cEl narcocorrido colombiano, una est\u00e9tica y expresi\u00f3n art\u00edstico-musical \u00bfcuestionable?\u201d","isPartOf":{"@id":"https:\/\/www.uartes.edu.ec\/sitio\/#website"},"primaryImageOfPage":{"@id":"https:\/\/www.uartes.edu.ec\/sitio\/blog\/2023\/10\/08\/el-narcocorrido-colombiano-una-estetica-y-expresion-artistico-musical-cuestionable\/#primaryimage"},"image":{"@id":"https:\/\/www.uartes.edu.ec\/sitio\/blog\/2023\/10\/08\/el-narcocorrido-colombiano-una-estetica-y-expresion-artistico-musical-cuestionable\/#primaryimage"},"thumbnailUrl":"https:\/\/www.uartes.edu.ec\/sitio\/wp-content\/uploads\/2024\/01\/04-El-narcocorrido-colombiano-una-estetica-y-expresion-artistico-musical.jpg","datePublished":"2023-10-08T20:11:00+00:00","dateModified":"2024-07-04T16:20:37+00:00","description":"Universidad de las Artes - En ILIA se analiz\u00f3: \u201cEl narcocorrido colombiano, una est\u00e9tica y expresi\u00f3n art\u00edstico-musical \u00bfcuestionable?\u201d","breadcrumb":{"@id":"https:\/\/www.uartes.edu.ec\/sitio\/blog\/2023\/10\/08\/el-narcocorrido-colombiano-una-estetica-y-expresion-artistico-musical-cuestionable\/#breadcrumb"},"inLanguage":"es","potentialAction":[{"@type":"ReadAction","target":["https:\/\/www.uartes.edu.ec\/sitio\/blog\/2023\/10\/08\/el-narcocorrido-colombiano-una-estetica-y-expresion-artistico-musical-cuestionable\/"]}]},{"@type":"ImageObject","inLanguage":"es","@id":"https:\/\/www.uartes.edu.ec\/sitio\/blog\/2023\/10\/08\/el-narcocorrido-colombiano-una-estetica-y-expresion-artistico-musical-cuestionable\/#primaryimage","url":"https:\/\/www.uartes.edu.ec\/sitio\/wp-content\/uploads\/2024\/01\/04-El-narcocorrido-colombiano-una-estetica-y-expresion-artistico-musical.jpg","contentUrl":"https:\/\/www.uartes.edu.ec\/sitio\/wp-content\/uploads\/2024\/01\/04-El-narcocorrido-colombiano-una-estetica-y-expresion-artistico-musical.jpg","width":2000,"height":1333},{"@type":"BreadcrumbList","@id":"https:\/\/www.uartes.edu.ec\/sitio\/blog\/2023\/10\/08\/el-narcocorrido-colombiano-una-estetica-y-expresion-artistico-musical-cuestionable\/#breadcrumb","itemListElement":[{"@type":"ListItem","position":1,"name":"Inicio","item":"https:\/\/www.uartes.edu.ec\/sitio\/"},{"@type":"ListItem","position":2,"name":"En ILIA se analiz\u00f3: \u201cEl narcocorrido colombiano, una est\u00e9tica y expresi\u00f3n art\u00edstico-musical \u00bfcuestionable?\u201d"}]},{"@type":"WebSite","@id":"https:\/\/www.uartes.edu.ec\/sitio\/#website","url":"https:\/\/www.uartes.edu.ec\/sitio\/","name":"Universidad de las Artes","description":"Sitio oficial de la Universidad Nacional de las Artes del Ecuador","publisher":{"@id":"https:\/\/www.uartes.edu.ec\/sitio\/#organization"},"potentialAction":[{"@type":"SearchAction","target":{"@type":"EntryPoint","urlTemplate":"https:\/\/www.uartes.edu.ec\/sitio\/?s={search_term_string}"},"query-input":{"@type":"PropertyValueSpecification","valueRequired":true,"valueName":"search_term_string"}}],"inLanguage":"es"},{"@type":"Organization","@id":"https:\/\/www.uartes.edu.ec\/sitio\/#organization","name":"Universidad de las Artes","url":"https:\/\/www.uartes.edu.ec\/sitio\/","logo":{"@type":"ImageObject","inLanguage":"es","@id":"https:\/\/www.uartes.edu.ec\/sitio\/#\/schema\/logo\/image\/","url":"https:\/\/www.uartes.edu.ec\/sitio\/wp-content\/uploads\/2022\/07\/logo-ua-horizontal.png","contentUrl":"https:\/\/www.uartes.edu.ec\/sitio\/wp-content\/uploads\/2022\/07\/logo-ua-horizontal.png","width":800,"height":276,"caption":"Universidad de las Artes"},"image":{"@id":"https:\/\/www.uartes.edu.ec\/sitio\/#\/schema\/logo\/image\/"},"sameAs":["https:\/\/www.facebook.com\/uartesec","https:\/\/x.com\/uartesec","https:\/\/www.tiktok.com\/@uartesec"]},{"@type":"Person","@id":"https:\/\/www.uartes.edu.ec\/sitio\/#\/schema\/person\/efa1b8275797664fd7f13a79ccc0b1f4","name":"ccortez","image":{"@type":"ImageObject","inLanguage":"es","@id":"https:\/\/secure.gravatar.com\/avatar\/b2a6f664a3ae8e074346ef91775736c5ec479e637ecced6842de9dc98b5da9cd?s=96&d=mm&r=g","url":"https:\/\/secure.gravatar.com\/avatar\/b2a6f664a3ae8e074346ef91775736c5ec479e637ecced6842de9dc98b5da9cd?s=96&d=mm&r=g","contentUrl":"https:\/\/secure.gravatar.com\/avatar\/b2a6f664a3ae8e074346ef91775736c5ec479e637ecced6842de9dc98b5da9cd?s=96&d=mm&r=g","caption":"ccortez"},"url":"https:\/\/www.uartes.edu.ec\/sitio\/blog\/author\/ccortez\/"}]}},"uagb_featured_image_src":{"full":["https:\/\/www.uartes.edu.ec\/sitio\/wp-content\/uploads\/2024\/01\/04-El-narcocorrido-colombiano-una-estetica-y-expresion-artistico-musical.jpg",2000,1333,false],"thumbnail":["https:\/\/www.uartes.edu.ec\/sitio\/wp-content\/uploads\/2024\/01\/04-El-narcocorrido-colombiano-una-estetica-y-expresion-artistico-musical-150x150.jpg",150,150,true],"medium":["https:\/\/www.uartes.edu.ec\/sitio\/wp-content\/uploads\/2024\/01\/04-El-narcocorrido-colombiano-una-estetica-y-expresion-artistico-musical-300x200.jpg",300,200,true],"medium_large":["https:\/\/www.uartes.edu.ec\/sitio\/wp-content\/uploads\/2024\/01\/04-El-narcocorrido-colombiano-una-estetica-y-expresion-artistico-musical-768x512.jpg",768,512,true],"large":["https:\/\/www.uartes.edu.ec\/sitio\/wp-content\/uploads\/2024\/01\/04-El-narcocorrido-colombiano-una-estetica-y-expresion-artistico-musical-644x429.jpg",644,429,true],"1536x1536":["https:\/\/www.uartes.edu.ec\/sitio\/wp-content\/uploads\/2024\/01\/04-El-narcocorrido-colombiano-una-estetica-y-expresion-artistico-musical-1536x1024.jpg",1536,1024,true],"2048x2048":["https:\/\/www.uartes.edu.ec\/sitio\/wp-content\/uploads\/2024\/01\/04-El-narcocorrido-colombiano-una-estetica-y-expresion-artistico-musical.jpg",2000,1333,false],"trp-custom-language-flag":["https:\/\/www.uartes.edu.ec\/sitio\/wp-content\/uploads\/2024\/01\/04-El-narcocorrido-colombiano-una-estetica-y-expresion-artistico-musical.jpg",18,12,false],"htmega_size_585x295":["https:\/\/www.uartes.edu.ec\/sitio\/wp-content\/uploads\/2024\/01\/04-El-narcocorrido-colombiano-una-estetica-y-expresion-artistico-musical-585x295.jpg",585,295,true],"htmega_size_1170x536":["https:\/\/www.uartes.edu.ec\/sitio\/wp-content\/uploads\/2024\/01\/04-El-narcocorrido-colombiano-una-estetica-y-expresion-artistico-musical-1170x536.jpg",1170,536,true],"htmega_size_396x360":["https:\/\/www.uartes.edu.ec\/sitio\/wp-content\/uploads\/2024\/01\/04-El-narcocorrido-colombiano-una-estetica-y-expresion-artistico-musical-396x360.jpg",396,360,true],"gb-block-post-grid-landscape":["https:\/\/www.uartes.edu.ec\/sitio\/wp-content\/uploads\/2024\/01\/04-El-narcocorrido-colombiano-una-estetica-y-expresion-artistico-musical-600x400.jpg",600,400,true],"gb-block-post-grid-square":["https:\/\/www.uartes.edu.ec\/sitio\/wp-content\/uploads\/2024\/01\/04-El-narcocorrido-colombiano-una-estetica-y-expresion-artistico-musical-600x600.jpg",600,600,true],"university-hub-thumb":["https:\/\/www.uartes.edu.ec\/sitio\/wp-content\/uploads\/2024\/01\/04-El-narcocorrido-colombiano-una-estetica-y-expresion-artistico-musical-400x267.jpg",400,267,true]},"uagb_author_info":{"display_name":"ccortez","author_link":"https:\/\/www.uartes.edu.ec\/sitio\/blog\/author\/ccortez\/"},"uagb_comment_info":0,"uagb_excerpt":"Con las intervenciones de David de los Reyes, docente de la Universidad de las Artes, y Omar Rinc\u00f3n, de la Universidad de los Andes, en la VII edici\u00f3n del ILIA se desarroll\u00f3 la mesa de di\u00e1logo \u201cEl narcocorrido colombiano, una est\u00e9tica y expresi\u00f3n art\u00edstico-musical \u00bfcuestionable?\u201d. Desde la Plaza P\u00fablica del MZ14, los ponentes analizaron el&hellip;","featured_image_src":"https:\/\/www.uartes.edu.ec\/sitio\/wp-content\/uploads\/2024\/01\/04-El-narcocorrido-colombiano-una-estetica-y-expresion-artistico-musical-600x400.jpg","featured_image_src_square":"https:\/\/www.uartes.edu.ec\/sitio\/wp-content\/uploads\/2024\/01\/04-El-narcocorrido-colombiano-una-estetica-y-expresion-artistico-musical-600x600.jpg","author_info":{"display_name":"ccortez","author_link":"https:\/\/www.uartes.edu.ec\/sitio\/blog\/author\/ccortez\/"},"publishpress_future_workflow_manual_trigger":{"enabledWorkflows":[]},"distributor_meta":false,"distributor_terms":false,"distributor_media":false,"distributor_original_site_name":"Universidad de las Artes","distributor_original_site_url":"https:\/\/www.uartes.edu.ec\/sitio","push-errors":false,"_links":{"self":[{"href":"https:\/\/www.uartes.edu.ec\/sitio\/wp-json\/wp\/v2\/posts\/49558","targetHints":{"allow":["GET"]}}],"collection":[{"href":"https:\/\/www.uartes.edu.ec\/sitio\/wp-json\/wp\/v2\/posts"}],"about":[{"href":"https:\/\/www.uartes.edu.ec\/sitio\/wp-json\/wp\/v2\/types\/post"}],"author":[{"embeddable":true,"href":"https:\/\/www.uartes.edu.ec\/sitio\/wp-json\/wp\/v2\/users\/10"}],"replies":[{"embeddable":true,"href":"https:\/\/www.uartes.edu.ec\/sitio\/wp-json\/wp\/v2\/comments?post=49558"}],"version-history":[{"count":4,"href":"https:\/\/www.uartes.edu.ec\/sitio\/wp-json\/wp\/v2\/posts\/49558\/revisions"}],"predecessor-version":[{"id":49566,"href":"https:\/\/www.uartes.edu.ec\/sitio\/wp-json\/wp\/v2\/posts\/49558\/revisions\/49566"}],"wp:featuredmedia":[{"embeddable":true,"href":"https:\/\/www.uartes.edu.ec\/sitio\/wp-json\/wp\/v2\/media\/49559"}],"wp:attachment":[{"href":"https:\/\/www.uartes.edu.ec\/sitio\/wp-json\/wp\/v2\/media?parent=49558"}],"wp:term":[{"taxonomy":"category","embeddable":true,"href":"https:\/\/www.uartes.edu.ec\/sitio\/wp-json\/wp\/v2\/categories?post=49558"},{"taxonomy":"post_tag","embeddable":true,"href":"https:\/\/www.uartes.edu.ec\/sitio\/wp-json\/wp\/v2\/tags?post=49558"},{"taxonomy":"infouartes","embeddable":true,"href":"https:\/\/www.uartes.edu.ec\/sitio\/wp-json\/wp\/v2\/infouartes?post=49558"}],"curies":[{"name":"wp","href":"https:\/\/api.w.org\/{rel}","templated":true}]}}