{"id":49569,"date":"2023-10-06T19:31:00","date_gmt":"2023-10-07T00:31:00","guid":{"rendered":"https:\/\/www.uartes.edu.ec\/sitio\/?p=49569"},"modified":"2024-07-04T11:20:37","modified_gmt":"2024-07-04T16:20:37","slug":"cultura-e-investigacion-universitaria-para-guayaquil-y-sus-comunidades","status":"publish","type":"post","link":"https:\/\/www.uartes.edu.ec\/sitio\/blog\/2023\/10\/06\/cultura-e-investigacion-universitaria-para-guayaquil-y-sus-comunidades\/","title":{"rendered":"\u201cCultura e investigaci\u00f3n universitaria para Guayaquil y sus comunidades\u201d"},"content":{"rendered":"\n<p>Con la moderaci\u00f3n de la doctora Janina Su\u00e1rez, jefa de Pr\u00e1cticas Preprofesionales de la UArtes, en la VII edici\u00f3n del encuentro del ILIA se desarroll\u00f3 ayer, jueves 5 de octubre, el di\u00e1logo \u201cCultura e investigaci\u00f3n universitaria para Guayaquil y sus comunidades\u201d. Participaron Manuel Mac\u00edas, de la Universidad de Guayaquil; Cristian Cort\u00e9s, de la Universidad Cat\u00f3lica de Santiago de Guayaquil; y Adriana Loor y Jorge Albuja, de la Universidad Casa Grande, quienes direccionaron sus intervenciones hacia sus l\u00edneas de trabajo y los desaf\u00edos que enfrentan en su labor docente, investigativa y de vinculaci\u00f3n con la sociedad.<\/p>\n\n\n\n<p>En t\u00e9rminos generales se mencionaron proyectos abordados desde la participaci\u00f3n ciudadana, la promoci\u00f3n de la transparencia, la rendici\u00f3n de cuentas, la planificaci\u00f3n participativa y la formaci\u00f3n pol\u00edtica c\u00edvica, as\u00ed como la integraci\u00f3n de \u00e1reas de investigaci\u00f3n en las instituciones de educaci\u00f3n superior.<\/p>\n\n\n\n<p>Tras subrayar la diversidad de enfoques y los distintos tipos de investigaci\u00f3n existente, como la cient\u00edfica, cr\u00edtica, aplicada, implicada e investigaci\u00f3n-creaci\u00f3n, cada una con objetivos y m\u00e9todos espec\u00edficos, se analizaron resultados.<\/p>\n\n\n\n<p>La investigaci\u00f3n, se dijo, puede tener un impacto en la transformaci\u00f3n, ya sea a trav\u00e9s de la generaci\u00f3n de nuevos conceptos y enfoques, la aplicaci\u00f3n pr\u00e1ctica de resultados concretos, la participaci\u00f3n de actores involucrados en el proceso o la creaci\u00f3n art\u00edstica que sensibiliza y visibiliza problemas sociales.<\/p>\n\n\n\n<p>Tambi\u00e9n se mencion\u00f3 la importancia de integrar campos de investigaci\u00f3n y creaci\u00f3n, como las ciencias sociales y las artes, para abordar cuestiones sociales de manera m\u00e1s hol\u00edstica. La necesidad de proyectos interdisciplinarios que aborden cuestiones culturales y sociales de manera integral.<\/p>\n\n\n\n<p>Se plante\u00f3 que, en la educaci\u00f3n superior, no siempre se integran adecuadamente los campos de vinculaci\u00f3n cultural y de investigaci\u00f3n, por lo tanto, hay que propiciar una mayor colaboraci\u00f3n y coordinaci\u00f3n entre estas \u00e1reas,<\/p>\n\n\n\n<p>Los exponentes coincidieron en las dificultades que se enfrentan para obtener financiamiento y recursos para los proyectos culturales, especialmente en contextos donde la cultura se considera de menor prioridad.<\/p>\n\n\n\n<p>Es importante, se dijo, reconocer el papel del Estado en el tejido social y c\u00f3mo este provee infraestructuras y servicios fundamentales. En la pospandemia, se ha venido experimentando una precarizaci\u00f3n que hace que sea necesario replantear la relaci\u00f3n entre la universidad y el Estado en la soluci\u00f3n de problemas sociales.<\/p>\n\n\n\n<p>Los representantes de las universidades que se dieron cita en el ILIA hicieron referencia a la multiplicidad de din\u00e1micas en el tejido social, que abarca desde la comunidad local y los gobiernos locales hasta los organismos sociales y el tercer sector. Es necesario propiciar una articulaci\u00f3n de esfuerzos entre todas estas dimensiones y ser conscientes de las din\u00e1micas de poder en las relaciones dentro del tejido social y la importancia de colaborar de manera cr\u00edtica y reflexiva.<\/p>\n\n\n\n<p>En sus respectivas exposiciones dieron a conocer los proyectos que llevan en marcha y que se proponen cristalizar. Al t\u00e9rmino, en la mesa de di\u00e1logo se enfatiz\u00f3 acerca de la importancia de que las universidades cumplan un rol activo en la sociedad al abordar desaf\u00edos sociales, comunicar los hallazgos de la investigaci\u00f3n y establecer un v\u00ednculo m\u00e1s fuerte con la comunidad en general, a fin de lograr una mayor integraci\u00f3n y difusi\u00f3n de la labor universitaria en beneficio de la sociedad.<\/p>\n\n\n\n<p>Texto: Eleinn Ewmanothva Rivera Sol\u00eds, estudiante de la Escuela de Literatura.<\/p>\n","protected":false},"excerpt":{"rendered":"<p>Con la moderaci\u00f3n de Janina Su\u00e1rez, jefa de Pr\u00e1cticas Preprofesionales de la UArtes, en la VII edici\u00f3n del encuentro del ILIA se desarroll\u00f3 ayer la mesa de di\u00e1logo \u201cCultura e investigaci\u00f3n universitaria para Guayaquil y sus comunidades\u201d. Participaron representantes de las universidades de Guayaquil, Cat\u00f3lica y Casa Grande, quienes hablaron de los desaf\u00edos que enfrentan en su labor docente, investigativa y de vinculaci\u00f3n con la sociedad.<\/p>\n","protected":false},"author":10,"featured_media":49570,"comment_status":"open","ping_status":"open","sticky":false,"template":"","format":"standard","meta":{"_acf_changed":false,"_uag_custom_page_level_css":"","_monsterinsights_skip_tracking":false,"_monsterinsights_sitenote_active":false,"_monsterinsights_sitenote_note":"","_monsterinsights_sitenote_category":0,"cybocfi_hide_featured_image":"","footnotes":""},"categories":[80,490,82,75,76,77,284,83,79],"tags":[37],"infouartes":[],"class_list":["post-49569","post","type-post","status-publish","format-standard","has-post-thumbnail","hentry","category-academico","category-alumni","category-artes","category-docentes","category-estudiantes","category-gestion","category-investigacion","category-sedes","category-vinculo","tag-ilia"],"acf":[],"yoast_head":"<!-- This site is optimized with the Yoast SEO plugin v27.4 - https:\/\/yoast.com\/product\/yoast-seo-wordpress\/ -->\n<title>Universidad de las Artes - \u201cCultura e investigaci\u00f3n universitaria para Guayaquil y sus comunidades\u201d<\/title>\n<meta name=\"description\" content=\"Universidad de las Artes - \u201cCultura e investigaci\u00f3n universitaria para Guayaquil y sus comunidades\u201d\" \/>\n<meta name=\"robots\" content=\"index, follow, max-snippet:-1, max-image-preview:large, max-video-preview:-1\" \/>\n<link rel=\"canonical\" href=\"https:\/\/www.uartes.edu.ec\/sitio\/blog\/2023\/10\/06\/cultura-e-investigacion-universitaria-para-guayaquil-y-sus-comunidades\/\" \/>\n<meta property=\"og:locale\" content=\"es_ES\" \/>\n<meta property=\"og:type\" content=\"article\" \/>\n<meta property=\"og:title\" content=\"Universidad de las Artes - \u201cCultura e investigaci\u00f3n universitaria para Guayaquil y sus comunidades\u201d\" \/>\n<meta property=\"og:description\" content=\"Universidad de las Artes - \u201cCultura e investigaci\u00f3n universitaria para Guayaquil y sus comunidades\u201d\" \/>\n<meta property=\"og:url\" content=\"https:\/\/www.uartes.edu.ec\/sitio\/blog\/2023\/10\/06\/cultura-e-investigacion-universitaria-para-guayaquil-y-sus-comunidades\/\" \/>\n<meta property=\"og:site_name\" content=\"Universidad de las Artes\" \/>\n<meta property=\"article:publisher\" content=\"https:\/\/www.facebook.com\/uartesec\" \/>\n<meta property=\"article:published_time\" content=\"2023-10-07T00:31:00+00:00\" \/>\n<meta property=\"article:modified_time\" content=\"2024-07-04T16:20:37+00:00\" \/>\n<meta property=\"og:image\" content=\"https:\/\/www.uartes.edu.ec\/sitio\/wp-content\/uploads\/2024\/01\/03-Cultura-e-Investigacion-Universitaria-para-Guayaquil-y-sus-comunidades.jpg\" \/>\n\t<meta property=\"og:image:width\" content=\"2000\" \/>\n\t<meta property=\"og:image:height\" content=\"1333\" \/>\n\t<meta property=\"og:image:type\" content=\"image\/jpeg\" \/>\n<meta name=\"author\" content=\"ccortez\" \/>\n<meta name=\"twitter:card\" content=\"summary_large_image\" \/>\n<meta name=\"twitter:creator\" content=\"@uartesec\" \/>\n<meta name=\"twitter:site\" content=\"@uartesec\" \/>\n<meta name=\"twitter:label1\" content=\"Escrito por\" \/>\n\t<meta name=\"twitter:data1\" content=\"ccortez\" \/>\n\t<meta name=\"twitter:label2\" content=\"Tiempo de lectura\" \/>\n\t<meta name=\"twitter:data2\" content=\"3 minutos\" \/>\n<script type=\"application\/ld+json\" class=\"yoast-schema-graph\">{\"@context\":\"https:\\\/\\\/schema.org\",\"@graph\":[{\"@type\":\"Article\",\"@id\":\"https:\\\/\\\/www.uartes.edu.ec\\\/sitio\\\/blog\\\/2023\\\/10\\\/06\\\/cultura-e-investigacion-universitaria-para-guayaquil-y-sus-comunidades\\\/#article\",\"isPartOf\":{\"@id\":\"https:\\\/\\\/www.uartes.edu.ec\\\/sitio\\\/blog\\\/2023\\\/10\\\/06\\\/cultura-e-investigacion-universitaria-para-guayaquil-y-sus-comunidades\\\/\"},\"author\":{\"name\":\"ccortez\",\"@id\":\"https:\\\/\\\/www.uartes.edu.ec\\\/sitio\\\/#\\\/schema\\\/person\\\/efa1b8275797664fd7f13a79ccc0b1f4\"},\"headline\":\"\u201cCultura e investigaci\u00f3n universitaria para Guayaquil y sus comunidades\u201d\",\"datePublished\":\"2023-10-07T00:31:00+00:00\",\"dateModified\":\"2024-07-04T16:20:37+00:00\",\"mainEntityOfPage\":{\"@id\":\"https:\\\/\\\/www.uartes.edu.ec\\\/sitio\\\/blog\\\/2023\\\/10\\\/06\\\/cultura-e-investigacion-universitaria-para-guayaquil-y-sus-comunidades\\\/\"},\"wordCount\":613,\"commentCount\":0,\"publisher\":{\"@id\":\"https:\\\/\\\/www.uartes.edu.ec\\\/sitio\\\/#organization\"},\"image\":{\"@id\":\"https:\\\/\\\/www.uartes.edu.ec\\\/sitio\\\/blog\\\/2023\\\/10\\\/06\\\/cultura-e-investigacion-universitaria-para-guayaquil-y-sus-comunidades\\\/#primaryimage\"},\"thumbnailUrl\":\"https:\\\/\\\/www.uartes.edu.ec\\\/sitio\\\/wp-content\\\/uploads\\\/2024\\\/01\\\/03-Cultura-e-Investigacion-Universitaria-para-Guayaquil-y-sus-comunidades.jpg\",\"keywords\":[\"ilia\"],\"articleSection\":[\"Acad\u00e9mico\",\"Alumni\",\"Artes\",\"Docentes\",\"Estudiantes\",\"Gesti\u00f3n\",\"Investigaci\u00f3n\",\"Sedes\",\"V\u00ednculo\"],\"inLanguage\":\"es\",\"potentialAction\":[{\"@type\":\"CommentAction\",\"name\":\"Comment\",\"target\":[\"https:\\\/\\\/www.uartes.edu.ec\\\/sitio\\\/blog\\\/2023\\\/10\\\/06\\\/cultura-e-investigacion-universitaria-para-guayaquil-y-sus-comunidades\\\/#respond\"]}]},{\"@type\":[\"WebPage\",\"ItemPage\"],\"@id\":\"https:\\\/\\\/www.uartes.edu.ec\\\/sitio\\\/blog\\\/2023\\\/10\\\/06\\\/cultura-e-investigacion-universitaria-para-guayaquil-y-sus-comunidades\\\/\",\"url\":\"https:\\\/\\\/www.uartes.edu.ec\\\/sitio\\\/blog\\\/2023\\\/10\\\/06\\\/cultura-e-investigacion-universitaria-para-guayaquil-y-sus-comunidades\\\/\",\"name\":\"Universidad de las Artes - \u201cCultura e investigaci\u00f3n universitaria para Guayaquil y sus comunidades\u201d\",\"isPartOf\":{\"@id\":\"https:\\\/\\\/www.uartes.edu.ec\\\/sitio\\\/#website\"},\"primaryImageOfPage\":{\"@id\":\"https:\\\/\\\/www.uartes.edu.ec\\\/sitio\\\/blog\\\/2023\\\/10\\\/06\\\/cultura-e-investigacion-universitaria-para-guayaquil-y-sus-comunidades\\\/#primaryimage\"},\"image\":{\"@id\":\"https:\\\/\\\/www.uartes.edu.ec\\\/sitio\\\/blog\\\/2023\\\/10\\\/06\\\/cultura-e-investigacion-universitaria-para-guayaquil-y-sus-comunidades\\\/#primaryimage\"},\"thumbnailUrl\":\"https:\\\/\\\/www.uartes.edu.ec\\\/sitio\\\/wp-content\\\/uploads\\\/2024\\\/01\\\/03-Cultura-e-Investigacion-Universitaria-para-Guayaquil-y-sus-comunidades.jpg\",\"datePublished\":\"2023-10-07T00:31:00+00:00\",\"dateModified\":\"2024-07-04T16:20:37+00:00\",\"description\":\"Universidad de las Artes - \u201cCultura e investigaci\u00f3n universitaria para Guayaquil y sus comunidades\u201d\",\"breadcrumb\":{\"@id\":\"https:\\\/\\\/www.uartes.edu.ec\\\/sitio\\\/blog\\\/2023\\\/10\\\/06\\\/cultura-e-investigacion-universitaria-para-guayaquil-y-sus-comunidades\\\/#breadcrumb\"},\"inLanguage\":\"es\",\"potentialAction\":[{\"@type\":\"ReadAction\",\"target\":[\"https:\\\/\\\/www.uartes.edu.ec\\\/sitio\\\/blog\\\/2023\\\/10\\\/06\\\/cultura-e-investigacion-universitaria-para-guayaquil-y-sus-comunidades\\\/\"]}]},{\"@type\":\"ImageObject\",\"inLanguage\":\"es\",\"@id\":\"https:\\\/\\\/www.uartes.edu.ec\\\/sitio\\\/blog\\\/2023\\\/10\\\/06\\\/cultura-e-investigacion-universitaria-para-guayaquil-y-sus-comunidades\\\/#primaryimage\",\"url\":\"https:\\\/\\\/www.uartes.edu.ec\\\/sitio\\\/wp-content\\\/uploads\\\/2024\\\/01\\\/03-Cultura-e-Investigacion-Universitaria-para-Guayaquil-y-sus-comunidades.jpg\",\"contentUrl\":\"https:\\\/\\\/www.uartes.edu.ec\\\/sitio\\\/wp-content\\\/uploads\\\/2024\\\/01\\\/03-Cultura-e-Investigacion-Universitaria-para-Guayaquil-y-sus-comunidades.jpg\",\"width\":2000,\"height\":1333},{\"@type\":\"BreadcrumbList\",\"@id\":\"https:\\\/\\\/www.uartes.edu.ec\\\/sitio\\\/blog\\\/2023\\\/10\\\/06\\\/cultura-e-investigacion-universitaria-para-guayaquil-y-sus-comunidades\\\/#breadcrumb\",\"itemListElement\":[{\"@type\":\"ListItem\",\"position\":1,\"name\":\"Inicio\",\"item\":\"https:\\\/\\\/www.uartes.edu.ec\\\/sitio\\\/\"},{\"@type\":\"ListItem\",\"position\":2,\"name\":\"\u201cCultura e investigaci\u00f3n universitaria para Guayaquil y sus comunidades\u201d\"}]},{\"@type\":\"WebSite\",\"@id\":\"https:\\\/\\\/www.uartes.edu.ec\\\/sitio\\\/#website\",\"url\":\"https:\\\/\\\/www.uartes.edu.ec\\\/sitio\\\/\",\"name\":\"Universidad de las Artes\",\"description\":\"Sitio oficial de la Universidad Nacional de las Artes del Ecuador\",\"publisher\":{\"@id\":\"https:\\\/\\\/www.uartes.edu.ec\\\/sitio\\\/#organization\"},\"potentialAction\":[{\"@type\":\"SearchAction\",\"target\":{\"@type\":\"EntryPoint\",\"urlTemplate\":\"https:\\\/\\\/www.uartes.edu.ec\\\/sitio\\\/?s={search_term_string}\"},\"query-input\":{\"@type\":\"PropertyValueSpecification\",\"valueRequired\":true,\"valueName\":\"search_term_string\"}}],\"inLanguage\":\"es\"},{\"@type\":\"Organization\",\"@id\":\"https:\\\/\\\/www.uartes.edu.ec\\\/sitio\\\/#organization\",\"name\":\"Universidad de las Artes\",\"url\":\"https:\\\/\\\/www.uartes.edu.ec\\\/sitio\\\/\",\"logo\":{\"@type\":\"ImageObject\",\"inLanguage\":\"es\",\"@id\":\"https:\\\/\\\/www.uartes.edu.ec\\\/sitio\\\/#\\\/schema\\\/logo\\\/image\\\/\",\"url\":\"https:\\\/\\\/www.uartes.edu.ec\\\/sitio\\\/wp-content\\\/uploads\\\/2022\\\/07\\\/logo-ua-horizontal.png\",\"contentUrl\":\"https:\\\/\\\/www.uartes.edu.ec\\\/sitio\\\/wp-content\\\/uploads\\\/2022\\\/07\\\/logo-ua-horizontal.png\",\"width\":800,\"height\":276,\"caption\":\"Universidad de las Artes\"},\"image\":{\"@id\":\"https:\\\/\\\/www.uartes.edu.ec\\\/sitio\\\/#\\\/schema\\\/logo\\\/image\\\/\"},\"sameAs\":[\"https:\\\/\\\/www.facebook.com\\\/uartesec\",\"https:\\\/\\\/x.com\\\/uartesec\",\"https:\\\/\\\/www.tiktok.com\\\/@uartesec\"]},{\"@type\":\"Person\",\"@id\":\"https:\\\/\\\/www.uartes.edu.ec\\\/sitio\\\/#\\\/schema\\\/person\\\/efa1b8275797664fd7f13a79ccc0b1f4\",\"name\":\"ccortez\",\"image\":{\"@type\":\"ImageObject\",\"inLanguage\":\"es\",\"@id\":\"https:\\\/\\\/secure.gravatar.com\\\/avatar\\\/b2a6f664a3ae8e074346ef91775736c5ec479e637ecced6842de9dc98b5da9cd?s=96&d=mm&r=g\",\"url\":\"https:\\\/\\\/secure.gravatar.com\\\/avatar\\\/b2a6f664a3ae8e074346ef91775736c5ec479e637ecced6842de9dc98b5da9cd?s=96&d=mm&r=g\",\"contentUrl\":\"https:\\\/\\\/secure.gravatar.com\\\/avatar\\\/b2a6f664a3ae8e074346ef91775736c5ec479e637ecced6842de9dc98b5da9cd?s=96&d=mm&r=g\",\"caption\":\"ccortez\"},\"url\":\"https:\\\/\\\/www.uartes.edu.ec\\\/sitio\\\/blog\\\/author\\\/ccortez\\\/\"}]}<\/script>\n<!-- \/ Yoast SEO plugin. -->","yoast_head_json":{"title":"Universidad de las Artes - \u201cCultura e investigaci\u00f3n universitaria para Guayaquil y sus comunidades\u201d","description":"Universidad de las Artes - \u201cCultura e investigaci\u00f3n universitaria para Guayaquil y sus comunidades\u201d","robots":{"index":"index","follow":"follow","max-snippet":"max-snippet:-1","max-image-preview":"max-image-preview:large","max-video-preview":"max-video-preview:-1"},"canonical":"https:\/\/www.uartes.edu.ec\/sitio\/blog\/2023\/10\/06\/cultura-e-investigacion-universitaria-para-guayaquil-y-sus-comunidades\/","og_locale":"es_ES","og_type":"article","og_title":"Universidad de las Artes - \u201cCultura e investigaci\u00f3n universitaria para Guayaquil y sus comunidades\u201d","og_description":"Universidad de las Artes - \u201cCultura e investigaci\u00f3n universitaria para Guayaquil y sus comunidades\u201d","og_url":"https:\/\/www.uartes.edu.ec\/sitio\/blog\/2023\/10\/06\/cultura-e-investigacion-universitaria-para-guayaquil-y-sus-comunidades\/","og_site_name":"Universidad de las Artes","article_publisher":"https:\/\/www.facebook.com\/uartesec","article_published_time":"2023-10-07T00:31:00+00:00","article_modified_time":"2024-07-04T16:20:37+00:00","og_image":[{"width":2000,"height":1333,"url":"https:\/\/www.uartes.edu.ec\/sitio\/wp-content\/uploads\/2024\/01\/03-Cultura-e-Investigacion-Universitaria-para-Guayaquil-y-sus-comunidades.jpg","type":"image\/jpeg"}],"author":"ccortez","twitter_card":"summary_large_image","twitter_creator":"@uartesec","twitter_site":"@uartesec","twitter_misc":{"Escrito por":"ccortez","Tiempo de lectura":"3 minutos"},"schema":{"@context":"https:\/\/schema.org","@graph":[{"@type":"Article","@id":"https:\/\/www.uartes.edu.ec\/sitio\/blog\/2023\/10\/06\/cultura-e-investigacion-universitaria-para-guayaquil-y-sus-comunidades\/#article","isPartOf":{"@id":"https:\/\/www.uartes.edu.ec\/sitio\/blog\/2023\/10\/06\/cultura-e-investigacion-universitaria-para-guayaquil-y-sus-comunidades\/"},"author":{"name":"ccortez","@id":"https:\/\/www.uartes.edu.ec\/sitio\/#\/schema\/person\/efa1b8275797664fd7f13a79ccc0b1f4"},"headline":"\u201cCultura e investigaci\u00f3n universitaria para Guayaquil y sus comunidades\u201d","datePublished":"2023-10-07T00:31:00+00:00","dateModified":"2024-07-04T16:20:37+00:00","mainEntityOfPage":{"@id":"https:\/\/www.uartes.edu.ec\/sitio\/blog\/2023\/10\/06\/cultura-e-investigacion-universitaria-para-guayaquil-y-sus-comunidades\/"},"wordCount":613,"commentCount":0,"publisher":{"@id":"https:\/\/www.uartes.edu.ec\/sitio\/#organization"},"image":{"@id":"https:\/\/www.uartes.edu.ec\/sitio\/blog\/2023\/10\/06\/cultura-e-investigacion-universitaria-para-guayaquil-y-sus-comunidades\/#primaryimage"},"thumbnailUrl":"https:\/\/www.uartes.edu.ec\/sitio\/wp-content\/uploads\/2024\/01\/03-Cultura-e-Investigacion-Universitaria-para-Guayaquil-y-sus-comunidades.jpg","keywords":["ilia"],"articleSection":["Acad\u00e9mico","Alumni","Artes","Docentes","Estudiantes","Gesti\u00f3n","Investigaci\u00f3n","Sedes","V\u00ednculo"],"inLanguage":"es","potentialAction":[{"@type":"CommentAction","name":"Comment","target":["https:\/\/www.uartes.edu.ec\/sitio\/blog\/2023\/10\/06\/cultura-e-investigacion-universitaria-para-guayaquil-y-sus-comunidades\/#respond"]}]},{"@type":["WebPage","ItemPage"],"@id":"https:\/\/www.uartes.edu.ec\/sitio\/blog\/2023\/10\/06\/cultura-e-investigacion-universitaria-para-guayaquil-y-sus-comunidades\/","url":"https:\/\/www.uartes.edu.ec\/sitio\/blog\/2023\/10\/06\/cultura-e-investigacion-universitaria-para-guayaquil-y-sus-comunidades\/","name":"Universidad de las Artes - \u201cCultura e investigaci\u00f3n universitaria para Guayaquil y sus comunidades\u201d","isPartOf":{"@id":"https:\/\/www.uartes.edu.ec\/sitio\/#website"},"primaryImageOfPage":{"@id":"https:\/\/www.uartes.edu.ec\/sitio\/blog\/2023\/10\/06\/cultura-e-investigacion-universitaria-para-guayaquil-y-sus-comunidades\/#primaryimage"},"image":{"@id":"https:\/\/www.uartes.edu.ec\/sitio\/blog\/2023\/10\/06\/cultura-e-investigacion-universitaria-para-guayaquil-y-sus-comunidades\/#primaryimage"},"thumbnailUrl":"https:\/\/www.uartes.edu.ec\/sitio\/wp-content\/uploads\/2024\/01\/03-Cultura-e-Investigacion-Universitaria-para-Guayaquil-y-sus-comunidades.jpg","datePublished":"2023-10-07T00:31:00+00:00","dateModified":"2024-07-04T16:20:37+00:00","description":"Universidad de las Artes - \u201cCultura e investigaci\u00f3n universitaria para Guayaquil y sus comunidades\u201d","breadcrumb":{"@id":"https:\/\/www.uartes.edu.ec\/sitio\/blog\/2023\/10\/06\/cultura-e-investigacion-universitaria-para-guayaquil-y-sus-comunidades\/#breadcrumb"},"inLanguage":"es","potentialAction":[{"@type":"ReadAction","target":["https:\/\/www.uartes.edu.ec\/sitio\/blog\/2023\/10\/06\/cultura-e-investigacion-universitaria-para-guayaquil-y-sus-comunidades\/"]}]},{"@type":"ImageObject","inLanguage":"es","@id":"https:\/\/www.uartes.edu.ec\/sitio\/blog\/2023\/10\/06\/cultura-e-investigacion-universitaria-para-guayaquil-y-sus-comunidades\/#primaryimage","url":"https:\/\/www.uartes.edu.ec\/sitio\/wp-content\/uploads\/2024\/01\/03-Cultura-e-Investigacion-Universitaria-para-Guayaquil-y-sus-comunidades.jpg","contentUrl":"https:\/\/www.uartes.edu.ec\/sitio\/wp-content\/uploads\/2024\/01\/03-Cultura-e-Investigacion-Universitaria-para-Guayaquil-y-sus-comunidades.jpg","width":2000,"height":1333},{"@type":"BreadcrumbList","@id":"https:\/\/www.uartes.edu.ec\/sitio\/blog\/2023\/10\/06\/cultura-e-investigacion-universitaria-para-guayaquil-y-sus-comunidades\/#breadcrumb","itemListElement":[{"@type":"ListItem","position":1,"name":"Inicio","item":"https:\/\/www.uartes.edu.ec\/sitio\/"},{"@type":"ListItem","position":2,"name":"\u201cCultura e investigaci\u00f3n universitaria para Guayaquil y sus comunidades\u201d"}]},{"@type":"WebSite","@id":"https:\/\/www.uartes.edu.ec\/sitio\/#website","url":"https:\/\/www.uartes.edu.ec\/sitio\/","name":"Universidad de las Artes","description":"Sitio oficial de la Universidad Nacional de las Artes del Ecuador","publisher":{"@id":"https:\/\/www.uartes.edu.ec\/sitio\/#organization"},"potentialAction":[{"@type":"SearchAction","target":{"@type":"EntryPoint","urlTemplate":"https:\/\/www.uartes.edu.ec\/sitio\/?s={search_term_string}"},"query-input":{"@type":"PropertyValueSpecification","valueRequired":true,"valueName":"search_term_string"}}],"inLanguage":"es"},{"@type":"Organization","@id":"https:\/\/www.uartes.edu.ec\/sitio\/#organization","name":"Universidad de las Artes","url":"https:\/\/www.uartes.edu.ec\/sitio\/","logo":{"@type":"ImageObject","inLanguage":"es","@id":"https:\/\/www.uartes.edu.ec\/sitio\/#\/schema\/logo\/image\/","url":"https:\/\/www.uartes.edu.ec\/sitio\/wp-content\/uploads\/2022\/07\/logo-ua-horizontal.png","contentUrl":"https:\/\/www.uartes.edu.ec\/sitio\/wp-content\/uploads\/2022\/07\/logo-ua-horizontal.png","width":800,"height":276,"caption":"Universidad de las Artes"},"image":{"@id":"https:\/\/www.uartes.edu.ec\/sitio\/#\/schema\/logo\/image\/"},"sameAs":["https:\/\/www.facebook.com\/uartesec","https:\/\/x.com\/uartesec","https:\/\/www.tiktok.com\/@uartesec"]},{"@type":"Person","@id":"https:\/\/www.uartes.edu.ec\/sitio\/#\/schema\/person\/efa1b8275797664fd7f13a79ccc0b1f4","name":"ccortez","image":{"@type":"ImageObject","inLanguage":"es","@id":"https:\/\/secure.gravatar.com\/avatar\/b2a6f664a3ae8e074346ef91775736c5ec479e637ecced6842de9dc98b5da9cd?s=96&d=mm&r=g","url":"https:\/\/secure.gravatar.com\/avatar\/b2a6f664a3ae8e074346ef91775736c5ec479e637ecced6842de9dc98b5da9cd?s=96&d=mm&r=g","contentUrl":"https:\/\/secure.gravatar.com\/avatar\/b2a6f664a3ae8e074346ef91775736c5ec479e637ecced6842de9dc98b5da9cd?s=96&d=mm&r=g","caption":"ccortez"},"url":"https:\/\/www.uartes.edu.ec\/sitio\/blog\/author\/ccortez\/"}]}},"uagb_featured_image_src":{"full":["https:\/\/www.uartes.edu.ec\/sitio\/wp-content\/uploads\/2024\/01\/03-Cultura-e-Investigacion-Universitaria-para-Guayaquil-y-sus-comunidades.jpg",2000,1333,false],"thumbnail":["https:\/\/www.uartes.edu.ec\/sitio\/wp-content\/uploads\/2024\/01\/03-Cultura-e-Investigacion-Universitaria-para-Guayaquil-y-sus-comunidades-150x150.jpg",150,150,true],"medium":["https:\/\/www.uartes.edu.ec\/sitio\/wp-content\/uploads\/2024\/01\/03-Cultura-e-Investigacion-Universitaria-para-Guayaquil-y-sus-comunidades-300x200.jpg",300,200,true],"medium_large":["https:\/\/www.uartes.edu.ec\/sitio\/wp-content\/uploads\/2024\/01\/03-Cultura-e-Investigacion-Universitaria-para-Guayaquil-y-sus-comunidades-768x512.jpg",768,512,true],"large":["https:\/\/www.uartes.edu.ec\/sitio\/wp-content\/uploads\/2024\/01\/03-Cultura-e-Investigacion-Universitaria-para-Guayaquil-y-sus-comunidades-644x429.jpg",644,429,true],"1536x1536":["https:\/\/www.uartes.edu.ec\/sitio\/wp-content\/uploads\/2024\/01\/03-Cultura-e-Investigacion-Universitaria-para-Guayaquil-y-sus-comunidades-1536x1024.jpg",1536,1024,true],"2048x2048":["https:\/\/www.uartes.edu.ec\/sitio\/wp-content\/uploads\/2024\/01\/03-Cultura-e-Investigacion-Universitaria-para-Guayaquil-y-sus-comunidades.jpg",2000,1333,false],"trp-custom-language-flag":["https:\/\/www.uartes.edu.ec\/sitio\/wp-content\/uploads\/2024\/01\/03-Cultura-e-Investigacion-Universitaria-para-Guayaquil-y-sus-comunidades.jpg",18,12,false],"htmega_size_585x295":["https:\/\/www.uartes.edu.ec\/sitio\/wp-content\/uploads\/2024\/01\/03-Cultura-e-Investigacion-Universitaria-para-Guayaquil-y-sus-comunidades-585x295.jpg",585,295,true],"htmega_size_1170x536":["https:\/\/www.uartes.edu.ec\/sitio\/wp-content\/uploads\/2024\/01\/03-Cultura-e-Investigacion-Universitaria-para-Guayaquil-y-sus-comunidades-1170x536.jpg",1170,536,true],"htmega_size_396x360":["https:\/\/www.uartes.edu.ec\/sitio\/wp-content\/uploads\/2024\/01\/03-Cultura-e-Investigacion-Universitaria-para-Guayaquil-y-sus-comunidades-396x360.jpg",396,360,true],"gb-block-post-grid-landscape":["https:\/\/www.uartes.edu.ec\/sitio\/wp-content\/uploads\/2024\/01\/03-Cultura-e-Investigacion-Universitaria-para-Guayaquil-y-sus-comunidades-600x400.jpg",600,400,true],"gb-block-post-grid-square":["https:\/\/www.uartes.edu.ec\/sitio\/wp-content\/uploads\/2024\/01\/03-Cultura-e-Investigacion-Universitaria-para-Guayaquil-y-sus-comunidades-600x600.jpg",600,600,true],"university-hub-thumb":["https:\/\/www.uartes.edu.ec\/sitio\/wp-content\/uploads\/2024\/01\/03-Cultura-e-Investigacion-Universitaria-para-Guayaquil-y-sus-comunidades-400x267.jpg",400,267,true]},"uagb_author_info":{"display_name":"ccortez","author_link":"https:\/\/www.uartes.edu.ec\/sitio\/blog\/author\/ccortez\/"},"uagb_comment_info":0,"uagb_excerpt":"Con la moderaci\u00f3n de Janina Su\u00e1rez, jefa de Pr\u00e1cticas Preprofesionales de la UArtes, en la VII edici\u00f3n del encuentro del ILIA se desarroll\u00f3 ayer la mesa de di\u00e1logo \u201cCultura e investigaci\u00f3n universitaria para Guayaquil y sus comunidades\u201d. Participaron representantes de las universidades de Guayaquil, Cat\u00f3lica y Casa Grande, quienes hablaron de los desaf\u00edos que enfrentan&hellip;","featured_image_src":"https:\/\/www.uartes.edu.ec\/sitio\/wp-content\/uploads\/2024\/01\/03-Cultura-e-Investigacion-Universitaria-para-Guayaquil-y-sus-comunidades-600x400.jpg","featured_image_src_square":"https:\/\/www.uartes.edu.ec\/sitio\/wp-content\/uploads\/2024\/01\/03-Cultura-e-Investigacion-Universitaria-para-Guayaquil-y-sus-comunidades-600x600.jpg","author_info":{"display_name":"ccortez","author_link":"https:\/\/www.uartes.edu.ec\/sitio\/blog\/author\/ccortez\/"},"publishpress_future_workflow_manual_trigger":{"enabledWorkflows":[]},"distributor_meta":false,"distributor_terms":false,"distributor_media":false,"distributor_original_site_name":"Universidad de las Artes","distributor_original_site_url":"https:\/\/www.uartes.edu.ec\/sitio","push-errors":false,"_links":{"self":[{"href":"https:\/\/www.uartes.edu.ec\/sitio\/wp-json\/wp\/v2\/posts\/49569","targetHints":{"allow":["GET"]}}],"collection":[{"href":"https:\/\/www.uartes.edu.ec\/sitio\/wp-json\/wp\/v2\/posts"}],"about":[{"href":"https:\/\/www.uartes.edu.ec\/sitio\/wp-json\/wp\/v2\/types\/post"}],"author":[{"embeddable":true,"href":"https:\/\/www.uartes.edu.ec\/sitio\/wp-json\/wp\/v2\/users\/10"}],"replies":[{"embeddable":true,"href":"https:\/\/www.uartes.edu.ec\/sitio\/wp-json\/wp\/v2\/comments?post=49569"}],"version-history":[{"count":3,"href":"https:\/\/www.uartes.edu.ec\/sitio\/wp-json\/wp\/v2\/posts\/49569\/revisions"}],"predecessor-version":[{"id":49576,"href":"https:\/\/www.uartes.edu.ec\/sitio\/wp-json\/wp\/v2\/posts\/49569\/revisions\/49576"}],"wp:featuredmedia":[{"embeddable":true,"href":"https:\/\/www.uartes.edu.ec\/sitio\/wp-json\/wp\/v2\/media\/49570"}],"wp:attachment":[{"href":"https:\/\/www.uartes.edu.ec\/sitio\/wp-json\/wp\/v2\/media?parent=49569"}],"wp:term":[{"taxonomy":"category","embeddable":true,"href":"https:\/\/www.uartes.edu.ec\/sitio\/wp-json\/wp\/v2\/categories?post=49569"},{"taxonomy":"post_tag","embeddable":true,"href":"https:\/\/www.uartes.edu.ec\/sitio\/wp-json\/wp\/v2\/tags?post=49569"},{"taxonomy":"infouartes","embeddable":true,"href":"https:\/\/www.uartes.edu.ec\/sitio\/wp-json\/wp\/v2\/infouartes?post=49569"}],"curies":[{"name":"wp","href":"https:\/\/api.w.org\/{rel}","templated":true}]}}