{"id":49580,"date":"2023-10-06T17:02:00","date_gmt":"2023-10-06T22:02:00","guid":{"rendered":"https:\/\/www.uartes.edu.ec\/sitio\/?p=49580"},"modified":"2024-07-04T11:20:38","modified_gmt":"2024-07-04T16:20:38","slug":"la-migracion-y-su-relacion-con-las-artes-centraron-el-dialogo-arte-y-diaspora","status":"publish","type":"post","link":"https:\/\/www.uartes.edu.ec\/sitio\/blog\/2023\/10\/06\/la-migracion-y-su-relacion-con-las-artes-centraron-el-dialogo-arte-y-diaspora\/","title":{"rendered":"La migraci\u00f3n y su relaci\u00f3n con las artes centraron el di\u00e1logo \u201cArte y di\u00e1spora\u201d"},"content":{"rendered":"\n<p>Bajo el eje tem\u00e1tico \u201cNarrativas del territorio: memoria y extractivismos\u201d, en la jornada vespertina del segundo d\u00eda del VII Encuentro Internacional de Investigaci\u00f3n en Artes, este martes 3 de octubre, David de los Reyes y Juan Benavides dialogaron acerca de \u201cArte y di\u00e1spora\u201d. En la moderaci\u00f3n intervino Yulianela P\u00e9rez, directora del Departamento Transversal de la Universidad de las Artes.<\/p>\n\n\n\n<p>Las di\u00e1sporas, la migraci\u00f3n y su relaci\u00f3n con las artes centraron el di\u00e1logo en la Plaza P\u00fablica del MZ14 Centro de Producci\u00f3n e Innovaci\u00f3n UArtes. Temas de gran relevancia en la actualidad, ya que la di\u00e1spora venezolana, en particular, ha experimentado un aumento significativo debido a la situaci\u00f3n pol\u00edtica y econ\u00f3mica en Venezuela, anotaron los ponentes.<\/p>\n\n\n\n<p>David de los Reyes present\u00f3 una investigaci\u00f3n enfocada en tres artistas venezolanos en la di\u00e1spora: Raimas Suprani, Joseph Mary y Pepe L\u00f3pez Reus, y destac\u00f3 el contexto de la di\u00e1spora venezolana, la cual ha ido en aumento desde el inicio del r\u00e9gimen en 1999, con un deterioro constante en la calidad de vida de los venezolanos. Hizo hincapi\u00e9 de migrantes venezolanos y c\u00f3mo esta di\u00e1spora ha afectado a pa\u00edses vecinos, en particular, a Colombia. Se estima, dijo, que alrededor de 8 millones de venezolanos se han desplazado a diferentes partes del mundo, lo que ha tenido un impacto en los pa\u00edses receptores.<\/p>\n\n\n\n<h3 class=\"wp-block-heading\">Las obras e investigaciones de tres artistas<\/h3>\n\n\n\n<p>La presentaci\u00f3n comenz\u00f3 con el trabajo de Raima Suprani, una comunicadora y artista pl\u00e1stica que trabaj\u00f3 durante dos d\u00e9cadas en uno de los peri\u00f3dicos m\u00e1s importantes de Venezuela antes de verse obligada a exiliarse debido a su obra sat\u00edrica y cr\u00edtica al gobierno de ese pa\u00eds. Su trabajo se centra en la representaci\u00f3n del migrante y la experiencia del exilio, a menudo abordando situaciones de peligro e inseguridad. Raima se ha destacado por su compromiso social y su defensa de los derechos humanos.<\/p>\n\n\n\n<p>El siguiente artista es un experto en arte cibern\u00e9tico y programaci\u00f3n, Jos\u00e9 Luis Pepe L\u00f3pez Reus. Su trabajo se centra en el uso creativo de la tecnolog\u00eda, particularmente con el sistema Atari. Combina lo retro con lo progresivo para dar nuevos usos a dispositivos tecnol\u00f3gicos. Su obra incluye intervenciones y proyectos que exploran la relaci\u00f3n entre tecnolog\u00eda y sociedad, precis\u00f3 De los Reyes.<\/p>\n\n\n\n<p>Agreg\u00f3 que el trabajo de L\u00f3pez Reus se enfoca en la interacci\u00f3n entre tecnolog\u00eda y sociedad y que la obra \u201cAta\u00fades de Cart\u00f3n\u201d se relaciona con la crisis humanitaria que se vivi\u00f3 en Venezuela en un momento reciente. El artista en menci\u00f3n aborda el impacto de los cambios tecnol\u00f3gicos en la econom\u00eda y la posibilidad de desempleo masivo, lo que podr\u00eda llevar a situaciones de pobreza extrema y desaf\u00edos \u00e9ticos.<\/p>\n\n\n\n<p>El tercer artista, Joseph Mary, se centra en la ocupaci\u00f3n del espacio f\u00edsico a trav\u00e9s de instalaciones. Su trabajo busca expresar rupturas emocionales y la memoria de la di\u00e1spora. Utiliza objetos y artefactos cotidianos para crear nuevas narrativas. Aborda la migraci\u00f3n y la di\u00e1spora desde una perspectiva visual, enfoc\u00e1ndose en reflejar la experiencia de los migrantes en sus diversas fases de desplazamiento y la reconfiguraci\u00f3n de la identidad en un contexto de di\u00e1spora.<\/p>\n\n\n\n<h3 class=\"wp-block-heading\">&#8220;Necropol\u00edtica&#8221; y otros conceptos<\/h3>\n\n\n\n<p>En \u201cArte y di\u00e1spora\u201d se abord\u00f3 el concepto de \u201cnecropol\u00edtica\u201d, el cual hace referencia a la regulaci\u00f3n de poblaciones a trav\u00e9s de la producci\u00f3n de sujetos desechables. La violencia se ha vuelto estructural en la sociedad. El poder se ejerce a trav\u00e9s de la producci\u00f3n de sujetos disponibles y desechables, lo cual se relaciona con temas de control social y resignaci\u00f3n ante la violencia.<\/p>\n\n\n\n<p>Tras describir la creciente pobreza en Am\u00e9rica Latina, se mencionaron problemas como la p\u00e9rdida de empleos, la informalidad, la inseguridad alimentaria y la interrupci\u00f3n de clases debido a la pandemia; se mencionan las masacres y la violencia que han ocurrido en c\u00e1rceles en los \u00faltimos dos a\u00f1os en el pa\u00eds, destacando la falta de reconocimiento de las v\u00edctimas y la indiferencia hacia la existencia de los prisioneros. La idea de \u201cnecropoder\u201d se relaciona con la capacidad de decidir qui\u00e9n vive y qui\u00e9n muere, especialmente en el contexto de la migraci\u00f3n.<\/p>\n\n\n\n<p>La criminalizaci\u00f3n de la migraci\u00f3n y las protestas lleva a muchas personas a huir de la pobreza y la violencia. Las condiciones de vida no son seguras ni en sus pa\u00edses de origen ni en los lugares de destino, se dijo.<\/p>\n\n\n\n<p>Durante el di\u00e1logo surgieron inquietudes, como la planteada por un estudiante con respecto a lo qu\u00e9 se puede hacer ante estas situaciones. La ambig\u00fcedad de la vida contempor\u00e1nea, donde muchas personas se vuelven n\u00f3madas y experimentan situaciones de exilio y di\u00e1spora, puede llevar a la creatividad y al desarrollo de nuevos conocimientos. El exilio y la di\u00e1spora pueden propiciar tanto desaf\u00edos como nuevas oportunidades en la vida de las personas; los cuerpos humanos se adaptan a las circunstancias, ya sea en situaciones de migraci\u00f3n forzada, b\u00fasqueda de educaci\u00f3n, turismo u otras razones, se anot\u00f3.<\/p>\n\n\n\n<p>Tambi\u00e9n se hizo menci\u00f3n a la preocupaci\u00f3n por el crecimiento de la poblaci\u00f3n mundial y la necesidad de abordar la distribuci\u00f3n desigual de la riqueza en el planeta. Qui\u00e9n decide qui\u00e9n debe vivir o morir en un mundo superpoblado, se cuestion\u00f3, propici\u00e1ndose un debate acerca de las complejidades de este tema. El di\u00e1logo foment\u00f3 la reflexi\u00f3n cr\u00edtica sobre las cuestiones globales contempor\u00e1neas y la responsabilidad que todos compartimos en la b\u00fasqueda de soluciones m\u00e1s justas y sostenibles para un futuro incierto.<\/p>\n\n\n\n<p>Texto: Eleinn Ewmanothva Rivera Sol\u00eds, estudiante de la Escuela de Literatura.<\/p>\n","protected":false},"excerpt":{"rendered":"<p>Bajo el eje tem\u00e1tico \u201cNarrativas del territorio: memoria y extractivismos\u201d, en la jornada vespertina del segundo d\u00eda del VII Encuentro Internacional de Investigaci\u00f3n en Artes, este martes 3 de octubre, David de los Reyes y Juan Benavides dialogaron acerca de \u201cArte y di\u00e1spora\u201d, la migraci\u00f3n y su relaci\u00f3n con las artes. En la moderaci\u00f3n intervino Yulianela P\u00e9rez, directora del Departamento Transversal de la Universidad de las Artes.<\/p>\n","protected":false},"author":10,"featured_media":49581,"comment_status":"open","ping_status":"open","sticky":false,"template":"","format":"standard","meta":{"_acf_changed":false,"_uag_custom_page_level_css":"","_monsterinsights_skip_tracking":false,"_monsterinsights_sitenote_active":false,"_monsterinsights_sitenote_note":"","_monsterinsights_sitenote_category":0,"cybocfi_hide_featured_image":"","footnotes":""},"categories":[80,490,82,75,76,77,284,83,79],"tags":[37],"infouartes":[],"class_list":["post-49580","post","type-post","status-publish","format-standard","has-post-thumbnail","hentry","category-academico","category-alumni","category-artes","category-docentes","category-estudiantes","category-gestion","category-investigacion","category-sedes","category-vinculo","tag-ilia"],"acf":[],"yoast_head":"<!-- This site is optimized with the Yoast SEO plugin v27.4 - https:\/\/yoast.com\/product\/yoast-seo-wordpress\/ -->\n<title>Universidad de las Artes - La migraci\u00f3n y su relaci\u00f3n con las artes centraron el di\u00e1logo \u201cArte y di\u00e1spora\u201d<\/title>\n<meta name=\"description\" content=\"Universidad de las Artes - La migraci\u00f3n y su relaci\u00f3n con las artes centraron el di\u00e1logo \u201cArte y di\u00e1spora\u201d\" \/>\n<meta name=\"robots\" content=\"index, follow, max-snippet:-1, max-image-preview:large, max-video-preview:-1\" \/>\n<link rel=\"canonical\" href=\"https:\/\/www.uartes.edu.ec\/sitio\/blog\/2023\/10\/06\/la-migracion-y-su-relacion-con-las-artes-centraron-el-dialogo-arte-y-diaspora\/\" \/>\n<meta property=\"og:locale\" content=\"es_ES\" \/>\n<meta property=\"og:type\" content=\"article\" \/>\n<meta property=\"og:title\" content=\"Universidad de las Artes - La migraci\u00f3n y su relaci\u00f3n con las artes centraron el di\u00e1logo \u201cArte y di\u00e1spora\u201d\" \/>\n<meta property=\"og:description\" content=\"Universidad de las Artes - La migraci\u00f3n y su relaci\u00f3n con las artes centraron el di\u00e1logo \u201cArte y di\u00e1spora\u201d\" \/>\n<meta property=\"og:url\" content=\"https:\/\/www.uartes.edu.ec\/sitio\/blog\/2023\/10\/06\/la-migracion-y-su-relacion-con-las-artes-centraron-el-dialogo-arte-y-diaspora\/\" \/>\n<meta property=\"og:site_name\" content=\"Universidad de las Artes\" \/>\n<meta property=\"article:publisher\" content=\"https:\/\/www.facebook.com\/uartesec\" \/>\n<meta property=\"article:published_time\" content=\"2023-10-06T22:02:00+00:00\" \/>\n<meta property=\"article:modified_time\" content=\"2024-07-04T16:20:38+00:00\" \/>\n<meta property=\"og:image\" content=\"https:\/\/www.uartes.edu.ec\/sitio\/wp-content\/uploads\/2024\/01\/02-ILIA-ARTE-Y-DIASPORA.jpg\" \/>\n\t<meta property=\"og:image:width\" content=\"2000\" \/>\n\t<meta property=\"og:image:height\" content=\"1333\" \/>\n\t<meta property=\"og:image:type\" content=\"image\/jpeg\" \/>\n<meta name=\"author\" content=\"ccortez\" \/>\n<meta name=\"twitter:card\" content=\"summary_large_image\" \/>\n<meta name=\"twitter:creator\" content=\"@uartesec\" \/>\n<meta name=\"twitter:site\" content=\"@uartesec\" \/>\n<meta name=\"twitter:label1\" content=\"Escrito por\" \/>\n\t<meta name=\"twitter:data1\" content=\"ccortez\" \/>\n\t<meta name=\"twitter:label2\" content=\"Tiempo de lectura\" \/>\n\t<meta name=\"twitter:data2\" content=\"5 minutos\" \/>\n<script type=\"application\/ld+json\" class=\"yoast-schema-graph\">{\"@context\":\"https:\\\/\\\/schema.org\",\"@graph\":[{\"@type\":\"Article\",\"@id\":\"https:\\\/\\\/www.uartes.edu.ec\\\/sitio\\\/blog\\\/2023\\\/10\\\/06\\\/la-migracion-y-su-relacion-con-las-artes-centraron-el-dialogo-arte-y-diaspora\\\/#article\",\"isPartOf\":{\"@id\":\"https:\\\/\\\/www.uartes.edu.ec\\\/sitio\\\/blog\\\/2023\\\/10\\\/06\\\/la-migracion-y-su-relacion-con-las-artes-centraron-el-dialogo-arte-y-diaspora\\\/\"},\"author\":{\"name\":\"ccortez\",\"@id\":\"https:\\\/\\\/www.uartes.edu.ec\\\/sitio\\\/#\\\/schema\\\/person\\\/efa1b8275797664fd7f13a79ccc0b1f4\"},\"headline\":\"La migraci\u00f3n y su relaci\u00f3n con las artes centraron el di\u00e1logo \u201cArte y di\u00e1spora\u201d\",\"datePublished\":\"2023-10-06T22:02:00+00:00\",\"dateModified\":\"2024-07-04T16:20:38+00:00\",\"mainEntityOfPage\":{\"@id\":\"https:\\\/\\\/www.uartes.edu.ec\\\/sitio\\\/blog\\\/2023\\\/10\\\/06\\\/la-migracion-y-su-relacion-con-las-artes-centraron-el-dialogo-arte-y-diaspora\\\/\"},\"wordCount\":1021,\"commentCount\":0,\"publisher\":{\"@id\":\"https:\\\/\\\/www.uartes.edu.ec\\\/sitio\\\/#organization\"},\"image\":{\"@id\":\"https:\\\/\\\/www.uartes.edu.ec\\\/sitio\\\/blog\\\/2023\\\/10\\\/06\\\/la-migracion-y-su-relacion-con-las-artes-centraron-el-dialogo-arte-y-diaspora\\\/#primaryimage\"},\"thumbnailUrl\":\"https:\\\/\\\/www.uartes.edu.ec\\\/sitio\\\/wp-content\\\/uploads\\\/2024\\\/01\\\/02-ILIA-ARTE-Y-DIASPORA.jpg\",\"keywords\":[\"ilia\"],\"articleSection\":[\"Acad\u00e9mico\",\"Alumni\",\"Artes\",\"Docentes\",\"Estudiantes\",\"Gesti\u00f3n\",\"Investigaci\u00f3n\",\"Sedes\",\"V\u00ednculo\"],\"inLanguage\":\"es\",\"potentialAction\":[{\"@type\":\"CommentAction\",\"name\":\"Comment\",\"target\":[\"https:\\\/\\\/www.uartes.edu.ec\\\/sitio\\\/blog\\\/2023\\\/10\\\/06\\\/la-migracion-y-su-relacion-con-las-artes-centraron-el-dialogo-arte-y-diaspora\\\/#respond\"]}]},{\"@type\":[\"WebPage\",\"ItemPage\"],\"@id\":\"https:\\\/\\\/www.uartes.edu.ec\\\/sitio\\\/blog\\\/2023\\\/10\\\/06\\\/la-migracion-y-su-relacion-con-las-artes-centraron-el-dialogo-arte-y-diaspora\\\/\",\"url\":\"https:\\\/\\\/www.uartes.edu.ec\\\/sitio\\\/blog\\\/2023\\\/10\\\/06\\\/la-migracion-y-su-relacion-con-las-artes-centraron-el-dialogo-arte-y-diaspora\\\/\",\"name\":\"Universidad de las Artes - La migraci\u00f3n y su relaci\u00f3n con las artes centraron el di\u00e1logo \u201cArte y di\u00e1spora\u201d\",\"isPartOf\":{\"@id\":\"https:\\\/\\\/www.uartes.edu.ec\\\/sitio\\\/#website\"},\"primaryImageOfPage\":{\"@id\":\"https:\\\/\\\/www.uartes.edu.ec\\\/sitio\\\/blog\\\/2023\\\/10\\\/06\\\/la-migracion-y-su-relacion-con-las-artes-centraron-el-dialogo-arte-y-diaspora\\\/#primaryimage\"},\"image\":{\"@id\":\"https:\\\/\\\/www.uartes.edu.ec\\\/sitio\\\/blog\\\/2023\\\/10\\\/06\\\/la-migracion-y-su-relacion-con-las-artes-centraron-el-dialogo-arte-y-diaspora\\\/#primaryimage\"},\"thumbnailUrl\":\"https:\\\/\\\/www.uartes.edu.ec\\\/sitio\\\/wp-content\\\/uploads\\\/2024\\\/01\\\/02-ILIA-ARTE-Y-DIASPORA.jpg\",\"datePublished\":\"2023-10-06T22:02:00+00:00\",\"dateModified\":\"2024-07-04T16:20:38+00:00\",\"description\":\"Universidad de las Artes - La migraci\u00f3n y su relaci\u00f3n con las artes centraron el di\u00e1logo \u201cArte y di\u00e1spora\u201d\",\"breadcrumb\":{\"@id\":\"https:\\\/\\\/www.uartes.edu.ec\\\/sitio\\\/blog\\\/2023\\\/10\\\/06\\\/la-migracion-y-su-relacion-con-las-artes-centraron-el-dialogo-arte-y-diaspora\\\/#breadcrumb\"},\"inLanguage\":\"es\",\"potentialAction\":[{\"@type\":\"ReadAction\",\"target\":[\"https:\\\/\\\/www.uartes.edu.ec\\\/sitio\\\/blog\\\/2023\\\/10\\\/06\\\/la-migracion-y-su-relacion-con-las-artes-centraron-el-dialogo-arte-y-diaspora\\\/\"]}]},{\"@type\":\"ImageObject\",\"inLanguage\":\"es\",\"@id\":\"https:\\\/\\\/www.uartes.edu.ec\\\/sitio\\\/blog\\\/2023\\\/10\\\/06\\\/la-migracion-y-su-relacion-con-las-artes-centraron-el-dialogo-arte-y-diaspora\\\/#primaryimage\",\"url\":\"https:\\\/\\\/www.uartes.edu.ec\\\/sitio\\\/wp-content\\\/uploads\\\/2024\\\/01\\\/02-ILIA-ARTE-Y-DIASPORA.jpg\",\"contentUrl\":\"https:\\\/\\\/www.uartes.edu.ec\\\/sitio\\\/wp-content\\\/uploads\\\/2024\\\/01\\\/02-ILIA-ARTE-Y-DIASPORA.jpg\",\"width\":2000,\"height\":1333},{\"@type\":\"BreadcrumbList\",\"@id\":\"https:\\\/\\\/www.uartes.edu.ec\\\/sitio\\\/blog\\\/2023\\\/10\\\/06\\\/la-migracion-y-su-relacion-con-las-artes-centraron-el-dialogo-arte-y-diaspora\\\/#breadcrumb\",\"itemListElement\":[{\"@type\":\"ListItem\",\"position\":1,\"name\":\"Inicio\",\"item\":\"https:\\\/\\\/www.uartes.edu.ec\\\/sitio\\\/\"},{\"@type\":\"ListItem\",\"position\":2,\"name\":\"La migraci\u00f3n y su relaci\u00f3n con las artes centraron el di\u00e1logo \u201cArte y di\u00e1spora\u201d\"}]},{\"@type\":\"WebSite\",\"@id\":\"https:\\\/\\\/www.uartes.edu.ec\\\/sitio\\\/#website\",\"url\":\"https:\\\/\\\/www.uartes.edu.ec\\\/sitio\\\/\",\"name\":\"Universidad de las Artes\",\"description\":\"Sitio oficial de la Universidad Nacional de las Artes del Ecuador\",\"publisher\":{\"@id\":\"https:\\\/\\\/www.uartes.edu.ec\\\/sitio\\\/#organization\"},\"potentialAction\":[{\"@type\":\"SearchAction\",\"target\":{\"@type\":\"EntryPoint\",\"urlTemplate\":\"https:\\\/\\\/www.uartes.edu.ec\\\/sitio\\\/?s={search_term_string}\"},\"query-input\":{\"@type\":\"PropertyValueSpecification\",\"valueRequired\":true,\"valueName\":\"search_term_string\"}}],\"inLanguage\":\"es\"},{\"@type\":\"Organization\",\"@id\":\"https:\\\/\\\/www.uartes.edu.ec\\\/sitio\\\/#organization\",\"name\":\"Universidad de las Artes\",\"url\":\"https:\\\/\\\/www.uartes.edu.ec\\\/sitio\\\/\",\"logo\":{\"@type\":\"ImageObject\",\"inLanguage\":\"es\",\"@id\":\"https:\\\/\\\/www.uartes.edu.ec\\\/sitio\\\/#\\\/schema\\\/logo\\\/image\\\/\",\"url\":\"https:\\\/\\\/www.uartes.edu.ec\\\/sitio\\\/wp-content\\\/uploads\\\/2022\\\/07\\\/logo-ua-horizontal.png\",\"contentUrl\":\"https:\\\/\\\/www.uartes.edu.ec\\\/sitio\\\/wp-content\\\/uploads\\\/2022\\\/07\\\/logo-ua-horizontal.png\",\"width\":800,\"height\":276,\"caption\":\"Universidad de las Artes\"},\"image\":{\"@id\":\"https:\\\/\\\/www.uartes.edu.ec\\\/sitio\\\/#\\\/schema\\\/logo\\\/image\\\/\"},\"sameAs\":[\"https:\\\/\\\/www.facebook.com\\\/uartesec\",\"https:\\\/\\\/x.com\\\/uartesec\",\"https:\\\/\\\/www.tiktok.com\\\/@uartesec\"]},{\"@type\":\"Person\",\"@id\":\"https:\\\/\\\/www.uartes.edu.ec\\\/sitio\\\/#\\\/schema\\\/person\\\/efa1b8275797664fd7f13a79ccc0b1f4\",\"name\":\"ccortez\",\"image\":{\"@type\":\"ImageObject\",\"inLanguage\":\"es\",\"@id\":\"https:\\\/\\\/secure.gravatar.com\\\/avatar\\\/b2a6f664a3ae8e074346ef91775736c5ec479e637ecced6842de9dc98b5da9cd?s=96&d=mm&r=g\",\"url\":\"https:\\\/\\\/secure.gravatar.com\\\/avatar\\\/b2a6f664a3ae8e074346ef91775736c5ec479e637ecced6842de9dc98b5da9cd?s=96&d=mm&r=g\",\"contentUrl\":\"https:\\\/\\\/secure.gravatar.com\\\/avatar\\\/b2a6f664a3ae8e074346ef91775736c5ec479e637ecced6842de9dc98b5da9cd?s=96&d=mm&r=g\",\"caption\":\"ccortez\"},\"url\":\"https:\\\/\\\/www.uartes.edu.ec\\\/sitio\\\/blog\\\/author\\\/ccortez\\\/\"}]}<\/script>\n<!-- \/ Yoast SEO plugin. -->","yoast_head_json":{"title":"Universidad de las Artes - La migraci\u00f3n y su relaci\u00f3n con las artes centraron el di\u00e1logo \u201cArte y di\u00e1spora\u201d","description":"Universidad de las Artes - La migraci\u00f3n y su relaci\u00f3n con las artes centraron el di\u00e1logo \u201cArte y di\u00e1spora\u201d","robots":{"index":"index","follow":"follow","max-snippet":"max-snippet:-1","max-image-preview":"max-image-preview:large","max-video-preview":"max-video-preview:-1"},"canonical":"https:\/\/www.uartes.edu.ec\/sitio\/blog\/2023\/10\/06\/la-migracion-y-su-relacion-con-las-artes-centraron-el-dialogo-arte-y-diaspora\/","og_locale":"es_ES","og_type":"article","og_title":"Universidad de las Artes - La migraci\u00f3n y su relaci\u00f3n con las artes centraron el di\u00e1logo \u201cArte y di\u00e1spora\u201d","og_description":"Universidad de las Artes - La migraci\u00f3n y su relaci\u00f3n con las artes centraron el di\u00e1logo \u201cArte y di\u00e1spora\u201d","og_url":"https:\/\/www.uartes.edu.ec\/sitio\/blog\/2023\/10\/06\/la-migracion-y-su-relacion-con-las-artes-centraron-el-dialogo-arte-y-diaspora\/","og_site_name":"Universidad de las Artes","article_publisher":"https:\/\/www.facebook.com\/uartesec","article_published_time":"2023-10-06T22:02:00+00:00","article_modified_time":"2024-07-04T16:20:38+00:00","og_image":[{"width":2000,"height":1333,"url":"https:\/\/www.uartes.edu.ec\/sitio\/wp-content\/uploads\/2024\/01\/02-ILIA-ARTE-Y-DIASPORA.jpg","type":"image\/jpeg"}],"author":"ccortez","twitter_card":"summary_large_image","twitter_creator":"@uartesec","twitter_site":"@uartesec","twitter_misc":{"Escrito por":"ccortez","Tiempo de lectura":"5 minutos"},"schema":{"@context":"https:\/\/schema.org","@graph":[{"@type":"Article","@id":"https:\/\/www.uartes.edu.ec\/sitio\/blog\/2023\/10\/06\/la-migracion-y-su-relacion-con-las-artes-centraron-el-dialogo-arte-y-diaspora\/#article","isPartOf":{"@id":"https:\/\/www.uartes.edu.ec\/sitio\/blog\/2023\/10\/06\/la-migracion-y-su-relacion-con-las-artes-centraron-el-dialogo-arte-y-diaspora\/"},"author":{"name":"ccortez","@id":"https:\/\/www.uartes.edu.ec\/sitio\/#\/schema\/person\/efa1b8275797664fd7f13a79ccc0b1f4"},"headline":"La migraci\u00f3n y su relaci\u00f3n con las artes centraron el di\u00e1logo \u201cArte y di\u00e1spora\u201d","datePublished":"2023-10-06T22:02:00+00:00","dateModified":"2024-07-04T16:20:38+00:00","mainEntityOfPage":{"@id":"https:\/\/www.uartes.edu.ec\/sitio\/blog\/2023\/10\/06\/la-migracion-y-su-relacion-con-las-artes-centraron-el-dialogo-arte-y-diaspora\/"},"wordCount":1021,"commentCount":0,"publisher":{"@id":"https:\/\/www.uartes.edu.ec\/sitio\/#organization"},"image":{"@id":"https:\/\/www.uartes.edu.ec\/sitio\/blog\/2023\/10\/06\/la-migracion-y-su-relacion-con-las-artes-centraron-el-dialogo-arte-y-diaspora\/#primaryimage"},"thumbnailUrl":"https:\/\/www.uartes.edu.ec\/sitio\/wp-content\/uploads\/2024\/01\/02-ILIA-ARTE-Y-DIASPORA.jpg","keywords":["ilia"],"articleSection":["Acad\u00e9mico","Alumni","Artes","Docentes","Estudiantes","Gesti\u00f3n","Investigaci\u00f3n","Sedes","V\u00ednculo"],"inLanguage":"es","potentialAction":[{"@type":"CommentAction","name":"Comment","target":["https:\/\/www.uartes.edu.ec\/sitio\/blog\/2023\/10\/06\/la-migracion-y-su-relacion-con-las-artes-centraron-el-dialogo-arte-y-diaspora\/#respond"]}]},{"@type":["WebPage","ItemPage"],"@id":"https:\/\/www.uartes.edu.ec\/sitio\/blog\/2023\/10\/06\/la-migracion-y-su-relacion-con-las-artes-centraron-el-dialogo-arte-y-diaspora\/","url":"https:\/\/www.uartes.edu.ec\/sitio\/blog\/2023\/10\/06\/la-migracion-y-su-relacion-con-las-artes-centraron-el-dialogo-arte-y-diaspora\/","name":"Universidad de las Artes - La migraci\u00f3n y su relaci\u00f3n con las artes centraron el di\u00e1logo \u201cArte y di\u00e1spora\u201d","isPartOf":{"@id":"https:\/\/www.uartes.edu.ec\/sitio\/#website"},"primaryImageOfPage":{"@id":"https:\/\/www.uartes.edu.ec\/sitio\/blog\/2023\/10\/06\/la-migracion-y-su-relacion-con-las-artes-centraron-el-dialogo-arte-y-diaspora\/#primaryimage"},"image":{"@id":"https:\/\/www.uartes.edu.ec\/sitio\/blog\/2023\/10\/06\/la-migracion-y-su-relacion-con-las-artes-centraron-el-dialogo-arte-y-diaspora\/#primaryimage"},"thumbnailUrl":"https:\/\/www.uartes.edu.ec\/sitio\/wp-content\/uploads\/2024\/01\/02-ILIA-ARTE-Y-DIASPORA.jpg","datePublished":"2023-10-06T22:02:00+00:00","dateModified":"2024-07-04T16:20:38+00:00","description":"Universidad de las Artes - La migraci\u00f3n y su relaci\u00f3n con las artes centraron el di\u00e1logo \u201cArte y di\u00e1spora\u201d","breadcrumb":{"@id":"https:\/\/www.uartes.edu.ec\/sitio\/blog\/2023\/10\/06\/la-migracion-y-su-relacion-con-las-artes-centraron-el-dialogo-arte-y-diaspora\/#breadcrumb"},"inLanguage":"es","potentialAction":[{"@type":"ReadAction","target":["https:\/\/www.uartes.edu.ec\/sitio\/blog\/2023\/10\/06\/la-migracion-y-su-relacion-con-las-artes-centraron-el-dialogo-arte-y-diaspora\/"]}]},{"@type":"ImageObject","inLanguage":"es","@id":"https:\/\/www.uartes.edu.ec\/sitio\/blog\/2023\/10\/06\/la-migracion-y-su-relacion-con-las-artes-centraron-el-dialogo-arte-y-diaspora\/#primaryimage","url":"https:\/\/www.uartes.edu.ec\/sitio\/wp-content\/uploads\/2024\/01\/02-ILIA-ARTE-Y-DIASPORA.jpg","contentUrl":"https:\/\/www.uartes.edu.ec\/sitio\/wp-content\/uploads\/2024\/01\/02-ILIA-ARTE-Y-DIASPORA.jpg","width":2000,"height":1333},{"@type":"BreadcrumbList","@id":"https:\/\/www.uartes.edu.ec\/sitio\/blog\/2023\/10\/06\/la-migracion-y-su-relacion-con-las-artes-centraron-el-dialogo-arte-y-diaspora\/#breadcrumb","itemListElement":[{"@type":"ListItem","position":1,"name":"Inicio","item":"https:\/\/www.uartes.edu.ec\/sitio\/"},{"@type":"ListItem","position":2,"name":"La migraci\u00f3n y su relaci\u00f3n con las artes centraron el di\u00e1logo \u201cArte y di\u00e1spora\u201d"}]},{"@type":"WebSite","@id":"https:\/\/www.uartes.edu.ec\/sitio\/#website","url":"https:\/\/www.uartes.edu.ec\/sitio\/","name":"Universidad de las Artes","description":"Sitio oficial de la Universidad Nacional de las Artes del Ecuador","publisher":{"@id":"https:\/\/www.uartes.edu.ec\/sitio\/#organization"},"potentialAction":[{"@type":"SearchAction","target":{"@type":"EntryPoint","urlTemplate":"https:\/\/www.uartes.edu.ec\/sitio\/?s={search_term_string}"},"query-input":{"@type":"PropertyValueSpecification","valueRequired":true,"valueName":"search_term_string"}}],"inLanguage":"es"},{"@type":"Organization","@id":"https:\/\/www.uartes.edu.ec\/sitio\/#organization","name":"Universidad de las Artes","url":"https:\/\/www.uartes.edu.ec\/sitio\/","logo":{"@type":"ImageObject","inLanguage":"es","@id":"https:\/\/www.uartes.edu.ec\/sitio\/#\/schema\/logo\/image\/","url":"https:\/\/www.uartes.edu.ec\/sitio\/wp-content\/uploads\/2022\/07\/logo-ua-horizontal.png","contentUrl":"https:\/\/www.uartes.edu.ec\/sitio\/wp-content\/uploads\/2022\/07\/logo-ua-horizontal.png","width":800,"height":276,"caption":"Universidad de las Artes"},"image":{"@id":"https:\/\/www.uartes.edu.ec\/sitio\/#\/schema\/logo\/image\/"},"sameAs":["https:\/\/www.facebook.com\/uartesec","https:\/\/x.com\/uartesec","https:\/\/www.tiktok.com\/@uartesec"]},{"@type":"Person","@id":"https:\/\/www.uartes.edu.ec\/sitio\/#\/schema\/person\/efa1b8275797664fd7f13a79ccc0b1f4","name":"ccortez","image":{"@type":"ImageObject","inLanguage":"es","@id":"https:\/\/secure.gravatar.com\/avatar\/b2a6f664a3ae8e074346ef91775736c5ec479e637ecced6842de9dc98b5da9cd?s=96&d=mm&r=g","url":"https:\/\/secure.gravatar.com\/avatar\/b2a6f664a3ae8e074346ef91775736c5ec479e637ecced6842de9dc98b5da9cd?s=96&d=mm&r=g","contentUrl":"https:\/\/secure.gravatar.com\/avatar\/b2a6f664a3ae8e074346ef91775736c5ec479e637ecced6842de9dc98b5da9cd?s=96&d=mm&r=g","caption":"ccortez"},"url":"https:\/\/www.uartes.edu.ec\/sitio\/blog\/author\/ccortez\/"}]}},"uagb_featured_image_src":{"full":["https:\/\/www.uartes.edu.ec\/sitio\/wp-content\/uploads\/2024\/01\/02-ILIA-ARTE-Y-DIASPORA.jpg",2000,1333,false],"thumbnail":["https:\/\/www.uartes.edu.ec\/sitio\/wp-content\/uploads\/2024\/01\/02-ILIA-ARTE-Y-DIASPORA-150x150.jpg",150,150,true],"medium":["https:\/\/www.uartes.edu.ec\/sitio\/wp-content\/uploads\/2024\/01\/02-ILIA-ARTE-Y-DIASPORA-300x200.jpg",300,200,true],"medium_large":["https:\/\/www.uartes.edu.ec\/sitio\/wp-content\/uploads\/2024\/01\/02-ILIA-ARTE-Y-DIASPORA-768x512.jpg",768,512,true],"large":["https:\/\/www.uartes.edu.ec\/sitio\/wp-content\/uploads\/2024\/01\/02-ILIA-ARTE-Y-DIASPORA-644x429.jpg",644,429,true],"1536x1536":["https:\/\/www.uartes.edu.ec\/sitio\/wp-content\/uploads\/2024\/01\/02-ILIA-ARTE-Y-DIASPORA-1536x1024.jpg",1536,1024,true],"2048x2048":["https:\/\/www.uartes.edu.ec\/sitio\/wp-content\/uploads\/2024\/01\/02-ILIA-ARTE-Y-DIASPORA.jpg",2000,1333,false],"trp-custom-language-flag":["https:\/\/www.uartes.edu.ec\/sitio\/wp-content\/uploads\/2024\/01\/02-ILIA-ARTE-Y-DIASPORA.jpg",18,12,false],"htmega_size_585x295":["https:\/\/www.uartes.edu.ec\/sitio\/wp-content\/uploads\/2024\/01\/02-ILIA-ARTE-Y-DIASPORA-585x295.jpg",585,295,true],"htmega_size_1170x536":["https:\/\/www.uartes.edu.ec\/sitio\/wp-content\/uploads\/2024\/01\/02-ILIA-ARTE-Y-DIASPORA-1170x536.jpg",1170,536,true],"htmega_size_396x360":["https:\/\/www.uartes.edu.ec\/sitio\/wp-content\/uploads\/2024\/01\/02-ILIA-ARTE-Y-DIASPORA-396x360.jpg",396,360,true],"gb-block-post-grid-landscape":["https:\/\/www.uartes.edu.ec\/sitio\/wp-content\/uploads\/2024\/01\/02-ILIA-ARTE-Y-DIASPORA-600x400.jpg",600,400,true],"gb-block-post-grid-square":["https:\/\/www.uartes.edu.ec\/sitio\/wp-content\/uploads\/2024\/01\/02-ILIA-ARTE-Y-DIASPORA-600x600.jpg",600,600,true],"university-hub-thumb":["https:\/\/www.uartes.edu.ec\/sitio\/wp-content\/uploads\/2024\/01\/02-ILIA-ARTE-Y-DIASPORA-400x267.jpg",400,267,true]},"uagb_author_info":{"display_name":"ccortez","author_link":"https:\/\/www.uartes.edu.ec\/sitio\/blog\/author\/ccortez\/"},"uagb_comment_info":0,"uagb_excerpt":"Bajo el eje tem\u00e1tico \u201cNarrativas del territorio: memoria y extractivismos\u201d, en la jornada vespertina del segundo d\u00eda del VII Encuentro Internacional de Investigaci\u00f3n en Artes, este martes 3 de octubre, David de los Reyes y Juan Benavides dialogaron acerca de \u201cArte y di\u00e1spora\u201d, la migraci\u00f3n y su relaci\u00f3n con las artes. En la moderaci\u00f3n intervino&hellip;","featured_image_src":"https:\/\/www.uartes.edu.ec\/sitio\/wp-content\/uploads\/2024\/01\/02-ILIA-ARTE-Y-DIASPORA-600x400.jpg","featured_image_src_square":"https:\/\/www.uartes.edu.ec\/sitio\/wp-content\/uploads\/2024\/01\/02-ILIA-ARTE-Y-DIASPORA-600x600.jpg","author_info":{"display_name":"ccortez","author_link":"https:\/\/www.uartes.edu.ec\/sitio\/blog\/author\/ccortez\/"},"publishpress_future_workflow_manual_trigger":{"enabledWorkflows":[]},"distributor_meta":false,"distributor_terms":false,"distributor_media":false,"distributor_original_site_name":"Universidad de las Artes","distributor_original_site_url":"https:\/\/www.uartes.edu.ec\/sitio","push-errors":false,"_links":{"self":[{"href":"https:\/\/www.uartes.edu.ec\/sitio\/wp-json\/wp\/v2\/posts\/49580","targetHints":{"allow":["GET"]}}],"collection":[{"href":"https:\/\/www.uartes.edu.ec\/sitio\/wp-json\/wp\/v2\/posts"}],"about":[{"href":"https:\/\/www.uartes.edu.ec\/sitio\/wp-json\/wp\/v2\/types\/post"}],"author":[{"embeddable":true,"href":"https:\/\/www.uartes.edu.ec\/sitio\/wp-json\/wp\/v2\/users\/10"}],"replies":[{"embeddable":true,"href":"https:\/\/www.uartes.edu.ec\/sitio\/wp-json\/wp\/v2\/comments?post=49580"}],"version-history":[{"count":4,"href":"https:\/\/www.uartes.edu.ec\/sitio\/wp-json\/wp\/v2\/posts\/49580\/revisions"}],"predecessor-version":[{"id":49587,"href":"https:\/\/www.uartes.edu.ec\/sitio\/wp-json\/wp\/v2\/posts\/49580\/revisions\/49587"}],"wp:featuredmedia":[{"embeddable":true,"href":"https:\/\/www.uartes.edu.ec\/sitio\/wp-json\/wp\/v2\/media\/49581"}],"wp:attachment":[{"href":"https:\/\/www.uartes.edu.ec\/sitio\/wp-json\/wp\/v2\/media?parent=49580"}],"wp:term":[{"taxonomy":"category","embeddable":true,"href":"https:\/\/www.uartes.edu.ec\/sitio\/wp-json\/wp\/v2\/categories?post=49580"},{"taxonomy":"post_tag","embeddable":true,"href":"https:\/\/www.uartes.edu.ec\/sitio\/wp-json\/wp\/v2\/tags?post=49580"},{"taxonomy":"infouartes","embeddable":true,"href":"https:\/\/www.uartes.edu.ec\/sitio\/wp-json\/wp\/v2\/infouartes?post=49580"}],"curies":[{"name":"wp","href":"https:\/\/api.w.org\/{rel}","templated":true}]}}