{"id":49588,"date":"2023-11-10T11:08:00","date_gmt":"2023-11-10T16:08:00","guid":{"rendered":"https:\/\/www.uartes.edu.ec\/sitio\/?p=49588"},"modified":"2024-07-04T11:20:29","modified_gmt":"2024-07-04T16:20:29","slug":"en-dialogo-con-los-sellos-editoriales-y-librerias-de-la-feria-de-libre-libro","status":"publish","type":"post","link":"https:\/\/www.uartes.edu.ec\/sitio\/blog\/2023\/11\/10\/en-dialogo-con-los-sellos-editoriales-y-librerias-de-la-feria-de-libre-libro\/","title":{"rendered":"Recorrido por los estands de los sellos editoriales presentes en Libre Libro"},"content":{"rendered":"\n<p>Est\u00e1n ubicados en la Plaza P\u00fablica del MZ14 Centro de Producci\u00f3n e Innovaci\u00f3n UArtes, all\u00ed donde desde el mi\u00e9rcoles 8 de noviembre se vienen desarrollando las actividades de Libre Libro, las cuales se extender\u00e1n hasta el s\u00e1bado 11 del presente mes. Son los estands de las editoriales independientes que participan en la IX edici\u00f3n de la cita organizada por la Universidad de las Artes y su Escuela de Literatura.<\/p>\n\n\n\n<p>Al calor de los conversatorios, charlas, presentaciones de libros, poemarios, colecciones de cuentos, proyectos, laboratorios de lectura, conciertos, recitales y obras de teatro, as\u00ed como competiciones de poes\u00eda esc\u00e9nica, jam de dibujo y escritura y cuadril\u00e1teros con autores de obras imperdibles, las editoriales muestran una variedad de publicaciones.<\/p>\n\n\n\n<p>InfoUArtes recorri\u00f3 el lugar y dialog\u00f3 con los representantes de las editoriales participantes. Paulina Briones, de Cad\u00e1ver Exquisito, cont\u00f3 que el sello naci\u00f3 en Guayaquil en 2012. Se especializan en publicar tanto a autores nacionales como extranjeros, centr\u00e1ndose principalmente en narrativa, aunque tienen un fuerte inter\u00e9s en la poes\u00eda. Resalt\u00f3 la reciente publicaci\u00f3n de un libro de Mar\u00eda Maluzardi y anticip\u00f3 que el pr\u00f3ximo lanzamiento ser\u00e1 una obra de relatos. \u201cLa feria es una consolidaci\u00f3n interesante, un gran esfuerzo para tener un espacio de editoriales independientes con libros que no suelen encontrarse com\u00fanmente en las librer\u00edas\u201d, dijo y recomend\u00f3 leer \u201cCuerpario\u201d, libro del taller de creaci\u00f3n y edici\u00f3n El Hipop\u00f3tamo. Destaca por abordar la tem\u00e1tica de discapacidades, escritas por autores que tienen discapacidades no tan visibles, ofreciendo as\u00ed una perspectiva \u00fanica y poderosa.<\/p>\n\n\n<div class=\"wp-block-image\">\n<figure class=\"aligncenter size-large\"><img fetchpriority=\"high\" decoding=\"async\" width=\"644\" height=\"429\" src=\"https:\/\/www.uartes.edu.ec\/sitio\/wp-content\/uploads\/2024\/01\/06-LIBRE-LIBRO-2023-644x429.jpg\" alt=\"\" class=\"wp-image-49590\" srcset=\"https:\/\/www.uartes.edu.ec\/sitio\/wp-content\/uploads\/2024\/01\/06-LIBRE-LIBRO-2023-644x429.jpg 644w, https:\/\/www.uartes.edu.ec\/sitio\/wp-content\/uploads\/2024\/01\/06-LIBRE-LIBRO-2023-768x511.jpg 768w, https:\/\/www.uartes.edu.ec\/sitio\/wp-content\/uploads\/2024\/01\/06-LIBRE-LIBRO-2023.jpg 2000w, https:\/\/www.uartes.edu.ec\/sitio\/wp-content\/uploads\/2024\/01\/06-LIBRE-LIBRO-2023-600x399.jpg 600w, https:\/\/www.uartes.edu.ec\/sitio\/wp-content\/uploads\/2024\/01\/06-LIBRE-LIBRO-2023-272x182.jpg 272w\" sizes=\"(max-width: 644px) 100vw, 644px\" \/><\/figure>\n<\/div>\n\n\n<p>De B\u00faho Librer\u00eda, Sebasti\u00e1n Mart\u00ednez resalt\u00f3 que el g\u00e9nero de novela gr\u00e1fica es el protagonista de su librer\u00eda. Sugiri\u00f3 las novelas gr\u00e1ficas del autor Cuy The Line, un canadiense que explora diversos acontecimientos y conflictos globales. \u201cLa feria est\u00e1 bien organizada, nos han dado todas las facilidades que hemos requerido\u201d, dijo y solicit\u00f3 para la siguiente edici\u00f3n hacer promoci\u00f3n directa en la calle y tener las puertas abiertas.<\/p>\n\n\n\n<p>Con la solidez de tres d\u00e9cadas de experiencia, Manuel Catril de la editorial Desde Abajo habl\u00f3 del car\u00e1cter de an\u00e1lisis cr\u00edtico del sello, vinculado este a procesos sociales en Ecuador y Colombia. Sara Bola\u00f1os de Atelier UIO, por su parte, anot\u00f3 que es la tercera ocasi\u00f3n en participar en la feria de Libre Libro de manera continua \u201cy siento que ya es una comunidad consolidada. Se hace con mucho afecto, y desde esos afectos hay mucha reciprocidad de m\u00ed hacia mis p\u00fablicos\u201d, anot\u00f3, resaltando la participaci\u00f3n activa de estudiantes y el creciente inter\u00e9s en sus talleres, lo cual refuerzan su percepci\u00f3n de una feria arraigada en la conexi\u00f3n emocional.<\/p>\n\n\n\n<p>Harold Garc\u00eda, de la editorial Edegon Comics, comparti\u00f3 la esencia de su labor: c\u00f3mics ecuatorianos que dan vida a leyendas, mitos y cuentos, narrados desde una perspectiva \u00fanica, la perspectiva ecuatoriana: \u201cEs la primera vez que yo participo con mi editorial y me parece algo muy ch\u00e9vere, muy bonito\u201d.<\/p>\n\n\n<div class=\"wp-block-image\">\n<figure class=\"aligncenter size-large\"><img decoding=\"async\" width=\"644\" height=\"429\" src=\"https:\/\/www.uartes.edu.ec\/sitio\/wp-content\/uploads\/2024\/01\/01-LIBRE-LIBRO-2023-1-644x429.jpg\" alt=\"\" class=\"wp-image-49592\" srcset=\"https:\/\/www.uartes.edu.ec\/sitio\/wp-content\/uploads\/2024\/01\/01-LIBRE-LIBRO-2023-1-644x429.jpg 644w, https:\/\/www.uartes.edu.ec\/sitio\/wp-content\/uploads\/2024\/01\/01-LIBRE-LIBRO-2023-1-768x511.jpg 768w, https:\/\/www.uartes.edu.ec\/sitio\/wp-content\/uploads\/2024\/01\/01-LIBRE-LIBRO-2023-1.jpg 2000w, https:\/\/www.uartes.edu.ec\/sitio\/wp-content\/uploads\/2024\/01\/01-LIBRE-LIBRO-2023-1-600x399.jpg 600w, https:\/\/www.uartes.edu.ec\/sitio\/wp-content\/uploads\/2024\/01\/01-LIBRE-LIBRO-2023-1-272x182.jpg 272w\" sizes=\"(max-width: 644px) 100vw, 644px\" \/><\/figure>\n<\/div>\n\n\n<p>En este terreno literario, donde las palabras y las im\u00e1genes convergen, Edegon Comics se presenta con superh\u00e9roes que encarnan la riqueza cultural de Ecuador, dijo Garc\u00eda y se refiri\u00f3, adem\u00e1s, que la oportunidad de conectar con personas que comparten su fascinaci\u00f3n por los c\u00f3mics le brinda una sensaci\u00f3n de logro y pertenencia. El intercambio en las charlas no solo ilumina a los asistentes, sino que tambi\u00e9n agrega capas de conocimiento a su propio entendimiento sobre el mundo editorial. \u201cEn las charlas presentadas en el Sal\u00f3n Patrimonial del MZ14 he aprendido algunas cosas que desconoc\u00eda en el aspecto editorial y tambi\u00e9n el aspecto de la difusi\u00f3n\u201d.<\/p>\n\n\n\n<p>En el recinto ferial de Libre Libro est\u00e1 tambi\u00e9n presente la Editorial Blanca, una entidad que no se limita a la mera creaci\u00f3n de libros, sino que se erige como un proyecto art\u00edstico multidisciplinario. En palabras de su representante, se desvela una traves\u00eda que comenz\u00f3 en 2016 y desde entonces ha tejido colaboraciones de cineastas, m\u00fasicos, literatos, cient\u00edficos y m\u00e1s.<\/p>\n\n\n\n<p>La narrativa se adentra en la esencia inclusiva de Editorial Blanca, cuyas puertas est\u00e1n abiertas a cualquier mente inquieta que desee contribuir a la creaci\u00f3n de productos singulares. Este no es solo un espacio para libros, es un lienzo en blanco donde las diferentes disciplinas convergen para desafiar las nociones convencionales. El libro \u201cGabriela\u201d, presentado recientemente, ha sido para el sello un \u00e9xito; sin embargo, la recomendaci\u00f3n apunta a \u201cIrrumpir\u201d, una bit\u00e1cora cient\u00edfica atrapada en Gal\u00e1pagos que desaf\u00eda las convenciones.<\/p>\n\n\n<div class=\"wp-block-image\">\n<figure class=\"aligncenter size-large\"><img decoding=\"async\" width=\"644\" height=\"429\" src=\"https:\/\/www.uartes.edu.ec\/sitio\/wp-content\/uploads\/2024\/01\/02-LIBRE-LIBRO-2023-644x429.jpg\" alt=\"\" class=\"wp-image-49593\" srcset=\"https:\/\/www.uartes.edu.ec\/sitio\/wp-content\/uploads\/2024\/01\/02-LIBRE-LIBRO-2023-644x429.jpg 644w, https:\/\/www.uartes.edu.ec\/sitio\/wp-content\/uploads\/2024\/01\/02-LIBRE-LIBRO-2023-768x511.jpg 768w, https:\/\/www.uartes.edu.ec\/sitio\/wp-content\/uploads\/2024\/01\/02-LIBRE-LIBRO-2023.jpg 2000w, https:\/\/www.uartes.edu.ec\/sitio\/wp-content\/uploads\/2024\/01\/02-LIBRE-LIBRO-2023-600x399.jpg 600w, https:\/\/www.uartes.edu.ec\/sitio\/wp-content\/uploads\/2024\/01\/02-LIBRE-LIBRO-2023-272x182.jpg 272w\" sizes=\"(max-width: 644px) 100vw, 644px\" \/><\/figure>\n<\/div>\n\n\n<p>En Libre Libro, Funes Editorial se presenta como un oasis de variedad, con tres colecciones que tejen la rica tapestry del arte literario. La primera colecci\u00f3n es Ensayos Cr\u00edticos y revela su aguda mirada hacia el cine; en este \u00e1mbito y de entre sus obras propone \u201cAprender Bellas Palabras\u201d, obra que desentra\u00f1a la cinematograf\u00eda de Pedro Costa. La segunda colecci\u00f3n de Funes Editorial es Derivas, que se presenta como una danza entre la poes\u00eda y las letras que desaparecen y explora los caminos esquivos de la poes\u00eda y la narrativa. La tercera colecci\u00f3n es Ensambles, que emerge como un experimento audaz, fusionando disciplinas art\u00edsticas en una sinfon\u00eda literaria.<\/p>\n\n\n\n<p>Isaac Morillo, representante de Severo Editorial, indica que el sello se erige como narrador de historias que trascienden las p\u00e1ginas. Procedente de Quito, el sello se presenta como un faro para los autores locales y ubica al libro \u201cNostalgia y fronteras\u201d de Sonia Gui\u00f1ansaca como la obra que ha conquistado corazones; es un poemario que captura la esencia migrante de la autora, oriunda de Cuenca y con ra\u00edces ind\u00edgenas, quien la escribi\u00f3 originalmente en ingl\u00e9s y fue traducida al espa\u00f1ol y quichua.<\/p>\n\n\n\n<p>Texto y fotos: Eleinn Rivera, estudiante de la Escuela de Literatura\/Edici\u00f3n: Carmen Cortez.<\/p>\n","protected":false},"excerpt":{"rendered":"<p>Est\u00e1n ubicados en la Plaza P\u00fablica del MZ14 Centro de Producci\u00f3n e Innovaci\u00f3n UArtes, all\u00ed donde desde el mi\u00e9rcoles 8 de noviembre se vienen desarrollando las actividades de Libre Libro. Son los estands de las editoriales independientes que participan en la IX edici\u00f3n de la cita organizada por la Universidad de las Artes y su Escuela de Literatura. InfoUArtes recorri\u00f3 el lugar y dialog\u00f3 con los representantes de los sellos editoriales participantes.<\/p>\n","protected":false},"author":10,"featured_media":49589,"comment_status":"open","ping_status":"open","sticky":false,"template":"","format":"standard","meta":{"_acf_changed":false,"_uag_custom_page_level_css":"","_monsterinsights_skip_tracking":false,"_monsterinsights_sitenote_active":false,"_monsterinsights_sitenote_note":"","_monsterinsights_sitenote_category":0,"cybocfi_hide_featured_image":"","footnotes":""},"categories":[80,490,75,76,77,175,83,79],"tags":[547],"infouartes":[],"class_list":["post-49588","post","type-post","status-publish","format-standard","has-post-thumbnail","hentry","category-academico","category-alumni","category-docentes","category-estudiantes","category-gestion","category-literatura","category-sedes","category-vinculo","tag-libre-libro"],"acf":[],"yoast_head":"<!-- This site is optimized with the Yoast SEO plugin v27.4 - https:\/\/yoast.com\/product\/yoast-seo-wordpress\/ -->\n<title>Universidad de las Artes - Recorrido por los estands de los sellos editoriales presentes en Libre Libro<\/title>\n<meta name=\"description\" content=\"Universidad de las Artes - Recorrido por los estands de los sellos editoriales presentes en Libre Libro\" \/>\n<meta name=\"robots\" content=\"index, follow, max-snippet:-1, max-image-preview:large, max-video-preview:-1\" \/>\n<link rel=\"canonical\" href=\"https:\/\/www.uartes.edu.ec\/sitio\/blog\/2023\/11\/10\/en-dialogo-con-los-sellos-editoriales-y-librerias-de-la-feria-de-libre-libro\/\" \/>\n<meta property=\"og:locale\" content=\"es_ES\" \/>\n<meta property=\"og:type\" content=\"article\" \/>\n<meta property=\"og:title\" content=\"Universidad de las Artes - Recorrido por los estands de los sellos editoriales presentes en Libre Libro\" \/>\n<meta property=\"og:description\" content=\"Universidad de las Artes - Recorrido por los estands de los sellos editoriales presentes en Libre Libro\" \/>\n<meta property=\"og:url\" content=\"https:\/\/www.uartes.edu.ec\/sitio\/blog\/2023\/11\/10\/en-dialogo-con-los-sellos-editoriales-y-librerias-de-la-feria-de-libre-libro\/\" \/>\n<meta property=\"og:site_name\" content=\"Universidad de las Artes\" \/>\n<meta property=\"article:publisher\" content=\"https:\/\/www.facebook.com\/uartesec\" \/>\n<meta property=\"article:published_time\" content=\"2023-11-10T16:08:00+00:00\" \/>\n<meta property=\"article:modified_time\" content=\"2024-07-04T16:20:29+00:00\" \/>\n<meta property=\"og:image\" content=\"https:\/\/www.uartes.edu.ec\/sitio\/wp-content\/uploads\/2024\/01\/04-LIBRE-LIBRO-2023.jpg\" \/>\n\t<meta property=\"og:image:width\" content=\"2000\" \/>\n\t<meta property=\"og:image:height\" content=\"1333\" \/>\n\t<meta property=\"og:image:type\" content=\"image\/jpeg\" \/>\n<meta name=\"author\" content=\"ccortez\" \/>\n<meta name=\"twitter:card\" content=\"summary_large_image\" \/>\n<meta name=\"twitter:creator\" content=\"@uartesec\" \/>\n<meta name=\"twitter:site\" content=\"@uartesec\" \/>\n<meta name=\"twitter:label1\" content=\"Escrito por\" \/>\n\t<meta name=\"twitter:data1\" content=\"ccortez\" \/>\n\t<meta name=\"twitter:label2\" content=\"Tiempo de lectura\" \/>\n\t<meta name=\"twitter:data2\" content=\"5 minutos\" \/>\n<script type=\"application\/ld+json\" class=\"yoast-schema-graph\">{\"@context\":\"https:\\\/\\\/schema.org\",\"@graph\":[{\"@type\":\"Article\",\"@id\":\"https:\\\/\\\/www.uartes.edu.ec\\\/sitio\\\/blog\\\/2023\\\/11\\\/10\\\/en-dialogo-con-los-sellos-editoriales-y-librerias-de-la-feria-de-libre-libro\\\/#article\",\"isPartOf\":{\"@id\":\"https:\\\/\\\/www.uartes.edu.ec\\\/sitio\\\/blog\\\/2023\\\/11\\\/10\\\/en-dialogo-con-los-sellos-editoriales-y-librerias-de-la-feria-de-libre-libro\\\/\"},\"author\":{\"name\":\"ccortez\",\"@id\":\"https:\\\/\\\/www.uartes.edu.ec\\\/sitio\\\/#\\\/schema\\\/person\\\/efa1b8275797664fd7f13a79ccc0b1f4\"},\"headline\":\"Recorrido por los estands de los sellos editoriales presentes en Libre Libro\",\"datePublished\":\"2023-11-10T16:08:00+00:00\",\"dateModified\":\"2024-07-04T16:20:29+00:00\",\"mainEntityOfPage\":{\"@id\":\"https:\\\/\\\/www.uartes.edu.ec\\\/sitio\\\/blog\\\/2023\\\/11\\\/10\\\/en-dialogo-con-los-sellos-editoriales-y-librerias-de-la-feria-de-libre-libro\\\/\"},\"wordCount\":1025,\"commentCount\":0,\"publisher\":{\"@id\":\"https:\\\/\\\/www.uartes.edu.ec\\\/sitio\\\/#organization\"},\"image\":{\"@id\":\"https:\\\/\\\/www.uartes.edu.ec\\\/sitio\\\/blog\\\/2023\\\/11\\\/10\\\/en-dialogo-con-los-sellos-editoriales-y-librerias-de-la-feria-de-libre-libro\\\/#primaryimage\"},\"thumbnailUrl\":\"https:\\\/\\\/www.uartes.edu.ec\\\/sitio\\\/wp-content\\\/uploads\\\/2024\\\/01\\\/04-LIBRE-LIBRO-2023.jpg\",\"keywords\":[\"Libre Libro\"],\"articleSection\":[\"Acad\u00e9mico\",\"Alumni\",\"Docentes\",\"Estudiantes\",\"Gesti\u00f3n\",\"Literatura\",\"Sedes\",\"V\u00ednculo\"],\"inLanguage\":\"es\",\"potentialAction\":[{\"@type\":\"CommentAction\",\"name\":\"Comment\",\"target\":[\"https:\\\/\\\/www.uartes.edu.ec\\\/sitio\\\/blog\\\/2023\\\/11\\\/10\\\/en-dialogo-con-los-sellos-editoriales-y-librerias-de-la-feria-de-libre-libro\\\/#respond\"]}]},{\"@type\":[\"WebPage\",\"ItemPage\"],\"@id\":\"https:\\\/\\\/www.uartes.edu.ec\\\/sitio\\\/blog\\\/2023\\\/11\\\/10\\\/en-dialogo-con-los-sellos-editoriales-y-librerias-de-la-feria-de-libre-libro\\\/\",\"url\":\"https:\\\/\\\/www.uartes.edu.ec\\\/sitio\\\/blog\\\/2023\\\/11\\\/10\\\/en-dialogo-con-los-sellos-editoriales-y-librerias-de-la-feria-de-libre-libro\\\/\",\"name\":\"Universidad de las Artes - Recorrido por los estands de los sellos editoriales presentes en Libre Libro\",\"isPartOf\":{\"@id\":\"https:\\\/\\\/www.uartes.edu.ec\\\/sitio\\\/#website\"},\"primaryImageOfPage\":{\"@id\":\"https:\\\/\\\/www.uartes.edu.ec\\\/sitio\\\/blog\\\/2023\\\/11\\\/10\\\/en-dialogo-con-los-sellos-editoriales-y-librerias-de-la-feria-de-libre-libro\\\/#primaryimage\"},\"image\":{\"@id\":\"https:\\\/\\\/www.uartes.edu.ec\\\/sitio\\\/blog\\\/2023\\\/11\\\/10\\\/en-dialogo-con-los-sellos-editoriales-y-librerias-de-la-feria-de-libre-libro\\\/#primaryimage\"},\"thumbnailUrl\":\"https:\\\/\\\/www.uartes.edu.ec\\\/sitio\\\/wp-content\\\/uploads\\\/2024\\\/01\\\/04-LIBRE-LIBRO-2023.jpg\",\"datePublished\":\"2023-11-10T16:08:00+00:00\",\"dateModified\":\"2024-07-04T16:20:29+00:00\",\"description\":\"Universidad de las Artes - Recorrido por los estands de los sellos editoriales presentes en Libre Libro\",\"breadcrumb\":{\"@id\":\"https:\\\/\\\/www.uartes.edu.ec\\\/sitio\\\/blog\\\/2023\\\/11\\\/10\\\/en-dialogo-con-los-sellos-editoriales-y-librerias-de-la-feria-de-libre-libro\\\/#breadcrumb\"},\"inLanguage\":\"es\",\"potentialAction\":[{\"@type\":\"ReadAction\",\"target\":[\"https:\\\/\\\/www.uartes.edu.ec\\\/sitio\\\/blog\\\/2023\\\/11\\\/10\\\/en-dialogo-con-los-sellos-editoriales-y-librerias-de-la-feria-de-libre-libro\\\/\"]}]},{\"@type\":\"ImageObject\",\"inLanguage\":\"es\",\"@id\":\"https:\\\/\\\/www.uartes.edu.ec\\\/sitio\\\/blog\\\/2023\\\/11\\\/10\\\/en-dialogo-con-los-sellos-editoriales-y-librerias-de-la-feria-de-libre-libro\\\/#primaryimage\",\"url\":\"https:\\\/\\\/www.uartes.edu.ec\\\/sitio\\\/wp-content\\\/uploads\\\/2024\\\/01\\\/04-LIBRE-LIBRO-2023.jpg\",\"contentUrl\":\"https:\\\/\\\/www.uartes.edu.ec\\\/sitio\\\/wp-content\\\/uploads\\\/2024\\\/01\\\/04-LIBRE-LIBRO-2023.jpg\",\"width\":2000,\"height\":1333},{\"@type\":\"BreadcrumbList\",\"@id\":\"https:\\\/\\\/www.uartes.edu.ec\\\/sitio\\\/blog\\\/2023\\\/11\\\/10\\\/en-dialogo-con-los-sellos-editoriales-y-librerias-de-la-feria-de-libre-libro\\\/#breadcrumb\",\"itemListElement\":[{\"@type\":\"ListItem\",\"position\":1,\"name\":\"Inicio\",\"item\":\"https:\\\/\\\/www.uartes.edu.ec\\\/sitio\\\/\"},{\"@type\":\"ListItem\",\"position\":2,\"name\":\"Recorrido por los estands de los sellos editoriales presentes en Libre Libro\"}]},{\"@type\":\"WebSite\",\"@id\":\"https:\\\/\\\/www.uartes.edu.ec\\\/sitio\\\/#website\",\"url\":\"https:\\\/\\\/www.uartes.edu.ec\\\/sitio\\\/\",\"name\":\"Universidad de las Artes\",\"description\":\"Sitio oficial de la Universidad Nacional de las Artes del Ecuador\",\"publisher\":{\"@id\":\"https:\\\/\\\/www.uartes.edu.ec\\\/sitio\\\/#organization\"},\"potentialAction\":[{\"@type\":\"SearchAction\",\"target\":{\"@type\":\"EntryPoint\",\"urlTemplate\":\"https:\\\/\\\/www.uartes.edu.ec\\\/sitio\\\/?s={search_term_string}\"},\"query-input\":{\"@type\":\"PropertyValueSpecification\",\"valueRequired\":true,\"valueName\":\"search_term_string\"}}],\"inLanguage\":\"es\"},{\"@type\":\"Organization\",\"@id\":\"https:\\\/\\\/www.uartes.edu.ec\\\/sitio\\\/#organization\",\"name\":\"Universidad de las Artes\",\"url\":\"https:\\\/\\\/www.uartes.edu.ec\\\/sitio\\\/\",\"logo\":{\"@type\":\"ImageObject\",\"inLanguage\":\"es\",\"@id\":\"https:\\\/\\\/www.uartes.edu.ec\\\/sitio\\\/#\\\/schema\\\/logo\\\/image\\\/\",\"url\":\"https:\\\/\\\/www.uartes.edu.ec\\\/sitio\\\/wp-content\\\/uploads\\\/2022\\\/07\\\/logo-ua-horizontal.png\",\"contentUrl\":\"https:\\\/\\\/www.uartes.edu.ec\\\/sitio\\\/wp-content\\\/uploads\\\/2022\\\/07\\\/logo-ua-horizontal.png\",\"width\":800,\"height\":276,\"caption\":\"Universidad de las Artes\"},\"image\":{\"@id\":\"https:\\\/\\\/www.uartes.edu.ec\\\/sitio\\\/#\\\/schema\\\/logo\\\/image\\\/\"},\"sameAs\":[\"https:\\\/\\\/www.facebook.com\\\/uartesec\",\"https:\\\/\\\/x.com\\\/uartesec\",\"https:\\\/\\\/www.tiktok.com\\\/@uartesec\"]},{\"@type\":\"Person\",\"@id\":\"https:\\\/\\\/www.uartes.edu.ec\\\/sitio\\\/#\\\/schema\\\/person\\\/efa1b8275797664fd7f13a79ccc0b1f4\",\"name\":\"ccortez\",\"image\":{\"@type\":\"ImageObject\",\"inLanguage\":\"es\",\"@id\":\"https:\\\/\\\/secure.gravatar.com\\\/avatar\\\/b2a6f664a3ae8e074346ef91775736c5ec479e637ecced6842de9dc98b5da9cd?s=96&d=mm&r=g\",\"url\":\"https:\\\/\\\/secure.gravatar.com\\\/avatar\\\/b2a6f664a3ae8e074346ef91775736c5ec479e637ecced6842de9dc98b5da9cd?s=96&d=mm&r=g\",\"contentUrl\":\"https:\\\/\\\/secure.gravatar.com\\\/avatar\\\/b2a6f664a3ae8e074346ef91775736c5ec479e637ecced6842de9dc98b5da9cd?s=96&d=mm&r=g\",\"caption\":\"ccortez\"},\"url\":\"https:\\\/\\\/www.uartes.edu.ec\\\/sitio\\\/blog\\\/author\\\/ccortez\\\/\"}]}<\/script>\n<!-- \/ Yoast SEO plugin. -->","yoast_head_json":{"title":"Universidad de las Artes - Recorrido por los estands de los sellos editoriales presentes en Libre Libro","description":"Universidad de las Artes - Recorrido por los estands de los sellos editoriales presentes en Libre Libro","robots":{"index":"index","follow":"follow","max-snippet":"max-snippet:-1","max-image-preview":"max-image-preview:large","max-video-preview":"max-video-preview:-1"},"canonical":"https:\/\/www.uartes.edu.ec\/sitio\/blog\/2023\/11\/10\/en-dialogo-con-los-sellos-editoriales-y-librerias-de-la-feria-de-libre-libro\/","og_locale":"es_ES","og_type":"article","og_title":"Universidad de las Artes - Recorrido por los estands de los sellos editoriales presentes en Libre Libro","og_description":"Universidad de las Artes - Recorrido por los estands de los sellos editoriales presentes en Libre Libro","og_url":"https:\/\/www.uartes.edu.ec\/sitio\/blog\/2023\/11\/10\/en-dialogo-con-los-sellos-editoriales-y-librerias-de-la-feria-de-libre-libro\/","og_site_name":"Universidad de las Artes","article_publisher":"https:\/\/www.facebook.com\/uartesec","article_published_time":"2023-11-10T16:08:00+00:00","article_modified_time":"2024-07-04T16:20:29+00:00","og_image":[{"width":2000,"height":1333,"url":"https:\/\/www.uartes.edu.ec\/sitio\/wp-content\/uploads\/2024\/01\/04-LIBRE-LIBRO-2023.jpg","type":"image\/jpeg"}],"author":"ccortez","twitter_card":"summary_large_image","twitter_creator":"@uartesec","twitter_site":"@uartesec","twitter_misc":{"Escrito por":"ccortez","Tiempo de lectura":"5 minutos"},"schema":{"@context":"https:\/\/schema.org","@graph":[{"@type":"Article","@id":"https:\/\/www.uartes.edu.ec\/sitio\/blog\/2023\/11\/10\/en-dialogo-con-los-sellos-editoriales-y-librerias-de-la-feria-de-libre-libro\/#article","isPartOf":{"@id":"https:\/\/www.uartes.edu.ec\/sitio\/blog\/2023\/11\/10\/en-dialogo-con-los-sellos-editoriales-y-librerias-de-la-feria-de-libre-libro\/"},"author":{"name":"ccortez","@id":"https:\/\/www.uartes.edu.ec\/sitio\/#\/schema\/person\/efa1b8275797664fd7f13a79ccc0b1f4"},"headline":"Recorrido por los estands de los sellos editoriales presentes en Libre Libro","datePublished":"2023-11-10T16:08:00+00:00","dateModified":"2024-07-04T16:20:29+00:00","mainEntityOfPage":{"@id":"https:\/\/www.uartes.edu.ec\/sitio\/blog\/2023\/11\/10\/en-dialogo-con-los-sellos-editoriales-y-librerias-de-la-feria-de-libre-libro\/"},"wordCount":1025,"commentCount":0,"publisher":{"@id":"https:\/\/www.uartes.edu.ec\/sitio\/#organization"},"image":{"@id":"https:\/\/www.uartes.edu.ec\/sitio\/blog\/2023\/11\/10\/en-dialogo-con-los-sellos-editoriales-y-librerias-de-la-feria-de-libre-libro\/#primaryimage"},"thumbnailUrl":"https:\/\/www.uartes.edu.ec\/sitio\/wp-content\/uploads\/2024\/01\/04-LIBRE-LIBRO-2023.jpg","keywords":["Libre Libro"],"articleSection":["Acad\u00e9mico","Alumni","Docentes","Estudiantes","Gesti\u00f3n","Literatura","Sedes","V\u00ednculo"],"inLanguage":"es","potentialAction":[{"@type":"CommentAction","name":"Comment","target":["https:\/\/www.uartes.edu.ec\/sitio\/blog\/2023\/11\/10\/en-dialogo-con-los-sellos-editoriales-y-librerias-de-la-feria-de-libre-libro\/#respond"]}]},{"@type":["WebPage","ItemPage"],"@id":"https:\/\/www.uartes.edu.ec\/sitio\/blog\/2023\/11\/10\/en-dialogo-con-los-sellos-editoriales-y-librerias-de-la-feria-de-libre-libro\/","url":"https:\/\/www.uartes.edu.ec\/sitio\/blog\/2023\/11\/10\/en-dialogo-con-los-sellos-editoriales-y-librerias-de-la-feria-de-libre-libro\/","name":"Universidad de las Artes - Recorrido por los estands de los sellos editoriales presentes en Libre Libro","isPartOf":{"@id":"https:\/\/www.uartes.edu.ec\/sitio\/#website"},"primaryImageOfPage":{"@id":"https:\/\/www.uartes.edu.ec\/sitio\/blog\/2023\/11\/10\/en-dialogo-con-los-sellos-editoriales-y-librerias-de-la-feria-de-libre-libro\/#primaryimage"},"image":{"@id":"https:\/\/www.uartes.edu.ec\/sitio\/blog\/2023\/11\/10\/en-dialogo-con-los-sellos-editoriales-y-librerias-de-la-feria-de-libre-libro\/#primaryimage"},"thumbnailUrl":"https:\/\/www.uartes.edu.ec\/sitio\/wp-content\/uploads\/2024\/01\/04-LIBRE-LIBRO-2023.jpg","datePublished":"2023-11-10T16:08:00+00:00","dateModified":"2024-07-04T16:20:29+00:00","description":"Universidad de las Artes - Recorrido por los estands de los sellos editoriales presentes en Libre Libro","breadcrumb":{"@id":"https:\/\/www.uartes.edu.ec\/sitio\/blog\/2023\/11\/10\/en-dialogo-con-los-sellos-editoriales-y-librerias-de-la-feria-de-libre-libro\/#breadcrumb"},"inLanguage":"es","potentialAction":[{"@type":"ReadAction","target":["https:\/\/www.uartes.edu.ec\/sitio\/blog\/2023\/11\/10\/en-dialogo-con-los-sellos-editoriales-y-librerias-de-la-feria-de-libre-libro\/"]}]},{"@type":"ImageObject","inLanguage":"es","@id":"https:\/\/www.uartes.edu.ec\/sitio\/blog\/2023\/11\/10\/en-dialogo-con-los-sellos-editoriales-y-librerias-de-la-feria-de-libre-libro\/#primaryimage","url":"https:\/\/www.uartes.edu.ec\/sitio\/wp-content\/uploads\/2024\/01\/04-LIBRE-LIBRO-2023.jpg","contentUrl":"https:\/\/www.uartes.edu.ec\/sitio\/wp-content\/uploads\/2024\/01\/04-LIBRE-LIBRO-2023.jpg","width":2000,"height":1333},{"@type":"BreadcrumbList","@id":"https:\/\/www.uartes.edu.ec\/sitio\/blog\/2023\/11\/10\/en-dialogo-con-los-sellos-editoriales-y-librerias-de-la-feria-de-libre-libro\/#breadcrumb","itemListElement":[{"@type":"ListItem","position":1,"name":"Inicio","item":"https:\/\/www.uartes.edu.ec\/sitio\/"},{"@type":"ListItem","position":2,"name":"Recorrido por los estands de los sellos editoriales presentes en Libre Libro"}]},{"@type":"WebSite","@id":"https:\/\/www.uartes.edu.ec\/sitio\/#website","url":"https:\/\/www.uartes.edu.ec\/sitio\/","name":"Universidad de las Artes","description":"Sitio oficial de la Universidad Nacional de las Artes del Ecuador","publisher":{"@id":"https:\/\/www.uartes.edu.ec\/sitio\/#organization"},"potentialAction":[{"@type":"SearchAction","target":{"@type":"EntryPoint","urlTemplate":"https:\/\/www.uartes.edu.ec\/sitio\/?s={search_term_string}"},"query-input":{"@type":"PropertyValueSpecification","valueRequired":true,"valueName":"search_term_string"}}],"inLanguage":"es"},{"@type":"Organization","@id":"https:\/\/www.uartes.edu.ec\/sitio\/#organization","name":"Universidad de las Artes","url":"https:\/\/www.uartes.edu.ec\/sitio\/","logo":{"@type":"ImageObject","inLanguage":"es","@id":"https:\/\/www.uartes.edu.ec\/sitio\/#\/schema\/logo\/image\/","url":"https:\/\/www.uartes.edu.ec\/sitio\/wp-content\/uploads\/2022\/07\/logo-ua-horizontal.png","contentUrl":"https:\/\/www.uartes.edu.ec\/sitio\/wp-content\/uploads\/2022\/07\/logo-ua-horizontal.png","width":800,"height":276,"caption":"Universidad de las Artes"},"image":{"@id":"https:\/\/www.uartes.edu.ec\/sitio\/#\/schema\/logo\/image\/"},"sameAs":["https:\/\/www.facebook.com\/uartesec","https:\/\/x.com\/uartesec","https:\/\/www.tiktok.com\/@uartesec"]},{"@type":"Person","@id":"https:\/\/www.uartes.edu.ec\/sitio\/#\/schema\/person\/efa1b8275797664fd7f13a79ccc0b1f4","name":"ccortez","image":{"@type":"ImageObject","inLanguage":"es","@id":"https:\/\/secure.gravatar.com\/avatar\/b2a6f664a3ae8e074346ef91775736c5ec479e637ecced6842de9dc98b5da9cd?s=96&d=mm&r=g","url":"https:\/\/secure.gravatar.com\/avatar\/b2a6f664a3ae8e074346ef91775736c5ec479e637ecced6842de9dc98b5da9cd?s=96&d=mm&r=g","contentUrl":"https:\/\/secure.gravatar.com\/avatar\/b2a6f664a3ae8e074346ef91775736c5ec479e637ecced6842de9dc98b5da9cd?s=96&d=mm&r=g","caption":"ccortez"},"url":"https:\/\/www.uartes.edu.ec\/sitio\/blog\/author\/ccortez\/"}]}},"uagb_featured_image_src":{"full":["https:\/\/www.uartes.edu.ec\/sitio\/wp-content\/uploads\/2024\/01\/04-LIBRE-LIBRO-2023.jpg",2000,1333,false],"thumbnail":["https:\/\/www.uartes.edu.ec\/sitio\/wp-content\/uploads\/2024\/01\/04-LIBRE-LIBRO-2023-150x150.jpg",150,150,true],"medium":["https:\/\/www.uartes.edu.ec\/sitio\/wp-content\/uploads\/2024\/01\/04-LIBRE-LIBRO-2023-300x200.jpg",300,200,true],"medium_large":["https:\/\/www.uartes.edu.ec\/sitio\/wp-content\/uploads\/2024\/01\/04-LIBRE-LIBRO-2023-768x512.jpg",768,512,true],"large":["https:\/\/www.uartes.edu.ec\/sitio\/wp-content\/uploads\/2024\/01\/04-LIBRE-LIBRO-2023-644x429.jpg",644,429,true],"1536x1536":["https:\/\/www.uartes.edu.ec\/sitio\/wp-content\/uploads\/2024\/01\/04-LIBRE-LIBRO-2023-1536x1024.jpg",1536,1024,true],"2048x2048":["https:\/\/www.uartes.edu.ec\/sitio\/wp-content\/uploads\/2024\/01\/04-LIBRE-LIBRO-2023.jpg",2000,1333,false],"trp-custom-language-flag":["https:\/\/www.uartes.edu.ec\/sitio\/wp-content\/uploads\/2024\/01\/04-LIBRE-LIBRO-2023.jpg",18,12,false],"htmega_size_585x295":["https:\/\/www.uartes.edu.ec\/sitio\/wp-content\/uploads\/2024\/01\/04-LIBRE-LIBRO-2023-585x295.jpg",585,295,true],"htmega_size_1170x536":["https:\/\/www.uartes.edu.ec\/sitio\/wp-content\/uploads\/2024\/01\/04-LIBRE-LIBRO-2023-1170x536.jpg",1170,536,true],"htmega_size_396x360":["https:\/\/www.uartes.edu.ec\/sitio\/wp-content\/uploads\/2024\/01\/04-LIBRE-LIBRO-2023-396x360.jpg",396,360,true],"gb-block-post-grid-landscape":["https:\/\/www.uartes.edu.ec\/sitio\/wp-content\/uploads\/2024\/01\/04-LIBRE-LIBRO-2023-600x400.jpg",600,400,true],"gb-block-post-grid-square":["https:\/\/www.uartes.edu.ec\/sitio\/wp-content\/uploads\/2024\/01\/04-LIBRE-LIBRO-2023-600x600.jpg",600,600,true],"university-hub-thumb":["https:\/\/www.uartes.edu.ec\/sitio\/wp-content\/uploads\/2024\/01\/04-LIBRE-LIBRO-2023-400x267.jpg",400,267,true]},"uagb_author_info":{"display_name":"ccortez","author_link":"https:\/\/www.uartes.edu.ec\/sitio\/blog\/author\/ccortez\/"},"uagb_comment_info":0,"uagb_excerpt":"Est\u00e1n ubicados en la Plaza P\u00fablica del MZ14 Centro de Producci\u00f3n e Innovaci\u00f3n UArtes, all\u00ed donde desde el mi\u00e9rcoles 8 de noviembre se vienen desarrollando las actividades de Libre Libro. Son los estands de las editoriales independientes que participan en la IX edici\u00f3n de la cita organizada por la Universidad de las Artes y su&hellip;","featured_image_src":"https:\/\/www.uartes.edu.ec\/sitio\/wp-content\/uploads\/2024\/01\/04-LIBRE-LIBRO-2023-600x400.jpg","featured_image_src_square":"https:\/\/www.uartes.edu.ec\/sitio\/wp-content\/uploads\/2024\/01\/04-LIBRE-LIBRO-2023-600x600.jpg","author_info":{"display_name":"ccortez","author_link":"https:\/\/www.uartes.edu.ec\/sitio\/blog\/author\/ccortez\/"},"publishpress_future_workflow_manual_trigger":{"enabledWorkflows":[]},"distributor_meta":false,"distributor_terms":false,"distributor_media":false,"distributor_original_site_name":"Universidad de las Artes","distributor_original_site_url":"https:\/\/www.uartes.edu.ec\/sitio","push-errors":false,"_links":{"self":[{"href":"https:\/\/www.uartes.edu.ec\/sitio\/wp-json\/wp\/v2\/posts\/49588","targetHints":{"allow":["GET"]}}],"collection":[{"href":"https:\/\/www.uartes.edu.ec\/sitio\/wp-json\/wp\/v2\/posts"}],"about":[{"href":"https:\/\/www.uartes.edu.ec\/sitio\/wp-json\/wp\/v2\/types\/post"}],"author":[{"embeddable":true,"href":"https:\/\/www.uartes.edu.ec\/sitio\/wp-json\/wp\/v2\/users\/10"}],"replies":[{"embeddable":true,"href":"https:\/\/www.uartes.edu.ec\/sitio\/wp-json\/wp\/v2\/comments?post=49588"}],"version-history":[{"count":16,"href":"https:\/\/www.uartes.edu.ec\/sitio\/wp-json\/wp\/v2\/posts\/49588\/revisions"}],"predecessor-version":[{"id":49621,"href":"https:\/\/www.uartes.edu.ec\/sitio\/wp-json\/wp\/v2\/posts\/49588\/revisions\/49621"}],"wp:featuredmedia":[{"embeddable":true,"href":"https:\/\/www.uartes.edu.ec\/sitio\/wp-json\/wp\/v2\/media\/49589"}],"wp:attachment":[{"href":"https:\/\/www.uartes.edu.ec\/sitio\/wp-json\/wp\/v2\/media?parent=49588"}],"wp:term":[{"taxonomy":"category","embeddable":true,"href":"https:\/\/www.uartes.edu.ec\/sitio\/wp-json\/wp\/v2\/categories?post=49588"},{"taxonomy":"post_tag","embeddable":true,"href":"https:\/\/www.uartes.edu.ec\/sitio\/wp-json\/wp\/v2\/tags?post=49588"},{"taxonomy":"infouartes","embeddable":true,"href":"https:\/\/www.uartes.edu.ec\/sitio\/wp-json\/wp\/v2\/infouartes?post=49588"}],"curies":[{"name":"wp","href":"https:\/\/api.w.org\/{rel}","templated":true}]}}