{"id":50662,"date":"2024-02-07T14:30:43","date_gmt":"2024-02-07T19:30:43","guid":{"rendered":"https:\/\/www.uartes.edu.ec\/sitio\/?p=50662"},"modified":"2024-12-19T19:58:27","modified_gmt":"2024-12-20T00:58:27","slug":"obras-de-videoarte-de-alumni-en-muestra-continuum-que-inaugura-el-ccm-de-quito","status":"publish","type":"post","link":"https:\/\/www.uartes.edu.ec\/sitio\/blog\/2024\/02\/07\/obras-de-videoarte-de-alumni-en-muestra-continuum-que-inaugura-el-ccm-de-quito\/","title":{"rendered":"Alumni Daya Ortiz y Lisbeth Carvajal con obras de videoarte en plataforma \u201cContinuum\u201d; se inaugurar\u00e1 en el CCM"},"content":{"rendered":"\n<p>Daya Ortiz y Lisbeth Carvajal, quienes se graduaron en la UArtes en la carrera de Artes Visuales, participan junto a los tambi\u00e9n artistas Andr\u00e9s Marcial, Nicol\u00e1s Salas y Jos\u00e9 Alejandro Salgado en \u201cContinuum\u201d, una plataforma expositiva de videoarte que utiliza dispositivos m\u00f3viles como soporte y que este s\u00e1bado 10 de febrero inaugurar\u00e1 su primera muestra.<\/p>\n\n\n\n<p>Tendr\u00e1 lugar, a las 12:00, en el Patio Norte del Centro Cultural Metropolitano (CCM) de Quito, que dirige el fot\u00f3grafo, artista visual e investigador Francois Laso, que fue docente de la UArtes y tambi\u00e9n dirigi\u00f3 el CIF (Centro de Investigaci\u00f3n sobre Fotograf\u00eda). El p\u00fablico que asista a la exposici\u00f3n \u201cContinuum\u201d podr\u00e1 acceder mediante esta plataforma a las diez piezas audiovisuales, creadas por los artistas expositores.<\/p>\n\n\n\n<p>\u201cContinuum\u201d fue beneficiaria en la convocatoria del Instituto de Fomento a la Creatividad y la Innovaci\u00f3n (IFCI) del Ministerio de Cultura y Patrimonio en 2023, a la que llev\u00f3 la propuesta de acercar a los espectadores a nuevas maneras del uso de la tecnolog\u00eda digital y despertar la curiosidad sobre la utilizaci\u00f3n del software de acceso libre para crear exposiciones art\u00edsticas en soportes digitales.<\/p>\n\n\n\n<p>El sitio <a href=\"https:\/\/collcontinuum.com\">https:\/\/collcontinuum.com<\/a> indica que el proyecto de arte digital surgi\u00f3 de la colaboraci\u00f3n de video-artistas ecuatorianos que de manera t\u00e1cita cuestionan al entendimiento de la espacialidad expositiva, la experiencia del tiempo y la noci\u00f3n de colectividad a trav\u00e9s de la pantalla. En el texto curatorial Andr\u00e9s Marcial, quien codirigi\u00f3, conceptualiz\u00f3 y produjo la propuesta con Nicol\u00e1s Salas, su director, explica que \u201cContinuum\u201d se sirve de la esencia c\u00f3smica del movimiento relativo, es decir, al movimiento de un observador o marco de referencia (sistema de coordenadas o un conjunto de ejes que se utilizan para describir la posici\u00f3n y el movimiento de los objetos) con respecto a otro y, consecuentemente, al tiempo de nuestra experiencia subjetiva.<\/p>\n\n\n<div class=\"wp-block-image\">\n<figure class=\"aligncenter size-large\"><img fetchpriority=\"high\" decoding=\"async\" width=\"644\" height=\"429\" src=\"https:\/\/www.uartes.edu.ec\/sitio\/wp-content\/uploads\/2024\/02\/as1-1-644x429.jpg\" alt=\"\" class=\"wp-image-50669\" srcset=\"https:\/\/www.uartes.edu.ec\/sitio\/wp-content\/uploads\/2024\/02\/as1-1-644x429.jpg 644w, https:\/\/www.uartes.edu.ec\/sitio\/wp-content\/uploads\/2024\/02\/as1-1-768x511.jpg 768w, https:\/\/www.uartes.edu.ec\/sitio\/wp-content\/uploads\/2024\/02\/as1-1.jpg 2000w, https:\/\/www.uartes.edu.ec\/sitio\/wp-content\/uploads\/2024\/02\/as1-1-600x399.jpg 600w, https:\/\/www.uartes.edu.ec\/sitio\/wp-content\/uploads\/2024\/02\/as1-1-272x182.jpg 272w\" sizes=\"(max-width: 644px) 100vw, 644px\" \/><\/figure>\n<\/div>\n\n\n<h3 class=\"wp-block-heading\">La percepci\u00f3n del tiempo en las diez obras de videoarte<\/h3>\n\n\n\n<p>As\u00ed, las diez obras de videoarte que se expondr\u00e1n abordan a la tem\u00e1tica de la percepci\u00f3n del tiempo creadas espec\u00edficamente para la plataforma-instalaci\u00f3n art\u00edstica \u201cContinuum\u201d, compuesta de una aplicaci\u00f3n digital, la cual, luego de ser descargada, funciona en los dispositivos celulares de los espectadores por medio de beacons de bluetooth (dispositivos peque\u00f1os que utilizan Bluetooth Low Energy para transmitir se\u00f1ales a tel\u00e9fonos inteligentes u otros dispositivos cercanos) que delimitan un radio de transmisi\u00f3n de cada obra de videoarte. \u201cUna estructura arquitect\u00f3nico-sonora compuesta por cinco estaciones \u2500una estaci\u00f3n por cada video de cada artista\u2500 es superpuesta a la estructura del patio central del CCM. Paralelamente, el recorrido del espectador es registrado por un c\u00e1mara que toma fotograf\u00edas de larga exposici\u00f3n que se presentan en una escultura hologr\u00e1fica del remanente (\u2026)\u201d, explica Marcial en su curadur\u00eda.<\/p>\n\n\n\n<p>Agrega que, si bien \u201cContinuum\u201d es una colaboraci\u00f3n art\u00edstica que uni\u00f3 a cinco videoartistas de diferentes disciplinas, l\u00edneas de pensamiento y regiones del pa\u00eds, en el desarrollo de sus aplicaciones interactivas intervino un equipo de producci\u00f3n y creaci\u00f3n conformado por Andr\u00e9s Parra, Christian L\u00f3pez y Diego Veintimilla (docente y alumnos de la Escuela de Medios Interactivos de la Universidad San Francisco de Quito) y del dise\u00f1o sonoro de Adri\u00e1n Cabezas.<\/p>\n\n\n\n<p>Menciona, adem\u00e1s, las temporalidades abordadas en esta exposici\u00f3n. La \u201cTemporalidad de lo liminar\u201d, estaci\u00f3n que es la entrada a la instalaci\u00f3n art\u00edstica y muestra los videos de Lisbeth Carvajal, quien hace evidentes las herramientas de edici\u00f3n propias del medio videogr\u00e1fico, como el corte, el pegado y la transici\u00f3n; operaciones que permiten configurar a una piel que no solo tiene la funci\u00f3n de barrera, sino a la vez de filtro, es decir, la sucesi\u00f3n de fotogramas sacados de fotograf\u00edas de su archivo personal, editados para generar la ilusi\u00f3n de movimiento aparente.<\/p>\n\n\n<div class=\"wp-block-image\">\n<figure class=\"aligncenter size-large\"><img decoding=\"async\" width=\"644\" height=\"429\" src=\"https:\/\/www.uartes.edu.ec\/sitio\/wp-content\/uploads\/2024\/02\/as3-644x429.jpg\" alt=\"\" class=\"wp-image-50670\" srcset=\"https:\/\/www.uartes.edu.ec\/sitio\/wp-content\/uploads\/2024\/02\/as3-644x429.jpg 644w, https:\/\/www.uartes.edu.ec\/sitio\/wp-content\/uploads\/2024\/02\/as3-768x511.jpg 768w, https:\/\/www.uartes.edu.ec\/sitio\/wp-content\/uploads\/2024\/02\/as3.jpg 2000w, https:\/\/www.uartes.edu.ec\/sitio\/wp-content\/uploads\/2024\/02\/as3-600x399.jpg 600w, https:\/\/www.uartes.edu.ec\/sitio\/wp-content\/uploads\/2024\/02\/as3-272x182.jpg 272w\" sizes=\"(max-width: 644px) 100vw, 644px\" \/><\/figure>\n<\/div>\n\n\n<p>\u201cTemporalidad de lo n\u00f3mada\u201d. Los videos de Jos\u00e9 Alejandro Salgado transitan entre lo digital y lo material, lo virtual y lo presente, son indeterminados e indeterminantes debido a que la textualidad que plantea en sus narrativas se encuentra en un continuo fluctuar entre la contextualizaci\u00f3n y la descontextualizaci\u00f3n. El artista parte de registros principalmente sonoros que son tomados de la realidad inmediata y son la base para crear composiciones musicales atmosf\u00e9ricas que cumplen la funci\u00f3n de contexto.<\/p>\n\n\n\n<p>\u201cTemporalidad de lo entr\u00f3pico\u201d. Los videos de Nicol\u00e1s Salas exploran el car\u00e1cter c\u00f3smico de la existencia en obras de videoarte y modelado en 3D. Estas se inspiran en las ideas de Sean Carroll sobre la entrop\u00eda y la cosmolog\u00eda c\u00edclica. La ilusi\u00f3n h\u00e1ptica que muestran sus videos hace perceptible y v\u00edvida a la interacci\u00f3n din\u00e1mica entre orden y desorden remitidos a aspectos propios de la existencia humana tales como la memoria, el origen de la subjetividad, la vida y la muerte, reflejando la naturaleza c\u00edclica propuesta en las teor\u00edas de Carroll.<\/p>\n\n\n\n<p>\u201cTemporalidad de lo traum\u00e1tico\u201d. De acuerdo con el psicoan\u00e1lisis el trauma es atemporal, no se define por duraci\u00f3n sino por permanencia, la cual marca un hito dentro de la vida de un individuo o dentro de la memoria de una colectividad y el inconsciente social. En sus dos videonarrativas, anota Marcial, aborda a la (a)temporalidad del trauma en su funci\u00f3n de dispositivo de formaci\u00f3n de subjetividades, pero, a su vez, como dispositivo para la inscripci\u00f3n individual dentro del orden social y consecuentemente pol\u00edtico.<\/p>\n\n\n\n<p>\u201cTemporalidad de lo abyecto\u201d. Los video-performances de Daya Ortiz muestran acciones que en combinaci\u00f3n con el uso exacerbado de texturas sonoras generan una afecci\u00f3n h\u00e1ptica; performa solo frente a la c\u00e1mara, sin embargo, su accionar demuestra la presencia de un otro invisible que es demasiado cercano para \u00e9l como para nosotros, los espectadores. La distorsi\u00f3n prox\u00e9mica que nos presenta son a la vez video-narrativas que hacen alusi\u00f3n a la invasi\u00f3n de lo ominoso dentro de la esfera \u00edntima, los guantes, la inundaci\u00f3n, el escenario de baldosas blancas manchadas, no solo que aluden a una imposibilidad de limpieza, sino al p\u00e1nico total frente a una potencial muerte.<\/p>\n\n\n\n<p>Im\u00e1genes tomadas del sitio <a href=\"https:\/\/collcontinuum.com\/\">https:\/\/collcontinuum.com\/<\/a><\/p>\n","protected":false},"excerpt":{"rendered":"<p>\u201cContinuum\u201d busca acercar a los espectadores a nuevas maneras del uso de la tecnolog\u00eda digital y despertar curiosidad sobre el software de acceso libre para crear exposiciones art\u00edsticas en soportes digitales. Entre los artistas participantes est\u00e1n los alumni Daya Ortiz y Lisbeth Carvajal. La plataforma expositiva se inaugurar\u00e1 con obras de videoarte en el Centro Cultural Metropolitano (CCM) de Quito.<\/p>\n","protected":false},"author":10,"featured_media":50668,"comment_status":"open","ping_status":"open","sticky":false,"template":"","format":"standard","meta":{"_acf_changed":false,"_uag_custom_page_level_css":"","_monsterinsights_skip_tracking":false,"_monsterinsights_sitenote_active":false,"_monsterinsights_sitenote_note":"","_monsterinsights_sitenote_category":0,"cybocfi_hide_featured_image":"","footnotes":""},"categories":[717,490,82,157],"tags":[1103],"infouartes":[],"class_list":["post-50662","post","type-post","status-publish","format-standard","has-post-thumbnail","hentry","category-1d","category-alumni","category-artes","category-artes-visuales","tag-plataforma-expositiva"],"acf":[],"yoast_head":"<!-- This site is optimized with the Yoast SEO plugin v27.4 - https:\/\/yoast.com\/product\/yoast-seo-wordpress\/ -->\n<title>Universidad de las Artes - Alumni Daya Ortiz y Lisbeth Carvajal con obras de videoarte en plataforma \u201cContinuum\u201d; se inaugurar\u00e1 en el CCM<\/title>\n<meta name=\"description\" content=\"Universidad de las Artes - Alumni Daya Ortiz y Lisbeth Carvajal con obras de videoarte en plataforma \u201cContinuum\u201d; se inaugurar\u00e1 en el CCM\" \/>\n<meta name=\"robots\" content=\"index, follow, max-snippet:-1, max-image-preview:large, max-video-preview:-1\" \/>\n<link rel=\"canonical\" href=\"https:\/\/www.uartes.edu.ec\/sitio\/blog\/2024\/02\/07\/obras-de-videoarte-de-alumni-en-muestra-continuum-que-inaugura-el-ccm-de-quito\/\" \/>\n<meta property=\"og:locale\" content=\"es_ES\" \/>\n<meta property=\"og:type\" content=\"article\" \/>\n<meta property=\"og:title\" content=\"Universidad de las Artes - Alumni Daya Ortiz y Lisbeth Carvajal con obras de videoarte en plataforma \u201cContinuum\u201d; se inaugurar\u00e1 en el CCM\" \/>\n<meta property=\"og:description\" content=\"Universidad de las Artes - Alumni Daya Ortiz y Lisbeth Carvajal con obras de videoarte en plataforma \u201cContinuum\u201d; se inaugurar\u00e1 en el CCM\" \/>\n<meta property=\"og:url\" content=\"https:\/\/www.uartes.edu.ec\/sitio\/blog\/2024\/02\/07\/obras-de-videoarte-de-alumni-en-muestra-continuum-que-inaugura-el-ccm-de-quito\/\" \/>\n<meta property=\"og:site_name\" content=\"Universidad de las Artes\" \/>\n<meta property=\"article:publisher\" content=\"https:\/\/www.facebook.com\/uartesec\" \/>\n<meta property=\"article:published_time\" content=\"2024-02-07T19:30:43+00:00\" \/>\n<meta property=\"article:modified_time\" content=\"2024-12-20T00:58:27+00:00\" \/>\n<meta property=\"og:image\" content=\"https:\/\/www.uartes.edu.ec\/sitio\/wp-content\/uploads\/2024\/02\/as2-1.jpg\" \/>\n\t<meta property=\"og:image:width\" content=\"2000\" \/>\n\t<meta property=\"og:image:height\" content=\"1333\" \/>\n\t<meta property=\"og:image:type\" content=\"image\/jpeg\" \/>\n<meta name=\"author\" content=\"ccortez\" \/>\n<meta name=\"twitter:card\" content=\"summary_large_image\" \/>\n<meta name=\"twitter:creator\" content=\"@uartesec\" \/>\n<meta name=\"twitter:site\" content=\"@uartesec\" \/>\n<meta name=\"twitter:label1\" content=\"Escrito por\" \/>\n\t<meta name=\"twitter:data1\" content=\"ccortez\" \/>\n\t<meta name=\"twitter:label2\" content=\"Tiempo de lectura\" \/>\n\t<meta name=\"twitter:data2\" content=\"6 minutos\" \/>\n<script type=\"application\/ld+json\" class=\"yoast-schema-graph\">{\"@context\":\"https:\\\/\\\/schema.org\",\"@graph\":[{\"@type\":\"Article\",\"@id\":\"https:\\\/\\\/www.uartes.edu.ec\\\/sitio\\\/blog\\\/2024\\\/02\\\/07\\\/obras-de-videoarte-de-alumni-en-muestra-continuum-que-inaugura-el-ccm-de-quito\\\/#article\",\"isPartOf\":{\"@id\":\"https:\\\/\\\/www.uartes.edu.ec\\\/sitio\\\/blog\\\/2024\\\/02\\\/07\\\/obras-de-videoarte-de-alumni-en-muestra-continuum-que-inaugura-el-ccm-de-quito\\\/\"},\"author\":{\"name\":\"ccortez\",\"@id\":\"https:\\\/\\\/www.uartes.edu.ec\\\/sitio\\\/#\\\/schema\\\/person\\\/efa1b8275797664fd7f13a79ccc0b1f4\"},\"headline\":\"Alumni Daya Ortiz y Lisbeth Carvajal con obras de videoarte en plataforma \u201cContinuum\u201d; se inaugurar\u00e1 en el CCM\",\"datePublished\":\"2024-02-07T19:30:43+00:00\",\"dateModified\":\"2024-12-20T00:58:27+00:00\",\"mainEntityOfPage\":{\"@id\":\"https:\\\/\\\/www.uartes.edu.ec\\\/sitio\\\/blog\\\/2024\\\/02\\\/07\\\/obras-de-videoarte-de-alumni-en-muestra-continuum-que-inaugura-el-ccm-de-quito\\\/\"},\"wordCount\":1086,\"commentCount\":0,\"publisher\":{\"@id\":\"https:\\\/\\\/www.uartes.edu.ec\\\/sitio\\\/#organization\"},\"image\":{\"@id\":\"https:\\\/\\\/www.uartes.edu.ec\\\/sitio\\\/blog\\\/2024\\\/02\\\/07\\\/obras-de-videoarte-de-alumni-en-muestra-continuum-que-inaugura-el-ccm-de-quito\\\/#primaryimage\"},\"thumbnailUrl\":\"https:\\\/\\\/www.uartes.edu.ec\\\/sitio\\\/wp-content\\\/uploads\\\/2024\\\/02\\\/as2-1.jpg\",\"keywords\":[\"plataforma expositiva\"],\"articleSection\":[\"1D\",\"Alumni\",\"Artes\",\"Artes Visuales\"],\"inLanguage\":\"es\",\"potentialAction\":[{\"@type\":\"CommentAction\",\"name\":\"Comment\",\"target\":[\"https:\\\/\\\/www.uartes.edu.ec\\\/sitio\\\/blog\\\/2024\\\/02\\\/07\\\/obras-de-videoarte-de-alumni-en-muestra-continuum-que-inaugura-el-ccm-de-quito\\\/#respond\"]}]},{\"@type\":[\"WebPage\",\"ItemPage\"],\"@id\":\"https:\\\/\\\/www.uartes.edu.ec\\\/sitio\\\/blog\\\/2024\\\/02\\\/07\\\/obras-de-videoarte-de-alumni-en-muestra-continuum-que-inaugura-el-ccm-de-quito\\\/\",\"url\":\"https:\\\/\\\/www.uartes.edu.ec\\\/sitio\\\/blog\\\/2024\\\/02\\\/07\\\/obras-de-videoarte-de-alumni-en-muestra-continuum-que-inaugura-el-ccm-de-quito\\\/\",\"name\":\"Universidad de las Artes - Alumni Daya Ortiz y Lisbeth Carvajal con obras de videoarte en plataforma \u201cContinuum\u201d; se inaugurar\u00e1 en el CCM\",\"isPartOf\":{\"@id\":\"https:\\\/\\\/www.uartes.edu.ec\\\/sitio\\\/#website\"},\"primaryImageOfPage\":{\"@id\":\"https:\\\/\\\/www.uartes.edu.ec\\\/sitio\\\/blog\\\/2024\\\/02\\\/07\\\/obras-de-videoarte-de-alumni-en-muestra-continuum-que-inaugura-el-ccm-de-quito\\\/#primaryimage\"},\"image\":{\"@id\":\"https:\\\/\\\/www.uartes.edu.ec\\\/sitio\\\/blog\\\/2024\\\/02\\\/07\\\/obras-de-videoarte-de-alumni-en-muestra-continuum-que-inaugura-el-ccm-de-quito\\\/#primaryimage\"},\"thumbnailUrl\":\"https:\\\/\\\/www.uartes.edu.ec\\\/sitio\\\/wp-content\\\/uploads\\\/2024\\\/02\\\/as2-1.jpg\",\"datePublished\":\"2024-02-07T19:30:43+00:00\",\"dateModified\":\"2024-12-20T00:58:27+00:00\",\"description\":\"Universidad de las Artes - Alumni Daya Ortiz y Lisbeth Carvajal con obras de videoarte en plataforma \u201cContinuum\u201d; se inaugurar\u00e1 en el CCM\",\"breadcrumb\":{\"@id\":\"https:\\\/\\\/www.uartes.edu.ec\\\/sitio\\\/blog\\\/2024\\\/02\\\/07\\\/obras-de-videoarte-de-alumni-en-muestra-continuum-que-inaugura-el-ccm-de-quito\\\/#breadcrumb\"},\"inLanguage\":\"es\",\"potentialAction\":[{\"@type\":\"ReadAction\",\"target\":[\"https:\\\/\\\/www.uartes.edu.ec\\\/sitio\\\/blog\\\/2024\\\/02\\\/07\\\/obras-de-videoarte-de-alumni-en-muestra-continuum-que-inaugura-el-ccm-de-quito\\\/\"]}]},{\"@type\":\"ImageObject\",\"inLanguage\":\"es\",\"@id\":\"https:\\\/\\\/www.uartes.edu.ec\\\/sitio\\\/blog\\\/2024\\\/02\\\/07\\\/obras-de-videoarte-de-alumni-en-muestra-continuum-que-inaugura-el-ccm-de-quito\\\/#primaryimage\",\"url\":\"https:\\\/\\\/www.uartes.edu.ec\\\/sitio\\\/wp-content\\\/uploads\\\/2024\\\/02\\\/as2-1.jpg\",\"contentUrl\":\"https:\\\/\\\/www.uartes.edu.ec\\\/sitio\\\/wp-content\\\/uploads\\\/2024\\\/02\\\/as2-1.jpg\",\"width\":2000,\"height\":1333},{\"@type\":\"BreadcrumbList\",\"@id\":\"https:\\\/\\\/www.uartes.edu.ec\\\/sitio\\\/blog\\\/2024\\\/02\\\/07\\\/obras-de-videoarte-de-alumni-en-muestra-continuum-que-inaugura-el-ccm-de-quito\\\/#breadcrumb\",\"itemListElement\":[{\"@type\":\"ListItem\",\"position\":1,\"name\":\"Inicio\",\"item\":\"https:\\\/\\\/www.uartes.edu.ec\\\/sitio\\\/\"},{\"@type\":\"ListItem\",\"position\":2,\"name\":\"Alumni Daya Ortiz y Lisbeth Carvajal con obras de videoarte en plataforma \u201cContinuum\u201d; se inaugurar\u00e1 en el CCM\"}]},{\"@type\":\"WebSite\",\"@id\":\"https:\\\/\\\/www.uartes.edu.ec\\\/sitio\\\/#website\",\"url\":\"https:\\\/\\\/www.uartes.edu.ec\\\/sitio\\\/\",\"name\":\"Universidad de las Artes\",\"description\":\"Sitio oficial de la Universidad Nacional de las Artes del Ecuador\",\"publisher\":{\"@id\":\"https:\\\/\\\/www.uartes.edu.ec\\\/sitio\\\/#organization\"},\"potentialAction\":[{\"@type\":\"SearchAction\",\"target\":{\"@type\":\"EntryPoint\",\"urlTemplate\":\"https:\\\/\\\/www.uartes.edu.ec\\\/sitio\\\/?s={search_term_string}\"},\"query-input\":{\"@type\":\"PropertyValueSpecification\",\"valueRequired\":true,\"valueName\":\"search_term_string\"}}],\"inLanguage\":\"es\"},{\"@type\":\"Organization\",\"@id\":\"https:\\\/\\\/www.uartes.edu.ec\\\/sitio\\\/#organization\",\"name\":\"Universidad de las Artes\",\"url\":\"https:\\\/\\\/www.uartes.edu.ec\\\/sitio\\\/\",\"logo\":{\"@type\":\"ImageObject\",\"inLanguage\":\"es\",\"@id\":\"https:\\\/\\\/www.uartes.edu.ec\\\/sitio\\\/#\\\/schema\\\/logo\\\/image\\\/\",\"url\":\"https:\\\/\\\/www.uartes.edu.ec\\\/sitio\\\/wp-content\\\/uploads\\\/2022\\\/07\\\/logo-ua-horizontal.png\",\"contentUrl\":\"https:\\\/\\\/www.uartes.edu.ec\\\/sitio\\\/wp-content\\\/uploads\\\/2022\\\/07\\\/logo-ua-horizontal.png\",\"width\":800,\"height\":276,\"caption\":\"Universidad de las Artes\"},\"image\":{\"@id\":\"https:\\\/\\\/www.uartes.edu.ec\\\/sitio\\\/#\\\/schema\\\/logo\\\/image\\\/\"},\"sameAs\":[\"https:\\\/\\\/www.facebook.com\\\/uartesec\",\"https:\\\/\\\/x.com\\\/uartesec\",\"https:\\\/\\\/www.tiktok.com\\\/@uartesec\"]},{\"@type\":\"Person\",\"@id\":\"https:\\\/\\\/www.uartes.edu.ec\\\/sitio\\\/#\\\/schema\\\/person\\\/efa1b8275797664fd7f13a79ccc0b1f4\",\"name\":\"ccortez\",\"image\":{\"@type\":\"ImageObject\",\"inLanguage\":\"es\",\"@id\":\"https:\\\/\\\/secure.gravatar.com\\\/avatar\\\/b2a6f664a3ae8e074346ef91775736c5ec479e637ecced6842de9dc98b5da9cd?s=96&d=mm&r=g\",\"url\":\"https:\\\/\\\/secure.gravatar.com\\\/avatar\\\/b2a6f664a3ae8e074346ef91775736c5ec479e637ecced6842de9dc98b5da9cd?s=96&d=mm&r=g\",\"contentUrl\":\"https:\\\/\\\/secure.gravatar.com\\\/avatar\\\/b2a6f664a3ae8e074346ef91775736c5ec479e637ecced6842de9dc98b5da9cd?s=96&d=mm&r=g\",\"caption\":\"ccortez\"},\"url\":\"https:\\\/\\\/www.uartes.edu.ec\\\/sitio\\\/blog\\\/author\\\/ccortez\\\/\"}]}<\/script>\n<!-- \/ Yoast SEO plugin. -->","yoast_head_json":{"title":"Universidad de las Artes - Alumni Daya Ortiz y Lisbeth Carvajal con obras de videoarte en plataforma \u201cContinuum\u201d; se inaugurar\u00e1 en el CCM","description":"Universidad de las Artes - Alumni Daya Ortiz y Lisbeth Carvajal con obras de videoarte en plataforma \u201cContinuum\u201d; se inaugurar\u00e1 en el CCM","robots":{"index":"index","follow":"follow","max-snippet":"max-snippet:-1","max-image-preview":"max-image-preview:large","max-video-preview":"max-video-preview:-1"},"canonical":"https:\/\/www.uartes.edu.ec\/sitio\/blog\/2024\/02\/07\/obras-de-videoarte-de-alumni-en-muestra-continuum-que-inaugura-el-ccm-de-quito\/","og_locale":"es_ES","og_type":"article","og_title":"Universidad de las Artes - Alumni Daya Ortiz y Lisbeth Carvajal con obras de videoarte en plataforma \u201cContinuum\u201d; se inaugurar\u00e1 en el CCM","og_description":"Universidad de las Artes - Alumni Daya Ortiz y Lisbeth Carvajal con obras de videoarte en plataforma \u201cContinuum\u201d; se inaugurar\u00e1 en el CCM","og_url":"https:\/\/www.uartes.edu.ec\/sitio\/blog\/2024\/02\/07\/obras-de-videoarte-de-alumni-en-muestra-continuum-que-inaugura-el-ccm-de-quito\/","og_site_name":"Universidad de las Artes","article_publisher":"https:\/\/www.facebook.com\/uartesec","article_published_time":"2024-02-07T19:30:43+00:00","article_modified_time":"2024-12-20T00:58:27+00:00","og_image":[{"width":2000,"height":1333,"url":"https:\/\/www.uartes.edu.ec\/sitio\/wp-content\/uploads\/2024\/02\/as2-1.jpg","type":"image\/jpeg"}],"author":"ccortez","twitter_card":"summary_large_image","twitter_creator":"@uartesec","twitter_site":"@uartesec","twitter_misc":{"Escrito por":"ccortez","Tiempo de lectura":"6 minutos"},"schema":{"@context":"https:\/\/schema.org","@graph":[{"@type":"Article","@id":"https:\/\/www.uartes.edu.ec\/sitio\/blog\/2024\/02\/07\/obras-de-videoarte-de-alumni-en-muestra-continuum-que-inaugura-el-ccm-de-quito\/#article","isPartOf":{"@id":"https:\/\/www.uartes.edu.ec\/sitio\/blog\/2024\/02\/07\/obras-de-videoarte-de-alumni-en-muestra-continuum-que-inaugura-el-ccm-de-quito\/"},"author":{"name":"ccortez","@id":"https:\/\/www.uartes.edu.ec\/sitio\/#\/schema\/person\/efa1b8275797664fd7f13a79ccc0b1f4"},"headline":"Alumni Daya Ortiz y Lisbeth Carvajal con obras de videoarte en plataforma \u201cContinuum\u201d; se inaugurar\u00e1 en el CCM","datePublished":"2024-02-07T19:30:43+00:00","dateModified":"2024-12-20T00:58:27+00:00","mainEntityOfPage":{"@id":"https:\/\/www.uartes.edu.ec\/sitio\/blog\/2024\/02\/07\/obras-de-videoarte-de-alumni-en-muestra-continuum-que-inaugura-el-ccm-de-quito\/"},"wordCount":1086,"commentCount":0,"publisher":{"@id":"https:\/\/www.uartes.edu.ec\/sitio\/#organization"},"image":{"@id":"https:\/\/www.uartes.edu.ec\/sitio\/blog\/2024\/02\/07\/obras-de-videoarte-de-alumni-en-muestra-continuum-que-inaugura-el-ccm-de-quito\/#primaryimage"},"thumbnailUrl":"https:\/\/www.uartes.edu.ec\/sitio\/wp-content\/uploads\/2024\/02\/as2-1.jpg","keywords":["plataforma expositiva"],"articleSection":["1D","Alumni","Artes","Artes Visuales"],"inLanguage":"es","potentialAction":[{"@type":"CommentAction","name":"Comment","target":["https:\/\/www.uartes.edu.ec\/sitio\/blog\/2024\/02\/07\/obras-de-videoarte-de-alumni-en-muestra-continuum-que-inaugura-el-ccm-de-quito\/#respond"]}]},{"@type":["WebPage","ItemPage"],"@id":"https:\/\/www.uartes.edu.ec\/sitio\/blog\/2024\/02\/07\/obras-de-videoarte-de-alumni-en-muestra-continuum-que-inaugura-el-ccm-de-quito\/","url":"https:\/\/www.uartes.edu.ec\/sitio\/blog\/2024\/02\/07\/obras-de-videoarte-de-alumni-en-muestra-continuum-que-inaugura-el-ccm-de-quito\/","name":"Universidad de las Artes - Alumni Daya Ortiz y Lisbeth Carvajal con obras de videoarte en plataforma \u201cContinuum\u201d; se inaugurar\u00e1 en el CCM","isPartOf":{"@id":"https:\/\/www.uartes.edu.ec\/sitio\/#website"},"primaryImageOfPage":{"@id":"https:\/\/www.uartes.edu.ec\/sitio\/blog\/2024\/02\/07\/obras-de-videoarte-de-alumni-en-muestra-continuum-que-inaugura-el-ccm-de-quito\/#primaryimage"},"image":{"@id":"https:\/\/www.uartes.edu.ec\/sitio\/blog\/2024\/02\/07\/obras-de-videoarte-de-alumni-en-muestra-continuum-que-inaugura-el-ccm-de-quito\/#primaryimage"},"thumbnailUrl":"https:\/\/www.uartes.edu.ec\/sitio\/wp-content\/uploads\/2024\/02\/as2-1.jpg","datePublished":"2024-02-07T19:30:43+00:00","dateModified":"2024-12-20T00:58:27+00:00","description":"Universidad de las Artes - Alumni Daya Ortiz y Lisbeth Carvajal con obras de videoarte en plataforma \u201cContinuum\u201d; se inaugurar\u00e1 en el CCM","breadcrumb":{"@id":"https:\/\/www.uartes.edu.ec\/sitio\/blog\/2024\/02\/07\/obras-de-videoarte-de-alumni-en-muestra-continuum-que-inaugura-el-ccm-de-quito\/#breadcrumb"},"inLanguage":"es","potentialAction":[{"@type":"ReadAction","target":["https:\/\/www.uartes.edu.ec\/sitio\/blog\/2024\/02\/07\/obras-de-videoarte-de-alumni-en-muestra-continuum-que-inaugura-el-ccm-de-quito\/"]}]},{"@type":"ImageObject","inLanguage":"es","@id":"https:\/\/www.uartes.edu.ec\/sitio\/blog\/2024\/02\/07\/obras-de-videoarte-de-alumni-en-muestra-continuum-que-inaugura-el-ccm-de-quito\/#primaryimage","url":"https:\/\/www.uartes.edu.ec\/sitio\/wp-content\/uploads\/2024\/02\/as2-1.jpg","contentUrl":"https:\/\/www.uartes.edu.ec\/sitio\/wp-content\/uploads\/2024\/02\/as2-1.jpg","width":2000,"height":1333},{"@type":"BreadcrumbList","@id":"https:\/\/www.uartes.edu.ec\/sitio\/blog\/2024\/02\/07\/obras-de-videoarte-de-alumni-en-muestra-continuum-que-inaugura-el-ccm-de-quito\/#breadcrumb","itemListElement":[{"@type":"ListItem","position":1,"name":"Inicio","item":"https:\/\/www.uartes.edu.ec\/sitio\/"},{"@type":"ListItem","position":2,"name":"Alumni Daya Ortiz y Lisbeth Carvajal con obras de videoarte en plataforma \u201cContinuum\u201d; se inaugurar\u00e1 en el CCM"}]},{"@type":"WebSite","@id":"https:\/\/www.uartes.edu.ec\/sitio\/#website","url":"https:\/\/www.uartes.edu.ec\/sitio\/","name":"Universidad de las Artes","description":"Sitio oficial de la Universidad Nacional de las Artes del Ecuador","publisher":{"@id":"https:\/\/www.uartes.edu.ec\/sitio\/#organization"},"potentialAction":[{"@type":"SearchAction","target":{"@type":"EntryPoint","urlTemplate":"https:\/\/www.uartes.edu.ec\/sitio\/?s={search_term_string}"},"query-input":{"@type":"PropertyValueSpecification","valueRequired":true,"valueName":"search_term_string"}}],"inLanguage":"es"},{"@type":"Organization","@id":"https:\/\/www.uartes.edu.ec\/sitio\/#organization","name":"Universidad de las Artes","url":"https:\/\/www.uartes.edu.ec\/sitio\/","logo":{"@type":"ImageObject","inLanguage":"es","@id":"https:\/\/www.uartes.edu.ec\/sitio\/#\/schema\/logo\/image\/","url":"https:\/\/www.uartes.edu.ec\/sitio\/wp-content\/uploads\/2022\/07\/logo-ua-horizontal.png","contentUrl":"https:\/\/www.uartes.edu.ec\/sitio\/wp-content\/uploads\/2022\/07\/logo-ua-horizontal.png","width":800,"height":276,"caption":"Universidad de las Artes"},"image":{"@id":"https:\/\/www.uartes.edu.ec\/sitio\/#\/schema\/logo\/image\/"},"sameAs":["https:\/\/www.facebook.com\/uartesec","https:\/\/x.com\/uartesec","https:\/\/www.tiktok.com\/@uartesec"]},{"@type":"Person","@id":"https:\/\/www.uartes.edu.ec\/sitio\/#\/schema\/person\/efa1b8275797664fd7f13a79ccc0b1f4","name":"ccortez","image":{"@type":"ImageObject","inLanguage":"es","@id":"https:\/\/secure.gravatar.com\/avatar\/b2a6f664a3ae8e074346ef91775736c5ec479e637ecced6842de9dc98b5da9cd?s=96&d=mm&r=g","url":"https:\/\/secure.gravatar.com\/avatar\/b2a6f664a3ae8e074346ef91775736c5ec479e637ecced6842de9dc98b5da9cd?s=96&d=mm&r=g","contentUrl":"https:\/\/secure.gravatar.com\/avatar\/b2a6f664a3ae8e074346ef91775736c5ec479e637ecced6842de9dc98b5da9cd?s=96&d=mm&r=g","caption":"ccortez"},"url":"https:\/\/www.uartes.edu.ec\/sitio\/blog\/author\/ccortez\/"}]}},"uagb_featured_image_src":{"full":["https:\/\/www.uartes.edu.ec\/sitio\/wp-content\/uploads\/2024\/02\/as2-1.jpg",2000,1333,false],"thumbnail":["https:\/\/www.uartes.edu.ec\/sitio\/wp-content\/uploads\/2024\/02\/as2-1-150x150.jpg",150,150,true],"medium":["https:\/\/www.uartes.edu.ec\/sitio\/wp-content\/uploads\/2024\/02\/as2-1-300x200.jpg",300,200,true],"medium_large":["https:\/\/www.uartes.edu.ec\/sitio\/wp-content\/uploads\/2024\/02\/as2-1-768x512.jpg",768,512,true],"large":["https:\/\/www.uartes.edu.ec\/sitio\/wp-content\/uploads\/2024\/02\/as2-1-644x429.jpg",644,429,true],"1536x1536":["https:\/\/www.uartes.edu.ec\/sitio\/wp-content\/uploads\/2024\/02\/as2-1-1536x1024.jpg",1536,1024,true],"2048x2048":["https:\/\/www.uartes.edu.ec\/sitio\/wp-content\/uploads\/2024\/02\/as2-1.jpg",2000,1333,false],"trp-custom-language-flag":["https:\/\/www.uartes.edu.ec\/sitio\/wp-content\/uploads\/2024\/02\/as2-1.jpg",18,12,false],"htmega_size_585x295":["https:\/\/www.uartes.edu.ec\/sitio\/wp-content\/uploads\/2024\/02\/as2-1-585x295.jpg",585,295,true],"htmega_size_1170x536":["https:\/\/www.uartes.edu.ec\/sitio\/wp-content\/uploads\/2024\/02\/as2-1-1170x536.jpg",1170,536,true],"htmega_size_396x360":["https:\/\/www.uartes.edu.ec\/sitio\/wp-content\/uploads\/2024\/02\/as2-1-396x360.jpg",396,360,true],"gb-block-post-grid-landscape":["https:\/\/www.uartes.edu.ec\/sitio\/wp-content\/uploads\/2024\/02\/as2-1-600x400.jpg",600,400,true],"gb-block-post-grid-square":["https:\/\/www.uartes.edu.ec\/sitio\/wp-content\/uploads\/2024\/02\/as2-1-600x600.jpg",600,600,true],"university-hub-thumb":["https:\/\/www.uartes.edu.ec\/sitio\/wp-content\/uploads\/2024\/02\/as2-1-400x267.jpg",400,267,true],"mailpoet_newsletter_max":["https:\/\/www.uartes.edu.ec\/sitio\/wp-content\/uploads\/2024\/02\/as2-1.jpg",1320,880,false]},"uagb_author_info":{"display_name":"ccortez","author_link":"https:\/\/www.uartes.edu.ec\/sitio\/blog\/author\/ccortez\/"},"uagb_comment_info":0,"uagb_excerpt":"\u201cContinuum\u201d busca acercar a los espectadores a nuevas maneras del uso de la tecnolog\u00eda digital y despertar curiosidad sobre el software de acceso libre para crear exposiciones art\u00edsticas en soportes digitales. Entre los artistas participantes est\u00e1n los alumni Daya Ortiz y Lisbeth Carvajal. La plataforma expositiva se inaugurar\u00e1 con obras de videoarte en el Centro&hellip;","featured_image_src":"https:\/\/www.uartes.edu.ec\/sitio\/wp-content\/uploads\/2024\/02\/as2-1-600x400.jpg","featured_image_src_square":"https:\/\/www.uartes.edu.ec\/sitio\/wp-content\/uploads\/2024\/02\/as2-1-600x600.jpg","author_info":{"display_name":"ccortez","author_link":"https:\/\/www.uartes.edu.ec\/sitio\/blog\/author\/ccortez\/"},"publishpress_future_workflow_manual_trigger":{"enabledWorkflows":[]},"distributor_meta":false,"distributor_terms":false,"distributor_media":false,"distributor_original_site_name":"Universidad de las Artes","distributor_original_site_url":"https:\/\/www.uartes.edu.ec\/sitio","push-errors":false,"_links":{"self":[{"href":"https:\/\/www.uartes.edu.ec\/sitio\/wp-json\/wp\/v2\/posts\/50662","targetHints":{"allow":["GET"]}}],"collection":[{"href":"https:\/\/www.uartes.edu.ec\/sitio\/wp-json\/wp\/v2\/posts"}],"about":[{"href":"https:\/\/www.uartes.edu.ec\/sitio\/wp-json\/wp\/v2\/types\/post"}],"author":[{"embeddable":true,"href":"https:\/\/www.uartes.edu.ec\/sitio\/wp-json\/wp\/v2\/users\/10"}],"replies":[{"embeddable":true,"href":"https:\/\/www.uartes.edu.ec\/sitio\/wp-json\/wp\/v2\/comments?post=50662"}],"version-history":[{"count":15,"href":"https:\/\/www.uartes.edu.ec\/sitio\/wp-json\/wp\/v2\/posts\/50662\/revisions"}],"predecessor-version":[{"id":67005,"href":"https:\/\/www.uartes.edu.ec\/sitio\/wp-json\/wp\/v2\/posts\/50662\/revisions\/67005"}],"wp:featuredmedia":[{"embeddable":true,"href":"https:\/\/www.uartes.edu.ec\/sitio\/wp-json\/wp\/v2\/media\/50668"}],"wp:attachment":[{"href":"https:\/\/www.uartes.edu.ec\/sitio\/wp-json\/wp\/v2\/media?parent=50662"}],"wp:term":[{"taxonomy":"category","embeddable":true,"href":"https:\/\/www.uartes.edu.ec\/sitio\/wp-json\/wp\/v2\/categories?post=50662"},{"taxonomy":"post_tag","embeddable":true,"href":"https:\/\/www.uartes.edu.ec\/sitio\/wp-json\/wp\/v2\/tags?post=50662"},{"taxonomy":"infouartes","embeddable":true,"href":"https:\/\/www.uartes.edu.ec\/sitio\/wp-json\/wp\/v2\/infouartes?post=50662"}],"curies":[{"name":"wp","href":"https:\/\/api.w.org\/{rel}","templated":true}]}}