{"id":51028,"date":"2024-02-27T15:03:16","date_gmt":"2024-02-27T20:03:16","guid":{"rendered":"https:\/\/www.uartes.edu.ec\/sitio\/?p=51028"},"modified":"2024-07-04T11:19:21","modified_gmt":"2024-07-04T16:19:21","slug":"equipo-del-ceat-tuvo-un-taller-teorico-practico-para-potenciar-estrategias-de-comunicacion-digital","status":"publish","type":"post","link":"https:\/\/www.uartes.edu.ec\/sitio\/blog\/2024\/02\/27\/equipo-del-ceat-tuvo-un-taller-teorico-practico-para-potenciar-estrategias-de-comunicacion-digital\/","title":{"rendered":"CEAT tuvo un taller para potenciar estrategias de comunicaci\u00f3n digital"},"content":{"rendered":"\n<p>Potenciar las estrategias de comunicaci\u00f3n digital fue uno de los puntos que se abordaron en el taller te\u00f3rico-pr\u00e1ctico \u201c\u00a1Somos CEAT! \u00bfC\u00f3mo optimizar mis redes sociales?\u201d que la experta Claudia Furiati P\u00e1ez dirigi\u00f3 al equipo del Centro de Escritura Acad\u00e9mica y Traducci\u00f3n (CEAT) de la UArtes. Tuvo lugar el pasado 15 de febrero de 2024 en las instalaciones de la Biblioteca de las Artes.<\/p>\n\n\n\n<p>Con Furiati P\u00e1ez, especialista en comunicaciones integradas, periodista y gestora cultural, y Marelis Loreto, como anfitriona de la jornada, el evento se propuso como una forma de ampliar las habilidades y recomendar herramientas poderosas en redes sociales y contenidos multimedia al grupo CEAT, incentivando a sacar el m\u00e1ximo provecho a las aplicaciones y tendencias de contenido para acercarse de manera efectiva al p\u00fablico activo dentro y fuera de la comunidad UArtes.<\/p>\n\n\n\n<p>Durante el taller, el equipo CEAT estuvo atento y participativo ante las din\u00e1micas y repasos te\u00f3ricos de la tallerista, compartiendo opiniones y experiencias gratificantes acerca de las plataformas digitales m\u00e1s usadas a nivel global, como WhatsApp, Instagram y TikTok, tanto para fines profesionales como personales. Adem\u00e1s, se abord\u00f3 el tema de c\u00f3mo estas plataformas hacen uso de los <em>reels<\/em> o videos cortos de hasta 90 segundos para promocionar productos, servicios o entretenimiento. Esto se debe a la falta de retenci\u00f3n de informaci\u00f3n por parte de los usuarios actuales que utilizan con frecuencia las redes sociales.<\/p>\n\n\n\n<p>Claudia Furiati destac\u00f3 el compromiso de generar contenidos valiosos, mediante ensayos y guiones para videos cortos pero efectivos, al dirigirse a la comunidad. Este enfoque busca captar instant\u00e1neamente la atenci\u00f3n de un p\u00fablico familiarizado con las redes sociales, cumpliendo con tres requisitos esenciales: la creaci\u00f3n de m\u00e1s historias y menos informaci\u00f3n, aplicar la hipertextualidad en lugar de la linealidad y la promoci\u00f3n de redes colaborativas para establecer una conexi\u00f3n emocional con estudiantes y docentes de la UArtes.<\/p>\n\n\n<div class=\"wp-block-image\">\n<figure class=\"aligncenter size-large\"><img fetchpriority=\"high\" decoding=\"async\" width=\"644\" height=\"429\" src=\"https:\/\/www.uartes.edu.ec\/sitio\/wp-content\/uploads\/2024\/02\/CEAT-02-1-644x429.jpg\" alt=\"\" class=\"wp-image-51030\" srcset=\"https:\/\/www.uartes.edu.ec\/sitio\/wp-content\/uploads\/2024\/02\/CEAT-02-1-644x429.jpg 644w, https:\/\/www.uartes.edu.ec\/sitio\/wp-content\/uploads\/2024\/02\/CEAT-02-1-768x511.jpg 768w, https:\/\/www.uartes.edu.ec\/sitio\/wp-content\/uploads\/2024\/02\/CEAT-02-1.jpg 2000w, https:\/\/www.uartes.edu.ec\/sitio\/wp-content\/uploads\/2024\/02\/CEAT-02-1-600x399.jpg 600w, https:\/\/www.uartes.edu.ec\/sitio\/wp-content\/uploads\/2024\/02\/CEAT-02-1-272x182.jpg 272w\" sizes=\"(max-width: 644px) 100vw, 644px\" \/><\/figure>\n<\/div>\n\n\n<p>Las herramientas b\u00e1sicas para lograr un producto atractivo y cautivador implican la formulaci\u00f3n de una estrategia de planificaci\u00f3n del contenido del video. En este contexto, se trata de crear una historia o un <em>reel<\/em> con medidas aproximadas de 1080 x 60. El t\u00edtulo puede ser en forma de pregunta o presentar una soluci\u00f3n a alg\u00fan tema vinculado con las normativas de Chicago Deusto, incluso invitar a solicitar una tutor\u00eda con el CEAT. La elecci\u00f3n de la categor\u00eda del video, ya sea un <em>storytime<\/em>, un p\u00f3dcast, algo din\u00e1mico, o simplemente personajes hablando y caminando, adquiere relevancia, ya que se determina la naturaleza del contenido que facilitar\u00e1 una conexi\u00f3n m\u00e1s r\u00e1pida con el objetivo del video. En espec\u00edfico, se busca incorporar el componente de identificaci\u00f3n y compromiso con los usuarios.<\/p>\n\n\n\n<p>Mediante una cuidadosa planificaci\u00f3n del contenido de valor, la creaci\u00f3n de un esquema o una grilla de video se revela como una herramienta crucial para definir las ideas clave y las frases impactantes que retendr\u00e1n el inter\u00e9s del p\u00fablico. Durante la parte pr\u00e1ctica del taller, el equipo CEAT se dividi\u00f3 en dos grupos. A cada miembro se le proporcion\u00f3 una grilla para plasmar sus ideas colectivas.<\/p>\n\n\n\n<p>Al grupo A se le encomend\u00f3 la tarea de desarrollar su estrategia de difusi\u00f3n a trav\u00e9s de personajes, mientras que al grupo B se le asign\u00f3 el formato din\u00e1mico. Este \u00faltimo implica que la c\u00e1mara suele enfocar las partes m\u00e1s detalladas de una imagen o video, es decir, expresar lo importante de manera clara y concisa.<\/p>\n\n\n\n<p>Ambos grupos tuvieron media hora para debatir y compartir sus ideas respecto a cada categor\u00eda del video. Esto incluy\u00f3 la definici\u00f3n del t\u00edtulo, la formulaci\u00f3n del gancho inicial, la planificaci\u00f3n del contenido de valor relacionado con el tema, y la creaci\u00f3n del llamado a la acci\u00f3n. Este \u00faltimo, generalmente, consiste en una invitaci\u00f3n a solicitar servicios espec\u00edficos o visitar las oficinas para obtener m\u00e1s informaci\u00f3n. Un llamado a la acci\u00f3n, expresado de manera sugerente ser\u00eda como: \u201cPara descubrir m\u00e1s, visita el CEAT\u201d.<\/p>\n\n\n\n<p>Una vez elaborada la grilla con todo el contenido planificado, se procede a la grabaci\u00f3n del video promocional. En esta fase, Claudia comparti\u00f3 valiosos consejos sobre enfoques t\u00e9cnicos que potenciar\u00edan su atractivo: un gancho de efecto que dure aproximadamente 5 segundos o menos, el formato de la pantalla en vertical con iluminaci\u00f3n frontal y, lo m\u00e1s importante, una voz cautivadora y clara para transmitir el mensaje al usuario. Adem\u00e1s, es fundamental adaptarse a las tendencias actuales y planificar las fechas de publicaci\u00f3n del contenido. Se recomienda realizar tres publicaciones por semana durante un mes para lograr una mayor efectividad en visitas y vistas de la publicaci\u00f3n.<\/p>\n\n\n\n<p>Por \u00faltimo, compartimos la caja de herramientas esencial que todo creador de contenido en redes sociales necesita. Aplicaciones conocidas y ampliamente utilizadas como Capcut para la plataforma TikTok y la confiable Clipchamp son plataformas de edici\u00f3n de video extremadamente amigables y f\u00e1ciles de usar. Gratisography.com es la opci\u00f3n perfecta para almacenar fotograf\u00edas de forma segura y gratuita. Para planificar publicaciones en redes sociales, Planable.io es la elecci\u00f3n inteligente, mientras que Graaphi.es ser\u00e1 de gran ayuda para crear gr\u00e1ficas y estad\u00edsticas de forma instant\u00e1nea.<\/p>\n\n\n\n<p>En definitiva, este taller tuvo un enfoque interesante y beneficioso para la formaci\u00f3n del equipo CEAT, ya que nuestro compromiso es acompa\u00f1ar el \u00e9xito acad\u00e9mico de la comunidad UArtes. Fue un privilegio asistir y participar en el taller dirigido por la experta Claudia Furiati. Estos consejos y estrategias servir\u00e1n para aprovechar las redes sociales en una conexi\u00f3n m\u00e1s s\u00f3lida entre la escritura acad\u00e9mica y la comunidad.<\/p>\n\n\n\n<p>Texto: Liz Vera, estudiante de la Escuela de Literatura, integrante del equipo CEAT.<br>Fotos: Ra\u00fal Zhinin, estudiante de la Escuela de Cine, integrante del equipo CEAT.<\/p>\n","protected":false},"excerpt":{"rendered":"<p>Dirigido a los estudiantes que integran el equipo del Centro de Escritura Acad\u00e9mica y Traducci\u00f3n de la UArtes, el pasado 15 de febrero de 2024 se desarroll\u00f3 en las instalaciones de la Biblioteca de las Artes un taller te\u00f3rico-pr\u00e1ctico para potenciar las estrategias de comunicaci\u00f3n digital. Se titul\u00f3 \u201c\u00a1Somos CEAT! \u00bfC\u00f3mo optimizar mis redes sociales?\u201d; Liz Vera, de la Escuela de Literatura, comparte sus impresiones sobre la capacitaci\u00f3n, cuya tallerista fue Claudia Furiati.<\/p>\n","protected":false},"author":10,"featured_media":51029,"comment_status":"open","ping_status":"open","sticky":false,"template":"","format":"standard","meta":{"_acf_changed":false,"_uag_custom_page_level_css":"","_monsterinsights_skip_tracking":false,"_monsterinsights_sitenote_active":false,"_monsterinsights_sitenote_note":"","_monsterinsights_sitenote_category":0,"cybocfi_hide_featured_image":"","footnotes":""},"categories":[80,76,77],"tags":[538],"infouartes":[],"class_list":["post-51028","post","type-post","status-publish","format-standard","has-post-thumbnail","hentry","category-academico","category-estudiantes","category-gestion","tag-capacitacion"],"acf":[],"yoast_head":"<!-- This site is optimized with the Yoast SEO plugin v27.4 - https:\/\/yoast.com\/product\/yoast-seo-wordpress\/ -->\n<title>Universidad de las Artes - CEAT tuvo un taller para potenciar estrategias de comunicaci\u00f3n digital<\/title>\n<meta name=\"description\" content=\"Universidad de las Artes - CEAT tuvo un taller para potenciar estrategias de comunicaci\u00f3n digital\" \/>\n<meta name=\"robots\" content=\"index, follow, max-snippet:-1, max-image-preview:large, max-video-preview:-1\" \/>\n<link rel=\"canonical\" href=\"https:\/\/www.uartes.edu.ec\/sitio\/blog\/2024\/02\/27\/equipo-del-ceat-tuvo-un-taller-teorico-practico-para-potenciar-estrategias-de-comunicacion-digital\/\" \/>\n<meta property=\"og:locale\" content=\"es_ES\" \/>\n<meta property=\"og:type\" content=\"article\" \/>\n<meta property=\"og:title\" content=\"Universidad de las Artes - CEAT tuvo un taller para potenciar estrategias de comunicaci\u00f3n digital\" \/>\n<meta property=\"og:description\" content=\"Universidad de las Artes - CEAT tuvo un taller para potenciar estrategias de comunicaci\u00f3n digital\" \/>\n<meta property=\"og:url\" content=\"https:\/\/www.uartes.edu.ec\/sitio\/blog\/2024\/02\/27\/equipo-del-ceat-tuvo-un-taller-teorico-practico-para-potenciar-estrategias-de-comunicacion-digital\/\" \/>\n<meta property=\"og:site_name\" content=\"Universidad de las Artes\" \/>\n<meta property=\"article:publisher\" content=\"https:\/\/www.facebook.com\/uartesec\" \/>\n<meta property=\"article:published_time\" content=\"2024-02-27T20:03:16+00:00\" \/>\n<meta property=\"article:modified_time\" content=\"2024-07-04T16:19:21+00:00\" \/>\n<meta property=\"og:image\" content=\"https:\/\/www.uartes.edu.ec\/sitio\/wp-content\/uploads\/2024\/02\/CEAT-01-1.jpg\" \/>\n\t<meta property=\"og:image:width\" content=\"2000\" \/>\n\t<meta property=\"og:image:height\" content=\"1333\" \/>\n\t<meta property=\"og:image:type\" content=\"image\/jpeg\" \/>\n<meta name=\"author\" content=\"ccortez\" \/>\n<meta name=\"twitter:card\" content=\"summary_large_image\" \/>\n<meta name=\"twitter:creator\" content=\"@uartesec\" \/>\n<meta name=\"twitter:site\" content=\"@uartesec\" \/>\n<meta name=\"twitter:label1\" content=\"Escrito por\" \/>\n\t<meta name=\"twitter:data1\" content=\"ccortez\" \/>\n\t<meta name=\"twitter:label2\" content=\"Tiempo de lectura\" \/>\n\t<meta name=\"twitter:data2\" content=\"5 minutos\" \/>\n<script type=\"application\/ld+json\" class=\"yoast-schema-graph\">{\"@context\":\"https:\\\/\\\/schema.org\",\"@graph\":[{\"@type\":\"Article\",\"@id\":\"https:\\\/\\\/www.uartes.edu.ec\\\/sitio\\\/blog\\\/2024\\\/02\\\/27\\\/equipo-del-ceat-tuvo-un-taller-teorico-practico-para-potenciar-estrategias-de-comunicacion-digital\\\/#article\",\"isPartOf\":{\"@id\":\"https:\\\/\\\/www.uartes.edu.ec\\\/sitio\\\/blog\\\/2024\\\/02\\\/27\\\/equipo-del-ceat-tuvo-un-taller-teorico-practico-para-potenciar-estrategias-de-comunicacion-digital\\\/\"},\"author\":{\"name\":\"ccortez\",\"@id\":\"https:\\\/\\\/www.uartes.edu.ec\\\/sitio\\\/#\\\/schema\\\/person\\\/efa1b8275797664fd7f13a79ccc0b1f4\"},\"headline\":\"CEAT tuvo un taller para potenciar estrategias de comunicaci\u00f3n digital\",\"datePublished\":\"2024-02-27T20:03:16+00:00\",\"dateModified\":\"2024-07-04T16:19:21+00:00\",\"mainEntityOfPage\":{\"@id\":\"https:\\\/\\\/www.uartes.edu.ec\\\/sitio\\\/blog\\\/2024\\\/02\\\/27\\\/equipo-del-ceat-tuvo-un-taller-teorico-practico-para-potenciar-estrategias-de-comunicacion-digital\\\/\"},\"wordCount\":1018,\"commentCount\":0,\"publisher\":{\"@id\":\"https:\\\/\\\/www.uartes.edu.ec\\\/sitio\\\/#organization\"},\"image\":{\"@id\":\"https:\\\/\\\/www.uartes.edu.ec\\\/sitio\\\/blog\\\/2024\\\/02\\\/27\\\/equipo-del-ceat-tuvo-un-taller-teorico-practico-para-potenciar-estrategias-de-comunicacion-digital\\\/#primaryimage\"},\"thumbnailUrl\":\"https:\\\/\\\/www.uartes.edu.ec\\\/sitio\\\/wp-content\\\/uploads\\\/2024\\\/02\\\/CEAT-01-1.jpg\",\"keywords\":[\"capacitaci\u00f3n\"],\"articleSection\":[\"Acad\u00e9mico\",\"Estudiantes\",\"Gesti\u00f3n\"],\"inLanguage\":\"es\",\"potentialAction\":[{\"@type\":\"CommentAction\",\"name\":\"Comment\",\"target\":[\"https:\\\/\\\/www.uartes.edu.ec\\\/sitio\\\/blog\\\/2024\\\/02\\\/27\\\/equipo-del-ceat-tuvo-un-taller-teorico-practico-para-potenciar-estrategias-de-comunicacion-digital\\\/#respond\"]}]},{\"@type\":[\"WebPage\",\"ItemPage\"],\"@id\":\"https:\\\/\\\/www.uartes.edu.ec\\\/sitio\\\/blog\\\/2024\\\/02\\\/27\\\/equipo-del-ceat-tuvo-un-taller-teorico-practico-para-potenciar-estrategias-de-comunicacion-digital\\\/\",\"url\":\"https:\\\/\\\/www.uartes.edu.ec\\\/sitio\\\/blog\\\/2024\\\/02\\\/27\\\/equipo-del-ceat-tuvo-un-taller-teorico-practico-para-potenciar-estrategias-de-comunicacion-digital\\\/\",\"name\":\"Universidad de las Artes - CEAT tuvo un taller para potenciar estrategias de comunicaci\u00f3n digital\",\"isPartOf\":{\"@id\":\"https:\\\/\\\/www.uartes.edu.ec\\\/sitio\\\/#website\"},\"primaryImageOfPage\":{\"@id\":\"https:\\\/\\\/www.uartes.edu.ec\\\/sitio\\\/blog\\\/2024\\\/02\\\/27\\\/equipo-del-ceat-tuvo-un-taller-teorico-practico-para-potenciar-estrategias-de-comunicacion-digital\\\/#primaryimage\"},\"image\":{\"@id\":\"https:\\\/\\\/www.uartes.edu.ec\\\/sitio\\\/blog\\\/2024\\\/02\\\/27\\\/equipo-del-ceat-tuvo-un-taller-teorico-practico-para-potenciar-estrategias-de-comunicacion-digital\\\/#primaryimage\"},\"thumbnailUrl\":\"https:\\\/\\\/www.uartes.edu.ec\\\/sitio\\\/wp-content\\\/uploads\\\/2024\\\/02\\\/CEAT-01-1.jpg\",\"datePublished\":\"2024-02-27T20:03:16+00:00\",\"dateModified\":\"2024-07-04T16:19:21+00:00\",\"description\":\"Universidad de las Artes - CEAT tuvo un taller para potenciar estrategias de comunicaci\u00f3n digital\",\"breadcrumb\":{\"@id\":\"https:\\\/\\\/www.uartes.edu.ec\\\/sitio\\\/blog\\\/2024\\\/02\\\/27\\\/equipo-del-ceat-tuvo-un-taller-teorico-practico-para-potenciar-estrategias-de-comunicacion-digital\\\/#breadcrumb\"},\"inLanguage\":\"es\",\"potentialAction\":[{\"@type\":\"ReadAction\",\"target\":[\"https:\\\/\\\/www.uartes.edu.ec\\\/sitio\\\/blog\\\/2024\\\/02\\\/27\\\/equipo-del-ceat-tuvo-un-taller-teorico-practico-para-potenciar-estrategias-de-comunicacion-digital\\\/\"]}]},{\"@type\":\"ImageObject\",\"inLanguage\":\"es\",\"@id\":\"https:\\\/\\\/www.uartes.edu.ec\\\/sitio\\\/blog\\\/2024\\\/02\\\/27\\\/equipo-del-ceat-tuvo-un-taller-teorico-practico-para-potenciar-estrategias-de-comunicacion-digital\\\/#primaryimage\",\"url\":\"https:\\\/\\\/www.uartes.edu.ec\\\/sitio\\\/wp-content\\\/uploads\\\/2024\\\/02\\\/CEAT-01-1.jpg\",\"contentUrl\":\"https:\\\/\\\/www.uartes.edu.ec\\\/sitio\\\/wp-content\\\/uploads\\\/2024\\\/02\\\/CEAT-01-1.jpg\",\"width\":2000,\"height\":1333},{\"@type\":\"BreadcrumbList\",\"@id\":\"https:\\\/\\\/www.uartes.edu.ec\\\/sitio\\\/blog\\\/2024\\\/02\\\/27\\\/equipo-del-ceat-tuvo-un-taller-teorico-practico-para-potenciar-estrategias-de-comunicacion-digital\\\/#breadcrumb\",\"itemListElement\":[{\"@type\":\"ListItem\",\"position\":1,\"name\":\"Inicio\",\"item\":\"https:\\\/\\\/www.uartes.edu.ec\\\/sitio\\\/\"},{\"@type\":\"ListItem\",\"position\":2,\"name\":\"CEAT tuvo un taller para potenciar estrategias de comunicaci\u00f3n digital\"}]},{\"@type\":\"WebSite\",\"@id\":\"https:\\\/\\\/www.uartes.edu.ec\\\/sitio\\\/#website\",\"url\":\"https:\\\/\\\/www.uartes.edu.ec\\\/sitio\\\/\",\"name\":\"Universidad de las Artes\",\"description\":\"Sitio oficial de la Universidad Nacional de las Artes del Ecuador\",\"publisher\":{\"@id\":\"https:\\\/\\\/www.uartes.edu.ec\\\/sitio\\\/#organization\"},\"potentialAction\":[{\"@type\":\"SearchAction\",\"target\":{\"@type\":\"EntryPoint\",\"urlTemplate\":\"https:\\\/\\\/www.uartes.edu.ec\\\/sitio\\\/?s={search_term_string}\"},\"query-input\":{\"@type\":\"PropertyValueSpecification\",\"valueRequired\":true,\"valueName\":\"search_term_string\"}}],\"inLanguage\":\"es\"},{\"@type\":\"Organization\",\"@id\":\"https:\\\/\\\/www.uartes.edu.ec\\\/sitio\\\/#organization\",\"name\":\"Universidad de las Artes\",\"url\":\"https:\\\/\\\/www.uartes.edu.ec\\\/sitio\\\/\",\"logo\":{\"@type\":\"ImageObject\",\"inLanguage\":\"es\",\"@id\":\"https:\\\/\\\/www.uartes.edu.ec\\\/sitio\\\/#\\\/schema\\\/logo\\\/image\\\/\",\"url\":\"https:\\\/\\\/www.uartes.edu.ec\\\/sitio\\\/wp-content\\\/uploads\\\/2022\\\/07\\\/logo-ua-horizontal.png\",\"contentUrl\":\"https:\\\/\\\/www.uartes.edu.ec\\\/sitio\\\/wp-content\\\/uploads\\\/2022\\\/07\\\/logo-ua-horizontal.png\",\"width\":800,\"height\":276,\"caption\":\"Universidad de las Artes\"},\"image\":{\"@id\":\"https:\\\/\\\/www.uartes.edu.ec\\\/sitio\\\/#\\\/schema\\\/logo\\\/image\\\/\"},\"sameAs\":[\"https:\\\/\\\/www.facebook.com\\\/uartesec\",\"https:\\\/\\\/x.com\\\/uartesec\",\"https:\\\/\\\/www.tiktok.com\\\/@uartesec\"]},{\"@type\":\"Person\",\"@id\":\"https:\\\/\\\/www.uartes.edu.ec\\\/sitio\\\/#\\\/schema\\\/person\\\/efa1b8275797664fd7f13a79ccc0b1f4\",\"name\":\"ccortez\",\"image\":{\"@type\":\"ImageObject\",\"inLanguage\":\"es\",\"@id\":\"https:\\\/\\\/secure.gravatar.com\\\/avatar\\\/b2a6f664a3ae8e074346ef91775736c5ec479e637ecced6842de9dc98b5da9cd?s=96&d=mm&r=g\",\"url\":\"https:\\\/\\\/secure.gravatar.com\\\/avatar\\\/b2a6f664a3ae8e074346ef91775736c5ec479e637ecced6842de9dc98b5da9cd?s=96&d=mm&r=g\",\"contentUrl\":\"https:\\\/\\\/secure.gravatar.com\\\/avatar\\\/b2a6f664a3ae8e074346ef91775736c5ec479e637ecced6842de9dc98b5da9cd?s=96&d=mm&r=g\",\"caption\":\"ccortez\"},\"url\":\"https:\\\/\\\/www.uartes.edu.ec\\\/sitio\\\/blog\\\/author\\\/ccortez\\\/\"}]}<\/script>\n<!-- \/ Yoast SEO plugin. -->","yoast_head_json":{"title":"Universidad de las Artes - CEAT tuvo un taller para potenciar estrategias de comunicaci\u00f3n digital","description":"Universidad de las Artes - CEAT tuvo un taller para potenciar estrategias de comunicaci\u00f3n digital","robots":{"index":"index","follow":"follow","max-snippet":"max-snippet:-1","max-image-preview":"max-image-preview:large","max-video-preview":"max-video-preview:-1"},"canonical":"https:\/\/www.uartes.edu.ec\/sitio\/blog\/2024\/02\/27\/equipo-del-ceat-tuvo-un-taller-teorico-practico-para-potenciar-estrategias-de-comunicacion-digital\/","og_locale":"es_ES","og_type":"article","og_title":"Universidad de las Artes - CEAT tuvo un taller para potenciar estrategias de comunicaci\u00f3n digital","og_description":"Universidad de las Artes - CEAT tuvo un taller para potenciar estrategias de comunicaci\u00f3n digital","og_url":"https:\/\/www.uartes.edu.ec\/sitio\/blog\/2024\/02\/27\/equipo-del-ceat-tuvo-un-taller-teorico-practico-para-potenciar-estrategias-de-comunicacion-digital\/","og_site_name":"Universidad de las Artes","article_publisher":"https:\/\/www.facebook.com\/uartesec","article_published_time":"2024-02-27T20:03:16+00:00","article_modified_time":"2024-07-04T16:19:21+00:00","og_image":[{"width":2000,"height":1333,"url":"https:\/\/www.uartes.edu.ec\/sitio\/wp-content\/uploads\/2024\/02\/CEAT-01-1.jpg","type":"image\/jpeg"}],"author":"ccortez","twitter_card":"summary_large_image","twitter_creator":"@uartesec","twitter_site":"@uartesec","twitter_misc":{"Escrito por":"ccortez","Tiempo de lectura":"5 minutos"},"schema":{"@context":"https:\/\/schema.org","@graph":[{"@type":"Article","@id":"https:\/\/www.uartes.edu.ec\/sitio\/blog\/2024\/02\/27\/equipo-del-ceat-tuvo-un-taller-teorico-practico-para-potenciar-estrategias-de-comunicacion-digital\/#article","isPartOf":{"@id":"https:\/\/www.uartes.edu.ec\/sitio\/blog\/2024\/02\/27\/equipo-del-ceat-tuvo-un-taller-teorico-practico-para-potenciar-estrategias-de-comunicacion-digital\/"},"author":{"name":"ccortez","@id":"https:\/\/www.uartes.edu.ec\/sitio\/#\/schema\/person\/efa1b8275797664fd7f13a79ccc0b1f4"},"headline":"CEAT tuvo un taller para potenciar estrategias de comunicaci\u00f3n digital","datePublished":"2024-02-27T20:03:16+00:00","dateModified":"2024-07-04T16:19:21+00:00","mainEntityOfPage":{"@id":"https:\/\/www.uartes.edu.ec\/sitio\/blog\/2024\/02\/27\/equipo-del-ceat-tuvo-un-taller-teorico-practico-para-potenciar-estrategias-de-comunicacion-digital\/"},"wordCount":1018,"commentCount":0,"publisher":{"@id":"https:\/\/www.uartes.edu.ec\/sitio\/#organization"},"image":{"@id":"https:\/\/www.uartes.edu.ec\/sitio\/blog\/2024\/02\/27\/equipo-del-ceat-tuvo-un-taller-teorico-practico-para-potenciar-estrategias-de-comunicacion-digital\/#primaryimage"},"thumbnailUrl":"https:\/\/www.uartes.edu.ec\/sitio\/wp-content\/uploads\/2024\/02\/CEAT-01-1.jpg","keywords":["capacitaci\u00f3n"],"articleSection":["Acad\u00e9mico","Estudiantes","Gesti\u00f3n"],"inLanguage":"es","potentialAction":[{"@type":"CommentAction","name":"Comment","target":["https:\/\/www.uartes.edu.ec\/sitio\/blog\/2024\/02\/27\/equipo-del-ceat-tuvo-un-taller-teorico-practico-para-potenciar-estrategias-de-comunicacion-digital\/#respond"]}]},{"@type":["WebPage","ItemPage"],"@id":"https:\/\/www.uartes.edu.ec\/sitio\/blog\/2024\/02\/27\/equipo-del-ceat-tuvo-un-taller-teorico-practico-para-potenciar-estrategias-de-comunicacion-digital\/","url":"https:\/\/www.uartes.edu.ec\/sitio\/blog\/2024\/02\/27\/equipo-del-ceat-tuvo-un-taller-teorico-practico-para-potenciar-estrategias-de-comunicacion-digital\/","name":"Universidad de las Artes - CEAT tuvo un taller para potenciar estrategias de comunicaci\u00f3n digital","isPartOf":{"@id":"https:\/\/www.uartes.edu.ec\/sitio\/#website"},"primaryImageOfPage":{"@id":"https:\/\/www.uartes.edu.ec\/sitio\/blog\/2024\/02\/27\/equipo-del-ceat-tuvo-un-taller-teorico-practico-para-potenciar-estrategias-de-comunicacion-digital\/#primaryimage"},"image":{"@id":"https:\/\/www.uartes.edu.ec\/sitio\/blog\/2024\/02\/27\/equipo-del-ceat-tuvo-un-taller-teorico-practico-para-potenciar-estrategias-de-comunicacion-digital\/#primaryimage"},"thumbnailUrl":"https:\/\/www.uartes.edu.ec\/sitio\/wp-content\/uploads\/2024\/02\/CEAT-01-1.jpg","datePublished":"2024-02-27T20:03:16+00:00","dateModified":"2024-07-04T16:19:21+00:00","description":"Universidad de las Artes - CEAT tuvo un taller para potenciar estrategias de comunicaci\u00f3n digital","breadcrumb":{"@id":"https:\/\/www.uartes.edu.ec\/sitio\/blog\/2024\/02\/27\/equipo-del-ceat-tuvo-un-taller-teorico-practico-para-potenciar-estrategias-de-comunicacion-digital\/#breadcrumb"},"inLanguage":"es","potentialAction":[{"@type":"ReadAction","target":["https:\/\/www.uartes.edu.ec\/sitio\/blog\/2024\/02\/27\/equipo-del-ceat-tuvo-un-taller-teorico-practico-para-potenciar-estrategias-de-comunicacion-digital\/"]}]},{"@type":"ImageObject","inLanguage":"es","@id":"https:\/\/www.uartes.edu.ec\/sitio\/blog\/2024\/02\/27\/equipo-del-ceat-tuvo-un-taller-teorico-practico-para-potenciar-estrategias-de-comunicacion-digital\/#primaryimage","url":"https:\/\/www.uartes.edu.ec\/sitio\/wp-content\/uploads\/2024\/02\/CEAT-01-1.jpg","contentUrl":"https:\/\/www.uartes.edu.ec\/sitio\/wp-content\/uploads\/2024\/02\/CEAT-01-1.jpg","width":2000,"height":1333},{"@type":"BreadcrumbList","@id":"https:\/\/www.uartes.edu.ec\/sitio\/blog\/2024\/02\/27\/equipo-del-ceat-tuvo-un-taller-teorico-practico-para-potenciar-estrategias-de-comunicacion-digital\/#breadcrumb","itemListElement":[{"@type":"ListItem","position":1,"name":"Inicio","item":"https:\/\/www.uartes.edu.ec\/sitio\/"},{"@type":"ListItem","position":2,"name":"CEAT tuvo un taller para potenciar estrategias de comunicaci\u00f3n digital"}]},{"@type":"WebSite","@id":"https:\/\/www.uartes.edu.ec\/sitio\/#website","url":"https:\/\/www.uartes.edu.ec\/sitio\/","name":"Universidad de las Artes","description":"Sitio oficial de la Universidad Nacional de las Artes del Ecuador","publisher":{"@id":"https:\/\/www.uartes.edu.ec\/sitio\/#organization"},"potentialAction":[{"@type":"SearchAction","target":{"@type":"EntryPoint","urlTemplate":"https:\/\/www.uartes.edu.ec\/sitio\/?s={search_term_string}"},"query-input":{"@type":"PropertyValueSpecification","valueRequired":true,"valueName":"search_term_string"}}],"inLanguage":"es"},{"@type":"Organization","@id":"https:\/\/www.uartes.edu.ec\/sitio\/#organization","name":"Universidad de las Artes","url":"https:\/\/www.uartes.edu.ec\/sitio\/","logo":{"@type":"ImageObject","inLanguage":"es","@id":"https:\/\/www.uartes.edu.ec\/sitio\/#\/schema\/logo\/image\/","url":"https:\/\/www.uartes.edu.ec\/sitio\/wp-content\/uploads\/2022\/07\/logo-ua-horizontal.png","contentUrl":"https:\/\/www.uartes.edu.ec\/sitio\/wp-content\/uploads\/2022\/07\/logo-ua-horizontal.png","width":800,"height":276,"caption":"Universidad de las Artes"},"image":{"@id":"https:\/\/www.uartes.edu.ec\/sitio\/#\/schema\/logo\/image\/"},"sameAs":["https:\/\/www.facebook.com\/uartesec","https:\/\/x.com\/uartesec","https:\/\/www.tiktok.com\/@uartesec"]},{"@type":"Person","@id":"https:\/\/www.uartes.edu.ec\/sitio\/#\/schema\/person\/efa1b8275797664fd7f13a79ccc0b1f4","name":"ccortez","image":{"@type":"ImageObject","inLanguage":"es","@id":"https:\/\/secure.gravatar.com\/avatar\/b2a6f664a3ae8e074346ef91775736c5ec479e637ecced6842de9dc98b5da9cd?s=96&d=mm&r=g","url":"https:\/\/secure.gravatar.com\/avatar\/b2a6f664a3ae8e074346ef91775736c5ec479e637ecced6842de9dc98b5da9cd?s=96&d=mm&r=g","contentUrl":"https:\/\/secure.gravatar.com\/avatar\/b2a6f664a3ae8e074346ef91775736c5ec479e637ecced6842de9dc98b5da9cd?s=96&d=mm&r=g","caption":"ccortez"},"url":"https:\/\/www.uartes.edu.ec\/sitio\/blog\/author\/ccortez\/"}]}},"uagb_featured_image_src":{"full":["https:\/\/www.uartes.edu.ec\/sitio\/wp-content\/uploads\/2024\/02\/CEAT-01-1.jpg",2000,1333,false],"thumbnail":["https:\/\/www.uartes.edu.ec\/sitio\/wp-content\/uploads\/2024\/02\/CEAT-01-1-150x150.jpg",150,150,true],"medium":["https:\/\/www.uartes.edu.ec\/sitio\/wp-content\/uploads\/2024\/02\/CEAT-01-1-300x200.jpg",300,200,true],"medium_large":["https:\/\/www.uartes.edu.ec\/sitio\/wp-content\/uploads\/2024\/02\/CEAT-01-1-768x512.jpg",768,512,true],"large":["https:\/\/www.uartes.edu.ec\/sitio\/wp-content\/uploads\/2024\/02\/CEAT-01-1-644x429.jpg",644,429,true],"1536x1536":["https:\/\/www.uartes.edu.ec\/sitio\/wp-content\/uploads\/2024\/02\/CEAT-01-1-1536x1024.jpg",1536,1024,true],"2048x2048":["https:\/\/www.uartes.edu.ec\/sitio\/wp-content\/uploads\/2024\/02\/CEAT-01-1.jpg",2000,1333,false],"trp-custom-language-flag":["https:\/\/www.uartes.edu.ec\/sitio\/wp-content\/uploads\/2024\/02\/CEAT-01-1.jpg",18,12,false],"htmega_size_585x295":["https:\/\/www.uartes.edu.ec\/sitio\/wp-content\/uploads\/2024\/02\/CEAT-01-1-585x295.jpg",585,295,true],"htmega_size_1170x536":["https:\/\/www.uartes.edu.ec\/sitio\/wp-content\/uploads\/2024\/02\/CEAT-01-1-1170x536.jpg",1170,536,true],"htmega_size_396x360":["https:\/\/www.uartes.edu.ec\/sitio\/wp-content\/uploads\/2024\/02\/CEAT-01-1-396x360.jpg",396,360,true],"gb-block-post-grid-landscape":["https:\/\/www.uartes.edu.ec\/sitio\/wp-content\/uploads\/2024\/02\/CEAT-01-1-600x400.jpg",600,400,true],"gb-block-post-grid-square":["https:\/\/www.uartes.edu.ec\/sitio\/wp-content\/uploads\/2024\/02\/CEAT-01-1-600x600.jpg",600,600,true],"university-hub-thumb":["https:\/\/www.uartes.edu.ec\/sitio\/wp-content\/uploads\/2024\/02\/CEAT-01-1-400x267.jpg",400,267,true]},"uagb_author_info":{"display_name":"ccortez","author_link":"https:\/\/www.uartes.edu.ec\/sitio\/blog\/author\/ccortez\/"},"uagb_comment_info":0,"uagb_excerpt":"Dirigido a los estudiantes que integran el equipo del Centro de Escritura Acad\u00e9mica y Traducci\u00f3n de la UArtes, el pasado 15 de febrero de 2024 se desarroll\u00f3 en las instalaciones de la Biblioteca de las Artes un taller te\u00f3rico-pr\u00e1ctico para potenciar las estrategias de comunicaci\u00f3n digital. Se titul\u00f3 \u201c\u00a1Somos CEAT! \u00bfC\u00f3mo optimizar mis redes sociales?\u201d;&hellip;","featured_image_src":"https:\/\/www.uartes.edu.ec\/sitio\/wp-content\/uploads\/2024\/02\/CEAT-01-1-600x400.jpg","featured_image_src_square":"https:\/\/www.uartes.edu.ec\/sitio\/wp-content\/uploads\/2024\/02\/CEAT-01-1-600x600.jpg","author_info":{"display_name":"ccortez","author_link":"https:\/\/www.uartes.edu.ec\/sitio\/blog\/author\/ccortez\/"},"publishpress_future_workflow_manual_trigger":{"enabledWorkflows":[]},"distributor_meta":false,"distributor_terms":false,"distributor_media":false,"distributor_original_site_name":"Universidad de las Artes","distributor_original_site_url":"https:\/\/www.uartes.edu.ec\/sitio","push-errors":false,"_links":{"self":[{"href":"https:\/\/www.uartes.edu.ec\/sitio\/wp-json\/wp\/v2\/posts\/51028","targetHints":{"allow":["GET"]}}],"collection":[{"href":"https:\/\/www.uartes.edu.ec\/sitio\/wp-json\/wp\/v2\/posts"}],"about":[{"href":"https:\/\/www.uartes.edu.ec\/sitio\/wp-json\/wp\/v2\/types\/post"}],"author":[{"embeddable":true,"href":"https:\/\/www.uartes.edu.ec\/sitio\/wp-json\/wp\/v2\/users\/10"}],"replies":[{"embeddable":true,"href":"https:\/\/www.uartes.edu.ec\/sitio\/wp-json\/wp\/v2\/comments?post=51028"}],"version-history":[{"count":6,"href":"https:\/\/www.uartes.edu.ec\/sitio\/wp-json\/wp\/v2\/posts\/51028\/revisions"}],"predecessor-version":[{"id":51040,"href":"https:\/\/www.uartes.edu.ec\/sitio\/wp-json\/wp\/v2\/posts\/51028\/revisions\/51040"}],"wp:featuredmedia":[{"embeddable":true,"href":"https:\/\/www.uartes.edu.ec\/sitio\/wp-json\/wp\/v2\/media\/51029"}],"wp:attachment":[{"href":"https:\/\/www.uartes.edu.ec\/sitio\/wp-json\/wp\/v2\/media?parent=51028"}],"wp:term":[{"taxonomy":"category","embeddable":true,"href":"https:\/\/www.uartes.edu.ec\/sitio\/wp-json\/wp\/v2\/categories?post=51028"},{"taxonomy":"post_tag","embeddable":true,"href":"https:\/\/www.uartes.edu.ec\/sitio\/wp-json\/wp\/v2\/tags?post=51028"},{"taxonomy":"infouartes","embeddable":true,"href":"https:\/\/www.uartes.edu.ec\/sitio\/wp-json\/wp\/v2\/infouartes?post=51028"}],"curies":[{"name":"wp","href":"https:\/\/api.w.org\/{rel}","templated":true}]}}