{"id":51879,"date":"2024-03-26T17:40:11","date_gmt":"2024-03-26T22:40:11","guid":{"rendered":"https:\/\/www.uartes.edu.ec\/sitio\/?p=51879"},"modified":"2024-07-04T11:19:13","modified_gmt":"2024-07-04T16:19:13","slug":"muestra-sonar-y-vivir-la-selva-poesia-desde-el-yasuni-en-la-puce-por-rendicion-de-cuentas-del-ces-tambien-se-presentara-el-libro","status":"publish","type":"post","link":"https:\/\/www.uartes.edu.ec\/sitio\/blog\/2024\/03\/26\/muestra-sonar-y-vivir-la-selva-poesia-desde-el-yasuni-en-la-puce-por-rendicion-de-cuentas-del-ces-tambien-se-presentara-el-libro\/","title":{"rendered":"Muestra \u201cSo\u00f1ar y vivir la selva\u201d, en la PUCE por rendici\u00f3n de cuentas del CES; se presentar\u00e1 el libro hom\u00f3nimo"},"content":{"rendered":"\n<p>La muestra \u201cSo\u00f1ar y vivir la selva: poes\u00eda desde el Yasun\u00ed\u201d, que es hom\u00f3nima al libro del cual se origina \u2013editado por Mar\u00eda Alejandra Zambrano, directora de la Escuela de Literatura de la Universidad de las Artes y publicado por UArtes Ediciones\u2013, fue parte de los eventos programados para el acto de la Rendici\u00f3n de Cuentas del Consejo de Educaci\u00f3n Superior (CES), realizada por su titular, el doctor Pablo Beltr\u00e1n.<\/p>\n\n\n\n<p>Tuvo lugar hoy, martes 26 de marzo, en el Centro Cultural de la Pontificia Universidad Cat\u00f3lica del Ecuador (PUCE), donde se dieron cita autoridades de varias instituciones de educaci\u00f3n superior del pa\u00eds. Nuestros rector y vicerrector acad\u00e9mico, William Herrera y Bradley Hilgert, respectivamente, estuvieron presentes. Con ellos, Mar\u00eda Alejandra Zambrano, los estudiantes de Literatura Anah\u00ed Caiza, Luis Ponce y Nicol\u00e1s Goussas, quienes hicieron mediaci\u00f3n sobre la exposici\u00f3n, y la graduada de pregrado y posgrado Ruth Cruz, a cargo de la museograf\u00eda y del dise\u00f1o in situ.<\/p>\n\n\n<div class=\"wp-block-image\">\n<figure class=\"aligncenter size-large\"><img fetchpriority=\"high\" decoding=\"async\" width=\"644\" height=\"429\" src=\"https:\/\/www.uartes.edu.ec\/sitio\/wp-content\/uploads\/2024\/03\/WhatsApp-Image-2024-03-25-at-1.02.51-PM-644x429.jpg\" alt=\"\" class=\"wp-image-51882\" srcset=\"https:\/\/www.uartes.edu.ec\/sitio\/wp-content\/uploads\/2024\/03\/WhatsApp-Image-2024-03-25-at-1.02.51-PM-644x429.jpg 644w, https:\/\/www.uartes.edu.ec\/sitio\/wp-content\/uploads\/2024\/03\/WhatsApp-Image-2024-03-25-at-1.02.51-PM-768x511.jpg 768w, https:\/\/www.uartes.edu.ec\/sitio\/wp-content\/uploads\/2024\/03\/WhatsApp-Image-2024-03-25-at-1.02.51-PM.jpg 2000w, https:\/\/www.uartes.edu.ec\/sitio\/wp-content\/uploads\/2024\/03\/WhatsApp-Image-2024-03-25-at-1.02.51-PM-18x12.jpg 18w, https:\/\/www.uartes.edu.ec\/sitio\/wp-content\/uploads\/2024\/03\/WhatsApp-Image-2024-03-25-at-1.02.51-PM-600x399.jpg 600w, https:\/\/www.uartes.edu.ec\/sitio\/wp-content\/uploads\/2024\/03\/WhatsApp-Image-2024-03-25-at-1.02.51-PM-272x182.jpg 272w\" sizes=\"(max-width: 644px) 100vw, 644px\" \/><\/figure>\n<\/div>\n\n\n<p>En la PUCE, al ingreso de su Centro Cultural, se aprecia en grandes dimensiones el t\u00edtulo de la exposici\u00f3n con el siguiente texto: \u201cLa potencia de la palabra y la imagen po\u00e9tica nos muestran otras formas posibles para narrar un bosque amaz\u00f3nico en equilibrio. Esperamos que el compromiso colectivo que motiv\u00f3 esta iniciativa se multiplique y aliente a seguir transformando nuestras comunidades en cada historia\u201d.<\/p>\n\n\n\n<p>Ya en el interior, ampliaciones de parte del contenido del libro, tanto de texto como de fotograf\u00edas, reciben al visitante para sumergirlo en fant\u00e1sticas creaciones. Entre otras, \u201cHay abuelos en la maleza\u201d, de Yuliana Ortiz Ruano; \u201cLo que es\u201d, de Giuliana Zambrano; y, \u201cUna jirafa me encuentra\u201d, de Mar\u00eda Fernanda Mart\u00ednez; y \u201cEl animal que no existe\u201d, de Mar\u00eda Auxiliadora Balladares.<\/p>\n\n\n\n<h3 class=\"wp-block-heading\">Presentaci\u00f3n del libro y su g\u00e9nesis<\/h3>\n\n\n\n<p>As\u00ed como la muestra, el libro de igual nombre del que se deriva tambi\u00e9n se presentar\u00e1 en la PUCE. Est\u00e1 programado en el mismo Centro Cultural para ma\u00f1ana, mi\u00e9rcoles 27, a las 18:00. Participar\u00e1n los artistas Sozapato, Pepa Ilustradora, Gerald Espinoza, Mar\u00eda Fernanda Andrade y Diego Mosquera, quienes son parte de la obra.<\/p>\n\n\n\n<figure class=\"wp-block-gallery has-nested-images columns-default is-cropped wp-block-gallery-1 is-layout-flex wp-block-gallery-is-layout-flex\">\n<figure class=\"wp-block-image size-large\"><img decoding=\"async\" width=\"644\" height=\"441\" data-id=\"51909\" src=\"https:\/\/www.uartes.edu.ec\/sitio\/wp-content\/uploads\/2024\/03\/yasuni1111-644x441.jpeg\" alt=\"\" class=\"wp-image-51909\" srcset=\"https:\/\/www.uartes.edu.ec\/sitio\/wp-content\/uploads\/2024\/03\/yasuni1111-644x441.jpeg 644w, https:\/\/www.uartes.edu.ec\/sitio\/wp-content\/uploads\/2024\/03\/yasuni1111-768x526.jpeg 768w, https:\/\/www.uartes.edu.ec\/sitio\/wp-content\/uploads\/2024\/03\/yasuni1111.jpeg 1280w, https:\/\/www.uartes.edu.ec\/sitio\/wp-content\/uploads\/2024\/03\/yasuni1111-18x12.jpeg 18w, https:\/\/www.uartes.edu.ec\/sitio\/wp-content\/uploads\/2024\/03\/yasuni1111-600x411.jpeg 600w\" sizes=\"(max-width: 644px) 100vw, 644px\" \/><figcaption class=\"wp-element-caption\">El vicerrector Bradley Hilgert, la directora de la Escuela de Literatura, Mar\u00eda Alejandra Zambrano, y el rector Willian Herrera junto al presidente del CES, Pablo Beltr\u00e1n, en la muestra \u201cSo\u00f1ar y vivir la selva: poes\u00eda desde el Yasun\u00ed\u201d abierta en la PUCE.<\/figcaption><\/figure>\n<\/figure>\n\n\n\n<p>\u201cSo\u00f1ar y vivir la selva: poes\u00eda desde el Yasun\u00ed\u201d nace de una iniciativa art\u00edstico-ambiental llevada a cabo en la comunidad Waorani de Guiyero en la provincia de Orellana, dentro del bloque de Repsol. La coordinaci\u00f3n del proyecto cont\u00f3 con el apoyo de la Universidad de Houston-Downtown y la Estaci\u00f3n de Biodiversidad Tiputini de la Universidad San Francisco de Quito. &nbsp;<\/p>\n\n\n\n<p>La publicaci\u00f3n est\u00e1 concebida para ni\u00f1os y ni\u00f1as, pero ning\u00fan adulto debe perd\u00e9rsela, incluso preciso es tomarla como herramienta para el aprendizaje. Su edici\u00f3n fue posible gracias a la beca SAPPI: Ideas That Matter 2022. La propuesta presentada por la Prof. Natacha Poggio de la Universidad de Houston-Downtown, becaria Fulbright en la Escuela de Literatura per\u00edodo 2022B, fue uno de los seis proyectos seleccionados a nivel mundial. La organizaci\u00f3n beneficiaria fue La Poderosa Media Project, integrada, entre otros, por Diego Mosquera, Mar\u00eda Alejandra Zambrano y Nicol\u00e1s Schvarzberg, tambi\u00e9n docente UArtes.<\/p>\n\n\n\n<figure class=\"wp-block-gallery has-nested-images columns-default is-cropped wp-block-gallery-2 is-layout-flex wp-block-gallery-is-layout-flex\">\n<figure class=\"wp-block-image size-large\"><img decoding=\"async\" width=\"644\" height=\"429\" data-id=\"51888\" src=\"https:\/\/www.uartes.edu.ec\/sitio\/wp-content\/uploads\/2024\/03\/04-MUESTRA-UARTES-QUITO-CES-644x429.jpg\" alt=\"\" class=\"wp-image-51888\" srcset=\"https:\/\/www.uartes.edu.ec\/sitio\/wp-content\/uploads\/2024\/03\/04-MUESTRA-UARTES-QUITO-CES-644x429.jpg 644w, https:\/\/www.uartes.edu.ec\/sitio\/wp-content\/uploads\/2024\/03\/04-MUESTRA-UARTES-QUITO-CES-768x511.jpg 768w, https:\/\/www.uartes.edu.ec\/sitio\/wp-content\/uploads\/2024\/03\/04-MUESTRA-UARTES-QUITO-CES.jpg 2000w, https:\/\/www.uartes.edu.ec\/sitio\/wp-content\/uploads\/2024\/03\/04-MUESTRA-UARTES-QUITO-CES-18x12.jpg 18w, https:\/\/www.uartes.edu.ec\/sitio\/wp-content\/uploads\/2024\/03\/04-MUESTRA-UARTES-QUITO-CES-600x399.jpg 600w, https:\/\/www.uartes.edu.ec\/sitio\/wp-content\/uploads\/2024\/03\/04-MUESTRA-UARTES-QUITO-CES-272x182.jpg 272w\" sizes=\"(max-width: 644px) 100vw, 644px\" \/><\/figure>\n\n\n\n<figure class=\"wp-block-image size-large\"><img loading=\"lazy\" decoding=\"async\" width=\"644\" height=\"429\" data-id=\"51889\" src=\"https:\/\/www.uartes.edu.ec\/sitio\/wp-content\/uploads\/2024\/03\/03-MUESTRA-UARTES-QUITO-CES-644x429.jpg\" alt=\"\" class=\"wp-image-51889\" srcset=\"https:\/\/www.uartes.edu.ec\/sitio\/wp-content\/uploads\/2024\/03\/03-MUESTRA-UARTES-QUITO-CES-644x429.jpg 644w, https:\/\/www.uartes.edu.ec\/sitio\/wp-content\/uploads\/2024\/03\/03-MUESTRA-UARTES-QUITO-CES-768x511.jpg 768w, https:\/\/www.uartes.edu.ec\/sitio\/wp-content\/uploads\/2024\/03\/03-MUESTRA-UARTES-QUITO-CES.jpg 2000w, https:\/\/www.uartes.edu.ec\/sitio\/wp-content\/uploads\/2024\/03\/03-MUESTRA-UARTES-QUITO-CES-18x12.jpg 18w, https:\/\/www.uartes.edu.ec\/sitio\/wp-content\/uploads\/2024\/03\/03-MUESTRA-UARTES-QUITO-CES-600x399.jpg 600w, https:\/\/www.uartes.edu.ec\/sitio\/wp-content\/uploads\/2024\/03\/03-MUESTRA-UARTES-QUITO-CES-272x182.jpg 272w\" sizes=\"(max-width: 644px) 100vw, 644px\" \/><\/figure>\n<\/figure>\n\n\n\n<p>Una secci\u00f3n del \u201cCatecismo de Geograf\u00eda del Ecuador\u201d (1875) del novelista, poeta e historiador ecuatoriano Juan Le\u00f3n Mera da inicio a la obra, seguida por el ep\u00edlogo de Mosquera, quien trabaj\u00f3 18 a\u00f1os en la estaci\u00f3n de Tiputini como director de investigaci\u00f3n. En su contenido constan las \u201cCartas desde Tiputini\u201d, de Zambrano, y textos po\u00e9ticos. Adem\u00e1s de los ya mencionados: \u201cExteriores\u201d, de Maritza Cino; \u201cAlteraciones\u201d, de Marietta Altamirano Lozano; \u201cSurco en el cuerpo\u201d, de Mar\u00eda Fernanda Andrade B.; \u201cBrote de lava negra\u201d, de Anthony Guerrero; y \u201cNuestra selva\u201d, de Olmedo Guerra.<\/p>\n\n\n\n<p>De las ilustraciones, sus t\u00edtulos y autores son: \u201cThe Inner Observers\u201d, de Lisa Torske; \u201cPosibilidades\u201d, de Pepa Ilustradora; \u201cEspecies\u201d, de Gerald Espinoza; \u201cLaberinto\u201d, de Santiago Gonz\u00e1lez; \u201cPueblos\u201d, de Eulalia Cornejo; \u201cPedazos\u201d, de Sozapato; \u201cRa\u00edces\u201d, de Cardenilla; \u201cPresupuesto del Estado\u201d, de Miti Miti; \u201cViva voz\u201d, de Roger Ycaza; y, \u201cSobreconsumo\u201d, de Nashely Lascano.<\/p>\n","protected":false},"excerpt":{"rendered":"<p>La muestra \u201cSo\u00f1ar y vivir la selva: poes\u00eda desde el Yasun\u00ed\u201d, hom\u00f3nima del libro que la origina \u2013editado por Mar\u00eda Alejandra Zambrano, docente y directora de la Escuela de Literatura de la Universidad de las Artes y publicado por UArtes Ediciones\u2013, fue parte de los eventos programados para la Rendici\u00f3n de Cuentas del Consejo de Educaci\u00f3n Superior (CES), realizada por el doctor Pablo Beltr\u00e1n.<\/p>\n","protected":false},"author":10,"featured_media":51881,"comment_status":"open","ping_status":"open","sticky":false,"template":"","format":"standard","meta":{"_acf_changed":false,"_uag_custom_page_level_css":"","_monsterinsights_skip_tracking":false,"_monsterinsights_sitenote_active":false,"_monsterinsights_sitenote_note":"","_monsterinsights_sitenote_category":0,"cybocfi_hide_featured_image":"","footnotes":""},"categories":[80,82,75,76,77,175,84],"tags":[517],"infouartes":[],"class_list":["post-51879","post","type-post","status-publish","format-standard","has-post-thumbnail","hentry","category-academico","category-artes","category-docentes","category-estudiantes","category-gestion","category-literatura","category-rectorado","tag-exposicion"],"acf":[],"yoast_head":"<!-- This site is optimized with the Yoast SEO plugin v27.4 - https:\/\/yoast.com\/product\/yoast-seo-wordpress\/ -->\n<title>Universidad de las Artes - Muestra \u201cSo\u00f1ar y vivir la selva\u201d, en la PUCE por rendici\u00f3n de cuentas del CES; se presentar\u00e1 el libro hom\u00f3nimo<\/title>\n<meta name=\"description\" content=\"Universidad de las Artes - Muestra \u201cSo\u00f1ar y vivir la selva\u201d, en la PUCE por rendici\u00f3n de cuentas del CES; se presentar\u00e1 el libro hom\u00f3nimo\" \/>\n<meta name=\"robots\" content=\"index, follow, max-snippet:-1, max-image-preview:large, max-video-preview:-1\" \/>\n<link rel=\"canonical\" href=\"https:\/\/www.uartes.edu.ec\/sitio\/blog\/2024\/03\/26\/muestra-sonar-y-vivir-la-selva-poesia-desde-el-yasuni-en-la-puce-por-rendicion-de-cuentas-del-ces-tambien-se-presentara-el-libro\/\" \/>\n<meta property=\"og:locale\" content=\"es_ES\" \/>\n<meta property=\"og:type\" content=\"article\" \/>\n<meta property=\"og:title\" content=\"Universidad de las Artes - Muestra \u201cSo\u00f1ar y vivir la selva\u201d, en la PUCE por rendici\u00f3n de cuentas del CES; se presentar\u00e1 el libro hom\u00f3nimo\" \/>\n<meta property=\"og:description\" content=\"Universidad de las Artes - Muestra \u201cSo\u00f1ar y vivir la selva\u201d, en la PUCE por rendici\u00f3n de cuentas del CES; se presentar\u00e1 el libro hom\u00f3nimo\" \/>\n<meta property=\"og:url\" content=\"https:\/\/www.uartes.edu.ec\/sitio\/blog\/2024\/03\/26\/muestra-sonar-y-vivir-la-selva-poesia-desde-el-yasuni-en-la-puce-por-rendicion-de-cuentas-del-ces-tambien-se-presentara-el-libro\/\" \/>\n<meta property=\"og:site_name\" content=\"Universidad de las Artes\" \/>\n<meta property=\"article:publisher\" content=\"https:\/\/www.facebook.com\/uartesec\" \/>\n<meta property=\"article:published_time\" content=\"2024-03-26T22:40:11+00:00\" \/>\n<meta property=\"article:modified_time\" content=\"2024-07-04T16:19:13+00:00\" \/>\n<meta property=\"og:image\" content=\"https:\/\/www.uartes.edu.ec\/sitio\/wp-content\/uploads\/2024\/03\/WhatsApp-Image-2024-03-25-at-1.02.45-PM.jpg\" \/>\n\t<meta property=\"og:image:width\" content=\"2000\" \/>\n\t<meta property=\"og:image:height\" content=\"1333\" \/>\n\t<meta property=\"og:image:type\" content=\"image\/jpeg\" \/>\n<meta name=\"author\" content=\"ccortez\" \/>\n<meta name=\"twitter:card\" content=\"summary_large_image\" \/>\n<meta name=\"twitter:creator\" content=\"@uartesec\" \/>\n<meta name=\"twitter:site\" content=\"@uartesec\" \/>\n<meta name=\"twitter:label1\" content=\"Escrito por\" \/>\n\t<meta name=\"twitter:data1\" content=\"ccortez\" \/>\n\t<meta name=\"twitter:label2\" content=\"Tiempo de lectura\" \/>\n\t<meta name=\"twitter:data2\" content=\"5 minutos\" \/>\n<script type=\"application\/ld+json\" class=\"yoast-schema-graph\">{\"@context\":\"https:\\\/\\\/schema.org\",\"@graph\":[{\"@type\":\"Article\",\"@id\":\"https:\\\/\\\/www.uartes.edu.ec\\\/sitio\\\/blog\\\/2024\\\/03\\\/26\\\/muestra-sonar-y-vivir-la-selva-poesia-desde-el-yasuni-en-la-puce-por-rendicion-de-cuentas-del-ces-tambien-se-presentara-el-libro\\\/#article\",\"isPartOf\":{\"@id\":\"https:\\\/\\\/www.uartes.edu.ec\\\/sitio\\\/blog\\\/2024\\\/03\\\/26\\\/muestra-sonar-y-vivir-la-selva-poesia-desde-el-yasuni-en-la-puce-por-rendicion-de-cuentas-del-ces-tambien-se-presentara-el-libro\\\/\"},\"author\":{\"name\":\"ccortez\",\"@id\":\"https:\\\/\\\/www.uartes.edu.ec\\\/sitio\\\/#\\\/schema\\\/person\\\/efa1b8275797664fd7f13a79ccc0b1f4\"},\"headline\":\"Muestra \u201cSo\u00f1ar y vivir la selva\u201d, en la PUCE por rendici\u00f3n de cuentas del CES; se presentar\u00e1 el libro hom\u00f3nimo\",\"datePublished\":\"2024-03-26T22:40:11+00:00\",\"dateModified\":\"2024-07-04T16:19:13+00:00\",\"mainEntityOfPage\":{\"@id\":\"https:\\\/\\\/www.uartes.edu.ec\\\/sitio\\\/blog\\\/2024\\\/03\\\/26\\\/muestra-sonar-y-vivir-la-selva-poesia-desde-el-yasuni-en-la-puce-por-rendicion-de-cuentas-del-ces-tambien-se-presentara-el-libro\\\/\"},\"wordCount\":759,\"commentCount\":0,\"publisher\":{\"@id\":\"https:\\\/\\\/www.uartes.edu.ec\\\/sitio\\\/#organization\"},\"image\":{\"@id\":\"https:\\\/\\\/www.uartes.edu.ec\\\/sitio\\\/blog\\\/2024\\\/03\\\/26\\\/muestra-sonar-y-vivir-la-selva-poesia-desde-el-yasuni-en-la-puce-por-rendicion-de-cuentas-del-ces-tambien-se-presentara-el-libro\\\/#primaryimage\"},\"thumbnailUrl\":\"https:\\\/\\\/www.uartes.edu.ec\\\/sitio\\\/wp-content\\\/uploads\\\/2024\\\/03\\\/WhatsApp-Image-2024-03-25-at-1.02.45-PM.jpg\",\"keywords\":[\"exposici\u00f3n\"],\"articleSection\":[\"Acad\u00e9mico\",\"Artes\",\"Docentes\",\"Estudiantes\",\"Gesti\u00f3n\",\"Literatura\",\"Rectorado\"],\"inLanguage\":\"es\",\"potentialAction\":[{\"@type\":\"CommentAction\",\"name\":\"Comment\",\"target\":[\"https:\\\/\\\/www.uartes.edu.ec\\\/sitio\\\/blog\\\/2024\\\/03\\\/26\\\/muestra-sonar-y-vivir-la-selva-poesia-desde-el-yasuni-en-la-puce-por-rendicion-de-cuentas-del-ces-tambien-se-presentara-el-libro\\\/#respond\"]}]},{\"@type\":[\"WebPage\",\"ItemPage\"],\"@id\":\"https:\\\/\\\/www.uartes.edu.ec\\\/sitio\\\/blog\\\/2024\\\/03\\\/26\\\/muestra-sonar-y-vivir-la-selva-poesia-desde-el-yasuni-en-la-puce-por-rendicion-de-cuentas-del-ces-tambien-se-presentara-el-libro\\\/\",\"url\":\"https:\\\/\\\/www.uartes.edu.ec\\\/sitio\\\/blog\\\/2024\\\/03\\\/26\\\/muestra-sonar-y-vivir-la-selva-poesia-desde-el-yasuni-en-la-puce-por-rendicion-de-cuentas-del-ces-tambien-se-presentara-el-libro\\\/\",\"name\":\"Universidad de las Artes - Muestra \u201cSo\u00f1ar y vivir la selva\u201d, en la PUCE por rendici\u00f3n de cuentas del CES; se presentar\u00e1 el libro hom\u00f3nimo\",\"isPartOf\":{\"@id\":\"https:\\\/\\\/www.uartes.edu.ec\\\/sitio\\\/#website\"},\"primaryImageOfPage\":{\"@id\":\"https:\\\/\\\/www.uartes.edu.ec\\\/sitio\\\/blog\\\/2024\\\/03\\\/26\\\/muestra-sonar-y-vivir-la-selva-poesia-desde-el-yasuni-en-la-puce-por-rendicion-de-cuentas-del-ces-tambien-se-presentara-el-libro\\\/#primaryimage\"},\"image\":{\"@id\":\"https:\\\/\\\/www.uartes.edu.ec\\\/sitio\\\/blog\\\/2024\\\/03\\\/26\\\/muestra-sonar-y-vivir-la-selva-poesia-desde-el-yasuni-en-la-puce-por-rendicion-de-cuentas-del-ces-tambien-se-presentara-el-libro\\\/#primaryimage\"},\"thumbnailUrl\":\"https:\\\/\\\/www.uartes.edu.ec\\\/sitio\\\/wp-content\\\/uploads\\\/2024\\\/03\\\/WhatsApp-Image-2024-03-25-at-1.02.45-PM.jpg\",\"datePublished\":\"2024-03-26T22:40:11+00:00\",\"dateModified\":\"2024-07-04T16:19:13+00:00\",\"description\":\"Universidad de las Artes - Muestra \u201cSo\u00f1ar y vivir la selva\u201d, en la PUCE por rendici\u00f3n de cuentas del CES; se presentar\u00e1 el libro hom\u00f3nimo\",\"breadcrumb\":{\"@id\":\"https:\\\/\\\/www.uartes.edu.ec\\\/sitio\\\/blog\\\/2024\\\/03\\\/26\\\/muestra-sonar-y-vivir-la-selva-poesia-desde-el-yasuni-en-la-puce-por-rendicion-de-cuentas-del-ces-tambien-se-presentara-el-libro\\\/#breadcrumb\"},\"inLanguage\":\"es\",\"potentialAction\":[{\"@type\":\"ReadAction\",\"target\":[\"https:\\\/\\\/www.uartes.edu.ec\\\/sitio\\\/blog\\\/2024\\\/03\\\/26\\\/muestra-sonar-y-vivir-la-selva-poesia-desde-el-yasuni-en-la-puce-por-rendicion-de-cuentas-del-ces-tambien-se-presentara-el-libro\\\/\"]}]},{\"@type\":\"ImageObject\",\"inLanguage\":\"es\",\"@id\":\"https:\\\/\\\/www.uartes.edu.ec\\\/sitio\\\/blog\\\/2024\\\/03\\\/26\\\/muestra-sonar-y-vivir-la-selva-poesia-desde-el-yasuni-en-la-puce-por-rendicion-de-cuentas-del-ces-tambien-se-presentara-el-libro\\\/#primaryimage\",\"url\":\"https:\\\/\\\/www.uartes.edu.ec\\\/sitio\\\/wp-content\\\/uploads\\\/2024\\\/03\\\/WhatsApp-Image-2024-03-25-at-1.02.45-PM.jpg\",\"contentUrl\":\"https:\\\/\\\/www.uartes.edu.ec\\\/sitio\\\/wp-content\\\/uploads\\\/2024\\\/03\\\/WhatsApp-Image-2024-03-25-at-1.02.45-PM.jpg\",\"width\":2000,\"height\":1333},{\"@type\":\"BreadcrumbList\",\"@id\":\"https:\\\/\\\/www.uartes.edu.ec\\\/sitio\\\/blog\\\/2024\\\/03\\\/26\\\/muestra-sonar-y-vivir-la-selva-poesia-desde-el-yasuni-en-la-puce-por-rendicion-de-cuentas-del-ces-tambien-se-presentara-el-libro\\\/#breadcrumb\",\"itemListElement\":[{\"@type\":\"ListItem\",\"position\":1,\"name\":\"Inicio\",\"item\":\"https:\\\/\\\/www.uartes.edu.ec\\\/sitio\\\/\"},{\"@type\":\"ListItem\",\"position\":2,\"name\":\"Muestra \u201cSo\u00f1ar y vivir la selva\u201d, en la PUCE por rendici\u00f3n de cuentas del CES; se presentar\u00e1 el libro hom\u00f3nimo\"}]},{\"@type\":\"WebSite\",\"@id\":\"https:\\\/\\\/www.uartes.edu.ec\\\/sitio\\\/#website\",\"url\":\"https:\\\/\\\/www.uartes.edu.ec\\\/sitio\\\/\",\"name\":\"Universidad de las Artes\",\"description\":\"Sitio oficial de la Universidad Nacional de las Artes del Ecuador\",\"publisher\":{\"@id\":\"https:\\\/\\\/www.uartes.edu.ec\\\/sitio\\\/#organization\"},\"potentialAction\":[{\"@type\":\"SearchAction\",\"target\":{\"@type\":\"EntryPoint\",\"urlTemplate\":\"https:\\\/\\\/www.uartes.edu.ec\\\/sitio\\\/?s={search_term_string}\"},\"query-input\":{\"@type\":\"PropertyValueSpecification\",\"valueRequired\":true,\"valueName\":\"search_term_string\"}}],\"inLanguage\":\"es\"},{\"@type\":\"Organization\",\"@id\":\"https:\\\/\\\/www.uartes.edu.ec\\\/sitio\\\/#organization\",\"name\":\"Universidad de las Artes\",\"url\":\"https:\\\/\\\/www.uartes.edu.ec\\\/sitio\\\/\",\"logo\":{\"@type\":\"ImageObject\",\"inLanguage\":\"es\",\"@id\":\"https:\\\/\\\/www.uartes.edu.ec\\\/sitio\\\/#\\\/schema\\\/logo\\\/image\\\/\",\"url\":\"https:\\\/\\\/www.uartes.edu.ec\\\/sitio\\\/wp-content\\\/uploads\\\/2022\\\/07\\\/logo-ua-horizontal.png\",\"contentUrl\":\"https:\\\/\\\/www.uartes.edu.ec\\\/sitio\\\/wp-content\\\/uploads\\\/2022\\\/07\\\/logo-ua-horizontal.png\",\"width\":800,\"height\":276,\"caption\":\"Universidad de las Artes\"},\"image\":{\"@id\":\"https:\\\/\\\/www.uartes.edu.ec\\\/sitio\\\/#\\\/schema\\\/logo\\\/image\\\/\"},\"sameAs\":[\"https:\\\/\\\/www.facebook.com\\\/uartesec\",\"https:\\\/\\\/x.com\\\/uartesec\",\"https:\\\/\\\/www.tiktok.com\\\/@uartesec\"]},{\"@type\":\"Person\",\"@id\":\"https:\\\/\\\/www.uartes.edu.ec\\\/sitio\\\/#\\\/schema\\\/person\\\/efa1b8275797664fd7f13a79ccc0b1f4\",\"name\":\"ccortez\",\"image\":{\"@type\":\"ImageObject\",\"inLanguage\":\"es\",\"@id\":\"https:\\\/\\\/secure.gravatar.com\\\/avatar\\\/b2a6f664a3ae8e074346ef91775736c5ec479e637ecced6842de9dc98b5da9cd?s=96&d=mm&r=g\",\"url\":\"https:\\\/\\\/secure.gravatar.com\\\/avatar\\\/b2a6f664a3ae8e074346ef91775736c5ec479e637ecced6842de9dc98b5da9cd?s=96&d=mm&r=g\",\"contentUrl\":\"https:\\\/\\\/secure.gravatar.com\\\/avatar\\\/b2a6f664a3ae8e074346ef91775736c5ec479e637ecced6842de9dc98b5da9cd?s=96&d=mm&r=g\",\"caption\":\"ccortez\"},\"url\":\"https:\\\/\\\/www.uartes.edu.ec\\\/sitio\\\/blog\\\/author\\\/ccortez\\\/\"}]}<\/script>\n<!-- \/ Yoast SEO plugin. -->","yoast_head_json":{"title":"Universidad de las Artes - Muestra \u201cSo\u00f1ar y vivir la selva\u201d, en la PUCE por rendici\u00f3n de cuentas del CES; se presentar\u00e1 el libro hom\u00f3nimo","description":"Universidad de las Artes - Muestra \u201cSo\u00f1ar y vivir la selva\u201d, en la PUCE por rendici\u00f3n de cuentas del CES; se presentar\u00e1 el libro hom\u00f3nimo","robots":{"index":"index","follow":"follow","max-snippet":"max-snippet:-1","max-image-preview":"max-image-preview:large","max-video-preview":"max-video-preview:-1"},"canonical":"https:\/\/www.uartes.edu.ec\/sitio\/blog\/2024\/03\/26\/muestra-sonar-y-vivir-la-selva-poesia-desde-el-yasuni-en-la-puce-por-rendicion-de-cuentas-del-ces-tambien-se-presentara-el-libro\/","og_locale":"es_ES","og_type":"article","og_title":"Universidad de las Artes - Muestra \u201cSo\u00f1ar y vivir la selva\u201d, en la PUCE por rendici\u00f3n de cuentas del CES; se presentar\u00e1 el libro hom\u00f3nimo","og_description":"Universidad de las Artes - Muestra \u201cSo\u00f1ar y vivir la selva\u201d, en la PUCE por rendici\u00f3n de cuentas del CES; se presentar\u00e1 el libro hom\u00f3nimo","og_url":"https:\/\/www.uartes.edu.ec\/sitio\/blog\/2024\/03\/26\/muestra-sonar-y-vivir-la-selva-poesia-desde-el-yasuni-en-la-puce-por-rendicion-de-cuentas-del-ces-tambien-se-presentara-el-libro\/","og_site_name":"Universidad de las Artes","article_publisher":"https:\/\/www.facebook.com\/uartesec","article_published_time":"2024-03-26T22:40:11+00:00","article_modified_time":"2024-07-04T16:19:13+00:00","og_image":[{"width":2000,"height":1333,"url":"https:\/\/www.uartes.edu.ec\/sitio\/wp-content\/uploads\/2024\/03\/WhatsApp-Image-2024-03-25-at-1.02.45-PM.jpg","type":"image\/jpeg"}],"author":"ccortez","twitter_card":"summary_large_image","twitter_creator":"@uartesec","twitter_site":"@uartesec","twitter_misc":{"Escrito por":"ccortez","Tiempo de lectura":"5 minutos"},"schema":{"@context":"https:\/\/schema.org","@graph":[{"@type":"Article","@id":"https:\/\/www.uartes.edu.ec\/sitio\/blog\/2024\/03\/26\/muestra-sonar-y-vivir-la-selva-poesia-desde-el-yasuni-en-la-puce-por-rendicion-de-cuentas-del-ces-tambien-se-presentara-el-libro\/#article","isPartOf":{"@id":"https:\/\/www.uartes.edu.ec\/sitio\/blog\/2024\/03\/26\/muestra-sonar-y-vivir-la-selva-poesia-desde-el-yasuni-en-la-puce-por-rendicion-de-cuentas-del-ces-tambien-se-presentara-el-libro\/"},"author":{"name":"ccortez","@id":"https:\/\/www.uartes.edu.ec\/sitio\/#\/schema\/person\/efa1b8275797664fd7f13a79ccc0b1f4"},"headline":"Muestra \u201cSo\u00f1ar y vivir la selva\u201d, en la PUCE por rendici\u00f3n de cuentas del CES; se presentar\u00e1 el libro hom\u00f3nimo","datePublished":"2024-03-26T22:40:11+00:00","dateModified":"2024-07-04T16:19:13+00:00","mainEntityOfPage":{"@id":"https:\/\/www.uartes.edu.ec\/sitio\/blog\/2024\/03\/26\/muestra-sonar-y-vivir-la-selva-poesia-desde-el-yasuni-en-la-puce-por-rendicion-de-cuentas-del-ces-tambien-se-presentara-el-libro\/"},"wordCount":759,"commentCount":0,"publisher":{"@id":"https:\/\/www.uartes.edu.ec\/sitio\/#organization"},"image":{"@id":"https:\/\/www.uartes.edu.ec\/sitio\/blog\/2024\/03\/26\/muestra-sonar-y-vivir-la-selva-poesia-desde-el-yasuni-en-la-puce-por-rendicion-de-cuentas-del-ces-tambien-se-presentara-el-libro\/#primaryimage"},"thumbnailUrl":"https:\/\/www.uartes.edu.ec\/sitio\/wp-content\/uploads\/2024\/03\/WhatsApp-Image-2024-03-25-at-1.02.45-PM.jpg","keywords":["exposici\u00f3n"],"articleSection":["Acad\u00e9mico","Artes","Docentes","Estudiantes","Gesti\u00f3n","Literatura","Rectorado"],"inLanguage":"es","potentialAction":[{"@type":"CommentAction","name":"Comment","target":["https:\/\/www.uartes.edu.ec\/sitio\/blog\/2024\/03\/26\/muestra-sonar-y-vivir-la-selva-poesia-desde-el-yasuni-en-la-puce-por-rendicion-de-cuentas-del-ces-tambien-se-presentara-el-libro\/#respond"]}]},{"@type":["WebPage","ItemPage"],"@id":"https:\/\/www.uartes.edu.ec\/sitio\/blog\/2024\/03\/26\/muestra-sonar-y-vivir-la-selva-poesia-desde-el-yasuni-en-la-puce-por-rendicion-de-cuentas-del-ces-tambien-se-presentara-el-libro\/","url":"https:\/\/www.uartes.edu.ec\/sitio\/blog\/2024\/03\/26\/muestra-sonar-y-vivir-la-selva-poesia-desde-el-yasuni-en-la-puce-por-rendicion-de-cuentas-del-ces-tambien-se-presentara-el-libro\/","name":"Universidad de las Artes - Muestra \u201cSo\u00f1ar y vivir la selva\u201d, en la PUCE por rendici\u00f3n de cuentas del CES; se presentar\u00e1 el libro hom\u00f3nimo","isPartOf":{"@id":"https:\/\/www.uartes.edu.ec\/sitio\/#website"},"primaryImageOfPage":{"@id":"https:\/\/www.uartes.edu.ec\/sitio\/blog\/2024\/03\/26\/muestra-sonar-y-vivir-la-selva-poesia-desde-el-yasuni-en-la-puce-por-rendicion-de-cuentas-del-ces-tambien-se-presentara-el-libro\/#primaryimage"},"image":{"@id":"https:\/\/www.uartes.edu.ec\/sitio\/blog\/2024\/03\/26\/muestra-sonar-y-vivir-la-selva-poesia-desde-el-yasuni-en-la-puce-por-rendicion-de-cuentas-del-ces-tambien-se-presentara-el-libro\/#primaryimage"},"thumbnailUrl":"https:\/\/www.uartes.edu.ec\/sitio\/wp-content\/uploads\/2024\/03\/WhatsApp-Image-2024-03-25-at-1.02.45-PM.jpg","datePublished":"2024-03-26T22:40:11+00:00","dateModified":"2024-07-04T16:19:13+00:00","description":"Universidad de las Artes - Muestra \u201cSo\u00f1ar y vivir la selva\u201d, en la PUCE por rendici\u00f3n de cuentas del CES; se presentar\u00e1 el libro hom\u00f3nimo","breadcrumb":{"@id":"https:\/\/www.uartes.edu.ec\/sitio\/blog\/2024\/03\/26\/muestra-sonar-y-vivir-la-selva-poesia-desde-el-yasuni-en-la-puce-por-rendicion-de-cuentas-del-ces-tambien-se-presentara-el-libro\/#breadcrumb"},"inLanguage":"es","potentialAction":[{"@type":"ReadAction","target":["https:\/\/www.uartes.edu.ec\/sitio\/blog\/2024\/03\/26\/muestra-sonar-y-vivir-la-selva-poesia-desde-el-yasuni-en-la-puce-por-rendicion-de-cuentas-del-ces-tambien-se-presentara-el-libro\/"]}]},{"@type":"ImageObject","inLanguage":"es","@id":"https:\/\/www.uartes.edu.ec\/sitio\/blog\/2024\/03\/26\/muestra-sonar-y-vivir-la-selva-poesia-desde-el-yasuni-en-la-puce-por-rendicion-de-cuentas-del-ces-tambien-se-presentara-el-libro\/#primaryimage","url":"https:\/\/www.uartes.edu.ec\/sitio\/wp-content\/uploads\/2024\/03\/WhatsApp-Image-2024-03-25-at-1.02.45-PM.jpg","contentUrl":"https:\/\/www.uartes.edu.ec\/sitio\/wp-content\/uploads\/2024\/03\/WhatsApp-Image-2024-03-25-at-1.02.45-PM.jpg","width":2000,"height":1333},{"@type":"BreadcrumbList","@id":"https:\/\/www.uartes.edu.ec\/sitio\/blog\/2024\/03\/26\/muestra-sonar-y-vivir-la-selva-poesia-desde-el-yasuni-en-la-puce-por-rendicion-de-cuentas-del-ces-tambien-se-presentara-el-libro\/#breadcrumb","itemListElement":[{"@type":"ListItem","position":1,"name":"Inicio","item":"https:\/\/www.uartes.edu.ec\/sitio\/"},{"@type":"ListItem","position":2,"name":"Muestra \u201cSo\u00f1ar y vivir la selva\u201d, en la PUCE por rendici\u00f3n de cuentas del CES; se presentar\u00e1 el libro hom\u00f3nimo"}]},{"@type":"WebSite","@id":"https:\/\/www.uartes.edu.ec\/sitio\/#website","url":"https:\/\/www.uartes.edu.ec\/sitio\/","name":"Universidad de las Artes","description":"Sitio oficial de la Universidad Nacional de las Artes del Ecuador","publisher":{"@id":"https:\/\/www.uartes.edu.ec\/sitio\/#organization"},"potentialAction":[{"@type":"SearchAction","target":{"@type":"EntryPoint","urlTemplate":"https:\/\/www.uartes.edu.ec\/sitio\/?s={search_term_string}"},"query-input":{"@type":"PropertyValueSpecification","valueRequired":true,"valueName":"search_term_string"}}],"inLanguage":"es"},{"@type":"Organization","@id":"https:\/\/www.uartes.edu.ec\/sitio\/#organization","name":"Universidad de las Artes","url":"https:\/\/www.uartes.edu.ec\/sitio\/","logo":{"@type":"ImageObject","inLanguage":"es","@id":"https:\/\/www.uartes.edu.ec\/sitio\/#\/schema\/logo\/image\/","url":"https:\/\/www.uartes.edu.ec\/sitio\/wp-content\/uploads\/2022\/07\/logo-ua-horizontal.png","contentUrl":"https:\/\/www.uartes.edu.ec\/sitio\/wp-content\/uploads\/2022\/07\/logo-ua-horizontal.png","width":800,"height":276,"caption":"Universidad de las Artes"},"image":{"@id":"https:\/\/www.uartes.edu.ec\/sitio\/#\/schema\/logo\/image\/"},"sameAs":["https:\/\/www.facebook.com\/uartesec","https:\/\/x.com\/uartesec","https:\/\/www.tiktok.com\/@uartesec"]},{"@type":"Person","@id":"https:\/\/www.uartes.edu.ec\/sitio\/#\/schema\/person\/efa1b8275797664fd7f13a79ccc0b1f4","name":"ccortez","image":{"@type":"ImageObject","inLanguage":"es","@id":"https:\/\/secure.gravatar.com\/avatar\/b2a6f664a3ae8e074346ef91775736c5ec479e637ecced6842de9dc98b5da9cd?s=96&d=mm&r=g","url":"https:\/\/secure.gravatar.com\/avatar\/b2a6f664a3ae8e074346ef91775736c5ec479e637ecced6842de9dc98b5da9cd?s=96&d=mm&r=g","contentUrl":"https:\/\/secure.gravatar.com\/avatar\/b2a6f664a3ae8e074346ef91775736c5ec479e637ecced6842de9dc98b5da9cd?s=96&d=mm&r=g","caption":"ccortez"},"url":"https:\/\/www.uartes.edu.ec\/sitio\/blog\/author\/ccortez\/"}]}},"uagb_featured_image_src":{"full":["https:\/\/www.uartes.edu.ec\/sitio\/wp-content\/uploads\/2024\/03\/WhatsApp-Image-2024-03-25-at-1.02.45-PM.jpg",2000,1333,false],"thumbnail":["https:\/\/www.uartes.edu.ec\/sitio\/wp-content\/uploads\/2024\/03\/WhatsApp-Image-2024-03-25-at-1.02.45-PM-150x150.jpg",150,150,true],"medium":["https:\/\/www.uartes.edu.ec\/sitio\/wp-content\/uploads\/2024\/03\/WhatsApp-Image-2024-03-25-at-1.02.45-PM-300x200.jpg",300,200,true],"medium_large":["https:\/\/www.uartes.edu.ec\/sitio\/wp-content\/uploads\/2024\/03\/WhatsApp-Image-2024-03-25-at-1.02.45-PM-768x512.jpg",768,512,true],"large":["https:\/\/www.uartes.edu.ec\/sitio\/wp-content\/uploads\/2024\/03\/WhatsApp-Image-2024-03-25-at-1.02.45-PM-644x429.jpg",644,429,true],"1536x1536":["https:\/\/www.uartes.edu.ec\/sitio\/wp-content\/uploads\/2024\/03\/WhatsApp-Image-2024-03-25-at-1.02.45-PM-1536x1024.jpg",1536,1024,true],"2048x2048":["https:\/\/www.uartes.edu.ec\/sitio\/wp-content\/uploads\/2024\/03\/WhatsApp-Image-2024-03-25-at-1.02.45-PM.jpg",2000,1333,false],"trp-custom-language-flag":["https:\/\/www.uartes.edu.ec\/sitio\/wp-content\/uploads\/2024\/03\/WhatsApp-Image-2024-03-25-at-1.02.45-PM-18x12.jpg",18,12,true],"htmega_size_585x295":["https:\/\/www.uartes.edu.ec\/sitio\/wp-content\/uploads\/2024\/03\/WhatsApp-Image-2024-03-25-at-1.02.45-PM-585x295.jpg",585,295,true],"htmega_size_1170x536":["https:\/\/www.uartes.edu.ec\/sitio\/wp-content\/uploads\/2024\/03\/WhatsApp-Image-2024-03-25-at-1.02.45-PM-1170x536.jpg",1170,536,true],"htmega_size_396x360":["https:\/\/www.uartes.edu.ec\/sitio\/wp-content\/uploads\/2024\/03\/WhatsApp-Image-2024-03-25-at-1.02.45-PM-396x360.jpg",396,360,true],"gb-block-post-grid-landscape":["https:\/\/www.uartes.edu.ec\/sitio\/wp-content\/uploads\/2024\/03\/WhatsApp-Image-2024-03-25-at-1.02.45-PM-600x400.jpg",600,400,true],"gb-block-post-grid-square":["https:\/\/www.uartes.edu.ec\/sitio\/wp-content\/uploads\/2024\/03\/WhatsApp-Image-2024-03-25-at-1.02.45-PM-600x600.jpg",600,600,true],"university-hub-thumb":["https:\/\/www.uartes.edu.ec\/sitio\/wp-content\/uploads\/2024\/03\/WhatsApp-Image-2024-03-25-at-1.02.45-PM-400x267.jpg",400,267,true]},"uagb_author_info":{"display_name":"ccortez","author_link":"https:\/\/www.uartes.edu.ec\/sitio\/blog\/author\/ccortez\/"},"uagb_comment_info":0,"uagb_excerpt":"La muestra \u201cSo\u00f1ar y vivir la selva: poes\u00eda desde el Yasun\u00ed\u201d, hom\u00f3nima del libro que la origina \u2013editado por Mar\u00eda Alejandra Zambrano, docente y directora de la Escuela de Literatura de la Universidad de las Artes y publicado por UArtes Ediciones\u2013, fue parte de los eventos programados para la Rendici\u00f3n de Cuentas del Consejo de&hellip;","featured_image_src":"https:\/\/www.uartes.edu.ec\/sitio\/wp-content\/uploads\/2024\/03\/WhatsApp-Image-2024-03-25-at-1.02.45-PM-600x400.jpg","featured_image_src_square":"https:\/\/www.uartes.edu.ec\/sitio\/wp-content\/uploads\/2024\/03\/WhatsApp-Image-2024-03-25-at-1.02.45-PM-600x600.jpg","author_info":{"display_name":"ccortez","author_link":"https:\/\/www.uartes.edu.ec\/sitio\/blog\/author\/ccortez\/"},"publishpress_future_workflow_manual_trigger":{"enabledWorkflows":[]},"distributor_meta":false,"distributor_terms":false,"distributor_media":false,"distributor_original_site_name":"Universidad de las Artes","distributor_original_site_url":"https:\/\/www.uartes.edu.ec\/sitio","push-errors":false,"_links":{"self":[{"href":"https:\/\/www.uartes.edu.ec\/sitio\/wp-json\/wp\/v2\/posts\/51879","targetHints":{"allow":["GET"]}}],"collection":[{"href":"https:\/\/www.uartes.edu.ec\/sitio\/wp-json\/wp\/v2\/posts"}],"about":[{"href":"https:\/\/www.uartes.edu.ec\/sitio\/wp-json\/wp\/v2\/types\/post"}],"author":[{"embeddable":true,"href":"https:\/\/www.uartes.edu.ec\/sitio\/wp-json\/wp\/v2\/users\/10"}],"replies":[{"embeddable":true,"href":"https:\/\/www.uartes.edu.ec\/sitio\/wp-json\/wp\/v2\/comments?post=51879"}],"version-history":[{"count":21,"href":"https:\/\/www.uartes.edu.ec\/sitio\/wp-json\/wp\/v2\/posts\/51879\/revisions"}],"predecessor-version":[{"id":51948,"href":"https:\/\/www.uartes.edu.ec\/sitio\/wp-json\/wp\/v2\/posts\/51879\/revisions\/51948"}],"wp:featuredmedia":[{"embeddable":true,"href":"https:\/\/www.uartes.edu.ec\/sitio\/wp-json\/wp\/v2\/media\/51881"}],"wp:attachment":[{"href":"https:\/\/www.uartes.edu.ec\/sitio\/wp-json\/wp\/v2\/media?parent=51879"}],"wp:term":[{"taxonomy":"category","embeddable":true,"href":"https:\/\/www.uartes.edu.ec\/sitio\/wp-json\/wp\/v2\/categories?post=51879"},{"taxonomy":"post_tag","embeddable":true,"href":"https:\/\/www.uartes.edu.ec\/sitio\/wp-json\/wp\/v2\/tags?post=51879"},{"taxonomy":"infouartes","embeddable":true,"href":"https:\/\/www.uartes.edu.ec\/sitio\/wp-json\/wp\/v2\/infouartes?post=51879"}],"curies":[{"name":"wp","href":"https:\/\/api.w.org\/{rel}","templated":true}]}}