{"id":52048,"date":"2024-03-28T15:37:04","date_gmt":"2024-03-28T20:37:04","guid":{"rendered":"https:\/\/www.uartes.edu.ec\/sitio\/?p=52048"},"modified":"2024-07-04T11:19:12","modified_gmt":"2024-07-04T16:19:12","slug":"el-ocs-reconoce-gestion-de-los-representantes-estudiantiles-academicos-y-de-servidores-y-trabajadores","status":"publish","type":"post","link":"https:\/\/www.uartes.edu.ec\/sitio\/blog\/2024\/03\/28\/el-ocs-reconoce-gestion-de-los-representantes-estudiantiles-academicos-y-de-servidores-y-trabajadores\/","title":{"rendered":"En primer ciclo del cogobierno, OCS reconoce a delegados estudiantiles, acad\u00e9micos y administrativos"},"content":{"rendered":"\n<p>La sesi\u00f3n de este mi\u00e9rcoles 27 de marzo del \u00d3rgano Colegiado Superior (OCS) de la Universidad de las Artes fue distinta a las que ha venido desarrollando desde el 2021, en el primer ciclo del cogobierno. Fue solemne, y a la vez emotiva, pues los representantes estudiantiles, acad\u00e9micos y de los servidores y trabajadores, tanto principales como alternos, fueron convocados para recibir un reconocimiento por la gesti\u00f3n desempe\u00f1ada.<\/p>\n\n\n\n<p>El cogobierno es un principio fundamental del Sistema de Educaci\u00f3n Superior y consiste en la direcci\u00f3n compartida de la UArtes por parte de los diferentes sectores y estamentos de su comunidad: profesores, estudiantes, empleados y trabajadores, acorde con los principios de calidad, igualdad de oportunidades, alternabilidad y equidad de g\u00e9nero.<\/p>\n\n\n\n<p>Los representantes a quienes se reconoci\u00f3 por la gesti\u00f3n desempe\u00f1ada cumplieron el periodo para el que fueron elegidos de manera democr\u00e1tica y mediante sufragio. En el OCS, los delegados estudiantiles tienen un a\u00f1o en funciones; de los servidores y trabajadores, dos a\u00f1os; y de los acad\u00e9micos, tres a\u00f1os.<\/p>\n\n\n\n<p>En el acto de reconocimiento, el rector William Herrera, quien preside el \u00d3rgano Colegiado Superior, y los vicerrectores Olga L\u00f3pez y Bradley Hilgert agradecieron en sus intervenciones a los representantes citados por el compromiso adquirido, la asistencia a cada convocatoria, la opini\u00f3n cr\u00edtica frente a los temas abordados y la responsabilidad de asumir y ser parte del cogobierno.<\/p>\n\n\n<div class=\"wp-block-image\">\n<figure class=\"aligncenter size-large\"><img fetchpriority=\"high\" decoding=\"async\" width=\"644\" height=\"429\" src=\"https:\/\/www.uartes.edu.ec\/sitio\/wp-content\/uploads\/2024\/03\/OCS-2024-3-644x429.jpg\" alt=\"\" class=\"wp-image-52054\" srcset=\"https:\/\/www.uartes.edu.ec\/sitio\/wp-content\/uploads\/2024\/03\/OCS-2024-3-644x429.jpg 644w, https:\/\/www.uartes.edu.ec\/sitio\/wp-content\/uploads\/2024\/03\/OCS-2024-3-768x512.jpg 768w, https:\/\/www.uartes.edu.ec\/sitio\/wp-content\/uploads\/2024\/03\/OCS-2024-3-18x12.jpg 18w, https:\/\/www.uartes.edu.ec\/sitio\/wp-content\/uploads\/2024\/03\/OCS-2024-3-600x400.jpg 600w, https:\/\/www.uartes.edu.ec\/sitio\/wp-content\/uploads\/2024\/03\/OCS-2024-3-272x182.jpg 272w\" sizes=\"(max-width: 644px) 100vw, 644px\" \/><\/figure>\n<\/div>\n\n\n<figure class=\"wp-block-gallery has-nested-images columns-default is-cropped wp-block-gallery-1 is-layout-flex wp-block-gallery-is-layout-flex\">\n<figure class=\"wp-block-image size-large\"><img decoding=\"async\" width=\"644\" height=\"429\" data-id=\"52053\" src=\"https:\/\/www.uartes.edu.ec\/sitio\/wp-content\/uploads\/2024\/03\/OCS-2024-5-644x429.jpg\" alt=\"\" class=\"wp-image-52053\" srcset=\"https:\/\/www.uartes.edu.ec\/sitio\/wp-content\/uploads\/2024\/03\/OCS-2024-5-644x429.jpg 644w, https:\/\/www.uartes.edu.ec\/sitio\/wp-content\/uploads\/2024\/03\/OCS-2024-5-300x200.jpg 300w, https:\/\/www.uartes.edu.ec\/sitio\/wp-content\/uploads\/2024\/03\/OCS-2024-5-768x512.jpg 768w, https:\/\/www.uartes.edu.ec\/sitio\/wp-content\/uploads\/2024\/03\/OCS-2024-5-1536x1024.jpg 1536w, https:\/\/www.uartes.edu.ec\/sitio\/wp-content\/uploads\/2024\/03\/OCS-2024-5-2048x1365.jpg 2048w, https:\/\/www.uartes.edu.ec\/sitio\/wp-content\/uploads\/2024\/03\/OCS-2024-5-18x12.jpg 18w, https:\/\/www.uartes.edu.ec\/sitio\/wp-content\/uploads\/2024\/03\/OCS-2024-5-600x400.jpg 600w, https:\/\/www.uartes.edu.ec\/sitio\/wp-content\/uploads\/2024\/03\/OCS-2024-5-400x267.jpg 400w, https:\/\/www.uartes.edu.ec\/sitio\/wp-content\/uploads\/2024\/03\/OCS-2024-5-272x182.jpg 272w\" sizes=\"(max-width: 644px) 100vw, 644px\" \/><\/figure>\n\n\n\n<figure class=\"wp-block-image size-large\"><img decoding=\"async\" width=\"644\" height=\"429\" data-id=\"52050\" src=\"https:\/\/www.uartes.edu.ec\/sitio\/wp-content\/uploads\/2024\/03\/OCS-2024-4-644x429.jpg\" alt=\"\" class=\"wp-image-52050\" srcset=\"https:\/\/www.uartes.edu.ec\/sitio\/wp-content\/uploads\/2024\/03\/OCS-2024-4-644x429.jpg 644w, https:\/\/www.uartes.edu.ec\/sitio\/wp-content\/uploads\/2024\/03\/OCS-2024-4-768x512.jpg 768w, https:\/\/www.uartes.edu.ec\/sitio\/wp-content\/uploads\/2024\/03\/OCS-2024-4-18x12.jpg 18w, https:\/\/www.uartes.edu.ec\/sitio\/wp-content\/uploads\/2024\/03\/OCS-2024-4-600x400.jpg 600w, https:\/\/www.uartes.edu.ec\/sitio\/wp-content\/uploads\/2024\/03\/OCS-2024-4-272x182.jpg 272w\" sizes=\"(max-width: 644px) 100vw, 644px\" \/><\/figure>\n<\/figure>\n\n\n\n<p><\/p>\n\n\n\n<p>Como en todas las sesiones del OCS \u2013que son ordinarias y extraordinarias, se realizan generalmente los d\u00edas mi\u00e9rcoles de manera virtual y tambi\u00e9n presencial en el sal\u00f3n dispuesto, que est\u00e1 ubicado en el patrimonial edificio El Tel\u00e9grafo\u2013, su secretaria ad hoc, abogada Patricia Ayala Hoppe, ley\u00f3 el orden del d\u00eda.&nbsp;<\/p>\n\n\n\n<p>Cinco fueron los puntos a tratar:<br>1. Reconocimiento a la gesti\u00f3n de los representantes estudiantiles principales y alternos por el per\u00edodo del 2023 al 2024, a cargo de las m\u00e1ximas autoridades.<\/p>\n\n\n\n<p>2. Reconocimiento a la gesti\u00f3n de los representantes acad\u00e9micos principales y alternos ante el \u00d3rgano Colegiado Superior por el per\u00edodo del 2021 al 2023, prorrogado hasta marzo de 2024, a cargo de las m\u00e1ximas autoridades.<\/p>\n\n\n\n<p>3. Reconocimiento a la gesti\u00f3n de los representantes de los servidores y trabajadores, principal y alterno, ante el \u00d3rgano Colegiado Superior por el per\u00edodo del 2021 al 2022, prorrogado hasta febrero de 2023, a cargo de las m\u00e1ximas autoridades.<\/p>\n\n\n\n<p>4. Reconocimiento a la gesti\u00f3n de las autoridades acad\u00e9micas ante el \u00d3rgano Colegiado Superior por el per\u00edodo del 2021 al 2024, a cargo de las m\u00e1ximas autoridades.<\/p>\n\n\n\n<p>5. Reconocimiento a la gesti\u00f3n por su labor desarrollada en beneficio de los procesos acad\u00e9micos y administrativos, a cargo de las m\u00e1ximas autoridades.<\/p>\n\n\n<div class=\"wp-block-image\">\n<figure class=\"aligncenter size-large\"><img loading=\"lazy\" decoding=\"async\" width=\"644\" height=\"429\" src=\"https:\/\/www.uartes.edu.ec\/sitio\/wp-content\/uploads\/2024\/03\/OCS-2024-6-644x429.jpg\" alt=\"\" class=\"wp-image-52052\" srcset=\"https:\/\/www.uartes.edu.ec\/sitio\/wp-content\/uploads\/2024\/03\/OCS-2024-6-644x429.jpg 644w, https:\/\/www.uartes.edu.ec\/sitio\/wp-content\/uploads\/2024\/03\/OCS-2024-6-768x512.jpg 768w, https:\/\/www.uartes.edu.ec\/sitio\/wp-content\/uploads\/2024\/03\/OCS-2024-6-18x12.jpg 18w, https:\/\/www.uartes.edu.ec\/sitio\/wp-content\/uploads\/2024\/03\/OCS-2024-6-600x400.jpg 600w, https:\/\/www.uartes.edu.ec\/sitio\/wp-content\/uploads\/2024\/03\/OCS-2024-6-272x182.jpg 272w\" sizes=\"(max-width: 644px) 100vw, 644px\" \/><figcaption class=\"wp-element-caption\">El vicerrector Bradley Hilgert con Giovanni Quintero, representante estudiantil de la Escuela de Cine.<\/figcaption><\/figure>\n<\/div>\n\n\n<p>A esta sesi\u00f3n fueron invitados Rub\u00e9n Riera, presidente del Tribunal Electoral; Rusl\u00e1n Torres, director de Artes Visuales; Susan Romero, directora de Comunicaci\u00f3n; Sara Tobar, secretaria Administrativa; Jessica Plaza, directora de Talento Humano; Carolina C\u00e1rdenas, secretaria de Bienestar Universitario; Mar\u00eda Jos\u00e9 Bustos, secretaria Acad\u00e9mica; y Ana Carrillo, directora del Departamento Transversal de Teor\u00edas Cr\u00edticas y Pr\u00e1cticas Experimentales.<\/p>\n\n\n\n<p>Por el per\u00edodo del 2021 al 2024, el OCS reconoci\u00f3 la gesti\u00f3n de las autoridades acad\u00e9micas: Andrey Astaiza, de la Escuela de Artes Sonoras; Xavier Pati\u00f1o, de la Escuela de Artes Visuales; Bertha D\u00edaz, de la Escuela de Artes Esc\u00e9nicas; Cristian Villavicencio, de la Escuela de Posgrados; y Pedro Cagigal, de la Escuela de Cine, a quienes se entregaron diplomas de reconocimiento.<\/p>\n\n\n\n<p>Se mencion\u00f3 tambi\u00e9n a la directora de la Escuela de Literatura, Mar\u00eda Alejandra Zambrano, cuya ausencia, refiri\u00f3 el rector, se deb\u00eda a que representaba a la UArtes con la muestra \u201cSo\u00f1ar y vivir la selva: poes\u00eda desde el Yasun\u00ed\u201d en el acto de Rendici\u00f3n de Cuentas del Consejo de Educaci\u00f3n Superior (CES), registrado en Quito el martes 26 de marzo. La exposici\u00f3n, inaugurada en el Centro Cultural de la Pontificia Universidad Cat\u00f3lica del Ecuador (PUCE), tiene su g\u00e9nesis en el libro hom\u00f3nimo que se present\u00f3 ayer en ese mismo espacio.<\/p>\n\n\n\n<p>De los representantes acad\u00e9micos se agradeci\u00f3 a los principales y alternos, en ese orden: Fredy Vallejos y Adina Izarra, de la carrera de Artes Musicales; Meining Cheung y Luis P\u00e9rez-Valero, de la carrera de Producci\u00f3n Musical; Saidel Brito y Jorge Aycart, de la carrera de Artes Visuales; Solange Rodr\u00edguez y Andr\u00e9s Land\u00e1zuri, de la carrera de Literatura; Lorena Delgado y Elizabeth Medina, de la carrera de Danza; Benjam\u00edn Cort\u00e9s y Marcelo Leyton, de la carrera de Creaci\u00f3n Teatral; Ana Gabriela Rivadeneira, de la carrera de Cine; e Ybelice Brice\u00f1o y Yamil Lambert, de la Unidad Transversal.<\/p>\n\n\n<div class=\"wp-block-image\">\n<figure class=\"aligncenter size-large\"><img loading=\"lazy\" decoding=\"async\" width=\"644\" height=\"429\" src=\"https:\/\/www.uartes.edu.ec\/sitio\/wp-content\/uploads\/2024\/03\/OCS-2024-2-ok-644x429.jpg\" alt=\"\" class=\"wp-image-52051\" srcset=\"https:\/\/www.uartes.edu.ec\/sitio\/wp-content\/uploads\/2024\/03\/OCS-2024-2-ok-644x429.jpg 644w, https:\/\/www.uartes.edu.ec\/sitio\/wp-content\/uploads\/2024\/03\/OCS-2024-2-ok-768x512.jpg 768w, https:\/\/www.uartes.edu.ec\/sitio\/wp-content\/uploads\/2024\/03\/OCS-2024-2-ok-18x12.jpg 18w, https:\/\/www.uartes.edu.ec\/sitio\/wp-content\/uploads\/2024\/03\/OCS-2024-2-ok-600x400.jpg 600w, https:\/\/www.uartes.edu.ec\/sitio\/wp-content\/uploads\/2024\/03\/OCS-2024-2-ok-272x182.jpg 272w\" sizes=\"(max-width: 644px) 100vw, 644px\" \/><\/figure>\n<\/div>\n\n\n<p>Por el per\u00edodo del 2023 al 2024, se reconoci\u00f3 la gesti\u00f3n de los representantes estudiantiles: Danny Robles, principal, y Andrea Abad, alterna, de la Escuela de Artes Sonoras; Abel Berm\u00fadez, principal, y Eli\u00e1n Villavicencio, alterno, de la Escuela de Artes Esc\u00e9nicas; Rosa Quiroz, principal, y Adriana Gavilanes, alterna, de la Escuela de Literatura; Giovanni Quintero, principal, y Juan Montenegro, alterno, de la Escuela de Cine; y Noem\u00ed Villena, principal, y Kevin Alarc\u00f3n, alterno, de la Unidad Transversal.<\/p>\n\n\n\n<p>Fueron tambi\u00e9n reconocidos por su participaci\u00f3n en el OCS, en el periodo 2021-2023, los representantes de los servidores y trabajadores: Paola Mac\u00edas, principal, y Eduardo Mite, alterno.<\/p>\n\n\n\n<p>Se hizo especial menci\u00f3n por su colaboraci\u00f3n y aporte al OCS, aunque no son miembros, a Yulianela P\u00e9rez, quien estuvo en la Direcci\u00f3n del Departamento Transversal y ahora estar\u00e1 a cargo de la Direcci\u00f3n de Pol\u00edticas de Investigaci\u00f3n en Artes, y Ernesto Monserrate, web m\u00e1ster del equipo de la Direcci\u00f3n de Comunicaci\u00f3n.<\/p>\n","protected":false},"excerpt":{"rendered":"<p>El \u00d3rgano Colegiado Superior (OCS) de la UArtes entreg\u00f3 en un acto solemne y emotivo diplomas de reconocimiento a los representantes de los estudiantiles, docentes y servidores y trabajadores, tanto principales como alternos, por la gesti\u00f3n desempe\u00f1ada en el primer ciclo del cogobierno. Tambi\u00e9n a directores de escuelas y colaboradores acad\u00e9micos y administrativos.<\/p>\n","protected":false},"author":10,"featured_media":52049,"comment_status":"open","ping_status":"open","sticky":false,"template":"","format":"standard","meta":{"_acf_changed":false,"_uag_custom_page_level_css":"","_monsterinsights_skip_tracking":false,"_monsterinsights_sitenote_active":false,"_monsterinsights_sitenote_note":"","_monsterinsights_sitenote_category":0,"cybocfi_hide_featured_image":"","footnotes":""},"categories":[80,438,75,76,77,84],"tags":[871],"infouartes":[],"class_list":["post-52048","post","type-post","status-publish","format-standard","has-post-thumbnail","hentry","category-academico","category-administrativos","category-docentes","category-estudiantes","category-gestion","category-rectorado","tag-reconocimientos"],"acf":[],"yoast_head":"<!-- This site is optimized with the Yoast SEO plugin v27.4 - https:\/\/yoast.com\/product\/yoast-seo-wordpress\/ -->\n<title>Universidad de las Artes - En primer ciclo del cogobierno, OCS reconoce a delegados estudiantiles, acad\u00e9micos y administrativos<\/title>\n<meta name=\"description\" content=\"Universidad de las Artes - En primer ciclo del cogobierno, OCS reconoce a delegados estudiantiles, acad\u00e9micos y administrativos\" \/>\n<meta name=\"robots\" content=\"index, follow, max-snippet:-1, max-image-preview:large, max-video-preview:-1\" \/>\n<link rel=\"canonical\" href=\"https:\/\/www.uartes.edu.ec\/sitio\/blog\/2024\/03\/28\/el-ocs-reconoce-gestion-de-los-representantes-estudiantiles-academicos-y-de-servidores-y-trabajadores\/\" \/>\n<meta property=\"og:locale\" content=\"es_ES\" \/>\n<meta property=\"og:type\" content=\"article\" \/>\n<meta property=\"og:title\" content=\"Universidad de las Artes - En primer ciclo del cogobierno, OCS reconoce a delegados estudiantiles, acad\u00e9micos y administrativos\" \/>\n<meta property=\"og:description\" content=\"Universidad de las Artes - En primer ciclo del cogobierno, OCS reconoce a delegados estudiantiles, acad\u00e9micos y administrativos\" \/>\n<meta property=\"og:url\" content=\"https:\/\/www.uartes.edu.ec\/sitio\/blog\/2024\/03\/28\/el-ocs-reconoce-gestion-de-los-representantes-estudiantiles-academicos-y-de-servidores-y-trabajadores\/\" \/>\n<meta property=\"og:site_name\" content=\"Universidad de las Artes\" \/>\n<meta property=\"article:publisher\" content=\"https:\/\/www.facebook.com\/uartesec\" \/>\n<meta property=\"article:published_time\" content=\"2024-03-28T20:37:04+00:00\" \/>\n<meta property=\"article:modified_time\" content=\"2024-07-04T16:19:12+00:00\" \/>\n<meta property=\"og:image\" content=\"https:\/\/www.uartes.edu.ec\/sitio\/wp-content\/uploads\/2024\/03\/OCS-2024-7-scaled.jpg\" \/>\n\t<meta property=\"og:image:width\" content=\"2560\" \/>\n\t<meta property=\"og:image:height\" content=\"1707\" \/>\n\t<meta property=\"og:image:type\" content=\"image\/jpeg\" \/>\n<meta name=\"author\" content=\"ccortez\" \/>\n<meta name=\"twitter:card\" content=\"summary_large_image\" \/>\n<meta name=\"twitter:creator\" content=\"@uartesec\" \/>\n<meta name=\"twitter:site\" content=\"@uartesec\" \/>\n<meta name=\"twitter:label1\" content=\"Escrito por\" \/>\n\t<meta name=\"twitter:data1\" content=\"ccortez\" \/>\n\t<meta name=\"twitter:label2\" content=\"Tiempo de lectura\" \/>\n\t<meta name=\"twitter:data2\" content=\"6 minutos\" \/>\n<script type=\"application\/ld+json\" class=\"yoast-schema-graph\">{\"@context\":\"https:\\\/\\\/schema.org\",\"@graph\":[{\"@type\":\"Article\",\"@id\":\"https:\\\/\\\/www.uartes.edu.ec\\\/sitio\\\/blog\\\/2024\\\/03\\\/28\\\/el-ocs-reconoce-gestion-de-los-representantes-estudiantiles-academicos-y-de-servidores-y-trabajadores\\\/#article\",\"isPartOf\":{\"@id\":\"https:\\\/\\\/www.uartes.edu.ec\\\/sitio\\\/blog\\\/2024\\\/03\\\/28\\\/el-ocs-reconoce-gestion-de-los-representantes-estudiantiles-academicos-y-de-servidores-y-trabajadores\\\/\"},\"author\":{\"name\":\"ccortez\",\"@id\":\"https:\\\/\\\/www.uartes.edu.ec\\\/sitio\\\/#\\\/schema\\\/person\\\/efa1b8275797664fd7f13a79ccc0b1f4\"},\"headline\":\"En primer ciclo del cogobierno, OCS reconoce a delegados estudiantiles, acad\u00e9micos y administrativos\",\"datePublished\":\"2024-03-28T20:37:04+00:00\",\"dateModified\":\"2024-07-04T16:19:12+00:00\",\"mainEntityOfPage\":{\"@id\":\"https:\\\/\\\/www.uartes.edu.ec\\\/sitio\\\/blog\\\/2024\\\/03\\\/28\\\/el-ocs-reconoce-gestion-de-los-representantes-estudiantiles-academicos-y-de-servidores-y-trabajadores\\\/\"},\"wordCount\":993,\"commentCount\":0,\"publisher\":{\"@id\":\"https:\\\/\\\/www.uartes.edu.ec\\\/sitio\\\/#organization\"},\"image\":{\"@id\":\"https:\\\/\\\/www.uartes.edu.ec\\\/sitio\\\/blog\\\/2024\\\/03\\\/28\\\/el-ocs-reconoce-gestion-de-los-representantes-estudiantiles-academicos-y-de-servidores-y-trabajadores\\\/#primaryimage\"},\"thumbnailUrl\":\"https:\\\/\\\/www.uartes.edu.ec\\\/sitio\\\/wp-content\\\/uploads\\\/2024\\\/03\\\/OCS-2024-7-scaled.jpg\",\"keywords\":[\"reconocimientos\"],\"articleSection\":[\"Acad\u00e9mico\",\"Administrativos\",\"Docentes\",\"Estudiantes\",\"Gesti\u00f3n\",\"Rectorado\"],\"inLanguage\":\"es\",\"potentialAction\":[{\"@type\":\"CommentAction\",\"name\":\"Comment\",\"target\":[\"https:\\\/\\\/www.uartes.edu.ec\\\/sitio\\\/blog\\\/2024\\\/03\\\/28\\\/el-ocs-reconoce-gestion-de-los-representantes-estudiantiles-academicos-y-de-servidores-y-trabajadores\\\/#respond\"]}]},{\"@type\":[\"WebPage\",\"ItemPage\"],\"@id\":\"https:\\\/\\\/www.uartes.edu.ec\\\/sitio\\\/blog\\\/2024\\\/03\\\/28\\\/el-ocs-reconoce-gestion-de-los-representantes-estudiantiles-academicos-y-de-servidores-y-trabajadores\\\/\",\"url\":\"https:\\\/\\\/www.uartes.edu.ec\\\/sitio\\\/blog\\\/2024\\\/03\\\/28\\\/el-ocs-reconoce-gestion-de-los-representantes-estudiantiles-academicos-y-de-servidores-y-trabajadores\\\/\",\"name\":\"Universidad de las Artes - En primer ciclo del cogobierno, OCS reconoce a delegados estudiantiles, acad\u00e9micos y administrativos\",\"isPartOf\":{\"@id\":\"https:\\\/\\\/www.uartes.edu.ec\\\/sitio\\\/#website\"},\"primaryImageOfPage\":{\"@id\":\"https:\\\/\\\/www.uartes.edu.ec\\\/sitio\\\/blog\\\/2024\\\/03\\\/28\\\/el-ocs-reconoce-gestion-de-los-representantes-estudiantiles-academicos-y-de-servidores-y-trabajadores\\\/#primaryimage\"},\"image\":{\"@id\":\"https:\\\/\\\/www.uartes.edu.ec\\\/sitio\\\/blog\\\/2024\\\/03\\\/28\\\/el-ocs-reconoce-gestion-de-los-representantes-estudiantiles-academicos-y-de-servidores-y-trabajadores\\\/#primaryimage\"},\"thumbnailUrl\":\"https:\\\/\\\/www.uartes.edu.ec\\\/sitio\\\/wp-content\\\/uploads\\\/2024\\\/03\\\/OCS-2024-7-scaled.jpg\",\"datePublished\":\"2024-03-28T20:37:04+00:00\",\"dateModified\":\"2024-07-04T16:19:12+00:00\",\"description\":\"Universidad de las Artes - En primer ciclo del cogobierno, OCS reconoce a delegados estudiantiles, acad\u00e9micos y administrativos\",\"breadcrumb\":{\"@id\":\"https:\\\/\\\/www.uartes.edu.ec\\\/sitio\\\/blog\\\/2024\\\/03\\\/28\\\/el-ocs-reconoce-gestion-de-los-representantes-estudiantiles-academicos-y-de-servidores-y-trabajadores\\\/#breadcrumb\"},\"inLanguage\":\"es\",\"potentialAction\":[{\"@type\":\"ReadAction\",\"target\":[\"https:\\\/\\\/www.uartes.edu.ec\\\/sitio\\\/blog\\\/2024\\\/03\\\/28\\\/el-ocs-reconoce-gestion-de-los-representantes-estudiantiles-academicos-y-de-servidores-y-trabajadores\\\/\"]}]},{\"@type\":\"ImageObject\",\"inLanguage\":\"es\",\"@id\":\"https:\\\/\\\/www.uartes.edu.ec\\\/sitio\\\/blog\\\/2024\\\/03\\\/28\\\/el-ocs-reconoce-gestion-de-los-representantes-estudiantiles-academicos-y-de-servidores-y-trabajadores\\\/#primaryimage\",\"url\":\"https:\\\/\\\/www.uartes.edu.ec\\\/sitio\\\/wp-content\\\/uploads\\\/2024\\\/03\\\/OCS-2024-7-scaled.jpg\",\"contentUrl\":\"https:\\\/\\\/www.uartes.edu.ec\\\/sitio\\\/wp-content\\\/uploads\\\/2024\\\/03\\\/OCS-2024-7-scaled.jpg\",\"width\":2560,\"height\":1707},{\"@type\":\"BreadcrumbList\",\"@id\":\"https:\\\/\\\/www.uartes.edu.ec\\\/sitio\\\/blog\\\/2024\\\/03\\\/28\\\/el-ocs-reconoce-gestion-de-los-representantes-estudiantiles-academicos-y-de-servidores-y-trabajadores\\\/#breadcrumb\",\"itemListElement\":[{\"@type\":\"ListItem\",\"position\":1,\"name\":\"Inicio\",\"item\":\"https:\\\/\\\/www.uartes.edu.ec\\\/sitio\\\/\"},{\"@type\":\"ListItem\",\"position\":2,\"name\":\"En primer ciclo del cogobierno, OCS reconoce a delegados estudiantiles, acad\u00e9micos y administrativos\"}]},{\"@type\":\"WebSite\",\"@id\":\"https:\\\/\\\/www.uartes.edu.ec\\\/sitio\\\/#website\",\"url\":\"https:\\\/\\\/www.uartes.edu.ec\\\/sitio\\\/\",\"name\":\"Universidad de las Artes\",\"description\":\"Sitio oficial de la Universidad Nacional de las Artes del Ecuador\",\"publisher\":{\"@id\":\"https:\\\/\\\/www.uartes.edu.ec\\\/sitio\\\/#organization\"},\"potentialAction\":[{\"@type\":\"SearchAction\",\"target\":{\"@type\":\"EntryPoint\",\"urlTemplate\":\"https:\\\/\\\/www.uartes.edu.ec\\\/sitio\\\/?s={search_term_string}\"},\"query-input\":{\"@type\":\"PropertyValueSpecification\",\"valueRequired\":true,\"valueName\":\"search_term_string\"}}],\"inLanguage\":\"es\"},{\"@type\":\"Organization\",\"@id\":\"https:\\\/\\\/www.uartes.edu.ec\\\/sitio\\\/#organization\",\"name\":\"Universidad de las Artes\",\"url\":\"https:\\\/\\\/www.uartes.edu.ec\\\/sitio\\\/\",\"logo\":{\"@type\":\"ImageObject\",\"inLanguage\":\"es\",\"@id\":\"https:\\\/\\\/www.uartes.edu.ec\\\/sitio\\\/#\\\/schema\\\/logo\\\/image\\\/\",\"url\":\"https:\\\/\\\/www.uartes.edu.ec\\\/sitio\\\/wp-content\\\/uploads\\\/2022\\\/07\\\/logo-ua-horizontal.png\",\"contentUrl\":\"https:\\\/\\\/www.uartes.edu.ec\\\/sitio\\\/wp-content\\\/uploads\\\/2022\\\/07\\\/logo-ua-horizontal.png\",\"width\":800,\"height\":276,\"caption\":\"Universidad de las Artes\"},\"image\":{\"@id\":\"https:\\\/\\\/www.uartes.edu.ec\\\/sitio\\\/#\\\/schema\\\/logo\\\/image\\\/\"},\"sameAs\":[\"https:\\\/\\\/www.facebook.com\\\/uartesec\",\"https:\\\/\\\/x.com\\\/uartesec\",\"https:\\\/\\\/www.tiktok.com\\\/@uartesec\"]},{\"@type\":\"Person\",\"@id\":\"https:\\\/\\\/www.uartes.edu.ec\\\/sitio\\\/#\\\/schema\\\/person\\\/efa1b8275797664fd7f13a79ccc0b1f4\",\"name\":\"ccortez\",\"image\":{\"@type\":\"ImageObject\",\"inLanguage\":\"es\",\"@id\":\"https:\\\/\\\/secure.gravatar.com\\\/avatar\\\/b2a6f664a3ae8e074346ef91775736c5ec479e637ecced6842de9dc98b5da9cd?s=96&d=mm&r=g\",\"url\":\"https:\\\/\\\/secure.gravatar.com\\\/avatar\\\/b2a6f664a3ae8e074346ef91775736c5ec479e637ecced6842de9dc98b5da9cd?s=96&d=mm&r=g\",\"contentUrl\":\"https:\\\/\\\/secure.gravatar.com\\\/avatar\\\/b2a6f664a3ae8e074346ef91775736c5ec479e637ecced6842de9dc98b5da9cd?s=96&d=mm&r=g\",\"caption\":\"ccortez\"},\"url\":\"https:\\\/\\\/www.uartes.edu.ec\\\/sitio\\\/blog\\\/author\\\/ccortez\\\/\"}]}<\/script>\n<!-- \/ Yoast SEO plugin. -->","yoast_head_json":{"title":"Universidad de las Artes - En primer ciclo del cogobierno, OCS reconoce a delegados estudiantiles, acad\u00e9micos y administrativos","description":"Universidad de las Artes - En primer ciclo del cogobierno, OCS reconoce a delegados estudiantiles, acad\u00e9micos y administrativos","robots":{"index":"index","follow":"follow","max-snippet":"max-snippet:-1","max-image-preview":"max-image-preview:large","max-video-preview":"max-video-preview:-1"},"canonical":"https:\/\/www.uartes.edu.ec\/sitio\/blog\/2024\/03\/28\/el-ocs-reconoce-gestion-de-los-representantes-estudiantiles-academicos-y-de-servidores-y-trabajadores\/","og_locale":"es_ES","og_type":"article","og_title":"Universidad de las Artes - En primer ciclo del cogobierno, OCS reconoce a delegados estudiantiles, acad\u00e9micos y administrativos","og_description":"Universidad de las Artes - En primer ciclo del cogobierno, OCS reconoce a delegados estudiantiles, acad\u00e9micos y administrativos","og_url":"https:\/\/www.uartes.edu.ec\/sitio\/blog\/2024\/03\/28\/el-ocs-reconoce-gestion-de-los-representantes-estudiantiles-academicos-y-de-servidores-y-trabajadores\/","og_site_name":"Universidad de las Artes","article_publisher":"https:\/\/www.facebook.com\/uartesec","article_published_time":"2024-03-28T20:37:04+00:00","article_modified_time":"2024-07-04T16:19:12+00:00","og_image":[{"width":2560,"height":1707,"url":"https:\/\/www.uartes.edu.ec\/sitio\/wp-content\/uploads\/2024\/03\/OCS-2024-7-scaled.jpg","type":"image\/jpeg"}],"author":"ccortez","twitter_card":"summary_large_image","twitter_creator":"@uartesec","twitter_site":"@uartesec","twitter_misc":{"Escrito por":"ccortez","Tiempo de lectura":"6 minutos"},"schema":{"@context":"https:\/\/schema.org","@graph":[{"@type":"Article","@id":"https:\/\/www.uartes.edu.ec\/sitio\/blog\/2024\/03\/28\/el-ocs-reconoce-gestion-de-los-representantes-estudiantiles-academicos-y-de-servidores-y-trabajadores\/#article","isPartOf":{"@id":"https:\/\/www.uartes.edu.ec\/sitio\/blog\/2024\/03\/28\/el-ocs-reconoce-gestion-de-los-representantes-estudiantiles-academicos-y-de-servidores-y-trabajadores\/"},"author":{"name":"ccortez","@id":"https:\/\/www.uartes.edu.ec\/sitio\/#\/schema\/person\/efa1b8275797664fd7f13a79ccc0b1f4"},"headline":"En primer ciclo del cogobierno, OCS reconoce a delegados estudiantiles, acad\u00e9micos y administrativos","datePublished":"2024-03-28T20:37:04+00:00","dateModified":"2024-07-04T16:19:12+00:00","mainEntityOfPage":{"@id":"https:\/\/www.uartes.edu.ec\/sitio\/blog\/2024\/03\/28\/el-ocs-reconoce-gestion-de-los-representantes-estudiantiles-academicos-y-de-servidores-y-trabajadores\/"},"wordCount":993,"commentCount":0,"publisher":{"@id":"https:\/\/www.uartes.edu.ec\/sitio\/#organization"},"image":{"@id":"https:\/\/www.uartes.edu.ec\/sitio\/blog\/2024\/03\/28\/el-ocs-reconoce-gestion-de-los-representantes-estudiantiles-academicos-y-de-servidores-y-trabajadores\/#primaryimage"},"thumbnailUrl":"https:\/\/www.uartes.edu.ec\/sitio\/wp-content\/uploads\/2024\/03\/OCS-2024-7-scaled.jpg","keywords":["reconocimientos"],"articleSection":["Acad\u00e9mico","Administrativos","Docentes","Estudiantes","Gesti\u00f3n","Rectorado"],"inLanguage":"es","potentialAction":[{"@type":"CommentAction","name":"Comment","target":["https:\/\/www.uartes.edu.ec\/sitio\/blog\/2024\/03\/28\/el-ocs-reconoce-gestion-de-los-representantes-estudiantiles-academicos-y-de-servidores-y-trabajadores\/#respond"]}]},{"@type":["WebPage","ItemPage"],"@id":"https:\/\/www.uartes.edu.ec\/sitio\/blog\/2024\/03\/28\/el-ocs-reconoce-gestion-de-los-representantes-estudiantiles-academicos-y-de-servidores-y-trabajadores\/","url":"https:\/\/www.uartes.edu.ec\/sitio\/blog\/2024\/03\/28\/el-ocs-reconoce-gestion-de-los-representantes-estudiantiles-academicos-y-de-servidores-y-trabajadores\/","name":"Universidad de las Artes - En primer ciclo del cogobierno, OCS reconoce a delegados estudiantiles, acad\u00e9micos y administrativos","isPartOf":{"@id":"https:\/\/www.uartes.edu.ec\/sitio\/#website"},"primaryImageOfPage":{"@id":"https:\/\/www.uartes.edu.ec\/sitio\/blog\/2024\/03\/28\/el-ocs-reconoce-gestion-de-los-representantes-estudiantiles-academicos-y-de-servidores-y-trabajadores\/#primaryimage"},"image":{"@id":"https:\/\/www.uartes.edu.ec\/sitio\/blog\/2024\/03\/28\/el-ocs-reconoce-gestion-de-los-representantes-estudiantiles-academicos-y-de-servidores-y-trabajadores\/#primaryimage"},"thumbnailUrl":"https:\/\/www.uartes.edu.ec\/sitio\/wp-content\/uploads\/2024\/03\/OCS-2024-7-scaled.jpg","datePublished":"2024-03-28T20:37:04+00:00","dateModified":"2024-07-04T16:19:12+00:00","description":"Universidad de las Artes - En primer ciclo del cogobierno, OCS reconoce a delegados estudiantiles, acad\u00e9micos y administrativos","breadcrumb":{"@id":"https:\/\/www.uartes.edu.ec\/sitio\/blog\/2024\/03\/28\/el-ocs-reconoce-gestion-de-los-representantes-estudiantiles-academicos-y-de-servidores-y-trabajadores\/#breadcrumb"},"inLanguage":"es","potentialAction":[{"@type":"ReadAction","target":["https:\/\/www.uartes.edu.ec\/sitio\/blog\/2024\/03\/28\/el-ocs-reconoce-gestion-de-los-representantes-estudiantiles-academicos-y-de-servidores-y-trabajadores\/"]}]},{"@type":"ImageObject","inLanguage":"es","@id":"https:\/\/www.uartes.edu.ec\/sitio\/blog\/2024\/03\/28\/el-ocs-reconoce-gestion-de-los-representantes-estudiantiles-academicos-y-de-servidores-y-trabajadores\/#primaryimage","url":"https:\/\/www.uartes.edu.ec\/sitio\/wp-content\/uploads\/2024\/03\/OCS-2024-7-scaled.jpg","contentUrl":"https:\/\/www.uartes.edu.ec\/sitio\/wp-content\/uploads\/2024\/03\/OCS-2024-7-scaled.jpg","width":2560,"height":1707},{"@type":"BreadcrumbList","@id":"https:\/\/www.uartes.edu.ec\/sitio\/blog\/2024\/03\/28\/el-ocs-reconoce-gestion-de-los-representantes-estudiantiles-academicos-y-de-servidores-y-trabajadores\/#breadcrumb","itemListElement":[{"@type":"ListItem","position":1,"name":"Inicio","item":"https:\/\/www.uartes.edu.ec\/sitio\/"},{"@type":"ListItem","position":2,"name":"En primer ciclo del cogobierno, OCS reconoce a delegados estudiantiles, acad\u00e9micos y administrativos"}]},{"@type":"WebSite","@id":"https:\/\/www.uartes.edu.ec\/sitio\/#website","url":"https:\/\/www.uartes.edu.ec\/sitio\/","name":"Universidad de las Artes","description":"Sitio oficial de la Universidad Nacional de las Artes del Ecuador","publisher":{"@id":"https:\/\/www.uartes.edu.ec\/sitio\/#organization"},"potentialAction":[{"@type":"SearchAction","target":{"@type":"EntryPoint","urlTemplate":"https:\/\/www.uartes.edu.ec\/sitio\/?s={search_term_string}"},"query-input":{"@type":"PropertyValueSpecification","valueRequired":true,"valueName":"search_term_string"}}],"inLanguage":"es"},{"@type":"Organization","@id":"https:\/\/www.uartes.edu.ec\/sitio\/#organization","name":"Universidad de las Artes","url":"https:\/\/www.uartes.edu.ec\/sitio\/","logo":{"@type":"ImageObject","inLanguage":"es","@id":"https:\/\/www.uartes.edu.ec\/sitio\/#\/schema\/logo\/image\/","url":"https:\/\/www.uartes.edu.ec\/sitio\/wp-content\/uploads\/2022\/07\/logo-ua-horizontal.png","contentUrl":"https:\/\/www.uartes.edu.ec\/sitio\/wp-content\/uploads\/2022\/07\/logo-ua-horizontal.png","width":800,"height":276,"caption":"Universidad de las Artes"},"image":{"@id":"https:\/\/www.uartes.edu.ec\/sitio\/#\/schema\/logo\/image\/"},"sameAs":["https:\/\/www.facebook.com\/uartesec","https:\/\/x.com\/uartesec","https:\/\/www.tiktok.com\/@uartesec"]},{"@type":"Person","@id":"https:\/\/www.uartes.edu.ec\/sitio\/#\/schema\/person\/efa1b8275797664fd7f13a79ccc0b1f4","name":"ccortez","image":{"@type":"ImageObject","inLanguage":"es","@id":"https:\/\/secure.gravatar.com\/avatar\/b2a6f664a3ae8e074346ef91775736c5ec479e637ecced6842de9dc98b5da9cd?s=96&d=mm&r=g","url":"https:\/\/secure.gravatar.com\/avatar\/b2a6f664a3ae8e074346ef91775736c5ec479e637ecced6842de9dc98b5da9cd?s=96&d=mm&r=g","contentUrl":"https:\/\/secure.gravatar.com\/avatar\/b2a6f664a3ae8e074346ef91775736c5ec479e637ecced6842de9dc98b5da9cd?s=96&d=mm&r=g","caption":"ccortez"},"url":"https:\/\/www.uartes.edu.ec\/sitio\/blog\/author\/ccortez\/"}]}},"uagb_featured_image_src":{"full":["https:\/\/www.uartes.edu.ec\/sitio\/wp-content\/uploads\/2024\/03\/OCS-2024-7-scaled.jpg",2560,1707,false],"thumbnail":["https:\/\/www.uartes.edu.ec\/sitio\/wp-content\/uploads\/2024\/03\/OCS-2024-7-150x150.jpg",150,150,true],"medium":["https:\/\/www.uartes.edu.ec\/sitio\/wp-content\/uploads\/2024\/03\/OCS-2024-7-300x200.jpg",300,200,true],"medium_large":["https:\/\/www.uartes.edu.ec\/sitio\/wp-content\/uploads\/2024\/03\/OCS-2024-7-768x512.jpg",768,512,true],"large":["https:\/\/www.uartes.edu.ec\/sitio\/wp-content\/uploads\/2024\/03\/OCS-2024-7-644x429.jpg",644,429,true],"1536x1536":["https:\/\/www.uartes.edu.ec\/sitio\/wp-content\/uploads\/2024\/03\/OCS-2024-7-1536x1024.jpg",1536,1024,true],"2048x2048":["https:\/\/www.uartes.edu.ec\/sitio\/wp-content\/uploads\/2024\/03\/OCS-2024-7-2048x1365.jpg",2048,1365,true],"trp-custom-language-flag":["https:\/\/www.uartes.edu.ec\/sitio\/wp-content\/uploads\/2024\/03\/OCS-2024-7-18x12.jpg",18,12,true],"htmega_size_585x295":["https:\/\/www.uartes.edu.ec\/sitio\/wp-content\/uploads\/2024\/03\/OCS-2024-7-585x295.jpg",585,295,true],"htmega_size_1170x536":["https:\/\/www.uartes.edu.ec\/sitio\/wp-content\/uploads\/2024\/03\/OCS-2024-7-1170x536.jpg",1170,536,true],"htmega_size_396x360":["https:\/\/www.uartes.edu.ec\/sitio\/wp-content\/uploads\/2024\/03\/OCS-2024-7-396x360.jpg",396,360,true],"gb-block-post-grid-landscape":["https:\/\/www.uartes.edu.ec\/sitio\/wp-content\/uploads\/2024\/03\/OCS-2024-7-600x400.jpg",600,400,true],"gb-block-post-grid-square":["https:\/\/www.uartes.edu.ec\/sitio\/wp-content\/uploads\/2024\/03\/OCS-2024-7-600x600.jpg",600,600,true],"university-hub-thumb":["https:\/\/www.uartes.edu.ec\/sitio\/wp-content\/uploads\/2024\/03\/OCS-2024-7-400x267.jpg",400,267,true]},"uagb_author_info":{"display_name":"ccortez","author_link":"https:\/\/www.uartes.edu.ec\/sitio\/blog\/author\/ccortez\/"},"uagb_comment_info":0,"uagb_excerpt":"El \u00d3rgano Colegiado Superior (OCS) de la UArtes entreg\u00f3 en un acto solemne y emotivo diplomas de reconocimiento a los representantes de los estudiantiles, docentes y servidores y trabajadores, tanto principales como alternos, por la gesti\u00f3n desempe\u00f1ada en el primer ciclo del cogobierno. Tambi\u00e9n a directores de escuelas y colaboradores acad\u00e9micos y administrativos.","featured_image_src":"https:\/\/www.uartes.edu.ec\/sitio\/wp-content\/uploads\/2024\/03\/OCS-2024-7-600x400.jpg","featured_image_src_square":"https:\/\/www.uartes.edu.ec\/sitio\/wp-content\/uploads\/2024\/03\/OCS-2024-7-600x600.jpg","author_info":{"display_name":"ccortez","author_link":"https:\/\/www.uartes.edu.ec\/sitio\/blog\/author\/ccortez\/"},"publishpress_future_workflow_manual_trigger":{"enabledWorkflows":[]},"distributor_meta":false,"distributor_terms":false,"distributor_media":false,"distributor_original_site_name":"Universidad de las Artes","distributor_original_site_url":"https:\/\/www.uartes.edu.ec\/sitio","push-errors":false,"_links":{"self":[{"href":"https:\/\/www.uartes.edu.ec\/sitio\/wp-json\/wp\/v2\/posts\/52048","targetHints":{"allow":["GET"]}}],"collection":[{"href":"https:\/\/www.uartes.edu.ec\/sitio\/wp-json\/wp\/v2\/posts"}],"about":[{"href":"https:\/\/www.uartes.edu.ec\/sitio\/wp-json\/wp\/v2\/types\/post"}],"author":[{"embeddable":true,"href":"https:\/\/www.uartes.edu.ec\/sitio\/wp-json\/wp\/v2\/users\/10"}],"replies":[{"embeddable":true,"href":"https:\/\/www.uartes.edu.ec\/sitio\/wp-json\/wp\/v2\/comments?post=52048"}],"version-history":[{"count":16,"href":"https:\/\/www.uartes.edu.ec\/sitio\/wp-json\/wp\/v2\/posts\/52048\/revisions"}],"predecessor-version":[{"id":52081,"href":"https:\/\/www.uartes.edu.ec\/sitio\/wp-json\/wp\/v2\/posts\/52048\/revisions\/52081"}],"wp:featuredmedia":[{"embeddable":true,"href":"https:\/\/www.uartes.edu.ec\/sitio\/wp-json\/wp\/v2\/media\/52049"}],"wp:attachment":[{"href":"https:\/\/www.uartes.edu.ec\/sitio\/wp-json\/wp\/v2\/media?parent=52048"}],"wp:term":[{"taxonomy":"category","embeddable":true,"href":"https:\/\/www.uartes.edu.ec\/sitio\/wp-json\/wp\/v2\/categories?post=52048"},{"taxonomy":"post_tag","embeddable":true,"href":"https:\/\/www.uartes.edu.ec\/sitio\/wp-json\/wp\/v2\/tags?post=52048"},{"taxonomy":"infouartes","embeddable":true,"href":"https:\/\/www.uartes.edu.ec\/sitio\/wp-json\/wp\/v2\/infouartes?post=52048"}],"curies":[{"name":"wp","href":"https:\/\/api.w.org\/{rel}","templated":true}]}}