{"id":52227,"date":"2024-04-04T16:14:00","date_gmt":"2024-04-04T21:14:00","guid":{"rendered":"https:\/\/www.uartes.edu.ec\/sitio\/?p=52227"},"modified":"2024-07-04T11:19:11","modified_gmt":"2024-07-04T16:19:11","slug":"los-representantes-estudiantiles-y-academicos-ante-el-ocs-y-los-cde-recibieron-sus-credenciales","status":"publish","type":"post","link":"https:\/\/www.uartes.edu.ec\/sitio\/blog\/2024\/04\/04\/los-representantes-estudiantiles-y-academicos-ante-el-ocs-y-los-cde-recibieron-sus-credenciales\/","title":{"rendered":"Los representantes estudiantiles y acad\u00e9micos ante el OCS y los CDE recibieron sus credenciales"},"content":{"rendered":"\n<p>La lectura del orden del d\u00eda que hizo la secretaria ad hoc, abogada Patricia Ayala, dio inicio la ma\u00f1ana del mi\u00e9rcoles 3 de abril al acto de entrega del certificado y posesi\u00f3n de los representantes estudiantiles y acad\u00e9micos ante el \u00d3rgano Colegiado Superior (OCS) y los Consejos Directivos de Escuela (CDE), en el marco del cogobierno.<\/p>\n\n\n\n<p>De conformidad con el Art\u00edculo 74 del Reglamento General de Elecciones queda instalada la sesi\u00f3n, anot\u00f3 Ayala a las autoridades universitarias que presidieron el acto. El rector William Herrera, presidente del OCS, y los vicerrectores Olga L\u00f3pez y Bradley Hilgert.<\/p>\n\n\n\n<p>Tuvo lugar en el piso 3 de la Biblioteca de las Artes. All\u00ed se encontraban los docentes y alumnos que mediante voto electr\u00f3nico fueron elegidos por la comunidad universitaria. El Tribunal Electoral (TE) UArtes convoc\u00f3 al sufragio el 15 de marzo pasado; lo preside el profesor Rub\u00e9n Riera e integran Estela Narv\u00e1ez, secretaria, y Juan Caguana, Soraya Campos y Jes\u00fas S\u00e1nchez, en representaci\u00f3n de los acad\u00e9micos, administrativos y estudiantes, en ese orden.<\/p>\n\n\n<div class=\"wp-block-image\">\n<figure class=\"aligncenter size-large\"><img fetchpriority=\"high\" decoding=\"async\" width=\"644\" height=\"429\" src=\"https:\/\/www.uartes.edu.ec\/sitio\/wp-content\/uploads\/2024\/04\/03-CERTIFICADOS-NUEVO-OCS-2024-644x429.jpg\" alt=\"\" class=\"wp-image-52229\" srcset=\"https:\/\/www.uartes.edu.ec\/sitio\/wp-content\/uploads\/2024\/04\/03-CERTIFICADOS-NUEVO-OCS-2024-644x429.jpg 644w, https:\/\/www.uartes.edu.ec\/sitio\/wp-content\/uploads\/2024\/04\/03-CERTIFICADOS-NUEVO-OCS-2024-768x511.jpg 768w, https:\/\/www.uartes.edu.ec\/sitio\/wp-content\/uploads\/2024\/04\/03-CERTIFICADOS-NUEVO-OCS-2024.jpg 2000w, https:\/\/www.uartes.edu.ec\/sitio\/wp-content\/uploads\/2024\/04\/03-CERTIFICADOS-NUEVO-OCS-2024-18x12.jpg 18w, https:\/\/www.uartes.edu.ec\/sitio\/wp-content\/uploads\/2024\/04\/03-CERTIFICADOS-NUEVO-OCS-2024-600x399.jpg 600w, https:\/\/www.uartes.edu.ec\/sitio\/wp-content\/uploads\/2024\/04\/03-CERTIFICADOS-NUEVO-OCS-2024-272x182.jpg 272w\" sizes=\"(max-width: 644px) 100vw, 644px\" \/><\/figure>\n<\/div>\n\n\n<p>El rector William Herrera destac\u00f3 el proceso eleccionario y tras felicitar a los representantes estudiantiles y acad\u00e9micos indic\u00f3 que el cogobierno es uno de los pilares de las universidades que nos permite gozar de autonom\u00eda, muchas veces limitada por la actuaci\u00f3n de instituciones externas. Mencion\u00f3 tambi\u00e9n que el cogobierno permite construir nuestra identidad como instituci\u00f3n e impulsar nuestra forma de entender el modelo educativo y la agenda estrat\u00e9gica institucional.<\/p>\n\n\n\n<p>El rector agradeci\u00f3 a Rub\u00e9n Riera y dem\u00e1s miembros del TE por haber organizado el proceso, el cual invita a reflexionar sobre c\u00f3mo mejorarlo y ampliar la participaci\u00f3n de los distintos estamentos. \u201cLos miembros del OCS y los CDE inician sus funciones. Los representantes acad\u00e9micos se extender\u00e1n hasta el 2027, lo cual implica la gran responsabilidad de supervisar el proceso electoral que tendr\u00e1 lugar en 2025 para elegir a las m\u00e1ximas autoridades de la UArtes y se encargar\u00e1n de recibirlas a partir de enero del 2026\u201d, dijo.<\/p>\n\n\n<div class=\"wp-block-image\">\n<figure class=\"aligncenter size-large\"><img decoding=\"async\" src=\"https:\/\/www.uartes.edu.ec\/sitio\/wp-content\/uploads\/2024\/04\/06-CERTIFICADOS-NUEVO-OCS-2024-1-644x429.jpg\" alt=\"\" class=\"wp-image-52233\" \/><\/figure>\n<\/div>\n\n\n<p>Agreg\u00f3 que en el primer periodo del OCS lo que se trat\u00f3 de hacer es dotar a la UArtes de algunos instrumentos fundamentales para pensar su organizaci\u00f3n y desarrollo institucional para los siguientes a\u00f1os. Record\u00f3 que hace poco m\u00e1s de un mes y medio los miembros salientes aprobaron el Plan Estrat\u00e9gico de Desarrollo Institucional (PEDI) para cuyas metas invit\u00f3 a la comunidad universitaria a hacer una autorreflexi\u00f3n para, al final de cada a\u00f1o, cuestionarlas, revisarlas, ajustarlas, cambiarlas.<\/p>\n\n\n\n<p>A los representantes estudiantiles anim\u00f3 a no dudar de llevar al OCS y los CDE propuestas, pensadas y basadas en sus experiencias como parte del alumnado. Se pueden traducir en ajustes o reformas de instrumentos normativos de nuevos planes de trabajo, o sencillamente en el desarrollo de nuevos servicios que consideren necesarios para mejorar la experiencia educativa. Son parte de los desaf\u00edos que tenemos para este nuevo ciclo del cogobierno.<\/p>\n\n\n\n<p>Rub\u00e9n Riera, presidente del Tribunal Electoral, agradeci\u00f3 el apoyo de todas las direcciones y unidades, lo cual posibilit\u00f3 y facilit\u00f3 el proceso electoral. A los representantes estudiantiles y acad\u00e9micos certificados les dese\u00f3 \u00e9xitos en las funciones a realizar, \u201clo que ustedes hagan nos afectar\u00e1 a todos\u201d, expres\u00f3 e indic\u00f3 que la actual conformaci\u00f3n del TE estar\u00e1 hasta diciembre y que ya est\u00e1n trabajando en los informes a entregar a los nuevos miembros. &nbsp;<\/p>\n\n\n\t\t\t\t\t<div\n\t\t\t\t\t\tclass=\"wp-block-uagb-image-gallery uagb-block-0fba6d8d     \"\n\t\t\t\t\t\tstyle=\"\"\n\t\t\t\t\t>\n\t\t\t\t\t\t\t\t\t\t\t<div class=\"spectra-image-gallery spectra-image-gallery__layout--grid spectra-image-gallery__layout--grid-col-2 spectra-image-gallery__layout--grid-col-tab-2 spectra-image-gallery__layout--grid-col-mob-2\">\n\t\t\t\t\t\t\t\t\t\t\t<div class='spectra-image-gallery__media-wrapper' data-spectra-gallery-image-id='52235' tabindex=\"0\">\n\t\t\t\t\t\t\t<div class=\"spectra-image-gallery__media spectra-image-gallery__media--grid\">\n\t\t\t\t<picture>\n\t\t\t\t\t<source media=\"(min-width: 1024px)\" srcset=\"https:\/\/www.uartes.edu.ec\/sitio\/wp-content\/uploads\/2024\/04\/02-CERTIFICADOS-NUEVO-OCS-2024-644x429.jpg\">\n\t\t\t\t\t<source media=\"(min-width: 768px)\" srcset=\"https:\/\/www.uartes.edu.ec\/sitio\/wp-content\/uploads\/2024\/04\/02-CERTIFICADOS-NUEVO-OCS-2024-644x429.jpg\">\n\t\t\t\t\t<img decoding=\"async\" class=\"spectra-image-gallery__media-thumbnail spectra-image-gallery__media-thumbnail--grid\" src=\"https:\/\/www.uartes.edu.ec\/sitio\/wp-content\/uploads\/2024\/04\/02-CERTIFICADOS-NUEVO-OCS-2024-300x200.jpg\" alt=\"\" loading=\"lazy\" \/>\n\t\t\t\t<\/picture>\n\t\t\t\t<div class=\"spectra-image-gallery__media-thumbnail-blurrer\"><\/div>\n\t\t\t\t\t\t\t\t\t\t\t<div class=\"spectra-image-gallery__media-thumbnail-caption-wrapper spectra-image-gallery__media-thumbnail-caption-wrapper--overlay\">\n\t\t\t\t\t\t\t\t\t\t\t<div class=\"spectra-image-gallery__media-thumbnail-caption spectra-image-gallery__media-thumbnail-caption--overlay\">\n\t\t\t\t\tSin leyenda\t\t\t\t<\/div>\n\t\t\t\t\t\t\t\t\t\t<\/div>\n\t\t\t\t\t\t\t\t\t<\/div>\n\t\t\t\t\t\t<\/div>\n\t\t\t\t\t\t<div class='spectra-image-gallery__media-wrapper' data-spectra-gallery-image-id='52234' tabindex=\"0\">\n\t\t\t\t\t\t\t<div class=\"spectra-image-gallery__media spectra-image-gallery__media--grid\">\n\t\t\t\t<picture>\n\t\t\t\t\t<source media=\"(min-width: 1024px)\" srcset=\"https:\/\/www.uartes.edu.ec\/sitio\/wp-content\/uploads\/2024\/04\/04-CERTIFICADOS-NUEVO-OCS-2024-644x429.jpg\">\n\t\t\t\t\t<source media=\"(min-width: 768px)\" srcset=\"https:\/\/www.uartes.edu.ec\/sitio\/wp-content\/uploads\/2024\/04\/04-CERTIFICADOS-NUEVO-OCS-2024-644x429.jpg\">\n\t\t\t\t\t<img decoding=\"async\" class=\"spectra-image-gallery__media-thumbnail spectra-image-gallery__media-thumbnail--grid\" src=\"https:\/\/www.uartes.edu.ec\/sitio\/wp-content\/uploads\/2024\/04\/04-CERTIFICADOS-NUEVO-OCS-2024-300x200.jpg\" alt=\"\" loading=\"lazy\" \/>\n\t\t\t\t<\/picture>\n\t\t\t\t<div class=\"spectra-image-gallery__media-thumbnail-blurrer\"><\/div>\n\t\t\t\t\t\t\t\t\t\t\t<div class=\"spectra-image-gallery__media-thumbnail-caption-wrapper spectra-image-gallery__media-thumbnail-caption-wrapper--overlay\">\n\t\t\t\t\t\t\t\t\t\t\t<div class=\"spectra-image-gallery__media-thumbnail-caption spectra-image-gallery__media-thumbnail-caption--overlay\">\n\t\t\t\t\tSin leyenda\t\t\t\t<\/div>\n\t\t\t\t\t\t\t\t\t\t<\/div>\n\t\t\t\t\t\t\t\t\t<\/div>\n\t\t\t\t\t\t<\/div>\n\t\t\t\t\t\t\t\t\t\t<\/div>\n\t\t\t\t\t\t\t\t\t\t\t\t\t\t\t\t\t\t<\/div>\n\t\t\t\t\t\t\t\t\t\n\n\n<h3 class=\"wp-block-heading\">Estudiantes y acad\u00e9micos<\/h3>\n\n\n\n<p>Seguidamente, la secretaria del TE, abogada Estela Narv\u00e1ez, fue llamando uno a uno a los integrantes del OCS, primero, y luego a delegados ante los CDE.<\/p>\n\n\n\n<p><strong>Representantes estudiantiles ante el OCS, periodo 2024-2025<br><\/strong>De Artes Esc\u00e9nicas: Fanny Nieto y Noem\u00ed Villena, principales, y Karla Ortiz y Vicente Mieles, alternos. De Literatura: Valeria Navarro, principal, y Anthony Andrade, alterno. De Cine: Giovanni Contero, principal, y Sara P\u00f3lit, alterna. De Artes Sonoras: Luiggi Vera, principal.<\/p>\n\n\n\n<p><strong>Representantes acad\u00e9micos ante el OCS, periodo 2024-2027<br><\/strong>De Creaci\u00f3n Teatral: Paula Gonz\u00e1lez, principal. De Danza: Lorena Delgado, principal, y Luis Miguel Cajiao, alterno. De Producci\u00f3n Musical y Sonora: Dar\u00edo Buitr\u00f3n, principal. De Literatura: Mar\u00eda Paulina Briones, principal, y Solange Rodr\u00edguez, alterna. De Artes Visuales: Saidel Brito, principal. De Cine: Ana Gabriela Rivadeneira, principal, y Priscila Aguirre, alterna. De Transversal: Juan Ripalda, principal, y Juan Benavides, alterno.<\/p>\n\n\n\n<p><strong>Representantes estudiantiles ante los CDE<\/strong><br>De Artes Esc\u00e9nicas: Alex Yupanqui, principal, y Paola Zamora, alterna. De Literatura: Nicolas Goussas y Jean Carlos \u00c1vila, principales, y Laura Casanella y Camila Porras, alternas. De Cine: Jair\u00ed Gereda, principal, y Dom\u00e9nica Montero, alterna. De Artes Sonoras: Jordy Lynch, principal, y Anthony Tandazo, alterno. De Posgrado: Jordy Tapia, principal, y Rogger Cede\u00f1o, alterno.<\/p>\n\n\n<div class=\"wp-block-image\">\n<figure class=\"aligncenter size-large\"><img decoding=\"async\" width=\"644\" height=\"429\" src=\"https:\/\/www.uartes.edu.ec\/sitio\/wp-content\/uploads\/2024\/04\/05-CERTIFICADOS-NUEVO-OCS-2024-644x429.jpg\" alt=\"\" class=\"wp-image-52240\" srcset=\"https:\/\/www.uartes.edu.ec\/sitio\/wp-content\/uploads\/2024\/04\/05-CERTIFICADOS-NUEVO-OCS-2024-644x429.jpg 644w, https:\/\/www.uartes.edu.ec\/sitio\/wp-content\/uploads\/2024\/04\/05-CERTIFICADOS-NUEVO-OCS-2024-768x511.jpg 768w, https:\/\/www.uartes.edu.ec\/sitio\/wp-content\/uploads\/2024\/04\/05-CERTIFICADOS-NUEVO-OCS-2024.jpg 2000w, https:\/\/www.uartes.edu.ec\/sitio\/wp-content\/uploads\/2024\/04\/05-CERTIFICADOS-NUEVO-OCS-2024-18x12.jpg 18w, https:\/\/www.uartes.edu.ec\/sitio\/wp-content\/uploads\/2024\/04\/05-CERTIFICADOS-NUEVO-OCS-2024-600x399.jpg 600w, https:\/\/www.uartes.edu.ec\/sitio\/wp-content\/uploads\/2024\/04\/05-CERTIFICADOS-NUEVO-OCS-2024-272x182.jpg 272w\" sizes=\"(max-width: 644px) 100vw, 644px\" \/><\/figure>\n<\/div>\n\n\n<p><strong>Representantes acad\u00e9micos ante los CDE<br><\/strong>De Artes Esc\u00e9nicas: Marcelo Leyton, Blanca Rivadeneira y Elizabeth Medina, principales, y Sof\u00eda Mera y Lorena Toro, alternas. De Literatura: Roberto Ram\u00edrez, Gioconda Coello y Cecilia Velasco, principales, y Fernando Montenegro, Pedro Mujica y Jorge Tigrero, alternos. Y de Cine: Leslie Gonz\u00e1lez, Javier Izquierdo y Abel Arcos, principales, y Mar\u00eda Isabel Carrasco, Diego Falcon\u00ed y Raymi Morales, alternos.<\/p>\n\n\n\n<p>Son tambi\u00e9n delegados acad\u00e9micos ante los Consejos Directivos de Escuelas, por Artes Sonoras: Daniel Orejuela, Diego Uyana y Luis Carlos Moreno, principales. Por Artes Visuales: Jos\u00e9 Andrade, Guadalupe \u00c1lvarez y Jorge Massucco, principales, y Marcos Restrepo, alterno. Por Posgrados: Antonio Cepeda, Roberto Moscoso y Luis P\u00e9rez-Valero, principales.<\/p>\n\n\n\n<p><strong>Representantes de Transversal<\/strong><br>De Literatura: Ybelice Brice\u00f1o, principal. De Cine: Mar\u00eda del Pilar Gavilanes, principal, y Libia P\u00e9rez, alterna. De Artes Esc\u00e9nicas: Luis P\u00e1ez, principal, y Amaranta Pico, alterna. De Artes Visuales: Amalina Bomnin, principal. De Artes Sonoras: David de los Reyes, principal, y Agust\u00edn Garcells, alterno.<\/p>\n\n\n\n<h3 class=\"wp-block-heading\">Los delegados y sus expectativas<\/h3>\n\n\n\n<p>\u201cEs muy importante que podamos mantener esta idea de gobierno paritario y un gobierno, adem\u00e1s, democr\u00e1tico, con estudiantes, trabajadores y profesores que somos quienes hacemos la universidad. Es un momento muy importante tambi\u00e9n porque ya se nos vienen las elecciones (para las nuevas autoridades universitarias)\u201d, expres\u00f3 el docente Juan Benavides acerca de su participaci\u00f3n en el OCS como representante acad\u00e9mico alterno.<\/p>\n\n\n\t\t\t\t\t<div\n\t\t\t\t\t\tclass=\"wp-block-uagb-image-gallery uagb-block-84c110e6     \"\n\t\t\t\t\t\tstyle=\"\"\n\t\t\t\t\t>\n\t\t\t\t\t\t\t\t\t\t\t<div class=\"spectra-image-gallery spectra-image-gallery__layout--grid spectra-image-gallery__layout--grid-col-2 spectra-image-gallery__layout--grid-col-tab-2 spectra-image-gallery__layout--grid-col-mob-2\">\n\t\t\t\t\t\t\t\t\t\t\t<div class='spectra-image-gallery__media-wrapper' data-spectra-gallery-image-id='52236' tabindex=\"0\">\n\t\t\t\t\t\t\t<div class=\"spectra-image-gallery__media spectra-image-gallery__media--grid\">\n\t\t\t\t<picture>\n\t\t\t\t\t<source media=\"(min-width: 1024px)\" srcset=\"https:\/\/www.uartes.edu.ec\/sitio\/wp-content\/uploads\/2024\/04\/12-CERTIFICADOS-NUEVO-OCS-2024-644x429.jpg\">\n\t\t\t\t\t<source media=\"(min-width: 768px)\" srcset=\"https:\/\/www.uartes.edu.ec\/sitio\/wp-content\/uploads\/2024\/04\/12-CERTIFICADOS-NUEVO-OCS-2024-644x429.jpg\">\n\t\t\t\t\t<img decoding=\"async\" class=\"spectra-image-gallery__media-thumbnail spectra-image-gallery__media-thumbnail--grid\" src=\"https:\/\/www.uartes.edu.ec\/sitio\/wp-content\/uploads\/2024\/04\/12-CERTIFICADOS-NUEVO-OCS-2024-300x200.jpg\" alt=\"\" loading=\"lazy\" \/>\n\t\t\t\t<\/picture>\n\t\t\t\t<div class=\"spectra-image-gallery__media-thumbnail-blurrer\"><\/div>\n\t\t\t\t\t\t\t\t\t\t\t<div class=\"spectra-image-gallery__media-thumbnail-caption-wrapper spectra-image-gallery__media-thumbnail-caption-wrapper--overlay\">\n\t\t\t\t\t\t\t\t\t\t\t<div class=\"spectra-image-gallery__media-thumbnail-caption spectra-image-gallery__media-thumbnail-caption--overlay\">\n\t\t\t\t\tSin leyenda\t\t\t\t<\/div>\n\t\t\t\t\t\t\t\t\t\t<\/div>\n\t\t\t\t\t\t\t\t\t<\/div>\n\t\t\t\t\t\t<\/div>\n\t\t\t\t\t\t<div class='spectra-image-gallery__media-wrapper' data-spectra-gallery-image-id='52237' tabindex=\"0\">\n\t\t\t\t\t\t\t<div class=\"spectra-image-gallery__media spectra-image-gallery__media--grid\">\n\t\t\t\t<picture>\n\t\t\t\t\t<source media=\"(min-width: 1024px)\" srcset=\"https:\/\/www.uartes.edu.ec\/sitio\/wp-content\/uploads\/2024\/04\/09-CERTIFICADOS-NUEVO-OCS-2024-644x429.jpg\">\n\t\t\t\t\t<source media=\"(min-width: 768px)\" srcset=\"https:\/\/www.uartes.edu.ec\/sitio\/wp-content\/uploads\/2024\/04\/09-CERTIFICADOS-NUEVO-OCS-2024-644x429.jpg\">\n\t\t\t\t\t<img decoding=\"async\" class=\"spectra-image-gallery__media-thumbnail spectra-image-gallery__media-thumbnail--grid\" src=\"https:\/\/www.uartes.edu.ec\/sitio\/wp-content\/uploads\/2024\/04\/09-CERTIFICADOS-NUEVO-OCS-2024-300x200.jpg\" alt=\"\" loading=\"lazy\" \/>\n\t\t\t\t<\/picture>\n\t\t\t\t<div class=\"spectra-image-gallery__media-thumbnail-blurrer\"><\/div>\n\t\t\t\t\t\t\t\t\t\t\t<div class=\"spectra-image-gallery__media-thumbnail-caption-wrapper spectra-image-gallery__media-thumbnail-caption-wrapper--overlay\">\n\t\t\t\t\t\t\t\t\t\t\t<div class=\"spectra-image-gallery__media-thumbnail-caption spectra-image-gallery__media-thumbnail-caption--overlay\">\n\t\t\t\t\tSin leyenda\t\t\t\t<\/div>\n\t\t\t\t\t\t\t\t\t\t<\/div>\n\t\t\t\t\t\t\t\t\t<\/div>\n\t\t\t\t\t\t<\/div>\n\t\t\t\t\t\t\t\t\t\t<\/div>\n\t\t\t\t\t\t\t\t\t\t\t\t\t\t\t\t\t\t<\/div>\n\t\t\t\t\t\t\t\t\t\n\n\n<p>Amalina Bomnin, una de las docentes representantes de Transversal en el cogobierno, destac\u00f3 la importancia de las visiones cr\u00edticas que desarrolla el departamento, \u201cun poco para generar porosidades en torno a lo que son procesos m\u00e1s t\u00e9cnicos en las escuelas\u201d.<\/p>\n\n\n\n<p>Para <em>Gigi<\/em> Contero participar en un nuevo periodo del OCS como representante estudiantil le permitir\u00e1 promover muchos m\u00e1s cambios que la primera vez que intervino. Por eso justamente, anot\u00f3, es que se volvi\u00f3 a postular. Adelant\u00f3 que ha venido trabajando junto al Vicerrectorado Acad\u00e9mico en temas que tienen que ver con la inclusi\u00f3n.<\/p>\n\n\n\n<p>El docente Jorge Tigrero revel\u00f3 que la primera vez est\u00e1 en el CDE de Literatura, que tiene tambi\u00e9n la carrera de Pedagog\u00eda en Artes y Humanidades (PAH). \u201cEs importante tener esa presencia y dentro de la escuela nos organizamos para poder tener alternancia y poder generar procesos conjuntos; para m\u00ed es muy importante aportar e integrar todos esos procesos\u201d.<\/p>\n\n\n\n<p>Antony Tandazo, por su parte, cont\u00f3 que antes no hab\u00eda tomado parte en elecciones como representante estudiantil en el cogobierno. Se decidi\u00f3 a intervenir en las elecciones ante los Consejos Directivos de Escuela y fue elegido como alterno de Artes Sonoras. \u201cUn amigo me anim\u00f3 y acept\u00e9 porque me pareci\u00f3 interesante colaborar con la pol\u00edtica de la UArtes\u201d, dijo.<\/p>\n\n\n<div class=\"wp-block-image\">\n<figure class=\"aligncenter size-large\"><img decoding=\"async\" width=\"644\" height=\"429\" src=\"https:\/\/www.uartes.edu.ec\/sitio\/wp-content\/uploads\/2024\/04\/10-CERTIFICADOS-NUEVO-OCS-2024-644x429.jpg\" alt=\"\" class=\"wp-image-52238\" srcset=\"https:\/\/www.uartes.edu.ec\/sitio\/wp-content\/uploads\/2024\/04\/10-CERTIFICADOS-NUEVO-OCS-2024-644x429.jpg 644w, https:\/\/www.uartes.edu.ec\/sitio\/wp-content\/uploads\/2024\/04\/10-CERTIFICADOS-NUEVO-OCS-2024-768x511.jpg 768w, https:\/\/www.uartes.edu.ec\/sitio\/wp-content\/uploads\/2024\/04\/10-CERTIFICADOS-NUEVO-OCS-2024.jpg 2000w, https:\/\/www.uartes.edu.ec\/sitio\/wp-content\/uploads\/2024\/04\/10-CERTIFICADOS-NUEVO-OCS-2024-18x12.jpg 18w, https:\/\/www.uartes.edu.ec\/sitio\/wp-content\/uploads\/2024\/04\/10-CERTIFICADOS-NUEVO-OCS-2024-600x399.jpg 600w, https:\/\/www.uartes.edu.ec\/sitio\/wp-content\/uploads\/2024\/04\/10-CERTIFICADOS-NUEVO-OCS-2024-272x182.jpg 272w\" sizes=\"(max-width: 644px) 100vw, 644px\" \/><\/figure>\n<\/div>\n\n\n<p>Tambi\u00e9n como representante estudiantil ante los CDE, en su caso como principal, Alex Yupanqui (foto, der.) confes\u00f3 que sus primeros pasos ser\u00e1n conocer sus funciones, cumplimientos y responsabilidades. Adelant\u00f3, no obstante, que escuchar\u00e1 a sus compa\u00f1eros para determinar sus necesidades. \u00c9l cursa el sexto semestre de Danza en la Escuela de Artes Esc\u00e9nicas.<\/p>\n\n\n\n<p>De la carrera de Producci\u00f3n Musical y Sonora, Dar\u00edo Buitr\u00f3n es representante acad\u00e9mico principal ante el OCS. Decidi\u00f3 a candidatizarse por su compromiso con el proyecto de la UArtes. Apunt\u00f3 al trabajo conjunto con y entre las dem\u00e1s escuelas y las propuestas que har\u00e1 estar\u00e1n enfocadas a la interacci\u00f3n y b\u00fasqueda de consolidar la inter y transdisciplinaridad.<\/p>\n\n\n\n<p>De su participaci\u00f3n como uno de los representantes acad\u00e9micos ante los CDE, el docente de la Escuela de Literatura Roberto Ram\u00edrez subray\u00f3 la toma de decisiones que, finalmente, modifican las pol\u00edticas de la escuela. \u201cModificar lo que haga falta y continuar con los temas que han tenido \u00e9xito hasta el momento. De eso se trata, de reunirnos y discutir sobre aquello que importa a la escuela y dar las mejores soluciones posibles\u201d.<\/p>\n","protected":false},"excerpt":{"rendered":"<p>El 1 de abril se inici\u00f3 un nuevo ciclo para el \u00d3rgano Colegiado Superior (OCS) y los Consejos Directivos de Escuela (CDE) de la Universidad de las Artes, pues entraron en funciones los nuevos representantes estudiantiles y acad\u00e9micos que fueron elegidos mediante sufragio para los periodos del 2024 al 2025 y del 2024 al 2027, respectivamente. Este mi\u00e9rcoles 3 se hizo la entrega de sus credenciales.<\/p>\n","protected":false},"author":10,"featured_media":52228,"comment_status":"open","ping_status":"open","sticky":false,"template":"","format":"standard","meta":{"_acf_changed":false,"_uag_custom_page_level_css":"","_monsterinsights_skip_tracking":false,"_monsterinsights_sitenote_active":false,"_monsterinsights_sitenote_note":"","_monsterinsights_sitenote_category":0,"cybocfi_hide_featured_image":"","footnotes":""},"categories":[80,159,150,157,147,75,76,77,175,465],"tags":[1184],"infouartes":[],"class_list":["post-52227","post","type-post","status-publish","format-standard","has-post-thumbnail","hentry","category-academico","category-artes-escenicas","category-artes-sonoras","category-artes-visuales","category-cine","category-docentes","category-estudiantes","category-gestion","category-literatura","category-ocs","tag-nuevos-miembros"],"acf":[],"yoast_head":"<!-- This site is optimized with the Yoast SEO plugin v27.4 - https:\/\/yoast.com\/product\/yoast-seo-wordpress\/ -->\n<title>Universidad de las Artes - Los representantes estudiantiles y acad\u00e9micos ante el OCS y los CDE recibieron sus credenciales<\/title>\n<meta name=\"description\" content=\"Universidad de las Artes - Los representantes estudiantiles y acad\u00e9micos ante el OCS y los CDE recibieron sus credenciales\" \/>\n<meta name=\"robots\" content=\"index, follow, max-snippet:-1, max-image-preview:large, max-video-preview:-1\" \/>\n<link rel=\"canonical\" href=\"https:\/\/www.uartes.edu.ec\/sitio\/blog\/2024\/04\/04\/los-representantes-estudiantiles-y-academicos-ante-el-ocs-y-los-cde-recibieron-sus-credenciales\/\" \/>\n<meta property=\"og:locale\" content=\"es_ES\" \/>\n<meta property=\"og:type\" content=\"article\" \/>\n<meta property=\"og:title\" content=\"Universidad de las Artes - Los representantes estudiantiles y acad\u00e9micos ante el OCS y los CDE recibieron sus credenciales\" \/>\n<meta property=\"og:description\" content=\"Universidad de las Artes - Los representantes estudiantiles y acad\u00e9micos ante el OCS y los CDE recibieron sus credenciales\" \/>\n<meta property=\"og:url\" content=\"https:\/\/www.uartes.edu.ec\/sitio\/blog\/2024\/04\/04\/los-representantes-estudiantiles-y-academicos-ante-el-ocs-y-los-cde-recibieron-sus-credenciales\/\" \/>\n<meta property=\"og:site_name\" content=\"Universidad de las Artes\" \/>\n<meta property=\"article:publisher\" content=\"https:\/\/www.facebook.com\/uartesec\" \/>\n<meta property=\"article:published_time\" content=\"2024-04-04T21:14:00+00:00\" \/>\n<meta property=\"article:modified_time\" content=\"2024-07-04T16:19:11+00:00\" \/>\n<meta property=\"og:image\" content=\"https:\/\/www.uartes.edu.ec\/sitio\/wp-content\/uploads\/2024\/04\/01-CERTIFICADOS-NUEVO-OCS-2024.jpg\" \/>\n\t<meta property=\"og:image:width\" content=\"2000\" \/>\n\t<meta property=\"og:image:height\" content=\"1333\" \/>\n\t<meta property=\"og:image:type\" content=\"image\/jpeg\" \/>\n<meta name=\"author\" content=\"ccortez\" \/>\n<meta name=\"twitter:card\" content=\"summary_large_image\" \/>\n<meta name=\"twitter:creator\" content=\"@uartesec\" \/>\n<meta name=\"twitter:site\" content=\"@uartesec\" \/>\n<meta name=\"twitter:label1\" content=\"Escrito por\" \/>\n\t<meta name=\"twitter:data1\" content=\"ccortez\" \/>\n\t<meta name=\"twitter:label2\" content=\"Tiempo de lectura\" \/>\n\t<meta name=\"twitter:data2\" content=\"8 minutos\" \/>\n<script type=\"application\/ld+json\" class=\"yoast-schema-graph\">{\"@context\":\"https:\\\/\\\/schema.org\",\"@graph\":[{\"@type\":\"Article\",\"@id\":\"https:\\\/\\\/www.uartes.edu.ec\\\/sitio\\\/blog\\\/2024\\\/04\\\/04\\\/los-representantes-estudiantiles-y-academicos-ante-el-ocs-y-los-cde-recibieron-sus-credenciales\\\/#article\",\"isPartOf\":{\"@id\":\"https:\\\/\\\/www.uartes.edu.ec\\\/sitio\\\/blog\\\/2024\\\/04\\\/04\\\/los-representantes-estudiantiles-y-academicos-ante-el-ocs-y-los-cde-recibieron-sus-credenciales\\\/\"},\"author\":{\"name\":\"ccortez\",\"@id\":\"https:\\\/\\\/www.uartes.edu.ec\\\/sitio\\\/#\\\/schema\\\/person\\\/efa1b8275797664fd7f13a79ccc0b1f4\"},\"headline\":\"Los representantes estudiantiles y acad\u00e9micos ante el OCS y los CDE recibieron sus credenciales\",\"datePublished\":\"2024-04-04T21:14:00+00:00\",\"dateModified\":\"2024-07-04T16:19:11+00:00\",\"mainEntityOfPage\":{\"@id\":\"https:\\\/\\\/www.uartes.edu.ec\\\/sitio\\\/blog\\\/2024\\\/04\\\/04\\\/los-representantes-estudiantiles-y-academicos-ante-el-ocs-y-los-cde-recibieron-sus-credenciales\\\/\"},\"wordCount\":1470,\"commentCount\":0,\"publisher\":{\"@id\":\"https:\\\/\\\/www.uartes.edu.ec\\\/sitio\\\/#organization\"},\"image\":{\"@id\":\"https:\\\/\\\/www.uartes.edu.ec\\\/sitio\\\/blog\\\/2024\\\/04\\\/04\\\/los-representantes-estudiantiles-y-academicos-ante-el-ocs-y-los-cde-recibieron-sus-credenciales\\\/#primaryimage\"},\"thumbnailUrl\":\"https:\\\/\\\/www.uartes.edu.ec\\\/sitio\\\/wp-content\\\/uploads\\\/2024\\\/04\\\/01-CERTIFICADOS-NUEVO-OCS-2024.jpg\",\"keywords\":[\"nuevos miembros\"],\"articleSection\":[\"Acad\u00e9mico\",\"Artes Esc\u00e9nicas\",\"Artes Sonoras\",\"Artes Visuales\",\"Cine\",\"Docentes\",\"Estudiantes\",\"Gesti\u00f3n\",\"Literatura\",\"\u00d3rgano Colegiado Superior\"],\"inLanguage\":\"es\",\"potentialAction\":[{\"@type\":\"CommentAction\",\"name\":\"Comment\",\"target\":[\"https:\\\/\\\/www.uartes.edu.ec\\\/sitio\\\/blog\\\/2024\\\/04\\\/04\\\/los-representantes-estudiantiles-y-academicos-ante-el-ocs-y-los-cde-recibieron-sus-credenciales\\\/#respond\"]}]},{\"@type\":[\"WebPage\",\"ItemPage\"],\"@id\":\"https:\\\/\\\/www.uartes.edu.ec\\\/sitio\\\/blog\\\/2024\\\/04\\\/04\\\/los-representantes-estudiantiles-y-academicos-ante-el-ocs-y-los-cde-recibieron-sus-credenciales\\\/\",\"url\":\"https:\\\/\\\/www.uartes.edu.ec\\\/sitio\\\/blog\\\/2024\\\/04\\\/04\\\/los-representantes-estudiantiles-y-academicos-ante-el-ocs-y-los-cde-recibieron-sus-credenciales\\\/\",\"name\":\"Universidad de las Artes - Los representantes estudiantiles y acad\u00e9micos ante el OCS y los CDE recibieron sus credenciales\",\"isPartOf\":{\"@id\":\"https:\\\/\\\/www.uartes.edu.ec\\\/sitio\\\/#website\"},\"primaryImageOfPage\":{\"@id\":\"https:\\\/\\\/www.uartes.edu.ec\\\/sitio\\\/blog\\\/2024\\\/04\\\/04\\\/los-representantes-estudiantiles-y-academicos-ante-el-ocs-y-los-cde-recibieron-sus-credenciales\\\/#primaryimage\"},\"image\":{\"@id\":\"https:\\\/\\\/www.uartes.edu.ec\\\/sitio\\\/blog\\\/2024\\\/04\\\/04\\\/los-representantes-estudiantiles-y-academicos-ante-el-ocs-y-los-cde-recibieron-sus-credenciales\\\/#primaryimage\"},\"thumbnailUrl\":\"https:\\\/\\\/www.uartes.edu.ec\\\/sitio\\\/wp-content\\\/uploads\\\/2024\\\/04\\\/01-CERTIFICADOS-NUEVO-OCS-2024.jpg\",\"datePublished\":\"2024-04-04T21:14:00+00:00\",\"dateModified\":\"2024-07-04T16:19:11+00:00\",\"description\":\"Universidad de las Artes - Los representantes estudiantiles y acad\u00e9micos ante el OCS y los CDE recibieron sus credenciales\",\"breadcrumb\":{\"@id\":\"https:\\\/\\\/www.uartes.edu.ec\\\/sitio\\\/blog\\\/2024\\\/04\\\/04\\\/los-representantes-estudiantiles-y-academicos-ante-el-ocs-y-los-cde-recibieron-sus-credenciales\\\/#breadcrumb\"},\"inLanguage\":\"es\",\"potentialAction\":[{\"@type\":\"ReadAction\",\"target\":[\"https:\\\/\\\/www.uartes.edu.ec\\\/sitio\\\/blog\\\/2024\\\/04\\\/04\\\/los-representantes-estudiantiles-y-academicos-ante-el-ocs-y-los-cde-recibieron-sus-credenciales\\\/\"]}]},{\"@type\":\"ImageObject\",\"inLanguage\":\"es\",\"@id\":\"https:\\\/\\\/www.uartes.edu.ec\\\/sitio\\\/blog\\\/2024\\\/04\\\/04\\\/los-representantes-estudiantiles-y-academicos-ante-el-ocs-y-los-cde-recibieron-sus-credenciales\\\/#primaryimage\",\"url\":\"https:\\\/\\\/www.uartes.edu.ec\\\/sitio\\\/wp-content\\\/uploads\\\/2024\\\/04\\\/01-CERTIFICADOS-NUEVO-OCS-2024.jpg\",\"contentUrl\":\"https:\\\/\\\/www.uartes.edu.ec\\\/sitio\\\/wp-content\\\/uploads\\\/2024\\\/04\\\/01-CERTIFICADOS-NUEVO-OCS-2024.jpg\",\"width\":2000,\"height\":1333},{\"@type\":\"BreadcrumbList\",\"@id\":\"https:\\\/\\\/www.uartes.edu.ec\\\/sitio\\\/blog\\\/2024\\\/04\\\/04\\\/los-representantes-estudiantiles-y-academicos-ante-el-ocs-y-los-cde-recibieron-sus-credenciales\\\/#breadcrumb\",\"itemListElement\":[{\"@type\":\"ListItem\",\"position\":1,\"name\":\"Inicio\",\"item\":\"https:\\\/\\\/www.uartes.edu.ec\\\/sitio\\\/\"},{\"@type\":\"ListItem\",\"position\":2,\"name\":\"Los representantes estudiantiles y acad\u00e9micos ante el OCS y los CDE recibieron sus credenciales\"}]},{\"@type\":\"WebSite\",\"@id\":\"https:\\\/\\\/www.uartes.edu.ec\\\/sitio\\\/#website\",\"url\":\"https:\\\/\\\/www.uartes.edu.ec\\\/sitio\\\/\",\"name\":\"Universidad de las Artes\",\"description\":\"Sitio oficial de la Universidad Nacional de las Artes del Ecuador\",\"publisher\":{\"@id\":\"https:\\\/\\\/www.uartes.edu.ec\\\/sitio\\\/#organization\"},\"potentialAction\":[{\"@type\":\"SearchAction\",\"target\":{\"@type\":\"EntryPoint\",\"urlTemplate\":\"https:\\\/\\\/www.uartes.edu.ec\\\/sitio\\\/?s={search_term_string}\"},\"query-input\":{\"@type\":\"PropertyValueSpecification\",\"valueRequired\":true,\"valueName\":\"search_term_string\"}}],\"inLanguage\":\"es\"},{\"@type\":\"Organization\",\"@id\":\"https:\\\/\\\/www.uartes.edu.ec\\\/sitio\\\/#organization\",\"name\":\"Universidad de las Artes\",\"url\":\"https:\\\/\\\/www.uartes.edu.ec\\\/sitio\\\/\",\"logo\":{\"@type\":\"ImageObject\",\"inLanguage\":\"es\",\"@id\":\"https:\\\/\\\/www.uartes.edu.ec\\\/sitio\\\/#\\\/schema\\\/logo\\\/image\\\/\",\"url\":\"https:\\\/\\\/www.uartes.edu.ec\\\/sitio\\\/wp-content\\\/uploads\\\/2022\\\/07\\\/logo-ua-horizontal.png\",\"contentUrl\":\"https:\\\/\\\/www.uartes.edu.ec\\\/sitio\\\/wp-content\\\/uploads\\\/2022\\\/07\\\/logo-ua-horizontal.png\",\"width\":800,\"height\":276,\"caption\":\"Universidad de las Artes\"},\"image\":{\"@id\":\"https:\\\/\\\/www.uartes.edu.ec\\\/sitio\\\/#\\\/schema\\\/logo\\\/image\\\/\"},\"sameAs\":[\"https:\\\/\\\/www.facebook.com\\\/uartesec\",\"https:\\\/\\\/x.com\\\/uartesec\",\"https:\\\/\\\/www.tiktok.com\\\/@uartesec\"]},{\"@type\":\"Person\",\"@id\":\"https:\\\/\\\/www.uartes.edu.ec\\\/sitio\\\/#\\\/schema\\\/person\\\/efa1b8275797664fd7f13a79ccc0b1f4\",\"name\":\"ccortez\",\"image\":{\"@type\":\"ImageObject\",\"inLanguage\":\"es\",\"@id\":\"https:\\\/\\\/secure.gravatar.com\\\/avatar\\\/b2a6f664a3ae8e074346ef91775736c5ec479e637ecced6842de9dc98b5da9cd?s=96&d=mm&r=g\",\"url\":\"https:\\\/\\\/secure.gravatar.com\\\/avatar\\\/b2a6f664a3ae8e074346ef91775736c5ec479e637ecced6842de9dc98b5da9cd?s=96&d=mm&r=g\",\"contentUrl\":\"https:\\\/\\\/secure.gravatar.com\\\/avatar\\\/b2a6f664a3ae8e074346ef91775736c5ec479e637ecced6842de9dc98b5da9cd?s=96&d=mm&r=g\",\"caption\":\"ccortez\"},\"url\":\"https:\\\/\\\/www.uartes.edu.ec\\\/sitio\\\/blog\\\/author\\\/ccortez\\\/\"}]}<\/script>\n<!-- \/ Yoast SEO plugin. -->","yoast_head_json":{"title":"Universidad de las Artes - Los representantes estudiantiles y acad\u00e9micos ante el OCS y los CDE recibieron sus credenciales","description":"Universidad de las Artes - Los representantes estudiantiles y acad\u00e9micos ante el OCS y los CDE recibieron sus credenciales","robots":{"index":"index","follow":"follow","max-snippet":"max-snippet:-1","max-image-preview":"max-image-preview:large","max-video-preview":"max-video-preview:-1"},"canonical":"https:\/\/www.uartes.edu.ec\/sitio\/blog\/2024\/04\/04\/los-representantes-estudiantiles-y-academicos-ante-el-ocs-y-los-cde-recibieron-sus-credenciales\/","og_locale":"es_ES","og_type":"article","og_title":"Universidad de las Artes - Los representantes estudiantiles y acad\u00e9micos ante el OCS y los CDE recibieron sus credenciales","og_description":"Universidad de las Artes - Los representantes estudiantiles y acad\u00e9micos ante el OCS y los CDE recibieron sus credenciales","og_url":"https:\/\/www.uartes.edu.ec\/sitio\/blog\/2024\/04\/04\/los-representantes-estudiantiles-y-academicos-ante-el-ocs-y-los-cde-recibieron-sus-credenciales\/","og_site_name":"Universidad de las Artes","article_publisher":"https:\/\/www.facebook.com\/uartesec","article_published_time":"2024-04-04T21:14:00+00:00","article_modified_time":"2024-07-04T16:19:11+00:00","og_image":[{"width":2000,"height":1333,"url":"https:\/\/www.uartes.edu.ec\/sitio\/wp-content\/uploads\/2024\/04\/01-CERTIFICADOS-NUEVO-OCS-2024.jpg","type":"image\/jpeg"}],"author":"ccortez","twitter_card":"summary_large_image","twitter_creator":"@uartesec","twitter_site":"@uartesec","twitter_misc":{"Escrito por":"ccortez","Tiempo de lectura":"8 minutos"},"schema":{"@context":"https:\/\/schema.org","@graph":[{"@type":"Article","@id":"https:\/\/www.uartes.edu.ec\/sitio\/blog\/2024\/04\/04\/los-representantes-estudiantiles-y-academicos-ante-el-ocs-y-los-cde-recibieron-sus-credenciales\/#article","isPartOf":{"@id":"https:\/\/www.uartes.edu.ec\/sitio\/blog\/2024\/04\/04\/los-representantes-estudiantiles-y-academicos-ante-el-ocs-y-los-cde-recibieron-sus-credenciales\/"},"author":{"name":"ccortez","@id":"https:\/\/www.uartes.edu.ec\/sitio\/#\/schema\/person\/efa1b8275797664fd7f13a79ccc0b1f4"},"headline":"Los representantes estudiantiles y acad\u00e9micos ante el OCS y los CDE recibieron sus credenciales","datePublished":"2024-04-04T21:14:00+00:00","dateModified":"2024-07-04T16:19:11+00:00","mainEntityOfPage":{"@id":"https:\/\/www.uartes.edu.ec\/sitio\/blog\/2024\/04\/04\/los-representantes-estudiantiles-y-academicos-ante-el-ocs-y-los-cde-recibieron-sus-credenciales\/"},"wordCount":1470,"commentCount":0,"publisher":{"@id":"https:\/\/www.uartes.edu.ec\/sitio\/#organization"},"image":{"@id":"https:\/\/www.uartes.edu.ec\/sitio\/blog\/2024\/04\/04\/los-representantes-estudiantiles-y-academicos-ante-el-ocs-y-los-cde-recibieron-sus-credenciales\/#primaryimage"},"thumbnailUrl":"https:\/\/www.uartes.edu.ec\/sitio\/wp-content\/uploads\/2024\/04\/01-CERTIFICADOS-NUEVO-OCS-2024.jpg","keywords":["nuevos miembros"],"articleSection":["Acad\u00e9mico","Artes Esc\u00e9nicas","Artes Sonoras","Artes Visuales","Cine","Docentes","Estudiantes","Gesti\u00f3n","Literatura","\u00d3rgano Colegiado Superior"],"inLanguage":"es","potentialAction":[{"@type":"CommentAction","name":"Comment","target":["https:\/\/www.uartes.edu.ec\/sitio\/blog\/2024\/04\/04\/los-representantes-estudiantiles-y-academicos-ante-el-ocs-y-los-cde-recibieron-sus-credenciales\/#respond"]}]},{"@type":["WebPage","ItemPage"],"@id":"https:\/\/www.uartes.edu.ec\/sitio\/blog\/2024\/04\/04\/los-representantes-estudiantiles-y-academicos-ante-el-ocs-y-los-cde-recibieron-sus-credenciales\/","url":"https:\/\/www.uartes.edu.ec\/sitio\/blog\/2024\/04\/04\/los-representantes-estudiantiles-y-academicos-ante-el-ocs-y-los-cde-recibieron-sus-credenciales\/","name":"Universidad de las Artes - Los representantes estudiantiles y acad\u00e9micos ante el OCS y los CDE recibieron sus credenciales","isPartOf":{"@id":"https:\/\/www.uartes.edu.ec\/sitio\/#website"},"primaryImageOfPage":{"@id":"https:\/\/www.uartes.edu.ec\/sitio\/blog\/2024\/04\/04\/los-representantes-estudiantiles-y-academicos-ante-el-ocs-y-los-cde-recibieron-sus-credenciales\/#primaryimage"},"image":{"@id":"https:\/\/www.uartes.edu.ec\/sitio\/blog\/2024\/04\/04\/los-representantes-estudiantiles-y-academicos-ante-el-ocs-y-los-cde-recibieron-sus-credenciales\/#primaryimage"},"thumbnailUrl":"https:\/\/www.uartes.edu.ec\/sitio\/wp-content\/uploads\/2024\/04\/01-CERTIFICADOS-NUEVO-OCS-2024.jpg","datePublished":"2024-04-04T21:14:00+00:00","dateModified":"2024-07-04T16:19:11+00:00","description":"Universidad de las Artes - Los representantes estudiantiles y acad\u00e9micos ante el OCS y los CDE recibieron sus credenciales","breadcrumb":{"@id":"https:\/\/www.uartes.edu.ec\/sitio\/blog\/2024\/04\/04\/los-representantes-estudiantiles-y-academicos-ante-el-ocs-y-los-cde-recibieron-sus-credenciales\/#breadcrumb"},"inLanguage":"es","potentialAction":[{"@type":"ReadAction","target":["https:\/\/www.uartes.edu.ec\/sitio\/blog\/2024\/04\/04\/los-representantes-estudiantiles-y-academicos-ante-el-ocs-y-los-cde-recibieron-sus-credenciales\/"]}]},{"@type":"ImageObject","inLanguage":"es","@id":"https:\/\/www.uartes.edu.ec\/sitio\/blog\/2024\/04\/04\/los-representantes-estudiantiles-y-academicos-ante-el-ocs-y-los-cde-recibieron-sus-credenciales\/#primaryimage","url":"https:\/\/www.uartes.edu.ec\/sitio\/wp-content\/uploads\/2024\/04\/01-CERTIFICADOS-NUEVO-OCS-2024.jpg","contentUrl":"https:\/\/www.uartes.edu.ec\/sitio\/wp-content\/uploads\/2024\/04\/01-CERTIFICADOS-NUEVO-OCS-2024.jpg","width":2000,"height":1333},{"@type":"BreadcrumbList","@id":"https:\/\/www.uartes.edu.ec\/sitio\/blog\/2024\/04\/04\/los-representantes-estudiantiles-y-academicos-ante-el-ocs-y-los-cde-recibieron-sus-credenciales\/#breadcrumb","itemListElement":[{"@type":"ListItem","position":1,"name":"Inicio","item":"https:\/\/www.uartes.edu.ec\/sitio\/"},{"@type":"ListItem","position":2,"name":"Los representantes estudiantiles y acad\u00e9micos ante el OCS y los CDE recibieron sus credenciales"}]},{"@type":"WebSite","@id":"https:\/\/www.uartes.edu.ec\/sitio\/#website","url":"https:\/\/www.uartes.edu.ec\/sitio\/","name":"Universidad de las Artes","description":"Sitio oficial de la Universidad Nacional de las Artes del Ecuador","publisher":{"@id":"https:\/\/www.uartes.edu.ec\/sitio\/#organization"},"potentialAction":[{"@type":"SearchAction","target":{"@type":"EntryPoint","urlTemplate":"https:\/\/www.uartes.edu.ec\/sitio\/?s={search_term_string}"},"query-input":{"@type":"PropertyValueSpecification","valueRequired":true,"valueName":"search_term_string"}}],"inLanguage":"es"},{"@type":"Organization","@id":"https:\/\/www.uartes.edu.ec\/sitio\/#organization","name":"Universidad de las Artes","url":"https:\/\/www.uartes.edu.ec\/sitio\/","logo":{"@type":"ImageObject","inLanguage":"es","@id":"https:\/\/www.uartes.edu.ec\/sitio\/#\/schema\/logo\/image\/","url":"https:\/\/www.uartes.edu.ec\/sitio\/wp-content\/uploads\/2022\/07\/logo-ua-horizontal.png","contentUrl":"https:\/\/www.uartes.edu.ec\/sitio\/wp-content\/uploads\/2022\/07\/logo-ua-horizontal.png","width":800,"height":276,"caption":"Universidad de las Artes"},"image":{"@id":"https:\/\/www.uartes.edu.ec\/sitio\/#\/schema\/logo\/image\/"},"sameAs":["https:\/\/www.facebook.com\/uartesec","https:\/\/x.com\/uartesec","https:\/\/www.tiktok.com\/@uartesec"]},{"@type":"Person","@id":"https:\/\/www.uartes.edu.ec\/sitio\/#\/schema\/person\/efa1b8275797664fd7f13a79ccc0b1f4","name":"ccortez","image":{"@type":"ImageObject","inLanguage":"es","@id":"https:\/\/secure.gravatar.com\/avatar\/b2a6f664a3ae8e074346ef91775736c5ec479e637ecced6842de9dc98b5da9cd?s=96&d=mm&r=g","url":"https:\/\/secure.gravatar.com\/avatar\/b2a6f664a3ae8e074346ef91775736c5ec479e637ecced6842de9dc98b5da9cd?s=96&d=mm&r=g","contentUrl":"https:\/\/secure.gravatar.com\/avatar\/b2a6f664a3ae8e074346ef91775736c5ec479e637ecced6842de9dc98b5da9cd?s=96&d=mm&r=g","caption":"ccortez"},"url":"https:\/\/www.uartes.edu.ec\/sitio\/blog\/author\/ccortez\/"}]}},"uagb_featured_image_src":{"full":["https:\/\/www.uartes.edu.ec\/sitio\/wp-content\/uploads\/2024\/04\/01-CERTIFICADOS-NUEVO-OCS-2024.jpg",2000,1333,false],"thumbnail":["https:\/\/www.uartes.edu.ec\/sitio\/wp-content\/uploads\/2024\/04\/01-CERTIFICADOS-NUEVO-OCS-2024-150x150.jpg",150,150,true],"medium":["https:\/\/www.uartes.edu.ec\/sitio\/wp-content\/uploads\/2024\/04\/01-CERTIFICADOS-NUEVO-OCS-2024-300x200.jpg",300,200,true],"medium_large":["https:\/\/www.uartes.edu.ec\/sitio\/wp-content\/uploads\/2024\/04\/01-CERTIFICADOS-NUEVO-OCS-2024-768x512.jpg",768,512,true],"large":["https:\/\/www.uartes.edu.ec\/sitio\/wp-content\/uploads\/2024\/04\/01-CERTIFICADOS-NUEVO-OCS-2024-644x429.jpg",644,429,true],"1536x1536":["https:\/\/www.uartes.edu.ec\/sitio\/wp-content\/uploads\/2024\/04\/01-CERTIFICADOS-NUEVO-OCS-2024-1536x1024.jpg",1536,1024,true],"2048x2048":["https:\/\/www.uartes.edu.ec\/sitio\/wp-content\/uploads\/2024\/04\/01-CERTIFICADOS-NUEVO-OCS-2024.jpg",2000,1333,false],"trp-custom-language-flag":["https:\/\/www.uartes.edu.ec\/sitio\/wp-content\/uploads\/2024\/04\/01-CERTIFICADOS-NUEVO-OCS-2024-18x12.jpg",18,12,true],"htmega_size_585x295":["https:\/\/www.uartes.edu.ec\/sitio\/wp-content\/uploads\/2024\/04\/01-CERTIFICADOS-NUEVO-OCS-2024-585x295.jpg",585,295,true],"htmega_size_1170x536":["https:\/\/www.uartes.edu.ec\/sitio\/wp-content\/uploads\/2024\/04\/01-CERTIFICADOS-NUEVO-OCS-2024-1170x536.jpg",1170,536,true],"htmega_size_396x360":["https:\/\/www.uartes.edu.ec\/sitio\/wp-content\/uploads\/2024\/04\/01-CERTIFICADOS-NUEVO-OCS-2024-396x360.jpg",396,360,true],"gb-block-post-grid-landscape":["https:\/\/www.uartes.edu.ec\/sitio\/wp-content\/uploads\/2024\/04\/01-CERTIFICADOS-NUEVO-OCS-2024-600x400.jpg",600,400,true],"gb-block-post-grid-square":["https:\/\/www.uartes.edu.ec\/sitio\/wp-content\/uploads\/2024\/04\/01-CERTIFICADOS-NUEVO-OCS-2024-600x600.jpg",600,600,true],"university-hub-thumb":["https:\/\/www.uartes.edu.ec\/sitio\/wp-content\/uploads\/2024\/04\/01-CERTIFICADOS-NUEVO-OCS-2024-400x267.jpg",400,267,true]},"uagb_author_info":{"display_name":"ccortez","author_link":"https:\/\/www.uartes.edu.ec\/sitio\/blog\/author\/ccortez\/"},"uagb_comment_info":0,"uagb_excerpt":"El 1 de abril se inici\u00f3 un nuevo ciclo para el \u00d3rgano Colegiado Superior (OCS) y los Consejos Directivos de Escuela (CDE) de la Universidad de las Artes, pues entraron en funciones los nuevos representantes estudiantiles y acad\u00e9micos que fueron elegidos mediante sufragio para los periodos del 2024 al 2025 y del 2024 al 2027,&hellip;","featured_image_src":"https:\/\/www.uartes.edu.ec\/sitio\/wp-content\/uploads\/2024\/04\/01-CERTIFICADOS-NUEVO-OCS-2024-600x400.jpg","featured_image_src_square":"https:\/\/www.uartes.edu.ec\/sitio\/wp-content\/uploads\/2024\/04\/01-CERTIFICADOS-NUEVO-OCS-2024-600x600.jpg","author_info":{"display_name":"ccortez","author_link":"https:\/\/www.uartes.edu.ec\/sitio\/blog\/author\/ccortez\/"},"publishpress_future_workflow_manual_trigger":{"enabledWorkflows":[]},"distributor_meta":false,"distributor_terms":false,"distributor_media":false,"distributor_original_site_name":"Universidad de las Artes","distributor_original_site_url":"https:\/\/www.uartes.edu.ec\/sitio","push-errors":false,"_links":{"self":[{"href":"https:\/\/www.uartes.edu.ec\/sitio\/wp-json\/wp\/v2\/posts\/52227","targetHints":{"allow":["GET"]}}],"collection":[{"href":"https:\/\/www.uartes.edu.ec\/sitio\/wp-json\/wp\/v2\/posts"}],"about":[{"href":"https:\/\/www.uartes.edu.ec\/sitio\/wp-json\/wp\/v2\/types\/post"}],"author":[{"embeddable":true,"href":"https:\/\/www.uartes.edu.ec\/sitio\/wp-json\/wp\/v2\/users\/10"}],"replies":[{"embeddable":true,"href":"https:\/\/www.uartes.edu.ec\/sitio\/wp-json\/wp\/v2\/comments?post=52227"}],"version-history":[{"count":5,"href":"https:\/\/www.uartes.edu.ec\/sitio\/wp-json\/wp\/v2\/posts\/52227\/revisions"}],"predecessor-version":[{"id":52249,"href":"https:\/\/www.uartes.edu.ec\/sitio\/wp-json\/wp\/v2\/posts\/52227\/revisions\/52249"}],"wp:featuredmedia":[{"embeddable":true,"href":"https:\/\/www.uartes.edu.ec\/sitio\/wp-json\/wp\/v2\/media\/52228"}],"wp:attachment":[{"href":"https:\/\/www.uartes.edu.ec\/sitio\/wp-json\/wp\/v2\/media?parent=52227"}],"wp:term":[{"taxonomy":"category","embeddable":true,"href":"https:\/\/www.uartes.edu.ec\/sitio\/wp-json\/wp\/v2\/categories?post=52227"},{"taxonomy":"post_tag","embeddable":true,"href":"https:\/\/www.uartes.edu.ec\/sitio\/wp-json\/wp\/v2\/tags?post=52227"},{"taxonomy":"infouartes","embeddable":true,"href":"https:\/\/www.uartes.edu.ec\/sitio\/wp-json\/wp\/v2\/infouartes?post=52227"}],"curies":[{"name":"wp","href":"https:\/\/api.w.org\/{rel}","templated":true}]}}