{"id":52250,"date":"2024-04-05T17:15:36","date_gmt":"2024-04-05T22:15:36","guid":{"rendered":"https:\/\/www.uartes.edu.ec\/sitio\/?p=52250"},"modified":"2024-07-04T11:19:11","modified_gmt":"2024-07-04T16:19:11","slug":"como-ser-fotografa-inaugura-pensamiento-manglar-de-rocio-soria-diaz-en-el-espacio-virtual-new-art-city","status":"publish","type":"post","link":"https:\/\/www.uartes.edu.ec\/sitio\/blog\/2024\/04\/05\/como-ser-fotografa-inaugura-pensamiento-manglar-de-rocio-soria-diaz-en-el-espacio-virtual-new-art-city\/","title":{"rendered":"Plataforma \u201cC\u00f3mo Ser Fot\u00f3grafa\u201d lleva \u201cPensamiento Manglar\u201d de Roc\u00edo Soria D\u00edaz al espacio virtual New Art City"},"content":{"rendered":"\n<p>En \u201cPensamiento Manglar\u201d, Soria D\u00edaz explora la intersecci\u00f3n entre el cuerpo, el territorio, la tecnodiversidad y una neo-mitolog\u00eda, creando un di\u00e1logo especulativo sobre la coexistencia y la interdependencia. La artista obtuvo en la UArtes la licenciatura en Artes Visuales y la maestr\u00eda en Artes Visuales y Nuevos Medios.<\/p>\n\n\n\n<p>\u201cPensamiento Manglar\u201d es la nueva exposici\u00f3n virtual de CSF Virtual Lab, el laboratorio de arte digital y nuevas tecnolog\u00edas de C\u00f3mo Ser Fot\u00f3grafa, iniciativa de Marta Soul (artista visual y comisaria) que nace en 2020 para promover el&nbsp;papel de las mujeres en la creaci\u00f3n art\u00edstica y la fotograf\u00eda contempor\u00e1nea.<\/p>\n\n\n\n<p>Comisariada por Paulina Le\u00f3n Crespo, con la coordinaci\u00f3n y el montaje de Susana de Dios y la m\u00fasica de Gustavo Blacio, \u201cPensamiento Manglar\u201d, la muestra se sumerge en el bioma \u00fanico del manglar, un ecosistema que Soria D\u00edaz utiliza no solo como punto de referencia geogr\u00e1fico, sino como epicentro de una reflexi\u00f3n ecofeminista profunda.<\/p>\n\n\n\n<p>La exposici\u00f3n se articula en torno a tres figuras-concepto clave: la \u201cbruja del manglar\u201d, el \u201crizoma caliente\u201d y el \u201ccompostaje tropical\u201d. Estas figuras representan, respectivamente, la fusi\u00f3n de lo m\u00edstico y lo cibern\u00e9tico, una red de conexiones afectivas y sostenibles, y un proceso de hibridaci\u00f3n y reconfiguraci\u00f3n entre lo org\u00e1nico y lo inorg\u00e1nico.<\/p>\n\n\n<div class=\"wp-block-image\">\n<figure class=\"aligncenter size-large\"><img fetchpriority=\"high\" decoding=\"async\" width=\"644\" height=\"429\" src=\"https:\/\/www.uartes.edu.ec\/sitio\/wp-content\/uploads\/2024\/04\/MUESTRA-ROCIO-NY-02-644x429.jpg\" alt=\"\" class=\"wp-image-52256\" srcset=\"https:\/\/www.uartes.edu.ec\/sitio\/wp-content\/uploads\/2024\/04\/MUESTRA-ROCIO-NY-02-644x429.jpg 644w, https:\/\/www.uartes.edu.ec\/sitio\/wp-content\/uploads\/2024\/04\/MUESTRA-ROCIO-NY-02-768x511.jpg 768w, https:\/\/www.uartes.edu.ec\/sitio\/wp-content\/uploads\/2024\/04\/MUESTRA-ROCIO-NY-02.jpg 2000w, https:\/\/www.uartes.edu.ec\/sitio\/wp-content\/uploads\/2024\/04\/MUESTRA-ROCIO-NY-02-18x12.jpg 18w, https:\/\/www.uartes.edu.ec\/sitio\/wp-content\/uploads\/2024\/04\/MUESTRA-ROCIO-NY-02-600x399.jpg 600w, https:\/\/www.uartes.edu.ec\/sitio\/wp-content\/uploads\/2024\/04\/MUESTRA-ROCIO-NY-02-272x182.jpg 272w\" sizes=\"(max-width: 644px) 100vw, 644px\" \/><\/figure>\n<\/div>\n\n\n<p>Juntas, forman el \u201cpensamiento manglar\u201d que propone nuevas formas de empat\u00eda y colaboraci\u00f3n, fundamentales para la curaci\u00f3n de un mundo herido.<\/p>\n\n\n\n<h3 class=\"wp-block-heading\">La plataforma y el espacio expositivo virtual<\/h3>\n\n\n\n<p>\u201cPensamiento Manglar\u201d es la cuarta exposici\u00f3n de C\u00f3mo Ser Fot\u00f3grafa en la plataforma New Art City, un espacio expositivo virtual que permitir\u00e1 al p\u00fablico explorar las obras de Soria D\u00edaz en un entorno inmersivo e interactivo.<\/p>\n\n\n\n<p><a><\/a><a>Este nuevo laboratorio virtual de CSF representa un avance significativo en la forma en que la plataforma interact\u00faa con el arte y la fotograf\u00eda. Es un proyecto que muestra su compromiso con la producci\u00f3n de arte sostenible, interactivo y accesible, apostando por las nuevas tecnolog\u00edas y por una diseminaci\u00f3n m\u00e1s amplia y democr\u00e1tica del arte.<\/a><\/p>\n\n\n\n<p>\u201cLa idea de crear CSF Virtual Lab nace de la necesidad de apoyar el talento de artistas visuales emergentes, que ser\u00e1n presentadas por curadoras internacionales en cada una de las exposiciones&#8221;, dice la fundadora de CSF, Marta Soul.<\/p>\n\n\n\n<p>Reconocida por su capacidad de acoger experiencias art\u00edsticas digitales vanguardistas, New Art City se distingue por su enfoque en la creaci\u00f3n de espacios que trascienden los l\u00edmites f\u00edsicos, permitiendo a los artistas y curadores expresar sus visiones sin las restricciones del espacio tradicional. En este sentido, la exposici\u00f3n es una oportunidad \u00fanica para experimentar el arte contempor\u00e1neo que dialoga con temas actuales y urgentes, desde una perspectiva fresca y en un formato innovador.<\/p>\n\n\n\n<p><strong>Plataforma CFS<\/strong>: C\u00f3mo ser Fot\u00f3grafa pone en valor el papel de las mujeres en la creaci\u00f3n art\u00edstica y contempor\u00e1nea. Surge como una plataforma colaborativa, en un escenario en el que el mundo profesional de la fotograf\u00eda demanda incluir a las autoras que participan en \u00e9l activamente y se compromete con ellas para divulgar sus creaciones, m\u00e1s all\u00e1 de visiones preestablecidas.<br><br>La plataforma organiza encuentros, charlas, visionado de portfolios, workshops, muestras, actividades culturales y profesionales que promueven la fotograf\u00eda realizada por mujeres.<br><br><strong>CSF Virtual Lab <\/strong>es el laboratorio de arte digital y nuevas tecnolog\u00edas de C\u00f3mo Ser Fot\u00f3grafa y naci\u00f3 de la necesidad de explorar y expandir los l\u00edmites del arte y la tecnolog\u00eda, fusionando ambos en un espacio de encuentro para la innovaci\u00f3n y la expresi\u00f3n art\u00edstica. Es una incubadora de ideas y un espacio experimental para aquellas mujeres que buscan innovar y dejar su huella en el mundo del arte digital.<\/p>\n\n\n\n<p>Mediante el espacio expositivo virtual New Art City, esta iniciativa aprovecha herramientas tecnol\u00f3gicas de vanguardia para crear y mostrar arte digital, desafiando as\u00ed las convenciones tradicionales. Ofrece tambi\u00e9n una experiencia \u00fanica al p\u00fablico, que tiene la oportunidad de interactuar con el arte de manera novedosa y sumergirse en ambientes virtuales dise\u00f1ados para provocar reflexi\u00f3n y di\u00e1logo.<\/p>\n\n\n\n<p><strong>Marta Soul<\/strong> es fot\u00f3grafa y comisaria. En 2005 cre\u00f3, junto a otros fot\u00f3grafos, el colectivo NOPHOTO, en relaci\u00f3n al cual promovi\u00f3 diversas exposiciones y actividades culturales. Entre sus proyectos destacados constan las residencias de artistas \u201cLugares de tr\u00e1nsito\u201d (2012), el trabajo curatorial en el espacio cultural CentroCentro Cibeles del Ayuntamiento de Madrid (2013-2014) y las residencias \u201cTransvisiones\u201d para el Centro de Arte de Alcobendas (2015).<\/p>\n\n\n\n<p>Sus proyectos curatoriales se caracterizan por la muestra del trabajo art\u00edstico desde una base cultural cooperativa y el inter\u00e9s sobre el proceso creativo por encima de los resultados obtenidos. Como artista ha realizado numerosas exposiciones individuales y colectivas, obteniendo reconocimiento con premios y becas.<\/p>\n\n\n\n<p>Enlace de la plataforma virtual New Art City: <a href=\"https:\/\/newart.city\/show\/pensamientomanglar\">https:\/\/newart.city\/show\/pensamientomanglar<\/a><\/p>\n\n\n\n<p>Foto: Roc\u00edo Soria D\u00edaz, fotograma de \u201cManglar, flujos ectopizados\u201d, de la serie \u201cRizomas Calientes\u201d, 2023.<\/p>\n","protected":false},"excerpt":{"rendered":"<p>Una exploraci\u00f3n ecofeminista que re\u00fane alrededor de 30 obras de la artista guayaquile\u00f1a Roc\u00edo Soria D\u00edaz es \u201cPensamiento Manglar\u201d, la muestra que la plataforma \u201cC\u00f3mo Ser Fot\u00f3grafa\u201d inaugurar\u00e1 el 9 de abril en el espacio virtual New Art City. La propuesta se articula en torno a tres figuras-concepto clave que representan la fusi\u00f3n de lo m\u00edstico y lo cibern\u00e9tico y una red de conexiones afectivas y sostenibles. <\/p>\n","protected":false},"author":10,"featured_media":52257,"comment_status":"open","ping_status":"open","sticky":false,"template":"","format":"standard","meta":{"_acf_changed":false,"_uag_custom_page_level_css":"","_monsterinsights_skip_tracking":false,"_monsterinsights_sitenote_active":false,"_monsterinsights_sitenote_note":"","_monsterinsights_sitenote_category":0,"cybocfi_hide_featured_image":"","footnotes":""},"categories":[80,490,82,157,284,264],"tags":[517],"infouartes":[],"class_list":["post-52250","post","type-post","status-publish","format-standard","has-post-thumbnail","hentry","category-academico","category-alumni","category-artes","category-artes-visuales","category-investigacion","category-maestrias","tag-exposicion"],"acf":[],"yoast_head":"<!-- This site is optimized with the Yoast SEO plugin v27.4 - https:\/\/yoast.com\/product\/yoast-seo-wordpress\/ -->\n<title>Universidad de las Artes - Plataforma \u201cC\u00f3mo Ser Fot\u00f3grafa\u201d lleva \u201cPensamiento Manglar\u201d de Roc\u00edo Soria D\u00edaz al espacio virtual New Art City<\/title>\n<meta name=\"description\" content=\"Universidad de las Artes - Plataforma \u201cC\u00f3mo Ser Fot\u00f3grafa\u201d lleva \u201cPensamiento Manglar\u201d de Roc\u00edo Soria D\u00edaz al espacio virtual New Art City\" \/>\n<meta name=\"robots\" content=\"index, follow, max-snippet:-1, max-image-preview:large, max-video-preview:-1\" \/>\n<link rel=\"canonical\" href=\"https:\/\/www.uartes.edu.ec\/sitio\/blog\/2024\/04\/05\/como-ser-fotografa-inaugura-pensamiento-manglar-de-rocio-soria-diaz-en-el-espacio-virtual-new-art-city\/\" \/>\n<meta property=\"og:locale\" content=\"es_ES\" \/>\n<meta property=\"og:type\" content=\"article\" \/>\n<meta property=\"og:title\" content=\"Universidad de las Artes - Plataforma \u201cC\u00f3mo Ser Fot\u00f3grafa\u201d lleva \u201cPensamiento Manglar\u201d de Roc\u00edo Soria D\u00edaz al espacio virtual New Art City\" \/>\n<meta property=\"og:description\" content=\"Universidad de las Artes - Plataforma \u201cC\u00f3mo Ser Fot\u00f3grafa\u201d lleva \u201cPensamiento Manglar\u201d de Roc\u00edo Soria D\u00edaz al espacio virtual New Art City\" \/>\n<meta property=\"og:url\" content=\"https:\/\/www.uartes.edu.ec\/sitio\/blog\/2024\/04\/05\/como-ser-fotografa-inaugura-pensamiento-manglar-de-rocio-soria-diaz-en-el-espacio-virtual-new-art-city\/\" \/>\n<meta property=\"og:site_name\" content=\"Universidad de las Artes\" \/>\n<meta property=\"article:publisher\" content=\"https:\/\/www.facebook.com\/uartesec\" \/>\n<meta property=\"article:published_time\" content=\"2024-04-05T22:15:36+00:00\" \/>\n<meta property=\"article:modified_time\" content=\"2024-07-04T16:19:11+00:00\" \/>\n<meta property=\"og:image\" content=\"https:\/\/www.uartes.edu.ec\/sitio\/wp-content\/uploads\/2024\/04\/MUESTRA-ROCIO-NY-01.jpg\" \/>\n\t<meta property=\"og:image:width\" content=\"2000\" \/>\n\t<meta property=\"og:image:height\" content=\"1333\" \/>\n\t<meta property=\"og:image:type\" content=\"image\/jpeg\" \/>\n<meta name=\"author\" content=\"ccortez\" \/>\n<meta name=\"twitter:card\" content=\"summary_large_image\" \/>\n<meta name=\"twitter:creator\" content=\"@uartesec\" \/>\n<meta name=\"twitter:site\" content=\"@uartesec\" \/>\n<meta name=\"twitter:label1\" content=\"Escrito por\" \/>\n\t<meta name=\"twitter:data1\" content=\"ccortez\" \/>\n\t<meta name=\"twitter:label2\" content=\"Tiempo de lectura\" \/>\n\t<meta name=\"twitter:data2\" content=\"4 minutos\" \/>\n<script type=\"application\/ld+json\" class=\"yoast-schema-graph\">{\"@context\":\"https:\\\/\\\/schema.org\",\"@graph\":[{\"@type\":\"Article\",\"@id\":\"https:\\\/\\\/www.uartes.edu.ec\\\/sitio\\\/blog\\\/2024\\\/04\\\/05\\\/como-ser-fotografa-inaugura-pensamiento-manglar-de-rocio-soria-diaz-en-el-espacio-virtual-new-art-city\\\/#article\",\"isPartOf\":{\"@id\":\"https:\\\/\\\/www.uartes.edu.ec\\\/sitio\\\/blog\\\/2024\\\/04\\\/05\\\/como-ser-fotografa-inaugura-pensamiento-manglar-de-rocio-soria-diaz-en-el-espacio-virtual-new-art-city\\\/\"},\"author\":{\"name\":\"ccortez\",\"@id\":\"https:\\\/\\\/www.uartes.edu.ec\\\/sitio\\\/#\\\/schema\\\/person\\\/efa1b8275797664fd7f13a79ccc0b1f4\"},\"headline\":\"Plataforma \u201cC\u00f3mo Ser Fot\u00f3grafa\u201d lleva \u201cPensamiento Manglar\u201d de Roc\u00edo Soria D\u00edaz al espacio virtual New Art City\",\"datePublished\":\"2024-04-05T22:15:36+00:00\",\"dateModified\":\"2024-07-04T16:19:11+00:00\",\"mainEntityOfPage\":{\"@id\":\"https:\\\/\\\/www.uartes.edu.ec\\\/sitio\\\/blog\\\/2024\\\/04\\\/05\\\/como-ser-fotografa-inaugura-pensamiento-manglar-de-rocio-soria-diaz-en-el-espacio-virtual-new-art-city\\\/\"},\"wordCount\":876,\"commentCount\":0,\"publisher\":{\"@id\":\"https:\\\/\\\/www.uartes.edu.ec\\\/sitio\\\/#organization\"},\"image\":{\"@id\":\"https:\\\/\\\/www.uartes.edu.ec\\\/sitio\\\/blog\\\/2024\\\/04\\\/05\\\/como-ser-fotografa-inaugura-pensamiento-manglar-de-rocio-soria-diaz-en-el-espacio-virtual-new-art-city\\\/#primaryimage\"},\"thumbnailUrl\":\"https:\\\/\\\/www.uartes.edu.ec\\\/sitio\\\/wp-content\\\/uploads\\\/2024\\\/04\\\/MUESTRA-ROCIO-NY-01.jpg\",\"keywords\":[\"exposici\u00f3n\"],\"articleSection\":[\"Acad\u00e9mico\",\"Alumni\",\"Artes\",\"Artes Visuales\",\"Investigaci\u00f3n\",\"Maestr\u00edas\"],\"inLanguage\":\"es\",\"potentialAction\":[{\"@type\":\"CommentAction\",\"name\":\"Comment\",\"target\":[\"https:\\\/\\\/www.uartes.edu.ec\\\/sitio\\\/blog\\\/2024\\\/04\\\/05\\\/como-ser-fotografa-inaugura-pensamiento-manglar-de-rocio-soria-diaz-en-el-espacio-virtual-new-art-city\\\/#respond\"]}]},{\"@type\":[\"WebPage\",\"ItemPage\"],\"@id\":\"https:\\\/\\\/www.uartes.edu.ec\\\/sitio\\\/blog\\\/2024\\\/04\\\/05\\\/como-ser-fotografa-inaugura-pensamiento-manglar-de-rocio-soria-diaz-en-el-espacio-virtual-new-art-city\\\/\",\"url\":\"https:\\\/\\\/www.uartes.edu.ec\\\/sitio\\\/blog\\\/2024\\\/04\\\/05\\\/como-ser-fotografa-inaugura-pensamiento-manglar-de-rocio-soria-diaz-en-el-espacio-virtual-new-art-city\\\/\",\"name\":\"Universidad de las Artes - Plataforma \u201cC\u00f3mo Ser Fot\u00f3grafa\u201d lleva \u201cPensamiento Manglar\u201d de Roc\u00edo Soria D\u00edaz al espacio virtual New Art City\",\"isPartOf\":{\"@id\":\"https:\\\/\\\/www.uartes.edu.ec\\\/sitio\\\/#website\"},\"primaryImageOfPage\":{\"@id\":\"https:\\\/\\\/www.uartes.edu.ec\\\/sitio\\\/blog\\\/2024\\\/04\\\/05\\\/como-ser-fotografa-inaugura-pensamiento-manglar-de-rocio-soria-diaz-en-el-espacio-virtual-new-art-city\\\/#primaryimage\"},\"image\":{\"@id\":\"https:\\\/\\\/www.uartes.edu.ec\\\/sitio\\\/blog\\\/2024\\\/04\\\/05\\\/como-ser-fotografa-inaugura-pensamiento-manglar-de-rocio-soria-diaz-en-el-espacio-virtual-new-art-city\\\/#primaryimage\"},\"thumbnailUrl\":\"https:\\\/\\\/www.uartes.edu.ec\\\/sitio\\\/wp-content\\\/uploads\\\/2024\\\/04\\\/MUESTRA-ROCIO-NY-01.jpg\",\"datePublished\":\"2024-04-05T22:15:36+00:00\",\"dateModified\":\"2024-07-04T16:19:11+00:00\",\"description\":\"Universidad de las Artes - Plataforma \u201cC\u00f3mo Ser Fot\u00f3grafa\u201d lleva \u201cPensamiento Manglar\u201d de Roc\u00edo Soria D\u00edaz al espacio virtual New Art City\",\"breadcrumb\":{\"@id\":\"https:\\\/\\\/www.uartes.edu.ec\\\/sitio\\\/blog\\\/2024\\\/04\\\/05\\\/como-ser-fotografa-inaugura-pensamiento-manglar-de-rocio-soria-diaz-en-el-espacio-virtual-new-art-city\\\/#breadcrumb\"},\"inLanguage\":\"es\",\"potentialAction\":[{\"@type\":\"ReadAction\",\"target\":[\"https:\\\/\\\/www.uartes.edu.ec\\\/sitio\\\/blog\\\/2024\\\/04\\\/05\\\/como-ser-fotografa-inaugura-pensamiento-manglar-de-rocio-soria-diaz-en-el-espacio-virtual-new-art-city\\\/\"]}]},{\"@type\":\"ImageObject\",\"inLanguage\":\"es\",\"@id\":\"https:\\\/\\\/www.uartes.edu.ec\\\/sitio\\\/blog\\\/2024\\\/04\\\/05\\\/como-ser-fotografa-inaugura-pensamiento-manglar-de-rocio-soria-diaz-en-el-espacio-virtual-new-art-city\\\/#primaryimage\",\"url\":\"https:\\\/\\\/www.uartes.edu.ec\\\/sitio\\\/wp-content\\\/uploads\\\/2024\\\/04\\\/MUESTRA-ROCIO-NY-01.jpg\",\"contentUrl\":\"https:\\\/\\\/www.uartes.edu.ec\\\/sitio\\\/wp-content\\\/uploads\\\/2024\\\/04\\\/MUESTRA-ROCIO-NY-01.jpg\",\"width\":2000,\"height\":1333},{\"@type\":\"BreadcrumbList\",\"@id\":\"https:\\\/\\\/www.uartes.edu.ec\\\/sitio\\\/blog\\\/2024\\\/04\\\/05\\\/como-ser-fotografa-inaugura-pensamiento-manglar-de-rocio-soria-diaz-en-el-espacio-virtual-new-art-city\\\/#breadcrumb\",\"itemListElement\":[{\"@type\":\"ListItem\",\"position\":1,\"name\":\"Inicio\",\"item\":\"https:\\\/\\\/www.uartes.edu.ec\\\/sitio\\\/\"},{\"@type\":\"ListItem\",\"position\":2,\"name\":\"Plataforma \u201cC\u00f3mo Ser Fot\u00f3grafa\u201d lleva \u201cPensamiento Manglar\u201d de Roc\u00edo Soria D\u00edaz al espacio virtual New Art City\"}]},{\"@type\":\"WebSite\",\"@id\":\"https:\\\/\\\/www.uartes.edu.ec\\\/sitio\\\/#website\",\"url\":\"https:\\\/\\\/www.uartes.edu.ec\\\/sitio\\\/\",\"name\":\"Universidad de las Artes\",\"description\":\"Sitio oficial de la Universidad Nacional de las Artes del Ecuador\",\"publisher\":{\"@id\":\"https:\\\/\\\/www.uartes.edu.ec\\\/sitio\\\/#organization\"},\"potentialAction\":[{\"@type\":\"SearchAction\",\"target\":{\"@type\":\"EntryPoint\",\"urlTemplate\":\"https:\\\/\\\/www.uartes.edu.ec\\\/sitio\\\/?s={search_term_string}\"},\"query-input\":{\"@type\":\"PropertyValueSpecification\",\"valueRequired\":true,\"valueName\":\"search_term_string\"}}],\"inLanguage\":\"es\"},{\"@type\":\"Organization\",\"@id\":\"https:\\\/\\\/www.uartes.edu.ec\\\/sitio\\\/#organization\",\"name\":\"Universidad de las Artes\",\"url\":\"https:\\\/\\\/www.uartes.edu.ec\\\/sitio\\\/\",\"logo\":{\"@type\":\"ImageObject\",\"inLanguage\":\"es\",\"@id\":\"https:\\\/\\\/www.uartes.edu.ec\\\/sitio\\\/#\\\/schema\\\/logo\\\/image\\\/\",\"url\":\"https:\\\/\\\/www.uartes.edu.ec\\\/sitio\\\/wp-content\\\/uploads\\\/2022\\\/07\\\/logo-ua-horizontal.png\",\"contentUrl\":\"https:\\\/\\\/www.uartes.edu.ec\\\/sitio\\\/wp-content\\\/uploads\\\/2022\\\/07\\\/logo-ua-horizontal.png\",\"width\":800,\"height\":276,\"caption\":\"Universidad de las Artes\"},\"image\":{\"@id\":\"https:\\\/\\\/www.uartes.edu.ec\\\/sitio\\\/#\\\/schema\\\/logo\\\/image\\\/\"},\"sameAs\":[\"https:\\\/\\\/www.facebook.com\\\/uartesec\",\"https:\\\/\\\/x.com\\\/uartesec\",\"https:\\\/\\\/www.tiktok.com\\\/@uartesec\"]},{\"@type\":\"Person\",\"@id\":\"https:\\\/\\\/www.uartes.edu.ec\\\/sitio\\\/#\\\/schema\\\/person\\\/efa1b8275797664fd7f13a79ccc0b1f4\",\"name\":\"ccortez\",\"image\":{\"@type\":\"ImageObject\",\"inLanguage\":\"es\",\"@id\":\"https:\\\/\\\/secure.gravatar.com\\\/avatar\\\/b2a6f664a3ae8e074346ef91775736c5ec479e637ecced6842de9dc98b5da9cd?s=96&d=mm&r=g\",\"url\":\"https:\\\/\\\/secure.gravatar.com\\\/avatar\\\/b2a6f664a3ae8e074346ef91775736c5ec479e637ecced6842de9dc98b5da9cd?s=96&d=mm&r=g\",\"contentUrl\":\"https:\\\/\\\/secure.gravatar.com\\\/avatar\\\/b2a6f664a3ae8e074346ef91775736c5ec479e637ecced6842de9dc98b5da9cd?s=96&d=mm&r=g\",\"caption\":\"ccortez\"},\"url\":\"https:\\\/\\\/www.uartes.edu.ec\\\/sitio\\\/blog\\\/author\\\/ccortez\\\/\"}]}<\/script>\n<!-- \/ Yoast SEO plugin. -->","yoast_head_json":{"title":"Universidad de las Artes - Plataforma \u201cC\u00f3mo Ser Fot\u00f3grafa\u201d lleva \u201cPensamiento Manglar\u201d de Roc\u00edo Soria D\u00edaz al espacio virtual New Art City","description":"Universidad de las Artes - Plataforma \u201cC\u00f3mo Ser Fot\u00f3grafa\u201d lleva \u201cPensamiento Manglar\u201d de Roc\u00edo Soria D\u00edaz al espacio virtual New Art City","robots":{"index":"index","follow":"follow","max-snippet":"max-snippet:-1","max-image-preview":"max-image-preview:large","max-video-preview":"max-video-preview:-1"},"canonical":"https:\/\/www.uartes.edu.ec\/sitio\/blog\/2024\/04\/05\/como-ser-fotografa-inaugura-pensamiento-manglar-de-rocio-soria-diaz-en-el-espacio-virtual-new-art-city\/","og_locale":"es_ES","og_type":"article","og_title":"Universidad de las Artes - Plataforma \u201cC\u00f3mo Ser Fot\u00f3grafa\u201d lleva \u201cPensamiento Manglar\u201d de Roc\u00edo Soria D\u00edaz al espacio virtual New Art City","og_description":"Universidad de las Artes - Plataforma \u201cC\u00f3mo Ser Fot\u00f3grafa\u201d lleva \u201cPensamiento Manglar\u201d de Roc\u00edo Soria D\u00edaz al espacio virtual New Art City","og_url":"https:\/\/www.uartes.edu.ec\/sitio\/blog\/2024\/04\/05\/como-ser-fotografa-inaugura-pensamiento-manglar-de-rocio-soria-diaz-en-el-espacio-virtual-new-art-city\/","og_site_name":"Universidad de las Artes","article_publisher":"https:\/\/www.facebook.com\/uartesec","article_published_time":"2024-04-05T22:15:36+00:00","article_modified_time":"2024-07-04T16:19:11+00:00","og_image":[{"width":2000,"height":1333,"url":"https:\/\/www.uartes.edu.ec\/sitio\/wp-content\/uploads\/2024\/04\/MUESTRA-ROCIO-NY-01.jpg","type":"image\/jpeg"}],"author":"ccortez","twitter_card":"summary_large_image","twitter_creator":"@uartesec","twitter_site":"@uartesec","twitter_misc":{"Escrito por":"ccortez","Tiempo de lectura":"4 minutos"},"schema":{"@context":"https:\/\/schema.org","@graph":[{"@type":"Article","@id":"https:\/\/www.uartes.edu.ec\/sitio\/blog\/2024\/04\/05\/como-ser-fotografa-inaugura-pensamiento-manglar-de-rocio-soria-diaz-en-el-espacio-virtual-new-art-city\/#article","isPartOf":{"@id":"https:\/\/www.uartes.edu.ec\/sitio\/blog\/2024\/04\/05\/como-ser-fotografa-inaugura-pensamiento-manglar-de-rocio-soria-diaz-en-el-espacio-virtual-new-art-city\/"},"author":{"name":"ccortez","@id":"https:\/\/www.uartes.edu.ec\/sitio\/#\/schema\/person\/efa1b8275797664fd7f13a79ccc0b1f4"},"headline":"Plataforma \u201cC\u00f3mo Ser Fot\u00f3grafa\u201d lleva \u201cPensamiento Manglar\u201d de Roc\u00edo Soria D\u00edaz al espacio virtual New Art City","datePublished":"2024-04-05T22:15:36+00:00","dateModified":"2024-07-04T16:19:11+00:00","mainEntityOfPage":{"@id":"https:\/\/www.uartes.edu.ec\/sitio\/blog\/2024\/04\/05\/como-ser-fotografa-inaugura-pensamiento-manglar-de-rocio-soria-diaz-en-el-espacio-virtual-new-art-city\/"},"wordCount":876,"commentCount":0,"publisher":{"@id":"https:\/\/www.uartes.edu.ec\/sitio\/#organization"},"image":{"@id":"https:\/\/www.uartes.edu.ec\/sitio\/blog\/2024\/04\/05\/como-ser-fotografa-inaugura-pensamiento-manglar-de-rocio-soria-diaz-en-el-espacio-virtual-new-art-city\/#primaryimage"},"thumbnailUrl":"https:\/\/www.uartes.edu.ec\/sitio\/wp-content\/uploads\/2024\/04\/MUESTRA-ROCIO-NY-01.jpg","keywords":["exposici\u00f3n"],"articleSection":["Acad\u00e9mico","Alumni","Artes","Artes Visuales","Investigaci\u00f3n","Maestr\u00edas"],"inLanguage":"es","potentialAction":[{"@type":"CommentAction","name":"Comment","target":["https:\/\/www.uartes.edu.ec\/sitio\/blog\/2024\/04\/05\/como-ser-fotografa-inaugura-pensamiento-manglar-de-rocio-soria-diaz-en-el-espacio-virtual-new-art-city\/#respond"]}]},{"@type":["WebPage","ItemPage"],"@id":"https:\/\/www.uartes.edu.ec\/sitio\/blog\/2024\/04\/05\/como-ser-fotografa-inaugura-pensamiento-manglar-de-rocio-soria-diaz-en-el-espacio-virtual-new-art-city\/","url":"https:\/\/www.uartes.edu.ec\/sitio\/blog\/2024\/04\/05\/como-ser-fotografa-inaugura-pensamiento-manglar-de-rocio-soria-diaz-en-el-espacio-virtual-new-art-city\/","name":"Universidad de las Artes - Plataforma \u201cC\u00f3mo Ser Fot\u00f3grafa\u201d lleva \u201cPensamiento Manglar\u201d de Roc\u00edo Soria D\u00edaz al espacio virtual New Art City","isPartOf":{"@id":"https:\/\/www.uartes.edu.ec\/sitio\/#website"},"primaryImageOfPage":{"@id":"https:\/\/www.uartes.edu.ec\/sitio\/blog\/2024\/04\/05\/como-ser-fotografa-inaugura-pensamiento-manglar-de-rocio-soria-diaz-en-el-espacio-virtual-new-art-city\/#primaryimage"},"image":{"@id":"https:\/\/www.uartes.edu.ec\/sitio\/blog\/2024\/04\/05\/como-ser-fotografa-inaugura-pensamiento-manglar-de-rocio-soria-diaz-en-el-espacio-virtual-new-art-city\/#primaryimage"},"thumbnailUrl":"https:\/\/www.uartes.edu.ec\/sitio\/wp-content\/uploads\/2024\/04\/MUESTRA-ROCIO-NY-01.jpg","datePublished":"2024-04-05T22:15:36+00:00","dateModified":"2024-07-04T16:19:11+00:00","description":"Universidad de las Artes - Plataforma \u201cC\u00f3mo Ser Fot\u00f3grafa\u201d lleva \u201cPensamiento Manglar\u201d de Roc\u00edo Soria D\u00edaz al espacio virtual New Art City","breadcrumb":{"@id":"https:\/\/www.uartes.edu.ec\/sitio\/blog\/2024\/04\/05\/como-ser-fotografa-inaugura-pensamiento-manglar-de-rocio-soria-diaz-en-el-espacio-virtual-new-art-city\/#breadcrumb"},"inLanguage":"es","potentialAction":[{"@type":"ReadAction","target":["https:\/\/www.uartes.edu.ec\/sitio\/blog\/2024\/04\/05\/como-ser-fotografa-inaugura-pensamiento-manglar-de-rocio-soria-diaz-en-el-espacio-virtual-new-art-city\/"]}]},{"@type":"ImageObject","inLanguage":"es","@id":"https:\/\/www.uartes.edu.ec\/sitio\/blog\/2024\/04\/05\/como-ser-fotografa-inaugura-pensamiento-manglar-de-rocio-soria-diaz-en-el-espacio-virtual-new-art-city\/#primaryimage","url":"https:\/\/www.uartes.edu.ec\/sitio\/wp-content\/uploads\/2024\/04\/MUESTRA-ROCIO-NY-01.jpg","contentUrl":"https:\/\/www.uartes.edu.ec\/sitio\/wp-content\/uploads\/2024\/04\/MUESTRA-ROCIO-NY-01.jpg","width":2000,"height":1333},{"@type":"BreadcrumbList","@id":"https:\/\/www.uartes.edu.ec\/sitio\/blog\/2024\/04\/05\/como-ser-fotografa-inaugura-pensamiento-manglar-de-rocio-soria-diaz-en-el-espacio-virtual-new-art-city\/#breadcrumb","itemListElement":[{"@type":"ListItem","position":1,"name":"Inicio","item":"https:\/\/www.uartes.edu.ec\/sitio\/"},{"@type":"ListItem","position":2,"name":"Plataforma \u201cC\u00f3mo Ser Fot\u00f3grafa\u201d lleva \u201cPensamiento Manglar\u201d de Roc\u00edo Soria D\u00edaz al espacio virtual New Art City"}]},{"@type":"WebSite","@id":"https:\/\/www.uartes.edu.ec\/sitio\/#website","url":"https:\/\/www.uartes.edu.ec\/sitio\/","name":"Universidad de las Artes","description":"Sitio oficial de la Universidad Nacional de las Artes del Ecuador","publisher":{"@id":"https:\/\/www.uartes.edu.ec\/sitio\/#organization"},"potentialAction":[{"@type":"SearchAction","target":{"@type":"EntryPoint","urlTemplate":"https:\/\/www.uartes.edu.ec\/sitio\/?s={search_term_string}"},"query-input":{"@type":"PropertyValueSpecification","valueRequired":true,"valueName":"search_term_string"}}],"inLanguage":"es"},{"@type":"Organization","@id":"https:\/\/www.uartes.edu.ec\/sitio\/#organization","name":"Universidad de las Artes","url":"https:\/\/www.uartes.edu.ec\/sitio\/","logo":{"@type":"ImageObject","inLanguage":"es","@id":"https:\/\/www.uartes.edu.ec\/sitio\/#\/schema\/logo\/image\/","url":"https:\/\/www.uartes.edu.ec\/sitio\/wp-content\/uploads\/2022\/07\/logo-ua-horizontal.png","contentUrl":"https:\/\/www.uartes.edu.ec\/sitio\/wp-content\/uploads\/2022\/07\/logo-ua-horizontal.png","width":800,"height":276,"caption":"Universidad de las Artes"},"image":{"@id":"https:\/\/www.uartes.edu.ec\/sitio\/#\/schema\/logo\/image\/"},"sameAs":["https:\/\/www.facebook.com\/uartesec","https:\/\/x.com\/uartesec","https:\/\/www.tiktok.com\/@uartesec"]},{"@type":"Person","@id":"https:\/\/www.uartes.edu.ec\/sitio\/#\/schema\/person\/efa1b8275797664fd7f13a79ccc0b1f4","name":"ccortez","image":{"@type":"ImageObject","inLanguage":"es","@id":"https:\/\/secure.gravatar.com\/avatar\/b2a6f664a3ae8e074346ef91775736c5ec479e637ecced6842de9dc98b5da9cd?s=96&d=mm&r=g","url":"https:\/\/secure.gravatar.com\/avatar\/b2a6f664a3ae8e074346ef91775736c5ec479e637ecced6842de9dc98b5da9cd?s=96&d=mm&r=g","contentUrl":"https:\/\/secure.gravatar.com\/avatar\/b2a6f664a3ae8e074346ef91775736c5ec479e637ecced6842de9dc98b5da9cd?s=96&d=mm&r=g","caption":"ccortez"},"url":"https:\/\/www.uartes.edu.ec\/sitio\/blog\/author\/ccortez\/"}]}},"uagb_featured_image_src":{"full":["https:\/\/www.uartes.edu.ec\/sitio\/wp-content\/uploads\/2024\/04\/MUESTRA-ROCIO-NY-01.jpg",2000,1333,false],"thumbnail":["https:\/\/www.uartes.edu.ec\/sitio\/wp-content\/uploads\/2024\/04\/MUESTRA-ROCIO-NY-01-150x150.jpg",150,150,true],"medium":["https:\/\/www.uartes.edu.ec\/sitio\/wp-content\/uploads\/2024\/04\/MUESTRA-ROCIO-NY-01-300x200.jpg",300,200,true],"medium_large":["https:\/\/www.uartes.edu.ec\/sitio\/wp-content\/uploads\/2024\/04\/MUESTRA-ROCIO-NY-01-768x512.jpg",768,512,true],"large":["https:\/\/www.uartes.edu.ec\/sitio\/wp-content\/uploads\/2024\/04\/MUESTRA-ROCIO-NY-01-644x429.jpg",644,429,true],"1536x1536":["https:\/\/www.uartes.edu.ec\/sitio\/wp-content\/uploads\/2024\/04\/MUESTRA-ROCIO-NY-01-1536x1024.jpg",1536,1024,true],"2048x2048":["https:\/\/www.uartes.edu.ec\/sitio\/wp-content\/uploads\/2024\/04\/MUESTRA-ROCIO-NY-01.jpg",2000,1333,false],"trp-custom-language-flag":["https:\/\/www.uartes.edu.ec\/sitio\/wp-content\/uploads\/2024\/04\/MUESTRA-ROCIO-NY-01-18x12.jpg",18,12,true],"htmega_size_585x295":["https:\/\/www.uartes.edu.ec\/sitio\/wp-content\/uploads\/2024\/04\/MUESTRA-ROCIO-NY-01-585x295.jpg",585,295,true],"htmega_size_1170x536":["https:\/\/www.uartes.edu.ec\/sitio\/wp-content\/uploads\/2024\/04\/MUESTRA-ROCIO-NY-01-1170x536.jpg",1170,536,true],"htmega_size_396x360":["https:\/\/www.uartes.edu.ec\/sitio\/wp-content\/uploads\/2024\/04\/MUESTRA-ROCIO-NY-01-396x360.jpg",396,360,true],"gb-block-post-grid-landscape":["https:\/\/www.uartes.edu.ec\/sitio\/wp-content\/uploads\/2024\/04\/MUESTRA-ROCIO-NY-01-600x400.jpg",600,400,true],"gb-block-post-grid-square":["https:\/\/www.uartes.edu.ec\/sitio\/wp-content\/uploads\/2024\/04\/MUESTRA-ROCIO-NY-01-600x600.jpg",600,600,true],"university-hub-thumb":["https:\/\/www.uartes.edu.ec\/sitio\/wp-content\/uploads\/2024\/04\/MUESTRA-ROCIO-NY-01-400x267.jpg",400,267,true]},"uagb_author_info":{"display_name":"ccortez","author_link":"https:\/\/www.uartes.edu.ec\/sitio\/blog\/author\/ccortez\/"},"uagb_comment_info":0,"uagb_excerpt":"Una exploraci\u00f3n ecofeminista que re\u00fane alrededor de 30 obras de la artista guayaquile\u00f1a Roc\u00edo Soria D\u00edaz es \u201cPensamiento Manglar\u201d, la muestra que la plataforma \u201cC\u00f3mo Ser Fot\u00f3grafa\u201d inaugurar\u00e1 el 9 de abril en el espacio virtual New Art City. La propuesta se articula en torno a tres figuras-concepto clave que representan la fusi\u00f3n de lo&hellip;","featured_image_src":"https:\/\/www.uartes.edu.ec\/sitio\/wp-content\/uploads\/2024\/04\/MUESTRA-ROCIO-NY-01-600x400.jpg","featured_image_src_square":"https:\/\/www.uartes.edu.ec\/sitio\/wp-content\/uploads\/2024\/04\/MUESTRA-ROCIO-NY-01-600x600.jpg","author_info":{"display_name":"ccortez","author_link":"https:\/\/www.uartes.edu.ec\/sitio\/blog\/author\/ccortez\/"},"publishpress_future_workflow_manual_trigger":{"enabledWorkflows":[]},"distributor_meta":false,"distributor_terms":false,"distributor_media":false,"distributor_original_site_name":"Universidad de las Artes","distributor_original_site_url":"https:\/\/www.uartes.edu.ec\/sitio","push-errors":false,"_links":{"self":[{"href":"https:\/\/www.uartes.edu.ec\/sitio\/wp-json\/wp\/v2\/posts\/52250","targetHints":{"allow":["GET"]}}],"collection":[{"href":"https:\/\/www.uartes.edu.ec\/sitio\/wp-json\/wp\/v2\/posts"}],"about":[{"href":"https:\/\/www.uartes.edu.ec\/sitio\/wp-json\/wp\/v2\/types\/post"}],"author":[{"embeddable":true,"href":"https:\/\/www.uartes.edu.ec\/sitio\/wp-json\/wp\/v2\/users\/10"}],"replies":[{"embeddable":true,"href":"https:\/\/www.uartes.edu.ec\/sitio\/wp-json\/wp\/v2\/comments?post=52250"}],"version-history":[{"count":4,"href":"https:\/\/www.uartes.edu.ec\/sitio\/wp-json\/wp\/v2\/posts\/52250\/revisions"}],"predecessor-version":[{"id":52264,"href":"https:\/\/www.uartes.edu.ec\/sitio\/wp-json\/wp\/v2\/posts\/52250\/revisions\/52264"}],"wp:featuredmedia":[{"embeddable":true,"href":"https:\/\/www.uartes.edu.ec\/sitio\/wp-json\/wp\/v2\/media\/52257"}],"wp:attachment":[{"href":"https:\/\/www.uartes.edu.ec\/sitio\/wp-json\/wp\/v2\/media?parent=52250"}],"wp:term":[{"taxonomy":"category","embeddable":true,"href":"https:\/\/www.uartes.edu.ec\/sitio\/wp-json\/wp\/v2\/categories?post=52250"},{"taxonomy":"post_tag","embeddable":true,"href":"https:\/\/www.uartes.edu.ec\/sitio\/wp-json\/wp\/v2\/tags?post=52250"},{"taxonomy":"infouartes","embeddable":true,"href":"https:\/\/www.uartes.edu.ec\/sitio\/wp-json\/wp\/v2\/infouartes?post=52250"}],"curies":[{"name":"wp","href":"https:\/\/api.w.org\/{rel}","templated":true}]}}