{"id":52483,"date":"2024-04-11T18:29:44","date_gmt":"2024-04-11T23:29:44","guid":{"rendered":"https:\/\/www.uartes.edu.ec\/sitio\/?p=52483"},"modified":"2024-07-04T11:19:09","modified_gmt":"2024-07-04T16:19:09","slug":"yinna-higuera-reafirmo-compromiso-de-usar-la-fotografia-para-fomentar-dialogo-y-cambio-social-en-america-latina","status":"publish","type":"post","link":"https:\/\/www.uartes.edu.ec\/sitio\/blog\/2024\/04\/11\/yinna-higuera-reafirmo-compromiso-de-usar-la-fotografia-para-fomentar-dialogo-y-cambio-social-en-america-latina\/","title":{"rendered":"Yinna Higuera reafirma compromiso de usar la fotograf\u00eda para el di\u00e1logo y el cambio social en Am\u00e9rica Latina"},"content":{"rendered":"\n<p>Yinna Higuera Bernal estudi\u00f3 en la Universidad de las Artes la maestr\u00eda Fotograf\u00eda y Sociedad en Am\u00e9rica Latina. Este viernes 12 de abril, en solemne ceremonia, recibir\u00e1 su t\u00edtulo de cuarto nivel junto a otros cuatro compa\u00f1eros que cursaron el mismo programa de posgrado, as\u00ed como por quienes optaron por Artes Visuales y Nuevos Medios, Escritura Creativa y Pol\u00edticas Culturales y Gesti\u00f3n de las Artes.<\/p>\n\n\n\n<p>Anota que su pasi\u00f3n por la fotograf\u00eda radica en verla como una herramienta clave para el cambio social. \u201cOpt\u00e9 por la maestr\u00eda en Fotograf\u00eda y Sociedad en Am\u00e9rica Latina con el fin de profundizar mi comprensi\u00f3n sobre c\u00f3mo las im\u00e1genes impactan nuestra realidad social, memoria colectiva e identidad cultural\u201d.<\/p>\n\n\n\n<p>Agrega que el programa de posgrado la equip\u00f3 con perspectivas te\u00f3ricas y habilidades pr\u00e1cticas esenciales para explorar la fotograf\u00eda como un medio de comunicaci\u00f3n y transformaci\u00f3n, permiti\u00e9ndole reafirmar su compromiso de usar la fotograf\u00eda para fomentar el di\u00e1logo, la comprensi\u00f3n y el cambio social en Am\u00e9rica Latina.<\/p>\n\n\n\n<h3 class=\"wp-block-heading\">Perspectiva profunda y cr\u00edtica<\/h3>\n\n\n\n<p>Tener un t\u00edtulo de cuarto nivel en Fotograf\u00eda y Sociedad ha sido un hito significativo en su vida profesional, art\u00edstica y personal, a\u00f1ade y detalla: \u201cEn lo profesional, me ha brindado una base s\u00f3lida para abordar proyectos fotogr\u00e1ficos con una perspectiva m\u00e1s profunda y cr\u00edtica, y me ha abierto puertas para colaborar en iniciativas culturales y educativas. Art\u00edsticamente, ha enriquecido mi lenguaje visual, permiti\u00e9ndome experimentar y expresar ideas complejas a trav\u00e9s de mis im\u00e1genes. Personalmente, ha sido una jornada de autodescubrimiento, ayud\u00e1ndome a entender mi papel como fot\u00f3grafa en la sociedad y c\u00f3mo puedo contribuir con ello a la narrativa colectiva de Am\u00e9rica Latina\u201d.<\/p>\n\n\n\n<p>Antes de cursar la maestr\u00eda en la Universidad de las Artes, Higuera Bernal estudi\u00f3 un posgrado en Gerencia Educativa, Direcci\u00f3n de ONGs, Gesti\u00f3n Cultural y Desarrollo Organizacional. \u201cMi relaci\u00f3n con la fotograf\u00eda es pr\u00e1cticamente innata, influenciada profundamente por un entorno familiar \u00fanico: un padre dedicado a la fotograf\u00eda y una madre docente con fuerte inclinaci\u00f3n hacia lo social y art\u00edstico. Estas influencias tempranas tejieron en m\u00ed una curiosidad insaciable por lo social y lo visual, gui\u00e1ndome en un viaje de exploraci\u00f3n continua a trav\u00e9s de la educaci\u00f3n formal, la profesionalizaci\u00f3n, la investigaci\u00f3n y, fundamentalmente, el aprendizaje colaborativo\u201d.<\/p>\n\n\n\n<h3 class=\"wp-block-heading\">Proyectos entrelazados con la fotograf\u00eda<\/h3>\n\n\n\n<p>Revela que el viaje en cuesti\u00f3n la ha llevado a escenarios art\u00edsticos y culturales nacionales e internacionales, donde ha tenido el privilegio de contribuir y, en ocasiones, liderar. \u201cUno de los hitos m\u00e1s significativos en mi carrera ha sido asumir la presidencia de la Asociaci\u00f3n de Fot\u00f3grafos Ecuatorianos. En este rol, me he enfocado en proyectos que entrelazan la fotograf\u00eda con cuestiones sociales, reforzando el impacto y la relevancia de nuestra profesi\u00f3n en el tejido social\u201d.<\/p>\n\n\n\n<p>La cofundaci\u00f3n del Colectivo Solispsiart Ecuador ha sido, adem\u00e1s, una aventura transformadora, creando un espacio vital para la formaci\u00f3n y proyecci\u00f3n de fot\u00f3grafas ecuatorianas. \u201cHa servido como plataforma para el talento emergente y ha reafirmado mi creencia en la colaboraci\u00f3n y el apoyo mutuo como pilares para el crecimiento art\u00edstico y personal\u201d.<\/p>\n\n\n\n<p>Para Higuera Bernal, cada una de sus experiencias han sido un pilar en su desarrollo y comprensi\u00f3n de la fotograf\u00eda como una herramienta poderosa para la narraci\u00f3n de historias, el activismo y la expresi\u00f3n art\u00edstica. \u201cLa trayectoria que he recorrido, marcada por la diversidad de roles y proyectos, ha sido el catalizador de mi crecimiento art\u00edstico, reforzando mi compromiso con utilizar la fotograf\u00eda para provocar reflexi\u00f3n, di\u00e1logo y cambio\u201d.<\/p>\n\n\n\n<p>Foto: Cortes\u00eda Yinna Higuera<\/p>\n","protected":false},"excerpt":{"rendered":"<p>Este viernes 12 de abril Yinna Higuera recibir\u00e1, junto con 41 compa\u00f1eros de maestr\u00eda y cohorte, su t\u00edtulo de cuarto nivel en la Universidad de las Artes. En di\u00e1logo con InfoUArtes revela que estudi\u00f3 el programa de posgrado Fotograf\u00eda y Sociedad en Am\u00e9rica Latina con el fin de profundizar su comprensi\u00f3n sobre c\u00f3mo las im\u00e1genes impactan nuestra realidad social, memoria colectiva e identidad cultural.<\/p>\n","protected":false},"author":10,"featured_media":52485,"comment_status":"open","ping_status":"open","sticky":false,"template":"","format":"standard","meta":{"_acf_changed":false,"_uag_custom_page_level_css":"","_monsterinsights_skip_tracking":false,"_monsterinsights_sitenote_active":false,"_monsterinsights_sitenote_note":"","_monsterinsights_sitenote_category":0,"cybocfi_hide_featured_image":"","footnotes":""},"categories":[80,76,284,264],"tags":[1187],"infouartes":[],"class_list":["post-52483","post","type-post","status-publish","format-standard","has-post-thumbnail","hentry","category-academico","category-estudiantes","category-investigacion","category-maestrias","tag-posgrados"],"acf":[],"yoast_head":"<!-- This site is optimized with the Yoast SEO plugin v27.4 - https:\/\/yoast.com\/product\/yoast-seo-wordpress\/ -->\n<title>Universidad de las Artes - Yinna Higuera reafirma compromiso de usar la fotograf\u00eda para el di\u00e1logo y el cambio social en Am\u00e9rica Latina<\/title>\n<meta name=\"description\" content=\"Universidad de las Artes - Yinna Higuera reafirma compromiso de usar la fotograf\u00eda para el di\u00e1logo y el cambio social en Am\u00e9rica Latina\" \/>\n<meta name=\"robots\" content=\"index, follow, max-snippet:-1, max-image-preview:large, max-video-preview:-1\" \/>\n<link rel=\"canonical\" href=\"https:\/\/www.uartes.edu.ec\/sitio\/blog\/2024\/04\/11\/yinna-higuera-reafirmo-compromiso-de-usar-la-fotografia-para-fomentar-dialogo-y-cambio-social-en-america-latina\/\" \/>\n<meta property=\"og:locale\" content=\"es_ES\" \/>\n<meta property=\"og:type\" content=\"article\" \/>\n<meta property=\"og:title\" content=\"Universidad de las Artes - Yinna Higuera reafirma compromiso de usar la fotograf\u00eda para el di\u00e1logo y el cambio social en Am\u00e9rica Latina\" \/>\n<meta property=\"og:description\" content=\"Universidad de las Artes - Yinna Higuera reafirma compromiso de usar la fotograf\u00eda para el di\u00e1logo y el cambio social en Am\u00e9rica Latina\" \/>\n<meta property=\"og:url\" content=\"https:\/\/www.uartes.edu.ec\/sitio\/blog\/2024\/04\/11\/yinna-higuera-reafirmo-compromiso-de-usar-la-fotografia-para-fomentar-dialogo-y-cambio-social-en-america-latina\/\" \/>\n<meta property=\"og:site_name\" content=\"Universidad de las Artes\" \/>\n<meta property=\"article:publisher\" content=\"https:\/\/www.facebook.com\/uartesec\" \/>\n<meta property=\"article:published_time\" content=\"2024-04-11T23:29:44+00:00\" \/>\n<meta property=\"article:modified_time\" content=\"2024-07-04T16:19:09+00:00\" \/>\n<meta property=\"og:image\" content=\"https:\/\/www.uartes.edu.ec\/sitio\/wp-content\/uploads\/2024\/04\/POSGRADO-01.jpg\" \/>\n\t<meta property=\"og:image:width\" content=\"2000\" \/>\n\t<meta property=\"og:image:height\" content=\"1333\" \/>\n\t<meta property=\"og:image:type\" content=\"image\/jpeg\" \/>\n<meta name=\"author\" content=\"ccortez\" \/>\n<meta name=\"twitter:card\" content=\"summary_large_image\" \/>\n<meta name=\"twitter:creator\" content=\"@uartesec\" \/>\n<meta name=\"twitter:site\" content=\"@uartesec\" \/>\n<meta name=\"twitter:label1\" content=\"Escrito por\" \/>\n\t<meta name=\"twitter:data1\" content=\"ccortez\" \/>\n\t<meta name=\"twitter:label2\" content=\"Tiempo de lectura\" \/>\n\t<meta name=\"twitter:data2\" content=\"3 minutos\" \/>\n<script type=\"application\/ld+json\" class=\"yoast-schema-graph\">{\"@context\":\"https:\\\/\\\/schema.org\",\"@graph\":[{\"@type\":\"Article\",\"@id\":\"https:\\\/\\\/www.uartes.edu.ec\\\/sitio\\\/blog\\\/2024\\\/04\\\/11\\\/yinna-higuera-reafirmo-compromiso-de-usar-la-fotografia-para-fomentar-dialogo-y-cambio-social-en-america-latina\\\/#article\",\"isPartOf\":{\"@id\":\"https:\\\/\\\/www.uartes.edu.ec\\\/sitio\\\/blog\\\/2024\\\/04\\\/11\\\/yinna-higuera-reafirmo-compromiso-de-usar-la-fotografia-para-fomentar-dialogo-y-cambio-social-en-america-latina\\\/\"},\"author\":{\"name\":\"ccortez\",\"@id\":\"https:\\\/\\\/www.uartes.edu.ec\\\/sitio\\\/#\\\/schema\\\/person\\\/efa1b8275797664fd7f13a79ccc0b1f4\"},\"headline\":\"Yinna Higuera reafirma compromiso de usar la fotograf\u00eda para el di\u00e1logo y el cambio social en Am\u00e9rica Latina\",\"datePublished\":\"2024-04-11T23:29:44+00:00\",\"dateModified\":\"2024-07-04T16:19:09+00:00\",\"mainEntityOfPage\":{\"@id\":\"https:\\\/\\\/www.uartes.edu.ec\\\/sitio\\\/blog\\\/2024\\\/04\\\/11\\\/yinna-higuera-reafirmo-compromiso-de-usar-la-fotografia-para-fomentar-dialogo-y-cambio-social-en-america-latina\\\/\"},\"wordCount\":674,\"commentCount\":0,\"publisher\":{\"@id\":\"https:\\\/\\\/www.uartes.edu.ec\\\/sitio\\\/#organization\"},\"image\":{\"@id\":\"https:\\\/\\\/www.uartes.edu.ec\\\/sitio\\\/blog\\\/2024\\\/04\\\/11\\\/yinna-higuera-reafirmo-compromiso-de-usar-la-fotografia-para-fomentar-dialogo-y-cambio-social-en-america-latina\\\/#primaryimage\"},\"thumbnailUrl\":\"https:\\\/\\\/www.uartes.edu.ec\\\/sitio\\\/wp-content\\\/uploads\\\/2024\\\/04\\\/POSGRADO-01.jpg\",\"keywords\":[\"posgrados\"],\"articleSection\":[\"Acad\u00e9mico\",\"Estudiantes\",\"Investigaci\u00f3n\",\"Maestr\u00edas\"],\"inLanguage\":\"es\",\"potentialAction\":[{\"@type\":\"CommentAction\",\"name\":\"Comment\",\"target\":[\"https:\\\/\\\/www.uartes.edu.ec\\\/sitio\\\/blog\\\/2024\\\/04\\\/11\\\/yinna-higuera-reafirmo-compromiso-de-usar-la-fotografia-para-fomentar-dialogo-y-cambio-social-en-america-latina\\\/#respond\"]}]},{\"@type\":[\"WebPage\",\"ItemPage\"],\"@id\":\"https:\\\/\\\/www.uartes.edu.ec\\\/sitio\\\/blog\\\/2024\\\/04\\\/11\\\/yinna-higuera-reafirmo-compromiso-de-usar-la-fotografia-para-fomentar-dialogo-y-cambio-social-en-america-latina\\\/\",\"url\":\"https:\\\/\\\/www.uartes.edu.ec\\\/sitio\\\/blog\\\/2024\\\/04\\\/11\\\/yinna-higuera-reafirmo-compromiso-de-usar-la-fotografia-para-fomentar-dialogo-y-cambio-social-en-america-latina\\\/\",\"name\":\"Universidad de las Artes - Yinna Higuera reafirma compromiso de usar la fotograf\u00eda para el di\u00e1logo y el cambio social en Am\u00e9rica Latina\",\"isPartOf\":{\"@id\":\"https:\\\/\\\/www.uartes.edu.ec\\\/sitio\\\/#website\"},\"primaryImageOfPage\":{\"@id\":\"https:\\\/\\\/www.uartes.edu.ec\\\/sitio\\\/blog\\\/2024\\\/04\\\/11\\\/yinna-higuera-reafirmo-compromiso-de-usar-la-fotografia-para-fomentar-dialogo-y-cambio-social-en-america-latina\\\/#primaryimage\"},\"image\":{\"@id\":\"https:\\\/\\\/www.uartes.edu.ec\\\/sitio\\\/blog\\\/2024\\\/04\\\/11\\\/yinna-higuera-reafirmo-compromiso-de-usar-la-fotografia-para-fomentar-dialogo-y-cambio-social-en-america-latina\\\/#primaryimage\"},\"thumbnailUrl\":\"https:\\\/\\\/www.uartes.edu.ec\\\/sitio\\\/wp-content\\\/uploads\\\/2024\\\/04\\\/POSGRADO-01.jpg\",\"datePublished\":\"2024-04-11T23:29:44+00:00\",\"dateModified\":\"2024-07-04T16:19:09+00:00\",\"description\":\"Universidad de las Artes - Yinna Higuera reafirma compromiso de usar la fotograf\u00eda para el di\u00e1logo y el cambio social en Am\u00e9rica Latina\",\"breadcrumb\":{\"@id\":\"https:\\\/\\\/www.uartes.edu.ec\\\/sitio\\\/blog\\\/2024\\\/04\\\/11\\\/yinna-higuera-reafirmo-compromiso-de-usar-la-fotografia-para-fomentar-dialogo-y-cambio-social-en-america-latina\\\/#breadcrumb\"},\"inLanguage\":\"es\",\"potentialAction\":[{\"@type\":\"ReadAction\",\"target\":[\"https:\\\/\\\/www.uartes.edu.ec\\\/sitio\\\/blog\\\/2024\\\/04\\\/11\\\/yinna-higuera-reafirmo-compromiso-de-usar-la-fotografia-para-fomentar-dialogo-y-cambio-social-en-america-latina\\\/\"]}]},{\"@type\":\"ImageObject\",\"inLanguage\":\"es\",\"@id\":\"https:\\\/\\\/www.uartes.edu.ec\\\/sitio\\\/blog\\\/2024\\\/04\\\/11\\\/yinna-higuera-reafirmo-compromiso-de-usar-la-fotografia-para-fomentar-dialogo-y-cambio-social-en-america-latina\\\/#primaryimage\",\"url\":\"https:\\\/\\\/www.uartes.edu.ec\\\/sitio\\\/wp-content\\\/uploads\\\/2024\\\/04\\\/POSGRADO-01.jpg\",\"contentUrl\":\"https:\\\/\\\/www.uartes.edu.ec\\\/sitio\\\/wp-content\\\/uploads\\\/2024\\\/04\\\/POSGRADO-01.jpg\",\"width\":2000,\"height\":1333},{\"@type\":\"BreadcrumbList\",\"@id\":\"https:\\\/\\\/www.uartes.edu.ec\\\/sitio\\\/blog\\\/2024\\\/04\\\/11\\\/yinna-higuera-reafirmo-compromiso-de-usar-la-fotografia-para-fomentar-dialogo-y-cambio-social-en-america-latina\\\/#breadcrumb\",\"itemListElement\":[{\"@type\":\"ListItem\",\"position\":1,\"name\":\"Inicio\",\"item\":\"https:\\\/\\\/www.uartes.edu.ec\\\/sitio\\\/\"},{\"@type\":\"ListItem\",\"position\":2,\"name\":\"Yinna Higuera reafirma compromiso de usar la fotograf\u00eda para el di\u00e1logo y el cambio social en Am\u00e9rica Latina\"}]},{\"@type\":\"WebSite\",\"@id\":\"https:\\\/\\\/www.uartes.edu.ec\\\/sitio\\\/#website\",\"url\":\"https:\\\/\\\/www.uartes.edu.ec\\\/sitio\\\/\",\"name\":\"Universidad de las Artes\",\"description\":\"Sitio oficial de la Universidad Nacional de las Artes del Ecuador\",\"publisher\":{\"@id\":\"https:\\\/\\\/www.uartes.edu.ec\\\/sitio\\\/#organization\"},\"potentialAction\":[{\"@type\":\"SearchAction\",\"target\":{\"@type\":\"EntryPoint\",\"urlTemplate\":\"https:\\\/\\\/www.uartes.edu.ec\\\/sitio\\\/?s={search_term_string}\"},\"query-input\":{\"@type\":\"PropertyValueSpecification\",\"valueRequired\":true,\"valueName\":\"search_term_string\"}}],\"inLanguage\":\"es\"},{\"@type\":\"Organization\",\"@id\":\"https:\\\/\\\/www.uartes.edu.ec\\\/sitio\\\/#organization\",\"name\":\"Universidad de las Artes\",\"url\":\"https:\\\/\\\/www.uartes.edu.ec\\\/sitio\\\/\",\"logo\":{\"@type\":\"ImageObject\",\"inLanguage\":\"es\",\"@id\":\"https:\\\/\\\/www.uartes.edu.ec\\\/sitio\\\/#\\\/schema\\\/logo\\\/image\\\/\",\"url\":\"https:\\\/\\\/www.uartes.edu.ec\\\/sitio\\\/wp-content\\\/uploads\\\/2022\\\/07\\\/logo-ua-horizontal.png\",\"contentUrl\":\"https:\\\/\\\/www.uartes.edu.ec\\\/sitio\\\/wp-content\\\/uploads\\\/2022\\\/07\\\/logo-ua-horizontal.png\",\"width\":800,\"height\":276,\"caption\":\"Universidad de las Artes\"},\"image\":{\"@id\":\"https:\\\/\\\/www.uartes.edu.ec\\\/sitio\\\/#\\\/schema\\\/logo\\\/image\\\/\"},\"sameAs\":[\"https:\\\/\\\/www.facebook.com\\\/uartesec\",\"https:\\\/\\\/x.com\\\/uartesec\",\"https:\\\/\\\/www.tiktok.com\\\/@uartesec\"]},{\"@type\":\"Person\",\"@id\":\"https:\\\/\\\/www.uartes.edu.ec\\\/sitio\\\/#\\\/schema\\\/person\\\/efa1b8275797664fd7f13a79ccc0b1f4\",\"name\":\"ccortez\",\"image\":{\"@type\":\"ImageObject\",\"inLanguage\":\"es\",\"@id\":\"https:\\\/\\\/secure.gravatar.com\\\/avatar\\\/b2a6f664a3ae8e074346ef91775736c5ec479e637ecced6842de9dc98b5da9cd?s=96&d=mm&r=g\",\"url\":\"https:\\\/\\\/secure.gravatar.com\\\/avatar\\\/b2a6f664a3ae8e074346ef91775736c5ec479e637ecced6842de9dc98b5da9cd?s=96&d=mm&r=g\",\"contentUrl\":\"https:\\\/\\\/secure.gravatar.com\\\/avatar\\\/b2a6f664a3ae8e074346ef91775736c5ec479e637ecced6842de9dc98b5da9cd?s=96&d=mm&r=g\",\"caption\":\"ccortez\"},\"url\":\"https:\\\/\\\/www.uartes.edu.ec\\\/sitio\\\/blog\\\/author\\\/ccortez\\\/\"}]}<\/script>\n<!-- \/ Yoast SEO plugin. -->","yoast_head_json":{"title":"Universidad de las Artes - Yinna Higuera reafirma compromiso de usar la fotograf\u00eda para el di\u00e1logo y el cambio social en Am\u00e9rica Latina","description":"Universidad de las Artes - Yinna Higuera reafirma compromiso de usar la fotograf\u00eda para el di\u00e1logo y el cambio social en Am\u00e9rica Latina","robots":{"index":"index","follow":"follow","max-snippet":"max-snippet:-1","max-image-preview":"max-image-preview:large","max-video-preview":"max-video-preview:-1"},"canonical":"https:\/\/www.uartes.edu.ec\/sitio\/blog\/2024\/04\/11\/yinna-higuera-reafirmo-compromiso-de-usar-la-fotografia-para-fomentar-dialogo-y-cambio-social-en-america-latina\/","og_locale":"es_ES","og_type":"article","og_title":"Universidad de las Artes - Yinna Higuera reafirma compromiso de usar la fotograf\u00eda para el di\u00e1logo y el cambio social en Am\u00e9rica Latina","og_description":"Universidad de las Artes - Yinna Higuera reafirma compromiso de usar la fotograf\u00eda para el di\u00e1logo y el cambio social en Am\u00e9rica Latina","og_url":"https:\/\/www.uartes.edu.ec\/sitio\/blog\/2024\/04\/11\/yinna-higuera-reafirmo-compromiso-de-usar-la-fotografia-para-fomentar-dialogo-y-cambio-social-en-america-latina\/","og_site_name":"Universidad de las Artes","article_publisher":"https:\/\/www.facebook.com\/uartesec","article_published_time":"2024-04-11T23:29:44+00:00","article_modified_time":"2024-07-04T16:19:09+00:00","og_image":[{"width":2000,"height":1333,"url":"https:\/\/www.uartes.edu.ec\/sitio\/wp-content\/uploads\/2024\/04\/POSGRADO-01.jpg","type":"image\/jpeg"}],"author":"ccortez","twitter_card":"summary_large_image","twitter_creator":"@uartesec","twitter_site":"@uartesec","twitter_misc":{"Escrito por":"ccortez","Tiempo de lectura":"3 minutos"},"schema":{"@context":"https:\/\/schema.org","@graph":[{"@type":"Article","@id":"https:\/\/www.uartes.edu.ec\/sitio\/blog\/2024\/04\/11\/yinna-higuera-reafirmo-compromiso-de-usar-la-fotografia-para-fomentar-dialogo-y-cambio-social-en-america-latina\/#article","isPartOf":{"@id":"https:\/\/www.uartes.edu.ec\/sitio\/blog\/2024\/04\/11\/yinna-higuera-reafirmo-compromiso-de-usar-la-fotografia-para-fomentar-dialogo-y-cambio-social-en-america-latina\/"},"author":{"name":"ccortez","@id":"https:\/\/www.uartes.edu.ec\/sitio\/#\/schema\/person\/efa1b8275797664fd7f13a79ccc0b1f4"},"headline":"Yinna Higuera reafirma compromiso de usar la fotograf\u00eda para el di\u00e1logo y el cambio social en Am\u00e9rica Latina","datePublished":"2024-04-11T23:29:44+00:00","dateModified":"2024-07-04T16:19:09+00:00","mainEntityOfPage":{"@id":"https:\/\/www.uartes.edu.ec\/sitio\/blog\/2024\/04\/11\/yinna-higuera-reafirmo-compromiso-de-usar-la-fotografia-para-fomentar-dialogo-y-cambio-social-en-america-latina\/"},"wordCount":674,"commentCount":0,"publisher":{"@id":"https:\/\/www.uartes.edu.ec\/sitio\/#organization"},"image":{"@id":"https:\/\/www.uartes.edu.ec\/sitio\/blog\/2024\/04\/11\/yinna-higuera-reafirmo-compromiso-de-usar-la-fotografia-para-fomentar-dialogo-y-cambio-social-en-america-latina\/#primaryimage"},"thumbnailUrl":"https:\/\/www.uartes.edu.ec\/sitio\/wp-content\/uploads\/2024\/04\/POSGRADO-01.jpg","keywords":["posgrados"],"articleSection":["Acad\u00e9mico","Estudiantes","Investigaci\u00f3n","Maestr\u00edas"],"inLanguage":"es","potentialAction":[{"@type":"CommentAction","name":"Comment","target":["https:\/\/www.uartes.edu.ec\/sitio\/blog\/2024\/04\/11\/yinna-higuera-reafirmo-compromiso-de-usar-la-fotografia-para-fomentar-dialogo-y-cambio-social-en-america-latina\/#respond"]}]},{"@type":["WebPage","ItemPage"],"@id":"https:\/\/www.uartes.edu.ec\/sitio\/blog\/2024\/04\/11\/yinna-higuera-reafirmo-compromiso-de-usar-la-fotografia-para-fomentar-dialogo-y-cambio-social-en-america-latina\/","url":"https:\/\/www.uartes.edu.ec\/sitio\/blog\/2024\/04\/11\/yinna-higuera-reafirmo-compromiso-de-usar-la-fotografia-para-fomentar-dialogo-y-cambio-social-en-america-latina\/","name":"Universidad de las Artes - Yinna Higuera reafirma compromiso de usar la fotograf\u00eda para el di\u00e1logo y el cambio social en Am\u00e9rica Latina","isPartOf":{"@id":"https:\/\/www.uartes.edu.ec\/sitio\/#website"},"primaryImageOfPage":{"@id":"https:\/\/www.uartes.edu.ec\/sitio\/blog\/2024\/04\/11\/yinna-higuera-reafirmo-compromiso-de-usar-la-fotografia-para-fomentar-dialogo-y-cambio-social-en-america-latina\/#primaryimage"},"image":{"@id":"https:\/\/www.uartes.edu.ec\/sitio\/blog\/2024\/04\/11\/yinna-higuera-reafirmo-compromiso-de-usar-la-fotografia-para-fomentar-dialogo-y-cambio-social-en-america-latina\/#primaryimage"},"thumbnailUrl":"https:\/\/www.uartes.edu.ec\/sitio\/wp-content\/uploads\/2024\/04\/POSGRADO-01.jpg","datePublished":"2024-04-11T23:29:44+00:00","dateModified":"2024-07-04T16:19:09+00:00","description":"Universidad de las Artes - Yinna Higuera reafirma compromiso de usar la fotograf\u00eda para el di\u00e1logo y el cambio social en Am\u00e9rica Latina","breadcrumb":{"@id":"https:\/\/www.uartes.edu.ec\/sitio\/blog\/2024\/04\/11\/yinna-higuera-reafirmo-compromiso-de-usar-la-fotografia-para-fomentar-dialogo-y-cambio-social-en-america-latina\/#breadcrumb"},"inLanguage":"es","potentialAction":[{"@type":"ReadAction","target":["https:\/\/www.uartes.edu.ec\/sitio\/blog\/2024\/04\/11\/yinna-higuera-reafirmo-compromiso-de-usar-la-fotografia-para-fomentar-dialogo-y-cambio-social-en-america-latina\/"]}]},{"@type":"ImageObject","inLanguage":"es","@id":"https:\/\/www.uartes.edu.ec\/sitio\/blog\/2024\/04\/11\/yinna-higuera-reafirmo-compromiso-de-usar-la-fotografia-para-fomentar-dialogo-y-cambio-social-en-america-latina\/#primaryimage","url":"https:\/\/www.uartes.edu.ec\/sitio\/wp-content\/uploads\/2024\/04\/POSGRADO-01.jpg","contentUrl":"https:\/\/www.uartes.edu.ec\/sitio\/wp-content\/uploads\/2024\/04\/POSGRADO-01.jpg","width":2000,"height":1333},{"@type":"BreadcrumbList","@id":"https:\/\/www.uartes.edu.ec\/sitio\/blog\/2024\/04\/11\/yinna-higuera-reafirmo-compromiso-de-usar-la-fotografia-para-fomentar-dialogo-y-cambio-social-en-america-latina\/#breadcrumb","itemListElement":[{"@type":"ListItem","position":1,"name":"Inicio","item":"https:\/\/www.uartes.edu.ec\/sitio\/"},{"@type":"ListItem","position":2,"name":"Yinna Higuera reafirma compromiso de usar la fotograf\u00eda para el di\u00e1logo y el cambio social en Am\u00e9rica Latina"}]},{"@type":"WebSite","@id":"https:\/\/www.uartes.edu.ec\/sitio\/#website","url":"https:\/\/www.uartes.edu.ec\/sitio\/","name":"Universidad de las Artes","description":"Sitio oficial de la Universidad Nacional de las Artes del Ecuador","publisher":{"@id":"https:\/\/www.uartes.edu.ec\/sitio\/#organization"},"potentialAction":[{"@type":"SearchAction","target":{"@type":"EntryPoint","urlTemplate":"https:\/\/www.uartes.edu.ec\/sitio\/?s={search_term_string}"},"query-input":{"@type":"PropertyValueSpecification","valueRequired":true,"valueName":"search_term_string"}}],"inLanguage":"es"},{"@type":"Organization","@id":"https:\/\/www.uartes.edu.ec\/sitio\/#organization","name":"Universidad de las Artes","url":"https:\/\/www.uartes.edu.ec\/sitio\/","logo":{"@type":"ImageObject","inLanguage":"es","@id":"https:\/\/www.uartes.edu.ec\/sitio\/#\/schema\/logo\/image\/","url":"https:\/\/www.uartes.edu.ec\/sitio\/wp-content\/uploads\/2022\/07\/logo-ua-horizontal.png","contentUrl":"https:\/\/www.uartes.edu.ec\/sitio\/wp-content\/uploads\/2022\/07\/logo-ua-horizontal.png","width":800,"height":276,"caption":"Universidad de las Artes"},"image":{"@id":"https:\/\/www.uartes.edu.ec\/sitio\/#\/schema\/logo\/image\/"},"sameAs":["https:\/\/www.facebook.com\/uartesec","https:\/\/x.com\/uartesec","https:\/\/www.tiktok.com\/@uartesec"]},{"@type":"Person","@id":"https:\/\/www.uartes.edu.ec\/sitio\/#\/schema\/person\/efa1b8275797664fd7f13a79ccc0b1f4","name":"ccortez","image":{"@type":"ImageObject","inLanguage":"es","@id":"https:\/\/secure.gravatar.com\/avatar\/b2a6f664a3ae8e074346ef91775736c5ec479e637ecced6842de9dc98b5da9cd?s=96&d=mm&r=g","url":"https:\/\/secure.gravatar.com\/avatar\/b2a6f664a3ae8e074346ef91775736c5ec479e637ecced6842de9dc98b5da9cd?s=96&d=mm&r=g","contentUrl":"https:\/\/secure.gravatar.com\/avatar\/b2a6f664a3ae8e074346ef91775736c5ec479e637ecced6842de9dc98b5da9cd?s=96&d=mm&r=g","caption":"ccortez"},"url":"https:\/\/www.uartes.edu.ec\/sitio\/blog\/author\/ccortez\/"}]}},"uagb_featured_image_src":{"full":["https:\/\/www.uartes.edu.ec\/sitio\/wp-content\/uploads\/2024\/04\/POSGRADO-01.jpg",2000,1333,false],"thumbnail":["https:\/\/www.uartes.edu.ec\/sitio\/wp-content\/uploads\/2024\/04\/POSGRADO-01-150x150.jpg",150,150,true],"medium":["https:\/\/www.uartes.edu.ec\/sitio\/wp-content\/uploads\/2024\/04\/POSGRADO-01-300x200.jpg",300,200,true],"medium_large":["https:\/\/www.uartes.edu.ec\/sitio\/wp-content\/uploads\/2024\/04\/POSGRADO-01-768x512.jpg",768,512,true],"large":["https:\/\/www.uartes.edu.ec\/sitio\/wp-content\/uploads\/2024\/04\/POSGRADO-01-644x429.jpg",644,429,true],"1536x1536":["https:\/\/www.uartes.edu.ec\/sitio\/wp-content\/uploads\/2024\/04\/POSGRADO-01-1536x1024.jpg",1536,1024,true],"2048x2048":["https:\/\/www.uartes.edu.ec\/sitio\/wp-content\/uploads\/2024\/04\/POSGRADO-01.jpg",2000,1333,false],"trp-custom-language-flag":["https:\/\/www.uartes.edu.ec\/sitio\/wp-content\/uploads\/2024\/04\/POSGRADO-01-18x12.jpg",18,12,true],"htmega_size_585x295":["https:\/\/www.uartes.edu.ec\/sitio\/wp-content\/uploads\/2024\/04\/POSGRADO-01-585x295.jpg",585,295,true],"htmega_size_1170x536":["https:\/\/www.uartes.edu.ec\/sitio\/wp-content\/uploads\/2024\/04\/POSGRADO-01-1170x536.jpg",1170,536,true],"htmega_size_396x360":["https:\/\/www.uartes.edu.ec\/sitio\/wp-content\/uploads\/2024\/04\/POSGRADO-01-396x360.jpg",396,360,true],"gb-block-post-grid-landscape":["https:\/\/www.uartes.edu.ec\/sitio\/wp-content\/uploads\/2024\/04\/POSGRADO-01-600x400.jpg",600,400,true],"gb-block-post-grid-square":["https:\/\/www.uartes.edu.ec\/sitio\/wp-content\/uploads\/2024\/04\/POSGRADO-01-600x600.jpg",600,600,true],"university-hub-thumb":["https:\/\/www.uartes.edu.ec\/sitio\/wp-content\/uploads\/2024\/04\/POSGRADO-01-400x267.jpg",400,267,true]},"uagb_author_info":{"display_name":"ccortez","author_link":"https:\/\/www.uartes.edu.ec\/sitio\/blog\/author\/ccortez\/"},"uagb_comment_info":0,"uagb_excerpt":"Este viernes 12 de abril Yinna Higuera recibir\u00e1, junto con 41 compa\u00f1eros de maestr\u00eda y cohorte, su t\u00edtulo de cuarto nivel en la Universidad de las Artes. En di\u00e1logo con InfoUArtes revela que estudi\u00f3 el programa de posgrado Fotograf\u00eda y Sociedad en Am\u00e9rica Latina con el fin de profundizar su comprensi\u00f3n sobre c\u00f3mo las im\u00e1genes&hellip;","featured_image_src":"https:\/\/www.uartes.edu.ec\/sitio\/wp-content\/uploads\/2024\/04\/POSGRADO-01-600x400.jpg","featured_image_src_square":"https:\/\/www.uartes.edu.ec\/sitio\/wp-content\/uploads\/2024\/04\/POSGRADO-01-600x600.jpg","author_info":{"display_name":"ccortez","author_link":"https:\/\/www.uartes.edu.ec\/sitio\/blog\/author\/ccortez\/"},"publishpress_future_workflow_manual_trigger":{"enabledWorkflows":[]},"distributor_meta":false,"distributor_terms":false,"distributor_media":false,"distributor_original_site_name":"Universidad de las Artes","distributor_original_site_url":"https:\/\/www.uartes.edu.ec\/sitio","push-errors":false,"_links":{"self":[{"href":"https:\/\/www.uartes.edu.ec\/sitio\/wp-json\/wp\/v2\/posts\/52483","targetHints":{"allow":["GET"]}}],"collection":[{"href":"https:\/\/www.uartes.edu.ec\/sitio\/wp-json\/wp\/v2\/posts"}],"about":[{"href":"https:\/\/www.uartes.edu.ec\/sitio\/wp-json\/wp\/v2\/types\/post"}],"author":[{"embeddable":true,"href":"https:\/\/www.uartes.edu.ec\/sitio\/wp-json\/wp\/v2\/users\/10"}],"replies":[{"embeddable":true,"href":"https:\/\/www.uartes.edu.ec\/sitio\/wp-json\/wp\/v2\/comments?post=52483"}],"version-history":[{"count":8,"href":"https:\/\/www.uartes.edu.ec\/sitio\/wp-json\/wp\/v2\/posts\/52483\/revisions"}],"predecessor-version":[{"id":52502,"href":"https:\/\/www.uartes.edu.ec\/sitio\/wp-json\/wp\/v2\/posts\/52483\/revisions\/52502"}],"wp:featuredmedia":[{"embeddable":true,"href":"https:\/\/www.uartes.edu.ec\/sitio\/wp-json\/wp\/v2\/media\/52485"}],"wp:attachment":[{"href":"https:\/\/www.uartes.edu.ec\/sitio\/wp-json\/wp\/v2\/media?parent=52483"}],"wp:term":[{"taxonomy":"category","embeddable":true,"href":"https:\/\/www.uartes.edu.ec\/sitio\/wp-json\/wp\/v2\/categories?post=52483"},{"taxonomy":"post_tag","embeddable":true,"href":"https:\/\/www.uartes.edu.ec\/sitio\/wp-json\/wp\/v2\/tags?post=52483"},{"taxonomy":"infouartes","embeddable":true,"href":"https:\/\/www.uartes.edu.ec\/sitio\/wp-json\/wp\/v2\/infouartes?post=52483"}],"curies":[{"name":"wp","href":"https:\/\/api.w.org\/{rel}","templated":true}]}}