{"id":52819,"date":"2024-04-22T18:08:43","date_gmt":"2024-04-22T23:08:43","guid":{"rendered":"https:\/\/www.uartes.edu.ec\/sitio\/?p=52819"},"modified":"2024-07-04T11:19:08","modified_gmt":"2024-07-04T16:19:08","slug":"lalinchi-en-lanfor-abierta-con-charla-y-presentacion-de-plataforma-web-inclusiva-regleta-y-manual-braille","status":"publish","type":"post","link":"https:\/\/www.uartes.edu.ec\/sitio\/blog\/2024\/04\/22\/lalinchi-en-lanfor-abierta-con-charla-y-presentacion-de-plataforma-web-inclusiva-regleta-y-manual-braille\/","title":{"rendered":"Artista Lalinchi, en Lanfor Abierta con charla y presentaci\u00f3n de plataforma web inclusiva, regleta y manual Braille"},"content":{"rendered":"\n<p>\u201cApp Braile Tecnol\u00f3gico, Accesible e Inclusivo\u201d es como el artista ecuatoriano <em>Lalinchi<\/em>&nbsp;titul\u00f3 a la charla que brindar\u00e1 este martes 23 de abril, en el D\u00eda Internacional del Libro. La actividad es parte de las jornadas de la tercera edici\u00f3n de Lanfor Abierta, concebida y organizada por la Biblioteca de las Artes para celebrar la fecha.<\/p>\n\n\n\n<p>La charla tendr\u00e1 lugar a las 10:00, en el tercer piso del repositorio de la Universidad de las Artes y en su desarrollo, Eduardo Enrique Arreaga Burgos, nombre de pila de <em>Lalinchi<\/em>, har\u00e1 el lanzamiento de tres nuevas herramientas que cre\u00f3 para las personas con discapacidad visual: una plataforma web inclusiva, el \u201cManual de Lectura y Escritura Braille\u201d y una regleta dise\u00f1ada \u2014muy a su estilo\u2014 del mismo tama\u00f1o que tiene un celular.<\/p>\n\n\n\n<p>Antes, <em>Lalinchi<\/em> public\u00f3 el libro \u201cGu\u00eda T\u00e1ctil Abecedario Braille \u2013 Estrategias de Aprendizaje\u201d y las herramientas a presentar son una consecuci\u00f3n de iniciativas, las cuales ha registrado en una notar\u00eda, seg\u00fan comenta.<\/p>\n\n\n\n<h3 class=\"wp-block-heading\">Comprometido con la inclusi\u00f3n y diversidad<\/h3>\n\n\n\n<p>Pero \u00bfcu\u00e1ndo nace el inter\u00e9s de este escultopintor y escritor por crear herramientas para personas con discapacidad visual. A la inquietud responde que a trav\u00e9s de sus obras busca trascender las etiquetas para sumergirse en la autenticidad, de all\u00ed que en sus proyectos y exposiciones est\u00e9 siempre manifiesto su compromiso con la inclusi\u00f3n y la diversidad.<\/p>\n\n\n\n<p>Revela tambi\u00e9n que en 2019 llev\u00f3 el Museo Nah\u00edm Isa\u00edas la muestra \u201cPictobraille: Arte Inclusivo Para Todos\u201d, compuesta por m\u00e1s de 40 obras escultopictoricas t\u00e1ctiles con Braille. Lo hizo en el marco de un programa realizado en conjunto con el Ministerio de Cultura y Patrimonio (McyP) y el Instituto de Fomento a la Creatividad y la Innovaci\u00f3n (IFCI). La propuesta incluy\u00f3 el libro mencionado, estableciendo as\u00ed un puente entre el arte y la comunidad.<\/p>\n\n\n\n<p>\u201c<em>Lalinchi<\/em> no solo crea arte, sino tambi\u00e9n conexiones significativas\u201d se rese\u00f1a en sus propuestas, destac\u00e1ndolas como un proyecto literario, t\u00e1ctil y h\u00e1ptico, que comprende la fusi\u00f3n de distintos componentes en una l\u00ednea base definida. \u201cLa finalidad del proyecto inclusivo consiste en que las personas con o sin discapacidades puedan acceder al aprendizaje de la tipograf\u00eda del sistema de lectoescritura Braille, para ser aplicado y utilizado en las escuelas y universidades, en las artes literarias, musicales y sonoras, en el \u00e1rea de deportes y en la elaboraci\u00f3n de carteles y se\u00f1al\u00e9tica inclusiva, beneficiando a ni\u00f1os, ni\u00f1as, j\u00f3venes y adultos mayores con o sin discapacidad visual, discapacidades especiales y al p\u00fablico en general\u201d.<\/p>\n\n\n\n<h3 class=\"wp-block-heading\">Herramientas de su creaci\u00f3n<\/h3>\n\n\n\n<p>El \u201cManual de Lectura y Escritura Braille\u201d es la herramienta base de la regleta Braille y del libro \u201cImpreso en tinta y Braille\u201d, por lo que se ha dise\u00f1ado, configurado y diagramado cada uno de los c\u00f3digos impresos del alfabeto Braille, vocales con tilde en Braille, vocales sin tilde en Braille, n\u00fameros binarios en Braille, signos matem\u00e1ticos y signos de puntuaci\u00f3n en Braille, los cuales se encuentran conectados por medio del c\u00f3digo QR a la plataforma web inclusiva, que cuenta con un software que ayuda a leer las pantallas de las computadoras de escritorio y port\u00e1tiles. Tambi\u00e9n cuenta con otro software de escritura Braille, que ayuda a editar y crear documentos en Word, Excel, Power y Publisher, funciona correctamente con los editores o programas de fotos, como el programa Picasa, Photoshop, Adobe Ilustrator, etc.\u201d, explica <em>Lalinchi.<\/em><\/p>\n\n\n\n<p>\u201cHay 154.670 personas con discapacidad visual en el pa\u00eds\u201d, a\u00f1ade el artista y escritor, quien trabaj\u00f3 la programaci\u00f3n y codificaci\u00f3n <em>online<\/em> con su esposa, Susana Jim\u00e9nez Gallegos. \u201cMe ayud\u00f3 tambi\u00e9n a escribir el libro y aport\u00f3 en la parte del dise\u00f1o de la aplicaci\u00f3n. Puedo tener diez mil ideas, pero necesito que alguien me encamine y nadie mejor que ella para hacerlo\u201d.<\/p>\n\n\n\n<p>Dos a\u00f1os le llev\u00f3 crear la App, armar una es complicado; un mes complet\u00f3 le tom\u00f3 hacer solo la codificaci\u00f3n. Para el efecto realiz\u00f3 un estudio exhaustivo, expresa y detalla tambi\u00e9n el contenido de la plataforma web inclusiva. \u201cSe encuentran los softwares, lectores de pantalla y de escritura Braille, PDFs, videos, archivos explicativos de c\u00f3mo se forman las letras, c\u00f3mo crear las vocales con el sistema de lectoescritura, el cual es muy diferente al abecedario. Asimismo, las vocales con tilde son distintas a las vocales sin tilde. Hay una combinaci\u00f3n y un sinn\u00famero de puntos. Hay una combinaci\u00f3n que se puede aplicar para aprender y leer, que es el sistema de lectoescritura Braille\u201d.<\/p>\n\n\n\n<h3 class=\"wp-block-heading\">Mapas del Ecuador, pr\u00f3ximo proyecto<\/h3>\n\n\n\n<p>Se puede imprimir y transcribir. Los PDF son descargables, refiere <em>Lalinchi<\/em>, quien a\u00fan est\u00e1 trabajando y creando, pues tiene la idea de conectar los mapas del Ecuador con sus provincias. La plataforma web tiene una velocidad de descarga r\u00e1pida y se ha tratado de cuidar que las im\u00e1genes no pierdan calidad tanto en la pantalla grande de la computadora como en la de los celulares.<\/p>\n\n\n\n<p>Tambi\u00e9n en la Semana Cultural de Lanfor Abierta \u2013y en la ceremonia que se realizar\u00e1 el viernes 26 por los cinco a\u00f1os de la Biblioteca de las Artes\u2013, <em>Lalinchi<\/em> donar\u00e1 sus libros al repositorio de la UArtes. Coment\u00f3, adem\u00e1s, que gestion\u00f3 con un esp\u00f3nsor la entrega de 30 tablets para personas con discapacidad visual y con capacidad intelectual reducida. Para el manejo de estos dispositivos recomienda que padres, madres y hermanos ayuden a su familiar. \u201cSolos no van a poder aprender, se necesita de ayuda. Es igual que cuando se ense\u00f1a a leer y escribir a personas sin discapacidad visual, siempre hubo alguien que colabor\u00f3, una gu\u00eda\u201d.<\/p>\n\n\n\n<p>El link de la plataforma web inclusiva es: <a href=\"http:\/\/www.abecedariobraille.lalinchi.com\">www.abecedariobraille.lalinchi.com<\/a><\/p>\n\n\n\n<p>En la foto principal, el artista <em>Lalinchi<\/em> junto a su esposa, Susana Jim\u00e9nez Gallegos.<\/p>\n","protected":false},"excerpt":{"rendered":"<p>En la charla \u201cApp Braile Tecnol\u00f3gico, Accesible e Inclusivo\u201d que dar\u00e1 este martes 23 de abril en la Biblioteca de las Artes, el artista ecuatoriano Lalinchi har\u00e1 tambi\u00e9n el lanzamiento de una plataforma web inclusiva, de la regleta Braille y del \u201cManual de Lectura y Escritura Braille\u201d. Antes present\u00f3 el libro \u201cGu\u00eda T\u00e1ctil Abecedario Braille \u2013 Estrategias de Aprendizaje\u201d. La actividad es parte de las jornadas de Lanfor Abierta.<\/p>\n","protected":false},"author":10,"featured_media":52820,"comment_status":"open","ping_status":"open","sticky":false,"template":"","format":"standard","meta":{"_acf_changed":false,"_uag_custom_page_level_css":"","_monsterinsights_skip_tracking":false,"_monsterinsights_sitenote_active":false,"_monsterinsights_sitenote_note":"","_monsterinsights_sitenote_category":0,"cybocfi_hide_featured_image":"","footnotes":""},"categories":[80,82,77,284,83],"tags":[780],"infouartes":[],"class_list":["post-52819","post","type-post","status-publish","format-standard","has-post-thumbnail","hentry","category-academico","category-artes","category-gestion","category-investigacion","category-sedes","tag-biblioteca-de-las-artes"],"acf":[],"yoast_head":"<!-- This site is optimized with the Yoast SEO plugin v27.4 - https:\/\/yoast.com\/product\/yoast-seo-wordpress\/ -->\n<title>Universidad de las Artes - Artista Lalinchi, en Lanfor Abierta con charla y presentaci\u00f3n de plataforma web inclusiva, regleta y manual Braille<\/title>\n<meta name=\"description\" content=\"Universidad de las Artes - Artista Lalinchi, en Lanfor Abierta con charla y presentaci\u00f3n de plataforma web inclusiva, regleta y manual Braille\" \/>\n<meta name=\"robots\" content=\"index, follow, max-snippet:-1, max-image-preview:large, max-video-preview:-1\" \/>\n<link rel=\"canonical\" href=\"https:\/\/www.uartes.edu.ec\/sitio\/blog\/2024\/04\/22\/lalinchi-en-lanfor-abierta-con-charla-y-presentacion-de-plataforma-web-inclusiva-regleta-y-manual-braille\/\" \/>\n<meta property=\"og:locale\" content=\"es_ES\" \/>\n<meta property=\"og:type\" content=\"article\" \/>\n<meta property=\"og:title\" content=\"Universidad de las Artes - Artista Lalinchi, en Lanfor Abierta con charla y presentaci\u00f3n de plataforma web inclusiva, regleta y manual Braille\" \/>\n<meta property=\"og:description\" content=\"Universidad de las Artes - Artista Lalinchi, en Lanfor Abierta con charla y presentaci\u00f3n de plataforma web inclusiva, regleta y manual Braille\" \/>\n<meta property=\"og:url\" content=\"https:\/\/www.uartes.edu.ec\/sitio\/blog\/2024\/04\/22\/lalinchi-en-lanfor-abierta-con-charla-y-presentacion-de-plataforma-web-inclusiva-regleta-y-manual-braille\/\" \/>\n<meta property=\"og:site_name\" content=\"Universidad de las Artes\" \/>\n<meta property=\"article:publisher\" content=\"https:\/\/www.facebook.com\/uartesec\" \/>\n<meta property=\"article:published_time\" content=\"2024-04-22T23:08:43+00:00\" \/>\n<meta property=\"article:modified_time\" content=\"2024-07-04T16:19:08+00:00\" \/>\n<meta property=\"og:image\" content=\"https:\/\/www.uartes.edu.ec\/sitio\/wp-content\/uploads\/2024\/04\/LALINCHI-WEB.jpg\" \/>\n\t<meta property=\"og:image:width\" content=\"2000\" \/>\n\t<meta property=\"og:image:height\" content=\"1333\" \/>\n\t<meta property=\"og:image:type\" content=\"image\/jpeg\" \/>\n<meta name=\"author\" content=\"ccortez\" \/>\n<meta name=\"twitter:card\" content=\"summary_large_image\" \/>\n<meta name=\"twitter:creator\" content=\"@uartesec\" \/>\n<meta name=\"twitter:site\" content=\"@uartesec\" \/>\n<meta name=\"twitter:label1\" content=\"Escrito por\" \/>\n\t<meta name=\"twitter:data1\" content=\"ccortez\" \/>\n\t<meta name=\"twitter:label2\" content=\"Tiempo de lectura\" \/>\n\t<meta name=\"twitter:data2\" content=\"5 minutos\" \/>\n<script type=\"application\/ld+json\" class=\"yoast-schema-graph\">{\"@context\":\"https:\\\/\\\/schema.org\",\"@graph\":[{\"@type\":\"Article\",\"@id\":\"https:\\\/\\\/www.uartes.edu.ec\\\/sitio\\\/blog\\\/2024\\\/04\\\/22\\\/lalinchi-en-lanfor-abierta-con-charla-y-presentacion-de-plataforma-web-inclusiva-regleta-y-manual-braille\\\/#article\",\"isPartOf\":{\"@id\":\"https:\\\/\\\/www.uartes.edu.ec\\\/sitio\\\/blog\\\/2024\\\/04\\\/22\\\/lalinchi-en-lanfor-abierta-con-charla-y-presentacion-de-plataforma-web-inclusiva-regleta-y-manual-braille\\\/\"},\"author\":{\"name\":\"ccortez\",\"@id\":\"https:\\\/\\\/www.uartes.edu.ec\\\/sitio\\\/#\\\/schema\\\/person\\\/efa1b8275797664fd7f13a79ccc0b1f4\"},\"headline\":\"Artista Lalinchi, en Lanfor Abierta con charla y presentaci\u00f3n de plataforma web inclusiva, regleta y manual Braille\",\"datePublished\":\"2024-04-22T23:08:43+00:00\",\"dateModified\":\"2024-07-04T16:19:08+00:00\",\"mainEntityOfPage\":{\"@id\":\"https:\\\/\\\/www.uartes.edu.ec\\\/sitio\\\/blog\\\/2024\\\/04\\\/22\\\/lalinchi-en-lanfor-abierta-con-charla-y-presentacion-de-plataforma-web-inclusiva-regleta-y-manual-braille\\\/\"},\"wordCount\":1009,\"commentCount\":0,\"publisher\":{\"@id\":\"https:\\\/\\\/www.uartes.edu.ec\\\/sitio\\\/#organization\"},\"image\":{\"@id\":\"https:\\\/\\\/www.uartes.edu.ec\\\/sitio\\\/blog\\\/2024\\\/04\\\/22\\\/lalinchi-en-lanfor-abierta-con-charla-y-presentacion-de-plataforma-web-inclusiva-regleta-y-manual-braille\\\/#primaryimage\"},\"thumbnailUrl\":\"https:\\\/\\\/www.uartes.edu.ec\\\/sitio\\\/wp-content\\\/uploads\\\/2024\\\/04\\\/LALINCHI-WEB.jpg\",\"keywords\":[\"biblioteca de las artes\"],\"articleSection\":[\"Acad\u00e9mico\",\"Artes\",\"Gesti\u00f3n\",\"Investigaci\u00f3n\",\"Sedes\"],\"inLanguage\":\"es\",\"potentialAction\":[{\"@type\":\"CommentAction\",\"name\":\"Comment\",\"target\":[\"https:\\\/\\\/www.uartes.edu.ec\\\/sitio\\\/blog\\\/2024\\\/04\\\/22\\\/lalinchi-en-lanfor-abierta-con-charla-y-presentacion-de-plataforma-web-inclusiva-regleta-y-manual-braille\\\/#respond\"]}]},{\"@type\":[\"WebPage\",\"ItemPage\"],\"@id\":\"https:\\\/\\\/www.uartes.edu.ec\\\/sitio\\\/blog\\\/2024\\\/04\\\/22\\\/lalinchi-en-lanfor-abierta-con-charla-y-presentacion-de-plataforma-web-inclusiva-regleta-y-manual-braille\\\/\",\"url\":\"https:\\\/\\\/www.uartes.edu.ec\\\/sitio\\\/blog\\\/2024\\\/04\\\/22\\\/lalinchi-en-lanfor-abierta-con-charla-y-presentacion-de-plataforma-web-inclusiva-regleta-y-manual-braille\\\/\",\"name\":\"Universidad de las Artes - Artista Lalinchi, en Lanfor Abierta con charla y presentaci\u00f3n de plataforma web inclusiva, regleta y manual Braille\",\"isPartOf\":{\"@id\":\"https:\\\/\\\/www.uartes.edu.ec\\\/sitio\\\/#website\"},\"primaryImageOfPage\":{\"@id\":\"https:\\\/\\\/www.uartes.edu.ec\\\/sitio\\\/blog\\\/2024\\\/04\\\/22\\\/lalinchi-en-lanfor-abierta-con-charla-y-presentacion-de-plataforma-web-inclusiva-regleta-y-manual-braille\\\/#primaryimage\"},\"image\":{\"@id\":\"https:\\\/\\\/www.uartes.edu.ec\\\/sitio\\\/blog\\\/2024\\\/04\\\/22\\\/lalinchi-en-lanfor-abierta-con-charla-y-presentacion-de-plataforma-web-inclusiva-regleta-y-manual-braille\\\/#primaryimage\"},\"thumbnailUrl\":\"https:\\\/\\\/www.uartes.edu.ec\\\/sitio\\\/wp-content\\\/uploads\\\/2024\\\/04\\\/LALINCHI-WEB.jpg\",\"datePublished\":\"2024-04-22T23:08:43+00:00\",\"dateModified\":\"2024-07-04T16:19:08+00:00\",\"description\":\"Universidad de las Artes - Artista Lalinchi, en Lanfor Abierta con charla y presentaci\u00f3n de plataforma web inclusiva, regleta y manual Braille\",\"breadcrumb\":{\"@id\":\"https:\\\/\\\/www.uartes.edu.ec\\\/sitio\\\/blog\\\/2024\\\/04\\\/22\\\/lalinchi-en-lanfor-abierta-con-charla-y-presentacion-de-plataforma-web-inclusiva-regleta-y-manual-braille\\\/#breadcrumb\"},\"inLanguage\":\"es\",\"potentialAction\":[{\"@type\":\"ReadAction\",\"target\":[\"https:\\\/\\\/www.uartes.edu.ec\\\/sitio\\\/blog\\\/2024\\\/04\\\/22\\\/lalinchi-en-lanfor-abierta-con-charla-y-presentacion-de-plataforma-web-inclusiva-regleta-y-manual-braille\\\/\"]}]},{\"@type\":\"ImageObject\",\"inLanguage\":\"es\",\"@id\":\"https:\\\/\\\/www.uartes.edu.ec\\\/sitio\\\/blog\\\/2024\\\/04\\\/22\\\/lalinchi-en-lanfor-abierta-con-charla-y-presentacion-de-plataforma-web-inclusiva-regleta-y-manual-braille\\\/#primaryimage\",\"url\":\"https:\\\/\\\/www.uartes.edu.ec\\\/sitio\\\/wp-content\\\/uploads\\\/2024\\\/04\\\/LALINCHI-WEB.jpg\",\"contentUrl\":\"https:\\\/\\\/www.uartes.edu.ec\\\/sitio\\\/wp-content\\\/uploads\\\/2024\\\/04\\\/LALINCHI-WEB.jpg\",\"width\":2000,\"height\":1333},{\"@type\":\"BreadcrumbList\",\"@id\":\"https:\\\/\\\/www.uartes.edu.ec\\\/sitio\\\/blog\\\/2024\\\/04\\\/22\\\/lalinchi-en-lanfor-abierta-con-charla-y-presentacion-de-plataforma-web-inclusiva-regleta-y-manual-braille\\\/#breadcrumb\",\"itemListElement\":[{\"@type\":\"ListItem\",\"position\":1,\"name\":\"Inicio\",\"item\":\"https:\\\/\\\/www.uartes.edu.ec\\\/sitio\\\/\"},{\"@type\":\"ListItem\",\"position\":2,\"name\":\"Artista Lalinchi, en Lanfor Abierta con charla y presentaci\u00f3n de plataforma web inclusiva, regleta y manual Braille\"}]},{\"@type\":\"WebSite\",\"@id\":\"https:\\\/\\\/www.uartes.edu.ec\\\/sitio\\\/#website\",\"url\":\"https:\\\/\\\/www.uartes.edu.ec\\\/sitio\\\/\",\"name\":\"Universidad de las Artes\",\"description\":\"Sitio oficial de la Universidad Nacional de las Artes del Ecuador\",\"publisher\":{\"@id\":\"https:\\\/\\\/www.uartes.edu.ec\\\/sitio\\\/#organization\"},\"potentialAction\":[{\"@type\":\"SearchAction\",\"target\":{\"@type\":\"EntryPoint\",\"urlTemplate\":\"https:\\\/\\\/www.uartes.edu.ec\\\/sitio\\\/?s={search_term_string}\"},\"query-input\":{\"@type\":\"PropertyValueSpecification\",\"valueRequired\":true,\"valueName\":\"search_term_string\"}}],\"inLanguage\":\"es\"},{\"@type\":\"Organization\",\"@id\":\"https:\\\/\\\/www.uartes.edu.ec\\\/sitio\\\/#organization\",\"name\":\"Universidad de las Artes\",\"url\":\"https:\\\/\\\/www.uartes.edu.ec\\\/sitio\\\/\",\"logo\":{\"@type\":\"ImageObject\",\"inLanguage\":\"es\",\"@id\":\"https:\\\/\\\/www.uartes.edu.ec\\\/sitio\\\/#\\\/schema\\\/logo\\\/image\\\/\",\"url\":\"https:\\\/\\\/www.uartes.edu.ec\\\/sitio\\\/wp-content\\\/uploads\\\/2022\\\/07\\\/logo-ua-horizontal.png\",\"contentUrl\":\"https:\\\/\\\/www.uartes.edu.ec\\\/sitio\\\/wp-content\\\/uploads\\\/2022\\\/07\\\/logo-ua-horizontal.png\",\"width\":800,\"height\":276,\"caption\":\"Universidad de las Artes\"},\"image\":{\"@id\":\"https:\\\/\\\/www.uartes.edu.ec\\\/sitio\\\/#\\\/schema\\\/logo\\\/image\\\/\"},\"sameAs\":[\"https:\\\/\\\/www.facebook.com\\\/uartesec\",\"https:\\\/\\\/x.com\\\/uartesec\",\"https:\\\/\\\/www.tiktok.com\\\/@uartesec\"]},{\"@type\":\"Person\",\"@id\":\"https:\\\/\\\/www.uartes.edu.ec\\\/sitio\\\/#\\\/schema\\\/person\\\/efa1b8275797664fd7f13a79ccc0b1f4\",\"name\":\"ccortez\",\"image\":{\"@type\":\"ImageObject\",\"inLanguage\":\"es\",\"@id\":\"https:\\\/\\\/secure.gravatar.com\\\/avatar\\\/b2a6f664a3ae8e074346ef91775736c5ec479e637ecced6842de9dc98b5da9cd?s=96&d=mm&r=g\",\"url\":\"https:\\\/\\\/secure.gravatar.com\\\/avatar\\\/b2a6f664a3ae8e074346ef91775736c5ec479e637ecced6842de9dc98b5da9cd?s=96&d=mm&r=g\",\"contentUrl\":\"https:\\\/\\\/secure.gravatar.com\\\/avatar\\\/b2a6f664a3ae8e074346ef91775736c5ec479e637ecced6842de9dc98b5da9cd?s=96&d=mm&r=g\",\"caption\":\"ccortez\"},\"url\":\"https:\\\/\\\/www.uartes.edu.ec\\\/sitio\\\/blog\\\/author\\\/ccortez\\\/\"}]}<\/script>\n<!-- \/ Yoast SEO plugin. -->","yoast_head_json":{"title":"Universidad de las Artes - Artista Lalinchi, en Lanfor Abierta con charla y presentaci\u00f3n de plataforma web inclusiva, regleta y manual Braille","description":"Universidad de las Artes - Artista Lalinchi, en Lanfor Abierta con charla y presentaci\u00f3n de plataforma web inclusiva, regleta y manual Braille","robots":{"index":"index","follow":"follow","max-snippet":"max-snippet:-1","max-image-preview":"max-image-preview:large","max-video-preview":"max-video-preview:-1"},"canonical":"https:\/\/www.uartes.edu.ec\/sitio\/blog\/2024\/04\/22\/lalinchi-en-lanfor-abierta-con-charla-y-presentacion-de-plataforma-web-inclusiva-regleta-y-manual-braille\/","og_locale":"es_ES","og_type":"article","og_title":"Universidad de las Artes - Artista Lalinchi, en Lanfor Abierta con charla y presentaci\u00f3n de plataforma web inclusiva, regleta y manual Braille","og_description":"Universidad de las Artes - Artista Lalinchi, en Lanfor Abierta con charla y presentaci\u00f3n de plataforma web inclusiva, regleta y manual Braille","og_url":"https:\/\/www.uartes.edu.ec\/sitio\/blog\/2024\/04\/22\/lalinchi-en-lanfor-abierta-con-charla-y-presentacion-de-plataforma-web-inclusiva-regleta-y-manual-braille\/","og_site_name":"Universidad de las Artes","article_publisher":"https:\/\/www.facebook.com\/uartesec","article_published_time":"2024-04-22T23:08:43+00:00","article_modified_time":"2024-07-04T16:19:08+00:00","og_image":[{"width":2000,"height":1333,"url":"https:\/\/www.uartes.edu.ec\/sitio\/wp-content\/uploads\/2024\/04\/LALINCHI-WEB.jpg","type":"image\/jpeg"}],"author":"ccortez","twitter_card":"summary_large_image","twitter_creator":"@uartesec","twitter_site":"@uartesec","twitter_misc":{"Escrito por":"ccortez","Tiempo de lectura":"5 minutos"},"schema":{"@context":"https:\/\/schema.org","@graph":[{"@type":"Article","@id":"https:\/\/www.uartes.edu.ec\/sitio\/blog\/2024\/04\/22\/lalinchi-en-lanfor-abierta-con-charla-y-presentacion-de-plataforma-web-inclusiva-regleta-y-manual-braille\/#article","isPartOf":{"@id":"https:\/\/www.uartes.edu.ec\/sitio\/blog\/2024\/04\/22\/lalinchi-en-lanfor-abierta-con-charla-y-presentacion-de-plataforma-web-inclusiva-regleta-y-manual-braille\/"},"author":{"name":"ccortez","@id":"https:\/\/www.uartes.edu.ec\/sitio\/#\/schema\/person\/efa1b8275797664fd7f13a79ccc0b1f4"},"headline":"Artista Lalinchi, en Lanfor Abierta con charla y presentaci\u00f3n de plataforma web inclusiva, regleta y manual Braille","datePublished":"2024-04-22T23:08:43+00:00","dateModified":"2024-07-04T16:19:08+00:00","mainEntityOfPage":{"@id":"https:\/\/www.uartes.edu.ec\/sitio\/blog\/2024\/04\/22\/lalinchi-en-lanfor-abierta-con-charla-y-presentacion-de-plataforma-web-inclusiva-regleta-y-manual-braille\/"},"wordCount":1009,"commentCount":0,"publisher":{"@id":"https:\/\/www.uartes.edu.ec\/sitio\/#organization"},"image":{"@id":"https:\/\/www.uartes.edu.ec\/sitio\/blog\/2024\/04\/22\/lalinchi-en-lanfor-abierta-con-charla-y-presentacion-de-plataforma-web-inclusiva-regleta-y-manual-braille\/#primaryimage"},"thumbnailUrl":"https:\/\/www.uartes.edu.ec\/sitio\/wp-content\/uploads\/2024\/04\/LALINCHI-WEB.jpg","keywords":["biblioteca de las artes"],"articleSection":["Acad\u00e9mico","Artes","Gesti\u00f3n","Investigaci\u00f3n","Sedes"],"inLanguage":"es","potentialAction":[{"@type":"CommentAction","name":"Comment","target":["https:\/\/www.uartes.edu.ec\/sitio\/blog\/2024\/04\/22\/lalinchi-en-lanfor-abierta-con-charla-y-presentacion-de-plataforma-web-inclusiva-regleta-y-manual-braille\/#respond"]}]},{"@type":["WebPage","ItemPage"],"@id":"https:\/\/www.uartes.edu.ec\/sitio\/blog\/2024\/04\/22\/lalinchi-en-lanfor-abierta-con-charla-y-presentacion-de-plataforma-web-inclusiva-regleta-y-manual-braille\/","url":"https:\/\/www.uartes.edu.ec\/sitio\/blog\/2024\/04\/22\/lalinchi-en-lanfor-abierta-con-charla-y-presentacion-de-plataforma-web-inclusiva-regleta-y-manual-braille\/","name":"Universidad de las Artes - Artista Lalinchi, en Lanfor Abierta con charla y presentaci\u00f3n de plataforma web inclusiva, regleta y manual Braille","isPartOf":{"@id":"https:\/\/www.uartes.edu.ec\/sitio\/#website"},"primaryImageOfPage":{"@id":"https:\/\/www.uartes.edu.ec\/sitio\/blog\/2024\/04\/22\/lalinchi-en-lanfor-abierta-con-charla-y-presentacion-de-plataforma-web-inclusiva-regleta-y-manual-braille\/#primaryimage"},"image":{"@id":"https:\/\/www.uartes.edu.ec\/sitio\/blog\/2024\/04\/22\/lalinchi-en-lanfor-abierta-con-charla-y-presentacion-de-plataforma-web-inclusiva-regleta-y-manual-braille\/#primaryimage"},"thumbnailUrl":"https:\/\/www.uartes.edu.ec\/sitio\/wp-content\/uploads\/2024\/04\/LALINCHI-WEB.jpg","datePublished":"2024-04-22T23:08:43+00:00","dateModified":"2024-07-04T16:19:08+00:00","description":"Universidad de las Artes - Artista Lalinchi, en Lanfor Abierta con charla y presentaci\u00f3n de plataforma web inclusiva, regleta y manual Braille","breadcrumb":{"@id":"https:\/\/www.uartes.edu.ec\/sitio\/blog\/2024\/04\/22\/lalinchi-en-lanfor-abierta-con-charla-y-presentacion-de-plataforma-web-inclusiva-regleta-y-manual-braille\/#breadcrumb"},"inLanguage":"es","potentialAction":[{"@type":"ReadAction","target":["https:\/\/www.uartes.edu.ec\/sitio\/blog\/2024\/04\/22\/lalinchi-en-lanfor-abierta-con-charla-y-presentacion-de-plataforma-web-inclusiva-regleta-y-manual-braille\/"]}]},{"@type":"ImageObject","inLanguage":"es","@id":"https:\/\/www.uartes.edu.ec\/sitio\/blog\/2024\/04\/22\/lalinchi-en-lanfor-abierta-con-charla-y-presentacion-de-plataforma-web-inclusiva-regleta-y-manual-braille\/#primaryimage","url":"https:\/\/www.uartes.edu.ec\/sitio\/wp-content\/uploads\/2024\/04\/LALINCHI-WEB.jpg","contentUrl":"https:\/\/www.uartes.edu.ec\/sitio\/wp-content\/uploads\/2024\/04\/LALINCHI-WEB.jpg","width":2000,"height":1333},{"@type":"BreadcrumbList","@id":"https:\/\/www.uartes.edu.ec\/sitio\/blog\/2024\/04\/22\/lalinchi-en-lanfor-abierta-con-charla-y-presentacion-de-plataforma-web-inclusiva-regleta-y-manual-braille\/#breadcrumb","itemListElement":[{"@type":"ListItem","position":1,"name":"Inicio","item":"https:\/\/www.uartes.edu.ec\/sitio\/"},{"@type":"ListItem","position":2,"name":"Artista Lalinchi, en Lanfor Abierta con charla y presentaci\u00f3n de plataforma web inclusiva, regleta y manual Braille"}]},{"@type":"WebSite","@id":"https:\/\/www.uartes.edu.ec\/sitio\/#website","url":"https:\/\/www.uartes.edu.ec\/sitio\/","name":"Universidad de las Artes","description":"Sitio oficial de la Universidad Nacional de las Artes del Ecuador","publisher":{"@id":"https:\/\/www.uartes.edu.ec\/sitio\/#organization"},"potentialAction":[{"@type":"SearchAction","target":{"@type":"EntryPoint","urlTemplate":"https:\/\/www.uartes.edu.ec\/sitio\/?s={search_term_string}"},"query-input":{"@type":"PropertyValueSpecification","valueRequired":true,"valueName":"search_term_string"}}],"inLanguage":"es"},{"@type":"Organization","@id":"https:\/\/www.uartes.edu.ec\/sitio\/#organization","name":"Universidad de las Artes","url":"https:\/\/www.uartes.edu.ec\/sitio\/","logo":{"@type":"ImageObject","inLanguage":"es","@id":"https:\/\/www.uartes.edu.ec\/sitio\/#\/schema\/logo\/image\/","url":"https:\/\/www.uartes.edu.ec\/sitio\/wp-content\/uploads\/2022\/07\/logo-ua-horizontal.png","contentUrl":"https:\/\/www.uartes.edu.ec\/sitio\/wp-content\/uploads\/2022\/07\/logo-ua-horizontal.png","width":800,"height":276,"caption":"Universidad de las Artes"},"image":{"@id":"https:\/\/www.uartes.edu.ec\/sitio\/#\/schema\/logo\/image\/"},"sameAs":["https:\/\/www.facebook.com\/uartesec","https:\/\/x.com\/uartesec","https:\/\/www.tiktok.com\/@uartesec"]},{"@type":"Person","@id":"https:\/\/www.uartes.edu.ec\/sitio\/#\/schema\/person\/efa1b8275797664fd7f13a79ccc0b1f4","name":"ccortez","image":{"@type":"ImageObject","inLanguage":"es","@id":"https:\/\/secure.gravatar.com\/avatar\/b2a6f664a3ae8e074346ef91775736c5ec479e637ecced6842de9dc98b5da9cd?s=96&d=mm&r=g","url":"https:\/\/secure.gravatar.com\/avatar\/b2a6f664a3ae8e074346ef91775736c5ec479e637ecced6842de9dc98b5da9cd?s=96&d=mm&r=g","contentUrl":"https:\/\/secure.gravatar.com\/avatar\/b2a6f664a3ae8e074346ef91775736c5ec479e637ecced6842de9dc98b5da9cd?s=96&d=mm&r=g","caption":"ccortez"},"url":"https:\/\/www.uartes.edu.ec\/sitio\/blog\/author\/ccortez\/"}]}},"uagb_featured_image_src":{"full":["https:\/\/www.uartes.edu.ec\/sitio\/wp-content\/uploads\/2024\/04\/LALINCHI-WEB.jpg",2000,1333,false],"thumbnail":["https:\/\/www.uartes.edu.ec\/sitio\/wp-content\/uploads\/2024\/04\/LALINCHI-WEB-150x150.jpg",150,150,true],"medium":["https:\/\/www.uartes.edu.ec\/sitio\/wp-content\/uploads\/2024\/04\/LALINCHI-WEB-300x200.jpg",300,200,true],"medium_large":["https:\/\/www.uartes.edu.ec\/sitio\/wp-content\/uploads\/2024\/04\/LALINCHI-WEB-768x512.jpg",768,512,true],"large":["https:\/\/www.uartes.edu.ec\/sitio\/wp-content\/uploads\/2024\/04\/LALINCHI-WEB-644x429.jpg",644,429,true],"1536x1536":["https:\/\/www.uartes.edu.ec\/sitio\/wp-content\/uploads\/2024\/04\/LALINCHI-WEB-1536x1024.jpg",1536,1024,true],"2048x2048":["https:\/\/www.uartes.edu.ec\/sitio\/wp-content\/uploads\/2024\/04\/LALINCHI-WEB.jpg",2000,1333,false],"trp-custom-language-flag":["https:\/\/www.uartes.edu.ec\/sitio\/wp-content\/uploads\/2024\/04\/LALINCHI-WEB-18x12.jpg",18,12,true],"htmega_size_585x295":["https:\/\/www.uartes.edu.ec\/sitio\/wp-content\/uploads\/2024\/04\/LALINCHI-WEB-585x295.jpg",585,295,true],"htmega_size_1170x536":["https:\/\/www.uartes.edu.ec\/sitio\/wp-content\/uploads\/2024\/04\/LALINCHI-WEB-1170x536.jpg",1170,536,true],"htmega_size_396x360":["https:\/\/www.uartes.edu.ec\/sitio\/wp-content\/uploads\/2024\/04\/LALINCHI-WEB-396x360.jpg",396,360,true],"gb-block-post-grid-landscape":["https:\/\/www.uartes.edu.ec\/sitio\/wp-content\/uploads\/2024\/04\/LALINCHI-WEB-600x400.jpg",600,400,true],"gb-block-post-grid-square":["https:\/\/www.uartes.edu.ec\/sitio\/wp-content\/uploads\/2024\/04\/LALINCHI-WEB-600x600.jpg",600,600,true],"university-hub-thumb":["https:\/\/www.uartes.edu.ec\/sitio\/wp-content\/uploads\/2024\/04\/LALINCHI-WEB-400x267.jpg",400,267,true]},"uagb_author_info":{"display_name":"ccortez","author_link":"https:\/\/www.uartes.edu.ec\/sitio\/blog\/author\/ccortez\/"},"uagb_comment_info":0,"uagb_excerpt":"En la charla \u201cApp Braile Tecnol\u00f3gico, Accesible e Inclusivo\u201d que dar\u00e1 este martes 23 de abril en la Biblioteca de las Artes, el artista ecuatoriano Lalinchi har\u00e1 tambi\u00e9n el lanzamiento de una plataforma web inclusiva, de la regleta Braille y del \u201cManual de Lectura y Escritura Braille\u201d. Antes present\u00f3 el libro \u201cGu\u00eda T\u00e1ctil Abecedario Braille&hellip;","featured_image_src":"https:\/\/www.uartes.edu.ec\/sitio\/wp-content\/uploads\/2024\/04\/LALINCHI-WEB-600x400.jpg","featured_image_src_square":"https:\/\/www.uartes.edu.ec\/sitio\/wp-content\/uploads\/2024\/04\/LALINCHI-WEB-600x600.jpg","author_info":{"display_name":"ccortez","author_link":"https:\/\/www.uartes.edu.ec\/sitio\/blog\/author\/ccortez\/"},"publishpress_future_workflow_manual_trigger":{"enabledWorkflows":[]},"distributor_meta":false,"distributor_terms":false,"distributor_media":false,"distributor_original_site_name":"Universidad de las Artes","distributor_original_site_url":"https:\/\/www.uartes.edu.ec\/sitio","push-errors":false,"_links":{"self":[{"href":"https:\/\/www.uartes.edu.ec\/sitio\/wp-json\/wp\/v2\/posts\/52819","targetHints":{"allow":["GET"]}}],"collection":[{"href":"https:\/\/www.uartes.edu.ec\/sitio\/wp-json\/wp\/v2\/posts"}],"about":[{"href":"https:\/\/www.uartes.edu.ec\/sitio\/wp-json\/wp\/v2\/types\/post"}],"author":[{"embeddable":true,"href":"https:\/\/www.uartes.edu.ec\/sitio\/wp-json\/wp\/v2\/users\/10"}],"replies":[{"embeddable":true,"href":"https:\/\/www.uartes.edu.ec\/sitio\/wp-json\/wp\/v2\/comments?post=52819"}],"version-history":[{"count":8,"href":"https:\/\/www.uartes.edu.ec\/sitio\/wp-json\/wp\/v2\/posts\/52819\/revisions"}],"predecessor-version":[{"id":52835,"href":"https:\/\/www.uartes.edu.ec\/sitio\/wp-json\/wp\/v2\/posts\/52819\/revisions\/52835"}],"wp:featuredmedia":[{"embeddable":true,"href":"https:\/\/www.uartes.edu.ec\/sitio\/wp-json\/wp\/v2\/media\/52820"}],"wp:attachment":[{"href":"https:\/\/www.uartes.edu.ec\/sitio\/wp-json\/wp\/v2\/media?parent=52819"}],"wp:term":[{"taxonomy":"category","embeddable":true,"href":"https:\/\/www.uartes.edu.ec\/sitio\/wp-json\/wp\/v2\/categories?post=52819"},{"taxonomy":"post_tag","embeddable":true,"href":"https:\/\/www.uartes.edu.ec\/sitio\/wp-json\/wp\/v2\/tags?post=52819"},{"taxonomy":"infouartes","embeddable":true,"href":"https:\/\/www.uartes.edu.ec\/sitio\/wp-json\/wp\/v2\/infouartes?post=52819"}],"curies":[{"name":"wp","href":"https:\/\/api.w.org\/{rel}","templated":true}]}}