{"id":52862,"date":"2024-04-23T19:14:00","date_gmt":"2024-04-24T00:14:00","guid":{"rendered":"https:\/\/www.uartes.edu.ec\/sitio\/?p=52862"},"modified":"2024-07-04T11:19:07","modified_gmt":"2024-07-04T16:19:07","slug":"charlas-y-talleres-dieron-inicio-a-la-3ra-edicion-de-lanfor-abierta-este-ano-dedicada-a-la-inclusion","status":"publish","type":"post","link":"https:\/\/www.uartes.edu.ec\/sitio\/blog\/2024\/04\/23\/charlas-y-talleres-dieron-inicio-a-la-3ra-edicion-de-lanfor-abierta-este-ano-dedicada-a-la-inclusion\/","title":{"rendered":"Charlas y talleres dieron inicio a la 3ra edici\u00f3n de una Lanfor Abierta inclusiva"},"content":{"rendered":"\n<p>La charla y presentaci\u00f3n de la \u201cApp Braile Tecnol\u00f3gico, Accesible e Inclusivo\u201d creada por el artista ecuatoriano <em>Lalinchi<\/em> dio inicio este martes 23 de abril, en el D\u00eda Internacional del Libro, a la tercera edici\u00f3n de Lanfor Abierta, actividad con la cual la Biblioteca de las Artes conmemora la fecha junto a la comunidad de la Universidad de las Artes y el p\u00fablico en general.<\/p>\n\n\n\n<p>Tuvo lugar en el tercer piso del repositorio UArtes, donde tambi\u00e9n, en aula abierta, se desarrollaron dos talleres de fanzine. Por la ma\u00f1ana: \u201cIlustra con Collage\u201d, dictado Paola Salazar, quien se gradu\u00f3 en Comunicaci\u00f3n Social, pero ya postul\u00f3 para estudiar en la Escuela de Literatura; y, por la tarde: \u201cArgonautas de papel\u201d, con Dom\u00e9nica Concha.<\/p>\n\n\n\n<p>Un tercer taller ocup\u00f3 la jornada inaugural de Lanfor Abierta, que se mantendr\u00e1 hasta el viernes 26 de abril. Se trat\u00f3 de \u201cBosque, loros y manglar\u201d, a cargo de Amazona Lilacina, agrupaci\u00f3n ambientalista que ma\u00f1ana, mi\u00e9rcoles 24, desarrollar\u00e1 el taller de origami \u201cUn lorito de papel\u201d. Ambas actividades en la Sala R\u00eda.<\/p>\n\n\n<div class=\"wp-block-image\">\n<figure class=\"aligncenter size-large\"><img fetchpriority=\"high\" decoding=\"async\" width=\"644\" height=\"429\" src=\"https:\/\/www.uartes.edu.ec\/sitio\/wp-content\/uploads\/2024\/04\/03-lalinchi-644x429.jpg\" alt=\"\" class=\"wp-image-52914\" srcset=\"https:\/\/www.uartes.edu.ec\/sitio\/wp-content\/uploads\/2024\/04\/03-lalinchi-644x429.jpg 644w, https:\/\/www.uartes.edu.ec\/sitio\/wp-content\/uploads\/2024\/04\/03-lalinchi-300x200.jpg 300w, https:\/\/www.uartes.edu.ec\/sitio\/wp-content\/uploads\/2024\/04\/03-lalinchi-768x512.jpg 768w, https:\/\/www.uartes.edu.ec\/sitio\/wp-content\/uploads\/2024\/04\/03-lalinchi-1536x1024.jpg 1536w, https:\/\/www.uartes.edu.ec\/sitio\/wp-content\/uploads\/2024\/04\/03-lalinchi-18x12.jpg 18w, https:\/\/www.uartes.edu.ec\/sitio\/wp-content\/uploads\/2024\/04\/03-lalinchi-600x400.jpg 600w, https:\/\/www.uartes.edu.ec\/sitio\/wp-content\/uploads\/2024\/04\/03-lalinchi-400x267.jpg 400w, https:\/\/www.uartes.edu.ec\/sitio\/wp-content\/uploads\/2024\/04\/03-lalinchi-272x182.jpg 272w, https:\/\/www.uartes.edu.ec\/sitio\/wp-content\/uploads\/2024\/04\/03-lalinchi.jpg 2000w\" sizes=\"(max-width: 644px) 100vw, 644px\" \/><figcaption class=\"wp-element-caption\">El p\u00fablico en la presentaci\u00f3n de herramientas creadas por el artista Lalinchi (foto abajo con su esposa) para las personas con discapacidad visual. A la izquierda, los productos en menci\u00f3n, como la regleta Braille y el Manual.<\/figcaption><\/figure>\n<\/div>\n\n\n<figure class=\"wp-block-gallery has-nested-images columns-default is-cropped wp-block-gallery-1 is-layout-flex wp-block-gallery-is-layout-flex\">\n<figure class=\"wp-block-image size-large\"><img decoding=\"async\" width=\"644\" height=\"429\" data-id=\"52916\" src=\"https:\/\/www.uartes.edu.ec\/sitio\/wp-content\/uploads\/2024\/04\/01-lalinchi-644x429.jpg\" alt=\"\" class=\"wp-image-52916\" srcset=\"https:\/\/www.uartes.edu.ec\/sitio\/wp-content\/uploads\/2024\/04\/01-lalinchi-644x429.jpg 644w, https:\/\/www.uartes.edu.ec\/sitio\/wp-content\/uploads\/2024\/04\/01-lalinchi-300x200.jpg 300w, https:\/\/www.uartes.edu.ec\/sitio\/wp-content\/uploads\/2024\/04\/01-lalinchi-768x512.jpg 768w, https:\/\/www.uartes.edu.ec\/sitio\/wp-content\/uploads\/2024\/04\/01-lalinchi-1536x1024.jpg 1536w, https:\/\/www.uartes.edu.ec\/sitio\/wp-content\/uploads\/2024\/04\/01-lalinchi-18x12.jpg 18w, https:\/\/www.uartes.edu.ec\/sitio\/wp-content\/uploads\/2024\/04\/01-lalinchi-600x400.jpg 600w, https:\/\/www.uartes.edu.ec\/sitio\/wp-content\/uploads\/2024\/04\/01-lalinchi-400x267.jpg 400w, https:\/\/www.uartes.edu.ec\/sitio\/wp-content\/uploads\/2024\/04\/01-lalinchi-272x182.jpg 272w, https:\/\/www.uartes.edu.ec\/sitio\/wp-content\/uploads\/2024\/04\/01-lalinchi.jpg 2000w\" sizes=\"(max-width: 644px) 100vw, 644px\" \/><\/figure>\n\n\n\n<figure class=\"wp-block-image size-large\"><img decoding=\"async\" width=\"644\" height=\"429\" data-id=\"52915\" src=\"https:\/\/www.uartes.edu.ec\/sitio\/wp-content\/uploads\/2024\/04\/02-lalinchi-644x429.jpg\" alt=\"\" class=\"wp-image-52915\" srcset=\"https:\/\/www.uartes.edu.ec\/sitio\/wp-content\/uploads\/2024\/04\/02-lalinchi-644x429.jpg 644w, https:\/\/www.uartes.edu.ec\/sitio\/wp-content\/uploads\/2024\/04\/02-lalinchi-300x200.jpg 300w, https:\/\/www.uartes.edu.ec\/sitio\/wp-content\/uploads\/2024\/04\/02-lalinchi-768x512.jpg 768w, https:\/\/www.uartes.edu.ec\/sitio\/wp-content\/uploads\/2024\/04\/02-lalinchi-1536x1024.jpg 1536w, https:\/\/www.uartes.edu.ec\/sitio\/wp-content\/uploads\/2024\/04\/02-lalinchi-18x12.jpg 18w, https:\/\/www.uartes.edu.ec\/sitio\/wp-content\/uploads\/2024\/04\/02-lalinchi-600x400.jpg 600w, https:\/\/www.uartes.edu.ec\/sitio\/wp-content\/uploads\/2024\/04\/02-lalinchi-400x267.jpg 400w, https:\/\/www.uartes.edu.ec\/sitio\/wp-content\/uploads\/2024\/04\/02-lalinchi-272x182.jpg 272w, https:\/\/www.uartes.edu.ec\/sitio\/wp-content\/uploads\/2024\/04\/02-lalinchi.jpg 2000w\" sizes=\"(max-width: 644px) 100vw, 644px\" \/><\/figure>\n<\/figure>\n\n\n\n<p>Fue en la presentaci\u00f3n que hizo el escultopintor y escritor Eduardo Enrique Arreaga Burgos, cuyo nombre art\u00edstico es&nbsp;<em>Lalinchi<\/em>, de las tres nuevas herramientas que cre\u00f3 para las personas con discapacidad visual: una plataforma web inclusiva, el \u201cManual de Lectura y Escritura Braille\u201d y una regleta dise\u00f1ada \u2014muy a su estilo\u2014 del mismo tama\u00f1o que tiene un celular, que la directora de la Biblioteca de las Artes, Soraya Campos, dio la bienvenida a la presente edici\u00f3n de Lanfor Abierta.<\/p>\n\n\n\n<p>Como en las anteriores, Campos indic\u00f3 a InfoUArtes que hay una tem\u00e1tica impl\u00edcita. En este a\u00f1o es la inclusi\u00f3n. De all\u00ed que, junto con la charla y presentaci\u00f3n de <em>Lalinchi,<\/em> se hayan programado otras actividades con respecto a la discapacidad visual. El taller \u201cSistema lecto-escritura Braille\u201d que Gina Soledispa y Priscilla Barzola, de la Escuela&nbsp;de Educaci\u00f3n B\u00e1sica Especializada Municipal de Ciegos&nbsp;Cuatro de Enero, dictar\u00e1n el mi\u00e9rcoles 24 y jueves 25.<\/p>\n\n\n<div class=\"wp-block-image\">\n<figure class=\"aligncenter size-large\"><img loading=\"lazy\" decoding=\"async\" width=\"644\" height=\"429\" src=\"https:\/\/www.uartes.edu.ec\/sitio\/wp-content\/uploads\/2024\/04\/06-lalinchi-644x429.jpg\" alt=\"\" class=\"wp-image-52911\" srcset=\"https:\/\/www.uartes.edu.ec\/sitio\/wp-content\/uploads\/2024\/04\/06-lalinchi-644x429.jpg 644w, https:\/\/www.uartes.edu.ec\/sitio\/wp-content\/uploads\/2024\/04\/06-lalinchi-300x200.jpg 300w, https:\/\/www.uartes.edu.ec\/sitio\/wp-content\/uploads\/2024\/04\/06-lalinchi-768x512.jpg 768w, https:\/\/www.uartes.edu.ec\/sitio\/wp-content\/uploads\/2024\/04\/06-lalinchi-1536x1024.jpg 1536w, https:\/\/www.uartes.edu.ec\/sitio\/wp-content\/uploads\/2024\/04\/06-lalinchi-18x12.jpg 18w, https:\/\/www.uartes.edu.ec\/sitio\/wp-content\/uploads\/2024\/04\/06-lalinchi-600x400.jpg 600w, https:\/\/www.uartes.edu.ec\/sitio\/wp-content\/uploads\/2024\/04\/06-lalinchi-400x267.jpg 400w, https:\/\/www.uartes.edu.ec\/sitio\/wp-content\/uploads\/2024\/04\/06-lalinchi-272x182.jpg 272w, https:\/\/www.uartes.edu.ec\/sitio\/wp-content\/uploads\/2024\/04\/06-lalinchi.jpg 2000w\" sizes=\"(max-width: 644px) 100vw, 644px\" \/><\/figure>\n<\/div>\n\n\n<p>El repositorio de la Universidad de las Artes, agreg\u00f3, apunta a ser cada d\u00eda m\u00e1s una biblioteca inclusiva. Se han dado primeros pasos, como los espacios habilitados en sus pisos para personas con discapacidades, la instalaci\u00f3n en las computadoras del software NVDA (Non Visual Desktop Access) para personas con discapacidad visual y los teclados en Braille.&nbsp;Se har\u00e1 tambi\u00e9n la adquisici\u00f3n de aud\u00edfonos, micr\u00f3fonos y otros equipos inclusivos.<\/p>\n\n\n\n<p>Vale anotar que en la charla y presentaci\u00f3n de la \u201cApp Braille Tecnol\u00f3gico, Accesible e Inclusivo\u201d, su creador entreg\u00f3 tablets, cuya donaci\u00f3n gestion\u00f3 con sus auspiciantes, a 30 personas con discapacidad visual que acudieron a la cita. Este viernes 26, d\u00eda en que se realizar\u00e1 una ceremonia especial por los cinco a\u00f1os que la Biblioteca de las Artes cumpli\u00f3 este a\u00f1o, <em>Lalinchi<\/em> donar\u00e1 los libros que sobre el sistema de escritura y lectura para personas con discapacidad visual ha publicado.<\/p>\n\n\n\n<h3 class=\"wp-block-heading\">Taller de fanzine \u201cIlustra con Collage\u201d<\/h3>\n\n\n\n<figure class=\"wp-block-gallery has-nested-images columns-default is-cropped wp-block-gallery-2 is-layout-flex wp-block-gallery-is-layout-flex\">\n<figure class=\"wp-block-image size-large\"><img loading=\"lazy\" decoding=\"async\" width=\"644\" height=\"429\" data-id=\"52917\" src=\"https:\/\/www.uartes.edu.ec\/sitio\/wp-content\/uploads\/2024\/04\/ILUSTRA-CON-COLLAGE-04-644x429.jpg\" alt=\"\" class=\"wp-image-52917\" srcset=\"https:\/\/www.uartes.edu.ec\/sitio\/wp-content\/uploads\/2024\/04\/ILUSTRA-CON-COLLAGE-04-644x429.jpg 644w, https:\/\/www.uartes.edu.ec\/sitio\/wp-content\/uploads\/2024\/04\/ILUSTRA-CON-COLLAGE-04-768x511.jpg 768w, https:\/\/www.uartes.edu.ec\/sitio\/wp-content\/uploads\/2024\/04\/ILUSTRA-CON-COLLAGE-04.jpg 2000w, https:\/\/www.uartes.edu.ec\/sitio\/wp-content\/uploads\/2024\/04\/ILUSTRA-CON-COLLAGE-04-18x12.jpg 18w, https:\/\/www.uartes.edu.ec\/sitio\/wp-content\/uploads\/2024\/04\/ILUSTRA-CON-COLLAGE-04-600x399.jpg 600w, https:\/\/www.uartes.edu.ec\/sitio\/wp-content\/uploads\/2024\/04\/ILUSTRA-CON-COLLAGE-04-272x182.jpg 272w\" sizes=\"(max-width: 644px) 100vw, 644px\" \/><\/figure>\n\n\n\n<figure class=\"wp-block-image size-large\"><img loading=\"lazy\" decoding=\"async\" width=\"644\" height=\"429\" data-id=\"52920\" src=\"https:\/\/www.uartes.edu.ec\/sitio\/wp-content\/uploads\/2024\/04\/ILUSTRA-CON-COLLAGE-03-644x429.jpg\" alt=\"\" class=\"wp-image-52920\" srcset=\"https:\/\/www.uartes.edu.ec\/sitio\/wp-content\/uploads\/2024\/04\/ILUSTRA-CON-COLLAGE-03-644x429.jpg 644w, https:\/\/www.uartes.edu.ec\/sitio\/wp-content\/uploads\/2024\/04\/ILUSTRA-CON-COLLAGE-03-768x511.jpg 768w, https:\/\/www.uartes.edu.ec\/sitio\/wp-content\/uploads\/2024\/04\/ILUSTRA-CON-COLLAGE-03.jpg 2000w, https:\/\/www.uartes.edu.ec\/sitio\/wp-content\/uploads\/2024\/04\/ILUSTRA-CON-COLLAGE-03-18x12.jpg 18w, https:\/\/www.uartes.edu.ec\/sitio\/wp-content\/uploads\/2024\/04\/ILUSTRA-CON-COLLAGE-03-600x399.jpg 600w, https:\/\/www.uartes.edu.ec\/sitio\/wp-content\/uploads\/2024\/04\/ILUSTRA-CON-COLLAGE-03-272x182.jpg 272w\" sizes=\"(max-width: 644px) 100vw, 644px\" \/><\/figure>\n\n\n\n<figure class=\"wp-block-image size-large\"><img loading=\"lazy\" decoding=\"async\" width=\"644\" height=\"429\" data-id=\"52918\" src=\"https:\/\/www.uartes.edu.ec\/sitio\/wp-content\/uploads\/2024\/04\/ILUSTRA-CON-COLLAGE-02-644x429.jpg\" alt=\"\" class=\"wp-image-52918\" srcset=\"https:\/\/www.uartes.edu.ec\/sitio\/wp-content\/uploads\/2024\/04\/ILUSTRA-CON-COLLAGE-02-644x429.jpg 644w, https:\/\/www.uartes.edu.ec\/sitio\/wp-content\/uploads\/2024\/04\/ILUSTRA-CON-COLLAGE-02-768x511.jpg 768w, https:\/\/www.uartes.edu.ec\/sitio\/wp-content\/uploads\/2024\/04\/ILUSTRA-CON-COLLAGE-02.jpg 2000w, https:\/\/www.uartes.edu.ec\/sitio\/wp-content\/uploads\/2024\/04\/ILUSTRA-CON-COLLAGE-02-18x12.jpg 18w, https:\/\/www.uartes.edu.ec\/sitio\/wp-content\/uploads\/2024\/04\/ILUSTRA-CON-COLLAGE-02-600x399.jpg 600w, https:\/\/www.uartes.edu.ec\/sitio\/wp-content\/uploads\/2024\/04\/ILUSTRA-CON-COLLAGE-02-272x182.jpg 272w\" sizes=\"(max-width: 644px) 100vw, 644px\" \/><\/figure>\n\n\n\n<figure class=\"wp-block-image size-large\"><img loading=\"lazy\" decoding=\"async\" width=\"644\" height=\"429\" data-id=\"52919\" src=\"https:\/\/www.uartes.edu.ec\/sitio\/wp-content\/uploads\/2024\/04\/ILUSTRA-CON-COLLAGE-01-644x429.jpg\" alt=\"\" class=\"wp-image-52919\" srcset=\"https:\/\/www.uartes.edu.ec\/sitio\/wp-content\/uploads\/2024\/04\/ILUSTRA-CON-COLLAGE-01-644x429.jpg 644w, https:\/\/www.uartes.edu.ec\/sitio\/wp-content\/uploads\/2024\/04\/ILUSTRA-CON-COLLAGE-01-768x511.jpg 768w, https:\/\/www.uartes.edu.ec\/sitio\/wp-content\/uploads\/2024\/04\/ILUSTRA-CON-COLLAGE-01.jpg 2000w, https:\/\/www.uartes.edu.ec\/sitio\/wp-content\/uploads\/2024\/04\/ILUSTRA-CON-COLLAGE-01-18x12.jpg 18w, https:\/\/www.uartes.edu.ec\/sitio\/wp-content\/uploads\/2024\/04\/ILUSTRA-CON-COLLAGE-01-600x399.jpg 600w, https:\/\/www.uartes.edu.ec\/sitio\/wp-content\/uploads\/2024\/04\/ILUSTRA-CON-COLLAGE-01-272x182.jpg 272w\" sizes=\"(max-width: 644px) 100vw, 644px\" \/><\/figure>\n<\/figure>\n\n\n\n<p>Paola Salazar, quien en el \u00e1mbito art\u00edstico y cultural se da a conocer como <em>Miscel\u00e1nea,<\/em> expres\u00f3 que propuso la realizaci\u00f3n del taller \u201cIlustra con Collage\u201d por ser un ejercicio creativo que invita a sus participantes a conectar con alguna emoci\u00f3n \u2013o varias\u2013 y, a partir de ello, conectar de manera visual con las im\u00e1genes de las revistas. \u201cCada elemento visual tiene cierta conexi\u00f3n y, a la hora de componer (el collage), nos podemos dar cuenta de ello. Entonces eso es lo principal para m\u00ed: conectar con las im\u00e1genes y a trav\u00e9s de ellas expresarnos\u201d.<\/p>\n\n\n\n<p>Hacer collage tambi\u00e9n es un arte que invita, a su vez, al reciclaje. Ayuda a quienes lo practiquen a salir del estr\u00e9s y de la con ansiedad. En el primer d\u00eda de Lanfor Abierta, al taller de Salazar acudieron solo mujeres o no binarios, una respuesta que dijo haber podido evidenciar en otras capacitaciones que ha ofrecido y que, seguramente, pone en evidencia qui\u00e9nes tienen mayor necesidad de conectarse con las emociones y exponerlas mediante la composici\u00f3n de im\u00e1genes que toma de revistas y cat\u00e1logos. En \u201cIlustra con Collage\u201d su intenci\u00f3n fue la de brindar una gu\u00eda a sus participantes para despertar en ellos la creatividad y la imaginaci\u00f3n, que busquen dentro de s\u00ed y logren la conexi\u00f3n propuesta con las emociones.&nbsp;<\/p>\n\n\n\n<h3 class=\"wp-block-heading\">Taller de m\u00e1scaras: Bosque, loros y manglar<\/h3>\n\n\n\n<figure class=\"wp-block-gallery has-nested-images columns-default is-cropped wp-block-gallery-3 is-layout-flex wp-block-gallery-is-layout-flex\">\n<figure class=\"wp-block-image size-large\"><img loading=\"lazy\" decoding=\"async\" width=\"644\" height=\"429\" data-id=\"52922\" src=\"https:\/\/www.uartes.edu.ec\/sitio\/wp-content\/uploads\/2024\/04\/RIA-TALLER-02-644x429.jpg\" alt=\"\" class=\"wp-image-52922\" srcset=\"https:\/\/www.uartes.edu.ec\/sitio\/wp-content\/uploads\/2024\/04\/RIA-TALLER-02-644x429.jpg 644w, https:\/\/www.uartes.edu.ec\/sitio\/wp-content\/uploads\/2024\/04\/RIA-TALLER-02-768x511.jpg 768w, https:\/\/www.uartes.edu.ec\/sitio\/wp-content\/uploads\/2024\/04\/RIA-TALLER-02.jpg 2000w, https:\/\/www.uartes.edu.ec\/sitio\/wp-content\/uploads\/2024\/04\/RIA-TALLER-02-18x12.jpg 18w, https:\/\/www.uartes.edu.ec\/sitio\/wp-content\/uploads\/2024\/04\/RIA-TALLER-02-600x399.jpg 600w, https:\/\/www.uartes.edu.ec\/sitio\/wp-content\/uploads\/2024\/04\/RIA-TALLER-02-272x182.jpg 272w\" sizes=\"(max-width: 644px) 100vw, 644px\" \/><\/figure>\n\n\n\n<figure class=\"wp-block-image size-large\"><img loading=\"lazy\" decoding=\"async\" width=\"644\" height=\"429\" data-id=\"52923\" src=\"https:\/\/www.uartes.edu.ec\/sitio\/wp-content\/uploads\/2024\/04\/RIA-TALLER-01-644x429.jpg\" alt=\"\" class=\"wp-image-52923\" srcset=\"https:\/\/www.uartes.edu.ec\/sitio\/wp-content\/uploads\/2024\/04\/RIA-TALLER-01-644x429.jpg 644w, https:\/\/www.uartes.edu.ec\/sitio\/wp-content\/uploads\/2024\/04\/RIA-TALLER-01-768x511.jpg 768w, https:\/\/www.uartes.edu.ec\/sitio\/wp-content\/uploads\/2024\/04\/RIA-TALLER-01.jpg 2000w, https:\/\/www.uartes.edu.ec\/sitio\/wp-content\/uploads\/2024\/04\/RIA-TALLER-01-18x12.jpg 18w, https:\/\/www.uartes.edu.ec\/sitio\/wp-content\/uploads\/2024\/04\/RIA-TALLER-01-600x399.jpg 600w, https:\/\/www.uartes.edu.ec\/sitio\/wp-content\/uploads\/2024\/04\/RIA-TALLER-01-272x182.jpg 272w\" sizes=\"(max-width: 644px) 100vw, 644px\" \/><\/figure>\n<\/figure>\n\n\n<div class=\"wp-block-image\">\n<figure class=\"aligncenter size-large\"><img loading=\"lazy\" decoding=\"async\" width=\"644\" height=\"429\" src=\"https:\/\/www.uartes.edu.ec\/sitio\/wp-content\/uploads\/2024\/04\/RIA-TALLER-05-644x429.jpg\" alt=\"\" class=\"wp-image-52921\" srcset=\"https:\/\/www.uartes.edu.ec\/sitio\/wp-content\/uploads\/2024\/04\/RIA-TALLER-05-644x429.jpg 644w, https:\/\/www.uartes.edu.ec\/sitio\/wp-content\/uploads\/2024\/04\/RIA-TALLER-05-768x511.jpg 768w, https:\/\/www.uartes.edu.ec\/sitio\/wp-content\/uploads\/2024\/04\/RIA-TALLER-05.jpg 2000w, https:\/\/www.uartes.edu.ec\/sitio\/wp-content\/uploads\/2024\/04\/RIA-TALLER-05-18x12.jpg 18w, https:\/\/www.uartes.edu.ec\/sitio\/wp-content\/uploads\/2024\/04\/RIA-TALLER-05-600x399.jpg 600w, https:\/\/www.uartes.edu.ec\/sitio\/wp-content\/uploads\/2024\/04\/RIA-TALLER-05-272x182.jpg 272w\" sizes=\"(max-width: 644px) 100vw, 644px\" \/><\/figure>\n<\/div>\n\n\n<p>Fotos: Steven Mej\u00eda, estudiante de la UNIR en Pr\u00e1cticas Pre-Profesionales en la UArtes.<\/p>\n","protected":false},"excerpt":{"rendered":"<p>La inclusi\u00f3n es la tem\u00e1tica de la edici\u00f3n de este a\u00f1o de Lanfor Abierta, actividad que la Biblioteca de las Artes organiza por el D\u00eda Internacional del Libro y que arranc\u00f3 este martes 23 de abril con la charla y presentaci\u00f3n de la \u201cApp Braile Tecnol\u00f3gico, Accesible e Inclusivo\u201d creada por el artista ecuatoriano Lalinchi, dos talleres de fanzines y un tercero dedicado al medioambiente. Tambi\u00e9n se realiz\u00f3 la Feria de Pr\u00e1cticas PreProfesionales.<\/p>\n","protected":false},"author":10,"featured_media":52912,"comment_status":"open","ping_status":"open","sticky":false,"template":"","format":"standard","meta":{"_acf_changed":false,"_uag_custom_page_level_css":"","_monsterinsights_skip_tracking":false,"_monsterinsights_sitenote_active":false,"_monsterinsights_sitenote_note":"","_monsterinsights_sitenote_category":0,"cybocfi_hide_featured_image":"","footnotes":""},"categories":[80,438,490,75,76,77,83],"tags":[780],"infouartes":[],"class_list":["post-52862","post","type-post","status-publish","format-standard","has-post-thumbnail","hentry","category-academico","category-administrativos","category-alumni","category-docentes","category-estudiantes","category-gestion","category-sedes","tag-biblioteca-de-las-artes"],"acf":[],"yoast_head":"<!-- This site is optimized with the Yoast SEO plugin v27.4 - https:\/\/yoast.com\/product\/yoast-seo-wordpress\/ -->\n<title>Universidad de las Artes - Charlas y talleres dieron inicio a la 3ra edici\u00f3n de una Lanfor Abierta inclusiva<\/title>\n<meta name=\"description\" content=\"Universidad de las Artes - Charlas y talleres dieron inicio a la 3ra edici\u00f3n de una Lanfor Abierta inclusiva\" \/>\n<meta name=\"robots\" content=\"index, follow, max-snippet:-1, max-image-preview:large, max-video-preview:-1\" \/>\n<link rel=\"canonical\" href=\"https:\/\/www.uartes.edu.ec\/sitio\/blog\/2024\/04\/23\/charlas-y-talleres-dieron-inicio-a-la-3ra-edicion-de-lanfor-abierta-este-ano-dedicada-a-la-inclusion\/\" \/>\n<meta property=\"og:locale\" content=\"es_ES\" \/>\n<meta property=\"og:type\" content=\"article\" \/>\n<meta property=\"og:title\" content=\"Universidad de las Artes - Charlas y talleres dieron inicio a la 3ra edici\u00f3n de una Lanfor Abierta inclusiva\" \/>\n<meta property=\"og:description\" content=\"Universidad de las Artes - Charlas y talleres dieron inicio a la 3ra edici\u00f3n de una Lanfor Abierta inclusiva\" \/>\n<meta property=\"og:url\" content=\"https:\/\/www.uartes.edu.ec\/sitio\/blog\/2024\/04\/23\/charlas-y-talleres-dieron-inicio-a-la-3ra-edicion-de-lanfor-abierta-este-ano-dedicada-a-la-inclusion\/\" \/>\n<meta property=\"og:site_name\" content=\"Universidad de las Artes\" \/>\n<meta property=\"article:publisher\" content=\"https:\/\/www.facebook.com\/uartesec\" \/>\n<meta property=\"article:published_time\" content=\"2024-04-24T00:14:00+00:00\" \/>\n<meta property=\"article:modified_time\" content=\"2024-07-04T16:19:07+00:00\" \/>\n<meta property=\"og:image\" content=\"https:\/\/www.uartes.edu.ec\/sitio\/wp-content\/uploads\/2024\/04\/05-lalinchi.jpg\" \/>\n\t<meta property=\"og:image:width\" content=\"2000\" \/>\n\t<meta property=\"og:image:height\" content=\"1333\" \/>\n\t<meta property=\"og:image:type\" content=\"image\/jpeg\" \/>\n<meta name=\"author\" content=\"ccortez\" \/>\n<meta name=\"twitter:card\" content=\"summary_large_image\" \/>\n<meta name=\"twitter:creator\" content=\"@uartesec\" \/>\n<meta name=\"twitter:site\" content=\"@uartesec\" \/>\n<meta name=\"twitter:label1\" content=\"Escrito por\" \/>\n\t<meta name=\"twitter:data1\" content=\"ccortez\" \/>\n\t<meta name=\"twitter:label2\" content=\"Tiempo de lectura\" \/>\n\t<meta name=\"twitter:data2\" content=\"6 minutos\" \/>\n<script type=\"application\/ld+json\" class=\"yoast-schema-graph\">{\"@context\":\"https:\\\/\\\/schema.org\",\"@graph\":[{\"@type\":\"Article\",\"@id\":\"https:\\\/\\\/www.uartes.edu.ec\\\/sitio\\\/blog\\\/2024\\\/04\\\/23\\\/charlas-y-talleres-dieron-inicio-a-la-3ra-edicion-de-lanfor-abierta-este-ano-dedicada-a-la-inclusion\\\/#article\",\"isPartOf\":{\"@id\":\"https:\\\/\\\/www.uartes.edu.ec\\\/sitio\\\/blog\\\/2024\\\/04\\\/23\\\/charlas-y-talleres-dieron-inicio-a-la-3ra-edicion-de-lanfor-abierta-este-ano-dedicada-a-la-inclusion\\\/\"},\"author\":{\"name\":\"ccortez\",\"@id\":\"https:\\\/\\\/www.uartes.edu.ec\\\/sitio\\\/#\\\/schema\\\/person\\\/efa1b8275797664fd7f13a79ccc0b1f4\"},\"headline\":\"Charlas y talleres dieron inicio a la 3ra edici\u00f3n de una Lanfor Abierta inclusiva\",\"datePublished\":\"2024-04-24T00:14:00+00:00\",\"dateModified\":\"2024-07-04T16:19:07+00:00\",\"mainEntityOfPage\":{\"@id\":\"https:\\\/\\\/www.uartes.edu.ec\\\/sitio\\\/blog\\\/2024\\\/04\\\/23\\\/charlas-y-talleres-dieron-inicio-a-la-3ra-edicion-de-lanfor-abierta-este-ano-dedicada-a-la-inclusion\\\/\"},\"wordCount\":828,\"commentCount\":0,\"publisher\":{\"@id\":\"https:\\\/\\\/www.uartes.edu.ec\\\/sitio\\\/#organization\"},\"image\":{\"@id\":\"https:\\\/\\\/www.uartes.edu.ec\\\/sitio\\\/blog\\\/2024\\\/04\\\/23\\\/charlas-y-talleres-dieron-inicio-a-la-3ra-edicion-de-lanfor-abierta-este-ano-dedicada-a-la-inclusion\\\/#primaryimage\"},\"thumbnailUrl\":\"https:\\\/\\\/www.uartes.edu.ec\\\/sitio\\\/wp-content\\\/uploads\\\/2024\\\/04\\\/05-lalinchi.jpg\",\"keywords\":[\"biblioteca de las artes\"],\"articleSection\":[\"Acad\u00e9mico\",\"Administrativos\",\"Alumni\",\"Docentes\",\"Estudiantes\",\"Gesti\u00f3n\",\"Sedes\"],\"inLanguage\":\"es\",\"potentialAction\":[{\"@type\":\"CommentAction\",\"name\":\"Comment\",\"target\":[\"https:\\\/\\\/www.uartes.edu.ec\\\/sitio\\\/blog\\\/2024\\\/04\\\/23\\\/charlas-y-talleres-dieron-inicio-a-la-3ra-edicion-de-lanfor-abierta-este-ano-dedicada-a-la-inclusion\\\/#respond\"]}]},{\"@type\":[\"WebPage\",\"ItemPage\"],\"@id\":\"https:\\\/\\\/www.uartes.edu.ec\\\/sitio\\\/blog\\\/2024\\\/04\\\/23\\\/charlas-y-talleres-dieron-inicio-a-la-3ra-edicion-de-lanfor-abierta-este-ano-dedicada-a-la-inclusion\\\/\",\"url\":\"https:\\\/\\\/www.uartes.edu.ec\\\/sitio\\\/blog\\\/2024\\\/04\\\/23\\\/charlas-y-talleres-dieron-inicio-a-la-3ra-edicion-de-lanfor-abierta-este-ano-dedicada-a-la-inclusion\\\/\",\"name\":\"Universidad de las Artes - Charlas y talleres dieron inicio a la 3ra edici\u00f3n de una Lanfor Abierta inclusiva\",\"isPartOf\":{\"@id\":\"https:\\\/\\\/www.uartes.edu.ec\\\/sitio\\\/#website\"},\"primaryImageOfPage\":{\"@id\":\"https:\\\/\\\/www.uartes.edu.ec\\\/sitio\\\/blog\\\/2024\\\/04\\\/23\\\/charlas-y-talleres-dieron-inicio-a-la-3ra-edicion-de-lanfor-abierta-este-ano-dedicada-a-la-inclusion\\\/#primaryimage\"},\"image\":{\"@id\":\"https:\\\/\\\/www.uartes.edu.ec\\\/sitio\\\/blog\\\/2024\\\/04\\\/23\\\/charlas-y-talleres-dieron-inicio-a-la-3ra-edicion-de-lanfor-abierta-este-ano-dedicada-a-la-inclusion\\\/#primaryimage\"},\"thumbnailUrl\":\"https:\\\/\\\/www.uartes.edu.ec\\\/sitio\\\/wp-content\\\/uploads\\\/2024\\\/04\\\/05-lalinchi.jpg\",\"datePublished\":\"2024-04-24T00:14:00+00:00\",\"dateModified\":\"2024-07-04T16:19:07+00:00\",\"description\":\"Universidad de las Artes - Charlas y talleres dieron inicio a la 3ra edici\u00f3n de una Lanfor Abierta inclusiva\",\"breadcrumb\":{\"@id\":\"https:\\\/\\\/www.uartes.edu.ec\\\/sitio\\\/blog\\\/2024\\\/04\\\/23\\\/charlas-y-talleres-dieron-inicio-a-la-3ra-edicion-de-lanfor-abierta-este-ano-dedicada-a-la-inclusion\\\/#breadcrumb\"},\"inLanguage\":\"es\",\"potentialAction\":[{\"@type\":\"ReadAction\",\"target\":[\"https:\\\/\\\/www.uartes.edu.ec\\\/sitio\\\/blog\\\/2024\\\/04\\\/23\\\/charlas-y-talleres-dieron-inicio-a-la-3ra-edicion-de-lanfor-abierta-este-ano-dedicada-a-la-inclusion\\\/\"]}]},{\"@type\":\"ImageObject\",\"inLanguage\":\"es\",\"@id\":\"https:\\\/\\\/www.uartes.edu.ec\\\/sitio\\\/blog\\\/2024\\\/04\\\/23\\\/charlas-y-talleres-dieron-inicio-a-la-3ra-edicion-de-lanfor-abierta-este-ano-dedicada-a-la-inclusion\\\/#primaryimage\",\"url\":\"https:\\\/\\\/www.uartes.edu.ec\\\/sitio\\\/wp-content\\\/uploads\\\/2024\\\/04\\\/05-lalinchi.jpg\",\"contentUrl\":\"https:\\\/\\\/www.uartes.edu.ec\\\/sitio\\\/wp-content\\\/uploads\\\/2024\\\/04\\\/05-lalinchi.jpg\",\"width\":2000,\"height\":1333},{\"@type\":\"BreadcrumbList\",\"@id\":\"https:\\\/\\\/www.uartes.edu.ec\\\/sitio\\\/blog\\\/2024\\\/04\\\/23\\\/charlas-y-talleres-dieron-inicio-a-la-3ra-edicion-de-lanfor-abierta-este-ano-dedicada-a-la-inclusion\\\/#breadcrumb\",\"itemListElement\":[{\"@type\":\"ListItem\",\"position\":1,\"name\":\"Inicio\",\"item\":\"https:\\\/\\\/www.uartes.edu.ec\\\/sitio\\\/\"},{\"@type\":\"ListItem\",\"position\":2,\"name\":\"Charlas y talleres dieron inicio a la 3ra edici\u00f3n de una Lanfor Abierta inclusiva\"}]},{\"@type\":\"WebSite\",\"@id\":\"https:\\\/\\\/www.uartes.edu.ec\\\/sitio\\\/#website\",\"url\":\"https:\\\/\\\/www.uartes.edu.ec\\\/sitio\\\/\",\"name\":\"Universidad de las Artes\",\"description\":\"Sitio oficial de la Universidad Nacional de las Artes del Ecuador\",\"publisher\":{\"@id\":\"https:\\\/\\\/www.uartes.edu.ec\\\/sitio\\\/#organization\"},\"potentialAction\":[{\"@type\":\"SearchAction\",\"target\":{\"@type\":\"EntryPoint\",\"urlTemplate\":\"https:\\\/\\\/www.uartes.edu.ec\\\/sitio\\\/?s={search_term_string}\"},\"query-input\":{\"@type\":\"PropertyValueSpecification\",\"valueRequired\":true,\"valueName\":\"search_term_string\"}}],\"inLanguage\":\"es\"},{\"@type\":\"Organization\",\"@id\":\"https:\\\/\\\/www.uartes.edu.ec\\\/sitio\\\/#organization\",\"name\":\"Universidad de las Artes\",\"url\":\"https:\\\/\\\/www.uartes.edu.ec\\\/sitio\\\/\",\"logo\":{\"@type\":\"ImageObject\",\"inLanguage\":\"es\",\"@id\":\"https:\\\/\\\/www.uartes.edu.ec\\\/sitio\\\/#\\\/schema\\\/logo\\\/image\\\/\",\"url\":\"https:\\\/\\\/www.uartes.edu.ec\\\/sitio\\\/wp-content\\\/uploads\\\/2022\\\/07\\\/logo-ua-horizontal.png\",\"contentUrl\":\"https:\\\/\\\/www.uartes.edu.ec\\\/sitio\\\/wp-content\\\/uploads\\\/2022\\\/07\\\/logo-ua-horizontal.png\",\"width\":800,\"height\":276,\"caption\":\"Universidad de las Artes\"},\"image\":{\"@id\":\"https:\\\/\\\/www.uartes.edu.ec\\\/sitio\\\/#\\\/schema\\\/logo\\\/image\\\/\"},\"sameAs\":[\"https:\\\/\\\/www.facebook.com\\\/uartesec\",\"https:\\\/\\\/x.com\\\/uartesec\",\"https:\\\/\\\/www.tiktok.com\\\/@uartesec\"]},{\"@type\":\"Person\",\"@id\":\"https:\\\/\\\/www.uartes.edu.ec\\\/sitio\\\/#\\\/schema\\\/person\\\/efa1b8275797664fd7f13a79ccc0b1f4\",\"name\":\"ccortez\",\"image\":{\"@type\":\"ImageObject\",\"inLanguage\":\"es\",\"@id\":\"https:\\\/\\\/secure.gravatar.com\\\/avatar\\\/b2a6f664a3ae8e074346ef91775736c5ec479e637ecced6842de9dc98b5da9cd?s=96&d=mm&r=g\",\"url\":\"https:\\\/\\\/secure.gravatar.com\\\/avatar\\\/b2a6f664a3ae8e074346ef91775736c5ec479e637ecced6842de9dc98b5da9cd?s=96&d=mm&r=g\",\"contentUrl\":\"https:\\\/\\\/secure.gravatar.com\\\/avatar\\\/b2a6f664a3ae8e074346ef91775736c5ec479e637ecced6842de9dc98b5da9cd?s=96&d=mm&r=g\",\"caption\":\"ccortez\"},\"url\":\"https:\\\/\\\/www.uartes.edu.ec\\\/sitio\\\/blog\\\/author\\\/ccortez\\\/\"}]}<\/script>\n<!-- \/ Yoast SEO plugin. -->","yoast_head_json":{"title":"Universidad de las Artes - Charlas y talleres dieron inicio a la 3ra edici\u00f3n de una Lanfor Abierta inclusiva","description":"Universidad de las Artes - Charlas y talleres dieron inicio a la 3ra edici\u00f3n de una Lanfor Abierta inclusiva","robots":{"index":"index","follow":"follow","max-snippet":"max-snippet:-1","max-image-preview":"max-image-preview:large","max-video-preview":"max-video-preview:-1"},"canonical":"https:\/\/www.uartes.edu.ec\/sitio\/blog\/2024\/04\/23\/charlas-y-talleres-dieron-inicio-a-la-3ra-edicion-de-lanfor-abierta-este-ano-dedicada-a-la-inclusion\/","og_locale":"es_ES","og_type":"article","og_title":"Universidad de las Artes - Charlas y talleres dieron inicio a la 3ra edici\u00f3n de una Lanfor Abierta inclusiva","og_description":"Universidad de las Artes - Charlas y talleres dieron inicio a la 3ra edici\u00f3n de una Lanfor Abierta inclusiva","og_url":"https:\/\/www.uartes.edu.ec\/sitio\/blog\/2024\/04\/23\/charlas-y-talleres-dieron-inicio-a-la-3ra-edicion-de-lanfor-abierta-este-ano-dedicada-a-la-inclusion\/","og_site_name":"Universidad de las Artes","article_publisher":"https:\/\/www.facebook.com\/uartesec","article_published_time":"2024-04-24T00:14:00+00:00","article_modified_time":"2024-07-04T16:19:07+00:00","og_image":[{"width":2000,"height":1333,"url":"https:\/\/www.uartes.edu.ec\/sitio\/wp-content\/uploads\/2024\/04\/05-lalinchi.jpg","type":"image\/jpeg"}],"author":"ccortez","twitter_card":"summary_large_image","twitter_creator":"@uartesec","twitter_site":"@uartesec","twitter_misc":{"Escrito por":"ccortez","Tiempo de lectura":"6 minutos"},"schema":{"@context":"https:\/\/schema.org","@graph":[{"@type":"Article","@id":"https:\/\/www.uartes.edu.ec\/sitio\/blog\/2024\/04\/23\/charlas-y-talleres-dieron-inicio-a-la-3ra-edicion-de-lanfor-abierta-este-ano-dedicada-a-la-inclusion\/#article","isPartOf":{"@id":"https:\/\/www.uartes.edu.ec\/sitio\/blog\/2024\/04\/23\/charlas-y-talleres-dieron-inicio-a-la-3ra-edicion-de-lanfor-abierta-este-ano-dedicada-a-la-inclusion\/"},"author":{"name":"ccortez","@id":"https:\/\/www.uartes.edu.ec\/sitio\/#\/schema\/person\/efa1b8275797664fd7f13a79ccc0b1f4"},"headline":"Charlas y talleres dieron inicio a la 3ra edici\u00f3n de una Lanfor Abierta inclusiva","datePublished":"2024-04-24T00:14:00+00:00","dateModified":"2024-07-04T16:19:07+00:00","mainEntityOfPage":{"@id":"https:\/\/www.uartes.edu.ec\/sitio\/blog\/2024\/04\/23\/charlas-y-talleres-dieron-inicio-a-la-3ra-edicion-de-lanfor-abierta-este-ano-dedicada-a-la-inclusion\/"},"wordCount":828,"commentCount":0,"publisher":{"@id":"https:\/\/www.uartes.edu.ec\/sitio\/#organization"},"image":{"@id":"https:\/\/www.uartes.edu.ec\/sitio\/blog\/2024\/04\/23\/charlas-y-talleres-dieron-inicio-a-la-3ra-edicion-de-lanfor-abierta-este-ano-dedicada-a-la-inclusion\/#primaryimage"},"thumbnailUrl":"https:\/\/www.uartes.edu.ec\/sitio\/wp-content\/uploads\/2024\/04\/05-lalinchi.jpg","keywords":["biblioteca de las artes"],"articleSection":["Acad\u00e9mico","Administrativos","Alumni","Docentes","Estudiantes","Gesti\u00f3n","Sedes"],"inLanguage":"es","potentialAction":[{"@type":"CommentAction","name":"Comment","target":["https:\/\/www.uartes.edu.ec\/sitio\/blog\/2024\/04\/23\/charlas-y-talleres-dieron-inicio-a-la-3ra-edicion-de-lanfor-abierta-este-ano-dedicada-a-la-inclusion\/#respond"]}]},{"@type":["WebPage","ItemPage"],"@id":"https:\/\/www.uartes.edu.ec\/sitio\/blog\/2024\/04\/23\/charlas-y-talleres-dieron-inicio-a-la-3ra-edicion-de-lanfor-abierta-este-ano-dedicada-a-la-inclusion\/","url":"https:\/\/www.uartes.edu.ec\/sitio\/blog\/2024\/04\/23\/charlas-y-talleres-dieron-inicio-a-la-3ra-edicion-de-lanfor-abierta-este-ano-dedicada-a-la-inclusion\/","name":"Universidad de las Artes - Charlas y talleres dieron inicio a la 3ra edici\u00f3n de una Lanfor Abierta inclusiva","isPartOf":{"@id":"https:\/\/www.uartes.edu.ec\/sitio\/#website"},"primaryImageOfPage":{"@id":"https:\/\/www.uartes.edu.ec\/sitio\/blog\/2024\/04\/23\/charlas-y-talleres-dieron-inicio-a-la-3ra-edicion-de-lanfor-abierta-este-ano-dedicada-a-la-inclusion\/#primaryimage"},"image":{"@id":"https:\/\/www.uartes.edu.ec\/sitio\/blog\/2024\/04\/23\/charlas-y-talleres-dieron-inicio-a-la-3ra-edicion-de-lanfor-abierta-este-ano-dedicada-a-la-inclusion\/#primaryimage"},"thumbnailUrl":"https:\/\/www.uartes.edu.ec\/sitio\/wp-content\/uploads\/2024\/04\/05-lalinchi.jpg","datePublished":"2024-04-24T00:14:00+00:00","dateModified":"2024-07-04T16:19:07+00:00","description":"Universidad de las Artes - Charlas y talleres dieron inicio a la 3ra edici\u00f3n de una Lanfor Abierta inclusiva","breadcrumb":{"@id":"https:\/\/www.uartes.edu.ec\/sitio\/blog\/2024\/04\/23\/charlas-y-talleres-dieron-inicio-a-la-3ra-edicion-de-lanfor-abierta-este-ano-dedicada-a-la-inclusion\/#breadcrumb"},"inLanguage":"es","potentialAction":[{"@type":"ReadAction","target":["https:\/\/www.uartes.edu.ec\/sitio\/blog\/2024\/04\/23\/charlas-y-talleres-dieron-inicio-a-la-3ra-edicion-de-lanfor-abierta-este-ano-dedicada-a-la-inclusion\/"]}]},{"@type":"ImageObject","inLanguage":"es","@id":"https:\/\/www.uartes.edu.ec\/sitio\/blog\/2024\/04\/23\/charlas-y-talleres-dieron-inicio-a-la-3ra-edicion-de-lanfor-abierta-este-ano-dedicada-a-la-inclusion\/#primaryimage","url":"https:\/\/www.uartes.edu.ec\/sitio\/wp-content\/uploads\/2024\/04\/05-lalinchi.jpg","contentUrl":"https:\/\/www.uartes.edu.ec\/sitio\/wp-content\/uploads\/2024\/04\/05-lalinchi.jpg","width":2000,"height":1333},{"@type":"BreadcrumbList","@id":"https:\/\/www.uartes.edu.ec\/sitio\/blog\/2024\/04\/23\/charlas-y-talleres-dieron-inicio-a-la-3ra-edicion-de-lanfor-abierta-este-ano-dedicada-a-la-inclusion\/#breadcrumb","itemListElement":[{"@type":"ListItem","position":1,"name":"Inicio","item":"https:\/\/www.uartes.edu.ec\/sitio\/"},{"@type":"ListItem","position":2,"name":"Charlas y talleres dieron inicio a la 3ra edici\u00f3n de una Lanfor Abierta inclusiva"}]},{"@type":"WebSite","@id":"https:\/\/www.uartes.edu.ec\/sitio\/#website","url":"https:\/\/www.uartes.edu.ec\/sitio\/","name":"Universidad de las Artes","description":"Sitio oficial de la Universidad Nacional de las Artes del Ecuador","publisher":{"@id":"https:\/\/www.uartes.edu.ec\/sitio\/#organization"},"potentialAction":[{"@type":"SearchAction","target":{"@type":"EntryPoint","urlTemplate":"https:\/\/www.uartes.edu.ec\/sitio\/?s={search_term_string}"},"query-input":{"@type":"PropertyValueSpecification","valueRequired":true,"valueName":"search_term_string"}}],"inLanguage":"es"},{"@type":"Organization","@id":"https:\/\/www.uartes.edu.ec\/sitio\/#organization","name":"Universidad de las Artes","url":"https:\/\/www.uartes.edu.ec\/sitio\/","logo":{"@type":"ImageObject","inLanguage":"es","@id":"https:\/\/www.uartes.edu.ec\/sitio\/#\/schema\/logo\/image\/","url":"https:\/\/www.uartes.edu.ec\/sitio\/wp-content\/uploads\/2022\/07\/logo-ua-horizontal.png","contentUrl":"https:\/\/www.uartes.edu.ec\/sitio\/wp-content\/uploads\/2022\/07\/logo-ua-horizontal.png","width":800,"height":276,"caption":"Universidad de las Artes"},"image":{"@id":"https:\/\/www.uartes.edu.ec\/sitio\/#\/schema\/logo\/image\/"},"sameAs":["https:\/\/www.facebook.com\/uartesec","https:\/\/x.com\/uartesec","https:\/\/www.tiktok.com\/@uartesec"]},{"@type":"Person","@id":"https:\/\/www.uartes.edu.ec\/sitio\/#\/schema\/person\/efa1b8275797664fd7f13a79ccc0b1f4","name":"ccortez","image":{"@type":"ImageObject","inLanguage":"es","@id":"https:\/\/secure.gravatar.com\/avatar\/b2a6f664a3ae8e074346ef91775736c5ec479e637ecced6842de9dc98b5da9cd?s=96&d=mm&r=g","url":"https:\/\/secure.gravatar.com\/avatar\/b2a6f664a3ae8e074346ef91775736c5ec479e637ecced6842de9dc98b5da9cd?s=96&d=mm&r=g","contentUrl":"https:\/\/secure.gravatar.com\/avatar\/b2a6f664a3ae8e074346ef91775736c5ec479e637ecced6842de9dc98b5da9cd?s=96&d=mm&r=g","caption":"ccortez"},"url":"https:\/\/www.uartes.edu.ec\/sitio\/blog\/author\/ccortez\/"}]}},"uagb_featured_image_src":{"full":["https:\/\/www.uartes.edu.ec\/sitio\/wp-content\/uploads\/2024\/04\/05-lalinchi.jpg",2000,1333,false],"thumbnail":["https:\/\/www.uartes.edu.ec\/sitio\/wp-content\/uploads\/2024\/04\/05-lalinchi-150x150.jpg",150,150,true],"medium":["https:\/\/www.uartes.edu.ec\/sitio\/wp-content\/uploads\/2024\/04\/05-lalinchi-300x200.jpg",300,200,true],"medium_large":["https:\/\/www.uartes.edu.ec\/sitio\/wp-content\/uploads\/2024\/04\/05-lalinchi-768x512.jpg",768,512,true],"large":["https:\/\/www.uartes.edu.ec\/sitio\/wp-content\/uploads\/2024\/04\/05-lalinchi-644x429.jpg",644,429,true],"1536x1536":["https:\/\/www.uartes.edu.ec\/sitio\/wp-content\/uploads\/2024\/04\/05-lalinchi-1536x1024.jpg",1536,1024,true],"2048x2048":["https:\/\/www.uartes.edu.ec\/sitio\/wp-content\/uploads\/2024\/04\/05-lalinchi.jpg",2000,1333,false],"trp-custom-language-flag":["https:\/\/www.uartes.edu.ec\/sitio\/wp-content\/uploads\/2024\/04\/05-lalinchi-18x12.jpg",18,12,true],"htmega_size_585x295":["https:\/\/www.uartes.edu.ec\/sitio\/wp-content\/uploads\/2024\/04\/05-lalinchi-585x295.jpg",585,295,true],"htmega_size_1170x536":["https:\/\/www.uartes.edu.ec\/sitio\/wp-content\/uploads\/2024\/04\/05-lalinchi-1170x536.jpg",1170,536,true],"htmega_size_396x360":["https:\/\/www.uartes.edu.ec\/sitio\/wp-content\/uploads\/2024\/04\/05-lalinchi-396x360.jpg",396,360,true],"gb-block-post-grid-landscape":["https:\/\/www.uartes.edu.ec\/sitio\/wp-content\/uploads\/2024\/04\/05-lalinchi-600x400.jpg",600,400,true],"gb-block-post-grid-square":["https:\/\/www.uartes.edu.ec\/sitio\/wp-content\/uploads\/2024\/04\/05-lalinchi-600x600.jpg",600,600,true],"university-hub-thumb":["https:\/\/www.uartes.edu.ec\/sitio\/wp-content\/uploads\/2024\/04\/05-lalinchi-400x267.jpg",400,267,true]},"uagb_author_info":{"display_name":"ccortez","author_link":"https:\/\/www.uartes.edu.ec\/sitio\/blog\/author\/ccortez\/"},"uagb_comment_info":0,"uagb_excerpt":"La inclusi\u00f3n es la tem\u00e1tica de la edici\u00f3n de este a\u00f1o de Lanfor Abierta, actividad que la Biblioteca de las Artes organiza por el D\u00eda Internacional del Libro y que arranc\u00f3 este martes 23 de abril con la charla y presentaci\u00f3n de la \u201cApp Braile Tecnol\u00f3gico, Accesible e Inclusivo\u201d creada por el artista ecuatoriano Lalinchi,&hellip;","featured_image_src":"https:\/\/www.uartes.edu.ec\/sitio\/wp-content\/uploads\/2024\/04\/05-lalinchi-600x400.jpg","featured_image_src_square":"https:\/\/www.uartes.edu.ec\/sitio\/wp-content\/uploads\/2024\/04\/05-lalinchi-600x600.jpg","author_info":{"display_name":"ccortez","author_link":"https:\/\/www.uartes.edu.ec\/sitio\/blog\/author\/ccortez\/"},"publishpress_future_workflow_manual_trigger":{"enabledWorkflows":[]},"distributor_meta":false,"distributor_terms":false,"distributor_media":false,"distributor_original_site_name":"Universidad de las Artes","distributor_original_site_url":"https:\/\/www.uartes.edu.ec\/sitio","push-errors":false,"_links":{"self":[{"href":"https:\/\/www.uartes.edu.ec\/sitio\/wp-json\/wp\/v2\/posts\/52862","targetHints":{"allow":["GET"]}}],"collection":[{"href":"https:\/\/www.uartes.edu.ec\/sitio\/wp-json\/wp\/v2\/posts"}],"about":[{"href":"https:\/\/www.uartes.edu.ec\/sitio\/wp-json\/wp\/v2\/types\/post"}],"author":[{"embeddable":true,"href":"https:\/\/www.uartes.edu.ec\/sitio\/wp-json\/wp\/v2\/users\/10"}],"replies":[{"embeddable":true,"href":"https:\/\/www.uartes.edu.ec\/sitio\/wp-json\/wp\/v2\/comments?post=52862"}],"version-history":[{"count":7,"href":"https:\/\/www.uartes.edu.ec\/sitio\/wp-json\/wp\/v2\/posts\/52862\/revisions"}],"predecessor-version":[{"id":52933,"href":"https:\/\/www.uartes.edu.ec\/sitio\/wp-json\/wp\/v2\/posts\/52862\/revisions\/52933"}],"wp:featuredmedia":[{"embeddable":true,"href":"https:\/\/www.uartes.edu.ec\/sitio\/wp-json\/wp\/v2\/media\/52912"}],"wp:attachment":[{"href":"https:\/\/www.uartes.edu.ec\/sitio\/wp-json\/wp\/v2\/media?parent=52862"}],"wp:term":[{"taxonomy":"category","embeddable":true,"href":"https:\/\/www.uartes.edu.ec\/sitio\/wp-json\/wp\/v2\/categories?post=52862"},{"taxonomy":"post_tag","embeddable":true,"href":"https:\/\/www.uartes.edu.ec\/sitio\/wp-json\/wp\/v2\/tags?post=52862"},{"taxonomy":"infouartes","embeddable":true,"href":"https:\/\/www.uartes.edu.ec\/sitio\/wp-json\/wp\/v2\/infouartes?post=52862"}],"curies":[{"name":"wp","href":"https:\/\/api.w.org\/{rel}","templated":true}]}}