{"id":52877,"date":"2024-04-24T16:47:00","date_gmt":"2024-04-24T21:47:00","guid":{"rendered":"https:\/\/www.uartes.edu.ec\/sitio\/?p=52877"},"modified":"2024-07-04T11:19:07","modified_gmt":"2024-07-04T16:19:07","slug":"biblioteca-de-las-artes-celebra-con-la-muestra-comunidad-uartes-su-primer-lustro","status":"publish","type":"post","link":"https:\/\/www.uartes.edu.ec\/sitio\/blog\/2024\/04\/24\/biblioteca-de-las-artes-celebra-con-la-muestra-comunidad-uartes-su-primer-lustro\/","title":{"rendered":"Biblioteca de las Artes celebra cinco a\u00f1os con la exposici\u00f3n \u201cComunidad UArtes\u201d; estar\u00e1 en Galer\u00eda 4ta Pared"},"content":{"rendered":"\n<p>Con la inauguraci\u00f3n de la muestra \u201cComunidad UArtes\u201d, que abarca los resultados de la convocatoria a un concurso de fotograf\u00eda interno que propuso la Biblioteca de las Artes en el 2023, y una detallada selecci\u00f3n de im\u00e1genes del Archivo El Tel\u00e9grafo, el repositorio de la Universidad de las Artes celebra su primer lustro de vida.<\/p>\n\n\n\n<p>La exposici\u00f3n se abrir\u00e1 en la Galer\u00eda 4ta Pared luego de una emotiva y solemne ceremonia de aniversario, programada a partir de las 15:00, donde se entregar\u00e1n placas de agradecimiento a las personas e instituciones que han incrementado con sus donaciones de libros y otras publicaciones su fondo bibliogr\u00e1fico de la Biblioteca de las Artes .<\/p>\n\n\n\n<p>Tambi\u00e9n se premiar\u00e1 a los ganadores del concurso de fotograf\u00eda, que lleva el mismo nombre de la muestra: \u201cComunidad UArtes\u201d; habr\u00e1 la presentaci\u00f3n musical del reconocido violinista y docente UArtes Jorge Saade; las autoridades universitarias, as\u00ed como Soraya Campos, directora de la Biblioteca de las Artes, dar\u00e1n las palabras de bienvenida; y se har\u00e1 el lanzamiento de la revista por los \u201c10 a\u00f1os de la Universidad de las Artes\u201d, cuya edici\u00f3n estuvo a cargo de la Direcci\u00f3n de Comunicaci\u00f3n.<\/p>\n\n\n<div class=\"wp-block-image\">\n<figure class=\"aligncenter size-large\"><img fetchpriority=\"high\" decoding=\"async\" width=\"644\" height=\"429\" src=\"https:\/\/www.uartes.edu.ec\/sitio\/wp-content\/uploads\/2024\/04\/01-SORAYA-CAMPOS-WEB-644x429.jpg\" alt=\"\" class=\"wp-image-52879\" srcset=\"https:\/\/www.uartes.edu.ec\/sitio\/wp-content\/uploads\/2024\/04\/01-SORAYA-CAMPOS-WEB-644x429.jpg 644w, https:\/\/www.uartes.edu.ec\/sitio\/wp-content\/uploads\/2024\/04\/01-SORAYA-CAMPOS-WEB-768x511.jpg 768w, https:\/\/www.uartes.edu.ec\/sitio\/wp-content\/uploads\/2024\/04\/01-SORAYA-CAMPOS-WEB.jpg 2000w, https:\/\/www.uartes.edu.ec\/sitio\/wp-content\/uploads\/2024\/04\/01-SORAYA-CAMPOS-WEB-18x12.jpg 18w, https:\/\/www.uartes.edu.ec\/sitio\/wp-content\/uploads\/2024\/04\/01-SORAYA-CAMPOS-WEB-600x399.jpg 600w, https:\/\/www.uartes.edu.ec\/sitio\/wp-content\/uploads\/2024\/04\/01-SORAYA-CAMPOS-WEB-272x182.jpg 272w\" sizes=\"(max-width: 644px) 100vw, 644px\" \/><\/figure>\n<\/div>\n\n\n<p>Si bien el mes del aniversario de la Biblioteca de las Artes es enero (se inaugur\u00f3 el 16 de enero de 2019), las circunstancias por todos conocidas, como la inseguridad que se registra en la ciudad y el pa\u00eds y los cortes del suministro de energ\u00eda el\u00e9ctrica, llevaron a que su celebraci\u00f3n se diera en el cierre de la Semana Cultural de Lanfor Abierta, actividad que en este 2024 lleg\u00f3 a su tercera edici\u00f3n y con la que se conmemora el D\u00eda Internacional del Libro, raz\u00f3n por la cual tuvo su inicio justo el pasado 23 de abril.<\/p>\n\n\n\n<p>Acerca de \u201cComunidad UArtes\u201d, Soraya Campos (foto superior) comenta que con el equipo de la biblioteca ten\u00edan en mente realizar un concurso de fotograf\u00eda, para lo cual recurrieron a la doctora Diana Medina, quien fue docente de la universidad y dirigi\u00f3 la Escuela de Posgrado. Su especialidad es justamente la fotograf\u00eda y fue ella quien los guio y ayud\u00f3 en todo: los criterios, la r\u00fabrica y la curadur\u00eda.<\/p>\n\n\n\n<p>La convocatoria para el concurso tuvo mucha acogida, sostiene Campos. Estuvo dirigida a docentes, estudiantes y administrativos. Dur\u00f3 alrededor de un mes y de las propuestas fotogr\u00e1ficas enviadas se preseleccionaron 18, entre las cuales est\u00e1n las ganadoras de los tres primeros lugares. De igual forma se entregar\u00e1n diplomas de participaci\u00f3n.<\/p>\n\n\n\n<h3 class=\"wp-block-heading\">Desde los archivos<\/h3>\n\n\n\n<p>En cuanto a las im\u00e1genes que integran la otra parte de la muestra \u201cComunidad UArtes\u201d, es la doctora Medina quien da detalles de su g\u00e9nesis y proceso.<\/p>\n\n\n\n<figure class=\"wp-block-gallery has-nested-images columns-default is-cropped wp-block-gallery-1 is-layout-flex wp-block-gallery-is-layout-flex\">\n<figure class=\"wp-block-image size-large\"><img decoding=\"async\" width=\"644\" height=\"429\" data-id=\"52880\" src=\"https:\/\/www.uartes.edu.ec\/sitio\/wp-content\/uploads\/2024\/04\/DIANA-MEDINA-WEB-644x429.jpg\" alt=\"\" class=\"wp-image-52880\" srcset=\"https:\/\/www.uartes.edu.ec\/sitio\/wp-content\/uploads\/2024\/04\/DIANA-MEDINA-WEB-644x429.jpg 644w, https:\/\/www.uartes.edu.ec\/sitio\/wp-content\/uploads\/2024\/04\/DIANA-MEDINA-WEB-768x511.jpg 768w, https:\/\/www.uartes.edu.ec\/sitio\/wp-content\/uploads\/2024\/04\/DIANA-MEDINA-WEB.jpg 2000w, https:\/\/www.uartes.edu.ec\/sitio\/wp-content\/uploads\/2024\/04\/DIANA-MEDINA-WEB-18x12.jpg 18w, https:\/\/www.uartes.edu.ec\/sitio\/wp-content\/uploads\/2024\/04\/DIANA-MEDINA-WEB-600x399.jpg 600w, https:\/\/www.uartes.edu.ec\/sitio\/wp-content\/uploads\/2024\/04\/DIANA-MEDINA-WEB-272x182.jpg 272w\" sizes=\"(max-width: 644px) 100vw, 644px\" \/><\/figure>\n\n\n\n<figure class=\"wp-block-image size-large\"><img decoding=\"async\" width=\"644\" height=\"429\" data-id=\"52881\" src=\"https:\/\/www.uartes.edu.ec\/sitio\/wp-content\/uploads\/2024\/04\/HAROLD-MARIDUENA-644x429.jpg\" alt=\"\" class=\"wp-image-52881\" srcset=\"https:\/\/www.uartes.edu.ec\/sitio\/wp-content\/uploads\/2024\/04\/HAROLD-MARIDUENA-644x429.jpg 644w, https:\/\/www.uartes.edu.ec\/sitio\/wp-content\/uploads\/2024\/04\/HAROLD-MARIDUENA-768x511.jpg 768w, https:\/\/www.uartes.edu.ec\/sitio\/wp-content\/uploads\/2024\/04\/HAROLD-MARIDUENA.jpg 2000w, https:\/\/www.uartes.edu.ec\/sitio\/wp-content\/uploads\/2024\/04\/HAROLD-MARIDUENA-18x12.jpg 18w, https:\/\/www.uartes.edu.ec\/sitio\/wp-content\/uploads\/2024\/04\/HAROLD-MARIDUENA-600x399.jpg 600w, https:\/\/www.uartes.edu.ec\/sitio\/wp-content\/uploads\/2024\/04\/HAROLD-MARIDUENA-272x182.jpg 272w\" sizes=\"(max-width: 644px) 100vw, 644px\" \/><\/figure>\n<\/figure>\n\n\n\n<p>\u201cC\u00f3mo celebrar el primer lustro de vida de la Biblioteca de las Artes nos pregunt\u00f3 Soraya Campos a Harold Maridue\u00f1a y a m\u00ed tras convocarnos para pensar al respecto. Conversamos dos l\u00edneas. La primera, un concurso de fotograf\u00eda, justo ahora que las im\u00e1genes parecen brotar del aire, dirigido a la comunidad universitaria\u201d, expresa.<\/p>\n\n\n\n<p>En ese habitar, agrega, el ojo se acostumbra a mirar siempre lo mismo, mas en lo fotogr\u00e1fico, con m\u00f3viles y c\u00e1maras muy sencillas, se puede hallar lo nuevo y especial que ofrecen las sombras, los muebles, los libros, los espacios de los edificios emblem\u00e1ticos de la UArtes.<\/p>\n\n\n\n<p>\u201cEn esa l\u00ednea de pensamiento fotogr\u00e1fico se nos ocurrieron dos temas: naturaleza y ciudadan\u00eda, y comunidad y biblioteca. Es decir, el ambiente y emplazamiento bibliogr\u00e1fico en el que est\u00e1 la Biblioteca de las Artes en el centro de Guayaquil y, al mismo tiempo, siendo un veh\u00edculo cultural social, lo cual nos determina e identifica como ciudadanos\u201d.<\/p>\n\n\n\n<p>La doctora Medina manifiesta que se hizo una revisi\u00f3n en sus archivos y en sus adentros, lo cual permiti\u00f3 comprender que la historia ven\u00eda desde 1920, en que ya se pensaba en el Guayaquil del futuro y en la modernidad. \u201cTardamos 30 a\u00f1os en tener este edificio listo y una vez que se consolid\u00f3 fue efectivamente el ep\u00edtome de Guayaquil y de c\u00f3mo la vida misma se ha transformado, ha tenido su silencio y sus problemas\u201d.<\/p>\n\n\n\n<p>Al ser una biblioteca, se vuelve a convertir en pensamiento. Es una lanza proyectada al futuro de nuestros hijos y nuestros proyectos. No solo conserva su belleza patrimonial, sino los libros que vienen tambi\u00e9n desde hace much\u00edsimos a\u00f1os y nos permite ser herederos de una gran cultura, refiere Medina y concluye: \u201cLa Biblioteca de las Artes celebra que la miran y habitan, y de alguna manera celebramos tambi\u00e9n a los edificios emblem\u00e1ticos de la UArtes. La exposici\u00f3n es la primera visi\u00f3n de un concurso que, sin duda, dar\u00e1 paso a otros para que seguir indagando\u201d.<\/p>\n\n\n\n<p>En las im\u00e1genes, Soraya Campos, directora de la Biblioteca de las Artes; Diana Medina y Harold Maridue\u00f1a.<\/p>\n","protected":false},"excerpt":{"rendered":"<p>Con la inauguraci\u00f3n de la muestra \u201cComunidad UArtes\u201d, que abarca los resultados de la convocatoria a un concurso de fotograf\u00eda interno que propuso la Biblioteca de las Artes en 2023, y una detallada selecci\u00f3n de im\u00e1genes del Archivo El Tel\u00e9grafo, el repositorio de la UArtes celebra cinco a\u00f1os de vida. Se abrir\u00e1 este 26 de abril en la Galer\u00eda 4ta Pared tras una ceremonia de aniversario.<\/p>\n","protected":false},"author":10,"featured_media":52882,"comment_status":"open","ping_status":"open","sticky":false,"template":"","format":"standard","meta":{"_acf_changed":false,"_uag_custom_page_level_css":"","_monsterinsights_skip_tracking":false,"_monsterinsights_sitenote_active":false,"_monsterinsights_sitenote_note":"","_monsterinsights_sitenote_category":0,"cybocfi_hide_featured_image":"","footnotes":""},"categories":[80,438,75,76,77,83],"tags":[41],"infouartes":[],"class_list":["post-52877","post","type-post","status-publish","format-standard","has-post-thumbnail","hentry","category-academico","category-administrativos","category-docentes","category-estudiantes","category-gestion","category-sedes","tag-biblioteca"],"acf":[],"yoast_head":"<!-- This site is optimized with the Yoast SEO plugin v27.4 - https:\/\/yoast.com\/product\/yoast-seo-wordpress\/ -->\n<title>Universidad de las Artes - Biblioteca de las Artes celebra cinco a\u00f1os con la exposici\u00f3n \u201cComunidad UArtes\u201d; estar\u00e1 en Galer\u00eda 4ta Pared<\/title>\n<meta name=\"description\" content=\"Universidad de las Artes - Biblioteca de las Artes celebra cinco a\u00f1os con la exposici\u00f3n \u201cComunidad UArtes\u201d; estar\u00e1 en Galer\u00eda 4ta Pared\" \/>\n<meta name=\"robots\" content=\"index, follow, max-snippet:-1, max-image-preview:large, max-video-preview:-1\" \/>\n<link rel=\"canonical\" href=\"https:\/\/www.uartes.edu.ec\/sitio\/blog\/2024\/04\/24\/biblioteca-de-las-artes-celebra-con-la-muestra-comunidad-uartes-su-primer-lustro\/\" \/>\n<meta property=\"og:locale\" content=\"es_ES\" \/>\n<meta property=\"og:type\" content=\"article\" \/>\n<meta property=\"og:title\" content=\"Universidad de las Artes - Biblioteca de las Artes celebra cinco a\u00f1os con la exposici\u00f3n \u201cComunidad UArtes\u201d; estar\u00e1 en Galer\u00eda 4ta Pared\" \/>\n<meta property=\"og:description\" content=\"Universidad de las Artes - Biblioteca de las Artes celebra cinco a\u00f1os con la exposici\u00f3n \u201cComunidad UArtes\u201d; estar\u00e1 en Galer\u00eda 4ta Pared\" \/>\n<meta property=\"og:url\" content=\"https:\/\/www.uartes.edu.ec\/sitio\/blog\/2024\/04\/24\/biblioteca-de-las-artes-celebra-con-la-muestra-comunidad-uartes-su-primer-lustro\/\" \/>\n<meta property=\"og:site_name\" content=\"Universidad de las Artes\" \/>\n<meta property=\"article:publisher\" content=\"https:\/\/www.facebook.com\/uartesec\" \/>\n<meta property=\"article:published_time\" content=\"2024-04-24T21:47:00+00:00\" \/>\n<meta property=\"article:modified_time\" content=\"2024-07-04T16:19:07+00:00\" \/>\n<meta property=\"og:image\" content=\"https:\/\/www.uartes.edu.ec\/sitio\/wp-content\/uploads\/2024\/04\/BIBLIOTECA-DE-LAS-ARTES-WEB.jpg\" \/>\n\t<meta property=\"og:image:width\" content=\"2000\" \/>\n\t<meta property=\"og:image:height\" content=\"1333\" \/>\n\t<meta property=\"og:image:type\" content=\"image\/jpeg\" \/>\n<meta name=\"author\" content=\"ccortez\" \/>\n<meta name=\"twitter:card\" content=\"summary_large_image\" \/>\n<meta name=\"twitter:creator\" content=\"@uartesec\" \/>\n<meta name=\"twitter:site\" content=\"@uartesec\" \/>\n<meta name=\"twitter:label1\" content=\"Escrito por\" \/>\n\t<meta name=\"twitter:data1\" content=\"ccortez\" \/>\n\t<meta name=\"twitter:label2\" content=\"Tiempo de lectura\" \/>\n\t<meta name=\"twitter:data2\" content=\"5 minutos\" \/>\n<script type=\"application\/ld+json\" class=\"yoast-schema-graph\">{\"@context\":\"https:\\\/\\\/schema.org\",\"@graph\":[{\"@type\":\"Article\",\"@id\":\"https:\\\/\\\/www.uartes.edu.ec\\\/sitio\\\/blog\\\/2024\\\/04\\\/24\\\/biblioteca-de-las-artes-celebra-con-la-muestra-comunidad-uartes-su-primer-lustro\\\/#article\",\"isPartOf\":{\"@id\":\"https:\\\/\\\/www.uartes.edu.ec\\\/sitio\\\/blog\\\/2024\\\/04\\\/24\\\/biblioteca-de-las-artes-celebra-con-la-muestra-comunidad-uartes-su-primer-lustro\\\/\"},\"author\":{\"name\":\"ccortez\",\"@id\":\"https:\\\/\\\/www.uartes.edu.ec\\\/sitio\\\/#\\\/schema\\\/person\\\/efa1b8275797664fd7f13a79ccc0b1f4\"},\"headline\":\"Biblioteca de las Artes celebra cinco a\u00f1os con la exposici\u00f3n \u201cComunidad UArtes\u201d; estar\u00e1 en Galer\u00eda 4ta Pared\",\"datePublished\":\"2024-04-24T21:47:00+00:00\",\"dateModified\":\"2024-07-04T16:19:07+00:00\",\"mainEntityOfPage\":{\"@id\":\"https:\\\/\\\/www.uartes.edu.ec\\\/sitio\\\/blog\\\/2024\\\/04\\\/24\\\/biblioteca-de-las-artes-celebra-con-la-muestra-comunidad-uartes-su-primer-lustro\\\/\"},\"wordCount\":852,\"commentCount\":0,\"publisher\":{\"@id\":\"https:\\\/\\\/www.uartes.edu.ec\\\/sitio\\\/#organization\"},\"image\":{\"@id\":\"https:\\\/\\\/www.uartes.edu.ec\\\/sitio\\\/blog\\\/2024\\\/04\\\/24\\\/biblioteca-de-las-artes-celebra-con-la-muestra-comunidad-uartes-su-primer-lustro\\\/#primaryimage\"},\"thumbnailUrl\":\"https:\\\/\\\/www.uartes.edu.ec\\\/sitio\\\/wp-content\\\/uploads\\\/2024\\\/04\\\/BIBLIOTECA-DE-LAS-ARTES-WEB.jpg\",\"keywords\":[\"biblioteca\"],\"articleSection\":[\"Acad\u00e9mico\",\"Administrativos\",\"Docentes\",\"Estudiantes\",\"Gesti\u00f3n\",\"Sedes\"],\"inLanguage\":\"es\",\"potentialAction\":[{\"@type\":\"CommentAction\",\"name\":\"Comment\",\"target\":[\"https:\\\/\\\/www.uartes.edu.ec\\\/sitio\\\/blog\\\/2024\\\/04\\\/24\\\/biblioteca-de-las-artes-celebra-con-la-muestra-comunidad-uartes-su-primer-lustro\\\/#respond\"]}]},{\"@type\":[\"WebPage\",\"ItemPage\"],\"@id\":\"https:\\\/\\\/www.uartes.edu.ec\\\/sitio\\\/blog\\\/2024\\\/04\\\/24\\\/biblioteca-de-las-artes-celebra-con-la-muestra-comunidad-uartes-su-primer-lustro\\\/\",\"url\":\"https:\\\/\\\/www.uartes.edu.ec\\\/sitio\\\/blog\\\/2024\\\/04\\\/24\\\/biblioteca-de-las-artes-celebra-con-la-muestra-comunidad-uartes-su-primer-lustro\\\/\",\"name\":\"Universidad de las Artes - Biblioteca de las Artes celebra cinco a\u00f1os con la exposici\u00f3n \u201cComunidad UArtes\u201d; estar\u00e1 en Galer\u00eda 4ta Pared\",\"isPartOf\":{\"@id\":\"https:\\\/\\\/www.uartes.edu.ec\\\/sitio\\\/#website\"},\"primaryImageOfPage\":{\"@id\":\"https:\\\/\\\/www.uartes.edu.ec\\\/sitio\\\/blog\\\/2024\\\/04\\\/24\\\/biblioteca-de-las-artes-celebra-con-la-muestra-comunidad-uartes-su-primer-lustro\\\/#primaryimage\"},\"image\":{\"@id\":\"https:\\\/\\\/www.uartes.edu.ec\\\/sitio\\\/blog\\\/2024\\\/04\\\/24\\\/biblioteca-de-las-artes-celebra-con-la-muestra-comunidad-uartes-su-primer-lustro\\\/#primaryimage\"},\"thumbnailUrl\":\"https:\\\/\\\/www.uartes.edu.ec\\\/sitio\\\/wp-content\\\/uploads\\\/2024\\\/04\\\/BIBLIOTECA-DE-LAS-ARTES-WEB.jpg\",\"datePublished\":\"2024-04-24T21:47:00+00:00\",\"dateModified\":\"2024-07-04T16:19:07+00:00\",\"description\":\"Universidad de las Artes - Biblioteca de las Artes celebra cinco a\u00f1os con la exposici\u00f3n \u201cComunidad UArtes\u201d; estar\u00e1 en Galer\u00eda 4ta Pared\",\"breadcrumb\":{\"@id\":\"https:\\\/\\\/www.uartes.edu.ec\\\/sitio\\\/blog\\\/2024\\\/04\\\/24\\\/biblioteca-de-las-artes-celebra-con-la-muestra-comunidad-uartes-su-primer-lustro\\\/#breadcrumb\"},\"inLanguage\":\"es\",\"potentialAction\":[{\"@type\":\"ReadAction\",\"target\":[\"https:\\\/\\\/www.uartes.edu.ec\\\/sitio\\\/blog\\\/2024\\\/04\\\/24\\\/biblioteca-de-las-artes-celebra-con-la-muestra-comunidad-uartes-su-primer-lustro\\\/\"]}]},{\"@type\":\"ImageObject\",\"inLanguage\":\"es\",\"@id\":\"https:\\\/\\\/www.uartes.edu.ec\\\/sitio\\\/blog\\\/2024\\\/04\\\/24\\\/biblioteca-de-las-artes-celebra-con-la-muestra-comunidad-uartes-su-primer-lustro\\\/#primaryimage\",\"url\":\"https:\\\/\\\/www.uartes.edu.ec\\\/sitio\\\/wp-content\\\/uploads\\\/2024\\\/04\\\/BIBLIOTECA-DE-LAS-ARTES-WEB.jpg\",\"contentUrl\":\"https:\\\/\\\/www.uartes.edu.ec\\\/sitio\\\/wp-content\\\/uploads\\\/2024\\\/04\\\/BIBLIOTECA-DE-LAS-ARTES-WEB.jpg\",\"width\":2000,\"height\":1333},{\"@type\":\"BreadcrumbList\",\"@id\":\"https:\\\/\\\/www.uartes.edu.ec\\\/sitio\\\/blog\\\/2024\\\/04\\\/24\\\/biblioteca-de-las-artes-celebra-con-la-muestra-comunidad-uartes-su-primer-lustro\\\/#breadcrumb\",\"itemListElement\":[{\"@type\":\"ListItem\",\"position\":1,\"name\":\"Inicio\",\"item\":\"https:\\\/\\\/www.uartes.edu.ec\\\/sitio\\\/\"},{\"@type\":\"ListItem\",\"position\":2,\"name\":\"Biblioteca de las Artes celebra cinco a\u00f1os con la exposici\u00f3n \u201cComunidad UArtes\u201d; estar\u00e1 en Galer\u00eda 4ta Pared\"}]},{\"@type\":\"WebSite\",\"@id\":\"https:\\\/\\\/www.uartes.edu.ec\\\/sitio\\\/#website\",\"url\":\"https:\\\/\\\/www.uartes.edu.ec\\\/sitio\\\/\",\"name\":\"Universidad de las Artes\",\"description\":\"Sitio oficial de la Universidad Nacional de las Artes del Ecuador\",\"publisher\":{\"@id\":\"https:\\\/\\\/www.uartes.edu.ec\\\/sitio\\\/#organization\"},\"potentialAction\":[{\"@type\":\"SearchAction\",\"target\":{\"@type\":\"EntryPoint\",\"urlTemplate\":\"https:\\\/\\\/www.uartes.edu.ec\\\/sitio\\\/?s={search_term_string}\"},\"query-input\":{\"@type\":\"PropertyValueSpecification\",\"valueRequired\":true,\"valueName\":\"search_term_string\"}}],\"inLanguage\":\"es\"},{\"@type\":\"Organization\",\"@id\":\"https:\\\/\\\/www.uartes.edu.ec\\\/sitio\\\/#organization\",\"name\":\"Universidad de las Artes\",\"url\":\"https:\\\/\\\/www.uartes.edu.ec\\\/sitio\\\/\",\"logo\":{\"@type\":\"ImageObject\",\"inLanguage\":\"es\",\"@id\":\"https:\\\/\\\/www.uartes.edu.ec\\\/sitio\\\/#\\\/schema\\\/logo\\\/image\\\/\",\"url\":\"https:\\\/\\\/www.uartes.edu.ec\\\/sitio\\\/wp-content\\\/uploads\\\/2022\\\/07\\\/logo-ua-horizontal.png\",\"contentUrl\":\"https:\\\/\\\/www.uartes.edu.ec\\\/sitio\\\/wp-content\\\/uploads\\\/2022\\\/07\\\/logo-ua-horizontal.png\",\"width\":800,\"height\":276,\"caption\":\"Universidad de las Artes\"},\"image\":{\"@id\":\"https:\\\/\\\/www.uartes.edu.ec\\\/sitio\\\/#\\\/schema\\\/logo\\\/image\\\/\"},\"sameAs\":[\"https:\\\/\\\/www.facebook.com\\\/uartesec\",\"https:\\\/\\\/x.com\\\/uartesec\",\"https:\\\/\\\/www.tiktok.com\\\/@uartesec\"]},{\"@type\":\"Person\",\"@id\":\"https:\\\/\\\/www.uartes.edu.ec\\\/sitio\\\/#\\\/schema\\\/person\\\/efa1b8275797664fd7f13a79ccc0b1f4\",\"name\":\"ccortez\",\"image\":{\"@type\":\"ImageObject\",\"inLanguage\":\"es\",\"@id\":\"https:\\\/\\\/secure.gravatar.com\\\/avatar\\\/b2a6f664a3ae8e074346ef91775736c5ec479e637ecced6842de9dc98b5da9cd?s=96&d=mm&r=g\",\"url\":\"https:\\\/\\\/secure.gravatar.com\\\/avatar\\\/b2a6f664a3ae8e074346ef91775736c5ec479e637ecced6842de9dc98b5da9cd?s=96&d=mm&r=g\",\"contentUrl\":\"https:\\\/\\\/secure.gravatar.com\\\/avatar\\\/b2a6f664a3ae8e074346ef91775736c5ec479e637ecced6842de9dc98b5da9cd?s=96&d=mm&r=g\",\"caption\":\"ccortez\"},\"url\":\"https:\\\/\\\/www.uartes.edu.ec\\\/sitio\\\/blog\\\/author\\\/ccortez\\\/\"}]}<\/script>\n<!-- \/ Yoast SEO plugin. -->","yoast_head_json":{"title":"Universidad de las Artes - Biblioteca de las Artes celebra cinco a\u00f1os con la exposici\u00f3n \u201cComunidad UArtes\u201d; estar\u00e1 en Galer\u00eda 4ta Pared","description":"Universidad de las Artes - Biblioteca de las Artes celebra cinco a\u00f1os con la exposici\u00f3n \u201cComunidad UArtes\u201d; estar\u00e1 en Galer\u00eda 4ta Pared","robots":{"index":"index","follow":"follow","max-snippet":"max-snippet:-1","max-image-preview":"max-image-preview:large","max-video-preview":"max-video-preview:-1"},"canonical":"https:\/\/www.uartes.edu.ec\/sitio\/blog\/2024\/04\/24\/biblioteca-de-las-artes-celebra-con-la-muestra-comunidad-uartes-su-primer-lustro\/","og_locale":"es_ES","og_type":"article","og_title":"Universidad de las Artes - Biblioteca de las Artes celebra cinco a\u00f1os con la exposici\u00f3n \u201cComunidad UArtes\u201d; estar\u00e1 en Galer\u00eda 4ta Pared","og_description":"Universidad de las Artes - Biblioteca de las Artes celebra cinco a\u00f1os con la exposici\u00f3n \u201cComunidad UArtes\u201d; estar\u00e1 en Galer\u00eda 4ta Pared","og_url":"https:\/\/www.uartes.edu.ec\/sitio\/blog\/2024\/04\/24\/biblioteca-de-las-artes-celebra-con-la-muestra-comunidad-uartes-su-primer-lustro\/","og_site_name":"Universidad de las Artes","article_publisher":"https:\/\/www.facebook.com\/uartesec","article_published_time":"2024-04-24T21:47:00+00:00","article_modified_time":"2024-07-04T16:19:07+00:00","og_image":[{"width":2000,"height":1333,"url":"https:\/\/www.uartes.edu.ec\/sitio\/wp-content\/uploads\/2024\/04\/BIBLIOTECA-DE-LAS-ARTES-WEB.jpg","type":"image\/jpeg"}],"author":"ccortez","twitter_card":"summary_large_image","twitter_creator":"@uartesec","twitter_site":"@uartesec","twitter_misc":{"Escrito por":"ccortez","Tiempo de lectura":"5 minutos"},"schema":{"@context":"https:\/\/schema.org","@graph":[{"@type":"Article","@id":"https:\/\/www.uartes.edu.ec\/sitio\/blog\/2024\/04\/24\/biblioteca-de-las-artes-celebra-con-la-muestra-comunidad-uartes-su-primer-lustro\/#article","isPartOf":{"@id":"https:\/\/www.uartes.edu.ec\/sitio\/blog\/2024\/04\/24\/biblioteca-de-las-artes-celebra-con-la-muestra-comunidad-uartes-su-primer-lustro\/"},"author":{"name":"ccortez","@id":"https:\/\/www.uartes.edu.ec\/sitio\/#\/schema\/person\/efa1b8275797664fd7f13a79ccc0b1f4"},"headline":"Biblioteca de las Artes celebra cinco a\u00f1os con la exposici\u00f3n \u201cComunidad UArtes\u201d; estar\u00e1 en Galer\u00eda 4ta Pared","datePublished":"2024-04-24T21:47:00+00:00","dateModified":"2024-07-04T16:19:07+00:00","mainEntityOfPage":{"@id":"https:\/\/www.uartes.edu.ec\/sitio\/blog\/2024\/04\/24\/biblioteca-de-las-artes-celebra-con-la-muestra-comunidad-uartes-su-primer-lustro\/"},"wordCount":852,"commentCount":0,"publisher":{"@id":"https:\/\/www.uartes.edu.ec\/sitio\/#organization"},"image":{"@id":"https:\/\/www.uartes.edu.ec\/sitio\/blog\/2024\/04\/24\/biblioteca-de-las-artes-celebra-con-la-muestra-comunidad-uartes-su-primer-lustro\/#primaryimage"},"thumbnailUrl":"https:\/\/www.uartes.edu.ec\/sitio\/wp-content\/uploads\/2024\/04\/BIBLIOTECA-DE-LAS-ARTES-WEB.jpg","keywords":["biblioteca"],"articleSection":["Acad\u00e9mico","Administrativos","Docentes","Estudiantes","Gesti\u00f3n","Sedes"],"inLanguage":"es","potentialAction":[{"@type":"CommentAction","name":"Comment","target":["https:\/\/www.uartes.edu.ec\/sitio\/blog\/2024\/04\/24\/biblioteca-de-las-artes-celebra-con-la-muestra-comunidad-uartes-su-primer-lustro\/#respond"]}]},{"@type":["WebPage","ItemPage"],"@id":"https:\/\/www.uartes.edu.ec\/sitio\/blog\/2024\/04\/24\/biblioteca-de-las-artes-celebra-con-la-muestra-comunidad-uartes-su-primer-lustro\/","url":"https:\/\/www.uartes.edu.ec\/sitio\/blog\/2024\/04\/24\/biblioteca-de-las-artes-celebra-con-la-muestra-comunidad-uartes-su-primer-lustro\/","name":"Universidad de las Artes - Biblioteca de las Artes celebra cinco a\u00f1os con la exposici\u00f3n \u201cComunidad UArtes\u201d; estar\u00e1 en Galer\u00eda 4ta Pared","isPartOf":{"@id":"https:\/\/www.uartes.edu.ec\/sitio\/#website"},"primaryImageOfPage":{"@id":"https:\/\/www.uartes.edu.ec\/sitio\/blog\/2024\/04\/24\/biblioteca-de-las-artes-celebra-con-la-muestra-comunidad-uartes-su-primer-lustro\/#primaryimage"},"image":{"@id":"https:\/\/www.uartes.edu.ec\/sitio\/blog\/2024\/04\/24\/biblioteca-de-las-artes-celebra-con-la-muestra-comunidad-uartes-su-primer-lustro\/#primaryimage"},"thumbnailUrl":"https:\/\/www.uartes.edu.ec\/sitio\/wp-content\/uploads\/2024\/04\/BIBLIOTECA-DE-LAS-ARTES-WEB.jpg","datePublished":"2024-04-24T21:47:00+00:00","dateModified":"2024-07-04T16:19:07+00:00","description":"Universidad de las Artes - Biblioteca de las Artes celebra cinco a\u00f1os con la exposici\u00f3n \u201cComunidad UArtes\u201d; estar\u00e1 en Galer\u00eda 4ta Pared","breadcrumb":{"@id":"https:\/\/www.uartes.edu.ec\/sitio\/blog\/2024\/04\/24\/biblioteca-de-las-artes-celebra-con-la-muestra-comunidad-uartes-su-primer-lustro\/#breadcrumb"},"inLanguage":"es","potentialAction":[{"@type":"ReadAction","target":["https:\/\/www.uartes.edu.ec\/sitio\/blog\/2024\/04\/24\/biblioteca-de-las-artes-celebra-con-la-muestra-comunidad-uartes-su-primer-lustro\/"]}]},{"@type":"ImageObject","inLanguage":"es","@id":"https:\/\/www.uartes.edu.ec\/sitio\/blog\/2024\/04\/24\/biblioteca-de-las-artes-celebra-con-la-muestra-comunidad-uartes-su-primer-lustro\/#primaryimage","url":"https:\/\/www.uartes.edu.ec\/sitio\/wp-content\/uploads\/2024\/04\/BIBLIOTECA-DE-LAS-ARTES-WEB.jpg","contentUrl":"https:\/\/www.uartes.edu.ec\/sitio\/wp-content\/uploads\/2024\/04\/BIBLIOTECA-DE-LAS-ARTES-WEB.jpg","width":2000,"height":1333},{"@type":"BreadcrumbList","@id":"https:\/\/www.uartes.edu.ec\/sitio\/blog\/2024\/04\/24\/biblioteca-de-las-artes-celebra-con-la-muestra-comunidad-uartes-su-primer-lustro\/#breadcrumb","itemListElement":[{"@type":"ListItem","position":1,"name":"Inicio","item":"https:\/\/www.uartes.edu.ec\/sitio\/"},{"@type":"ListItem","position":2,"name":"Biblioteca de las Artes celebra cinco a\u00f1os con la exposici\u00f3n \u201cComunidad UArtes\u201d; estar\u00e1 en Galer\u00eda 4ta Pared"}]},{"@type":"WebSite","@id":"https:\/\/www.uartes.edu.ec\/sitio\/#website","url":"https:\/\/www.uartes.edu.ec\/sitio\/","name":"Universidad de las Artes","description":"Sitio oficial de la Universidad Nacional de las Artes del Ecuador","publisher":{"@id":"https:\/\/www.uartes.edu.ec\/sitio\/#organization"},"potentialAction":[{"@type":"SearchAction","target":{"@type":"EntryPoint","urlTemplate":"https:\/\/www.uartes.edu.ec\/sitio\/?s={search_term_string}"},"query-input":{"@type":"PropertyValueSpecification","valueRequired":true,"valueName":"search_term_string"}}],"inLanguage":"es"},{"@type":"Organization","@id":"https:\/\/www.uartes.edu.ec\/sitio\/#organization","name":"Universidad de las Artes","url":"https:\/\/www.uartes.edu.ec\/sitio\/","logo":{"@type":"ImageObject","inLanguage":"es","@id":"https:\/\/www.uartes.edu.ec\/sitio\/#\/schema\/logo\/image\/","url":"https:\/\/www.uartes.edu.ec\/sitio\/wp-content\/uploads\/2022\/07\/logo-ua-horizontal.png","contentUrl":"https:\/\/www.uartes.edu.ec\/sitio\/wp-content\/uploads\/2022\/07\/logo-ua-horizontal.png","width":800,"height":276,"caption":"Universidad de las Artes"},"image":{"@id":"https:\/\/www.uartes.edu.ec\/sitio\/#\/schema\/logo\/image\/"},"sameAs":["https:\/\/www.facebook.com\/uartesec","https:\/\/x.com\/uartesec","https:\/\/www.tiktok.com\/@uartesec"]},{"@type":"Person","@id":"https:\/\/www.uartes.edu.ec\/sitio\/#\/schema\/person\/efa1b8275797664fd7f13a79ccc0b1f4","name":"ccortez","image":{"@type":"ImageObject","inLanguage":"es","@id":"https:\/\/secure.gravatar.com\/avatar\/b2a6f664a3ae8e074346ef91775736c5ec479e637ecced6842de9dc98b5da9cd?s=96&d=mm&r=g","url":"https:\/\/secure.gravatar.com\/avatar\/b2a6f664a3ae8e074346ef91775736c5ec479e637ecced6842de9dc98b5da9cd?s=96&d=mm&r=g","contentUrl":"https:\/\/secure.gravatar.com\/avatar\/b2a6f664a3ae8e074346ef91775736c5ec479e637ecced6842de9dc98b5da9cd?s=96&d=mm&r=g","caption":"ccortez"},"url":"https:\/\/www.uartes.edu.ec\/sitio\/blog\/author\/ccortez\/"}]}},"uagb_featured_image_src":{"full":["https:\/\/www.uartes.edu.ec\/sitio\/wp-content\/uploads\/2024\/04\/BIBLIOTECA-DE-LAS-ARTES-WEB.jpg",2000,1333,false],"thumbnail":["https:\/\/www.uartes.edu.ec\/sitio\/wp-content\/uploads\/2024\/04\/BIBLIOTECA-DE-LAS-ARTES-WEB-150x150.jpg",150,150,true],"medium":["https:\/\/www.uartes.edu.ec\/sitio\/wp-content\/uploads\/2024\/04\/BIBLIOTECA-DE-LAS-ARTES-WEB-300x200.jpg",300,200,true],"medium_large":["https:\/\/www.uartes.edu.ec\/sitio\/wp-content\/uploads\/2024\/04\/BIBLIOTECA-DE-LAS-ARTES-WEB-768x512.jpg",768,512,true],"large":["https:\/\/www.uartes.edu.ec\/sitio\/wp-content\/uploads\/2024\/04\/BIBLIOTECA-DE-LAS-ARTES-WEB-644x429.jpg",644,429,true],"1536x1536":["https:\/\/www.uartes.edu.ec\/sitio\/wp-content\/uploads\/2024\/04\/BIBLIOTECA-DE-LAS-ARTES-WEB-1536x1024.jpg",1536,1024,true],"2048x2048":["https:\/\/www.uartes.edu.ec\/sitio\/wp-content\/uploads\/2024\/04\/BIBLIOTECA-DE-LAS-ARTES-WEB.jpg",2000,1333,false],"trp-custom-language-flag":["https:\/\/www.uartes.edu.ec\/sitio\/wp-content\/uploads\/2024\/04\/BIBLIOTECA-DE-LAS-ARTES-WEB-18x12.jpg",18,12,true],"htmega_size_585x295":["https:\/\/www.uartes.edu.ec\/sitio\/wp-content\/uploads\/2024\/04\/BIBLIOTECA-DE-LAS-ARTES-WEB-585x295.jpg",585,295,true],"htmega_size_1170x536":["https:\/\/www.uartes.edu.ec\/sitio\/wp-content\/uploads\/2024\/04\/BIBLIOTECA-DE-LAS-ARTES-WEB-1170x536.jpg",1170,536,true],"htmega_size_396x360":["https:\/\/www.uartes.edu.ec\/sitio\/wp-content\/uploads\/2024\/04\/BIBLIOTECA-DE-LAS-ARTES-WEB-396x360.jpg",396,360,true],"gb-block-post-grid-landscape":["https:\/\/www.uartes.edu.ec\/sitio\/wp-content\/uploads\/2024\/04\/BIBLIOTECA-DE-LAS-ARTES-WEB-600x400.jpg",600,400,true],"gb-block-post-grid-square":["https:\/\/www.uartes.edu.ec\/sitio\/wp-content\/uploads\/2024\/04\/BIBLIOTECA-DE-LAS-ARTES-WEB-600x600.jpg",600,600,true],"university-hub-thumb":["https:\/\/www.uartes.edu.ec\/sitio\/wp-content\/uploads\/2024\/04\/BIBLIOTECA-DE-LAS-ARTES-WEB-400x267.jpg",400,267,true]},"uagb_author_info":{"display_name":"ccortez","author_link":"https:\/\/www.uartes.edu.ec\/sitio\/blog\/author\/ccortez\/"},"uagb_comment_info":0,"uagb_excerpt":"Con la inauguraci\u00f3n de la muestra \u201cComunidad UArtes\u201d, que abarca los resultados de la convocatoria a un concurso de fotograf\u00eda interno que propuso la Biblioteca de las Artes en 2023, y una detallada selecci\u00f3n de im\u00e1genes del Archivo El Tel\u00e9grafo, el repositorio de la UArtes celebra cinco a\u00f1os de vida. Se abrir\u00e1 este 26 de&hellip;","featured_image_src":"https:\/\/www.uartes.edu.ec\/sitio\/wp-content\/uploads\/2024\/04\/BIBLIOTECA-DE-LAS-ARTES-WEB-600x400.jpg","featured_image_src_square":"https:\/\/www.uartes.edu.ec\/sitio\/wp-content\/uploads\/2024\/04\/BIBLIOTECA-DE-LAS-ARTES-WEB-600x600.jpg","author_info":{"display_name":"ccortez","author_link":"https:\/\/www.uartes.edu.ec\/sitio\/blog\/author\/ccortez\/"},"publishpress_future_workflow_manual_trigger":{"enabledWorkflows":[]},"distributor_meta":false,"distributor_terms":false,"distributor_media":false,"distributor_original_site_name":"Universidad de las Artes","distributor_original_site_url":"https:\/\/www.uartes.edu.ec\/sitio","push-errors":false,"_links":{"self":[{"href":"https:\/\/www.uartes.edu.ec\/sitio\/wp-json\/wp\/v2\/posts\/52877","targetHints":{"allow":["GET"]}}],"collection":[{"href":"https:\/\/www.uartes.edu.ec\/sitio\/wp-json\/wp\/v2\/posts"}],"about":[{"href":"https:\/\/www.uartes.edu.ec\/sitio\/wp-json\/wp\/v2\/types\/post"}],"author":[{"embeddable":true,"href":"https:\/\/www.uartes.edu.ec\/sitio\/wp-json\/wp\/v2\/users\/10"}],"replies":[{"embeddable":true,"href":"https:\/\/www.uartes.edu.ec\/sitio\/wp-json\/wp\/v2\/comments?post=52877"}],"version-history":[{"count":12,"href":"https:\/\/www.uartes.edu.ec\/sitio\/wp-json\/wp\/v2\/posts\/52877\/revisions"}],"predecessor-version":[{"id":54203,"href":"https:\/\/www.uartes.edu.ec\/sitio\/wp-json\/wp\/v2\/posts\/52877\/revisions\/54203"}],"wp:featuredmedia":[{"embeddable":true,"href":"https:\/\/www.uartes.edu.ec\/sitio\/wp-json\/wp\/v2\/media\/52882"}],"wp:attachment":[{"href":"https:\/\/www.uartes.edu.ec\/sitio\/wp-json\/wp\/v2\/media?parent=52877"}],"wp:term":[{"taxonomy":"category","embeddable":true,"href":"https:\/\/www.uartes.edu.ec\/sitio\/wp-json\/wp\/v2\/categories?post=52877"},{"taxonomy":"post_tag","embeddable":true,"href":"https:\/\/www.uartes.edu.ec\/sitio\/wp-json\/wp\/v2\/tags?post=52877"},{"taxonomy":"infouartes","embeddable":true,"href":"https:\/\/www.uartes.edu.ec\/sitio\/wp-json\/wp\/v2\/infouartes?post=52877"}],"curies":[{"name":"wp","href":"https:\/\/api.w.org\/{rel}","templated":true}]}}