{"id":53884,"date":"2024-05-14T17:33:11","date_gmt":"2024-05-14T22:33:11","guid":{"rendered":"https:\/\/www.uartes.edu.ec\/sitio\/?p=53884"},"modified":"2024-07-04T11:18:58","modified_gmt":"2024-07-04T16:18:58","slug":"objetivo-decir-estara-en-la-fiesta-escenica-de-quito-detalles-de-su-seleccion-tras-responder-a-convocatoria","status":"publish","type":"post","link":"https:\/\/www.uartes.edu.ec\/sitio\/blog\/2024\/05\/14\/objetivo-decir-estara-en-la-fiesta-escenica-de-quito-detalles-de-su-seleccion-tras-responder-a-convocatoria\/","title":{"rendered":"\u201cObjetivo: Decir\u201d estar\u00e1 en la Fiesta Esc\u00e9nica de Quito 2024; detalles de su selecci\u00f3n tras responder convocatoria"},"content":{"rendered":"\n<p>En febrero pasado, la obra \u201cObjetivo: Decir\u201d lleg\u00f3 al escenario como un hito y un desaf\u00edo de la carrera de Danza de la Escuela de Artes Esc\u00e9nicas de la Universidad de las Artes y como resultado de los aprendizajes coreogr\u00e1ficos y creativos de estudiantes del octavo semestre. Su directora, la docente Sof\u00eda Mera, se\u00f1al\u00f3 entonces que su creaci\u00f3n surgi\u00f3 de una premisa de accesibilidad para personas con diversidades perceptuales auditivas.<\/p>\n\n\n\n<p>\u201cObjetivo: Decir\u201d tuvo algunas presentaciones y no ha dejado de ser noticia. Lo m\u00e1s reciente es su participaci\u00f3n en la Fiesta Esc\u00e9nica de Quito 2024 que tendr\u00e1 lugar en la capital en junio pr\u00f3ximo. Su intervenci\u00f3n se da luego de quedar entre las obras seleccionadas en la categor\u00eda estudiantil, en la convocatoria p\u00fablica \u201cMuestra Nacional de la Fiesta Esc\u00e9nica 2024: Escenarios del Sur\u201d a la que respondieron sus int\u00e9rpretes-creadores: Milagros Ortiz, Bryan Ch\u00e1vez, Nadia Shupingahua, Ivanna Ricardo, Juliana Mej\u00eda, Narcisa Olvera, Emilia Burgos, Dagmar Naranjo y Jamil Farah.<\/p>\n\n\n\n<p>Milagros Ortiz comenta a InfoUArtes que \u201cObjetivo: Decir\u201d respondi\u00f3 al llamamiento gracias al impulso de la core\u00f3grafa y directora Sof\u00eda Mera, quien les aconsej\u00f3 buscar convocatorias de manera aut\u00f3noma. Hab\u00edan, dice, finalizado el \u00faltimo a\u00f1o de la carrera y \u201cnotamos la necesidad de movilizar la obra. Lo siguiente fue reunirnos el equipo para dialogar sobre futuras postulaciones\u201d.<\/p>\n\n\n<div class=\"wp-block-image\">\n<figure class=\"aligncenter size-large\"><img fetchpriority=\"high\" decoding=\"async\" width=\"644\" height=\"429\" src=\"https:\/\/www.uartes.edu.ec\/sitio\/wp-content\/uploads\/2024\/05\/02-OBRA-OBJETIVO-DECIR-644x429.jpg\" alt=\"\" class=\"wp-image-53887\" srcset=\"https:\/\/www.uartes.edu.ec\/sitio\/wp-content\/uploads\/2024\/05\/02-OBRA-OBJETIVO-DECIR-644x429.jpg 644w, https:\/\/www.uartes.edu.ec\/sitio\/wp-content\/uploads\/2024\/05\/02-OBRA-OBJETIVO-DECIR-768x511.jpg 768w, https:\/\/www.uartes.edu.ec\/sitio\/wp-content\/uploads\/2024\/05\/02-OBRA-OBJETIVO-DECIR.jpg 2000w, https:\/\/www.uartes.edu.ec\/sitio\/wp-content\/uploads\/2024\/05\/02-OBRA-OBJETIVO-DECIR-18x12.jpg 18w, https:\/\/www.uartes.edu.ec\/sitio\/wp-content\/uploads\/2024\/05\/02-OBRA-OBJETIVO-DECIR-600x399.jpg 600w, https:\/\/www.uartes.edu.ec\/sitio\/wp-content\/uploads\/2024\/05\/02-OBRA-OBJETIVO-DECIR-272x182.jpg 272w\" sizes=\"(max-width: 644px) 100vw, 644px\" \/><\/figure>\n<\/div>\n\n\n<p>La estudiante de Danza, s\u00e9ptima generaci\u00f3n, agrega haberle prometido a Mera hacer lo posible por llevar la obra a Quito, puesto que cuando se estren\u00f3 en Guayaquil se registraban en el pa\u00eds hechos de violencia que no permitieron la movilizaci\u00f3n de su familia, que vive en la capital, ni la de sus compa\u00f1eros for\u00e1neos. Refiere Ortiz que desde ese d\u00eda empez\u00f3 a buscar convocatorias en redes sociales y paginas oficiales de teatros quite\u00f1os, especialmente en la p\u00e1gina de la Fundaci\u00f3n Teatro Nacional Sucre (https:\/\/teatrosucre.com\/), donde encontr\u00f3 la que se hizo para la \u201cMuestra Nacional de la Fiesta Esc\u00e9nica 2024: Escenarios del Sur\u201d.<\/p>\n\n\n\n<p>\u201cEnseguida lo comuniqu\u00e9 a la core\u00f3grafa y mis compa\u00f1eros int\u00e9rpretes-creadores:Bryan Ch\u00e1vez, Nadia Shupingahua, Ivanna Ricardo, Juliana Mej\u00eda, Narcisa Olvera, Emilia Burgos, Dagmar Naranjo y Jamil Farah, sin olvidar que en el dise\u00f1o sonoro y multimedia interviene Juan Jos\u00e9 Ripalda y en el dise\u00f1o de iluminaci\u00f3n Aracelly S\u00e1nchez, docentes UArtes. Juntos le\u00edmos las bases de esta convocatoria y el paso siguiente fue recopilar los requisitos\u201d.<\/p>\n\n\n\n<p>Cabe anotar que, la convocatoria para la \u201cMuestra Nacional de Artes Esc\u00e9nicas: Escenarios del Sur\u201d estuvo dirigida a creadores\/as esc\u00e9nicos\/as del pa\u00eds con trabajos cuyos modos de abordaje del teatro, de la danza y del performance (sus cruces, mixturas y derivas) den cuenta de un proceso s\u00f3lido, destacado y que tengan un enfoque situado y cr\u00edtico.<\/p>\n\n\n<div class=\"wp-block-image\">\n<figure class=\"aligncenter size-large\"><img decoding=\"async\" width=\"644\" height=\"429\" src=\"https:\/\/www.uartes.edu.ec\/sitio\/wp-content\/uploads\/2024\/05\/03-OBRA-OBJETIVO-DECIR-1-644x429.jpg\" alt=\"\" class=\"wp-image-53888\" srcset=\"https:\/\/www.uartes.edu.ec\/sitio\/wp-content\/uploads\/2024\/05\/03-OBRA-OBJETIVO-DECIR-1-644x429.jpg 644w, https:\/\/www.uartes.edu.ec\/sitio\/wp-content\/uploads\/2024\/05\/03-OBRA-OBJETIVO-DECIR-1-768x511.jpg 768w, https:\/\/www.uartes.edu.ec\/sitio\/wp-content\/uploads\/2024\/05\/03-OBRA-OBJETIVO-DECIR-1.jpg 2000w, https:\/\/www.uartes.edu.ec\/sitio\/wp-content\/uploads\/2024\/05\/03-OBRA-OBJETIVO-DECIR-1-18x12.jpg 18w, https:\/\/www.uartes.edu.ec\/sitio\/wp-content\/uploads\/2024\/05\/03-OBRA-OBJETIVO-DECIR-1-600x399.jpg 600w, https:\/\/www.uartes.edu.ec\/sitio\/wp-content\/uploads\/2024\/05\/03-OBRA-OBJETIVO-DECIR-1-272x182.jpg 272w\" sizes=\"(max-width: 644px) 100vw, 644px\" \/><\/figure>\n<\/div>\n\n\n<p>Ortiz anota que, adem\u00e1s de un inter\u00e9s personal de movilizar la obra a Quito por su familia hubo uno grupal a\u00fan m\u00e1s potente: dialogar con otros p\u00fablicos para tener un acercamiento al mundo profesional de las artes, lo cual les espera en poco tiempo. Recuerda tambi\u00e9n que \u201cObjetivo: Decir\u201d se fundamenta en procesos creativos accesibles pensados para y con personas con discapacidad.<\/p>\n\n\n\n<p>Milagros Ortiz a\u00f1ade que, durante el desarrollo de la composici\u00f3n de la obra, el equipo tuvo un acercamiento con colaboradoras sordas y personas con discapacidad auditiva del Instituto de Audici\u00f3n y Lenguaje de Guayaquil, quienes nutrieron el bagaje de experiencias acerca de la diversidad, la comunicaci\u00f3n, las variadas formas de percepci\u00f3n y la apreciaci\u00f3n de las artes.<\/p>\n\n\n\n<p>Una vez realizada la postulaci\u00f3n vivieron, indica, la incertidumbre de la selecci\u00f3n, lo cual los llev\u00f3 a estar atentos a los correos y n\u00fameros de celular, en caso de haber sido seleccionados. Al saber que s\u00ed, se sintieron felices como equipo y profesionales, recibiendo las felicitaciones de los docentes de la carrera y de la escuela. Ortiz anota que las c\u00e1lidas palabras fueron como un abrazo familiar, pues los profesores son m\u00e1s que maestros, son una familia danc\u00edstica.<\/p>\n\n\n<div class=\"wp-block-image\">\n<figure class=\"aligncenter size-large\"><img decoding=\"async\" width=\"644\" height=\"429\" src=\"https:\/\/www.uartes.edu.ec\/sitio\/wp-content\/uploads\/2024\/05\/04-OBRA-OBJETIVO-DECIR-1-644x429.jpg\" alt=\"\" class=\"wp-image-53889\" srcset=\"https:\/\/www.uartes.edu.ec\/sitio\/wp-content\/uploads\/2024\/05\/04-OBRA-OBJETIVO-DECIR-1-644x429.jpg 644w, https:\/\/www.uartes.edu.ec\/sitio\/wp-content\/uploads\/2024\/05\/04-OBRA-OBJETIVO-DECIR-1-768x511.jpg 768w, https:\/\/www.uartes.edu.ec\/sitio\/wp-content\/uploads\/2024\/05\/04-OBRA-OBJETIVO-DECIR-1.jpg 2000w, https:\/\/www.uartes.edu.ec\/sitio\/wp-content\/uploads\/2024\/05\/04-OBRA-OBJETIVO-DECIR-1-18x12.jpg 18w, https:\/\/www.uartes.edu.ec\/sitio\/wp-content\/uploads\/2024\/05\/04-OBRA-OBJETIVO-DECIR-1-600x399.jpg 600w, https:\/\/www.uartes.edu.ec\/sitio\/wp-content\/uploads\/2024\/05\/04-OBRA-OBJETIVO-DECIR-1-272x182.jpg 272w\" sizes=\"(max-width: 644px) 100vw, 644px\" \/><\/figure>\n<\/div>\n\n\n<p>Con respecto a los pasos para la Fiesta Esc\u00e9nica de Quito 2024 que se avecina, Milagros Ortiz revela que se mantendr\u00e1n en ensayos, tomando en cuenta las sugerencias de la directora Sof\u00eda Mera, puesto que \u201cla obra ha ido mutando en cada presentaci\u00f3n y siempre se puede mejorar el nivel interpretativo, la calidad del movimiento, etc\u00e9tera\u201d.<\/p>\n\n\n\n<p>Modificaciones siempre habr\u00e1 de acuerdo con el espacio, \u201cen este caso es la primera vez que la obra se presentar\u00e1 en un teatro y lo m\u00e1s emocionante: en la capital\u201d. La postulaci\u00f3n y posterior selecci\u00f3n los llena de orgullo y agradecimiento por haber sido tomados en cuenta, no obstante, \u201cnotamos que es necesario para nosotros seguir movilizando la obra no solo en Ecuador, sino lograr la internacionalizaci\u00f3n\u201d.<\/p>\n\n\n\n<h3 class=\"wp-block-heading\">Antecedentes de la obra<\/h3>\n\n\n\n<p>En el di\u00e1logo que InfoUArtes mantuvo con Sof\u00eda Mera previo al estreno de \u201cObjetivo: Decir\u201d, la directora y docente indic\u00f3 que la obra era realmente una motivaci\u00f3n de c\u00f3mo el lenguaje de movimiento puede complementarse con otro tipo de lenguaje: visual, sonoro y lengua de se\u00f1as, para que no sea solamente accesible para los que consumimos Danza Contempor\u00e1nea todos los d\u00edas, sino para personas sordas y en general.&nbsp;<\/p>\n\n\n\n<p>El hilo conductor de la obra tiene que ver con el deseo y el intento a veces infructuoso de comunicarnos. \u201cSiempre estamos comunicando algo (\u2026). Por eso el nombre de la obra, pues cada estudiante tiene una escena en la que es protagonista y una motivaci\u00f3n por comunicar algo o una frustraci\u00f3n por no hacerlo\u201d.<\/p>\n\n\n\n<p>El montaje, en cuyo entrenamiento los estudiantes contaron con el acompa\u00f1amiento del docente \u00d3scar Santana, consta de escenas y dura 50 minutos. Intervino entonces con los int\u00e9rpretes-creadores Giovanna Ricaurte, quien es int\u00e9rprete de Lengua de Se\u00f1as Ecuatoriana (LSE), as\u00ed como Anita Giler y Karen Yunga, quienes tienen discapacidad auditiva.<\/p>\n\n\n\n<p><\/p>\n","protected":false},"excerpt":{"rendered":"<p>La obra \u201cObjetivo: Decir\u201d lleg\u00f3 en febrero pasado al escenario como un hito y un desaf\u00edo de la carrera de Danza de la Escuela de Artes Esc\u00e9nicas de la UArtes y como resultado de los aprendizajes coreogr\u00e1ficos y creativos de estudiantes de octavo semestre. Tuvo varias presentaciones y sigue siendo noticia, pues tras responder a una convocatoria fue seleccionada para la Fiesta Esc\u00e9nica de Quito 2024 que se har\u00e1 en junio. <\/p>\n","protected":false},"author":10,"featured_media":53886,"comment_status":"open","ping_status":"open","sticky":false,"template":"","format":"standard","meta":{"_acf_changed":false,"_uag_custom_page_level_css":"","_monsterinsights_skip_tracking":false,"_monsterinsights_sitenote_active":false,"_monsterinsights_sitenote_note":"","_monsterinsights_sitenote_category":0,"cybocfi_hide_featured_image":"","footnotes":""},"categories":[80,82,159,75,76,77],"tags":[516],"infouartes":[],"class_list":["post-53884","post","type-post","status-publish","format-standard","has-post-thumbnail","hentry","category-academico","category-artes","category-artes-escenicas","category-docentes","category-estudiantes","category-gestion","tag-festival"],"acf":[],"yoast_head":"<!-- This site is optimized with the Yoast SEO plugin v27.4 - https:\/\/yoast.com\/product\/yoast-seo-wordpress\/ -->\n<title>Universidad de las Artes - \u201cObjetivo: Decir\u201d estar\u00e1 en la Fiesta Esc\u00e9nica de Quito 2024; detalles de su selecci\u00f3n tras responder convocatoria<\/title>\n<meta name=\"description\" content=\"Universidad de las Artes - \u201cObjetivo: Decir\u201d estar\u00e1 en la Fiesta Esc\u00e9nica de Quito 2024; detalles de su selecci\u00f3n tras responder convocatoria\" \/>\n<meta name=\"robots\" content=\"index, follow, max-snippet:-1, max-image-preview:large, max-video-preview:-1\" \/>\n<link rel=\"canonical\" href=\"https:\/\/www.uartes.edu.ec\/sitio\/blog\/2024\/05\/14\/objetivo-decir-estara-en-la-fiesta-escenica-de-quito-detalles-de-su-seleccion-tras-responder-a-convocatoria\/\" \/>\n<meta property=\"og:locale\" content=\"es_ES\" \/>\n<meta property=\"og:type\" content=\"article\" \/>\n<meta property=\"og:title\" content=\"Universidad de las Artes - \u201cObjetivo: Decir\u201d estar\u00e1 en la Fiesta Esc\u00e9nica de Quito 2024; detalles de su selecci\u00f3n tras responder convocatoria\" \/>\n<meta property=\"og:description\" content=\"Universidad de las Artes - \u201cObjetivo: Decir\u201d estar\u00e1 en la Fiesta Esc\u00e9nica de Quito 2024; detalles de su selecci\u00f3n tras responder convocatoria\" \/>\n<meta property=\"og:url\" content=\"https:\/\/www.uartes.edu.ec\/sitio\/blog\/2024\/05\/14\/objetivo-decir-estara-en-la-fiesta-escenica-de-quito-detalles-de-su-seleccion-tras-responder-a-convocatoria\/\" \/>\n<meta property=\"og:site_name\" content=\"Universidad de las Artes\" \/>\n<meta property=\"article:publisher\" content=\"https:\/\/www.facebook.com\/uartesec\" \/>\n<meta property=\"article:published_time\" content=\"2024-05-14T22:33:11+00:00\" \/>\n<meta property=\"article:modified_time\" content=\"2024-07-04T16:18:58+00:00\" \/>\n<meta property=\"og:image\" content=\"https:\/\/www.uartes.edu.ec\/sitio\/wp-content\/uploads\/2024\/05\/01-OBRA-OBJETIVO-DECIR.jpg\" \/>\n\t<meta property=\"og:image:width\" content=\"2000\" \/>\n\t<meta property=\"og:image:height\" content=\"1333\" \/>\n\t<meta property=\"og:image:type\" content=\"image\/jpeg\" \/>\n<meta name=\"author\" content=\"ccortez\" \/>\n<meta name=\"twitter:card\" content=\"summary_large_image\" \/>\n<meta name=\"twitter:creator\" content=\"@uartesec\" \/>\n<meta name=\"twitter:site\" content=\"@uartesec\" \/>\n<meta name=\"twitter:label1\" content=\"Escrito por\" \/>\n\t<meta name=\"twitter:data1\" content=\"ccortez\" \/>\n\t<meta name=\"twitter:label2\" content=\"Tiempo de lectura\" \/>\n\t<meta name=\"twitter:data2\" content=\"6 minutos\" \/>\n<script type=\"application\/ld+json\" class=\"yoast-schema-graph\">{\"@context\":\"https:\\\/\\\/schema.org\",\"@graph\":[{\"@type\":\"Article\",\"@id\":\"https:\\\/\\\/www.uartes.edu.ec\\\/sitio\\\/blog\\\/2024\\\/05\\\/14\\\/objetivo-decir-estara-en-la-fiesta-escenica-de-quito-detalles-de-su-seleccion-tras-responder-a-convocatoria\\\/#article\",\"isPartOf\":{\"@id\":\"https:\\\/\\\/www.uartes.edu.ec\\\/sitio\\\/blog\\\/2024\\\/05\\\/14\\\/objetivo-decir-estara-en-la-fiesta-escenica-de-quito-detalles-de-su-seleccion-tras-responder-a-convocatoria\\\/\"},\"author\":{\"name\":\"ccortez\",\"@id\":\"https:\\\/\\\/www.uartes.edu.ec\\\/sitio\\\/#\\\/schema\\\/person\\\/efa1b8275797664fd7f13a79ccc0b1f4\"},\"headline\":\"\u201cObjetivo: Decir\u201d estar\u00e1 en la Fiesta Esc\u00e9nica de Quito 2024; detalles de su selecci\u00f3n tras responder convocatoria\",\"datePublished\":\"2024-05-14T22:33:11+00:00\",\"dateModified\":\"2024-07-04T16:18:58+00:00\",\"mainEntityOfPage\":{\"@id\":\"https:\\\/\\\/www.uartes.edu.ec\\\/sitio\\\/blog\\\/2024\\\/05\\\/14\\\/objetivo-decir-estara-en-la-fiesta-escenica-de-quito-detalles-de-su-seleccion-tras-responder-a-convocatoria\\\/\"},\"wordCount\":1039,\"commentCount\":0,\"publisher\":{\"@id\":\"https:\\\/\\\/www.uartes.edu.ec\\\/sitio\\\/#organization\"},\"image\":{\"@id\":\"https:\\\/\\\/www.uartes.edu.ec\\\/sitio\\\/blog\\\/2024\\\/05\\\/14\\\/objetivo-decir-estara-en-la-fiesta-escenica-de-quito-detalles-de-su-seleccion-tras-responder-a-convocatoria\\\/#primaryimage\"},\"thumbnailUrl\":\"https:\\\/\\\/www.uartes.edu.ec\\\/sitio\\\/wp-content\\\/uploads\\\/2024\\\/05\\\/01-OBRA-OBJETIVO-DECIR.jpg\",\"keywords\":[\"festival\"],\"articleSection\":[\"Acad\u00e9mico\",\"Artes\",\"Artes Esc\u00e9nicas\",\"Docentes\",\"Estudiantes\",\"Gesti\u00f3n\"],\"inLanguage\":\"es\",\"potentialAction\":[{\"@type\":\"CommentAction\",\"name\":\"Comment\",\"target\":[\"https:\\\/\\\/www.uartes.edu.ec\\\/sitio\\\/blog\\\/2024\\\/05\\\/14\\\/objetivo-decir-estara-en-la-fiesta-escenica-de-quito-detalles-de-su-seleccion-tras-responder-a-convocatoria\\\/#respond\"]}]},{\"@type\":[\"WebPage\",\"ItemPage\"],\"@id\":\"https:\\\/\\\/www.uartes.edu.ec\\\/sitio\\\/blog\\\/2024\\\/05\\\/14\\\/objetivo-decir-estara-en-la-fiesta-escenica-de-quito-detalles-de-su-seleccion-tras-responder-a-convocatoria\\\/\",\"url\":\"https:\\\/\\\/www.uartes.edu.ec\\\/sitio\\\/blog\\\/2024\\\/05\\\/14\\\/objetivo-decir-estara-en-la-fiesta-escenica-de-quito-detalles-de-su-seleccion-tras-responder-a-convocatoria\\\/\",\"name\":\"Universidad de las Artes - \u201cObjetivo: Decir\u201d estar\u00e1 en la Fiesta Esc\u00e9nica de Quito 2024; detalles de su selecci\u00f3n tras responder convocatoria\",\"isPartOf\":{\"@id\":\"https:\\\/\\\/www.uartes.edu.ec\\\/sitio\\\/#website\"},\"primaryImageOfPage\":{\"@id\":\"https:\\\/\\\/www.uartes.edu.ec\\\/sitio\\\/blog\\\/2024\\\/05\\\/14\\\/objetivo-decir-estara-en-la-fiesta-escenica-de-quito-detalles-de-su-seleccion-tras-responder-a-convocatoria\\\/#primaryimage\"},\"image\":{\"@id\":\"https:\\\/\\\/www.uartes.edu.ec\\\/sitio\\\/blog\\\/2024\\\/05\\\/14\\\/objetivo-decir-estara-en-la-fiesta-escenica-de-quito-detalles-de-su-seleccion-tras-responder-a-convocatoria\\\/#primaryimage\"},\"thumbnailUrl\":\"https:\\\/\\\/www.uartes.edu.ec\\\/sitio\\\/wp-content\\\/uploads\\\/2024\\\/05\\\/01-OBRA-OBJETIVO-DECIR.jpg\",\"datePublished\":\"2024-05-14T22:33:11+00:00\",\"dateModified\":\"2024-07-04T16:18:58+00:00\",\"description\":\"Universidad de las Artes - \u201cObjetivo: Decir\u201d estar\u00e1 en la Fiesta Esc\u00e9nica de Quito 2024; detalles de su selecci\u00f3n tras responder convocatoria\",\"breadcrumb\":{\"@id\":\"https:\\\/\\\/www.uartes.edu.ec\\\/sitio\\\/blog\\\/2024\\\/05\\\/14\\\/objetivo-decir-estara-en-la-fiesta-escenica-de-quito-detalles-de-su-seleccion-tras-responder-a-convocatoria\\\/#breadcrumb\"},\"inLanguage\":\"es\",\"potentialAction\":[{\"@type\":\"ReadAction\",\"target\":[\"https:\\\/\\\/www.uartes.edu.ec\\\/sitio\\\/blog\\\/2024\\\/05\\\/14\\\/objetivo-decir-estara-en-la-fiesta-escenica-de-quito-detalles-de-su-seleccion-tras-responder-a-convocatoria\\\/\"]}]},{\"@type\":\"ImageObject\",\"inLanguage\":\"es\",\"@id\":\"https:\\\/\\\/www.uartes.edu.ec\\\/sitio\\\/blog\\\/2024\\\/05\\\/14\\\/objetivo-decir-estara-en-la-fiesta-escenica-de-quito-detalles-de-su-seleccion-tras-responder-a-convocatoria\\\/#primaryimage\",\"url\":\"https:\\\/\\\/www.uartes.edu.ec\\\/sitio\\\/wp-content\\\/uploads\\\/2024\\\/05\\\/01-OBRA-OBJETIVO-DECIR.jpg\",\"contentUrl\":\"https:\\\/\\\/www.uartes.edu.ec\\\/sitio\\\/wp-content\\\/uploads\\\/2024\\\/05\\\/01-OBRA-OBJETIVO-DECIR.jpg\",\"width\":2000,\"height\":1333},{\"@type\":\"BreadcrumbList\",\"@id\":\"https:\\\/\\\/www.uartes.edu.ec\\\/sitio\\\/blog\\\/2024\\\/05\\\/14\\\/objetivo-decir-estara-en-la-fiesta-escenica-de-quito-detalles-de-su-seleccion-tras-responder-a-convocatoria\\\/#breadcrumb\",\"itemListElement\":[{\"@type\":\"ListItem\",\"position\":1,\"name\":\"Inicio\",\"item\":\"https:\\\/\\\/www.uartes.edu.ec\\\/sitio\\\/\"},{\"@type\":\"ListItem\",\"position\":2,\"name\":\"\u201cObjetivo: Decir\u201d estar\u00e1 en la Fiesta Esc\u00e9nica de Quito 2024; detalles de su selecci\u00f3n tras responder convocatoria\"}]},{\"@type\":\"WebSite\",\"@id\":\"https:\\\/\\\/www.uartes.edu.ec\\\/sitio\\\/#website\",\"url\":\"https:\\\/\\\/www.uartes.edu.ec\\\/sitio\\\/\",\"name\":\"Universidad de las Artes\",\"description\":\"Sitio oficial de la Universidad Nacional de las Artes del Ecuador\",\"publisher\":{\"@id\":\"https:\\\/\\\/www.uartes.edu.ec\\\/sitio\\\/#organization\"},\"potentialAction\":[{\"@type\":\"SearchAction\",\"target\":{\"@type\":\"EntryPoint\",\"urlTemplate\":\"https:\\\/\\\/www.uartes.edu.ec\\\/sitio\\\/?s={search_term_string}\"},\"query-input\":{\"@type\":\"PropertyValueSpecification\",\"valueRequired\":true,\"valueName\":\"search_term_string\"}}],\"inLanguage\":\"es\"},{\"@type\":\"Organization\",\"@id\":\"https:\\\/\\\/www.uartes.edu.ec\\\/sitio\\\/#organization\",\"name\":\"Universidad de las Artes\",\"url\":\"https:\\\/\\\/www.uartes.edu.ec\\\/sitio\\\/\",\"logo\":{\"@type\":\"ImageObject\",\"inLanguage\":\"es\",\"@id\":\"https:\\\/\\\/www.uartes.edu.ec\\\/sitio\\\/#\\\/schema\\\/logo\\\/image\\\/\",\"url\":\"https:\\\/\\\/www.uartes.edu.ec\\\/sitio\\\/wp-content\\\/uploads\\\/2022\\\/07\\\/logo-ua-horizontal.png\",\"contentUrl\":\"https:\\\/\\\/www.uartes.edu.ec\\\/sitio\\\/wp-content\\\/uploads\\\/2022\\\/07\\\/logo-ua-horizontal.png\",\"width\":800,\"height\":276,\"caption\":\"Universidad de las Artes\"},\"image\":{\"@id\":\"https:\\\/\\\/www.uartes.edu.ec\\\/sitio\\\/#\\\/schema\\\/logo\\\/image\\\/\"},\"sameAs\":[\"https:\\\/\\\/www.facebook.com\\\/uartesec\",\"https:\\\/\\\/x.com\\\/uartesec\",\"https:\\\/\\\/www.tiktok.com\\\/@uartesec\"]},{\"@type\":\"Person\",\"@id\":\"https:\\\/\\\/www.uartes.edu.ec\\\/sitio\\\/#\\\/schema\\\/person\\\/efa1b8275797664fd7f13a79ccc0b1f4\",\"name\":\"ccortez\",\"image\":{\"@type\":\"ImageObject\",\"inLanguage\":\"es\",\"@id\":\"https:\\\/\\\/secure.gravatar.com\\\/avatar\\\/b2a6f664a3ae8e074346ef91775736c5ec479e637ecced6842de9dc98b5da9cd?s=96&d=mm&r=g\",\"url\":\"https:\\\/\\\/secure.gravatar.com\\\/avatar\\\/b2a6f664a3ae8e074346ef91775736c5ec479e637ecced6842de9dc98b5da9cd?s=96&d=mm&r=g\",\"contentUrl\":\"https:\\\/\\\/secure.gravatar.com\\\/avatar\\\/b2a6f664a3ae8e074346ef91775736c5ec479e637ecced6842de9dc98b5da9cd?s=96&d=mm&r=g\",\"caption\":\"ccortez\"},\"url\":\"https:\\\/\\\/www.uartes.edu.ec\\\/sitio\\\/blog\\\/author\\\/ccortez\\\/\"}]}<\/script>\n<!-- \/ Yoast SEO plugin. -->","yoast_head_json":{"title":"Universidad de las Artes - \u201cObjetivo: Decir\u201d estar\u00e1 en la Fiesta Esc\u00e9nica de Quito 2024; detalles de su selecci\u00f3n tras responder convocatoria","description":"Universidad de las Artes - \u201cObjetivo: Decir\u201d estar\u00e1 en la Fiesta Esc\u00e9nica de Quito 2024; detalles de su selecci\u00f3n tras responder convocatoria","robots":{"index":"index","follow":"follow","max-snippet":"max-snippet:-1","max-image-preview":"max-image-preview:large","max-video-preview":"max-video-preview:-1"},"canonical":"https:\/\/www.uartes.edu.ec\/sitio\/blog\/2024\/05\/14\/objetivo-decir-estara-en-la-fiesta-escenica-de-quito-detalles-de-su-seleccion-tras-responder-a-convocatoria\/","og_locale":"es_ES","og_type":"article","og_title":"Universidad de las Artes - \u201cObjetivo: Decir\u201d estar\u00e1 en la Fiesta Esc\u00e9nica de Quito 2024; detalles de su selecci\u00f3n tras responder convocatoria","og_description":"Universidad de las Artes - \u201cObjetivo: Decir\u201d estar\u00e1 en la Fiesta Esc\u00e9nica de Quito 2024; detalles de su selecci\u00f3n tras responder convocatoria","og_url":"https:\/\/www.uartes.edu.ec\/sitio\/blog\/2024\/05\/14\/objetivo-decir-estara-en-la-fiesta-escenica-de-quito-detalles-de-su-seleccion-tras-responder-a-convocatoria\/","og_site_name":"Universidad de las Artes","article_publisher":"https:\/\/www.facebook.com\/uartesec","article_published_time":"2024-05-14T22:33:11+00:00","article_modified_time":"2024-07-04T16:18:58+00:00","og_image":[{"width":2000,"height":1333,"url":"https:\/\/www.uartes.edu.ec\/sitio\/wp-content\/uploads\/2024\/05\/01-OBRA-OBJETIVO-DECIR.jpg","type":"image\/jpeg"}],"author":"ccortez","twitter_card":"summary_large_image","twitter_creator":"@uartesec","twitter_site":"@uartesec","twitter_misc":{"Escrito por":"ccortez","Tiempo de lectura":"6 minutos"},"schema":{"@context":"https:\/\/schema.org","@graph":[{"@type":"Article","@id":"https:\/\/www.uartes.edu.ec\/sitio\/blog\/2024\/05\/14\/objetivo-decir-estara-en-la-fiesta-escenica-de-quito-detalles-de-su-seleccion-tras-responder-a-convocatoria\/#article","isPartOf":{"@id":"https:\/\/www.uartes.edu.ec\/sitio\/blog\/2024\/05\/14\/objetivo-decir-estara-en-la-fiesta-escenica-de-quito-detalles-de-su-seleccion-tras-responder-a-convocatoria\/"},"author":{"name":"ccortez","@id":"https:\/\/www.uartes.edu.ec\/sitio\/#\/schema\/person\/efa1b8275797664fd7f13a79ccc0b1f4"},"headline":"\u201cObjetivo: Decir\u201d estar\u00e1 en la Fiesta Esc\u00e9nica de Quito 2024; detalles de su selecci\u00f3n tras responder convocatoria","datePublished":"2024-05-14T22:33:11+00:00","dateModified":"2024-07-04T16:18:58+00:00","mainEntityOfPage":{"@id":"https:\/\/www.uartes.edu.ec\/sitio\/blog\/2024\/05\/14\/objetivo-decir-estara-en-la-fiesta-escenica-de-quito-detalles-de-su-seleccion-tras-responder-a-convocatoria\/"},"wordCount":1039,"commentCount":0,"publisher":{"@id":"https:\/\/www.uartes.edu.ec\/sitio\/#organization"},"image":{"@id":"https:\/\/www.uartes.edu.ec\/sitio\/blog\/2024\/05\/14\/objetivo-decir-estara-en-la-fiesta-escenica-de-quito-detalles-de-su-seleccion-tras-responder-a-convocatoria\/#primaryimage"},"thumbnailUrl":"https:\/\/www.uartes.edu.ec\/sitio\/wp-content\/uploads\/2024\/05\/01-OBRA-OBJETIVO-DECIR.jpg","keywords":["festival"],"articleSection":["Acad\u00e9mico","Artes","Artes Esc\u00e9nicas","Docentes","Estudiantes","Gesti\u00f3n"],"inLanguage":"es","potentialAction":[{"@type":"CommentAction","name":"Comment","target":["https:\/\/www.uartes.edu.ec\/sitio\/blog\/2024\/05\/14\/objetivo-decir-estara-en-la-fiesta-escenica-de-quito-detalles-de-su-seleccion-tras-responder-a-convocatoria\/#respond"]}]},{"@type":["WebPage","ItemPage"],"@id":"https:\/\/www.uartes.edu.ec\/sitio\/blog\/2024\/05\/14\/objetivo-decir-estara-en-la-fiesta-escenica-de-quito-detalles-de-su-seleccion-tras-responder-a-convocatoria\/","url":"https:\/\/www.uartes.edu.ec\/sitio\/blog\/2024\/05\/14\/objetivo-decir-estara-en-la-fiesta-escenica-de-quito-detalles-de-su-seleccion-tras-responder-a-convocatoria\/","name":"Universidad de las Artes - \u201cObjetivo: Decir\u201d estar\u00e1 en la Fiesta Esc\u00e9nica de Quito 2024; detalles de su selecci\u00f3n tras responder convocatoria","isPartOf":{"@id":"https:\/\/www.uartes.edu.ec\/sitio\/#website"},"primaryImageOfPage":{"@id":"https:\/\/www.uartes.edu.ec\/sitio\/blog\/2024\/05\/14\/objetivo-decir-estara-en-la-fiesta-escenica-de-quito-detalles-de-su-seleccion-tras-responder-a-convocatoria\/#primaryimage"},"image":{"@id":"https:\/\/www.uartes.edu.ec\/sitio\/blog\/2024\/05\/14\/objetivo-decir-estara-en-la-fiesta-escenica-de-quito-detalles-de-su-seleccion-tras-responder-a-convocatoria\/#primaryimage"},"thumbnailUrl":"https:\/\/www.uartes.edu.ec\/sitio\/wp-content\/uploads\/2024\/05\/01-OBRA-OBJETIVO-DECIR.jpg","datePublished":"2024-05-14T22:33:11+00:00","dateModified":"2024-07-04T16:18:58+00:00","description":"Universidad de las Artes - \u201cObjetivo: Decir\u201d estar\u00e1 en la Fiesta Esc\u00e9nica de Quito 2024; detalles de su selecci\u00f3n tras responder convocatoria","breadcrumb":{"@id":"https:\/\/www.uartes.edu.ec\/sitio\/blog\/2024\/05\/14\/objetivo-decir-estara-en-la-fiesta-escenica-de-quito-detalles-de-su-seleccion-tras-responder-a-convocatoria\/#breadcrumb"},"inLanguage":"es","potentialAction":[{"@type":"ReadAction","target":["https:\/\/www.uartes.edu.ec\/sitio\/blog\/2024\/05\/14\/objetivo-decir-estara-en-la-fiesta-escenica-de-quito-detalles-de-su-seleccion-tras-responder-a-convocatoria\/"]}]},{"@type":"ImageObject","inLanguage":"es","@id":"https:\/\/www.uartes.edu.ec\/sitio\/blog\/2024\/05\/14\/objetivo-decir-estara-en-la-fiesta-escenica-de-quito-detalles-de-su-seleccion-tras-responder-a-convocatoria\/#primaryimage","url":"https:\/\/www.uartes.edu.ec\/sitio\/wp-content\/uploads\/2024\/05\/01-OBRA-OBJETIVO-DECIR.jpg","contentUrl":"https:\/\/www.uartes.edu.ec\/sitio\/wp-content\/uploads\/2024\/05\/01-OBRA-OBJETIVO-DECIR.jpg","width":2000,"height":1333},{"@type":"BreadcrumbList","@id":"https:\/\/www.uartes.edu.ec\/sitio\/blog\/2024\/05\/14\/objetivo-decir-estara-en-la-fiesta-escenica-de-quito-detalles-de-su-seleccion-tras-responder-a-convocatoria\/#breadcrumb","itemListElement":[{"@type":"ListItem","position":1,"name":"Inicio","item":"https:\/\/www.uartes.edu.ec\/sitio\/"},{"@type":"ListItem","position":2,"name":"\u201cObjetivo: Decir\u201d estar\u00e1 en la Fiesta Esc\u00e9nica de Quito 2024; detalles de su selecci\u00f3n tras responder convocatoria"}]},{"@type":"WebSite","@id":"https:\/\/www.uartes.edu.ec\/sitio\/#website","url":"https:\/\/www.uartes.edu.ec\/sitio\/","name":"Universidad de las Artes","description":"Sitio oficial de la Universidad Nacional de las Artes del Ecuador","publisher":{"@id":"https:\/\/www.uartes.edu.ec\/sitio\/#organization"},"potentialAction":[{"@type":"SearchAction","target":{"@type":"EntryPoint","urlTemplate":"https:\/\/www.uartes.edu.ec\/sitio\/?s={search_term_string}"},"query-input":{"@type":"PropertyValueSpecification","valueRequired":true,"valueName":"search_term_string"}}],"inLanguage":"es"},{"@type":"Organization","@id":"https:\/\/www.uartes.edu.ec\/sitio\/#organization","name":"Universidad de las Artes","url":"https:\/\/www.uartes.edu.ec\/sitio\/","logo":{"@type":"ImageObject","inLanguage":"es","@id":"https:\/\/www.uartes.edu.ec\/sitio\/#\/schema\/logo\/image\/","url":"https:\/\/www.uartes.edu.ec\/sitio\/wp-content\/uploads\/2022\/07\/logo-ua-horizontal.png","contentUrl":"https:\/\/www.uartes.edu.ec\/sitio\/wp-content\/uploads\/2022\/07\/logo-ua-horizontal.png","width":800,"height":276,"caption":"Universidad de las Artes"},"image":{"@id":"https:\/\/www.uartes.edu.ec\/sitio\/#\/schema\/logo\/image\/"},"sameAs":["https:\/\/www.facebook.com\/uartesec","https:\/\/x.com\/uartesec","https:\/\/www.tiktok.com\/@uartesec"]},{"@type":"Person","@id":"https:\/\/www.uartes.edu.ec\/sitio\/#\/schema\/person\/efa1b8275797664fd7f13a79ccc0b1f4","name":"ccortez","image":{"@type":"ImageObject","inLanguage":"es","@id":"https:\/\/secure.gravatar.com\/avatar\/b2a6f664a3ae8e074346ef91775736c5ec479e637ecced6842de9dc98b5da9cd?s=96&d=mm&r=g","url":"https:\/\/secure.gravatar.com\/avatar\/b2a6f664a3ae8e074346ef91775736c5ec479e637ecced6842de9dc98b5da9cd?s=96&d=mm&r=g","contentUrl":"https:\/\/secure.gravatar.com\/avatar\/b2a6f664a3ae8e074346ef91775736c5ec479e637ecced6842de9dc98b5da9cd?s=96&d=mm&r=g","caption":"ccortez"},"url":"https:\/\/www.uartes.edu.ec\/sitio\/blog\/author\/ccortez\/"}]}},"uagb_featured_image_src":{"full":["https:\/\/www.uartes.edu.ec\/sitio\/wp-content\/uploads\/2024\/05\/01-OBRA-OBJETIVO-DECIR.jpg",2000,1333,false],"thumbnail":["https:\/\/www.uartes.edu.ec\/sitio\/wp-content\/uploads\/2024\/05\/01-OBRA-OBJETIVO-DECIR-150x150.jpg",150,150,true],"medium":["https:\/\/www.uartes.edu.ec\/sitio\/wp-content\/uploads\/2024\/05\/01-OBRA-OBJETIVO-DECIR-300x200.jpg",300,200,true],"medium_large":["https:\/\/www.uartes.edu.ec\/sitio\/wp-content\/uploads\/2024\/05\/01-OBRA-OBJETIVO-DECIR-768x512.jpg",768,512,true],"large":["https:\/\/www.uartes.edu.ec\/sitio\/wp-content\/uploads\/2024\/05\/01-OBRA-OBJETIVO-DECIR-644x429.jpg",644,429,true],"1536x1536":["https:\/\/www.uartes.edu.ec\/sitio\/wp-content\/uploads\/2024\/05\/01-OBRA-OBJETIVO-DECIR-1536x1024.jpg",1536,1024,true],"2048x2048":["https:\/\/www.uartes.edu.ec\/sitio\/wp-content\/uploads\/2024\/05\/01-OBRA-OBJETIVO-DECIR.jpg",2000,1333,false],"trp-custom-language-flag":["https:\/\/www.uartes.edu.ec\/sitio\/wp-content\/uploads\/2024\/05\/01-OBRA-OBJETIVO-DECIR-18x12.jpg",18,12,true],"htmega_size_585x295":["https:\/\/www.uartes.edu.ec\/sitio\/wp-content\/uploads\/2024\/05\/01-OBRA-OBJETIVO-DECIR-585x295.jpg",585,295,true],"htmega_size_1170x536":["https:\/\/www.uartes.edu.ec\/sitio\/wp-content\/uploads\/2024\/05\/01-OBRA-OBJETIVO-DECIR-1170x536.jpg",1170,536,true],"htmega_size_396x360":["https:\/\/www.uartes.edu.ec\/sitio\/wp-content\/uploads\/2024\/05\/01-OBRA-OBJETIVO-DECIR-396x360.jpg",396,360,true],"gb-block-post-grid-landscape":["https:\/\/www.uartes.edu.ec\/sitio\/wp-content\/uploads\/2024\/05\/01-OBRA-OBJETIVO-DECIR-600x400.jpg",600,400,true],"gb-block-post-grid-square":["https:\/\/www.uartes.edu.ec\/sitio\/wp-content\/uploads\/2024\/05\/01-OBRA-OBJETIVO-DECIR-600x600.jpg",600,600,true],"university-hub-thumb":["https:\/\/www.uartes.edu.ec\/sitio\/wp-content\/uploads\/2024\/05\/01-OBRA-OBJETIVO-DECIR-400x267.jpg",400,267,true]},"uagb_author_info":{"display_name":"ccortez","author_link":"https:\/\/www.uartes.edu.ec\/sitio\/blog\/author\/ccortez\/"},"uagb_comment_info":0,"uagb_excerpt":"La obra \u201cObjetivo: Decir\u201d lleg\u00f3 en febrero pasado al escenario como un hito y un desaf\u00edo de la carrera de Danza de la Escuela de Artes Esc\u00e9nicas de la UArtes y como resultado de los aprendizajes coreogr\u00e1ficos y creativos de estudiantes de octavo semestre. Tuvo varias presentaciones y sigue siendo noticia, pues tras responder a&hellip;","featured_image_src":"https:\/\/www.uartes.edu.ec\/sitio\/wp-content\/uploads\/2024\/05\/01-OBRA-OBJETIVO-DECIR-600x400.jpg","featured_image_src_square":"https:\/\/www.uartes.edu.ec\/sitio\/wp-content\/uploads\/2024\/05\/01-OBRA-OBJETIVO-DECIR-600x600.jpg","author_info":{"display_name":"ccortez","author_link":"https:\/\/www.uartes.edu.ec\/sitio\/blog\/author\/ccortez\/"},"publishpress_future_workflow_manual_trigger":{"enabledWorkflows":[]},"distributor_meta":false,"distributor_terms":false,"distributor_media":false,"distributor_original_site_name":"Universidad de las Artes","distributor_original_site_url":"https:\/\/www.uartes.edu.ec\/sitio","push-errors":false,"_links":{"self":[{"href":"https:\/\/www.uartes.edu.ec\/sitio\/wp-json\/wp\/v2\/posts\/53884","targetHints":{"allow":["GET"]}}],"collection":[{"href":"https:\/\/www.uartes.edu.ec\/sitio\/wp-json\/wp\/v2\/posts"}],"about":[{"href":"https:\/\/www.uartes.edu.ec\/sitio\/wp-json\/wp\/v2\/types\/post"}],"author":[{"embeddable":true,"href":"https:\/\/www.uartes.edu.ec\/sitio\/wp-json\/wp\/v2\/users\/10"}],"replies":[{"embeddable":true,"href":"https:\/\/www.uartes.edu.ec\/sitio\/wp-json\/wp\/v2\/comments?post=53884"}],"version-history":[{"count":11,"href":"https:\/\/www.uartes.edu.ec\/sitio\/wp-json\/wp\/v2\/posts\/53884\/revisions"}],"predecessor-version":[{"id":53949,"href":"https:\/\/www.uartes.edu.ec\/sitio\/wp-json\/wp\/v2\/posts\/53884\/revisions\/53949"}],"wp:featuredmedia":[{"embeddable":true,"href":"https:\/\/www.uartes.edu.ec\/sitio\/wp-json\/wp\/v2\/media\/53886"}],"wp:attachment":[{"href":"https:\/\/www.uartes.edu.ec\/sitio\/wp-json\/wp\/v2\/media?parent=53884"}],"wp:term":[{"taxonomy":"category","embeddable":true,"href":"https:\/\/www.uartes.edu.ec\/sitio\/wp-json\/wp\/v2\/categories?post=53884"},{"taxonomy":"post_tag","embeddable":true,"href":"https:\/\/www.uartes.edu.ec\/sitio\/wp-json\/wp\/v2\/tags?post=53884"},{"taxonomy":"infouartes","embeddable":true,"href":"https:\/\/www.uartes.edu.ec\/sitio\/wp-json\/wp\/v2\/infouartes?post=53884"}],"curies":[{"name":"wp","href":"https:\/\/api.w.org\/{rel}","templated":true}]}}