{"id":53963,"date":"2024-05-15T11:16:09","date_gmt":"2024-05-15T16:16:09","guid":{"rendered":"https:\/\/www.uartes.edu.ec\/sitio\/?p=53963"},"modified":"2024-07-04T11:18:58","modified_gmt":"2024-07-04T16:18:58","slug":"estuve-en-la-carcel-la-experiencia-inmersiva-que-propuso-en-el-cif-la-instalacion-nosotras","status":"publish","type":"post","link":"https:\/\/www.uartes.edu.ec\/sitio\/blog\/2024\/05\/15\/estuve-en-la-carcel-la-experiencia-inmersiva-que-propuso-en-el-cif-la-instalacion-nosotras\/","title":{"rendered":"\u201cEstuve en la c\u00e1rcel\u201d: la experiencia inmersiva que \u201cNosotras\u201d llev\u00f3 al CIF"},"content":{"rendered":"\n<p>Una experiencia inmersiva dentro del Centro de Rehabilitaci\u00f3n Social Femenino de Guayaquil, revisitando el archivo audiovisual generado entre 2018 y 2020, fue lo que propuso \u201cNosotras\u201d, la instalaci\u00f3n que se inaugur\u00f3 el 9 de mayo en la Galer\u00eda del CIF, en el MZ14 Centro de Producci\u00f3n e Innovaci\u00f3n UArtes, donde estuvo abierta al p\u00fablico hasta el s\u00e1bado 11.<\/p>\n\n\n\n<p>En su realizaci\u00f3n, producci\u00f3n y posproducci\u00f3n intervinieron 16 estudiantes de la Escuela de Cine de la Universidad de las Artes, as\u00ed como un grupo de mujeres que durante los a\u00f1os mencionados se encontraban privadas de su libertad. La direcci\u00f3n y conceptualizaci\u00f3n de la propuesta estuvo a cargo de los docentes Priscila Aguirre y Raymi Morales, trabajo al que se sumaron los tambi\u00e9n profesores UArtes Diego Falcon\u00ed, en la iluminaci\u00f3n, Arsenio Cadena y Alicia Herrera, como asesora de arte.<\/p>\n\n\n<div class=\"wp-block-image\">\n<figure class=\"aligncenter size-large\"><img fetchpriority=\"high\" decoding=\"async\" width=\"644\" height=\"429\" src=\"https:\/\/www.uartes.edu.ec\/sitio\/wp-content\/uploads\/2024\/05\/06-NOSOTRAS-644x429.jpg\" alt=\"\" class=\"wp-image-53966\" srcset=\"https:\/\/www.uartes.edu.ec\/sitio\/wp-content\/uploads\/2024\/05\/06-NOSOTRAS-644x429.jpg 644w, https:\/\/www.uartes.edu.ec\/sitio\/wp-content\/uploads\/2024\/05\/06-NOSOTRAS-768x511.jpg 768w, https:\/\/www.uartes.edu.ec\/sitio\/wp-content\/uploads\/2024\/05\/06-NOSOTRAS.jpg 2000w, https:\/\/www.uartes.edu.ec\/sitio\/wp-content\/uploads\/2024\/05\/06-NOSOTRAS-18x12.jpg 18w, https:\/\/www.uartes.edu.ec\/sitio\/wp-content\/uploads\/2024\/05\/06-NOSOTRAS-600x399.jpg 600w, https:\/\/www.uartes.edu.ec\/sitio\/wp-content\/uploads\/2024\/05\/06-NOSOTRAS-272x182.jpg 272w\" sizes=\"(max-width: 644px) 100vw, 644px\" \/><\/figure>\n<\/div>\n\n\n<p>Como antecedente, Priscila Aguirre trajo a la memoria que la obra deriva del proyecto de investigaci\u00f3n \u201cATLAS: Laboratorio de creaci\u00f3n e investigaci\u00f3n cinematogr\u00e1fica\u201d, cuyos or\u00edgenes se gestaron en el proyecto de vinculaci\u00f3n con la sociedad e investigaci\u00f3n \u201cReconstrucci\u00f3n de la Identidad Femenina en el Centro de Rehabilitaci\u00f3n Social Femenino de Guayaquil\u201d que se realiz\u00f3 en la c\u00e1rcel de mujeres entre 2018 y 2020.<\/p>\n\n\n\n<p>A trav\u00e9s de la experimentaci\u00f3n sonora y audiovisual, la instalaci\u00f3n \u201cNosotras\u201d propici\u00f3 en los visitantes un acercamiento a distintos sentires y pensamientos que atraviesan la experiencia de privaci\u00f3n de libertad. Todo el material visual fue grabado en colaboraci\u00f3n con sus protagonistas, buscando que, mediante sonidos e im\u00e1genes de la c\u00e1rcel, cientos de voces traspasen los muros f\u00edsicos y sociales.<\/p>\n\n\n\n<h3 class=\"wp-block-heading\">Desde la opini\u00f3n y el sentir del p\u00fablico<\/h3>\n\n\n\n<p>De c\u00f3mo fue la instalaci\u00f3n \u201cNosotras\u201d y lo experimentado, dos estudiantes UArtes comparten sus apreciaciones. Eleinn Rivera, de la Escuela de Literatura, y Micaela L\u00f3pez, de la Escuela de Cine, estuvieron en la inauguraci\u00f3n; la segunda de las mencionadas, incluso, tom\u00f3 nota de los sentires de compa\u00f1eros, quienes, pidiendo el anonimato, expresaron lo que fue \u201cestar en la c\u00e1rcel\u201d.<\/p>\n\n\n<div class=\"wp-block-image\">\n<figure class=\"aligncenter size-large\"><img decoding=\"async\" width=\"644\" height=\"429\" src=\"https:\/\/www.uartes.edu.ec\/sitio\/wp-content\/uploads\/2024\/05\/03-NOSOTRAS-644x429.jpg\" alt=\"\" class=\"wp-image-53965\" srcset=\"https:\/\/www.uartes.edu.ec\/sitio\/wp-content\/uploads\/2024\/05\/03-NOSOTRAS-644x429.jpg 644w, https:\/\/www.uartes.edu.ec\/sitio\/wp-content\/uploads\/2024\/05\/03-NOSOTRAS-768x511.jpg 768w, https:\/\/www.uartes.edu.ec\/sitio\/wp-content\/uploads\/2024\/05\/03-NOSOTRAS.jpg 2000w, https:\/\/www.uartes.edu.ec\/sitio\/wp-content\/uploads\/2024\/05\/03-NOSOTRAS-18x12.jpg 18w, https:\/\/www.uartes.edu.ec\/sitio\/wp-content\/uploads\/2024\/05\/03-NOSOTRAS-600x399.jpg 600w, https:\/\/www.uartes.edu.ec\/sitio\/wp-content\/uploads\/2024\/05\/03-NOSOTRAS-272x182.jpg 272w\" sizes=\"(max-width: 644px) 100vw, 644px\" \/><\/figure>\n<\/div>\n\n\n<p>Eleinn Rivera: Una experiencia impactante que nos transport\u00f3 a las entra\u00f1as de la c\u00e1rcel de mujeres de Guayaquil. El ingreso a la instalaci\u00f3n fue una recreaci\u00f3n del tambi\u00e9n ingreso a la Penitenciar\u00eda, sumergiendo al espectador en un ambiente ca\u00f3tico y opresivo, donde cada detalle \u2013desde ser sellados en el brazo con el mensaje \u201cEstuve en la c\u00e1rcel\u201d hasta la disposici\u00f3n de dejar pertenencias personales en un librero\u2013 contribuy\u00f3 a la sensaci\u00f3n de vulnerabilidad y desorientaci\u00f3n, pues no se permiti\u00f3 el acceso de celulares.<\/p>\n\n\n\n<p>El documental presentado por trozos en las esquinas de la sala nos llev\u00f3 a adentrarnos en el archivo audiovisual, generado en colaboraci\u00f3n con las propias privadas de libertad entre 2018 y 2020. Este enfoque permiti\u00f3 que las voces y las im\u00e1genes de las protagonistas traspasaran los muros f\u00edsicos y sociales de la c\u00e1rcel, brindando una perspectiva \u00fanica y aut\u00e9ntica sobre la vida dentro de esta instituci\u00f3n penitenciaria.<\/p>\n\n\n\n<p>Es especialmente relevante destacar el contraste entre la realidad cruda y desoladora de la c\u00e1rcel \u2013descrita con frases impactantes como \u201cun cementerio de muertos vivientes\u201d o \u201cun lugar que huele a humedad del total abandono\u201d\u2013 y la humanidad y la fuerza de las mujeres que habitan este espacio. La actuaci\u00f3n de las estudiantes en el papel de las reclusas, rodeadas de colchones en el suelo y literas de metal, jugando cartas o adivinando el tarot, brind\u00f3 una representaci\u00f3n poderosa y conmovedora de la vida cotidiana en prisi\u00f3n, incluso en el tendedero de ropa resonaban historias como: la soledad la \u00fanica que no te abandona y donde nos olvidan. En uno de los cortos, una mujer revelaba que la enjuiciaron injustamente por un asesinato porque as\u00ed lo quiso Dios y porque el muerto estaba en el umbral de su puerta.<\/p>\n\n\n<div class=\"wp-block-image\">\n<figure class=\"aligncenter size-large\"><img decoding=\"async\" width=\"644\" height=\"429\" src=\"https:\/\/www.uartes.edu.ec\/sitio\/wp-content\/uploads\/2024\/05\/02-NOSOTRAS-644x429.jpg\" alt=\"\" class=\"wp-image-53967\" srcset=\"https:\/\/www.uartes.edu.ec\/sitio\/wp-content\/uploads\/2024\/05\/02-NOSOTRAS-644x429.jpg 644w, https:\/\/www.uartes.edu.ec\/sitio\/wp-content\/uploads\/2024\/05\/02-NOSOTRAS-768x511.jpg 768w, https:\/\/www.uartes.edu.ec\/sitio\/wp-content\/uploads\/2024\/05\/02-NOSOTRAS.jpg 2000w, https:\/\/www.uartes.edu.ec\/sitio\/wp-content\/uploads\/2024\/05\/02-NOSOTRAS-18x12.jpg 18w, https:\/\/www.uartes.edu.ec\/sitio\/wp-content\/uploads\/2024\/05\/02-NOSOTRAS-600x399.jpg 600w, https:\/\/www.uartes.edu.ec\/sitio\/wp-content\/uploads\/2024\/05\/02-NOSOTRAS-272x182.jpg 272w\" sizes=\"(max-width: 644px) 100vw, 644px\" \/><\/figure>\n<\/div>\n\n\n<p>En un contexto donde la poblaci\u00f3n penitenciaria es frecuentemente estigmatizada y marginada, \u201cNosotras\u201d nos permiti\u00f3 una mirada \u00edntima y emp\u00e1tica hacia un lugar poco conocido y comprendido: la c\u00e1rcel de mujeres. Este proyecto desaf\u00eda las percepciones convencionales sobre la prisi\u00f3n, invitando a la reflexi\u00f3n y el di\u00e1logo sobre la justicia, la dignidad y los derechos humanos en el sistema penitenciario ecuatoriano.<\/p>\n\n\n\n<h3 class=\"wp-block-heading\">Agudizando los sentidos<\/h3>\n\n\n\n<p>Micaela L\u00f3pez: \u201cNosotras\u201d dio la oportunidad a los espectadores de adentrarse y conocer lugares como la c\u00e1rcel de mujeres, a los que no se puede llegar sin permisos previos y motivos.<\/p>\n\n\n\n<p>Los sonidos fueron fundamentales en la obra, pues nos hizo sentir el ambiente, agudiz\u00e1ndonos sentidos como la vista, el o\u00eddo, el tacto e incluso el olfato, ya que (el lugar real objeto de la recreaci\u00f3n) no tiene un olor agradable (y eso tambi\u00e9n se logr\u00f3 transmitir). Es oscuro y l\u00fagubre, habitado por mujeres de distintas edades con distintos pecados (delitos).<\/p>\n\n\n\n<p>La instalaci\u00f3n \u201cNosotras\u201d nos llev\u00f3 a experimentar qu\u00e9 se siente ser prisionera. En lo personal, me sent\u00ed encapsulada, sent\u00eda que me faltaba el aire, me desesperaba, quer\u00eda salir de ah\u00ed lo m\u00e1s r\u00e1pido posible, los ruidos me perturbaban, no pod\u00eda estar m\u00e1s en el lugar.<\/p>\n\n\n\t\t\t\t\t<div\n\t\t\t\t\t\tclass=\"wp-block-uagb-image-gallery uagb-block-4597f16e     \"\n\t\t\t\t\t\tstyle=\"\"\n\t\t\t\t\t>\n\t\t\t\t\t\t\t\t\t\t\t<div class=\"spectra-image-gallery spectra-image-gallery__layout--grid spectra-image-gallery__layout--grid-col-2 spectra-image-gallery__layout--grid-col-tab-2 spectra-image-gallery__layout--grid-col-mob-2\">\n\t\t\t\t\t\t\t\t\t\t\t<div class='spectra-image-gallery__media-wrapper' data-spectra-gallery-image-id='53969' tabindex=\"0\">\n\t\t\t\t\t\t\t<div class=\"spectra-image-gallery__media spectra-image-gallery__media--grid\">\n\t\t\t\t<picture>\n\t\t\t\t\t<source media=\"(min-width: 1024px)\" srcset=\"https:\/\/www.uartes.edu.ec\/sitio\/wp-content\/uploads\/2024\/05\/04-NOSOTRAS-644x429.jpg\">\n\t\t\t\t\t<source media=\"(min-width: 768px)\" srcset=\"https:\/\/www.uartes.edu.ec\/sitio\/wp-content\/uploads\/2024\/05\/04-NOSOTRAS-644x429.jpg\">\n\t\t\t\t\t<img decoding=\"async\" class=\"spectra-image-gallery__media-thumbnail spectra-image-gallery__media-thumbnail--grid\" src=\"https:\/\/www.uartes.edu.ec\/sitio\/wp-content\/uploads\/2024\/05\/04-NOSOTRAS-300x200.jpg\" alt=\"\" loading=\"lazy\" \/>\n\t\t\t\t<\/picture>\n\t\t\t\t<div class=\"spectra-image-gallery__media-thumbnail-blurrer\"><\/div>\n\t\t\t\t\t\t\t\t\t\t\t<div class=\"spectra-image-gallery__media-thumbnail-caption-wrapper spectra-image-gallery__media-thumbnail-caption-wrapper--overlay\">\n\t\t\t\t\t\t\t\t\t\t\t<div class=\"spectra-image-gallery__media-thumbnail-caption spectra-image-gallery__media-thumbnail-caption--overlay\">\n\t\t\t\t\tSin leyenda\t\t\t\t<\/div>\n\t\t\t\t\t\t\t\t\t\t<\/div>\n\t\t\t\t\t\t\t\t\t<\/div>\n\t\t\t\t\t\t<\/div>\n\t\t\t\t\t\t<div class='spectra-image-gallery__media-wrapper' data-spectra-gallery-image-id='53968' tabindex=\"0\">\n\t\t\t\t\t\t\t<div class=\"spectra-image-gallery__media spectra-image-gallery__media--grid\">\n\t\t\t\t<picture>\n\t\t\t\t\t<source media=\"(min-width: 1024px)\" srcset=\"https:\/\/www.uartes.edu.ec\/sitio\/wp-content\/uploads\/2024\/05\/01-NOSOTRAS-644x429.jpg\">\n\t\t\t\t\t<source media=\"(min-width: 768px)\" srcset=\"https:\/\/www.uartes.edu.ec\/sitio\/wp-content\/uploads\/2024\/05\/01-NOSOTRAS-644x429.jpg\">\n\t\t\t\t\t<img decoding=\"async\" class=\"spectra-image-gallery__media-thumbnail spectra-image-gallery__media-thumbnail--grid\" src=\"https:\/\/www.uartes.edu.ec\/sitio\/wp-content\/uploads\/2024\/05\/01-NOSOTRAS-300x200.jpg\" alt=\"\" loading=\"lazy\" \/>\n\t\t\t\t<\/picture>\n\t\t\t\t<div class=\"spectra-image-gallery__media-thumbnail-blurrer\"><\/div>\n\t\t\t\t\t\t\t\t\t\t\t<div class=\"spectra-image-gallery__media-thumbnail-caption-wrapper spectra-image-gallery__media-thumbnail-caption-wrapper--overlay\">\n\t\t\t\t\t\t\t\t\t\t\t<div class=\"spectra-image-gallery__media-thumbnail-caption spectra-image-gallery__media-thumbnail-caption--overlay\">\n\t\t\t\t\tSin leyenda\t\t\t\t<\/div>\n\t\t\t\t\t\t\t\t\t\t<\/div>\n\t\t\t\t\t\t\t\t\t<\/div>\n\t\t\t\t\t\t<\/div>\n\t\t\t\t\t\t\t\t\t\t<\/div>\n\t\t\t\t\t\t\t\t\t\t\t\t\t\t\t\t\t\t<\/div>\n\t\t\t\t\t\t\t\t\t\n\n\n<p>A continuaci\u00f3n, las opiniones de cinco de los estudiantes que estuvieron y recorrieron la propuesta expositiva, y que pidieron mantener su anonimato: \u201cMe pareci\u00f3 muy crudo, entiendo que esa fue la intenci\u00f3n: sentir esa incomodidad; para nada estar dentro de la instalaci\u00f3n me hizo sentir agradable, pero cumpli\u00f3 muy bien con el proceso de mostrar lo que ocurre\u201d.<\/p>\n\n\n\n<p>\u201cEntrar en esta puesta en escena con cada detalle, cada objeto que cuenta una historia con un gesto de inhumanidad que sent\u00ed al principio \u2013al entrar\u2013, por el maltrato que reciben quienes acuden a visitar a una privada de la libertad, me hizo sentir parte de, sumando los testimonios que escuch\u00e9. Los llantos es algo que solo el arte logra hacer posible. Fue un encierro m\u00e1s que todo mental\u201d.<\/p>\n\n\n\n<p>\u201cMe cuestion\u00f3 mucho la idea de nosotros como personas que llegamos a un lugar privado a invadir la privacidad del otro, con qu\u00e9 derecho revisas sus cosas, sus esmaltes, sus ropas, sus u\u00f1as con qu\u00e9 derecho\u201d.<\/p>\n\n\n\n<p>\u201cUna experiencia demasiado fuerte e incluso real, una de las habitaciones a las que entr\u00e9 ten\u00eda un olor desagradable, seguramente el mismo que tienen los centros para los privados de libertad\u201d.<\/p>\n\n\n\n<p>\u201cPrimero ves la verdad de c\u00f3mo funciona una c\u00e1rcel latina, no es como te las pintan. Se ve a las personas tras las rejas como si fueran animales encerrados dentro de un zool\u00f3gico. Me pareci\u00f3 denso verlos entre las rejas y ver c\u00f3mo es su vida. Me sent\u00ed mal y consciente de c\u00f3mo es vivir dentro de una c\u00e1rcel, me abri\u00f3 los ojos ver c\u00f3mo el sistema carcelario est\u00e1 como est\u00e1\u201d.<\/p>\n\n\n\n<p>Fotos: Carla Santana y Micaela L\u00f3pez, estudiantes en PPP\/Dircom UArtes<\/p>\n\n\n\n<p><\/p>\n","protected":false},"excerpt":{"rendered":"<p>Una experiencia inmersiva dentro del Centro de Rehabilitaci\u00f3n Social Femenino de Guayaquil, revisitando el archivo audiovisual generado entre 2018 y 2020, propuso la instalaci\u00f3n \u201cNosotras\u201d en el CIF del MZ14. En su realizaci\u00f3n intervinieron 16 estudiantes de Cine y un grupo de mujeres privadas de libertad. Direcci\u00f3n y conceptualizaci\u00f3n: docentes Priscila Aguirre y Raymi Morales, y los tambi\u00e9n profesores Diego Falcon\u00ed, Arsenio Cadena y Alicia Herrera.<\/p>\n","protected":false},"author":10,"featured_media":53964,"comment_status":"open","ping_status":"open","sticky":false,"template":"","format":"standard","meta":{"_acf_changed":false,"_uag_custom_page_level_css":"","_monsterinsights_skip_tracking":false,"_monsterinsights_sitenote_active":false,"_monsterinsights_sitenote_note":"","_monsterinsights_sitenote_category":0,"cybocfi_hide_featured_image":"","footnotes":""},"categories":[80,82,147,75,76,77,284,83,79],"tags":[518],"infouartes":[],"class_list":["post-53963","post","type-post","status-publish","format-standard","has-post-thumbnail","hentry","category-academico","category-artes","category-cine","category-docentes","category-estudiantes","category-gestion","category-investigacion","category-sedes","category-vinculo","tag-produccion"],"acf":[],"yoast_head":"<!-- This site is optimized with the Yoast SEO plugin v27.4 - https:\/\/yoast.com\/product\/yoast-seo-wordpress\/ -->\n<title>Universidad de las Artes - \u201cEstuve en la c\u00e1rcel\u201d: la experiencia inmersiva que \u201cNosotras\u201d llev\u00f3 al CIF<\/title>\n<meta name=\"description\" content=\"Universidad de las Artes - \u201cEstuve en la c\u00e1rcel\u201d: la experiencia inmersiva que \u201cNosotras\u201d llev\u00f3 al CIF\" \/>\n<meta name=\"robots\" content=\"index, follow, max-snippet:-1, max-image-preview:large, max-video-preview:-1\" \/>\n<link rel=\"canonical\" href=\"https:\/\/www.uartes.edu.ec\/sitio\/blog\/2024\/05\/15\/estuve-en-la-carcel-la-experiencia-inmersiva-que-propuso-en-el-cif-la-instalacion-nosotras\/\" \/>\n<meta property=\"og:locale\" content=\"es_ES\" \/>\n<meta property=\"og:type\" content=\"article\" \/>\n<meta property=\"og:title\" content=\"Universidad de las Artes - \u201cEstuve en la c\u00e1rcel\u201d: la experiencia inmersiva que \u201cNosotras\u201d llev\u00f3 al CIF\" \/>\n<meta property=\"og:description\" content=\"Universidad de las Artes - \u201cEstuve en la c\u00e1rcel\u201d: la experiencia inmersiva que \u201cNosotras\u201d llev\u00f3 al CIF\" \/>\n<meta property=\"og:url\" content=\"https:\/\/www.uartes.edu.ec\/sitio\/blog\/2024\/05\/15\/estuve-en-la-carcel-la-experiencia-inmersiva-que-propuso-en-el-cif-la-instalacion-nosotras\/\" \/>\n<meta property=\"og:site_name\" content=\"Universidad de las Artes\" \/>\n<meta property=\"article:publisher\" content=\"https:\/\/www.facebook.com\/uartesec\" \/>\n<meta property=\"article:published_time\" content=\"2024-05-15T16:16:09+00:00\" \/>\n<meta property=\"article:modified_time\" content=\"2024-07-04T16:18:58+00:00\" \/>\n<meta property=\"og:image\" content=\"https:\/\/www.uartes.edu.ec\/sitio\/wp-content\/uploads\/2024\/05\/05-NOSOTRAS.jpg\" \/>\n\t<meta property=\"og:image:width\" content=\"2000\" \/>\n\t<meta property=\"og:image:height\" content=\"1333\" \/>\n\t<meta property=\"og:image:type\" content=\"image\/jpeg\" \/>\n<meta name=\"author\" content=\"ccortez\" \/>\n<meta name=\"twitter:card\" content=\"summary_large_image\" \/>\n<meta name=\"twitter:creator\" content=\"@uartesec\" \/>\n<meta name=\"twitter:site\" content=\"@uartesec\" \/>\n<meta name=\"twitter:label1\" content=\"Escrito por\" \/>\n\t<meta name=\"twitter:data1\" content=\"ccortez\" \/>\n\t<meta name=\"twitter:label2\" content=\"Tiempo de lectura\" \/>\n\t<meta name=\"twitter:data2\" content=\"6 minutos\" \/>\n<script type=\"application\/ld+json\" class=\"yoast-schema-graph\">{\"@context\":\"https:\\\/\\\/schema.org\",\"@graph\":[{\"@type\":\"Article\",\"@id\":\"https:\\\/\\\/www.uartes.edu.ec\\\/sitio\\\/blog\\\/2024\\\/05\\\/15\\\/estuve-en-la-carcel-la-experiencia-inmersiva-que-propuso-en-el-cif-la-instalacion-nosotras\\\/#article\",\"isPartOf\":{\"@id\":\"https:\\\/\\\/www.uartes.edu.ec\\\/sitio\\\/blog\\\/2024\\\/05\\\/15\\\/estuve-en-la-carcel-la-experiencia-inmersiva-que-propuso-en-el-cif-la-instalacion-nosotras\\\/\"},\"author\":{\"name\":\"ccortez\",\"@id\":\"https:\\\/\\\/www.uartes.edu.ec\\\/sitio\\\/#\\\/schema\\\/person\\\/efa1b8275797664fd7f13a79ccc0b1f4\"},\"headline\":\"\u201cEstuve en la c\u00e1rcel\u201d: la experiencia inmersiva que \u201cNosotras\u201d llev\u00f3 al CIF\",\"datePublished\":\"2024-05-15T16:16:09+00:00\",\"dateModified\":\"2024-07-04T16:18:58+00:00\",\"mainEntityOfPage\":{\"@id\":\"https:\\\/\\\/www.uartes.edu.ec\\\/sitio\\\/blog\\\/2024\\\/05\\\/15\\\/estuve-en-la-carcel-la-experiencia-inmersiva-que-propuso-en-el-cif-la-instalacion-nosotras\\\/\"},\"wordCount\":1191,\"commentCount\":0,\"publisher\":{\"@id\":\"https:\\\/\\\/www.uartes.edu.ec\\\/sitio\\\/#organization\"},\"image\":{\"@id\":\"https:\\\/\\\/www.uartes.edu.ec\\\/sitio\\\/blog\\\/2024\\\/05\\\/15\\\/estuve-en-la-carcel-la-experiencia-inmersiva-que-propuso-en-el-cif-la-instalacion-nosotras\\\/#primaryimage\"},\"thumbnailUrl\":\"https:\\\/\\\/www.uartes.edu.ec\\\/sitio\\\/wp-content\\\/uploads\\\/2024\\\/05\\\/05-NOSOTRAS.jpg\",\"keywords\":[\"producci\u00f3n\"],\"articleSection\":[\"Acad\u00e9mico\",\"Artes\",\"Cine\",\"Docentes\",\"Estudiantes\",\"Gesti\u00f3n\",\"Investigaci\u00f3n\",\"Sedes\",\"V\u00ednculo\"],\"inLanguage\":\"es\",\"potentialAction\":[{\"@type\":\"CommentAction\",\"name\":\"Comment\",\"target\":[\"https:\\\/\\\/www.uartes.edu.ec\\\/sitio\\\/blog\\\/2024\\\/05\\\/15\\\/estuve-en-la-carcel-la-experiencia-inmersiva-que-propuso-en-el-cif-la-instalacion-nosotras\\\/#respond\"]}]},{\"@type\":[\"WebPage\",\"ItemPage\"],\"@id\":\"https:\\\/\\\/www.uartes.edu.ec\\\/sitio\\\/blog\\\/2024\\\/05\\\/15\\\/estuve-en-la-carcel-la-experiencia-inmersiva-que-propuso-en-el-cif-la-instalacion-nosotras\\\/\",\"url\":\"https:\\\/\\\/www.uartes.edu.ec\\\/sitio\\\/blog\\\/2024\\\/05\\\/15\\\/estuve-en-la-carcel-la-experiencia-inmersiva-que-propuso-en-el-cif-la-instalacion-nosotras\\\/\",\"name\":\"Universidad de las Artes - \u201cEstuve en la c\u00e1rcel\u201d: la experiencia inmersiva que \u201cNosotras\u201d llev\u00f3 al CIF\",\"isPartOf\":{\"@id\":\"https:\\\/\\\/www.uartes.edu.ec\\\/sitio\\\/#website\"},\"primaryImageOfPage\":{\"@id\":\"https:\\\/\\\/www.uartes.edu.ec\\\/sitio\\\/blog\\\/2024\\\/05\\\/15\\\/estuve-en-la-carcel-la-experiencia-inmersiva-que-propuso-en-el-cif-la-instalacion-nosotras\\\/#primaryimage\"},\"image\":{\"@id\":\"https:\\\/\\\/www.uartes.edu.ec\\\/sitio\\\/blog\\\/2024\\\/05\\\/15\\\/estuve-en-la-carcel-la-experiencia-inmersiva-que-propuso-en-el-cif-la-instalacion-nosotras\\\/#primaryimage\"},\"thumbnailUrl\":\"https:\\\/\\\/www.uartes.edu.ec\\\/sitio\\\/wp-content\\\/uploads\\\/2024\\\/05\\\/05-NOSOTRAS.jpg\",\"datePublished\":\"2024-05-15T16:16:09+00:00\",\"dateModified\":\"2024-07-04T16:18:58+00:00\",\"description\":\"Universidad de las Artes - \u201cEstuve en la c\u00e1rcel\u201d: la experiencia inmersiva que \u201cNosotras\u201d llev\u00f3 al CIF\",\"breadcrumb\":{\"@id\":\"https:\\\/\\\/www.uartes.edu.ec\\\/sitio\\\/blog\\\/2024\\\/05\\\/15\\\/estuve-en-la-carcel-la-experiencia-inmersiva-que-propuso-en-el-cif-la-instalacion-nosotras\\\/#breadcrumb\"},\"inLanguage\":\"es\",\"potentialAction\":[{\"@type\":\"ReadAction\",\"target\":[\"https:\\\/\\\/www.uartes.edu.ec\\\/sitio\\\/blog\\\/2024\\\/05\\\/15\\\/estuve-en-la-carcel-la-experiencia-inmersiva-que-propuso-en-el-cif-la-instalacion-nosotras\\\/\"]}]},{\"@type\":\"ImageObject\",\"inLanguage\":\"es\",\"@id\":\"https:\\\/\\\/www.uartes.edu.ec\\\/sitio\\\/blog\\\/2024\\\/05\\\/15\\\/estuve-en-la-carcel-la-experiencia-inmersiva-que-propuso-en-el-cif-la-instalacion-nosotras\\\/#primaryimage\",\"url\":\"https:\\\/\\\/www.uartes.edu.ec\\\/sitio\\\/wp-content\\\/uploads\\\/2024\\\/05\\\/05-NOSOTRAS.jpg\",\"contentUrl\":\"https:\\\/\\\/www.uartes.edu.ec\\\/sitio\\\/wp-content\\\/uploads\\\/2024\\\/05\\\/05-NOSOTRAS.jpg\",\"width\":2000,\"height\":1333},{\"@type\":\"BreadcrumbList\",\"@id\":\"https:\\\/\\\/www.uartes.edu.ec\\\/sitio\\\/blog\\\/2024\\\/05\\\/15\\\/estuve-en-la-carcel-la-experiencia-inmersiva-que-propuso-en-el-cif-la-instalacion-nosotras\\\/#breadcrumb\",\"itemListElement\":[{\"@type\":\"ListItem\",\"position\":1,\"name\":\"Inicio\",\"item\":\"https:\\\/\\\/www.uartes.edu.ec\\\/sitio\\\/\"},{\"@type\":\"ListItem\",\"position\":2,\"name\":\"\u201cEstuve en la c\u00e1rcel\u201d: la experiencia inmersiva que \u201cNosotras\u201d llev\u00f3 al CIF\"}]},{\"@type\":\"WebSite\",\"@id\":\"https:\\\/\\\/www.uartes.edu.ec\\\/sitio\\\/#website\",\"url\":\"https:\\\/\\\/www.uartes.edu.ec\\\/sitio\\\/\",\"name\":\"Universidad de las Artes\",\"description\":\"Sitio oficial de la Universidad Nacional de las Artes del Ecuador\",\"publisher\":{\"@id\":\"https:\\\/\\\/www.uartes.edu.ec\\\/sitio\\\/#organization\"},\"potentialAction\":[{\"@type\":\"SearchAction\",\"target\":{\"@type\":\"EntryPoint\",\"urlTemplate\":\"https:\\\/\\\/www.uartes.edu.ec\\\/sitio\\\/?s={search_term_string}\"},\"query-input\":{\"@type\":\"PropertyValueSpecification\",\"valueRequired\":true,\"valueName\":\"search_term_string\"}}],\"inLanguage\":\"es\"},{\"@type\":\"Organization\",\"@id\":\"https:\\\/\\\/www.uartes.edu.ec\\\/sitio\\\/#organization\",\"name\":\"Universidad de las Artes\",\"url\":\"https:\\\/\\\/www.uartes.edu.ec\\\/sitio\\\/\",\"logo\":{\"@type\":\"ImageObject\",\"inLanguage\":\"es\",\"@id\":\"https:\\\/\\\/www.uartes.edu.ec\\\/sitio\\\/#\\\/schema\\\/logo\\\/image\\\/\",\"url\":\"https:\\\/\\\/www.uartes.edu.ec\\\/sitio\\\/wp-content\\\/uploads\\\/2022\\\/07\\\/logo-ua-horizontal.png\",\"contentUrl\":\"https:\\\/\\\/www.uartes.edu.ec\\\/sitio\\\/wp-content\\\/uploads\\\/2022\\\/07\\\/logo-ua-horizontal.png\",\"width\":800,\"height\":276,\"caption\":\"Universidad de las Artes\"},\"image\":{\"@id\":\"https:\\\/\\\/www.uartes.edu.ec\\\/sitio\\\/#\\\/schema\\\/logo\\\/image\\\/\"},\"sameAs\":[\"https:\\\/\\\/www.facebook.com\\\/uartesec\",\"https:\\\/\\\/x.com\\\/uartesec\",\"https:\\\/\\\/www.tiktok.com\\\/@uartesec\"]},{\"@type\":\"Person\",\"@id\":\"https:\\\/\\\/www.uartes.edu.ec\\\/sitio\\\/#\\\/schema\\\/person\\\/efa1b8275797664fd7f13a79ccc0b1f4\",\"name\":\"ccortez\",\"image\":{\"@type\":\"ImageObject\",\"inLanguage\":\"es\",\"@id\":\"https:\\\/\\\/secure.gravatar.com\\\/avatar\\\/b2a6f664a3ae8e074346ef91775736c5ec479e637ecced6842de9dc98b5da9cd?s=96&d=mm&r=g\",\"url\":\"https:\\\/\\\/secure.gravatar.com\\\/avatar\\\/b2a6f664a3ae8e074346ef91775736c5ec479e637ecced6842de9dc98b5da9cd?s=96&d=mm&r=g\",\"contentUrl\":\"https:\\\/\\\/secure.gravatar.com\\\/avatar\\\/b2a6f664a3ae8e074346ef91775736c5ec479e637ecced6842de9dc98b5da9cd?s=96&d=mm&r=g\",\"caption\":\"ccortez\"},\"url\":\"https:\\\/\\\/www.uartes.edu.ec\\\/sitio\\\/blog\\\/author\\\/ccortez\\\/\"}]}<\/script>\n<!-- \/ Yoast SEO plugin. -->","yoast_head_json":{"title":"Universidad de las Artes - \u201cEstuve en la c\u00e1rcel\u201d: la experiencia inmersiva que \u201cNosotras\u201d llev\u00f3 al CIF","description":"Universidad de las Artes - \u201cEstuve en la c\u00e1rcel\u201d: la experiencia inmersiva que \u201cNosotras\u201d llev\u00f3 al CIF","robots":{"index":"index","follow":"follow","max-snippet":"max-snippet:-1","max-image-preview":"max-image-preview:large","max-video-preview":"max-video-preview:-1"},"canonical":"https:\/\/www.uartes.edu.ec\/sitio\/blog\/2024\/05\/15\/estuve-en-la-carcel-la-experiencia-inmersiva-que-propuso-en-el-cif-la-instalacion-nosotras\/","og_locale":"es_ES","og_type":"article","og_title":"Universidad de las Artes - \u201cEstuve en la c\u00e1rcel\u201d: la experiencia inmersiva que \u201cNosotras\u201d llev\u00f3 al CIF","og_description":"Universidad de las Artes - \u201cEstuve en la c\u00e1rcel\u201d: la experiencia inmersiva que \u201cNosotras\u201d llev\u00f3 al CIF","og_url":"https:\/\/www.uartes.edu.ec\/sitio\/blog\/2024\/05\/15\/estuve-en-la-carcel-la-experiencia-inmersiva-que-propuso-en-el-cif-la-instalacion-nosotras\/","og_site_name":"Universidad de las Artes","article_publisher":"https:\/\/www.facebook.com\/uartesec","article_published_time":"2024-05-15T16:16:09+00:00","article_modified_time":"2024-07-04T16:18:58+00:00","og_image":[{"width":2000,"height":1333,"url":"https:\/\/www.uartes.edu.ec\/sitio\/wp-content\/uploads\/2024\/05\/05-NOSOTRAS.jpg","type":"image\/jpeg"}],"author":"ccortez","twitter_card":"summary_large_image","twitter_creator":"@uartesec","twitter_site":"@uartesec","twitter_misc":{"Escrito por":"ccortez","Tiempo de lectura":"6 minutos"},"schema":{"@context":"https:\/\/schema.org","@graph":[{"@type":"Article","@id":"https:\/\/www.uartes.edu.ec\/sitio\/blog\/2024\/05\/15\/estuve-en-la-carcel-la-experiencia-inmersiva-que-propuso-en-el-cif-la-instalacion-nosotras\/#article","isPartOf":{"@id":"https:\/\/www.uartes.edu.ec\/sitio\/blog\/2024\/05\/15\/estuve-en-la-carcel-la-experiencia-inmersiva-que-propuso-en-el-cif-la-instalacion-nosotras\/"},"author":{"name":"ccortez","@id":"https:\/\/www.uartes.edu.ec\/sitio\/#\/schema\/person\/efa1b8275797664fd7f13a79ccc0b1f4"},"headline":"\u201cEstuve en la c\u00e1rcel\u201d: la experiencia inmersiva que \u201cNosotras\u201d llev\u00f3 al CIF","datePublished":"2024-05-15T16:16:09+00:00","dateModified":"2024-07-04T16:18:58+00:00","mainEntityOfPage":{"@id":"https:\/\/www.uartes.edu.ec\/sitio\/blog\/2024\/05\/15\/estuve-en-la-carcel-la-experiencia-inmersiva-que-propuso-en-el-cif-la-instalacion-nosotras\/"},"wordCount":1191,"commentCount":0,"publisher":{"@id":"https:\/\/www.uartes.edu.ec\/sitio\/#organization"},"image":{"@id":"https:\/\/www.uartes.edu.ec\/sitio\/blog\/2024\/05\/15\/estuve-en-la-carcel-la-experiencia-inmersiva-que-propuso-en-el-cif-la-instalacion-nosotras\/#primaryimage"},"thumbnailUrl":"https:\/\/www.uartes.edu.ec\/sitio\/wp-content\/uploads\/2024\/05\/05-NOSOTRAS.jpg","keywords":["producci\u00f3n"],"articleSection":["Acad\u00e9mico","Artes","Cine","Docentes","Estudiantes","Gesti\u00f3n","Investigaci\u00f3n","Sedes","V\u00ednculo"],"inLanguage":"es","potentialAction":[{"@type":"CommentAction","name":"Comment","target":["https:\/\/www.uartes.edu.ec\/sitio\/blog\/2024\/05\/15\/estuve-en-la-carcel-la-experiencia-inmersiva-que-propuso-en-el-cif-la-instalacion-nosotras\/#respond"]}]},{"@type":["WebPage","ItemPage"],"@id":"https:\/\/www.uartes.edu.ec\/sitio\/blog\/2024\/05\/15\/estuve-en-la-carcel-la-experiencia-inmersiva-que-propuso-en-el-cif-la-instalacion-nosotras\/","url":"https:\/\/www.uartes.edu.ec\/sitio\/blog\/2024\/05\/15\/estuve-en-la-carcel-la-experiencia-inmersiva-que-propuso-en-el-cif-la-instalacion-nosotras\/","name":"Universidad de las Artes - \u201cEstuve en la c\u00e1rcel\u201d: la experiencia inmersiva que \u201cNosotras\u201d llev\u00f3 al CIF","isPartOf":{"@id":"https:\/\/www.uartes.edu.ec\/sitio\/#website"},"primaryImageOfPage":{"@id":"https:\/\/www.uartes.edu.ec\/sitio\/blog\/2024\/05\/15\/estuve-en-la-carcel-la-experiencia-inmersiva-que-propuso-en-el-cif-la-instalacion-nosotras\/#primaryimage"},"image":{"@id":"https:\/\/www.uartes.edu.ec\/sitio\/blog\/2024\/05\/15\/estuve-en-la-carcel-la-experiencia-inmersiva-que-propuso-en-el-cif-la-instalacion-nosotras\/#primaryimage"},"thumbnailUrl":"https:\/\/www.uartes.edu.ec\/sitio\/wp-content\/uploads\/2024\/05\/05-NOSOTRAS.jpg","datePublished":"2024-05-15T16:16:09+00:00","dateModified":"2024-07-04T16:18:58+00:00","description":"Universidad de las Artes - \u201cEstuve en la c\u00e1rcel\u201d: la experiencia inmersiva que \u201cNosotras\u201d llev\u00f3 al CIF","breadcrumb":{"@id":"https:\/\/www.uartes.edu.ec\/sitio\/blog\/2024\/05\/15\/estuve-en-la-carcel-la-experiencia-inmersiva-que-propuso-en-el-cif-la-instalacion-nosotras\/#breadcrumb"},"inLanguage":"es","potentialAction":[{"@type":"ReadAction","target":["https:\/\/www.uartes.edu.ec\/sitio\/blog\/2024\/05\/15\/estuve-en-la-carcel-la-experiencia-inmersiva-que-propuso-en-el-cif-la-instalacion-nosotras\/"]}]},{"@type":"ImageObject","inLanguage":"es","@id":"https:\/\/www.uartes.edu.ec\/sitio\/blog\/2024\/05\/15\/estuve-en-la-carcel-la-experiencia-inmersiva-que-propuso-en-el-cif-la-instalacion-nosotras\/#primaryimage","url":"https:\/\/www.uartes.edu.ec\/sitio\/wp-content\/uploads\/2024\/05\/05-NOSOTRAS.jpg","contentUrl":"https:\/\/www.uartes.edu.ec\/sitio\/wp-content\/uploads\/2024\/05\/05-NOSOTRAS.jpg","width":2000,"height":1333},{"@type":"BreadcrumbList","@id":"https:\/\/www.uartes.edu.ec\/sitio\/blog\/2024\/05\/15\/estuve-en-la-carcel-la-experiencia-inmersiva-que-propuso-en-el-cif-la-instalacion-nosotras\/#breadcrumb","itemListElement":[{"@type":"ListItem","position":1,"name":"Inicio","item":"https:\/\/www.uartes.edu.ec\/sitio\/"},{"@type":"ListItem","position":2,"name":"\u201cEstuve en la c\u00e1rcel\u201d: la experiencia inmersiva que \u201cNosotras\u201d llev\u00f3 al CIF"}]},{"@type":"WebSite","@id":"https:\/\/www.uartes.edu.ec\/sitio\/#website","url":"https:\/\/www.uartes.edu.ec\/sitio\/","name":"Universidad de las Artes","description":"Sitio oficial de la Universidad Nacional de las Artes del Ecuador","publisher":{"@id":"https:\/\/www.uartes.edu.ec\/sitio\/#organization"},"potentialAction":[{"@type":"SearchAction","target":{"@type":"EntryPoint","urlTemplate":"https:\/\/www.uartes.edu.ec\/sitio\/?s={search_term_string}"},"query-input":{"@type":"PropertyValueSpecification","valueRequired":true,"valueName":"search_term_string"}}],"inLanguage":"es"},{"@type":"Organization","@id":"https:\/\/www.uartes.edu.ec\/sitio\/#organization","name":"Universidad de las Artes","url":"https:\/\/www.uartes.edu.ec\/sitio\/","logo":{"@type":"ImageObject","inLanguage":"es","@id":"https:\/\/www.uartes.edu.ec\/sitio\/#\/schema\/logo\/image\/","url":"https:\/\/www.uartes.edu.ec\/sitio\/wp-content\/uploads\/2022\/07\/logo-ua-horizontal.png","contentUrl":"https:\/\/www.uartes.edu.ec\/sitio\/wp-content\/uploads\/2022\/07\/logo-ua-horizontal.png","width":800,"height":276,"caption":"Universidad de las Artes"},"image":{"@id":"https:\/\/www.uartes.edu.ec\/sitio\/#\/schema\/logo\/image\/"},"sameAs":["https:\/\/www.facebook.com\/uartesec","https:\/\/x.com\/uartesec","https:\/\/www.tiktok.com\/@uartesec"]},{"@type":"Person","@id":"https:\/\/www.uartes.edu.ec\/sitio\/#\/schema\/person\/efa1b8275797664fd7f13a79ccc0b1f4","name":"ccortez","image":{"@type":"ImageObject","inLanguage":"es","@id":"https:\/\/secure.gravatar.com\/avatar\/b2a6f664a3ae8e074346ef91775736c5ec479e637ecced6842de9dc98b5da9cd?s=96&d=mm&r=g","url":"https:\/\/secure.gravatar.com\/avatar\/b2a6f664a3ae8e074346ef91775736c5ec479e637ecced6842de9dc98b5da9cd?s=96&d=mm&r=g","contentUrl":"https:\/\/secure.gravatar.com\/avatar\/b2a6f664a3ae8e074346ef91775736c5ec479e637ecced6842de9dc98b5da9cd?s=96&d=mm&r=g","caption":"ccortez"},"url":"https:\/\/www.uartes.edu.ec\/sitio\/blog\/author\/ccortez\/"}]}},"uagb_featured_image_src":{"full":["https:\/\/www.uartes.edu.ec\/sitio\/wp-content\/uploads\/2024\/05\/05-NOSOTRAS.jpg",2000,1333,false],"thumbnail":["https:\/\/www.uartes.edu.ec\/sitio\/wp-content\/uploads\/2024\/05\/05-NOSOTRAS-150x150.jpg",150,150,true],"medium":["https:\/\/www.uartes.edu.ec\/sitio\/wp-content\/uploads\/2024\/05\/05-NOSOTRAS-300x200.jpg",300,200,true],"medium_large":["https:\/\/www.uartes.edu.ec\/sitio\/wp-content\/uploads\/2024\/05\/05-NOSOTRAS-768x512.jpg",768,512,true],"large":["https:\/\/www.uartes.edu.ec\/sitio\/wp-content\/uploads\/2024\/05\/05-NOSOTRAS-644x429.jpg",644,429,true],"1536x1536":["https:\/\/www.uartes.edu.ec\/sitio\/wp-content\/uploads\/2024\/05\/05-NOSOTRAS-1536x1024.jpg",1536,1024,true],"2048x2048":["https:\/\/www.uartes.edu.ec\/sitio\/wp-content\/uploads\/2024\/05\/05-NOSOTRAS.jpg",2000,1333,false],"trp-custom-language-flag":["https:\/\/www.uartes.edu.ec\/sitio\/wp-content\/uploads\/2024\/05\/05-NOSOTRAS-18x12.jpg",18,12,true],"htmega_size_585x295":["https:\/\/www.uartes.edu.ec\/sitio\/wp-content\/uploads\/2024\/05\/05-NOSOTRAS-585x295.jpg",585,295,true],"htmega_size_1170x536":["https:\/\/www.uartes.edu.ec\/sitio\/wp-content\/uploads\/2024\/05\/05-NOSOTRAS-1170x536.jpg",1170,536,true],"htmega_size_396x360":["https:\/\/www.uartes.edu.ec\/sitio\/wp-content\/uploads\/2024\/05\/05-NOSOTRAS-396x360.jpg",396,360,true],"gb-block-post-grid-landscape":["https:\/\/www.uartes.edu.ec\/sitio\/wp-content\/uploads\/2024\/05\/05-NOSOTRAS-600x400.jpg",600,400,true],"gb-block-post-grid-square":["https:\/\/www.uartes.edu.ec\/sitio\/wp-content\/uploads\/2024\/05\/05-NOSOTRAS-600x600.jpg",600,600,true],"university-hub-thumb":["https:\/\/www.uartes.edu.ec\/sitio\/wp-content\/uploads\/2024\/05\/05-NOSOTRAS-400x267.jpg",400,267,true]},"uagb_author_info":{"display_name":"ccortez","author_link":"https:\/\/www.uartes.edu.ec\/sitio\/blog\/author\/ccortez\/"},"uagb_comment_info":0,"uagb_excerpt":"Una experiencia inmersiva dentro del Centro de Rehabilitaci\u00f3n Social Femenino de Guayaquil, revisitando el archivo audiovisual generado entre 2018 y 2020, propuso la instalaci\u00f3n \u201cNosotras\u201d en el CIF del MZ14. En su realizaci\u00f3n intervinieron 16 estudiantes de Cine y un grupo de mujeres privadas de libertad. Direcci\u00f3n y conceptualizaci\u00f3n: docentes Priscila Aguirre y Raymi Morales,&hellip;","featured_image_src":"https:\/\/www.uartes.edu.ec\/sitio\/wp-content\/uploads\/2024\/05\/05-NOSOTRAS-600x400.jpg","featured_image_src_square":"https:\/\/www.uartes.edu.ec\/sitio\/wp-content\/uploads\/2024\/05\/05-NOSOTRAS-600x600.jpg","author_info":{"display_name":"ccortez","author_link":"https:\/\/www.uartes.edu.ec\/sitio\/blog\/author\/ccortez\/"},"publishpress_future_workflow_manual_trigger":{"enabledWorkflows":[]},"distributor_meta":false,"distributor_terms":false,"distributor_media":false,"distributor_original_site_name":"Universidad de las Artes","distributor_original_site_url":"https:\/\/www.uartes.edu.ec\/sitio","push-errors":false,"_links":{"self":[{"href":"https:\/\/www.uartes.edu.ec\/sitio\/wp-json\/wp\/v2\/posts\/53963","targetHints":{"allow":["GET"]}}],"collection":[{"href":"https:\/\/www.uartes.edu.ec\/sitio\/wp-json\/wp\/v2\/posts"}],"about":[{"href":"https:\/\/www.uartes.edu.ec\/sitio\/wp-json\/wp\/v2\/types\/post"}],"author":[{"embeddable":true,"href":"https:\/\/www.uartes.edu.ec\/sitio\/wp-json\/wp\/v2\/users\/10"}],"replies":[{"embeddable":true,"href":"https:\/\/www.uartes.edu.ec\/sitio\/wp-json\/wp\/v2\/comments?post=53963"}],"version-history":[{"count":11,"href":"https:\/\/www.uartes.edu.ec\/sitio\/wp-json\/wp\/v2\/posts\/53963\/revisions"}],"predecessor-version":[{"id":53990,"href":"https:\/\/www.uartes.edu.ec\/sitio\/wp-json\/wp\/v2\/posts\/53963\/revisions\/53990"}],"wp:featuredmedia":[{"embeddable":true,"href":"https:\/\/www.uartes.edu.ec\/sitio\/wp-json\/wp\/v2\/media\/53964"}],"wp:attachment":[{"href":"https:\/\/www.uartes.edu.ec\/sitio\/wp-json\/wp\/v2\/media?parent=53963"}],"wp:term":[{"taxonomy":"category","embeddable":true,"href":"https:\/\/www.uartes.edu.ec\/sitio\/wp-json\/wp\/v2\/categories?post=53963"},{"taxonomy":"post_tag","embeddable":true,"href":"https:\/\/www.uartes.edu.ec\/sitio\/wp-json\/wp\/v2\/tags?post=53963"},{"taxonomy":"infouartes","embeddable":true,"href":"https:\/\/www.uartes.edu.ec\/sitio\/wp-json\/wp\/v2\/infouartes?post=53963"}],"curies":[{"name":"wp","href":"https:\/\/api.w.org\/{rel}","templated":true}]}}