{"id":54005,"date":"2024-05-16T17:11:00","date_gmt":"2024-05-16T22:11:00","guid":{"rendered":"https:\/\/www.uartes.edu.ec\/sitio\/?p=54005"},"modified":"2024-07-04T11:18:58","modified_gmt":"2024-07-04T16:18:58","slug":"firma-de-convenio-fortalece-la-vinculacion-con-la-comunidad-y-el-trabajo-conjunto-entre-karibu-y-uartes","status":"publish","type":"post","link":"https:\/\/www.uartes.edu.ec\/sitio\/blog\/2024\/05\/16\/firma-de-convenio-fortalece-la-vinculacion-con-la-comunidad-y-el-trabajo-conjunto-entre-karibu-y-uartes\/","title":{"rendered":"Firma de convenio de cooperaci\u00f3n fortalece v\u00ednculo con la comunidad y trabajo conjunto entre Karibu y UArtes"},"content":{"rendered":"\n<p>La Universidad de las Artes y la Fundaci\u00f3n Afrodescendiente Karibu han generado lazos de cooperaci\u00f3n desde el 2016 hasta la fecha, a trav\u00e9s de proyectos de vinculaci\u00f3n con la sociedad que han permitido contar con un acervo de experiencias y memorias sobre el trabajo logrado en territorio; el desarrollo de actividades de docencia, como las efectuadas en el marco de la asignatura Laboratorio con la Comunidad en el sector de la Isla Trinitaria; la creaci\u00f3n de espacios de encuentro; la ejecuci\u00f3n de proyectos de investigaci\u00f3n de docentes y estudiantes; y la realizaci\u00f3n de ferias para visibilizar una riqueza de conocimientos y creatividad.<\/p>\n\n\n\n<p>Sin embargo, no se hab\u00eda concretado la firma de un convenio para, como se\u00f1ala Carlos Valencia, su presidente, \u201cfortalecer los procesos creativos y diversos en nuestros barrios\u201d. La suscripci\u00f3n se dio recientemente, se\u00f1alando como objetivo \u201cestablecer las bases y criterios de cooperaci\u00f3n interinstitucional para la gesti\u00f3n mancomunada de programas, proyectos y actividades que favorezcan al desarrollo social, comunitario, art\u00edstico y cultural de las poblaciones afrodescendientes de Guayaquil\u201d.<\/p>\n\n\n\n<p>Esto desde la docencia, la investigaci\u00f3n, la vinculaci\u00f3n con la sociedad, la formaci\u00f3n continua, la producci\u00f3n e innovaci\u00f3n en artes y las pr\u00e1cticas preprofesionales, en el marco de sus objetivos institucionales.<\/p>\n\n\n<div class=\"wp-block-image\">\n<figure class=\"aligncenter size-large\"><img fetchpriority=\"high\" decoding=\"async\" width=\"644\" height=\"429\" src=\"https:\/\/www.uartes.edu.ec\/sitio\/wp-content\/uploads\/2024\/05\/01-KARIBU-WEB.jpg-1-644x429.jpg\" alt=\"\" class=\"wp-image-54028\" srcset=\"https:\/\/www.uartes.edu.ec\/sitio\/wp-content\/uploads\/2024\/05\/01-KARIBU-WEB.jpg-1-644x429.jpg 644w, https:\/\/www.uartes.edu.ec\/sitio\/wp-content\/uploads\/2024\/05\/01-KARIBU-WEB.jpg-1-768x511.jpg 768w, https:\/\/www.uartes.edu.ec\/sitio\/wp-content\/uploads\/2024\/05\/01-KARIBU-WEB.jpg-1.jpg 2000w, https:\/\/www.uartes.edu.ec\/sitio\/wp-content\/uploads\/2024\/05\/01-KARIBU-WEB.jpg-1-18x12.jpg 18w, https:\/\/www.uartes.edu.ec\/sitio\/wp-content\/uploads\/2024\/05\/01-KARIBU-WEB.jpg-1-600x399.jpg 600w, https:\/\/www.uartes.edu.ec\/sitio\/wp-content\/uploads\/2024\/05\/01-KARIBU-WEB.jpg-1-272x182.jpg 272w\" sizes=\"(max-width: 644px) 100vw, 644px\" \/><\/figure>\n<\/div>\n\n\n<p>\u00bfC\u00f3mo surge el relacionamiento entre Karibu con la UArtes?, Valencia responde que el origen, en ese entonces con el grupo Reviviendo los tambores, tiene como fecha el a\u00f1o 2016, pero se propicia cuando en diciembre de 2013 la Asamblea General de las Naciones Unidas aprueba la resoluci\u00f3n 68\/237 que proclama entre 2015 y 2024&nbsp;como el Decenio Internacional para los Afrodescendientes con el tema \u201cAfrodescendientes: reconocimiento, justicia y desarrollo\u201d.<\/p>\n\n\n\n<p>\u201cDe aqu\u00ed se desprenden una serie de actividades: presentaciones art\u00edsticas con mayor \u00e9nfasis por el mes de la afroecuatorianidad, conversatorios para tratar temas que hac\u00edan referencia a la poblaci\u00f3n negra en Guayaquil. Optan luego por visitar sectores o barrios con poblaci\u00f3n afro, d\u00e1ndose manifestaciones tradicionales como arrullos y novenas\u201d.<\/p>\n\n\n\n<p>Justamente, una presentaci\u00f3n art\u00edstica en la UArtes lo lleva a solicitar la presencia de universidad en la comunidad \u201cy podemos decir que desde ese momento se empezaron a generar procesos mancomunados de cooperaci\u00f3n y los resultados han sido positivos\u201d, sostiene Valencia. Entre los m\u00e1s destacados se\u00f1ala los eventos art\u00edsticos que articuladamente se han realizado en espacios p\u00fablicos, la vinculaci\u00f3n de los estudiantes y maestros con la comunidad, la presencia en cada uno de los momentos cruciales de la vida en la comunidad: velorios en chigualos, novenas y cabo de a\u00f1os, y conocer las comunidades la procedencia de sus padres y entender la cosmovisi\u00f3n afrodescendiente, dando como resultado el cambio de mentalidad de ver el arte. De una actividad de ocioso, ahora lo ven como una alternativa de profesionalizaci\u00f3n.<\/p>\n\n\n\t\t\t\t\t<div\n\t\t\t\t\t\tclass=\"wp-block-uagb-image-gallery uagb-block-eeeb2c94     \"\n\t\t\t\t\t\tstyle=\"\"\n\t\t\t\t\t>\n\t\t\t\t\t\t\t\t\t\t\t<div class=\"spectra-image-gallery spectra-image-gallery__layout--grid spectra-image-gallery__layout--grid-col-2 spectra-image-gallery__layout--grid-col-tab-2 spectra-image-gallery__layout--grid-col-mob-2\">\n\t\t\t\t\t\t\t\t\t\t\t<div class='spectra-image-gallery__media-wrapper' data-spectra-gallery-image-id='54029' tabindex=\"0\">\n\t\t\t\t\t\t\t<div class=\"spectra-image-gallery__media spectra-image-gallery__media--grid\">\n\t\t\t\t<picture>\n\t\t\t\t\t<source media=\"(min-width: 1024px)\" srcset=\"https:\/\/www.uartes.edu.ec\/sitio\/wp-content\/uploads\/2024\/05\/02-KARIBU-WEB-644x429.jpg\">\n\t\t\t\t\t<source media=\"(min-width: 768px)\" srcset=\"https:\/\/www.uartes.edu.ec\/sitio\/wp-content\/uploads\/2024\/05\/02-KARIBU-WEB-644x429.jpg\">\n\t\t\t\t\t<img decoding=\"async\" class=\"spectra-image-gallery__media-thumbnail spectra-image-gallery__media-thumbnail--grid\" src=\"https:\/\/www.uartes.edu.ec\/sitio\/wp-content\/uploads\/2024\/05\/02-KARIBU-WEB-300x200.jpg\" alt=\"\" loading=\"lazy\" \/>\n\t\t\t\t<\/picture>\n\t\t\t\t<div class=\"spectra-image-gallery__media-thumbnail-blurrer\"><\/div>\n\t\t\t\t\t\t\t\t\t\t\t<div class=\"spectra-image-gallery__media-thumbnail-caption-wrapper spectra-image-gallery__media-thumbnail-caption-wrapper--overlay\">\n\t\t\t\t\t\t\t\t\t\t\t<div class=\"spectra-image-gallery__media-thumbnail-caption spectra-image-gallery__media-thumbnail-caption--overlay\">\n\t\t\t\t\tSin leyenda\t\t\t\t<\/div>\n\t\t\t\t\t\t\t\t\t\t<\/div>\n\t\t\t\t\t\t\t\t\t<\/div>\n\t\t\t\t\t\t<\/div>\n\t\t\t\t\t\t<div class='spectra-image-gallery__media-wrapper' data-spectra-gallery-image-id='54030' tabindex=\"0\">\n\t\t\t\t\t\t\t<div class=\"spectra-image-gallery__media spectra-image-gallery__media--grid\">\n\t\t\t\t<picture>\n\t\t\t\t\t<source media=\"(min-width: 1024px)\" srcset=\"https:\/\/www.uartes.edu.ec\/sitio\/wp-content\/uploads\/2024\/05\/04-KARIBU-WEB-1-644x429.jpg\">\n\t\t\t\t\t<source media=\"(min-width: 768px)\" srcset=\"https:\/\/www.uartes.edu.ec\/sitio\/wp-content\/uploads\/2024\/05\/04-KARIBU-WEB-1-644x429.jpg\">\n\t\t\t\t\t<img decoding=\"async\" class=\"spectra-image-gallery__media-thumbnail spectra-image-gallery__media-thumbnail--grid\" src=\"https:\/\/www.uartes.edu.ec\/sitio\/wp-content\/uploads\/2024\/05\/04-KARIBU-WEB-1-300x200.jpg\" alt=\"\" loading=\"lazy\" \/>\n\t\t\t\t<\/picture>\n\t\t\t\t<div class=\"spectra-image-gallery__media-thumbnail-blurrer\"><\/div>\n\t\t\t\t\t\t\t\t\t\t\t<div class=\"spectra-image-gallery__media-thumbnail-caption-wrapper spectra-image-gallery__media-thumbnail-caption-wrapper--overlay\">\n\t\t\t\t\t\t\t\t\t\t\t<div class=\"spectra-image-gallery__media-thumbnail-caption spectra-image-gallery__media-thumbnail-caption--overlay\">\n\t\t\t\t\tSin leyenda\t\t\t\t<\/div>\n\t\t\t\t\t\t\t\t\t\t<\/div>\n\t\t\t\t\t\t\t\t\t<\/div>\n\t\t\t\t\t\t<\/div>\n\t\t\t\t\t\t\t\t\t\t<\/div>\n\t\t\t\t\t\t\t\t\t\t\t\t\t\t\t\t\t\t<\/div>\n\t\t\t\t\t\t\t\t\t\n\n\n<p>Record\u00f3 tambi\u00e9n el libro \u201cNigeria. Segunda independencia\u201d, publicado por UArtes Ediciones, el cual recoge todas las experiencias de trabajo en comunidad; la radio comunitaria, que les permit\u00eda contar an\u00e9cdotas, mitos y leyendas, productos audiovisuales &nbsp;que recogen el saber ancestral diverso del pueblo negro, gastronom\u00eda, espiritualidad, celebraciones tradicionales y todo lo que cotidianamente se vive en el pueblo sin distinci\u00f3n de raza, sexo o g\u00e9nero. Hizo, asimismo, referencia a la Validaci\u00f3n de Trayectorias Profesionales Art\u00edsticas o Culturales de los artistas, la cual cont\u00f3 est\u00e1 cursando.<\/p>\n\n\n\n<p>\u201cHoy continuamos con la vinculaci\u00f3n dentro de la comunidad, en la participan los m\u00e1s vulnerables: ni\u00f1os, ni\u00f1as, adolescentes y adultos mayores. Hemos logrado la constituci\u00f3n de la biblioteca y se est\u00e1 convirtiendo en un referente comunitario\u201d. Valencia destaca la marcha del proyecto \u201cCocina afroecuatoriana y patrimonio cultural\u201d y en la construcci\u00f3n de un espacio gastron\u00f3mico art\u00edstico que permita sostener los procesos que se llevan a cabo, como la Escuela de Marimba Reviviendo los Tambores y el grupo de lectura creativa.<\/p>\n\n\n\n<p>\u201cNecesitamos seguir construyendo y reafirmando nuestra identidad a trav\u00e9s de la historia no contada y que se reafirme y revalorice el saber ancestral como un aporte a la etnoeducaci\u00f3n desde la educaci\u00f3n informal y que las instituciones educativas donde hay mayor presencia afro se conviertan en guardianas del saber y ayuden en el desarrollo socioeducativo de nuestros ni\u00f1os en su diversidad\u201d, indica.<\/p>\n\n\n\n<h3 class=\"wp-block-heading\">Antecedentes<\/h3>\n\n\n\n<p>La Fundaci\u00f3n Afrodescendiente Karibu es una organizaci\u00f3n de la sociedad civil, legalmente constituida mediante Resoluci\u00f3n Nro. MIES-CZ-8-DDG1-2021-0130-R con fecha 12 de septiembre de 2021, con domicilio en Calles Zarumilla entre Yaguachi y Catarama, cant\u00f3n Guayaquil, provincia del Guayas; orientada a la atenci\u00f3n y al bienestar social.<\/p>\n\n\n<div class=\"wp-block-image\">\n<figure class=\"aligncenter size-large\"><img decoding=\"async\" width=\"644\" height=\"429\" src=\"https:\/\/www.uartes.edu.ec\/sitio\/wp-content\/uploads\/2024\/05\/03-Cocina-Afroecuatoriana-Taller-de-Fotografia-Etenopeica-644x429.jpg\" alt=\"\" class=\"wp-image-54031\" srcset=\"https:\/\/www.uartes.edu.ec\/sitio\/wp-content\/uploads\/2024\/05\/03-Cocina-Afroecuatoriana-Taller-de-Fotografia-Etenopeica-644x429.jpg 644w, https:\/\/www.uartes.edu.ec\/sitio\/wp-content\/uploads\/2024\/05\/03-Cocina-Afroecuatoriana-Taller-de-Fotografia-Etenopeica-768x511.jpg 768w, https:\/\/www.uartes.edu.ec\/sitio\/wp-content\/uploads\/2024\/05\/03-Cocina-Afroecuatoriana-Taller-de-Fotografia-Etenopeica.jpg 2000w, https:\/\/www.uartes.edu.ec\/sitio\/wp-content\/uploads\/2024\/05\/03-Cocina-Afroecuatoriana-Taller-de-Fotografia-Etenopeica-18x12.jpg 18w, https:\/\/www.uartes.edu.ec\/sitio\/wp-content\/uploads\/2024\/05\/03-Cocina-Afroecuatoriana-Taller-de-Fotografia-Etenopeica-600x399.jpg 600w, https:\/\/www.uartes.edu.ec\/sitio\/wp-content\/uploads\/2024\/05\/03-Cocina-Afroecuatoriana-Taller-de-Fotografia-Etenopeica-272x182.jpg 272w\" sizes=\"(max-width: 644px) 100vw, 644px\" \/><\/figure>\n<\/div>\n\n\n<p>Su misi\u00f3n es sensibilizar a la poblaci\u00f3n sobre los problemas sociales que afectan a las personas que m\u00e1s lo necesitan, en especial a aquella de origen afrodescendiente, mediante la promoci\u00f3n de iniciativas y acciones comunitarias para contribuir al bien com\u00fan.<\/p>\n\n\n\n<p>Mediante Oficio Nro. MIES-CZ-8-DDG1-2021-1323-OF del 07 de octubre del 2021, la Direcci\u00f3n Distrital del Guayas del Ministerio de Inclusi\u00f3n Econ\u00f3mica y Social (MIES), registra a la directiva de la Fundaci\u00f3n Afrodescendiente Karibu \u201cAKA\u201d para el periodo del 12 de septiembre del 2021 al 12 de septiembre de 2025, estableciendo a Carlos Alberto Valencia Lastra como presidente de la organizaci\u00f3n.<\/p>\n\n\n\n<p>Mediante Oficio S\/N del 28 de mayo del 2023, el presidente y representante legal de la Fundaci\u00f3n Afrodescendiente Karibu &#8220;AKA&#8221;, Sr. Carlos Valencia, expres\u00f3 al rector de la Universidad de las Artes, Dr. William Herrera, su voluntad de suscribir un acuerdo de trabajo colaborativo en los \u00e1mbitos de investigaci\u00f3n, vinculaci\u00f3n con la sociedad, proyectos de innovaci\u00f3n, pr\u00e1cticas preprofesionales, producci\u00f3n de eventos y publicaci\u00f3n editorial, para beneficio de ambas partes.<\/p>\n\n\n\n<p>La Fundaci\u00f3n Karibu ha contribuido tambi\u00e9n con su presencia en m\u00faltiples actividades institucionales, como eventos de rendici\u00f3n de cuentas, encuentros de vinculaci\u00f3n con la sociedad, conversatorios, ferias de emprendimiento, eventos culturales y exposiciones art\u00edsticas. Su accionar con poblaci\u00f3n de ni\u00f1os, ni\u00f1as y adolescentes ha permitido el desarrollo de competencias y destrezas creativas entre este grupo poblacional.<\/p>\n\n\n\n<p>Al igual que Asociaci\u00f3n Comunitaria Hilando Arte (Hilarte) y la Uni\u00f3n Nacional de Trabajadoras del Hogar y Afines (UNTHA), Fundaci\u00f3n Karibu forma parte de una red de organizaciones de la sociedad civil que colaboran con la Universidad de las Artes y que se articulan de manera organizada para el alcance de objetivos comunes, favoreciendo a la mejora de oportunidades y al desarrollo social en los sectores donde act\u00faan.<\/p>\n\n\n\n<p>Son administradores del convenio UArtes-Karibu Patricio S\u00e1nchez, especialista en Proyectos de Vinculaci\u00f3n con la Sociedad de la UArtes, y Carlos Valencia, presidente de la Fundaci\u00f3n Afrodescendiente Karibu.<\/p>\n\n\n\n<p><\/p>\n","protected":false},"excerpt":{"rendered":"<p>La UArtes y Fundaci\u00f3n Afrodescendiente Karibu han generado lazos de cooperaci\u00f3n desde el 2016 hasta la fecha, a trav\u00e9s de proyectos de vinculaci\u00f3n con la sociedad que han permitido contar con un acervo de experiencias y memorias sobre el trabajo logrado en territorio. Recientemente se concret\u00f3 la firma de un convenio de cooperaci\u00f3n para fortalecer los procesos creativos.  <\/p>\n","protected":false},"author":10,"featured_media":54027,"comment_status":"open","ping_status":"open","sticky":false,"template":"","format":"standard","meta":{"_acf_changed":false,"_uag_custom_page_level_css":"","_monsterinsights_skip_tracking":false,"_monsterinsights_sitenote_active":false,"_monsterinsights_sitenote_note":"","_monsterinsights_sitenote_category":0,"cybocfi_hide_featured_image":"","footnotes":""},"categories":[80,82,75,76,77,79],"tags":[540],"infouartes":[],"class_list":["post-54005","post","type-post","status-publish","format-standard","has-post-thumbnail","hentry","category-academico","category-artes","category-docentes","category-estudiantes","category-gestion","category-vinculo","tag-proyecto"],"acf":[],"yoast_head":"<!-- This site is optimized with the Yoast SEO plugin v27.4 - https:\/\/yoast.com\/product\/yoast-seo-wordpress\/ -->\n<title>Universidad de las Artes - Firma de convenio de cooperaci\u00f3n fortalece v\u00ednculo con la comunidad y trabajo conjunto entre Karibu y UArtes<\/title>\n<meta name=\"description\" content=\"Universidad de las Artes - Firma de convenio de cooperaci\u00f3n fortalece v\u00ednculo con la comunidad y trabajo conjunto entre Karibu y UArtes\" \/>\n<meta name=\"robots\" content=\"index, follow, max-snippet:-1, max-image-preview:large, max-video-preview:-1\" \/>\n<link rel=\"canonical\" href=\"https:\/\/www.uartes.edu.ec\/sitio\/blog\/2024\/05\/16\/firma-de-convenio-fortalece-la-vinculacion-con-la-comunidad-y-el-trabajo-conjunto-entre-karibu-y-uartes\/\" \/>\n<meta property=\"og:locale\" content=\"es_ES\" \/>\n<meta property=\"og:type\" content=\"article\" \/>\n<meta property=\"og:title\" content=\"Universidad de las Artes - Firma de convenio de cooperaci\u00f3n fortalece v\u00ednculo con la comunidad y trabajo conjunto entre Karibu y UArtes\" \/>\n<meta property=\"og:description\" content=\"Universidad de las Artes - Firma de convenio de cooperaci\u00f3n fortalece v\u00ednculo con la comunidad y trabajo conjunto entre Karibu y UArtes\" \/>\n<meta property=\"og:url\" content=\"https:\/\/www.uartes.edu.ec\/sitio\/blog\/2024\/05\/16\/firma-de-convenio-fortalece-la-vinculacion-con-la-comunidad-y-el-trabajo-conjunto-entre-karibu-y-uartes\/\" \/>\n<meta property=\"og:site_name\" content=\"Universidad de las Artes\" \/>\n<meta property=\"article:publisher\" content=\"https:\/\/www.facebook.com\/uartesec\" \/>\n<meta property=\"article:published_time\" content=\"2024-05-16T22:11:00+00:00\" \/>\n<meta property=\"article:modified_time\" content=\"2024-07-04T16:18:58+00:00\" \/>\n<meta property=\"og:image\" content=\"https:\/\/www.uartes.edu.ec\/sitio\/wp-content\/uploads\/2024\/05\/05-KARIBU-WEB-1.jpg\" \/>\n\t<meta property=\"og:image:width\" content=\"2000\" \/>\n\t<meta property=\"og:image:height\" content=\"1333\" \/>\n\t<meta property=\"og:image:type\" content=\"image\/jpeg\" \/>\n<meta name=\"author\" content=\"ccortez\" \/>\n<meta name=\"twitter:card\" content=\"summary_large_image\" \/>\n<meta name=\"twitter:creator\" content=\"@uartesec\" \/>\n<meta name=\"twitter:site\" content=\"@uartesec\" \/>\n<meta name=\"twitter:label1\" content=\"Escrito por\" \/>\n\t<meta name=\"twitter:data1\" content=\"ccortez\" \/>\n\t<meta name=\"twitter:label2\" content=\"Tiempo de lectura\" \/>\n\t<meta name=\"twitter:data2\" content=\"6 minutos\" \/>\n<script type=\"application\/ld+json\" class=\"yoast-schema-graph\">{\"@context\":\"https:\\\/\\\/schema.org\",\"@graph\":[{\"@type\":\"Article\",\"@id\":\"https:\\\/\\\/www.uartes.edu.ec\\\/sitio\\\/blog\\\/2024\\\/05\\\/16\\\/firma-de-convenio-fortalece-la-vinculacion-con-la-comunidad-y-el-trabajo-conjunto-entre-karibu-y-uartes\\\/#article\",\"isPartOf\":{\"@id\":\"https:\\\/\\\/www.uartes.edu.ec\\\/sitio\\\/blog\\\/2024\\\/05\\\/16\\\/firma-de-convenio-fortalece-la-vinculacion-con-la-comunidad-y-el-trabajo-conjunto-entre-karibu-y-uartes\\\/\"},\"author\":{\"name\":\"ccortez\",\"@id\":\"https:\\\/\\\/www.uartes.edu.ec\\\/sitio\\\/#\\\/schema\\\/person\\\/efa1b8275797664fd7f13a79ccc0b1f4\"},\"headline\":\"Firma de convenio de cooperaci\u00f3n fortalece v\u00ednculo con la comunidad y trabajo conjunto entre Karibu y UArtes\",\"datePublished\":\"2024-05-16T22:11:00+00:00\",\"dateModified\":\"2024-07-04T16:18:58+00:00\",\"mainEntityOfPage\":{\"@id\":\"https:\\\/\\\/www.uartes.edu.ec\\\/sitio\\\/blog\\\/2024\\\/05\\\/16\\\/firma-de-convenio-fortalece-la-vinculacion-con-la-comunidad-y-el-trabajo-conjunto-entre-karibu-y-uartes\\\/\"},\"wordCount\":1150,\"commentCount\":0,\"publisher\":{\"@id\":\"https:\\\/\\\/www.uartes.edu.ec\\\/sitio\\\/#organization\"},\"image\":{\"@id\":\"https:\\\/\\\/www.uartes.edu.ec\\\/sitio\\\/blog\\\/2024\\\/05\\\/16\\\/firma-de-convenio-fortalece-la-vinculacion-con-la-comunidad-y-el-trabajo-conjunto-entre-karibu-y-uartes\\\/#primaryimage\"},\"thumbnailUrl\":\"https:\\\/\\\/www.uartes.edu.ec\\\/sitio\\\/wp-content\\\/uploads\\\/2024\\\/05\\\/05-KARIBU-WEB-1.jpg\",\"keywords\":[\"proyecto\"],\"articleSection\":[\"Acad\u00e9mico\",\"Artes\",\"Docentes\",\"Estudiantes\",\"Gesti\u00f3n\",\"V\u00ednculo\"],\"inLanguage\":\"es\",\"potentialAction\":[{\"@type\":\"CommentAction\",\"name\":\"Comment\",\"target\":[\"https:\\\/\\\/www.uartes.edu.ec\\\/sitio\\\/blog\\\/2024\\\/05\\\/16\\\/firma-de-convenio-fortalece-la-vinculacion-con-la-comunidad-y-el-trabajo-conjunto-entre-karibu-y-uartes\\\/#respond\"]}]},{\"@type\":[\"WebPage\",\"ItemPage\"],\"@id\":\"https:\\\/\\\/www.uartes.edu.ec\\\/sitio\\\/blog\\\/2024\\\/05\\\/16\\\/firma-de-convenio-fortalece-la-vinculacion-con-la-comunidad-y-el-trabajo-conjunto-entre-karibu-y-uartes\\\/\",\"url\":\"https:\\\/\\\/www.uartes.edu.ec\\\/sitio\\\/blog\\\/2024\\\/05\\\/16\\\/firma-de-convenio-fortalece-la-vinculacion-con-la-comunidad-y-el-trabajo-conjunto-entre-karibu-y-uartes\\\/\",\"name\":\"Universidad de las Artes - Firma de convenio de cooperaci\u00f3n fortalece v\u00ednculo con la comunidad y trabajo conjunto entre Karibu y UArtes\",\"isPartOf\":{\"@id\":\"https:\\\/\\\/www.uartes.edu.ec\\\/sitio\\\/#website\"},\"primaryImageOfPage\":{\"@id\":\"https:\\\/\\\/www.uartes.edu.ec\\\/sitio\\\/blog\\\/2024\\\/05\\\/16\\\/firma-de-convenio-fortalece-la-vinculacion-con-la-comunidad-y-el-trabajo-conjunto-entre-karibu-y-uartes\\\/#primaryimage\"},\"image\":{\"@id\":\"https:\\\/\\\/www.uartes.edu.ec\\\/sitio\\\/blog\\\/2024\\\/05\\\/16\\\/firma-de-convenio-fortalece-la-vinculacion-con-la-comunidad-y-el-trabajo-conjunto-entre-karibu-y-uartes\\\/#primaryimage\"},\"thumbnailUrl\":\"https:\\\/\\\/www.uartes.edu.ec\\\/sitio\\\/wp-content\\\/uploads\\\/2024\\\/05\\\/05-KARIBU-WEB-1.jpg\",\"datePublished\":\"2024-05-16T22:11:00+00:00\",\"dateModified\":\"2024-07-04T16:18:58+00:00\",\"description\":\"Universidad de las Artes - Firma de convenio de cooperaci\u00f3n fortalece v\u00ednculo con la comunidad y trabajo conjunto entre Karibu y UArtes\",\"breadcrumb\":{\"@id\":\"https:\\\/\\\/www.uartes.edu.ec\\\/sitio\\\/blog\\\/2024\\\/05\\\/16\\\/firma-de-convenio-fortalece-la-vinculacion-con-la-comunidad-y-el-trabajo-conjunto-entre-karibu-y-uartes\\\/#breadcrumb\"},\"inLanguage\":\"es\",\"potentialAction\":[{\"@type\":\"ReadAction\",\"target\":[\"https:\\\/\\\/www.uartes.edu.ec\\\/sitio\\\/blog\\\/2024\\\/05\\\/16\\\/firma-de-convenio-fortalece-la-vinculacion-con-la-comunidad-y-el-trabajo-conjunto-entre-karibu-y-uartes\\\/\"]}]},{\"@type\":\"ImageObject\",\"inLanguage\":\"es\",\"@id\":\"https:\\\/\\\/www.uartes.edu.ec\\\/sitio\\\/blog\\\/2024\\\/05\\\/16\\\/firma-de-convenio-fortalece-la-vinculacion-con-la-comunidad-y-el-trabajo-conjunto-entre-karibu-y-uartes\\\/#primaryimage\",\"url\":\"https:\\\/\\\/www.uartes.edu.ec\\\/sitio\\\/wp-content\\\/uploads\\\/2024\\\/05\\\/05-KARIBU-WEB-1.jpg\",\"contentUrl\":\"https:\\\/\\\/www.uartes.edu.ec\\\/sitio\\\/wp-content\\\/uploads\\\/2024\\\/05\\\/05-KARIBU-WEB-1.jpg\",\"width\":2000,\"height\":1333},{\"@type\":\"BreadcrumbList\",\"@id\":\"https:\\\/\\\/www.uartes.edu.ec\\\/sitio\\\/blog\\\/2024\\\/05\\\/16\\\/firma-de-convenio-fortalece-la-vinculacion-con-la-comunidad-y-el-trabajo-conjunto-entre-karibu-y-uartes\\\/#breadcrumb\",\"itemListElement\":[{\"@type\":\"ListItem\",\"position\":1,\"name\":\"Inicio\",\"item\":\"https:\\\/\\\/www.uartes.edu.ec\\\/sitio\\\/\"},{\"@type\":\"ListItem\",\"position\":2,\"name\":\"Firma de convenio de cooperaci\u00f3n fortalece v\u00ednculo con la comunidad y trabajo conjunto entre Karibu y UArtes\"}]},{\"@type\":\"WebSite\",\"@id\":\"https:\\\/\\\/www.uartes.edu.ec\\\/sitio\\\/#website\",\"url\":\"https:\\\/\\\/www.uartes.edu.ec\\\/sitio\\\/\",\"name\":\"Universidad de las Artes\",\"description\":\"Sitio oficial de la Universidad Nacional de las Artes del Ecuador\",\"publisher\":{\"@id\":\"https:\\\/\\\/www.uartes.edu.ec\\\/sitio\\\/#organization\"},\"potentialAction\":[{\"@type\":\"SearchAction\",\"target\":{\"@type\":\"EntryPoint\",\"urlTemplate\":\"https:\\\/\\\/www.uartes.edu.ec\\\/sitio\\\/?s={search_term_string}\"},\"query-input\":{\"@type\":\"PropertyValueSpecification\",\"valueRequired\":true,\"valueName\":\"search_term_string\"}}],\"inLanguage\":\"es\"},{\"@type\":\"Organization\",\"@id\":\"https:\\\/\\\/www.uartes.edu.ec\\\/sitio\\\/#organization\",\"name\":\"Universidad de las Artes\",\"url\":\"https:\\\/\\\/www.uartes.edu.ec\\\/sitio\\\/\",\"logo\":{\"@type\":\"ImageObject\",\"inLanguage\":\"es\",\"@id\":\"https:\\\/\\\/www.uartes.edu.ec\\\/sitio\\\/#\\\/schema\\\/logo\\\/image\\\/\",\"url\":\"https:\\\/\\\/www.uartes.edu.ec\\\/sitio\\\/wp-content\\\/uploads\\\/2022\\\/07\\\/logo-ua-horizontal.png\",\"contentUrl\":\"https:\\\/\\\/www.uartes.edu.ec\\\/sitio\\\/wp-content\\\/uploads\\\/2022\\\/07\\\/logo-ua-horizontal.png\",\"width\":800,\"height\":276,\"caption\":\"Universidad de las Artes\"},\"image\":{\"@id\":\"https:\\\/\\\/www.uartes.edu.ec\\\/sitio\\\/#\\\/schema\\\/logo\\\/image\\\/\"},\"sameAs\":[\"https:\\\/\\\/www.facebook.com\\\/uartesec\",\"https:\\\/\\\/x.com\\\/uartesec\",\"https:\\\/\\\/www.tiktok.com\\\/@uartesec\"]},{\"@type\":\"Person\",\"@id\":\"https:\\\/\\\/www.uartes.edu.ec\\\/sitio\\\/#\\\/schema\\\/person\\\/efa1b8275797664fd7f13a79ccc0b1f4\",\"name\":\"ccortez\",\"image\":{\"@type\":\"ImageObject\",\"inLanguage\":\"es\",\"@id\":\"https:\\\/\\\/secure.gravatar.com\\\/avatar\\\/b2a6f664a3ae8e074346ef91775736c5ec479e637ecced6842de9dc98b5da9cd?s=96&d=mm&r=g\",\"url\":\"https:\\\/\\\/secure.gravatar.com\\\/avatar\\\/b2a6f664a3ae8e074346ef91775736c5ec479e637ecced6842de9dc98b5da9cd?s=96&d=mm&r=g\",\"contentUrl\":\"https:\\\/\\\/secure.gravatar.com\\\/avatar\\\/b2a6f664a3ae8e074346ef91775736c5ec479e637ecced6842de9dc98b5da9cd?s=96&d=mm&r=g\",\"caption\":\"ccortez\"},\"url\":\"https:\\\/\\\/www.uartes.edu.ec\\\/sitio\\\/blog\\\/author\\\/ccortez\\\/\"}]}<\/script>\n<!-- \/ Yoast SEO plugin. -->","yoast_head_json":{"title":"Universidad de las Artes - Firma de convenio de cooperaci\u00f3n fortalece v\u00ednculo con la comunidad y trabajo conjunto entre Karibu y UArtes","description":"Universidad de las Artes - Firma de convenio de cooperaci\u00f3n fortalece v\u00ednculo con la comunidad y trabajo conjunto entre Karibu y UArtes","robots":{"index":"index","follow":"follow","max-snippet":"max-snippet:-1","max-image-preview":"max-image-preview:large","max-video-preview":"max-video-preview:-1"},"canonical":"https:\/\/www.uartes.edu.ec\/sitio\/blog\/2024\/05\/16\/firma-de-convenio-fortalece-la-vinculacion-con-la-comunidad-y-el-trabajo-conjunto-entre-karibu-y-uartes\/","og_locale":"es_ES","og_type":"article","og_title":"Universidad de las Artes - Firma de convenio de cooperaci\u00f3n fortalece v\u00ednculo con la comunidad y trabajo conjunto entre Karibu y UArtes","og_description":"Universidad de las Artes - Firma de convenio de cooperaci\u00f3n fortalece v\u00ednculo con la comunidad y trabajo conjunto entre Karibu y UArtes","og_url":"https:\/\/www.uartes.edu.ec\/sitio\/blog\/2024\/05\/16\/firma-de-convenio-fortalece-la-vinculacion-con-la-comunidad-y-el-trabajo-conjunto-entre-karibu-y-uartes\/","og_site_name":"Universidad de las Artes","article_publisher":"https:\/\/www.facebook.com\/uartesec","article_published_time":"2024-05-16T22:11:00+00:00","article_modified_time":"2024-07-04T16:18:58+00:00","og_image":[{"width":2000,"height":1333,"url":"https:\/\/www.uartes.edu.ec\/sitio\/wp-content\/uploads\/2024\/05\/05-KARIBU-WEB-1.jpg","type":"image\/jpeg"}],"author":"ccortez","twitter_card":"summary_large_image","twitter_creator":"@uartesec","twitter_site":"@uartesec","twitter_misc":{"Escrito por":"ccortez","Tiempo de lectura":"6 minutos"},"schema":{"@context":"https:\/\/schema.org","@graph":[{"@type":"Article","@id":"https:\/\/www.uartes.edu.ec\/sitio\/blog\/2024\/05\/16\/firma-de-convenio-fortalece-la-vinculacion-con-la-comunidad-y-el-trabajo-conjunto-entre-karibu-y-uartes\/#article","isPartOf":{"@id":"https:\/\/www.uartes.edu.ec\/sitio\/blog\/2024\/05\/16\/firma-de-convenio-fortalece-la-vinculacion-con-la-comunidad-y-el-trabajo-conjunto-entre-karibu-y-uartes\/"},"author":{"name":"ccortez","@id":"https:\/\/www.uartes.edu.ec\/sitio\/#\/schema\/person\/efa1b8275797664fd7f13a79ccc0b1f4"},"headline":"Firma de convenio de cooperaci\u00f3n fortalece v\u00ednculo con la comunidad y trabajo conjunto entre Karibu y UArtes","datePublished":"2024-05-16T22:11:00+00:00","dateModified":"2024-07-04T16:18:58+00:00","mainEntityOfPage":{"@id":"https:\/\/www.uartes.edu.ec\/sitio\/blog\/2024\/05\/16\/firma-de-convenio-fortalece-la-vinculacion-con-la-comunidad-y-el-trabajo-conjunto-entre-karibu-y-uartes\/"},"wordCount":1150,"commentCount":0,"publisher":{"@id":"https:\/\/www.uartes.edu.ec\/sitio\/#organization"},"image":{"@id":"https:\/\/www.uartes.edu.ec\/sitio\/blog\/2024\/05\/16\/firma-de-convenio-fortalece-la-vinculacion-con-la-comunidad-y-el-trabajo-conjunto-entre-karibu-y-uartes\/#primaryimage"},"thumbnailUrl":"https:\/\/www.uartes.edu.ec\/sitio\/wp-content\/uploads\/2024\/05\/05-KARIBU-WEB-1.jpg","keywords":["proyecto"],"articleSection":["Acad\u00e9mico","Artes","Docentes","Estudiantes","Gesti\u00f3n","V\u00ednculo"],"inLanguage":"es","potentialAction":[{"@type":"CommentAction","name":"Comment","target":["https:\/\/www.uartes.edu.ec\/sitio\/blog\/2024\/05\/16\/firma-de-convenio-fortalece-la-vinculacion-con-la-comunidad-y-el-trabajo-conjunto-entre-karibu-y-uartes\/#respond"]}]},{"@type":["WebPage","ItemPage"],"@id":"https:\/\/www.uartes.edu.ec\/sitio\/blog\/2024\/05\/16\/firma-de-convenio-fortalece-la-vinculacion-con-la-comunidad-y-el-trabajo-conjunto-entre-karibu-y-uartes\/","url":"https:\/\/www.uartes.edu.ec\/sitio\/blog\/2024\/05\/16\/firma-de-convenio-fortalece-la-vinculacion-con-la-comunidad-y-el-trabajo-conjunto-entre-karibu-y-uartes\/","name":"Universidad de las Artes - Firma de convenio de cooperaci\u00f3n fortalece v\u00ednculo con la comunidad y trabajo conjunto entre Karibu y UArtes","isPartOf":{"@id":"https:\/\/www.uartes.edu.ec\/sitio\/#website"},"primaryImageOfPage":{"@id":"https:\/\/www.uartes.edu.ec\/sitio\/blog\/2024\/05\/16\/firma-de-convenio-fortalece-la-vinculacion-con-la-comunidad-y-el-trabajo-conjunto-entre-karibu-y-uartes\/#primaryimage"},"image":{"@id":"https:\/\/www.uartes.edu.ec\/sitio\/blog\/2024\/05\/16\/firma-de-convenio-fortalece-la-vinculacion-con-la-comunidad-y-el-trabajo-conjunto-entre-karibu-y-uartes\/#primaryimage"},"thumbnailUrl":"https:\/\/www.uartes.edu.ec\/sitio\/wp-content\/uploads\/2024\/05\/05-KARIBU-WEB-1.jpg","datePublished":"2024-05-16T22:11:00+00:00","dateModified":"2024-07-04T16:18:58+00:00","description":"Universidad de las Artes - Firma de convenio de cooperaci\u00f3n fortalece v\u00ednculo con la comunidad y trabajo conjunto entre Karibu y UArtes","breadcrumb":{"@id":"https:\/\/www.uartes.edu.ec\/sitio\/blog\/2024\/05\/16\/firma-de-convenio-fortalece-la-vinculacion-con-la-comunidad-y-el-trabajo-conjunto-entre-karibu-y-uartes\/#breadcrumb"},"inLanguage":"es","potentialAction":[{"@type":"ReadAction","target":["https:\/\/www.uartes.edu.ec\/sitio\/blog\/2024\/05\/16\/firma-de-convenio-fortalece-la-vinculacion-con-la-comunidad-y-el-trabajo-conjunto-entre-karibu-y-uartes\/"]}]},{"@type":"ImageObject","inLanguage":"es","@id":"https:\/\/www.uartes.edu.ec\/sitio\/blog\/2024\/05\/16\/firma-de-convenio-fortalece-la-vinculacion-con-la-comunidad-y-el-trabajo-conjunto-entre-karibu-y-uartes\/#primaryimage","url":"https:\/\/www.uartes.edu.ec\/sitio\/wp-content\/uploads\/2024\/05\/05-KARIBU-WEB-1.jpg","contentUrl":"https:\/\/www.uartes.edu.ec\/sitio\/wp-content\/uploads\/2024\/05\/05-KARIBU-WEB-1.jpg","width":2000,"height":1333},{"@type":"BreadcrumbList","@id":"https:\/\/www.uartes.edu.ec\/sitio\/blog\/2024\/05\/16\/firma-de-convenio-fortalece-la-vinculacion-con-la-comunidad-y-el-trabajo-conjunto-entre-karibu-y-uartes\/#breadcrumb","itemListElement":[{"@type":"ListItem","position":1,"name":"Inicio","item":"https:\/\/www.uartes.edu.ec\/sitio\/"},{"@type":"ListItem","position":2,"name":"Firma de convenio de cooperaci\u00f3n fortalece v\u00ednculo con la comunidad y trabajo conjunto entre Karibu y UArtes"}]},{"@type":"WebSite","@id":"https:\/\/www.uartes.edu.ec\/sitio\/#website","url":"https:\/\/www.uartes.edu.ec\/sitio\/","name":"Universidad de las Artes","description":"Sitio oficial de la Universidad Nacional de las Artes del Ecuador","publisher":{"@id":"https:\/\/www.uartes.edu.ec\/sitio\/#organization"},"potentialAction":[{"@type":"SearchAction","target":{"@type":"EntryPoint","urlTemplate":"https:\/\/www.uartes.edu.ec\/sitio\/?s={search_term_string}"},"query-input":{"@type":"PropertyValueSpecification","valueRequired":true,"valueName":"search_term_string"}}],"inLanguage":"es"},{"@type":"Organization","@id":"https:\/\/www.uartes.edu.ec\/sitio\/#organization","name":"Universidad de las Artes","url":"https:\/\/www.uartes.edu.ec\/sitio\/","logo":{"@type":"ImageObject","inLanguage":"es","@id":"https:\/\/www.uartes.edu.ec\/sitio\/#\/schema\/logo\/image\/","url":"https:\/\/www.uartes.edu.ec\/sitio\/wp-content\/uploads\/2022\/07\/logo-ua-horizontal.png","contentUrl":"https:\/\/www.uartes.edu.ec\/sitio\/wp-content\/uploads\/2022\/07\/logo-ua-horizontal.png","width":800,"height":276,"caption":"Universidad de las Artes"},"image":{"@id":"https:\/\/www.uartes.edu.ec\/sitio\/#\/schema\/logo\/image\/"},"sameAs":["https:\/\/www.facebook.com\/uartesec","https:\/\/x.com\/uartesec","https:\/\/www.tiktok.com\/@uartesec"]},{"@type":"Person","@id":"https:\/\/www.uartes.edu.ec\/sitio\/#\/schema\/person\/efa1b8275797664fd7f13a79ccc0b1f4","name":"ccortez","image":{"@type":"ImageObject","inLanguage":"es","@id":"https:\/\/secure.gravatar.com\/avatar\/b2a6f664a3ae8e074346ef91775736c5ec479e637ecced6842de9dc98b5da9cd?s=96&d=mm&r=g","url":"https:\/\/secure.gravatar.com\/avatar\/b2a6f664a3ae8e074346ef91775736c5ec479e637ecced6842de9dc98b5da9cd?s=96&d=mm&r=g","contentUrl":"https:\/\/secure.gravatar.com\/avatar\/b2a6f664a3ae8e074346ef91775736c5ec479e637ecced6842de9dc98b5da9cd?s=96&d=mm&r=g","caption":"ccortez"},"url":"https:\/\/www.uartes.edu.ec\/sitio\/blog\/author\/ccortez\/"}]}},"uagb_featured_image_src":{"full":["https:\/\/www.uartes.edu.ec\/sitio\/wp-content\/uploads\/2024\/05\/05-KARIBU-WEB-1.jpg",2000,1333,false],"thumbnail":["https:\/\/www.uartes.edu.ec\/sitio\/wp-content\/uploads\/2024\/05\/05-KARIBU-WEB-1-150x150.jpg",150,150,true],"medium":["https:\/\/www.uartes.edu.ec\/sitio\/wp-content\/uploads\/2024\/05\/05-KARIBU-WEB-1-300x200.jpg",300,200,true],"medium_large":["https:\/\/www.uartes.edu.ec\/sitio\/wp-content\/uploads\/2024\/05\/05-KARIBU-WEB-1-768x512.jpg",768,512,true],"large":["https:\/\/www.uartes.edu.ec\/sitio\/wp-content\/uploads\/2024\/05\/05-KARIBU-WEB-1-644x429.jpg",644,429,true],"1536x1536":["https:\/\/www.uartes.edu.ec\/sitio\/wp-content\/uploads\/2024\/05\/05-KARIBU-WEB-1-1536x1024.jpg",1536,1024,true],"2048x2048":["https:\/\/www.uartes.edu.ec\/sitio\/wp-content\/uploads\/2024\/05\/05-KARIBU-WEB-1.jpg",2000,1333,false],"trp-custom-language-flag":["https:\/\/www.uartes.edu.ec\/sitio\/wp-content\/uploads\/2024\/05\/05-KARIBU-WEB-1-18x12.jpg",18,12,true],"htmega_size_585x295":["https:\/\/www.uartes.edu.ec\/sitio\/wp-content\/uploads\/2024\/05\/05-KARIBU-WEB-1-585x295.jpg",585,295,true],"htmega_size_1170x536":["https:\/\/www.uartes.edu.ec\/sitio\/wp-content\/uploads\/2024\/05\/05-KARIBU-WEB-1-1170x536.jpg",1170,536,true],"htmega_size_396x360":["https:\/\/www.uartes.edu.ec\/sitio\/wp-content\/uploads\/2024\/05\/05-KARIBU-WEB-1-396x360.jpg",396,360,true],"gb-block-post-grid-landscape":["https:\/\/www.uartes.edu.ec\/sitio\/wp-content\/uploads\/2024\/05\/05-KARIBU-WEB-1-600x400.jpg",600,400,true],"gb-block-post-grid-square":["https:\/\/www.uartes.edu.ec\/sitio\/wp-content\/uploads\/2024\/05\/05-KARIBU-WEB-1-600x600.jpg",600,600,true],"university-hub-thumb":["https:\/\/www.uartes.edu.ec\/sitio\/wp-content\/uploads\/2024\/05\/05-KARIBU-WEB-1-400x267.jpg",400,267,true]},"uagb_author_info":{"display_name":"ccortez","author_link":"https:\/\/www.uartes.edu.ec\/sitio\/blog\/author\/ccortez\/"},"uagb_comment_info":0,"uagb_excerpt":"La UArtes y Fundaci\u00f3n Afrodescendiente Karibu han generado lazos de cooperaci\u00f3n desde el 2016 hasta la fecha, a trav\u00e9s de proyectos de vinculaci\u00f3n con la sociedad que han permitido contar con un acervo de experiencias y memorias sobre el trabajo logrado en territorio. Recientemente se concret\u00f3 la firma de un convenio de cooperaci\u00f3n para fortalecer&hellip;","featured_image_src":"https:\/\/www.uartes.edu.ec\/sitio\/wp-content\/uploads\/2024\/05\/05-KARIBU-WEB-1-600x400.jpg","featured_image_src_square":"https:\/\/www.uartes.edu.ec\/sitio\/wp-content\/uploads\/2024\/05\/05-KARIBU-WEB-1-600x600.jpg","author_info":{"display_name":"ccortez","author_link":"https:\/\/www.uartes.edu.ec\/sitio\/blog\/author\/ccortez\/"},"publishpress_future_workflow_manual_trigger":{"enabledWorkflows":[]},"distributor_meta":false,"distributor_terms":false,"distributor_media":false,"distributor_original_site_name":"Universidad de las Artes","distributor_original_site_url":"https:\/\/www.uartes.edu.ec\/sitio","push-errors":false,"_links":{"self":[{"href":"https:\/\/www.uartes.edu.ec\/sitio\/wp-json\/wp\/v2\/posts\/54005","targetHints":{"allow":["GET"]}}],"collection":[{"href":"https:\/\/www.uartes.edu.ec\/sitio\/wp-json\/wp\/v2\/posts"}],"about":[{"href":"https:\/\/www.uartes.edu.ec\/sitio\/wp-json\/wp\/v2\/types\/post"}],"author":[{"embeddable":true,"href":"https:\/\/www.uartes.edu.ec\/sitio\/wp-json\/wp\/v2\/users\/10"}],"replies":[{"embeddable":true,"href":"https:\/\/www.uartes.edu.ec\/sitio\/wp-json\/wp\/v2\/comments?post=54005"}],"version-history":[{"count":12,"href":"https:\/\/www.uartes.edu.ec\/sitio\/wp-json\/wp\/v2\/posts\/54005\/revisions"}],"predecessor-version":[{"id":54047,"href":"https:\/\/www.uartes.edu.ec\/sitio\/wp-json\/wp\/v2\/posts\/54005\/revisions\/54047"}],"wp:featuredmedia":[{"embeddable":true,"href":"https:\/\/www.uartes.edu.ec\/sitio\/wp-json\/wp\/v2\/media\/54027"}],"wp:attachment":[{"href":"https:\/\/www.uartes.edu.ec\/sitio\/wp-json\/wp\/v2\/media?parent=54005"}],"wp:term":[{"taxonomy":"category","embeddable":true,"href":"https:\/\/www.uartes.edu.ec\/sitio\/wp-json\/wp\/v2\/categories?post=54005"},{"taxonomy":"post_tag","embeddable":true,"href":"https:\/\/www.uartes.edu.ec\/sitio\/wp-json\/wp\/v2\/tags?post=54005"},{"taxonomy":"infouartes","embeddable":true,"href":"https:\/\/www.uartes.edu.ec\/sitio\/wp-json\/wp\/v2\/infouartes?post=54005"}],"curies":[{"name":"wp","href":"https:\/\/api.w.org\/{rel}","templated":true}]}}