{"id":54205,"date":"2024-05-14T17:14:00","date_gmt":"2024-05-14T22:14:00","guid":{"rendered":"https:\/\/www.uartes.edu.ec\/sitio\/?p=54205"},"modified":"2024-07-04T11:18:59","modified_gmt":"2024-07-04T16:18:59","slug":"en-la-biblioton-de-la-biblioteca-de-las-artes-se-analizo-en-taller-hibrido-la-edicion-en-linea","status":"publish","type":"post","link":"https:\/\/www.uartes.edu.ec\/sitio\/blog\/2024\/05\/14\/en-la-biblioton-de-la-biblioteca-de-las-artes-se-analizo-en-taller-hibrido-la-edicion-en-linea\/","title":{"rendered":"En la bibliot\u00f3n de la Biblioteca de las Artes se analiz\u00f3 la edici\u00f3n en l\u00ednea"},"content":{"rendered":"\n<p>Programado en una sesi\u00f3n virtual y otra presencial, este lunes 13 de mayo se desarroll\u00f3 en modalidad virtual el taller de edici\u00f3n en l\u00ednea, que es parte de las actividades de la bibliot\u00f3n y cuya propuesta resulta de un trabajo colaborativo entre la Biblioteca de las Artes, la Asociaci\u00f3n Nacional de Bibliotecarios del Ecuador (Anabe), el colectivo Wikimedistas del Ecuador y la mediadora cultural FestilECtura.<\/p>\n\n\n\n<p>Facilitado por Freddy Veloz (usuario: Freddy Eduardo), miembro de Wikimedistas de Ecuador, en la jornada virtual del taller se resalt\u00f3 la importancia de la plataforma Wikipedia y la necesidad de promover la edici\u00f3n y creaci\u00f3n de contenido en l\u00ednea.<\/p>\n\n\n\n<p>Vale anotar que, el bibliot\u00f3n y la editat\u00f3n sobre bibliotecas del Ecuador se concibi\u00f3 con el prop\u00f3sito de facilitar herramientas y t\u00e9cnicas de edici\u00f3n de datos con valor enciclop\u00e9dico sobre instituciones patrimoniales y de memoria, siguiendo las directrices del Programa GLAM de la Fundaci\u00f3n Wikimedia.<\/p>\n\n\n\n<p>Teniendo entre los participantes a Soraya Campos, directora de la Biblioteca de las Artes y presidenta de Anabe, en la sesi\u00f3n online del taller se abordaron, entre otros temas, la naturaleza de Wikipedia, su impacto en la difusi\u00f3n del conocimiento y la importancia de promover la participaci\u00f3n activa en la plataforma. Se analiz\u00f3 tambi\u00e9n su potencial como una herramienta para democratizar el acceso al conocimiento, as\u00ed como la necesidad de fortalecer la representaci\u00f3n del contenido ecuatoriano en la enciclopedia en l\u00ednea.<\/p>\n\n\n<div class=\"wp-block-image\">\n<figure class=\"aligncenter size-large\"><img fetchpriority=\"high\" decoding=\"async\" width=\"644\" height=\"429\" src=\"https:\/\/www.uartes.edu.ec\/sitio\/wp-content\/uploads\/2024\/05\/03-Taller-Wikipedia-Biblioton-UArtes-644x429.jpg\" alt=\"\" class=\"wp-image-54207\" srcset=\"https:\/\/www.uartes.edu.ec\/sitio\/wp-content\/uploads\/2024\/05\/03-Taller-Wikipedia-Biblioton-UArtes-644x429.jpg 644w, https:\/\/www.uartes.edu.ec\/sitio\/wp-content\/uploads\/2024\/05\/03-Taller-Wikipedia-Biblioton-UArtes-300x200.jpg 300w, https:\/\/www.uartes.edu.ec\/sitio\/wp-content\/uploads\/2024\/05\/03-Taller-Wikipedia-Biblioton-UArtes-768x512.jpg 768w, https:\/\/www.uartes.edu.ec\/sitio\/wp-content\/uploads\/2024\/05\/03-Taller-Wikipedia-Biblioton-UArtes-1536x1024.jpg 1536w, https:\/\/www.uartes.edu.ec\/sitio\/wp-content\/uploads\/2024\/05\/03-Taller-Wikipedia-Biblioton-UArtes-18x12.jpg 18w, https:\/\/www.uartes.edu.ec\/sitio\/wp-content\/uploads\/2024\/05\/03-Taller-Wikipedia-Biblioton-UArtes-600x400.jpg 600w, https:\/\/www.uartes.edu.ec\/sitio\/wp-content\/uploads\/2024\/05\/03-Taller-Wikipedia-Biblioton-UArtes-400x267.jpg 400w, https:\/\/www.uartes.edu.ec\/sitio\/wp-content\/uploads\/2024\/05\/03-Taller-Wikipedia-Biblioton-UArtes-272x182.jpg 272w, https:\/\/www.uartes.edu.ec\/sitio\/wp-content\/uploads\/2024\/05\/03-Taller-Wikipedia-Biblioton-UArtes.jpg 2000w\" sizes=\"(max-width: 644px) 100vw, 644px\" \/><\/figure>\n<\/div>\n\n\n<h3 class=\"wp-block-heading\">Los cinco pilares de Wikipedia <\/h3>\n\n\n\n<p>El tallerista explic\u00f3 que son cinco los pilares fundamentales en los que se basa Wikipedia: Su condici\u00f3n de enciclopedia, lo cual implica que el contenido debe ser informativo y no promocional, evitando biograf\u00edas autopromocionales y manteniendo un enfoque enciclop\u00e9dico. Adem\u00e1s, al ser una fuente terciaria, el contenido se basa en referencias previas.<\/p>\n\n\n\n<p>Indic\u00f3 como segundo pilar promover el punto de vista neutral, buscando incorporar diferentes perspectivas en los art\u00edculos para reflejar la diversidad de opiniones sobre un tema. Aunque la neutralidad absoluta es dif\u00edcil, se fomenta la inclusi\u00f3n de m\u00faltiples puntos de vista.<\/p>\n\n\n\n<p>Tercer pilar: la naturaleza de contenido libre de Wikipedia. Todo el material est\u00e1 bajo licencia libre, lo que significa que puede ser utilizado por cualquier persona sin restricciones. Esto refleja la misi\u00f3n de la plataforma de democratizar el acceso al conocimiento.<\/p>\n\n\n\n<p>Cuarto pilar: el respeto y la etiqueta entre los editores. Si bien pueden surgir conflictos, se alienta a abordarlos de manera amigable y constructiva, recordando que todos los editores son voluntarios con un inter\u00e9s com\u00fan en compartir conocimiento.<\/p>\n\n\n\n<p>Quinto pilar: ausencia de normas fijas. Si bien existe la Fundaci\u00f3n Wikimedia, que mantiene los servidores de la enciclopedia, las decisiones sobre el contenido son tomadas por la comunidad de editores. Esto permite una evoluci\u00f3n constante de las normas y pr\u00e1cticas editoriales.<\/p>\n\n\n\n<h2 class=\"wp-block-heading\">Cerrar la brecha de g\u00e9nero<\/h2>\n\n\n\n<p>Se discuti\u00f3, adem\u00e1s, sobre la importancia de cerrar la brecha de g\u00e9nero en Wikipedia y aunque el contenido sobre mujeres est\u00e1 subrepresentado, se alent\u00f3 a los participantes a crear y editar biograf\u00edas de mujeres, as\u00ed como a aplicar una perspectiva de g\u00e9nero en la redacci\u00f3n de art\u00edculos. Esta perspectiva busca evitar sesgos masculinos y destacar aspectos relevantes de la vida y obra de las mujeres con informaci\u00f3n relevante y no po\u00e9tica.<\/p>\n\n\n<div class=\"wp-block-image\">\n<figure class=\"aligncenter size-large\"><img decoding=\"async\" width=\"644\" height=\"429\" src=\"https:\/\/www.uartes.edu.ec\/sitio\/wp-content\/uploads\/2024\/05\/02-Taller-Wikipedia-Biblioton-UArtes-644x429.jpg\" alt=\"\" class=\"wp-image-54208\" srcset=\"https:\/\/www.uartes.edu.ec\/sitio\/wp-content\/uploads\/2024\/05\/02-Taller-Wikipedia-Biblioton-UArtes-644x429.jpg 644w, https:\/\/www.uartes.edu.ec\/sitio\/wp-content\/uploads\/2024\/05\/02-Taller-Wikipedia-Biblioton-UArtes-300x200.jpg 300w, https:\/\/www.uartes.edu.ec\/sitio\/wp-content\/uploads\/2024\/05\/02-Taller-Wikipedia-Biblioton-UArtes-768x512.jpg 768w, https:\/\/www.uartes.edu.ec\/sitio\/wp-content\/uploads\/2024\/05\/02-Taller-Wikipedia-Biblioton-UArtes-1536x1024.jpg 1536w, https:\/\/www.uartes.edu.ec\/sitio\/wp-content\/uploads\/2024\/05\/02-Taller-Wikipedia-Biblioton-UArtes-18x12.jpg 18w, https:\/\/www.uartes.edu.ec\/sitio\/wp-content\/uploads\/2024\/05\/02-Taller-Wikipedia-Biblioton-UArtes-600x400.jpg 600w, https:\/\/www.uartes.edu.ec\/sitio\/wp-content\/uploads\/2024\/05\/02-Taller-Wikipedia-Biblioton-UArtes-400x267.jpg 400w, https:\/\/www.uartes.edu.ec\/sitio\/wp-content\/uploads\/2024\/05\/02-Taller-Wikipedia-Biblioton-UArtes-272x182.jpg 272w, https:\/\/www.uartes.edu.ec\/sitio\/wp-content\/uploads\/2024\/05\/02-Taller-Wikipedia-Biblioton-UArtes.jpg 2000w\" sizes=\"(max-width: 644px) 100vw, 644px\" \/><\/figure>\n<\/div>\n\n\n<p>En cuanto a la fiabilidad de la informaci\u00f3n, se se\u00f1al\u00f3 que Wikipedia tiene un sistema de revisi\u00f3n por pares y se basa en fuentes verificables. Si bien cualquier persona puede editar, el contenido est\u00e1 sujeto a un riguroso proceso de revisi\u00f3n y actualizaci\u00f3n constante.<\/p>\n\n\n\n<p>Un aspecto fundamental que se destac\u00f3 fue la necesidad de basar el contenido en referencias verificables y fuentes fidedignas. Se subray\u00f3, asimismo, la importancia de citar fuentes acad\u00e9micas, publicaciones cient\u00edficas y art\u00edculos de prensa confiables para respaldar la informaci\u00f3n proporcionada en los art\u00edculos y no acudir a datos publicados en redes sociales. Se hizo tambi\u00e9n \u00e9nfasis en la necesidad de evitar el plagio y redactar el contenido con las propias palabras, asegurando originalidad y cumplimiento de los est\u00e1ndares de calidad de Wikipedia.<\/p>\n\n\n\n<p>Resulta un desaf\u00edo encontrar informaci\u00f3n detallada y confiable sobre ciertos temas, especialmente cuando se trata de figuras o instituciones menos conocidas. La falta de cobertura medi\u00e1tica o el sesgo en los medios tradicionales pueden dificultar a\u00fan m\u00e1s la obtenci\u00f3n de referencias adecuadas. La colaboraci\u00f3n entre la prensa y la academia es una excelente forma de enriquecer el contenido de Wikipedia. A veces, la prensa cubre eventos o temas de manera superficial, pero la academia puede proporcionar an\u00e1lisis m\u00e1s profundos y detallados.<\/p>\n\n\n\n<p>La combinaci\u00f3n de ambas fuentes puede mejorar la calidad y la exhaustividad de los art\u00edculos en Wikipedia. Respecto a la inclusi\u00f3n de informaci\u00f3n sobre ubicaci\u00f3n, personalidades y otras instituciones relacionadas, es fundamental buscar fuentes confiables y completas. Adem\u00e1s de los medios de prensa, los sitios web oficiales de las instituciones, publicaciones acad\u00e9micas y libros especializados pueden ser recursos \u00fatiles para obtener informaci\u00f3n detallada sobre estos temas.<\/p>\n\n\n\n<p>Igualmente, importante es seguir los lineamientos de Wikipedia para evitar el plagio y asegurarse de redactar el contenido con palabras propias, incluso cuando se basa en fuentes externas. Utilizar herramientas como el Internet Archive para conservar copias de p\u00e1ginas web relevantes tambi\u00e9n puede ser \u00fatil para respaldar la informaci\u00f3n con referencias s\u00f3lidas y accesibles en el futuro.<\/p>\n\n\n\n<h3 class=\"wp-block-heading\">Obra &#8220;D\u00e9bora&#8221; de Pablo Palacio<\/h3>\n\n\n\n<p>Como una muestra de los conocimientos compartidos en el taller, se analiz\u00f3 la estructuraci\u00f3n del art\u00edculo sobre la obra \u201cD\u00e9bora\u201d de Pablo Palacio en Wikipedia, el cual se organiz\u00f3 de la siguiente manera:<\/p>\n\n\n\n<ol class=\"wp-block-list\">\n<li>Introducci\u00f3n: breve, para presentar la obra, mencionando su relevancia en la literatura ecuatoriana y el contexto en el que fue escrita.<\/li>\n\n\n\n<li>Resumen de la trama: conciso, pero completo de la trama, destacando los principales eventos, personajes y temas tratados en la historia.<\/li>\n\n\n\n<li>An\u00e1lisis literario: se observaron aspectos como el estilo narrativo de Pablo Palacio, los temas recurrentes en su obra y t\u00e9cnicas literarias.<\/li>\n\n\n\n<li>Contexto hist\u00f3rico y social: explora el contexto hist\u00f3rico y social en el que se desarrolla \u201cD\u00e9bora\u201d, incluyendo informaci\u00f3n sobre el Ecuador de la \u00e9poca y c\u00f3mo influy\u00f3 en la escritura y recepci\u00f3n de la obra.<\/li>\n\n\n\n<li>Recepci\u00f3n y cr\u00edtica: examina la recepci\u00f3n cr\u00edtica por parte de la cr\u00edtica literaria y el p\u00fablico en general, destacando opiniones positivas y negativas, premios recibidos y cualquier otro tipo de reconocimiento o cr\u00edtica relevante.<\/li>\n\n\n\n<li>Legado y relevancia: lo discute en la literatura ecuatoriana y en el panorama literario m\u00e1s amplio, destacando su importancia hist\u00f3rica y su impacto en la cultura y la sociedad.<\/li>\n\n\n\n<li>Referencias: al igual que en el caso anterior, se debe incluir una secci\u00f3n de referencias al final del art\u00edculo para citar todas las fuentes utilizadas en la elaboraci\u00f3n del mismo.<\/li>\n\n\n\n<li>Enlaces externos: opcionalmente, se los puede incluir a recursos adicionales relacionados con la obra, como rese\u00f1as, estudios acad\u00e9micos y otros materiales relevantes.<\/li>\n<\/ol>\n\n\n\n<p>Son visibles tanto las ediciones como los editores que han realizado modificaciones; su \u00faltima actualizaci\u00f3n fue en 2020. El taller continuar\u00e1 de manera presencial el s\u00e1bado 18 de mayo en la Biblioteca de las Artes; en esta \u00faltima sesi\u00f3n, se ver\u00e1n resultados y conclusiones de la cita.<\/p>\n\n\n\n<p>Texto e im\u00e1genes: Eleinn Rivera, estudiante de la Escuela de Literatura.<\/p>\n\n\n\n<p><\/p>\n","protected":false},"excerpt":{"rendered":"<p>Programado en una sesi\u00f3n virtual y otra presencial, este lunes 13 de mayo se desarroll\u00f3 v\u00eda online el taller de edici\u00f3n en l\u00ednea, parte de una bibliot\u00f3n colaborativa entre la Biblioteca de las Artes, la Asociaci\u00f3n Nacional de Bibliotecarios del Ecuador (Anabe), el colectivo Wikimedistas del Ecuador y la mediadora cultural FestilECtura. En la jornada se resalt\u00f3 la importancia de la plataforma Wikipedia y la necesidad de promover la edici\u00f3n y creaci\u00f3n de contenido en l\u00ednea. <\/p>\n","protected":false},"author":10,"featured_media":54206,"comment_status":"open","ping_status":"open","sticky":false,"template":"","format":"standard","meta":{"_acf_changed":false,"_uag_custom_page_level_css":"","_monsterinsights_skip_tracking":false,"_monsterinsights_sitenote_active":false,"_monsterinsights_sitenote_note":"","_monsterinsights_sitenote_category":0,"cybocfi_hide_featured_image":"","footnotes":""},"categories":[80,75,76,77,83,79],"tags":[780],"infouartes":[],"class_list":["post-54205","post","type-post","status-publish","format-standard","has-post-thumbnail","hentry","category-academico","category-docentes","category-estudiantes","category-gestion","category-sedes","category-vinculo","tag-biblioteca-de-las-artes"],"acf":[],"yoast_head":"<!-- This site is optimized with the Yoast SEO plugin v27.4 - https:\/\/yoast.com\/product\/yoast-seo-wordpress\/ -->\n<title>Universidad de las Artes - En la bibliot\u00f3n de la Biblioteca de las Artes se analiz\u00f3 la edici\u00f3n en l\u00ednea<\/title>\n<meta name=\"description\" content=\"Universidad de las Artes - En la bibliot\u00f3n de la Biblioteca de las Artes se analiz\u00f3 la edici\u00f3n en l\u00ednea\" \/>\n<meta name=\"robots\" content=\"index, follow, max-snippet:-1, max-image-preview:large, max-video-preview:-1\" \/>\n<link rel=\"canonical\" href=\"https:\/\/www.uartes.edu.ec\/sitio\/blog\/2024\/05\/14\/en-la-biblioton-de-la-biblioteca-de-las-artes-se-analizo-en-taller-hibrido-la-edicion-en-linea\/\" \/>\n<meta property=\"og:locale\" content=\"es_ES\" \/>\n<meta property=\"og:type\" content=\"article\" \/>\n<meta property=\"og:title\" content=\"Universidad de las Artes - En la bibliot\u00f3n de la Biblioteca de las Artes se analiz\u00f3 la edici\u00f3n en l\u00ednea\" \/>\n<meta property=\"og:description\" content=\"Universidad de las Artes - En la bibliot\u00f3n de la Biblioteca de las Artes se analiz\u00f3 la edici\u00f3n en l\u00ednea\" \/>\n<meta property=\"og:url\" content=\"https:\/\/www.uartes.edu.ec\/sitio\/blog\/2024\/05\/14\/en-la-biblioton-de-la-biblioteca-de-las-artes-se-analizo-en-taller-hibrido-la-edicion-en-linea\/\" \/>\n<meta property=\"og:site_name\" content=\"Universidad de las Artes\" \/>\n<meta property=\"article:publisher\" content=\"https:\/\/www.facebook.com\/uartesec\" \/>\n<meta property=\"article:published_time\" content=\"2024-05-14T22:14:00+00:00\" \/>\n<meta property=\"article:modified_time\" content=\"2024-07-04T16:18:59+00:00\" \/>\n<meta property=\"og:image\" content=\"https:\/\/www.uartes.edu.ec\/sitio\/wp-content\/uploads\/2024\/05\/01-Taller-Wikipedia-Biblioton-UArtes.jpg\" \/>\n\t<meta property=\"og:image:width\" content=\"2000\" \/>\n\t<meta property=\"og:image:height\" content=\"1333\" \/>\n\t<meta property=\"og:image:type\" content=\"image\/jpeg\" \/>\n<meta name=\"author\" content=\"ccortez\" \/>\n<meta name=\"twitter:card\" content=\"summary_large_image\" \/>\n<meta name=\"twitter:creator\" content=\"@uartesec\" \/>\n<meta name=\"twitter:site\" content=\"@uartesec\" \/>\n<meta name=\"twitter:label1\" content=\"Escrito por\" \/>\n\t<meta name=\"twitter:data1\" content=\"ccortez\" \/>\n\t<meta name=\"twitter:label2\" content=\"Tiempo de lectura\" \/>\n\t<meta name=\"twitter:data2\" content=\"6 minutos\" \/>\n<script type=\"application\/ld+json\" class=\"yoast-schema-graph\">{\"@context\":\"https:\\\/\\\/schema.org\",\"@graph\":[{\"@type\":\"Article\",\"@id\":\"https:\\\/\\\/www.uartes.edu.ec\\\/sitio\\\/blog\\\/2024\\\/05\\\/14\\\/en-la-biblioton-de-la-biblioteca-de-las-artes-se-analizo-en-taller-hibrido-la-edicion-en-linea\\\/#article\",\"isPartOf\":{\"@id\":\"https:\\\/\\\/www.uartes.edu.ec\\\/sitio\\\/blog\\\/2024\\\/05\\\/14\\\/en-la-biblioton-de-la-biblioteca-de-las-artes-se-analizo-en-taller-hibrido-la-edicion-en-linea\\\/\"},\"author\":{\"name\":\"ccortez\",\"@id\":\"https:\\\/\\\/www.uartes.edu.ec\\\/sitio\\\/#\\\/schema\\\/person\\\/efa1b8275797664fd7f13a79ccc0b1f4\"},\"headline\":\"En la bibliot\u00f3n de la Biblioteca de las Artes se analiz\u00f3 la edici\u00f3n en l\u00ednea\",\"datePublished\":\"2024-05-14T22:14:00+00:00\",\"dateModified\":\"2024-07-04T16:18:59+00:00\",\"mainEntityOfPage\":{\"@id\":\"https:\\\/\\\/www.uartes.edu.ec\\\/sitio\\\/blog\\\/2024\\\/05\\\/14\\\/en-la-biblioton-de-la-biblioteca-de-las-artes-se-analizo-en-taller-hibrido-la-edicion-en-linea\\\/\"},\"wordCount\":1288,\"commentCount\":0,\"publisher\":{\"@id\":\"https:\\\/\\\/www.uartes.edu.ec\\\/sitio\\\/#organization\"},\"image\":{\"@id\":\"https:\\\/\\\/www.uartes.edu.ec\\\/sitio\\\/blog\\\/2024\\\/05\\\/14\\\/en-la-biblioton-de-la-biblioteca-de-las-artes-se-analizo-en-taller-hibrido-la-edicion-en-linea\\\/#primaryimage\"},\"thumbnailUrl\":\"https:\\\/\\\/www.uartes.edu.ec\\\/sitio\\\/wp-content\\\/uploads\\\/2024\\\/05\\\/01-Taller-Wikipedia-Biblioton-UArtes.jpg\",\"keywords\":[\"biblioteca de las artes\"],\"articleSection\":[\"Acad\u00e9mico\",\"Docentes\",\"Estudiantes\",\"Gesti\u00f3n\",\"Sedes\",\"V\u00ednculo\"],\"inLanguage\":\"es\",\"potentialAction\":[{\"@type\":\"CommentAction\",\"name\":\"Comment\",\"target\":[\"https:\\\/\\\/www.uartes.edu.ec\\\/sitio\\\/blog\\\/2024\\\/05\\\/14\\\/en-la-biblioton-de-la-biblioteca-de-las-artes-se-analizo-en-taller-hibrido-la-edicion-en-linea\\\/#respond\"]}]},{\"@type\":[\"WebPage\",\"ItemPage\"],\"@id\":\"https:\\\/\\\/www.uartes.edu.ec\\\/sitio\\\/blog\\\/2024\\\/05\\\/14\\\/en-la-biblioton-de-la-biblioteca-de-las-artes-se-analizo-en-taller-hibrido-la-edicion-en-linea\\\/\",\"url\":\"https:\\\/\\\/www.uartes.edu.ec\\\/sitio\\\/blog\\\/2024\\\/05\\\/14\\\/en-la-biblioton-de-la-biblioteca-de-las-artes-se-analizo-en-taller-hibrido-la-edicion-en-linea\\\/\",\"name\":\"Universidad de las Artes - En la bibliot\u00f3n de la Biblioteca de las Artes se analiz\u00f3 la edici\u00f3n en l\u00ednea\",\"isPartOf\":{\"@id\":\"https:\\\/\\\/www.uartes.edu.ec\\\/sitio\\\/#website\"},\"primaryImageOfPage\":{\"@id\":\"https:\\\/\\\/www.uartes.edu.ec\\\/sitio\\\/blog\\\/2024\\\/05\\\/14\\\/en-la-biblioton-de-la-biblioteca-de-las-artes-se-analizo-en-taller-hibrido-la-edicion-en-linea\\\/#primaryimage\"},\"image\":{\"@id\":\"https:\\\/\\\/www.uartes.edu.ec\\\/sitio\\\/blog\\\/2024\\\/05\\\/14\\\/en-la-biblioton-de-la-biblioteca-de-las-artes-se-analizo-en-taller-hibrido-la-edicion-en-linea\\\/#primaryimage\"},\"thumbnailUrl\":\"https:\\\/\\\/www.uartes.edu.ec\\\/sitio\\\/wp-content\\\/uploads\\\/2024\\\/05\\\/01-Taller-Wikipedia-Biblioton-UArtes.jpg\",\"datePublished\":\"2024-05-14T22:14:00+00:00\",\"dateModified\":\"2024-07-04T16:18:59+00:00\",\"description\":\"Universidad de las Artes - En la bibliot\u00f3n de la Biblioteca de las Artes se analiz\u00f3 la edici\u00f3n en l\u00ednea\",\"breadcrumb\":{\"@id\":\"https:\\\/\\\/www.uartes.edu.ec\\\/sitio\\\/blog\\\/2024\\\/05\\\/14\\\/en-la-biblioton-de-la-biblioteca-de-las-artes-se-analizo-en-taller-hibrido-la-edicion-en-linea\\\/#breadcrumb\"},\"inLanguage\":\"es\",\"potentialAction\":[{\"@type\":\"ReadAction\",\"target\":[\"https:\\\/\\\/www.uartes.edu.ec\\\/sitio\\\/blog\\\/2024\\\/05\\\/14\\\/en-la-biblioton-de-la-biblioteca-de-las-artes-se-analizo-en-taller-hibrido-la-edicion-en-linea\\\/\"]}]},{\"@type\":\"ImageObject\",\"inLanguage\":\"es\",\"@id\":\"https:\\\/\\\/www.uartes.edu.ec\\\/sitio\\\/blog\\\/2024\\\/05\\\/14\\\/en-la-biblioton-de-la-biblioteca-de-las-artes-se-analizo-en-taller-hibrido-la-edicion-en-linea\\\/#primaryimage\",\"url\":\"https:\\\/\\\/www.uartes.edu.ec\\\/sitio\\\/wp-content\\\/uploads\\\/2024\\\/05\\\/01-Taller-Wikipedia-Biblioton-UArtes.jpg\",\"contentUrl\":\"https:\\\/\\\/www.uartes.edu.ec\\\/sitio\\\/wp-content\\\/uploads\\\/2024\\\/05\\\/01-Taller-Wikipedia-Biblioton-UArtes.jpg\",\"width\":2000,\"height\":1333},{\"@type\":\"BreadcrumbList\",\"@id\":\"https:\\\/\\\/www.uartes.edu.ec\\\/sitio\\\/blog\\\/2024\\\/05\\\/14\\\/en-la-biblioton-de-la-biblioteca-de-las-artes-se-analizo-en-taller-hibrido-la-edicion-en-linea\\\/#breadcrumb\",\"itemListElement\":[{\"@type\":\"ListItem\",\"position\":1,\"name\":\"Inicio\",\"item\":\"https:\\\/\\\/www.uartes.edu.ec\\\/sitio\\\/\"},{\"@type\":\"ListItem\",\"position\":2,\"name\":\"En la bibliot\u00f3n de la Biblioteca de las Artes se analiz\u00f3 la edici\u00f3n en l\u00ednea\"}]},{\"@type\":\"WebSite\",\"@id\":\"https:\\\/\\\/www.uartes.edu.ec\\\/sitio\\\/#website\",\"url\":\"https:\\\/\\\/www.uartes.edu.ec\\\/sitio\\\/\",\"name\":\"Universidad de las Artes\",\"description\":\"Sitio oficial de la Universidad Nacional de las Artes del Ecuador\",\"publisher\":{\"@id\":\"https:\\\/\\\/www.uartes.edu.ec\\\/sitio\\\/#organization\"},\"potentialAction\":[{\"@type\":\"SearchAction\",\"target\":{\"@type\":\"EntryPoint\",\"urlTemplate\":\"https:\\\/\\\/www.uartes.edu.ec\\\/sitio\\\/?s={search_term_string}\"},\"query-input\":{\"@type\":\"PropertyValueSpecification\",\"valueRequired\":true,\"valueName\":\"search_term_string\"}}],\"inLanguage\":\"es\"},{\"@type\":\"Organization\",\"@id\":\"https:\\\/\\\/www.uartes.edu.ec\\\/sitio\\\/#organization\",\"name\":\"Universidad de las Artes\",\"url\":\"https:\\\/\\\/www.uartes.edu.ec\\\/sitio\\\/\",\"logo\":{\"@type\":\"ImageObject\",\"inLanguage\":\"es\",\"@id\":\"https:\\\/\\\/www.uartes.edu.ec\\\/sitio\\\/#\\\/schema\\\/logo\\\/image\\\/\",\"url\":\"https:\\\/\\\/www.uartes.edu.ec\\\/sitio\\\/wp-content\\\/uploads\\\/2022\\\/07\\\/logo-ua-horizontal.png\",\"contentUrl\":\"https:\\\/\\\/www.uartes.edu.ec\\\/sitio\\\/wp-content\\\/uploads\\\/2022\\\/07\\\/logo-ua-horizontal.png\",\"width\":800,\"height\":276,\"caption\":\"Universidad de las Artes\"},\"image\":{\"@id\":\"https:\\\/\\\/www.uartes.edu.ec\\\/sitio\\\/#\\\/schema\\\/logo\\\/image\\\/\"},\"sameAs\":[\"https:\\\/\\\/www.facebook.com\\\/uartesec\",\"https:\\\/\\\/x.com\\\/uartesec\",\"https:\\\/\\\/www.tiktok.com\\\/@uartesec\"]},{\"@type\":\"Person\",\"@id\":\"https:\\\/\\\/www.uartes.edu.ec\\\/sitio\\\/#\\\/schema\\\/person\\\/efa1b8275797664fd7f13a79ccc0b1f4\",\"name\":\"ccortez\",\"image\":{\"@type\":\"ImageObject\",\"inLanguage\":\"es\",\"@id\":\"https:\\\/\\\/secure.gravatar.com\\\/avatar\\\/b2a6f664a3ae8e074346ef91775736c5ec479e637ecced6842de9dc98b5da9cd?s=96&d=mm&r=g\",\"url\":\"https:\\\/\\\/secure.gravatar.com\\\/avatar\\\/b2a6f664a3ae8e074346ef91775736c5ec479e637ecced6842de9dc98b5da9cd?s=96&d=mm&r=g\",\"contentUrl\":\"https:\\\/\\\/secure.gravatar.com\\\/avatar\\\/b2a6f664a3ae8e074346ef91775736c5ec479e637ecced6842de9dc98b5da9cd?s=96&d=mm&r=g\",\"caption\":\"ccortez\"},\"url\":\"https:\\\/\\\/www.uartes.edu.ec\\\/sitio\\\/blog\\\/author\\\/ccortez\\\/\"}]}<\/script>\n<!-- \/ Yoast SEO plugin. -->","yoast_head_json":{"title":"Universidad de las Artes - En la bibliot\u00f3n de la Biblioteca de las Artes se analiz\u00f3 la edici\u00f3n en l\u00ednea","description":"Universidad de las Artes - En la bibliot\u00f3n de la Biblioteca de las Artes se analiz\u00f3 la edici\u00f3n en l\u00ednea","robots":{"index":"index","follow":"follow","max-snippet":"max-snippet:-1","max-image-preview":"max-image-preview:large","max-video-preview":"max-video-preview:-1"},"canonical":"https:\/\/www.uartes.edu.ec\/sitio\/blog\/2024\/05\/14\/en-la-biblioton-de-la-biblioteca-de-las-artes-se-analizo-en-taller-hibrido-la-edicion-en-linea\/","og_locale":"es_ES","og_type":"article","og_title":"Universidad de las Artes - En la bibliot\u00f3n de la Biblioteca de las Artes se analiz\u00f3 la edici\u00f3n en l\u00ednea","og_description":"Universidad de las Artes - En la bibliot\u00f3n de la Biblioteca de las Artes se analiz\u00f3 la edici\u00f3n en l\u00ednea","og_url":"https:\/\/www.uartes.edu.ec\/sitio\/blog\/2024\/05\/14\/en-la-biblioton-de-la-biblioteca-de-las-artes-se-analizo-en-taller-hibrido-la-edicion-en-linea\/","og_site_name":"Universidad de las Artes","article_publisher":"https:\/\/www.facebook.com\/uartesec","article_published_time":"2024-05-14T22:14:00+00:00","article_modified_time":"2024-07-04T16:18:59+00:00","og_image":[{"width":2000,"height":1333,"url":"https:\/\/www.uartes.edu.ec\/sitio\/wp-content\/uploads\/2024\/05\/01-Taller-Wikipedia-Biblioton-UArtes.jpg","type":"image\/jpeg"}],"author":"ccortez","twitter_card":"summary_large_image","twitter_creator":"@uartesec","twitter_site":"@uartesec","twitter_misc":{"Escrito por":"ccortez","Tiempo de lectura":"6 minutos"},"schema":{"@context":"https:\/\/schema.org","@graph":[{"@type":"Article","@id":"https:\/\/www.uartes.edu.ec\/sitio\/blog\/2024\/05\/14\/en-la-biblioton-de-la-biblioteca-de-las-artes-se-analizo-en-taller-hibrido-la-edicion-en-linea\/#article","isPartOf":{"@id":"https:\/\/www.uartes.edu.ec\/sitio\/blog\/2024\/05\/14\/en-la-biblioton-de-la-biblioteca-de-las-artes-se-analizo-en-taller-hibrido-la-edicion-en-linea\/"},"author":{"name":"ccortez","@id":"https:\/\/www.uartes.edu.ec\/sitio\/#\/schema\/person\/efa1b8275797664fd7f13a79ccc0b1f4"},"headline":"En la bibliot\u00f3n de la Biblioteca de las Artes se analiz\u00f3 la edici\u00f3n en l\u00ednea","datePublished":"2024-05-14T22:14:00+00:00","dateModified":"2024-07-04T16:18:59+00:00","mainEntityOfPage":{"@id":"https:\/\/www.uartes.edu.ec\/sitio\/blog\/2024\/05\/14\/en-la-biblioton-de-la-biblioteca-de-las-artes-se-analizo-en-taller-hibrido-la-edicion-en-linea\/"},"wordCount":1288,"commentCount":0,"publisher":{"@id":"https:\/\/www.uartes.edu.ec\/sitio\/#organization"},"image":{"@id":"https:\/\/www.uartes.edu.ec\/sitio\/blog\/2024\/05\/14\/en-la-biblioton-de-la-biblioteca-de-las-artes-se-analizo-en-taller-hibrido-la-edicion-en-linea\/#primaryimage"},"thumbnailUrl":"https:\/\/www.uartes.edu.ec\/sitio\/wp-content\/uploads\/2024\/05\/01-Taller-Wikipedia-Biblioton-UArtes.jpg","keywords":["biblioteca de las artes"],"articleSection":["Acad\u00e9mico","Docentes","Estudiantes","Gesti\u00f3n","Sedes","V\u00ednculo"],"inLanguage":"es","potentialAction":[{"@type":"CommentAction","name":"Comment","target":["https:\/\/www.uartes.edu.ec\/sitio\/blog\/2024\/05\/14\/en-la-biblioton-de-la-biblioteca-de-las-artes-se-analizo-en-taller-hibrido-la-edicion-en-linea\/#respond"]}]},{"@type":["WebPage","ItemPage"],"@id":"https:\/\/www.uartes.edu.ec\/sitio\/blog\/2024\/05\/14\/en-la-biblioton-de-la-biblioteca-de-las-artes-se-analizo-en-taller-hibrido-la-edicion-en-linea\/","url":"https:\/\/www.uartes.edu.ec\/sitio\/blog\/2024\/05\/14\/en-la-biblioton-de-la-biblioteca-de-las-artes-se-analizo-en-taller-hibrido-la-edicion-en-linea\/","name":"Universidad de las Artes - En la bibliot\u00f3n de la Biblioteca de las Artes se analiz\u00f3 la edici\u00f3n en l\u00ednea","isPartOf":{"@id":"https:\/\/www.uartes.edu.ec\/sitio\/#website"},"primaryImageOfPage":{"@id":"https:\/\/www.uartes.edu.ec\/sitio\/blog\/2024\/05\/14\/en-la-biblioton-de-la-biblioteca-de-las-artes-se-analizo-en-taller-hibrido-la-edicion-en-linea\/#primaryimage"},"image":{"@id":"https:\/\/www.uartes.edu.ec\/sitio\/blog\/2024\/05\/14\/en-la-biblioton-de-la-biblioteca-de-las-artes-se-analizo-en-taller-hibrido-la-edicion-en-linea\/#primaryimage"},"thumbnailUrl":"https:\/\/www.uartes.edu.ec\/sitio\/wp-content\/uploads\/2024\/05\/01-Taller-Wikipedia-Biblioton-UArtes.jpg","datePublished":"2024-05-14T22:14:00+00:00","dateModified":"2024-07-04T16:18:59+00:00","description":"Universidad de las Artes - En la bibliot\u00f3n de la Biblioteca de las Artes se analiz\u00f3 la edici\u00f3n en l\u00ednea","breadcrumb":{"@id":"https:\/\/www.uartes.edu.ec\/sitio\/blog\/2024\/05\/14\/en-la-biblioton-de-la-biblioteca-de-las-artes-se-analizo-en-taller-hibrido-la-edicion-en-linea\/#breadcrumb"},"inLanguage":"es","potentialAction":[{"@type":"ReadAction","target":["https:\/\/www.uartes.edu.ec\/sitio\/blog\/2024\/05\/14\/en-la-biblioton-de-la-biblioteca-de-las-artes-se-analizo-en-taller-hibrido-la-edicion-en-linea\/"]}]},{"@type":"ImageObject","inLanguage":"es","@id":"https:\/\/www.uartes.edu.ec\/sitio\/blog\/2024\/05\/14\/en-la-biblioton-de-la-biblioteca-de-las-artes-se-analizo-en-taller-hibrido-la-edicion-en-linea\/#primaryimage","url":"https:\/\/www.uartes.edu.ec\/sitio\/wp-content\/uploads\/2024\/05\/01-Taller-Wikipedia-Biblioton-UArtes.jpg","contentUrl":"https:\/\/www.uartes.edu.ec\/sitio\/wp-content\/uploads\/2024\/05\/01-Taller-Wikipedia-Biblioton-UArtes.jpg","width":2000,"height":1333},{"@type":"BreadcrumbList","@id":"https:\/\/www.uartes.edu.ec\/sitio\/blog\/2024\/05\/14\/en-la-biblioton-de-la-biblioteca-de-las-artes-se-analizo-en-taller-hibrido-la-edicion-en-linea\/#breadcrumb","itemListElement":[{"@type":"ListItem","position":1,"name":"Inicio","item":"https:\/\/www.uartes.edu.ec\/sitio\/"},{"@type":"ListItem","position":2,"name":"En la bibliot\u00f3n de la Biblioteca de las Artes se analiz\u00f3 la edici\u00f3n en l\u00ednea"}]},{"@type":"WebSite","@id":"https:\/\/www.uartes.edu.ec\/sitio\/#website","url":"https:\/\/www.uartes.edu.ec\/sitio\/","name":"Universidad de las Artes","description":"Sitio oficial de la Universidad Nacional de las Artes del Ecuador","publisher":{"@id":"https:\/\/www.uartes.edu.ec\/sitio\/#organization"},"potentialAction":[{"@type":"SearchAction","target":{"@type":"EntryPoint","urlTemplate":"https:\/\/www.uartes.edu.ec\/sitio\/?s={search_term_string}"},"query-input":{"@type":"PropertyValueSpecification","valueRequired":true,"valueName":"search_term_string"}}],"inLanguage":"es"},{"@type":"Organization","@id":"https:\/\/www.uartes.edu.ec\/sitio\/#organization","name":"Universidad de las Artes","url":"https:\/\/www.uartes.edu.ec\/sitio\/","logo":{"@type":"ImageObject","inLanguage":"es","@id":"https:\/\/www.uartes.edu.ec\/sitio\/#\/schema\/logo\/image\/","url":"https:\/\/www.uartes.edu.ec\/sitio\/wp-content\/uploads\/2022\/07\/logo-ua-horizontal.png","contentUrl":"https:\/\/www.uartes.edu.ec\/sitio\/wp-content\/uploads\/2022\/07\/logo-ua-horizontal.png","width":800,"height":276,"caption":"Universidad de las Artes"},"image":{"@id":"https:\/\/www.uartes.edu.ec\/sitio\/#\/schema\/logo\/image\/"},"sameAs":["https:\/\/www.facebook.com\/uartesec","https:\/\/x.com\/uartesec","https:\/\/www.tiktok.com\/@uartesec"]},{"@type":"Person","@id":"https:\/\/www.uartes.edu.ec\/sitio\/#\/schema\/person\/efa1b8275797664fd7f13a79ccc0b1f4","name":"ccortez","image":{"@type":"ImageObject","inLanguage":"es","@id":"https:\/\/secure.gravatar.com\/avatar\/b2a6f664a3ae8e074346ef91775736c5ec479e637ecced6842de9dc98b5da9cd?s=96&d=mm&r=g","url":"https:\/\/secure.gravatar.com\/avatar\/b2a6f664a3ae8e074346ef91775736c5ec479e637ecced6842de9dc98b5da9cd?s=96&d=mm&r=g","contentUrl":"https:\/\/secure.gravatar.com\/avatar\/b2a6f664a3ae8e074346ef91775736c5ec479e637ecced6842de9dc98b5da9cd?s=96&d=mm&r=g","caption":"ccortez"},"url":"https:\/\/www.uartes.edu.ec\/sitio\/blog\/author\/ccortez\/"}]}},"uagb_featured_image_src":{"full":["https:\/\/www.uartes.edu.ec\/sitio\/wp-content\/uploads\/2024\/05\/01-Taller-Wikipedia-Biblioton-UArtes.jpg",2000,1333,false],"thumbnail":["https:\/\/www.uartes.edu.ec\/sitio\/wp-content\/uploads\/2024\/05\/01-Taller-Wikipedia-Biblioton-UArtes-150x150.jpg",150,150,true],"medium":["https:\/\/www.uartes.edu.ec\/sitio\/wp-content\/uploads\/2024\/05\/01-Taller-Wikipedia-Biblioton-UArtes-300x200.jpg",300,200,true],"medium_large":["https:\/\/www.uartes.edu.ec\/sitio\/wp-content\/uploads\/2024\/05\/01-Taller-Wikipedia-Biblioton-UArtes-768x512.jpg",768,512,true],"large":["https:\/\/www.uartes.edu.ec\/sitio\/wp-content\/uploads\/2024\/05\/01-Taller-Wikipedia-Biblioton-UArtes-644x429.jpg",644,429,true],"1536x1536":["https:\/\/www.uartes.edu.ec\/sitio\/wp-content\/uploads\/2024\/05\/01-Taller-Wikipedia-Biblioton-UArtes-1536x1024.jpg",1536,1024,true],"2048x2048":["https:\/\/www.uartes.edu.ec\/sitio\/wp-content\/uploads\/2024\/05\/01-Taller-Wikipedia-Biblioton-UArtes.jpg",2000,1333,false],"trp-custom-language-flag":["https:\/\/www.uartes.edu.ec\/sitio\/wp-content\/uploads\/2024\/05\/01-Taller-Wikipedia-Biblioton-UArtes-18x12.jpg",18,12,true],"htmega_size_585x295":["https:\/\/www.uartes.edu.ec\/sitio\/wp-content\/uploads\/2024\/05\/01-Taller-Wikipedia-Biblioton-UArtes-585x295.jpg",585,295,true],"htmega_size_1170x536":["https:\/\/www.uartes.edu.ec\/sitio\/wp-content\/uploads\/2024\/05\/01-Taller-Wikipedia-Biblioton-UArtes-1170x536.jpg",1170,536,true],"htmega_size_396x360":["https:\/\/www.uartes.edu.ec\/sitio\/wp-content\/uploads\/2024\/05\/01-Taller-Wikipedia-Biblioton-UArtes-396x360.jpg",396,360,true],"gb-block-post-grid-landscape":["https:\/\/www.uartes.edu.ec\/sitio\/wp-content\/uploads\/2024\/05\/01-Taller-Wikipedia-Biblioton-UArtes-600x400.jpg",600,400,true],"gb-block-post-grid-square":["https:\/\/www.uartes.edu.ec\/sitio\/wp-content\/uploads\/2024\/05\/01-Taller-Wikipedia-Biblioton-UArtes-600x600.jpg",600,600,true],"university-hub-thumb":["https:\/\/www.uartes.edu.ec\/sitio\/wp-content\/uploads\/2024\/05\/01-Taller-Wikipedia-Biblioton-UArtes-400x267.jpg",400,267,true]},"uagb_author_info":{"display_name":"ccortez","author_link":"https:\/\/www.uartes.edu.ec\/sitio\/blog\/author\/ccortez\/"},"uagb_comment_info":0,"uagb_excerpt":"Programado en una sesi\u00f3n virtual y otra presencial, este lunes 13 de mayo se desarroll\u00f3 v\u00eda online el taller de edici\u00f3n en l\u00ednea, parte de una bibliot\u00f3n colaborativa entre la Biblioteca de las Artes, la Asociaci\u00f3n Nacional de Bibliotecarios del Ecuador (Anabe), el colectivo Wikimedistas del Ecuador y la mediadora cultural FestilECtura. En la jornada&hellip;","featured_image_src":"https:\/\/www.uartes.edu.ec\/sitio\/wp-content\/uploads\/2024\/05\/01-Taller-Wikipedia-Biblioton-UArtes-600x400.jpg","featured_image_src_square":"https:\/\/www.uartes.edu.ec\/sitio\/wp-content\/uploads\/2024\/05\/01-Taller-Wikipedia-Biblioton-UArtes-600x600.jpg","author_info":{"display_name":"ccortez","author_link":"https:\/\/www.uartes.edu.ec\/sitio\/blog\/author\/ccortez\/"},"publishpress_future_workflow_manual_trigger":{"enabledWorkflows":[]},"distributor_meta":false,"distributor_terms":false,"distributor_media":false,"distributor_original_site_name":"Universidad de las Artes","distributor_original_site_url":"https:\/\/www.uartes.edu.ec\/sitio","push-errors":false,"_links":{"self":[{"href":"https:\/\/www.uartes.edu.ec\/sitio\/wp-json\/wp\/v2\/posts\/54205","targetHints":{"allow":["GET"]}}],"collection":[{"href":"https:\/\/www.uartes.edu.ec\/sitio\/wp-json\/wp\/v2\/posts"}],"about":[{"href":"https:\/\/www.uartes.edu.ec\/sitio\/wp-json\/wp\/v2\/types\/post"}],"author":[{"embeddable":true,"href":"https:\/\/www.uartes.edu.ec\/sitio\/wp-json\/wp\/v2\/users\/10"}],"replies":[{"embeddable":true,"href":"https:\/\/www.uartes.edu.ec\/sitio\/wp-json\/wp\/v2\/comments?post=54205"}],"version-history":[{"count":4,"href":"https:\/\/www.uartes.edu.ec\/sitio\/wp-json\/wp\/v2\/posts\/54205\/revisions"}],"predecessor-version":[{"id":54221,"href":"https:\/\/www.uartes.edu.ec\/sitio\/wp-json\/wp\/v2\/posts\/54205\/revisions\/54221"}],"wp:featuredmedia":[{"embeddable":true,"href":"https:\/\/www.uartes.edu.ec\/sitio\/wp-json\/wp\/v2\/media\/54206"}],"wp:attachment":[{"href":"https:\/\/www.uartes.edu.ec\/sitio\/wp-json\/wp\/v2\/media?parent=54205"}],"wp:term":[{"taxonomy":"category","embeddable":true,"href":"https:\/\/www.uartes.edu.ec\/sitio\/wp-json\/wp\/v2\/categories?post=54205"},{"taxonomy":"post_tag","embeddable":true,"href":"https:\/\/www.uartes.edu.ec\/sitio\/wp-json\/wp\/v2\/tags?post=54205"},{"taxonomy":"infouartes","embeddable":true,"href":"https:\/\/www.uartes.edu.ec\/sitio\/wp-json\/wp\/v2\/infouartes?post=54205"}],"curies":[{"name":"wp","href":"https:\/\/api.w.org\/{rel}","templated":true}]}}