{"id":54348,"date":"2024-05-21T14:14:00","date_gmt":"2024-05-21T19:14:00","guid":{"rendered":"https:\/\/www.uartes.edu.ec\/sitio\/?p=54348"},"modified":"2024-07-04T11:18:57","modified_gmt":"2024-07-04T16:18:57","slug":"integrados-en-letrazos-propuesta-de-la-escuela-de-literatura-en-la-que-hubo-musica-poesia-y-concursos","status":"publish","type":"post","link":"https:\/\/www.uartes.edu.ec\/sitio\/blog\/2024\/05\/21\/integrados-en-letrazos-propuesta-de-la-escuela-de-literatura-en-la-que-hubo-musica-poesia-y-concursos\/","title":{"rendered":"Integrados en \u201cLetrazos\u201d, propuesta de la Escuela de Literatura en la que hubo m\u00fasica, recital de poes\u00eda y concursos"},"content":{"rendered":"\n<p>Como \u201cLetrazos\u201d denomin\u00f3 la Escuela de Literatura de la Universidad de las Artes a la actividad que realiz\u00f3 el viernes 17 de mayo, la cual propici\u00f3 una integraci\u00f3n dise\u00f1ada para unificar a los estudiantes de primer semestre, darles la bienvenida e incluir a los de \u00faltimos semestres como parte de una gran familia. Hubo un generoso compartir de s\u00e1nduches, dulce de coco, empanadas y corviche, todo patrocinado por su directora, Mar\u00eda Alejandra Zambrano. Y el Movimiento Pol\u00edtico Fantas\u00eda, que inaugur\u00f3 la actividad, present\u00f3 de manera oficial a la nueva directiva de la Asociaci\u00f3n de Estudiantes de Literatura (AELIT).<\/p>\n\n\n\n<p>Las asociaciones estudiantiles de cada carrera, aunque no oficiales, trabajan desde la colaboraci\u00f3n universitaria para brindar seguridad, confianza y equidad entre el alumnado. Estas colaboran con \u00e1reas como la Secretar\u00eda de Bienestar Universitario, en procesos para los que se requiere su opini\u00f3n. La AELIT, en particular, asiste a los estudiantes en casos acad\u00e9micos \u2013como recalificaci\u00f3n de notas o mediaci\u00f3n con docentes\u2013 y personales, abordando temas de abuso, acoso y agresi\u00f3n. Conforman su nueva directiva Andrea Abad, como presidenta; Valeria Navarro, vicepresidenta; Artemis Pin Bravo, secretario\/vocal; R\u00f3ger L\u00f3pez, segundo vocal; y Ana Paula Coronel, tercera vocal.<\/p>\n\n\n<div class=\"wp-block-image\">\n<figure class=\"aligncenter size-large\"><img fetchpriority=\"high\" decoding=\"async\" width=\"644\" height=\"429\" src=\"https:\/\/www.uartes.edu.ec\/sitio\/wp-content\/uploads\/2024\/05\/03-LETRAZOS-WEB-644x429.jpg\" alt=\"\" class=\"wp-image-54350\" srcset=\"https:\/\/www.uartes.edu.ec\/sitio\/wp-content\/uploads\/2024\/05\/03-LETRAZOS-WEB-644x429.jpg 644w, https:\/\/www.uartes.edu.ec\/sitio\/wp-content\/uploads\/2024\/05\/03-LETRAZOS-WEB-768x511.jpg 768w, https:\/\/www.uartes.edu.ec\/sitio\/wp-content\/uploads\/2024\/05\/03-LETRAZOS-WEB.jpg 2000w, https:\/\/www.uartes.edu.ec\/sitio\/wp-content\/uploads\/2024\/05\/03-LETRAZOS-WEB-18x12.jpg 18w, https:\/\/www.uartes.edu.ec\/sitio\/wp-content\/uploads\/2024\/05\/03-LETRAZOS-WEB-600x399.jpg 600w, https:\/\/www.uartes.edu.ec\/sitio\/wp-content\/uploads\/2024\/05\/03-LETRAZOS-WEB-272x182.jpg 272w\" sizes=\"(max-width: 644px) 100vw, 644px\" \/><\/figure>\n<\/div>\n\n\n<p>As\u00ed tambi\u00e9n, Nicol\u00e1s Goussas es el representante de los estudiantes de Literatura ante el Consejo Directivo de Escuela (CDE) y su alterna es Laura Casanella; en tanto que Jean \u00c1vila y Camila Porras son los representantes de la carrera de Pedagog\u00eda en Artes y Humanidades ante el Consejo Estudiantil.<\/p>\n\n\n\n<p>Retomando la rese\u00f1a de lo que fue \u201cLetrazos\u201d, vale destacar su ambiente c\u00e1lido y acogedor. Los estudiantes de Literatura y otras carreras llenron el espacio con risas y conversaciones animadas. Los nuevos y quienes ya llevan varios semestres en la UArtes no solo se conocieron, sino que intercambiaron experiencias, creando un sentimiento de comunidad y pertenencia.<\/p>\n\n\n\n<p>La jornada tuvo diversas actividades art\u00edsticas, como la creaci\u00f3n conjunta de una cartograf\u00eda a la que se titul\u00f3 \u201cExpresArte\u201d. Los estudiantes colaboraron para armar un mapa que representaba no solo emociones y sue\u00f1os, sino tambi\u00e9n pensamientos, reflexiones y aspiraciones de cada uno de los participantes; en tanto, Juan Martin, quien cursa el segundo semestre de la carrera, nos conmov\u00eda con sus canciones in\u00e9ditas e improvisaciones.<\/p>\n\n\n<div class=\"wp-block-image\">\n<figure class=\"aligncenter size-large\"><img decoding=\"async\" width=\"644\" height=\"429\" src=\"https:\/\/www.uartes.edu.ec\/sitio\/wp-content\/uploads\/2024\/05\/01-LETRAZOS-WEB-644x429.jpg\" alt=\"\" class=\"wp-image-54351\" srcset=\"https:\/\/www.uartes.edu.ec\/sitio\/wp-content\/uploads\/2024\/05\/01-LETRAZOS-WEB-644x429.jpg 644w, https:\/\/www.uartes.edu.ec\/sitio\/wp-content\/uploads\/2024\/05\/01-LETRAZOS-WEB-768x511.jpg 768w, https:\/\/www.uartes.edu.ec\/sitio\/wp-content\/uploads\/2024\/05\/01-LETRAZOS-WEB.jpg 2000w, https:\/\/www.uartes.edu.ec\/sitio\/wp-content\/uploads\/2024\/05\/01-LETRAZOS-WEB-18x12.jpg 18w, https:\/\/www.uartes.edu.ec\/sitio\/wp-content\/uploads\/2024\/05\/01-LETRAZOS-WEB-600x399.jpg 600w, https:\/\/www.uartes.edu.ec\/sitio\/wp-content\/uploads\/2024\/05\/01-LETRAZOS-WEB-272x182.jpg 272w\" sizes=\"(max-width: 644px) 100vw, 644px\" \/><figcaption class=\"wp-element-caption\">Ana Paula Coronel (izq.), Valeria Navarro, Nicol\u00e1s Goussas, Jean \u00c1vila, Camila Porras y Laura Casanella.<\/figcaption><\/figure>\n<\/div>\n\n\n<p>En \u201c\u00a1Letrazos!\u201d estuvo tambi\u00e9n V\u00edctor Espinosa y graduado de Producci\u00f3n Musical en la UArtes, quien implement\u00f3 la t\u00e9cnica del beatbox (disciplina vocal que se basa en producir ritmos de cualquier tipo, compases y sonidos musicales, utilizando boca, nariz, lengua y, por supuesto, voz), por lo cual gan\u00f3 competencias a nivel internacional \u2013como la AES de New York\u2013; con su carisma VATIIX, su nombre art\u00edstico, emocion\u00f3 a los presentes. No faltaron los aplausos y el pedido de m\u00e1s para el artista que dedic\u00f3 dos piezas musicales m\u00e1s. Que siempre se encontrar\u00e1 a disposici\u00f3n para m\u00e1s momentos y proyectos de integraci\u00f3n, subray\u00f3 al despedirse.<\/p>\n\n\n\n<p>En el desarrollo de \u201cLetrazos\u201d hubo gente que se fue y otra que reci\u00e9n llegaba. Los docentes tambi\u00e9n se fueron sumando al evento tras sus jornadas de clases. Todos nos deleitamos con Orange Crew y Peter Limones, quien tiene una banda llamada Patacones Rizados y para la actividad hizo dueto con Aline Verdesoto.<\/p>\n\n\n\t\t\t\t\t<div\n\t\t\t\t\t\tclass=\"wp-block-uagb-image-gallery uagb-block-0929b95b     \"\n\t\t\t\t\t\tstyle=\"\"\n\t\t\t\t\t>\n\t\t\t\t\t\t\t\t\t\t\t<div class=\"spectra-image-gallery spectra-image-gallery__layout--grid spectra-image-gallery__layout--grid-col-3 spectra-image-gallery__layout--grid-col-tab-3 spectra-image-gallery__layout--grid-col-mob-2\">\n\t\t\t\t\t\t\t\t\t\t\t<div class='spectra-image-gallery__media-wrapper' data-spectra-gallery-image-id='54352' tabindex=\"0\">\n\t\t\t\t\t\t\t<div class=\"spectra-image-gallery__media spectra-image-gallery__media--grid\">\n\t\t\t\t<picture>\n\t\t\t\t\t<source media=\"(min-width: 1024px)\" srcset=\"https:\/\/www.uartes.edu.ec\/sitio\/wp-content\/uploads\/2024\/05\/07-LETRAZOS-WEB-644x429.jpg\">\n\t\t\t\t\t<source media=\"(min-width: 768px)\" srcset=\"https:\/\/www.uartes.edu.ec\/sitio\/wp-content\/uploads\/2024\/05\/07-LETRAZOS-WEB-644x429.jpg\">\n\t\t\t\t\t<img decoding=\"async\" class=\"spectra-image-gallery__media-thumbnail spectra-image-gallery__media-thumbnail--grid\" src=\"https:\/\/www.uartes.edu.ec\/sitio\/wp-content\/uploads\/2024\/05\/07-LETRAZOS-WEB-300x200.jpg\" alt=\"\" loading=\"lazy\" \/>\n\t\t\t\t<\/picture>\n\t\t\t\t<div class=\"spectra-image-gallery__media-thumbnail-blurrer\"><\/div>\n\t\t\t\t\t\t\t\t\t\t\t<div class=\"spectra-image-gallery__media-thumbnail-caption-wrapper spectra-image-gallery__media-thumbnail-caption-wrapper--overlay\">\n\t\t\t\t\t\t\t\t\t\t\t<div class=\"spectra-image-gallery__media-thumbnail-caption spectra-image-gallery__media-thumbnail-caption--overlay\">\n\t\t\t\t\tSin leyenda\t\t\t\t<\/div>\n\t\t\t\t\t\t\t\t\t\t<\/div>\n\t\t\t\t\t\t\t\t\t<\/div>\n\t\t\t\t\t\t<\/div>\n\t\t\t\t\t\t<div class='spectra-image-gallery__media-wrapper' data-spectra-gallery-image-id='54353' tabindex=\"0\">\n\t\t\t\t\t\t\t<div class=\"spectra-image-gallery__media spectra-image-gallery__media--grid\">\n\t\t\t\t<picture>\n\t\t\t\t\t<source media=\"(min-width: 1024px)\" srcset=\"https:\/\/www.uartes.edu.ec\/sitio\/wp-content\/uploads\/2024\/05\/06-LETRAZOS-WEB-644x429.jpg\">\n\t\t\t\t\t<source media=\"(min-width: 768px)\" srcset=\"https:\/\/www.uartes.edu.ec\/sitio\/wp-content\/uploads\/2024\/05\/06-LETRAZOS-WEB-644x429.jpg\">\n\t\t\t\t\t<img decoding=\"async\" class=\"spectra-image-gallery__media-thumbnail spectra-image-gallery__media-thumbnail--grid\" src=\"https:\/\/www.uartes.edu.ec\/sitio\/wp-content\/uploads\/2024\/05\/06-LETRAZOS-WEB-300x200.jpg\" alt=\"\" loading=\"lazy\" \/>\n\t\t\t\t<\/picture>\n\t\t\t\t<div class=\"spectra-image-gallery__media-thumbnail-blurrer\"><\/div>\n\t\t\t\t\t\t\t\t\t\t\t<div class=\"spectra-image-gallery__media-thumbnail-caption-wrapper spectra-image-gallery__media-thumbnail-caption-wrapper--overlay\">\n\t\t\t\t\t\t\t\t\t\t\t<div class=\"spectra-image-gallery__media-thumbnail-caption spectra-image-gallery__media-thumbnail-caption--overlay\">\n\t\t\t\t\tSin leyenda\t\t\t\t<\/div>\n\t\t\t\t\t\t\t\t\t\t<\/div>\n\t\t\t\t\t\t\t\t\t<\/div>\n\t\t\t\t\t\t<\/div>\n\t\t\t\t\t\t<div class='spectra-image-gallery__media-wrapper' data-spectra-gallery-image-id='54354' tabindex=\"0\">\n\t\t\t\t\t\t\t<div class=\"spectra-image-gallery__media spectra-image-gallery__media--grid\">\n\t\t\t\t<picture>\n\t\t\t\t\t<source media=\"(min-width: 1024px)\" srcset=\"https:\/\/www.uartes.edu.ec\/sitio\/wp-content\/uploads\/2024\/05\/04-LETRAZOS-WEB-644x429.jpg\">\n\t\t\t\t\t<source media=\"(min-width: 768px)\" srcset=\"https:\/\/www.uartes.edu.ec\/sitio\/wp-content\/uploads\/2024\/05\/04-LETRAZOS-WEB-644x429.jpg\">\n\t\t\t\t\t<img decoding=\"async\" class=\"spectra-image-gallery__media-thumbnail spectra-image-gallery__media-thumbnail--grid\" src=\"https:\/\/www.uartes.edu.ec\/sitio\/wp-content\/uploads\/2024\/05\/04-LETRAZOS-WEB-300x200.jpg\" alt=\"\" loading=\"lazy\" \/>\n\t\t\t\t<\/picture>\n\t\t\t\t<div class=\"spectra-image-gallery__media-thumbnail-blurrer\"><\/div>\n\t\t\t\t\t\t\t\t\t\t\t<div class=\"spectra-image-gallery__media-thumbnail-caption-wrapper spectra-image-gallery__media-thumbnail-caption-wrapper--overlay\">\n\t\t\t\t\t\t\t\t\t\t\t<div class=\"spectra-image-gallery__media-thumbnail-caption spectra-image-gallery__media-thumbnail-caption--overlay\">\n\t\t\t\t\tSin leyenda\t\t\t\t<\/div>\n\t\t\t\t\t\t\t\t\t\t<\/div>\n\t\t\t\t\t\t\t\t\t<\/div>\n\t\t\t\t\t\t<\/div>\n\t\t\t\t\t\t\t\t\t\t<\/div>\n\t\t\t\t\t\t\t\t\t\t\t\t\t\t\t\t\t\t<\/div>\n\t\t\t\t\t\t\t\t\t\n\n\n<p><\/p>\n\n\n\n<p>Tambi\u00e9n hubo espacio para recitar poes\u00eda. Javier Aymaca\u00f1a, Milo Garc\u00eda, Eleinn Rivera, Valeria Navarro y Peter Limones participaron y fueron premiados por hacerlo. Seguidamente se realiz\u00f3 el concurso de disfraces literarios, con las intervenciones de Edgar Allan Poe, Virginia Wolf, Vicente Huidobro, Pen\u00e9lope, Ana Frank; W\u00e8i W\u00faxi\u00e0n, esta \u00faltima protagonista de una novela china \u201cThe Grandmaster of Demonic Cultivation\u201d.<\/p>\n\n\n\n<p>Quienes participamos en \u201c\u00a1Letrazos!\u201d nos sentimos emocionados con la propuesta y agradecidos por todo lo que esta brind\u00f3; celebramos los esfuerzos y a los artistas que intervinieron, a los estudiantes y docentes que se sumaron a las actividades, contribuyendo al \u00e9xito de la jornada.<\/p>\n\n\n\n<p>Texto: Eleinn Rivera, estudiante de la Escuela de Literatura.<br>Fotos: Keiko Sandoval.<br>En la foto principal, el ambiente que se vivi\u00f3 en  \u201cLetrazos\u201d<\/p>\n","protected":false},"excerpt":{"rendered":"<p>Como \u201cLetrazos\u201d denomin\u00f3 la Escuela de Literatura de la UArtes a la actividad del viernes 17 de mayo, la cual propici\u00f3 una integraci\u00f3n dise\u00f1ada para unificar a los estudiantes de primer semestre, darles la bienvenida e incluir a los de \u00faltimos semestres como parte de una gran familia. Se recit\u00f3 poes\u00eda, hubo m\u00fasica, concursos y se present\u00f3 a la nueva directiva de la Asociaci\u00f3n de Estudiantes de Literatura (AELIT).<\/p>\n","protected":false},"author":10,"featured_media":54349,"comment_status":"open","ping_status":"open","sticky":false,"template":"","format":"standard","meta":{"_acf_changed":false,"_uag_custom_page_level_css":"","_monsterinsights_skip_tracking":false,"_monsterinsights_sitenote_active":false,"_monsterinsights_sitenote_note":"","_monsterinsights_sitenote_category":0,"cybocfi_hide_featured_image":"","footnotes":""},"categories":[80,82,75,76,77,175],"tags":[1217],"infouartes":[],"class_list":["post-54348","post","type-post","status-publish","format-standard","has-post-thumbnail","hentry","category-academico","category-artes","category-docentes","category-estudiantes","category-gestion","category-literatura","tag-integracion"],"acf":[],"yoast_head":"<!-- This site is optimized with the Yoast SEO plugin v27.4 - https:\/\/yoast.com\/product\/yoast-seo-wordpress\/ -->\n<title>Universidad de las Artes - Integrados en \u201cLetrazos\u201d, propuesta de la Escuela de Literatura en la que hubo m\u00fasica, recital de poes\u00eda y concursos<\/title>\n<meta name=\"description\" content=\"Universidad de las Artes - Integrados en \u201cLetrazos\u201d, propuesta de la Escuela de Literatura en la que hubo m\u00fasica, recital de poes\u00eda y concursos\" \/>\n<meta name=\"robots\" content=\"index, follow, max-snippet:-1, max-image-preview:large, max-video-preview:-1\" \/>\n<link rel=\"canonical\" href=\"https:\/\/www.uartes.edu.ec\/sitio\/blog\/2024\/05\/21\/integrados-en-letrazos-propuesta-de-la-escuela-de-literatura-en-la-que-hubo-musica-poesia-y-concursos\/\" \/>\n<meta property=\"og:locale\" content=\"es_ES\" \/>\n<meta property=\"og:type\" content=\"article\" \/>\n<meta property=\"og:title\" content=\"Universidad de las Artes - Integrados en \u201cLetrazos\u201d, propuesta de la Escuela de Literatura en la que hubo m\u00fasica, recital de poes\u00eda y concursos\" \/>\n<meta property=\"og:description\" content=\"Universidad de las Artes - Integrados en \u201cLetrazos\u201d, propuesta de la Escuela de Literatura en la que hubo m\u00fasica, recital de poes\u00eda y concursos\" \/>\n<meta property=\"og:url\" content=\"https:\/\/www.uartes.edu.ec\/sitio\/blog\/2024\/05\/21\/integrados-en-letrazos-propuesta-de-la-escuela-de-literatura-en-la-que-hubo-musica-poesia-y-concursos\/\" \/>\n<meta property=\"og:site_name\" content=\"Universidad de las Artes\" \/>\n<meta property=\"article:publisher\" content=\"https:\/\/www.facebook.com\/uartesec\" \/>\n<meta property=\"article:published_time\" content=\"2024-05-21T19:14:00+00:00\" \/>\n<meta property=\"article:modified_time\" content=\"2024-07-04T16:18:57+00:00\" \/>\n<meta property=\"og:image\" content=\"https:\/\/www.uartes.edu.ec\/sitio\/wp-content\/uploads\/2024\/05\/02-LETRAZOS-WEB.jpg\" \/>\n\t<meta property=\"og:image:width\" content=\"2000\" \/>\n\t<meta property=\"og:image:height\" content=\"1333\" \/>\n\t<meta property=\"og:image:type\" content=\"image\/jpeg\" \/>\n<meta name=\"author\" content=\"ccortez\" \/>\n<meta name=\"twitter:card\" content=\"summary_large_image\" \/>\n<meta name=\"twitter:creator\" content=\"@uartesec\" \/>\n<meta name=\"twitter:site\" content=\"@uartesec\" \/>\n<meta name=\"twitter:label1\" content=\"Escrito por\" \/>\n\t<meta name=\"twitter:data1\" content=\"ccortez\" \/>\n\t<meta name=\"twitter:label2\" content=\"Tiempo de lectura\" \/>\n\t<meta name=\"twitter:data2\" content=\"4 minutos\" \/>\n<script type=\"application\/ld+json\" class=\"yoast-schema-graph\">{\"@context\":\"https:\\\/\\\/schema.org\",\"@graph\":[{\"@type\":\"Article\",\"@id\":\"https:\\\/\\\/www.uartes.edu.ec\\\/sitio\\\/blog\\\/2024\\\/05\\\/21\\\/integrados-en-letrazos-propuesta-de-la-escuela-de-literatura-en-la-que-hubo-musica-poesia-y-concursos\\\/#article\",\"isPartOf\":{\"@id\":\"https:\\\/\\\/www.uartes.edu.ec\\\/sitio\\\/blog\\\/2024\\\/05\\\/21\\\/integrados-en-letrazos-propuesta-de-la-escuela-de-literatura-en-la-que-hubo-musica-poesia-y-concursos\\\/\"},\"author\":{\"name\":\"ccortez\",\"@id\":\"https:\\\/\\\/www.uartes.edu.ec\\\/sitio\\\/#\\\/schema\\\/person\\\/efa1b8275797664fd7f13a79ccc0b1f4\"},\"headline\":\"Integrados en \u201cLetrazos\u201d, propuesta de la Escuela de Literatura en la que hubo m\u00fasica, recital de poes\u00eda y concursos\",\"datePublished\":\"2024-05-21T19:14:00+00:00\",\"dateModified\":\"2024-07-04T16:18:57+00:00\",\"mainEntityOfPage\":{\"@id\":\"https:\\\/\\\/www.uartes.edu.ec\\\/sitio\\\/blog\\\/2024\\\/05\\\/21\\\/integrados-en-letrazos-propuesta-de-la-escuela-de-literatura-en-la-que-hubo-musica-poesia-y-concursos\\\/\"},\"wordCount\":729,\"commentCount\":0,\"publisher\":{\"@id\":\"https:\\\/\\\/www.uartes.edu.ec\\\/sitio\\\/#organization\"},\"image\":{\"@id\":\"https:\\\/\\\/www.uartes.edu.ec\\\/sitio\\\/blog\\\/2024\\\/05\\\/21\\\/integrados-en-letrazos-propuesta-de-la-escuela-de-literatura-en-la-que-hubo-musica-poesia-y-concursos\\\/#primaryimage\"},\"thumbnailUrl\":\"https:\\\/\\\/www.uartes.edu.ec\\\/sitio\\\/wp-content\\\/uploads\\\/2024\\\/05\\\/02-LETRAZOS-WEB.jpg\",\"keywords\":[\"integraci\u00f3n\"],\"articleSection\":[\"Acad\u00e9mico\",\"Artes\",\"Docentes\",\"Estudiantes\",\"Gesti\u00f3n\",\"Literatura\"],\"inLanguage\":\"es\",\"potentialAction\":[{\"@type\":\"CommentAction\",\"name\":\"Comment\",\"target\":[\"https:\\\/\\\/www.uartes.edu.ec\\\/sitio\\\/blog\\\/2024\\\/05\\\/21\\\/integrados-en-letrazos-propuesta-de-la-escuela-de-literatura-en-la-que-hubo-musica-poesia-y-concursos\\\/#respond\"]}]},{\"@type\":[\"WebPage\",\"ItemPage\"],\"@id\":\"https:\\\/\\\/www.uartes.edu.ec\\\/sitio\\\/blog\\\/2024\\\/05\\\/21\\\/integrados-en-letrazos-propuesta-de-la-escuela-de-literatura-en-la-que-hubo-musica-poesia-y-concursos\\\/\",\"url\":\"https:\\\/\\\/www.uartes.edu.ec\\\/sitio\\\/blog\\\/2024\\\/05\\\/21\\\/integrados-en-letrazos-propuesta-de-la-escuela-de-literatura-en-la-que-hubo-musica-poesia-y-concursos\\\/\",\"name\":\"Universidad de las Artes - Integrados en \u201cLetrazos\u201d, propuesta de la Escuela de Literatura en la que hubo m\u00fasica, recital de poes\u00eda y concursos\",\"isPartOf\":{\"@id\":\"https:\\\/\\\/www.uartes.edu.ec\\\/sitio\\\/#website\"},\"primaryImageOfPage\":{\"@id\":\"https:\\\/\\\/www.uartes.edu.ec\\\/sitio\\\/blog\\\/2024\\\/05\\\/21\\\/integrados-en-letrazos-propuesta-de-la-escuela-de-literatura-en-la-que-hubo-musica-poesia-y-concursos\\\/#primaryimage\"},\"image\":{\"@id\":\"https:\\\/\\\/www.uartes.edu.ec\\\/sitio\\\/blog\\\/2024\\\/05\\\/21\\\/integrados-en-letrazos-propuesta-de-la-escuela-de-literatura-en-la-que-hubo-musica-poesia-y-concursos\\\/#primaryimage\"},\"thumbnailUrl\":\"https:\\\/\\\/www.uartes.edu.ec\\\/sitio\\\/wp-content\\\/uploads\\\/2024\\\/05\\\/02-LETRAZOS-WEB.jpg\",\"datePublished\":\"2024-05-21T19:14:00+00:00\",\"dateModified\":\"2024-07-04T16:18:57+00:00\",\"description\":\"Universidad de las Artes - Integrados en \u201cLetrazos\u201d, propuesta de la Escuela de Literatura en la que hubo m\u00fasica, recital de poes\u00eda y concursos\",\"breadcrumb\":{\"@id\":\"https:\\\/\\\/www.uartes.edu.ec\\\/sitio\\\/blog\\\/2024\\\/05\\\/21\\\/integrados-en-letrazos-propuesta-de-la-escuela-de-literatura-en-la-que-hubo-musica-poesia-y-concursos\\\/#breadcrumb\"},\"inLanguage\":\"es\",\"potentialAction\":[{\"@type\":\"ReadAction\",\"target\":[\"https:\\\/\\\/www.uartes.edu.ec\\\/sitio\\\/blog\\\/2024\\\/05\\\/21\\\/integrados-en-letrazos-propuesta-de-la-escuela-de-literatura-en-la-que-hubo-musica-poesia-y-concursos\\\/\"]}]},{\"@type\":\"ImageObject\",\"inLanguage\":\"es\",\"@id\":\"https:\\\/\\\/www.uartes.edu.ec\\\/sitio\\\/blog\\\/2024\\\/05\\\/21\\\/integrados-en-letrazos-propuesta-de-la-escuela-de-literatura-en-la-que-hubo-musica-poesia-y-concursos\\\/#primaryimage\",\"url\":\"https:\\\/\\\/www.uartes.edu.ec\\\/sitio\\\/wp-content\\\/uploads\\\/2024\\\/05\\\/02-LETRAZOS-WEB.jpg\",\"contentUrl\":\"https:\\\/\\\/www.uartes.edu.ec\\\/sitio\\\/wp-content\\\/uploads\\\/2024\\\/05\\\/02-LETRAZOS-WEB.jpg\",\"width\":2000,\"height\":1333},{\"@type\":\"BreadcrumbList\",\"@id\":\"https:\\\/\\\/www.uartes.edu.ec\\\/sitio\\\/blog\\\/2024\\\/05\\\/21\\\/integrados-en-letrazos-propuesta-de-la-escuela-de-literatura-en-la-que-hubo-musica-poesia-y-concursos\\\/#breadcrumb\",\"itemListElement\":[{\"@type\":\"ListItem\",\"position\":1,\"name\":\"Inicio\",\"item\":\"https:\\\/\\\/www.uartes.edu.ec\\\/sitio\\\/\"},{\"@type\":\"ListItem\",\"position\":2,\"name\":\"Integrados en \u201cLetrazos\u201d, propuesta de la Escuela de Literatura en la que hubo m\u00fasica, recital de poes\u00eda y concursos\"}]},{\"@type\":\"WebSite\",\"@id\":\"https:\\\/\\\/www.uartes.edu.ec\\\/sitio\\\/#website\",\"url\":\"https:\\\/\\\/www.uartes.edu.ec\\\/sitio\\\/\",\"name\":\"Universidad de las Artes\",\"description\":\"Sitio oficial de la Universidad Nacional de las Artes del Ecuador\",\"publisher\":{\"@id\":\"https:\\\/\\\/www.uartes.edu.ec\\\/sitio\\\/#organization\"},\"potentialAction\":[{\"@type\":\"SearchAction\",\"target\":{\"@type\":\"EntryPoint\",\"urlTemplate\":\"https:\\\/\\\/www.uartes.edu.ec\\\/sitio\\\/?s={search_term_string}\"},\"query-input\":{\"@type\":\"PropertyValueSpecification\",\"valueRequired\":true,\"valueName\":\"search_term_string\"}}],\"inLanguage\":\"es\"},{\"@type\":\"Organization\",\"@id\":\"https:\\\/\\\/www.uartes.edu.ec\\\/sitio\\\/#organization\",\"name\":\"Universidad de las Artes\",\"url\":\"https:\\\/\\\/www.uartes.edu.ec\\\/sitio\\\/\",\"logo\":{\"@type\":\"ImageObject\",\"inLanguage\":\"es\",\"@id\":\"https:\\\/\\\/www.uartes.edu.ec\\\/sitio\\\/#\\\/schema\\\/logo\\\/image\\\/\",\"url\":\"https:\\\/\\\/www.uartes.edu.ec\\\/sitio\\\/wp-content\\\/uploads\\\/2022\\\/07\\\/logo-ua-horizontal.png\",\"contentUrl\":\"https:\\\/\\\/www.uartes.edu.ec\\\/sitio\\\/wp-content\\\/uploads\\\/2022\\\/07\\\/logo-ua-horizontal.png\",\"width\":800,\"height\":276,\"caption\":\"Universidad de las Artes\"},\"image\":{\"@id\":\"https:\\\/\\\/www.uartes.edu.ec\\\/sitio\\\/#\\\/schema\\\/logo\\\/image\\\/\"},\"sameAs\":[\"https:\\\/\\\/www.facebook.com\\\/uartesec\",\"https:\\\/\\\/x.com\\\/uartesec\",\"https:\\\/\\\/www.tiktok.com\\\/@uartesec\"]},{\"@type\":\"Person\",\"@id\":\"https:\\\/\\\/www.uartes.edu.ec\\\/sitio\\\/#\\\/schema\\\/person\\\/efa1b8275797664fd7f13a79ccc0b1f4\",\"name\":\"ccortez\",\"image\":{\"@type\":\"ImageObject\",\"inLanguage\":\"es\",\"@id\":\"https:\\\/\\\/secure.gravatar.com\\\/avatar\\\/b2a6f664a3ae8e074346ef91775736c5ec479e637ecced6842de9dc98b5da9cd?s=96&d=mm&r=g\",\"url\":\"https:\\\/\\\/secure.gravatar.com\\\/avatar\\\/b2a6f664a3ae8e074346ef91775736c5ec479e637ecced6842de9dc98b5da9cd?s=96&d=mm&r=g\",\"contentUrl\":\"https:\\\/\\\/secure.gravatar.com\\\/avatar\\\/b2a6f664a3ae8e074346ef91775736c5ec479e637ecced6842de9dc98b5da9cd?s=96&d=mm&r=g\",\"caption\":\"ccortez\"},\"url\":\"https:\\\/\\\/www.uartes.edu.ec\\\/sitio\\\/blog\\\/author\\\/ccortez\\\/\"}]}<\/script>\n<!-- \/ Yoast SEO plugin. -->","yoast_head_json":{"title":"Universidad de las Artes - Integrados en \u201cLetrazos\u201d, propuesta de la Escuela de Literatura en la que hubo m\u00fasica, recital de poes\u00eda y concursos","description":"Universidad de las Artes - Integrados en \u201cLetrazos\u201d, propuesta de la Escuela de Literatura en la que hubo m\u00fasica, recital de poes\u00eda y concursos","robots":{"index":"index","follow":"follow","max-snippet":"max-snippet:-1","max-image-preview":"max-image-preview:large","max-video-preview":"max-video-preview:-1"},"canonical":"https:\/\/www.uartes.edu.ec\/sitio\/blog\/2024\/05\/21\/integrados-en-letrazos-propuesta-de-la-escuela-de-literatura-en-la-que-hubo-musica-poesia-y-concursos\/","og_locale":"es_ES","og_type":"article","og_title":"Universidad de las Artes - Integrados en \u201cLetrazos\u201d, propuesta de la Escuela de Literatura en la que hubo m\u00fasica, recital de poes\u00eda y concursos","og_description":"Universidad de las Artes - Integrados en \u201cLetrazos\u201d, propuesta de la Escuela de Literatura en la que hubo m\u00fasica, recital de poes\u00eda y concursos","og_url":"https:\/\/www.uartes.edu.ec\/sitio\/blog\/2024\/05\/21\/integrados-en-letrazos-propuesta-de-la-escuela-de-literatura-en-la-que-hubo-musica-poesia-y-concursos\/","og_site_name":"Universidad de las Artes","article_publisher":"https:\/\/www.facebook.com\/uartesec","article_published_time":"2024-05-21T19:14:00+00:00","article_modified_time":"2024-07-04T16:18:57+00:00","og_image":[{"width":2000,"height":1333,"url":"https:\/\/www.uartes.edu.ec\/sitio\/wp-content\/uploads\/2024\/05\/02-LETRAZOS-WEB.jpg","type":"image\/jpeg"}],"author":"ccortez","twitter_card":"summary_large_image","twitter_creator":"@uartesec","twitter_site":"@uartesec","twitter_misc":{"Escrito por":"ccortez","Tiempo de lectura":"4 minutos"},"schema":{"@context":"https:\/\/schema.org","@graph":[{"@type":"Article","@id":"https:\/\/www.uartes.edu.ec\/sitio\/blog\/2024\/05\/21\/integrados-en-letrazos-propuesta-de-la-escuela-de-literatura-en-la-que-hubo-musica-poesia-y-concursos\/#article","isPartOf":{"@id":"https:\/\/www.uartes.edu.ec\/sitio\/blog\/2024\/05\/21\/integrados-en-letrazos-propuesta-de-la-escuela-de-literatura-en-la-que-hubo-musica-poesia-y-concursos\/"},"author":{"name":"ccortez","@id":"https:\/\/www.uartes.edu.ec\/sitio\/#\/schema\/person\/efa1b8275797664fd7f13a79ccc0b1f4"},"headline":"Integrados en \u201cLetrazos\u201d, propuesta de la Escuela de Literatura en la que hubo m\u00fasica, recital de poes\u00eda y concursos","datePublished":"2024-05-21T19:14:00+00:00","dateModified":"2024-07-04T16:18:57+00:00","mainEntityOfPage":{"@id":"https:\/\/www.uartes.edu.ec\/sitio\/blog\/2024\/05\/21\/integrados-en-letrazos-propuesta-de-la-escuela-de-literatura-en-la-que-hubo-musica-poesia-y-concursos\/"},"wordCount":729,"commentCount":0,"publisher":{"@id":"https:\/\/www.uartes.edu.ec\/sitio\/#organization"},"image":{"@id":"https:\/\/www.uartes.edu.ec\/sitio\/blog\/2024\/05\/21\/integrados-en-letrazos-propuesta-de-la-escuela-de-literatura-en-la-que-hubo-musica-poesia-y-concursos\/#primaryimage"},"thumbnailUrl":"https:\/\/www.uartes.edu.ec\/sitio\/wp-content\/uploads\/2024\/05\/02-LETRAZOS-WEB.jpg","keywords":["integraci\u00f3n"],"articleSection":["Acad\u00e9mico","Artes","Docentes","Estudiantes","Gesti\u00f3n","Literatura"],"inLanguage":"es","potentialAction":[{"@type":"CommentAction","name":"Comment","target":["https:\/\/www.uartes.edu.ec\/sitio\/blog\/2024\/05\/21\/integrados-en-letrazos-propuesta-de-la-escuela-de-literatura-en-la-que-hubo-musica-poesia-y-concursos\/#respond"]}]},{"@type":["WebPage","ItemPage"],"@id":"https:\/\/www.uartes.edu.ec\/sitio\/blog\/2024\/05\/21\/integrados-en-letrazos-propuesta-de-la-escuela-de-literatura-en-la-que-hubo-musica-poesia-y-concursos\/","url":"https:\/\/www.uartes.edu.ec\/sitio\/blog\/2024\/05\/21\/integrados-en-letrazos-propuesta-de-la-escuela-de-literatura-en-la-que-hubo-musica-poesia-y-concursos\/","name":"Universidad de las Artes - Integrados en \u201cLetrazos\u201d, propuesta de la Escuela de Literatura en la que hubo m\u00fasica, recital de poes\u00eda y concursos","isPartOf":{"@id":"https:\/\/www.uartes.edu.ec\/sitio\/#website"},"primaryImageOfPage":{"@id":"https:\/\/www.uartes.edu.ec\/sitio\/blog\/2024\/05\/21\/integrados-en-letrazos-propuesta-de-la-escuela-de-literatura-en-la-que-hubo-musica-poesia-y-concursos\/#primaryimage"},"image":{"@id":"https:\/\/www.uartes.edu.ec\/sitio\/blog\/2024\/05\/21\/integrados-en-letrazos-propuesta-de-la-escuela-de-literatura-en-la-que-hubo-musica-poesia-y-concursos\/#primaryimage"},"thumbnailUrl":"https:\/\/www.uartes.edu.ec\/sitio\/wp-content\/uploads\/2024\/05\/02-LETRAZOS-WEB.jpg","datePublished":"2024-05-21T19:14:00+00:00","dateModified":"2024-07-04T16:18:57+00:00","description":"Universidad de las Artes - Integrados en \u201cLetrazos\u201d, propuesta de la Escuela de Literatura en la que hubo m\u00fasica, recital de poes\u00eda y concursos","breadcrumb":{"@id":"https:\/\/www.uartes.edu.ec\/sitio\/blog\/2024\/05\/21\/integrados-en-letrazos-propuesta-de-la-escuela-de-literatura-en-la-que-hubo-musica-poesia-y-concursos\/#breadcrumb"},"inLanguage":"es","potentialAction":[{"@type":"ReadAction","target":["https:\/\/www.uartes.edu.ec\/sitio\/blog\/2024\/05\/21\/integrados-en-letrazos-propuesta-de-la-escuela-de-literatura-en-la-que-hubo-musica-poesia-y-concursos\/"]}]},{"@type":"ImageObject","inLanguage":"es","@id":"https:\/\/www.uartes.edu.ec\/sitio\/blog\/2024\/05\/21\/integrados-en-letrazos-propuesta-de-la-escuela-de-literatura-en-la-que-hubo-musica-poesia-y-concursos\/#primaryimage","url":"https:\/\/www.uartes.edu.ec\/sitio\/wp-content\/uploads\/2024\/05\/02-LETRAZOS-WEB.jpg","contentUrl":"https:\/\/www.uartes.edu.ec\/sitio\/wp-content\/uploads\/2024\/05\/02-LETRAZOS-WEB.jpg","width":2000,"height":1333},{"@type":"BreadcrumbList","@id":"https:\/\/www.uartes.edu.ec\/sitio\/blog\/2024\/05\/21\/integrados-en-letrazos-propuesta-de-la-escuela-de-literatura-en-la-que-hubo-musica-poesia-y-concursos\/#breadcrumb","itemListElement":[{"@type":"ListItem","position":1,"name":"Inicio","item":"https:\/\/www.uartes.edu.ec\/sitio\/"},{"@type":"ListItem","position":2,"name":"Integrados en \u201cLetrazos\u201d, propuesta de la Escuela de Literatura en la que hubo m\u00fasica, recital de poes\u00eda y concursos"}]},{"@type":"WebSite","@id":"https:\/\/www.uartes.edu.ec\/sitio\/#website","url":"https:\/\/www.uartes.edu.ec\/sitio\/","name":"Universidad de las Artes","description":"Sitio oficial de la Universidad Nacional de las Artes del Ecuador","publisher":{"@id":"https:\/\/www.uartes.edu.ec\/sitio\/#organization"},"potentialAction":[{"@type":"SearchAction","target":{"@type":"EntryPoint","urlTemplate":"https:\/\/www.uartes.edu.ec\/sitio\/?s={search_term_string}"},"query-input":{"@type":"PropertyValueSpecification","valueRequired":true,"valueName":"search_term_string"}}],"inLanguage":"es"},{"@type":"Organization","@id":"https:\/\/www.uartes.edu.ec\/sitio\/#organization","name":"Universidad de las Artes","url":"https:\/\/www.uartes.edu.ec\/sitio\/","logo":{"@type":"ImageObject","inLanguage":"es","@id":"https:\/\/www.uartes.edu.ec\/sitio\/#\/schema\/logo\/image\/","url":"https:\/\/www.uartes.edu.ec\/sitio\/wp-content\/uploads\/2022\/07\/logo-ua-horizontal.png","contentUrl":"https:\/\/www.uartes.edu.ec\/sitio\/wp-content\/uploads\/2022\/07\/logo-ua-horizontal.png","width":800,"height":276,"caption":"Universidad de las Artes"},"image":{"@id":"https:\/\/www.uartes.edu.ec\/sitio\/#\/schema\/logo\/image\/"},"sameAs":["https:\/\/www.facebook.com\/uartesec","https:\/\/x.com\/uartesec","https:\/\/www.tiktok.com\/@uartesec"]},{"@type":"Person","@id":"https:\/\/www.uartes.edu.ec\/sitio\/#\/schema\/person\/efa1b8275797664fd7f13a79ccc0b1f4","name":"ccortez","image":{"@type":"ImageObject","inLanguage":"es","@id":"https:\/\/secure.gravatar.com\/avatar\/b2a6f664a3ae8e074346ef91775736c5ec479e637ecced6842de9dc98b5da9cd?s=96&d=mm&r=g","url":"https:\/\/secure.gravatar.com\/avatar\/b2a6f664a3ae8e074346ef91775736c5ec479e637ecced6842de9dc98b5da9cd?s=96&d=mm&r=g","contentUrl":"https:\/\/secure.gravatar.com\/avatar\/b2a6f664a3ae8e074346ef91775736c5ec479e637ecced6842de9dc98b5da9cd?s=96&d=mm&r=g","caption":"ccortez"},"url":"https:\/\/www.uartes.edu.ec\/sitio\/blog\/author\/ccortez\/"}]}},"uagb_featured_image_src":{"full":["https:\/\/www.uartes.edu.ec\/sitio\/wp-content\/uploads\/2024\/05\/02-LETRAZOS-WEB.jpg",2000,1333,false],"thumbnail":["https:\/\/www.uartes.edu.ec\/sitio\/wp-content\/uploads\/2024\/05\/02-LETRAZOS-WEB-150x150.jpg",150,150,true],"medium":["https:\/\/www.uartes.edu.ec\/sitio\/wp-content\/uploads\/2024\/05\/02-LETRAZOS-WEB-300x200.jpg",300,200,true],"medium_large":["https:\/\/www.uartes.edu.ec\/sitio\/wp-content\/uploads\/2024\/05\/02-LETRAZOS-WEB-768x512.jpg",768,512,true],"large":["https:\/\/www.uartes.edu.ec\/sitio\/wp-content\/uploads\/2024\/05\/02-LETRAZOS-WEB-644x429.jpg",644,429,true],"1536x1536":["https:\/\/www.uartes.edu.ec\/sitio\/wp-content\/uploads\/2024\/05\/02-LETRAZOS-WEB-1536x1024.jpg",1536,1024,true],"2048x2048":["https:\/\/www.uartes.edu.ec\/sitio\/wp-content\/uploads\/2024\/05\/02-LETRAZOS-WEB.jpg",2000,1333,false],"trp-custom-language-flag":["https:\/\/www.uartes.edu.ec\/sitio\/wp-content\/uploads\/2024\/05\/02-LETRAZOS-WEB-18x12.jpg",18,12,true],"htmega_size_585x295":["https:\/\/www.uartes.edu.ec\/sitio\/wp-content\/uploads\/2024\/05\/02-LETRAZOS-WEB-585x295.jpg",585,295,true],"htmega_size_1170x536":["https:\/\/www.uartes.edu.ec\/sitio\/wp-content\/uploads\/2024\/05\/02-LETRAZOS-WEB-1170x536.jpg",1170,536,true],"htmega_size_396x360":["https:\/\/www.uartes.edu.ec\/sitio\/wp-content\/uploads\/2024\/05\/02-LETRAZOS-WEB-396x360.jpg",396,360,true],"gb-block-post-grid-landscape":["https:\/\/www.uartes.edu.ec\/sitio\/wp-content\/uploads\/2024\/05\/02-LETRAZOS-WEB-600x400.jpg",600,400,true],"gb-block-post-grid-square":["https:\/\/www.uartes.edu.ec\/sitio\/wp-content\/uploads\/2024\/05\/02-LETRAZOS-WEB-600x600.jpg",600,600,true],"university-hub-thumb":["https:\/\/www.uartes.edu.ec\/sitio\/wp-content\/uploads\/2024\/05\/02-LETRAZOS-WEB-400x267.jpg",400,267,true]},"uagb_author_info":{"display_name":"ccortez","author_link":"https:\/\/www.uartes.edu.ec\/sitio\/blog\/author\/ccortez\/"},"uagb_comment_info":0,"uagb_excerpt":"Como \u201cLetrazos\u201d denomin\u00f3 la Escuela de Literatura de la UArtes a la actividad del viernes 17 de mayo, la cual propici\u00f3 una integraci\u00f3n dise\u00f1ada para unificar a los estudiantes de primer semestre, darles la bienvenida e incluir a los de \u00faltimos semestres como parte de una gran familia. Se recit\u00f3 poes\u00eda, hubo m\u00fasica, concursos y&hellip;","featured_image_src":"https:\/\/www.uartes.edu.ec\/sitio\/wp-content\/uploads\/2024\/05\/02-LETRAZOS-WEB-600x400.jpg","featured_image_src_square":"https:\/\/www.uartes.edu.ec\/sitio\/wp-content\/uploads\/2024\/05\/02-LETRAZOS-WEB-600x600.jpg","author_info":{"display_name":"ccortez","author_link":"https:\/\/www.uartes.edu.ec\/sitio\/blog\/author\/ccortez\/"},"publishpress_future_workflow_manual_trigger":{"enabledWorkflows":[]},"distributor_meta":false,"distributor_terms":false,"distributor_media":false,"distributor_original_site_name":"Universidad de las Artes","distributor_original_site_url":"https:\/\/www.uartes.edu.ec\/sitio","push-errors":false,"_links":{"self":[{"href":"https:\/\/www.uartes.edu.ec\/sitio\/wp-json\/wp\/v2\/posts\/54348","targetHints":{"allow":["GET"]}}],"collection":[{"href":"https:\/\/www.uartes.edu.ec\/sitio\/wp-json\/wp\/v2\/posts"}],"about":[{"href":"https:\/\/www.uartes.edu.ec\/sitio\/wp-json\/wp\/v2\/types\/post"}],"author":[{"embeddable":true,"href":"https:\/\/www.uartes.edu.ec\/sitio\/wp-json\/wp\/v2\/users\/10"}],"replies":[{"embeddable":true,"href":"https:\/\/www.uartes.edu.ec\/sitio\/wp-json\/wp\/v2\/comments?post=54348"}],"version-history":[{"count":6,"href":"https:\/\/www.uartes.edu.ec\/sitio\/wp-json\/wp\/v2\/posts\/54348\/revisions"}],"predecessor-version":[{"id":54362,"href":"https:\/\/www.uartes.edu.ec\/sitio\/wp-json\/wp\/v2\/posts\/54348\/revisions\/54362"}],"wp:featuredmedia":[{"embeddable":true,"href":"https:\/\/www.uartes.edu.ec\/sitio\/wp-json\/wp\/v2\/media\/54349"}],"wp:attachment":[{"href":"https:\/\/www.uartes.edu.ec\/sitio\/wp-json\/wp\/v2\/media?parent=54348"}],"wp:term":[{"taxonomy":"category","embeddable":true,"href":"https:\/\/www.uartes.edu.ec\/sitio\/wp-json\/wp\/v2\/categories?post=54348"},{"taxonomy":"post_tag","embeddable":true,"href":"https:\/\/www.uartes.edu.ec\/sitio\/wp-json\/wp\/v2\/tags?post=54348"},{"taxonomy":"infouartes","embeddable":true,"href":"https:\/\/www.uartes.edu.ec\/sitio\/wp-json\/wp\/v2\/infouartes?post=54348"}],"curies":[{"name":"wp","href":"https:\/\/api.w.org\/{rel}","templated":true}]}}