{"id":54766,"date":"2024-06-04T12:44:19","date_gmt":"2024-06-04T17:44:19","guid":{"rendered":"https:\/\/www.uartes.edu.ec\/sitio\/?p=54766"},"modified":"2024-07-04T11:18:52","modified_gmt":"2024-07-04T16:18:52","slug":"ninos-y-ninas-tendran-su-quinto-encuentro-con-las-artes-del-5-al-8-de-junio-en-la-sala-ria-de-la-biblioteca-de-las-artes","status":"publish","type":"post","link":"https:\/\/www.uartes.edu.ec\/sitio\/blog\/2024\/06\/04\/ninos-y-ninas-tendran-su-quinto-encuentro-con-las-artes-del-5-al-8-de-junio-en-la-sala-ria-de-la-biblioteca-de-las-artes\/","title":{"rendered":"Ni\u00f1os y ni\u00f1as tendr\u00e1n su V encuentro con las artes; del 5 al 8 de junio en la Sala R\u00eda de la Biblioteca de las Artes"},"content":{"rendered":"\n<p>El Encuentro de Ni\u00f1os y Ni\u00f1as en las Artes llega este 2024 a su quinta edici\u00f3n. Sus actividades se desarrollar\u00e1n desde el mi\u00e9rcoles 5 hasta el s\u00e1bado 8 de junio en la Sala R\u00eda de la Biblioteca de las Artes, su organizadora. Constan en su programaci\u00f3n charlas, conversatorios, talleres sobre biodiversidad y lectura perfom\u00e1tica, cineforo, presentaciones art\u00edsticas y conciertos.<\/p>\n\n\n\n<p>Para la jornada inaugural, junto con la bienvenida que dar\u00e1n las autoridades de la Universidad de las Artes al evento, se prev\u00e9 la firma de un convenio de cooperaci\u00f3n interinstitucional con la Fundaci\u00f3n Teatro Experimental Guayaquil, la presentaci\u00f3n de la Orquesta Sinf\u00f3nica de la Unidad Educativa Rep\u00fablica de Francia, el conversatorio \u201cEl trabajo de las infancias en las comunidades: experiencias y aprendizajes despu\u00e9s de la pandemia\u201d y la actividad art\u00edstica \u201cEl rat\u00f3n de los cuentos\u201d.<\/p>\n\n\n\n<h3 class=\"wp-block-heading\">Propuestas multidisciplinarias<\/h3>\n\n\n\n<p>El jueves 6 de junio, en su segundo d\u00eda, el encuentro arrancar\u00e1 con el taller \u201c\u00a1Viva la biodiversidad!\u201d, a cargo de Amazona Lilacina. Le seguir\u00e1n \u201c\u00a1Aj\u00e1! Parque de la ciencia\u201d, un programa para ni\u00f1os de educaci\u00f3n no formal ejecutado por la Escuela Superior Polit\u00e9cnica del Litoral (Espol); el cineforo \u201cCinekids\u201d con la gu\u00eda de Gabriel Avecilla; y la pintura colectiva \u201cTrenes voladores\u201d con el artista Harold Maridue\u00f1a.<\/p>\n\n\n\n<p>El viernes 7 de junio, se dar\u00e1 continuaci\u00f3n el taller \u201c\u00a1Viva la biodiversidad!\u201d, seguida por la actividad guiada \u201cEstaciones de juegos did\u00e1cticos: tetrix, tangram, mosaico\u201d; Pintura en vivo, proceso creativo de mural de c\u00f3mic con el artista Paco Pincay; la presentaci\u00f3n de \u201cEl rat\u00f3n de los cuentos\u201d; y el concierto \u201cTodo es posible\u201d con Aspy Band.<\/p>\n\n\n\n<p>El s\u00e1bado 8 de junio, en el cierre del encuentro, habr\u00e1 la presentaci\u00f3n de t\u00edteres \u201cMi s\u00faper h\u00e9roe\u201d con la artista Marian Murillo, de la Compa\u00f1\u00eda de Artes Esc\u00e9nicas El Revuelque de la Escuela de las Artes del Guayas, proyecto desarrollado por la Prefectura del Guayas y la UArtes; el taller de lectura perfom\u00e1tica \u201cNi\u00f1xs cuentacuentos\u201d, con Josselyn Naranjo; y la actividad multidisciplinar \u201cConectando con los sonidos y dise\u00f1os precolombinos\u201d, con la artista Luly Herrera. Para ese mismo d\u00eda, los exploradores de cuentos presentar\u00e1n \u201cEl incre\u00edble ni\u00f1o comelibros\u201d de Oliver Jeffers, con la gu\u00eda de Josselyn Naranjo.<\/p>\n\n\n\n<h3 class=\"wp-block-heading\">Colaboraciones y esencia de la cita<\/h3>\n\n\n\n<p>De las actividades programadas para el V Encuentro de Ni\u00f1os y Ni\u00f1as en las Artes, Zully Ord\u00f3\u00f1ez, gestora cultural que est\u00e1 a cargo de la Sala R\u00eda, destaca las colaboraciones de la Espol con&nbsp;\u201c\u00a1Aj\u00e1! Parque de la ciencia\u201d; la&nbsp;banda de ni\u00f1os y ni\u00f1as m\u00fasicos de la Unidad Educativa Rep\u00fablica de Francia; y la tambi\u00e9n banda de m\u00fasicos de la Comisi\u00f3n de Tr\u00e1nsito del Ecuador.<\/p>\n\n\n\n<p>Resalt\u00f3, asimismo, el concierto que ofrecer\u00e1 Aspy Band, puesto que es la primera banda en el mundo constituida \u00fanicamente por integrantes con diagn\u00f3stica de TEA (trastorno del espectro autista). \u201cPara nosotros es importante llegar a las infancias con el mensaje de que las artes permiten desarrollar los talentos\u201d, precis\u00f3 Ord\u00f3\u00f1ez.<\/p>\n\n\n\n<p>Record\u00f3 que el Encuentro de Ni\u00f1os y Ni\u00f1as en las Artes lo organizaba la Direcci\u00f3n de Vinculaci\u00f3n con la Comunidad UArtes, raz\u00f3n por la cual se ha decidido mantener su esencia, \u201cque es el trabajo que nuestra universidad realiza y ha realizado con las infancias, por ello es que en el primer d\u00eda tendremos un conversatorio para hablar sobre los retos y aprendizajes despu\u00e9s de la pandemia\u201d. Ord\u00f3\u00f1ez mencion\u00f3 tambi\u00e9n que al encuentro llegar\u00e1 una delegaci\u00f3n de la alcald\u00eda de Naranjal.<\/p>\n\n\n\n<h3 class=\"wp-block-heading\">Conversatorio de nueva carrera UArtes<\/h3>\n\n\n\n<p>Cabe anotar que, en el primer d\u00eda el encuentro, se realizar\u00e1 un conversatorio acerca de la carrera de Educaci\u00f3n Art\u00edstica Intercultural (EAI) de la Escuela de Literatura de la Universidad de las Artes, una nueva licenciatura de nuestra oferta acad\u00e9mica que surge desde la educaci\u00f3n formal y no formal como un aporte transformador a la relaci\u00f3n entre la interculturalidad y los conflictos socioambientales contempor\u00e1neos.<\/p>\n\n\n\n<p>La carrera de Educaci\u00f3n Art\u00edstica Intercultural busca crear un v\u00ednculo pedag\u00f3gico con profesionales que fomenten las artes y la interculturalidad en diferentes \u00e1mbitos educativos, reconociendo la importancia de abordar las problem\u00e1ticas sociales desde una perspectiva interdisciplinaria y sensible a la diversidad cultural.<\/p>\n\n\n\n<p>Link de la agenda del encuentro: <a href=\"https:\/\/www.facebook.com\/share\/p\/SH11FSasFLVm9QFe\/?mibextid=qi2Omg\">https:\/\/www.facebook.com\/share\/p\/SH11FSasFLVm9QFe\/?mibextid=qi2Omg<\/a><\/p>\n\n\n\n<p><\/p>\n","protected":false},"excerpt":{"rendered":"<p>El Encuentro de Ni\u00f1os y Ni\u00f1as en las Artes llega este 2024 a su quinta edici\u00f3n. Sus actividades se desarrollar\u00e1n desde el mi\u00e9rcoles 5 hasta el s\u00e1bado 8 de junio en la Sala R\u00eda de la Biblioteca de las Artes, su organizadora. Constan en su programaci\u00f3n charlas, conversatorios, talleres sobre biodiversidad y lectura perfom\u00e1tica, cineforo, presentaciones, actividades art\u00edsticas y conciertos. <\/p>\n","protected":false},"author":10,"featured_media":54767,"comment_status":"open","ping_status":"open","sticky":false,"template":"","format":"standard","meta":{"_acf_changed":false,"_uag_custom_page_level_css":"","_monsterinsights_skip_tracking":false,"_monsterinsights_sitenote_active":false,"_monsterinsights_sitenote_note":"","_monsterinsights_sitenote_category":0,"cybocfi_hide_featured_image":"","footnotes":""},"categories":[80,438,75,76,77,83],"tags":[780],"infouartes":[],"class_list":["post-54766","post","type-post","status-publish","format-standard","has-post-thumbnail","hentry","category-academico","category-administrativos","category-docentes","category-estudiantes","category-gestion","category-sedes","tag-biblioteca-de-las-artes"],"acf":[],"yoast_head":"<!-- This site is optimized with the Yoast SEO plugin v27.4 - https:\/\/yoast.com\/product\/yoast-seo-wordpress\/ -->\n<title>Universidad de las Artes - Ni\u00f1os y ni\u00f1as tendr\u00e1n su V encuentro con las artes; del 5 al 8 de junio en la Sala R\u00eda de la Biblioteca de las Artes<\/title>\n<meta name=\"description\" content=\"Universidad de las Artes - Ni\u00f1os y ni\u00f1as tendr\u00e1n su V encuentro con las artes; del 5 al 8 de junio en la Sala R\u00eda de la Biblioteca de las Artes\" \/>\n<meta name=\"robots\" content=\"index, follow, max-snippet:-1, max-image-preview:large, max-video-preview:-1\" \/>\n<link rel=\"canonical\" href=\"https:\/\/www.uartes.edu.ec\/sitio\/blog\/2024\/06\/04\/ninos-y-ninas-tendran-su-quinto-encuentro-con-las-artes-del-5-al-8-de-junio-en-la-sala-ria-de-la-biblioteca-de-las-artes\/\" \/>\n<meta property=\"og:locale\" content=\"es_ES\" \/>\n<meta property=\"og:type\" content=\"article\" \/>\n<meta property=\"og:title\" content=\"Universidad de las Artes - Ni\u00f1os y ni\u00f1as tendr\u00e1n su V encuentro con las artes; del 5 al 8 de junio en la Sala R\u00eda de la Biblioteca de las Artes\" \/>\n<meta property=\"og:description\" content=\"Universidad de las Artes - Ni\u00f1os y ni\u00f1as tendr\u00e1n su V encuentro con las artes; del 5 al 8 de junio en la Sala R\u00eda de la Biblioteca de las Artes\" \/>\n<meta property=\"og:url\" content=\"https:\/\/www.uartes.edu.ec\/sitio\/blog\/2024\/06\/04\/ninos-y-ninas-tendran-su-quinto-encuentro-con-las-artes-del-5-al-8-de-junio-en-la-sala-ria-de-la-biblioteca-de-las-artes\/\" \/>\n<meta property=\"og:site_name\" content=\"Universidad de las Artes\" \/>\n<meta property=\"article:publisher\" content=\"https:\/\/www.facebook.com\/uartesec\" \/>\n<meta property=\"article:published_time\" content=\"2024-06-04T17:44:19+00:00\" \/>\n<meta property=\"article:modified_time\" content=\"2024-07-04T16:18:52+00:00\" \/>\n<meta property=\"og:image\" content=\"https:\/\/www.uartes.edu.ec\/sitio\/wp-content\/uploads\/2024\/06\/PORTADA-NOTA-WEB-v-encuentro-de-Ninos-y-Ninas-en-las-artes.jpg\" \/>\n\t<meta property=\"og:image:width\" content=\"2000\" \/>\n\t<meta property=\"og:image:height\" content=\"1333\" \/>\n\t<meta property=\"og:image:type\" content=\"image\/jpeg\" \/>\n<meta name=\"author\" content=\"ccortez\" \/>\n<meta name=\"twitter:card\" content=\"summary_large_image\" \/>\n<meta name=\"twitter:creator\" content=\"@uartesec\" \/>\n<meta name=\"twitter:site\" content=\"@uartesec\" \/>\n<meta name=\"twitter:label1\" content=\"Escrito por\" \/>\n\t<meta name=\"twitter:data1\" content=\"ccortez\" \/>\n\t<meta name=\"twitter:label2\" content=\"Tiempo de lectura\" \/>\n\t<meta name=\"twitter:data2\" content=\"4 minutos\" \/>\n<script type=\"application\/ld+json\" class=\"yoast-schema-graph\">{\"@context\":\"https:\\\/\\\/schema.org\",\"@graph\":[{\"@type\":\"Article\",\"@id\":\"https:\\\/\\\/www.uartes.edu.ec\\\/sitio\\\/blog\\\/2024\\\/06\\\/04\\\/ninos-y-ninas-tendran-su-quinto-encuentro-con-las-artes-del-5-al-8-de-junio-en-la-sala-ria-de-la-biblioteca-de-las-artes\\\/#article\",\"isPartOf\":{\"@id\":\"https:\\\/\\\/www.uartes.edu.ec\\\/sitio\\\/blog\\\/2024\\\/06\\\/04\\\/ninos-y-ninas-tendran-su-quinto-encuentro-con-las-artes-del-5-al-8-de-junio-en-la-sala-ria-de-la-biblioteca-de-las-artes\\\/\"},\"author\":{\"name\":\"ccortez\",\"@id\":\"https:\\\/\\\/www.uartes.edu.ec\\\/sitio\\\/#\\\/schema\\\/person\\\/efa1b8275797664fd7f13a79ccc0b1f4\"},\"headline\":\"Ni\u00f1os y ni\u00f1as tendr\u00e1n su V encuentro con las artes; del 5 al 8 de junio en la Sala R\u00eda de la Biblioteca de las Artes\",\"datePublished\":\"2024-06-04T17:44:19+00:00\",\"dateModified\":\"2024-07-04T16:18:52+00:00\",\"mainEntityOfPage\":{\"@id\":\"https:\\\/\\\/www.uartes.edu.ec\\\/sitio\\\/blog\\\/2024\\\/06\\\/04\\\/ninos-y-ninas-tendran-su-quinto-encuentro-con-las-artes-del-5-al-8-de-junio-en-la-sala-ria-de-la-biblioteca-de-las-artes\\\/\"},\"wordCount\":795,\"commentCount\":0,\"publisher\":{\"@id\":\"https:\\\/\\\/www.uartes.edu.ec\\\/sitio\\\/#organization\"},\"image\":{\"@id\":\"https:\\\/\\\/www.uartes.edu.ec\\\/sitio\\\/blog\\\/2024\\\/06\\\/04\\\/ninos-y-ninas-tendran-su-quinto-encuentro-con-las-artes-del-5-al-8-de-junio-en-la-sala-ria-de-la-biblioteca-de-las-artes\\\/#primaryimage\"},\"thumbnailUrl\":\"https:\\\/\\\/www.uartes.edu.ec\\\/sitio\\\/wp-content\\\/uploads\\\/2024\\\/06\\\/PORTADA-NOTA-WEB-v-encuentro-de-Ninos-y-Ninas-en-las-artes.jpg\",\"keywords\":[\"biblioteca de las artes\"],\"articleSection\":[\"Acad\u00e9mico\",\"Administrativos\",\"Docentes\",\"Estudiantes\",\"Gesti\u00f3n\",\"Sedes\"],\"inLanguage\":\"es\",\"potentialAction\":[{\"@type\":\"CommentAction\",\"name\":\"Comment\",\"target\":[\"https:\\\/\\\/www.uartes.edu.ec\\\/sitio\\\/blog\\\/2024\\\/06\\\/04\\\/ninos-y-ninas-tendran-su-quinto-encuentro-con-las-artes-del-5-al-8-de-junio-en-la-sala-ria-de-la-biblioteca-de-las-artes\\\/#respond\"]}]},{\"@type\":[\"WebPage\",\"ItemPage\"],\"@id\":\"https:\\\/\\\/www.uartes.edu.ec\\\/sitio\\\/blog\\\/2024\\\/06\\\/04\\\/ninos-y-ninas-tendran-su-quinto-encuentro-con-las-artes-del-5-al-8-de-junio-en-la-sala-ria-de-la-biblioteca-de-las-artes\\\/\",\"url\":\"https:\\\/\\\/www.uartes.edu.ec\\\/sitio\\\/blog\\\/2024\\\/06\\\/04\\\/ninos-y-ninas-tendran-su-quinto-encuentro-con-las-artes-del-5-al-8-de-junio-en-la-sala-ria-de-la-biblioteca-de-las-artes\\\/\",\"name\":\"Universidad de las Artes - Ni\u00f1os y ni\u00f1as tendr\u00e1n su V encuentro con las artes; del 5 al 8 de junio en la Sala R\u00eda de la Biblioteca de las Artes\",\"isPartOf\":{\"@id\":\"https:\\\/\\\/www.uartes.edu.ec\\\/sitio\\\/#website\"},\"primaryImageOfPage\":{\"@id\":\"https:\\\/\\\/www.uartes.edu.ec\\\/sitio\\\/blog\\\/2024\\\/06\\\/04\\\/ninos-y-ninas-tendran-su-quinto-encuentro-con-las-artes-del-5-al-8-de-junio-en-la-sala-ria-de-la-biblioteca-de-las-artes\\\/#primaryimage\"},\"image\":{\"@id\":\"https:\\\/\\\/www.uartes.edu.ec\\\/sitio\\\/blog\\\/2024\\\/06\\\/04\\\/ninos-y-ninas-tendran-su-quinto-encuentro-con-las-artes-del-5-al-8-de-junio-en-la-sala-ria-de-la-biblioteca-de-las-artes\\\/#primaryimage\"},\"thumbnailUrl\":\"https:\\\/\\\/www.uartes.edu.ec\\\/sitio\\\/wp-content\\\/uploads\\\/2024\\\/06\\\/PORTADA-NOTA-WEB-v-encuentro-de-Ninos-y-Ninas-en-las-artes.jpg\",\"datePublished\":\"2024-06-04T17:44:19+00:00\",\"dateModified\":\"2024-07-04T16:18:52+00:00\",\"description\":\"Universidad de las Artes - Ni\u00f1os y ni\u00f1as tendr\u00e1n su V encuentro con las artes; del 5 al 8 de junio en la Sala R\u00eda de la Biblioteca de las Artes\",\"breadcrumb\":{\"@id\":\"https:\\\/\\\/www.uartes.edu.ec\\\/sitio\\\/blog\\\/2024\\\/06\\\/04\\\/ninos-y-ninas-tendran-su-quinto-encuentro-con-las-artes-del-5-al-8-de-junio-en-la-sala-ria-de-la-biblioteca-de-las-artes\\\/#breadcrumb\"},\"inLanguage\":\"es\",\"potentialAction\":[{\"@type\":\"ReadAction\",\"target\":[\"https:\\\/\\\/www.uartes.edu.ec\\\/sitio\\\/blog\\\/2024\\\/06\\\/04\\\/ninos-y-ninas-tendran-su-quinto-encuentro-con-las-artes-del-5-al-8-de-junio-en-la-sala-ria-de-la-biblioteca-de-las-artes\\\/\"]}]},{\"@type\":\"ImageObject\",\"inLanguage\":\"es\",\"@id\":\"https:\\\/\\\/www.uartes.edu.ec\\\/sitio\\\/blog\\\/2024\\\/06\\\/04\\\/ninos-y-ninas-tendran-su-quinto-encuentro-con-las-artes-del-5-al-8-de-junio-en-la-sala-ria-de-la-biblioteca-de-las-artes\\\/#primaryimage\",\"url\":\"https:\\\/\\\/www.uartes.edu.ec\\\/sitio\\\/wp-content\\\/uploads\\\/2024\\\/06\\\/PORTADA-NOTA-WEB-v-encuentro-de-Ninos-y-Ninas-en-las-artes.jpg\",\"contentUrl\":\"https:\\\/\\\/www.uartes.edu.ec\\\/sitio\\\/wp-content\\\/uploads\\\/2024\\\/06\\\/PORTADA-NOTA-WEB-v-encuentro-de-Ninos-y-Ninas-en-las-artes.jpg\",\"width\":2000,\"height\":1333},{\"@type\":\"BreadcrumbList\",\"@id\":\"https:\\\/\\\/www.uartes.edu.ec\\\/sitio\\\/blog\\\/2024\\\/06\\\/04\\\/ninos-y-ninas-tendran-su-quinto-encuentro-con-las-artes-del-5-al-8-de-junio-en-la-sala-ria-de-la-biblioteca-de-las-artes\\\/#breadcrumb\",\"itemListElement\":[{\"@type\":\"ListItem\",\"position\":1,\"name\":\"Inicio\",\"item\":\"https:\\\/\\\/www.uartes.edu.ec\\\/sitio\\\/\"},{\"@type\":\"ListItem\",\"position\":2,\"name\":\"Ni\u00f1os y ni\u00f1as tendr\u00e1n su V encuentro con las artes; del 5 al 8 de junio en la Sala R\u00eda de la Biblioteca de las Artes\"}]},{\"@type\":\"WebSite\",\"@id\":\"https:\\\/\\\/www.uartes.edu.ec\\\/sitio\\\/#website\",\"url\":\"https:\\\/\\\/www.uartes.edu.ec\\\/sitio\\\/\",\"name\":\"Universidad de las Artes\",\"description\":\"Sitio oficial de la Universidad Nacional de las Artes del Ecuador\",\"publisher\":{\"@id\":\"https:\\\/\\\/www.uartes.edu.ec\\\/sitio\\\/#organization\"},\"potentialAction\":[{\"@type\":\"SearchAction\",\"target\":{\"@type\":\"EntryPoint\",\"urlTemplate\":\"https:\\\/\\\/www.uartes.edu.ec\\\/sitio\\\/?s={search_term_string}\"},\"query-input\":{\"@type\":\"PropertyValueSpecification\",\"valueRequired\":true,\"valueName\":\"search_term_string\"}}],\"inLanguage\":\"es\"},{\"@type\":\"Organization\",\"@id\":\"https:\\\/\\\/www.uartes.edu.ec\\\/sitio\\\/#organization\",\"name\":\"Universidad de las Artes\",\"url\":\"https:\\\/\\\/www.uartes.edu.ec\\\/sitio\\\/\",\"logo\":{\"@type\":\"ImageObject\",\"inLanguage\":\"es\",\"@id\":\"https:\\\/\\\/www.uartes.edu.ec\\\/sitio\\\/#\\\/schema\\\/logo\\\/image\\\/\",\"url\":\"https:\\\/\\\/www.uartes.edu.ec\\\/sitio\\\/wp-content\\\/uploads\\\/2022\\\/07\\\/logo-ua-horizontal.png\",\"contentUrl\":\"https:\\\/\\\/www.uartes.edu.ec\\\/sitio\\\/wp-content\\\/uploads\\\/2022\\\/07\\\/logo-ua-horizontal.png\",\"width\":800,\"height\":276,\"caption\":\"Universidad de las Artes\"},\"image\":{\"@id\":\"https:\\\/\\\/www.uartes.edu.ec\\\/sitio\\\/#\\\/schema\\\/logo\\\/image\\\/\"},\"sameAs\":[\"https:\\\/\\\/www.facebook.com\\\/uartesec\",\"https:\\\/\\\/x.com\\\/uartesec\",\"https:\\\/\\\/www.tiktok.com\\\/@uartesec\"]},{\"@type\":\"Person\",\"@id\":\"https:\\\/\\\/www.uartes.edu.ec\\\/sitio\\\/#\\\/schema\\\/person\\\/efa1b8275797664fd7f13a79ccc0b1f4\",\"name\":\"ccortez\",\"image\":{\"@type\":\"ImageObject\",\"inLanguage\":\"es\",\"@id\":\"https:\\\/\\\/secure.gravatar.com\\\/avatar\\\/b2a6f664a3ae8e074346ef91775736c5ec479e637ecced6842de9dc98b5da9cd?s=96&d=mm&r=g\",\"url\":\"https:\\\/\\\/secure.gravatar.com\\\/avatar\\\/b2a6f664a3ae8e074346ef91775736c5ec479e637ecced6842de9dc98b5da9cd?s=96&d=mm&r=g\",\"contentUrl\":\"https:\\\/\\\/secure.gravatar.com\\\/avatar\\\/b2a6f664a3ae8e074346ef91775736c5ec479e637ecced6842de9dc98b5da9cd?s=96&d=mm&r=g\",\"caption\":\"ccortez\"},\"url\":\"https:\\\/\\\/www.uartes.edu.ec\\\/sitio\\\/blog\\\/author\\\/ccortez\\\/\"}]}<\/script>\n<!-- \/ Yoast SEO plugin. -->","yoast_head_json":{"title":"Universidad de las Artes - Ni\u00f1os y ni\u00f1as tendr\u00e1n su V encuentro con las artes; del 5 al 8 de junio en la Sala R\u00eda de la Biblioteca de las Artes","description":"Universidad de las Artes - Ni\u00f1os y ni\u00f1as tendr\u00e1n su V encuentro con las artes; del 5 al 8 de junio en la Sala R\u00eda de la Biblioteca de las Artes","robots":{"index":"index","follow":"follow","max-snippet":"max-snippet:-1","max-image-preview":"max-image-preview:large","max-video-preview":"max-video-preview:-1"},"canonical":"https:\/\/www.uartes.edu.ec\/sitio\/blog\/2024\/06\/04\/ninos-y-ninas-tendran-su-quinto-encuentro-con-las-artes-del-5-al-8-de-junio-en-la-sala-ria-de-la-biblioteca-de-las-artes\/","og_locale":"es_ES","og_type":"article","og_title":"Universidad de las Artes - Ni\u00f1os y ni\u00f1as tendr\u00e1n su V encuentro con las artes; del 5 al 8 de junio en la Sala R\u00eda de la Biblioteca de las Artes","og_description":"Universidad de las Artes - Ni\u00f1os y ni\u00f1as tendr\u00e1n su V encuentro con las artes; del 5 al 8 de junio en la Sala R\u00eda de la Biblioteca de las Artes","og_url":"https:\/\/www.uartes.edu.ec\/sitio\/blog\/2024\/06\/04\/ninos-y-ninas-tendran-su-quinto-encuentro-con-las-artes-del-5-al-8-de-junio-en-la-sala-ria-de-la-biblioteca-de-las-artes\/","og_site_name":"Universidad de las Artes","article_publisher":"https:\/\/www.facebook.com\/uartesec","article_published_time":"2024-06-04T17:44:19+00:00","article_modified_time":"2024-07-04T16:18:52+00:00","og_image":[{"width":2000,"height":1333,"url":"https:\/\/www.uartes.edu.ec\/sitio\/wp-content\/uploads\/2024\/06\/PORTADA-NOTA-WEB-v-encuentro-de-Ninos-y-Ninas-en-las-artes.jpg","type":"image\/jpeg"}],"author":"ccortez","twitter_card":"summary_large_image","twitter_creator":"@uartesec","twitter_site":"@uartesec","twitter_misc":{"Escrito por":"ccortez","Tiempo de lectura":"4 minutos"},"schema":{"@context":"https:\/\/schema.org","@graph":[{"@type":"Article","@id":"https:\/\/www.uartes.edu.ec\/sitio\/blog\/2024\/06\/04\/ninos-y-ninas-tendran-su-quinto-encuentro-con-las-artes-del-5-al-8-de-junio-en-la-sala-ria-de-la-biblioteca-de-las-artes\/#article","isPartOf":{"@id":"https:\/\/www.uartes.edu.ec\/sitio\/blog\/2024\/06\/04\/ninos-y-ninas-tendran-su-quinto-encuentro-con-las-artes-del-5-al-8-de-junio-en-la-sala-ria-de-la-biblioteca-de-las-artes\/"},"author":{"name":"ccortez","@id":"https:\/\/www.uartes.edu.ec\/sitio\/#\/schema\/person\/efa1b8275797664fd7f13a79ccc0b1f4"},"headline":"Ni\u00f1os y ni\u00f1as tendr\u00e1n su V encuentro con las artes; del 5 al 8 de junio en la Sala R\u00eda de la Biblioteca de las Artes","datePublished":"2024-06-04T17:44:19+00:00","dateModified":"2024-07-04T16:18:52+00:00","mainEntityOfPage":{"@id":"https:\/\/www.uartes.edu.ec\/sitio\/blog\/2024\/06\/04\/ninos-y-ninas-tendran-su-quinto-encuentro-con-las-artes-del-5-al-8-de-junio-en-la-sala-ria-de-la-biblioteca-de-las-artes\/"},"wordCount":795,"commentCount":0,"publisher":{"@id":"https:\/\/www.uartes.edu.ec\/sitio\/#organization"},"image":{"@id":"https:\/\/www.uartes.edu.ec\/sitio\/blog\/2024\/06\/04\/ninos-y-ninas-tendran-su-quinto-encuentro-con-las-artes-del-5-al-8-de-junio-en-la-sala-ria-de-la-biblioteca-de-las-artes\/#primaryimage"},"thumbnailUrl":"https:\/\/www.uartes.edu.ec\/sitio\/wp-content\/uploads\/2024\/06\/PORTADA-NOTA-WEB-v-encuentro-de-Ninos-y-Ninas-en-las-artes.jpg","keywords":["biblioteca de las artes"],"articleSection":["Acad\u00e9mico","Administrativos","Docentes","Estudiantes","Gesti\u00f3n","Sedes"],"inLanguage":"es","potentialAction":[{"@type":"CommentAction","name":"Comment","target":["https:\/\/www.uartes.edu.ec\/sitio\/blog\/2024\/06\/04\/ninos-y-ninas-tendran-su-quinto-encuentro-con-las-artes-del-5-al-8-de-junio-en-la-sala-ria-de-la-biblioteca-de-las-artes\/#respond"]}]},{"@type":["WebPage","ItemPage"],"@id":"https:\/\/www.uartes.edu.ec\/sitio\/blog\/2024\/06\/04\/ninos-y-ninas-tendran-su-quinto-encuentro-con-las-artes-del-5-al-8-de-junio-en-la-sala-ria-de-la-biblioteca-de-las-artes\/","url":"https:\/\/www.uartes.edu.ec\/sitio\/blog\/2024\/06\/04\/ninos-y-ninas-tendran-su-quinto-encuentro-con-las-artes-del-5-al-8-de-junio-en-la-sala-ria-de-la-biblioteca-de-las-artes\/","name":"Universidad de las Artes - Ni\u00f1os y ni\u00f1as tendr\u00e1n su V encuentro con las artes; del 5 al 8 de junio en la Sala R\u00eda de la Biblioteca de las Artes","isPartOf":{"@id":"https:\/\/www.uartes.edu.ec\/sitio\/#website"},"primaryImageOfPage":{"@id":"https:\/\/www.uartes.edu.ec\/sitio\/blog\/2024\/06\/04\/ninos-y-ninas-tendran-su-quinto-encuentro-con-las-artes-del-5-al-8-de-junio-en-la-sala-ria-de-la-biblioteca-de-las-artes\/#primaryimage"},"image":{"@id":"https:\/\/www.uartes.edu.ec\/sitio\/blog\/2024\/06\/04\/ninos-y-ninas-tendran-su-quinto-encuentro-con-las-artes-del-5-al-8-de-junio-en-la-sala-ria-de-la-biblioteca-de-las-artes\/#primaryimage"},"thumbnailUrl":"https:\/\/www.uartes.edu.ec\/sitio\/wp-content\/uploads\/2024\/06\/PORTADA-NOTA-WEB-v-encuentro-de-Ninos-y-Ninas-en-las-artes.jpg","datePublished":"2024-06-04T17:44:19+00:00","dateModified":"2024-07-04T16:18:52+00:00","description":"Universidad de las Artes - Ni\u00f1os y ni\u00f1as tendr\u00e1n su V encuentro con las artes; del 5 al 8 de junio en la Sala R\u00eda de la Biblioteca de las Artes","breadcrumb":{"@id":"https:\/\/www.uartes.edu.ec\/sitio\/blog\/2024\/06\/04\/ninos-y-ninas-tendran-su-quinto-encuentro-con-las-artes-del-5-al-8-de-junio-en-la-sala-ria-de-la-biblioteca-de-las-artes\/#breadcrumb"},"inLanguage":"es","potentialAction":[{"@type":"ReadAction","target":["https:\/\/www.uartes.edu.ec\/sitio\/blog\/2024\/06\/04\/ninos-y-ninas-tendran-su-quinto-encuentro-con-las-artes-del-5-al-8-de-junio-en-la-sala-ria-de-la-biblioteca-de-las-artes\/"]}]},{"@type":"ImageObject","inLanguage":"es","@id":"https:\/\/www.uartes.edu.ec\/sitio\/blog\/2024\/06\/04\/ninos-y-ninas-tendran-su-quinto-encuentro-con-las-artes-del-5-al-8-de-junio-en-la-sala-ria-de-la-biblioteca-de-las-artes\/#primaryimage","url":"https:\/\/www.uartes.edu.ec\/sitio\/wp-content\/uploads\/2024\/06\/PORTADA-NOTA-WEB-v-encuentro-de-Ninos-y-Ninas-en-las-artes.jpg","contentUrl":"https:\/\/www.uartes.edu.ec\/sitio\/wp-content\/uploads\/2024\/06\/PORTADA-NOTA-WEB-v-encuentro-de-Ninos-y-Ninas-en-las-artes.jpg","width":2000,"height":1333},{"@type":"BreadcrumbList","@id":"https:\/\/www.uartes.edu.ec\/sitio\/blog\/2024\/06\/04\/ninos-y-ninas-tendran-su-quinto-encuentro-con-las-artes-del-5-al-8-de-junio-en-la-sala-ria-de-la-biblioteca-de-las-artes\/#breadcrumb","itemListElement":[{"@type":"ListItem","position":1,"name":"Inicio","item":"https:\/\/www.uartes.edu.ec\/sitio\/"},{"@type":"ListItem","position":2,"name":"Ni\u00f1os y ni\u00f1as tendr\u00e1n su V encuentro con las artes; del 5 al 8 de junio en la Sala R\u00eda de la Biblioteca de las Artes"}]},{"@type":"WebSite","@id":"https:\/\/www.uartes.edu.ec\/sitio\/#website","url":"https:\/\/www.uartes.edu.ec\/sitio\/","name":"Universidad de las Artes","description":"Sitio oficial de la Universidad Nacional de las Artes del Ecuador","publisher":{"@id":"https:\/\/www.uartes.edu.ec\/sitio\/#organization"},"potentialAction":[{"@type":"SearchAction","target":{"@type":"EntryPoint","urlTemplate":"https:\/\/www.uartes.edu.ec\/sitio\/?s={search_term_string}"},"query-input":{"@type":"PropertyValueSpecification","valueRequired":true,"valueName":"search_term_string"}}],"inLanguage":"es"},{"@type":"Organization","@id":"https:\/\/www.uartes.edu.ec\/sitio\/#organization","name":"Universidad de las Artes","url":"https:\/\/www.uartes.edu.ec\/sitio\/","logo":{"@type":"ImageObject","inLanguage":"es","@id":"https:\/\/www.uartes.edu.ec\/sitio\/#\/schema\/logo\/image\/","url":"https:\/\/www.uartes.edu.ec\/sitio\/wp-content\/uploads\/2022\/07\/logo-ua-horizontal.png","contentUrl":"https:\/\/www.uartes.edu.ec\/sitio\/wp-content\/uploads\/2022\/07\/logo-ua-horizontal.png","width":800,"height":276,"caption":"Universidad de las Artes"},"image":{"@id":"https:\/\/www.uartes.edu.ec\/sitio\/#\/schema\/logo\/image\/"},"sameAs":["https:\/\/www.facebook.com\/uartesec","https:\/\/x.com\/uartesec","https:\/\/www.tiktok.com\/@uartesec"]},{"@type":"Person","@id":"https:\/\/www.uartes.edu.ec\/sitio\/#\/schema\/person\/efa1b8275797664fd7f13a79ccc0b1f4","name":"ccortez","image":{"@type":"ImageObject","inLanguage":"es","@id":"https:\/\/secure.gravatar.com\/avatar\/b2a6f664a3ae8e074346ef91775736c5ec479e637ecced6842de9dc98b5da9cd?s=96&d=mm&r=g","url":"https:\/\/secure.gravatar.com\/avatar\/b2a6f664a3ae8e074346ef91775736c5ec479e637ecced6842de9dc98b5da9cd?s=96&d=mm&r=g","contentUrl":"https:\/\/secure.gravatar.com\/avatar\/b2a6f664a3ae8e074346ef91775736c5ec479e637ecced6842de9dc98b5da9cd?s=96&d=mm&r=g","caption":"ccortez"},"url":"https:\/\/www.uartes.edu.ec\/sitio\/blog\/author\/ccortez\/"}]}},"uagb_featured_image_src":{"full":["https:\/\/www.uartes.edu.ec\/sitio\/wp-content\/uploads\/2024\/06\/PORTADA-NOTA-WEB-v-encuentro-de-Ninos-y-Ninas-en-las-artes.jpg",2000,1333,false],"thumbnail":["https:\/\/www.uartes.edu.ec\/sitio\/wp-content\/uploads\/2024\/06\/PORTADA-NOTA-WEB-v-encuentro-de-Ninos-y-Ninas-en-las-artes-150x150.jpg",150,150,true],"medium":["https:\/\/www.uartes.edu.ec\/sitio\/wp-content\/uploads\/2024\/06\/PORTADA-NOTA-WEB-v-encuentro-de-Ninos-y-Ninas-en-las-artes-300x200.jpg",300,200,true],"medium_large":["https:\/\/www.uartes.edu.ec\/sitio\/wp-content\/uploads\/2024\/06\/PORTADA-NOTA-WEB-v-encuentro-de-Ninos-y-Ninas-en-las-artes-768x512.jpg",768,512,true],"large":["https:\/\/www.uartes.edu.ec\/sitio\/wp-content\/uploads\/2024\/06\/PORTADA-NOTA-WEB-v-encuentro-de-Ninos-y-Ninas-en-las-artes-644x429.jpg",644,429,true],"1536x1536":["https:\/\/www.uartes.edu.ec\/sitio\/wp-content\/uploads\/2024\/06\/PORTADA-NOTA-WEB-v-encuentro-de-Ninos-y-Ninas-en-las-artes-1536x1024.jpg",1536,1024,true],"2048x2048":["https:\/\/www.uartes.edu.ec\/sitio\/wp-content\/uploads\/2024\/06\/PORTADA-NOTA-WEB-v-encuentro-de-Ninos-y-Ninas-en-las-artes.jpg",2000,1333,false],"trp-custom-language-flag":["https:\/\/www.uartes.edu.ec\/sitio\/wp-content\/uploads\/2024\/06\/PORTADA-NOTA-WEB-v-encuentro-de-Ninos-y-Ninas-en-las-artes-18x12.jpg",18,12,true],"htmega_size_585x295":["https:\/\/www.uartes.edu.ec\/sitio\/wp-content\/uploads\/2024\/06\/PORTADA-NOTA-WEB-v-encuentro-de-Ninos-y-Ninas-en-las-artes-585x295.jpg",585,295,true],"htmega_size_1170x536":["https:\/\/www.uartes.edu.ec\/sitio\/wp-content\/uploads\/2024\/06\/PORTADA-NOTA-WEB-v-encuentro-de-Ninos-y-Ninas-en-las-artes-1170x536.jpg",1170,536,true],"htmega_size_396x360":["https:\/\/www.uartes.edu.ec\/sitio\/wp-content\/uploads\/2024\/06\/PORTADA-NOTA-WEB-v-encuentro-de-Ninos-y-Ninas-en-las-artes-396x360.jpg",396,360,true],"gb-block-post-grid-landscape":["https:\/\/www.uartes.edu.ec\/sitio\/wp-content\/uploads\/2024\/06\/PORTADA-NOTA-WEB-v-encuentro-de-Ninos-y-Ninas-en-las-artes-600x400.jpg",600,400,true],"gb-block-post-grid-square":["https:\/\/www.uartes.edu.ec\/sitio\/wp-content\/uploads\/2024\/06\/PORTADA-NOTA-WEB-v-encuentro-de-Ninos-y-Ninas-en-las-artes-600x600.jpg",600,600,true],"university-hub-thumb":["https:\/\/www.uartes.edu.ec\/sitio\/wp-content\/uploads\/2024\/06\/PORTADA-NOTA-WEB-v-encuentro-de-Ninos-y-Ninas-en-las-artes-400x267.jpg",400,267,true]},"uagb_author_info":{"display_name":"ccortez","author_link":"https:\/\/www.uartes.edu.ec\/sitio\/blog\/author\/ccortez\/"},"uagb_comment_info":0,"uagb_excerpt":"El Encuentro de Ni\u00f1os y Ni\u00f1as en las Artes llega este 2024 a su quinta edici\u00f3n. Sus actividades se desarrollar\u00e1n desde el mi\u00e9rcoles 5 hasta el s\u00e1bado 8 de junio en la Sala R\u00eda de la Biblioteca de las Artes, su organizadora. Constan en su programaci\u00f3n charlas, conversatorios, talleres sobre biodiversidad y lectura perfom\u00e1tica, cineforo,&hellip;","featured_image_src":"https:\/\/www.uartes.edu.ec\/sitio\/wp-content\/uploads\/2024\/06\/PORTADA-NOTA-WEB-v-encuentro-de-Ninos-y-Ninas-en-las-artes-600x400.jpg","featured_image_src_square":"https:\/\/www.uartes.edu.ec\/sitio\/wp-content\/uploads\/2024\/06\/PORTADA-NOTA-WEB-v-encuentro-de-Ninos-y-Ninas-en-las-artes-600x600.jpg","author_info":{"display_name":"ccortez","author_link":"https:\/\/www.uartes.edu.ec\/sitio\/blog\/author\/ccortez\/"},"publishpress_future_workflow_manual_trigger":{"enabledWorkflows":[]},"distributor_meta":false,"distributor_terms":false,"distributor_media":false,"distributor_original_site_name":"Universidad de las Artes","distributor_original_site_url":"https:\/\/www.uartes.edu.ec\/sitio","push-errors":false,"_links":{"self":[{"href":"https:\/\/www.uartes.edu.ec\/sitio\/wp-json\/wp\/v2\/posts\/54766","targetHints":{"allow":["GET"]}}],"collection":[{"href":"https:\/\/www.uartes.edu.ec\/sitio\/wp-json\/wp\/v2\/posts"}],"about":[{"href":"https:\/\/www.uartes.edu.ec\/sitio\/wp-json\/wp\/v2\/types\/post"}],"author":[{"embeddable":true,"href":"https:\/\/www.uartes.edu.ec\/sitio\/wp-json\/wp\/v2\/users\/10"}],"replies":[{"embeddable":true,"href":"https:\/\/www.uartes.edu.ec\/sitio\/wp-json\/wp\/v2\/comments?post=54766"}],"version-history":[{"count":5,"href":"https:\/\/www.uartes.edu.ec\/sitio\/wp-json\/wp\/v2\/posts\/54766\/revisions"}],"predecessor-version":[{"id":54776,"href":"https:\/\/www.uartes.edu.ec\/sitio\/wp-json\/wp\/v2\/posts\/54766\/revisions\/54776"}],"wp:featuredmedia":[{"embeddable":true,"href":"https:\/\/www.uartes.edu.ec\/sitio\/wp-json\/wp\/v2\/media\/54767"}],"wp:attachment":[{"href":"https:\/\/www.uartes.edu.ec\/sitio\/wp-json\/wp\/v2\/media?parent=54766"}],"wp:term":[{"taxonomy":"category","embeddable":true,"href":"https:\/\/www.uartes.edu.ec\/sitio\/wp-json\/wp\/v2\/categories?post=54766"},{"taxonomy":"post_tag","embeddable":true,"href":"https:\/\/www.uartes.edu.ec\/sitio\/wp-json\/wp\/v2\/tags?post=54766"},{"taxonomy":"infouartes","embeddable":true,"href":"https:\/\/www.uartes.edu.ec\/sitio\/wp-json\/wp\/v2\/infouartes?post=54766"}],"curies":[{"name":"wp","href":"https:\/\/api.w.org\/{rel}","templated":true}]}}