{"id":55410,"date":"2024-06-05T19:12:00","date_gmt":"2024-06-06T00:12:00","guid":{"rendered":"https:\/\/www.uartes.edu.ec\/sitio\/?p=55410"},"modified":"2024-07-04T11:18:51","modified_gmt":"2024-07-04T16:18:51","slug":"trabajo-de-la-uartes-con-ninos-ninas-y-jovenes-es-uno-de-los-ejes-fundamentales-en-nuestra-vinculacion-con-la-sociedad","status":"publish","type":"post","link":"https:\/\/www.uartes.edu.ec\/sitio\/blog\/2024\/06\/05\/trabajo-de-la-uartes-con-ninos-ninas-y-jovenes-es-uno-de-los-ejes-fundamentales-en-nuestra-vinculacion-con-la-sociedad\/","title":{"rendered":"Trabajo de la UArtes con ni\u00f1os, ni\u00f1as y j\u00f3venes es uno de los ejes fundamentales en nuestra vinculaci\u00f3n con la sociedad"},"content":{"rendered":"\n<p>Los estudiantes de noveno de b\u00e1sica de la Unidad Educativa Batalla de Tarqui fueron los primeros en arribar con sus maestros a la Sala R\u00eda de la Biblioteca de las Artes para participar la ma\u00f1ana de hoy, mi\u00e9rcoles 5 de junio, en la primera de cuatro jornadas de la V edici\u00f3n del Encuentro de Ni\u00f1os y Ni\u00f1as en las Artes, que concluir\u00e1 el s\u00e1bado 8. Fue la apertura de una cita para cuya agenda se programaron charlas, conversatorios, talleres y presentaciones art\u00edsticas.<\/p>\n\n\n\n<p>La conducci\u00f3n del acto inaugural la hizo Janina Su\u00e1rez, jefa de Pr\u00e1cticas Pre-Profesionales, quien resalt\u00f3 el aporte de los estudiantes a los proyectos de v\u00ednculo con la sociedad que dirigen nuestros docentes y se desarrollan en territorio y en el repositorio de la Universidad de las Artes. A la programaci\u00f3n de esta edici\u00f3n, dijo, se suman las activaciones art\u00edsticas efectuadas con Las Escuelas de las Artes del Guayas, proyecto de la UArtes y la Prefectura. Record\u00f3 que la cita surgi\u00f3 en tiempos de pandemia, que en 2020 y 2021 fue virtual y desde el 2022, presencial, siempre por los derechos de los ni\u00f1os y la adolescencia, los derechos culturales y los derechos de la naturaleza.&nbsp;<\/p>\n\n\n<div class=\"wp-block-image\">\n<figure class=\"aligncenter size-large\"><img fetchpriority=\"high\" decoding=\"async\" width=\"644\" height=\"429\" src=\"https:\/\/www.uartes.edu.ec\/sitio\/wp-content\/uploads\/2024\/06\/01-V-ENCUENTRO-NINOS-RIA-644x429.jpg\" alt=\"\" class=\"wp-image-55422\" srcset=\"https:\/\/www.uartes.edu.ec\/sitio\/wp-content\/uploads\/2024\/06\/01-V-ENCUENTRO-NINOS-RIA-644x429.jpg 644w, https:\/\/www.uartes.edu.ec\/sitio\/wp-content\/uploads\/2024\/06\/01-V-ENCUENTRO-NINOS-RIA-768x511.jpg 768w, https:\/\/www.uartes.edu.ec\/sitio\/wp-content\/uploads\/2024\/06\/01-V-ENCUENTRO-NINOS-RIA.jpg 2000w, https:\/\/www.uartes.edu.ec\/sitio\/wp-content\/uploads\/2024\/06\/01-V-ENCUENTRO-NINOS-RIA-18x12.jpg 18w, https:\/\/www.uartes.edu.ec\/sitio\/wp-content\/uploads\/2024\/06\/01-V-ENCUENTRO-NINOS-RIA-600x399.jpg 600w, https:\/\/www.uartes.edu.ec\/sitio\/wp-content\/uploads\/2024\/06\/01-V-ENCUENTRO-NINOS-RIA-272x182.jpg 272w\" sizes=\"(max-width: 644px) 100vw, 644px\" \/><\/figure>\n<\/div>\n\n\n<h3 class=\"wp-block-heading\">Estrat\u00e9gica lucha contra la violencia<\/h3>\n\n\n\n<p>William Herrera, rector de la Universidad de las Artes, agradeci\u00f3 a los ni\u00f1os, ni\u00f1as, adolescentes y p\u00fablico en general por acompa\u00f1ar el simb\u00f3lico acto inaugural. Para la UArtes, el trabajo que hacemos con la ni\u00f1ez es uno de sus ejes fundamentales en nuestra vinculaci\u00f3n con la sociedad, dijo. \u201c(\u2026) No solo necesaria, sino estrat\u00e9gica en la lucha contra la violencia. Esperamos que se traduzca o logre complementarse y apoyarse con pol\u00edticas p\u00fablicas\u00a0claras que apuesten por al acceso a la educaci\u00f3n de ni\u00f1os y ni\u00f1as, la formaci\u00f3n art\u00edstica y la cultura; saber que son cada vez m\u00e1s los miles de ni\u00f1os que abandonan el sistema escolar es una noticia terrible que tendr\u00e1 consecuencias para las siguientes d\u00e9cadas\u201d, indic\u00f3.<\/p>\n\n\n\n<p>Como fundamental subray\u00f3 el rector poner este tipo de encuentros en la agenda institucional de la universidad, as\u00ed como el trabajo con las organizaciones que apoyan y con las que hemos establecido v\u00ednculos de cooperaci\u00f3n.&nbsp;La apuesta de la UArtes se inscribe en un proyecto a largo plazo que requiere la participaci\u00f3n de los ministerios de Educaci\u00f3n, de Cultura y Patrimonio y de los gobiernos aut\u00f3nomos locales. \u201cUn proyecto para que Ecuador cuente con un verdadero sistema de formaci\u00f3n art\u00edstica, que empiece desde la ni\u00f1ez y se extienda hasta la formaci\u00f3n superior, que es la que ofrece la Universidad de las Artes\u201d.<\/p>\n\n\n\t\t\t\t\t<div\n\t\t\t\t\t\tclass=\"wp-block-uagb-image-gallery uagb-block-9f62808f     \"\n\t\t\t\t\t\tstyle=\"\"\n\t\t\t\t\t>\n\t\t\t\t\t\t\t\t\t\t\t<div class=\"spectra-image-gallery spectra-image-gallery__layout--grid spectra-image-gallery__layout--grid-col-3 spectra-image-gallery__layout--grid-col-tab-3 spectra-image-gallery__layout--grid-col-mob-2\">\n\t\t\t\t\t\t\t\t\t\t\t<div class='spectra-image-gallery__media-wrapper' data-spectra-gallery-image-id='55426' tabindex=\"0\">\n\t\t\t\t\t\t\t<div class=\"spectra-image-gallery__media spectra-image-gallery__media--grid\">\n\t\t\t\t<picture>\n\t\t\t\t\t<source media=\"(min-width: 1024px)\" srcset=\"https:\/\/www.uartes.edu.ec\/sitio\/wp-content\/uploads\/2024\/06\/03-V-ENCUENTRO-NINOS-RIA-644x429.jpg\">\n\t\t\t\t\t<source media=\"(min-width: 768px)\" srcset=\"https:\/\/www.uartes.edu.ec\/sitio\/wp-content\/uploads\/2024\/06\/03-V-ENCUENTRO-NINOS-RIA-644x429.jpg\">\n\t\t\t\t\t<img decoding=\"async\" class=\"spectra-image-gallery__media-thumbnail spectra-image-gallery__media-thumbnail--grid\" src=\"https:\/\/www.uartes.edu.ec\/sitio\/wp-content\/uploads\/2024\/06\/03-V-ENCUENTRO-NINOS-RIA-300x200.jpg\" alt=\"\" loading=\"lazy\" \/>\n\t\t\t\t<\/picture>\n\t\t\t\t<div class=\"spectra-image-gallery__media-thumbnail-blurrer\"><\/div>\n\t\t\t\t\t\t\t\t\t\t\t<div class=\"spectra-image-gallery__media-thumbnail-caption-wrapper spectra-image-gallery__media-thumbnail-caption-wrapper--overlay\">\n\t\t\t\t\t\t\t\t\t\t\t<div class=\"spectra-image-gallery__media-thumbnail-caption spectra-image-gallery__media-thumbnail-caption--overlay\">\n\t\t\t\t\tSin leyenda\t\t\t\t<\/div>\n\t\t\t\t\t\t\t\t\t\t<\/div>\n\t\t\t\t\t\t\t\t\t<\/div>\n\t\t\t\t\t\t<\/div>\n\t\t\t\t\t\t<div class='spectra-image-gallery__media-wrapper' data-spectra-gallery-image-id='55425' tabindex=\"0\">\n\t\t\t\t\t\t\t<div class=\"spectra-image-gallery__media spectra-image-gallery__media--grid\">\n\t\t\t\t<picture>\n\t\t\t\t\t<source media=\"(min-width: 1024px)\" srcset=\"https:\/\/www.uartes.edu.ec\/sitio\/wp-content\/uploads\/2024\/06\/04-V-ENCUENTRO-NINOS-RIA-644x429.jpg\">\n\t\t\t\t\t<source media=\"(min-width: 768px)\" srcset=\"https:\/\/www.uartes.edu.ec\/sitio\/wp-content\/uploads\/2024\/06\/04-V-ENCUENTRO-NINOS-RIA-644x429.jpg\">\n\t\t\t\t\t<img decoding=\"async\" class=\"spectra-image-gallery__media-thumbnail spectra-image-gallery__media-thumbnail--grid\" src=\"https:\/\/www.uartes.edu.ec\/sitio\/wp-content\/uploads\/2024\/06\/04-V-ENCUENTRO-NINOS-RIA-300x200.jpg\" alt=\"\" loading=\"lazy\" \/>\n\t\t\t\t<\/picture>\n\t\t\t\t<div class=\"spectra-image-gallery__media-thumbnail-blurrer\"><\/div>\n\t\t\t\t\t\t\t\t\t\t\t<div class=\"spectra-image-gallery__media-thumbnail-caption-wrapper spectra-image-gallery__media-thumbnail-caption-wrapper--overlay\">\n\t\t\t\t\t\t\t\t\t\t\t<div class=\"spectra-image-gallery__media-thumbnail-caption spectra-image-gallery__media-thumbnail-caption--overlay\">\n\t\t\t\t\tSin leyenda\t\t\t\t<\/div>\n\t\t\t\t\t\t\t\t\t\t<\/div>\n\t\t\t\t\t\t\t\t\t<\/div>\n\t\t\t\t\t\t<\/div>\n\t\t\t\t\t\t<div class='spectra-image-gallery__media-wrapper' data-spectra-gallery-image-id='55424' tabindex=\"0\">\n\t\t\t\t\t\t\t<div class=\"spectra-image-gallery__media spectra-image-gallery__media--grid\">\n\t\t\t\t<picture>\n\t\t\t\t\t<source media=\"(min-width: 1024px)\" srcset=\"https:\/\/www.uartes.edu.ec\/sitio\/wp-content\/uploads\/2024\/06\/05-V-ENCUENTRO-NINOS-RIA-644x429.jpg\">\n\t\t\t\t\t<source media=\"(min-width: 768px)\" srcset=\"https:\/\/www.uartes.edu.ec\/sitio\/wp-content\/uploads\/2024\/06\/05-V-ENCUENTRO-NINOS-RIA-644x429.jpg\">\n\t\t\t\t\t<img decoding=\"async\" class=\"spectra-image-gallery__media-thumbnail spectra-image-gallery__media-thumbnail--grid\" src=\"https:\/\/www.uartes.edu.ec\/sitio\/wp-content\/uploads\/2024\/06\/05-V-ENCUENTRO-NINOS-RIA-300x200.jpg\" alt=\"\" loading=\"lazy\" \/>\n\t\t\t\t<\/picture>\n\t\t\t\t<div class=\"spectra-image-gallery__media-thumbnail-blurrer\"><\/div>\n\t\t\t\t\t\t\t\t\t\t\t<div class=\"spectra-image-gallery__media-thumbnail-caption-wrapper spectra-image-gallery__media-thumbnail-caption-wrapper--overlay\">\n\t\t\t\t\t\t\t\t\t\t\t<div class=\"spectra-image-gallery__media-thumbnail-caption spectra-image-gallery__media-thumbnail-caption--overlay\">\n\t\t\t\t\tSin leyenda\t\t\t\t<\/div>\n\t\t\t\t\t\t\t\t\t\t<\/div>\n\t\t\t\t\t\t\t\t\t<\/div>\n\t\t\t\t\t\t<\/div>\n\t\t\t\t\t\t\t\t\t\t<\/div>\n\t\t\t\t\t\t\t\t\t\t\t\t\t\t\t\t\t\t<\/div>\n\t\t\t\t\t\t\t\t\t\n\n\n<p><\/p>\n\n\n\n<p>Mencion\u00f3 el trabajo que realizan los docentes en el marco de sus proyectos de vinculaci\u00f3n con la sociedad, pedag\u00f3gicos y de investigaci\u00f3n, con la participaci\u00f3n activa del estudiantado. Resalt\u00f3 la labor de la Biblioteca de las Artes, que en sus cinco a\u00f1os de existencia se ha convertido en una plataforma con una agenda para todas las edades. El rector reiter\u00f3 nuestro compromiso con las comunidades y los barrios, en especial con la ni\u00f1ez.<\/p>\n\n\n\n<p>\u201cComo universidad siempre estamos sufriendo los recortes o golpes presupuestarios que muchas veces hay desde la agenda gubernamental a la educaci\u00f3n y la cultura, por esa raz\u00f3n la estrategia m\u00e1s sensata que hemos logrado identificar es la construcci\u00f3n de alianzas para que seamos m\u00e1s las personas, las organizaciones y los colectivos que participemos p\u00fablicamente en los espacios, incluso medi\u00e1ticos, para defender la educaci\u00f3n y la cultura. Decimos que una educaci\u00f3n p\u00fablica y de calidad en artes es un derecho y esta es la materializaci\u00f3n de esa idea tan poderosa\u201d, concluy\u00f3.<\/p>\n\n\n\n<p>Soraya Campos, directora de Servicios Bibliotecarios, y Zully Ord\u00f3\u00f1ez, gestora cultural y encargada de la Sala R\u00eda, tambi\u00e9n dieron la bienvenida a los presentes y se\u00f1alaron las actividades y presentaciones art\u00edsticas de los cuatro d\u00edas del encuentro. Ord\u00f3\u00f1ez destac\u00f3 la asistencia de los alumnos, profesores y padres de familia de las unidades educativas Rep\u00fablica de Francia y Batalla de Tarqui.<\/p>\n\n\n\n<h3 class=\"wp-block-heading\">Pr\u00e1cticas art\u00edsticas en los proyectos de vida<\/h3>\n\n\n\n<p>De la Direcci\u00f3n de Vinculaci\u00f3n con la Sociedad, a cargo de Mar\u00eda Jos\u00e9 Icaza, intervino Patricio S\u00e1nchez, especialista en proyectos. Indic\u00f3 que la Universidad de las Artes viene trabajando con la ni\u00f1ez y adolescencia pr\u00e1cticamente desde sus inicios. Se refiri\u00f3 a la importancia de la cultura como eje de desarrollo del pa\u00eds, siendo una gran referencia en temas de educaci\u00f3n superior la creaci\u00f3n de las cuatro universidades emblem\u00e1ticas, una de ellas la UArtes \u2013las otras: IKIAM, Yachay y UNAE\u2013. Sostuvo que los esfuerzos por validar el derecho al acceso a la cultura y educaci\u00f3n en artes, especialmente de las infancias, no caen en saco roto, \u201cpues estamos mirando a ni\u00f1os, ni\u00f1as y adolescentes haciendo pr\u00e1ctica art\u00edstica y tomando con ello la posibilidad de un proyecto de vida\u201d.<\/p>\n\n\n<div class=\"wp-block-image\">\n<figure class=\"aligncenter size-large\"><img decoding=\"async\" width=\"644\" height=\"429\" src=\"https:\/\/www.uartes.edu.ec\/sitio\/wp-content\/uploads\/2024\/06\/02-V-ENCUENTRO-NINOS-RIA-644x429.jpg\" alt=\"\" class=\"wp-image-55423\" srcset=\"https:\/\/www.uartes.edu.ec\/sitio\/wp-content\/uploads\/2024\/06\/02-V-ENCUENTRO-NINOS-RIA-644x429.jpg 644w, https:\/\/www.uartes.edu.ec\/sitio\/wp-content\/uploads\/2024\/06\/02-V-ENCUENTRO-NINOS-RIA-768x511.jpg 768w, https:\/\/www.uartes.edu.ec\/sitio\/wp-content\/uploads\/2024\/06\/02-V-ENCUENTRO-NINOS-RIA.jpg 2000w, https:\/\/www.uartes.edu.ec\/sitio\/wp-content\/uploads\/2024\/06\/02-V-ENCUENTRO-NINOS-RIA-18x12.jpg 18w, https:\/\/www.uartes.edu.ec\/sitio\/wp-content\/uploads\/2024\/06\/02-V-ENCUENTRO-NINOS-RIA-600x399.jpg 600w, https:\/\/www.uartes.edu.ec\/sitio\/wp-content\/uploads\/2024\/06\/02-V-ENCUENTRO-NINOS-RIA-272x182.jpg 272w\" sizes=\"(max-width: 644px) 100vw, 644px\" \/><\/figure>\n<\/div>\n\n\n<p>En el primer d\u00eda de la V edici\u00f3n del Encuentro de Ni\u00f1os y Ni\u00f1as en las Artes se suscribi\u00f3 un convenio de cooperaci\u00f3n interinstitucional entre la UArtes y la Fundaci\u00f3n Teatro Experimental Guayaquil, que preside Marina Salvarezza. Ya en el cierre del acto inaugural, se present\u00f3 la Orquesta Sinf\u00f3nica Juvenil de la Unidad Educativa Rep\u00fablica de Francia, bajo la direcci\u00f3n del maestro V\u00edctor Salas; su rector, Parsival Castro, fue a manera de pre\u00e1mbulo detallando una a una las composiciones escogidas para la ocasi\u00f3n y destac\u00f3 los esfuerzos conjuntos de la instituci\u00f3n a su cargo por impulsar el arte, la cultura y la m\u00fasica.<\/p>\n\n\n\n<h3 class=\"wp-block-heading\">Orquesta de la Unidad Educativa Rep\u00fablica de Francia<\/h3>\n\n\n\n<p>La juventud puede tocar diversos tipos de partituras, refiri\u00f3 Castro, desestimando estereotipos y afirmaciones de que solo toca reggaet\u00f3n. Cont\u00f3 que cuando presentaron ante el Ministerio de Educaci\u00f3n el proyecto \u2013de incorporar m\u00fasica a su malla curricular y conformar la orquesta\u2013 se lo rompieron en la cara, pero a los pocos d\u00edas esa misma persona los invit\u00f3 a dar un concierto en esa entidad. Les toc\u00f3 ense\u00f1ar m\u00fasica de manera clandestina \u201cy finalmente ya podemos alzar la voz y decir que es una materia oficial\u201d, expres\u00f3, invitando al director de la Orquesta Sinf\u00f3nica Juvenil de su plantel a iniciar el concierto con un fragmento del <em>Aleluya<\/em> de Federico Haendel.<\/p>\n\n\n<div class=\"wp-block-image\">\n<figure class=\"aligncenter size-large\"><img decoding=\"async\" width=\"644\" height=\"429\" src=\"https:\/\/www.uartes.edu.ec\/sitio\/wp-content\/uploads\/2024\/06\/19-V-ENCUENTRO-NINOS-RIA-644x429.jpg\" alt=\"\" class=\"wp-image-55427\" srcset=\"https:\/\/www.uartes.edu.ec\/sitio\/wp-content\/uploads\/2024\/06\/19-V-ENCUENTRO-NINOS-RIA-644x429.jpg 644w, https:\/\/www.uartes.edu.ec\/sitio\/wp-content\/uploads\/2024\/06\/19-V-ENCUENTRO-NINOS-RIA-768x511.jpg 768w, https:\/\/www.uartes.edu.ec\/sitio\/wp-content\/uploads\/2024\/06\/19-V-ENCUENTRO-NINOS-RIA.jpg 2000w, https:\/\/www.uartes.edu.ec\/sitio\/wp-content\/uploads\/2024\/06\/19-V-ENCUENTRO-NINOS-RIA-18x12.jpg 18w, https:\/\/www.uartes.edu.ec\/sitio\/wp-content\/uploads\/2024\/06\/19-V-ENCUENTRO-NINOS-RIA-600x399.jpg 600w, https:\/\/www.uartes.edu.ec\/sitio\/wp-content\/uploads\/2024\/06\/19-V-ENCUENTRO-NINOS-RIA-272x182.jpg 272w\" sizes=\"(max-width: 644px) 100vw, 644px\" \/><\/figure>\n<\/div>\n\n\n<p>A esa interpretaci\u00f3n le sigui\u00f3 un fragmento de <em>El gato mont\u00e9s<\/em>&nbsp;y luego Castro hizo reflexion\u00f3 sobre la paz y que la m\u00fasica estimula el crecimiento de las neuronas. Es una suerte de terapia pedagog\u00eda social anot\u00f3 antes de anunciar un popurr\u00ed de famosas pel\u00edculas e invitar a tres ni\u00f1os de la Unidad Educativa Batalla de Tarqui a dirigir con Salas la orquesta (imitando cada una de sus directrices a los m\u00fasicos). Al llamado respondieron Milagros, Dom\u00e9nica Sof\u00eda y Aar\u00f3n Alejandro, estudiantes de octavo de b\u00e1sica.<\/p>\n\n\n\n<p>La m\u00fasica latinoamericana no tiene color ni ideolog\u00eda. El arte abre camino para la uni\u00f3n y la paz entre los pueblos, expres\u00f3 Castro y anunci\u00f3 un compendio de obras de D\u00e1maso P\u00e9rez Prado, presentando, adem\u00e1s, a los integrantes de la orquesta. \u201cTienen entre 10 y 17 a\u00f1os\u201d, coment\u00f3 a InfoUArtes V\u00edctor Salas, su director, quien lleva un lustro dirigi\u00e9ndola. En su natal Venezuela, a\u00f1adi\u00f3, trabaj\u00f3 durante casi dos d\u00e9cadas en el Sistema Nacional de Orquestas y Coros Juveniles e Infantiles.<\/p>\n\n\n\t\t\t\t\t<div\n\t\t\t\t\t\tclass=\"wp-block-uagb-image-gallery uagb-block-083a447e     \"\n\t\t\t\t\t\tstyle=\"\"\n\t\t\t\t\t>\n\t\t\t\t\t\t\t\t\t\t\t<div class=\"spectra-image-gallery spectra-image-gallery__layout--grid spectra-image-gallery__layout--grid-col-3 spectra-image-gallery__layout--grid-col-tab-3 spectra-image-gallery__layout--grid-col-mob-2\">\n\t\t\t\t\t\t\t\t\t\t\t<div class='spectra-image-gallery__media-wrapper' data-spectra-gallery-image-id='55428' tabindex=\"0\">\n\t\t\t\t\t\t\t<div class=\"spectra-image-gallery__media spectra-image-gallery__media--grid\">\n\t\t\t\t<picture>\n\t\t\t\t\t<source media=\"(min-width: 1024px)\" srcset=\"https:\/\/www.uartes.edu.ec\/sitio\/wp-content\/uploads\/2024\/06\/15-V-ENCUENTRO-NINOS-RIA-644x429.jpg\">\n\t\t\t\t\t<source media=\"(min-width: 768px)\" srcset=\"https:\/\/www.uartes.edu.ec\/sitio\/wp-content\/uploads\/2024\/06\/15-V-ENCUENTRO-NINOS-RIA-644x429.jpg\">\n\t\t\t\t\t<img decoding=\"async\" class=\"spectra-image-gallery__media-thumbnail spectra-image-gallery__media-thumbnail--grid\" src=\"https:\/\/www.uartes.edu.ec\/sitio\/wp-content\/uploads\/2024\/06\/15-V-ENCUENTRO-NINOS-RIA-300x200.jpg\" alt=\"\" loading=\"lazy\" \/>\n\t\t\t\t<\/picture>\n\t\t\t\t<div class=\"spectra-image-gallery__media-thumbnail-blurrer\"><\/div>\n\t\t\t\t\t\t\t\t\t\t\t<div class=\"spectra-image-gallery__media-thumbnail-caption-wrapper spectra-image-gallery__media-thumbnail-caption-wrapper--overlay\">\n\t\t\t\t\t\t\t\t\t\t\t<div class=\"spectra-image-gallery__media-thumbnail-caption spectra-image-gallery__media-thumbnail-caption--overlay\">\n\t\t\t\t\tSin leyenda\t\t\t\t<\/div>\n\t\t\t\t\t\t\t\t\t\t<\/div>\n\t\t\t\t\t\t\t\t\t<\/div>\n\t\t\t\t\t\t<\/div>\n\t\t\t\t\t\t<div class='spectra-image-gallery__media-wrapper' data-spectra-gallery-image-id='55429' tabindex=\"0\">\n\t\t\t\t\t\t\t<div class=\"spectra-image-gallery__media spectra-image-gallery__media--grid\">\n\t\t\t\t<picture>\n\t\t\t\t\t<source media=\"(min-width: 1024px)\" srcset=\"https:\/\/www.uartes.edu.ec\/sitio\/wp-content\/uploads\/2024\/06\/14-V-ENCUENTRO-NINOS-RIA-644x429.jpg\">\n\t\t\t\t\t<source media=\"(min-width: 768px)\" srcset=\"https:\/\/www.uartes.edu.ec\/sitio\/wp-content\/uploads\/2024\/06\/14-V-ENCUENTRO-NINOS-RIA-644x429.jpg\">\n\t\t\t\t\t<img decoding=\"async\" class=\"spectra-image-gallery__media-thumbnail spectra-image-gallery__media-thumbnail--grid\" src=\"https:\/\/www.uartes.edu.ec\/sitio\/wp-content\/uploads\/2024\/06\/14-V-ENCUENTRO-NINOS-RIA-300x200.jpg\" alt=\"\" loading=\"lazy\" \/>\n\t\t\t\t<\/picture>\n\t\t\t\t<div class=\"spectra-image-gallery__media-thumbnail-blurrer\"><\/div>\n\t\t\t\t\t\t\t\t\t\t\t<div class=\"spectra-image-gallery__media-thumbnail-caption-wrapper spectra-image-gallery__media-thumbnail-caption-wrapper--overlay\">\n\t\t\t\t\t\t\t\t\t\t\t<div class=\"spectra-image-gallery__media-thumbnail-caption spectra-image-gallery__media-thumbnail-caption--overlay\">\n\t\t\t\t\tSin leyenda\t\t\t\t<\/div>\n\t\t\t\t\t\t\t\t\t\t<\/div>\n\t\t\t\t\t\t\t\t\t<\/div>\n\t\t\t\t\t\t<\/div>\n\t\t\t\t\t\t<div class='spectra-image-gallery__media-wrapper' data-spectra-gallery-image-id='55430' tabindex=\"0\">\n\t\t\t\t\t\t\t<div class=\"spectra-image-gallery__media spectra-image-gallery__media--grid\">\n\t\t\t\t<picture>\n\t\t\t\t\t<source media=\"(min-width: 1024px)\" srcset=\"https:\/\/www.uartes.edu.ec\/sitio\/wp-content\/uploads\/2024\/06\/13-V-ENCUENTRO-NINOS-RIA-644x429.jpg\">\n\t\t\t\t\t<source media=\"(min-width: 768px)\" srcset=\"https:\/\/www.uartes.edu.ec\/sitio\/wp-content\/uploads\/2024\/06\/13-V-ENCUENTRO-NINOS-RIA-644x429.jpg\">\n\t\t\t\t\t<img decoding=\"async\" class=\"spectra-image-gallery__media-thumbnail spectra-image-gallery__media-thumbnail--grid\" src=\"https:\/\/www.uartes.edu.ec\/sitio\/wp-content\/uploads\/2024\/06\/13-V-ENCUENTRO-NINOS-RIA-300x200.jpg\" alt=\"\" loading=\"lazy\" \/>\n\t\t\t\t<\/picture>\n\t\t\t\t<div class=\"spectra-image-gallery__media-thumbnail-blurrer\"><\/div>\n\t\t\t\t\t\t\t\t\t\t\t<div class=\"spectra-image-gallery__media-thumbnail-caption-wrapper spectra-image-gallery__media-thumbnail-caption-wrapper--overlay\">\n\t\t\t\t\t\t\t\t\t\t\t<div class=\"spectra-image-gallery__media-thumbnail-caption spectra-image-gallery__media-thumbnail-caption--overlay\">\n\t\t\t\t\tSin leyenda\t\t\t\t<\/div>\n\t\t\t\t\t\t\t\t\t\t<\/div>\n\t\t\t\t\t\t\t\t\t<\/div>\n\t\t\t\t\t\t<\/div>\n\t\t\t\t\t\t\t\t\t\t<\/div>\n\t\t\t\t\t\t\t\t\t\t\t\t\t\t\t\t\t\t<\/div>\n\t\t\t\t\t\t\t\t\t","protected":false},"excerpt":{"rendered":"<p>Los estudiantes de noveno de b\u00e1sica de la Unidad Educativa Batalla de Tarqui fueron los primeros en arribar con sus maestros a la Sala R\u00eda de la Biblioteca de las Artes para participar la ma\u00f1ana de hoy, 5 de junio, en la primera de cuatro jornadas del V Encuentro de Ni\u00f1os y Ni\u00f1as en las Artes, que concluir\u00e1 el s\u00e1bado 8. Fue la apertura de una cita en cuya programaron hay charlas, conversatorios, talleres y conciertos.<\/p>\n","protected":false},"author":10,"featured_media":55421,"comment_status":"open","ping_status":"open","sticky":false,"template":"","format":"standard","meta":{"_acf_changed":false,"_uag_custom_page_level_css":"","_monsterinsights_skip_tracking":false,"_monsterinsights_sitenote_active":false,"_monsterinsights_sitenote_note":"","_monsterinsights_sitenote_category":0,"cybocfi_hide_featured_image":"","footnotes":""},"categories":[80,82,159,150,157,147,75,76,175,79],"tags":[780],"infouartes":[],"class_list":["post-55410","post","type-post","status-publish","format-standard","has-post-thumbnail","hentry","category-academico","category-artes","category-artes-escenicas","category-artes-sonoras","category-artes-visuales","category-cine","category-docentes","category-estudiantes","category-literatura","category-vinculo","tag-biblioteca-de-las-artes"],"acf":[],"yoast_head":"<!-- This site is optimized with the Yoast SEO plugin v27.4 - https:\/\/yoast.com\/product\/yoast-seo-wordpress\/ -->\n<title>Universidad de las Artes - Trabajo de la UArtes con ni\u00f1os, ni\u00f1as y j\u00f3venes es uno de los ejes fundamentales en nuestra vinculaci\u00f3n con la sociedad<\/title>\n<meta name=\"description\" content=\"Universidad de las Artes - Trabajo de la UArtes con ni\u00f1os, ni\u00f1as y j\u00f3venes es uno de los ejes fundamentales en nuestra vinculaci\u00f3n con la sociedad\" \/>\n<meta name=\"robots\" content=\"index, follow, max-snippet:-1, max-image-preview:large, max-video-preview:-1\" \/>\n<link rel=\"canonical\" href=\"https:\/\/www.uartes.edu.ec\/sitio\/blog\/2024\/06\/05\/trabajo-de-la-uartes-con-ninos-ninas-y-jovenes-es-uno-de-los-ejes-fundamentales-en-nuestra-vinculacion-con-la-sociedad\/\" \/>\n<meta property=\"og:locale\" content=\"es_ES\" \/>\n<meta property=\"og:type\" content=\"article\" \/>\n<meta property=\"og:title\" content=\"Universidad de las Artes - Trabajo de la UArtes con ni\u00f1os, ni\u00f1as y j\u00f3venes es uno de los ejes fundamentales en nuestra vinculaci\u00f3n con la sociedad\" \/>\n<meta property=\"og:description\" content=\"Universidad de las Artes - Trabajo de la UArtes con ni\u00f1os, ni\u00f1as y j\u00f3venes es uno de los ejes fundamentales en nuestra vinculaci\u00f3n con la sociedad\" \/>\n<meta property=\"og:url\" content=\"https:\/\/www.uartes.edu.ec\/sitio\/blog\/2024\/06\/05\/trabajo-de-la-uartes-con-ninos-ninas-y-jovenes-es-uno-de-los-ejes-fundamentales-en-nuestra-vinculacion-con-la-sociedad\/\" \/>\n<meta property=\"og:site_name\" content=\"Universidad de las Artes\" \/>\n<meta property=\"article:publisher\" content=\"https:\/\/www.facebook.com\/uartesec\" \/>\n<meta property=\"article:published_time\" content=\"2024-06-06T00:12:00+00:00\" \/>\n<meta property=\"article:modified_time\" content=\"2024-07-04T16:18:51+00:00\" \/>\n<meta property=\"og:image\" content=\"https:\/\/www.uartes.edu.ec\/sitio\/wp-content\/uploads\/2024\/06\/11-V-ENCUENTRO-NINOS-RIA.jpg\" \/>\n\t<meta property=\"og:image:width\" content=\"2000\" \/>\n\t<meta property=\"og:image:height\" content=\"1333\" \/>\n\t<meta property=\"og:image:type\" content=\"image\/jpeg\" \/>\n<meta name=\"author\" content=\"ccortez\" \/>\n<meta name=\"twitter:card\" content=\"summary_large_image\" \/>\n<meta name=\"twitter:creator\" content=\"@uartesec\" \/>\n<meta name=\"twitter:site\" content=\"@uartesec\" \/>\n<meta name=\"twitter:label1\" content=\"Escrito por\" \/>\n\t<meta name=\"twitter:data1\" content=\"ccortez\" \/>\n\t<meta name=\"twitter:label2\" content=\"Tiempo de lectura\" \/>\n\t<meta name=\"twitter:data2\" content=\"7 minutos\" \/>\n<script type=\"application\/ld+json\" class=\"yoast-schema-graph\">{\"@context\":\"https:\\\/\\\/schema.org\",\"@graph\":[{\"@type\":\"Article\",\"@id\":\"https:\\\/\\\/www.uartes.edu.ec\\\/sitio\\\/blog\\\/2024\\\/06\\\/05\\\/trabajo-de-la-uartes-con-ninos-ninas-y-jovenes-es-uno-de-los-ejes-fundamentales-en-nuestra-vinculacion-con-la-sociedad\\\/#article\",\"isPartOf\":{\"@id\":\"https:\\\/\\\/www.uartes.edu.ec\\\/sitio\\\/blog\\\/2024\\\/06\\\/05\\\/trabajo-de-la-uartes-con-ninos-ninas-y-jovenes-es-uno-de-los-ejes-fundamentales-en-nuestra-vinculacion-con-la-sociedad\\\/\"},\"author\":{\"name\":\"ccortez\",\"@id\":\"https:\\\/\\\/www.uartes.edu.ec\\\/sitio\\\/#\\\/schema\\\/person\\\/efa1b8275797664fd7f13a79ccc0b1f4\"},\"headline\":\"Trabajo de la UArtes con ni\u00f1os, ni\u00f1as y j\u00f3venes es uno de los ejes fundamentales en nuestra vinculaci\u00f3n con la sociedad\",\"datePublished\":\"2024-06-06T00:12:00+00:00\",\"dateModified\":\"2024-07-04T16:18:51+00:00\",\"mainEntityOfPage\":{\"@id\":\"https:\\\/\\\/www.uartes.edu.ec\\\/sitio\\\/blog\\\/2024\\\/06\\\/05\\\/trabajo-de-la-uartes-con-ninos-ninas-y-jovenes-es-uno-de-los-ejes-fundamentales-en-nuestra-vinculacion-con-la-sociedad\\\/\"},\"wordCount\":1316,\"commentCount\":0,\"publisher\":{\"@id\":\"https:\\\/\\\/www.uartes.edu.ec\\\/sitio\\\/#organization\"},\"image\":{\"@id\":\"https:\\\/\\\/www.uartes.edu.ec\\\/sitio\\\/blog\\\/2024\\\/06\\\/05\\\/trabajo-de-la-uartes-con-ninos-ninas-y-jovenes-es-uno-de-los-ejes-fundamentales-en-nuestra-vinculacion-con-la-sociedad\\\/#primaryimage\"},\"thumbnailUrl\":\"https:\\\/\\\/www.uartes.edu.ec\\\/sitio\\\/wp-content\\\/uploads\\\/2024\\\/06\\\/11-V-ENCUENTRO-NINOS-RIA.jpg\",\"keywords\":[\"biblioteca de las artes\"],\"articleSection\":[\"Acad\u00e9mico\",\"Artes\",\"Artes Esc\u00e9nicas\",\"Artes Sonoras\",\"Artes Visuales\",\"Cine\",\"Docentes\",\"Estudiantes\",\"Literatura\",\"V\u00ednculo\"],\"inLanguage\":\"es\",\"potentialAction\":[{\"@type\":\"CommentAction\",\"name\":\"Comment\",\"target\":[\"https:\\\/\\\/www.uartes.edu.ec\\\/sitio\\\/blog\\\/2024\\\/06\\\/05\\\/trabajo-de-la-uartes-con-ninos-ninas-y-jovenes-es-uno-de-los-ejes-fundamentales-en-nuestra-vinculacion-con-la-sociedad\\\/#respond\"]}]},{\"@type\":[\"WebPage\",\"ItemPage\"],\"@id\":\"https:\\\/\\\/www.uartes.edu.ec\\\/sitio\\\/blog\\\/2024\\\/06\\\/05\\\/trabajo-de-la-uartes-con-ninos-ninas-y-jovenes-es-uno-de-los-ejes-fundamentales-en-nuestra-vinculacion-con-la-sociedad\\\/\",\"url\":\"https:\\\/\\\/www.uartes.edu.ec\\\/sitio\\\/blog\\\/2024\\\/06\\\/05\\\/trabajo-de-la-uartes-con-ninos-ninas-y-jovenes-es-uno-de-los-ejes-fundamentales-en-nuestra-vinculacion-con-la-sociedad\\\/\",\"name\":\"Universidad de las Artes - Trabajo de la UArtes con ni\u00f1os, ni\u00f1as y j\u00f3venes es uno de los ejes fundamentales en nuestra vinculaci\u00f3n con la sociedad\",\"isPartOf\":{\"@id\":\"https:\\\/\\\/www.uartes.edu.ec\\\/sitio\\\/#website\"},\"primaryImageOfPage\":{\"@id\":\"https:\\\/\\\/www.uartes.edu.ec\\\/sitio\\\/blog\\\/2024\\\/06\\\/05\\\/trabajo-de-la-uartes-con-ninos-ninas-y-jovenes-es-uno-de-los-ejes-fundamentales-en-nuestra-vinculacion-con-la-sociedad\\\/#primaryimage\"},\"image\":{\"@id\":\"https:\\\/\\\/www.uartes.edu.ec\\\/sitio\\\/blog\\\/2024\\\/06\\\/05\\\/trabajo-de-la-uartes-con-ninos-ninas-y-jovenes-es-uno-de-los-ejes-fundamentales-en-nuestra-vinculacion-con-la-sociedad\\\/#primaryimage\"},\"thumbnailUrl\":\"https:\\\/\\\/www.uartes.edu.ec\\\/sitio\\\/wp-content\\\/uploads\\\/2024\\\/06\\\/11-V-ENCUENTRO-NINOS-RIA.jpg\",\"datePublished\":\"2024-06-06T00:12:00+00:00\",\"dateModified\":\"2024-07-04T16:18:51+00:00\",\"description\":\"Universidad de las Artes - Trabajo de la UArtes con ni\u00f1os, ni\u00f1as y j\u00f3venes es uno de los ejes fundamentales en nuestra vinculaci\u00f3n con la sociedad\",\"breadcrumb\":{\"@id\":\"https:\\\/\\\/www.uartes.edu.ec\\\/sitio\\\/blog\\\/2024\\\/06\\\/05\\\/trabajo-de-la-uartes-con-ninos-ninas-y-jovenes-es-uno-de-los-ejes-fundamentales-en-nuestra-vinculacion-con-la-sociedad\\\/#breadcrumb\"},\"inLanguage\":\"es\",\"potentialAction\":[{\"@type\":\"ReadAction\",\"target\":[\"https:\\\/\\\/www.uartes.edu.ec\\\/sitio\\\/blog\\\/2024\\\/06\\\/05\\\/trabajo-de-la-uartes-con-ninos-ninas-y-jovenes-es-uno-de-los-ejes-fundamentales-en-nuestra-vinculacion-con-la-sociedad\\\/\"]}]},{\"@type\":\"ImageObject\",\"inLanguage\":\"es\",\"@id\":\"https:\\\/\\\/www.uartes.edu.ec\\\/sitio\\\/blog\\\/2024\\\/06\\\/05\\\/trabajo-de-la-uartes-con-ninos-ninas-y-jovenes-es-uno-de-los-ejes-fundamentales-en-nuestra-vinculacion-con-la-sociedad\\\/#primaryimage\",\"url\":\"https:\\\/\\\/www.uartes.edu.ec\\\/sitio\\\/wp-content\\\/uploads\\\/2024\\\/06\\\/11-V-ENCUENTRO-NINOS-RIA.jpg\",\"contentUrl\":\"https:\\\/\\\/www.uartes.edu.ec\\\/sitio\\\/wp-content\\\/uploads\\\/2024\\\/06\\\/11-V-ENCUENTRO-NINOS-RIA.jpg\",\"width\":2000,\"height\":1333},{\"@type\":\"BreadcrumbList\",\"@id\":\"https:\\\/\\\/www.uartes.edu.ec\\\/sitio\\\/blog\\\/2024\\\/06\\\/05\\\/trabajo-de-la-uartes-con-ninos-ninas-y-jovenes-es-uno-de-los-ejes-fundamentales-en-nuestra-vinculacion-con-la-sociedad\\\/#breadcrumb\",\"itemListElement\":[{\"@type\":\"ListItem\",\"position\":1,\"name\":\"Inicio\",\"item\":\"https:\\\/\\\/www.uartes.edu.ec\\\/sitio\\\/\"},{\"@type\":\"ListItem\",\"position\":2,\"name\":\"Trabajo de la UArtes con ni\u00f1os, ni\u00f1as y j\u00f3venes es uno de los ejes fundamentales en nuestra vinculaci\u00f3n con la sociedad\"}]},{\"@type\":\"WebSite\",\"@id\":\"https:\\\/\\\/www.uartes.edu.ec\\\/sitio\\\/#website\",\"url\":\"https:\\\/\\\/www.uartes.edu.ec\\\/sitio\\\/\",\"name\":\"Universidad de las Artes\",\"description\":\"Sitio oficial de la Universidad Nacional de las Artes del Ecuador\",\"publisher\":{\"@id\":\"https:\\\/\\\/www.uartes.edu.ec\\\/sitio\\\/#organization\"},\"potentialAction\":[{\"@type\":\"SearchAction\",\"target\":{\"@type\":\"EntryPoint\",\"urlTemplate\":\"https:\\\/\\\/www.uartes.edu.ec\\\/sitio\\\/?s={search_term_string}\"},\"query-input\":{\"@type\":\"PropertyValueSpecification\",\"valueRequired\":true,\"valueName\":\"search_term_string\"}}],\"inLanguage\":\"es\"},{\"@type\":\"Organization\",\"@id\":\"https:\\\/\\\/www.uartes.edu.ec\\\/sitio\\\/#organization\",\"name\":\"Universidad de las Artes\",\"url\":\"https:\\\/\\\/www.uartes.edu.ec\\\/sitio\\\/\",\"logo\":{\"@type\":\"ImageObject\",\"inLanguage\":\"es\",\"@id\":\"https:\\\/\\\/www.uartes.edu.ec\\\/sitio\\\/#\\\/schema\\\/logo\\\/image\\\/\",\"url\":\"https:\\\/\\\/www.uartes.edu.ec\\\/sitio\\\/wp-content\\\/uploads\\\/2022\\\/07\\\/logo-ua-horizontal.png\",\"contentUrl\":\"https:\\\/\\\/www.uartes.edu.ec\\\/sitio\\\/wp-content\\\/uploads\\\/2022\\\/07\\\/logo-ua-horizontal.png\",\"width\":800,\"height\":276,\"caption\":\"Universidad de las Artes\"},\"image\":{\"@id\":\"https:\\\/\\\/www.uartes.edu.ec\\\/sitio\\\/#\\\/schema\\\/logo\\\/image\\\/\"},\"sameAs\":[\"https:\\\/\\\/www.facebook.com\\\/uartesec\",\"https:\\\/\\\/x.com\\\/uartesec\",\"https:\\\/\\\/www.tiktok.com\\\/@uartesec\"]},{\"@type\":\"Person\",\"@id\":\"https:\\\/\\\/www.uartes.edu.ec\\\/sitio\\\/#\\\/schema\\\/person\\\/efa1b8275797664fd7f13a79ccc0b1f4\",\"name\":\"ccortez\",\"image\":{\"@type\":\"ImageObject\",\"inLanguage\":\"es\",\"@id\":\"https:\\\/\\\/secure.gravatar.com\\\/avatar\\\/b2a6f664a3ae8e074346ef91775736c5ec479e637ecced6842de9dc98b5da9cd?s=96&d=mm&r=g\",\"url\":\"https:\\\/\\\/secure.gravatar.com\\\/avatar\\\/b2a6f664a3ae8e074346ef91775736c5ec479e637ecced6842de9dc98b5da9cd?s=96&d=mm&r=g\",\"contentUrl\":\"https:\\\/\\\/secure.gravatar.com\\\/avatar\\\/b2a6f664a3ae8e074346ef91775736c5ec479e637ecced6842de9dc98b5da9cd?s=96&d=mm&r=g\",\"caption\":\"ccortez\"},\"url\":\"https:\\\/\\\/www.uartes.edu.ec\\\/sitio\\\/blog\\\/author\\\/ccortez\\\/\"}]}<\/script>\n<!-- \/ Yoast SEO plugin. -->","yoast_head_json":{"title":"Universidad de las Artes - Trabajo de la UArtes con ni\u00f1os, ni\u00f1as y j\u00f3venes es uno de los ejes fundamentales en nuestra vinculaci\u00f3n con la sociedad","description":"Universidad de las Artes - Trabajo de la UArtes con ni\u00f1os, ni\u00f1as y j\u00f3venes es uno de los ejes fundamentales en nuestra vinculaci\u00f3n con la sociedad","robots":{"index":"index","follow":"follow","max-snippet":"max-snippet:-1","max-image-preview":"max-image-preview:large","max-video-preview":"max-video-preview:-1"},"canonical":"https:\/\/www.uartes.edu.ec\/sitio\/blog\/2024\/06\/05\/trabajo-de-la-uartes-con-ninos-ninas-y-jovenes-es-uno-de-los-ejes-fundamentales-en-nuestra-vinculacion-con-la-sociedad\/","og_locale":"es_ES","og_type":"article","og_title":"Universidad de las Artes - Trabajo de la UArtes con ni\u00f1os, ni\u00f1as y j\u00f3venes es uno de los ejes fundamentales en nuestra vinculaci\u00f3n con la sociedad","og_description":"Universidad de las Artes - Trabajo de la UArtes con ni\u00f1os, ni\u00f1as y j\u00f3venes es uno de los ejes fundamentales en nuestra vinculaci\u00f3n con la sociedad","og_url":"https:\/\/www.uartes.edu.ec\/sitio\/blog\/2024\/06\/05\/trabajo-de-la-uartes-con-ninos-ninas-y-jovenes-es-uno-de-los-ejes-fundamentales-en-nuestra-vinculacion-con-la-sociedad\/","og_site_name":"Universidad de las Artes","article_publisher":"https:\/\/www.facebook.com\/uartesec","article_published_time":"2024-06-06T00:12:00+00:00","article_modified_time":"2024-07-04T16:18:51+00:00","og_image":[{"width":2000,"height":1333,"url":"https:\/\/www.uartes.edu.ec\/sitio\/wp-content\/uploads\/2024\/06\/11-V-ENCUENTRO-NINOS-RIA.jpg","type":"image\/jpeg"}],"author":"ccortez","twitter_card":"summary_large_image","twitter_creator":"@uartesec","twitter_site":"@uartesec","twitter_misc":{"Escrito por":"ccortez","Tiempo de lectura":"7 minutos"},"schema":{"@context":"https:\/\/schema.org","@graph":[{"@type":"Article","@id":"https:\/\/www.uartes.edu.ec\/sitio\/blog\/2024\/06\/05\/trabajo-de-la-uartes-con-ninos-ninas-y-jovenes-es-uno-de-los-ejes-fundamentales-en-nuestra-vinculacion-con-la-sociedad\/#article","isPartOf":{"@id":"https:\/\/www.uartes.edu.ec\/sitio\/blog\/2024\/06\/05\/trabajo-de-la-uartes-con-ninos-ninas-y-jovenes-es-uno-de-los-ejes-fundamentales-en-nuestra-vinculacion-con-la-sociedad\/"},"author":{"name":"ccortez","@id":"https:\/\/www.uartes.edu.ec\/sitio\/#\/schema\/person\/efa1b8275797664fd7f13a79ccc0b1f4"},"headline":"Trabajo de la UArtes con ni\u00f1os, ni\u00f1as y j\u00f3venes es uno de los ejes fundamentales en nuestra vinculaci\u00f3n con la sociedad","datePublished":"2024-06-06T00:12:00+00:00","dateModified":"2024-07-04T16:18:51+00:00","mainEntityOfPage":{"@id":"https:\/\/www.uartes.edu.ec\/sitio\/blog\/2024\/06\/05\/trabajo-de-la-uartes-con-ninos-ninas-y-jovenes-es-uno-de-los-ejes-fundamentales-en-nuestra-vinculacion-con-la-sociedad\/"},"wordCount":1316,"commentCount":0,"publisher":{"@id":"https:\/\/www.uartes.edu.ec\/sitio\/#organization"},"image":{"@id":"https:\/\/www.uartes.edu.ec\/sitio\/blog\/2024\/06\/05\/trabajo-de-la-uartes-con-ninos-ninas-y-jovenes-es-uno-de-los-ejes-fundamentales-en-nuestra-vinculacion-con-la-sociedad\/#primaryimage"},"thumbnailUrl":"https:\/\/www.uartes.edu.ec\/sitio\/wp-content\/uploads\/2024\/06\/11-V-ENCUENTRO-NINOS-RIA.jpg","keywords":["biblioteca de las artes"],"articleSection":["Acad\u00e9mico","Artes","Artes Esc\u00e9nicas","Artes Sonoras","Artes Visuales","Cine","Docentes","Estudiantes","Literatura","V\u00ednculo"],"inLanguage":"es","potentialAction":[{"@type":"CommentAction","name":"Comment","target":["https:\/\/www.uartes.edu.ec\/sitio\/blog\/2024\/06\/05\/trabajo-de-la-uartes-con-ninos-ninas-y-jovenes-es-uno-de-los-ejes-fundamentales-en-nuestra-vinculacion-con-la-sociedad\/#respond"]}]},{"@type":["WebPage","ItemPage"],"@id":"https:\/\/www.uartes.edu.ec\/sitio\/blog\/2024\/06\/05\/trabajo-de-la-uartes-con-ninos-ninas-y-jovenes-es-uno-de-los-ejes-fundamentales-en-nuestra-vinculacion-con-la-sociedad\/","url":"https:\/\/www.uartes.edu.ec\/sitio\/blog\/2024\/06\/05\/trabajo-de-la-uartes-con-ninos-ninas-y-jovenes-es-uno-de-los-ejes-fundamentales-en-nuestra-vinculacion-con-la-sociedad\/","name":"Universidad de las Artes - Trabajo de la UArtes con ni\u00f1os, ni\u00f1as y j\u00f3venes es uno de los ejes fundamentales en nuestra vinculaci\u00f3n con la sociedad","isPartOf":{"@id":"https:\/\/www.uartes.edu.ec\/sitio\/#website"},"primaryImageOfPage":{"@id":"https:\/\/www.uartes.edu.ec\/sitio\/blog\/2024\/06\/05\/trabajo-de-la-uartes-con-ninos-ninas-y-jovenes-es-uno-de-los-ejes-fundamentales-en-nuestra-vinculacion-con-la-sociedad\/#primaryimage"},"image":{"@id":"https:\/\/www.uartes.edu.ec\/sitio\/blog\/2024\/06\/05\/trabajo-de-la-uartes-con-ninos-ninas-y-jovenes-es-uno-de-los-ejes-fundamentales-en-nuestra-vinculacion-con-la-sociedad\/#primaryimage"},"thumbnailUrl":"https:\/\/www.uartes.edu.ec\/sitio\/wp-content\/uploads\/2024\/06\/11-V-ENCUENTRO-NINOS-RIA.jpg","datePublished":"2024-06-06T00:12:00+00:00","dateModified":"2024-07-04T16:18:51+00:00","description":"Universidad de las Artes - Trabajo de la UArtes con ni\u00f1os, ni\u00f1as y j\u00f3venes es uno de los ejes fundamentales en nuestra vinculaci\u00f3n con la sociedad","breadcrumb":{"@id":"https:\/\/www.uartes.edu.ec\/sitio\/blog\/2024\/06\/05\/trabajo-de-la-uartes-con-ninos-ninas-y-jovenes-es-uno-de-los-ejes-fundamentales-en-nuestra-vinculacion-con-la-sociedad\/#breadcrumb"},"inLanguage":"es","potentialAction":[{"@type":"ReadAction","target":["https:\/\/www.uartes.edu.ec\/sitio\/blog\/2024\/06\/05\/trabajo-de-la-uartes-con-ninos-ninas-y-jovenes-es-uno-de-los-ejes-fundamentales-en-nuestra-vinculacion-con-la-sociedad\/"]}]},{"@type":"ImageObject","inLanguage":"es","@id":"https:\/\/www.uartes.edu.ec\/sitio\/blog\/2024\/06\/05\/trabajo-de-la-uartes-con-ninos-ninas-y-jovenes-es-uno-de-los-ejes-fundamentales-en-nuestra-vinculacion-con-la-sociedad\/#primaryimage","url":"https:\/\/www.uartes.edu.ec\/sitio\/wp-content\/uploads\/2024\/06\/11-V-ENCUENTRO-NINOS-RIA.jpg","contentUrl":"https:\/\/www.uartes.edu.ec\/sitio\/wp-content\/uploads\/2024\/06\/11-V-ENCUENTRO-NINOS-RIA.jpg","width":2000,"height":1333},{"@type":"BreadcrumbList","@id":"https:\/\/www.uartes.edu.ec\/sitio\/blog\/2024\/06\/05\/trabajo-de-la-uartes-con-ninos-ninas-y-jovenes-es-uno-de-los-ejes-fundamentales-en-nuestra-vinculacion-con-la-sociedad\/#breadcrumb","itemListElement":[{"@type":"ListItem","position":1,"name":"Inicio","item":"https:\/\/www.uartes.edu.ec\/sitio\/"},{"@type":"ListItem","position":2,"name":"Trabajo de la UArtes con ni\u00f1os, ni\u00f1as y j\u00f3venes es uno de los ejes fundamentales en nuestra vinculaci\u00f3n con la sociedad"}]},{"@type":"WebSite","@id":"https:\/\/www.uartes.edu.ec\/sitio\/#website","url":"https:\/\/www.uartes.edu.ec\/sitio\/","name":"Universidad de las Artes","description":"Sitio oficial de la Universidad Nacional de las Artes del Ecuador","publisher":{"@id":"https:\/\/www.uartes.edu.ec\/sitio\/#organization"},"potentialAction":[{"@type":"SearchAction","target":{"@type":"EntryPoint","urlTemplate":"https:\/\/www.uartes.edu.ec\/sitio\/?s={search_term_string}"},"query-input":{"@type":"PropertyValueSpecification","valueRequired":true,"valueName":"search_term_string"}}],"inLanguage":"es"},{"@type":"Organization","@id":"https:\/\/www.uartes.edu.ec\/sitio\/#organization","name":"Universidad de las Artes","url":"https:\/\/www.uartes.edu.ec\/sitio\/","logo":{"@type":"ImageObject","inLanguage":"es","@id":"https:\/\/www.uartes.edu.ec\/sitio\/#\/schema\/logo\/image\/","url":"https:\/\/www.uartes.edu.ec\/sitio\/wp-content\/uploads\/2022\/07\/logo-ua-horizontal.png","contentUrl":"https:\/\/www.uartes.edu.ec\/sitio\/wp-content\/uploads\/2022\/07\/logo-ua-horizontal.png","width":800,"height":276,"caption":"Universidad de las Artes"},"image":{"@id":"https:\/\/www.uartes.edu.ec\/sitio\/#\/schema\/logo\/image\/"},"sameAs":["https:\/\/www.facebook.com\/uartesec","https:\/\/x.com\/uartesec","https:\/\/www.tiktok.com\/@uartesec"]},{"@type":"Person","@id":"https:\/\/www.uartes.edu.ec\/sitio\/#\/schema\/person\/efa1b8275797664fd7f13a79ccc0b1f4","name":"ccortez","image":{"@type":"ImageObject","inLanguage":"es","@id":"https:\/\/secure.gravatar.com\/avatar\/b2a6f664a3ae8e074346ef91775736c5ec479e637ecced6842de9dc98b5da9cd?s=96&d=mm&r=g","url":"https:\/\/secure.gravatar.com\/avatar\/b2a6f664a3ae8e074346ef91775736c5ec479e637ecced6842de9dc98b5da9cd?s=96&d=mm&r=g","contentUrl":"https:\/\/secure.gravatar.com\/avatar\/b2a6f664a3ae8e074346ef91775736c5ec479e637ecced6842de9dc98b5da9cd?s=96&d=mm&r=g","caption":"ccortez"},"url":"https:\/\/www.uartes.edu.ec\/sitio\/blog\/author\/ccortez\/"}]}},"uagb_featured_image_src":{"full":["https:\/\/www.uartes.edu.ec\/sitio\/wp-content\/uploads\/2024\/06\/11-V-ENCUENTRO-NINOS-RIA.jpg",2000,1333,false],"thumbnail":["https:\/\/www.uartes.edu.ec\/sitio\/wp-content\/uploads\/2024\/06\/11-V-ENCUENTRO-NINOS-RIA-150x150.jpg",150,150,true],"medium":["https:\/\/www.uartes.edu.ec\/sitio\/wp-content\/uploads\/2024\/06\/11-V-ENCUENTRO-NINOS-RIA-300x200.jpg",300,200,true],"medium_large":["https:\/\/www.uartes.edu.ec\/sitio\/wp-content\/uploads\/2024\/06\/11-V-ENCUENTRO-NINOS-RIA-768x512.jpg",768,512,true],"large":["https:\/\/www.uartes.edu.ec\/sitio\/wp-content\/uploads\/2024\/06\/11-V-ENCUENTRO-NINOS-RIA-644x429.jpg",644,429,true],"1536x1536":["https:\/\/www.uartes.edu.ec\/sitio\/wp-content\/uploads\/2024\/06\/11-V-ENCUENTRO-NINOS-RIA-1536x1024.jpg",1536,1024,true],"2048x2048":["https:\/\/www.uartes.edu.ec\/sitio\/wp-content\/uploads\/2024\/06\/11-V-ENCUENTRO-NINOS-RIA.jpg",2000,1333,false],"trp-custom-language-flag":["https:\/\/www.uartes.edu.ec\/sitio\/wp-content\/uploads\/2024\/06\/11-V-ENCUENTRO-NINOS-RIA-18x12.jpg",18,12,true],"htmega_size_585x295":["https:\/\/www.uartes.edu.ec\/sitio\/wp-content\/uploads\/2024\/06\/11-V-ENCUENTRO-NINOS-RIA-585x295.jpg",585,295,true],"htmega_size_1170x536":["https:\/\/www.uartes.edu.ec\/sitio\/wp-content\/uploads\/2024\/06\/11-V-ENCUENTRO-NINOS-RIA-1170x536.jpg",1170,536,true],"htmega_size_396x360":["https:\/\/www.uartes.edu.ec\/sitio\/wp-content\/uploads\/2024\/06\/11-V-ENCUENTRO-NINOS-RIA-396x360.jpg",396,360,true],"gb-block-post-grid-landscape":["https:\/\/www.uartes.edu.ec\/sitio\/wp-content\/uploads\/2024\/06\/11-V-ENCUENTRO-NINOS-RIA-600x400.jpg",600,400,true],"gb-block-post-grid-square":["https:\/\/www.uartes.edu.ec\/sitio\/wp-content\/uploads\/2024\/06\/11-V-ENCUENTRO-NINOS-RIA-600x600.jpg",600,600,true],"university-hub-thumb":["https:\/\/www.uartes.edu.ec\/sitio\/wp-content\/uploads\/2024\/06\/11-V-ENCUENTRO-NINOS-RIA-400x267.jpg",400,267,true]},"uagb_author_info":{"display_name":"ccortez","author_link":"https:\/\/www.uartes.edu.ec\/sitio\/blog\/author\/ccortez\/"},"uagb_comment_info":0,"uagb_excerpt":"Los estudiantes de noveno de b\u00e1sica de la Unidad Educativa Batalla de Tarqui fueron los primeros en arribar con sus maestros a la Sala R\u00eda de la Biblioteca de las Artes para participar la ma\u00f1ana de hoy, 5 de junio, en la primera de cuatro jornadas del V Encuentro de Ni\u00f1os y Ni\u00f1as en las&hellip;","featured_image_src":"https:\/\/www.uartes.edu.ec\/sitio\/wp-content\/uploads\/2024\/06\/11-V-ENCUENTRO-NINOS-RIA-600x400.jpg","featured_image_src_square":"https:\/\/www.uartes.edu.ec\/sitio\/wp-content\/uploads\/2024\/06\/11-V-ENCUENTRO-NINOS-RIA-600x600.jpg","author_info":{"display_name":"ccortez","author_link":"https:\/\/www.uartes.edu.ec\/sitio\/blog\/author\/ccortez\/"},"publishpress_future_workflow_manual_trigger":{"enabledWorkflows":[]},"distributor_meta":false,"distributor_terms":false,"distributor_media":false,"distributor_original_site_name":"Universidad de las Artes","distributor_original_site_url":"https:\/\/www.uartes.edu.ec\/sitio","push-errors":false,"_links":{"self":[{"href":"https:\/\/www.uartes.edu.ec\/sitio\/wp-json\/wp\/v2\/posts\/55410","targetHints":{"allow":["GET"]}}],"collection":[{"href":"https:\/\/www.uartes.edu.ec\/sitio\/wp-json\/wp\/v2\/posts"}],"about":[{"href":"https:\/\/www.uartes.edu.ec\/sitio\/wp-json\/wp\/v2\/types\/post"}],"author":[{"embeddable":true,"href":"https:\/\/www.uartes.edu.ec\/sitio\/wp-json\/wp\/v2\/users\/10"}],"replies":[{"embeddable":true,"href":"https:\/\/www.uartes.edu.ec\/sitio\/wp-json\/wp\/v2\/comments?post=55410"}],"version-history":[{"count":6,"href":"https:\/\/www.uartes.edu.ec\/sitio\/wp-json\/wp\/v2\/posts\/55410\/revisions"}],"predecessor-version":[{"id":55437,"href":"https:\/\/www.uartes.edu.ec\/sitio\/wp-json\/wp\/v2\/posts\/55410\/revisions\/55437"}],"wp:featuredmedia":[{"embeddable":true,"href":"https:\/\/www.uartes.edu.ec\/sitio\/wp-json\/wp\/v2\/media\/55421"}],"wp:attachment":[{"href":"https:\/\/www.uartes.edu.ec\/sitio\/wp-json\/wp\/v2\/media?parent=55410"}],"wp:term":[{"taxonomy":"category","embeddable":true,"href":"https:\/\/www.uartes.edu.ec\/sitio\/wp-json\/wp\/v2\/categories?post=55410"},{"taxonomy":"post_tag","embeddable":true,"href":"https:\/\/www.uartes.edu.ec\/sitio\/wp-json\/wp\/v2\/tags?post=55410"},{"taxonomy":"infouartes","embeddable":true,"href":"https:\/\/www.uartes.edu.ec\/sitio\/wp-json\/wp\/v2\/infouartes?post=55410"}],"curies":[{"name":"wp","href":"https:\/\/api.w.org\/{rel}","templated":true}]}}