{"id":55525,"date":"2024-06-07T18:09:00","date_gmt":"2024-06-07T23:09:00","guid":{"rendered":"https:\/\/www.uartes.edu.ec\/sitio\/?p=55525"},"modified":"2024-07-04T11:18:50","modified_gmt":"2024-07-04T16:18:50","slug":"artistas-visuales-paco-pincay-y-harold-mariduena-graduado-uartes-crearon-en-vivo-para-el-v-encuentro-de-ninos-y-ninas-en-las-artes","status":"publish","type":"post","link":"https:\/\/www.uartes.edu.ec\/sitio\/blog\/2024\/06\/07\/artistas-visuales-paco-pincay-y-harold-mariduena-graduado-uartes-crearon-en-vivo-para-el-v-encuentro-de-ninos-y-ninas-en-las-artes\/","title":{"rendered":"Artistas visuales Paco Pincay y Harold Maridue\u00f1a, graduado UArtes, crearon en vivo para V Encuentro de Ni\u00f1os y Ni\u00f1as"},"content":{"rendered":"\n<p>El ilustrador Paco Pincay y el artista visual Harold Maridue\u00f1a, alumnus y funcionario de la Biblioteca de las Artes, participaron en el V Encuentro de Ni\u00f1os y Ni\u00f1as en las Artes realizando trabajos art\u00edsticos en vivo, animando a los protagonistas de la cita a intervenir codo a codo.<\/p>\n\n\n\n<p>La actividad se realiz\u00f3 en colaboraci\u00f3n con Artline, marca de la que Pincay es su representante. Es una compa\u00f1\u00eda que tiene acr\u00edlicos, acuarelas, marcadores de tinta, pinceles alemanes, entre otros. Toda la gama que necesita un artista, ideal para estudiantes y profesionales, anot\u00f3 el ilustrador.<\/p>\n\n\n\n<p>De acuerdo con Harold Maridue\u00f1a, Pincay coment\u00f3 que para la exhibici\u00f3n en vivo plantearon dos tem\u00e1ticas. \u00c9l, en homenaje al Ecuador, una ilustraci\u00f3n de lo que es Guayaquil y el artista visual UArtes una obra representativa de un pintor ecuatoriano.&nbsp;<\/p>\n\n\n<div class=\"wp-block-image\">\n<figure class=\"aligncenter size-large\"><img fetchpriority=\"high\" decoding=\"async\" width=\"644\" height=\"429\" src=\"https:\/\/www.uartes.edu.ec\/sitio\/wp-content\/uploads\/2024\/06\/HAROL-SHOW-CIENCIA-ESPOL-03-644x429.jpg\" alt=\"\" class=\"wp-image-55527\" srcset=\"https:\/\/www.uartes.edu.ec\/sitio\/wp-content\/uploads\/2024\/06\/HAROL-SHOW-CIENCIA-ESPOL-03-644x429.jpg 644w, https:\/\/www.uartes.edu.ec\/sitio\/wp-content\/uploads\/2024\/06\/HAROL-SHOW-CIENCIA-ESPOL-03-300x200.jpg 300w, https:\/\/www.uartes.edu.ec\/sitio\/wp-content\/uploads\/2024\/06\/HAROL-SHOW-CIENCIA-ESPOL-03-768x512.jpg 768w, https:\/\/www.uartes.edu.ec\/sitio\/wp-content\/uploads\/2024\/06\/HAROL-SHOW-CIENCIA-ESPOL-03-1536x1024.jpg 1536w, https:\/\/www.uartes.edu.ec\/sitio\/wp-content\/uploads\/2024\/06\/HAROL-SHOW-CIENCIA-ESPOL-03-18x12.jpg 18w, https:\/\/www.uartes.edu.ec\/sitio\/wp-content\/uploads\/2024\/06\/HAROL-SHOW-CIENCIA-ESPOL-03-600x400.jpg 600w, https:\/\/www.uartes.edu.ec\/sitio\/wp-content\/uploads\/2024\/06\/HAROL-SHOW-CIENCIA-ESPOL-03-400x267.jpg 400w, https:\/\/www.uartes.edu.ec\/sitio\/wp-content\/uploads\/2024\/06\/HAROL-SHOW-CIENCIA-ESPOL-03-272x182.jpg 272w, https:\/\/www.uartes.edu.ec\/sitio\/wp-content\/uploads\/2024\/06\/HAROL-SHOW-CIENCIA-ESPOL-03.jpg 2000w\" sizes=\"(max-width: 644px) 100vw, 644px\" \/><\/figure>\n<\/div>\n\n\n<p>El proceso fue concebido para trabajarlo en vivo, a fin de que quienes asistan al encuentro no solo los vean, sino que se animen a participar. Y as\u00ed ocurri\u00f3. Mientras ellos pintaban varios ni\u00f1os subieron al escenario ubicado al lado izquierdo de la entrada a la Sala R\u00eda (planta baja de la Biblioteca de las Artes) y empezaron a utilizar los bastidores y lienzos situados en el sitio para, con el material proporcionado por Artline, dibujar o tambi\u00e9n pintar.<\/p>\n\n\n\n<p>Pincay cont\u00f3 que en la din\u00e1mica estaban convocados no solo los ni\u00f1os, ni\u00f1as y j\u00f3venes, sino toda persona que quiera experimentar con el arte. \u201cQueremos que suban a divertirse y compartir con nosotros\u201d.<\/p>\n\n\n\n<p>Agreg\u00f3 que Artline cuenta con una amplia gama de materiales para las artes pl\u00e1sticas y que la intenci\u00f3n de tomar parte en el encuentro era darlos a conocer a los estudiantes y artistas.&nbsp;\u201cA veces los mismos padres de familia no saben d\u00f3nde conseguir determinados l\u00e1pices, colores y todo lo que utilizan sus hijos en etapa escolar y colegial, entonces lo que estamos haciendo con esta exhibici\u00f3n en vivo es brindarles una gu\u00eda de lo que les podr\u00eda ser de utilidad y con precios m\u00e1s asequibles\u201d.<\/p>\n\n\n\n<p>Cabe anotar que, en la quinta edici\u00f3n del encuentro, tanto el artista y alumnus UArtes como el ilustrador tuvieron activaciones individuales. Tambi\u00e9n este 6 de junio, Harold Maridue\u00f1a activ\u00f3 el espacio \u201cPintura colectiva\u201d con la propuesta \u201cTrenes voladores\u201d, mientras que Paco Pincay particip\u00f3 hoy, viernes 7, en el espacio \u201cPintura en vivo\u201d desarrollando el proceso creativo de un mural de c\u00f3mic.<\/p>\n\n\n<div class=\"wp-block-image\">\n<figure class=\"aligncenter size-large\"><img decoding=\"async\" width=\"644\" height=\"429\" src=\"https:\/\/www.uartes.edu.ec\/sitio\/wp-content\/uploads\/2024\/06\/HAROL-SHOW-CIENCIA-ESPOL-02-644x429.jpg\" alt=\"\" class=\"wp-image-55528\" srcset=\"https:\/\/www.uartes.edu.ec\/sitio\/wp-content\/uploads\/2024\/06\/HAROL-SHOW-CIENCIA-ESPOL-02-644x429.jpg 644w, https:\/\/www.uartes.edu.ec\/sitio\/wp-content\/uploads\/2024\/06\/HAROL-SHOW-CIENCIA-ESPOL-02-300x200.jpg 300w, https:\/\/www.uartes.edu.ec\/sitio\/wp-content\/uploads\/2024\/06\/HAROL-SHOW-CIENCIA-ESPOL-02-768x512.jpg 768w, https:\/\/www.uartes.edu.ec\/sitio\/wp-content\/uploads\/2024\/06\/HAROL-SHOW-CIENCIA-ESPOL-02-1536x1024.jpg 1536w, https:\/\/www.uartes.edu.ec\/sitio\/wp-content\/uploads\/2024\/06\/HAROL-SHOW-CIENCIA-ESPOL-02-18x12.jpg 18w, https:\/\/www.uartes.edu.ec\/sitio\/wp-content\/uploads\/2024\/06\/HAROL-SHOW-CIENCIA-ESPOL-02-600x400.jpg 600w, https:\/\/www.uartes.edu.ec\/sitio\/wp-content\/uploads\/2024\/06\/HAROL-SHOW-CIENCIA-ESPOL-02-400x267.jpg 400w, https:\/\/www.uartes.edu.ec\/sitio\/wp-content\/uploads\/2024\/06\/HAROL-SHOW-CIENCIA-ESPOL-02-272x182.jpg 272w, https:\/\/www.uartes.edu.ec\/sitio\/wp-content\/uploads\/2024\/06\/HAROL-SHOW-CIENCIA-ESPOL-02.jpg 2000w\" sizes=\"(max-width: 644px) 100vw, 644px\" \/><\/figure>\n<\/div>","protected":false},"excerpt":{"rendered":"<p>El ilustrador Paco Pincay y el artista visual Harold Maridue\u00f1a, alumnus y funcionario de la Biblioteca de las Artes, participaron en el V Encuentro de Ni\u00f1os y Ni\u00f1as en las Artes realizando trabajos art\u00edsticos en vivo y animando a los protagonistas de la cita a intervenir. Para la exhibici\u00f3n los artistas se plantearon dos tem\u00e1ticas: un homenaje al Ecuador ilustrando a Guayaquil y un tributo a un pintor nacional.\u00a0<\/p>\n","protected":false},"author":10,"featured_media":55526,"comment_status":"open","ping_status":"open","sticky":false,"template":"","format":"standard","meta":{"_acf_changed":false,"_uag_custom_page_level_css":"","_monsterinsights_skip_tracking":false,"_monsterinsights_sitenote_active":false,"_monsterinsights_sitenote_note":"","_monsterinsights_sitenote_category":0,"cybocfi_hide_featured_image":"","footnotes":""},"categories":[490,82,77,83],"tags":[780],"infouartes":[],"class_list":["post-55525","post","type-post","status-publish","format-standard","has-post-thumbnail","hentry","category-alumni","category-artes","category-gestion","category-sedes","tag-biblioteca-de-las-artes"],"acf":[],"yoast_head":"<!-- This site is optimized with the Yoast SEO plugin v27.4 - https:\/\/yoast.com\/product\/yoast-seo-wordpress\/ -->\n<title>Universidad de las Artes - Artistas visuales Paco Pincay y Harold Maridue\u00f1a, graduado UArtes, crearon en vivo para V Encuentro de Ni\u00f1os y Ni\u00f1as<\/title>\n<meta name=\"description\" content=\"Universidad de las Artes - Artistas visuales Paco Pincay y Harold Maridue\u00f1a, graduado UArtes, crearon en vivo para V Encuentro de Ni\u00f1os y Ni\u00f1as\" \/>\n<meta name=\"robots\" content=\"index, follow, max-snippet:-1, max-image-preview:large, max-video-preview:-1\" \/>\n<link rel=\"canonical\" href=\"https:\/\/www.uartes.edu.ec\/sitio\/blog\/2024\/06\/07\/artistas-visuales-paco-pincay-y-harold-mariduena-graduado-uartes-crearon-en-vivo-para-el-v-encuentro-de-ninos-y-ninas-en-las-artes\/\" \/>\n<meta property=\"og:locale\" content=\"es_ES\" \/>\n<meta property=\"og:type\" content=\"article\" \/>\n<meta property=\"og:title\" content=\"Universidad de las Artes - Artistas visuales Paco Pincay y Harold Maridue\u00f1a, graduado UArtes, crearon en vivo para V Encuentro de Ni\u00f1os y Ni\u00f1as\" \/>\n<meta property=\"og:description\" content=\"Universidad de las Artes - Artistas visuales Paco Pincay y Harold Maridue\u00f1a, graduado UArtes, crearon en vivo para V Encuentro de Ni\u00f1os y Ni\u00f1as\" \/>\n<meta property=\"og:url\" content=\"https:\/\/www.uartes.edu.ec\/sitio\/blog\/2024\/06\/07\/artistas-visuales-paco-pincay-y-harold-mariduena-graduado-uartes-crearon-en-vivo-para-el-v-encuentro-de-ninos-y-ninas-en-las-artes\/\" \/>\n<meta property=\"og:site_name\" content=\"Universidad de las Artes\" \/>\n<meta property=\"article:publisher\" content=\"https:\/\/www.facebook.com\/uartesec\" \/>\n<meta property=\"article:published_time\" content=\"2024-06-07T23:09:00+00:00\" \/>\n<meta property=\"article:modified_time\" content=\"2024-07-04T16:18:50+00:00\" \/>\n<meta property=\"og:image\" content=\"https:\/\/www.uartes.edu.ec\/sitio\/wp-content\/uploads\/2024\/06\/HAROL-SHOW-CIENCIA-ESPOL-01.jpg\" \/>\n\t<meta property=\"og:image:width\" content=\"2000\" \/>\n\t<meta property=\"og:image:height\" content=\"1333\" \/>\n\t<meta property=\"og:image:type\" content=\"image\/jpeg\" \/>\n<meta name=\"author\" content=\"ccortez\" \/>\n<meta name=\"twitter:card\" content=\"summary_large_image\" \/>\n<meta name=\"twitter:creator\" content=\"@uartesec\" \/>\n<meta name=\"twitter:site\" content=\"@uartesec\" \/>\n<meta name=\"twitter:label1\" content=\"Escrito por\" \/>\n\t<meta name=\"twitter:data1\" content=\"ccortez\" \/>\n\t<meta name=\"twitter:label2\" content=\"Tiempo de lectura\" \/>\n\t<meta name=\"twitter:data2\" content=\"3 minutos\" \/>\n<script type=\"application\/ld+json\" class=\"yoast-schema-graph\">{\"@context\":\"https:\\\/\\\/schema.org\",\"@graph\":[{\"@type\":\"Article\",\"@id\":\"https:\\\/\\\/www.uartes.edu.ec\\\/sitio\\\/blog\\\/2024\\\/06\\\/07\\\/artistas-visuales-paco-pincay-y-harold-mariduena-graduado-uartes-crearon-en-vivo-para-el-v-encuentro-de-ninos-y-ninas-en-las-artes\\\/#article\",\"isPartOf\":{\"@id\":\"https:\\\/\\\/www.uartes.edu.ec\\\/sitio\\\/blog\\\/2024\\\/06\\\/07\\\/artistas-visuales-paco-pincay-y-harold-mariduena-graduado-uartes-crearon-en-vivo-para-el-v-encuentro-de-ninos-y-ninas-en-las-artes\\\/\"},\"author\":{\"name\":\"ccortez\",\"@id\":\"https:\\\/\\\/www.uartes.edu.ec\\\/sitio\\\/#\\\/schema\\\/person\\\/efa1b8275797664fd7f13a79ccc0b1f4\"},\"headline\":\"Artistas visuales Paco Pincay y Harold Maridue\u00f1a, graduado UArtes, crearon en vivo para V Encuentro de Ni\u00f1os y Ni\u00f1as\",\"datePublished\":\"2024-06-07T23:09:00+00:00\",\"dateModified\":\"2024-07-04T16:18:50+00:00\",\"mainEntityOfPage\":{\"@id\":\"https:\\\/\\\/www.uartes.edu.ec\\\/sitio\\\/blog\\\/2024\\\/06\\\/07\\\/artistas-visuales-paco-pincay-y-harold-mariduena-graduado-uartes-crearon-en-vivo-para-el-v-encuentro-de-ninos-y-ninas-en-las-artes\\\/\"},\"wordCount\":444,\"commentCount\":0,\"publisher\":{\"@id\":\"https:\\\/\\\/www.uartes.edu.ec\\\/sitio\\\/#organization\"},\"image\":{\"@id\":\"https:\\\/\\\/www.uartes.edu.ec\\\/sitio\\\/blog\\\/2024\\\/06\\\/07\\\/artistas-visuales-paco-pincay-y-harold-mariduena-graduado-uartes-crearon-en-vivo-para-el-v-encuentro-de-ninos-y-ninas-en-las-artes\\\/#primaryimage\"},\"thumbnailUrl\":\"https:\\\/\\\/www.uartes.edu.ec\\\/sitio\\\/wp-content\\\/uploads\\\/2024\\\/06\\\/HAROL-SHOW-CIENCIA-ESPOL-01.jpg\",\"keywords\":[\"biblioteca de las artes\"],\"articleSection\":[\"Alumni\",\"Artes\",\"Gesti\u00f3n\",\"Sedes\"],\"inLanguage\":\"es\",\"potentialAction\":[{\"@type\":\"CommentAction\",\"name\":\"Comment\",\"target\":[\"https:\\\/\\\/www.uartes.edu.ec\\\/sitio\\\/blog\\\/2024\\\/06\\\/07\\\/artistas-visuales-paco-pincay-y-harold-mariduena-graduado-uartes-crearon-en-vivo-para-el-v-encuentro-de-ninos-y-ninas-en-las-artes\\\/#respond\"]}]},{\"@type\":[\"WebPage\",\"ItemPage\"],\"@id\":\"https:\\\/\\\/www.uartes.edu.ec\\\/sitio\\\/blog\\\/2024\\\/06\\\/07\\\/artistas-visuales-paco-pincay-y-harold-mariduena-graduado-uartes-crearon-en-vivo-para-el-v-encuentro-de-ninos-y-ninas-en-las-artes\\\/\",\"url\":\"https:\\\/\\\/www.uartes.edu.ec\\\/sitio\\\/blog\\\/2024\\\/06\\\/07\\\/artistas-visuales-paco-pincay-y-harold-mariduena-graduado-uartes-crearon-en-vivo-para-el-v-encuentro-de-ninos-y-ninas-en-las-artes\\\/\",\"name\":\"Universidad de las Artes - Artistas visuales Paco Pincay y Harold Maridue\u00f1a, graduado UArtes, crearon en vivo para V Encuentro de Ni\u00f1os y Ni\u00f1as\",\"isPartOf\":{\"@id\":\"https:\\\/\\\/www.uartes.edu.ec\\\/sitio\\\/#website\"},\"primaryImageOfPage\":{\"@id\":\"https:\\\/\\\/www.uartes.edu.ec\\\/sitio\\\/blog\\\/2024\\\/06\\\/07\\\/artistas-visuales-paco-pincay-y-harold-mariduena-graduado-uartes-crearon-en-vivo-para-el-v-encuentro-de-ninos-y-ninas-en-las-artes\\\/#primaryimage\"},\"image\":{\"@id\":\"https:\\\/\\\/www.uartes.edu.ec\\\/sitio\\\/blog\\\/2024\\\/06\\\/07\\\/artistas-visuales-paco-pincay-y-harold-mariduena-graduado-uartes-crearon-en-vivo-para-el-v-encuentro-de-ninos-y-ninas-en-las-artes\\\/#primaryimage\"},\"thumbnailUrl\":\"https:\\\/\\\/www.uartes.edu.ec\\\/sitio\\\/wp-content\\\/uploads\\\/2024\\\/06\\\/HAROL-SHOW-CIENCIA-ESPOL-01.jpg\",\"datePublished\":\"2024-06-07T23:09:00+00:00\",\"dateModified\":\"2024-07-04T16:18:50+00:00\",\"description\":\"Universidad de las Artes - Artistas visuales Paco Pincay y Harold Maridue\u00f1a, graduado UArtes, crearon en vivo para V Encuentro de Ni\u00f1os y Ni\u00f1as\",\"breadcrumb\":{\"@id\":\"https:\\\/\\\/www.uartes.edu.ec\\\/sitio\\\/blog\\\/2024\\\/06\\\/07\\\/artistas-visuales-paco-pincay-y-harold-mariduena-graduado-uartes-crearon-en-vivo-para-el-v-encuentro-de-ninos-y-ninas-en-las-artes\\\/#breadcrumb\"},\"inLanguage\":\"es\",\"potentialAction\":[{\"@type\":\"ReadAction\",\"target\":[\"https:\\\/\\\/www.uartes.edu.ec\\\/sitio\\\/blog\\\/2024\\\/06\\\/07\\\/artistas-visuales-paco-pincay-y-harold-mariduena-graduado-uartes-crearon-en-vivo-para-el-v-encuentro-de-ninos-y-ninas-en-las-artes\\\/\"]}]},{\"@type\":\"ImageObject\",\"inLanguage\":\"es\",\"@id\":\"https:\\\/\\\/www.uartes.edu.ec\\\/sitio\\\/blog\\\/2024\\\/06\\\/07\\\/artistas-visuales-paco-pincay-y-harold-mariduena-graduado-uartes-crearon-en-vivo-para-el-v-encuentro-de-ninos-y-ninas-en-las-artes\\\/#primaryimage\",\"url\":\"https:\\\/\\\/www.uartes.edu.ec\\\/sitio\\\/wp-content\\\/uploads\\\/2024\\\/06\\\/HAROL-SHOW-CIENCIA-ESPOL-01.jpg\",\"contentUrl\":\"https:\\\/\\\/www.uartes.edu.ec\\\/sitio\\\/wp-content\\\/uploads\\\/2024\\\/06\\\/HAROL-SHOW-CIENCIA-ESPOL-01.jpg\",\"width\":2000,\"height\":1333},{\"@type\":\"BreadcrumbList\",\"@id\":\"https:\\\/\\\/www.uartes.edu.ec\\\/sitio\\\/blog\\\/2024\\\/06\\\/07\\\/artistas-visuales-paco-pincay-y-harold-mariduena-graduado-uartes-crearon-en-vivo-para-el-v-encuentro-de-ninos-y-ninas-en-las-artes\\\/#breadcrumb\",\"itemListElement\":[{\"@type\":\"ListItem\",\"position\":1,\"name\":\"Inicio\",\"item\":\"https:\\\/\\\/www.uartes.edu.ec\\\/sitio\\\/\"},{\"@type\":\"ListItem\",\"position\":2,\"name\":\"Artistas visuales Paco Pincay y Harold Maridue\u00f1a, graduado UArtes, crearon en vivo para V Encuentro de Ni\u00f1os y Ni\u00f1as\"}]},{\"@type\":\"WebSite\",\"@id\":\"https:\\\/\\\/www.uartes.edu.ec\\\/sitio\\\/#website\",\"url\":\"https:\\\/\\\/www.uartes.edu.ec\\\/sitio\\\/\",\"name\":\"Universidad de las Artes\",\"description\":\"Sitio oficial de la Universidad Nacional de las Artes del Ecuador\",\"publisher\":{\"@id\":\"https:\\\/\\\/www.uartes.edu.ec\\\/sitio\\\/#organization\"},\"potentialAction\":[{\"@type\":\"SearchAction\",\"target\":{\"@type\":\"EntryPoint\",\"urlTemplate\":\"https:\\\/\\\/www.uartes.edu.ec\\\/sitio\\\/?s={search_term_string}\"},\"query-input\":{\"@type\":\"PropertyValueSpecification\",\"valueRequired\":true,\"valueName\":\"search_term_string\"}}],\"inLanguage\":\"es\"},{\"@type\":\"Organization\",\"@id\":\"https:\\\/\\\/www.uartes.edu.ec\\\/sitio\\\/#organization\",\"name\":\"Universidad de las Artes\",\"url\":\"https:\\\/\\\/www.uartes.edu.ec\\\/sitio\\\/\",\"logo\":{\"@type\":\"ImageObject\",\"inLanguage\":\"es\",\"@id\":\"https:\\\/\\\/www.uartes.edu.ec\\\/sitio\\\/#\\\/schema\\\/logo\\\/image\\\/\",\"url\":\"https:\\\/\\\/www.uartes.edu.ec\\\/sitio\\\/wp-content\\\/uploads\\\/2022\\\/07\\\/logo-ua-horizontal.png\",\"contentUrl\":\"https:\\\/\\\/www.uartes.edu.ec\\\/sitio\\\/wp-content\\\/uploads\\\/2022\\\/07\\\/logo-ua-horizontal.png\",\"width\":800,\"height\":276,\"caption\":\"Universidad de las Artes\"},\"image\":{\"@id\":\"https:\\\/\\\/www.uartes.edu.ec\\\/sitio\\\/#\\\/schema\\\/logo\\\/image\\\/\"},\"sameAs\":[\"https:\\\/\\\/www.facebook.com\\\/uartesec\",\"https:\\\/\\\/x.com\\\/uartesec\",\"https:\\\/\\\/www.tiktok.com\\\/@uartesec\"]},{\"@type\":\"Person\",\"@id\":\"https:\\\/\\\/www.uartes.edu.ec\\\/sitio\\\/#\\\/schema\\\/person\\\/efa1b8275797664fd7f13a79ccc0b1f4\",\"name\":\"ccortez\",\"image\":{\"@type\":\"ImageObject\",\"inLanguage\":\"es\",\"@id\":\"https:\\\/\\\/secure.gravatar.com\\\/avatar\\\/b2a6f664a3ae8e074346ef91775736c5ec479e637ecced6842de9dc98b5da9cd?s=96&d=mm&r=g\",\"url\":\"https:\\\/\\\/secure.gravatar.com\\\/avatar\\\/b2a6f664a3ae8e074346ef91775736c5ec479e637ecced6842de9dc98b5da9cd?s=96&d=mm&r=g\",\"contentUrl\":\"https:\\\/\\\/secure.gravatar.com\\\/avatar\\\/b2a6f664a3ae8e074346ef91775736c5ec479e637ecced6842de9dc98b5da9cd?s=96&d=mm&r=g\",\"caption\":\"ccortez\"},\"url\":\"https:\\\/\\\/www.uartes.edu.ec\\\/sitio\\\/blog\\\/author\\\/ccortez\\\/\"}]}<\/script>\n<!-- \/ Yoast SEO plugin. -->","yoast_head_json":{"title":"Universidad de las Artes - Artistas visuales Paco Pincay y Harold Maridue\u00f1a, graduado UArtes, crearon en vivo para V Encuentro de Ni\u00f1os y Ni\u00f1as","description":"Universidad de las Artes - Artistas visuales Paco Pincay y Harold Maridue\u00f1a, graduado UArtes, crearon en vivo para V Encuentro de Ni\u00f1os y Ni\u00f1as","robots":{"index":"index","follow":"follow","max-snippet":"max-snippet:-1","max-image-preview":"max-image-preview:large","max-video-preview":"max-video-preview:-1"},"canonical":"https:\/\/www.uartes.edu.ec\/sitio\/blog\/2024\/06\/07\/artistas-visuales-paco-pincay-y-harold-mariduena-graduado-uartes-crearon-en-vivo-para-el-v-encuentro-de-ninos-y-ninas-en-las-artes\/","og_locale":"es_ES","og_type":"article","og_title":"Universidad de las Artes - Artistas visuales Paco Pincay y Harold Maridue\u00f1a, graduado UArtes, crearon en vivo para V Encuentro de Ni\u00f1os y Ni\u00f1as","og_description":"Universidad de las Artes - Artistas visuales Paco Pincay y Harold Maridue\u00f1a, graduado UArtes, crearon en vivo para V Encuentro de Ni\u00f1os y Ni\u00f1as","og_url":"https:\/\/www.uartes.edu.ec\/sitio\/blog\/2024\/06\/07\/artistas-visuales-paco-pincay-y-harold-mariduena-graduado-uartes-crearon-en-vivo-para-el-v-encuentro-de-ninos-y-ninas-en-las-artes\/","og_site_name":"Universidad de las Artes","article_publisher":"https:\/\/www.facebook.com\/uartesec","article_published_time":"2024-06-07T23:09:00+00:00","article_modified_time":"2024-07-04T16:18:50+00:00","og_image":[{"width":2000,"height":1333,"url":"https:\/\/www.uartes.edu.ec\/sitio\/wp-content\/uploads\/2024\/06\/HAROL-SHOW-CIENCIA-ESPOL-01.jpg","type":"image\/jpeg"}],"author":"ccortez","twitter_card":"summary_large_image","twitter_creator":"@uartesec","twitter_site":"@uartesec","twitter_misc":{"Escrito por":"ccortez","Tiempo de lectura":"3 minutos"},"schema":{"@context":"https:\/\/schema.org","@graph":[{"@type":"Article","@id":"https:\/\/www.uartes.edu.ec\/sitio\/blog\/2024\/06\/07\/artistas-visuales-paco-pincay-y-harold-mariduena-graduado-uartes-crearon-en-vivo-para-el-v-encuentro-de-ninos-y-ninas-en-las-artes\/#article","isPartOf":{"@id":"https:\/\/www.uartes.edu.ec\/sitio\/blog\/2024\/06\/07\/artistas-visuales-paco-pincay-y-harold-mariduena-graduado-uartes-crearon-en-vivo-para-el-v-encuentro-de-ninos-y-ninas-en-las-artes\/"},"author":{"name":"ccortez","@id":"https:\/\/www.uartes.edu.ec\/sitio\/#\/schema\/person\/efa1b8275797664fd7f13a79ccc0b1f4"},"headline":"Artistas visuales Paco Pincay y Harold Maridue\u00f1a, graduado UArtes, crearon en vivo para V Encuentro de Ni\u00f1os y Ni\u00f1as","datePublished":"2024-06-07T23:09:00+00:00","dateModified":"2024-07-04T16:18:50+00:00","mainEntityOfPage":{"@id":"https:\/\/www.uartes.edu.ec\/sitio\/blog\/2024\/06\/07\/artistas-visuales-paco-pincay-y-harold-mariduena-graduado-uartes-crearon-en-vivo-para-el-v-encuentro-de-ninos-y-ninas-en-las-artes\/"},"wordCount":444,"commentCount":0,"publisher":{"@id":"https:\/\/www.uartes.edu.ec\/sitio\/#organization"},"image":{"@id":"https:\/\/www.uartes.edu.ec\/sitio\/blog\/2024\/06\/07\/artistas-visuales-paco-pincay-y-harold-mariduena-graduado-uartes-crearon-en-vivo-para-el-v-encuentro-de-ninos-y-ninas-en-las-artes\/#primaryimage"},"thumbnailUrl":"https:\/\/www.uartes.edu.ec\/sitio\/wp-content\/uploads\/2024\/06\/HAROL-SHOW-CIENCIA-ESPOL-01.jpg","keywords":["biblioteca de las artes"],"articleSection":["Alumni","Artes","Gesti\u00f3n","Sedes"],"inLanguage":"es","potentialAction":[{"@type":"CommentAction","name":"Comment","target":["https:\/\/www.uartes.edu.ec\/sitio\/blog\/2024\/06\/07\/artistas-visuales-paco-pincay-y-harold-mariduena-graduado-uartes-crearon-en-vivo-para-el-v-encuentro-de-ninos-y-ninas-en-las-artes\/#respond"]}]},{"@type":["WebPage","ItemPage"],"@id":"https:\/\/www.uartes.edu.ec\/sitio\/blog\/2024\/06\/07\/artistas-visuales-paco-pincay-y-harold-mariduena-graduado-uartes-crearon-en-vivo-para-el-v-encuentro-de-ninos-y-ninas-en-las-artes\/","url":"https:\/\/www.uartes.edu.ec\/sitio\/blog\/2024\/06\/07\/artistas-visuales-paco-pincay-y-harold-mariduena-graduado-uartes-crearon-en-vivo-para-el-v-encuentro-de-ninos-y-ninas-en-las-artes\/","name":"Universidad de las Artes - Artistas visuales Paco Pincay y Harold Maridue\u00f1a, graduado UArtes, crearon en vivo para V Encuentro de Ni\u00f1os y Ni\u00f1as","isPartOf":{"@id":"https:\/\/www.uartes.edu.ec\/sitio\/#website"},"primaryImageOfPage":{"@id":"https:\/\/www.uartes.edu.ec\/sitio\/blog\/2024\/06\/07\/artistas-visuales-paco-pincay-y-harold-mariduena-graduado-uartes-crearon-en-vivo-para-el-v-encuentro-de-ninos-y-ninas-en-las-artes\/#primaryimage"},"image":{"@id":"https:\/\/www.uartes.edu.ec\/sitio\/blog\/2024\/06\/07\/artistas-visuales-paco-pincay-y-harold-mariduena-graduado-uartes-crearon-en-vivo-para-el-v-encuentro-de-ninos-y-ninas-en-las-artes\/#primaryimage"},"thumbnailUrl":"https:\/\/www.uartes.edu.ec\/sitio\/wp-content\/uploads\/2024\/06\/HAROL-SHOW-CIENCIA-ESPOL-01.jpg","datePublished":"2024-06-07T23:09:00+00:00","dateModified":"2024-07-04T16:18:50+00:00","description":"Universidad de las Artes - Artistas visuales Paco Pincay y Harold Maridue\u00f1a, graduado UArtes, crearon en vivo para V Encuentro de Ni\u00f1os y Ni\u00f1as","breadcrumb":{"@id":"https:\/\/www.uartes.edu.ec\/sitio\/blog\/2024\/06\/07\/artistas-visuales-paco-pincay-y-harold-mariduena-graduado-uartes-crearon-en-vivo-para-el-v-encuentro-de-ninos-y-ninas-en-las-artes\/#breadcrumb"},"inLanguage":"es","potentialAction":[{"@type":"ReadAction","target":["https:\/\/www.uartes.edu.ec\/sitio\/blog\/2024\/06\/07\/artistas-visuales-paco-pincay-y-harold-mariduena-graduado-uartes-crearon-en-vivo-para-el-v-encuentro-de-ninos-y-ninas-en-las-artes\/"]}]},{"@type":"ImageObject","inLanguage":"es","@id":"https:\/\/www.uartes.edu.ec\/sitio\/blog\/2024\/06\/07\/artistas-visuales-paco-pincay-y-harold-mariduena-graduado-uartes-crearon-en-vivo-para-el-v-encuentro-de-ninos-y-ninas-en-las-artes\/#primaryimage","url":"https:\/\/www.uartes.edu.ec\/sitio\/wp-content\/uploads\/2024\/06\/HAROL-SHOW-CIENCIA-ESPOL-01.jpg","contentUrl":"https:\/\/www.uartes.edu.ec\/sitio\/wp-content\/uploads\/2024\/06\/HAROL-SHOW-CIENCIA-ESPOL-01.jpg","width":2000,"height":1333},{"@type":"BreadcrumbList","@id":"https:\/\/www.uartes.edu.ec\/sitio\/blog\/2024\/06\/07\/artistas-visuales-paco-pincay-y-harold-mariduena-graduado-uartes-crearon-en-vivo-para-el-v-encuentro-de-ninos-y-ninas-en-las-artes\/#breadcrumb","itemListElement":[{"@type":"ListItem","position":1,"name":"Inicio","item":"https:\/\/www.uartes.edu.ec\/sitio\/"},{"@type":"ListItem","position":2,"name":"Artistas visuales Paco Pincay y Harold Maridue\u00f1a, graduado UArtes, crearon en vivo para V Encuentro de Ni\u00f1os y Ni\u00f1as"}]},{"@type":"WebSite","@id":"https:\/\/www.uartes.edu.ec\/sitio\/#website","url":"https:\/\/www.uartes.edu.ec\/sitio\/","name":"Universidad de las Artes","description":"Sitio oficial de la Universidad Nacional de las Artes del Ecuador","publisher":{"@id":"https:\/\/www.uartes.edu.ec\/sitio\/#organization"},"potentialAction":[{"@type":"SearchAction","target":{"@type":"EntryPoint","urlTemplate":"https:\/\/www.uartes.edu.ec\/sitio\/?s={search_term_string}"},"query-input":{"@type":"PropertyValueSpecification","valueRequired":true,"valueName":"search_term_string"}}],"inLanguage":"es"},{"@type":"Organization","@id":"https:\/\/www.uartes.edu.ec\/sitio\/#organization","name":"Universidad de las Artes","url":"https:\/\/www.uartes.edu.ec\/sitio\/","logo":{"@type":"ImageObject","inLanguage":"es","@id":"https:\/\/www.uartes.edu.ec\/sitio\/#\/schema\/logo\/image\/","url":"https:\/\/www.uartes.edu.ec\/sitio\/wp-content\/uploads\/2022\/07\/logo-ua-horizontal.png","contentUrl":"https:\/\/www.uartes.edu.ec\/sitio\/wp-content\/uploads\/2022\/07\/logo-ua-horizontal.png","width":800,"height":276,"caption":"Universidad de las Artes"},"image":{"@id":"https:\/\/www.uartes.edu.ec\/sitio\/#\/schema\/logo\/image\/"},"sameAs":["https:\/\/www.facebook.com\/uartesec","https:\/\/x.com\/uartesec","https:\/\/www.tiktok.com\/@uartesec"]},{"@type":"Person","@id":"https:\/\/www.uartes.edu.ec\/sitio\/#\/schema\/person\/efa1b8275797664fd7f13a79ccc0b1f4","name":"ccortez","image":{"@type":"ImageObject","inLanguage":"es","@id":"https:\/\/secure.gravatar.com\/avatar\/b2a6f664a3ae8e074346ef91775736c5ec479e637ecced6842de9dc98b5da9cd?s=96&d=mm&r=g","url":"https:\/\/secure.gravatar.com\/avatar\/b2a6f664a3ae8e074346ef91775736c5ec479e637ecced6842de9dc98b5da9cd?s=96&d=mm&r=g","contentUrl":"https:\/\/secure.gravatar.com\/avatar\/b2a6f664a3ae8e074346ef91775736c5ec479e637ecced6842de9dc98b5da9cd?s=96&d=mm&r=g","caption":"ccortez"},"url":"https:\/\/www.uartes.edu.ec\/sitio\/blog\/author\/ccortez\/"}]}},"uagb_featured_image_src":{"full":["https:\/\/www.uartes.edu.ec\/sitio\/wp-content\/uploads\/2024\/06\/HAROL-SHOW-CIENCIA-ESPOL-01.jpg",2000,1333,false],"thumbnail":["https:\/\/www.uartes.edu.ec\/sitio\/wp-content\/uploads\/2024\/06\/HAROL-SHOW-CIENCIA-ESPOL-01-150x150.jpg",150,150,true],"medium":["https:\/\/www.uartes.edu.ec\/sitio\/wp-content\/uploads\/2024\/06\/HAROL-SHOW-CIENCIA-ESPOL-01-300x200.jpg",300,200,true],"medium_large":["https:\/\/www.uartes.edu.ec\/sitio\/wp-content\/uploads\/2024\/06\/HAROL-SHOW-CIENCIA-ESPOL-01-768x512.jpg",768,512,true],"large":["https:\/\/www.uartes.edu.ec\/sitio\/wp-content\/uploads\/2024\/06\/HAROL-SHOW-CIENCIA-ESPOL-01-644x429.jpg",644,429,true],"1536x1536":["https:\/\/www.uartes.edu.ec\/sitio\/wp-content\/uploads\/2024\/06\/HAROL-SHOW-CIENCIA-ESPOL-01-1536x1024.jpg",1536,1024,true],"2048x2048":["https:\/\/www.uartes.edu.ec\/sitio\/wp-content\/uploads\/2024\/06\/HAROL-SHOW-CIENCIA-ESPOL-01.jpg",2000,1333,false],"trp-custom-language-flag":["https:\/\/www.uartes.edu.ec\/sitio\/wp-content\/uploads\/2024\/06\/HAROL-SHOW-CIENCIA-ESPOL-01-18x12.jpg",18,12,true],"htmega_size_585x295":["https:\/\/www.uartes.edu.ec\/sitio\/wp-content\/uploads\/2024\/06\/HAROL-SHOW-CIENCIA-ESPOL-01-585x295.jpg",585,295,true],"htmega_size_1170x536":["https:\/\/www.uartes.edu.ec\/sitio\/wp-content\/uploads\/2024\/06\/HAROL-SHOW-CIENCIA-ESPOL-01-1170x536.jpg",1170,536,true],"htmega_size_396x360":["https:\/\/www.uartes.edu.ec\/sitio\/wp-content\/uploads\/2024\/06\/HAROL-SHOW-CIENCIA-ESPOL-01-396x360.jpg",396,360,true],"gb-block-post-grid-landscape":["https:\/\/www.uartes.edu.ec\/sitio\/wp-content\/uploads\/2024\/06\/HAROL-SHOW-CIENCIA-ESPOL-01-600x400.jpg",600,400,true],"gb-block-post-grid-square":["https:\/\/www.uartes.edu.ec\/sitio\/wp-content\/uploads\/2024\/06\/HAROL-SHOW-CIENCIA-ESPOL-01-600x600.jpg",600,600,true],"university-hub-thumb":["https:\/\/www.uartes.edu.ec\/sitio\/wp-content\/uploads\/2024\/06\/HAROL-SHOW-CIENCIA-ESPOL-01-400x267.jpg",400,267,true]},"uagb_author_info":{"display_name":"ccortez","author_link":"https:\/\/www.uartes.edu.ec\/sitio\/blog\/author\/ccortez\/"},"uagb_comment_info":0,"uagb_excerpt":"El ilustrador Paco Pincay y el artista visual Harold Maridue\u00f1a, alumnus y funcionario de la Biblioteca de las Artes, participaron en el V Encuentro de Ni\u00f1os y Ni\u00f1as en las Artes realizando trabajos art\u00edsticos en vivo y animando a los protagonistas de la cita a intervenir. Para la exhibici\u00f3n los artistas se plantearon dos tem\u00e1ticas:&hellip;","featured_image_src":"https:\/\/www.uartes.edu.ec\/sitio\/wp-content\/uploads\/2024\/06\/HAROL-SHOW-CIENCIA-ESPOL-01-600x400.jpg","featured_image_src_square":"https:\/\/www.uartes.edu.ec\/sitio\/wp-content\/uploads\/2024\/06\/HAROL-SHOW-CIENCIA-ESPOL-01-600x600.jpg","author_info":{"display_name":"ccortez","author_link":"https:\/\/www.uartes.edu.ec\/sitio\/blog\/author\/ccortez\/"},"publishpress_future_workflow_manual_trigger":{"enabledWorkflows":[]},"distributor_meta":false,"distributor_terms":false,"distributor_media":false,"distributor_original_site_name":"Universidad de las Artes","distributor_original_site_url":"https:\/\/www.uartes.edu.ec\/sitio","push-errors":false,"_links":{"self":[{"href":"https:\/\/www.uartes.edu.ec\/sitio\/wp-json\/wp\/v2\/posts\/55525","targetHints":{"allow":["GET"]}}],"collection":[{"href":"https:\/\/www.uartes.edu.ec\/sitio\/wp-json\/wp\/v2\/posts"}],"about":[{"href":"https:\/\/www.uartes.edu.ec\/sitio\/wp-json\/wp\/v2\/types\/post"}],"author":[{"embeddable":true,"href":"https:\/\/www.uartes.edu.ec\/sitio\/wp-json\/wp\/v2\/users\/10"}],"replies":[{"embeddable":true,"href":"https:\/\/www.uartes.edu.ec\/sitio\/wp-json\/wp\/v2\/comments?post=55525"}],"version-history":[{"count":10,"href":"https:\/\/www.uartes.edu.ec\/sitio\/wp-json\/wp\/v2\/posts\/55525\/revisions"}],"predecessor-version":[{"id":55542,"href":"https:\/\/www.uartes.edu.ec\/sitio\/wp-json\/wp\/v2\/posts\/55525\/revisions\/55542"}],"wp:featuredmedia":[{"embeddable":true,"href":"https:\/\/www.uartes.edu.ec\/sitio\/wp-json\/wp\/v2\/media\/55526"}],"wp:attachment":[{"href":"https:\/\/www.uartes.edu.ec\/sitio\/wp-json\/wp\/v2\/media?parent=55525"}],"wp:term":[{"taxonomy":"category","embeddable":true,"href":"https:\/\/www.uartes.edu.ec\/sitio\/wp-json\/wp\/v2\/categories?post=55525"},{"taxonomy":"post_tag","embeddable":true,"href":"https:\/\/www.uartes.edu.ec\/sitio\/wp-json\/wp\/v2\/tags?post=55525"},{"taxonomy":"infouartes","embeddable":true,"href":"https:\/\/www.uartes.edu.ec\/sitio\/wp-json\/wp\/v2\/infouartes?post=55525"}],"curies":[{"name":"wp","href":"https:\/\/api.w.org\/{rel}","templated":true}]}}