{"id":55586,"date":"2024-06-10T14:21:00","date_gmt":"2024-06-10T19:21:00","guid":{"rendered":"https:\/\/www.uartes.edu.ec\/sitio\/?p=55586"},"modified":"2024-07-04T11:18:50","modified_gmt":"2024-07-04T16:18:50","slug":"msp-dicto-en-la-uartes-un-taller-sobre-la-prevencion-integral-de-uso-y-consumo-de-drogas","status":"publish","type":"post","link":"https:\/\/www.uartes.edu.ec\/sitio\/blog\/2024\/06\/10\/msp-dicto-en-la-uartes-un-taller-sobre-la-prevencion-integral-de-uso-y-consumo-de-drogas\/","title":{"rendered":"Ministerio de Salud P\u00fablica dict\u00f3 en la UArtes un taller sobre la prevenci\u00f3n integral de uso y consumo de drogas"},"content":{"rendered":"\n<p>Los funcionarios y administrativos de la Universidad de las Artes participaron en un taller en el que socializ\u00f3 y sensibiliz\u00f3 sobre la Prevenci\u00f3n Integral de Uso y Consumo de Drogas, la cual estuvo a cargo de los psic\u00f3logos Isabel Aroca y Gerardo Pe\u00f1a, del Ministerio de Salud P\u00fablica (MSP); se desarroll\u00f3 el 6 de junio en la Plaza P\u00fablica del MZ14 Centro de Producci\u00f3n e Innovaci\u00f3n UArtes.<\/p>\n\n\n\n<p>Adem\u00e1s de la informaci\u00f3n proporcionada respecto al tema abordado, los profesionales de la Salud P\u00fablica desarrollaron din\u00e1micas e implementaron estrategias pr\u00e1cticas, a fin de proveer a los participantes herramientas \u00fatiles para la promoci\u00f3n de la salud y del bienestar en el \u00e1mbito laboral universitario.<\/p>\n\n\n<div class=\"wp-block-image\">\n<figure class=\"aligncenter size-large\"><img fetchpriority=\"high\" decoding=\"async\" width=\"644\" height=\"429\" src=\"https:\/\/www.uartes.edu.ec\/sitio\/wp-content\/uploads\/2024\/06\/01-MSP-644x429.jpg\" alt=\"\" class=\"wp-image-55588\" srcset=\"https:\/\/www.uartes.edu.ec\/sitio\/wp-content\/uploads\/2024\/06\/01-MSP-644x429.jpg 644w, https:\/\/www.uartes.edu.ec\/sitio\/wp-content\/uploads\/2024\/06\/01-MSP-768x511.jpg 768w, https:\/\/www.uartes.edu.ec\/sitio\/wp-content\/uploads\/2024\/06\/01-MSP.jpg 2000w, https:\/\/www.uartes.edu.ec\/sitio\/wp-content\/uploads\/2024\/06\/01-MSP-18x12.jpg 18w, https:\/\/www.uartes.edu.ec\/sitio\/wp-content\/uploads\/2024\/06\/01-MSP-600x399.jpg 600w, https:\/\/www.uartes.edu.ec\/sitio\/wp-content\/uploads\/2024\/06\/01-MSP-272x182.jpg 272w\" sizes=\"(max-width: 644px) 100vw, 644px\" \/><\/figure>\n<\/div>\n\n\n<p>Aroca y Pe\u00f1a reiteraron en que la prevenci\u00f3n integral del uso y consumo de drogas es crucial para el bienestar de los colaboradores dentro de un \u00e1mbito laboral. \u201cEsta prevenci\u00f3n abarca no solo la informaci\u00f3n y la educaci\u00f3n sobre los riesgos asociados al consumo de drogas, sino tambi\u00e9n el desarrollo de competencias y habilidades para la vida que permiten enfrentar y manejar situaciones de riesgo de manera efectiva\u201d.<\/p>\n\n\n\n<p>Las drogas de cualquier tipo sean legales o ilegales, explicaron, tienen efectos devastadores tanto a nivel f\u00edsico como mental, afectando el Sistema Nervioso Central. \u201cEstos efectos no solo perjudican la salud individual, sino que tambi\u00e9n impactan negativamente en el contexto familiar y social, dificultando la reintegraci\u00f3n social de las personas afectadas\u201d.<\/p>\n\n\n\n<p>Se identificaron claramente los factores de riesgo que pueden predisponer a una persona al consumo de drogas, tales como la historia familiar de consumo o problemas emocionales. De igual manera, se enfatiz\u00f3 en los factores de protecci\u00f3n que pueden reducir esta probabilidad, teniendo relaciones familiares fuertes, una buena salud mental y la participaci\u00f3n en actividades constructivas.<\/p>\n\n\n\t\t\t\t\t<div\n\t\t\t\t\t\tclass=\"wp-block-uagb-image-gallery uagb-block-0a59f749     \"\n\t\t\t\t\t\tstyle=\"\"\n\t\t\t\t\t>\n\t\t\t\t\t\t\t\t\t\t\t<div class=\"spectra-image-gallery spectra-image-gallery__layout--grid spectra-image-gallery__layout--grid-col-2 spectra-image-gallery__layout--grid-col-tab-2 spectra-image-gallery__layout--grid-col-mob-2\">\n\t\t\t\t\t\t\t\t\t\t\t<div class='spectra-image-gallery__media-wrapper' data-spectra-gallery-image-id='56158' tabindex=\"0\">\n\t\t\t\t\t\t\t<div class=\"spectra-image-gallery__media spectra-image-gallery__media--grid\">\n\t\t\t\t<picture>\n\t\t\t\t\t<source media=\"(min-width: 1024px)\" srcset=\"https:\/\/www.uartes.edu.ec\/sitio\/wp-content\/uploads\/2024\/06\/msp2-644x483.jpg\">\n\t\t\t\t\t<source media=\"(min-width: 768px)\" srcset=\"https:\/\/www.uartes.edu.ec\/sitio\/wp-content\/uploads\/2024\/06\/msp2-644x483.jpg\">\n\t\t\t\t\t<img decoding=\"async\" class=\"spectra-image-gallery__media-thumbnail spectra-image-gallery__media-thumbnail--grid\" src=\"https:\/\/www.uartes.edu.ec\/sitio\/wp-content\/uploads\/2024\/06\/msp2-300x225.jpg\" alt=\"\" loading=\"lazy\" \/>\n\t\t\t\t<\/picture>\n\t\t\t\t<div class=\"spectra-image-gallery__media-thumbnail-blurrer\"><\/div>\n\t\t\t\t\t\t\t\t\t\t\t<div class=\"spectra-image-gallery__media-thumbnail-caption-wrapper spectra-image-gallery__media-thumbnail-caption-wrapper--overlay\">\n\t\t\t\t\t\t\t\t\t\t\t<div class=\"spectra-image-gallery__media-thumbnail-caption spectra-image-gallery__media-thumbnail-caption--overlay\">\n\t\t\t\t\tSin leyenda\t\t\t\t<\/div>\n\t\t\t\t\t\t\t\t\t\t<\/div>\n\t\t\t\t\t\t\t\t\t<\/div>\n\t\t\t\t\t\t<\/div>\n\t\t\t\t\t\t<div class='spectra-image-gallery__media-wrapper' data-spectra-gallery-image-id='56159' tabindex=\"0\">\n\t\t\t\t\t\t\t<div class=\"spectra-image-gallery__media spectra-image-gallery__media--grid\">\n\t\t\t\t<picture>\n\t\t\t\t\t<source media=\"(min-width: 1024px)\" srcset=\"https:\/\/www.uartes.edu.ec\/sitio\/wp-content\/uploads\/2024\/06\/msp1-644x483.jpg\">\n\t\t\t\t\t<source media=\"(min-width: 768px)\" srcset=\"https:\/\/www.uartes.edu.ec\/sitio\/wp-content\/uploads\/2024\/06\/msp1-644x483.jpg\">\n\t\t\t\t\t<img decoding=\"async\" class=\"spectra-image-gallery__media-thumbnail spectra-image-gallery__media-thumbnail--grid\" src=\"https:\/\/www.uartes.edu.ec\/sitio\/wp-content\/uploads\/2024\/06\/msp1-300x225.jpg\" alt=\"\" loading=\"lazy\" \/>\n\t\t\t\t<\/picture>\n\t\t\t\t<div class=\"spectra-image-gallery__media-thumbnail-blurrer\"><\/div>\n\t\t\t\t\t\t\t\t\t\t\t<div class=\"spectra-image-gallery__media-thumbnail-caption-wrapper spectra-image-gallery__media-thumbnail-caption-wrapper--overlay\">\n\t\t\t\t\t\t\t\t\t\t\t<div class=\"spectra-image-gallery__media-thumbnail-caption spectra-image-gallery__media-thumbnail-caption--overlay\">\n\t\t\t\t\tSin leyenda\t\t\t\t<\/div>\n\t\t\t\t\t\t\t\t\t\t<\/div>\n\t\t\t\t\t\t\t\t\t<\/div>\n\t\t\t\t\t\t<\/div>\n\t\t\t\t\t\t\t\t\t\t<\/div>\n\t\t\t\t\t\t\t\t\t\t\t\t\t\t\t\t\t\t<\/div>\n\t\t\t\t\t\t\t\t\t\n\n\n<p><\/p>\n\n\n\n<p>La capacitaci\u00f3n resalt\u00f3 la importancia de saber identificar y ayudar a un compa\u00f1ero de trabajo que pueda estar enfrentando problemas de consumo de drogas, o presentar cualquier dificultad emocional que se pueda transformar en un problema de salud mental. La sensibilizaci\u00f3n y el apoyo dentro de la comunidad laboral son esenciales para proteger la salud y el bienestar de todos los colaboradores, creando un ambiente m\u00e1s seguro y de comprensi\u00f3n.<\/p>\n\n\n\n<p>Temas como la comunicaci\u00f3n asertiva y las relaciones interpersonales, fueron herramientas efectivas para fomentar la reflexi\u00f3n y el aprendizaje sobre comunicaci\u00f3n, manejo de emociones y autoidentificaci\u00f3n de fortalezas y \u00e1reas de mejora.<\/p>\n\n\n\n<p>Din\u00e1micas como la de \u201cFilipo\u201d, permitieron a los participantes involucrarse de manera activa y pr\u00e1ctica en la identificaci\u00f3n y manejo de las emociones. Tambi\u00e9n se destac\u00f3 la oferta de servicios del Ministerio de Salud P\u00fablica en salud mental, incluyendo atenci\u00f3n hospitalaria especializada, servicios ambulatorios intensivos y centros de tratamiento para el consumo problem\u00e1tico de sustancias. Estos servicios reflejan el compromiso del ente en proporcionar atenci\u00f3n integral y accesible para el tratamiento y prevenci\u00f3n del consumo de drogas.<\/p>\n\n\n<div class=\"wp-block-image\">\n<figure class=\"aligncenter size-large\"><img decoding=\"async\" width=\"644\" height=\"429\" src=\"https:\/\/www.uartes.edu.ec\/sitio\/wp-content\/uploads\/2024\/06\/04-MSP-644x429.jpg\" alt=\"\" class=\"wp-image-55589\" srcset=\"https:\/\/www.uartes.edu.ec\/sitio\/wp-content\/uploads\/2024\/06\/04-MSP-644x429.jpg 644w, https:\/\/www.uartes.edu.ec\/sitio\/wp-content\/uploads\/2024\/06\/04-MSP-768x511.jpg 768w, https:\/\/www.uartes.edu.ec\/sitio\/wp-content\/uploads\/2024\/06\/04-MSP.jpg 2000w, https:\/\/www.uartes.edu.ec\/sitio\/wp-content\/uploads\/2024\/06\/04-MSP-18x12.jpg 18w, https:\/\/www.uartes.edu.ec\/sitio\/wp-content\/uploads\/2024\/06\/04-MSP-600x399.jpg 600w, https:\/\/www.uartes.edu.ec\/sitio\/wp-content\/uploads\/2024\/06\/04-MSP-272x182.jpg 272w\" sizes=\"(max-width: 644px) 100vw, 644px\" \/><\/figure>\n<\/div>","protected":false},"excerpt":{"rendered":"<p>Funcionarios y administrativos UArtes participaron en el taller Prevenci\u00f3n Integral de Uso y Consumo de Drogas, que estuvo a cargo de los psic\u00f3logos Isabel Aroca y Gerardo Pe\u00f1a, del Ministerio de Salud P\u00fablica; se realiz\u00f3 el 6 de junio en la Plaza P\u00fablica del MZ14. Hubo din\u00e1micas y se implementaron estrategias para proveer herramientas en la promoci\u00f3n de la salud y del bienestar en el \u00e1mbito laboral universitario. <\/p>\n","protected":false},"author":10,"featured_media":55587,"comment_status":"open","ping_status":"open","sticky":false,"template":"","format":"standard","meta":{"_acf_changed":false,"_uag_custom_page_level_css":"","_monsterinsights_skip_tracking":false,"_monsterinsights_sitenote_active":false,"_monsterinsights_sitenote_note":"","_monsterinsights_sitenote_category":0,"cybocfi_hide_featured_image":"","footnotes":""},"categories":[438,77,83,85],"tags":[538],"infouartes":[],"class_list":["post-55586","post","type-post","status-publish","format-standard","has-post-thumbnail","hentry","category-administrativos","category-gestion","category-sedes","category-servicios","tag-capacitacion"],"acf":[],"yoast_head":"<!-- This site is optimized with the Yoast SEO plugin v27.4 - https:\/\/yoast.com\/product\/yoast-seo-wordpress\/ -->\n<title>Universidad de las Artes - Ministerio de Salud P\u00fablica dict\u00f3 en la UArtes un taller sobre la prevenci\u00f3n integral de uso y consumo de drogas<\/title>\n<meta name=\"description\" content=\"Universidad de las Artes - Ministerio de Salud P\u00fablica dict\u00f3 en la UArtes un taller sobre la prevenci\u00f3n integral de uso y consumo de drogas\" \/>\n<meta name=\"robots\" content=\"index, follow, max-snippet:-1, max-image-preview:large, max-video-preview:-1\" \/>\n<link rel=\"canonical\" href=\"https:\/\/www.uartes.edu.ec\/sitio\/blog\/2024\/06\/10\/msp-dicto-en-la-uartes-un-taller-sobre-la-prevencion-integral-de-uso-y-consumo-de-drogas\/\" \/>\n<meta property=\"og:locale\" content=\"es_ES\" \/>\n<meta property=\"og:type\" content=\"article\" \/>\n<meta property=\"og:title\" content=\"Universidad de las Artes - Ministerio de Salud P\u00fablica dict\u00f3 en la UArtes un taller sobre la prevenci\u00f3n integral de uso y consumo de drogas\" \/>\n<meta property=\"og:description\" content=\"Universidad de las Artes - Ministerio de Salud P\u00fablica dict\u00f3 en la UArtes un taller sobre la prevenci\u00f3n integral de uso y consumo de drogas\" \/>\n<meta property=\"og:url\" content=\"https:\/\/www.uartes.edu.ec\/sitio\/blog\/2024\/06\/10\/msp-dicto-en-la-uartes-un-taller-sobre-la-prevencion-integral-de-uso-y-consumo-de-drogas\/\" \/>\n<meta property=\"og:site_name\" content=\"Universidad de las Artes\" \/>\n<meta property=\"article:publisher\" content=\"https:\/\/www.facebook.com\/uartesec\" \/>\n<meta property=\"article:published_time\" content=\"2024-06-10T19:21:00+00:00\" \/>\n<meta property=\"article:modified_time\" content=\"2024-07-04T16:18:50+00:00\" \/>\n<meta property=\"og:image\" content=\"https:\/\/www.uartes.edu.ec\/sitio\/wp-content\/uploads\/2024\/06\/02-MSP.jpg\" \/>\n\t<meta property=\"og:image:width\" content=\"2000\" \/>\n\t<meta property=\"og:image:height\" content=\"1333\" \/>\n\t<meta property=\"og:image:type\" content=\"image\/jpeg\" \/>\n<meta name=\"author\" content=\"ccortez\" \/>\n<meta name=\"twitter:card\" content=\"summary_large_image\" \/>\n<meta name=\"twitter:creator\" content=\"@uartesec\" \/>\n<meta name=\"twitter:site\" content=\"@uartesec\" \/>\n<meta name=\"twitter:label1\" content=\"Escrito por\" \/>\n\t<meta name=\"twitter:data1\" content=\"ccortez\" \/>\n\t<meta name=\"twitter:label2\" content=\"Tiempo de lectura\" \/>\n\t<meta name=\"twitter:data2\" content=\"3 minutos\" \/>\n<script type=\"application\/ld+json\" class=\"yoast-schema-graph\">{\"@context\":\"https:\\\/\\\/schema.org\",\"@graph\":[{\"@type\":\"Article\",\"@id\":\"https:\\\/\\\/www.uartes.edu.ec\\\/sitio\\\/blog\\\/2024\\\/06\\\/10\\\/msp-dicto-en-la-uartes-un-taller-sobre-la-prevencion-integral-de-uso-y-consumo-de-drogas\\\/#article\",\"isPartOf\":{\"@id\":\"https:\\\/\\\/www.uartes.edu.ec\\\/sitio\\\/blog\\\/2024\\\/06\\\/10\\\/msp-dicto-en-la-uartes-un-taller-sobre-la-prevencion-integral-de-uso-y-consumo-de-drogas\\\/\"},\"author\":{\"name\":\"ccortez\",\"@id\":\"https:\\\/\\\/www.uartes.edu.ec\\\/sitio\\\/#\\\/schema\\\/person\\\/efa1b8275797664fd7f13a79ccc0b1f4\"},\"headline\":\"Ministerio de Salud P\u00fablica dict\u00f3 en la UArtes un taller sobre la prevenci\u00f3n integral de uso y consumo de drogas\",\"datePublished\":\"2024-06-10T19:21:00+00:00\",\"dateModified\":\"2024-07-04T16:18:50+00:00\",\"mainEntityOfPage\":{\"@id\":\"https:\\\/\\\/www.uartes.edu.ec\\\/sitio\\\/blog\\\/2024\\\/06\\\/10\\\/msp-dicto-en-la-uartes-un-taller-sobre-la-prevencion-integral-de-uso-y-consumo-de-drogas\\\/\"},\"wordCount\":528,\"commentCount\":0,\"publisher\":{\"@id\":\"https:\\\/\\\/www.uartes.edu.ec\\\/sitio\\\/#organization\"},\"image\":{\"@id\":\"https:\\\/\\\/www.uartes.edu.ec\\\/sitio\\\/blog\\\/2024\\\/06\\\/10\\\/msp-dicto-en-la-uartes-un-taller-sobre-la-prevencion-integral-de-uso-y-consumo-de-drogas\\\/#primaryimage\"},\"thumbnailUrl\":\"https:\\\/\\\/www.uartes.edu.ec\\\/sitio\\\/wp-content\\\/uploads\\\/2024\\\/06\\\/02-MSP.jpg\",\"keywords\":[\"capacitaci\u00f3n\"],\"articleSection\":[\"Administrativos\",\"Gesti\u00f3n\",\"Sedes\",\"Servicios\"],\"inLanguage\":\"es\",\"potentialAction\":[{\"@type\":\"CommentAction\",\"name\":\"Comment\",\"target\":[\"https:\\\/\\\/www.uartes.edu.ec\\\/sitio\\\/blog\\\/2024\\\/06\\\/10\\\/msp-dicto-en-la-uartes-un-taller-sobre-la-prevencion-integral-de-uso-y-consumo-de-drogas\\\/#respond\"]}]},{\"@type\":[\"WebPage\",\"ItemPage\"],\"@id\":\"https:\\\/\\\/www.uartes.edu.ec\\\/sitio\\\/blog\\\/2024\\\/06\\\/10\\\/msp-dicto-en-la-uartes-un-taller-sobre-la-prevencion-integral-de-uso-y-consumo-de-drogas\\\/\",\"url\":\"https:\\\/\\\/www.uartes.edu.ec\\\/sitio\\\/blog\\\/2024\\\/06\\\/10\\\/msp-dicto-en-la-uartes-un-taller-sobre-la-prevencion-integral-de-uso-y-consumo-de-drogas\\\/\",\"name\":\"Universidad de las Artes - Ministerio de Salud P\u00fablica dict\u00f3 en la UArtes un taller sobre la prevenci\u00f3n integral de uso y consumo de drogas\",\"isPartOf\":{\"@id\":\"https:\\\/\\\/www.uartes.edu.ec\\\/sitio\\\/#website\"},\"primaryImageOfPage\":{\"@id\":\"https:\\\/\\\/www.uartes.edu.ec\\\/sitio\\\/blog\\\/2024\\\/06\\\/10\\\/msp-dicto-en-la-uartes-un-taller-sobre-la-prevencion-integral-de-uso-y-consumo-de-drogas\\\/#primaryimage\"},\"image\":{\"@id\":\"https:\\\/\\\/www.uartes.edu.ec\\\/sitio\\\/blog\\\/2024\\\/06\\\/10\\\/msp-dicto-en-la-uartes-un-taller-sobre-la-prevencion-integral-de-uso-y-consumo-de-drogas\\\/#primaryimage\"},\"thumbnailUrl\":\"https:\\\/\\\/www.uartes.edu.ec\\\/sitio\\\/wp-content\\\/uploads\\\/2024\\\/06\\\/02-MSP.jpg\",\"datePublished\":\"2024-06-10T19:21:00+00:00\",\"dateModified\":\"2024-07-04T16:18:50+00:00\",\"description\":\"Universidad de las Artes - Ministerio de Salud P\u00fablica dict\u00f3 en la UArtes un taller sobre la prevenci\u00f3n integral de uso y consumo de drogas\",\"breadcrumb\":{\"@id\":\"https:\\\/\\\/www.uartes.edu.ec\\\/sitio\\\/blog\\\/2024\\\/06\\\/10\\\/msp-dicto-en-la-uartes-un-taller-sobre-la-prevencion-integral-de-uso-y-consumo-de-drogas\\\/#breadcrumb\"},\"inLanguage\":\"es\",\"potentialAction\":[{\"@type\":\"ReadAction\",\"target\":[\"https:\\\/\\\/www.uartes.edu.ec\\\/sitio\\\/blog\\\/2024\\\/06\\\/10\\\/msp-dicto-en-la-uartes-un-taller-sobre-la-prevencion-integral-de-uso-y-consumo-de-drogas\\\/\"]}]},{\"@type\":\"ImageObject\",\"inLanguage\":\"es\",\"@id\":\"https:\\\/\\\/www.uartes.edu.ec\\\/sitio\\\/blog\\\/2024\\\/06\\\/10\\\/msp-dicto-en-la-uartes-un-taller-sobre-la-prevencion-integral-de-uso-y-consumo-de-drogas\\\/#primaryimage\",\"url\":\"https:\\\/\\\/www.uartes.edu.ec\\\/sitio\\\/wp-content\\\/uploads\\\/2024\\\/06\\\/02-MSP.jpg\",\"contentUrl\":\"https:\\\/\\\/www.uartes.edu.ec\\\/sitio\\\/wp-content\\\/uploads\\\/2024\\\/06\\\/02-MSP.jpg\",\"width\":2000,\"height\":1333},{\"@type\":\"BreadcrumbList\",\"@id\":\"https:\\\/\\\/www.uartes.edu.ec\\\/sitio\\\/blog\\\/2024\\\/06\\\/10\\\/msp-dicto-en-la-uartes-un-taller-sobre-la-prevencion-integral-de-uso-y-consumo-de-drogas\\\/#breadcrumb\",\"itemListElement\":[{\"@type\":\"ListItem\",\"position\":1,\"name\":\"Inicio\",\"item\":\"https:\\\/\\\/www.uartes.edu.ec\\\/sitio\\\/\"},{\"@type\":\"ListItem\",\"position\":2,\"name\":\"Ministerio de Salud P\u00fablica dict\u00f3 en la UArtes un taller sobre la prevenci\u00f3n integral de uso y consumo de drogas\"}]},{\"@type\":\"WebSite\",\"@id\":\"https:\\\/\\\/www.uartes.edu.ec\\\/sitio\\\/#website\",\"url\":\"https:\\\/\\\/www.uartes.edu.ec\\\/sitio\\\/\",\"name\":\"Universidad de las Artes\",\"description\":\"Sitio oficial de la Universidad Nacional de las Artes del Ecuador\",\"publisher\":{\"@id\":\"https:\\\/\\\/www.uartes.edu.ec\\\/sitio\\\/#organization\"},\"potentialAction\":[{\"@type\":\"SearchAction\",\"target\":{\"@type\":\"EntryPoint\",\"urlTemplate\":\"https:\\\/\\\/www.uartes.edu.ec\\\/sitio\\\/?s={search_term_string}\"},\"query-input\":{\"@type\":\"PropertyValueSpecification\",\"valueRequired\":true,\"valueName\":\"search_term_string\"}}],\"inLanguage\":\"es\"},{\"@type\":\"Organization\",\"@id\":\"https:\\\/\\\/www.uartes.edu.ec\\\/sitio\\\/#organization\",\"name\":\"Universidad de las Artes\",\"url\":\"https:\\\/\\\/www.uartes.edu.ec\\\/sitio\\\/\",\"logo\":{\"@type\":\"ImageObject\",\"inLanguage\":\"es\",\"@id\":\"https:\\\/\\\/www.uartes.edu.ec\\\/sitio\\\/#\\\/schema\\\/logo\\\/image\\\/\",\"url\":\"https:\\\/\\\/www.uartes.edu.ec\\\/sitio\\\/wp-content\\\/uploads\\\/2022\\\/07\\\/logo-ua-horizontal.png\",\"contentUrl\":\"https:\\\/\\\/www.uartes.edu.ec\\\/sitio\\\/wp-content\\\/uploads\\\/2022\\\/07\\\/logo-ua-horizontal.png\",\"width\":800,\"height\":276,\"caption\":\"Universidad de las Artes\"},\"image\":{\"@id\":\"https:\\\/\\\/www.uartes.edu.ec\\\/sitio\\\/#\\\/schema\\\/logo\\\/image\\\/\"},\"sameAs\":[\"https:\\\/\\\/www.facebook.com\\\/uartesec\",\"https:\\\/\\\/x.com\\\/uartesec\",\"https:\\\/\\\/www.tiktok.com\\\/@uartesec\"]},{\"@type\":\"Person\",\"@id\":\"https:\\\/\\\/www.uartes.edu.ec\\\/sitio\\\/#\\\/schema\\\/person\\\/efa1b8275797664fd7f13a79ccc0b1f4\",\"name\":\"ccortez\",\"image\":{\"@type\":\"ImageObject\",\"inLanguage\":\"es\",\"@id\":\"https:\\\/\\\/secure.gravatar.com\\\/avatar\\\/b2a6f664a3ae8e074346ef91775736c5ec479e637ecced6842de9dc98b5da9cd?s=96&d=mm&r=g\",\"url\":\"https:\\\/\\\/secure.gravatar.com\\\/avatar\\\/b2a6f664a3ae8e074346ef91775736c5ec479e637ecced6842de9dc98b5da9cd?s=96&d=mm&r=g\",\"contentUrl\":\"https:\\\/\\\/secure.gravatar.com\\\/avatar\\\/b2a6f664a3ae8e074346ef91775736c5ec479e637ecced6842de9dc98b5da9cd?s=96&d=mm&r=g\",\"caption\":\"ccortez\"},\"url\":\"https:\\\/\\\/www.uartes.edu.ec\\\/sitio\\\/blog\\\/author\\\/ccortez\\\/\"}]}<\/script>\n<!-- \/ Yoast SEO plugin. -->","yoast_head_json":{"title":"Universidad de las Artes - Ministerio de Salud P\u00fablica dict\u00f3 en la UArtes un taller sobre la prevenci\u00f3n integral de uso y consumo de drogas","description":"Universidad de las Artes - Ministerio de Salud P\u00fablica dict\u00f3 en la UArtes un taller sobre la prevenci\u00f3n integral de uso y consumo de drogas","robots":{"index":"index","follow":"follow","max-snippet":"max-snippet:-1","max-image-preview":"max-image-preview:large","max-video-preview":"max-video-preview:-1"},"canonical":"https:\/\/www.uartes.edu.ec\/sitio\/blog\/2024\/06\/10\/msp-dicto-en-la-uartes-un-taller-sobre-la-prevencion-integral-de-uso-y-consumo-de-drogas\/","og_locale":"es_ES","og_type":"article","og_title":"Universidad de las Artes - Ministerio de Salud P\u00fablica dict\u00f3 en la UArtes un taller sobre la prevenci\u00f3n integral de uso y consumo de drogas","og_description":"Universidad de las Artes - Ministerio de Salud P\u00fablica dict\u00f3 en la UArtes un taller sobre la prevenci\u00f3n integral de uso y consumo de drogas","og_url":"https:\/\/www.uartes.edu.ec\/sitio\/blog\/2024\/06\/10\/msp-dicto-en-la-uartes-un-taller-sobre-la-prevencion-integral-de-uso-y-consumo-de-drogas\/","og_site_name":"Universidad de las Artes","article_publisher":"https:\/\/www.facebook.com\/uartesec","article_published_time":"2024-06-10T19:21:00+00:00","article_modified_time":"2024-07-04T16:18:50+00:00","og_image":[{"width":2000,"height":1333,"url":"https:\/\/www.uartes.edu.ec\/sitio\/wp-content\/uploads\/2024\/06\/02-MSP.jpg","type":"image\/jpeg"}],"author":"ccortez","twitter_card":"summary_large_image","twitter_creator":"@uartesec","twitter_site":"@uartesec","twitter_misc":{"Escrito por":"ccortez","Tiempo de lectura":"3 minutos"},"schema":{"@context":"https:\/\/schema.org","@graph":[{"@type":"Article","@id":"https:\/\/www.uartes.edu.ec\/sitio\/blog\/2024\/06\/10\/msp-dicto-en-la-uartes-un-taller-sobre-la-prevencion-integral-de-uso-y-consumo-de-drogas\/#article","isPartOf":{"@id":"https:\/\/www.uartes.edu.ec\/sitio\/blog\/2024\/06\/10\/msp-dicto-en-la-uartes-un-taller-sobre-la-prevencion-integral-de-uso-y-consumo-de-drogas\/"},"author":{"name":"ccortez","@id":"https:\/\/www.uartes.edu.ec\/sitio\/#\/schema\/person\/efa1b8275797664fd7f13a79ccc0b1f4"},"headline":"Ministerio de Salud P\u00fablica dict\u00f3 en la UArtes un taller sobre la prevenci\u00f3n integral de uso y consumo de drogas","datePublished":"2024-06-10T19:21:00+00:00","dateModified":"2024-07-04T16:18:50+00:00","mainEntityOfPage":{"@id":"https:\/\/www.uartes.edu.ec\/sitio\/blog\/2024\/06\/10\/msp-dicto-en-la-uartes-un-taller-sobre-la-prevencion-integral-de-uso-y-consumo-de-drogas\/"},"wordCount":528,"commentCount":0,"publisher":{"@id":"https:\/\/www.uartes.edu.ec\/sitio\/#organization"},"image":{"@id":"https:\/\/www.uartes.edu.ec\/sitio\/blog\/2024\/06\/10\/msp-dicto-en-la-uartes-un-taller-sobre-la-prevencion-integral-de-uso-y-consumo-de-drogas\/#primaryimage"},"thumbnailUrl":"https:\/\/www.uartes.edu.ec\/sitio\/wp-content\/uploads\/2024\/06\/02-MSP.jpg","keywords":["capacitaci\u00f3n"],"articleSection":["Administrativos","Gesti\u00f3n","Sedes","Servicios"],"inLanguage":"es","potentialAction":[{"@type":"CommentAction","name":"Comment","target":["https:\/\/www.uartes.edu.ec\/sitio\/blog\/2024\/06\/10\/msp-dicto-en-la-uartes-un-taller-sobre-la-prevencion-integral-de-uso-y-consumo-de-drogas\/#respond"]}]},{"@type":["WebPage","ItemPage"],"@id":"https:\/\/www.uartes.edu.ec\/sitio\/blog\/2024\/06\/10\/msp-dicto-en-la-uartes-un-taller-sobre-la-prevencion-integral-de-uso-y-consumo-de-drogas\/","url":"https:\/\/www.uartes.edu.ec\/sitio\/blog\/2024\/06\/10\/msp-dicto-en-la-uartes-un-taller-sobre-la-prevencion-integral-de-uso-y-consumo-de-drogas\/","name":"Universidad de las Artes - Ministerio de Salud P\u00fablica dict\u00f3 en la UArtes un taller sobre la prevenci\u00f3n integral de uso y consumo de drogas","isPartOf":{"@id":"https:\/\/www.uartes.edu.ec\/sitio\/#website"},"primaryImageOfPage":{"@id":"https:\/\/www.uartes.edu.ec\/sitio\/blog\/2024\/06\/10\/msp-dicto-en-la-uartes-un-taller-sobre-la-prevencion-integral-de-uso-y-consumo-de-drogas\/#primaryimage"},"image":{"@id":"https:\/\/www.uartes.edu.ec\/sitio\/blog\/2024\/06\/10\/msp-dicto-en-la-uartes-un-taller-sobre-la-prevencion-integral-de-uso-y-consumo-de-drogas\/#primaryimage"},"thumbnailUrl":"https:\/\/www.uartes.edu.ec\/sitio\/wp-content\/uploads\/2024\/06\/02-MSP.jpg","datePublished":"2024-06-10T19:21:00+00:00","dateModified":"2024-07-04T16:18:50+00:00","description":"Universidad de las Artes - Ministerio de Salud P\u00fablica dict\u00f3 en la UArtes un taller sobre la prevenci\u00f3n integral de uso y consumo de drogas","breadcrumb":{"@id":"https:\/\/www.uartes.edu.ec\/sitio\/blog\/2024\/06\/10\/msp-dicto-en-la-uartes-un-taller-sobre-la-prevencion-integral-de-uso-y-consumo-de-drogas\/#breadcrumb"},"inLanguage":"es","potentialAction":[{"@type":"ReadAction","target":["https:\/\/www.uartes.edu.ec\/sitio\/blog\/2024\/06\/10\/msp-dicto-en-la-uartes-un-taller-sobre-la-prevencion-integral-de-uso-y-consumo-de-drogas\/"]}]},{"@type":"ImageObject","inLanguage":"es","@id":"https:\/\/www.uartes.edu.ec\/sitio\/blog\/2024\/06\/10\/msp-dicto-en-la-uartes-un-taller-sobre-la-prevencion-integral-de-uso-y-consumo-de-drogas\/#primaryimage","url":"https:\/\/www.uartes.edu.ec\/sitio\/wp-content\/uploads\/2024\/06\/02-MSP.jpg","contentUrl":"https:\/\/www.uartes.edu.ec\/sitio\/wp-content\/uploads\/2024\/06\/02-MSP.jpg","width":2000,"height":1333},{"@type":"BreadcrumbList","@id":"https:\/\/www.uartes.edu.ec\/sitio\/blog\/2024\/06\/10\/msp-dicto-en-la-uartes-un-taller-sobre-la-prevencion-integral-de-uso-y-consumo-de-drogas\/#breadcrumb","itemListElement":[{"@type":"ListItem","position":1,"name":"Inicio","item":"https:\/\/www.uartes.edu.ec\/sitio\/"},{"@type":"ListItem","position":2,"name":"Ministerio de Salud P\u00fablica dict\u00f3 en la UArtes un taller sobre la prevenci\u00f3n integral de uso y consumo de drogas"}]},{"@type":"WebSite","@id":"https:\/\/www.uartes.edu.ec\/sitio\/#website","url":"https:\/\/www.uartes.edu.ec\/sitio\/","name":"Universidad de las Artes","description":"Sitio oficial de la Universidad Nacional de las Artes del Ecuador","publisher":{"@id":"https:\/\/www.uartes.edu.ec\/sitio\/#organization"},"potentialAction":[{"@type":"SearchAction","target":{"@type":"EntryPoint","urlTemplate":"https:\/\/www.uartes.edu.ec\/sitio\/?s={search_term_string}"},"query-input":{"@type":"PropertyValueSpecification","valueRequired":true,"valueName":"search_term_string"}}],"inLanguage":"es"},{"@type":"Organization","@id":"https:\/\/www.uartes.edu.ec\/sitio\/#organization","name":"Universidad de las Artes","url":"https:\/\/www.uartes.edu.ec\/sitio\/","logo":{"@type":"ImageObject","inLanguage":"es","@id":"https:\/\/www.uartes.edu.ec\/sitio\/#\/schema\/logo\/image\/","url":"https:\/\/www.uartes.edu.ec\/sitio\/wp-content\/uploads\/2022\/07\/logo-ua-horizontal.png","contentUrl":"https:\/\/www.uartes.edu.ec\/sitio\/wp-content\/uploads\/2022\/07\/logo-ua-horizontal.png","width":800,"height":276,"caption":"Universidad de las Artes"},"image":{"@id":"https:\/\/www.uartes.edu.ec\/sitio\/#\/schema\/logo\/image\/"},"sameAs":["https:\/\/www.facebook.com\/uartesec","https:\/\/x.com\/uartesec","https:\/\/www.tiktok.com\/@uartesec"]},{"@type":"Person","@id":"https:\/\/www.uartes.edu.ec\/sitio\/#\/schema\/person\/efa1b8275797664fd7f13a79ccc0b1f4","name":"ccortez","image":{"@type":"ImageObject","inLanguage":"es","@id":"https:\/\/secure.gravatar.com\/avatar\/b2a6f664a3ae8e074346ef91775736c5ec479e637ecced6842de9dc98b5da9cd?s=96&d=mm&r=g","url":"https:\/\/secure.gravatar.com\/avatar\/b2a6f664a3ae8e074346ef91775736c5ec479e637ecced6842de9dc98b5da9cd?s=96&d=mm&r=g","contentUrl":"https:\/\/secure.gravatar.com\/avatar\/b2a6f664a3ae8e074346ef91775736c5ec479e637ecced6842de9dc98b5da9cd?s=96&d=mm&r=g","caption":"ccortez"},"url":"https:\/\/www.uartes.edu.ec\/sitio\/blog\/author\/ccortez\/"}]}},"uagb_featured_image_src":{"full":["https:\/\/www.uartes.edu.ec\/sitio\/wp-content\/uploads\/2024\/06\/02-MSP.jpg",2000,1333,false],"thumbnail":["https:\/\/www.uartes.edu.ec\/sitio\/wp-content\/uploads\/2024\/06\/02-MSP-150x150.jpg",150,150,true],"medium":["https:\/\/www.uartes.edu.ec\/sitio\/wp-content\/uploads\/2024\/06\/02-MSP-300x200.jpg",300,200,true],"medium_large":["https:\/\/www.uartes.edu.ec\/sitio\/wp-content\/uploads\/2024\/06\/02-MSP-768x512.jpg",768,512,true],"large":["https:\/\/www.uartes.edu.ec\/sitio\/wp-content\/uploads\/2024\/06\/02-MSP-644x429.jpg",644,429,true],"1536x1536":["https:\/\/www.uartes.edu.ec\/sitio\/wp-content\/uploads\/2024\/06\/02-MSP-1536x1024.jpg",1536,1024,true],"2048x2048":["https:\/\/www.uartes.edu.ec\/sitio\/wp-content\/uploads\/2024\/06\/02-MSP.jpg",2000,1333,false],"trp-custom-language-flag":["https:\/\/www.uartes.edu.ec\/sitio\/wp-content\/uploads\/2024\/06\/02-MSP-18x12.jpg",18,12,true],"htmega_size_585x295":["https:\/\/www.uartes.edu.ec\/sitio\/wp-content\/uploads\/2024\/06\/02-MSP-585x295.jpg",585,295,true],"htmega_size_1170x536":["https:\/\/www.uartes.edu.ec\/sitio\/wp-content\/uploads\/2024\/06\/02-MSP-1170x536.jpg",1170,536,true],"htmega_size_396x360":["https:\/\/www.uartes.edu.ec\/sitio\/wp-content\/uploads\/2024\/06\/02-MSP-396x360.jpg",396,360,true],"gb-block-post-grid-landscape":["https:\/\/www.uartes.edu.ec\/sitio\/wp-content\/uploads\/2024\/06\/02-MSP-600x400.jpg",600,400,true],"gb-block-post-grid-square":["https:\/\/www.uartes.edu.ec\/sitio\/wp-content\/uploads\/2024\/06\/02-MSP-600x600.jpg",600,600,true],"university-hub-thumb":["https:\/\/www.uartes.edu.ec\/sitio\/wp-content\/uploads\/2024\/06\/02-MSP-400x267.jpg",400,267,true]},"uagb_author_info":{"display_name":"ccortez","author_link":"https:\/\/www.uartes.edu.ec\/sitio\/blog\/author\/ccortez\/"},"uagb_comment_info":0,"uagb_excerpt":"Funcionarios y administrativos UArtes participaron en el taller Prevenci\u00f3n Integral de Uso y Consumo de Drogas, que estuvo a cargo de los psic\u00f3logos Isabel Aroca y Gerardo Pe\u00f1a, del Ministerio de Salud P\u00fablica; se realiz\u00f3 el 6 de junio en la Plaza P\u00fablica del MZ14. Hubo din\u00e1micas y se implementaron estrategias para proveer herramientas en&hellip;","featured_image_src":"https:\/\/www.uartes.edu.ec\/sitio\/wp-content\/uploads\/2024\/06\/02-MSP-600x400.jpg","featured_image_src_square":"https:\/\/www.uartes.edu.ec\/sitio\/wp-content\/uploads\/2024\/06\/02-MSP-600x600.jpg","author_info":{"display_name":"ccortez","author_link":"https:\/\/www.uartes.edu.ec\/sitio\/blog\/author\/ccortez\/"},"publishpress_future_workflow_manual_trigger":{"enabledWorkflows":[]},"distributor_meta":false,"distributor_terms":false,"distributor_media":false,"distributor_original_site_name":"Universidad de las Artes","distributor_original_site_url":"https:\/\/www.uartes.edu.ec\/sitio","push-errors":false,"_links":{"self":[{"href":"https:\/\/www.uartes.edu.ec\/sitio\/wp-json\/wp\/v2\/posts\/55586","targetHints":{"allow":["GET"]}}],"collection":[{"href":"https:\/\/www.uartes.edu.ec\/sitio\/wp-json\/wp\/v2\/posts"}],"about":[{"href":"https:\/\/www.uartes.edu.ec\/sitio\/wp-json\/wp\/v2\/types\/post"}],"author":[{"embeddable":true,"href":"https:\/\/www.uartes.edu.ec\/sitio\/wp-json\/wp\/v2\/users\/10"}],"replies":[{"embeddable":true,"href":"https:\/\/www.uartes.edu.ec\/sitio\/wp-json\/wp\/v2\/comments?post=55586"}],"version-history":[{"count":25,"href":"https:\/\/www.uartes.edu.ec\/sitio\/wp-json\/wp\/v2\/posts\/55586\/revisions"}],"predecessor-version":[{"id":56166,"href":"https:\/\/www.uartes.edu.ec\/sitio\/wp-json\/wp\/v2\/posts\/55586\/revisions\/56166"}],"wp:featuredmedia":[{"embeddable":true,"href":"https:\/\/www.uartes.edu.ec\/sitio\/wp-json\/wp\/v2\/media\/55587"}],"wp:attachment":[{"href":"https:\/\/www.uartes.edu.ec\/sitio\/wp-json\/wp\/v2\/media?parent=55586"}],"wp:term":[{"taxonomy":"category","embeddable":true,"href":"https:\/\/www.uartes.edu.ec\/sitio\/wp-json\/wp\/v2\/categories?post=55586"},{"taxonomy":"post_tag","embeddable":true,"href":"https:\/\/www.uartes.edu.ec\/sitio\/wp-json\/wp\/v2\/tags?post=55586"},{"taxonomy":"infouartes","embeddable":true,"href":"https:\/\/www.uartes.edu.ec\/sitio\/wp-json\/wp\/v2\/infouartes?post=55586"}],"curies":[{"name":"wp","href":"https:\/\/api.w.org\/{rel}","templated":true}]}}