{"id":557,"date":"2017-07-04T15:46:11","date_gmt":"2017-07-04T20:46:11","guid":{"rendered":"http:\/\/www.uartes.edu.ec\/infouartes\/?p=557"},"modified":"2024-07-04T11:54:15","modified_gmt":"2024-07-04T16:54:15","slug":"bienestar-universitario-atendera-en-el-campus-sur-uartes","status":"publish","type":"post","link":"https:\/\/www.uartes.edu.ec\/sitio\/blog\/2017\/07\/04\/bienestar-universitario-atendera-en-el-campus-sur-uartes\/","title":{"rendered":"Bienestar Universitario extiende sus servicios a todos los espacios de la UArtes"},"content":{"rendered":"<p>Como parte de la pol\u00edtica de atenci\u00f3n integral de la Comunidad de la Universidad de las Artes del Ecuador (UArtes), que comprende a estudiantes, docentes y personal administrativo de la instituci\u00f3n, la Coordinaci\u00f3n de Bienestar Universitario extiende sus servicios, adem\u00e1s del Campus Centro, al Campus Sur, al Bloque 3 del MAAC y al CMI \u2013 Centro M\u00faltiple de Institutos de la SENESCYT (Ex edificio del SECAP).<\/p>\n<p>Bienestar Universitario comprende las \u00e1reas de becas, trabajo social, medicina, psicolog\u00eda y la coordinaci\u00f3n general. Para cubrir todos los espacios de la UArtes se ha dise\u00f1ado un nuevo calendario para que tanto el m\u00e9dico, la psic\u00f3loga y el \u00e1rea de servicios sociales universitarios tengan presencia en los diferentes espacios que ocupa la instituci\u00f3n.<\/p>\n<p><strong>D\u00edas y horarios de atenci\u00f3n Campus Sur UArtes:<\/strong><\/p>\n<ul>\n<li>Coordinaci\u00f3n Bienestar Universitario \u2013 Patricia Berm\u00fadez \u2013 Lunes de 8:30 a 13:00<\/li>\n<li>M\u00e9dico Universitario \u2013 Ra\u00fal Rodr\u00edguez \u2013 Martes y viernes de 9:00 a 13:00<\/li>\n<li>Trabajadora Social \u2013 Mariuxi Vel\u00e1squez \u2013 Mi\u00e9rcoles de 9:00 a 13:00<\/li>\n<li>Psic\u00f3loga Universitaria \u2013 Ingrid Andrade \u2013 Viernes de 9:00 a 13:00<\/li>\n<\/ul>\n<p>Lugar: Oficina del rectorado, edificio administrativo, planta alta, Av. Venezuela, entre Quito y Guaranda.<\/p>\n<p><strong>D\u00edas y horarios de atenci\u00f3n Bloque 3 del MAAC:<\/strong><\/p>\n<ul>\n<li>Especialista en Becas y servicios estudiantiles \u2013 Angie Orejuela \u2013 Martes y jueves de 9:00 a 13:00<\/li>\n<\/ul>\n<p>Lugar: Oficina de docentes del MAAC.<\/p>\n<p><strong>D\u00edas y horarios de atenci\u00f3n <\/strong><strong>CMI <\/strong>\u2013 <strong>Centro M\u00faltiple de Institutos<\/strong> <strong>(Ex edificio del SECAP):<\/strong><\/p>\n<ul>\n<li>M\u00e9dico Universitario &#8211; Ra\u00fal Rodr\u00edguez &#8211; Jueves de 9:00 a 13:00<\/li>\n<li>Psic\u00f3loga Universitaria &#8211; Ingrid Andrade &#8211; Mi\u00e9rcoles de 9:00 a 13:00<\/li>\n<\/ul>\n<p>Lugar: Sala de docentes del CMI<\/p>\n<p><strong>D\u00edas y horarios de atenci\u00f3n Campus Centro UArtes:<\/strong><\/p>\n<ul>\n<li>Trabajadora Social y Especialista en Becas \u2013 Mariuxi Vel\u00e1squez y Angie Orejuela &#8211; Lunes a Viernes,\u00a0de 8:00 a 17:00<\/li>\n<li>M\u00e9dico Universitario &#8211; Ra\u00fal Rodr\u00edguez &#8211; Lunes y \u00a0Mi\u00e9rcoles de 8:00 a 17:00,\u00a0Martes y Viernes de 14h30 a 17h00 y Jueves de 13h00 a 17h00<\/li>\n<li>Psic\u00f3loga Universitaria &#8211; Ingrid Andrade &#8211; Lunes, Martes y Jueves, de 8:00 a 17:00<\/li>\n<li>Coordinaci\u00f3n Bienestar Universitario \u2013 Patricia Berm\u00fadez &#8211; Martes a viernes,\u00a0de 8:00 a 17:00<\/li>\n<\/ul>\n<p>Lugar:<\/p>\n<ul>\n<li>Palacio de la Gobernaci\u00f3n, Clemente Ball\u00e9n y Malec\u00f3n<\/li>\n<li>Ex Edifico del Sri, 10 de Agosto y Pedro Carbo<\/li>\n<\/ul>\n<p>Los profesionales del \u00e1rea no solo atender\u00e1n emergencias, tambi\u00e9n lidiar\u00e1n con problemas m\u00e9dicos y situaciones psicol\u00f3gicas, pedag\u00f3gicas, socio-econ\u00f3micas y, en definitiva, procurar\u00e1n conocer y ser parte de la soluci\u00f3n de los problemas que se susciten. As\u00ed mismo, monitorear\u00e1n el funcionamiento de los servicios y espacios de la UArtes con el fin de que funcionen adecuadamente, esperando que los problemas se comuniquen y resuelvan pertinentemente.<\/p>\n<p>Bienestar Universitario procura siempre avanzar y ampliar la cobertura de los servicios con los que cuenta. La Comisi\u00f3n Gestora, desde Diciembre de 2016, cambi\u00f3 el nombre y el concepto de la Coordinaci\u00f3n de Vida y Derechos del Estudiante por el de Bienestar Universitario, que abarca a estudiantes, pero tambi\u00e9n a los docentes y al personal administrativo, miembros de la Comunidad UArtes, a los que tambi\u00e9n se brinda atenci\u00f3n.<\/p>\n","protected":false},"excerpt":{"rendered":"<p>Como parte de la pol\u00edtica de atenci\u00f3n integral de la Comunidad de la Universidad de las Artes del Ecuador (UArtes), que comprende a estudiantes, docentes y personal administrativo de la instituci\u00f3n, la Coordinaci\u00f3n de Bienestar Universitario extiende sus servicios, adem\u00e1s del Campus Centro, al Campus Sur, al Bloque 3 del MAAC y al CMI \u2013 [&hellip;]<\/p>\n","protected":false},"author":1,"featured_media":595,"comment_status":"closed","ping_status":"open","sticky":false,"template":"","format":"standard","meta":{"_acf_changed":false,"_uag_custom_page_level_css":"","_monsterinsights_skip_tracking":false,"_monsterinsights_sitenote_active":false,"_monsterinsights_sitenote_note":"","_monsterinsights_sitenote_category":0,"cybocfi_hide_featured_image":"","footnotes":""},"categories":[77],"tags":[45],"infouartes":[],"class_list":["post-557","post","type-post","status-publish","format-standard","has-post-thumbnail","hentry","category-gestion","tag-bienestar-universitario"],"acf":[],"yoast_head":"<!-- This site is optimized with the Yoast SEO plugin v27.4 - https:\/\/yoast.com\/product\/yoast-seo-wordpress\/ -->\n<title>Universidad de las Artes - Bienestar Universitario extiende sus servicios a todos los espacios de la UArtes<\/title>\n<meta name=\"description\" content=\"Universidad de las Artes - Bienestar Universitario extiende sus servicios a todos los espacios de la UArtes\" \/>\n<meta name=\"robots\" content=\"index, follow, max-snippet:-1, max-image-preview:large, max-video-preview:-1\" \/>\n<link rel=\"canonical\" href=\"https:\/\/www.uartes.edu.ec\/sitio\/blog\/2017\/07\/04\/bienestar-universitario-atendera-en-el-campus-sur-uartes\/\" \/>\n<meta property=\"og:locale\" content=\"es_ES\" \/>\n<meta property=\"og:type\" content=\"article\" \/>\n<meta property=\"og:title\" content=\"Universidad de las Artes - Bienestar Universitario extiende sus servicios a todos los espacios de la UArtes\" \/>\n<meta property=\"og:description\" content=\"Universidad de las Artes - Bienestar Universitario extiende sus servicios a todos los espacios de la UArtes\" \/>\n<meta property=\"og:url\" content=\"https:\/\/www.uartes.edu.ec\/sitio\/blog\/2017\/07\/04\/bienestar-universitario-atendera-en-el-campus-sur-uartes\/\" \/>\n<meta property=\"og:site_name\" content=\"Universidad de las Artes\" \/>\n<meta property=\"article:publisher\" content=\"https:\/\/www.facebook.com\/uartesec\" \/>\n<meta property=\"article:published_time\" content=\"2017-07-04T20:46:11+00:00\" \/>\n<meta property=\"article:modified_time\" content=\"2024-07-04T16:54:15+00:00\" \/>\n<meta name=\"author\" content=\"Universidad de las Artes\" \/>\n<meta name=\"twitter:card\" content=\"summary_large_image\" \/>\n<meta name=\"twitter:creator\" content=\"@uartesec\" \/>\n<meta name=\"twitter:site\" content=\"@uartesec\" \/>\n<meta name=\"twitter:label1\" content=\"Escrito por\" \/>\n\t<meta name=\"twitter:data1\" content=\"Universidad de las Artes\" \/>\n\t<meta name=\"twitter:label2\" content=\"Tiempo de lectura\" \/>\n\t<meta name=\"twitter:data2\" content=\"3 minutos\" \/>\n<script type=\"application\/ld+json\" class=\"yoast-schema-graph\">{\"@context\":\"https:\\\/\\\/schema.org\",\"@graph\":[{\"@type\":\"Article\",\"@id\":\"https:\\\/\\\/www.uartes.edu.ec\\\/sitio\\\/blog\\\/2017\\\/07\\\/04\\\/bienestar-universitario-atendera-en-el-campus-sur-uartes\\\/#article\",\"isPartOf\":{\"@id\":\"https:\\\/\\\/www.uartes.edu.ec\\\/sitio\\\/blog\\\/2017\\\/07\\\/04\\\/bienestar-universitario-atendera-en-el-campus-sur-uartes\\\/\"},\"author\":{\"name\":\"Universidad de las Artes\",\"@id\":\"https:\\\/\\\/www.uartes.edu.ec\\\/sitio\\\/#\\\/schema\\\/person\\\/f33f8c1d2af0d5c80a38c8abf458184a\"},\"headline\":\"Bienestar Universitario extiende sus servicios a todos los espacios de la UArtes\",\"datePublished\":\"2017-07-04T20:46:11+00:00\",\"dateModified\":\"2024-07-04T16:54:15+00:00\",\"mainEntityOfPage\":{\"@id\":\"https:\\\/\\\/www.uartes.edu.ec\\\/sitio\\\/blog\\\/2017\\\/07\\\/04\\\/bienestar-universitario-atendera-en-el-campus-sur-uartes\\\/\"},\"wordCount\":528,\"publisher\":{\"@id\":\"https:\\\/\\\/www.uartes.edu.ec\\\/sitio\\\/#organization\"},\"image\":{\"@id\":\"https:\\\/\\\/www.uartes.edu.ec\\\/sitio\\\/blog\\\/2017\\\/07\\\/04\\\/bienestar-universitario-atendera-en-el-campus-sur-uartes\\\/#primaryimage\"},\"thumbnailUrl\":\"\",\"keywords\":[\"bienestar universitario\"],\"articleSection\":[\"Gesti\u00f3n\"],\"inLanguage\":\"es\"},{\"@type\":[\"WebPage\",\"ItemPage\"],\"@id\":\"https:\\\/\\\/www.uartes.edu.ec\\\/sitio\\\/blog\\\/2017\\\/07\\\/04\\\/bienestar-universitario-atendera-en-el-campus-sur-uartes\\\/\",\"url\":\"https:\\\/\\\/www.uartes.edu.ec\\\/sitio\\\/blog\\\/2017\\\/07\\\/04\\\/bienestar-universitario-atendera-en-el-campus-sur-uartes\\\/\",\"name\":\"Universidad de las Artes - Bienestar Universitario extiende sus servicios a todos los espacios de la UArtes\",\"isPartOf\":{\"@id\":\"https:\\\/\\\/www.uartes.edu.ec\\\/sitio\\\/#website\"},\"primaryImageOfPage\":{\"@id\":\"https:\\\/\\\/www.uartes.edu.ec\\\/sitio\\\/blog\\\/2017\\\/07\\\/04\\\/bienestar-universitario-atendera-en-el-campus-sur-uartes\\\/#primaryimage\"},\"image\":{\"@id\":\"https:\\\/\\\/www.uartes.edu.ec\\\/sitio\\\/blog\\\/2017\\\/07\\\/04\\\/bienestar-universitario-atendera-en-el-campus-sur-uartes\\\/#primaryimage\"},\"thumbnailUrl\":\"\",\"datePublished\":\"2017-07-04T20:46:11+00:00\",\"dateModified\":\"2024-07-04T16:54:15+00:00\",\"description\":\"Universidad de las Artes - Bienestar Universitario extiende sus servicios a todos los espacios de la UArtes\",\"breadcrumb\":{\"@id\":\"https:\\\/\\\/www.uartes.edu.ec\\\/sitio\\\/blog\\\/2017\\\/07\\\/04\\\/bienestar-universitario-atendera-en-el-campus-sur-uartes\\\/#breadcrumb\"},\"inLanguage\":\"es\",\"potentialAction\":[{\"@type\":\"ReadAction\",\"target\":[\"https:\\\/\\\/www.uartes.edu.ec\\\/sitio\\\/blog\\\/2017\\\/07\\\/04\\\/bienestar-universitario-atendera-en-el-campus-sur-uartes\\\/\"]}]},{\"@type\":\"ImageObject\",\"inLanguage\":\"es\",\"@id\":\"https:\\\/\\\/www.uartes.edu.ec\\\/sitio\\\/blog\\\/2017\\\/07\\\/04\\\/bienestar-universitario-atendera-en-el-campus-sur-uartes\\\/#primaryimage\",\"url\":\"\",\"contentUrl\":\"\"},{\"@type\":\"BreadcrumbList\",\"@id\":\"https:\\\/\\\/www.uartes.edu.ec\\\/sitio\\\/blog\\\/2017\\\/07\\\/04\\\/bienestar-universitario-atendera-en-el-campus-sur-uartes\\\/#breadcrumb\",\"itemListElement\":[{\"@type\":\"ListItem\",\"position\":1,\"name\":\"Inicio\",\"item\":\"https:\\\/\\\/www.uartes.edu.ec\\\/sitio\\\/\"},{\"@type\":\"ListItem\",\"position\":2,\"name\":\"Bienestar Universitario extiende sus servicios a todos los espacios de la UArtes\"}]},{\"@type\":\"WebSite\",\"@id\":\"https:\\\/\\\/www.uartes.edu.ec\\\/sitio\\\/#website\",\"url\":\"https:\\\/\\\/www.uartes.edu.ec\\\/sitio\\\/\",\"name\":\"Universidad de las Artes\",\"description\":\"Sitio oficial de la Universidad Nacional de las Artes del Ecuador\",\"publisher\":{\"@id\":\"https:\\\/\\\/www.uartes.edu.ec\\\/sitio\\\/#organization\"},\"potentialAction\":[{\"@type\":\"SearchAction\",\"target\":{\"@type\":\"EntryPoint\",\"urlTemplate\":\"https:\\\/\\\/www.uartes.edu.ec\\\/sitio\\\/?s={search_term_string}\"},\"query-input\":{\"@type\":\"PropertyValueSpecification\",\"valueRequired\":true,\"valueName\":\"search_term_string\"}}],\"inLanguage\":\"es\"},{\"@type\":\"Organization\",\"@id\":\"https:\\\/\\\/www.uartes.edu.ec\\\/sitio\\\/#organization\",\"name\":\"Universidad de las Artes\",\"url\":\"https:\\\/\\\/www.uartes.edu.ec\\\/sitio\\\/\",\"logo\":{\"@type\":\"ImageObject\",\"inLanguage\":\"es\",\"@id\":\"https:\\\/\\\/www.uartes.edu.ec\\\/sitio\\\/#\\\/schema\\\/logo\\\/image\\\/\",\"url\":\"https:\\\/\\\/www.uartes.edu.ec\\\/sitio\\\/wp-content\\\/uploads\\\/2022\\\/07\\\/logo-ua-horizontal.png\",\"contentUrl\":\"https:\\\/\\\/www.uartes.edu.ec\\\/sitio\\\/wp-content\\\/uploads\\\/2022\\\/07\\\/logo-ua-horizontal.png\",\"width\":800,\"height\":276,\"caption\":\"Universidad de las Artes\"},\"image\":{\"@id\":\"https:\\\/\\\/www.uartes.edu.ec\\\/sitio\\\/#\\\/schema\\\/logo\\\/image\\\/\"},\"sameAs\":[\"https:\\\/\\\/www.facebook.com\\\/uartesec\",\"https:\\\/\\\/x.com\\\/uartesec\",\"https:\\\/\\\/www.tiktok.com\\\/@uartesec\"]},{\"@type\":\"Person\",\"@id\":\"https:\\\/\\\/www.uartes.edu.ec\\\/sitio\\\/#\\\/schema\\\/person\\\/f33f8c1d2af0d5c80a38c8abf458184a\",\"name\":\"Universidad de las Artes\",\"image\":{\"@type\":\"ImageObject\",\"inLanguage\":\"es\",\"@id\":\"https:\\\/\\\/secure.gravatar.com\\\/avatar\\\/52e4757902f5cfa5ac52d020e5be83cae5487519154b6c35482fe08d589f3c13?s=96&d=mm&r=g\",\"url\":\"https:\\\/\\\/secure.gravatar.com\\\/avatar\\\/52e4757902f5cfa5ac52d020e5be83cae5487519154b6c35482fe08d589f3c13?s=96&d=mm&r=g\",\"contentUrl\":\"https:\\\/\\\/secure.gravatar.com\\\/avatar\\\/52e4757902f5cfa5ac52d020e5be83cae5487519154b6c35482fe08d589f3c13?s=96&d=mm&r=g\",\"caption\":\"Universidad de las Artes\"},\"url\":\"https:\\\/\\\/www.uartes.edu.ec\\\/sitio\\\/blog\\\/author\\\/dircomadm\\\/\"}]}<\/script>\n<!-- \/ Yoast SEO plugin. -->","yoast_head_json":{"title":"Universidad de las Artes - Bienestar Universitario extiende sus servicios a todos los espacios de la UArtes","description":"Universidad de las Artes - Bienestar Universitario extiende sus servicios a todos los espacios de la UArtes","robots":{"index":"index","follow":"follow","max-snippet":"max-snippet:-1","max-image-preview":"max-image-preview:large","max-video-preview":"max-video-preview:-1"},"canonical":"https:\/\/www.uartes.edu.ec\/sitio\/blog\/2017\/07\/04\/bienestar-universitario-atendera-en-el-campus-sur-uartes\/","og_locale":"es_ES","og_type":"article","og_title":"Universidad de las Artes - Bienestar Universitario extiende sus servicios a todos los espacios de la UArtes","og_description":"Universidad de las Artes - Bienestar Universitario extiende sus servicios a todos los espacios de la UArtes","og_url":"https:\/\/www.uartes.edu.ec\/sitio\/blog\/2017\/07\/04\/bienestar-universitario-atendera-en-el-campus-sur-uartes\/","og_site_name":"Universidad de las Artes","article_publisher":"https:\/\/www.facebook.com\/uartesec","article_published_time":"2017-07-04T20:46:11+00:00","article_modified_time":"2024-07-04T16:54:15+00:00","author":"Universidad de las Artes","twitter_card":"summary_large_image","twitter_creator":"@uartesec","twitter_site":"@uartesec","twitter_misc":{"Escrito por":"Universidad de las Artes","Tiempo de lectura":"3 minutos"},"schema":{"@context":"https:\/\/schema.org","@graph":[{"@type":"Article","@id":"https:\/\/www.uartes.edu.ec\/sitio\/blog\/2017\/07\/04\/bienestar-universitario-atendera-en-el-campus-sur-uartes\/#article","isPartOf":{"@id":"https:\/\/www.uartes.edu.ec\/sitio\/blog\/2017\/07\/04\/bienestar-universitario-atendera-en-el-campus-sur-uartes\/"},"author":{"name":"Universidad de las Artes","@id":"https:\/\/www.uartes.edu.ec\/sitio\/#\/schema\/person\/f33f8c1d2af0d5c80a38c8abf458184a"},"headline":"Bienestar Universitario extiende sus servicios a todos los espacios de la UArtes","datePublished":"2017-07-04T20:46:11+00:00","dateModified":"2024-07-04T16:54:15+00:00","mainEntityOfPage":{"@id":"https:\/\/www.uartes.edu.ec\/sitio\/blog\/2017\/07\/04\/bienestar-universitario-atendera-en-el-campus-sur-uartes\/"},"wordCount":528,"publisher":{"@id":"https:\/\/www.uartes.edu.ec\/sitio\/#organization"},"image":{"@id":"https:\/\/www.uartes.edu.ec\/sitio\/blog\/2017\/07\/04\/bienestar-universitario-atendera-en-el-campus-sur-uartes\/#primaryimage"},"thumbnailUrl":"","keywords":["bienestar universitario"],"articleSection":["Gesti\u00f3n"],"inLanguage":"es"},{"@type":["WebPage","ItemPage"],"@id":"https:\/\/www.uartes.edu.ec\/sitio\/blog\/2017\/07\/04\/bienestar-universitario-atendera-en-el-campus-sur-uartes\/","url":"https:\/\/www.uartes.edu.ec\/sitio\/blog\/2017\/07\/04\/bienestar-universitario-atendera-en-el-campus-sur-uartes\/","name":"Universidad de las Artes - Bienestar Universitario extiende sus servicios a todos los espacios de la UArtes","isPartOf":{"@id":"https:\/\/www.uartes.edu.ec\/sitio\/#website"},"primaryImageOfPage":{"@id":"https:\/\/www.uartes.edu.ec\/sitio\/blog\/2017\/07\/04\/bienestar-universitario-atendera-en-el-campus-sur-uartes\/#primaryimage"},"image":{"@id":"https:\/\/www.uartes.edu.ec\/sitio\/blog\/2017\/07\/04\/bienestar-universitario-atendera-en-el-campus-sur-uartes\/#primaryimage"},"thumbnailUrl":"","datePublished":"2017-07-04T20:46:11+00:00","dateModified":"2024-07-04T16:54:15+00:00","description":"Universidad de las Artes - Bienestar Universitario extiende sus servicios a todos los espacios de la UArtes","breadcrumb":{"@id":"https:\/\/www.uartes.edu.ec\/sitio\/blog\/2017\/07\/04\/bienestar-universitario-atendera-en-el-campus-sur-uartes\/#breadcrumb"},"inLanguage":"es","potentialAction":[{"@type":"ReadAction","target":["https:\/\/www.uartes.edu.ec\/sitio\/blog\/2017\/07\/04\/bienestar-universitario-atendera-en-el-campus-sur-uartes\/"]}]},{"@type":"ImageObject","inLanguage":"es","@id":"https:\/\/www.uartes.edu.ec\/sitio\/blog\/2017\/07\/04\/bienestar-universitario-atendera-en-el-campus-sur-uartes\/#primaryimage","url":"","contentUrl":""},{"@type":"BreadcrumbList","@id":"https:\/\/www.uartes.edu.ec\/sitio\/blog\/2017\/07\/04\/bienestar-universitario-atendera-en-el-campus-sur-uartes\/#breadcrumb","itemListElement":[{"@type":"ListItem","position":1,"name":"Inicio","item":"https:\/\/www.uartes.edu.ec\/sitio\/"},{"@type":"ListItem","position":2,"name":"Bienestar Universitario extiende sus servicios a todos los espacios de la UArtes"}]},{"@type":"WebSite","@id":"https:\/\/www.uartes.edu.ec\/sitio\/#website","url":"https:\/\/www.uartes.edu.ec\/sitio\/","name":"Universidad de las Artes","description":"Sitio oficial de la Universidad Nacional de las Artes del Ecuador","publisher":{"@id":"https:\/\/www.uartes.edu.ec\/sitio\/#organization"},"potentialAction":[{"@type":"SearchAction","target":{"@type":"EntryPoint","urlTemplate":"https:\/\/www.uartes.edu.ec\/sitio\/?s={search_term_string}"},"query-input":{"@type":"PropertyValueSpecification","valueRequired":true,"valueName":"search_term_string"}}],"inLanguage":"es"},{"@type":"Organization","@id":"https:\/\/www.uartes.edu.ec\/sitio\/#organization","name":"Universidad de las Artes","url":"https:\/\/www.uartes.edu.ec\/sitio\/","logo":{"@type":"ImageObject","inLanguage":"es","@id":"https:\/\/www.uartes.edu.ec\/sitio\/#\/schema\/logo\/image\/","url":"https:\/\/www.uartes.edu.ec\/sitio\/wp-content\/uploads\/2022\/07\/logo-ua-horizontal.png","contentUrl":"https:\/\/www.uartes.edu.ec\/sitio\/wp-content\/uploads\/2022\/07\/logo-ua-horizontal.png","width":800,"height":276,"caption":"Universidad de las Artes"},"image":{"@id":"https:\/\/www.uartes.edu.ec\/sitio\/#\/schema\/logo\/image\/"},"sameAs":["https:\/\/www.facebook.com\/uartesec","https:\/\/x.com\/uartesec","https:\/\/www.tiktok.com\/@uartesec"]},{"@type":"Person","@id":"https:\/\/www.uartes.edu.ec\/sitio\/#\/schema\/person\/f33f8c1d2af0d5c80a38c8abf458184a","name":"Universidad de las Artes","image":{"@type":"ImageObject","inLanguage":"es","@id":"https:\/\/secure.gravatar.com\/avatar\/52e4757902f5cfa5ac52d020e5be83cae5487519154b6c35482fe08d589f3c13?s=96&d=mm&r=g","url":"https:\/\/secure.gravatar.com\/avatar\/52e4757902f5cfa5ac52d020e5be83cae5487519154b6c35482fe08d589f3c13?s=96&d=mm&r=g","contentUrl":"https:\/\/secure.gravatar.com\/avatar\/52e4757902f5cfa5ac52d020e5be83cae5487519154b6c35482fe08d589f3c13?s=96&d=mm&r=g","caption":"Universidad de las Artes"},"url":"https:\/\/www.uartes.edu.ec\/sitio\/blog\/author\/dircomadm\/"}]}},"uagb_featured_image_src":{"full":false,"thumbnail":false,"medium":false,"medium_large":false,"large":false,"1536x1536":false,"2048x2048":false,"trp-custom-language-flag":false,"htmega_size_585x295":false,"htmega_size_1170x536":false,"htmega_size_396x360":false,"gb-block-post-grid-landscape":false,"gb-block-post-grid-square":false,"university-hub-thumb":false},"uagb_author_info":{"display_name":"Universidad de las Artes","author_link":"https:\/\/www.uartes.edu.ec\/sitio\/blog\/author\/dircomadm\/"},"uagb_comment_info":0,"uagb_excerpt":"Como parte de la pol\u00edtica de atenci\u00f3n integral de la Comunidad de la Universidad de las Artes del Ecuador (UArtes), que comprende a estudiantes, docentes y personal administrativo de la instituci\u00f3n, la Coordinaci\u00f3n de Bienestar Universitario extiende sus servicios, adem\u00e1s del Campus Centro, al Campus Sur, al Bloque 3 del MAAC y al CMI \u2013&hellip;","featured_image_src":null,"featured_image_src_square":null,"author_info":{"display_name":"Universidad de las Artes","author_link":"https:\/\/www.uartes.edu.ec\/sitio\/blog\/author\/dircomadm\/"},"publishpress_future_workflow_manual_trigger":{"enabledWorkflows":[]},"distributor_meta":false,"distributor_terms":false,"distributor_media":false,"distributor_original_site_name":"Universidad de las Artes","distributor_original_site_url":"https:\/\/www.uartes.edu.ec\/sitio","push-errors":false,"_links":{"self":[{"href":"https:\/\/www.uartes.edu.ec\/sitio\/wp-json\/wp\/v2\/posts\/557","targetHints":{"allow":["GET"]}}],"collection":[{"href":"https:\/\/www.uartes.edu.ec\/sitio\/wp-json\/wp\/v2\/posts"}],"about":[{"href":"https:\/\/www.uartes.edu.ec\/sitio\/wp-json\/wp\/v2\/types\/post"}],"author":[{"embeddable":true,"href":"https:\/\/www.uartes.edu.ec\/sitio\/wp-json\/wp\/v2\/users\/1"}],"replies":[{"embeddable":true,"href":"https:\/\/www.uartes.edu.ec\/sitio\/wp-json\/wp\/v2\/comments?post=557"}],"version-history":[{"count":1,"href":"https:\/\/www.uartes.edu.ec\/sitio\/wp-json\/wp\/v2\/posts\/557\/revisions"}],"predecessor-version":[{"id":58021,"href":"https:\/\/www.uartes.edu.ec\/sitio\/wp-json\/wp\/v2\/posts\/557\/revisions\/58021"}],"wp:featuredmedia":[{"embeddable":true,"href":"https:\/\/www.uartes.edu.ec\/sitio\/wp-json\/wp\/v2\/pages\/595"}],"wp:attachment":[{"href":"https:\/\/www.uartes.edu.ec\/sitio\/wp-json\/wp\/v2\/media?parent=557"}],"wp:term":[{"taxonomy":"category","embeddable":true,"href":"https:\/\/www.uartes.edu.ec\/sitio\/wp-json\/wp\/v2\/categories?post=557"},{"taxonomy":"post_tag","embeddable":true,"href":"https:\/\/www.uartes.edu.ec\/sitio\/wp-json\/wp\/v2\/tags?post=557"},{"taxonomy":"infouartes","embeddable":true,"href":"https:\/\/www.uartes.edu.ec\/sitio\/wp-json\/wp\/v2\/infouartes?post=557"}],"curies":[{"name":"wp","href":"https:\/\/api.w.org\/{rel}","templated":true}]}}